{"id":11685,"date":"2012-02-11T09:47:48","date_gmt":"2012-02-11T08:47:48","guid":{"rendered":"http:\/\/fjala.shkoder.net\/?p=1718"},"modified":"2012-02-11T09:47:48","modified_gmt":"2012-02-11T08:47:48","slug":"cfare-i-ka-mbetur-berishes-per-te-bere","status":"publish","type":"post","link":"https:\/\/fjala.info\/2009-2015\/cfare-i-ka-mbetur-berishes-per-te-bere\/","title":{"rendered":"\u00c7far\u00eb i ka mbetur Berish\u00ebs p\u00ebr t\u00eb b\u00ebr\u00eb?"},"content":{"rendered":"<p><img decoding=\"async\" class=\"alignleft size-thumbnail wp-image-7236\" title=\"Berisha n\u00eb makin\u00eb\" src=\"http:\/\/www.shkoder.net\/2012\/berisha_makine.jpg\" alt=\"\" width=\"300\" \/> Nga <strong>Mustafa Nano<\/strong>, <em>11 shkurt 2012<\/em><\/p>\n<p>U b\u00eb koh\u00eb q\u00eb qeverisja i ka ikur Berish\u00ebs nga duart (qysh prej G\u00ebrdecit, t\u00eb pakt\u00ebn, ai ve\u00e7 p\u00ebr t\u00eb qeverisur vendin nuk e vret mendjen), por tani s\u2019po i mbajn\u00eb k\u00ebmb\u00ebt as pushtetit t\u00eb tij. Deri para ca koh\u00ebsh (deri m\u00eb 21 janar t\u00eb vitit 2011), ai mbahej te diplomat\u00ebt per\u00ebndimor\u00eb, t\u00eb cil\u00ebt edhe kishin rezerva serioze p\u00ebr opozit\u00ebn, edhe nuk kishin arsye kushedi se \u00e7far\u00eb p\u00ebr t\u2019mos i dh\u00ebn\u00eb mb\u00ebshtetje Berish\u00ebs.<\/p>\n<p>\u201cKa pasur probleme me demokracin\u00eb e me shtetin e s\u00eb drejt\u00ebs? E pastaj? Jemi n\u00eb vendin e shqipeve, dhe probleme t\u00eb tilla jan\u00eb normale\u201d \u2013 kjo \u00ebsht\u00eb ajo q\u00eb kan\u00eb menduar diplomat\u00ebt e eurokrat\u00ebt e Brukselit q\u00eb mbulojn\u00eb zhvillimet n\u00eb vendin ton\u00eb. E prandaj e kan\u00eb \u2018mir\u00ebkuptuar\u2019 Berish\u00ebn, apo \u2013 kur Rama u \u00ebsht\u00eb dukur si nj\u00eb alternativ\u00eb dosido; dhe t\u00eb shumt\u00ebn e koh\u00ebs, e till\u00eb u \u00ebsht\u00eb dukur, dhe e till\u00eb ka qen\u00eb \u2013 e kan\u00eb mb\u00ebshtetur.<\/p>\n<p>Berisha ka trukuar rezultatin e zgjedhjeve, dhe ata nuk kan\u00eb b\u00ebzajtur, ngaq\u00eb kan\u00eb menduar \u201chajt mo, pun\u00eb shqiptar\u00ebsh!\u201d; Berisha ka pla\u00e7kitur e shp\u00ebrdoruar pasurit\u00eb publike t\u00eb vendit, dhe ata s\u2019kan\u00eb si e pse t\u00eb b\u00ebzajn\u00eb, ngaq\u00eb \u201cshqiptar\u00ebt k\u00ebshtu kan\u00eb b\u00ebr\u00eb e b\u00ebjn\u00eb q\u00eb t\u00eb gjith\u00eb; pastaj, s\u2019ka \u00e7\u2019u duhet atyre me pasurit\u00eb tona publike; b\u00ebjn\u00eb ndonj\u00eb raport, dhe kaq\u201d; Berisha ka sht\u00ebn\u00eb n\u00ebn kontroll nj\u00eb e nga nj\u00eb institucionet e shtetit, dhe ata nuk kan\u00eb pasur pse t\u00eb skandalizohen m\u00eb shum\u00eb se sa duhet, ngaq\u00eb \u201ckjo pun\u00eb ka ndodhur me shqiptar\u00ebt n\u00eb harkun e 100 viteve t\u00eb fundit\u201d; Berisha i \u00ebsht\u00eb v\u00ebrsulur Ram\u00ebs me lib\u00ebr sht\u00ebpie, n\u00eb Parlament e kudo, dhe ata me siguri kan\u00eb th\u00ebn\u00eb me vete, apo mes vedi, se \u201cshqiptar\u00ebt nuk din\u00eb t\u00eb komunikojn\u00eb ndryshe; Berisha e tepron pak, por n\u00eb esenc\u00eb ai p\u00ebrfaq\u00ebson shqiptar\u00ebt me k\u00ebt\u00eb m\u00ebnyr\u00eb komunikimi\u201d (pas 21 janarit do ftilloheshin disi; nj\u00ebri syresh, shum\u00eb i r\u00ebnd\u00ebsish\u00ebm, m\u00eb ka th\u00ebn\u00eb se ka mbetur pa goj\u00eb kur ka d\u00ebgjuar Kryeministrin e vendit t\u2019i drejtohet kryeprokurores me fjal\u00ebn \u2018lavire bulevardi\u2019; kjo i ishte dukur tep\u00ebr edhe n\u00eb goj\u00ebn e nj\u00eb shqiptari).<\/p>\n<p>Personalisht i kam njohur k\u00ebto rrethana, dhe kam menduar se, me fare pak inteligjenc\u00eb, Berisha mund t\u00eb b\u00ebj\u00eb \u00e7\u2019t\u2019i teket n\u00eb k\u00ebt\u00eb vend e mund t\u00eb q\u00ebndroj\u00eb n\u00eb pushtet sa t\u00eb doj\u00eb. Mjaft q\u00eb t\u00eb mos kaloj\u00eb ca kufij, kam menduar, dhe k\u00ebta t\u00eb huajt jan\u00eb gati t\u2019i b\u00ebjn\u00eb kabull kontrollin e institucioneve publike, votat e vjedhura e rezultatin elektoral t\u00eb trukuar, dhe praktika t\u00eb tjera n\u00eb kurriz t\u00eb demokracis\u00eb e t\u00eb shtetit ligjor.<\/p>\n<p>T\u00eb huajt nga nj\u00ebra an\u00eb dhe opozita q\u00eb s\u2019prezantohej si ofert\u00eb nga ana tjet\u00ebr, kan\u00eb qen\u00eb e vetmja deg\u00eb, ku Berisha varej e q\u00ebndronte p\u00ebr bukuri. Opozita e Edi Ram\u00ebs i ka dh\u00ebn\u00eb alibin\u00eb publike p\u00ebr t\u2019u sjell\u00eb ashtu si \u00ebsht\u00eb sjell\u00eb, dhe t\u00eb huajt i kan\u00eb dh\u00ebn\u00eb legjitimitet, at\u00eb legjitimitet q\u00eb r\u00ebndom ta jep vota e lir\u00eb (n\u00ebse s\u2019t\u00eb vjen nga sip\u00ebr, nga Ai); \u00ebsht\u00eb qesharake ta thuash k\u00ebt\u00eb, por \u00ebsht\u00eb e v\u00ebrtet\u00eb: burimi m\u00eb i mir\u00eb i legjitimitetit t\u00eb pushtetit n\u00eb Shqip\u00ebri ka qen\u00eb prore mb\u00ebshtetja e t\u00eb huajve.<\/p>\n<p>Mir\u00ebpo, k\u00ebta t\u00eb fundit b\u00ebjn\u00eb \u00e7mos ta mbajn\u00eb beniaminin e tyre n\u00eb Shqip\u00ebri n\u00eb kufijt\u00eb e s\u00eb pranueshmes e brenda ca kufijve q\u00eb ua sugjeron \u2013 Kush? Kushtetuta? Ligjet? Rregullat? Jo \u2013 common sense-i e konteksti politik i momentit (e meq\u00eb jemi n\u00eb k\u00ebt\u00eb pik\u00eb, duhet th\u00ebn\u00eb nj\u00eb gj\u00eb: e vetmja m\u00ebnyr\u00eb p\u00ebr t\u2019i b\u00ebr\u00eb t\u00eb huajt t\u00eb ngucen n\u00eb funksionin e rolin e tyre jo publik \u00ebsht\u00eb mbajtja e politik\u00ebs shqiptare larg kufijve t\u00eb anormalitetit; p\u00ebr sa koh\u00eb kjo nuk b\u00ebhet, diplomat\u00ebt e huaj do t\u00eb vijojn\u00eb t\u00eb jen\u00eb jo vet\u00ebm burimi m\u00eb i mir\u00eb i legjitimitetit, por edhe protagonist\u00eb absolut\u00eb t\u00eb jet\u00ebs publike e politike shqiptare).<\/p>\n<p>\u2018P\u00ebr fat t\u00eb mir\u00eb\u2019 e p\u00ebr shkak t\u00eb tahmas\u00eb p\u00ebr t\u00eb sunduar, Berisha nuk di t\u00eb b\u00ebj\u00eb gj\u00eb tjet\u00ebr n\u00eb k\u00ebt\u00eb bot\u00eb, ve\u00e7se t\u00eb kaloj\u00eb kufij. Ai pra ka kaluar n\u00eb zon\u00ebn e anormalitetit, dhe aty po operon. P\u00ebr shkak t\u00eb asaj q\u00eb ndodhi m\u00eb 21 janar, e p\u00ebr shkak t\u00eb sulmit brutal q\u00eb u ka b\u00ebr\u00eb institucioneve pas k\u00ebsaj date, me synimin p\u00ebr t\u00eb mbrojtur veten e t\u00eb vet\u00ebt, ai nuk ka zon\u00eb tjet\u00ebr ku t\u00eb l\u00ebviz\u00eb. Berisha prej asaj kohe e t\u00ebhu \u00ebsht\u00eb i d\u00ebnuar t\u00eb l\u00ebviz\u00eb n\u00eb zon\u00ebn ku askush nuk e kupton m\u00eb e ku diplomat\u00ebt e kan\u00eb t\u00eb zorshme ta mb\u00ebshtesin.<\/p>\n<p>Berisha ka nj\u00eb axhend\u00eb krejt tjet\u00ebr tanim\u00eb. Ai do ta sulmoj\u00eb se s\u2019b\u00ebn kryeprokuroren e prokuror\u00ebt, ai do t\u00eb k\u00ebrkoj\u00eb t\u00eb kontrolloj\u00eb trupat e gjykimit t\u00eb \u00e7\u00ebshtjes s\u00eb 21 janarit, ai do t\u00eb k\u00ebrkoj\u00eb t\u00eb fus\u00eb n\u00ebn kontroll gjith\u00eb sistemin e drejt\u00ebsis\u00eb, ai nuk do t\u00eb pranoj\u00eb t\u00eb negocioj\u00eb \u201ct\u00eb drejt\u00ebn e vet kushtetuese\u201d p\u00ebr t\u00eb \u00e7uar n\u00eb karrigen e kreut t\u00eb shtetit idiotin\/en m\u00eb t\u00eb par\u00eb q\u00eb ka af\u00ebr vetes, pasi k\u00ebshtu do t\u00eb heq\u00eb Ina Ram\u00ebn nga posti i kryeprokurores e do t\u00eb vendos\u00eb n\u00eb at\u00eb post ndonj\u00eb Alibeaj, ndonj\u00eb Halim, apo ndonj\u00eb Halimbeaj.<\/p>\n<p>\u00cbsht\u00eb nj\u00eb axhend\u00eb q\u00eb diplomat\u00ebt e huaj n\u00eb Tiran\u00eb nuk mund, e nuk ka pse ta ndjekin. Prandaj kan\u00eb z\u00ebn\u00eb t\u00eb pozicionohen qart\u00eb kund\u00ebr Berish\u00ebs. Arvizu-ja i lejoi vetes t\u00eb thosh para ca dit\u00ebsh nj\u00eb gj\u00eb, q\u00eb s\u2019kish guxuar asnj\u00eb ambasador amerikan ta thosh deri m\u00eb sot: Kush sulmon zyr\u00ebn e Prokurorit t\u00eb P\u00ebrgjithsh\u00ebm, do t\u00eb duhet t\u00eb mendoj\u00eb pasojat. Mesazhi ish p\u00ebr Kryeministrin, i cili e mori at\u00eb. Qysh at\u00eb dit\u00eb, kryeprokurorja ka gjetur rehat.<\/p>\n<p>Kryeministri ka folur \u00e7do dit\u00eb n\u00eb publik e p\u00ebr publikun, por me kryeprokuroren nuk \u00ebsht\u00eb krruajtur. P\u00ebrve\u00e7 k\u00ebsaj, ambasadori ka filluar t\u00eb promovoj\u00eb n\u00eb m\u00ebnyr\u00eb t\u00eb ethshme Lulzim Bash\u00ebn, si pasuesin e Berish\u00ebs. Ky i fundit nuk ka pse t\u00eb jet\u00eb, n\u00eb teori, kund\u00ebr k\u00ebtij promovimi, pasi Lul Basha \u00ebsht\u00eb Frankeinstein-i i dal\u00eb nga duart e nga laboratori i tij, por puna \u00ebsht\u00eb se ka z\u00ebn\u00eb t\u00eb bjer\u00eb dakord q\u00eb Basha t\u00eb recitoj\u00eb gj\u00ebra q\u00eb nuk \u00e7ojn\u00eb uj\u00eb n\u00eb mullirin e tij.<\/p>\n<p>\u00c7\u2019do ndodh\u00eb nes\u00ebr? N\u00ebse Berisha \u00ebsht\u00eb jasht\u00eb k\u00ebtyre loj\u00ebrave e hesapeve q\u00eb po b\u00ebhen, e n\u00ebse ai ndien se rrezikohet seriozisht, ka shum\u00eb gjasa q\u00eb t\u00eb nxjerr\u00eb n\u00eb shesh at\u00fan\u00eb e vet, gurin e fundit, zarin q\u00eb hedh \u00e7do horr ballkanik kur ndien rrezikun shum\u00eb pran\u00eb. Ka shum\u00eb gjasa pra q\u00eb Berisha t\u00eb rifilloj\u00eb t\u00eb luaj\u00eb me kart\u00ebn e nacionalistit, e cila mund t\u2019i b\u00ebj\u00eb amerikan\u00ebt q\u00eb ta shohin me frik\u00eb si destabilizues t\u00eb rajonit, e rrjedhimisht ta rimarrin n\u00eb konsiderat\u00eb si lojtar, jo p\u00ebr ta toleruar n\u00eb pushtet, por p\u00ebr t\u2019i dh\u00ebn\u00eb ca garanci p\u00ebr vete e p\u00ebr f\u00ebmij\u00ebt e nakatosur keqas n\u00eb aferat korruptive.<\/p>\n<p>Laku po i ngushtohet aq shum\u00eb Berish\u00ebs, sa duket se edhe ca dit\u00eb, dhe ai do t\u00eb filloj\u00eb t\u00eb dal\u00eb me tez\u00ebn e Shqip\u00ebris\u00eb s\u00eb Madhe, do filloj\u00eb ta vizitoj\u00eb Prishtin\u00ebn ca si shpesh, do filloj\u00eb t\u2019u d\u00ebrgoj\u00eb mesazhe t\u00eb shumta shqiptar\u00ebve t\u00eb Ballkanit, do filloj\u00eb t\u00eb pres\u00eb vend e pa vend n\u00eb zyr\u00eb njer\u00ebz nga Prishtina e nga Tetova, do filloj\u00eb t\u00eb ashp\u00ebrsoj\u00eb gjuh\u00ebn ndaj serb\u00ebve, ndoshta edhe ndaj grek\u00ebve. Nuk ka p\u00ebr t\u2019i ecur k\u00ebt\u00eb her\u00eb. Jo sepse kauz\u00ebn e kan\u00eb z\u00ebn\u00eb t\u00eb tjer\u00ebt (mund t\u00eb luaj\u00eb ai m\u00eb fort, e m\u00eb besuesh\u00ebm se sa Albin Kurti?), por sepse karta e Berish\u00ebs nacionalist nuk ec\u00ebn m\u00eb. Dhe sepse, me krimin e 21 janarit, Berisha \u00ebsht\u00eb krejt i zbuluar. Prangat mund t\u2019i vihen nga momenti n\u00eb moment.<\/p>\n<p>\u00cbsht\u00eb p\u00ebr t\u00eb qar\u00eb hallin. Por nuk kemi pse t\u2019ia qajm\u00eb. P\u00ebrkundrazi, b\u00ebjm\u00eb t\u00eb lutemi q\u00eb halli t\u2019i bjer\u00eb mbi krye sa m\u00eb shpejt.<\/p>\n","protected":false},"excerpt":{"rendered":"<p>Nga Mustafa Nano, 11 shkurt 2012 U b\u00eb koh\u00eb q\u00eb qeverisja i ka ikur Berish\u00ebs nga duart (qysh prej G\u00ebrdecit, t\u00eb pakt\u00ebn, ai ve\u00e7 p\u00ebr t\u00eb qeverisur vendin nuk e vret mendjen), por tani s\u2019po i mbajn\u00eb k\u00ebmb\u00ebt as pushtetit t\u00eb tij. Deri para ca koh\u00ebsh (deri m\u00eb 21 janar t\u00eb vitit 2011), ai mbahej [&hellip;]<\/p>\n","protected":false},"author":1,"featured_media":0,"comment_status":"open","ping_status":"closed","sticky":false,"template":"","format":"standard","meta":{"footnotes":""},"categories":[2],"tags":[],"class_list":{"0":"post-11685","1":"post","2":"type-post","3":"status-publish","4":"format-standard","6":"category-artikuj"},"yoast_head":"<!-- This site is optimized with the Yoast SEO plugin v27.4 - https:\/\/yoast.com\/product\/yoast-seo-wordpress\/ -->\n<title>\u00c7far\u00eb i ka mbetur Berish\u00ebs p\u00ebr t\u00eb b\u00ebr\u00eb? - FjALA e LIR\u00cb - Arkivi<\/title>\n<meta name=\"robots\" content=\"index, follow, max-snippet:-1, max-image-preview:large, max-video-preview:-1\" \/>\n<link rel=\"canonical\" href=\"https:\/\/fjala.info\/2009-2015\/cfare-i-ka-mbetur-berishes-per-te-bere\/\" \/>\n<meta property=\"og:locale\" content=\"sq_AL\" \/>\n<meta property=\"og:type\" content=\"article\" \/>\n<meta property=\"og:title\" content=\"\u00c7far\u00eb i ka mbetur Berish\u00ebs p\u00ebr t\u00eb b\u00ebr\u00eb? - FjALA e LIR\u00cb - Arkivi\" \/>\n<meta property=\"og:description\" content=\"Nga Mustafa Nano, 11 shkurt 2012 U b\u00eb koh\u00eb q\u00eb qeverisja i ka ikur Berish\u00ebs nga duart (qysh prej G\u00ebrdecit, t\u00eb pakt\u00ebn, ai ve\u00e7 p\u00ebr t\u00eb qeverisur vendin nuk e vret mendjen), por tani s\u2019po i mbajn\u00eb k\u00ebmb\u00ebt as pushtetit t\u00eb tij. Deri para ca koh\u00ebsh (deri m\u00eb 21 janar t\u00eb vitit 2011), ai mbahej [&hellip;]\" \/>\n<meta property=\"og:url\" content=\"https:\/\/fjala.info\/2009-2015\/cfare-i-ka-mbetur-berishes-per-te-bere\/\" \/>\n<meta property=\"og:site_name\" content=\"FjALA e LIR\u00cb - Arkivi\" \/>\n<meta property=\"article:published_time\" content=\"2012-02-11T08:47:48+00:00\" \/>\n<meta property=\"og:image\" content=\"http:\/\/www.shkoder.net\/2012\/berisha_makine.jpg\" \/>\n<meta name=\"author\" content=\"admin\" \/>\n<meta name=\"twitter:card\" content=\"summary_large_image\" \/>\n<meta name=\"twitter:label1\" content=\"Written by\" \/>\n\t<meta name=\"twitter:data1\" content=\"admin\" \/>\n\t<meta name=\"twitter:label2\" content=\"Est. reading time\" \/>\n\t<meta name=\"twitter:data2\" content=\"7 minutes\" \/>\n<script type=\"application\/ld+json\" class=\"yoast-schema-graph\">{\"@context\":\"https:\\\/\\\/schema.org\",\"@graph\":[{\"@type\":\"Article\",\"@id\":\"https:\\\/\\\/fjala.info\\\/2009-2015\\\/cfare-i-ka-mbetur-berishes-per-te-bere\\\/#article\",\"isPartOf\":{\"@id\":\"https:\\\/\\\/fjala.info\\\/2009-2015\\\/cfare-i-ka-mbetur-berishes-per-te-bere\\\/\"},\"author\":{\"name\":\"admin\",\"@id\":\"https:\\\/\\\/fjala.info\\\/2009-2015\\\/#\\\/schema\\\/person\\\/3aa1163ef05469c496fc94e77611ada2\"},\"headline\":\"\u00c7far\u00eb i ka mbetur Berish\u00ebs p\u00ebr t\u00eb b\u00ebr\u00eb?\",\"datePublished\":\"2012-02-11T08:47:48+00:00\",\"mainEntityOfPage\":{\"@id\":\"https:\\\/\\\/fjala.info\\\/2009-2015\\\/cfare-i-ka-mbetur-berishes-per-te-bere\\\/\"},\"wordCount\":1436,\"commentCount\":1,\"publisher\":{\"@id\":\"https:\\\/\\\/fjala.info\\\/2009-2015\\\/#organization\"},\"image\":{\"@id\":\"https:\\\/\\\/fjala.info\\\/2009-2015\\\/cfare-i-ka-mbetur-berishes-per-te-bere\\\/#primaryimage\"},\"thumbnailUrl\":\"http:\\\/\\\/www.shkoder.net\\\/2012\\\/berisha_makine.jpg\",\"articleSection\":[\"Artikuj\"],\"inLanguage\":\"sq-AL\",\"potentialAction\":[{\"@type\":\"CommentAction\",\"name\":\"Comment\",\"target\":[\"https:\\\/\\\/fjala.info\\\/2009-2015\\\/cfare-i-ka-mbetur-berishes-per-te-bere\\\/#respond\"]}]},{\"@type\":\"WebPage\",\"@id\":\"https:\\\/\\\/fjala.info\\\/2009-2015\\\/cfare-i-ka-mbetur-berishes-per-te-bere\\\/\",\"url\":\"https:\\\/\\\/fjala.info\\\/2009-2015\\\/cfare-i-ka-mbetur-berishes-per-te-bere\\\/\",\"name\":\"\u00c7far\u00eb i ka mbetur Berish\u00ebs p\u00ebr t\u00eb b\u00ebr\u00eb? - FjALA e LIR\u00cb - Arkivi\",\"isPartOf\":{\"@id\":\"https:\\\/\\\/fjala.info\\\/2009-2015\\\/#website\"},\"primaryImageOfPage\":{\"@id\":\"https:\\\/\\\/fjala.info\\\/2009-2015\\\/cfare-i-ka-mbetur-berishes-per-te-bere\\\/#primaryimage\"},\"image\":{\"@id\":\"https:\\\/\\\/fjala.info\\\/2009-2015\\\/cfare-i-ka-mbetur-berishes-per-te-bere\\\/#primaryimage\"},\"thumbnailUrl\":\"http:\\\/\\\/www.shkoder.net\\\/2012\\\/berisha_makine.jpg\",\"datePublished\":\"2012-02-11T08:47:48+00:00\",\"breadcrumb\":{\"@id\":\"https:\\\/\\\/fjala.info\\\/2009-2015\\\/cfare-i-ka-mbetur-berishes-per-te-bere\\\/#breadcrumb\"},\"inLanguage\":\"sq-AL\",\"potentialAction\":[{\"@type\":\"ReadAction\",\"target\":[\"https:\\\/\\\/fjala.info\\\/2009-2015\\\/cfare-i-ka-mbetur-berishes-per-te-bere\\\/\"]}]},{\"@type\":\"ImageObject\",\"inLanguage\":\"sq-AL\",\"@id\":\"https:\\\/\\\/fjala.info\\\/2009-2015\\\/cfare-i-ka-mbetur-berishes-per-te-bere\\\/#primaryimage\",\"url\":\"http:\\\/\\\/www.shkoder.net\\\/2012\\\/berisha_makine.jpg\",\"contentUrl\":\"http:\\\/\\\/www.shkoder.net\\\/2012\\\/berisha_makine.jpg\"},{\"@type\":\"BreadcrumbList\",\"@id\":\"https:\\\/\\\/fjala.info\\\/2009-2015\\\/cfare-i-ka-mbetur-berishes-per-te-bere\\\/#breadcrumb\",\"itemListElement\":[{\"@type\":\"ListItem\",\"position\":1,\"name\":\"Home\",\"item\":\"https:\\\/\\\/fjala.info\\\/2009-2015\\\/\"},{\"@type\":\"ListItem\",\"position\":2,\"name\":\"\u00c7far\u00eb i ka mbetur Berish\u00ebs p\u00ebr t\u00eb b\u00ebr\u00eb?\"}]},{\"@type\":\"WebSite\",\"@id\":\"https:\\\/\\\/fjala.info\\\/2009-2015\\\/#website\",\"url\":\"https:\\\/\\\/fjala.info\\\/2009-2015\\\/\",\"name\":\"FjALA e LIR\u00cb - Arkivi\",\"description\":\"Arkivi 2009-2015\",\"publisher\":{\"@id\":\"https:\\\/\\\/fjala.info\\\/2009-2015\\\/#organization\"},\"potentialAction\":[{\"@type\":\"SearchAction\",\"target\":{\"@type\":\"EntryPoint\",\"urlTemplate\":\"https:\\\/\\\/fjala.info\\\/2009-2015\\\/?s={search_term_string}\"},\"query-input\":{\"@type\":\"PropertyValueSpecification\",\"valueRequired\":true,\"valueName\":\"search_term_string\"}}],\"inLanguage\":\"sq-AL\"},{\"@type\":\"Organization\",\"@id\":\"https:\\\/\\\/fjala.info\\\/2009-2015\\\/#organization\",\"name\":\"FjALA e LIR\u00cb - Arkivi\",\"url\":\"https:\\\/\\\/fjala.info\\\/2009-2015\\\/\",\"logo\":{\"@type\":\"ImageObject\",\"inLanguage\":\"sq-AL\",\"@id\":\"https:\\\/\\\/fjala.info\\\/2009-2015\\\/#\\\/schema\\\/logo\\\/image\\\/\",\"url\":\"\",\"contentUrl\":\"\",\"caption\":\"FjALA e LIR\u00cb - Arkivi\"},\"image\":{\"@id\":\"https:\\\/\\\/fjala.info\\\/2009-2015\\\/#\\\/schema\\\/logo\\\/image\\\/\"}},{\"@type\":\"Person\",\"@id\":\"https:\\\/\\\/fjala.info\\\/2009-2015\\\/#\\\/schema\\\/person\\\/3aa1163ef05469c496fc94e77611ada2\",\"name\":\"admin\",\"image\":{\"@type\":\"ImageObject\",\"inLanguage\":\"sq-AL\",\"@id\":\"https:\\\/\\\/fjala.info\\\/2009-2015\\\/wp-content\\\/uploads\\\/2012\\\/02\\\/arben_cokaj-120x150.jpg\",\"url\":\"https:\\\/\\\/fjala.info\\\/2009-2015\\\/wp-content\\\/uploads\\\/2012\\\/02\\\/arben_cokaj-120x150.jpg\",\"contentUrl\":\"https:\\\/\\\/fjala.info\\\/2009-2015\\\/wp-content\\\/uploads\\\/2012\\\/02\\\/arben_cokaj-120x150.jpg\",\"caption\":\"admin\"},\"description\":\"Admin, Fjala e Lir\u00eb\",\"sameAs\":[\"https:\\\/\\\/fjala.info\\\/\"],\"url\":\"https:\\\/\\\/fjala.info\\\/2009-2015\\\/author\\\/admin\\\/\"}]}<\/script>\n<!-- \/ Yoast SEO plugin. -->","yoast_head_json":{"title":"\u00c7far\u00eb i ka mbetur Berish\u00ebs p\u00ebr t\u00eb b\u00ebr\u00eb? - FjALA e LIR\u00cb - Arkivi","robots":{"index":"index","follow":"follow","max-snippet":"max-snippet:-1","max-image-preview":"max-image-preview:large","max-video-preview":"max-video-preview:-1"},"canonical":"https:\/\/fjala.info\/2009-2015\/cfare-i-ka-mbetur-berishes-per-te-bere\/","og_locale":"sq_AL","og_type":"article","og_title":"\u00c7far\u00eb i ka mbetur Berish\u00ebs p\u00ebr t\u00eb b\u00ebr\u00eb? - FjALA e LIR\u00cb - Arkivi","og_description":"Nga Mustafa Nano, 11 shkurt 2012 U b\u00eb koh\u00eb q\u00eb qeverisja i ka ikur Berish\u00ebs nga duart (qysh prej G\u00ebrdecit, t\u00eb pakt\u00ebn, ai ve\u00e7 p\u00ebr t\u00eb qeverisur vendin nuk e vret mendjen), por tani s\u2019po i mbajn\u00eb k\u00ebmb\u00ebt as pushtetit t\u00eb tij. Deri para ca koh\u00ebsh (deri m\u00eb 21 janar t\u00eb vitit 2011), ai mbahej [&hellip;]","og_url":"https:\/\/fjala.info\/2009-2015\/cfare-i-ka-mbetur-berishes-per-te-bere\/","og_site_name":"FjALA e LIR\u00cb - Arkivi","article_published_time":"2012-02-11T08:47:48+00:00","og_image":[{"url":"http:\/\/www.shkoder.net\/2012\/berisha_makine.jpg","type":"","width":"","height":""}],"author":"admin","twitter_card":"summary_large_image","twitter_misc":{"Written by":"admin","Est. reading time":"7 minutes"},"schema":{"@context":"https:\/\/schema.org","@graph":[{"@type":"Article","@id":"https:\/\/fjala.info\/2009-2015\/cfare-i-ka-mbetur-berishes-per-te-bere\/#article","isPartOf":{"@id":"https:\/\/fjala.info\/2009-2015\/cfare-i-ka-mbetur-berishes-per-te-bere\/"},"author":{"name":"admin","@id":"https:\/\/fjala.info\/2009-2015\/#\/schema\/person\/3aa1163ef05469c496fc94e77611ada2"},"headline":"\u00c7far\u00eb i ka mbetur Berish\u00ebs p\u00ebr t\u00eb b\u00ebr\u00eb?","datePublished":"2012-02-11T08:47:48+00:00","mainEntityOfPage":{"@id":"https:\/\/fjala.info\/2009-2015\/cfare-i-ka-mbetur-berishes-per-te-bere\/"},"wordCount":1436,"commentCount":1,"publisher":{"@id":"https:\/\/fjala.info\/2009-2015\/#organization"},"image":{"@id":"https:\/\/fjala.info\/2009-2015\/cfare-i-ka-mbetur-berishes-per-te-bere\/#primaryimage"},"thumbnailUrl":"http:\/\/www.shkoder.net\/2012\/berisha_makine.jpg","articleSection":["Artikuj"],"inLanguage":"sq-AL","potentialAction":[{"@type":"CommentAction","name":"Comment","target":["https:\/\/fjala.info\/2009-2015\/cfare-i-ka-mbetur-berishes-per-te-bere\/#respond"]}]},{"@type":"WebPage","@id":"https:\/\/fjala.info\/2009-2015\/cfare-i-ka-mbetur-berishes-per-te-bere\/","url":"https:\/\/fjala.info\/2009-2015\/cfare-i-ka-mbetur-berishes-per-te-bere\/","name":"\u00c7far\u00eb i ka mbetur Berish\u00ebs p\u00ebr t\u00eb b\u00ebr\u00eb? - FjALA e LIR\u00cb - Arkivi","isPartOf":{"@id":"https:\/\/fjala.info\/2009-2015\/#website"},"primaryImageOfPage":{"@id":"https:\/\/fjala.info\/2009-2015\/cfare-i-ka-mbetur-berishes-per-te-bere\/#primaryimage"},"image":{"@id":"https:\/\/fjala.info\/2009-2015\/cfare-i-ka-mbetur-berishes-per-te-bere\/#primaryimage"},"thumbnailUrl":"http:\/\/www.shkoder.net\/2012\/berisha_makine.jpg","datePublished":"2012-02-11T08:47:48+00:00","breadcrumb":{"@id":"https:\/\/fjala.info\/2009-2015\/cfare-i-ka-mbetur-berishes-per-te-bere\/#breadcrumb"},"inLanguage":"sq-AL","potentialAction":[{"@type":"ReadAction","target":["https:\/\/fjala.info\/2009-2015\/cfare-i-ka-mbetur-berishes-per-te-bere\/"]}]},{"@type":"ImageObject","inLanguage":"sq-AL","@id":"https:\/\/fjala.info\/2009-2015\/cfare-i-ka-mbetur-berishes-per-te-bere\/#primaryimage","url":"http:\/\/www.shkoder.net\/2012\/berisha_makine.jpg","contentUrl":"http:\/\/www.shkoder.net\/2012\/berisha_makine.jpg"},{"@type":"BreadcrumbList","@id":"https:\/\/fjala.info\/2009-2015\/cfare-i-ka-mbetur-berishes-per-te-bere\/#breadcrumb","itemListElement":[{"@type":"ListItem","position":1,"name":"Home","item":"https:\/\/fjala.info\/2009-2015\/"},{"@type":"ListItem","position":2,"name":"\u00c7far\u00eb i ka mbetur Berish\u00ebs p\u00ebr t\u00eb b\u00ebr\u00eb?"}]},{"@type":"WebSite","@id":"https:\/\/fjala.info\/2009-2015\/#website","url":"https:\/\/fjala.info\/2009-2015\/","name":"FjALA e LIR\u00cb - Arkivi","description":"Arkivi 2009-2015","publisher":{"@id":"https:\/\/fjala.info\/2009-2015\/#organization"},"potentialAction":[{"@type":"SearchAction","target":{"@type":"EntryPoint","urlTemplate":"https:\/\/fjala.info\/2009-2015\/?s={search_term_string}"},"query-input":{"@type":"PropertyValueSpecification","valueRequired":true,"valueName":"search_term_string"}}],"inLanguage":"sq-AL"},{"@type":"Organization","@id":"https:\/\/fjala.info\/2009-2015\/#organization","name":"FjALA e LIR\u00cb - Arkivi","url":"https:\/\/fjala.info\/2009-2015\/","logo":{"@type":"ImageObject","inLanguage":"sq-AL","@id":"https:\/\/fjala.info\/2009-2015\/#\/schema\/logo\/image\/","url":"","contentUrl":"","caption":"FjALA e LIR\u00cb - Arkivi"},"image":{"@id":"https:\/\/fjala.info\/2009-2015\/#\/schema\/logo\/image\/"}},{"@type":"Person","@id":"https:\/\/fjala.info\/2009-2015\/#\/schema\/person\/3aa1163ef05469c496fc94e77611ada2","name":"admin","image":{"@type":"ImageObject","inLanguage":"sq-AL","@id":"https:\/\/fjala.info\/2009-2015\/wp-content\/uploads\/2012\/02\/arben_cokaj-120x150.jpg","url":"https:\/\/fjala.info\/2009-2015\/wp-content\/uploads\/2012\/02\/arben_cokaj-120x150.jpg","contentUrl":"https:\/\/fjala.info\/2009-2015\/wp-content\/uploads\/2012\/02\/arben_cokaj-120x150.jpg","caption":"admin"},"description":"Admin, Fjala e Lir\u00eb","sameAs":["https:\/\/fjala.info\/"],"url":"https:\/\/fjala.info\/2009-2015\/author\/admin\/"}]}},"_links":{"self":[{"href":"https:\/\/fjala.info\/2009-2015\/wp-json\/wp\/v2\/posts\/11685","targetHints":{"allow":["GET"]}}],"collection":[{"href":"https:\/\/fjala.info\/2009-2015\/wp-json\/wp\/v2\/posts"}],"about":[{"href":"https:\/\/fjala.info\/2009-2015\/wp-json\/wp\/v2\/types\/post"}],"author":[{"embeddable":true,"href":"https:\/\/fjala.info\/2009-2015\/wp-json\/wp\/v2\/users\/1"}],"replies":[{"embeddable":true,"href":"https:\/\/fjala.info\/2009-2015\/wp-json\/wp\/v2\/comments?post=11685"}],"version-history":[{"count":0,"href":"https:\/\/fjala.info\/2009-2015\/wp-json\/wp\/v2\/posts\/11685\/revisions"}],"wp:attachment":[{"href":"https:\/\/fjala.info\/2009-2015\/wp-json\/wp\/v2\/media?parent=11685"}],"wp:term":[{"taxonomy":"category","embeddable":true,"href":"https:\/\/fjala.info\/2009-2015\/wp-json\/wp\/v2\/categories?post=11685"},{"taxonomy":"post_tag","embeddable":true,"href":"https:\/\/fjala.info\/2009-2015\/wp-json\/wp\/v2\/tags?post=11685"}],"curies":[{"name":"wp","href":"https:\/\/api.w.org\/{rel}","templated":true}]}}