{"id":11684,"date":"2012-02-10T20:43:22","date_gmt":"2012-02-10T19:43:22","guid":{"rendered":"http:\/\/fjala.shkoder.net\/?p=1700"},"modified":"2012-02-10T20:43:22","modified_gmt":"2012-02-10T19:43:22","slug":"palet-nuk-jane-vrare-e-nuk-kane-vrare","status":"publish","type":"post","link":"https:\/\/fjala.info\/2009-2015\/palet-nuk-jane-vrare-e-nuk-kane-vrare\/","title":{"rendered":"Pal\u00ebt nuk jan\u00eb vrar\u00eb e nuk kan\u00eb vrar\u00eb"},"content":{"rendered":"<p><img decoding=\"async\" class=\"alignright size-thumbnail wp-image-7236\" title=\"Pre\u00e7 Zogaj\" src=\"http:\/\/www.shkoder.net\/images\/fjala\/prec_zogaj.jpg\" alt=\"\" width=\"150\" \/> <strong>Pre\u00e7 Zogaj<\/strong><\/p>\n<p>K\u00ebto dit\u00eb u publikua edhe nj\u00eb \u201csekret\u201d tjet\u00ebr n\u00eb lidhje me vrasjet e 21 janarit. Drejtori i policis\u00eb s\u00eb Tiran\u00ebs, q\u00eb ishte edhe komandanti i Operacionit, paska k\u00ebrkuar t\u00eb ndalohet zjarri i Gard\u00ebs mbi protestuesit. E thot\u00eb raporti i Sh\u00ebrbimit t\u00eb Kontrollit t\u00eb Brendsh\u00ebm (SHKB) p\u00ebr ngjarjen. <\/p>\n<p>Ky lajm \u00ebsht\u00eb i ri n\u00eb kuptimin e komunikimeve q\u00eb ka pasur Policia me Gard\u00ebn dit\u00ebn e tragjedis\u00eb. Por nuk \u00ebsht\u00eb as i ri dhe as sekret n\u00eb kuptimin e asaj q\u00eb \u00ebsht\u00eb par\u00eb e p\u00ebrjetuar nga mij\u00ebra demonstrues e dhjet\u00ebra kamera q\u00eb filmuan demonstrat\u00ebn nga fillimi n\u00eb fund. Mua m\u00eb duket se e kam ditur pa e d\u00ebgjuar fare me vesh\u00ebt e mi dhe pa e lexuar fare me syt\u00eb e mi k\u00ebt\u00eb k\u00ebrkes\u00eb t\u00eb d\u00ebshp\u00ebruar t\u00eb komandantit t\u00eb Operacionit. Sepse, si gjith\u00eb demonstruesit q\u00eb ishin n\u00eb bulevard at\u00eb dit\u00eb dhe si mij\u00ebra t\u00eb tjer\u00eb q\u00eb nuk ishin aty, por kan\u00eb nj\u00eb minimum logjike p\u00ebr t\u00eb vler\u00ebsuar nj\u00eb ngjarje t\u00eb caktuar, un\u00eb kam njohur e kuptuar n\u00eb vijat themelore sjelljen e policis\u00eb s\u00eb shtetit n\u00eb at\u00eb demonstrat\u00eb.<\/p>\n<p>Efektivat e rreshtuara para kryeministris\u00eb jan\u00eb konfrontuar me nj\u00eb grup demonstruesish t\u00eb identifikuar prej saj dhe t\u00eb gjykuar tashm\u00eb p\u00ebr kund\u00ebrvajtjet e kryera. K\u00ebto efektiva jan\u00eb goditur gjithashtu me gaz lotsjell\u00ebs nga koleg\u00ebt e tyre, gjat\u00eb nj\u00eb operacioni amatoresk t\u00eb k\u00ebtyre t\u00eb fundit. Zhvillimet kaotike dhe absurde q\u00eb kan\u00eb pasuar k\u00ebt\u00eb moment e kan\u00eb \u00e7orientuar policin\u00eb, nj\u00eb pjes\u00eb e s\u00eb cil\u00ebs \u00ebsht\u00eb shp\u00ebrndar\u00eb nj\u00eblloj si turma, nd\u00ebrsa nj\u00eb pjes\u00eb tjet\u00ebr ka pritur momentin e fundit p\u00ebr t\u00eb sulmuar eg\u00ebrsisht disa protestuesve t\u00eb ve\u00e7uar para kullave binjake.<\/p>\n<p>Por policia nuk ka q\u00eblluar me arm\u00eb zjarri. Policia nuk ka pasur asnj\u00eb tundim t\u00eb p\u00ebrdor\u00eb arm\u00ebt e zjarrit. Polic\u00ebt me uniform\u00eb, nga m\u00eb i urti te m\u00eb i egri, nga m\u00eb i papolitizuari te m\u00eb i politizuari, kan\u00eb ditur nj\u00eb gj\u00eb q\u00eb p\u00ebrdorimi i arm\u00ebve t\u00eb zjarrit \u00ebsht\u00eb nj\u00eb \u201cmoll\u00eb e ndaluar\u201d q\u00eb nuk duhet prekur n\u00eb asnj\u00eb m\u00ebnyr\u00eb. Po, \u00ebsht\u00eb p\u00ebrdorur gazi lotsjell\u00ebs, \u00ebsht\u00eb p\u00ebrdorur uji me presion, jan\u00eb p\u00ebrdorur shkopinjt\u00eb e gom\u00ebs.<\/p>\n<p>N\u00eb shfryrje e sip\u00ebr t\u00eb inateve t\u00eb mbledhura nga lodhja, uria dhe sharjet, apo duke dashur t\u00eb dallohen para shefave t\u00eb tyre politik\u00eb, disa t\u00eb nd\u00ebrkryer kan\u00eb p\u00ebrdorur grushtet dhe shqelmat dhe kan\u00eb ushtruar dhun\u00eb shtazore kund\u00ebr t\u00eb ndaluarve n\u00eb komisariate. Por \u2013 e p\u00ebrs\u00ebrisim \u2013 arm\u00ebt e zjarrit nuk jan\u00eb p\u00ebrdorur n\u00eb asnj\u00eb rast nga policia. As p\u00ebr t\u00eb frik\u00ebsuar. Pale p\u00ebr t\u00eb vrar\u00eb. Kjo \u00ebsht\u00eb e v\u00ebrteta, q\u00eb nuk do t\u00eb kishte ndonj\u00eb vler\u00eb t\u00eb ve\u00e7ant\u00eb p\u00ebr t\u2019u shkruar, p\u00ebrderisa policia e ka t\u00eb ndaluar t\u00eb p\u00ebrdor\u00eb arm\u00ebt e zjarrit n\u00eb turm\u00eb, pra n\u00eb k\u00ebt\u00eb pik\u00eb ajo nuk ka b\u00ebr\u00eb gj\u00eb tjet\u00ebr ve\u00e7se ka zbatuar ligjin.<\/p>\n<p>Por sado normale dhe deheroike t\u00eb jet\u00eb, kjo sjellje vlen t\u00eb tregohet e t\u00eb \u00e7mohet n\u00eb dy kontekste:<\/p>\n<p>S\u00eb pari, n\u00eb kontekstin e nj\u00eb mend\u00ebsie t\u00eb krijuar p\u00ebrgjat\u00eb shekujve dhe sidomos gjat\u00eb regjimit komunist, sipas s\u00eb cil\u00ebs njer\u00ebzit, n\u00eb rastin konkret shqiptar\u00ebt, nuk duhet t\u00eb p\u00ebrplasen me qeverin\u00eb p\u00ebr t\u00eb drejtat e tyre, pasi qeveria t\u00eb b\u00ebn gj\u00ebm\u00ebn. Ky \u00ebsht\u00eb nj\u00eb problem madhor i konstitucionit ton\u00eb si popull. Por le t\u00eb q\u00ebndrojm\u00eb n\u00eb tem\u00ebn e shkrimit. Kam d\u00ebgjuar shum\u00eb njer\u00ebz n\u00eb Shqip\u00ebri t\u00eb thon\u00eb, pa t\u00eb keq, se \u201c<em>policia \u00ebsht\u00eb shteti dhe shteti t\u00eb vret po u kape me t\u00eb; \u00e7far\u00eb donin demonstruesit n\u00eb bulevard<\/em>\u201d?<\/p>\n<p>Me fjal\u00eb t\u00eb tjera, teksa shohin edhe skenat selektive q\u00eb u ofrojn\u00eb mediat proqeveritare, ata i justifikojn\u00eb vrasjet. Gati sa nuk thon\u00eb, \u201cvet\u00eb e k\u00ebrkuan\u201d. Madje, ndoshta, edhe e thon\u00eb k\u00ebt\u00eb me nj\u00ebri-tjetrin. Kur e thon\u00eb ministrat me nj\u00eb barr\u00eb shkoll\u00eb, pse t\u00eb mos e thon\u00eb injorant\u00ebt e koh\u00ebs s\u00eb babaqemos. Nuk ka tekst, as filozof q\u00eb mund t\u2019u ndryshoj\u00eb mendjen kollaj k\u00ebtyre njer\u00ebzve. Kush e di sa dekada, p\u00ebr t\u00eb mos th\u00ebn\u00eb shekuj, u mungojn\u00eb n\u00eb formim. As un\u00eb nuk kam koh\u00eb p\u00ebr t\u00eb harxhuar.<\/p>\n<p>Nuk i bind dot se fati i nj\u00eb vendi \u00ebsht\u00eb varur, varet e do t\u00eb vazhdoj\u00eb t\u00eb varet nga shkalla e kuraj\u00ebs civile t\u00eb qytetar\u00ebve. Ne q\u00eb e mendojm\u00eb pun\u00ebn k\u00ebshtu, jemi t\u00eb shtr\u00ebnguar t\u00eb shkojm\u00eb p\u00ebrpara pa ta. S\u2019kemi \u00e7\u2019b\u00ebjm\u00eb! Dua t\u2019u them vet\u00ebm nj\u00eb gj\u00eb: Policia e shtetit shqiptar me ata oficer\u00ebt q\u00eb kishte n\u00eb krye t\u00eb operacionit ishte dhe \u00ebsht\u00eb shum\u00eb m\u00eb e avancuar, shum\u00eb m\u00eb bashk\u00ebkohore dhe europianiste se ata. Policia nuk p\u00ebrdori arm\u00eb zjarri dhe nuk e \u00e7oi nd\u00ebrmend t\u00eb vriste demonstrues. K\u00ebshtu e ka ligji i demokracis\u00eb. K\u00ebshtu e ka Per\u00ebndimi.<\/p>\n<p><em>S\u00eb dyti<\/em>, n\u00eb kontekstin e g\u00ebnjeshtr\u00ebs s\u00eb madhe q\u00eb kan\u00eb thurur p\u00ebr 21 janarin kryeministri Sali Berisha dhe gjith\u00eb eskorta e tij politike mediatike sikur vrasjet erdh\u00ebn si nj\u00eb reagim i forcave t\u00eb rendit ndaj sulmeve t\u00eb demonstruesve. Jo rast\u00ebsisht, ky pohim \u00ebsht\u00eb shoq\u00ebruar e shoq\u00ebrohet gjithnj\u00eb me skena filmike q\u00eb tregojn\u00eb demonstrues duke u kacafytur me polic\u00eb. Jan\u00eb skena q\u00eb realisht kan\u00eb ndodhur n\u00eb minutat e par\u00eb t\u00eb demonstrat\u00ebs, para se t\u00eb hidhej gazi lotsjell\u00ebs, rreth nj\u00eb or\u00eb e gjysm\u00eb para se garda t\u00eb hapte zjarr mbi njer\u00ebzit. Por jan\u00eb vet\u00ebm nj\u00eb episod i demonstrat\u00ebs.<\/p>\n<p><em>Dhe kryesorja<\/em>: nuk kan\u00eb asnj\u00eb lidhje me vrasjet. Po t\u00eb ishte q\u00eblluar p\u00ebr vdekje ndonj\u00eb demonstrues n\u00eb momentin kur kan\u00eb ndodhur k\u00ebto skena, sot, edhe pse vrasja do t\u00eb ishte klasifikuar s\u00ebrish e paligjshme dhe gjith\u00eb piramida e Policis\u00eb s\u00eb shtetit dhe Ministris\u00eb s\u00eb Brendshme do t\u00eb shkundej nga nj\u00eb termet t\u00eb v\u00ebrtet\u00eb n\u00eb lidhje me p\u00ebrgjegj\u00ebsit\u00eb, vrasja prap\u00ebseprap\u00eb, do t\u00eb kishte nj\u00eb shpjegim ku vras\u00ebsi do t\u00eb anatemohej m\u00eb pak si kriminel dhe m\u00eb shum\u00eb si fatkeq. T\u00eb gjith\u00eb e dim\u00eb se vrasjet e Hekuran Ded\u00ebs, Faik Mystajt, Aleks Nik\u00ebs dhe Ziver Veizit ndodh\u00ebn shum\u00eb m\u00eb von\u00eb.<\/p>\n<p>T\u00eb gjith\u00eb e dim\u00eb se nuk vrau policia q\u00eb hyri deri n\u00eb kontakt fizik me nj\u00eb pjes\u00eb t\u00eb demonstruesve, por vrau Garda q\u00eb jo vet\u00ebm nuk pati kontakt fizik, por nuk regjistroi asnj\u00eb demonstrues t\u00eb vet\u00ebm n\u00eb mjediset e brendshme t\u00eb kryeministris\u00eb. Montazhet e k\u00ebrkuara apo fokusimi t\u00eb disa pamje me polic\u00eb dhe demonstrues q\u00eb nuk kan\u00eb fare lidhje me vrasjet \u2013 i gjith\u00eb ky spekulim i past\u00ebr me kronologjin\u00eb e ngjarjeve, ka synuar e synon akoma t\u00eb p\u00ebrcjell\u00eb n\u00eb publik p\u00ebrshtypjen se vrasjet kan\u00eb ardhur si rezultat i konfrontimit t\u00eb pal\u00ebve.<\/p>\n<p>Jo, pal\u00ebt \u2013 pra policia n\u00eb nj\u00eb an\u00eb dhe demonstruesit n\u00eb an\u00ebn tjet\u00ebr \u2013 nuk jan\u00eb vrar\u00eb dhe nuk kan\u00eb vrar\u00eb. Garda ka hyr\u00eb n\u00eb valle pa nevoj\u00eb dhe ka vrar\u00eb e plagosur n\u00eb hesap t\u00eb vet qytetar\u00eb, q\u00eb si\u00e7 \u00ebsht\u00eb provuar tashm\u00eb, kan\u00eb qen\u00eb n\u00eb bulevard apo matan\u00eb bulevardit dhe nuk paraqisnin asnj\u00eb lloj rreziku p\u00ebr ask\u00ebnd. Tani del se komandanti i operacionit t\u00eb policis\u00eb ka b\u00ebr\u00eb edhe k\u00ebt\u00eb q\u00eb i ka k\u00ebrkuar Gard\u00ebs t\u00eb mos hap\u00eb zjarr. Komentet jan\u00eb te tep\u00ebrta. Pik\u00ebrisht se kan\u00eb pasur vet\u00ebdijen e nj\u00eb krimi t\u00eb past\u00ebr kund\u00ebr shtetasve, \u201cheronjt\u00eb\u201d e Berish\u00ebs jan\u00eb munduar t\u00eb fshehin gjurm\u00ebt e krimit, nd\u00ebrsa filmimet e kamerave t\u00eb godin\u00ebs ku sundon ky kryeminist\u00ebr jan\u00eb kopjuar e fshir\u00eb.<\/p>\n<p>Mund t\u00eb themi se pavar\u00ebsisht shijes s\u00eb keqe dhe damk\u00ebs q\u00eb ka marr\u00eb qeveria dhe shtetformimi shqiptar me k\u00ebto veprime banditeske t\u00eb zbuluara nga FBI-ja, edhe k\u00ebto nuk kan\u00eb qen\u00eb sekrete q\u00eb na len\u00eb m\u00eb goj\u00eb hapur tani q\u00eb dol\u00ebn. Q\u00ebkurse kryeministri u p\u00ebrfshi personalisht me justifikimeve pa baz\u00eb dhe pa vler\u00eb n\u00eb pengimin e hetimeve p\u00ebr vrasjet e 21 janarit, ka qen\u00eb e qart\u00eb se vet\u00ebm gj\u00ebra t\u00eb tilla si nd\u00ebrrim tytash, prishje gjilp\u00ebrash e fshirje server\u00ebsh do t\u00eb d\u00ebgjonim kur t\u00eb vinte dita. Nuk ka pasur e nuk ka sekrete kush vrau dhe pse u vran\u00eb demonstruesit e 21 janarit. Ky krim, si\u00e7 e kam theksuar her\u00eb t\u00eb tjera, lindi i zbardhur, para kamerave. I vetmi sekret, sipas ekspertiz\u00ebs s\u00eb FBI-s\u00eb, \u00ebsht\u00eb se komandanti i Gard\u00ebs s\u00eb Republik\u00ebs, ka q\u00eblluar me arm\u00ebn e tij mbi demonstruesit.<\/p>\n<p>K\u00ebt\u00eb nuk e ka imagjinuar asnj\u00eb prej reporter\u00ebve dhe analist\u00ebve q\u00eb \u00ebsht\u00eb marr\u00eb me 21 janarin. As kritik\u00ebt m\u00eb t\u00eb ashp\u00ebr t\u00eb qeveris\u00eb, q\u00eb kan\u00eb shpenzuar edhe ndonj\u00eb fjal\u00eb t\u00eb mir\u00eb p\u00ebr natyr\u00ebn burr\u00ebrore t\u00eb Ndrea Prendit. Se si mund t\u00eb q\u00eblloj\u00eb nj\u00eb ushtarak me grad\u00ebn e gjeneralit me dor\u00ebn e vet mbi turm\u00ebn n\u00eb ikje, nga nj\u00eb pozicion i fsheht\u00eb q\u00eb nuk \u00ebsht\u00eb kapur nga kamerat e televizioneve t\u00eb pranishme, kjo \u00ebsht\u00eb v\u00ebrtet\u00eb nj\u00eb enigm\u00eb e madhe, nga zb\u00ebrthimi i s\u00eb cil\u00ebs do t\u00eb kuptojm\u00eb m\u00eb shum\u00eb p\u00ebr 22 janarin. Por nuk besoj se do t\u00eb m\u00ebsojm\u00eb t\u00eb panjohura t\u00eb m\u00ebdha. M\u00eb shum\u00eb se zbulimi i t\u00eb panjohurave, sfida e hetimit t\u00eb 21 janarit ka qen\u00eb dhe \u00ebsht\u00eb rind\u00ebrtimi ligjor, me prova ligjore, i masakr\u00ebs q\u00eb pam\u00eb.<\/p>\n","protected":false},"excerpt":{"rendered":"<p>Pre\u00e7 Zogaj K\u00ebto dit\u00eb u publikua edhe nj\u00eb \u201csekret\u201d tjet\u00ebr n\u00eb lidhje me vrasjet e 21 janarit. Drejtori i policis\u00eb s\u00eb Tiran\u00ebs, q\u00eb ishte edhe komandanti i Operacionit, paska k\u00ebrkuar t\u00eb ndalohet zjarri i Gard\u00ebs mbi protestuesit. E thot\u00eb raporti i Sh\u00ebrbimit t\u00eb Kontrollit t\u00eb Brendsh\u00ebm (SHKB) p\u00ebr ngjarjen. Ky lajm \u00ebsht\u00eb i ri n\u00eb [&hellip;]<\/p>\n","protected":false},"author":1,"featured_media":0,"comment_status":"open","ping_status":"closed","sticky":false,"template":"","format":"standard","meta":{"footnotes":""},"categories":[2],"tags":[],"class_list":{"0":"post-11684","1":"post","2":"type-post","3":"status-publish","4":"format-standard","6":"category-artikuj"},"yoast_head":"<!-- This site is optimized with the Yoast SEO plugin v27.4 - https:\/\/yoast.com\/product\/yoast-seo-wordpress\/ -->\n<title>Pal\u00ebt nuk jan\u00eb vrar\u00eb e nuk kan\u00eb vrar\u00eb - FjALA e LIR\u00cb - Arkivi<\/title>\n<meta name=\"robots\" content=\"index, follow, max-snippet:-1, max-image-preview:large, max-video-preview:-1\" \/>\n<link rel=\"canonical\" href=\"https:\/\/fjala.info\/2009-2015\/palet-nuk-jane-vrare-e-nuk-kane-vrare\/\" \/>\n<meta property=\"og:locale\" content=\"sq_AL\" \/>\n<meta property=\"og:type\" content=\"article\" \/>\n<meta property=\"og:title\" content=\"Pal\u00ebt nuk jan\u00eb vrar\u00eb e nuk kan\u00eb vrar\u00eb - FjALA e LIR\u00cb - Arkivi\" \/>\n<meta property=\"og:description\" content=\"Pre\u00e7 Zogaj K\u00ebto dit\u00eb u publikua edhe nj\u00eb \u201csekret\u201d tjet\u00ebr n\u00eb lidhje me vrasjet e 21 janarit. Drejtori i policis\u00eb s\u00eb Tiran\u00ebs, q\u00eb ishte edhe komandanti i Operacionit, paska k\u00ebrkuar t\u00eb ndalohet zjarri i Gard\u00ebs mbi protestuesit. E thot\u00eb raporti i Sh\u00ebrbimit t\u00eb Kontrollit t\u00eb Brendsh\u00ebm (SHKB) p\u00ebr ngjarjen. Ky lajm \u00ebsht\u00eb i ri n\u00eb [&hellip;]\" \/>\n<meta property=\"og:url\" content=\"https:\/\/fjala.info\/2009-2015\/palet-nuk-jane-vrare-e-nuk-kane-vrare\/\" \/>\n<meta property=\"og:site_name\" content=\"FjALA e LIR\u00cb - Arkivi\" \/>\n<meta property=\"article:published_time\" content=\"2012-02-10T19:43:22+00:00\" \/>\n<meta property=\"og:image\" content=\"http:\/\/www.shkoder.net\/images\/fjala\/prec_zogaj.jpg\" \/>\n<meta name=\"author\" content=\"admin\" \/>\n<meta name=\"twitter:card\" content=\"summary_large_image\" \/>\n<meta name=\"twitter:label1\" content=\"Written by\" \/>\n\t<meta name=\"twitter:data1\" content=\"admin\" \/>\n\t<meta name=\"twitter:label2\" content=\"Est. reading time\" \/>\n\t<meta name=\"twitter:data2\" content=\"8 minutes\" \/>\n<script type=\"application\/ld+json\" class=\"yoast-schema-graph\">{\"@context\":\"https:\\\/\\\/schema.org\",\"@graph\":[{\"@type\":\"Article\",\"@id\":\"https:\\\/\\\/fjala.info\\\/2009-2015\\\/palet-nuk-jane-vrare-e-nuk-kane-vrare\\\/#article\",\"isPartOf\":{\"@id\":\"https:\\\/\\\/fjala.info\\\/2009-2015\\\/palet-nuk-jane-vrare-e-nuk-kane-vrare\\\/\"},\"author\":{\"name\":\"admin\",\"@id\":\"https:\\\/\\\/fjala.info\\\/2009-2015\\\/#\\\/schema\\\/person\\\/3aa1163ef05469c496fc94e77611ada2\"},\"headline\":\"Pal\u00ebt nuk jan\u00eb vrar\u00eb e nuk kan\u00eb vrar\u00eb\",\"datePublished\":\"2012-02-10T19:43:22+00:00\",\"mainEntityOfPage\":{\"@id\":\"https:\\\/\\\/fjala.info\\\/2009-2015\\\/palet-nuk-jane-vrare-e-nuk-kane-vrare\\\/\"},\"wordCount\":1606,\"commentCount\":0,\"publisher\":{\"@id\":\"https:\\\/\\\/fjala.info\\\/2009-2015\\\/#organization\"},\"image\":{\"@id\":\"https:\\\/\\\/fjala.info\\\/2009-2015\\\/palet-nuk-jane-vrare-e-nuk-kane-vrare\\\/#primaryimage\"},\"thumbnailUrl\":\"http:\\\/\\\/www.shkoder.net\\\/images\\\/fjala\\\/prec_zogaj.jpg\",\"articleSection\":[\"Artikuj\"],\"inLanguage\":\"sq-AL\",\"potentialAction\":[{\"@type\":\"CommentAction\",\"name\":\"Comment\",\"target\":[\"https:\\\/\\\/fjala.info\\\/2009-2015\\\/palet-nuk-jane-vrare-e-nuk-kane-vrare\\\/#respond\"]}]},{\"@type\":\"WebPage\",\"@id\":\"https:\\\/\\\/fjala.info\\\/2009-2015\\\/palet-nuk-jane-vrare-e-nuk-kane-vrare\\\/\",\"url\":\"https:\\\/\\\/fjala.info\\\/2009-2015\\\/palet-nuk-jane-vrare-e-nuk-kane-vrare\\\/\",\"name\":\"Pal\u00ebt nuk jan\u00eb vrar\u00eb e nuk kan\u00eb vrar\u00eb - FjALA e LIR\u00cb - Arkivi\",\"isPartOf\":{\"@id\":\"https:\\\/\\\/fjala.info\\\/2009-2015\\\/#website\"},\"primaryImageOfPage\":{\"@id\":\"https:\\\/\\\/fjala.info\\\/2009-2015\\\/palet-nuk-jane-vrare-e-nuk-kane-vrare\\\/#primaryimage\"},\"image\":{\"@id\":\"https:\\\/\\\/fjala.info\\\/2009-2015\\\/palet-nuk-jane-vrare-e-nuk-kane-vrare\\\/#primaryimage\"},\"thumbnailUrl\":\"http:\\\/\\\/www.shkoder.net\\\/images\\\/fjala\\\/prec_zogaj.jpg\",\"datePublished\":\"2012-02-10T19:43:22+00:00\",\"breadcrumb\":{\"@id\":\"https:\\\/\\\/fjala.info\\\/2009-2015\\\/palet-nuk-jane-vrare-e-nuk-kane-vrare\\\/#breadcrumb\"},\"inLanguage\":\"sq-AL\",\"potentialAction\":[{\"@type\":\"ReadAction\",\"target\":[\"https:\\\/\\\/fjala.info\\\/2009-2015\\\/palet-nuk-jane-vrare-e-nuk-kane-vrare\\\/\"]}]},{\"@type\":\"ImageObject\",\"inLanguage\":\"sq-AL\",\"@id\":\"https:\\\/\\\/fjala.info\\\/2009-2015\\\/palet-nuk-jane-vrare-e-nuk-kane-vrare\\\/#primaryimage\",\"url\":\"http:\\\/\\\/www.shkoder.net\\\/images\\\/fjala\\\/prec_zogaj.jpg\",\"contentUrl\":\"http:\\\/\\\/www.shkoder.net\\\/images\\\/fjala\\\/prec_zogaj.jpg\"},{\"@type\":\"BreadcrumbList\",\"@id\":\"https:\\\/\\\/fjala.info\\\/2009-2015\\\/palet-nuk-jane-vrare-e-nuk-kane-vrare\\\/#breadcrumb\",\"itemListElement\":[{\"@type\":\"ListItem\",\"position\":1,\"name\":\"Home\",\"item\":\"https:\\\/\\\/fjala.info\\\/2009-2015\\\/\"},{\"@type\":\"ListItem\",\"position\":2,\"name\":\"Pal\u00ebt nuk jan\u00eb vrar\u00eb e nuk kan\u00eb vrar\u00eb\"}]},{\"@type\":\"WebSite\",\"@id\":\"https:\\\/\\\/fjala.info\\\/2009-2015\\\/#website\",\"url\":\"https:\\\/\\\/fjala.info\\\/2009-2015\\\/\",\"name\":\"FjALA e LIR\u00cb - Arkivi\",\"description\":\"Arkivi 2009-2015\",\"publisher\":{\"@id\":\"https:\\\/\\\/fjala.info\\\/2009-2015\\\/#organization\"},\"potentialAction\":[{\"@type\":\"SearchAction\",\"target\":{\"@type\":\"EntryPoint\",\"urlTemplate\":\"https:\\\/\\\/fjala.info\\\/2009-2015\\\/?s={search_term_string}\"},\"query-input\":{\"@type\":\"PropertyValueSpecification\",\"valueRequired\":true,\"valueName\":\"search_term_string\"}}],\"inLanguage\":\"sq-AL\"},{\"@type\":\"Organization\",\"@id\":\"https:\\\/\\\/fjala.info\\\/2009-2015\\\/#organization\",\"name\":\"FjALA e LIR\u00cb - Arkivi\",\"url\":\"https:\\\/\\\/fjala.info\\\/2009-2015\\\/\",\"logo\":{\"@type\":\"ImageObject\",\"inLanguage\":\"sq-AL\",\"@id\":\"https:\\\/\\\/fjala.info\\\/2009-2015\\\/#\\\/schema\\\/logo\\\/image\\\/\",\"url\":\"\",\"contentUrl\":\"\",\"caption\":\"FjALA e LIR\u00cb - Arkivi\"},\"image\":{\"@id\":\"https:\\\/\\\/fjala.info\\\/2009-2015\\\/#\\\/schema\\\/logo\\\/image\\\/\"}},{\"@type\":\"Person\",\"@id\":\"https:\\\/\\\/fjala.info\\\/2009-2015\\\/#\\\/schema\\\/person\\\/3aa1163ef05469c496fc94e77611ada2\",\"name\":\"admin\",\"image\":{\"@type\":\"ImageObject\",\"inLanguage\":\"sq-AL\",\"@id\":\"https:\\\/\\\/fjala.info\\\/2009-2015\\\/wp-content\\\/uploads\\\/2012\\\/02\\\/arben_cokaj-120x150.jpg\",\"url\":\"https:\\\/\\\/fjala.info\\\/2009-2015\\\/wp-content\\\/uploads\\\/2012\\\/02\\\/arben_cokaj-120x150.jpg\",\"contentUrl\":\"https:\\\/\\\/fjala.info\\\/2009-2015\\\/wp-content\\\/uploads\\\/2012\\\/02\\\/arben_cokaj-120x150.jpg\",\"caption\":\"admin\"},\"description\":\"Admin, Fjala e Lir\u00eb\",\"sameAs\":[\"https:\\\/\\\/fjala.info\\\/\"],\"url\":\"https:\\\/\\\/fjala.info\\\/2009-2015\\\/author\\\/admin\\\/\"}]}<\/script>\n<!-- \/ Yoast SEO plugin. -->","yoast_head_json":{"title":"Pal\u00ebt nuk jan\u00eb vrar\u00eb e nuk kan\u00eb vrar\u00eb - FjALA e LIR\u00cb - Arkivi","robots":{"index":"index","follow":"follow","max-snippet":"max-snippet:-1","max-image-preview":"max-image-preview:large","max-video-preview":"max-video-preview:-1"},"canonical":"https:\/\/fjala.info\/2009-2015\/palet-nuk-jane-vrare-e-nuk-kane-vrare\/","og_locale":"sq_AL","og_type":"article","og_title":"Pal\u00ebt nuk jan\u00eb vrar\u00eb e nuk kan\u00eb vrar\u00eb - FjALA e LIR\u00cb - Arkivi","og_description":"Pre\u00e7 Zogaj K\u00ebto dit\u00eb u publikua edhe nj\u00eb \u201csekret\u201d tjet\u00ebr n\u00eb lidhje me vrasjet e 21 janarit. Drejtori i policis\u00eb s\u00eb Tiran\u00ebs, q\u00eb ishte edhe komandanti i Operacionit, paska k\u00ebrkuar t\u00eb ndalohet zjarri i Gard\u00ebs mbi protestuesit. E thot\u00eb raporti i Sh\u00ebrbimit t\u00eb Kontrollit t\u00eb Brendsh\u00ebm (SHKB) p\u00ebr ngjarjen. Ky lajm \u00ebsht\u00eb i ri n\u00eb [&hellip;]","og_url":"https:\/\/fjala.info\/2009-2015\/palet-nuk-jane-vrare-e-nuk-kane-vrare\/","og_site_name":"FjALA e LIR\u00cb - Arkivi","article_published_time":"2012-02-10T19:43:22+00:00","og_image":[{"url":"http:\/\/www.shkoder.net\/images\/fjala\/prec_zogaj.jpg","type":"","width":"","height":""}],"author":"admin","twitter_card":"summary_large_image","twitter_misc":{"Written by":"admin","Est. reading time":"8 minutes"},"schema":{"@context":"https:\/\/schema.org","@graph":[{"@type":"Article","@id":"https:\/\/fjala.info\/2009-2015\/palet-nuk-jane-vrare-e-nuk-kane-vrare\/#article","isPartOf":{"@id":"https:\/\/fjala.info\/2009-2015\/palet-nuk-jane-vrare-e-nuk-kane-vrare\/"},"author":{"name":"admin","@id":"https:\/\/fjala.info\/2009-2015\/#\/schema\/person\/3aa1163ef05469c496fc94e77611ada2"},"headline":"Pal\u00ebt nuk jan\u00eb vrar\u00eb e nuk kan\u00eb vrar\u00eb","datePublished":"2012-02-10T19:43:22+00:00","mainEntityOfPage":{"@id":"https:\/\/fjala.info\/2009-2015\/palet-nuk-jane-vrare-e-nuk-kane-vrare\/"},"wordCount":1606,"commentCount":0,"publisher":{"@id":"https:\/\/fjala.info\/2009-2015\/#organization"},"image":{"@id":"https:\/\/fjala.info\/2009-2015\/palet-nuk-jane-vrare-e-nuk-kane-vrare\/#primaryimage"},"thumbnailUrl":"http:\/\/www.shkoder.net\/images\/fjala\/prec_zogaj.jpg","articleSection":["Artikuj"],"inLanguage":"sq-AL","potentialAction":[{"@type":"CommentAction","name":"Comment","target":["https:\/\/fjala.info\/2009-2015\/palet-nuk-jane-vrare-e-nuk-kane-vrare\/#respond"]}]},{"@type":"WebPage","@id":"https:\/\/fjala.info\/2009-2015\/palet-nuk-jane-vrare-e-nuk-kane-vrare\/","url":"https:\/\/fjala.info\/2009-2015\/palet-nuk-jane-vrare-e-nuk-kane-vrare\/","name":"Pal\u00ebt nuk jan\u00eb vrar\u00eb e nuk kan\u00eb vrar\u00eb - FjALA e LIR\u00cb - Arkivi","isPartOf":{"@id":"https:\/\/fjala.info\/2009-2015\/#website"},"primaryImageOfPage":{"@id":"https:\/\/fjala.info\/2009-2015\/palet-nuk-jane-vrare-e-nuk-kane-vrare\/#primaryimage"},"image":{"@id":"https:\/\/fjala.info\/2009-2015\/palet-nuk-jane-vrare-e-nuk-kane-vrare\/#primaryimage"},"thumbnailUrl":"http:\/\/www.shkoder.net\/images\/fjala\/prec_zogaj.jpg","datePublished":"2012-02-10T19:43:22+00:00","breadcrumb":{"@id":"https:\/\/fjala.info\/2009-2015\/palet-nuk-jane-vrare-e-nuk-kane-vrare\/#breadcrumb"},"inLanguage":"sq-AL","potentialAction":[{"@type":"ReadAction","target":["https:\/\/fjala.info\/2009-2015\/palet-nuk-jane-vrare-e-nuk-kane-vrare\/"]}]},{"@type":"ImageObject","inLanguage":"sq-AL","@id":"https:\/\/fjala.info\/2009-2015\/palet-nuk-jane-vrare-e-nuk-kane-vrare\/#primaryimage","url":"http:\/\/www.shkoder.net\/images\/fjala\/prec_zogaj.jpg","contentUrl":"http:\/\/www.shkoder.net\/images\/fjala\/prec_zogaj.jpg"},{"@type":"BreadcrumbList","@id":"https:\/\/fjala.info\/2009-2015\/palet-nuk-jane-vrare-e-nuk-kane-vrare\/#breadcrumb","itemListElement":[{"@type":"ListItem","position":1,"name":"Home","item":"https:\/\/fjala.info\/2009-2015\/"},{"@type":"ListItem","position":2,"name":"Pal\u00ebt nuk jan\u00eb vrar\u00eb e nuk kan\u00eb vrar\u00eb"}]},{"@type":"WebSite","@id":"https:\/\/fjala.info\/2009-2015\/#website","url":"https:\/\/fjala.info\/2009-2015\/","name":"FjALA e LIR\u00cb - Arkivi","description":"Arkivi 2009-2015","publisher":{"@id":"https:\/\/fjala.info\/2009-2015\/#organization"},"potentialAction":[{"@type":"SearchAction","target":{"@type":"EntryPoint","urlTemplate":"https:\/\/fjala.info\/2009-2015\/?s={search_term_string}"},"query-input":{"@type":"PropertyValueSpecification","valueRequired":true,"valueName":"search_term_string"}}],"inLanguage":"sq-AL"},{"@type":"Organization","@id":"https:\/\/fjala.info\/2009-2015\/#organization","name":"FjALA e LIR\u00cb - Arkivi","url":"https:\/\/fjala.info\/2009-2015\/","logo":{"@type":"ImageObject","inLanguage":"sq-AL","@id":"https:\/\/fjala.info\/2009-2015\/#\/schema\/logo\/image\/","url":"","contentUrl":"","caption":"FjALA e LIR\u00cb - Arkivi"},"image":{"@id":"https:\/\/fjala.info\/2009-2015\/#\/schema\/logo\/image\/"}},{"@type":"Person","@id":"https:\/\/fjala.info\/2009-2015\/#\/schema\/person\/3aa1163ef05469c496fc94e77611ada2","name":"admin","image":{"@type":"ImageObject","inLanguage":"sq-AL","@id":"https:\/\/fjala.info\/2009-2015\/wp-content\/uploads\/2012\/02\/arben_cokaj-120x150.jpg","url":"https:\/\/fjala.info\/2009-2015\/wp-content\/uploads\/2012\/02\/arben_cokaj-120x150.jpg","contentUrl":"https:\/\/fjala.info\/2009-2015\/wp-content\/uploads\/2012\/02\/arben_cokaj-120x150.jpg","caption":"admin"},"description":"Admin, Fjala e Lir\u00eb","sameAs":["https:\/\/fjala.info\/"],"url":"https:\/\/fjala.info\/2009-2015\/author\/admin\/"}]}},"_links":{"self":[{"href":"https:\/\/fjala.info\/2009-2015\/wp-json\/wp\/v2\/posts\/11684","targetHints":{"allow":["GET"]}}],"collection":[{"href":"https:\/\/fjala.info\/2009-2015\/wp-json\/wp\/v2\/posts"}],"about":[{"href":"https:\/\/fjala.info\/2009-2015\/wp-json\/wp\/v2\/types\/post"}],"author":[{"embeddable":true,"href":"https:\/\/fjala.info\/2009-2015\/wp-json\/wp\/v2\/users\/1"}],"replies":[{"embeddable":true,"href":"https:\/\/fjala.info\/2009-2015\/wp-json\/wp\/v2\/comments?post=11684"}],"version-history":[{"count":0,"href":"https:\/\/fjala.info\/2009-2015\/wp-json\/wp\/v2\/posts\/11684\/revisions"}],"wp:attachment":[{"href":"https:\/\/fjala.info\/2009-2015\/wp-json\/wp\/v2\/media?parent=11684"}],"wp:term":[{"taxonomy":"category","embeddable":true,"href":"https:\/\/fjala.info\/2009-2015\/wp-json\/wp\/v2\/categories?post=11684"},{"taxonomy":"post_tag","embeddable":true,"href":"https:\/\/fjala.info\/2009-2015\/wp-json\/wp\/v2\/tags?post=11684"}],"curies":[{"name":"wp","href":"https:\/\/api.w.org\/{rel}","templated":true}]}}