{"id":11683,"date":"2012-02-10T20:39:03","date_gmt":"2012-02-10T19:39:03","guid":{"rendered":"http:\/\/fjala.shkoder.net\/?p=1698"},"modified":"2012-02-10T20:39:03","modified_gmt":"2012-02-10T19:39:03","slug":"intervistat-e-plota-te-kukan-dhe-svoboda-presidenti-konsensual-dhe-denimi-per-vrasjet-e-21-janarit-kusht-per-statusin-kandidat","status":"publish","type":"post","link":"https:\/\/fjala.info\/2009-2015\/intervistat-e-plota-te-kukan-dhe-svoboda-presidenti-konsensual-dhe-denimi-per-vrasjet-e-21-janarit-kusht-per-statusin-kandidat\/","title":{"rendered":"Intervistat e plota t\u00eb Kukan dhe Svoboda: Presidenti konsensual dhe d\u00ebnimi p\u00ebr vrasjet e 21 janarit, kusht p\u00ebr statusin kandidat"},"content":{"rendered":"<p><img decoding=\"async\" class=\"alignleft size-thumbnail wp-image-7236\" title=\"Kukan Swoboda\" src=\"http:\/\/www.shkoder.net\/2012\/svoboda_kukan.jpg\" alt=\"\" width=\"300\" \/> <strong>TemA Online<\/strong>, <em>10 Shkurt 2012<\/em><\/p>\n<p>M\u00eb posht\u00eb jan\u00eb intervistat e presidentit t\u00eb ri t\u00eb grupimit t\u00eb majt\u00eb n\u00eb Parlamentin Europian (Aleanca Progresiste e Social-Demokrat\u00ebve Europian\u00eb), Hanes Svoboda, dhe kreut t\u00eb delegacionit europarlamentar p\u00ebr Ballkanin, i djathti (PPE) Eduard Kukan, dh\u00ebn\u00eb p\u00ebr gazetaren Arta Tozaj t\u00eb Top Channel.<\/p>\n<p>P\u00ebr vrasjet e 21 janarit, zoti Kukan thot\u00eb se jan\u00eb t\u00eb paimagjinueshme dhe se vrasjet nuk mund t\u00eb ndodhnin n\u00eb vendin e tij. N\u00eb lidhje me procesin ndaj Ilir Met\u00ebs, ata shprehen se u befasuan nga vendimi i gjykat\u00ebs. \u201cDuhet t\u00eb ishin pranuar ekspert\u00ebt e pavarur nga jasht\u00eb dhe ne shpresojm\u00eb q\u00eb kjo t\u00eb korrigjohet s\u00ebrish, pasi ne duhet t\u00eb m\u00ebsojm\u00eb t\u00eb v\u00ebrtet\u00ebn,\u201d tha Hanes Svoboda.<\/p>\n<p><strong>Presidenca daneze deklaroi s\u00eb fundmi p\u00ebr Shqip\u00ebrin\u00eb se \u00ebsht\u00eb thelb\u00ebsore q\u00eb t\u00eb sh\u00ebnohen rezultate konkrete n\u00eb fush\u00ebn e shtetit t\u00eb s\u00eb drejt\u00ebs por dhe n\u00eb demokraci. Ku ndodhet Shqip\u00ebria sot pas p\u00ebrcaktimit, q\u00eb n\u00eb 2010, t\u00eb 12 kritereve nga Komisioni Europian?<\/strong><\/p>\n<p>Hanes Svoboda, President i Aleanc\u00ebs Progresiste Social-demokrate n\u00eb PE, S&amp;D: \u201cKa akoma nj\u00eb ng\u00ebr\u00e7, ka ende nj\u00eb ndales\u00eb t\u00eb zhvillimeve. Dhe tani q\u00eb dy grupet e m\u00ebdha politike dhe partiake flasin me nj\u00ebri tjetrin dhe ulen n\u00eb t\u00eb nj\u00ebjtin parlament \u00ebsht\u00eb mir\u00eb, por kjo nuk mjafton. Duhet q\u00eb tani ata t\u00eb japin rezultate.\u201d<\/p>\n<p>Eduard Kukan, Kreu i delegacionit parlamentar p\u00ebr Ballkanin, PPE: \u201cVendi nuk ka l\u00ebvizur shum\u00eb p\u00ebrpara q\u00eb prej at\u00ebher\u00eb por ne v\u00ebrejm\u00eb nj\u00eb tendenc\u00eb pozitive. Vendi nd\u00ebrkoh\u00eb duhet t\u00eb p\u00ebrmbush\u00eb 12 kriter\u00ebt e v\u00ebna. Po b\u00ebhet nj\u00eb far\u00eb pune p\u00ebr p\u00ebrmbushjen e k\u00ebtyre kritereve. Drejtori i P\u00ebrgjithsh\u00ebm p\u00ebr zgjerimin, zoti Sanino po punon me qeverin\u00eb, ishte n\u00eb Shqip\u00ebri dhe tha se ka nj\u00eb far\u00eb progresi.<\/p>\n<p>Mesa jam i informuar jan\u00eb ngritur grupe pune p\u00ebr p\u00ebrmbushjen e kritereve, disa prej t\u00eb cilave i takojn\u00eb parlamentit, disa t\u00eb tjera qeveris\u00eb dhe ne do t\u00eb kemi nj\u00eb proces vler\u00ebsues rreth fundit t\u00eb muajit shkurt. Pra un\u00eb dua t\u00eb besoj se gj\u00ebrat po l\u00ebvizin, por s\u00ebrish, ngadal\u00eb, dhe ne kemi nevoj\u00eb t\u00eb shohim rezultate, pasi koha q\u00eb vendi pati n\u00eb dispozicion p\u00ebr t\u2019i p\u00ebrmbushur ishte e bollshme.\u201d<\/p>\n<p>Kur flasim p\u00ebr demokracin\u00eb, sa i r\u00ebnd\u00ebsish\u00ebm \u00ebsht\u00eb hetimi i plot\u00eb dhe i pavarur i ngjarjeve tragjike t\u00eb 21 janarit, sidomos sot kur hetimet pohojn\u00eb se protestues t\u00eb pafajsh\u00ebm u vran\u00eb nga Garda e Republik\u00ebs.<\/p>\n<p>Hanes Svoboda: \u201c\u00cbsht\u00eb absolutisht e r\u00ebnd\u00ebsishme t\u00eb k\u00ebrkohet dhe t\u00eb zbulohet e v\u00ebrteta dhe autor\u00ebt duhet t\u00eb p\u00ebrndiqen. Nuk na takon neve apo BEs\u00eb t\u00eb thot\u00eb kush \u00ebsht\u00eb fajtor e kush jo, kjo i takon drejt\u00ebsis\u00eb s\u00eb pavarur. Por gjith\u00e7ka duhet b\u00ebr\u00eb q\u00eb autor\u00ebt, apo autor\u00ebt potencial\u00eb, t\u00eb sillen para drejt\u00ebsis\u00eb. Dhe sipas meje, kjo nuk \u00ebsht\u00eb e r\u00ebnd\u00ebsishme vet\u00ebm p\u00ebr rrug\u00ebn drejt BEs\u00eb, por \u00ebsht\u00eb e r\u00ebnd\u00ebsishme p\u00ebr vet\u00eb vendin, i cili duhet t\u00eb heq\u00eb qafe \u00e7\u2018do lloj tendence p\u00ebr t\u00eb fshehur, nga nj\u00ebra apo tjetra pal\u00eb, ata q\u00eb b\u00ebjn\u00eb veprime t\u00eb tilla si vrasja e njer\u00ebzve. Kjo \u00ebsht\u00eb di\u00e7ka q\u00eb as mund t\u00eb degradohet dhe as t\u00eb n\u00ebnvler\u00ebsohet.\u201d<\/p>\n<p><strong>\u00c7far\u00eb doni t\u00eb thoni m\u00eb sakt\u00ebsisht?<\/strong><\/p>\n<p>Hanes Svoboda: \u201cKjo do t\u00eb thot\u00eb se ju shpeshher\u00eb keni t\u00eb sht\u00ebna dhe vrasje dhe mbi t\u00eb v\u00ebrtet\u00ebn nuk hidhet drit\u00eb dhe as nuk vihet drejt\u00ebsi dhe kjo gj\u00eb duhet t\u00eb ndaloj\u00eb. Dhe ky \u00ebsht\u00eb nj\u00eb rast i r\u00ebnd\u00ebsish\u00ebm ku p\u00ebrve\u00e7 zbulimit t\u00eb s\u00eb v\u00ebrtet\u00ebs p\u00ebr \u00e7far\u00eb ngjau, \u00ebsht\u00eb shum\u00eb e r\u00ebnd\u00ebsishme q\u00eb njer\u00ebzit t\u00eb vihen para trupit gjykues.\u201d<\/p>\n<p>Eduard Kukan: \u201cJam i sigurt se t\u00eb gjith\u00eb k\u00ebtu n\u00eb institucionet europiane ndajn\u00eb t\u00eb nj\u00ebjtin opinion, se k\u00ebto ngjarje duhen hetuar me objektivitet, pa asnj\u00eb nd\u00ebrhyrje politike, procesi i duhet l\u00ebn\u00eb n\u00eb dor\u00eb autoriteteve p\u00ebrkat\u00ebse, pra Prokuroris\u00eb s\u00eb P\u00ebrgjithshme. Dhe \u00ebsht\u00eb shum\u00eb e r\u00ebnd\u00ebsishme, jo vet\u00ebm p\u00ebr imazhin e Shqip\u00ebris\u00eb jasht\u00eb vendit, por mendoj se \u00ebsht\u00eb gjithashtu e r\u00ebnd\u00ebsishme p\u00ebr situat\u00ebn brenda vendit, p\u00ebr pajtimin, mir\u00ebkuptimin apo bashk\u00ebpunimin m\u00eb t\u00eb mir\u00eb mes partive politike. Pra ne e ndjekim me nj\u00eb interes t\u00eb madh dhe e p\u00ebrs\u00ebris se ngjarjet duhen hetuar me objektivitet, drejt, dhe pa asnj\u00eb nd\u00ebrhyrje politike si dhe me p\u00ebrfundimin se kushdoqoft\u00eb p\u00ebrgjegj\u00ebs, duhet t\u00eb jap\u00eb llogari p\u00ebr \u00e7far\u00eb ndodhi.\u201d<\/p>\n<p>Kur flasim p\u00ebr vlerat europiane, ju vet\u00eb keni qen\u00eb an\u00ebtar qeverie. \u00c7far\u00eb do t\u00eb kishte ndodhur n\u00ebse demonstruesit do t\u00eb q\u00eblloheshin nga garda n\u00eb Sllovaki, apo n\u00ebse do t\u00eb fshiheshin serverat e kamerave t\u00eb kryeministris\u00eb?<\/p>\n<p>Eduard Kukan: \u201cNj\u00eb situat\u00eb e till\u00eb \u00ebsht\u00eb krejt\u00ebsisht jasht\u00eb \u00e7\u2018do lloj imagjinate. Nuk mund t\u00eb ndodh\u00eb n\u00eb vendin tim. Ka pasur demonstrata madje ka akoma demonstrata masive njer\u00ebzish, por policia po luan rolin n\u00eb p\u00ebrputhje me ligjin.\u201d<\/p>\n<p><strong>Sipas jush policia shqiptare nuk luajtur si\u00e7 duhet rolin e saj?<\/strong><\/p>\n<p>Eduard Kukan: \u201cJu lutem, meq\u00eb po m\u00eb pyesni p\u00ebr Sllovakin\u00eb po ju p\u00ebrgjigjem p\u00ebr Sllovakin\u00eb. Por mesazhi q\u00eb un\u00eb dua t\u00eb jap \u00ebsht\u00eb q\u00eb k\u00ebto jan\u00eb \u00e7\u00ebshtje t\u00eb ndjeshme dhe situata t\u00eb ndjeshme mund t\u00eb ndodhin n\u00eb \u00e7\u2018do vend. Por t\u00eb gjitha institucionet e shtetit duhet t\u00eb sillen n\u00eb p\u00ebrputhje me ligjin dhe askush nuk mund t\u00eb dal\u00eb sip\u00ebr ligjeve dhe t\u00eb b\u00ebj\u00eb gj\u00ebra q\u00eb shkojn\u00eb p\u00ebrtej ligjit.\u201d<\/p>\n<p>Zoti Svoboda, ju jeni politikan austriak, \u00e7far\u00eb do t\u00eb kishte ndodhur n\u00eb Austri n\u00ebse nj\u00eb protestues do t\u00eb ishte q\u00eblluar p\u00ebr vdekje nga Garda e Republik\u00ebs.<\/p>\n<p>Hanes Svoboda: \u201cMendoj se \u00e7\u2018do vrasje do t\u00eb hetohej dhe do t\u00eb sillej para trupit gjykues. Un\u00eb nuk mendoj se sistemi i drejt\u00ebsis\u00eb n\u00eb Austri dhe n\u00eb vende t\u00eb tjera \u00ebsht\u00eb perfekt, por kur ka vrasje, kur vriten demonstrues, \u00ebsht\u00eb m\u00eb e pakta q\u00eb ngjarje t\u00eb tilla t\u00eb vihen para gjykat\u00ebsve dhe t\u00eb gjykohen nga nj\u00eb drejt\u00ebsi e pavarur. Nd\u00ebrsa politikan\u00ebt dhe sistemi politik jan\u00eb aty p\u00ebr t\u00eb garantuar se drejt\u00ebsia do t\u00eb vihet n\u00eb vend.\u201d<\/p>\n<p>Hetimet e fundit shkaktuan nj\u00eb dallg\u00eb tjet\u00ebr akuzash direkte dhe presionesh politike kund\u00ebr institucioneve t\u00eb pavarura duke ringjallur historin\u00eb e \u201cpu\u00e7it\u201d. A \u00ebsht\u00eb e tolerueshme p\u00ebr ju kjo lloj sjelljeje, duke patur parasysh edhe shumat e m\u00ebdha t\u00eb parave q\u00eb BE ka investuar p\u00ebr t\u00eb ndihmuar n\u00eb ngritjen e institucioneve t\u00eb pavarura n\u00eb Shqip\u00ebri.<\/p>\n<p>Eduard Kukan: \u201cUn\u00eb do ta kufizoj veten time duke th\u00ebn\u00eb vet\u00ebm q\u00eb ky proces duhet hetuar pa asnj\u00eb nd\u00ebrhyrje nga asnj\u00eb politikan. Politikan\u00ebt jan\u00eb politikan\u00eb dhe b\u00ebjn\u00eb deklarata, por institucionet e duhura duhet t\u00eb b\u00ebjn\u00eb pun\u00ebn e tyre krejt\u00ebsisht n\u00eb p\u00ebrputhje me provat q\u00eb kan\u00eb dhe n\u00eb p\u00ebrputhje me nd\u00ebrgjegjen e tyre, me ligjin dhe rendin.\u201d<\/p>\n<p>Hanes Svoboda: \u201cDemonstrata ka n\u00eb shum\u00eb vende, por pyetja q\u00eb lind \u00ebsht\u00eb se si reagojn\u00eb politikan\u00ebt apo qeveria me k\u00ebto demonstrata. N\u00ebse hedhim syt\u00eb n\u00eb nj\u00eb vend tjet\u00ebr, n\u00eb Rumani p\u00ebr shembull, nj\u00eb demonstrat\u00eb shum\u00eb m\u00eb e vog\u00ebl pati p\u00ebr pasoj\u00eb dor\u00ebheqjen e qeveris\u00eb, n\u00eb m\u00ebnyr\u00eb q\u00eb t\u2019i \u00e7elej rruga formimit t\u00eb nj\u00eb qeverie t\u00eb re. Mendoj se ky \u00ebsht\u00eb nj\u00eb veprim normal politik. Sigurisht, nuk po k\u00ebrkoj dor\u00ebheqjen e qeveris\u00eb, por \u00ebsht\u00eb absolutisht e nevojshme q\u00eb t\u00eb ket\u00eb s\u00eb paku disa reagime nga qeveria.\u201d<\/p>\n<p>Sa e r\u00ebnd\u00ebsishme \u00ebsht\u00eb zgjedhja e nj\u00eb presidenti konsensual p\u00ebr mbrojtjen e institucioneve t\u00eb pavarura dhe demokracis\u00eb n\u00eb vend.<\/p>\n<p>Hanes Svoboda vijon: \u201cN\u00eb situata t\u00eb caktuara ka nj\u00eb gar\u00eb t\u00eb hapur p\u00ebr presidentin, por ka situata kur duhet gjetur konsensusi. Un\u00eb mendoj se ka pak vende q\u00eb bartin kaq shum\u00eb p\u00ebr\u00e7arje, kontradikta apo z\u00ebnka t\u00eb tilla si n\u00eb Shqip\u00ebri. \u00cbsht\u00eb kjo q\u00eb e b\u00ebn bind\u00ebse situat\u00ebn p\u00ebr t\u00eb patur nj\u00eb president konsensual, pasi ky do t\u00eb ishte nj\u00eb sinjal i qart\u00eb p\u00ebr Bashkimin Evropian se ne jemi gati t\u00eb punojm\u00eb s\u00eb bashku, jemi gati t\u00eb sakrifikojm\u00eb interesat ton\u00eb partiak\u00eb p\u00ebr t\u00eb zgjedhur nj\u00eb president t\u00eb p\u00ebrbashk\u00ebt.\u201d<\/p>\n<p>Eduard Kukan: \u201cM\u00eb lejoni ta them tro\u00e7. Do t\u00eb ishte ideale zgjedhja e nj\u00eb presidenti konsensual. Por n\u00eb nj\u00eb sistem si i juaji ku zgjedhja e presidentit b\u00ebhet me vot\u00eb n\u00eb parlament, \u00ebsht\u00eb shum\u00eb e v\u00ebshtir\u00eb zgjedhja e nj\u00eb presidenti konsensual. Un\u00eb vet\u00eb nuk e imagjinoj as n\u00eb Sllovaki apo n\u00eb ndonj\u00eb vend tjet\u00ebr t\u00eb gjindet nj\u00eb president konsensual. N\u00ebse gjeni personalitetin e duhur q\u00eb g\u00ebzon respektin e shum\u00eb njer\u00ebzve, sigurisht q\u00eb kjo do t\u2019i ndihmonte vendit dhe do t\u2019i ndihmonte situat\u00ebs politike. Por un\u00eb vet\u00eb jam i bindur se do t\u00eb jet\u00eb shum\u00eb e v\u00ebshtir\u00eb p\u00ebr \u00e7dok\u00ebnd n\u00eb \u00e7\u2018do vend, q\u00eb t\u00eb gjejn\u00eb nj\u00eb president konsensual. Pra gjeni dik\u00eb q\u00eb t\u2019i afrohet sadopak atij profili.\u201d<\/p>\n<p><strong>Keni dik\u00eb nd\u00ebrmend?<\/strong><\/p>\n<p>Eduard Kukan: \u201cJo jo jo, ja l\u00eb n\u00eb dor\u00eb shqiptar\u00ebve. Un\u00eb nuk jam personi i duhur p\u00ebr t\u2019ju rekomanduar ndonj\u00eb president konsensual.\u201d<\/p>\n<p>Supozoj se, pas pyetjes tuaj, e d\u00ebgjuat pjes\u00ebn e deklarat\u00ebs s\u00eb Presidenc\u00ebs daneze p\u00ebr \u00e7\u00ebshtjen \u2018Meta\u2019..<\/p>\n<p>Eduard Kukan: Po, isha aty..<\/p>\n<p><strong>Kur u tha se vendimi surprizoi shum\u00eb prej nesh. Po ju vet\u00eb a u befasuat?<\/strong><\/p>\n<p>Eduard Kukan: \u201cMendoj se ministri danez shprehu ndjenj\u00ebn e p\u00ebrgjithshme t\u00eb shum\u00eb njer\u00ebzve q\u00eb po e ndiqnin k\u00ebt\u00eb rast nga shum\u00eb pran\u00eb dhe me shum\u00eb kujdes. Nuk mendoj se \u00ebsht\u00eb e drejt\u00eb t\u00eb komentoj me thell\u00ebsi vendimet e gjykatave n\u00eb Shqip\u00ebri, por do t\u00eb them vet\u00ebm q\u00eb korrupsioni \u00ebsht\u00eb nj\u00eb problem shum\u00eb serioz n\u00eb Shqip\u00ebri. Dhe n\u00ebse nuk luftohet n\u00eb parim dhe n\u00eb themel, do t\u00eb jet\u00eb e v\u00ebshtir\u00eb p\u00ebr Shqip\u00ebrin\u00eb t\u00eb sh\u00ebnoj\u00eb p\u00ebrparim n\u00eb rrug\u00ebn drejt BEs\u00eb, sepse kjo \u00ebsht\u00eb nj\u00eb prej \u00e7\u00ebshtjeve q\u00eb gjithandej ndiqet me nj\u00eb v\u00ebmendje tep\u00ebr, tep\u00ebr t\u00eb madhe. Pra un\u00eb nuk do t\u00eb komentoj m\u00eb tej por do t\u00eb them se po, shum\u00eb veta u befasuan, un\u00eb vet\u00eb u befasova gjithashtu. Por i takon institucioneve shqiptare t\u00eb vendosin rregullin dhe t\u00eb funksionojn\u00eb si\u00e7 duhet.\u201d<\/p>\n<p><strong>A mund t\u2019ju pyes \u00e7far\u00eb ju befasoi, meqen\u00ebse nuk pat\u00ebm mund\u00ebsin\u00eb t\u00eb pyesnim ministrin danez at\u00eb dit\u00eb?<\/strong><\/p>\n<p>Eduard Kukan: \u201cDuhet ta kishit pyetur at\u00eb. Por un\u00eb e kam ndjekur k\u00ebt\u00eb \u00e7\u00ebshtje dhe e di se pati disa ekspert\u00eb nga per\u00ebndimi, nga Shtetet e Bashkuara, t\u00eb cil\u00ebt b\u00ebn\u00eb analiza q\u00eb nuk u mor\u00ebn n\u00eb konsiderat\u00eb para vendimit p\u00ebrfundimtar. Pra kjo ishte ajo q\u00eb kontribuoi n\u00eb befasin\u00eb time.\u201d<\/p>\n<p>Hanes Svoboda: \u201cUn\u00eb u befasova nga vendimi i cili tregoi se nuk u b\u00eb gjith\u00e7ka p\u00ebr t\u00eb par\u00eb n\u00ebse video-regjistrimi kishte apo jo manipulime. Mendoj se edhe n\u00eb interesin e vet\u00eb zotit Meta, do t\u00eb jet\u00eb shum\u00eb e r\u00ebnd\u00ebsishme q\u00eb t\u00eb ftohen ekspert\u00eb t\u00eb pavarur nga jasht\u00eb, p\u00ebr t\u00eb v\u00ebrtetuar n\u00ebse ka apo jo manipulime. U befasova q\u00eb nj\u00eb k\u00ebrkes\u00eb e till\u00eb u hodh posht\u00eb por shpresoj q\u00eb kjo gj\u00eb mund t\u00eb korrigjohet s\u00ebrish, pasi ne duhet ta m\u00ebsojm\u00eb t\u00eb v\u00ebrtet\u00ebn. Jo t\u00eb v\u00ebrtet\u00ebn e nj\u00ebanshme, por t\u00eb v\u00ebrtet\u00ebn objektive.\u201d<\/p>\n<p>Nd\u00ebrkoh\u00eb zoti Meta fitoi pafaj\u00ebsin\u00eb, po zhvillon aktivitetin partiak, pritet t\u00eb kthehet n\u00eb Kuvend si deputet e ndoshta edhe n\u00eb qeveri. Ku q\u00ebndron morali n\u00eb shfaqjet apo veprimet e politikan\u00ebve shqiptar\u00eb megjith\u00eb \u00e7\u00ebshtjet e dyshimta q\u00eb i ndjekin nga pas.<\/p>\n<p>Hanes Svoboda: \u201cUn\u00eb nuk jam k\u00ebtu p\u00ebr t\u00eb gjykuar zotin Meta por un\u00eb mendoj se zoti Meta do t\u00eb ishte i interesuar dhe duhet t\u00eb jet\u00eb i interesuar, ai vet\u00eb personalisht m\u00eb shum\u00eb se t\u00eb gjith\u00eb, p\u00ebr t\u00eb hedhur drit\u00eb mbi k\u00ebt\u00eb \u00e7\u00ebshtje. Dhe e p\u00ebrs\u00ebris, t \u00eb gjith\u00eb ekspert\u00ebt q\u00eb mund t\u00eb gjykojn\u00eb p\u00ebr manipulimin apo jo t\u00eb videos duhen thirrur dhe duhet t\u00eb japin prova q\u00eb ajo video \u00ebsht\u00eb e manipuluar dhe se ai \u00ebsht\u00eb i pafajsh\u00ebm. Atij i duhet ky informim dhe ky konfirmim.\u201d<\/p>\n<p>N\u00eb Shqip\u00ebri, politikan\u00ebt e nivelit t\u00eb lart\u00eb mbeten t\u00eb pand\u00ebshkuar, nd\u00ebrkoh\u00eb q\u00eb gazetar\u00ebt p\u00ebrballen me gjoba si 100 mij\u00eb, deri n\u00eb gjys\u00ebm milion euro. A ju shqet\u00ebson kjo gj\u00eb? \u00cbsht\u00eb kjo rruga e duhur drejt BE-s\u00eb?<\/p>\n<p>Eduard Kukan: \u201cE p\u00ebrs\u00ebris s\u00ebrisht se liria e medias, liria dhe t\u00eb drejtat e gazetar\u00ebve q\u00ebndrojn\u00eb n\u00eb zem\u00ebr t\u00eb vler\u00ebsimeve q\u00eb b\u00ebhen p\u00ebr vendet aspirante, nga Bashkimi Europian, nga Parlamenti Europian. Dhe kjo gj\u00eb po b\u00ebhet gjithnj\u00eb e m\u00eb shum\u00eb strikte dhe merr nj\u00eb vend gjithnj\u00eb e m\u00eb t\u00eb r\u00ebnd\u00ebsish\u00ebm n\u00eb vler\u00ebsimin ton\u00eb p\u00ebr progresin e vendeve n\u00eb fjal\u00eb. Pra t\u00eb gjith\u00eb institucionet shqiptare duhet t\u00eb jen\u00eb m\u00ebse t\u00eb vet\u00ebdijsh\u00ebm p\u00ebr nj\u00eb gj\u00eb t\u00eb till\u00eb, e cila ndikon p\u00ebrfundimisht n\u00eb vler\u00ebsimin q\u00eb japin institucionet europiane.\u201d<\/p>\n<p>Hanes Svoboda: \u201cLigji \u00ebsht\u00eb ligj dhe gjithsecili \u00ebsht\u00eb i barabart\u00eb para ligjit, si politikan\u00ebt, ashtu dhe gazetar\u00ebt. Por me k\u00ebta t\u00eb fundit duhet treguar kujdes i ve\u00e7ant\u00eb pasi kap\u00ebrcehet shpejt n\u00eb kufizimin e liris\u00eb s\u00eb shprehjes. P\u00ebr k\u00ebt\u00eb arsye gjobat apo nd\u00ebshkimet ndaj gazetar\u00ebve duhet t\u00eb gjykohen vet\u00ebm n\u00eb disa raste serioze dhe jo p\u00ebr shkak t\u00eb aktiviteteve t\u00eb tyre profesionale. Por n\u00eb lidhje me politikan\u00ebt q\u00eb dyshohen t\u00eb ken\u00eb patur rol n\u00eb nj\u00eb \u00e7\u00ebshtje korruptive, k\u00ebtu duhet t\u00eb jemi shum\u00eb strikt\u00eb dhe n\u00ebse \u00ebsht\u00eb par\u00eb se ka patur korrupsion sigurisht q\u00eb duhet aplikuar nd\u00ebshkimi.\u201d<\/p>\n<p><strong>A mendoni se Shqip\u00ebria mund ta marr\u00eb statusin kandidat k\u00ebt\u00eb vit?<\/strong><\/p>\n<p><strong>Eduard Kukan: \u201cGjith\u00e7ka varet nga Shqip\u00ebria.\u201d<\/strong><\/p>\n<p>Hanes Svoboda: \u201cShqip\u00ebria fatkeq\u00ebsisht nuk \u00ebsht\u00eb ende af\u00ebr. Por ajo q\u00eb do t\u00eb duhej t\u00eb ndodhte dhe q\u00eb duhet t\u00eb ndodh\u00eb, \u00ebsht\u00eb zgjedhja e Presidentit me konsensus; \u00ebsht\u00eb pavar\u00ebsia e plot\u00eb e sistemit t\u00eb drejt\u00ebsis\u00eb dhe sigurisht p\u00ebrndjekja e t\u00eb gjith\u00eb personave q\u00eb kan\u00eb kryer vrasjet e demonstruesve. Mendoj se k\u00ebto k\u00ebto tre element\u00eb do t\u00eb ndihmonin shum\u00eb q\u00eb Shqip\u00ebris\u00eb t\u2019i hapej rruga p\u00ebr t\u00eb marr\u00eb statusin e vendit kandidat.\u201d<\/p>\n","protected":false},"excerpt":{"rendered":"<p>TemA Online, 10 Shkurt 2012 M\u00eb posht\u00eb jan\u00eb intervistat e presidentit t\u00eb ri t\u00eb grupimit t\u00eb majt\u00eb n\u00eb Parlamentin Europian (Aleanca Progresiste e Social-Demokrat\u00ebve Europian\u00eb), Hanes Svoboda, dhe kreut t\u00eb delegacionit europarlamentar p\u00ebr Ballkanin, i djathti (PPE) Eduard Kukan, dh\u00ebn\u00eb p\u00ebr gazetaren Arta Tozaj t\u00eb Top Channel. P\u00ebr vrasjet e 21 janarit, zoti Kukan thot\u00eb [&hellip;]<\/p>\n","protected":false},"author":1,"featured_media":0,"comment_status":"open","ping_status":"closed","sticky":false,"template":"","format":"standard","meta":{"footnotes":""},"categories":[2,4],"tags":[],"class_list":{"0":"post-11683","1":"post","2":"type-post","3":"status-publish","4":"format-standard","6":"category-artikuj","7":"category-intervista"},"yoast_head":"<!-- This site is optimized with the Yoast SEO plugin v27.4 - https:\/\/yoast.com\/product\/yoast-seo-wordpress\/ -->\n<title>Intervistat e plota t\u00eb Kukan dhe Svoboda: Presidenti konsensual dhe d\u00ebnimi p\u00ebr vrasjet e 21 janarit, kusht p\u00ebr statusin kandidat - FjALA e LIR\u00cb - Arkivi<\/title>\n<meta name=\"robots\" content=\"index, follow, max-snippet:-1, max-image-preview:large, max-video-preview:-1\" \/>\n<link rel=\"canonical\" href=\"https:\/\/fjala.info\/2009-2015\/intervistat-e-plota-te-kukan-dhe-svoboda-presidenti-konsensual-dhe-denimi-per-vrasjet-e-21-janarit-kusht-per-statusin-kandidat\/\" \/>\n<meta property=\"og:locale\" content=\"sq_AL\" \/>\n<meta property=\"og:type\" content=\"article\" \/>\n<meta property=\"og:title\" content=\"Intervistat e plota t\u00eb Kukan dhe Svoboda: Presidenti konsensual dhe d\u00ebnimi p\u00ebr vrasjet e 21 janarit, kusht p\u00ebr statusin kandidat - FjALA e LIR\u00cb - Arkivi\" \/>\n<meta property=\"og:description\" content=\"TemA Online, 10 Shkurt 2012 M\u00eb posht\u00eb jan\u00eb intervistat e presidentit t\u00eb ri t\u00eb grupimit t\u00eb majt\u00eb n\u00eb Parlamentin Europian (Aleanca Progresiste e Social-Demokrat\u00ebve Europian\u00eb), Hanes Svoboda, dhe kreut t\u00eb delegacionit europarlamentar p\u00ebr Ballkanin, i djathti (PPE) Eduard Kukan, dh\u00ebn\u00eb p\u00ebr gazetaren Arta Tozaj t\u00eb Top Channel. P\u00ebr vrasjet e 21 janarit, zoti Kukan thot\u00eb [&hellip;]\" \/>\n<meta property=\"og:url\" content=\"https:\/\/fjala.info\/2009-2015\/intervistat-e-plota-te-kukan-dhe-svoboda-presidenti-konsensual-dhe-denimi-per-vrasjet-e-21-janarit-kusht-per-statusin-kandidat\/\" \/>\n<meta property=\"og:site_name\" content=\"FjALA e LIR\u00cb - Arkivi\" \/>\n<meta property=\"article:published_time\" content=\"2012-02-10T19:39:03+00:00\" \/>\n<meta property=\"og:image\" content=\"http:\/\/www.shkoder.net\/2012\/svoboda_kukan.jpg\" \/>\n<meta name=\"author\" content=\"admin\" \/>\n<meta name=\"twitter:card\" content=\"summary_large_image\" \/>\n<meta name=\"twitter:label1\" content=\"Written by\" \/>\n\t<meta name=\"twitter:data1\" content=\"admin\" \/>\n\t<meta name=\"twitter:label2\" content=\"Est. reading time\" \/>\n\t<meta name=\"twitter:data2\" content=\"12 minutes\" \/>\n<script type=\"application\/ld+json\" class=\"yoast-schema-graph\">{\"@context\":\"https:\\\/\\\/schema.org\",\"@graph\":[{\"@type\":\"Article\",\"@id\":\"https:\\\/\\\/fjala.info\\\/2009-2015\\\/intervistat-e-plota-te-kukan-dhe-svoboda-presidenti-konsensual-dhe-denimi-per-vrasjet-e-21-janarit-kusht-per-statusin-kandidat\\\/#article\",\"isPartOf\":{\"@id\":\"https:\\\/\\\/fjala.info\\\/2009-2015\\\/intervistat-e-plota-te-kukan-dhe-svoboda-presidenti-konsensual-dhe-denimi-per-vrasjet-e-21-janarit-kusht-per-statusin-kandidat\\\/\"},\"author\":{\"name\":\"admin\",\"@id\":\"https:\\\/\\\/fjala.info\\\/2009-2015\\\/#\\\/schema\\\/person\\\/3aa1163ef05469c496fc94e77611ada2\"},\"headline\":\"Intervistat e plota t\u00eb Kukan dhe Svoboda: Presidenti konsensual dhe d\u00ebnimi p\u00ebr vrasjet e 21 janarit, kusht p\u00ebr statusin kandidat\",\"datePublished\":\"2012-02-10T19:39:03+00:00\",\"mainEntityOfPage\":{\"@id\":\"https:\\\/\\\/fjala.info\\\/2009-2015\\\/intervistat-e-plota-te-kukan-dhe-svoboda-presidenti-konsensual-dhe-denimi-per-vrasjet-e-21-janarit-kusht-per-statusin-kandidat\\\/\"},\"wordCount\":2463,\"commentCount\":0,\"publisher\":{\"@id\":\"https:\\\/\\\/fjala.info\\\/2009-2015\\\/#organization\"},\"image\":{\"@id\":\"https:\\\/\\\/fjala.info\\\/2009-2015\\\/intervistat-e-plota-te-kukan-dhe-svoboda-presidenti-konsensual-dhe-denimi-per-vrasjet-e-21-janarit-kusht-per-statusin-kandidat\\\/#primaryimage\"},\"thumbnailUrl\":\"http:\\\/\\\/www.shkoder.net\\\/2012\\\/svoboda_kukan.jpg\",\"articleSection\":[\"Artikuj\",\"Intervista\"],\"inLanguage\":\"sq-AL\",\"potentialAction\":[{\"@type\":\"CommentAction\",\"name\":\"Comment\",\"target\":[\"https:\\\/\\\/fjala.info\\\/2009-2015\\\/intervistat-e-plota-te-kukan-dhe-svoboda-presidenti-konsensual-dhe-denimi-per-vrasjet-e-21-janarit-kusht-per-statusin-kandidat\\\/#respond\"]}]},{\"@type\":\"WebPage\",\"@id\":\"https:\\\/\\\/fjala.info\\\/2009-2015\\\/intervistat-e-plota-te-kukan-dhe-svoboda-presidenti-konsensual-dhe-denimi-per-vrasjet-e-21-janarit-kusht-per-statusin-kandidat\\\/\",\"url\":\"https:\\\/\\\/fjala.info\\\/2009-2015\\\/intervistat-e-plota-te-kukan-dhe-svoboda-presidenti-konsensual-dhe-denimi-per-vrasjet-e-21-janarit-kusht-per-statusin-kandidat\\\/\",\"name\":\"Intervistat e plota t\u00eb Kukan dhe Svoboda: Presidenti konsensual dhe d\u00ebnimi p\u00ebr vrasjet e 21 janarit, kusht p\u00ebr statusin kandidat - FjALA e LIR\u00cb - Arkivi\",\"isPartOf\":{\"@id\":\"https:\\\/\\\/fjala.info\\\/2009-2015\\\/#website\"},\"primaryImageOfPage\":{\"@id\":\"https:\\\/\\\/fjala.info\\\/2009-2015\\\/intervistat-e-plota-te-kukan-dhe-svoboda-presidenti-konsensual-dhe-denimi-per-vrasjet-e-21-janarit-kusht-per-statusin-kandidat\\\/#primaryimage\"},\"image\":{\"@id\":\"https:\\\/\\\/fjala.info\\\/2009-2015\\\/intervistat-e-plota-te-kukan-dhe-svoboda-presidenti-konsensual-dhe-denimi-per-vrasjet-e-21-janarit-kusht-per-statusin-kandidat\\\/#primaryimage\"},\"thumbnailUrl\":\"http:\\\/\\\/www.shkoder.net\\\/2012\\\/svoboda_kukan.jpg\",\"datePublished\":\"2012-02-10T19:39:03+00:00\",\"breadcrumb\":{\"@id\":\"https:\\\/\\\/fjala.info\\\/2009-2015\\\/intervistat-e-plota-te-kukan-dhe-svoboda-presidenti-konsensual-dhe-denimi-per-vrasjet-e-21-janarit-kusht-per-statusin-kandidat\\\/#breadcrumb\"},\"inLanguage\":\"sq-AL\",\"potentialAction\":[{\"@type\":\"ReadAction\",\"target\":[\"https:\\\/\\\/fjala.info\\\/2009-2015\\\/intervistat-e-plota-te-kukan-dhe-svoboda-presidenti-konsensual-dhe-denimi-per-vrasjet-e-21-janarit-kusht-per-statusin-kandidat\\\/\"]}]},{\"@type\":\"ImageObject\",\"inLanguage\":\"sq-AL\",\"@id\":\"https:\\\/\\\/fjala.info\\\/2009-2015\\\/intervistat-e-plota-te-kukan-dhe-svoboda-presidenti-konsensual-dhe-denimi-per-vrasjet-e-21-janarit-kusht-per-statusin-kandidat\\\/#primaryimage\",\"url\":\"http:\\\/\\\/www.shkoder.net\\\/2012\\\/svoboda_kukan.jpg\",\"contentUrl\":\"http:\\\/\\\/www.shkoder.net\\\/2012\\\/svoboda_kukan.jpg\"},{\"@type\":\"BreadcrumbList\",\"@id\":\"https:\\\/\\\/fjala.info\\\/2009-2015\\\/intervistat-e-plota-te-kukan-dhe-svoboda-presidenti-konsensual-dhe-denimi-per-vrasjet-e-21-janarit-kusht-per-statusin-kandidat\\\/#breadcrumb\",\"itemListElement\":[{\"@type\":\"ListItem\",\"position\":1,\"name\":\"Home\",\"item\":\"https:\\\/\\\/fjala.info\\\/2009-2015\\\/\"},{\"@type\":\"ListItem\",\"position\":2,\"name\":\"Intervistat e plota t\u00eb Kukan dhe Svoboda: Presidenti konsensual dhe d\u00ebnimi p\u00ebr vrasjet e 21 janarit, kusht p\u00ebr statusin kandidat\"}]},{\"@type\":\"WebSite\",\"@id\":\"https:\\\/\\\/fjala.info\\\/2009-2015\\\/#website\",\"url\":\"https:\\\/\\\/fjala.info\\\/2009-2015\\\/\",\"name\":\"FjALA e LIR\u00cb - Arkivi\",\"description\":\"Arkivi 2009-2015\",\"publisher\":{\"@id\":\"https:\\\/\\\/fjala.info\\\/2009-2015\\\/#organization\"},\"potentialAction\":[{\"@type\":\"SearchAction\",\"target\":{\"@type\":\"EntryPoint\",\"urlTemplate\":\"https:\\\/\\\/fjala.info\\\/2009-2015\\\/?s={search_term_string}\"},\"query-input\":{\"@type\":\"PropertyValueSpecification\",\"valueRequired\":true,\"valueName\":\"search_term_string\"}}],\"inLanguage\":\"sq-AL\"},{\"@type\":\"Organization\",\"@id\":\"https:\\\/\\\/fjala.info\\\/2009-2015\\\/#organization\",\"name\":\"FjALA e LIR\u00cb - Arkivi\",\"url\":\"https:\\\/\\\/fjala.info\\\/2009-2015\\\/\",\"logo\":{\"@type\":\"ImageObject\",\"inLanguage\":\"sq-AL\",\"@id\":\"https:\\\/\\\/fjala.info\\\/2009-2015\\\/#\\\/schema\\\/logo\\\/image\\\/\",\"url\":\"\",\"contentUrl\":\"\",\"caption\":\"FjALA e LIR\u00cb - Arkivi\"},\"image\":{\"@id\":\"https:\\\/\\\/fjala.info\\\/2009-2015\\\/#\\\/schema\\\/logo\\\/image\\\/\"}},{\"@type\":\"Person\",\"@id\":\"https:\\\/\\\/fjala.info\\\/2009-2015\\\/#\\\/schema\\\/person\\\/3aa1163ef05469c496fc94e77611ada2\",\"name\":\"admin\",\"image\":{\"@type\":\"ImageObject\",\"inLanguage\":\"sq-AL\",\"@id\":\"https:\\\/\\\/fjala.info\\\/2009-2015\\\/wp-content\\\/uploads\\\/2012\\\/02\\\/arben_cokaj-120x150.jpg\",\"url\":\"https:\\\/\\\/fjala.info\\\/2009-2015\\\/wp-content\\\/uploads\\\/2012\\\/02\\\/arben_cokaj-120x150.jpg\",\"contentUrl\":\"https:\\\/\\\/fjala.info\\\/2009-2015\\\/wp-content\\\/uploads\\\/2012\\\/02\\\/arben_cokaj-120x150.jpg\",\"caption\":\"admin\"},\"description\":\"Admin, Fjala e Lir\u00eb\",\"sameAs\":[\"https:\\\/\\\/fjala.info\\\/\"],\"url\":\"https:\\\/\\\/fjala.info\\\/2009-2015\\\/author\\\/admin\\\/\"}]}<\/script>\n<!-- \/ Yoast SEO plugin. -->","yoast_head_json":{"title":"Intervistat e plota t\u00eb Kukan dhe Svoboda: Presidenti konsensual dhe d\u00ebnimi p\u00ebr vrasjet e 21 janarit, kusht p\u00ebr statusin kandidat - FjALA e LIR\u00cb - Arkivi","robots":{"index":"index","follow":"follow","max-snippet":"max-snippet:-1","max-image-preview":"max-image-preview:large","max-video-preview":"max-video-preview:-1"},"canonical":"https:\/\/fjala.info\/2009-2015\/intervistat-e-plota-te-kukan-dhe-svoboda-presidenti-konsensual-dhe-denimi-per-vrasjet-e-21-janarit-kusht-per-statusin-kandidat\/","og_locale":"sq_AL","og_type":"article","og_title":"Intervistat e plota t\u00eb Kukan dhe Svoboda: Presidenti konsensual dhe d\u00ebnimi p\u00ebr vrasjet e 21 janarit, kusht p\u00ebr statusin kandidat - FjALA e LIR\u00cb - Arkivi","og_description":"TemA Online, 10 Shkurt 2012 M\u00eb posht\u00eb jan\u00eb intervistat e presidentit t\u00eb ri t\u00eb grupimit t\u00eb majt\u00eb n\u00eb Parlamentin Europian (Aleanca Progresiste e Social-Demokrat\u00ebve Europian\u00eb), Hanes Svoboda, dhe kreut t\u00eb delegacionit europarlamentar p\u00ebr Ballkanin, i djathti (PPE) Eduard Kukan, dh\u00ebn\u00eb p\u00ebr gazetaren Arta Tozaj t\u00eb Top Channel. P\u00ebr vrasjet e 21 janarit, zoti Kukan thot\u00eb [&hellip;]","og_url":"https:\/\/fjala.info\/2009-2015\/intervistat-e-plota-te-kukan-dhe-svoboda-presidenti-konsensual-dhe-denimi-per-vrasjet-e-21-janarit-kusht-per-statusin-kandidat\/","og_site_name":"FjALA e LIR\u00cb - Arkivi","article_published_time":"2012-02-10T19:39:03+00:00","og_image":[{"url":"http:\/\/www.shkoder.net\/2012\/svoboda_kukan.jpg","type":"","width":"","height":""}],"author":"admin","twitter_card":"summary_large_image","twitter_misc":{"Written by":"admin","Est. reading time":"12 minutes"},"schema":{"@context":"https:\/\/schema.org","@graph":[{"@type":"Article","@id":"https:\/\/fjala.info\/2009-2015\/intervistat-e-plota-te-kukan-dhe-svoboda-presidenti-konsensual-dhe-denimi-per-vrasjet-e-21-janarit-kusht-per-statusin-kandidat\/#article","isPartOf":{"@id":"https:\/\/fjala.info\/2009-2015\/intervistat-e-plota-te-kukan-dhe-svoboda-presidenti-konsensual-dhe-denimi-per-vrasjet-e-21-janarit-kusht-per-statusin-kandidat\/"},"author":{"name":"admin","@id":"https:\/\/fjala.info\/2009-2015\/#\/schema\/person\/3aa1163ef05469c496fc94e77611ada2"},"headline":"Intervistat e plota t\u00eb Kukan dhe Svoboda: Presidenti konsensual dhe d\u00ebnimi p\u00ebr vrasjet e 21 janarit, kusht p\u00ebr statusin kandidat","datePublished":"2012-02-10T19:39:03+00:00","mainEntityOfPage":{"@id":"https:\/\/fjala.info\/2009-2015\/intervistat-e-plota-te-kukan-dhe-svoboda-presidenti-konsensual-dhe-denimi-per-vrasjet-e-21-janarit-kusht-per-statusin-kandidat\/"},"wordCount":2463,"commentCount":0,"publisher":{"@id":"https:\/\/fjala.info\/2009-2015\/#organization"},"image":{"@id":"https:\/\/fjala.info\/2009-2015\/intervistat-e-plota-te-kukan-dhe-svoboda-presidenti-konsensual-dhe-denimi-per-vrasjet-e-21-janarit-kusht-per-statusin-kandidat\/#primaryimage"},"thumbnailUrl":"http:\/\/www.shkoder.net\/2012\/svoboda_kukan.jpg","articleSection":["Artikuj","Intervista"],"inLanguage":"sq-AL","potentialAction":[{"@type":"CommentAction","name":"Comment","target":["https:\/\/fjala.info\/2009-2015\/intervistat-e-plota-te-kukan-dhe-svoboda-presidenti-konsensual-dhe-denimi-per-vrasjet-e-21-janarit-kusht-per-statusin-kandidat\/#respond"]}]},{"@type":"WebPage","@id":"https:\/\/fjala.info\/2009-2015\/intervistat-e-plota-te-kukan-dhe-svoboda-presidenti-konsensual-dhe-denimi-per-vrasjet-e-21-janarit-kusht-per-statusin-kandidat\/","url":"https:\/\/fjala.info\/2009-2015\/intervistat-e-plota-te-kukan-dhe-svoboda-presidenti-konsensual-dhe-denimi-per-vrasjet-e-21-janarit-kusht-per-statusin-kandidat\/","name":"Intervistat e plota t\u00eb Kukan dhe Svoboda: Presidenti konsensual dhe d\u00ebnimi p\u00ebr vrasjet e 21 janarit, kusht p\u00ebr statusin kandidat - FjALA e LIR\u00cb - Arkivi","isPartOf":{"@id":"https:\/\/fjala.info\/2009-2015\/#website"},"primaryImageOfPage":{"@id":"https:\/\/fjala.info\/2009-2015\/intervistat-e-plota-te-kukan-dhe-svoboda-presidenti-konsensual-dhe-denimi-per-vrasjet-e-21-janarit-kusht-per-statusin-kandidat\/#primaryimage"},"image":{"@id":"https:\/\/fjala.info\/2009-2015\/intervistat-e-plota-te-kukan-dhe-svoboda-presidenti-konsensual-dhe-denimi-per-vrasjet-e-21-janarit-kusht-per-statusin-kandidat\/#primaryimage"},"thumbnailUrl":"http:\/\/www.shkoder.net\/2012\/svoboda_kukan.jpg","datePublished":"2012-02-10T19:39:03+00:00","breadcrumb":{"@id":"https:\/\/fjala.info\/2009-2015\/intervistat-e-plota-te-kukan-dhe-svoboda-presidenti-konsensual-dhe-denimi-per-vrasjet-e-21-janarit-kusht-per-statusin-kandidat\/#breadcrumb"},"inLanguage":"sq-AL","potentialAction":[{"@type":"ReadAction","target":["https:\/\/fjala.info\/2009-2015\/intervistat-e-plota-te-kukan-dhe-svoboda-presidenti-konsensual-dhe-denimi-per-vrasjet-e-21-janarit-kusht-per-statusin-kandidat\/"]}]},{"@type":"ImageObject","inLanguage":"sq-AL","@id":"https:\/\/fjala.info\/2009-2015\/intervistat-e-plota-te-kukan-dhe-svoboda-presidenti-konsensual-dhe-denimi-per-vrasjet-e-21-janarit-kusht-per-statusin-kandidat\/#primaryimage","url":"http:\/\/www.shkoder.net\/2012\/svoboda_kukan.jpg","contentUrl":"http:\/\/www.shkoder.net\/2012\/svoboda_kukan.jpg"},{"@type":"BreadcrumbList","@id":"https:\/\/fjala.info\/2009-2015\/intervistat-e-plota-te-kukan-dhe-svoboda-presidenti-konsensual-dhe-denimi-per-vrasjet-e-21-janarit-kusht-per-statusin-kandidat\/#breadcrumb","itemListElement":[{"@type":"ListItem","position":1,"name":"Home","item":"https:\/\/fjala.info\/2009-2015\/"},{"@type":"ListItem","position":2,"name":"Intervistat e plota t\u00eb Kukan dhe Svoboda: Presidenti konsensual dhe d\u00ebnimi p\u00ebr vrasjet e 21 janarit, kusht p\u00ebr statusin kandidat"}]},{"@type":"WebSite","@id":"https:\/\/fjala.info\/2009-2015\/#website","url":"https:\/\/fjala.info\/2009-2015\/","name":"FjALA e LIR\u00cb - Arkivi","description":"Arkivi 2009-2015","publisher":{"@id":"https:\/\/fjala.info\/2009-2015\/#organization"},"potentialAction":[{"@type":"SearchAction","target":{"@type":"EntryPoint","urlTemplate":"https:\/\/fjala.info\/2009-2015\/?s={search_term_string}"},"query-input":{"@type":"PropertyValueSpecification","valueRequired":true,"valueName":"search_term_string"}}],"inLanguage":"sq-AL"},{"@type":"Organization","@id":"https:\/\/fjala.info\/2009-2015\/#organization","name":"FjALA e LIR\u00cb - Arkivi","url":"https:\/\/fjala.info\/2009-2015\/","logo":{"@type":"ImageObject","inLanguage":"sq-AL","@id":"https:\/\/fjala.info\/2009-2015\/#\/schema\/logo\/image\/","url":"","contentUrl":"","caption":"FjALA e LIR\u00cb - Arkivi"},"image":{"@id":"https:\/\/fjala.info\/2009-2015\/#\/schema\/logo\/image\/"}},{"@type":"Person","@id":"https:\/\/fjala.info\/2009-2015\/#\/schema\/person\/3aa1163ef05469c496fc94e77611ada2","name":"admin","image":{"@type":"ImageObject","inLanguage":"sq-AL","@id":"https:\/\/fjala.info\/2009-2015\/wp-content\/uploads\/2012\/02\/arben_cokaj-120x150.jpg","url":"https:\/\/fjala.info\/2009-2015\/wp-content\/uploads\/2012\/02\/arben_cokaj-120x150.jpg","contentUrl":"https:\/\/fjala.info\/2009-2015\/wp-content\/uploads\/2012\/02\/arben_cokaj-120x150.jpg","caption":"admin"},"description":"Admin, Fjala e Lir\u00eb","sameAs":["https:\/\/fjala.info\/"],"url":"https:\/\/fjala.info\/2009-2015\/author\/admin\/"}]}},"_links":{"self":[{"href":"https:\/\/fjala.info\/2009-2015\/wp-json\/wp\/v2\/posts\/11683","targetHints":{"allow":["GET"]}}],"collection":[{"href":"https:\/\/fjala.info\/2009-2015\/wp-json\/wp\/v2\/posts"}],"about":[{"href":"https:\/\/fjala.info\/2009-2015\/wp-json\/wp\/v2\/types\/post"}],"author":[{"embeddable":true,"href":"https:\/\/fjala.info\/2009-2015\/wp-json\/wp\/v2\/users\/1"}],"replies":[{"embeddable":true,"href":"https:\/\/fjala.info\/2009-2015\/wp-json\/wp\/v2\/comments?post=11683"}],"version-history":[{"count":0,"href":"https:\/\/fjala.info\/2009-2015\/wp-json\/wp\/v2\/posts\/11683\/revisions"}],"wp:attachment":[{"href":"https:\/\/fjala.info\/2009-2015\/wp-json\/wp\/v2\/media?parent=11683"}],"wp:term":[{"taxonomy":"category","embeddable":true,"href":"https:\/\/fjala.info\/2009-2015\/wp-json\/wp\/v2\/categories?post=11683"},{"taxonomy":"post_tag","embeddable":true,"href":"https:\/\/fjala.info\/2009-2015\/wp-json\/wp\/v2\/tags?post=11683"}],"curies":[{"name":"wp","href":"https:\/\/api.w.org\/{rel}","templated":true}]}}