{"id":11682,"date":"2012-02-10T20:33:57","date_gmt":"2012-02-10T19:33:57","guid":{"rendered":"http:\/\/fjala.shkoder.net\/?p=1696"},"modified":"2012-02-10T20:33:57","modified_gmt":"2012-02-10T19:33:57","slug":"kadare-te-ruhet-integriteti-territorial-i-republikes-se-kosoves","status":"publish","type":"post","link":"https:\/\/fjala.info\/2009-2015\/kadare-te-ruhet-integriteti-territorial-i-republikes-se-kosoves\/","title":{"rendered":"Kadare: T\u00eb ruhet integriteti territorial i Republik\u00ebs s\u00eb Kosov\u00ebs"},"content":{"rendered":"<p><img decoding=\"async\" class=\"alignright size-thumbnail wp-image-7236\" title=\"Ismail Kadare\" src=\"http:\/\/www.shkoder.net\/2012\/ismail_kadare.jpg\" alt=\"\" width=\"300\" \/> <em>Se si e shef Shqip\u00ebrin\u00eb, Kosov\u00ebn dhe shqiptar\u00ebt n\u00eb Ballkan 100 vjet\u00eb pas pavar\u00ebsis\u00eb sipas shkrimatrit ton\u00eb t\u00eb madh Ismail Kadare, p\u00ebr \u201cPresheva Jon\u00eb\u201d \u00ebsht\u00eb shprehur i k\u00ebnaqur, duke pohuar se \u201c kombi yn\u00eb n\u00eb p\u00ebrgith\u00ebsi ka arritur shum\u00eb suksese, sidomos decenive t\u00eb fundit, n\u00eb \u00e7do sfer\u00eb si n\u00eb Shqip\u00ebri ashtu edhe n\u00eb Kosov\u00eb dhe viset tjera t\u00eb ballkanit. Pro, kjo nuk don t\u00eb thot\u00eb t\u00eb ndalemi k\u00ebtu. Me suksese Shqip\u00ebria dhe Kosova duhet t\u00eb vazhdoj\u00eb. Sepse shqiptar\u00ebt sot gjenden n\u00eb kulmin e zhvillimeve dhe ato jan\u00eb n\u00eb rrug\u00eb t\u00eb mbar\u00eb.<\/em><\/p>\n<p>Bisedoi: <strong>Nefail MALIQI<\/strong>, <em>Presheva Jon\u00eb<\/em>, <em>10 Shkurt 2012<\/em><\/p>\n<p>Coptimi i Kosov\u00ebs, k\u00ebmbimi i territoreve, ridefinimi i kufijve mes Kosov\u00ebs dhe Serbis\u00eb&#8230; gjitha k\u00ebto propozime dhe hipoteza p\u00ebr shkrimtarin ton\u00eb t\u00eb madh, Ismail Kadare buk jan\u00eb t\u00eb panjohura, t\u00eb cilat ai i quan m\u00eb shum\u00eb se ide, i quan spekulime dhe loj\u00eb me zjarr p\u00ebr destabilizimin e rajonit. Ismail Kadare pajtohet plot\u00ebsisht me komunitetin nd\u00ebrkomb\u00ebtar dhe i bashkohet z\u00ebrave t\u00eb tyre p\u00ebr paprekshm\u00ebrin\u00eb e kufijve t\u00eb cilat sipas z. Ismail Kadare \u201cgj\u00ebra jan\u00eb jo vet\u00ebm t\u00eb ndieshme n\u00eb ballkanin e p\u00ebrzier, por edhe t\u00eb rrezikshme p\u00ebr perspektiv\u00ebn e rajonit pas gjith\u00eb atij mundi, pas gjith\u00eb atij investimi energjie nga nd\u00ebrkomb\u00ebtar\u00ebt p\u00ebr promovimin e paqes dhe v\u00ebnies s\u00eb stabilitetit n\u00eb rajon, pas gjith\u00eb atyre vuajtjeve dhe tmerrit, q\u00eb kishte p\u00ebrjetuar ballkani k\u00ebto vitet e fundit.\u201d<\/p>\n<p>Duke mos dashur t\u00eb hyj\u00eb n\u00eb k\u00ebso maskarall\u00ebqesh, pazare, si\u00e7 shprehet Kadare me propozime rreth ndarjes s\u00eb Kosov\u00ebn, ai p\u00ebr agjencin\u00eb informative komb\u00ebtare \u201cPresheva jon\u00eb\u201d \u00ebsht\u00eb shprehur kategorkisht kund\u00ebr ndarjes q\u00eb sipass tij \u201cgjithsesi duhet ruajtur integriteti territorial i shtetit t\u00eb Kosov\u00ebs dhe \u00e7do pretendim t\u00eb l\u00ebvizjeve t\u00eb kufijve apo coptim t\u00eb Kosov\u00ebs nuk do t\u00eb ishte n\u00eb favor t\u00eb paqes dhe stabiliteit n\u00eb rajon&#8230;\u201d Madje sipas z. Ismail Kadare \u201cnisur nga historia, vujtajet e popullit t\u00eb Kosov\u00ebs, sot nuk \u00ebsht\u00eb duke u b\u00ebr\u00eb aq sa duhet p\u00ebr k\u00ebt\u00eb pjes\u00eb t\u00eb Evrop\u00ebs. \u00c7do angazhim p\u00ebr Kosov\u00ebn nuk mjafton kurr\u00eb, sepse ajo e meriton shum\u00eb e m\u00eb shum\u00eb\u2026\u201d<\/p>\n<p>Pastaj, duke komentuar vlimet e fundit n\u00eb Kosov\u00eb dhe Lugin\u00eb t\u00eb Preshev\u00ebs, Ismail Kadare n\u00eb vazhdim p\u00ebr agjencin\u00eb ton\u00eb pohon se \u201c<em>situate n\u00eb Lugin\u00ebn e Preshev\u00ebs \u00ebsht\u00eb e papranueshme ku popullata e atjeshme, shqiptar\u00ebt etnik n\u00eb k\u00ebto troje, ende n\u00eb k\u00ebt\u00eb shekull ballafaqohet me diskriminimin e t\u00eb drejtave t\u00eb tyre elementare. Prandaj, perspektiva e Lugin\u00ebs s\u00eb Preshev\u00ebs, sikur viset tjera t\u00eb ballkanit, duhet t\u00eb jet\u00eb kah Evropa, gj\u00eb kjo e cila mund t\u00eb b\u00ebhet me nj\u00eb angazhim m\u00eb t\u00eb madh t\u00eb p\u00ebrfaq\u00ebsuesve t\u00eb Lugin\u00ebs n\u00eb bashk\u00ebpunim me faktorin nd\u00ebrkomb\u00ebtar. Prandaj, po e p\u00ebrs\u00ebris se populli yn\u00eb shqiptar si n\u00eb Kosov\u00eb ashtu n\u00eb Lugin\u00eb t\u00eb Preshev\u00ebs me nj\u00eb t\u00eb kaluar me v\u00ebshtir\u00ebsi t\u00eb m\u00ebdha e me saktifica, sot mund t\u00eb themi se nuk \u00ebsht\u00eb duke u b\u00ebr\u00eb mjaft, aq sa duhet p\u00ebr ta, sepse ato e meritojn\u00eb edhe m\u00eb shum\u00eb. Nuk \u00ebsht\u00eb kurr\u00eb shum\u00eb t\u00eb b\u00ebsh p\u00ebr ta. \u00cbsht\u00eb gjithmon\u00eb pak<\/em>\u2026\u201d<\/p>\n<p>Sa i p\u00ebrket vizitave t\u00eb kreut t\u00eb shtetit serb n\u00eb Kosov\u00eb edhe k\u00ebtu z. Kadare thot\u00eb se \u201c<em>sikur serb\u00ebt e Kosov\u00ebs q\u00eb presin personalitetet e tyre t\u00eb larta nga nj\u00eb vend fqinj edhe shqiptar\u00ebt e Lugin\u00ebs s\u00eb Preshev\u00ebs kan\u00eb t\u00eb drejt\u00eb dhe d\u00ebshir\u00eb, bile s\u00eb paku p\u00ebr t\u2019mos u harruar, q\u00eb t\u00eb vizitohen nga personalitetet tona nga Prishina e Tirana<\/em>.\u201d<\/p>\n<p>Se si e shef Shqip\u00ebrin\u00eb, Kosov\u00ebn dhe shqiptar\u00ebt n\u00eb Ballkan 100 vjet pas pavar\u00ebsis\u00eb, sipas shkrimatrit ton\u00eb t\u00eb madh Ismail Kadare n\u00eb fund \u00ebsht\u00eb shprehur i k\u00ebnaqur, duke pohuar se \u201c<em>kombi yn\u00eb n\u00eb p\u00ebrgith\u00ebsi ka arritur shum\u00eb suksese, sidomos decenive t\u00eb fundit, n\u00eb \u00e7do sfer\u00eb si n\u00eb Shqip\u00ebri ashtu edhe n\u00eb Kosov\u00eb dhe viset tjera t\u00eb ballkanit. Pro, kjo nuk don t\u00eb thot\u00eb t\u00eb ndalemi k\u00ebtu. Me suksese Shqip\u00ebria dhe Kosova duhet t\u00eb vazhdoj\u00eb.<\/em><\/p>\n<p><em>Sepse shqiptar\u00ebt sot gjenden n\u00eb kulmin e zhvillimeve dhe ato jan\u00eb n\u00eb rrug\u00eb t\u00eb mbar\u00eb. P\u00ebrfaq\u00ebsuesit e popullit ton\u00eb, dhe jo vet\u00ebm k\u00ebta, por t\u00eb gjith\u00eb ne bashkarisht shkrimtar\u00eb, intelektual\u00eb, rinia&#8230; meq\u00eb gjendemi para nj\u00eb s\u00ebr\u00eb sfidash, na presin edhe shum\u00eb detyra dhe p\u00ebrgjegj\u00ebsi t\u00eb m\u00ebdha p\u00ebr t\u00eb ardhmen e kombit ton\u00eb, p\u00ebr \u00e7ka nuk duhet ndalur s\u00eb punuari, duhet vazhduar misionin ton\u00eb, p\u00ebr zhvillimin e kombit ton\u00eb, p\u00ebr nj\u00eb t\u00eb ardhme edhe m\u00eb t\u00eb mir\u00eb dhe t\u00eb sigurt e orinetuar kah Evropa<\/em>&#8230;\u201d<\/p>\n","protected":false},"excerpt":{"rendered":"<p>Se si e shef Shqip\u00ebrin\u00eb, Kosov\u00ebn dhe shqiptar\u00ebt n\u00eb Ballkan 100 vjet\u00eb pas pavar\u00ebsis\u00eb sipas shkrimatrit ton\u00eb t\u00eb madh Ismail Kadare, p\u00ebr \u201cPresheva Jon\u00eb\u201d \u00ebsht\u00eb shprehur i k\u00ebnaqur, duke pohuar se \u201c kombi yn\u00eb n\u00eb p\u00ebrgith\u00ebsi ka arritur shum\u00eb suksese, sidomos decenive t\u00eb fundit, n\u00eb \u00e7do sfer\u00eb si n\u00eb Shqip\u00ebri ashtu edhe n\u00eb Kosov\u00eb dhe [&hellip;]<\/p>\n","protected":false},"author":1,"featured_media":0,"comment_status":"open","ping_status":"closed","sticky":false,"template":"","format":"standard","meta":{"footnotes":""},"categories":[2,5],"tags":[],"class_list":{"0":"post-11682","1":"post","2":"type-post","3":"status-publish","4":"format-standard","6":"category-artikuj","7":"category-lajme"},"yoast_head":"<!-- This site is optimized with the Yoast SEO plugin v27.4 - https:\/\/yoast.com\/product\/yoast-seo-wordpress\/ -->\n<title>Kadare: T\u00eb ruhet integriteti territorial i Republik\u00ebs s\u00eb Kosov\u00ebs - FjALA e LIR\u00cb - Arkivi<\/title>\n<meta name=\"robots\" content=\"index, follow, max-snippet:-1, max-image-preview:large, max-video-preview:-1\" \/>\n<link rel=\"canonical\" href=\"https:\/\/fjala.info\/2009-2015\/kadare-te-ruhet-integriteti-territorial-i-republikes-se-kosoves\/\" \/>\n<meta property=\"og:locale\" content=\"sq_AL\" \/>\n<meta property=\"og:type\" content=\"article\" \/>\n<meta property=\"og:title\" content=\"Kadare: T\u00eb ruhet integriteti territorial i Republik\u00ebs s\u00eb Kosov\u00ebs - FjALA e LIR\u00cb - Arkivi\" \/>\n<meta property=\"og:description\" content=\"Se si e shef Shqip\u00ebrin\u00eb, Kosov\u00ebn dhe shqiptar\u00ebt n\u00eb Ballkan 100 vjet\u00eb pas pavar\u00ebsis\u00eb sipas shkrimatrit ton\u00eb t\u00eb madh Ismail Kadare, p\u00ebr \u201cPresheva Jon\u00eb\u201d \u00ebsht\u00eb shprehur i k\u00ebnaqur, duke pohuar se \u201c kombi yn\u00eb n\u00eb p\u00ebrgith\u00ebsi ka arritur shum\u00eb suksese, sidomos decenive t\u00eb fundit, n\u00eb \u00e7do sfer\u00eb si n\u00eb Shqip\u00ebri ashtu edhe n\u00eb Kosov\u00eb dhe [&hellip;]\" \/>\n<meta property=\"og:url\" content=\"https:\/\/fjala.info\/2009-2015\/kadare-te-ruhet-integriteti-territorial-i-republikes-se-kosoves\/\" \/>\n<meta property=\"og:site_name\" content=\"FjALA e LIR\u00cb - Arkivi\" \/>\n<meta property=\"article:published_time\" content=\"2012-02-10T19:33:57+00:00\" \/>\n<meta property=\"og:image\" content=\"http:\/\/www.shkoder.net\/2012\/ismail_kadare.jpg\" \/>\n<meta name=\"author\" content=\"admin\" \/>\n<meta name=\"twitter:card\" content=\"summary_large_image\" \/>\n<meta name=\"twitter:label1\" content=\"Written by\" \/>\n\t<meta name=\"twitter:data1\" content=\"admin\" \/>\n\t<meta name=\"twitter:label2\" content=\"Est. reading time\" \/>\n\t<meta name=\"twitter:data2\" content=\"4 minutes\" \/>\n<script type=\"application\/ld+json\" class=\"yoast-schema-graph\">{\"@context\":\"https:\\\/\\\/schema.org\",\"@graph\":[{\"@type\":\"Article\",\"@id\":\"https:\\\/\\\/fjala.info\\\/2009-2015\\\/kadare-te-ruhet-integriteti-territorial-i-republikes-se-kosoves\\\/#article\",\"isPartOf\":{\"@id\":\"https:\\\/\\\/fjala.info\\\/2009-2015\\\/kadare-te-ruhet-integriteti-territorial-i-republikes-se-kosoves\\\/\"},\"author\":{\"name\":\"admin\",\"@id\":\"https:\\\/\\\/fjala.info\\\/2009-2015\\\/#\\\/schema\\\/person\\\/3aa1163ef05469c496fc94e77611ada2\"},\"headline\":\"Kadare: T\u00eb ruhet integriteti territorial i Republik\u00ebs s\u00eb Kosov\u00ebs\",\"datePublished\":\"2012-02-10T19:33:57+00:00\",\"mainEntityOfPage\":{\"@id\":\"https:\\\/\\\/fjala.info\\\/2009-2015\\\/kadare-te-ruhet-integriteti-territorial-i-republikes-se-kosoves\\\/\"},\"wordCount\":815,\"commentCount\":0,\"publisher\":{\"@id\":\"https:\\\/\\\/fjala.info\\\/2009-2015\\\/#organization\"},\"image\":{\"@id\":\"https:\\\/\\\/fjala.info\\\/2009-2015\\\/kadare-te-ruhet-integriteti-territorial-i-republikes-se-kosoves\\\/#primaryimage\"},\"thumbnailUrl\":\"http:\\\/\\\/www.shkoder.net\\\/2012\\\/ismail_kadare.jpg\",\"articleSection\":[\"Artikuj\",\"Lajme\"],\"inLanguage\":\"sq-AL\",\"potentialAction\":[{\"@type\":\"CommentAction\",\"name\":\"Comment\",\"target\":[\"https:\\\/\\\/fjala.info\\\/2009-2015\\\/kadare-te-ruhet-integriteti-territorial-i-republikes-se-kosoves\\\/#respond\"]}]},{\"@type\":\"WebPage\",\"@id\":\"https:\\\/\\\/fjala.info\\\/2009-2015\\\/kadare-te-ruhet-integriteti-territorial-i-republikes-se-kosoves\\\/\",\"url\":\"https:\\\/\\\/fjala.info\\\/2009-2015\\\/kadare-te-ruhet-integriteti-territorial-i-republikes-se-kosoves\\\/\",\"name\":\"Kadare: T\u00eb ruhet integriteti territorial i Republik\u00ebs s\u00eb Kosov\u00ebs - FjALA e LIR\u00cb - Arkivi\",\"isPartOf\":{\"@id\":\"https:\\\/\\\/fjala.info\\\/2009-2015\\\/#website\"},\"primaryImageOfPage\":{\"@id\":\"https:\\\/\\\/fjala.info\\\/2009-2015\\\/kadare-te-ruhet-integriteti-territorial-i-republikes-se-kosoves\\\/#primaryimage\"},\"image\":{\"@id\":\"https:\\\/\\\/fjala.info\\\/2009-2015\\\/kadare-te-ruhet-integriteti-territorial-i-republikes-se-kosoves\\\/#primaryimage\"},\"thumbnailUrl\":\"http:\\\/\\\/www.shkoder.net\\\/2012\\\/ismail_kadare.jpg\",\"datePublished\":\"2012-02-10T19:33:57+00:00\",\"breadcrumb\":{\"@id\":\"https:\\\/\\\/fjala.info\\\/2009-2015\\\/kadare-te-ruhet-integriteti-territorial-i-republikes-se-kosoves\\\/#breadcrumb\"},\"inLanguage\":\"sq-AL\",\"potentialAction\":[{\"@type\":\"ReadAction\",\"target\":[\"https:\\\/\\\/fjala.info\\\/2009-2015\\\/kadare-te-ruhet-integriteti-territorial-i-republikes-se-kosoves\\\/\"]}]},{\"@type\":\"ImageObject\",\"inLanguage\":\"sq-AL\",\"@id\":\"https:\\\/\\\/fjala.info\\\/2009-2015\\\/kadare-te-ruhet-integriteti-territorial-i-republikes-se-kosoves\\\/#primaryimage\",\"url\":\"http:\\\/\\\/www.shkoder.net\\\/2012\\\/ismail_kadare.jpg\",\"contentUrl\":\"http:\\\/\\\/www.shkoder.net\\\/2012\\\/ismail_kadare.jpg\"},{\"@type\":\"BreadcrumbList\",\"@id\":\"https:\\\/\\\/fjala.info\\\/2009-2015\\\/kadare-te-ruhet-integriteti-territorial-i-republikes-se-kosoves\\\/#breadcrumb\",\"itemListElement\":[{\"@type\":\"ListItem\",\"position\":1,\"name\":\"Home\",\"item\":\"https:\\\/\\\/fjala.info\\\/2009-2015\\\/\"},{\"@type\":\"ListItem\",\"position\":2,\"name\":\"Kadare: T\u00eb ruhet integriteti territorial i Republik\u00ebs s\u00eb Kosov\u00ebs\"}]},{\"@type\":\"WebSite\",\"@id\":\"https:\\\/\\\/fjala.info\\\/2009-2015\\\/#website\",\"url\":\"https:\\\/\\\/fjala.info\\\/2009-2015\\\/\",\"name\":\"FjALA e LIR\u00cb - Arkivi\",\"description\":\"Arkivi 2009-2015\",\"publisher\":{\"@id\":\"https:\\\/\\\/fjala.info\\\/2009-2015\\\/#organization\"},\"potentialAction\":[{\"@type\":\"SearchAction\",\"target\":{\"@type\":\"EntryPoint\",\"urlTemplate\":\"https:\\\/\\\/fjala.info\\\/2009-2015\\\/?s={search_term_string}\"},\"query-input\":{\"@type\":\"PropertyValueSpecification\",\"valueRequired\":true,\"valueName\":\"search_term_string\"}}],\"inLanguage\":\"sq-AL\"},{\"@type\":\"Organization\",\"@id\":\"https:\\\/\\\/fjala.info\\\/2009-2015\\\/#organization\",\"name\":\"FjALA e LIR\u00cb - Arkivi\",\"url\":\"https:\\\/\\\/fjala.info\\\/2009-2015\\\/\",\"logo\":{\"@type\":\"ImageObject\",\"inLanguage\":\"sq-AL\",\"@id\":\"https:\\\/\\\/fjala.info\\\/2009-2015\\\/#\\\/schema\\\/logo\\\/image\\\/\",\"url\":\"\",\"contentUrl\":\"\",\"caption\":\"FjALA e LIR\u00cb - Arkivi\"},\"image\":{\"@id\":\"https:\\\/\\\/fjala.info\\\/2009-2015\\\/#\\\/schema\\\/logo\\\/image\\\/\"}},{\"@type\":\"Person\",\"@id\":\"https:\\\/\\\/fjala.info\\\/2009-2015\\\/#\\\/schema\\\/person\\\/3aa1163ef05469c496fc94e77611ada2\",\"name\":\"admin\",\"image\":{\"@type\":\"ImageObject\",\"inLanguage\":\"sq-AL\",\"@id\":\"https:\\\/\\\/fjala.info\\\/2009-2015\\\/wp-content\\\/uploads\\\/2012\\\/02\\\/arben_cokaj-120x150.jpg\",\"url\":\"https:\\\/\\\/fjala.info\\\/2009-2015\\\/wp-content\\\/uploads\\\/2012\\\/02\\\/arben_cokaj-120x150.jpg\",\"contentUrl\":\"https:\\\/\\\/fjala.info\\\/2009-2015\\\/wp-content\\\/uploads\\\/2012\\\/02\\\/arben_cokaj-120x150.jpg\",\"caption\":\"admin\"},\"description\":\"Admin, Fjala e Lir\u00eb\",\"sameAs\":[\"https:\\\/\\\/fjala.info\\\/\"],\"url\":\"https:\\\/\\\/fjala.info\\\/2009-2015\\\/author\\\/admin\\\/\"}]}<\/script>\n<!-- \/ Yoast SEO plugin. -->","yoast_head_json":{"title":"Kadare: T\u00eb ruhet integriteti territorial i Republik\u00ebs s\u00eb Kosov\u00ebs - FjALA e LIR\u00cb - Arkivi","robots":{"index":"index","follow":"follow","max-snippet":"max-snippet:-1","max-image-preview":"max-image-preview:large","max-video-preview":"max-video-preview:-1"},"canonical":"https:\/\/fjala.info\/2009-2015\/kadare-te-ruhet-integriteti-territorial-i-republikes-se-kosoves\/","og_locale":"sq_AL","og_type":"article","og_title":"Kadare: T\u00eb ruhet integriteti territorial i Republik\u00ebs s\u00eb Kosov\u00ebs - FjALA e LIR\u00cb - Arkivi","og_description":"Se si e shef Shqip\u00ebrin\u00eb, Kosov\u00ebn dhe shqiptar\u00ebt n\u00eb Ballkan 100 vjet\u00eb pas pavar\u00ebsis\u00eb sipas shkrimatrit ton\u00eb t\u00eb madh Ismail Kadare, p\u00ebr \u201cPresheva Jon\u00eb\u201d \u00ebsht\u00eb shprehur i k\u00ebnaqur, duke pohuar se \u201c kombi yn\u00eb n\u00eb p\u00ebrgith\u00ebsi ka arritur shum\u00eb suksese, sidomos decenive t\u00eb fundit, n\u00eb \u00e7do sfer\u00eb si n\u00eb Shqip\u00ebri ashtu edhe n\u00eb Kosov\u00eb dhe [&hellip;]","og_url":"https:\/\/fjala.info\/2009-2015\/kadare-te-ruhet-integriteti-territorial-i-republikes-se-kosoves\/","og_site_name":"FjALA e LIR\u00cb - Arkivi","article_published_time":"2012-02-10T19:33:57+00:00","og_image":[{"url":"http:\/\/www.shkoder.net\/2012\/ismail_kadare.jpg","type":"","width":"","height":""}],"author":"admin","twitter_card":"summary_large_image","twitter_misc":{"Written by":"admin","Est. reading time":"4 minutes"},"schema":{"@context":"https:\/\/schema.org","@graph":[{"@type":"Article","@id":"https:\/\/fjala.info\/2009-2015\/kadare-te-ruhet-integriteti-territorial-i-republikes-se-kosoves\/#article","isPartOf":{"@id":"https:\/\/fjala.info\/2009-2015\/kadare-te-ruhet-integriteti-territorial-i-republikes-se-kosoves\/"},"author":{"name":"admin","@id":"https:\/\/fjala.info\/2009-2015\/#\/schema\/person\/3aa1163ef05469c496fc94e77611ada2"},"headline":"Kadare: T\u00eb ruhet integriteti territorial i Republik\u00ebs s\u00eb Kosov\u00ebs","datePublished":"2012-02-10T19:33:57+00:00","mainEntityOfPage":{"@id":"https:\/\/fjala.info\/2009-2015\/kadare-te-ruhet-integriteti-territorial-i-republikes-se-kosoves\/"},"wordCount":815,"commentCount":0,"publisher":{"@id":"https:\/\/fjala.info\/2009-2015\/#organization"},"image":{"@id":"https:\/\/fjala.info\/2009-2015\/kadare-te-ruhet-integriteti-territorial-i-republikes-se-kosoves\/#primaryimage"},"thumbnailUrl":"http:\/\/www.shkoder.net\/2012\/ismail_kadare.jpg","articleSection":["Artikuj","Lajme"],"inLanguage":"sq-AL","potentialAction":[{"@type":"CommentAction","name":"Comment","target":["https:\/\/fjala.info\/2009-2015\/kadare-te-ruhet-integriteti-territorial-i-republikes-se-kosoves\/#respond"]}]},{"@type":"WebPage","@id":"https:\/\/fjala.info\/2009-2015\/kadare-te-ruhet-integriteti-territorial-i-republikes-se-kosoves\/","url":"https:\/\/fjala.info\/2009-2015\/kadare-te-ruhet-integriteti-territorial-i-republikes-se-kosoves\/","name":"Kadare: T\u00eb ruhet integriteti territorial i Republik\u00ebs s\u00eb Kosov\u00ebs - FjALA e LIR\u00cb - Arkivi","isPartOf":{"@id":"https:\/\/fjala.info\/2009-2015\/#website"},"primaryImageOfPage":{"@id":"https:\/\/fjala.info\/2009-2015\/kadare-te-ruhet-integriteti-territorial-i-republikes-se-kosoves\/#primaryimage"},"image":{"@id":"https:\/\/fjala.info\/2009-2015\/kadare-te-ruhet-integriteti-territorial-i-republikes-se-kosoves\/#primaryimage"},"thumbnailUrl":"http:\/\/www.shkoder.net\/2012\/ismail_kadare.jpg","datePublished":"2012-02-10T19:33:57+00:00","breadcrumb":{"@id":"https:\/\/fjala.info\/2009-2015\/kadare-te-ruhet-integriteti-territorial-i-republikes-se-kosoves\/#breadcrumb"},"inLanguage":"sq-AL","potentialAction":[{"@type":"ReadAction","target":["https:\/\/fjala.info\/2009-2015\/kadare-te-ruhet-integriteti-territorial-i-republikes-se-kosoves\/"]}]},{"@type":"ImageObject","inLanguage":"sq-AL","@id":"https:\/\/fjala.info\/2009-2015\/kadare-te-ruhet-integriteti-territorial-i-republikes-se-kosoves\/#primaryimage","url":"http:\/\/www.shkoder.net\/2012\/ismail_kadare.jpg","contentUrl":"http:\/\/www.shkoder.net\/2012\/ismail_kadare.jpg"},{"@type":"BreadcrumbList","@id":"https:\/\/fjala.info\/2009-2015\/kadare-te-ruhet-integriteti-territorial-i-republikes-se-kosoves\/#breadcrumb","itemListElement":[{"@type":"ListItem","position":1,"name":"Home","item":"https:\/\/fjala.info\/2009-2015\/"},{"@type":"ListItem","position":2,"name":"Kadare: T\u00eb ruhet integriteti territorial i Republik\u00ebs s\u00eb Kosov\u00ebs"}]},{"@type":"WebSite","@id":"https:\/\/fjala.info\/2009-2015\/#website","url":"https:\/\/fjala.info\/2009-2015\/","name":"FjALA e LIR\u00cb - Arkivi","description":"Arkivi 2009-2015","publisher":{"@id":"https:\/\/fjala.info\/2009-2015\/#organization"},"potentialAction":[{"@type":"SearchAction","target":{"@type":"EntryPoint","urlTemplate":"https:\/\/fjala.info\/2009-2015\/?s={search_term_string}"},"query-input":{"@type":"PropertyValueSpecification","valueRequired":true,"valueName":"search_term_string"}}],"inLanguage":"sq-AL"},{"@type":"Organization","@id":"https:\/\/fjala.info\/2009-2015\/#organization","name":"FjALA e LIR\u00cb - Arkivi","url":"https:\/\/fjala.info\/2009-2015\/","logo":{"@type":"ImageObject","inLanguage":"sq-AL","@id":"https:\/\/fjala.info\/2009-2015\/#\/schema\/logo\/image\/","url":"","contentUrl":"","caption":"FjALA e LIR\u00cb - Arkivi"},"image":{"@id":"https:\/\/fjala.info\/2009-2015\/#\/schema\/logo\/image\/"}},{"@type":"Person","@id":"https:\/\/fjala.info\/2009-2015\/#\/schema\/person\/3aa1163ef05469c496fc94e77611ada2","name":"admin","image":{"@type":"ImageObject","inLanguage":"sq-AL","@id":"https:\/\/fjala.info\/2009-2015\/wp-content\/uploads\/2012\/02\/arben_cokaj-120x150.jpg","url":"https:\/\/fjala.info\/2009-2015\/wp-content\/uploads\/2012\/02\/arben_cokaj-120x150.jpg","contentUrl":"https:\/\/fjala.info\/2009-2015\/wp-content\/uploads\/2012\/02\/arben_cokaj-120x150.jpg","caption":"admin"},"description":"Admin, Fjala e Lir\u00eb","sameAs":["https:\/\/fjala.info\/"],"url":"https:\/\/fjala.info\/2009-2015\/author\/admin\/"}]}},"_links":{"self":[{"href":"https:\/\/fjala.info\/2009-2015\/wp-json\/wp\/v2\/posts\/11682","targetHints":{"allow":["GET"]}}],"collection":[{"href":"https:\/\/fjala.info\/2009-2015\/wp-json\/wp\/v2\/posts"}],"about":[{"href":"https:\/\/fjala.info\/2009-2015\/wp-json\/wp\/v2\/types\/post"}],"author":[{"embeddable":true,"href":"https:\/\/fjala.info\/2009-2015\/wp-json\/wp\/v2\/users\/1"}],"replies":[{"embeddable":true,"href":"https:\/\/fjala.info\/2009-2015\/wp-json\/wp\/v2\/comments?post=11682"}],"version-history":[{"count":0,"href":"https:\/\/fjala.info\/2009-2015\/wp-json\/wp\/v2\/posts\/11682\/revisions"}],"wp:attachment":[{"href":"https:\/\/fjala.info\/2009-2015\/wp-json\/wp\/v2\/media?parent=11682"}],"wp:term":[{"taxonomy":"category","embeddable":true,"href":"https:\/\/fjala.info\/2009-2015\/wp-json\/wp\/v2\/categories?post=11682"},{"taxonomy":"post_tag","embeddable":true,"href":"https:\/\/fjala.info\/2009-2015\/wp-json\/wp\/v2\/tags?post=11682"}],"curies":[{"name":"wp","href":"https:\/\/api.w.org\/{rel}","templated":true}]}}