{"id":11681,"date":"2012-02-09T21:01:30","date_gmt":"2012-02-09T20:01:30","guid":{"rendered":"http:\/\/fjala.shkoder.net\/?p=1704"},"modified":"2012-02-09T21:01:30","modified_gmt":"2012-02-09T20:01:30","slug":"shqetesimet-e-berishes-postuar-nga-gjermania-ne-rd","status":"publish","type":"post","link":"https:\/\/fjala.info\/2009-2015\/shqetesimet-e-berishes-postuar-nga-gjermania-ne-rd\/","title":{"rendered":"Shqet\u00ebsimet e Berish\u00ebs, postuar nga Gjermania n\u00eb RD"},"content":{"rendered":"<p><img decoding=\"async\" class=\"alignright size-thumbnail wp-image-7236\" title=\"Mero Baze\" src=\"http:\/\/www.shkoder.net\/images\/fjala\/mero_baze1.jpg\" alt=\"\" width=\"150\" \/> Nga <strong>Mero Baze<\/strong>, <em>9 Shkurt 2012<\/em><\/p>\n<p>Dy lajme interesante ka prodhuar Jozefina Topalli n\u00eb udh\u00ebtimin e saj n\u00eb Gjermani. E para, sulmi ndaj Ilir Met\u00ebs, dhe e dyta, sulmi ndaj Kreshnik Spahiut. T\u00eb dyja jan\u00eb interesante, pasi tregojn\u00eb shqet\u00ebsimet reale t\u00eb Berish\u00ebs n\u00eb k\u00ebto momente. Sulmet i shqiptoi p\u00ebrmes raportuesit t\u00eb CDU-s\u00eb p\u00ebr Shqip\u00ebrin\u00eb, Roderich Kiesewetter, i cili dha me rastin e vizit\u00ebs s\u00eb Topallit nj\u00eb intervist\u00eb n\u00eb portalin e Deutsche Welle-s, e cila u botua jo vet\u00ebm n\u00eb gazet\u00ebn TemA, por \u201c\u00e7udit\u00ebrisht\u201d me nd\u00ebrhyrje t\u00eb Berish\u00ebs, edhe n\u00eb gazet\u00ebn Rilindja Demokratike t\u00eb dit\u00ebs s\u00eb djeshme.<\/p>\n<p>Kiesewetter \u00ebsht\u00eb nj\u00eb mb\u00ebshtet\u00ebs i qart\u00eb dhe pa hezitim i Berish\u00ebs n\u00eb CDU dhe ka qen\u00eb pran\u00eb PD n\u00eb shum\u00eb momente delikate t\u00eb saj, biles dhe n\u00eb momente jo t\u00eb k\u00ebndshme p\u00ebr nj\u00eb per\u00ebndimor. Ai q\u00ebndron realisht pas vizit\u00ebs s\u00eb Topallit n\u00eb Gjermani dhe \u00ebsht\u00eb pika e referimit t\u00eb politik\u00ebs gjermane ndaj situat\u00ebs n\u00eb Shqip\u00ebri koh\u00ebt e fundit.<\/p>\n<p>N\u00eb intervist\u00ebn e tij, Roderich Kiesewetter duke mb\u00ebshtetur pa rezerva qeverin\u00eb Berisha dhe politik\u00ebn e saj, dha dy sinjale tep\u00ebr delikate q\u00eb duket se ziejn\u00eb brenda shumic\u00ebs n\u00eb pushtet, problemi Meta dhe problemi Spahiu. Edhe pse vet\u00eb Berisha ka shprehur mb\u00ebshtetje p\u00ebr Ilir Met\u00ebn dhe \u00ebsht\u00eb p\u00ebrdorur gati si truproj\u00eb p\u00ebr t\u00eb frik\u00ebsuar gjykatat, duket se \u00ebsht\u00eb i shqet\u00ebsuar nga d\u00ebmi q\u00eb i ka shkaktuar pushtetit dhe imazhit t\u00eb tij historia e video-skandalit, e cila tashm\u00eb p\u00ebrfundoi me nj\u00eb pakt mes dy kund\u00ebrshtar\u00ebve dhe me nj\u00eb taks\u00eb shum\u00eb t\u00eb r\u00ebnd\u00eb p\u00ebr imazhin e qeveris\u00eb Berisha.<\/p>\n<p>Jozefina Topalli dihet q\u00eb nuk e duron dot Lul\u00ebzim Bash\u00ebn. Por s\u00eb fundmi ajo nuk duron dot sidomos aleanc\u00ebn e Lul\u00ebzim Bash\u00ebs me Ilir Met\u00ebn, t\u00eb cil\u00ebt po funksionojn\u00eb si nj\u00eb pol pushteti brenda shumic\u00ebs. Edhe m\u00eb tej ajo ndjehet e acaruar nga fakti q\u00eb dyshja Meta- Basha, p\u00ebr t\u00eb shp\u00ebtuar imazhin e tyre t\u00eb rr\u00ebnuar me video-skandalin dhe vrasjet e 21 janarit, kan\u00eb nisur t\u00eb moderojn\u00eb gjuh\u00ebn dhe t\u2019i b\u00ebjn\u00eb karshill\u00ebk pushtetit, duke dashur t\u00eb kompensojn\u00eb problemet me ligjin p\u00ebrmes gjuh\u00ebs s\u00eb moderuar. \u00cbsht\u00eb kjo arsyeja q\u00eb ka nxitur zonj\u00ebn Topalli t\u00eb jet\u00eb porosit\u00ebsja e qart\u00eb e sulmit q\u00eb Roderich Kiesewetter i ka b\u00ebr\u00eb Ilir Met\u00ebs n\u00eb k\u00ebt\u00eb intervist\u00eb.<\/p>\n<p>Ai e p\u00ebrshkruan mosd\u00ebnimin e Ilir Met\u00ebs si nj\u00eb gj\u00eb t\u00eb pakuptueshme p\u00ebr qytetar\u00ebt dhe ky \u00ebsht\u00eb sulmi m\u00eb i r\u00ebnd\u00eb q\u00eb miku i pushtetit t\u00eb Berish\u00ebs, nj\u00eb mik dhe i sot\u00ebm dhe mb\u00ebshtet\u00ebs i fort\u00eb i tij, e b\u00ebn me kaq shum\u00eb detaje. \u201cN\u00eb rastin e Ilir Met\u00ebs gjykatat nuk mor\u00ebn nj\u00eb vendim t\u00eb kuptuesh\u00ebm. Njer\u00ebzit prisnin n\u00eb fakt q\u00eb ai t\u00eb d\u00ebnohej, e nuk kuptohet se p\u00ebrse gjykatat kan\u00eb marr\u00eb nj\u00eb vendim t\u00eb till\u00eb\u201d. Si\u00e7 duket qart\u00eb nga teksti, ai \u00ebsht\u00eb i udh\u00ebzuar t\u00eb flas\u00eb me kaq detaje p\u00ebr skandalin Meta dhe faktin q\u00eb ai i prish pun\u00eb imazhit t\u00eb shumic\u00ebs n\u00eb Shqip\u00ebri, aleat i s\u00eb cil\u00ebs \u00ebsht\u00eb vet\u00eb zoti Roderich Kiesewetter.<\/p>\n<p>Ngelet p\u00ebr t\u00eb par\u00eb n\u00ebse zelli p\u00ebr ta sulmuar publikisht Ilir Met\u00ebn si hajdut \u00ebsht\u00eb vet\u00ebm i zonj\u00ebs Topalli apo ka qen\u00eb dhe nj\u00eb direktiv\u00eb e Berish\u00ebs, i cili ndjehet i shqet\u00ebsuar nga pakti Meta- Prifti. Ajo q\u00eb shohim koh\u00ebt e fundit \u00ebsht\u00eb se Berisha po k\u00ebrkon nj\u00eb zgjerim t\u00eb madh t\u00eb koalicionit t\u00eb ardhsh\u00ebm, nj\u00eb zgjerim deri n\u00eb at\u00eb shkall\u00eb sa t\u00eb mos i duhet m\u00eb Ilir Meta. Por deri at\u00ebher\u00eb, mos prisni ndonj\u00eb fjal\u00eb t\u00eb keqe prej tij p\u00ebr Ilir Met\u00ebn, p\u00ebrve\u00e7 ndonj\u00eb sinjali si intervista n\u00eb fjal\u00eb, tek gazeta RD. \u00cbsht\u00eb e para her\u00eb q\u00eb gazeta e pushtetit shkruan se mosd\u00ebnimi i Ilir Met\u00ebs, ka ngjallur shqet\u00ebsim tek qytetar\u00ebt.<\/p>\n<p>Shqet\u00ebsimi i dyt\u00eb q\u00eb lexohet n\u00eb intervist\u00ebn e zotit Roderich Kiesewetter \u00ebsht\u00eb shqet\u00ebsimi p\u00ebr Aleanc\u00ebn Kuq e Zi. Ai e karakterizon at\u00eb si nj\u00eb l\u00ebvizje populiste t\u00eb djatht\u00eb, e thekson t\u00eb djatht\u00eb, e cila \u00ebsht\u00eb e d\u00ebmshme, bile dhe e rrezikshme p\u00ebr Shqip\u00ebrin\u00eb. Nga p\u00ebrkufizimi q\u00eb i b\u00ebn Aleanc\u00ebs Kuq e Zi si l\u00ebvizje e djatht\u00eb populiste, ai duket se \u00ebsht\u00eb i shqet\u00ebsuar p\u00ebr futjen e k\u00ebsaj l\u00ebvizje n\u00eb tort\u00ebn elektorale t\u00eb PD dhe Berish\u00ebs, dhe e ka sulmuar at\u00eb. \u00cbsht\u00eb e qart\u00eb se ai nuk \u00ebsht\u00eb se monitoron Shqip\u00ebrin\u00eb apo \u00e7far\u00eb ndodh k\u00ebtu.<\/p>\n<p>Deklaratat e tij gjat\u00eb vizit\u00ebs s\u00eb zonj\u00ebs Topalli n\u00eb Gjermani duhet t\u2019i lexojm\u00eb si sugjerime t\u00eb zonj\u00ebs Topalli ndaj situat\u00ebs aktuale n\u00eb Tiran\u00eb. Dhe kjo kuptohet qart\u00eb se Berisha ka dy shqet\u00ebsime kryesore, shqet\u00ebsimin se Aleanca Kuq e Zi mund t\u2019i marr\u00eb vota, dhe shqet\u00ebsimin se Ilir Meta mund t\u2019i ul\u00eb vota. Duke dashur t\u00eb mos jet\u00eb vet\u00eb artikuluesi i k\u00ebtyre shqet\u00ebsimeve, ai ka zgjedhur nj\u00eb partner t\u00eb PD-s\u00eb dhe njeri t\u00eb besuar t\u00eb tij n\u00eb Gjermani q\u00eb t\u2019i b\u00ebj\u00eb k\u00ebto deklarata si shqet\u00ebsime t\u00eb Per\u00ebndimit. Por n\u00eb t\u00eb v\u00ebrtet\u00eb deklarata t\u00eb tilla nuk \u00ebsht\u00eb se i prishin ndonj\u00eb pun\u00eb Aleanc\u00ebs Kuq e Zi.<\/p>\n<p>Ato e ndihmojn\u00eb at\u00eb t\u00eb forcoj\u00eb identitetin e saj dhe t\u00eb zgjeroj\u00eb rrethin e mb\u00ebshtet\u00ebsve nacionalist\u00eb n\u00eb vend, q\u00eb i shikojn\u00eb edhe mb\u00ebshtet\u00ebsit per\u00ebndimor\u00eb t\u00eb Berish\u00ebs si kund\u00ebrshtar\u00eb t\u00eb tyre. Por m\u00eb shum\u00eb se p\u00ebr t\u00eb d\u00ebmtuar Aleanc\u00ebn Kuq e Zi, ajo intervist\u00eb e porositur vlen p\u00ebr t\u00eb kuptuar shqet\u00ebsimet e Berish\u00ebs p\u00ebr sken\u00ebn aktuale politike n\u00eb Tiran\u00eb. Si\u00e7 shihet nga intervista ai nuk ka prekur fare \u00e7\u00ebshtje delikate si\u00e7 \u00ebsht\u00eb zgjedhja e presidentit, hetimi i 21 Janarit, apo r\u00ebnia e drejt\u00ebsis\u00eb n\u00ebn ndikimin e pushtetit, q\u00eb jan\u00eb dhe probleme madhore p\u00ebr Shqip\u00ebrin\u00eb.<\/p>\n<p>Ai ka b\u00ebr\u00eb madhore p\u00ebr Shqip\u00ebrin\u00eb ato probleme q\u00eb jan\u00eb n\u00eb k\u00ebto momente madhore p\u00ebr zonj\u00ebn Topalli, e cila \u00ebsht\u00eb e injektuar non stop nga shqet\u00ebsimet e kryeministrit Berisha. Ndaj n\u00eb k\u00ebt\u00eb rast kemi arsye t\u00eb m\u00ebsojm\u00eb p\u00ebr dhimbjet e kok\u00ebs s\u00eb Berish\u00ebs n\u00eb Tiran\u00eb, nga receta q\u00eb sugjeron nj\u00eb mik i tij n\u00eb Gjermani, i cili nuk ka harxhuar shum\u00eb koh\u00eb p\u00ebr t\u00eb p\u00ebrgatitur ato q\u00eb ka th\u00ebn\u00eb. Thjesht koha q\u00eb i duhet p\u00ebrkthyeses s\u00eb zonj\u00ebs Topalli p\u00ebr t\u2019ia shpjeguar hallet q\u00eb kan\u00eb n\u00eb Tiran\u00eb.<\/p>\n","protected":false},"excerpt":{"rendered":"<p>Nga Mero Baze, 9 Shkurt 2012 Dy lajme interesante ka prodhuar Jozefina Topalli n\u00eb udh\u00ebtimin e saj n\u00eb Gjermani. E para, sulmi ndaj Ilir Met\u00ebs, dhe e dyta, sulmi ndaj Kreshnik Spahiut. T\u00eb dyja jan\u00eb interesante, pasi tregojn\u00eb shqet\u00ebsimet reale t\u00eb Berish\u00ebs n\u00eb k\u00ebto momente. Sulmet i shqiptoi p\u00ebrmes raportuesit t\u00eb CDU-s\u00eb p\u00ebr Shqip\u00ebrin\u00eb, Roderich [&hellip;]<\/p>\n","protected":false},"author":1,"featured_media":0,"comment_status":"open","ping_status":"closed","sticky":false,"template":"","format":"standard","meta":{"footnotes":""},"categories":[2],"tags":[],"class_list":{"0":"post-11681","1":"post","2":"type-post","3":"status-publish","4":"format-standard","6":"category-artikuj"},"yoast_head":"<!-- This site is optimized with the Yoast SEO plugin v27.4 - https:\/\/yoast.com\/product\/yoast-seo-wordpress\/ -->\n<title>Shqet\u00ebsimet e Berish\u00ebs, postuar nga Gjermania n\u00eb RD - FjALA e LIR\u00cb - Arkivi<\/title>\n<meta name=\"robots\" content=\"index, follow, max-snippet:-1, max-image-preview:large, max-video-preview:-1\" \/>\n<link rel=\"canonical\" href=\"https:\/\/fjala.info\/2009-2015\/shqetesimet-e-berishes-postuar-nga-gjermania-ne-rd\/\" \/>\n<meta property=\"og:locale\" content=\"sq_AL\" \/>\n<meta property=\"og:type\" content=\"article\" \/>\n<meta property=\"og:title\" content=\"Shqet\u00ebsimet e Berish\u00ebs, postuar nga Gjermania n\u00eb RD - FjALA e LIR\u00cb - Arkivi\" \/>\n<meta property=\"og:description\" content=\"Nga Mero Baze, 9 Shkurt 2012 Dy lajme interesante ka prodhuar Jozefina Topalli n\u00eb udh\u00ebtimin e saj n\u00eb Gjermani. E para, sulmi ndaj Ilir Met\u00ebs, dhe e dyta, sulmi ndaj Kreshnik Spahiut. T\u00eb dyja jan\u00eb interesante, pasi tregojn\u00eb shqet\u00ebsimet reale t\u00eb Berish\u00ebs n\u00eb k\u00ebto momente. Sulmet i shqiptoi p\u00ebrmes raportuesit t\u00eb CDU-s\u00eb p\u00ebr Shqip\u00ebrin\u00eb, Roderich [&hellip;]\" \/>\n<meta property=\"og:url\" content=\"https:\/\/fjala.info\/2009-2015\/shqetesimet-e-berishes-postuar-nga-gjermania-ne-rd\/\" \/>\n<meta property=\"og:site_name\" content=\"FjALA e LIR\u00cb - Arkivi\" \/>\n<meta property=\"article:published_time\" content=\"2012-02-09T20:01:30+00:00\" \/>\n<meta property=\"og:image\" content=\"http:\/\/www.shkoder.net\/images\/fjala\/mero_baze1.jpg\" \/>\n<meta name=\"author\" content=\"admin\" \/>\n<meta name=\"twitter:card\" content=\"summary_large_image\" \/>\n<meta name=\"twitter:label1\" content=\"Written by\" \/>\n\t<meta name=\"twitter:data1\" content=\"admin\" \/>\n\t<meta name=\"twitter:label2\" content=\"Est. reading time\" \/>\n\t<meta name=\"twitter:data2\" content=\"6 minutes\" \/>\n<script type=\"application\/ld+json\" class=\"yoast-schema-graph\">{\"@context\":\"https:\\\/\\\/schema.org\",\"@graph\":[{\"@type\":\"Article\",\"@id\":\"https:\\\/\\\/fjala.info\\\/2009-2015\\\/shqetesimet-e-berishes-postuar-nga-gjermania-ne-rd\\\/#article\",\"isPartOf\":{\"@id\":\"https:\\\/\\\/fjala.info\\\/2009-2015\\\/shqetesimet-e-berishes-postuar-nga-gjermania-ne-rd\\\/\"},\"author\":{\"name\":\"admin\",\"@id\":\"https:\\\/\\\/fjala.info\\\/2009-2015\\\/#\\\/schema\\\/person\\\/3aa1163ef05469c496fc94e77611ada2\"},\"headline\":\"Shqet\u00ebsimet e Berish\u00ebs, postuar nga Gjermania n\u00eb RD\",\"datePublished\":\"2012-02-09T20:01:30+00:00\",\"mainEntityOfPage\":{\"@id\":\"https:\\\/\\\/fjala.info\\\/2009-2015\\\/shqetesimet-e-berishes-postuar-nga-gjermania-ne-rd\\\/\"},\"wordCount\":1156,\"commentCount\":0,\"publisher\":{\"@id\":\"https:\\\/\\\/fjala.info\\\/2009-2015\\\/#organization\"},\"image\":{\"@id\":\"https:\\\/\\\/fjala.info\\\/2009-2015\\\/shqetesimet-e-berishes-postuar-nga-gjermania-ne-rd\\\/#primaryimage\"},\"thumbnailUrl\":\"http:\\\/\\\/www.shkoder.net\\\/images\\\/fjala\\\/mero_baze1.jpg\",\"articleSection\":[\"Artikuj\"],\"inLanguage\":\"sq-AL\",\"potentialAction\":[{\"@type\":\"CommentAction\",\"name\":\"Comment\",\"target\":[\"https:\\\/\\\/fjala.info\\\/2009-2015\\\/shqetesimet-e-berishes-postuar-nga-gjermania-ne-rd\\\/#respond\"]}]},{\"@type\":\"WebPage\",\"@id\":\"https:\\\/\\\/fjala.info\\\/2009-2015\\\/shqetesimet-e-berishes-postuar-nga-gjermania-ne-rd\\\/\",\"url\":\"https:\\\/\\\/fjala.info\\\/2009-2015\\\/shqetesimet-e-berishes-postuar-nga-gjermania-ne-rd\\\/\",\"name\":\"Shqet\u00ebsimet e Berish\u00ebs, postuar nga Gjermania n\u00eb RD - FjALA e LIR\u00cb - Arkivi\",\"isPartOf\":{\"@id\":\"https:\\\/\\\/fjala.info\\\/2009-2015\\\/#website\"},\"primaryImageOfPage\":{\"@id\":\"https:\\\/\\\/fjala.info\\\/2009-2015\\\/shqetesimet-e-berishes-postuar-nga-gjermania-ne-rd\\\/#primaryimage\"},\"image\":{\"@id\":\"https:\\\/\\\/fjala.info\\\/2009-2015\\\/shqetesimet-e-berishes-postuar-nga-gjermania-ne-rd\\\/#primaryimage\"},\"thumbnailUrl\":\"http:\\\/\\\/www.shkoder.net\\\/images\\\/fjala\\\/mero_baze1.jpg\",\"datePublished\":\"2012-02-09T20:01:30+00:00\",\"breadcrumb\":{\"@id\":\"https:\\\/\\\/fjala.info\\\/2009-2015\\\/shqetesimet-e-berishes-postuar-nga-gjermania-ne-rd\\\/#breadcrumb\"},\"inLanguage\":\"sq-AL\",\"potentialAction\":[{\"@type\":\"ReadAction\",\"target\":[\"https:\\\/\\\/fjala.info\\\/2009-2015\\\/shqetesimet-e-berishes-postuar-nga-gjermania-ne-rd\\\/\"]}]},{\"@type\":\"ImageObject\",\"inLanguage\":\"sq-AL\",\"@id\":\"https:\\\/\\\/fjala.info\\\/2009-2015\\\/shqetesimet-e-berishes-postuar-nga-gjermania-ne-rd\\\/#primaryimage\",\"url\":\"http:\\\/\\\/www.shkoder.net\\\/images\\\/fjala\\\/mero_baze1.jpg\",\"contentUrl\":\"http:\\\/\\\/www.shkoder.net\\\/images\\\/fjala\\\/mero_baze1.jpg\"},{\"@type\":\"BreadcrumbList\",\"@id\":\"https:\\\/\\\/fjala.info\\\/2009-2015\\\/shqetesimet-e-berishes-postuar-nga-gjermania-ne-rd\\\/#breadcrumb\",\"itemListElement\":[{\"@type\":\"ListItem\",\"position\":1,\"name\":\"Home\",\"item\":\"https:\\\/\\\/fjala.info\\\/2009-2015\\\/\"},{\"@type\":\"ListItem\",\"position\":2,\"name\":\"Shqet\u00ebsimet e Berish\u00ebs, postuar nga Gjermania n\u00eb RD\"}]},{\"@type\":\"WebSite\",\"@id\":\"https:\\\/\\\/fjala.info\\\/2009-2015\\\/#website\",\"url\":\"https:\\\/\\\/fjala.info\\\/2009-2015\\\/\",\"name\":\"FjALA e LIR\u00cb - Arkivi\",\"description\":\"Arkivi 2009-2015\",\"publisher\":{\"@id\":\"https:\\\/\\\/fjala.info\\\/2009-2015\\\/#organization\"},\"potentialAction\":[{\"@type\":\"SearchAction\",\"target\":{\"@type\":\"EntryPoint\",\"urlTemplate\":\"https:\\\/\\\/fjala.info\\\/2009-2015\\\/?s={search_term_string}\"},\"query-input\":{\"@type\":\"PropertyValueSpecification\",\"valueRequired\":true,\"valueName\":\"search_term_string\"}}],\"inLanguage\":\"sq-AL\"},{\"@type\":\"Organization\",\"@id\":\"https:\\\/\\\/fjala.info\\\/2009-2015\\\/#organization\",\"name\":\"FjALA e LIR\u00cb - Arkivi\",\"url\":\"https:\\\/\\\/fjala.info\\\/2009-2015\\\/\",\"logo\":{\"@type\":\"ImageObject\",\"inLanguage\":\"sq-AL\",\"@id\":\"https:\\\/\\\/fjala.info\\\/2009-2015\\\/#\\\/schema\\\/logo\\\/image\\\/\",\"url\":\"\",\"contentUrl\":\"\",\"caption\":\"FjALA e LIR\u00cb - Arkivi\"},\"image\":{\"@id\":\"https:\\\/\\\/fjala.info\\\/2009-2015\\\/#\\\/schema\\\/logo\\\/image\\\/\"}},{\"@type\":\"Person\",\"@id\":\"https:\\\/\\\/fjala.info\\\/2009-2015\\\/#\\\/schema\\\/person\\\/3aa1163ef05469c496fc94e77611ada2\",\"name\":\"admin\",\"image\":{\"@type\":\"ImageObject\",\"inLanguage\":\"sq-AL\",\"@id\":\"https:\\\/\\\/fjala.info\\\/2009-2015\\\/wp-content\\\/uploads\\\/2012\\\/02\\\/arben_cokaj-120x150.jpg\",\"url\":\"https:\\\/\\\/fjala.info\\\/2009-2015\\\/wp-content\\\/uploads\\\/2012\\\/02\\\/arben_cokaj-120x150.jpg\",\"contentUrl\":\"https:\\\/\\\/fjala.info\\\/2009-2015\\\/wp-content\\\/uploads\\\/2012\\\/02\\\/arben_cokaj-120x150.jpg\",\"caption\":\"admin\"},\"description\":\"Admin, Fjala e Lir\u00eb\",\"sameAs\":[\"https:\\\/\\\/fjala.info\\\/\"],\"url\":\"https:\\\/\\\/fjala.info\\\/2009-2015\\\/author\\\/admin\\\/\"}]}<\/script>\n<!-- \/ Yoast SEO plugin. -->","yoast_head_json":{"title":"Shqet\u00ebsimet e Berish\u00ebs, postuar nga Gjermania n\u00eb RD - FjALA e LIR\u00cb - Arkivi","robots":{"index":"index","follow":"follow","max-snippet":"max-snippet:-1","max-image-preview":"max-image-preview:large","max-video-preview":"max-video-preview:-1"},"canonical":"https:\/\/fjala.info\/2009-2015\/shqetesimet-e-berishes-postuar-nga-gjermania-ne-rd\/","og_locale":"sq_AL","og_type":"article","og_title":"Shqet\u00ebsimet e Berish\u00ebs, postuar nga Gjermania n\u00eb RD - FjALA e LIR\u00cb - Arkivi","og_description":"Nga Mero Baze, 9 Shkurt 2012 Dy lajme interesante ka prodhuar Jozefina Topalli n\u00eb udh\u00ebtimin e saj n\u00eb Gjermani. E para, sulmi ndaj Ilir Met\u00ebs, dhe e dyta, sulmi ndaj Kreshnik Spahiut. T\u00eb dyja jan\u00eb interesante, pasi tregojn\u00eb shqet\u00ebsimet reale t\u00eb Berish\u00ebs n\u00eb k\u00ebto momente. Sulmet i shqiptoi p\u00ebrmes raportuesit t\u00eb CDU-s\u00eb p\u00ebr Shqip\u00ebrin\u00eb, Roderich [&hellip;]","og_url":"https:\/\/fjala.info\/2009-2015\/shqetesimet-e-berishes-postuar-nga-gjermania-ne-rd\/","og_site_name":"FjALA e LIR\u00cb - Arkivi","article_published_time":"2012-02-09T20:01:30+00:00","og_image":[{"url":"http:\/\/www.shkoder.net\/images\/fjala\/mero_baze1.jpg","type":"","width":"","height":""}],"author":"admin","twitter_card":"summary_large_image","twitter_misc":{"Written by":"admin","Est. reading time":"6 minutes"},"schema":{"@context":"https:\/\/schema.org","@graph":[{"@type":"Article","@id":"https:\/\/fjala.info\/2009-2015\/shqetesimet-e-berishes-postuar-nga-gjermania-ne-rd\/#article","isPartOf":{"@id":"https:\/\/fjala.info\/2009-2015\/shqetesimet-e-berishes-postuar-nga-gjermania-ne-rd\/"},"author":{"name":"admin","@id":"https:\/\/fjala.info\/2009-2015\/#\/schema\/person\/3aa1163ef05469c496fc94e77611ada2"},"headline":"Shqet\u00ebsimet e Berish\u00ebs, postuar nga Gjermania n\u00eb RD","datePublished":"2012-02-09T20:01:30+00:00","mainEntityOfPage":{"@id":"https:\/\/fjala.info\/2009-2015\/shqetesimet-e-berishes-postuar-nga-gjermania-ne-rd\/"},"wordCount":1156,"commentCount":0,"publisher":{"@id":"https:\/\/fjala.info\/2009-2015\/#organization"},"image":{"@id":"https:\/\/fjala.info\/2009-2015\/shqetesimet-e-berishes-postuar-nga-gjermania-ne-rd\/#primaryimage"},"thumbnailUrl":"http:\/\/www.shkoder.net\/images\/fjala\/mero_baze1.jpg","articleSection":["Artikuj"],"inLanguage":"sq-AL","potentialAction":[{"@type":"CommentAction","name":"Comment","target":["https:\/\/fjala.info\/2009-2015\/shqetesimet-e-berishes-postuar-nga-gjermania-ne-rd\/#respond"]}]},{"@type":"WebPage","@id":"https:\/\/fjala.info\/2009-2015\/shqetesimet-e-berishes-postuar-nga-gjermania-ne-rd\/","url":"https:\/\/fjala.info\/2009-2015\/shqetesimet-e-berishes-postuar-nga-gjermania-ne-rd\/","name":"Shqet\u00ebsimet e Berish\u00ebs, postuar nga Gjermania n\u00eb RD - FjALA e LIR\u00cb - Arkivi","isPartOf":{"@id":"https:\/\/fjala.info\/2009-2015\/#website"},"primaryImageOfPage":{"@id":"https:\/\/fjala.info\/2009-2015\/shqetesimet-e-berishes-postuar-nga-gjermania-ne-rd\/#primaryimage"},"image":{"@id":"https:\/\/fjala.info\/2009-2015\/shqetesimet-e-berishes-postuar-nga-gjermania-ne-rd\/#primaryimage"},"thumbnailUrl":"http:\/\/www.shkoder.net\/images\/fjala\/mero_baze1.jpg","datePublished":"2012-02-09T20:01:30+00:00","breadcrumb":{"@id":"https:\/\/fjala.info\/2009-2015\/shqetesimet-e-berishes-postuar-nga-gjermania-ne-rd\/#breadcrumb"},"inLanguage":"sq-AL","potentialAction":[{"@type":"ReadAction","target":["https:\/\/fjala.info\/2009-2015\/shqetesimet-e-berishes-postuar-nga-gjermania-ne-rd\/"]}]},{"@type":"ImageObject","inLanguage":"sq-AL","@id":"https:\/\/fjala.info\/2009-2015\/shqetesimet-e-berishes-postuar-nga-gjermania-ne-rd\/#primaryimage","url":"http:\/\/www.shkoder.net\/images\/fjala\/mero_baze1.jpg","contentUrl":"http:\/\/www.shkoder.net\/images\/fjala\/mero_baze1.jpg"},{"@type":"BreadcrumbList","@id":"https:\/\/fjala.info\/2009-2015\/shqetesimet-e-berishes-postuar-nga-gjermania-ne-rd\/#breadcrumb","itemListElement":[{"@type":"ListItem","position":1,"name":"Home","item":"https:\/\/fjala.info\/2009-2015\/"},{"@type":"ListItem","position":2,"name":"Shqet\u00ebsimet e Berish\u00ebs, postuar nga Gjermania n\u00eb RD"}]},{"@type":"WebSite","@id":"https:\/\/fjala.info\/2009-2015\/#website","url":"https:\/\/fjala.info\/2009-2015\/","name":"FjALA e LIR\u00cb - Arkivi","description":"Arkivi 2009-2015","publisher":{"@id":"https:\/\/fjala.info\/2009-2015\/#organization"},"potentialAction":[{"@type":"SearchAction","target":{"@type":"EntryPoint","urlTemplate":"https:\/\/fjala.info\/2009-2015\/?s={search_term_string}"},"query-input":{"@type":"PropertyValueSpecification","valueRequired":true,"valueName":"search_term_string"}}],"inLanguage":"sq-AL"},{"@type":"Organization","@id":"https:\/\/fjala.info\/2009-2015\/#organization","name":"FjALA e LIR\u00cb - Arkivi","url":"https:\/\/fjala.info\/2009-2015\/","logo":{"@type":"ImageObject","inLanguage":"sq-AL","@id":"https:\/\/fjala.info\/2009-2015\/#\/schema\/logo\/image\/","url":"","contentUrl":"","caption":"FjALA e LIR\u00cb - Arkivi"},"image":{"@id":"https:\/\/fjala.info\/2009-2015\/#\/schema\/logo\/image\/"}},{"@type":"Person","@id":"https:\/\/fjala.info\/2009-2015\/#\/schema\/person\/3aa1163ef05469c496fc94e77611ada2","name":"admin","image":{"@type":"ImageObject","inLanguage":"sq-AL","@id":"https:\/\/fjala.info\/2009-2015\/wp-content\/uploads\/2012\/02\/arben_cokaj-120x150.jpg","url":"https:\/\/fjala.info\/2009-2015\/wp-content\/uploads\/2012\/02\/arben_cokaj-120x150.jpg","contentUrl":"https:\/\/fjala.info\/2009-2015\/wp-content\/uploads\/2012\/02\/arben_cokaj-120x150.jpg","caption":"admin"},"description":"Admin, Fjala e Lir\u00eb","sameAs":["https:\/\/fjala.info\/"],"url":"https:\/\/fjala.info\/2009-2015\/author\/admin\/"}]}},"_links":{"self":[{"href":"https:\/\/fjala.info\/2009-2015\/wp-json\/wp\/v2\/posts\/11681","targetHints":{"allow":["GET"]}}],"collection":[{"href":"https:\/\/fjala.info\/2009-2015\/wp-json\/wp\/v2\/posts"}],"about":[{"href":"https:\/\/fjala.info\/2009-2015\/wp-json\/wp\/v2\/types\/post"}],"author":[{"embeddable":true,"href":"https:\/\/fjala.info\/2009-2015\/wp-json\/wp\/v2\/users\/1"}],"replies":[{"embeddable":true,"href":"https:\/\/fjala.info\/2009-2015\/wp-json\/wp\/v2\/comments?post=11681"}],"version-history":[{"count":0,"href":"https:\/\/fjala.info\/2009-2015\/wp-json\/wp\/v2\/posts\/11681\/revisions"}],"wp:attachment":[{"href":"https:\/\/fjala.info\/2009-2015\/wp-json\/wp\/v2\/media?parent=11681"}],"wp:term":[{"taxonomy":"category","embeddable":true,"href":"https:\/\/fjala.info\/2009-2015\/wp-json\/wp\/v2\/categories?post=11681"},{"taxonomy":"post_tag","embeddable":true,"href":"https:\/\/fjala.info\/2009-2015\/wp-json\/wp\/v2\/tags?post=11681"}],"curies":[{"name":"wp","href":"https:\/\/api.w.org\/{rel}","templated":true}]}}