{"id":11679,"date":"2012-02-09T21:27:00","date_gmt":"2012-02-09T20:27:00","guid":{"rendered":"http:\/\/fjala.shkoder.net\/?p=1678"},"modified":"2012-02-09T21:27:00","modified_gmt":"2012-02-09T20:27:00","slug":"dy-fjale-per-mercenarizmin-dhe-vrasjet","status":"publish","type":"post","link":"https:\/\/fjala.info\/2009-2015\/dy-fjale-per-mercenarizmin-dhe-vrasjet\/","title":{"rendered":"Dy fjal\u00eb p\u00ebr mercenarizmin dhe vrasjet"},"content":{"rendered":"<p><img decoding=\"async\" class=\"alignright size-thumbnail wp-image-7236\" title=\"Bledar H. Prifti\" src=\"http:\/\/www.shkoder.net\/images\/fjala\/bledar_prifti.jpg\" alt=\"\" width=\"150\" \/> <strong>Bledar H. Prifti<\/strong><\/p>\n<p>Kam d\u00ebgjuar s\u00eb fundmi disa deklarata t\u00eb z.Artur Zheji n\u00eb t\u00eb cilat ai pretendon se nuk do t\u00eb ishte llogjike dhe nuk do t\u00eb ishte n\u00eb interesin e Sali Berish\u00ebs t\u00eb urdh\u00ebronte vrasjen e demostruesve t\u00eb pafajsh\u00ebm m\u00eb 21 Janar 2011. Vetvetiu lindin dy pyetje: (1) A mund t\u00eb jet\u00eb vrasja rrjedhoj\u00eb e racionalitetit (p\u00ebrllogaritje midis humbjes dhe fitimit), dhe n\u00ebse po, kur mund t\u00eb jet\u00eb ajo e till\u00eb? (2) P\u00ebrse duhet Zheji t\u00eb mbante k\u00ebt\u00eb q\u00ebndrim unik n\u00eb nj\u00eb koh\u00eb kur as ushtar\u00ebt m\u00eb t\u00eb flakt\u00eb t\u00eb Sali Berish\u00ebs nuk kan\u00eb pretenduar nj\u00eb racionalitet kaq banal?<\/p>\n<p>Bazuar n\u00eb mij\u00ebra studime akademike, akti i vrasjes \u00ebsht\u00eb nj\u00eb veprim irracional i cili n\u00eb shumic\u00ebn d\u00ebrrmuese nd\u00ebrmeret bazuar n\u00eb ndjenja si urrejtja, xhelozia, c\/nderim, besimi i tepruar n\u00eb fsheht\u00ebsin e aktit, prepotenca, dhe ndjenja t\u00eb tjera t\u00eb p\u00ebraf\u00ebrta. Mjafton t\u00eb analizojm\u00eb vrasjet e fundit q\u00eb kan\u00eb ndodhur n\u00eb fshatrat apo qytetet Shqiptare dhe do e kuptojm\u00eb fare mir\u00eb se nuk ka asgj\u00eb racionale n\u00eb vrasjen e nj\u00eb individi. N\u00ebse nj\u00ebr\u00ebzit do t\u00eb ishin racional\u00eb nuk do t\u00eb kryhej asnj\u00eb vrasje, bile nj\u00ebr\u00ebzit nuk do t\u00eb d\u00ebnjonin as t\u00eb votonin p\u00ebr t\u00eb formuar qeverin\u00eb e tyre.<\/p>\n<p>Por me t\u00eb drejt\u00eb dikush do t\u00eb thot\u00eb se vrasjet kryhen edhe me pages\u00eb; nj\u00eb person kryen nj\u00eb vrasje pasi i \u00ebsht\u00eb ofruar nj\u00eb shum\u00eb e majme parash. Megjithat\u00eb edhe n\u00eb k\u00ebt\u00eb rast personi \u00ebsht\u00eb irracional pasi ai e kryen aktin e vrasje n\u00ebn efektin e besimit t\u00eb tepruar se vrasja nuk do t\u00eb zbulohet, sepse n\u00ebse vrasja do t\u00eb zbulohej nuk do t\u00eb ishte rracionale q\u00eb ai t\u00eb kalbej n\u00eb burg p\u00ebr nj\u00eb sasi parash, t\u00eb cilat, pavaresisht shum\u00ebs, nuk do t\u00eb kishin vler\u00eb n\u00ebse personi do t\u00eb kalbej n\u00eb burg\u00eb. Jo m\u00eb kot\u00eb urdh\u00ebruesi paralli nuk vret me dor\u00ebn e tij. Gjeneral Ndrea Prendi, bazuar n\u00eb hetimet e FBI-s\u00eb, nuk q\u00eblloi turm\u00ebn se ishte rracional por sepse kishte nj\u00eb besim t\u00eb tepruar se urdh\u00ebruesi\/(krye)ministri i tij do ta mbronte me cdo kusht. Jo m\u00eb kot ngjarjet rrodh\u00ebn ashtu sic rrodh\u00ebn.<\/p>\n<p>K\u00ebtu vihemi p\u00ebrball\u00eb pyetjes s\u00eb dyt\u00eb: P\u00ebrse dikush p\u00ebrhap k\u00ebt\u00eb iden\u00eb rracionale p\u00ebr kryerjen e vrasjeve t\u00eb 21 Janarit? Esht\u00eb mentaliteti dhe formimi prej mercenari i cili e b\u00ebn dik\u00ebnd t\u00eb flas\u00eb p\u00ebr vrasje t\u00eb karakterit racional. Si mercenar, ai mendon se nj\u00eb vrasje mund t\u00eb kryhet vet\u00ebm p\u00ebr arsye p\u00ebrfitimi, ashtu si mercenari i cili nuk lufton p\u00ebr vlerat dhe bindjet e veta por p\u00ebr p\u00ebrfitime primitive leht\u00ebsisht t\u00eb konvertueshme n\u00eb vler\u00eb monetare.<\/p>\n<p>Q\u00ebnia mercenare nuk i l\u00eb k\u00ebta tipa t\u00eb besojn\u00eb se pushteti vret, se Mubaraku dhe Gadafi dje dhe Saliu dhe Bashar al-Asad sot, vran\u00eb dhe vrasin pasi e kan\u00eb (anti)vler\u00eb dhe moral t\u00eb tyren t\u00eb vrasin p\u00ebr t\u00eb mbajtur m\u00eb \u00e7do \u00e7mim pushtetin. Q\u00eb t\u00eb gjith\u00eb k\u00ebta syresh kan\u00eb pretenduar dhe pretendojn\u00eb se kan\u00eb ardhur n\u00eb pushtet n\u00eb m\u00ebnyr\u00eb demokratike, p\u00ebrmes vot\u00ebs s\u00eb popullit, dhe q\u00eb t\u00eb gjith\u00eb t\u00eb njohur nga kancelarit\u00eb Per\u00ebndimore.<\/p>\n<p>Imagjinoni sikur al-Asad t\u00eb mari p\u00ebr k\u00ebshilltar dike si z. Zheji dhe t\u2019i thoj\u00eb bot\u00ebs se nuk \u00ebsht\u00eb llogjike dhe rracionale q\u00eb Asad t\u00eb vras\u00eb popullin e tij, n\u00eb nj\u00eb koh\u00eb kur trupat qeveritar\u00eb vrasin dhjetra qytetar\u00eb Sirian\u00eb \u00e7do dit\u00eb. Imagjinoni sa qesharak\u00eb do t\u00eb dukeshin al-Asad dhe Zheji n\u00eb syt\u00eb e bot\u00ebs. Imagjinoni gjithashtu al-Asadin dhe Zhejin, kur t\u00eb kapeshin mat, t\u00eb deklaronin se vram\u00eb t\u00eb pafajsh\u00ebm se kemi ardhur n\u00eb pushtet n\u00eb m\u00ebnyr\u00eb demokratike.<\/p>\n<p>Sa fatkeq dhe viktim\u00eb do t\u00eb ndjehej Ben Ali q\u00eb nuk vrau popullin e tij Tunizian p\u00ebr t\u00eb mbajtur pushtetin deri n\u00eb fund.<\/p>\n","protected":false},"excerpt":{"rendered":"<p>Bledar H. Prifti Kam d\u00ebgjuar s\u00eb fundmi disa deklarata t\u00eb z.Artur Zheji n\u00eb t\u00eb cilat ai pretendon se nuk do t\u00eb ishte llogjike dhe nuk do t\u00eb ishte n\u00eb interesin e Sali Berish\u00ebs t\u00eb urdh\u00ebronte vrasjen e demostruesve t\u00eb pafajsh\u00ebm m\u00eb 21 Janar 2011. Vetvetiu lindin dy pyetje: (1) A mund t\u00eb jet\u00eb vrasja rrjedhoj\u00eb [&hellip;]<\/p>\n","protected":false},"author":1,"featured_media":0,"comment_status":"open","ping_status":"closed","sticky":false,"template":"","format":"standard","meta":{"footnotes":""},"categories":[2],"tags":[],"class_list":{"0":"post-11679","1":"post","2":"type-post","3":"status-publish","4":"format-standard","6":"category-artikuj"},"yoast_head":"<!-- This site is optimized with the Yoast SEO plugin v27.4 - https:\/\/yoast.com\/product\/yoast-seo-wordpress\/ -->\n<title>Dy fjal\u00eb p\u00ebr mercenarizmin dhe vrasjet - FjALA e LIR\u00cb - Arkivi<\/title>\n<meta name=\"robots\" content=\"index, follow, max-snippet:-1, max-image-preview:large, max-video-preview:-1\" \/>\n<link rel=\"canonical\" href=\"https:\/\/fjala.info\/2009-2015\/dy-fjale-per-mercenarizmin-dhe-vrasjet\/\" \/>\n<meta property=\"og:locale\" content=\"sq_AL\" \/>\n<meta property=\"og:type\" content=\"article\" \/>\n<meta property=\"og:title\" content=\"Dy fjal\u00eb p\u00ebr mercenarizmin dhe vrasjet - FjALA e LIR\u00cb - Arkivi\" \/>\n<meta property=\"og:description\" content=\"Bledar H. Prifti Kam d\u00ebgjuar s\u00eb fundmi disa deklarata t\u00eb z.Artur Zheji n\u00eb t\u00eb cilat ai pretendon se nuk do t\u00eb ishte llogjike dhe nuk do t\u00eb ishte n\u00eb interesin e Sali Berish\u00ebs t\u00eb urdh\u00ebronte vrasjen e demostruesve t\u00eb pafajsh\u00ebm m\u00eb 21 Janar 2011. Vetvetiu lindin dy pyetje: (1) A mund t\u00eb jet\u00eb vrasja rrjedhoj\u00eb [&hellip;]\" \/>\n<meta property=\"og:url\" content=\"https:\/\/fjala.info\/2009-2015\/dy-fjale-per-mercenarizmin-dhe-vrasjet\/\" \/>\n<meta property=\"og:site_name\" content=\"FjALA e LIR\u00cb - Arkivi\" \/>\n<meta property=\"article:published_time\" content=\"2012-02-09T20:27:00+00:00\" \/>\n<meta property=\"og:image\" content=\"http:\/\/www.shkoder.net\/images\/fjala\/bledar_prifti.jpg\" \/>\n<meta name=\"author\" content=\"admin\" \/>\n<meta name=\"twitter:card\" content=\"summary_large_image\" \/>\n<meta name=\"twitter:label1\" content=\"Written by\" \/>\n\t<meta name=\"twitter:data1\" content=\"admin\" \/>\n\t<meta name=\"twitter:label2\" content=\"Est. reading time\" \/>\n\t<meta name=\"twitter:data2\" content=\"3 minutes\" \/>\n<script type=\"application\/ld+json\" class=\"yoast-schema-graph\">{\"@context\":\"https:\\\/\\\/schema.org\",\"@graph\":[{\"@type\":\"Article\",\"@id\":\"https:\\\/\\\/fjala.info\\\/2009-2015\\\/dy-fjale-per-mercenarizmin-dhe-vrasjet\\\/#article\",\"isPartOf\":{\"@id\":\"https:\\\/\\\/fjala.info\\\/2009-2015\\\/dy-fjale-per-mercenarizmin-dhe-vrasjet\\\/\"},\"author\":{\"name\":\"admin\",\"@id\":\"https:\\\/\\\/fjala.info\\\/2009-2015\\\/#\\\/schema\\\/person\\\/3aa1163ef05469c496fc94e77611ada2\"},\"headline\":\"Dy fjal\u00eb p\u00ebr mercenarizmin dhe vrasjet\",\"datePublished\":\"2012-02-09T20:27:00+00:00\",\"mainEntityOfPage\":{\"@id\":\"https:\\\/\\\/fjala.info\\\/2009-2015\\\/dy-fjale-per-mercenarizmin-dhe-vrasjet\\\/\"},\"wordCount\":661,\"commentCount\":0,\"publisher\":{\"@id\":\"https:\\\/\\\/fjala.info\\\/2009-2015\\\/#organization\"},\"image\":{\"@id\":\"https:\\\/\\\/fjala.info\\\/2009-2015\\\/dy-fjale-per-mercenarizmin-dhe-vrasjet\\\/#primaryimage\"},\"thumbnailUrl\":\"http:\\\/\\\/www.shkoder.net\\\/images\\\/fjala\\\/bledar_prifti.jpg\",\"articleSection\":[\"Artikuj\"],\"inLanguage\":\"sq-AL\",\"potentialAction\":[{\"@type\":\"CommentAction\",\"name\":\"Comment\",\"target\":[\"https:\\\/\\\/fjala.info\\\/2009-2015\\\/dy-fjale-per-mercenarizmin-dhe-vrasjet\\\/#respond\"]}]},{\"@type\":\"WebPage\",\"@id\":\"https:\\\/\\\/fjala.info\\\/2009-2015\\\/dy-fjale-per-mercenarizmin-dhe-vrasjet\\\/\",\"url\":\"https:\\\/\\\/fjala.info\\\/2009-2015\\\/dy-fjale-per-mercenarizmin-dhe-vrasjet\\\/\",\"name\":\"Dy fjal\u00eb p\u00ebr mercenarizmin dhe vrasjet - FjALA e LIR\u00cb - Arkivi\",\"isPartOf\":{\"@id\":\"https:\\\/\\\/fjala.info\\\/2009-2015\\\/#website\"},\"primaryImageOfPage\":{\"@id\":\"https:\\\/\\\/fjala.info\\\/2009-2015\\\/dy-fjale-per-mercenarizmin-dhe-vrasjet\\\/#primaryimage\"},\"image\":{\"@id\":\"https:\\\/\\\/fjala.info\\\/2009-2015\\\/dy-fjale-per-mercenarizmin-dhe-vrasjet\\\/#primaryimage\"},\"thumbnailUrl\":\"http:\\\/\\\/www.shkoder.net\\\/images\\\/fjala\\\/bledar_prifti.jpg\",\"datePublished\":\"2012-02-09T20:27:00+00:00\",\"breadcrumb\":{\"@id\":\"https:\\\/\\\/fjala.info\\\/2009-2015\\\/dy-fjale-per-mercenarizmin-dhe-vrasjet\\\/#breadcrumb\"},\"inLanguage\":\"sq-AL\",\"potentialAction\":[{\"@type\":\"ReadAction\",\"target\":[\"https:\\\/\\\/fjala.info\\\/2009-2015\\\/dy-fjale-per-mercenarizmin-dhe-vrasjet\\\/\"]}]},{\"@type\":\"ImageObject\",\"inLanguage\":\"sq-AL\",\"@id\":\"https:\\\/\\\/fjala.info\\\/2009-2015\\\/dy-fjale-per-mercenarizmin-dhe-vrasjet\\\/#primaryimage\",\"url\":\"http:\\\/\\\/www.shkoder.net\\\/images\\\/fjala\\\/bledar_prifti.jpg\",\"contentUrl\":\"http:\\\/\\\/www.shkoder.net\\\/images\\\/fjala\\\/bledar_prifti.jpg\"},{\"@type\":\"BreadcrumbList\",\"@id\":\"https:\\\/\\\/fjala.info\\\/2009-2015\\\/dy-fjale-per-mercenarizmin-dhe-vrasjet\\\/#breadcrumb\",\"itemListElement\":[{\"@type\":\"ListItem\",\"position\":1,\"name\":\"Home\",\"item\":\"https:\\\/\\\/fjala.info\\\/2009-2015\\\/\"},{\"@type\":\"ListItem\",\"position\":2,\"name\":\"Dy fjal\u00eb p\u00ebr mercenarizmin dhe vrasjet\"}]},{\"@type\":\"WebSite\",\"@id\":\"https:\\\/\\\/fjala.info\\\/2009-2015\\\/#website\",\"url\":\"https:\\\/\\\/fjala.info\\\/2009-2015\\\/\",\"name\":\"FjALA e LIR\u00cb - Arkivi\",\"description\":\"Arkivi 2009-2015\",\"publisher\":{\"@id\":\"https:\\\/\\\/fjala.info\\\/2009-2015\\\/#organization\"},\"potentialAction\":[{\"@type\":\"SearchAction\",\"target\":{\"@type\":\"EntryPoint\",\"urlTemplate\":\"https:\\\/\\\/fjala.info\\\/2009-2015\\\/?s={search_term_string}\"},\"query-input\":{\"@type\":\"PropertyValueSpecification\",\"valueRequired\":true,\"valueName\":\"search_term_string\"}}],\"inLanguage\":\"sq-AL\"},{\"@type\":\"Organization\",\"@id\":\"https:\\\/\\\/fjala.info\\\/2009-2015\\\/#organization\",\"name\":\"FjALA e LIR\u00cb - Arkivi\",\"url\":\"https:\\\/\\\/fjala.info\\\/2009-2015\\\/\",\"logo\":{\"@type\":\"ImageObject\",\"inLanguage\":\"sq-AL\",\"@id\":\"https:\\\/\\\/fjala.info\\\/2009-2015\\\/#\\\/schema\\\/logo\\\/image\\\/\",\"url\":\"\",\"contentUrl\":\"\",\"caption\":\"FjALA e LIR\u00cb - Arkivi\"},\"image\":{\"@id\":\"https:\\\/\\\/fjala.info\\\/2009-2015\\\/#\\\/schema\\\/logo\\\/image\\\/\"}},{\"@type\":\"Person\",\"@id\":\"https:\\\/\\\/fjala.info\\\/2009-2015\\\/#\\\/schema\\\/person\\\/3aa1163ef05469c496fc94e77611ada2\",\"name\":\"admin\",\"image\":{\"@type\":\"ImageObject\",\"inLanguage\":\"sq-AL\",\"@id\":\"https:\\\/\\\/fjala.info\\\/2009-2015\\\/wp-content\\\/uploads\\\/2012\\\/02\\\/arben_cokaj-120x150.jpg\",\"url\":\"https:\\\/\\\/fjala.info\\\/2009-2015\\\/wp-content\\\/uploads\\\/2012\\\/02\\\/arben_cokaj-120x150.jpg\",\"contentUrl\":\"https:\\\/\\\/fjala.info\\\/2009-2015\\\/wp-content\\\/uploads\\\/2012\\\/02\\\/arben_cokaj-120x150.jpg\",\"caption\":\"admin\"},\"description\":\"Admin, Fjala e Lir\u00eb\",\"sameAs\":[\"https:\\\/\\\/fjala.info\\\/\"],\"url\":\"https:\\\/\\\/fjala.info\\\/2009-2015\\\/author\\\/admin\\\/\"}]}<\/script>\n<!-- \/ Yoast SEO plugin. -->","yoast_head_json":{"title":"Dy fjal\u00eb p\u00ebr mercenarizmin dhe vrasjet - FjALA e LIR\u00cb - Arkivi","robots":{"index":"index","follow":"follow","max-snippet":"max-snippet:-1","max-image-preview":"max-image-preview:large","max-video-preview":"max-video-preview:-1"},"canonical":"https:\/\/fjala.info\/2009-2015\/dy-fjale-per-mercenarizmin-dhe-vrasjet\/","og_locale":"sq_AL","og_type":"article","og_title":"Dy fjal\u00eb p\u00ebr mercenarizmin dhe vrasjet - FjALA e LIR\u00cb - Arkivi","og_description":"Bledar H. Prifti Kam d\u00ebgjuar s\u00eb fundmi disa deklarata t\u00eb z.Artur Zheji n\u00eb t\u00eb cilat ai pretendon se nuk do t\u00eb ishte llogjike dhe nuk do t\u00eb ishte n\u00eb interesin e Sali Berish\u00ebs t\u00eb urdh\u00ebronte vrasjen e demostruesve t\u00eb pafajsh\u00ebm m\u00eb 21 Janar 2011. Vetvetiu lindin dy pyetje: (1) A mund t\u00eb jet\u00eb vrasja rrjedhoj\u00eb [&hellip;]","og_url":"https:\/\/fjala.info\/2009-2015\/dy-fjale-per-mercenarizmin-dhe-vrasjet\/","og_site_name":"FjALA e LIR\u00cb - Arkivi","article_published_time":"2012-02-09T20:27:00+00:00","og_image":[{"url":"http:\/\/www.shkoder.net\/images\/fjala\/bledar_prifti.jpg","type":"","width":"","height":""}],"author":"admin","twitter_card":"summary_large_image","twitter_misc":{"Written by":"admin","Est. reading time":"3 minutes"},"schema":{"@context":"https:\/\/schema.org","@graph":[{"@type":"Article","@id":"https:\/\/fjala.info\/2009-2015\/dy-fjale-per-mercenarizmin-dhe-vrasjet\/#article","isPartOf":{"@id":"https:\/\/fjala.info\/2009-2015\/dy-fjale-per-mercenarizmin-dhe-vrasjet\/"},"author":{"name":"admin","@id":"https:\/\/fjala.info\/2009-2015\/#\/schema\/person\/3aa1163ef05469c496fc94e77611ada2"},"headline":"Dy fjal\u00eb p\u00ebr mercenarizmin dhe vrasjet","datePublished":"2012-02-09T20:27:00+00:00","mainEntityOfPage":{"@id":"https:\/\/fjala.info\/2009-2015\/dy-fjale-per-mercenarizmin-dhe-vrasjet\/"},"wordCount":661,"commentCount":0,"publisher":{"@id":"https:\/\/fjala.info\/2009-2015\/#organization"},"image":{"@id":"https:\/\/fjala.info\/2009-2015\/dy-fjale-per-mercenarizmin-dhe-vrasjet\/#primaryimage"},"thumbnailUrl":"http:\/\/www.shkoder.net\/images\/fjala\/bledar_prifti.jpg","articleSection":["Artikuj"],"inLanguage":"sq-AL","potentialAction":[{"@type":"CommentAction","name":"Comment","target":["https:\/\/fjala.info\/2009-2015\/dy-fjale-per-mercenarizmin-dhe-vrasjet\/#respond"]}]},{"@type":"WebPage","@id":"https:\/\/fjala.info\/2009-2015\/dy-fjale-per-mercenarizmin-dhe-vrasjet\/","url":"https:\/\/fjala.info\/2009-2015\/dy-fjale-per-mercenarizmin-dhe-vrasjet\/","name":"Dy fjal\u00eb p\u00ebr mercenarizmin dhe vrasjet - FjALA e LIR\u00cb - Arkivi","isPartOf":{"@id":"https:\/\/fjala.info\/2009-2015\/#website"},"primaryImageOfPage":{"@id":"https:\/\/fjala.info\/2009-2015\/dy-fjale-per-mercenarizmin-dhe-vrasjet\/#primaryimage"},"image":{"@id":"https:\/\/fjala.info\/2009-2015\/dy-fjale-per-mercenarizmin-dhe-vrasjet\/#primaryimage"},"thumbnailUrl":"http:\/\/www.shkoder.net\/images\/fjala\/bledar_prifti.jpg","datePublished":"2012-02-09T20:27:00+00:00","breadcrumb":{"@id":"https:\/\/fjala.info\/2009-2015\/dy-fjale-per-mercenarizmin-dhe-vrasjet\/#breadcrumb"},"inLanguage":"sq-AL","potentialAction":[{"@type":"ReadAction","target":["https:\/\/fjala.info\/2009-2015\/dy-fjale-per-mercenarizmin-dhe-vrasjet\/"]}]},{"@type":"ImageObject","inLanguage":"sq-AL","@id":"https:\/\/fjala.info\/2009-2015\/dy-fjale-per-mercenarizmin-dhe-vrasjet\/#primaryimage","url":"http:\/\/www.shkoder.net\/images\/fjala\/bledar_prifti.jpg","contentUrl":"http:\/\/www.shkoder.net\/images\/fjala\/bledar_prifti.jpg"},{"@type":"BreadcrumbList","@id":"https:\/\/fjala.info\/2009-2015\/dy-fjale-per-mercenarizmin-dhe-vrasjet\/#breadcrumb","itemListElement":[{"@type":"ListItem","position":1,"name":"Home","item":"https:\/\/fjala.info\/2009-2015\/"},{"@type":"ListItem","position":2,"name":"Dy fjal\u00eb p\u00ebr mercenarizmin dhe vrasjet"}]},{"@type":"WebSite","@id":"https:\/\/fjala.info\/2009-2015\/#website","url":"https:\/\/fjala.info\/2009-2015\/","name":"FjALA e LIR\u00cb - Arkivi","description":"Arkivi 2009-2015","publisher":{"@id":"https:\/\/fjala.info\/2009-2015\/#organization"},"potentialAction":[{"@type":"SearchAction","target":{"@type":"EntryPoint","urlTemplate":"https:\/\/fjala.info\/2009-2015\/?s={search_term_string}"},"query-input":{"@type":"PropertyValueSpecification","valueRequired":true,"valueName":"search_term_string"}}],"inLanguage":"sq-AL"},{"@type":"Organization","@id":"https:\/\/fjala.info\/2009-2015\/#organization","name":"FjALA e LIR\u00cb - Arkivi","url":"https:\/\/fjala.info\/2009-2015\/","logo":{"@type":"ImageObject","inLanguage":"sq-AL","@id":"https:\/\/fjala.info\/2009-2015\/#\/schema\/logo\/image\/","url":"","contentUrl":"","caption":"FjALA e LIR\u00cb - Arkivi"},"image":{"@id":"https:\/\/fjala.info\/2009-2015\/#\/schema\/logo\/image\/"}},{"@type":"Person","@id":"https:\/\/fjala.info\/2009-2015\/#\/schema\/person\/3aa1163ef05469c496fc94e77611ada2","name":"admin","image":{"@type":"ImageObject","inLanguage":"sq-AL","@id":"https:\/\/fjala.info\/2009-2015\/wp-content\/uploads\/2012\/02\/arben_cokaj-120x150.jpg","url":"https:\/\/fjala.info\/2009-2015\/wp-content\/uploads\/2012\/02\/arben_cokaj-120x150.jpg","contentUrl":"https:\/\/fjala.info\/2009-2015\/wp-content\/uploads\/2012\/02\/arben_cokaj-120x150.jpg","caption":"admin"},"description":"Admin, Fjala e Lir\u00eb","sameAs":["https:\/\/fjala.info\/"],"url":"https:\/\/fjala.info\/2009-2015\/author\/admin\/"}]}},"_links":{"self":[{"href":"https:\/\/fjala.info\/2009-2015\/wp-json\/wp\/v2\/posts\/11679","targetHints":{"allow":["GET"]}}],"collection":[{"href":"https:\/\/fjala.info\/2009-2015\/wp-json\/wp\/v2\/posts"}],"about":[{"href":"https:\/\/fjala.info\/2009-2015\/wp-json\/wp\/v2\/types\/post"}],"author":[{"embeddable":true,"href":"https:\/\/fjala.info\/2009-2015\/wp-json\/wp\/v2\/users\/1"}],"replies":[{"embeddable":true,"href":"https:\/\/fjala.info\/2009-2015\/wp-json\/wp\/v2\/comments?post=11679"}],"version-history":[{"count":0,"href":"https:\/\/fjala.info\/2009-2015\/wp-json\/wp\/v2\/posts\/11679\/revisions"}],"wp:attachment":[{"href":"https:\/\/fjala.info\/2009-2015\/wp-json\/wp\/v2\/media?parent=11679"}],"wp:term":[{"taxonomy":"category","embeddable":true,"href":"https:\/\/fjala.info\/2009-2015\/wp-json\/wp\/v2\/categories?post=11679"},{"taxonomy":"post_tag","embeddable":true,"href":"https:\/\/fjala.info\/2009-2015\/wp-json\/wp\/v2\/tags?post=11679"}],"curies":[{"name":"wp","href":"https:\/\/api.w.org\/{rel}","templated":true}]}}