{"id":11677,"date":"2012-02-09T10:02:53","date_gmt":"2012-02-09T09:02:53","guid":{"rendered":"http:\/\/fjala.shkoder.net\/?p=1660"},"modified":"2012-02-09T10:02:53","modified_gmt":"2012-02-09T09:02:53","slug":"a-mund-te-frenojne-grate-e-autokrateve-burrat-e-tyre","status":"publish","type":"post","link":"https:\/\/fjala.info\/2009-2015\/a-mund-te-frenojne-grate-e-autokrateve-burrat-e-tyre\/","title":{"rendered":"A mund t\u00eb frenojn\u00eb grat\u00eb e autokrat\u00ebve burrat e tyre?"},"content":{"rendered":"<p><img decoding=\"async\" class=\"alignright size-thumbnail wp-image-7236\" title=\"Bashar &amp; Asma al Assad\" src=\"http:\/\/www.shkoder.net\/2012\/asma_bashar_al_assad.jpg\" alt=\"\" width=\"300\" \/> <strong>Asma Al Assad \u00ebsht\u00eb kritikuar se mb\u00ebshtet burrin e saj, presidentin e Siris\u00eb, Bashar Al Assad, nd\u00ebrkoh\u00eb q\u00eb ai po bombardon qytetin e saj t\u00eb lindjes, Homs. Por a kan\u00eb mund\u00ebsi grat\u00eb e autokrat\u00ebve t\u00eb frenojn\u00eb burrat e tyre?<\/strong><\/p>\n<p>Nga <strong>Tom Geoghegan<\/strong>, <em><strong>BBC<\/strong><\/em>, <em>8 Shkurt 2012<\/em><\/p>\n<p>Nd\u00ebrhyrjen e par\u00eb publike q\u00eb pas nisjes s\u00eb trazirave n\u00eb Siri, 36 vje\u00e7arja e lindur n\u00eb Britani, Asma Al Assad, e b\u00ebri me nj\u00eb email d\u00ebrguar gazet\u00ebs Times n\u00eb Lond\u00ebr.<\/p>\n<p>Aty shprehte mb\u00ebshtetje p\u00ebr t\u00eb shoqin, presidentin, nd\u00ebrsa theksonte se po ngush\u00ebllonte viktimat e dhun\u00ebs.<\/p>\n<p>P\u00ebrllogaritet nga grupet e t\u00eb drejtave t\u00eb njeriut dhe aktivist\u00ebt se m\u00eb shum\u00eb se 7 mij\u00eb njer\u00ebz &#8211; 2 mij\u00eb an\u00ebtar\u00eb t\u00eb forcave t\u00eb siguris\u00eb dhe 5 mij\u00eb t\u00eb tjer\u00eb &#8211; jan\u00eb vrar\u00eb q\u00eb pas nisjes s\u00eb trazirave dhe mb\u00ebshtet\u00ebsit e opozit\u00ebs n\u00eb Siri menj\u00ebher\u00eb e kan\u00eb akuzuar zonj\u00ebn Assad p\u00ebr hipokrizi.<\/p>\n<p>Por q\u00ebndrimi i saj nuk \u00ebsht\u00eb surpriz\u00eb, thot\u00eb Rime Allaf, nj\u00eb studiues n\u00eb Chatham House, nj\u00eb think-tank p\u00ebr \u00e7\u00ebshtjet e jashtme me qend\u00ebr n\u00eb Lond\u00ebr.<\/p>\n<p>\u201cEdhe n\u00ebse thell\u00eb- thell\u00eb ajo nuk \u00ebsht\u00eb e lumtur me at\u00eb q\u00eb po ndodh, ajo nuk do jet\u00eb n\u00eb gjendje t\u00eb b\u00ebj\u00eb asgj\u00eb\u201d.<\/p>\n<p>Por ka pasur shembuj kur grat\u00eb jan\u00eb ngritur kund\u00ebr bashk\u00ebshort\u00ebve autoritarist\u00eb.<\/p>\n<p>N\u00eb fillim t\u00eb viteve \u201990, Susana Higuchi d\u00ebnoi bashk\u00ebshortin e saj, presidentin e Perus\u00eb Alberto Fujimori si tiran dhe ai u p\u00ebrgjigj duke u divorcuar e duke i dh\u00ebn\u00eb vajz\u00ebs statusin e Zonj\u00ebs s\u00eb Par\u00eb.<\/p>\n<p>Ai shp\u00ebrndau parlamentin dhe gjyq\u00ebsorin me ndihm\u00ebn e ushtris\u00eb. Higuchi d\u00ebshtoi n\u00eb tentativ\u00ebn e saj p\u00ebr tu b\u00ebr\u00eb politikane, por n\u00eb vitin 2009, ish- i shoqi u d\u00ebnua me 25 vite burg p\u00ebr abuzim me t\u00eb drejtat e njeriut.<\/p>\n<p>Higuchi ishte nj\u00eb frym\u00ebzim p\u00ebr grat\u00eb, thot\u00eb Dr. Jelke Boesten, nj\u00eb studiuese n\u00eb Institutin p\u00ebr Paqe n\u00eb Uashington.<\/p>\n<p>\u201cIshte shum\u00eb e zonja dhe p\u00ebrkoh\u00ebsisht ishte dhe shum\u00eb e r\u00ebnd\u00ebsishme, por i shoqi ishte shum\u00eb i fort\u00eb politikisht dhe kishte ushtrin\u00eb pas vetes dhe mb\u00ebshtetjen popullore. Megjith\u00ebse ajo fitoi p\u00ebrkoh\u00ebsisht mb\u00ebshtetjen e organizatave feministe, kjo ishte nj\u00eb pjes\u00eb e vog\u00ebl e shoq\u00ebris\u00eb\u201d.<\/p>\n<p>Ka shembuj kontrastues n\u00eb Afrik\u00eb t\u00eb fuqive fem\u00ebrore pas fronit, thot\u00eb Richard Dowden nga Shoq\u00ebria Mbret\u00ebrore Afrikane.<\/p>\n<p>\u201cSally Mugabe ishte e but\u00eb dhe kishte nj\u00eb ndikim t\u00eb ndjesh\u00ebm mbi t\u00eb shoqin, presidentin e Zimbabveve, Robert Mugabe. Shum\u00eb njer\u00ebz mendojn\u00eb se ai e teproi me gjith\u00e7ka kur ajo vdiq. Deri at\u00ebher\u00eb ajo e p\u00ebrmbante at\u00eb. Ky \u00ebsht\u00eb t\u00eb pakt\u00ebn perceptimi\u201d.<\/p>\n<p>Kur u martua me gruan e tij t\u00eb dyt\u00eb, Grace, perceptimi \u00ebsht\u00eb se gjith\u00e7ka ndryshoi, nd\u00ebrkoh\u00eb q\u00eb ajo p\u00ebrqafoi nj\u00eb stil ekstravagant jetese, tipike p\u00ebr grat\u00eb e lider\u00ebve t\u00eb pasur dhe autokratik\u00eb.<\/p>\n<p>Ka raste kur gruaja ka nj\u00eb ndikim p\u00ebr keq, por n\u00eb shumic\u00ebn e rasteve nuk \u00ebsht\u00eb k\u00ebshtu, thot\u00eb Daniel Chirot, autor i librit \u201cTiran\u00ebt modern\u00eb\u201d. N\u00eb fakt, grat\u00eb shpesh faj\u00ebsohen n\u00eb m\u00ebnyr\u00eb t\u00eb padrejt\u00eb p\u00ebr veprimet e liderit, p\u00ebr shkak t\u00eb nj\u00eb paragjykimi q\u00eb i mban ato n\u00eb standarde t\u00eb larta.<\/p>\n<p>Kolumnistja Yasmin Alibhai-Brown pranon se grat\u00eb ndonj\u00ebher\u00eb gjykohen n\u00eb m\u00ebnyr\u00eb t\u00eb pandershme, por thot\u00eb se kushdo q\u00eb q\u00ebndron n\u00eb krah t\u00eb nj\u00eb burri t\u00eb pandersh\u00ebm, q\u00eb ka fuqin\u00eb t\u00eb b\u00ebj\u00eb ose t\u00eb ndaj\u00eb nj\u00eb komb, e meriton plot\u00ebsisht t\u00eb faj\u00ebsohet dhe t\u00eb nd\u00ebshkohet.<\/p>\n<p>Ajo beson se ka \u2018ledi Makbeth t\u00eb v\u00ebrteta\u2019 si zonja Mao, pjes\u00ebrisht p\u00ebrgjegj\u00ebse p\u00ebr Revolucionin Kulturor ose si Mira Markovi\u00e7, vejusha e Sllobodan Milloshevi\u00e7, e par\u00eb gjer\u00ebsisht si ndikuesja kryesore mbi t\u00eb.<\/p>\n<p>Por, sipas saj, edhe grat\u00eb e heshtura meritojn\u00eb t\u00eb d\u00ebnohen.<\/p>\n<p>\u201cNe nuk e dim\u00eb n\u00ebse jan\u00eb viktima. E di q\u00eb kan\u00eb v\u00ebshtir\u00ebsi, por n\u00ebse ndodh di\u00e7ka si kjo n\u00eb Siri, p\u00ebr mua \u00ebsht\u00eb e pafalshme. Mund t\u00eb jet\u00eb edhe q\u00eb Asma \u00ebsht\u00eb n\u00ebn nj\u00eb presion t\u00eb tmerrsh\u00ebm. Por edhe Suzanne Mubarak, edhe Asma jan\u00eb gra t\u00eb fuqishme. Ato nuk jan\u00eb gra t\u00eb shtypura.\u201d<\/p>\n<p>Ndryshe nga gruaja e ish-liderit libian, Muamer Gadafi, q\u00eb nuk kishte shum\u00eb prezenc\u00eb, t\u00eb tjerat preferojn\u00eb t\u00eb prezantohen si gra moderne arabe, thot\u00eb zonja Alibhai- Brown. Tani ato heshtin kur duhet t\u00eb flasin.<\/p>\n<p>\u201cUdh\u00ebheq\u00ebsit m\u00eb t\u00eb m\u00ebdhenj t\u00eb Perandoris\u00eb Otomane ishin gjithmon\u00eb leht\u00ebsisht t\u00eb manipuluesh\u00ebm nga grat\u00eb dhe n\u00ebnat e tyre, k\u00ebshtu q\u00eb grat\u00eb mund t\u00eb luanin nj\u00eb pjes\u00eb, por q\u00eb at\u00ebher\u00eb ne kemi shkuar pas. Nuk mund t\u00eb jet\u00eb e pamundur q\u00eb sot ato jan\u00eb t\u00eb gjitha shum\u00eb t\u00eb shtypura\u201d.<\/p>\n","protected":false},"excerpt":{"rendered":"<p>Asma Al Assad \u00ebsht\u00eb kritikuar se mb\u00ebshtet burrin e saj, presidentin e Siris\u00eb, Bashar Al Assad, nd\u00ebrkoh\u00eb q\u00eb ai po bombardon qytetin e saj t\u00eb lindjes, Homs. Por a kan\u00eb mund\u00ebsi grat\u00eb e autokrat\u00ebve t\u00eb frenojn\u00eb burrat e tyre? Nga Tom Geoghegan, BBC, 8 Shkurt 2012 Nd\u00ebrhyrjen e par\u00eb publike q\u00eb pas nisjes s\u00eb trazirave [&hellip;]<\/p>\n","protected":false},"author":1,"featured_media":0,"comment_status":"open","ping_status":"closed","sticky":false,"template":"","format":"standard","meta":{"footnotes":""},"categories":[2],"tags":[],"class_list":{"0":"post-11677","1":"post","2":"type-post","3":"status-publish","4":"format-standard","6":"category-artikuj"},"yoast_head":"<!-- This site is optimized with the Yoast SEO plugin v27.4 - https:\/\/yoast.com\/product\/yoast-seo-wordpress\/ -->\n<title>A mund t\u00eb frenojn\u00eb grat\u00eb e autokrat\u00ebve burrat e tyre? - FjALA e LIR\u00cb - Arkivi<\/title>\n<meta name=\"robots\" content=\"index, follow, max-snippet:-1, max-image-preview:large, max-video-preview:-1\" \/>\n<link rel=\"canonical\" href=\"https:\/\/fjala.info\/2009-2015\/a-mund-te-frenojne-grate-e-autokrateve-burrat-e-tyre\/\" \/>\n<meta property=\"og:locale\" content=\"sq_AL\" \/>\n<meta property=\"og:type\" content=\"article\" \/>\n<meta property=\"og:title\" content=\"A mund t\u00eb frenojn\u00eb grat\u00eb e autokrat\u00ebve burrat e tyre? - FjALA e LIR\u00cb - Arkivi\" \/>\n<meta property=\"og:description\" content=\"Asma Al Assad \u00ebsht\u00eb kritikuar se mb\u00ebshtet burrin e saj, presidentin e Siris\u00eb, Bashar Al Assad, nd\u00ebrkoh\u00eb q\u00eb ai po bombardon qytetin e saj t\u00eb lindjes, Homs. Por a kan\u00eb mund\u00ebsi grat\u00eb e autokrat\u00ebve t\u00eb frenojn\u00eb burrat e tyre? Nga Tom Geoghegan, BBC, 8 Shkurt 2012 Nd\u00ebrhyrjen e par\u00eb publike q\u00eb pas nisjes s\u00eb trazirave [&hellip;]\" \/>\n<meta property=\"og:url\" content=\"https:\/\/fjala.info\/2009-2015\/a-mund-te-frenojne-grate-e-autokrateve-burrat-e-tyre\/\" \/>\n<meta property=\"og:site_name\" content=\"FjALA e LIR\u00cb - Arkivi\" \/>\n<meta property=\"article:published_time\" content=\"2012-02-09T09:02:53+00:00\" \/>\n<meta property=\"og:image\" content=\"http:\/\/www.shkoder.net\/2012\/asma_bashar_al_assad.jpg\" \/>\n<meta name=\"author\" content=\"admin\" \/>\n<meta name=\"twitter:card\" content=\"summary_large_image\" \/>\n<meta name=\"twitter:label1\" content=\"Written by\" \/>\n\t<meta name=\"twitter:data1\" content=\"admin\" \/>\n\t<meta name=\"twitter:label2\" content=\"Est. reading time\" \/>\n\t<meta name=\"twitter:data2\" content=\"4 minutes\" \/>\n<script type=\"application\/ld+json\" class=\"yoast-schema-graph\">{\"@context\":\"https:\\\/\\\/schema.org\",\"@graph\":[{\"@type\":\"Article\",\"@id\":\"https:\\\/\\\/fjala.info\\\/2009-2015\\\/a-mund-te-frenojne-grate-e-autokrateve-burrat-e-tyre\\\/#article\",\"isPartOf\":{\"@id\":\"https:\\\/\\\/fjala.info\\\/2009-2015\\\/a-mund-te-frenojne-grate-e-autokrateve-burrat-e-tyre\\\/\"},\"author\":{\"name\":\"admin\",\"@id\":\"https:\\\/\\\/fjala.info\\\/2009-2015\\\/#\\\/schema\\\/person\\\/3aa1163ef05469c496fc94e77611ada2\"},\"headline\":\"A mund t\u00eb frenojn\u00eb grat\u00eb e autokrat\u00ebve burrat e tyre?\",\"datePublished\":\"2012-02-09T09:02:53+00:00\",\"mainEntityOfPage\":{\"@id\":\"https:\\\/\\\/fjala.info\\\/2009-2015\\\/a-mund-te-frenojne-grate-e-autokrateve-burrat-e-tyre\\\/\"},\"wordCount\":817,\"commentCount\":1,\"publisher\":{\"@id\":\"https:\\\/\\\/fjala.info\\\/2009-2015\\\/#organization\"},\"image\":{\"@id\":\"https:\\\/\\\/fjala.info\\\/2009-2015\\\/a-mund-te-frenojne-grate-e-autokrateve-burrat-e-tyre\\\/#primaryimage\"},\"thumbnailUrl\":\"http:\\\/\\\/www.shkoder.net\\\/2012\\\/asma_bashar_al_assad.jpg\",\"articleSection\":[\"Artikuj\"],\"inLanguage\":\"sq-AL\",\"potentialAction\":[{\"@type\":\"CommentAction\",\"name\":\"Comment\",\"target\":[\"https:\\\/\\\/fjala.info\\\/2009-2015\\\/a-mund-te-frenojne-grate-e-autokrateve-burrat-e-tyre\\\/#respond\"]}]},{\"@type\":\"WebPage\",\"@id\":\"https:\\\/\\\/fjala.info\\\/2009-2015\\\/a-mund-te-frenojne-grate-e-autokrateve-burrat-e-tyre\\\/\",\"url\":\"https:\\\/\\\/fjala.info\\\/2009-2015\\\/a-mund-te-frenojne-grate-e-autokrateve-burrat-e-tyre\\\/\",\"name\":\"A mund t\u00eb frenojn\u00eb grat\u00eb e autokrat\u00ebve burrat e tyre? - FjALA e LIR\u00cb - Arkivi\",\"isPartOf\":{\"@id\":\"https:\\\/\\\/fjala.info\\\/2009-2015\\\/#website\"},\"primaryImageOfPage\":{\"@id\":\"https:\\\/\\\/fjala.info\\\/2009-2015\\\/a-mund-te-frenojne-grate-e-autokrateve-burrat-e-tyre\\\/#primaryimage\"},\"image\":{\"@id\":\"https:\\\/\\\/fjala.info\\\/2009-2015\\\/a-mund-te-frenojne-grate-e-autokrateve-burrat-e-tyre\\\/#primaryimage\"},\"thumbnailUrl\":\"http:\\\/\\\/www.shkoder.net\\\/2012\\\/asma_bashar_al_assad.jpg\",\"datePublished\":\"2012-02-09T09:02:53+00:00\",\"breadcrumb\":{\"@id\":\"https:\\\/\\\/fjala.info\\\/2009-2015\\\/a-mund-te-frenojne-grate-e-autokrateve-burrat-e-tyre\\\/#breadcrumb\"},\"inLanguage\":\"sq-AL\",\"potentialAction\":[{\"@type\":\"ReadAction\",\"target\":[\"https:\\\/\\\/fjala.info\\\/2009-2015\\\/a-mund-te-frenojne-grate-e-autokrateve-burrat-e-tyre\\\/\"]}]},{\"@type\":\"ImageObject\",\"inLanguage\":\"sq-AL\",\"@id\":\"https:\\\/\\\/fjala.info\\\/2009-2015\\\/a-mund-te-frenojne-grate-e-autokrateve-burrat-e-tyre\\\/#primaryimage\",\"url\":\"http:\\\/\\\/www.shkoder.net\\\/2012\\\/asma_bashar_al_assad.jpg\",\"contentUrl\":\"http:\\\/\\\/www.shkoder.net\\\/2012\\\/asma_bashar_al_assad.jpg\"},{\"@type\":\"BreadcrumbList\",\"@id\":\"https:\\\/\\\/fjala.info\\\/2009-2015\\\/a-mund-te-frenojne-grate-e-autokrateve-burrat-e-tyre\\\/#breadcrumb\",\"itemListElement\":[{\"@type\":\"ListItem\",\"position\":1,\"name\":\"Home\",\"item\":\"https:\\\/\\\/fjala.info\\\/2009-2015\\\/\"},{\"@type\":\"ListItem\",\"position\":2,\"name\":\"A mund t\u00eb frenojn\u00eb grat\u00eb e autokrat\u00ebve burrat e tyre?\"}]},{\"@type\":\"WebSite\",\"@id\":\"https:\\\/\\\/fjala.info\\\/2009-2015\\\/#website\",\"url\":\"https:\\\/\\\/fjala.info\\\/2009-2015\\\/\",\"name\":\"FjALA e LIR\u00cb - Arkivi\",\"description\":\"Arkivi 2009-2015\",\"publisher\":{\"@id\":\"https:\\\/\\\/fjala.info\\\/2009-2015\\\/#organization\"},\"potentialAction\":[{\"@type\":\"SearchAction\",\"target\":{\"@type\":\"EntryPoint\",\"urlTemplate\":\"https:\\\/\\\/fjala.info\\\/2009-2015\\\/?s={search_term_string}\"},\"query-input\":{\"@type\":\"PropertyValueSpecification\",\"valueRequired\":true,\"valueName\":\"search_term_string\"}}],\"inLanguage\":\"sq-AL\"},{\"@type\":\"Organization\",\"@id\":\"https:\\\/\\\/fjala.info\\\/2009-2015\\\/#organization\",\"name\":\"FjALA e LIR\u00cb - Arkivi\",\"url\":\"https:\\\/\\\/fjala.info\\\/2009-2015\\\/\",\"logo\":{\"@type\":\"ImageObject\",\"inLanguage\":\"sq-AL\",\"@id\":\"https:\\\/\\\/fjala.info\\\/2009-2015\\\/#\\\/schema\\\/logo\\\/image\\\/\",\"url\":\"\",\"contentUrl\":\"\",\"caption\":\"FjALA e LIR\u00cb - Arkivi\"},\"image\":{\"@id\":\"https:\\\/\\\/fjala.info\\\/2009-2015\\\/#\\\/schema\\\/logo\\\/image\\\/\"}},{\"@type\":\"Person\",\"@id\":\"https:\\\/\\\/fjala.info\\\/2009-2015\\\/#\\\/schema\\\/person\\\/3aa1163ef05469c496fc94e77611ada2\",\"name\":\"admin\",\"image\":{\"@type\":\"ImageObject\",\"inLanguage\":\"sq-AL\",\"@id\":\"https:\\\/\\\/fjala.info\\\/2009-2015\\\/wp-content\\\/uploads\\\/2012\\\/02\\\/arben_cokaj-120x150.jpg\",\"url\":\"https:\\\/\\\/fjala.info\\\/2009-2015\\\/wp-content\\\/uploads\\\/2012\\\/02\\\/arben_cokaj-120x150.jpg\",\"contentUrl\":\"https:\\\/\\\/fjala.info\\\/2009-2015\\\/wp-content\\\/uploads\\\/2012\\\/02\\\/arben_cokaj-120x150.jpg\",\"caption\":\"admin\"},\"description\":\"Admin, Fjala e Lir\u00eb\",\"sameAs\":[\"https:\\\/\\\/fjala.info\\\/\"],\"url\":\"https:\\\/\\\/fjala.info\\\/2009-2015\\\/author\\\/admin\\\/\"}]}<\/script>\n<!-- \/ Yoast SEO plugin. -->","yoast_head_json":{"title":"A mund t\u00eb frenojn\u00eb grat\u00eb e autokrat\u00ebve burrat e tyre? - FjALA e LIR\u00cb - Arkivi","robots":{"index":"index","follow":"follow","max-snippet":"max-snippet:-1","max-image-preview":"max-image-preview:large","max-video-preview":"max-video-preview:-1"},"canonical":"https:\/\/fjala.info\/2009-2015\/a-mund-te-frenojne-grate-e-autokrateve-burrat-e-tyre\/","og_locale":"sq_AL","og_type":"article","og_title":"A mund t\u00eb frenojn\u00eb grat\u00eb e autokrat\u00ebve burrat e tyre? - FjALA e LIR\u00cb - Arkivi","og_description":"Asma Al Assad \u00ebsht\u00eb kritikuar se mb\u00ebshtet burrin e saj, presidentin e Siris\u00eb, Bashar Al Assad, nd\u00ebrkoh\u00eb q\u00eb ai po bombardon qytetin e saj t\u00eb lindjes, Homs. Por a kan\u00eb mund\u00ebsi grat\u00eb e autokrat\u00ebve t\u00eb frenojn\u00eb burrat e tyre? Nga Tom Geoghegan, BBC, 8 Shkurt 2012 Nd\u00ebrhyrjen e par\u00eb publike q\u00eb pas nisjes s\u00eb trazirave [&hellip;]","og_url":"https:\/\/fjala.info\/2009-2015\/a-mund-te-frenojne-grate-e-autokrateve-burrat-e-tyre\/","og_site_name":"FjALA e LIR\u00cb - Arkivi","article_published_time":"2012-02-09T09:02:53+00:00","og_image":[{"url":"http:\/\/www.shkoder.net\/2012\/asma_bashar_al_assad.jpg","type":"","width":"","height":""}],"author":"admin","twitter_card":"summary_large_image","twitter_misc":{"Written by":"admin","Est. reading time":"4 minutes"},"schema":{"@context":"https:\/\/schema.org","@graph":[{"@type":"Article","@id":"https:\/\/fjala.info\/2009-2015\/a-mund-te-frenojne-grate-e-autokrateve-burrat-e-tyre\/#article","isPartOf":{"@id":"https:\/\/fjala.info\/2009-2015\/a-mund-te-frenojne-grate-e-autokrateve-burrat-e-tyre\/"},"author":{"name":"admin","@id":"https:\/\/fjala.info\/2009-2015\/#\/schema\/person\/3aa1163ef05469c496fc94e77611ada2"},"headline":"A mund t\u00eb frenojn\u00eb grat\u00eb e autokrat\u00ebve burrat e tyre?","datePublished":"2012-02-09T09:02:53+00:00","mainEntityOfPage":{"@id":"https:\/\/fjala.info\/2009-2015\/a-mund-te-frenojne-grate-e-autokrateve-burrat-e-tyre\/"},"wordCount":817,"commentCount":1,"publisher":{"@id":"https:\/\/fjala.info\/2009-2015\/#organization"},"image":{"@id":"https:\/\/fjala.info\/2009-2015\/a-mund-te-frenojne-grate-e-autokrateve-burrat-e-tyre\/#primaryimage"},"thumbnailUrl":"http:\/\/www.shkoder.net\/2012\/asma_bashar_al_assad.jpg","articleSection":["Artikuj"],"inLanguage":"sq-AL","potentialAction":[{"@type":"CommentAction","name":"Comment","target":["https:\/\/fjala.info\/2009-2015\/a-mund-te-frenojne-grate-e-autokrateve-burrat-e-tyre\/#respond"]}]},{"@type":"WebPage","@id":"https:\/\/fjala.info\/2009-2015\/a-mund-te-frenojne-grate-e-autokrateve-burrat-e-tyre\/","url":"https:\/\/fjala.info\/2009-2015\/a-mund-te-frenojne-grate-e-autokrateve-burrat-e-tyre\/","name":"A mund t\u00eb frenojn\u00eb grat\u00eb e autokrat\u00ebve burrat e tyre? - FjALA e LIR\u00cb - Arkivi","isPartOf":{"@id":"https:\/\/fjala.info\/2009-2015\/#website"},"primaryImageOfPage":{"@id":"https:\/\/fjala.info\/2009-2015\/a-mund-te-frenojne-grate-e-autokrateve-burrat-e-tyre\/#primaryimage"},"image":{"@id":"https:\/\/fjala.info\/2009-2015\/a-mund-te-frenojne-grate-e-autokrateve-burrat-e-tyre\/#primaryimage"},"thumbnailUrl":"http:\/\/www.shkoder.net\/2012\/asma_bashar_al_assad.jpg","datePublished":"2012-02-09T09:02:53+00:00","breadcrumb":{"@id":"https:\/\/fjala.info\/2009-2015\/a-mund-te-frenojne-grate-e-autokrateve-burrat-e-tyre\/#breadcrumb"},"inLanguage":"sq-AL","potentialAction":[{"@type":"ReadAction","target":["https:\/\/fjala.info\/2009-2015\/a-mund-te-frenojne-grate-e-autokrateve-burrat-e-tyre\/"]}]},{"@type":"ImageObject","inLanguage":"sq-AL","@id":"https:\/\/fjala.info\/2009-2015\/a-mund-te-frenojne-grate-e-autokrateve-burrat-e-tyre\/#primaryimage","url":"http:\/\/www.shkoder.net\/2012\/asma_bashar_al_assad.jpg","contentUrl":"http:\/\/www.shkoder.net\/2012\/asma_bashar_al_assad.jpg"},{"@type":"BreadcrumbList","@id":"https:\/\/fjala.info\/2009-2015\/a-mund-te-frenojne-grate-e-autokrateve-burrat-e-tyre\/#breadcrumb","itemListElement":[{"@type":"ListItem","position":1,"name":"Home","item":"https:\/\/fjala.info\/2009-2015\/"},{"@type":"ListItem","position":2,"name":"A mund t\u00eb frenojn\u00eb grat\u00eb e autokrat\u00ebve burrat e tyre?"}]},{"@type":"WebSite","@id":"https:\/\/fjala.info\/2009-2015\/#website","url":"https:\/\/fjala.info\/2009-2015\/","name":"FjALA e LIR\u00cb - Arkivi","description":"Arkivi 2009-2015","publisher":{"@id":"https:\/\/fjala.info\/2009-2015\/#organization"},"potentialAction":[{"@type":"SearchAction","target":{"@type":"EntryPoint","urlTemplate":"https:\/\/fjala.info\/2009-2015\/?s={search_term_string}"},"query-input":{"@type":"PropertyValueSpecification","valueRequired":true,"valueName":"search_term_string"}}],"inLanguage":"sq-AL"},{"@type":"Organization","@id":"https:\/\/fjala.info\/2009-2015\/#organization","name":"FjALA e LIR\u00cb - Arkivi","url":"https:\/\/fjala.info\/2009-2015\/","logo":{"@type":"ImageObject","inLanguage":"sq-AL","@id":"https:\/\/fjala.info\/2009-2015\/#\/schema\/logo\/image\/","url":"","contentUrl":"","caption":"FjALA e LIR\u00cb - Arkivi"},"image":{"@id":"https:\/\/fjala.info\/2009-2015\/#\/schema\/logo\/image\/"}},{"@type":"Person","@id":"https:\/\/fjala.info\/2009-2015\/#\/schema\/person\/3aa1163ef05469c496fc94e77611ada2","name":"admin","image":{"@type":"ImageObject","inLanguage":"sq-AL","@id":"https:\/\/fjala.info\/2009-2015\/wp-content\/uploads\/2012\/02\/arben_cokaj-120x150.jpg","url":"https:\/\/fjala.info\/2009-2015\/wp-content\/uploads\/2012\/02\/arben_cokaj-120x150.jpg","contentUrl":"https:\/\/fjala.info\/2009-2015\/wp-content\/uploads\/2012\/02\/arben_cokaj-120x150.jpg","caption":"admin"},"description":"Admin, Fjala e Lir\u00eb","sameAs":["https:\/\/fjala.info\/"],"url":"https:\/\/fjala.info\/2009-2015\/author\/admin\/"}]}},"_links":{"self":[{"href":"https:\/\/fjala.info\/2009-2015\/wp-json\/wp\/v2\/posts\/11677","targetHints":{"allow":["GET"]}}],"collection":[{"href":"https:\/\/fjala.info\/2009-2015\/wp-json\/wp\/v2\/posts"}],"about":[{"href":"https:\/\/fjala.info\/2009-2015\/wp-json\/wp\/v2\/types\/post"}],"author":[{"embeddable":true,"href":"https:\/\/fjala.info\/2009-2015\/wp-json\/wp\/v2\/users\/1"}],"replies":[{"embeddable":true,"href":"https:\/\/fjala.info\/2009-2015\/wp-json\/wp\/v2\/comments?post=11677"}],"version-history":[{"count":0,"href":"https:\/\/fjala.info\/2009-2015\/wp-json\/wp\/v2\/posts\/11677\/revisions"}],"wp:attachment":[{"href":"https:\/\/fjala.info\/2009-2015\/wp-json\/wp\/v2\/media?parent=11677"}],"wp:term":[{"taxonomy":"category","embeddable":true,"href":"https:\/\/fjala.info\/2009-2015\/wp-json\/wp\/v2\/categories?post=11677"},{"taxonomy":"post_tag","embeddable":true,"href":"https:\/\/fjala.info\/2009-2015\/wp-json\/wp\/v2\/tags?post=11677"}],"curies":[{"name":"wp","href":"https:\/\/api.w.org\/{rel}","templated":true}]}}