{"id":11676,"date":"2012-02-09T09:31:40","date_gmt":"2012-02-09T08:31:40","guid":{"rendered":"http:\/\/fjala.shkoder.net\/?p=1658"},"modified":"2012-02-09T09:31:40","modified_gmt":"2012-02-09T08:31:40","slug":"familja-e-telit-ne-banese-te-re","status":"publish","type":"post","link":"https:\/\/fjala.info\/2009-2015\/familja-e-telit-ne-banese-te-re\/","title":{"rendered":"Familja e Telit n\u00eb banes\u00eb t\u00eb re"},"content":{"rendered":"<p><img decoding=\"async\" class=\"alignleft size-thumbnail wp-image-7236\" title=\"Familja e Telit\" src=\"http:\/\/www.shkoder.net\/2012\/familja_telit.jpg\" alt=\"\" width=\"300\" \/> <strong><em>Fjala e dh\u00ebn\u00eb nga nj\u00eb m\u00ebrgimtar i rrethit t\u00eb Gostivarit tashm\u00eb \u00ebsht\u00eb b\u00ebr\u00eb realitet. Vet pronari i kompanis\u00eb nd\u00ebrtimore &#8220;Lato Gerustbau&#8221;, ka q\u00ebndruar n\u00eb Tiran\u00eb p\u00ebr t\u00eb b\u00ebr\u00eb kontrat\u00ebn dhe pages\u00ebn e banes\u00ebs, q\u00eb m\u00eb pas t&#8217;ua dor\u00ebzoj\u00eb dokumentin e pron\u00ebsis\u00eb dhe \u00e7el\u00ebsat pasardh\u00ebsve t\u00eb Komandant Telit. G\u00ebzimi, emocionet dhe lumturia mbizot\u00ebruan n\u00eb ambientet e banes\u00ebs s\u00eb re. &#8220;N\u00eb radh\u00eb t\u00eb par\u00eb, shpreh fal\u00ebnderime p\u00ebr stafin e gazet\u00ebs suaj dhe gjith\u00eb atyre humanitar\u00ebve. Zoti u falt\u00eb fat dhe mbar\u00ebsi&#8221;, uroi bashk\u00ebshortja e Telit, Rabija<\/em><\/strong><\/p>\n<p><strong>Driton Zenku<\/strong>\/<em>KOHA<\/em><\/p>\n<p>Tiran\u00eb &#8211; Jan\u00eb rikthyer buz\u00ebqeshjet dhe lumturia n\u00eb familjen e Lefter Koxhajt &#8211; Komandant Telit. Pas golgot\u00ebs disa mujore si munges\u00eb e vendstrehimit, f\u00ebmij\u00ebt e Komandant Telit &#8211; Rexhina dhe Letjani i vog\u00ebl, si dhe bashk\u00ebshortja e tij, Rabija, tash e tutje do t\u00eb jetojn\u00eb n\u00eb nj\u00eb banes\u00eb t\u00eb re n\u00eb pron\u00ebsi t\u00eb tyre n\u00eb mes t\u00eb Tiran\u00ebs.<\/p>\n<p>Fjala e dh\u00ebn\u00eb nga nj\u00eb m\u00ebrgimtar i rrethit t\u00eb Gostivarit, tashm\u00eb \u00ebsht\u00eb b\u00ebr\u00eb realitet. Vet pronari i kompanis\u00eb nd\u00ebrtimore &#8220;Lato Gerustbau&#8221; me vendndodhje n\u00eb Gjermania, ka q\u00ebndruar n\u00eb Tiran\u00eb p\u00ebr t\u00eb b\u00ebr\u00eb kontrat\u00ebn dhe pages\u00ebn e banes\u00ebs, q\u00eb m\u00eb pas t&#8217;ua dor\u00ebzoj\u00eb dokumentin e pron\u00ebsis\u00eb dhe \u00e7el\u00ebsat pasardh\u00ebsve t\u00eb Komandant Telit. Edhe pse ekipi i gazet\u00ebs KOHA n\u00eb ato momente ishte aty, nga modestia ai nuk deshi t\u00eb b\u00ebjn\u00eb prononcim publik, duke shtuar se ky gjest \u00ebsht\u00eb b\u00ebr\u00eb n\u00eb em\u00ebr t\u00eb Zotit dhe p\u00ebr dy jetim\u00ebt e Komandant t\u00eb madh t\u00eb U\u00c7K-s\u00eb, familja e t\u00eb cilit deri tani ishte l\u00ebn\u00eb n\u00ebn m\u00ebshir\u00eb t\u00eb Zotit.<\/p>\n<p>G\u00ebzimi, emocionet dhe lumturia mbizot\u00ebruan n\u00eb ambientet e banes\u00ebs s\u00eb re. Rexhina dhe Letjani i vog\u00ebl b\u00ebnin plane se cila dhom\u00eb do t\u00eb jet\u00eb dhoma e tyre e gjumit, gjersa e \u00ebma e tyre Rabija, nuk mund t\u00eb fshihte emocionet nga realiteti i ri n\u00eb familjen e tyre. Nj\u00eb banes\u00eb e re n\u00eb Tiran\u00eb me mbi 90 metra katror\u00eb dhe me nj\u00eb vler\u00eb mbi dyzet mij\u00eb euro.<\/p>\n<p>&#8220;N\u00eb radh\u00eb t\u00eb par\u00eb, shpreh fal\u00ebnderime p\u00ebr stafin e gazet\u00ebs suaj. Ju uroj nga zemra, fat dhe mbar\u00ebsi dhe Allahu Ju shp\u00ebrbleft\u00eb donatorin q\u00eb dol\u00ebt n\u00eb krah t\u00eb familjes son\u00eb. Me vjen shum\u00eb mir\u00eb q\u00eb pas kaq vitesh, ku mbi ne, me nj\u00eb fjal\u00eb kishin ndodhur shum\u00eb probleme, m\u00ebnyra ekonomike dhe m\u00ebnyra e jetes\u00ebs thuajse ishte e pamundur, del dikush t\u00eb na ndihmoj\u00eb. E vler\u00ebsoj\u00eb lart\u00eb kontributin e shqiptar\u00ebve t\u00eb Maqedonis\u00eb dhe kudo q\u00eb jan\u00eb, t\u00eb cil\u00ebt na kan\u00eb ndihmuar, sepse edhe pas kaq vitesh, ata nuk e kan\u00eb harruar bashk\u00ebshortin tim dhe baban\u00eb e dy f\u00ebmij\u00ebve.<\/p>\n<p>E vler\u00ebsojm\u00eb gjestin e tyre human p\u00ebr t\u00eb na ndihmuar n\u00eb blerjen e k\u00ebsaj banese, q\u00eb edhe f\u00ebmij\u00ebt tan\u00eb t\u00eb jetojn\u00eb n\u00eb sht\u00ebpi dhe t\u00eb jetojn\u00eb t\u00eb lir\u00eb. Nj\u00eb fal\u00ebnderim t\u00eb madh edhe p\u00ebr K\u00ebshillin iniciativ\u00eb q\u00eb dhan\u00eb gjith\u00e7ka nga vetja p\u00ebr t\u00eb na ndihmuar neve si familje. Uroj nga zemra q\u00eb Allahu t&#8217;ua shp\u00ebrblen p\u00ebr t\u00eb mir\u00eb&#8221;, theksoi p\u00ebr gazet\u00ebn KOHA, bashk\u00ebshortja e Komandant Telit, Rabije Myrta.<\/p>\n<p>Momentet e g\u00ebzimit n\u00eb familjen e Komandant Telit u ndan\u00eb edhe nga an\u00ebtar\u00ebt e K\u00ebshillit iniciativ\u00eb p\u00ebr mb\u00ebshtetje t\u00eb familjes s\u00eb d\u00ebshmorit Lefter Koxhaj.<\/p>\n<p>&#8220;Sot jemi n\u00eb Tiran\u00eb p\u00ebr t\u00eb b\u00ebr\u00eb vendosjen e familjes s\u00eb Lefter Koxhajt n\u00eb banes\u00ebn e re. Shprehim respektin ton\u00eb p\u00ebr gjith\u00eb ato qytetar\u00eb dhe theks t\u00eb ve\u00e7ant\u00eb m\u00ebrgimtarin nga Gostivari, q\u00eb ndihmuan familjen e Komandant ton\u00eb. Nj\u00eb fal\u00ebnderim shkon edhe p\u00ebr redaksin\u00eb tuaj q\u00eb dhat\u00eb kontributin t\u00eb pakursyer n\u00eb sensibilizimin e opinionit publik. Gjith\u00eb ato q\u00eb ndihmuan, e lusim Zotin t&#8217;i shp\u00ebrblen m\u00eb t\u00eb mirat e veta t\u00eb pakufishme&#8221;, theksoi Mesir Mersimi.<\/p>\n<p><strong>Letjani niset p\u00ebr n\u00eb Gjermani<\/strong><\/p>\n<p>Sigurimi i banes\u00ebs nuk ka qen\u00eb dhurata e vetme p\u00ebr familjar\u00ebt e Lefter Koxhaj. Nga K\u00ebshilli iniciativ\u00eb p\u00ebr mb\u00ebshtetje t\u00eb familjes s\u00eb d\u00ebshmorit, pohojn\u00eb se tashm\u00eb jan\u00eb grumbulluar mjetet e nevojshme financiare p\u00ebr sh\u00ebrimin e Letjanit t\u00eb vog\u00ebl . K\u00ebto dit\u00eb, ato nisen p\u00ebr n\u00eb Gjermani ku dhe pritet q\u00eb Letrajni t&#8217;u n\u00ebnshtrohet kontrolleve dhe vendosjes n\u00eb vesh\u00eb t\u00eb aparateve p\u00ebr d\u00ebgjim. T\u00eb gjitha pagesat e spitalit, shpenzimet e rrug\u00ebs dhe vendosja n\u00eb Gjermani, tashm\u00eb jan\u00eb siguruar. &#8220;Dit\u00ebn e shtun\u00eb, ato nisen n\u00eb Frankfurt t\u00eb Gjermanis\u00eb, n\u00eb spital jan\u00eb kryer t\u00eb gjitha procedurat dhe pagesat e nevojshme, kurse atje do t\u00eb q\u00ebndrojn\u00eb 10 dit\u00eb. Me 1 shkurt presim q\u00eb Letjani t\u00eb kthehet n\u00eb Tiran\u00eb sh\u00ebndosh e mir\u00eb&#8221;, theksoi Arben Elezi nga K\u00ebshilli iniciativ.<\/p>\n<p>N\u00eb Gjermani, familjar\u00ebt e Lefter Koxhajt do t\u00eb vendosen dhe do t\u00eb merren n\u00eb p\u00ebrkujdesje gjat\u00eb q\u00ebndrimit atje n\u00eb familjen e m\u00ebrgimtarit Megdan Sulejmani nga fshatin Raven. Nga K\u00ebshilli iniciativ\u00eb p\u00ebr mb\u00ebshtetje t\u00eb familjes s\u00eb d\u00ebshmorit Lefter Koxhaj, b\u00ebjn\u00eb me dije q\u00eb krahas blerjes s\u00eb banes\u00ebs, jan\u00eb grumbulluar dhe nj\u00eb sasi parash prej 15 mij\u00eb eurosh, mjete k\u00ebto q\u00eb do t\u00eb sh\u00ebrbejn\u00eb p\u00ebr mjekimin e Letjanit t\u00eb vog\u00ebl n\u00eb Gjermani. Por mb\u00ebshtetja p\u00ebr familjar\u00ebt e Komandant Telit nuk ka mbaruar me kaq. Nj\u00eb m\u00ebrgimtar tjet\u00ebr nga rrethina e Gostivarit me pun\u00eb t\u00eb p\u00ebrkohshme n\u00eb Austri, Sadik Sadiku p\u00ebrve\u00e7 4.500 euro q\u00eb ndahu p\u00ebr familjar\u00ebt e Telit, ka marr\u00eb p\u00ebrsip\u00ebr q\u00eb gjat\u00eb gjith\u00eb vitit, n\u00eb xhirollogarin\u00eb e tyre t\u00eb bart nga 200 euro n\u00eb muaj.<\/p>\n<p>Informacioni mbi gjendjen n\u00eb t\u00eb cil\u00ebn ndodhej familja e d\u00ebshmorit t\u00eb Lefter Goxhaj, i njohur ndryshe si Komandant Teli, u prit me dhembshuri dhe jehon\u00eb t\u00eb madhe nga opinioni i gjer\u00eb publik. Vet\u00ebm tre dit\u00eb pas publikimit t\u00eb rastit n\u00eb gazet\u00ebn KOHA, u b\u00eb i mundur sigurimi i banes\u00ebs, mbi 15 mij\u00eb euro p\u00ebr sh\u00ebrimin e Letjanit t\u00eb vog\u00ebl n\u00eb Gjermani si dhe nga 200 euro p\u00ebr 12 muajt e ardhshme nga nj\u00eb m\u00ebrgimtar me pun\u00eb t\u00eb p\u00ebrkohshme n\u00eb Austri.<\/p>\n","protected":false},"excerpt":{"rendered":"<p>Fjala e dh\u00ebn\u00eb nga nj\u00eb m\u00ebrgimtar i rrethit t\u00eb Gostivarit tashm\u00eb \u00ebsht\u00eb b\u00ebr\u00eb realitet. Vet pronari i kompanis\u00eb nd\u00ebrtimore &#8220;Lato Gerustbau&#8221;, ka q\u00ebndruar n\u00eb Tiran\u00eb p\u00ebr t\u00eb b\u00ebr\u00eb kontrat\u00ebn dhe pages\u00ebn e banes\u00ebs, q\u00eb m\u00eb pas t&#8217;ua dor\u00ebzoj\u00eb dokumentin e pron\u00ebsis\u00eb dhe \u00e7el\u00ebsat pasardh\u00ebsve t\u00eb Komandant Telit. G\u00ebzimi, emocionet dhe lumturia mbizot\u00ebruan n\u00eb ambientet e [&hellip;]<\/p>\n","protected":false},"author":1,"featured_media":0,"comment_status":"open","ping_status":"closed","sticky":false,"template":"","format":"standard","meta":{"footnotes":""},"categories":[2],"tags":[],"class_list":{"0":"post-11676","1":"post","2":"type-post","3":"status-publish","4":"format-standard","6":"category-artikuj"},"yoast_head":"<!-- This site is optimized with the Yoast SEO plugin v27.4 - https:\/\/yoast.com\/product\/yoast-seo-wordpress\/ -->\n<title>Familja e Telit n\u00eb banes\u00eb t\u00eb re - FjALA e LIR\u00cb - Arkivi<\/title>\n<meta name=\"robots\" content=\"index, follow, max-snippet:-1, max-image-preview:large, max-video-preview:-1\" \/>\n<link rel=\"canonical\" href=\"https:\/\/fjala.info\/2009-2015\/familja-e-telit-ne-banese-te-re\/\" \/>\n<meta property=\"og:locale\" content=\"sq_AL\" \/>\n<meta property=\"og:type\" content=\"article\" \/>\n<meta property=\"og:title\" content=\"Familja e Telit n\u00eb banes\u00eb t\u00eb re - FjALA e LIR\u00cb - Arkivi\" \/>\n<meta property=\"og:description\" content=\"Fjala e dh\u00ebn\u00eb nga nj\u00eb m\u00ebrgimtar i rrethit t\u00eb Gostivarit tashm\u00eb \u00ebsht\u00eb b\u00ebr\u00eb realitet. Vet pronari i kompanis\u00eb nd\u00ebrtimore &#8220;Lato Gerustbau&#8221;, ka q\u00ebndruar n\u00eb Tiran\u00eb p\u00ebr t\u00eb b\u00ebr\u00eb kontrat\u00ebn dhe pages\u00ebn e banes\u00ebs, q\u00eb m\u00eb pas t&#8217;ua dor\u00ebzoj\u00eb dokumentin e pron\u00ebsis\u00eb dhe \u00e7el\u00ebsat pasardh\u00ebsve t\u00eb Komandant Telit. G\u00ebzimi, emocionet dhe lumturia mbizot\u00ebruan n\u00eb ambientet e [&hellip;]\" \/>\n<meta property=\"og:url\" content=\"https:\/\/fjala.info\/2009-2015\/familja-e-telit-ne-banese-te-re\/\" \/>\n<meta property=\"og:site_name\" content=\"FjALA e LIR\u00cb - Arkivi\" \/>\n<meta property=\"article:published_time\" content=\"2012-02-09T08:31:40+00:00\" \/>\n<meta property=\"og:image\" content=\"http:\/\/www.shkoder.net\/2012\/familja_telit.jpg\" \/>\n<meta name=\"author\" content=\"admin\" \/>\n<meta name=\"twitter:card\" content=\"summary_large_image\" \/>\n<meta name=\"twitter:label1\" content=\"Written by\" \/>\n\t<meta name=\"twitter:data1\" content=\"admin\" \/>\n\t<meta name=\"twitter:label2\" content=\"Est. reading time\" \/>\n\t<meta name=\"twitter:data2\" content=\"5 minutes\" \/>\n<script type=\"application\/ld+json\" class=\"yoast-schema-graph\">{\"@context\":\"https:\\\/\\\/schema.org\",\"@graph\":[{\"@type\":\"Article\",\"@id\":\"https:\\\/\\\/fjala.info\\\/2009-2015\\\/familja-e-telit-ne-banese-te-re\\\/#article\",\"isPartOf\":{\"@id\":\"https:\\\/\\\/fjala.info\\\/2009-2015\\\/familja-e-telit-ne-banese-te-re\\\/\"},\"author\":{\"name\":\"admin\",\"@id\":\"https:\\\/\\\/fjala.info\\\/2009-2015\\\/#\\\/schema\\\/person\\\/3aa1163ef05469c496fc94e77611ada2\"},\"headline\":\"Familja e Telit n\u00eb banes\u00eb t\u00eb re\",\"datePublished\":\"2012-02-09T08:31:40+00:00\",\"mainEntityOfPage\":{\"@id\":\"https:\\\/\\\/fjala.info\\\/2009-2015\\\/familja-e-telit-ne-banese-te-re\\\/\"},\"wordCount\":1076,\"commentCount\":1,\"publisher\":{\"@id\":\"https:\\\/\\\/fjala.info\\\/2009-2015\\\/#organization\"},\"image\":{\"@id\":\"https:\\\/\\\/fjala.info\\\/2009-2015\\\/familja-e-telit-ne-banese-te-re\\\/#primaryimage\"},\"thumbnailUrl\":\"http:\\\/\\\/www.shkoder.net\\\/2012\\\/familja_telit.jpg\",\"articleSection\":[\"Artikuj\"],\"inLanguage\":\"sq-AL\",\"potentialAction\":[{\"@type\":\"CommentAction\",\"name\":\"Comment\",\"target\":[\"https:\\\/\\\/fjala.info\\\/2009-2015\\\/familja-e-telit-ne-banese-te-re\\\/#respond\"]}]},{\"@type\":\"WebPage\",\"@id\":\"https:\\\/\\\/fjala.info\\\/2009-2015\\\/familja-e-telit-ne-banese-te-re\\\/\",\"url\":\"https:\\\/\\\/fjala.info\\\/2009-2015\\\/familja-e-telit-ne-banese-te-re\\\/\",\"name\":\"Familja e Telit n\u00eb banes\u00eb t\u00eb re - FjALA e LIR\u00cb - Arkivi\",\"isPartOf\":{\"@id\":\"https:\\\/\\\/fjala.info\\\/2009-2015\\\/#website\"},\"primaryImageOfPage\":{\"@id\":\"https:\\\/\\\/fjala.info\\\/2009-2015\\\/familja-e-telit-ne-banese-te-re\\\/#primaryimage\"},\"image\":{\"@id\":\"https:\\\/\\\/fjala.info\\\/2009-2015\\\/familja-e-telit-ne-banese-te-re\\\/#primaryimage\"},\"thumbnailUrl\":\"http:\\\/\\\/www.shkoder.net\\\/2012\\\/familja_telit.jpg\",\"datePublished\":\"2012-02-09T08:31:40+00:00\",\"breadcrumb\":{\"@id\":\"https:\\\/\\\/fjala.info\\\/2009-2015\\\/familja-e-telit-ne-banese-te-re\\\/#breadcrumb\"},\"inLanguage\":\"sq-AL\",\"potentialAction\":[{\"@type\":\"ReadAction\",\"target\":[\"https:\\\/\\\/fjala.info\\\/2009-2015\\\/familja-e-telit-ne-banese-te-re\\\/\"]}]},{\"@type\":\"ImageObject\",\"inLanguage\":\"sq-AL\",\"@id\":\"https:\\\/\\\/fjala.info\\\/2009-2015\\\/familja-e-telit-ne-banese-te-re\\\/#primaryimage\",\"url\":\"http:\\\/\\\/www.shkoder.net\\\/2012\\\/familja_telit.jpg\",\"contentUrl\":\"http:\\\/\\\/www.shkoder.net\\\/2012\\\/familja_telit.jpg\"},{\"@type\":\"BreadcrumbList\",\"@id\":\"https:\\\/\\\/fjala.info\\\/2009-2015\\\/familja-e-telit-ne-banese-te-re\\\/#breadcrumb\",\"itemListElement\":[{\"@type\":\"ListItem\",\"position\":1,\"name\":\"Home\",\"item\":\"https:\\\/\\\/fjala.info\\\/2009-2015\\\/\"},{\"@type\":\"ListItem\",\"position\":2,\"name\":\"Familja e Telit n\u00eb banes\u00eb t\u00eb re\"}]},{\"@type\":\"WebSite\",\"@id\":\"https:\\\/\\\/fjala.info\\\/2009-2015\\\/#website\",\"url\":\"https:\\\/\\\/fjala.info\\\/2009-2015\\\/\",\"name\":\"FjALA e LIR\u00cb - Arkivi\",\"description\":\"Arkivi 2009-2015\",\"publisher\":{\"@id\":\"https:\\\/\\\/fjala.info\\\/2009-2015\\\/#organization\"},\"potentialAction\":[{\"@type\":\"SearchAction\",\"target\":{\"@type\":\"EntryPoint\",\"urlTemplate\":\"https:\\\/\\\/fjala.info\\\/2009-2015\\\/?s={search_term_string}\"},\"query-input\":{\"@type\":\"PropertyValueSpecification\",\"valueRequired\":true,\"valueName\":\"search_term_string\"}}],\"inLanguage\":\"sq-AL\"},{\"@type\":\"Organization\",\"@id\":\"https:\\\/\\\/fjala.info\\\/2009-2015\\\/#organization\",\"name\":\"FjALA e LIR\u00cb - Arkivi\",\"url\":\"https:\\\/\\\/fjala.info\\\/2009-2015\\\/\",\"logo\":{\"@type\":\"ImageObject\",\"inLanguage\":\"sq-AL\",\"@id\":\"https:\\\/\\\/fjala.info\\\/2009-2015\\\/#\\\/schema\\\/logo\\\/image\\\/\",\"url\":\"\",\"contentUrl\":\"\",\"caption\":\"FjALA e LIR\u00cb - Arkivi\"},\"image\":{\"@id\":\"https:\\\/\\\/fjala.info\\\/2009-2015\\\/#\\\/schema\\\/logo\\\/image\\\/\"}},{\"@type\":\"Person\",\"@id\":\"https:\\\/\\\/fjala.info\\\/2009-2015\\\/#\\\/schema\\\/person\\\/3aa1163ef05469c496fc94e77611ada2\",\"name\":\"admin\",\"image\":{\"@type\":\"ImageObject\",\"inLanguage\":\"sq-AL\",\"@id\":\"https:\\\/\\\/fjala.info\\\/2009-2015\\\/wp-content\\\/uploads\\\/2012\\\/02\\\/arben_cokaj-120x150.jpg\",\"url\":\"https:\\\/\\\/fjala.info\\\/2009-2015\\\/wp-content\\\/uploads\\\/2012\\\/02\\\/arben_cokaj-120x150.jpg\",\"contentUrl\":\"https:\\\/\\\/fjala.info\\\/2009-2015\\\/wp-content\\\/uploads\\\/2012\\\/02\\\/arben_cokaj-120x150.jpg\",\"caption\":\"admin\"},\"description\":\"Admin, Fjala e Lir\u00eb\",\"sameAs\":[\"https:\\\/\\\/fjala.info\\\/\"],\"url\":\"https:\\\/\\\/fjala.info\\\/2009-2015\\\/author\\\/admin\\\/\"}]}<\/script>\n<!-- \/ Yoast SEO plugin. -->","yoast_head_json":{"title":"Familja e Telit n\u00eb banes\u00eb t\u00eb re - FjALA e LIR\u00cb - Arkivi","robots":{"index":"index","follow":"follow","max-snippet":"max-snippet:-1","max-image-preview":"max-image-preview:large","max-video-preview":"max-video-preview:-1"},"canonical":"https:\/\/fjala.info\/2009-2015\/familja-e-telit-ne-banese-te-re\/","og_locale":"sq_AL","og_type":"article","og_title":"Familja e Telit n\u00eb banes\u00eb t\u00eb re - FjALA e LIR\u00cb - Arkivi","og_description":"Fjala e dh\u00ebn\u00eb nga nj\u00eb m\u00ebrgimtar i rrethit t\u00eb Gostivarit tashm\u00eb \u00ebsht\u00eb b\u00ebr\u00eb realitet. Vet pronari i kompanis\u00eb nd\u00ebrtimore &#8220;Lato Gerustbau&#8221;, ka q\u00ebndruar n\u00eb Tiran\u00eb p\u00ebr t\u00eb b\u00ebr\u00eb kontrat\u00ebn dhe pages\u00ebn e banes\u00ebs, q\u00eb m\u00eb pas t&#8217;ua dor\u00ebzoj\u00eb dokumentin e pron\u00ebsis\u00eb dhe \u00e7el\u00ebsat pasardh\u00ebsve t\u00eb Komandant Telit. G\u00ebzimi, emocionet dhe lumturia mbizot\u00ebruan n\u00eb ambientet e [&hellip;]","og_url":"https:\/\/fjala.info\/2009-2015\/familja-e-telit-ne-banese-te-re\/","og_site_name":"FjALA e LIR\u00cb - Arkivi","article_published_time":"2012-02-09T08:31:40+00:00","og_image":[{"url":"http:\/\/www.shkoder.net\/2012\/familja_telit.jpg","type":"","width":"","height":""}],"author":"admin","twitter_card":"summary_large_image","twitter_misc":{"Written by":"admin","Est. reading time":"5 minutes"},"schema":{"@context":"https:\/\/schema.org","@graph":[{"@type":"Article","@id":"https:\/\/fjala.info\/2009-2015\/familja-e-telit-ne-banese-te-re\/#article","isPartOf":{"@id":"https:\/\/fjala.info\/2009-2015\/familja-e-telit-ne-banese-te-re\/"},"author":{"name":"admin","@id":"https:\/\/fjala.info\/2009-2015\/#\/schema\/person\/3aa1163ef05469c496fc94e77611ada2"},"headline":"Familja e Telit n\u00eb banes\u00eb t\u00eb re","datePublished":"2012-02-09T08:31:40+00:00","mainEntityOfPage":{"@id":"https:\/\/fjala.info\/2009-2015\/familja-e-telit-ne-banese-te-re\/"},"wordCount":1076,"commentCount":1,"publisher":{"@id":"https:\/\/fjala.info\/2009-2015\/#organization"},"image":{"@id":"https:\/\/fjala.info\/2009-2015\/familja-e-telit-ne-banese-te-re\/#primaryimage"},"thumbnailUrl":"http:\/\/www.shkoder.net\/2012\/familja_telit.jpg","articleSection":["Artikuj"],"inLanguage":"sq-AL","potentialAction":[{"@type":"CommentAction","name":"Comment","target":["https:\/\/fjala.info\/2009-2015\/familja-e-telit-ne-banese-te-re\/#respond"]}]},{"@type":"WebPage","@id":"https:\/\/fjala.info\/2009-2015\/familja-e-telit-ne-banese-te-re\/","url":"https:\/\/fjala.info\/2009-2015\/familja-e-telit-ne-banese-te-re\/","name":"Familja e Telit n\u00eb banes\u00eb t\u00eb re - FjALA e LIR\u00cb - Arkivi","isPartOf":{"@id":"https:\/\/fjala.info\/2009-2015\/#website"},"primaryImageOfPage":{"@id":"https:\/\/fjala.info\/2009-2015\/familja-e-telit-ne-banese-te-re\/#primaryimage"},"image":{"@id":"https:\/\/fjala.info\/2009-2015\/familja-e-telit-ne-banese-te-re\/#primaryimage"},"thumbnailUrl":"http:\/\/www.shkoder.net\/2012\/familja_telit.jpg","datePublished":"2012-02-09T08:31:40+00:00","breadcrumb":{"@id":"https:\/\/fjala.info\/2009-2015\/familja-e-telit-ne-banese-te-re\/#breadcrumb"},"inLanguage":"sq-AL","potentialAction":[{"@type":"ReadAction","target":["https:\/\/fjala.info\/2009-2015\/familja-e-telit-ne-banese-te-re\/"]}]},{"@type":"ImageObject","inLanguage":"sq-AL","@id":"https:\/\/fjala.info\/2009-2015\/familja-e-telit-ne-banese-te-re\/#primaryimage","url":"http:\/\/www.shkoder.net\/2012\/familja_telit.jpg","contentUrl":"http:\/\/www.shkoder.net\/2012\/familja_telit.jpg"},{"@type":"BreadcrumbList","@id":"https:\/\/fjala.info\/2009-2015\/familja-e-telit-ne-banese-te-re\/#breadcrumb","itemListElement":[{"@type":"ListItem","position":1,"name":"Home","item":"https:\/\/fjala.info\/2009-2015\/"},{"@type":"ListItem","position":2,"name":"Familja e Telit n\u00eb banes\u00eb t\u00eb re"}]},{"@type":"WebSite","@id":"https:\/\/fjala.info\/2009-2015\/#website","url":"https:\/\/fjala.info\/2009-2015\/","name":"FjALA e LIR\u00cb - Arkivi","description":"Arkivi 2009-2015","publisher":{"@id":"https:\/\/fjala.info\/2009-2015\/#organization"},"potentialAction":[{"@type":"SearchAction","target":{"@type":"EntryPoint","urlTemplate":"https:\/\/fjala.info\/2009-2015\/?s={search_term_string}"},"query-input":{"@type":"PropertyValueSpecification","valueRequired":true,"valueName":"search_term_string"}}],"inLanguage":"sq-AL"},{"@type":"Organization","@id":"https:\/\/fjala.info\/2009-2015\/#organization","name":"FjALA e LIR\u00cb - Arkivi","url":"https:\/\/fjala.info\/2009-2015\/","logo":{"@type":"ImageObject","inLanguage":"sq-AL","@id":"https:\/\/fjala.info\/2009-2015\/#\/schema\/logo\/image\/","url":"","contentUrl":"","caption":"FjALA e LIR\u00cb - Arkivi"},"image":{"@id":"https:\/\/fjala.info\/2009-2015\/#\/schema\/logo\/image\/"}},{"@type":"Person","@id":"https:\/\/fjala.info\/2009-2015\/#\/schema\/person\/3aa1163ef05469c496fc94e77611ada2","name":"admin","image":{"@type":"ImageObject","inLanguage":"sq-AL","@id":"https:\/\/fjala.info\/2009-2015\/wp-content\/uploads\/2012\/02\/arben_cokaj-120x150.jpg","url":"https:\/\/fjala.info\/2009-2015\/wp-content\/uploads\/2012\/02\/arben_cokaj-120x150.jpg","contentUrl":"https:\/\/fjala.info\/2009-2015\/wp-content\/uploads\/2012\/02\/arben_cokaj-120x150.jpg","caption":"admin"},"description":"Admin, Fjala e Lir\u00eb","sameAs":["https:\/\/fjala.info\/"],"url":"https:\/\/fjala.info\/2009-2015\/author\/admin\/"}]}},"_links":{"self":[{"href":"https:\/\/fjala.info\/2009-2015\/wp-json\/wp\/v2\/posts\/11676","targetHints":{"allow":["GET"]}}],"collection":[{"href":"https:\/\/fjala.info\/2009-2015\/wp-json\/wp\/v2\/posts"}],"about":[{"href":"https:\/\/fjala.info\/2009-2015\/wp-json\/wp\/v2\/types\/post"}],"author":[{"embeddable":true,"href":"https:\/\/fjala.info\/2009-2015\/wp-json\/wp\/v2\/users\/1"}],"replies":[{"embeddable":true,"href":"https:\/\/fjala.info\/2009-2015\/wp-json\/wp\/v2\/comments?post=11676"}],"version-history":[{"count":0,"href":"https:\/\/fjala.info\/2009-2015\/wp-json\/wp\/v2\/posts\/11676\/revisions"}],"wp:attachment":[{"href":"https:\/\/fjala.info\/2009-2015\/wp-json\/wp\/v2\/media?parent=11676"}],"wp:term":[{"taxonomy":"category","embeddable":true,"href":"https:\/\/fjala.info\/2009-2015\/wp-json\/wp\/v2\/categories?post=11676"},{"taxonomy":"post_tag","embeddable":true,"href":"https:\/\/fjala.info\/2009-2015\/wp-json\/wp\/v2\/tags?post=11676"}],"curies":[{"name":"wp","href":"https:\/\/api.w.org\/{rel}","templated":true}]}}