{"id":11675,"date":"2012-02-07T22:58:43","date_gmt":"2012-02-07T21:58:43","guid":{"rendered":"http:\/\/fjala.shkoder.net\/?p=1630"},"modified":"2012-02-07T22:58:43","modified_gmt":"2012-02-07T21:58:43","slug":"rama-nese-ajo-qe-beri-berisha-ishte-e-ligjshme-pse-po-zhduk-provat-asgje-nuk-justifikon-vrasjet","status":"publish","type":"post","link":"https:\/\/fjala.info\/2009-2015\/rama-nese-ajo-qe-beri-berisha-ishte-e-ligjshme-pse-po-zhduk-provat-asgje-nuk-justifikon-vrasjet\/","title":{"rendered":"Rama: N\u00ebse ajo q\u00eb b\u00ebri Berisha ishte e ligjshme, pse po zhduk provat. Asgj\u00eb nuk justifikon vrasjet"},"content":{"rendered":"<p><img decoding=\"async\" class=\"alignright size-thumbnail wp-image-7236\" title=\"Rama - Babaramo\" src=\"http:\/\/www.shkoder.net\/2012\/rama_babaramo.jpg\" alt=\"\" width=\"250\" \/> <strong>TemA<\/strong>, <em>7 Shkurt 2012<\/em><\/p>\n<p>Kryetari i Partis\u00eb Socialiste, Edi Rama, duke folur n\u00eb emisionin \u2018Pes\u00eb pyetje nga Babaramo\u201d, tha se protestuesit m\u00eb 21 janar dol\u00ebn aty jo t\u00eb detyruar, por me vullnetin e tyre. Rama tha se jan\u00eb shpifje deklaratat se ka pasur nj\u00eb skem\u00eb p\u00ebr dhun\u00eb. \u201cNjer\u00ebzit n\u00eb at\u00eb demonstrat\u00eb kan\u00eb dal\u00eb me vullnetin e tyre. T\u00eb gjitha ato q\u00eb jan\u00eb th\u00ebn\u00eb se ka pasur nj\u00eb skem\u00eb p\u00ebr t\u00eb ushtruar dhun\u00eb, apo grupe t\u00eb paguara, jan\u00eb shpifje. Aty jan\u00eb derdhur lum\u00eb qytetar\u00ebt e k\u00ebtij vendi q\u00eb nuk pranojn\u00eb t\u00eb ulin kok\u00ebn dhe t\u00eb bashk\u00ebjetojn\u00eb me nj\u00eb qeveri q\u00eb nuk e meriton t\u00eb qeveris\u00eb shqiptar\u00ebt,\u201d tha Rama.<\/p>\n<p>Kryetari i PS ka shprehur fal\u00ebnderim p\u00ebr mb\u00ebshtetjen q\u00eb i ka dh\u00ebn\u00eb ambasadori amerikan k\u00ebtij hetimi dhe ka theksuar s\u00ebrish se urdhrin p\u00ebr vrasjet nuk mund ta jepte askush p\u00ebrve\u00e7 ministrit t\u00eb Brendsh\u00ebm dhe kryeministrit. Rama tha se nuk ka asnj\u00eb argument q\u00eb justifikon vrasjet e 21 janarit. \u201cM\u00eb lejoni t\u00eb them se jan\u00eb vrar\u00eb kat\u00ebr njer\u00ebz dhe \u00ebsht\u00eb shkelur n\u00eb m\u00ebnyr\u00eb barbare Kushtetuta e Shqip\u00ebris\u00eb. Ato jan\u00eb d\u00ebnime me vdekje t\u00eb ekzekutuar n\u00eb bulevardin \u2018D\u00ebshmor\u00ebt e Kombit\u2019. Ndaj t\u00eb mos harrojm\u00eb se n\u00ebse kjo q\u00eb ka ndodhur do ishte e ligjshme dhe n\u00eb funksion t\u00eb rendit, kryeministri nuk do kishte nevoj\u00eb t\u00eb fshihte provat duke fshir\u00eb serverin e kryeministris\u00eb, komandanti i Gard\u00ebs nuk do kishte nevoj\u00eb t\u00eb nd\u00ebrronte tyt\u00ebn e arm\u00ebs s\u00eb tij,\u201d tha Rama.<\/p>\n<p>Kryetari i PS tha se deputet\u00ebt e PS kan\u00eb rrezikuar jet\u00ebn duke realizuar t\u00ebrheqjen e protestuesve. \u201cT\u00ebrheqja \u00ebsht\u00eb realizuar duke qen\u00eb aty nj\u00eb num\u00ebr i madh deputet\u00ebsh t\u00eb PS. Ata kan\u00eb rrezikuar jet\u00ebn e tyre p\u00ebr t\u00eb t\u00ebrhequr njer\u00ebzit. Nuk ka asgj\u00eb n\u00eb bot\u00eb q\u00eb justifikon k\u00ebto vrasje. Nuk ka asnj\u00eb argument teknik, organizativ, ligjor, politik e kushtetues q\u00eb justifikon k\u00ebto vrasje dhe q\u00eb heq p\u00ebrgjegj\u00ebsin\u00eb direkte t\u00eb kryeministrit dhe ministrit t\u00eb Brendsh\u00ebm p\u00ebr vrasjet,\u201d tha Rama.<\/p>\n<p>Kreu i PS ka deklaruar se drejt\u00ebsia n\u00eb vendin ton\u00eb blihet, nd\u00ebrsa ka shtuar se ata kan\u00eb ofruar nj\u00eb pakt komb\u00ebtar p\u00ebr drejt\u00ebsin\u00eb.<\/p>\n","protected":false},"excerpt":{"rendered":"<p>TemA, 7 Shkurt 2012 Kryetari i Partis\u00eb Socialiste, Edi Rama, duke folur n\u00eb emisionin \u2018Pes\u00eb pyetje nga Babaramo\u201d, tha se protestuesit m\u00eb 21 janar dol\u00ebn aty jo t\u00eb detyruar, por me vullnetin e tyre. Rama tha se jan\u00eb shpifje deklaratat se ka pasur nj\u00eb skem\u00eb p\u00ebr dhun\u00eb. \u201cNjer\u00ebzit n\u00eb at\u00eb demonstrat\u00eb kan\u00eb dal\u00eb me vullnetin [&hellip;]<\/p>\n","protected":false},"author":1,"featured_media":0,"comment_status":"open","ping_status":"closed","sticky":false,"template":"","format":"standard","meta":{"footnotes":""},"categories":[5],"tags":[],"class_list":{"0":"post-11675","1":"post","2":"type-post","3":"status-publish","4":"format-standard","6":"category-lajme"},"yoast_head":"<!-- This site is optimized with the Yoast SEO plugin v27.4 - https:\/\/yoast.com\/product\/yoast-seo-wordpress\/ -->\n<title>Rama: N\u00ebse ajo q\u00eb b\u00ebri Berisha ishte e ligjshme, pse po zhduk provat. Asgj\u00eb nuk justifikon vrasjet - FjALA e LIR\u00cb - Arkivi<\/title>\n<meta name=\"robots\" content=\"index, follow, max-snippet:-1, max-image-preview:large, max-video-preview:-1\" \/>\n<link rel=\"canonical\" href=\"https:\/\/fjala.info\/2009-2015\/rama-nese-ajo-qe-beri-berisha-ishte-e-ligjshme-pse-po-zhduk-provat-asgje-nuk-justifikon-vrasjet\/\" \/>\n<meta property=\"og:locale\" content=\"sq_AL\" \/>\n<meta property=\"og:type\" content=\"article\" \/>\n<meta property=\"og:title\" content=\"Rama: N\u00ebse ajo q\u00eb b\u00ebri Berisha ishte e ligjshme, pse po zhduk provat. Asgj\u00eb nuk justifikon vrasjet - FjALA e LIR\u00cb - Arkivi\" \/>\n<meta property=\"og:description\" content=\"TemA, 7 Shkurt 2012 Kryetari i Partis\u00eb Socialiste, Edi Rama, duke folur n\u00eb emisionin \u2018Pes\u00eb pyetje nga Babaramo\u201d, tha se protestuesit m\u00eb 21 janar dol\u00ebn aty jo t\u00eb detyruar, por me vullnetin e tyre. Rama tha se jan\u00eb shpifje deklaratat se ka pasur nj\u00eb skem\u00eb p\u00ebr dhun\u00eb. \u201cNjer\u00ebzit n\u00eb at\u00eb demonstrat\u00eb kan\u00eb dal\u00eb me vullnetin [&hellip;]\" \/>\n<meta property=\"og:url\" content=\"https:\/\/fjala.info\/2009-2015\/rama-nese-ajo-qe-beri-berisha-ishte-e-ligjshme-pse-po-zhduk-provat-asgje-nuk-justifikon-vrasjet\/\" \/>\n<meta property=\"og:site_name\" content=\"FjALA e LIR\u00cb - Arkivi\" \/>\n<meta property=\"article:published_time\" content=\"2012-02-07T21:58:43+00:00\" \/>\n<meta property=\"og:image\" content=\"http:\/\/www.shkoder.net\/2012\/rama_babaramo.jpg\" \/>\n<meta name=\"author\" content=\"admin\" \/>\n<meta name=\"twitter:card\" content=\"summary_large_image\" \/>\n<meta name=\"twitter:label1\" content=\"Written by\" \/>\n\t<meta name=\"twitter:data1\" content=\"admin\" \/>\n\t<meta name=\"twitter:label2\" content=\"Est. reading time\" \/>\n\t<meta name=\"twitter:data2\" content=\"2 minutes\" \/>\n<script type=\"application\/ld+json\" class=\"yoast-schema-graph\">{\"@context\":\"https:\\\/\\\/schema.org\",\"@graph\":[{\"@type\":\"Article\",\"@id\":\"https:\\\/\\\/fjala.info\\\/2009-2015\\\/rama-nese-ajo-qe-beri-berisha-ishte-e-ligjshme-pse-po-zhduk-provat-asgje-nuk-justifikon-vrasjet\\\/#article\",\"isPartOf\":{\"@id\":\"https:\\\/\\\/fjala.info\\\/2009-2015\\\/rama-nese-ajo-qe-beri-berisha-ishte-e-ligjshme-pse-po-zhduk-provat-asgje-nuk-justifikon-vrasjet\\\/\"},\"author\":{\"name\":\"admin\",\"@id\":\"https:\\\/\\\/fjala.info\\\/2009-2015\\\/#\\\/schema\\\/person\\\/3aa1163ef05469c496fc94e77611ada2\"},\"headline\":\"Rama: N\u00ebse ajo q\u00eb b\u00ebri Berisha ishte e ligjshme, pse po zhduk provat. Asgj\u00eb nuk justifikon vrasjet\",\"datePublished\":\"2012-02-07T21:58:43+00:00\",\"mainEntityOfPage\":{\"@id\":\"https:\\\/\\\/fjala.info\\\/2009-2015\\\/rama-nese-ajo-qe-beri-berisha-ishte-e-ligjshme-pse-po-zhduk-provat-asgje-nuk-justifikon-vrasjet\\\/\"},\"wordCount\":400,\"commentCount\":0,\"publisher\":{\"@id\":\"https:\\\/\\\/fjala.info\\\/2009-2015\\\/#organization\"},\"image\":{\"@id\":\"https:\\\/\\\/fjala.info\\\/2009-2015\\\/rama-nese-ajo-qe-beri-berisha-ishte-e-ligjshme-pse-po-zhduk-provat-asgje-nuk-justifikon-vrasjet\\\/#primaryimage\"},\"thumbnailUrl\":\"http:\\\/\\\/www.shkoder.net\\\/2012\\\/rama_babaramo.jpg\",\"articleSection\":[\"Lajme\"],\"inLanguage\":\"sq-AL\",\"potentialAction\":[{\"@type\":\"CommentAction\",\"name\":\"Comment\",\"target\":[\"https:\\\/\\\/fjala.info\\\/2009-2015\\\/rama-nese-ajo-qe-beri-berisha-ishte-e-ligjshme-pse-po-zhduk-provat-asgje-nuk-justifikon-vrasjet\\\/#respond\"]}]},{\"@type\":\"WebPage\",\"@id\":\"https:\\\/\\\/fjala.info\\\/2009-2015\\\/rama-nese-ajo-qe-beri-berisha-ishte-e-ligjshme-pse-po-zhduk-provat-asgje-nuk-justifikon-vrasjet\\\/\",\"url\":\"https:\\\/\\\/fjala.info\\\/2009-2015\\\/rama-nese-ajo-qe-beri-berisha-ishte-e-ligjshme-pse-po-zhduk-provat-asgje-nuk-justifikon-vrasjet\\\/\",\"name\":\"Rama: N\u00ebse ajo q\u00eb b\u00ebri Berisha ishte e ligjshme, pse po zhduk provat. Asgj\u00eb nuk justifikon vrasjet - FjALA e LIR\u00cb - Arkivi\",\"isPartOf\":{\"@id\":\"https:\\\/\\\/fjala.info\\\/2009-2015\\\/#website\"},\"primaryImageOfPage\":{\"@id\":\"https:\\\/\\\/fjala.info\\\/2009-2015\\\/rama-nese-ajo-qe-beri-berisha-ishte-e-ligjshme-pse-po-zhduk-provat-asgje-nuk-justifikon-vrasjet\\\/#primaryimage\"},\"image\":{\"@id\":\"https:\\\/\\\/fjala.info\\\/2009-2015\\\/rama-nese-ajo-qe-beri-berisha-ishte-e-ligjshme-pse-po-zhduk-provat-asgje-nuk-justifikon-vrasjet\\\/#primaryimage\"},\"thumbnailUrl\":\"http:\\\/\\\/www.shkoder.net\\\/2012\\\/rama_babaramo.jpg\",\"datePublished\":\"2012-02-07T21:58:43+00:00\",\"breadcrumb\":{\"@id\":\"https:\\\/\\\/fjala.info\\\/2009-2015\\\/rama-nese-ajo-qe-beri-berisha-ishte-e-ligjshme-pse-po-zhduk-provat-asgje-nuk-justifikon-vrasjet\\\/#breadcrumb\"},\"inLanguage\":\"sq-AL\",\"potentialAction\":[{\"@type\":\"ReadAction\",\"target\":[\"https:\\\/\\\/fjala.info\\\/2009-2015\\\/rama-nese-ajo-qe-beri-berisha-ishte-e-ligjshme-pse-po-zhduk-provat-asgje-nuk-justifikon-vrasjet\\\/\"]}]},{\"@type\":\"ImageObject\",\"inLanguage\":\"sq-AL\",\"@id\":\"https:\\\/\\\/fjala.info\\\/2009-2015\\\/rama-nese-ajo-qe-beri-berisha-ishte-e-ligjshme-pse-po-zhduk-provat-asgje-nuk-justifikon-vrasjet\\\/#primaryimage\",\"url\":\"http:\\\/\\\/www.shkoder.net\\\/2012\\\/rama_babaramo.jpg\",\"contentUrl\":\"http:\\\/\\\/www.shkoder.net\\\/2012\\\/rama_babaramo.jpg\"},{\"@type\":\"BreadcrumbList\",\"@id\":\"https:\\\/\\\/fjala.info\\\/2009-2015\\\/rama-nese-ajo-qe-beri-berisha-ishte-e-ligjshme-pse-po-zhduk-provat-asgje-nuk-justifikon-vrasjet\\\/#breadcrumb\",\"itemListElement\":[{\"@type\":\"ListItem\",\"position\":1,\"name\":\"Home\",\"item\":\"https:\\\/\\\/fjala.info\\\/2009-2015\\\/\"},{\"@type\":\"ListItem\",\"position\":2,\"name\":\"Rama: N\u00ebse ajo q\u00eb b\u00ebri Berisha ishte e ligjshme, pse po zhduk provat. Asgj\u00eb nuk justifikon vrasjet\"}]},{\"@type\":\"WebSite\",\"@id\":\"https:\\\/\\\/fjala.info\\\/2009-2015\\\/#website\",\"url\":\"https:\\\/\\\/fjala.info\\\/2009-2015\\\/\",\"name\":\"FjALA e LIR\u00cb - Arkivi\",\"description\":\"Arkivi 2009-2015\",\"publisher\":{\"@id\":\"https:\\\/\\\/fjala.info\\\/2009-2015\\\/#organization\"},\"potentialAction\":[{\"@type\":\"SearchAction\",\"target\":{\"@type\":\"EntryPoint\",\"urlTemplate\":\"https:\\\/\\\/fjala.info\\\/2009-2015\\\/?s={search_term_string}\"},\"query-input\":{\"@type\":\"PropertyValueSpecification\",\"valueRequired\":true,\"valueName\":\"search_term_string\"}}],\"inLanguage\":\"sq-AL\"},{\"@type\":\"Organization\",\"@id\":\"https:\\\/\\\/fjala.info\\\/2009-2015\\\/#organization\",\"name\":\"FjALA e LIR\u00cb - Arkivi\",\"url\":\"https:\\\/\\\/fjala.info\\\/2009-2015\\\/\",\"logo\":{\"@type\":\"ImageObject\",\"inLanguage\":\"sq-AL\",\"@id\":\"https:\\\/\\\/fjala.info\\\/2009-2015\\\/#\\\/schema\\\/logo\\\/image\\\/\",\"url\":\"\",\"contentUrl\":\"\",\"caption\":\"FjALA e LIR\u00cb - Arkivi\"},\"image\":{\"@id\":\"https:\\\/\\\/fjala.info\\\/2009-2015\\\/#\\\/schema\\\/logo\\\/image\\\/\"}},{\"@type\":\"Person\",\"@id\":\"https:\\\/\\\/fjala.info\\\/2009-2015\\\/#\\\/schema\\\/person\\\/3aa1163ef05469c496fc94e77611ada2\",\"name\":\"admin\",\"image\":{\"@type\":\"ImageObject\",\"inLanguage\":\"sq-AL\",\"@id\":\"https:\\\/\\\/fjala.info\\\/2009-2015\\\/wp-content\\\/uploads\\\/2012\\\/02\\\/arben_cokaj-120x150.jpg\",\"url\":\"https:\\\/\\\/fjala.info\\\/2009-2015\\\/wp-content\\\/uploads\\\/2012\\\/02\\\/arben_cokaj-120x150.jpg\",\"contentUrl\":\"https:\\\/\\\/fjala.info\\\/2009-2015\\\/wp-content\\\/uploads\\\/2012\\\/02\\\/arben_cokaj-120x150.jpg\",\"caption\":\"admin\"},\"description\":\"Admin, Fjala e Lir\u00eb\",\"sameAs\":[\"https:\\\/\\\/fjala.info\\\/\"],\"url\":\"https:\\\/\\\/fjala.info\\\/2009-2015\\\/author\\\/admin\\\/\"}]}<\/script>\n<!-- \/ Yoast SEO plugin. -->","yoast_head_json":{"title":"Rama: N\u00ebse ajo q\u00eb b\u00ebri Berisha ishte e ligjshme, pse po zhduk provat. Asgj\u00eb nuk justifikon vrasjet - FjALA e LIR\u00cb - Arkivi","robots":{"index":"index","follow":"follow","max-snippet":"max-snippet:-1","max-image-preview":"max-image-preview:large","max-video-preview":"max-video-preview:-1"},"canonical":"https:\/\/fjala.info\/2009-2015\/rama-nese-ajo-qe-beri-berisha-ishte-e-ligjshme-pse-po-zhduk-provat-asgje-nuk-justifikon-vrasjet\/","og_locale":"sq_AL","og_type":"article","og_title":"Rama: N\u00ebse ajo q\u00eb b\u00ebri Berisha ishte e ligjshme, pse po zhduk provat. Asgj\u00eb nuk justifikon vrasjet - FjALA e LIR\u00cb - Arkivi","og_description":"TemA, 7 Shkurt 2012 Kryetari i Partis\u00eb Socialiste, Edi Rama, duke folur n\u00eb emisionin \u2018Pes\u00eb pyetje nga Babaramo\u201d, tha se protestuesit m\u00eb 21 janar dol\u00ebn aty jo t\u00eb detyruar, por me vullnetin e tyre. Rama tha se jan\u00eb shpifje deklaratat se ka pasur nj\u00eb skem\u00eb p\u00ebr dhun\u00eb. \u201cNjer\u00ebzit n\u00eb at\u00eb demonstrat\u00eb kan\u00eb dal\u00eb me vullnetin [&hellip;]","og_url":"https:\/\/fjala.info\/2009-2015\/rama-nese-ajo-qe-beri-berisha-ishte-e-ligjshme-pse-po-zhduk-provat-asgje-nuk-justifikon-vrasjet\/","og_site_name":"FjALA e LIR\u00cb - Arkivi","article_published_time":"2012-02-07T21:58:43+00:00","og_image":[{"url":"http:\/\/www.shkoder.net\/2012\/rama_babaramo.jpg","type":"","width":"","height":""}],"author":"admin","twitter_card":"summary_large_image","twitter_misc":{"Written by":"admin","Est. reading time":"2 minutes"},"schema":{"@context":"https:\/\/schema.org","@graph":[{"@type":"Article","@id":"https:\/\/fjala.info\/2009-2015\/rama-nese-ajo-qe-beri-berisha-ishte-e-ligjshme-pse-po-zhduk-provat-asgje-nuk-justifikon-vrasjet\/#article","isPartOf":{"@id":"https:\/\/fjala.info\/2009-2015\/rama-nese-ajo-qe-beri-berisha-ishte-e-ligjshme-pse-po-zhduk-provat-asgje-nuk-justifikon-vrasjet\/"},"author":{"name":"admin","@id":"https:\/\/fjala.info\/2009-2015\/#\/schema\/person\/3aa1163ef05469c496fc94e77611ada2"},"headline":"Rama: N\u00ebse ajo q\u00eb b\u00ebri Berisha ishte e ligjshme, pse po zhduk provat. Asgj\u00eb nuk justifikon vrasjet","datePublished":"2012-02-07T21:58:43+00:00","mainEntityOfPage":{"@id":"https:\/\/fjala.info\/2009-2015\/rama-nese-ajo-qe-beri-berisha-ishte-e-ligjshme-pse-po-zhduk-provat-asgje-nuk-justifikon-vrasjet\/"},"wordCount":400,"commentCount":0,"publisher":{"@id":"https:\/\/fjala.info\/2009-2015\/#organization"},"image":{"@id":"https:\/\/fjala.info\/2009-2015\/rama-nese-ajo-qe-beri-berisha-ishte-e-ligjshme-pse-po-zhduk-provat-asgje-nuk-justifikon-vrasjet\/#primaryimage"},"thumbnailUrl":"http:\/\/www.shkoder.net\/2012\/rama_babaramo.jpg","articleSection":["Lajme"],"inLanguage":"sq-AL","potentialAction":[{"@type":"CommentAction","name":"Comment","target":["https:\/\/fjala.info\/2009-2015\/rama-nese-ajo-qe-beri-berisha-ishte-e-ligjshme-pse-po-zhduk-provat-asgje-nuk-justifikon-vrasjet\/#respond"]}]},{"@type":"WebPage","@id":"https:\/\/fjala.info\/2009-2015\/rama-nese-ajo-qe-beri-berisha-ishte-e-ligjshme-pse-po-zhduk-provat-asgje-nuk-justifikon-vrasjet\/","url":"https:\/\/fjala.info\/2009-2015\/rama-nese-ajo-qe-beri-berisha-ishte-e-ligjshme-pse-po-zhduk-provat-asgje-nuk-justifikon-vrasjet\/","name":"Rama: N\u00ebse ajo q\u00eb b\u00ebri Berisha ishte e ligjshme, pse po zhduk provat. Asgj\u00eb nuk justifikon vrasjet - FjALA e LIR\u00cb - Arkivi","isPartOf":{"@id":"https:\/\/fjala.info\/2009-2015\/#website"},"primaryImageOfPage":{"@id":"https:\/\/fjala.info\/2009-2015\/rama-nese-ajo-qe-beri-berisha-ishte-e-ligjshme-pse-po-zhduk-provat-asgje-nuk-justifikon-vrasjet\/#primaryimage"},"image":{"@id":"https:\/\/fjala.info\/2009-2015\/rama-nese-ajo-qe-beri-berisha-ishte-e-ligjshme-pse-po-zhduk-provat-asgje-nuk-justifikon-vrasjet\/#primaryimage"},"thumbnailUrl":"http:\/\/www.shkoder.net\/2012\/rama_babaramo.jpg","datePublished":"2012-02-07T21:58:43+00:00","breadcrumb":{"@id":"https:\/\/fjala.info\/2009-2015\/rama-nese-ajo-qe-beri-berisha-ishte-e-ligjshme-pse-po-zhduk-provat-asgje-nuk-justifikon-vrasjet\/#breadcrumb"},"inLanguage":"sq-AL","potentialAction":[{"@type":"ReadAction","target":["https:\/\/fjala.info\/2009-2015\/rama-nese-ajo-qe-beri-berisha-ishte-e-ligjshme-pse-po-zhduk-provat-asgje-nuk-justifikon-vrasjet\/"]}]},{"@type":"ImageObject","inLanguage":"sq-AL","@id":"https:\/\/fjala.info\/2009-2015\/rama-nese-ajo-qe-beri-berisha-ishte-e-ligjshme-pse-po-zhduk-provat-asgje-nuk-justifikon-vrasjet\/#primaryimage","url":"http:\/\/www.shkoder.net\/2012\/rama_babaramo.jpg","contentUrl":"http:\/\/www.shkoder.net\/2012\/rama_babaramo.jpg"},{"@type":"BreadcrumbList","@id":"https:\/\/fjala.info\/2009-2015\/rama-nese-ajo-qe-beri-berisha-ishte-e-ligjshme-pse-po-zhduk-provat-asgje-nuk-justifikon-vrasjet\/#breadcrumb","itemListElement":[{"@type":"ListItem","position":1,"name":"Home","item":"https:\/\/fjala.info\/2009-2015\/"},{"@type":"ListItem","position":2,"name":"Rama: N\u00ebse ajo q\u00eb b\u00ebri Berisha ishte e ligjshme, pse po zhduk provat. Asgj\u00eb nuk justifikon vrasjet"}]},{"@type":"WebSite","@id":"https:\/\/fjala.info\/2009-2015\/#website","url":"https:\/\/fjala.info\/2009-2015\/","name":"FjALA e LIR\u00cb - Arkivi","description":"Arkivi 2009-2015","publisher":{"@id":"https:\/\/fjala.info\/2009-2015\/#organization"},"potentialAction":[{"@type":"SearchAction","target":{"@type":"EntryPoint","urlTemplate":"https:\/\/fjala.info\/2009-2015\/?s={search_term_string}"},"query-input":{"@type":"PropertyValueSpecification","valueRequired":true,"valueName":"search_term_string"}}],"inLanguage":"sq-AL"},{"@type":"Organization","@id":"https:\/\/fjala.info\/2009-2015\/#organization","name":"FjALA e LIR\u00cb - Arkivi","url":"https:\/\/fjala.info\/2009-2015\/","logo":{"@type":"ImageObject","inLanguage":"sq-AL","@id":"https:\/\/fjala.info\/2009-2015\/#\/schema\/logo\/image\/","url":"","contentUrl":"","caption":"FjALA e LIR\u00cb - Arkivi"},"image":{"@id":"https:\/\/fjala.info\/2009-2015\/#\/schema\/logo\/image\/"}},{"@type":"Person","@id":"https:\/\/fjala.info\/2009-2015\/#\/schema\/person\/3aa1163ef05469c496fc94e77611ada2","name":"admin","image":{"@type":"ImageObject","inLanguage":"sq-AL","@id":"https:\/\/fjala.info\/2009-2015\/wp-content\/uploads\/2012\/02\/arben_cokaj-120x150.jpg","url":"https:\/\/fjala.info\/2009-2015\/wp-content\/uploads\/2012\/02\/arben_cokaj-120x150.jpg","contentUrl":"https:\/\/fjala.info\/2009-2015\/wp-content\/uploads\/2012\/02\/arben_cokaj-120x150.jpg","caption":"admin"},"description":"Admin, Fjala e Lir\u00eb","sameAs":["https:\/\/fjala.info\/"],"url":"https:\/\/fjala.info\/2009-2015\/author\/admin\/"}]}},"_links":{"self":[{"href":"https:\/\/fjala.info\/2009-2015\/wp-json\/wp\/v2\/posts\/11675","targetHints":{"allow":["GET"]}}],"collection":[{"href":"https:\/\/fjala.info\/2009-2015\/wp-json\/wp\/v2\/posts"}],"about":[{"href":"https:\/\/fjala.info\/2009-2015\/wp-json\/wp\/v2\/types\/post"}],"author":[{"embeddable":true,"href":"https:\/\/fjala.info\/2009-2015\/wp-json\/wp\/v2\/users\/1"}],"replies":[{"embeddable":true,"href":"https:\/\/fjala.info\/2009-2015\/wp-json\/wp\/v2\/comments?post=11675"}],"version-history":[{"count":0,"href":"https:\/\/fjala.info\/2009-2015\/wp-json\/wp\/v2\/posts\/11675\/revisions"}],"wp:attachment":[{"href":"https:\/\/fjala.info\/2009-2015\/wp-json\/wp\/v2\/media?parent=11675"}],"wp:term":[{"taxonomy":"category","embeddable":true,"href":"https:\/\/fjala.info\/2009-2015\/wp-json\/wp\/v2\/categories?post=11675"},{"taxonomy":"post_tag","embeddable":true,"href":"https:\/\/fjala.info\/2009-2015\/wp-json\/wp\/v2\/tags?post=11675"}],"curies":[{"name":"wp","href":"https:\/\/api.w.org\/{rel}","templated":true}]}}