{"id":11674,"date":"2012-02-07T21:16:58","date_gmt":"2012-02-07T20:16:58","guid":{"rendered":"http:\/\/fjala.shkoder.net\/?p=1636"},"modified":"2012-02-07T21:16:58","modified_gmt":"2012-02-07T20:16:58","slug":"meneksheja-e-klanit","status":"publish","type":"post","link":"https:\/\/fjala.info\/2009-2015\/meneksheja-e-klanit\/","title":{"rendered":"Meneksheja e Klanit!"},"content":{"rendered":"<p><img decoding=\"async\" class=\"alignleft size-thumbnail wp-image-7236\" title=\"Sonila - Basha\" src=\"http:\/\/www.shkoder.net\/2012\/sonila_basha.jpg\" alt=\"\" width=\"300\" \/> Nga <strong>Bledi Mane<\/strong> &#8211; <em><strong>Public Enemy<\/strong><\/em><br \/>\nwww.facebook.com\/bledi.mane<\/p>\n<p><strong>1<\/strong>.\/<\/p>\n<p>Po ua sjell t\u00eb pa censuruar dialogun q\u00eb b\u00ebja para pak dit\u00ebsh me \u201cgazetarin e 21 janarit\u201d Fatos Mahmutaj. N\u00ebp\u00ebrmjet chat-it t\u00eb Facebook-ut, kolegu i plagosur m\u00eb rr\u00ebfente nga Brukseli disa momente v\u00ebrtet\u00eb t\u00eb pa njohura dhe r\u00ebqeth\u00ebse. Isha kureshtar t\u00eb dija sesi reaguan n\u00eb redaksin\u00eb e televizionit portokalli Abc News kur mor\u00ebn vesh q\u00eb vdekja i kaloi fare pran\u00eb shokut t\u00eb tyre kur ky i fundit mes batares\u00eb s\u00eb beft\u00eb t\u00eb plumbave, mundohej t\u00eb raportonte at\u00eb \u00e7far\u00eb shikonte. M\u00eb posht\u00eb lexoni dialogun:<\/p>\n<p><strong>Fatos Mahmutaj<\/strong><\/p>\n<p>shkova i plagosur ne redaksi. nderkohe qe me pare kishte shkuar lajmi dhe sandri i kishte thene frankos qe nese thote se e ka qelluar policia ose garda i thuaj te mbylle gojen<br \/>\nsonila meco me pa me gjak dhe u lemeris<br \/>\nme tha te me ngjiste ne studio<br \/>\nfroankoja percolli porosine e sandrit<br \/>\ndhe tha lere te ike ne shtepi<br \/>\npastaj tjeret koleget thane te me nisnin ne spital<\/p>\n<p><strong>Bledi Mane<\/strong><\/p>\n<p>franko egro ka punuar per bbc, e kam takuar vete ne londer<\/p>\n<p><strong>Fatos Mahmutaj<\/strong><\/p>\n<p>u nisa me nje makine te klanit dhe sandri urdheroi qe te mos me conin ne spital<br \/>\naq me teper me makine e klan<br \/>\ngjasme kishin frike se makina do sulmohej<\/p>\n<p><strong>Fatos Mahmutaj<\/strong><\/p>\n<p>nje u ishte djegur ne fakt<br \/>\nmbeta 15 minuta aty, plus edhe dy ore me pare<br \/>\ndhe kisha humbur shume gjak<br \/>\nsonila me nisi me makinen e personit qe bashkejeton<br \/>\ni jam shume mirenjohes soniles<\/p>\n<p><strong>Bledi Mane<\/strong><\/p>\n<p>te pakten paska bere nje pune te mire patriotja ime<\/p>\n<p><strong>Fatos Mahmutaj<\/strong><\/p>\n<p>diten tjeter andi bejtja hapi llafe se me kishin ^pushuar nga puna<br \/>\nshkova dhe nuk me priste askush<\/p>\n<p>* * *<\/p>\n<p>Fatosi ka t\u00eb drejt\u00eb t\u00eb ndjehet dyfish i plagosur dhe i l\u00ebnduar. Ve\u00e7 humbjes s\u00eb gjakut ndjente at\u00eb pasdite janari edhe humbjen e respektit dhe t\u00eb njerzill\u00ebkut q\u00eb epror\u00ebt e tij p\u00ebr serviliz\u00ebm pushteti dhe koleg\u00ebt e tij nga frika e epror\u00ebve po ia gatuanin sy nd\u00ebr sy. Po i shkonte d\u00ebm karriera, mundi, sakrificat, gjaku\u2026 po i rrezikohej jeta dhe askush nuk tentonte ta ndihmonte.<\/p>\n<p>Paksa i dyshimt\u00eb humanizmi i Sonila Me\u00e7os, e cila paksa ndryshe nga pizeveng\u00ebt dhe byth\u00ebpambuk\u00ebt e tjer\u00eb \u201cnuk pyeti\u201d p\u00ebr frik\u00eb hierarkie dhe ndihmesa e saj sfidoi sandrat, andrat, fevzot, frankot.<\/p>\n<p>N\u00ebse u kujtohet tet\u00eb vjet m\u00eb par\u00eb, ka qen\u00eb i nj\u00ebjti muaj dhe e nj\u00ebjta gazetare, kur t\u00eb traumatizuarit e tragjedis\u00eb s\u00eb Otrantos 2004, u k\u00ebrkonin nga telefoni i tyre ndihm\u00eb n\u00ebp\u00ebrmjet Sonila Me\u00e7os autoriteteve p\u00ebr tu shp\u00ebtuar jet\u00ebn nga p\u00ebrpirja e detit t\u00eb dallgosur.<\/p>\n<p>Pavar\u00ebsisht ndihmes\u00ebs t\u00eb zonj\u00ebs Me\u00e7o, Fatos Mahmutaj iku i lemerisur nga Shqip\u00ebria drejt Belgjik\u00ebs. Pavar\u00ebsisht ndihmes\u00ebs s\u00eb gazetares Me\u00e7o, ata q\u00eb k\u00ebrkonin ndihm\u00eb at\u00eb janar t\u00eb ftoht\u00eb mes detit u mbyt\u00ebn dhe mbet\u00ebn atje posht\u00eb p\u00ebrjet\u00ebsisht. K\u00ebto dy tragjedi nuk kan\u00eb lidhje me etiketimin e Sokol Ball\u00ebs, i cili her\u00eb-her\u00eb e ngacmon Sonil\u00ebn duke e quajtur fallxhorja e pushtetit, por me gjith\u00eb momentet de\u00e7izive kur Sonila mundohet t\u00eb ndihmoj\u00eb pa frik\u00eb e pa prik\u00eb pushtetin. Mua nuk m\u00eb hyn n\u00eb sy ky altruizmi i saj, i cili shum\u00ebzohet me zero p\u00ebr sa koh\u00eb q\u00eb profesionalizmi destruktiv i k\u00ebsaj zonje do t\u00eb habiste edhe vet\u00eb studiuesin amerikan t\u00eb autocensur\u00ebs n\u00eb media, Andrew Hayes, i cili me t\u00eb drejt\u00eb e atakon k\u00ebt\u00eb rac\u00eb gazetar\u00ebsh si m\u00ebkatar\u00ebt e shmangies s\u00eb opinionit publik edhe nga politikat publike.<\/p>\n<p>Ndryshe nga idolja e saj iraniano-britanikja Christian Amanpour, p\u00ebrmetarja Sonila Me\u00e7o po kontribuon qysh prej 5 vitesh n\u00eb establishimin e autocensur\u00ebs shqiptare. Asnj\u00ebher\u00eb nuk pati mund\u00ebsi e shans t\u00eb ishte sh\u00ebmb\u00eblltyra e medias s\u00eb regjimit bolshevik t\u00eb para viteve \u201990, volejbollistja e d\u00ebshtuar e \u201cPartizanit\u201d t\u00eb d\u00ebshtuar ka koh\u00eb q\u00eb empirikisht influencon me pun\u00ebn e saj n\u00eb funksionimin e fabrik\u00ebs s\u00eb trushp\u00eblarjes kolektive. Si larask\u00eb pa bisht e mediumeve t\u00eb regjimit, kontributi i saj po avancon rr\u00ebshqitjen e vendit jo drejt Brukselit e Washingtonit, por me shpejt\u00ebsi llahtar drejt Minskut, Mosk\u00ebs e Mogadishut.<\/p>\n<p>Sonila Me\u00e7o \u00ebsht\u00eb nj\u00eb mendje e zgjuar dhe e djall\u00ebzuar ku brenda saj stukohet dhe llakohet d\u00ebshtimi qeveris\u00ebs. Nj\u00eb nga ish studentet m\u00eb t\u00eb dalluara t\u00eb fakultetit Ekonomik UT, nj\u00eb nga m\u00ebsimdh\u00ebn\u00ebset model t\u00eb po k\u00ebtij fakulteti, tashm\u00eb ka humbur aureol\u00ebn inteligjente q\u00eb e rrethonte e befas \u00ebsht\u00eb konvertuar n\u00eb nj\u00eb prej \u00e7ingijeve t\u00eb haremit t\u00eb Berluskunit lezhian. Orgjit\u00eb bunga-bunga t\u00eb klanit t\u00eb klaneve nuk prodhojn\u00eb m\u00eb eksitimet hormonale mes shoqi-shoq, por duke par\u00eb se regjimit po i shkrin d\u00ebbora e pushtetit, po mundohen t\u00eb ruajn\u00eb e fshehin \u00e7ka p\u00ebrfituan prej servilizmit makut.<\/p>\n<p>Aktive dikur edhe n\u00eb shtypin e dit\u00ebs me opinione e analiza, aktive edhe n\u00eb jet\u00ebn sociale dhe celebrity t\u00eb Tiran\u00ebs, sot Sonila Me\u00e7o vet\u00ebm sa tkurret e tjet\u00ebrsohet n\u00eb ekranin blu t\u00eb regjimit dhe fal\u00eb teknologjis\u00eb s\u00eb lart\u00eb high-definition ne taksapaguesit mundet t\u2019ia lexojm\u00eb qart\u00eb ndryshimin mes asaj \u00e7ka ajo mendon, ndjen dhe asaj q\u00eb llomotit.<\/p>\n<p>Me silikon t\u00eb skaduar ngjeshur buz\u00ebve dhe hojeve t\u00eb logjik\u00ebs s\u00eb saj, Amanpurja e tok\u00ebs s\u00eb shqiponjave nuk mundet tashm\u00eb t\u00eb sinkronizoj\u00eb mendimin me fjal\u00ebn, z\u00ebrin me figur\u00ebn, por thjesht pavullnetsh\u00ebm belb\u00ebzon ngritje dhe shk\u00eblqime yjesh n\u00eb horizontin e politik\u00ebs.<\/p>\n<p>Pse kaq aktive, servile e agresive nj\u00eb fem\u00ebr me maksimum qytetarie, arsimimi, mir\u00ebqenie?<\/p>\n<p><strong>Pse kaq posht\u00ebrsisht ndihmon n\u00eb at\u00eb q\u00eb quhet vjollcvoksh\u00ebrim mediatik?<\/strong><\/p>\n<p>Sonila Me\u00e7o me aft\u00ebsin\u00eb gjenetike, akademike dhe profesionale do t\u00eb mund t\u00eb ishte sot nj\u00eb prej z\u00ebrave m\u00eb potent\u00eb e m\u00eb t\u00eb respektuesh\u00ebm t\u00eb informimit t\u00eb balancuar. Do t\u00eb ishte nj\u00eb tjet\u00ebr ikon\u00eb ekrani n\u00ebse nuk do t\u00eb luante loj\u00ebn e ndyr\u00eb libiane t\u00eb sh\u00ebrb\u00ebtor\u00ebve dhe puthador\u00ebve. P\u00ebrgjigjen e k\u00ebsaj pyetje un\u00eb nuk e gjej dot as te antimajtizmi fisnor i Me\u00e7ove ballist\u00eb prej Pagris\u00eb s\u00eb P\u00ebrmetit, as me persekucionin e p\u00ebrk\u00ebdhelur q\u00eb komunizmi ua sh\u00ebrbeu atyre, madje as partia n\u00eb pushtet nuk i respektoi Sonil\u00ebn dhe farefisin e saj k\u00ebto dy dekada aq sa duhej, as te rroga majm\u00ebrisht e frikshme e Sonil\u00ebs sepse kudo mund t\u00eb ishte shp\u00ebrblyer nj\u00eblloj\u2026<\/p>\n<p>Sonila antiopozitarizmin nuk e ka prej fisnik\u00ebris\u00eb s\u00eb idealit, opozita q\u00eb i b\u00ebn opozit\u00ebs kjo Sonil\u00eb me llomotitje dhe deformim realitetesh \u00ebsht\u00eb thjesht hakmarrje personale.<\/p>\n<p>Rreshtimi si partizane i Sonil\u00ebs n\u00eb \u00e7et\u00ebn e komit Saliut ka shtys\u00eb prej 2 brengave t\u00eb saj sentimentale q\u00eb v\u00ebrtiteshin pak vite m\u00eb par\u00eb sa nga bashkia n\u00eb qend\u00ebr te Mjafti i rrug\u00ebs s\u00eb Elbasanit.<\/p>\n<p>Andaj tashm\u00eb ajo nuk e kontrollon m\u00eb veten dhe rreket tu b\u00ebj\u00eb fresk diplomat\u00ebve apo debatikasve ishkopist\u00eb t\u00eb pushtetit. Nuk e harroj pamjen e saj prej nj\u00eb lehone t\u00eb ekzaltuar tek ndjen prekjet e gjinekologut rreth vagin\u00ebs s\u00eb sapohapur, kur cyste ambasadorin amerikan n\u00eb studio p\u00ebr t\u00eb th\u00ebn\u00eb at\u00eb togfjal\u00ebsh magjik:<\/p>\n<p>&#8211;<strong>Ju po thoni q\u00eb Lul Basha \u00ebsht\u00eb nj\u00eb yll n\u00eb ngjitje???<\/strong><\/p>\n<p>Do ket\u00eb harruar kjo patriotja ime gjakun e Fatos Mahmutajt kur ky i fundit i erdhi i plagosur e i nxir\u00eb n\u00eb studio. Do ket\u00eb harruar gjakun e pafajsh\u00ebm t\u00eb kolegut gazetar dora e t\u00eb cilit u \u00e7pua prej plumbit q\u00eb dilte nga tytat e arm\u00ebve prej urdhrave t\u00eb Lulit\u2026 Lulit t\u00eb Sonil\u00ebs q\u00eb ngjitet e ngjitet deri sa t\u00eb ngulet m\u00eb byth\u00eb n\u00eb ndonj\u00eb prej hunjve t\u00eb pushtetit q\u00eb po i sosen dit\u00ebt.<\/p>\n","protected":false},"excerpt":{"rendered":"<p>Nga Bledi Mane &#8211; Public Enemy www.facebook.com\/bledi.mane 1.\/ Po ua sjell t\u00eb pa censuruar dialogun q\u00eb b\u00ebja para pak dit\u00ebsh me \u201cgazetarin e 21 janarit\u201d Fatos Mahmutaj. N\u00ebp\u00ebrmjet chat-it t\u00eb Facebook-ut, kolegu i plagosur m\u00eb rr\u00ebfente nga Brukseli disa momente v\u00ebrtet\u00eb t\u00eb pa njohura dhe r\u00ebqeth\u00ebse. Isha kureshtar t\u00eb dija sesi reaguan n\u00eb redaksin\u00eb e [&hellip;]<\/p>\n","protected":false},"author":1,"featured_media":0,"comment_status":"open","ping_status":"closed","sticky":false,"template":"","format":"standard","meta":{"footnotes":""},"categories":[2],"tags":[],"class_list":{"0":"post-11674","1":"post","2":"type-post","3":"status-publish","4":"format-standard","6":"category-artikuj"},"yoast_head":"<!-- This site is optimized with the Yoast SEO plugin v27.4 - https:\/\/yoast.com\/product\/yoast-seo-wordpress\/ -->\n<title>Meneksheja e Klanit! - FjALA e LIR\u00cb - Arkivi<\/title>\n<meta name=\"robots\" content=\"index, follow, max-snippet:-1, max-image-preview:large, max-video-preview:-1\" \/>\n<link rel=\"canonical\" href=\"https:\/\/fjala.info\/2009-2015\/meneksheja-e-klanit\/\" \/>\n<meta property=\"og:locale\" content=\"sq_AL\" \/>\n<meta property=\"og:type\" content=\"article\" \/>\n<meta property=\"og:title\" content=\"Meneksheja e Klanit! - FjALA e LIR\u00cb - Arkivi\" \/>\n<meta property=\"og:description\" content=\"Nga Bledi Mane &#8211; Public Enemy www.facebook.com\/bledi.mane 1.\/ Po ua sjell t\u00eb pa censuruar dialogun q\u00eb b\u00ebja para pak dit\u00ebsh me \u201cgazetarin e 21 janarit\u201d Fatos Mahmutaj. N\u00ebp\u00ebrmjet chat-it t\u00eb Facebook-ut, kolegu i plagosur m\u00eb rr\u00ebfente nga Brukseli disa momente v\u00ebrtet\u00eb t\u00eb pa njohura dhe r\u00ebqeth\u00ebse. Isha kureshtar t\u00eb dija sesi reaguan n\u00eb redaksin\u00eb e [&hellip;]\" \/>\n<meta property=\"og:url\" content=\"https:\/\/fjala.info\/2009-2015\/meneksheja-e-klanit\/\" \/>\n<meta property=\"og:site_name\" content=\"FjALA e LIR\u00cb - Arkivi\" \/>\n<meta property=\"article:published_time\" content=\"2012-02-07T20:16:58+00:00\" \/>\n<meta property=\"og:image\" content=\"http:\/\/www.shkoder.net\/2012\/sonila_basha.jpg\" \/>\n<meta name=\"author\" content=\"admin\" \/>\n<meta name=\"twitter:card\" content=\"summary_large_image\" \/>\n<meta name=\"twitter:label1\" content=\"Written by\" \/>\n\t<meta name=\"twitter:data1\" content=\"admin\" \/>\n\t<meta name=\"twitter:label2\" content=\"Est. reading time\" \/>\n\t<meta name=\"twitter:data2\" content=\"7 minutes\" \/>\n<script type=\"application\/ld+json\" class=\"yoast-schema-graph\">{\"@context\":\"https:\\\/\\\/schema.org\",\"@graph\":[{\"@type\":\"Article\",\"@id\":\"https:\\\/\\\/fjala.info\\\/2009-2015\\\/meneksheja-e-klanit\\\/#article\",\"isPartOf\":{\"@id\":\"https:\\\/\\\/fjala.info\\\/2009-2015\\\/meneksheja-e-klanit\\\/\"},\"author\":{\"name\":\"admin\",\"@id\":\"https:\\\/\\\/fjala.info\\\/2009-2015\\\/#\\\/schema\\\/person\\\/3aa1163ef05469c496fc94e77611ada2\"},\"headline\":\"Meneksheja e Klanit!\",\"datePublished\":\"2012-02-07T20:16:58+00:00\",\"mainEntityOfPage\":{\"@id\":\"https:\\\/\\\/fjala.info\\\/2009-2015\\\/meneksheja-e-klanit\\\/\"},\"wordCount\":1316,\"commentCount\":0,\"publisher\":{\"@id\":\"https:\\\/\\\/fjala.info\\\/2009-2015\\\/#organization\"},\"image\":{\"@id\":\"https:\\\/\\\/fjala.info\\\/2009-2015\\\/meneksheja-e-klanit\\\/#primaryimage\"},\"thumbnailUrl\":\"http:\\\/\\\/www.shkoder.net\\\/2012\\\/sonila_basha.jpg\",\"articleSection\":[\"Artikuj\"],\"inLanguage\":\"sq-AL\",\"potentialAction\":[{\"@type\":\"CommentAction\",\"name\":\"Comment\",\"target\":[\"https:\\\/\\\/fjala.info\\\/2009-2015\\\/meneksheja-e-klanit\\\/#respond\"]}]},{\"@type\":\"WebPage\",\"@id\":\"https:\\\/\\\/fjala.info\\\/2009-2015\\\/meneksheja-e-klanit\\\/\",\"url\":\"https:\\\/\\\/fjala.info\\\/2009-2015\\\/meneksheja-e-klanit\\\/\",\"name\":\"Meneksheja e Klanit! - FjALA e LIR\u00cb - Arkivi\",\"isPartOf\":{\"@id\":\"https:\\\/\\\/fjala.info\\\/2009-2015\\\/#website\"},\"primaryImageOfPage\":{\"@id\":\"https:\\\/\\\/fjala.info\\\/2009-2015\\\/meneksheja-e-klanit\\\/#primaryimage\"},\"image\":{\"@id\":\"https:\\\/\\\/fjala.info\\\/2009-2015\\\/meneksheja-e-klanit\\\/#primaryimage\"},\"thumbnailUrl\":\"http:\\\/\\\/www.shkoder.net\\\/2012\\\/sonila_basha.jpg\",\"datePublished\":\"2012-02-07T20:16:58+00:00\",\"breadcrumb\":{\"@id\":\"https:\\\/\\\/fjala.info\\\/2009-2015\\\/meneksheja-e-klanit\\\/#breadcrumb\"},\"inLanguage\":\"sq-AL\",\"potentialAction\":[{\"@type\":\"ReadAction\",\"target\":[\"https:\\\/\\\/fjala.info\\\/2009-2015\\\/meneksheja-e-klanit\\\/\"]}]},{\"@type\":\"ImageObject\",\"inLanguage\":\"sq-AL\",\"@id\":\"https:\\\/\\\/fjala.info\\\/2009-2015\\\/meneksheja-e-klanit\\\/#primaryimage\",\"url\":\"http:\\\/\\\/www.shkoder.net\\\/2012\\\/sonila_basha.jpg\",\"contentUrl\":\"http:\\\/\\\/www.shkoder.net\\\/2012\\\/sonila_basha.jpg\"},{\"@type\":\"BreadcrumbList\",\"@id\":\"https:\\\/\\\/fjala.info\\\/2009-2015\\\/meneksheja-e-klanit\\\/#breadcrumb\",\"itemListElement\":[{\"@type\":\"ListItem\",\"position\":1,\"name\":\"Home\",\"item\":\"https:\\\/\\\/fjala.info\\\/2009-2015\\\/\"},{\"@type\":\"ListItem\",\"position\":2,\"name\":\"Meneksheja e Klanit!\"}]},{\"@type\":\"WebSite\",\"@id\":\"https:\\\/\\\/fjala.info\\\/2009-2015\\\/#website\",\"url\":\"https:\\\/\\\/fjala.info\\\/2009-2015\\\/\",\"name\":\"FjALA e LIR\u00cb - Arkivi\",\"description\":\"Arkivi 2009-2015\",\"publisher\":{\"@id\":\"https:\\\/\\\/fjala.info\\\/2009-2015\\\/#organization\"},\"potentialAction\":[{\"@type\":\"SearchAction\",\"target\":{\"@type\":\"EntryPoint\",\"urlTemplate\":\"https:\\\/\\\/fjala.info\\\/2009-2015\\\/?s={search_term_string}\"},\"query-input\":{\"@type\":\"PropertyValueSpecification\",\"valueRequired\":true,\"valueName\":\"search_term_string\"}}],\"inLanguage\":\"sq-AL\"},{\"@type\":\"Organization\",\"@id\":\"https:\\\/\\\/fjala.info\\\/2009-2015\\\/#organization\",\"name\":\"FjALA e LIR\u00cb - Arkivi\",\"url\":\"https:\\\/\\\/fjala.info\\\/2009-2015\\\/\",\"logo\":{\"@type\":\"ImageObject\",\"inLanguage\":\"sq-AL\",\"@id\":\"https:\\\/\\\/fjala.info\\\/2009-2015\\\/#\\\/schema\\\/logo\\\/image\\\/\",\"url\":\"\",\"contentUrl\":\"\",\"caption\":\"FjALA e LIR\u00cb - Arkivi\"},\"image\":{\"@id\":\"https:\\\/\\\/fjala.info\\\/2009-2015\\\/#\\\/schema\\\/logo\\\/image\\\/\"}},{\"@type\":\"Person\",\"@id\":\"https:\\\/\\\/fjala.info\\\/2009-2015\\\/#\\\/schema\\\/person\\\/3aa1163ef05469c496fc94e77611ada2\",\"name\":\"admin\",\"image\":{\"@type\":\"ImageObject\",\"inLanguage\":\"sq-AL\",\"@id\":\"https:\\\/\\\/fjala.info\\\/2009-2015\\\/wp-content\\\/uploads\\\/2012\\\/02\\\/arben_cokaj-120x150.jpg\",\"url\":\"https:\\\/\\\/fjala.info\\\/2009-2015\\\/wp-content\\\/uploads\\\/2012\\\/02\\\/arben_cokaj-120x150.jpg\",\"contentUrl\":\"https:\\\/\\\/fjala.info\\\/2009-2015\\\/wp-content\\\/uploads\\\/2012\\\/02\\\/arben_cokaj-120x150.jpg\",\"caption\":\"admin\"},\"description\":\"Admin, Fjala e Lir\u00eb\",\"sameAs\":[\"https:\\\/\\\/fjala.info\\\/\"],\"url\":\"https:\\\/\\\/fjala.info\\\/2009-2015\\\/author\\\/admin\\\/\"}]}<\/script>\n<!-- \/ Yoast SEO plugin. -->","yoast_head_json":{"title":"Meneksheja e Klanit! - FjALA e LIR\u00cb - Arkivi","robots":{"index":"index","follow":"follow","max-snippet":"max-snippet:-1","max-image-preview":"max-image-preview:large","max-video-preview":"max-video-preview:-1"},"canonical":"https:\/\/fjala.info\/2009-2015\/meneksheja-e-klanit\/","og_locale":"sq_AL","og_type":"article","og_title":"Meneksheja e Klanit! - FjALA e LIR\u00cb - Arkivi","og_description":"Nga Bledi Mane &#8211; Public Enemy www.facebook.com\/bledi.mane 1.\/ Po ua sjell t\u00eb pa censuruar dialogun q\u00eb b\u00ebja para pak dit\u00ebsh me \u201cgazetarin e 21 janarit\u201d Fatos Mahmutaj. N\u00ebp\u00ebrmjet chat-it t\u00eb Facebook-ut, kolegu i plagosur m\u00eb rr\u00ebfente nga Brukseli disa momente v\u00ebrtet\u00eb t\u00eb pa njohura dhe r\u00ebqeth\u00ebse. Isha kureshtar t\u00eb dija sesi reaguan n\u00eb redaksin\u00eb e [&hellip;]","og_url":"https:\/\/fjala.info\/2009-2015\/meneksheja-e-klanit\/","og_site_name":"FjALA e LIR\u00cb - Arkivi","article_published_time":"2012-02-07T20:16:58+00:00","og_image":[{"url":"http:\/\/www.shkoder.net\/2012\/sonila_basha.jpg","type":"","width":"","height":""}],"author":"admin","twitter_card":"summary_large_image","twitter_misc":{"Written by":"admin","Est. reading time":"7 minutes"},"schema":{"@context":"https:\/\/schema.org","@graph":[{"@type":"Article","@id":"https:\/\/fjala.info\/2009-2015\/meneksheja-e-klanit\/#article","isPartOf":{"@id":"https:\/\/fjala.info\/2009-2015\/meneksheja-e-klanit\/"},"author":{"name":"admin","@id":"https:\/\/fjala.info\/2009-2015\/#\/schema\/person\/3aa1163ef05469c496fc94e77611ada2"},"headline":"Meneksheja e Klanit!","datePublished":"2012-02-07T20:16:58+00:00","mainEntityOfPage":{"@id":"https:\/\/fjala.info\/2009-2015\/meneksheja-e-klanit\/"},"wordCount":1316,"commentCount":0,"publisher":{"@id":"https:\/\/fjala.info\/2009-2015\/#organization"},"image":{"@id":"https:\/\/fjala.info\/2009-2015\/meneksheja-e-klanit\/#primaryimage"},"thumbnailUrl":"http:\/\/www.shkoder.net\/2012\/sonila_basha.jpg","articleSection":["Artikuj"],"inLanguage":"sq-AL","potentialAction":[{"@type":"CommentAction","name":"Comment","target":["https:\/\/fjala.info\/2009-2015\/meneksheja-e-klanit\/#respond"]}]},{"@type":"WebPage","@id":"https:\/\/fjala.info\/2009-2015\/meneksheja-e-klanit\/","url":"https:\/\/fjala.info\/2009-2015\/meneksheja-e-klanit\/","name":"Meneksheja e Klanit! - FjALA e LIR\u00cb - Arkivi","isPartOf":{"@id":"https:\/\/fjala.info\/2009-2015\/#website"},"primaryImageOfPage":{"@id":"https:\/\/fjala.info\/2009-2015\/meneksheja-e-klanit\/#primaryimage"},"image":{"@id":"https:\/\/fjala.info\/2009-2015\/meneksheja-e-klanit\/#primaryimage"},"thumbnailUrl":"http:\/\/www.shkoder.net\/2012\/sonila_basha.jpg","datePublished":"2012-02-07T20:16:58+00:00","breadcrumb":{"@id":"https:\/\/fjala.info\/2009-2015\/meneksheja-e-klanit\/#breadcrumb"},"inLanguage":"sq-AL","potentialAction":[{"@type":"ReadAction","target":["https:\/\/fjala.info\/2009-2015\/meneksheja-e-klanit\/"]}]},{"@type":"ImageObject","inLanguage":"sq-AL","@id":"https:\/\/fjala.info\/2009-2015\/meneksheja-e-klanit\/#primaryimage","url":"http:\/\/www.shkoder.net\/2012\/sonila_basha.jpg","contentUrl":"http:\/\/www.shkoder.net\/2012\/sonila_basha.jpg"},{"@type":"BreadcrumbList","@id":"https:\/\/fjala.info\/2009-2015\/meneksheja-e-klanit\/#breadcrumb","itemListElement":[{"@type":"ListItem","position":1,"name":"Home","item":"https:\/\/fjala.info\/2009-2015\/"},{"@type":"ListItem","position":2,"name":"Meneksheja e Klanit!"}]},{"@type":"WebSite","@id":"https:\/\/fjala.info\/2009-2015\/#website","url":"https:\/\/fjala.info\/2009-2015\/","name":"FjALA e LIR\u00cb - Arkivi","description":"Arkivi 2009-2015","publisher":{"@id":"https:\/\/fjala.info\/2009-2015\/#organization"},"potentialAction":[{"@type":"SearchAction","target":{"@type":"EntryPoint","urlTemplate":"https:\/\/fjala.info\/2009-2015\/?s={search_term_string}"},"query-input":{"@type":"PropertyValueSpecification","valueRequired":true,"valueName":"search_term_string"}}],"inLanguage":"sq-AL"},{"@type":"Organization","@id":"https:\/\/fjala.info\/2009-2015\/#organization","name":"FjALA e LIR\u00cb - Arkivi","url":"https:\/\/fjala.info\/2009-2015\/","logo":{"@type":"ImageObject","inLanguage":"sq-AL","@id":"https:\/\/fjala.info\/2009-2015\/#\/schema\/logo\/image\/","url":"","contentUrl":"","caption":"FjALA e LIR\u00cb - Arkivi"},"image":{"@id":"https:\/\/fjala.info\/2009-2015\/#\/schema\/logo\/image\/"}},{"@type":"Person","@id":"https:\/\/fjala.info\/2009-2015\/#\/schema\/person\/3aa1163ef05469c496fc94e77611ada2","name":"admin","image":{"@type":"ImageObject","inLanguage":"sq-AL","@id":"https:\/\/fjala.info\/2009-2015\/wp-content\/uploads\/2012\/02\/arben_cokaj-120x150.jpg","url":"https:\/\/fjala.info\/2009-2015\/wp-content\/uploads\/2012\/02\/arben_cokaj-120x150.jpg","contentUrl":"https:\/\/fjala.info\/2009-2015\/wp-content\/uploads\/2012\/02\/arben_cokaj-120x150.jpg","caption":"admin"},"description":"Admin, Fjala e Lir\u00eb","sameAs":["https:\/\/fjala.info\/"],"url":"https:\/\/fjala.info\/2009-2015\/author\/admin\/"}]}},"_links":{"self":[{"href":"https:\/\/fjala.info\/2009-2015\/wp-json\/wp\/v2\/posts\/11674","targetHints":{"allow":["GET"]}}],"collection":[{"href":"https:\/\/fjala.info\/2009-2015\/wp-json\/wp\/v2\/posts"}],"about":[{"href":"https:\/\/fjala.info\/2009-2015\/wp-json\/wp\/v2\/types\/post"}],"author":[{"embeddable":true,"href":"https:\/\/fjala.info\/2009-2015\/wp-json\/wp\/v2\/users\/1"}],"replies":[{"embeddable":true,"href":"https:\/\/fjala.info\/2009-2015\/wp-json\/wp\/v2\/comments?post=11674"}],"version-history":[{"count":0,"href":"https:\/\/fjala.info\/2009-2015\/wp-json\/wp\/v2\/posts\/11674\/revisions"}],"wp:attachment":[{"href":"https:\/\/fjala.info\/2009-2015\/wp-json\/wp\/v2\/media?parent=11674"}],"wp:term":[{"taxonomy":"category","embeddable":true,"href":"https:\/\/fjala.info\/2009-2015\/wp-json\/wp\/v2\/categories?post=11674"},{"taxonomy":"post_tag","embeddable":true,"href":"https:\/\/fjala.info\/2009-2015\/wp-json\/wp\/v2\/tags?post=11674"}],"curies":[{"name":"wp","href":"https:\/\/api.w.org\/{rel}","templated":true}]}}