{"id":11672,"date":"2012-02-07T21:16:47","date_gmt":"2012-02-07T20:16:47","guid":{"rendered":"http:\/\/fjala.shkoder.net\/?p=1608"},"modified":"2012-02-07T21:16:47","modified_gmt":"2012-02-07T20:16:47","slug":"ditari-i-jozefines","status":"publish","type":"post","link":"https:\/\/fjala.info\/2009-2015\/ditari-i-jozefines\/","title":{"rendered":"DITARI I JOZEFINES\u2026"},"content":{"rendered":"<p>nga <strong>Fiorela P. Papajani<\/strong><\/p>\n<p>Kishte t\u2019drejt Ernes Heminguei kur thoshte se t\u00eb shkruash \u00ebsht\u00eb puna m\u00eb e v\u00ebshtir n\u00eb bot\u00eb. Sidomos t\u00eb shkruash nj\u00eb ditar, q\u00ebnka e tmerrshme, e p\u00ebrbindshme, mizore. Se kam b\u00ebr\u00eb kurr\u00eb k\u00ebt\u00eb gj\u00eb, nuk e di pse po e b\u00ebj tani, sot, n\u00eb kulmin e karier\u00ebs sime. T\u2019jesh prball\u00eb ekranit t\u2019bardh\u00eb t\u00eb Lap-Topit, \u00e7t\u00eb shkruash p\u00ebr vedin? Sapo kam shpallur rendin e dits n\u2019parlament. Diskutime p\u00ebr 21 Janarin, ku rebelt e Edi Rams sulmuan kryeministrin. Opozita ban shum zhurm! U vran protestus, e mir! Po amerikant q\u00eb bombardojn e vrasin me qindra e mijra t\u00eb pafajshm anemaban\u00eb bots? Jan vrass ata? K\u00ebshtu e ka bota.<\/p>\n<p>T\u2019vrart, edhe kur jan t\u2019pafajshm, jan\u00eb pjes e lojs. Vdekja \u00ebsht\u00eb n\u2019llogjikn e gjerave, njlloj si jeta. Deputett e opozits n\u2019foltore \u00e7iren, shqyhen, dhe g\u00ebnjejn\u00eb, t\u2019justifikojn\u00eb rrogat q\u00eb ja kam pre kaq her\u00eb. Mir ua kam ba. Nganj\u00ebher m\u00eb duket vetja si nj\u00eb qyqe mbi kokat e tyre, por shum\u00eb her\u00eb ata m\u00eb duken si krimba posht\u00eb meje. Zvariten. Kta deputett e opozits, por edhe kta tant, zvarriten bri d\u00ebshirs s\u00eb madhe q\u00eb kan\u00eb p\u00ebr t\u00eb patur fatin ndryshe nga njerzit qi i votojn. T&#8217;gjith\u00eb duan t&#8217;i ken\u00eb kraht e lehta n\u00eb p\u00ebrfitimet q\u00eb e ardhmja, sepse merren me politik\u00eb, ju ka premtuar. I njoh mir\u00eb disa nga ata. Jan bandit.<\/p>\n<p><img decoding=\"async\" class=\"alignright size-thumbnail wp-image-7236\" title=\"Jozefina Topalli\" src=\"http:\/\/www.shkoder.net\/images\/fjala\/2011\/jozefina_topalli.jpg\" alt=\"\" width=\"300\" \/>Kan\u00eb p\u00ebrfitue prej Nanos, pijanecit mjekrosh, q\u00eb don t\u2019b\u00ebhet president, duan q\u2019t\u00eb p\u00ebrfitojn\u00eb edhe prej Rams, k\u00ebtij shalgjatit, q\u00eb shkruan libra ordiner dhe e ka nxjerr deficit prodhimin e heroins n\u00eb Kolombi.\u00a0 Ua, flet\u00ebn e par\u00eb t\u00eb ditarit t\u00eb par\u00eb po e mbush me fjal\u00eb p\u00ebr kryetarin e opozit\u00ebs dhe p\u00ebr k\u00eblysh\u00ebt sociialist\u00eb t\u00eb bllokut, n\u00eb vend t\u00eb merrem me t\u00eb fshehtat e zemrs sime. Ditaret shkruhen pikrisht p\u00ebr t\u2019fshehtat dhe mkatet e \u00ebmbla&#8230;<\/p>\n<p>Por, a \u00ebssht\u00eb m\u00ebkat t\u2019shkruaj p\u00ebr Isain? Mir, po shkruj p\u00ebr Isain. M&#8217;plqen Isai! M&#8217;plqen shum. Se \u00e7kan\u00eb nj\u00eb gj\u00eb t\u00eb ve\u00e7ant\u00eb k\u00ebta oficer\u00ebt e sigurimit. Kan\u00eb nj\u00eb energji afshi t\u00eb fshehur n\u00ebn l\u00ebkur\u00eb, mes muskujve t&#8217;fort. E shkreta Dajan\u00eb, princesha e Vemblit n\u00eb Angli, ka kuptuar t\u00eb nj\u00ebjt\u00ebn gj\u00eb derisa u dashurua me rojen e saj. Uaaa! Sa turp. Mos po m\u00eb ndoth e njejta gja edhe mua? Mos kam ra n&#8217;dashni me Isain, si Dajana, dhe \u00e7ka ndjej nuk \u00ebsht\u00eb thjesht nj\u00eb p\u00eblqim? P\u00ebrse at\u00ebher zgjodha t\u2019shkruaj p\u00ebr t\u00eb?<\/p>\n<p>Seanca e parlamentit vazhdon, kur sherri p\u00ebr 21 Janarin t\u00eb mbyllet, do aprovojm\u00eb ligjet, deputet&#8217;t do votojn\u00eb. Un\u00eb do numroj votat pro edhe kund\u00ebr, pastaj do shoh n\u00eb kompjuter, t&#8217;shkruj p\u00ebr Isain. Erion Bra\u00e7e do lemeriset nga serioziteti im, nd\u00ebrsa un\u2019 shtyp tastjer\u00ebn, dhe do t&#8217;kuret edhe ma shum\u00eb tej p\u00ebrmasave qesharake trupore q\u00eb ka, prej kurreshtjes, p\u00ebr t\u00eb ditur \u00e7jam duke shkru tani. Si m\u2019shikon! E ka marr shum seriozisht politikn. Dhe do lajthiste po ta dinte se un\u00eb nuk sh\u00ebnoj statistikat e votimve n\u00eb kompjuter, por shkruaj sot kyt ditar p\u00ebr t\u00eb fshehtat e zemr\u00ebs teme. Lajthiste thash\u00eb? Ai i lajthitur \u00ebsht\u00eb. Tani ve\u00e7 n\u00eb ardht\u00eb n\u00eb vete.<\/p>\n<p>Deputet&#8217;t e opozits jan\u00eb t&#8217;gjith, klysh bllokmen dhe injorant. Edhe ai Ben Blushi, megallomani i partis, koka e madhe gjasme, q\u00eb e ka pjell n\u00ebna e vet drejt e mbi librat e fshehur n\u2019bodrum, \u00ebsht\u00eb nj\u00eb injorant burracak. Ta shpifin k&#8217;ta bllokment e kuq. Jo se tan\u00ebt jan\u00eb engj\u00ebj, disave ju duken dhe morrat n\u00eb kok\u00eb, malok&#8217;t e dreqit, por k&#8217;ta komunistt jan\u00eb p\u00ebr t\u2019u shkuar n\u00eb hell, me gjith\u00eb femra\u2026 Mjer ky vend me kta burra.<\/p>\n<p>Nejse, po flisja p\u00ebr Isain. Si i ndrin mustaqja mbi buz\u00eb! Syt\u00eb si t\u00eb skifterit, kur m\u00eb shef. I shk\u00eblqejn dhe m\u00eb rr\u00ebqethin. Morrnica m\u2019ngrihen n\u2019shpin. As qeni im Bubalins, q\u00eb m\u00eb l\u00ebpin duart, vesh\u00ebt, syt\u00eb, nganj\u00ebher\u00eb edhe buz&#8217;t, nuk m\u00eb b\u00ebn t\u00eb drith\u00ebrohem kaq shum\u00eb. Isai hesht, por duke hesht ndez nj\u2019zjarr t\u2019madh brenda meje. Isai \u00ebsht\u00eb nj\u00eb mister. Isai \u00ebsht\u00eb magjik.<\/p>\n<p>Ou, kenka mistrec i madh ky Taulant Balla! Si guxon t\u00eb fyej\u00eb ashtu Sali Brish\u00ebn? Do urdh\u00ebroj ta kapin p\u00ebr zhelesh ta fluturojn\u00eb jasht. Pisi! Pushti! Shpifsi!<\/p>\n<p>Eh, n\u00eb seanc\u00eb t\u2019v\u00ebshtir\u00eb parlamentare zgjodha t\u00eb shkruaj ditar. M\u2019ngrit\u00ebn nervat k\u00ebta k\u00eblysht e opozits. Megjithat\u00eb kam p\u00ebrshtypjen se m\u00eb shkon inati, nervat, zem\u00ebrimi, edhe kur shtirem. Ja t\u00eb fik dritn e Lap-topit dhe t\u00eb shifem pa u kuptu nga t\u00eb tjer\u00ebt, n\u00eb xhamin e tij. Uaaaa! E pash\u00eb fytyr\u00ebn teme. E bukur jam&#8230; Valentina Leskaj m\u00eb vjen anash. Anash do m\u00eb vinte edhe sikur t\u2019ish 20 vjet m\u00eb e re. Edhe ajo kurva tjet\u00ebr, deputetja jon\u00eb, q\u00eb s\u2019dua ta p\u00ebrmend emrin e saj, q\u00eb mos ndyej ditarin\u2026 \u00ebsht\u00eb e thyme n\u00eb mes para meje.<\/p>\n<p>Jam nj\u00eb princesh\u00eb bukurie n\u00eb parlament. Jam nj\u2019shqiponj. Jam edhe seksi. E ve dor\u00ebn n\u00eb zjarr q\u00eb edhe Edi Rama, kryetari i opozit&#8217;s, armiku yn\u00eb m\u00eb i madh, \u00ebnd\u00ebron t\u00eb m\u00eb k\u00ebt\u00eb n\u00eb krevat qoft\u00eb edhe nj\u00eb nat\u00eb t\u00eb vetme. Kjo \u00ebsht\u00eb magjia. Kjo \u00ebsht\u00eb hyjnorja. Kjo \u00ebsht\u00eb triumfi&#8230; Bukuria t\u00eb fitoj\u00eb mbi urrejtjen. Armiku yt t\u00eb gjunj\u00ebzohet para teje si gjunj\u00ebzohet para instiktit, epshit, oreksit seksual. T\u00eb gjith\u00eb deputett m\u2019d\u00ebshirojn\u00eb, e ndjej. Ju p\u00eblqen q\u00eb un jam e va\u00e7ant, e hekurt, trazuese. E ndjej, l\u00ebkura ime e ndjen d\u00ebshir\u00ebn e fort\u00eb t\u00eb k&#8217;tyre burrave. Prandaj disa m\u00eb adhurojn\u2019 shum, t\u00eb tjer\u00ebt m\u00eb urrejn\u00eb shum\u00eb. Sepse jam nj\u00eb \u00ebnd\u00ebr p\u00ebr ta. Jam e paarritshme. Jam nj\u00eb engj\u00ebll&#8230;<\/p>\n<p>Oh, \u00e7jan k\u00ebto vija si hije anash syve? Jan rrudha. Heret a von do t\u00eb shtohen. Do m\u00eb trokas pleqria. Sa e padrejt&#8217;. Zoti n\u00eb qiell e ka p\u00ebrbalt p\u00ebrsosmerin kur vendosi t\u2019ket vdekje. Nj\u2019dit nuk do t\u2019jem m\u00eb. E tmerrshme. Gjith kjo dinamik t\u00eb shuhet papritur. S&#8217;do kem kujtes&#8217;. S\u2019do ndiej. S\u2019do puth. Para vdekjes pend\u00ebt m\u00eb bien. Tretem. Frike e tejpertejme. Se p\u00ebrballoj dot. Se duroj dot. Se lejoj dot. Nuk jam aspak gruaja e hekurt. Jam kot. P\u00ebrse Zoti mos b\u00ebnte nj\u00eb p\u00ebrjashtim me mua. T\u2019m\u00eb zgjidhte mua, t\u00eb b\u00ebnte nj\u2019p\u00ebrjashtim me mua, duke m\u00eb hequr nga lista e vdekesve. T\u2019m\u00eb jepte prejetsin\u00eb. T\u2019isha nj\u2019\u00ebngj\u00ebll. T\u00eb isha p\u00ebrjet. Eh!!! Ehhh!<\/p>\n<p>Isai, bodigardi im, mendon edhe ai se t\u00eb pakt\u00ebn jam ende e bukur? E hijshme? E shijshme? Kur isha vizit\u00eb n\u00eb Honolulu, ai m\u2019shoq\u00ebroi deri n\u00eb dhom\u00ebn time. U fut\u00ebm n\u00eb ashensor. Ishim vet\u00ebm, ndjeja syt\u00eb, arom\u00ebn, ndezjen e tij. Uaaa, sa nostalgjike jam. Sa i \u00e7uditsh\u00ebm \u00ebsht\u00eb Isai. Nuk b\u00ebri asgj\u00eb, asnj\u00eb veprim. Rrinte si k\u00ebrpudh\u00eb para meje, pran\u00eb meje. Un\u00eb isha si kobalti, n\u00eb temperatur\u00ebn e shkrirjes, gati t\u00eb shkatrroja form\u00ebn time p\u00ebr t\u00eb mar\u00eb \u00e7do form\u00eb q\u00eb do m\u00eb k\u00ebrkohej, por mbeta n\u00eb form\u00ebn time. Ai hi\u00e7. Statuj! K\u00ebshtu m\u00eb ndodhi edhe n\u00eb Dubai. Por n\u00eb Dubai isha nevrikosur. Mos ket\u00eb \u00e7ik ndjeshm\u00ebri ky njeri, mendoja at\u00ebhere, por pastaj e kuptova se kishte t\u00eb drejt\u00eb. Si mund t\u00eb guxonte ai t\u00eb kishte ndjenja t\u00eb fshehta p\u00ebr kryetaren e parlamentit shqiptar. Edhe po t\u00eb kish, detyra e tij ishte dhe \u00ebsht\u00eb t&#8217;i fsheh\u00eb.<\/p>\n<p>\u00c7\u2019telash. Po t\u00eb ishte gjall\u00eb Dajana, do nisesha nj\u00eb vizit\u00eb p\u00ebr n\u00eb Lond\u00ebr, branda javs, q\u00eb ta pyesja, si e kishin b\u00ebr\u00eb ata hapin e par\u00eb. Si e pat\u00ebn kaluar at\u00eb ng\u00ebr\u00e7. E pati puthur ajo vall\u00eb e para, si padashur, n\u00eb ndonj\u00eb ashensor apo n\u00eb ndonj\u00eb korridor hoteli, apo kish guxuar oficeri i pari. Si ndodhi? U p\u00ebrqafuan? U puth\u00ebn me zjarr dhe e lan\u00eb veten t\u00eb lir\u00eb?. B\u00ebn\u00eb dashuri q\u00eb at\u00eb \u00e7ast, n\u00eb zyr\u00eb, mbi tavolin\u00eb, mbi shkresat e pafirmosura t\u00eb mbret\u00ebris\u00eb?<\/p>\n<p>Mir\u00eb q\u00eb u kujtova, u b\u00ebn\u00eb disa jav\u00eb pa shkuar n\u00eb Angli. Po shkoj k\u00ebt\u00eb jav\u00eb, po marr edhe Isain. Kam nevoj t\u2019\u00e7lodhem. T\u2019mendoj! Mbase natyra atje \u00ebsht\u00eb m\u00eb romantike. Si\u00e7 ka th\u00ebn\u00eb Heminguei, d\u00ebshira nuk mjafton t\u00eb ket\u00eb vet\u00ebm krah\u00eb. Duhet dhe hap\u00ebsira. Mos \u00ebsht\u00eb hap\u00ebsira e Londr\u00ebs ajo q\u00eb na duhet. Lluksi i hotelit ku do rrim\u00eb dhe darkat super t\u00eb shtrenjta, q\u00eb do ham\u00eb atje n\u00eb \u00ebm\u00ebr t\u00eb popullit shqiptar?<\/p>\n<p>Ah, tani po flet n\u00eb foltore p\u00ebrsri kryeministri Brisha, kuq edhe tym. Sa asht\u00eb plak i shkreti. Nuk asht fytyr\u00eb ajo. \u00cbsht\u00eb mask\u00eb. E ka tepru me hapjet q\u00eb merr hapur dhe me ato q\u00eb mer fshehtas. E adhuroj, megjith\u00ebse nuk vlen nj\u00eb fije p\u00ebr mashkull. Asnj\u00ebher\u00eb nuk i ka patur vullkan hormonet e dashuris\u00eb ky njeri. Nuk e di \u00e7ka humbur n\u2019tshkuarn. Por e ka dasht karrigen, m\u00eb shum\u00eb se lirin\u00eb dhe Lirin\u00eb. A t\u2019i besoj? Genc Ruli m\u00eb tha se di\u00e7 po luhet pas shpin\u00ebs sime, mes doktorit dhe Lul Bash\u00ebs. T\u00eb jet\u00eb kundra meje, q\u00eb Lul buzqumshi t\u2019m\u00eb rr\u00ebmbej\u00eb me kthetra partin\u00eb, si\u00e7 i rr\u00ebmbyen Bashkin\u00eb Ed Rams?<\/p>\n<p>Ta harrojn\u00eb veriun malok&#8217;t e dreqit! Sa e keqe qi jam. Ndoshta s\u2019ka lidhje me mua. Ndoshta, t\u00eb shkret\u00ebt kan\u00eb hallin e 21 Janarit. Pisk e kan\u00eb. I thash\u00eb Brishs, kujdes me turm\u00ebn. Nuk m\u00eb d\u00ebgjoi. D\u00ebgjoi Bash\u00ebn apo k\u00eb tjet\u00ebr d\u00ebgjoi p\u00ebr t\u00eb vrar\u00eb njerz n\u00eb shesh? Mister! Ma ka kyt borxh Sali Brisha, q\u00eb nuk m\u00eb tregoi kurr\u00eb t\u00eb v\u00ebrtet\u00ebn, urdhrin e dha ai, apo buz\u00ebqumshti i Bashkis s\u2019Tirans. Mir t\u2019i b\u00ebhet. Tani le ta zgjidh vet me amerikant dhe FBI\u2019n. S\u2019m\u00eb plas fare sa do paguajn\u00eb p\u00ebr ta mbyll at\u00eb histori. Fundja le t\u00eb paguajn\u00eb ca. Se kan\u00eb mendu vet\u00ebm p\u00ebr veten e tyre. Se u dhjamos\u00ebn si shum\u00eb nga rruga e Kosovs dhe rrug&#8217;t e tjera.<\/p>\n<p>Isa ku je? Sa turp. Si guxoj q\u00eb e lejoj veten t\u00eb m\u00eb mungoj\u00eb nj\u00eb polic, pik\u00ebrisht n\u00eb sall\u00ebn e parlamentit. A i lejohet nj\u00eb gruaje t\u00eb hekurt t\u00eb bjer\u00eb n\u00eb dashuri? A \u00ebsht\u00eb kjo dashuri? Ai e ka fajin, q\u00eb m\u00eb shikon si ujk i urritur. N\u00eb Spanj\u00eb, p\u00ebr pushime, e pash\u00eb se sa vuante dhe sa shum\u00eb l\u00ebng\u00ebzohej, tek shikonte nga k\u00ebndi ku fshihej, modelin e ri t\u00eb bikinit q\u00eb kisha veshur. E kisha tepru ca, me pozat q\u00eb merrja, dhe nj\u00eb g\u00ebzim i fsheht m\u00eb flatronte n&#8217;zemr, q\u00eb Isai vuante shum\u00eb se m\u00eb d\u00ebshironte.<\/p>\n<p>Donte t\u00eb m\u00eb kishte t\u00eb tij\u00ebn. Donte t\u00eb m\u00eb shkat\u00ebronte n\u00eb shtrat. Do ishte shkat\u00ebrim i mir\u00eb, do thoshte Heminguei. Heminguei do shkruante historin\u00eb time ndryshe nga \u00e7\u2019zgjodha ta jetoja un. Do thoshte se Jozefina m\u00eb n\u00eb fund u dor\u00ebzua dhe ra n\u00eb krah\u00ebt e Isait, dhe kur b\u00ebn\u00eb dashuri, dheu p\u00ebrposh l\u00ebvizi dhe u shkund. ..\u00e7do gja \u00ebsht\u00eb e lejushme p\u00ebr lumturin\u00eb e femrave t\u00eb m\u00ebdha, si\u00e7 jam un\u00eb. Por eh, un\u00eb jam nj\u00eb katolike shqiptare, nuk jam nj\u00eb irlandeze, q\u00eb jeton n\u00eb Manhatan.<\/p>\n<p>Brrr, \u00e7kujtime t\u00eb nxehta n\u00eb mes t\u00eb acarit q\u00eb ka pushtu krejt Europ\u00ebn. Duhet t\u00eb nd\u00ebrpres seanc\u00ebn. Paska plas sherri n\u00eb kuvend, kurse un\u00eb humba n\u00eb plazhin e Barcelons. Po e mbyll. Takohemi prap\u00eb nes\u00ebr, Jozefin!<\/p>\n","protected":false},"excerpt":{"rendered":"<p>nga Fiorela P. Papajani Kishte t\u2019drejt Ernes Heminguei kur thoshte se t\u00eb shkruash \u00ebsht\u00eb puna m\u00eb e v\u00ebshtir n\u00eb bot\u00eb. Sidomos t\u00eb shkruash nj\u00eb ditar, q\u00ebnka e tmerrshme, e p\u00ebrbindshme, mizore. Se kam b\u00ebr\u00eb kurr\u00eb k\u00ebt\u00eb gj\u00eb, nuk e di pse po e b\u00ebj tani, sot, n\u00eb kulmin e karier\u00ebs sime. T\u2019jesh prball\u00eb ekranit t\u2019bardh\u00eb [&hellip;]<\/p>\n","protected":false},"author":1,"featured_media":0,"comment_status":"open","ping_status":"closed","sticky":false,"template":"","format":"standard","meta":{"footnotes":""},"categories":[2],"tags":[],"class_list":{"0":"post-11672","1":"post","2":"type-post","3":"status-publish","4":"format-standard","6":"category-artikuj"},"yoast_head":"<!-- This site is optimized with the Yoast SEO plugin v27.4 - https:\/\/yoast.com\/product\/yoast-seo-wordpress\/ -->\n<title>DITARI I JOZEFINES\u2026 - FjALA e LIR\u00cb - Arkivi<\/title>\n<meta name=\"robots\" content=\"index, follow, max-snippet:-1, max-image-preview:large, max-video-preview:-1\" \/>\n<link rel=\"canonical\" href=\"https:\/\/fjala.info\/2009-2015\/ditari-i-jozefines\/\" \/>\n<meta property=\"og:locale\" content=\"sq_AL\" \/>\n<meta property=\"og:type\" content=\"article\" \/>\n<meta property=\"og:title\" content=\"DITARI I JOZEFINES\u2026 - FjALA e LIR\u00cb - Arkivi\" \/>\n<meta property=\"og:description\" content=\"nga Fiorela P. Papajani Kishte t\u2019drejt Ernes Heminguei kur thoshte se t\u00eb shkruash \u00ebsht\u00eb puna m\u00eb e v\u00ebshtir n\u00eb bot\u00eb. Sidomos t\u00eb shkruash nj\u00eb ditar, q\u00ebnka e tmerrshme, e p\u00ebrbindshme, mizore. Se kam b\u00ebr\u00eb kurr\u00eb k\u00ebt\u00eb gj\u00eb, nuk e di pse po e b\u00ebj tani, sot, n\u00eb kulmin e karier\u00ebs sime. T\u2019jesh prball\u00eb ekranit t\u2019bardh\u00eb [&hellip;]\" \/>\n<meta property=\"og:url\" content=\"https:\/\/fjala.info\/2009-2015\/ditari-i-jozefines\/\" \/>\n<meta property=\"og:site_name\" content=\"FjALA e LIR\u00cb - Arkivi\" \/>\n<meta property=\"article:published_time\" content=\"2012-02-07T20:16:47+00:00\" \/>\n<meta property=\"og:image\" content=\"http:\/\/www.shkoder.net\/images\/fjala\/2011\/jozefina_topalli.jpg\" \/>\n<meta name=\"author\" content=\"admin\" \/>\n<meta name=\"twitter:card\" content=\"summary_large_image\" \/>\n<meta name=\"twitter:label1\" content=\"Written by\" \/>\n\t<meta name=\"twitter:data1\" content=\"admin\" \/>\n\t<meta name=\"twitter:label2\" content=\"Est. reading time\" \/>\n\t<meta name=\"twitter:data2\" content=\"10 minutes\" \/>\n<script type=\"application\/ld+json\" class=\"yoast-schema-graph\">{\"@context\":\"https:\\\/\\\/schema.org\",\"@graph\":[{\"@type\":\"Article\",\"@id\":\"https:\\\/\\\/fjala.info\\\/2009-2015\\\/ditari-i-jozefines\\\/#article\",\"isPartOf\":{\"@id\":\"https:\\\/\\\/fjala.info\\\/2009-2015\\\/ditari-i-jozefines\\\/\"},\"author\":{\"name\":\"admin\",\"@id\":\"https:\\\/\\\/fjala.info\\\/2009-2015\\\/#\\\/schema\\\/person\\\/3aa1163ef05469c496fc94e77611ada2\"},\"headline\":\"DITARI I JOZEFINES\u2026\",\"datePublished\":\"2012-02-07T20:16:47+00:00\",\"mainEntityOfPage\":{\"@id\":\"https:\\\/\\\/fjala.info\\\/2009-2015\\\/ditari-i-jozefines\\\/\"},\"wordCount\":1992,\"commentCount\":0,\"publisher\":{\"@id\":\"https:\\\/\\\/fjala.info\\\/2009-2015\\\/#organization\"},\"image\":{\"@id\":\"https:\\\/\\\/fjala.info\\\/2009-2015\\\/ditari-i-jozefines\\\/#primaryimage\"},\"thumbnailUrl\":\"http:\\\/\\\/www.shkoder.net\\\/images\\\/fjala\\\/2011\\\/jozefina_topalli.jpg\",\"articleSection\":[\"Artikuj\"],\"inLanguage\":\"sq-AL\",\"potentialAction\":[{\"@type\":\"CommentAction\",\"name\":\"Comment\",\"target\":[\"https:\\\/\\\/fjala.info\\\/2009-2015\\\/ditari-i-jozefines\\\/#respond\"]}]},{\"@type\":\"WebPage\",\"@id\":\"https:\\\/\\\/fjala.info\\\/2009-2015\\\/ditari-i-jozefines\\\/\",\"url\":\"https:\\\/\\\/fjala.info\\\/2009-2015\\\/ditari-i-jozefines\\\/\",\"name\":\"DITARI I JOZEFINES\u2026 - FjALA e LIR\u00cb - Arkivi\",\"isPartOf\":{\"@id\":\"https:\\\/\\\/fjala.info\\\/2009-2015\\\/#website\"},\"primaryImageOfPage\":{\"@id\":\"https:\\\/\\\/fjala.info\\\/2009-2015\\\/ditari-i-jozefines\\\/#primaryimage\"},\"image\":{\"@id\":\"https:\\\/\\\/fjala.info\\\/2009-2015\\\/ditari-i-jozefines\\\/#primaryimage\"},\"thumbnailUrl\":\"http:\\\/\\\/www.shkoder.net\\\/images\\\/fjala\\\/2011\\\/jozefina_topalli.jpg\",\"datePublished\":\"2012-02-07T20:16:47+00:00\",\"breadcrumb\":{\"@id\":\"https:\\\/\\\/fjala.info\\\/2009-2015\\\/ditari-i-jozefines\\\/#breadcrumb\"},\"inLanguage\":\"sq-AL\",\"potentialAction\":[{\"@type\":\"ReadAction\",\"target\":[\"https:\\\/\\\/fjala.info\\\/2009-2015\\\/ditari-i-jozefines\\\/\"]}]},{\"@type\":\"ImageObject\",\"inLanguage\":\"sq-AL\",\"@id\":\"https:\\\/\\\/fjala.info\\\/2009-2015\\\/ditari-i-jozefines\\\/#primaryimage\",\"url\":\"http:\\\/\\\/www.shkoder.net\\\/images\\\/fjala\\\/2011\\\/jozefina_topalli.jpg\",\"contentUrl\":\"http:\\\/\\\/www.shkoder.net\\\/images\\\/fjala\\\/2011\\\/jozefina_topalli.jpg\"},{\"@type\":\"BreadcrumbList\",\"@id\":\"https:\\\/\\\/fjala.info\\\/2009-2015\\\/ditari-i-jozefines\\\/#breadcrumb\",\"itemListElement\":[{\"@type\":\"ListItem\",\"position\":1,\"name\":\"Home\",\"item\":\"https:\\\/\\\/fjala.info\\\/2009-2015\\\/\"},{\"@type\":\"ListItem\",\"position\":2,\"name\":\"DITARI I JOZEFINES\u2026\"}]},{\"@type\":\"WebSite\",\"@id\":\"https:\\\/\\\/fjala.info\\\/2009-2015\\\/#website\",\"url\":\"https:\\\/\\\/fjala.info\\\/2009-2015\\\/\",\"name\":\"FjALA e LIR\u00cb - Arkivi\",\"description\":\"Arkivi 2009-2015\",\"publisher\":{\"@id\":\"https:\\\/\\\/fjala.info\\\/2009-2015\\\/#organization\"},\"potentialAction\":[{\"@type\":\"SearchAction\",\"target\":{\"@type\":\"EntryPoint\",\"urlTemplate\":\"https:\\\/\\\/fjala.info\\\/2009-2015\\\/?s={search_term_string}\"},\"query-input\":{\"@type\":\"PropertyValueSpecification\",\"valueRequired\":true,\"valueName\":\"search_term_string\"}}],\"inLanguage\":\"sq-AL\"},{\"@type\":\"Organization\",\"@id\":\"https:\\\/\\\/fjala.info\\\/2009-2015\\\/#organization\",\"name\":\"FjALA e LIR\u00cb - Arkivi\",\"url\":\"https:\\\/\\\/fjala.info\\\/2009-2015\\\/\",\"logo\":{\"@type\":\"ImageObject\",\"inLanguage\":\"sq-AL\",\"@id\":\"https:\\\/\\\/fjala.info\\\/2009-2015\\\/#\\\/schema\\\/logo\\\/image\\\/\",\"url\":\"\",\"contentUrl\":\"\",\"caption\":\"FjALA e LIR\u00cb - Arkivi\"},\"image\":{\"@id\":\"https:\\\/\\\/fjala.info\\\/2009-2015\\\/#\\\/schema\\\/logo\\\/image\\\/\"}},{\"@type\":\"Person\",\"@id\":\"https:\\\/\\\/fjala.info\\\/2009-2015\\\/#\\\/schema\\\/person\\\/3aa1163ef05469c496fc94e77611ada2\",\"name\":\"admin\",\"image\":{\"@type\":\"ImageObject\",\"inLanguage\":\"sq-AL\",\"@id\":\"https:\\\/\\\/fjala.info\\\/2009-2015\\\/wp-content\\\/uploads\\\/2012\\\/02\\\/arben_cokaj-120x150.jpg\",\"url\":\"https:\\\/\\\/fjala.info\\\/2009-2015\\\/wp-content\\\/uploads\\\/2012\\\/02\\\/arben_cokaj-120x150.jpg\",\"contentUrl\":\"https:\\\/\\\/fjala.info\\\/2009-2015\\\/wp-content\\\/uploads\\\/2012\\\/02\\\/arben_cokaj-120x150.jpg\",\"caption\":\"admin\"},\"description\":\"Admin, Fjala e Lir\u00eb\",\"sameAs\":[\"https:\\\/\\\/fjala.info\\\/\"],\"url\":\"https:\\\/\\\/fjala.info\\\/2009-2015\\\/author\\\/admin\\\/\"}]}<\/script>\n<!-- \/ Yoast SEO plugin. -->","yoast_head_json":{"title":"DITARI I JOZEFINES\u2026 - FjALA e LIR\u00cb - Arkivi","robots":{"index":"index","follow":"follow","max-snippet":"max-snippet:-1","max-image-preview":"max-image-preview:large","max-video-preview":"max-video-preview:-1"},"canonical":"https:\/\/fjala.info\/2009-2015\/ditari-i-jozefines\/","og_locale":"sq_AL","og_type":"article","og_title":"DITARI I JOZEFINES\u2026 - FjALA e LIR\u00cb - Arkivi","og_description":"nga Fiorela P. Papajani Kishte t\u2019drejt Ernes Heminguei kur thoshte se t\u00eb shkruash \u00ebsht\u00eb puna m\u00eb e v\u00ebshtir n\u00eb bot\u00eb. Sidomos t\u00eb shkruash nj\u00eb ditar, q\u00ebnka e tmerrshme, e p\u00ebrbindshme, mizore. Se kam b\u00ebr\u00eb kurr\u00eb k\u00ebt\u00eb gj\u00eb, nuk e di pse po e b\u00ebj tani, sot, n\u00eb kulmin e karier\u00ebs sime. T\u2019jesh prball\u00eb ekranit t\u2019bardh\u00eb [&hellip;]","og_url":"https:\/\/fjala.info\/2009-2015\/ditari-i-jozefines\/","og_site_name":"FjALA e LIR\u00cb - Arkivi","article_published_time":"2012-02-07T20:16:47+00:00","og_image":[{"url":"http:\/\/www.shkoder.net\/images\/fjala\/2011\/jozefina_topalli.jpg","type":"","width":"","height":""}],"author":"admin","twitter_card":"summary_large_image","twitter_misc":{"Written by":"admin","Est. reading time":"10 minutes"},"schema":{"@context":"https:\/\/schema.org","@graph":[{"@type":"Article","@id":"https:\/\/fjala.info\/2009-2015\/ditari-i-jozefines\/#article","isPartOf":{"@id":"https:\/\/fjala.info\/2009-2015\/ditari-i-jozefines\/"},"author":{"name":"admin","@id":"https:\/\/fjala.info\/2009-2015\/#\/schema\/person\/3aa1163ef05469c496fc94e77611ada2"},"headline":"DITARI I JOZEFINES\u2026","datePublished":"2012-02-07T20:16:47+00:00","mainEntityOfPage":{"@id":"https:\/\/fjala.info\/2009-2015\/ditari-i-jozefines\/"},"wordCount":1992,"commentCount":0,"publisher":{"@id":"https:\/\/fjala.info\/2009-2015\/#organization"},"image":{"@id":"https:\/\/fjala.info\/2009-2015\/ditari-i-jozefines\/#primaryimage"},"thumbnailUrl":"http:\/\/www.shkoder.net\/images\/fjala\/2011\/jozefina_topalli.jpg","articleSection":["Artikuj"],"inLanguage":"sq-AL","potentialAction":[{"@type":"CommentAction","name":"Comment","target":["https:\/\/fjala.info\/2009-2015\/ditari-i-jozefines\/#respond"]}]},{"@type":"WebPage","@id":"https:\/\/fjala.info\/2009-2015\/ditari-i-jozefines\/","url":"https:\/\/fjala.info\/2009-2015\/ditari-i-jozefines\/","name":"DITARI I JOZEFINES\u2026 - FjALA e LIR\u00cb - Arkivi","isPartOf":{"@id":"https:\/\/fjala.info\/2009-2015\/#website"},"primaryImageOfPage":{"@id":"https:\/\/fjala.info\/2009-2015\/ditari-i-jozefines\/#primaryimage"},"image":{"@id":"https:\/\/fjala.info\/2009-2015\/ditari-i-jozefines\/#primaryimage"},"thumbnailUrl":"http:\/\/www.shkoder.net\/images\/fjala\/2011\/jozefina_topalli.jpg","datePublished":"2012-02-07T20:16:47+00:00","breadcrumb":{"@id":"https:\/\/fjala.info\/2009-2015\/ditari-i-jozefines\/#breadcrumb"},"inLanguage":"sq-AL","potentialAction":[{"@type":"ReadAction","target":["https:\/\/fjala.info\/2009-2015\/ditari-i-jozefines\/"]}]},{"@type":"ImageObject","inLanguage":"sq-AL","@id":"https:\/\/fjala.info\/2009-2015\/ditari-i-jozefines\/#primaryimage","url":"http:\/\/www.shkoder.net\/images\/fjala\/2011\/jozefina_topalli.jpg","contentUrl":"http:\/\/www.shkoder.net\/images\/fjala\/2011\/jozefina_topalli.jpg"},{"@type":"BreadcrumbList","@id":"https:\/\/fjala.info\/2009-2015\/ditari-i-jozefines\/#breadcrumb","itemListElement":[{"@type":"ListItem","position":1,"name":"Home","item":"https:\/\/fjala.info\/2009-2015\/"},{"@type":"ListItem","position":2,"name":"DITARI I JOZEFINES\u2026"}]},{"@type":"WebSite","@id":"https:\/\/fjala.info\/2009-2015\/#website","url":"https:\/\/fjala.info\/2009-2015\/","name":"FjALA e LIR\u00cb - Arkivi","description":"Arkivi 2009-2015","publisher":{"@id":"https:\/\/fjala.info\/2009-2015\/#organization"},"potentialAction":[{"@type":"SearchAction","target":{"@type":"EntryPoint","urlTemplate":"https:\/\/fjala.info\/2009-2015\/?s={search_term_string}"},"query-input":{"@type":"PropertyValueSpecification","valueRequired":true,"valueName":"search_term_string"}}],"inLanguage":"sq-AL"},{"@type":"Organization","@id":"https:\/\/fjala.info\/2009-2015\/#organization","name":"FjALA e LIR\u00cb - Arkivi","url":"https:\/\/fjala.info\/2009-2015\/","logo":{"@type":"ImageObject","inLanguage":"sq-AL","@id":"https:\/\/fjala.info\/2009-2015\/#\/schema\/logo\/image\/","url":"","contentUrl":"","caption":"FjALA e LIR\u00cb - Arkivi"},"image":{"@id":"https:\/\/fjala.info\/2009-2015\/#\/schema\/logo\/image\/"}},{"@type":"Person","@id":"https:\/\/fjala.info\/2009-2015\/#\/schema\/person\/3aa1163ef05469c496fc94e77611ada2","name":"admin","image":{"@type":"ImageObject","inLanguage":"sq-AL","@id":"https:\/\/fjala.info\/2009-2015\/wp-content\/uploads\/2012\/02\/arben_cokaj-120x150.jpg","url":"https:\/\/fjala.info\/2009-2015\/wp-content\/uploads\/2012\/02\/arben_cokaj-120x150.jpg","contentUrl":"https:\/\/fjala.info\/2009-2015\/wp-content\/uploads\/2012\/02\/arben_cokaj-120x150.jpg","caption":"admin"},"description":"Admin, Fjala e Lir\u00eb","sameAs":["https:\/\/fjala.info\/"],"url":"https:\/\/fjala.info\/2009-2015\/author\/admin\/"}]}},"_links":{"self":[{"href":"https:\/\/fjala.info\/2009-2015\/wp-json\/wp\/v2\/posts\/11672","targetHints":{"allow":["GET"]}}],"collection":[{"href":"https:\/\/fjala.info\/2009-2015\/wp-json\/wp\/v2\/posts"}],"about":[{"href":"https:\/\/fjala.info\/2009-2015\/wp-json\/wp\/v2\/types\/post"}],"author":[{"embeddable":true,"href":"https:\/\/fjala.info\/2009-2015\/wp-json\/wp\/v2\/users\/1"}],"replies":[{"embeddable":true,"href":"https:\/\/fjala.info\/2009-2015\/wp-json\/wp\/v2\/comments?post=11672"}],"version-history":[{"count":0,"href":"https:\/\/fjala.info\/2009-2015\/wp-json\/wp\/v2\/posts\/11672\/revisions"}],"wp:attachment":[{"href":"https:\/\/fjala.info\/2009-2015\/wp-json\/wp\/v2\/media?parent=11672"}],"wp:term":[{"taxonomy":"category","embeddable":true,"href":"https:\/\/fjala.info\/2009-2015\/wp-json\/wp\/v2\/categories?post=11672"},{"taxonomy":"post_tag","embeddable":true,"href":"https:\/\/fjala.info\/2009-2015\/wp-json\/wp\/v2\/tags?post=11672"}],"curies":[{"name":"wp","href":"https:\/\/api.w.org\/{rel}","templated":true}]}}