{"id":11670,"date":"2012-02-06T21:04:27","date_gmt":"2012-02-06T20:04:27","guid":{"rendered":"http:\/\/fjala.shkoder.net\/?p=1598"},"modified":"2012-02-06T21:04:27","modified_gmt":"2012-02-06T20:04:27","slug":"mbi-ckritere-eshte-emeruar-dhendri-i-jozefina-topallit-ne-ambasade","status":"publish","type":"post","link":"https:\/\/fjala.info\/2009-2015\/mbi-ckritere-eshte-emeruar-dhendri-i-jozefina-topallit-ne-ambasade\/","title":{"rendered":"\u201cMbi \u00e7\u2019kritere \u00ebsht\u00eb em\u00ebruar dh\u00ebndri i Jozefina Topallit n\u00eb ambasad\u00eb?\u201d"},"content":{"rendered":"<p><img decoding=\"async\" class=\"alignleft size-thumbnail wp-image-7236\" title=\"Luiz Ejlli\" src=\"http:\/\/www.shkoder.net\/2012\/luiz_ejlli.jpg\" alt=\"\" width=\"300\" \/> <strong>TemA Online<\/strong>, <em>6 Shkurt 2012<\/em><\/p>\n<p>Deputet\u00ebt socialist\u00eb kan\u00eb debatuar ashp\u00ebr gjat\u00eb dit\u00ebs s\u00eb sotme n\u00eb Komisionin Parlamentar t\u00eb integrimit evropian me ministrin e Jasht\u00ebm, Edmond Haxhinasto. Sipas tyre, diplomacia shqiptare \u00ebsht\u00eb mbushur me em\u00ebrime nepotike.<\/p>\n<p>Deputeti Taulant Balla \u00ebsht\u00eb shprehur se zot\u00ebron nj\u00eb list\u00eb me \u00ebm\u00ebrimet nepotike, nd\u00ebrsa ka k\u00ebrkuar nga Haxhinasto q\u00eb t\u00eb p\u00ebrgjigjet p\u00ebr k\u00ebto em\u00ebrime, duke nisur q\u00eb nga dh\u00ebndri i Jozefina Topallit.<\/p>\n<p>\u201cM\u00eb jep kriteret e pranimit t\u00eb dh\u00ebndrit t\u00eb Zhozefina Topallit dhe un\u00eb ta votoj ligjin. Neni i par\u00eb i ligjit duhet t\u00eb jet\u00eb se asnj\u00eb deputet, asnj\u00eb minist\u00ebr, asnj\u00eb kryetar parlamenti t\u00eb mos ket\u00eb njer\u00ebz t\u00eb vet n\u00eb sh\u00ebrbimin diplomatik\u201d, ka th\u00ebn\u00eb Balla gjat\u00eb fjal\u00ebs s\u00eb tij.<\/p>\n<p>N\u00eb p\u00ebrgjigjie t\u00eb tij, Haxhinasto \u00ebsht\u00eb shprehur se \u201ckoncepti juaj p\u00ebr reform\u00ebn mbetet tek disa emra t\u00eb p\u00ebrve\u00e7\u00ebm me apo pa lidhje me p\u00ebrfaq\u00ebsues t\u00eb caktuar. Nuk jan\u00eb vet\u00ebm t\u00eb mazhoranc\u00ebs, por ata kan\u00eb t\u00eb drejt\u00ebn q\u00eb p\u00ebr shkollat q\u00eb kan\u00eb b\u00ebr\u00eb, integritetin dhe kualifikimet t\u00eb ken\u00eb t\u00eb drejt\u00ebn t\u00eb punojn\u00eb edhe n\u00eb sh\u00ebrbimin e jasht\u00ebm\u201d.<\/p>\n","protected":false},"excerpt":{"rendered":"<p>TemA Online, 6 Shkurt 2012 Deputet\u00ebt socialist\u00eb kan\u00eb debatuar ashp\u00ebr gjat\u00eb dit\u00ebs s\u00eb sotme n\u00eb Komisionin Parlamentar t\u00eb integrimit evropian me ministrin e Jasht\u00ebm, Edmond Haxhinasto. Sipas tyre, diplomacia shqiptare \u00ebsht\u00eb mbushur me em\u00ebrime nepotike. Deputeti Taulant Balla \u00ebsht\u00eb shprehur se zot\u00ebron nj\u00eb list\u00eb me \u00ebm\u00ebrimet nepotike, nd\u00ebrsa ka k\u00ebrkuar nga Haxhinasto q\u00eb t\u00eb p\u00ebrgjigjet [&hellip;]<\/p>\n","protected":false},"author":1,"featured_media":0,"comment_status":"open","ping_status":"closed","sticky":false,"template":"","format":"standard","meta":{"footnotes":""},"categories":[2],"tags":[],"class_list":{"0":"post-11670","1":"post","2":"type-post","3":"status-publish","4":"format-standard","6":"category-artikuj"},"yoast_head":"<!-- This site is optimized with the Yoast SEO plugin v27.4 - https:\/\/yoast.com\/product\/yoast-seo-wordpress\/ -->\n<title>\u201cMbi \u00e7\u2019kritere \u00ebsht\u00eb em\u00ebruar dh\u00ebndri i Jozefina Topallit n\u00eb ambasad\u00eb?\u201d - FjALA e LIR\u00cb - Arkivi<\/title>\n<meta name=\"robots\" content=\"index, follow, max-snippet:-1, max-image-preview:large, max-video-preview:-1\" \/>\n<link rel=\"canonical\" href=\"https:\/\/fjala.info\/2009-2015\/mbi-ckritere-eshte-emeruar-dhendri-i-jozefina-topallit-ne-ambasade\/\" \/>\n<meta property=\"og:locale\" content=\"sq_AL\" \/>\n<meta property=\"og:type\" content=\"article\" \/>\n<meta property=\"og:title\" content=\"\u201cMbi \u00e7\u2019kritere \u00ebsht\u00eb em\u00ebruar dh\u00ebndri i Jozefina Topallit n\u00eb ambasad\u00eb?\u201d - FjALA e LIR\u00cb - Arkivi\" \/>\n<meta property=\"og:description\" content=\"TemA Online, 6 Shkurt 2012 Deputet\u00ebt socialist\u00eb kan\u00eb debatuar ashp\u00ebr gjat\u00eb dit\u00ebs s\u00eb sotme n\u00eb Komisionin Parlamentar t\u00eb integrimit evropian me ministrin e Jasht\u00ebm, Edmond Haxhinasto. Sipas tyre, diplomacia shqiptare \u00ebsht\u00eb mbushur me em\u00ebrime nepotike. Deputeti Taulant Balla \u00ebsht\u00eb shprehur se zot\u00ebron nj\u00eb list\u00eb me \u00ebm\u00ebrimet nepotike, nd\u00ebrsa ka k\u00ebrkuar nga Haxhinasto q\u00eb t\u00eb p\u00ebrgjigjet [&hellip;]\" \/>\n<meta property=\"og:url\" content=\"https:\/\/fjala.info\/2009-2015\/mbi-ckritere-eshte-emeruar-dhendri-i-jozefina-topallit-ne-ambasade\/\" \/>\n<meta property=\"og:site_name\" content=\"FjALA e LIR\u00cb - Arkivi\" \/>\n<meta property=\"article:published_time\" content=\"2012-02-06T20:04:27+00:00\" \/>\n<meta property=\"og:image\" content=\"http:\/\/www.shkoder.net\/2012\/luiz_ejlli.jpg\" \/>\n<meta name=\"author\" content=\"admin\" \/>\n<meta name=\"twitter:card\" content=\"summary_large_image\" \/>\n<meta name=\"twitter:label1\" content=\"Written by\" \/>\n\t<meta name=\"twitter:data1\" content=\"admin\" \/>\n\t<meta name=\"twitter:label2\" content=\"Est. reading time\" \/>\n\t<meta name=\"twitter:data2\" content=\"1 minute\" \/>\n<script type=\"application\/ld+json\" class=\"yoast-schema-graph\">{\"@context\":\"https:\\\/\\\/schema.org\",\"@graph\":[{\"@type\":\"Article\",\"@id\":\"https:\\\/\\\/fjala.info\\\/2009-2015\\\/mbi-ckritere-eshte-emeruar-dhendri-i-jozefina-topallit-ne-ambasade\\\/#article\",\"isPartOf\":{\"@id\":\"https:\\\/\\\/fjala.info\\\/2009-2015\\\/mbi-ckritere-eshte-emeruar-dhendri-i-jozefina-topallit-ne-ambasade\\\/\"},\"author\":{\"name\":\"admin\",\"@id\":\"https:\\\/\\\/fjala.info\\\/2009-2015\\\/#\\\/schema\\\/person\\\/3aa1163ef05469c496fc94e77611ada2\"},\"headline\":\"\u201cMbi \u00e7\u2019kritere \u00ebsht\u00eb em\u00ebruar dh\u00ebndri i Jozefina Topallit n\u00eb ambasad\u00eb?\u201d\",\"datePublished\":\"2012-02-06T20:04:27+00:00\",\"mainEntityOfPage\":{\"@id\":\"https:\\\/\\\/fjala.info\\\/2009-2015\\\/mbi-ckritere-eshte-emeruar-dhendri-i-jozefina-topallit-ne-ambasade\\\/\"},\"wordCount\":214,\"commentCount\":0,\"publisher\":{\"@id\":\"https:\\\/\\\/fjala.info\\\/2009-2015\\\/#organization\"},\"image\":{\"@id\":\"https:\\\/\\\/fjala.info\\\/2009-2015\\\/mbi-ckritere-eshte-emeruar-dhendri-i-jozefina-topallit-ne-ambasade\\\/#primaryimage\"},\"thumbnailUrl\":\"http:\\\/\\\/www.shkoder.net\\\/2012\\\/luiz_ejlli.jpg\",\"articleSection\":[\"Artikuj\"],\"inLanguage\":\"sq-AL\",\"potentialAction\":[{\"@type\":\"CommentAction\",\"name\":\"Comment\",\"target\":[\"https:\\\/\\\/fjala.info\\\/2009-2015\\\/mbi-ckritere-eshte-emeruar-dhendri-i-jozefina-topallit-ne-ambasade\\\/#respond\"]}]},{\"@type\":\"WebPage\",\"@id\":\"https:\\\/\\\/fjala.info\\\/2009-2015\\\/mbi-ckritere-eshte-emeruar-dhendri-i-jozefina-topallit-ne-ambasade\\\/\",\"url\":\"https:\\\/\\\/fjala.info\\\/2009-2015\\\/mbi-ckritere-eshte-emeruar-dhendri-i-jozefina-topallit-ne-ambasade\\\/\",\"name\":\"\u201cMbi \u00e7\u2019kritere \u00ebsht\u00eb em\u00ebruar dh\u00ebndri i Jozefina Topallit n\u00eb ambasad\u00eb?\u201d - FjALA e LIR\u00cb - Arkivi\",\"isPartOf\":{\"@id\":\"https:\\\/\\\/fjala.info\\\/2009-2015\\\/#website\"},\"primaryImageOfPage\":{\"@id\":\"https:\\\/\\\/fjala.info\\\/2009-2015\\\/mbi-ckritere-eshte-emeruar-dhendri-i-jozefina-topallit-ne-ambasade\\\/#primaryimage\"},\"image\":{\"@id\":\"https:\\\/\\\/fjala.info\\\/2009-2015\\\/mbi-ckritere-eshte-emeruar-dhendri-i-jozefina-topallit-ne-ambasade\\\/#primaryimage\"},\"thumbnailUrl\":\"http:\\\/\\\/www.shkoder.net\\\/2012\\\/luiz_ejlli.jpg\",\"datePublished\":\"2012-02-06T20:04:27+00:00\",\"breadcrumb\":{\"@id\":\"https:\\\/\\\/fjala.info\\\/2009-2015\\\/mbi-ckritere-eshte-emeruar-dhendri-i-jozefina-topallit-ne-ambasade\\\/#breadcrumb\"},\"inLanguage\":\"sq-AL\",\"potentialAction\":[{\"@type\":\"ReadAction\",\"target\":[\"https:\\\/\\\/fjala.info\\\/2009-2015\\\/mbi-ckritere-eshte-emeruar-dhendri-i-jozefina-topallit-ne-ambasade\\\/\"]}]},{\"@type\":\"ImageObject\",\"inLanguage\":\"sq-AL\",\"@id\":\"https:\\\/\\\/fjala.info\\\/2009-2015\\\/mbi-ckritere-eshte-emeruar-dhendri-i-jozefina-topallit-ne-ambasade\\\/#primaryimage\",\"url\":\"http:\\\/\\\/www.shkoder.net\\\/2012\\\/luiz_ejlli.jpg\",\"contentUrl\":\"http:\\\/\\\/www.shkoder.net\\\/2012\\\/luiz_ejlli.jpg\"},{\"@type\":\"BreadcrumbList\",\"@id\":\"https:\\\/\\\/fjala.info\\\/2009-2015\\\/mbi-ckritere-eshte-emeruar-dhendri-i-jozefina-topallit-ne-ambasade\\\/#breadcrumb\",\"itemListElement\":[{\"@type\":\"ListItem\",\"position\":1,\"name\":\"Home\",\"item\":\"https:\\\/\\\/fjala.info\\\/2009-2015\\\/\"},{\"@type\":\"ListItem\",\"position\":2,\"name\":\"\u201cMbi \u00e7\u2019kritere \u00ebsht\u00eb em\u00ebruar dh\u00ebndri i Jozefina Topallit n\u00eb ambasad\u00eb?\u201d\"}]},{\"@type\":\"WebSite\",\"@id\":\"https:\\\/\\\/fjala.info\\\/2009-2015\\\/#website\",\"url\":\"https:\\\/\\\/fjala.info\\\/2009-2015\\\/\",\"name\":\"FjALA e LIR\u00cb - Arkivi\",\"description\":\"Arkivi 2009-2015\",\"publisher\":{\"@id\":\"https:\\\/\\\/fjala.info\\\/2009-2015\\\/#organization\"},\"potentialAction\":[{\"@type\":\"SearchAction\",\"target\":{\"@type\":\"EntryPoint\",\"urlTemplate\":\"https:\\\/\\\/fjala.info\\\/2009-2015\\\/?s={search_term_string}\"},\"query-input\":{\"@type\":\"PropertyValueSpecification\",\"valueRequired\":true,\"valueName\":\"search_term_string\"}}],\"inLanguage\":\"sq-AL\"},{\"@type\":\"Organization\",\"@id\":\"https:\\\/\\\/fjala.info\\\/2009-2015\\\/#organization\",\"name\":\"FjALA e LIR\u00cb - Arkivi\",\"url\":\"https:\\\/\\\/fjala.info\\\/2009-2015\\\/\",\"logo\":{\"@type\":\"ImageObject\",\"inLanguage\":\"sq-AL\",\"@id\":\"https:\\\/\\\/fjala.info\\\/2009-2015\\\/#\\\/schema\\\/logo\\\/image\\\/\",\"url\":\"\",\"contentUrl\":\"\",\"caption\":\"FjALA e LIR\u00cb - Arkivi\"},\"image\":{\"@id\":\"https:\\\/\\\/fjala.info\\\/2009-2015\\\/#\\\/schema\\\/logo\\\/image\\\/\"}},{\"@type\":\"Person\",\"@id\":\"https:\\\/\\\/fjala.info\\\/2009-2015\\\/#\\\/schema\\\/person\\\/3aa1163ef05469c496fc94e77611ada2\",\"name\":\"admin\",\"image\":{\"@type\":\"ImageObject\",\"inLanguage\":\"sq-AL\",\"@id\":\"https:\\\/\\\/fjala.info\\\/2009-2015\\\/wp-content\\\/uploads\\\/2012\\\/02\\\/arben_cokaj-120x150.jpg\",\"url\":\"https:\\\/\\\/fjala.info\\\/2009-2015\\\/wp-content\\\/uploads\\\/2012\\\/02\\\/arben_cokaj-120x150.jpg\",\"contentUrl\":\"https:\\\/\\\/fjala.info\\\/2009-2015\\\/wp-content\\\/uploads\\\/2012\\\/02\\\/arben_cokaj-120x150.jpg\",\"caption\":\"admin\"},\"description\":\"Admin, Fjala e Lir\u00eb\",\"sameAs\":[\"https:\\\/\\\/fjala.info\\\/\"],\"url\":\"https:\\\/\\\/fjala.info\\\/2009-2015\\\/author\\\/admin\\\/\"}]}<\/script>\n<!-- \/ Yoast SEO plugin. -->","yoast_head_json":{"title":"\u201cMbi \u00e7\u2019kritere \u00ebsht\u00eb em\u00ebruar dh\u00ebndri i Jozefina Topallit n\u00eb ambasad\u00eb?\u201d - FjALA e LIR\u00cb - Arkivi","robots":{"index":"index","follow":"follow","max-snippet":"max-snippet:-1","max-image-preview":"max-image-preview:large","max-video-preview":"max-video-preview:-1"},"canonical":"https:\/\/fjala.info\/2009-2015\/mbi-ckritere-eshte-emeruar-dhendri-i-jozefina-topallit-ne-ambasade\/","og_locale":"sq_AL","og_type":"article","og_title":"\u201cMbi \u00e7\u2019kritere \u00ebsht\u00eb em\u00ebruar dh\u00ebndri i Jozefina Topallit n\u00eb ambasad\u00eb?\u201d - FjALA e LIR\u00cb - Arkivi","og_description":"TemA Online, 6 Shkurt 2012 Deputet\u00ebt socialist\u00eb kan\u00eb debatuar ashp\u00ebr gjat\u00eb dit\u00ebs s\u00eb sotme n\u00eb Komisionin Parlamentar t\u00eb integrimit evropian me ministrin e Jasht\u00ebm, Edmond Haxhinasto. Sipas tyre, diplomacia shqiptare \u00ebsht\u00eb mbushur me em\u00ebrime nepotike. Deputeti Taulant Balla \u00ebsht\u00eb shprehur se zot\u00ebron nj\u00eb list\u00eb me \u00ebm\u00ebrimet nepotike, nd\u00ebrsa ka k\u00ebrkuar nga Haxhinasto q\u00eb t\u00eb p\u00ebrgjigjet [&hellip;]","og_url":"https:\/\/fjala.info\/2009-2015\/mbi-ckritere-eshte-emeruar-dhendri-i-jozefina-topallit-ne-ambasade\/","og_site_name":"FjALA e LIR\u00cb - Arkivi","article_published_time":"2012-02-06T20:04:27+00:00","og_image":[{"url":"http:\/\/www.shkoder.net\/2012\/luiz_ejlli.jpg","type":"","width":"","height":""}],"author":"admin","twitter_card":"summary_large_image","twitter_misc":{"Written by":"admin","Est. reading time":"1 minute"},"schema":{"@context":"https:\/\/schema.org","@graph":[{"@type":"Article","@id":"https:\/\/fjala.info\/2009-2015\/mbi-ckritere-eshte-emeruar-dhendri-i-jozefina-topallit-ne-ambasade\/#article","isPartOf":{"@id":"https:\/\/fjala.info\/2009-2015\/mbi-ckritere-eshte-emeruar-dhendri-i-jozefina-topallit-ne-ambasade\/"},"author":{"name":"admin","@id":"https:\/\/fjala.info\/2009-2015\/#\/schema\/person\/3aa1163ef05469c496fc94e77611ada2"},"headline":"\u201cMbi \u00e7\u2019kritere \u00ebsht\u00eb em\u00ebruar dh\u00ebndri i Jozefina Topallit n\u00eb ambasad\u00eb?\u201d","datePublished":"2012-02-06T20:04:27+00:00","mainEntityOfPage":{"@id":"https:\/\/fjala.info\/2009-2015\/mbi-ckritere-eshte-emeruar-dhendri-i-jozefina-topallit-ne-ambasade\/"},"wordCount":214,"commentCount":0,"publisher":{"@id":"https:\/\/fjala.info\/2009-2015\/#organization"},"image":{"@id":"https:\/\/fjala.info\/2009-2015\/mbi-ckritere-eshte-emeruar-dhendri-i-jozefina-topallit-ne-ambasade\/#primaryimage"},"thumbnailUrl":"http:\/\/www.shkoder.net\/2012\/luiz_ejlli.jpg","articleSection":["Artikuj"],"inLanguage":"sq-AL","potentialAction":[{"@type":"CommentAction","name":"Comment","target":["https:\/\/fjala.info\/2009-2015\/mbi-ckritere-eshte-emeruar-dhendri-i-jozefina-topallit-ne-ambasade\/#respond"]}]},{"@type":"WebPage","@id":"https:\/\/fjala.info\/2009-2015\/mbi-ckritere-eshte-emeruar-dhendri-i-jozefina-topallit-ne-ambasade\/","url":"https:\/\/fjala.info\/2009-2015\/mbi-ckritere-eshte-emeruar-dhendri-i-jozefina-topallit-ne-ambasade\/","name":"\u201cMbi \u00e7\u2019kritere \u00ebsht\u00eb em\u00ebruar dh\u00ebndri i Jozefina Topallit n\u00eb ambasad\u00eb?\u201d - FjALA e LIR\u00cb - Arkivi","isPartOf":{"@id":"https:\/\/fjala.info\/2009-2015\/#website"},"primaryImageOfPage":{"@id":"https:\/\/fjala.info\/2009-2015\/mbi-ckritere-eshte-emeruar-dhendri-i-jozefina-topallit-ne-ambasade\/#primaryimage"},"image":{"@id":"https:\/\/fjala.info\/2009-2015\/mbi-ckritere-eshte-emeruar-dhendri-i-jozefina-topallit-ne-ambasade\/#primaryimage"},"thumbnailUrl":"http:\/\/www.shkoder.net\/2012\/luiz_ejlli.jpg","datePublished":"2012-02-06T20:04:27+00:00","breadcrumb":{"@id":"https:\/\/fjala.info\/2009-2015\/mbi-ckritere-eshte-emeruar-dhendri-i-jozefina-topallit-ne-ambasade\/#breadcrumb"},"inLanguage":"sq-AL","potentialAction":[{"@type":"ReadAction","target":["https:\/\/fjala.info\/2009-2015\/mbi-ckritere-eshte-emeruar-dhendri-i-jozefina-topallit-ne-ambasade\/"]}]},{"@type":"ImageObject","inLanguage":"sq-AL","@id":"https:\/\/fjala.info\/2009-2015\/mbi-ckritere-eshte-emeruar-dhendri-i-jozefina-topallit-ne-ambasade\/#primaryimage","url":"http:\/\/www.shkoder.net\/2012\/luiz_ejlli.jpg","contentUrl":"http:\/\/www.shkoder.net\/2012\/luiz_ejlli.jpg"},{"@type":"BreadcrumbList","@id":"https:\/\/fjala.info\/2009-2015\/mbi-ckritere-eshte-emeruar-dhendri-i-jozefina-topallit-ne-ambasade\/#breadcrumb","itemListElement":[{"@type":"ListItem","position":1,"name":"Home","item":"https:\/\/fjala.info\/2009-2015\/"},{"@type":"ListItem","position":2,"name":"\u201cMbi \u00e7\u2019kritere \u00ebsht\u00eb em\u00ebruar dh\u00ebndri i Jozefina Topallit n\u00eb ambasad\u00eb?\u201d"}]},{"@type":"WebSite","@id":"https:\/\/fjala.info\/2009-2015\/#website","url":"https:\/\/fjala.info\/2009-2015\/","name":"FjALA e LIR\u00cb - Arkivi","description":"Arkivi 2009-2015","publisher":{"@id":"https:\/\/fjala.info\/2009-2015\/#organization"},"potentialAction":[{"@type":"SearchAction","target":{"@type":"EntryPoint","urlTemplate":"https:\/\/fjala.info\/2009-2015\/?s={search_term_string}"},"query-input":{"@type":"PropertyValueSpecification","valueRequired":true,"valueName":"search_term_string"}}],"inLanguage":"sq-AL"},{"@type":"Organization","@id":"https:\/\/fjala.info\/2009-2015\/#organization","name":"FjALA e LIR\u00cb - Arkivi","url":"https:\/\/fjala.info\/2009-2015\/","logo":{"@type":"ImageObject","inLanguage":"sq-AL","@id":"https:\/\/fjala.info\/2009-2015\/#\/schema\/logo\/image\/","url":"","contentUrl":"","caption":"FjALA e LIR\u00cb - Arkivi"},"image":{"@id":"https:\/\/fjala.info\/2009-2015\/#\/schema\/logo\/image\/"}},{"@type":"Person","@id":"https:\/\/fjala.info\/2009-2015\/#\/schema\/person\/3aa1163ef05469c496fc94e77611ada2","name":"admin","image":{"@type":"ImageObject","inLanguage":"sq-AL","@id":"https:\/\/fjala.info\/2009-2015\/wp-content\/uploads\/2012\/02\/arben_cokaj-120x150.jpg","url":"https:\/\/fjala.info\/2009-2015\/wp-content\/uploads\/2012\/02\/arben_cokaj-120x150.jpg","contentUrl":"https:\/\/fjala.info\/2009-2015\/wp-content\/uploads\/2012\/02\/arben_cokaj-120x150.jpg","caption":"admin"},"description":"Admin, Fjala e Lir\u00eb","sameAs":["https:\/\/fjala.info\/"],"url":"https:\/\/fjala.info\/2009-2015\/author\/admin\/"}]}},"_links":{"self":[{"href":"https:\/\/fjala.info\/2009-2015\/wp-json\/wp\/v2\/posts\/11670","targetHints":{"allow":["GET"]}}],"collection":[{"href":"https:\/\/fjala.info\/2009-2015\/wp-json\/wp\/v2\/posts"}],"about":[{"href":"https:\/\/fjala.info\/2009-2015\/wp-json\/wp\/v2\/types\/post"}],"author":[{"embeddable":true,"href":"https:\/\/fjala.info\/2009-2015\/wp-json\/wp\/v2\/users\/1"}],"replies":[{"embeddable":true,"href":"https:\/\/fjala.info\/2009-2015\/wp-json\/wp\/v2\/comments?post=11670"}],"version-history":[{"count":0,"href":"https:\/\/fjala.info\/2009-2015\/wp-json\/wp\/v2\/posts\/11670\/revisions"}],"wp:attachment":[{"href":"https:\/\/fjala.info\/2009-2015\/wp-json\/wp\/v2\/media?parent=11670"}],"wp:term":[{"taxonomy":"category","embeddable":true,"href":"https:\/\/fjala.info\/2009-2015\/wp-json\/wp\/v2\/categories?post=11670"},{"taxonomy":"post_tag","embeddable":true,"href":"https:\/\/fjala.info\/2009-2015\/wp-json\/wp\/v2\/tags?post=11670"}],"curies":[{"name":"wp","href":"https:\/\/api.w.org\/{rel}","templated":true}]}}