{"id":11668,"date":"2012-02-06T10:48:44","date_gmt":"2012-02-06T09:48:44","guid":{"rendered":"http:\/\/fjala.shkoder.net\/?p=1591"},"modified":"2022-12-19T07:08:18","modified_gmt":"2022-12-19T06:08:18","slug":"protonizmi-si-teori-letrare-e-filozofike","status":"publish","type":"post","link":"https:\/\/fjala.info\/2009-2015\/protonizmi-si-teori-letrare-e-filozofike\/","title":{"rendered":"Protonizmi si teori letrare e filozofike"},"content":{"rendered":"<p><img loading=\"lazy\" decoding=\"async\" class=\"alignleft size-full\" src=\"https:\/\/fjala.info\/2009-2015\/wp-content\/uploads\/2012\/02\/arben_cokaj.jpg\" alt=\"Arben \u00c7okaj\" width=\"120\" height=\"154\" \/> <strong>Arben \u00c7okaj<\/strong>, <em>29 janar 2012<\/em><\/p>\n<p><b><em>Protonizmi &#8211; nj\u00eb teori e re letrare e propozuar p\u00ebr miratim nga poeti shqiptar Gjek\u00eb Marinaj n\u00eb Konferenc\u00ebn e Profesor\u00ebve t\u00eb Let\u00ebrsis\u00eb Bot\u00ebrore n\u00eb Des Moines, Iowa.<\/em><\/b><\/p>\n<p>Teoria e re letrare dhe rryma filozofike, q\u00eb e mb\u00ebshtet nga pas, Protonizmin, jan\u00eb krijim sinjifikativ i poetit t\u00eb talentuar shqiptar, Gjek\u00eb Marinaj, i cili bashk\u00eb me avancimin e tij personal, intelektual dhe profesional n\u00eb fush\u00ebn e studimeve letrare, humanizmit dhe filozofis\u00eb, na befason p\u00ebrs\u00ebri me thjesht\u00ebsin\u00eb e tij krijuese, esenc\u00ebn dhe v\u00ebrtet\u00ebsis\u00eb q\u00eb p\u00ebrfaq\u00ebson, si dhe me th\u00ebnien e t\u00eb v\u00ebrtet\u00ebs bukur e qart\u00eb, apo trajtimin e elementit pozitiv, si fenomen letrar, filozofik dhe m\u00eb gjer\u00eb n\u00eb shoq\u00ebri. Tashm\u00eb nj\u00eb koncept i miratuar zyrtarisht n\u00eb SHBA, Protonizmi vjen si term letrar e filozofik me nj\u00eb tendenc\u00eb pozitive, p\u00ebr t\u00eb p\u00ebrmir\u00ebsuar cil\u00ebsisht m\u00ebnyr\u00ebn ton\u00eb t\u00eb mendimit dhe konceptimit.<\/p>\n<p>Duke u bazuar mbi nj\u00eb element universal natyror t\u00eb fizik\u00ebs e kimis\u00eb, mbi b\u00ebrtham\u00ebn e atomit dhe ngarkesat e saj pozitive, protonet, Gjek\u00eb Marinaj krijon nj\u00eb koncept t\u00eb ri, si teori letrare dhe m\u00eb gjer\u00eb si rrym\u00eb filozofike, n\u00eb dukje i thjesht\u00eb, por q\u00eb ka dometh\u00ebnien e vet t\u00eb r\u00ebnd\u00ebsishme, n\u00eb krijimin e koncepteve pozitive tek njer\u00ebzit, p\u00ebr t\u00eb pasur tendenc\u00eb e p\u00ebrqasje pozitiviste mbi krijimet letrare, trajtesat filozofike, tendencat e komunikimit nd\u00ebrshoq\u00ebror, apo edhe n\u00eb vet\u00eb konceptet e vler\u00ebsimit politik dhe m\u00eb gjer\u00eb, pse jo?<\/p>\n<p>Marinaj e bazon teorin\u00eb e tij n\u00eb pes\u00eb principe filozofike: Mbi t\u00eb v\u00ebrtet\u00ebn, hulumtimin, restitucionin, protonizmiotik\u00ebn dhe etik\u00ebn. Duket se shtysat p\u00ebr t\u00eb dal\u00eb me k\u00ebt\u00eb koncept t\u00eb ri filozofik, kan\u00eb ardhur nga puna dhe hulumtimet e tij n\u00eb shoq\u00ebrin\u00eb amerikane si dhe ndikimin pozitiv, q\u00eb jep mbi shoq\u00ebrin\u00eb n\u00eb p\u00ebrgjith\u00ebsi prirja drejt p\u00ebrzgjedhjes s\u00eb m\u00eb t\u00eb mir\u00ebs, t\u00eb bukur\u00ebs dhe pozitives n\u00eb let\u00ebrsi, art e kultur\u00eb dhe m\u00eb gjer\u00eb se kaq. Sepse, ajo q\u00eb mbetet e ruhet nd\u00ebr shekuj n\u00eb filozofi dhe arte, \u00ebsht\u00eb kryesisht e bukura, e mira, pozitivja. \u00cbsht\u00eb elementi pozitiv, pra, q\u00eb e \u00e7on shoq\u00ebrin\u00eb p\u00ebrpara.<\/p>\n<p>Gjetja e k\u00ebtij koncepti sa interesant e dometh\u00ebn\u00ebs nga poeti yn\u00eb Gjek\u00eb Marinaj, \u00ebsht\u00eb rrjedhoj\u00eb e nj\u00eb v\u00ebzhgimi t\u00eb kujdessh\u00ebm t\u00eb realitetit shoq\u00ebror e letrar, ku vet\u00ebm njer\u00ebzit e talentuar dhe me ndjeshm\u00ebri t\u00eb ve\u00e7ant\u00eb ndaj fenomeneve shoq\u00ebrore dhe t\u00eb p\u00ebrgatitur p\u00ebr t\u2019i v\u00ebn\u00eb re dukuri t\u00eb tilla, jan\u00eb n\u00eb gjendje t\u00eb kristalizojn\u00eb n\u00eb teori letrare, esenca kaq specifike.<\/p>\n<p>Kujtojm\u00eb k\u00ebtu moll\u00ebn e Njutonit. P\u00ebr mij\u00ebra vjet me radh\u00eb, mollat n\u00eb tok\u00eb binin dhe vazhdojn\u00eb t\u00eb bien, por pak kush kujtohej t\u00eb gjente pse-n\u00eb. Nd\u00ebrsa Njutoni po rrinte e mendonte n\u00eb kopshtin e tij, i p\u00ebrgatitur p\u00ebr t\u00eb vrojtuar natyr\u00ebn dhe p\u00ebr t\u00eb gjetur pse-t\u00eb e fshehta t\u00eb ligjeve natyrore. Ai papritmas vuri re nj\u00eb moll\u00eb tek binte n\u00eb tok\u00eb dhe drejtohej nga qendra e tok\u00ebs. Aty i lindi menj\u00ebher\u00eb ideja p\u00ebr ligjin e gravitetit, q\u00eb m\u00eb pas u shpjegua teorikisht dhe tashm\u00eb \u00ebsht\u00eb i njohur p\u00ebr t\u00eb gjith\u00eb.<\/p>\n<p>Po k\u00ebshtu Gjek\u00eb Marinaj ka treguar edhe m\u00eb par\u00eb ndjeshm\u00ebrin\u00eb e tij prej poeti t\u00eb talentuar, dhe se \u00ebsht\u00eb i v\u00ebmendsh\u00ebm ndaj zhvillimeve shoq\u00ebrore, q\u00eb n\u00eb fillimet e tij me poezin\u00eb Kuajt, nj\u00eb perceprim real e spontan ky, i thjesht\u00eb n\u00eb vargje por dep\u00ebrtues dhe me ndjeshm\u00ebri t\u00eb thell\u00eb mbi realitetin shqiptar, q\u00eb poeti i ri e p\u00ebrjetonte me ndjenja t\u00eb sinqerta. Guximi i tij p\u00ebr ta th\u00ebn\u00eb t\u00eb v\u00ebrtet\u00ebn ashtu si\u00e7 e mendonte, n\u00eb nj\u00eb koh\u00eb kur e v\u00ebrteta mbytej, i dha nj\u00eb ting\u00ebllim\u00eb t\u00eb brisht\u00eb por t\u00eb fuqishme sistemit diktatorial, n\u00eb r\u00ebnie n\u00eb Shqip\u00ebri. Ajo poezi iu lexua m\u00eb pas edhe ambasadorit amerikan n\u00eb Beograd, i cili pasi d\u00ebgjoi vargjet e poezis\u00eb, ndjeu keqardhjen e natyrshme p\u00ebr poetin e ri, se si jeta e nj\u00eb njerriu t\u00eb talentuar varej n\u00eb fije t\u00eb perit n\u00ebn diktatur\u00eb, p\u00ebr disa vargje t\u00eb v\u00ebrteta. Ai u trondit nga absurdi q\u00eb e rrethonte poetin e ri dhe i tha ati: \u201ct\u00eb qoft\u00eb rruga e mbar\u00eb p\u00ebr n\u00eb Amerik\u00eb bir!\u201d<\/p>\n<p>Gjek\u00eb Marinaj ka nj\u00eb relacion instinktiv ndaj t\u00eb v\u00ebrtet\u00ebs. Ai nuk e zhg\u00ebnjeu as ambasadorin amerikan q\u00eb e ndihmoi, as vetveten, por as ne, me shkuarjen e tij n\u00eb Amerik\u00eb. Ai atje, p\u00ebrve\u00e7se punonte dit\u00eb e nat\u00eb p\u00ebr t\u00eb siguruar t\u00eb ardhurat p\u00ebr jetes\u00eb, edhe studionte dit\u00eb e nat\u00eb, derisa arriti t\u00eb perfeksiononte njohurit\u00eb e tij edhe n\u00eb filozofi dhe n\u00eb let\u00ebrsin\u00eb e krahasuar bot\u00ebrore. Marinaj u p\u00ebrgatit m\u00eb mir\u00eb inteluktualisht dhe duke shkruar gjat\u00eb gjith\u00eb koh\u00ebs n\u00eb konceptet Protonizmike, se ndjenjat e tij p\u00ebr artin e let\u00ebrsin\u00eb e p\u00ebrjashtojn\u00eb smir\u00ebn, lig\u00ebsin\u00eb apo dashakeq\u00ebsin\u00eb, ai arriti n\u00eb fund edhe t\u00eb krijoj\u00eb teorin\u00eb e tij t\u00eb re, Protonizmin, duke i dh\u00ebn\u00eb k\u00ebshtu let\u00ebrsis\u00eb bot\u00ebrore nj\u00eb koncept t\u00eb ri letrar e filozofik, q\u00eb na sh\u00ebrben dhe nderon edhe ne si krijues shqiptar\u00eb.<\/p>\n<p>Pavar\u00ebsisht se n\u00eb shumic\u00ebn e shkrimeve t\u00eb mia, synimi \u00ebsht\u00eb drejt s\u00eb mir\u00ebs, drejt pozitives, prap\u00eb se prap\u00eb, teoria e Protonizmit mund t\u00eb jet\u00eb nj\u00eb k\u00ebrkes\u00eb m\u00eb shum\u00eb, disi m\u00eb e avancuar, m\u00eb akademike, n\u00eb evidentimin e an\u00ebve pozitive t\u00eb nj\u00eb krijimtarie letrare, dukuri filozofike apo zhvillim shoq\u00ebror, etj. Pra, mendoj se edhe un\u00eb, si secili prej nesh, q\u00eb merremi me artin e t\u00eb shkruarit, duhet t\u00eb p\u00ebrfitojm\u00eb nga kjo teori letrare e filozofike dhe t\u00eb b\u00ebhemi me shkrimet tona p\u00ebrkrah\u00ebs t\u00eb saj, t\u00eb tregohemi nj\u00ebkoh\u00ebsisht m\u00eb t\u00eb p\u00ebrgjegjsh\u00ebm n\u00eb p\u00ebrzgjedhjen e elementeve pozitive, q\u00eb i sh\u00ebrbejn\u00eb njer\u00ebzve.<\/p>\n<p>Sikur Protonizmi t\u00eb shtrihej n\u00eb politik\u00ebn shqiptare, shum\u00eb gj\u00ebra padyshim q\u00eb do t\u00eb thuheshin m\u00eb bukur, m\u00eb me eleganc\u00eb e vet\u00ebrespekt. Shoq\u00ebria jon\u00eb do t\u00eb ishte m\u00eb e matur, m\u00eb e vet\u00ebp\u00ebrmbajtur dhe efektet negative n\u00eb shoq\u00ebri do t\u00eb sfumoheshin nga pozitiviteti, jo se do t\u00eb shuheshin, por nuk do t\u00eb dilnin n\u00eb drit\u00eb si tani, nuk do t\u00eb na p\u00ebrplaseshin n\u00eb fytyr\u00eb me brutalitet e arroganc\u00eb, si\u00e7 edhe po b\u00ebjn\u00eb m\u00eb s\u00eb shumti n\u00eb koh\u00ebn ton\u00eb.<\/p>\n<p>Protonizmi si teori letrare e filozofike, ka p\u00ebr autor nj\u00eb shqiptar dhe tashm\u00eb si teori e pranuar nd\u00ebrkomb\u00ebtarisht, ajo renditet nd\u00ebr teorite letrare e filozofike bot\u00ebrore, q\u00eb mund t\u00eb marr\u00eb zhvillimin e vet, padyshim, n\u00eb t\u00eb ardhmen. Kjo teori n\u00eb Shqip\u00ebri duhet t\u00eb marr\u00eb prioritet t\u00eb ve\u00e7ant\u00eb, p\u00ebr t\u00eb p\u00ebrmir\u00ebsuar struktur\u00ebn e mendimit t\u00eb shoq\u00ebris\u00eb son\u00eb, pasi shoq\u00ebria shqiptare vuan s\u00eb shumti nga efektet negative n\u00eb shoq\u00ebri dhe promovimi i s\u00eb mir\u00ebs, i pozitives \u00ebsht\u00eb me r\u00ebnd\u00ebsi shp\u00ebtimtare p\u00ebr k\u00ebt\u00eb vend dhe p\u00ebr k\u00ebt\u00eb shoq\u00ebri.<\/p>\n<p>Si dall\u00ebndyshe q\u00eb lajm\u00ebron pranver\u00ebn, Gjek\u00eb Marinaj paralajm\u00ebroi me ndjeshm\u00ebrin\u00eb e tij, n\u00eb m\u00ebnyr\u00ebn e vet rebeluese, p\u00ebrmes poezis\u00eb Kuajt, n\u00eb gusht 1990, shembjen e diktatur\u00ebs komuniste n\u00eb Shqip\u00ebri, e cila kulminoi disa muaj m\u00eb von\u00eb, me l\u00ebvizjen studentore t\u00eb Dhjetorit \u201990-t\u00eb. Po k\u00ebshtu, 20 vjet pas r\u00ebnies s\u00eb komunizmit n\u00eb Shqip\u00ebri, Marinaj i vjen lexuesit shqiptar me nj\u00eb teori letrare pozitiviste, t\u00eb pranuar nd\u00ebrkomb\u00ebtarisht tashm\u00eb, p\u00ebr t\u2019i dh\u00ebn\u00eb let\u00ebrsis\u00eb son\u00eb, filozofis\u00eb son\u00eb dhe jet\u00ebs son\u00eb qytetare nj\u00eb ndikim pozitiv, p\u00ebr t\u00eb gjith\u00eb ata q\u00eb din\u00eb t\u00eb lexojn\u00eb e kuptojn\u00eb.<\/p>\n<p>Protonizmi \u00ebsht\u00eb nj\u00eb teori letrare e filozofike, q\u00eb na nderon dhe meriton t\u00eb vler\u00ebrsohet e respektohet.<\/p>\n","protected":false},"excerpt":{"rendered":"<p>Arben \u00c7okaj, 29 janar 2012 Protonizmi &#8211; nj\u00eb teori e re letrare e propozuar p\u00ebr miratim nga poeti shqiptar Gjek\u00eb Marinaj n\u00eb Konferenc\u00ebn e Profesor\u00ebve t\u00eb Let\u00ebrsis\u00eb Bot\u00ebrore n\u00eb Des Moines, Iowa. Teoria e re letrare dhe rryma filozofike, q\u00eb e mb\u00ebshtet nga pas, Protonizmin, jan\u00eb krijim sinjifikativ i poetit t\u00eb talentuar shqiptar, Gjek\u00eb Marinaj, [&hellip;]<\/p>\n","protected":false},"author":1,"featured_media":14674,"comment_status":"open","ping_status":"closed","sticky":false,"template":"","format":"standard","meta":{"footnotes":""},"categories":[2,7],"tags":[],"class_list":{"0":"post-11668","1":"post","2":"type-post","3":"status-publish","4":"format-standard","5":"has-post-thumbnail","7":"category-artikuj","8":"category-letersi"},"yoast_head":"<!-- This site is optimized with the Yoast SEO plugin v27.4 - https:\/\/yoast.com\/product\/yoast-seo-wordpress\/ -->\n<title>Protonizmi si teori letrare e filozofike - FjALA e LIR\u00cb - Arkivi<\/title>\n<meta name=\"robots\" content=\"index, follow, max-snippet:-1, max-image-preview:large, max-video-preview:-1\" \/>\n<link rel=\"canonical\" href=\"https:\/\/fjala.info\/2009-2015\/protonizmi-si-teori-letrare-e-filozofike\/\" \/>\n<meta property=\"og:locale\" content=\"sq_AL\" \/>\n<meta property=\"og:type\" content=\"article\" \/>\n<meta property=\"og:title\" content=\"Protonizmi si teori letrare e filozofike - FjALA e LIR\u00cb - Arkivi\" \/>\n<meta property=\"og:description\" content=\"Arben \u00c7okaj, 29 janar 2012 Protonizmi &#8211; nj\u00eb teori e re letrare e propozuar p\u00ebr miratim nga poeti shqiptar Gjek\u00eb Marinaj n\u00eb Konferenc\u00ebn e Profesor\u00ebve t\u00eb Let\u00ebrsis\u00eb Bot\u00ebrore n\u00eb Des Moines, Iowa. Teoria e re letrare dhe rryma filozofike, q\u00eb e mb\u00ebshtet nga pas, Protonizmin, jan\u00eb krijim sinjifikativ i poetit t\u00eb talentuar shqiptar, Gjek\u00eb Marinaj, [&hellip;]\" \/>\n<meta property=\"og:url\" content=\"https:\/\/fjala.info\/2009-2015\/protonizmi-si-teori-letrare-e-filozofike\/\" \/>\n<meta property=\"og:site_name\" content=\"FjALA e LIR\u00cb - Arkivi\" \/>\n<meta property=\"article:published_time\" content=\"2012-02-06T09:48:44+00:00\" \/>\n<meta property=\"article:modified_time\" content=\"2022-12-19T06:08:18+00:00\" \/>\n<meta property=\"og:image\" content=\"https:\/\/fjala.info\/2009-2015\/wp-content\/uploads\/2012\/02\/gjm_protonizmi.jpg\" \/>\n\t<meta property=\"og:image:width\" content=\"200\" \/>\n\t<meta property=\"og:image:height\" content=\"304\" \/>\n\t<meta property=\"og:image:type\" content=\"image\/jpeg\" \/>\n<meta name=\"author\" content=\"admin\" \/>\n<meta name=\"twitter:card\" content=\"summary_large_image\" \/>\n<meta name=\"twitter:label1\" content=\"Written by\" \/>\n\t<meta name=\"twitter:data1\" content=\"admin\" \/>\n\t<meta name=\"twitter:label2\" content=\"Est. reading time\" \/>\n\t<meta name=\"twitter:data2\" content=\"7 minutes\" \/>\n<script type=\"application\/ld+json\" class=\"yoast-schema-graph\">{\"@context\":\"https:\\\/\\\/schema.org\",\"@graph\":[{\"@type\":\"Article\",\"@id\":\"https:\\\/\\\/fjala.info\\\/2009-2015\\\/protonizmi-si-teori-letrare-e-filozofike\\\/#article\",\"isPartOf\":{\"@id\":\"https:\\\/\\\/fjala.info\\\/2009-2015\\\/protonizmi-si-teori-letrare-e-filozofike\\\/\"},\"author\":{\"name\":\"admin\",\"@id\":\"https:\\\/\\\/fjala.info\\\/2009-2015\\\/#\\\/schema\\\/person\\\/3aa1163ef05469c496fc94e77611ada2\"},\"headline\":\"Protonizmi si teori letrare e filozofike\",\"datePublished\":\"2012-02-06T09:48:44+00:00\",\"dateModified\":\"2022-12-19T06:08:18+00:00\",\"mainEntityOfPage\":{\"@id\":\"https:\\\/\\\/fjala.info\\\/2009-2015\\\/protonizmi-si-teori-letrare-e-filozofike\\\/\"},\"wordCount\":1338,\"commentCount\":0,\"publisher\":{\"@id\":\"https:\\\/\\\/fjala.info\\\/2009-2015\\\/#organization\"},\"image\":{\"@id\":\"https:\\\/\\\/fjala.info\\\/2009-2015\\\/protonizmi-si-teori-letrare-e-filozofike\\\/#primaryimage\"},\"thumbnailUrl\":\"https:\\\/\\\/fjala.info\\\/2009-2015\\\/wp-content\\\/uploads\\\/2012\\\/02\\\/gjm_protonizmi.jpg\",\"articleSection\":[\"Artikuj\",\"Let\u00ebrsi\"],\"inLanguage\":\"sq-AL\",\"potentialAction\":[{\"@type\":\"CommentAction\",\"name\":\"Comment\",\"target\":[\"https:\\\/\\\/fjala.info\\\/2009-2015\\\/protonizmi-si-teori-letrare-e-filozofike\\\/#respond\"]}]},{\"@type\":\"WebPage\",\"@id\":\"https:\\\/\\\/fjala.info\\\/2009-2015\\\/protonizmi-si-teori-letrare-e-filozofike\\\/\",\"url\":\"https:\\\/\\\/fjala.info\\\/2009-2015\\\/protonizmi-si-teori-letrare-e-filozofike\\\/\",\"name\":\"Protonizmi si teori letrare e filozofike - FjALA e LIR\u00cb - Arkivi\",\"isPartOf\":{\"@id\":\"https:\\\/\\\/fjala.info\\\/2009-2015\\\/#website\"},\"primaryImageOfPage\":{\"@id\":\"https:\\\/\\\/fjala.info\\\/2009-2015\\\/protonizmi-si-teori-letrare-e-filozofike\\\/#primaryimage\"},\"image\":{\"@id\":\"https:\\\/\\\/fjala.info\\\/2009-2015\\\/protonizmi-si-teori-letrare-e-filozofike\\\/#primaryimage\"},\"thumbnailUrl\":\"https:\\\/\\\/fjala.info\\\/2009-2015\\\/wp-content\\\/uploads\\\/2012\\\/02\\\/gjm_protonizmi.jpg\",\"datePublished\":\"2012-02-06T09:48:44+00:00\",\"dateModified\":\"2022-12-19T06:08:18+00:00\",\"breadcrumb\":{\"@id\":\"https:\\\/\\\/fjala.info\\\/2009-2015\\\/protonizmi-si-teori-letrare-e-filozofike\\\/#breadcrumb\"},\"inLanguage\":\"sq-AL\",\"potentialAction\":[{\"@type\":\"ReadAction\",\"target\":[\"https:\\\/\\\/fjala.info\\\/2009-2015\\\/protonizmi-si-teori-letrare-e-filozofike\\\/\"]}]},{\"@type\":\"ImageObject\",\"inLanguage\":\"sq-AL\",\"@id\":\"https:\\\/\\\/fjala.info\\\/2009-2015\\\/protonizmi-si-teori-letrare-e-filozofike\\\/#primaryimage\",\"url\":\"https:\\\/\\\/fjala.info\\\/2009-2015\\\/wp-content\\\/uploads\\\/2012\\\/02\\\/gjm_protonizmi.jpg\",\"contentUrl\":\"https:\\\/\\\/fjala.info\\\/2009-2015\\\/wp-content\\\/uploads\\\/2012\\\/02\\\/gjm_protonizmi.jpg\",\"width\":200,\"height\":304,\"caption\":\"Gjek\u00eb Marinaj - Protonizmi\"},{\"@type\":\"BreadcrumbList\",\"@id\":\"https:\\\/\\\/fjala.info\\\/2009-2015\\\/protonizmi-si-teori-letrare-e-filozofike\\\/#breadcrumb\",\"itemListElement\":[{\"@type\":\"ListItem\",\"position\":1,\"name\":\"Home\",\"item\":\"https:\\\/\\\/fjala.info\\\/2009-2015\\\/\"},{\"@type\":\"ListItem\",\"position\":2,\"name\":\"Protonizmi si teori letrare e filozofike\"}]},{\"@type\":\"WebSite\",\"@id\":\"https:\\\/\\\/fjala.info\\\/2009-2015\\\/#website\",\"url\":\"https:\\\/\\\/fjala.info\\\/2009-2015\\\/\",\"name\":\"FjALA e LIR\u00cb - Arkivi\",\"description\":\"Arkivi 2009-2015\",\"publisher\":{\"@id\":\"https:\\\/\\\/fjala.info\\\/2009-2015\\\/#organization\"},\"potentialAction\":[{\"@type\":\"SearchAction\",\"target\":{\"@type\":\"EntryPoint\",\"urlTemplate\":\"https:\\\/\\\/fjala.info\\\/2009-2015\\\/?s={search_term_string}\"},\"query-input\":{\"@type\":\"PropertyValueSpecification\",\"valueRequired\":true,\"valueName\":\"search_term_string\"}}],\"inLanguage\":\"sq-AL\"},{\"@type\":\"Organization\",\"@id\":\"https:\\\/\\\/fjala.info\\\/2009-2015\\\/#organization\",\"name\":\"FjALA e LIR\u00cb - Arkivi\",\"url\":\"https:\\\/\\\/fjala.info\\\/2009-2015\\\/\",\"logo\":{\"@type\":\"ImageObject\",\"inLanguage\":\"sq-AL\",\"@id\":\"https:\\\/\\\/fjala.info\\\/2009-2015\\\/#\\\/schema\\\/logo\\\/image\\\/\",\"url\":\"\",\"contentUrl\":\"\",\"caption\":\"FjALA e LIR\u00cb - Arkivi\"},\"image\":{\"@id\":\"https:\\\/\\\/fjala.info\\\/2009-2015\\\/#\\\/schema\\\/logo\\\/image\\\/\"}},{\"@type\":\"Person\",\"@id\":\"https:\\\/\\\/fjala.info\\\/2009-2015\\\/#\\\/schema\\\/person\\\/3aa1163ef05469c496fc94e77611ada2\",\"name\":\"admin\",\"image\":{\"@type\":\"ImageObject\",\"inLanguage\":\"sq-AL\",\"@id\":\"https:\\\/\\\/fjala.info\\\/2009-2015\\\/wp-content\\\/uploads\\\/2012\\\/02\\\/arben_cokaj-120x150.jpg\",\"url\":\"https:\\\/\\\/fjala.info\\\/2009-2015\\\/wp-content\\\/uploads\\\/2012\\\/02\\\/arben_cokaj-120x150.jpg\",\"contentUrl\":\"https:\\\/\\\/fjala.info\\\/2009-2015\\\/wp-content\\\/uploads\\\/2012\\\/02\\\/arben_cokaj-120x150.jpg\",\"caption\":\"admin\"},\"description\":\"Admin, Fjala e Lir\u00eb\",\"sameAs\":[\"https:\\\/\\\/fjala.info\\\/\"],\"url\":\"https:\\\/\\\/fjala.info\\\/2009-2015\\\/author\\\/admin\\\/\"}]}<\/script>\n<!-- \/ Yoast SEO plugin. -->","yoast_head_json":{"title":"Protonizmi si teori letrare e filozofike - FjALA e LIR\u00cb - Arkivi","robots":{"index":"index","follow":"follow","max-snippet":"max-snippet:-1","max-image-preview":"max-image-preview:large","max-video-preview":"max-video-preview:-1"},"canonical":"https:\/\/fjala.info\/2009-2015\/protonizmi-si-teori-letrare-e-filozofike\/","og_locale":"sq_AL","og_type":"article","og_title":"Protonizmi si teori letrare e filozofike - FjALA e LIR\u00cb - Arkivi","og_description":"Arben \u00c7okaj, 29 janar 2012 Protonizmi &#8211; nj\u00eb teori e re letrare e propozuar p\u00ebr miratim nga poeti shqiptar Gjek\u00eb Marinaj n\u00eb Konferenc\u00ebn e Profesor\u00ebve t\u00eb Let\u00ebrsis\u00eb Bot\u00ebrore n\u00eb Des Moines, Iowa. Teoria e re letrare dhe rryma filozofike, q\u00eb e mb\u00ebshtet nga pas, Protonizmin, jan\u00eb krijim sinjifikativ i poetit t\u00eb talentuar shqiptar, Gjek\u00eb Marinaj, [&hellip;]","og_url":"https:\/\/fjala.info\/2009-2015\/protonizmi-si-teori-letrare-e-filozofike\/","og_site_name":"FjALA e LIR\u00cb - Arkivi","article_published_time":"2012-02-06T09:48:44+00:00","article_modified_time":"2022-12-19T06:08:18+00:00","og_image":[{"width":200,"height":304,"url":"https:\/\/fjala.info\/2009-2015\/wp-content\/uploads\/2012\/02\/gjm_protonizmi.jpg","type":"image\/jpeg"}],"author":"admin","twitter_card":"summary_large_image","twitter_misc":{"Written by":"admin","Est. reading time":"7 minutes"},"schema":{"@context":"https:\/\/schema.org","@graph":[{"@type":"Article","@id":"https:\/\/fjala.info\/2009-2015\/protonizmi-si-teori-letrare-e-filozofike\/#article","isPartOf":{"@id":"https:\/\/fjala.info\/2009-2015\/protonizmi-si-teori-letrare-e-filozofike\/"},"author":{"name":"admin","@id":"https:\/\/fjala.info\/2009-2015\/#\/schema\/person\/3aa1163ef05469c496fc94e77611ada2"},"headline":"Protonizmi si teori letrare e filozofike","datePublished":"2012-02-06T09:48:44+00:00","dateModified":"2022-12-19T06:08:18+00:00","mainEntityOfPage":{"@id":"https:\/\/fjala.info\/2009-2015\/protonizmi-si-teori-letrare-e-filozofike\/"},"wordCount":1338,"commentCount":0,"publisher":{"@id":"https:\/\/fjala.info\/2009-2015\/#organization"},"image":{"@id":"https:\/\/fjala.info\/2009-2015\/protonizmi-si-teori-letrare-e-filozofike\/#primaryimage"},"thumbnailUrl":"https:\/\/fjala.info\/2009-2015\/wp-content\/uploads\/2012\/02\/gjm_protonizmi.jpg","articleSection":["Artikuj","Let\u00ebrsi"],"inLanguage":"sq-AL","potentialAction":[{"@type":"CommentAction","name":"Comment","target":["https:\/\/fjala.info\/2009-2015\/protonizmi-si-teori-letrare-e-filozofike\/#respond"]}]},{"@type":"WebPage","@id":"https:\/\/fjala.info\/2009-2015\/protonizmi-si-teori-letrare-e-filozofike\/","url":"https:\/\/fjala.info\/2009-2015\/protonizmi-si-teori-letrare-e-filozofike\/","name":"Protonizmi si teori letrare e filozofike - FjALA e LIR\u00cb - Arkivi","isPartOf":{"@id":"https:\/\/fjala.info\/2009-2015\/#website"},"primaryImageOfPage":{"@id":"https:\/\/fjala.info\/2009-2015\/protonizmi-si-teori-letrare-e-filozofike\/#primaryimage"},"image":{"@id":"https:\/\/fjala.info\/2009-2015\/protonizmi-si-teori-letrare-e-filozofike\/#primaryimage"},"thumbnailUrl":"https:\/\/fjala.info\/2009-2015\/wp-content\/uploads\/2012\/02\/gjm_protonizmi.jpg","datePublished":"2012-02-06T09:48:44+00:00","dateModified":"2022-12-19T06:08:18+00:00","breadcrumb":{"@id":"https:\/\/fjala.info\/2009-2015\/protonizmi-si-teori-letrare-e-filozofike\/#breadcrumb"},"inLanguage":"sq-AL","potentialAction":[{"@type":"ReadAction","target":["https:\/\/fjala.info\/2009-2015\/protonizmi-si-teori-letrare-e-filozofike\/"]}]},{"@type":"ImageObject","inLanguage":"sq-AL","@id":"https:\/\/fjala.info\/2009-2015\/protonizmi-si-teori-letrare-e-filozofike\/#primaryimage","url":"https:\/\/fjala.info\/2009-2015\/wp-content\/uploads\/2012\/02\/gjm_protonizmi.jpg","contentUrl":"https:\/\/fjala.info\/2009-2015\/wp-content\/uploads\/2012\/02\/gjm_protonizmi.jpg","width":200,"height":304,"caption":"Gjek\u00eb Marinaj - Protonizmi"},{"@type":"BreadcrumbList","@id":"https:\/\/fjala.info\/2009-2015\/protonizmi-si-teori-letrare-e-filozofike\/#breadcrumb","itemListElement":[{"@type":"ListItem","position":1,"name":"Home","item":"https:\/\/fjala.info\/2009-2015\/"},{"@type":"ListItem","position":2,"name":"Protonizmi si teori letrare e filozofike"}]},{"@type":"WebSite","@id":"https:\/\/fjala.info\/2009-2015\/#website","url":"https:\/\/fjala.info\/2009-2015\/","name":"FjALA e LIR\u00cb - Arkivi","description":"Arkivi 2009-2015","publisher":{"@id":"https:\/\/fjala.info\/2009-2015\/#organization"},"potentialAction":[{"@type":"SearchAction","target":{"@type":"EntryPoint","urlTemplate":"https:\/\/fjala.info\/2009-2015\/?s={search_term_string}"},"query-input":{"@type":"PropertyValueSpecification","valueRequired":true,"valueName":"search_term_string"}}],"inLanguage":"sq-AL"},{"@type":"Organization","@id":"https:\/\/fjala.info\/2009-2015\/#organization","name":"FjALA e LIR\u00cb - Arkivi","url":"https:\/\/fjala.info\/2009-2015\/","logo":{"@type":"ImageObject","inLanguage":"sq-AL","@id":"https:\/\/fjala.info\/2009-2015\/#\/schema\/logo\/image\/","url":"","contentUrl":"","caption":"FjALA e LIR\u00cb - Arkivi"},"image":{"@id":"https:\/\/fjala.info\/2009-2015\/#\/schema\/logo\/image\/"}},{"@type":"Person","@id":"https:\/\/fjala.info\/2009-2015\/#\/schema\/person\/3aa1163ef05469c496fc94e77611ada2","name":"admin","image":{"@type":"ImageObject","inLanguage":"sq-AL","@id":"https:\/\/fjala.info\/2009-2015\/wp-content\/uploads\/2012\/02\/arben_cokaj-120x150.jpg","url":"https:\/\/fjala.info\/2009-2015\/wp-content\/uploads\/2012\/02\/arben_cokaj-120x150.jpg","contentUrl":"https:\/\/fjala.info\/2009-2015\/wp-content\/uploads\/2012\/02\/arben_cokaj-120x150.jpg","caption":"admin"},"description":"Admin, Fjala e Lir\u00eb","sameAs":["https:\/\/fjala.info\/"],"url":"https:\/\/fjala.info\/2009-2015\/author\/admin\/"}]}},"_links":{"self":[{"href":"https:\/\/fjala.info\/2009-2015\/wp-json\/wp\/v2\/posts\/11668","targetHints":{"allow":["GET"]}}],"collection":[{"href":"https:\/\/fjala.info\/2009-2015\/wp-json\/wp\/v2\/posts"}],"about":[{"href":"https:\/\/fjala.info\/2009-2015\/wp-json\/wp\/v2\/types\/post"}],"author":[{"embeddable":true,"href":"https:\/\/fjala.info\/2009-2015\/wp-json\/wp\/v2\/users\/1"}],"replies":[{"embeddable":true,"href":"https:\/\/fjala.info\/2009-2015\/wp-json\/wp\/v2\/comments?post=11668"}],"version-history":[{"count":4,"href":"https:\/\/fjala.info\/2009-2015\/wp-json\/wp\/v2\/posts\/11668\/revisions"}],"predecessor-version":[{"id":14675,"href":"https:\/\/fjala.info\/2009-2015\/wp-json\/wp\/v2\/posts\/11668\/revisions\/14675"}],"wp:featuredmedia":[{"embeddable":true,"href":"https:\/\/fjala.info\/2009-2015\/wp-json\/wp\/v2\/media\/14674"}],"wp:attachment":[{"href":"https:\/\/fjala.info\/2009-2015\/wp-json\/wp\/v2\/media?parent=11668"}],"wp:term":[{"taxonomy":"category","embeddable":true,"href":"https:\/\/fjala.info\/2009-2015\/wp-json\/wp\/v2\/categories?post=11668"},{"taxonomy":"post_tag","embeddable":true,"href":"https:\/\/fjala.info\/2009-2015\/wp-json\/wp\/v2\/tags?post=11668"}],"curies":[{"name":"wp","href":"https:\/\/api.w.org\/{rel}","templated":true}]}}