{"id":11667,"date":"2012-02-05T12:07:36","date_gmt":"2012-02-05T11:07:36","guid":{"rendered":"http:\/\/fjala.shkoder.net\/?p=1583"},"modified":"2012-02-05T12:07:36","modified_gmt":"2012-02-05T11:07:36","slug":"sali-berisha-dhe-lulezim-basha-nuk-mund-ti-shpetoje-gjykimit-per-21-janarin","status":"publish","type":"post","link":"https:\/\/fjala.info\/2009-2015\/sali-berisha-dhe-lulezim-basha-nuk-mund-ti-shpetoje-gjykimit-per-21-janarin\/","title":{"rendered":"\u201cSali Berisha dhe Lulezim Basha nuk mund t\u2019i shp\u00ebtoj\u00eb gjykimit p\u00ebr 21 janarin\u201d"},"content":{"rendered":"<p><img decoding=\"async\" class=\"alignleft size-thumbnail wp-image-7236\" title=\"Fiona Mcllwham\" src=\"http:\/\/www.shkoder.net\/2012\/aleks_nika_homazh.jpg\" alt=\"\" width=\"300\" \/> Nga <strong>Mark Nika<\/strong>, <em>4 Shkurt 2012<\/em><br \/>\n*<em>Avokat<\/em><\/p>\n<p>N\u00eb v\u00ebmendje t\u00eb:<\/p>\n<p>Presidentit t\u00eb Republik\u00ebs, zotit Bamir Topi<\/p>\n<p>Prokurores s\u00eb P\u00ebrgjithshme, zonj\u00ebs Ina Rama<\/p>\n<p>Ambasadorit t\u00eb SHBA-s\u00eb, zotit Aleksand\u00ebr Arvizu<\/p>\n<p>Ambasadorit t\u00eb BE-s\u00eb, zotit Ettore Sekui<\/p>\n<p>Pak dit\u00eb pas p\u00ebrvjetorit t\u00eb par\u00eb t\u00eb masakr\u00ebs s\u00eb 21 janarit 2011 u njoh\u00ebm edhe ne, familjar\u00ebt e Aleks Nik\u00ebs, me rezultatet e ekspertiz\u00ebs s\u00eb FBI-s\u00eb n\u00eb lidhje me vrasjet dhe plagosjet e asaj dit\u00eb t\u00eb zez\u00eb.<\/p>\n<p>E kemi ditur qysh dit\u00ebn e par\u00eb, e kemi th\u00ebn\u00eb e shkruar vazhdimisht n\u00eb media se Aleksi, ashtu sikurse Hekuran Deda, Faik Myrtaj dhe Zever Veizi q\u00eb ran\u00eb bashk\u00eb me t\u00eb, u vran\u00eb pa asnj\u00eb faj, pa shkelur asnj\u00eb ligj, pa k\u00ebrc\u00ebnuar jet\u00ebn e askujt, pa prishur nj\u00eb deg\u00eb pem\u00eb. U vran\u00eb vet\u00ebm se mor\u00ebn pjes\u00eb n\u00eb nj\u00eb demonstrat\u00eb t\u00eb ligjshme, t\u00eb thirrur nga opozita legale shqiptare.<\/p>\n<p>Por prap\u00ebseprap\u00eb p\u00ebrfundimet e ekspertiz\u00ebs s\u00eb FBI-s\u00eb jan\u00eb shokuese. Nga kjo ekspertiz\u00eb ka dal\u00eb p\u00ebrfundimisht se arm\u00ebt vrastare t\u00eb gard\u00ebs s\u00eb Sali Berish\u00ebs jan\u00eb shkrehur mbi njer\u00ebzit si n\u00eb masakrat terroriste. P\u00ebr hesapet e atyre q\u00eb kan\u00eb t\u00ebrhequr gishtin dhe t\u00eb atyre q\u00eb kan\u00eb urdh\u00ebruar t\u00eb hapet zjarr n\u00eb kund\u00ebrshtim flagrant me ligjet shqiptare dhe konventat nd\u00ebrkomb\u00ebtare ku Shqip\u00ebria ka aderuar, sot do t\u00eb ishin n\u00eb zi bashk\u00eb me ne edhe familjet e protestuesve t\u00eb plagosur.<\/p>\n<p>\u00cbsht\u00eb i p\u00ebrbindsh\u00ebm krimi i 21 janarit. Por shum\u00eb pik\u00ebpyetje q\u00eb na kan\u00eb munduar gjat\u00eb gjith\u00eb k\u00ebtij viti si familje kan\u00eb filluar t\u00eb marrin p\u00ebrgjigje. Kush na vrau? Kur na vrau? Pse na vrau? Po presim me padurim q\u00eb Prokuroria t\u00eb shprehet me aktakuz\u00eb dhe drejt\u00ebsia t\u00eb thot\u00eb fjal\u00ebn e vet me gjith\u00eb rrept\u00ebsin\u00eb e ligjit. Kemi qen\u00eb e jemi t\u00eb vendosur p\u00ebr drejt\u00ebsi sipas ligjeve. I njohim edhe ne ligjet, po shqyrtojm\u00eb me v\u00ebmendje provat q\u00eb po dalin. Nuk do t\u00eb lejojm\u00eb dhe nuk do t\u00eb pajtohemi kurr\u00eb me nj\u00eb drejt\u00ebsi sa p\u00ebr t\u00eb kaluar radh\u00ebn, me gjys\u00ebm drejt\u00ebsie.<\/p>\n<p>Si familjar\u00eb t\u00eb Aleksit, si shtetas dhe si njer\u00ebz jemi t\u00eb shokuar jo vet\u00ebm nga vrasjet, por edhe m\u00eb shum\u00eb nga p\u00ebrpjekjet banditeske p\u00ebr t\u00eb fshehur gjurm\u00ebt e krimit, duke nd\u00ebrruar tytat e arm\u00ebve apo duke fshir\u00eb filmimet e 21 janarit nga serveri i kryeministris\u00eb. Me ket\u00eb q\u00eb kan\u00eb b\u00ebr\u00eb me fshehjen e provave na kan\u00eb vrar\u00eb dy her\u00eb. Jan\u00eb p\u00ebrpjekur t\u00eb dalin si heronj t\u00eb ligjit, kur n\u00eb fakt ishin dhe jan\u00eb dhunuesit m\u00eb t\u00eb eg\u00ebr t\u00eb tij. Ekspertiza FBI-s\u00eb ua hoqi maskat. Kjo ekspertiz\u00eb i tregoi gjith\u00eb bot\u00ebs se vrasjet e 21 janarit jan\u00eb nj\u00eb krim i past\u00ebr qeveritar. Kjo ekspertiz\u00eb dhe hetimet e Prokuroris\u00eb shqiptare zhbllokuan dhe fut\u00ebn m\u00eb n\u00eb fund n\u00eb drejtimin e duhur hetimet e sabotuara gjat\u00eb gjith\u00eb vitit nga Sali Berisha me klik\u00ebn e tij.<\/p>\n<p>Familja Nika falenderon grupin e prokuror\u00ebve, n\u00eb ve\u00e7anti Prokuroren e P\u00ebrgjithshme, zonj\u00ebn Ina Rama. Vendosm\u00ebria e tyre na jep shpres\u00eb s\u00eb drejt\u00ebsia q\u00eb k\u00ebrkojm\u00eb do t\u00eb b\u00ebhet. P\u00ebr arsye t\u00eb kuptueshme, un\u00eb si xhaxhai i Aleksit, q\u00eb kam folur e shkruar shpesh n\u00eb media, kam shprehur rezervat e familjes son\u00eb p\u00ebr zvarritjen e hetimeve nga Prokuroria. K\u00ebsaj radhe k\u00ebrkesa jon\u00eb ndaj Prokuroris\u00eb \u00ebsht\u00eb t\u00eb mos ndalet p\u00ebr asnj\u00eb \u00e7ast dhe p\u00ebr asnj\u00eb arsye nga zbatimi i ligjit ndaj cilindo q\u00eb ka dor\u00eb n\u00eb m\u00ebnyr\u00eb direkte dhe indirekte n\u00eb vrasjet e 21 janarit dhe mandej n\u00eb fshehjen e provave t\u00eb k\u00ebtij krimi shum\u00eb t\u00eb r\u00ebnd\u00eb.<\/p>\n<p>Familja jon\u00eb ka falenderimet dhe mir\u00ebnjohjen e thell\u00eb p\u00ebr Shtetet e Bashkuara t\u00eb Amerik\u00ebs, qoft\u00eb p\u00ebr ekspertiz\u00ebn e FBI-s\u00eb si sh\u00ebrbim i specializuar, qoft\u00eb p\u00ebr mb\u00ebshtetjen e pakursyer q\u00eb i kan\u00eb dhen\u00eb e po i japin Prokuroris\u00eb shqiptare n\u00ebp\u00ebrmjet p\u00ebrfaq\u00ebsuesit t\u00eb tyre m\u00eb t\u00eb lart\u00eb n\u00eb Tiran\u00eb, ambasadorit t\u00eb nderuar Aleksand\u00ebr Arvizu. Kemi bindjen se familjet e t\u00eb vrar\u00ebve t\u00eb tjer\u00eb dhe mbar\u00eb populli shqiptar kan\u00eb t\u00eb nj\u00ebjtin falenderim.<\/p>\n<p>Pa mb\u00ebshtetjen e fuqishme t\u00eb Shteteve t\u00eb Bashkuara t\u00eb Amerik\u00ebs dhe vendeve t\u00eb tjera per\u00ebndimore, e v\u00ebrteta e 21 janarit do t\u00eb kishte mbetur n\u00eb rrug\u00eb pa krye. Pa k\u00ebt\u00eb mb\u00ebshtetje 21 janari nuk do t\u00eb zbardhet deri n\u00eb fund dhe drejt\u00ebsia nuk do t\u00eb b\u00ebhet. Sepse kund\u00ebrshtari m\u00eb i madh i zbardhjes ligjore t\u00eb vrasjeve t\u00eb 21 janarit \u00ebsht\u00eb kryeministri Sali Berisha. Ne familjar\u00ebt e t\u00eb vrar\u00ebve t\u00eb asaj dite e kemi marr\u00eb vesh me koh\u00eb k\u00ebt\u00eb. Tani e kan\u00eb marr\u00eb vesh gjith\u00eb shqiptar\u00ebt, gjith\u00eb bota.<\/p>\n<p>Sot q\u00eb e v\u00ebrteta ka nisur t\u00eb dal\u00eb m\u00eb n\u00eb fund n\u00eb drit\u00eb, ne denoncojm\u00eb me forc\u00eb p\u00ebrpjekjet e k\u00ebtij kryeministri p\u00ebr t\u00eb penguar p\u00ebrs\u00ebri hetimet p\u00ebrmes presioneve dhe k\u00ebrc\u00ebnimeve q\u00eb i drejton Prokurores s\u00eb P\u00ebrgjithshme, zonj\u00ebs Ina Rama apo me paralajm\u00ebrimet se do t\u00eb hetoj\u00eb t\u00eb vrar\u00ebt, si\u00e7 tha n\u00eb nj\u00eb media se do t\u00eb hetoj\u00eb v\u00ebllan\u00eb e Ziver Veizit. Sali Berisha vazhdon t\u00eb ngat\u00ebrroj\u00eb detyrat. Po t\u00eb k\u00ebt\u00eb prova p\u00ebr t\u00eb vrar\u00ebt, p\u00ebr opozit\u00ebn dhe p\u00ebr k\u00ebdo, ai ka p\u00ebr detyr\u00eb t\u2019i \u00e7oj\u00eb n\u00eb Prokurori, t\u00eb k\u00ebrkoj\u00eb ekspertiz\u00eb nga FBI p\u00ebr provat e tij e tjer\u00eb. Por ai duhet ta harroj\u00eb se \u00ebsht\u00eb e do t\u00eb jet\u00eb ndonj\u00ebher\u00eb prokurori i 21 janarit. Ai \u00ebsht\u00eb pal\u00eb n\u00eb tragjedin\u00eb e 21 janarit. Ai \u00ebsht\u00eb subjekt hetimi dhe jo prokuror. Koha q\u00eb Sali Berisha t\u00eb p\u00ebrgjigjet para ligjit se kush dha urdh\u00ebr p\u00ebr t\u00eb hapur zjarr mbi qytetar\u00ebt e pafajsh\u00ebm, pse e pengoi drejt\u00ebsin\u00eb t\u00eb vepronte, pse u fshin\u00eb filmimet, kush i ka kopjet e filmave q\u00eb jan\u00eb kopjuar nga serveri i kryeministris\u00eb, ka ardhur.<\/p>\n<p>Sali Berisha nuk mund t\u00eb mos hetohet. Le t\u00eb shpall\u00eb heronj t\u00eb oborrit t\u00eb tij secilin prej dorac\u00ebve t\u00eb 21 janarit, por duhet ta dij\u00eb se vet\u00ebm thellon borxhet ligjore dhe morale ndaj tragjedis\u00eb s\u00eb 21 janarit. E kan\u00eb v\u00ebn\u00eb re t\u00eb gjith\u00eb se si mundohet t\u00eb gjej\u00eb ndonj\u00eb shteg, si\u00e7 di ai, p\u00ebr t\u00eb v\u00ebn\u00eb n\u00eb diskutim ekspertiz\u00ebn e FBI-s\u00eb. P\u00ebr t\u00eb b\u00ebr\u00eb at\u00eb q\u00eb b\u00ebn\u00eb me videon e Ilir Met\u00ebs. Kjo \u00ebsht\u00eb nj\u00eb loj\u00eb e rrezikshme, por edhe e pamundur. Ekspertiza e FBI-s\u00eb \u00ebsht\u00eb k\u00ebrkuar ligj\u00ebrisht nga institucionet e shtetit shqiptar. Kjo \u00ebsht\u00eb ekspertiza e nj\u00eb sh\u00ebrbimi nga m\u00eb t\u00eb kualifikuarit n\u00eb bot\u00eb. P\u00ebr ne si familje ekspertiza e FBI-s\u00eb \u00ebsht\u00eb vet\u00eb e v\u00ebrteta e 21 janarit n\u00eb lidhje me arm\u00ebt e p\u00ebrdorura, plumbat e gjuajtur dhe autor\u00ebt e vrasjeve.<\/p>\n<p>N\u00eb vazhd\u00ebn e p\u00ebrpjekjeve p\u00ebr t\u00eb rrumbullakosur 21 janarin jan\u00eb edhe deklaratat e dit\u00ebve t\u00eb fundit t\u00eb ish- ministrit t\u00eb Brendsh\u00ebm, Lul\u00ebzim Basha, n\u00eb vizit\u00ebn e tij n\u00eb Uashington si kryebashkiak i Tiran\u00ebs. Nuk e shfaj\u00ebson Bash\u00ebn p\u00ebrgjigja sferike q\u00eb dha pas nj\u00eb viti p\u00ebr t\u00eb vrar\u00ebt e pafajsh\u00ebm. Basha ka qen\u00eb me 21 janar 2011 Minist\u00ebr i Brendsh\u00ebm. Ne e kemi konsideruar dhe e konsiderojm\u00eb p\u00ebrgjegj\u00ebs menj\u00ebher\u00eb pas Berish\u00ebs. Ai duhet t\u00eb merret ne pyetje nga Prokuroria. N\u00ebqoft\u00ebse ndjehet i pafajsh\u00ebm, duhet t\u00eb shkoj\u00eb t\u00eb d\u00ebshmoje dhe ta provoj\u00eb k\u00ebt\u00eb para organeve t\u00eb drejt\u00ebsis\u00eb.<\/p>\n<p>Nj\u00eb fjal\u00eb p\u00ebr t\u00eb akuzuarit e deritanish\u00ebm. Kan\u00eb b\u00ebr\u00eb nj\u00eb krim sip\u00ebr krimit duke nd\u00ebrruar tyt\u00ebn e nj\u00ebr\u00ebs prej arm\u00ebve vrastare. Kan\u00eb b\u00ebr\u00eb nj\u00eb krim para ligjit dhe para nesh duke fshir\u00eb filmimet nga serveri i kryeministris\u00eb. Pse e kan\u00eb b\u00ebr\u00eb k\u00ebt\u00eb? P\u00ebrgjigjet do t\u2019i marrim nga hetimi penal i Prokuroris\u00eb. Urojm\u00eb t\u00eb jen\u00eb p\u00ebrgjigje t\u00eb v\u00ebrteta q\u00eb nuk e r\u00ebndojn\u00eb, por e leht\u00ebsojn\u00eb sadopak pozit\u00ebn e tyre.<\/p>\n","protected":false},"excerpt":{"rendered":"<p>Nga Mark Nika, 4 Shkurt 2012 *Avokat N\u00eb v\u00ebmendje t\u00eb: Presidentit t\u00eb Republik\u00ebs, zotit Bamir Topi Prokurores s\u00eb P\u00ebrgjithshme, zonj\u00ebs Ina Rama Ambasadorit t\u00eb SHBA-s\u00eb, zotit Aleksand\u00ebr Arvizu Ambasadorit t\u00eb BE-s\u00eb, zotit Ettore Sekui Pak dit\u00eb pas p\u00ebrvjetorit t\u00eb par\u00eb t\u00eb masakr\u00ebs s\u00eb 21 janarit 2011 u njoh\u00ebm edhe ne, familjar\u00ebt e Aleks Nik\u00ebs, me [&hellip;]<\/p>\n","protected":false},"author":1,"featured_media":0,"comment_status":"open","ping_status":"closed","sticky":false,"template":"","format":"standard","meta":{"footnotes":""},"categories":[2],"tags":[],"class_list":{"0":"post-11667","1":"post","2":"type-post","3":"status-publish","4":"format-standard","6":"category-artikuj"},"yoast_head":"<!-- This site is optimized with the Yoast SEO plugin v27.4 - https:\/\/yoast.com\/product\/yoast-seo-wordpress\/ -->\n<title>\u201cSali Berisha dhe Lulezim Basha nuk mund t\u2019i shp\u00ebtoj\u00eb gjykimit p\u00ebr 21 janarin\u201d - FjALA e LIR\u00cb - Arkivi<\/title>\n<meta name=\"robots\" content=\"index, follow, max-snippet:-1, max-image-preview:large, max-video-preview:-1\" \/>\n<link rel=\"canonical\" href=\"https:\/\/fjala.info\/2009-2015\/sali-berisha-dhe-lulezim-basha-nuk-mund-ti-shpetoje-gjykimit-per-21-janarin\/\" \/>\n<meta property=\"og:locale\" content=\"sq_AL\" \/>\n<meta property=\"og:type\" content=\"article\" \/>\n<meta property=\"og:title\" content=\"\u201cSali Berisha dhe Lulezim Basha nuk mund t\u2019i shp\u00ebtoj\u00eb gjykimit p\u00ebr 21 janarin\u201d - FjALA e LIR\u00cb - Arkivi\" \/>\n<meta property=\"og:description\" content=\"Nga Mark Nika, 4 Shkurt 2012 *Avokat N\u00eb v\u00ebmendje t\u00eb: Presidentit t\u00eb Republik\u00ebs, zotit Bamir Topi Prokurores s\u00eb P\u00ebrgjithshme, zonj\u00ebs Ina Rama Ambasadorit t\u00eb SHBA-s\u00eb, zotit Aleksand\u00ebr Arvizu Ambasadorit t\u00eb BE-s\u00eb, zotit Ettore Sekui Pak dit\u00eb pas p\u00ebrvjetorit t\u00eb par\u00eb t\u00eb masakr\u00ebs s\u00eb 21 janarit 2011 u njoh\u00ebm edhe ne, familjar\u00ebt e Aleks Nik\u00ebs, me [&hellip;]\" \/>\n<meta property=\"og:url\" content=\"https:\/\/fjala.info\/2009-2015\/sali-berisha-dhe-lulezim-basha-nuk-mund-ti-shpetoje-gjykimit-per-21-janarin\/\" \/>\n<meta property=\"og:site_name\" content=\"FjALA e LIR\u00cb - Arkivi\" \/>\n<meta property=\"article:published_time\" content=\"2012-02-05T11:07:36+00:00\" \/>\n<meta property=\"og:image\" content=\"http:\/\/www.shkoder.net\/2012\/aleks_nika_homazh.jpg\" \/>\n<meta name=\"author\" content=\"admin\" \/>\n<meta name=\"twitter:card\" content=\"summary_large_image\" \/>\n<meta name=\"twitter:label1\" content=\"Written by\" \/>\n\t<meta name=\"twitter:data1\" content=\"admin\" \/>\n\t<meta name=\"twitter:label2\" content=\"Est. reading time\" \/>\n\t<meta name=\"twitter:data2\" content=\"7 minutes\" \/>\n<script type=\"application\/ld+json\" class=\"yoast-schema-graph\">{\"@context\":\"https:\\\/\\\/schema.org\",\"@graph\":[{\"@type\":\"Article\",\"@id\":\"https:\\\/\\\/fjala.info\\\/2009-2015\\\/sali-berisha-dhe-lulezim-basha-nuk-mund-ti-shpetoje-gjykimit-per-21-janarin\\\/#article\",\"isPartOf\":{\"@id\":\"https:\\\/\\\/fjala.info\\\/2009-2015\\\/sali-berisha-dhe-lulezim-basha-nuk-mund-ti-shpetoje-gjykimit-per-21-janarin\\\/\"},\"author\":{\"name\":\"admin\",\"@id\":\"https:\\\/\\\/fjala.info\\\/2009-2015\\\/#\\\/schema\\\/person\\\/3aa1163ef05469c496fc94e77611ada2\"},\"headline\":\"\u201cSali Berisha dhe Lulezim Basha nuk mund t\u2019i shp\u00ebtoj\u00eb gjykimit p\u00ebr 21 janarin\u201d\",\"datePublished\":\"2012-02-05T11:07:36+00:00\",\"mainEntityOfPage\":{\"@id\":\"https:\\\/\\\/fjala.info\\\/2009-2015\\\/sali-berisha-dhe-lulezim-basha-nuk-mund-ti-shpetoje-gjykimit-per-21-janarin\\\/\"},\"wordCount\":1374,\"commentCount\":0,\"publisher\":{\"@id\":\"https:\\\/\\\/fjala.info\\\/2009-2015\\\/#organization\"},\"image\":{\"@id\":\"https:\\\/\\\/fjala.info\\\/2009-2015\\\/sali-berisha-dhe-lulezim-basha-nuk-mund-ti-shpetoje-gjykimit-per-21-janarin\\\/#primaryimage\"},\"thumbnailUrl\":\"http:\\\/\\\/www.shkoder.net\\\/2012\\\/aleks_nika_homazh.jpg\",\"articleSection\":[\"Artikuj\"],\"inLanguage\":\"sq-AL\",\"potentialAction\":[{\"@type\":\"CommentAction\",\"name\":\"Comment\",\"target\":[\"https:\\\/\\\/fjala.info\\\/2009-2015\\\/sali-berisha-dhe-lulezim-basha-nuk-mund-ti-shpetoje-gjykimit-per-21-janarin\\\/#respond\"]}]},{\"@type\":\"WebPage\",\"@id\":\"https:\\\/\\\/fjala.info\\\/2009-2015\\\/sali-berisha-dhe-lulezim-basha-nuk-mund-ti-shpetoje-gjykimit-per-21-janarin\\\/\",\"url\":\"https:\\\/\\\/fjala.info\\\/2009-2015\\\/sali-berisha-dhe-lulezim-basha-nuk-mund-ti-shpetoje-gjykimit-per-21-janarin\\\/\",\"name\":\"\u201cSali Berisha dhe Lulezim Basha nuk mund t\u2019i shp\u00ebtoj\u00eb gjykimit p\u00ebr 21 janarin\u201d - FjALA e LIR\u00cb - Arkivi\",\"isPartOf\":{\"@id\":\"https:\\\/\\\/fjala.info\\\/2009-2015\\\/#website\"},\"primaryImageOfPage\":{\"@id\":\"https:\\\/\\\/fjala.info\\\/2009-2015\\\/sali-berisha-dhe-lulezim-basha-nuk-mund-ti-shpetoje-gjykimit-per-21-janarin\\\/#primaryimage\"},\"image\":{\"@id\":\"https:\\\/\\\/fjala.info\\\/2009-2015\\\/sali-berisha-dhe-lulezim-basha-nuk-mund-ti-shpetoje-gjykimit-per-21-janarin\\\/#primaryimage\"},\"thumbnailUrl\":\"http:\\\/\\\/www.shkoder.net\\\/2012\\\/aleks_nika_homazh.jpg\",\"datePublished\":\"2012-02-05T11:07:36+00:00\",\"breadcrumb\":{\"@id\":\"https:\\\/\\\/fjala.info\\\/2009-2015\\\/sali-berisha-dhe-lulezim-basha-nuk-mund-ti-shpetoje-gjykimit-per-21-janarin\\\/#breadcrumb\"},\"inLanguage\":\"sq-AL\",\"potentialAction\":[{\"@type\":\"ReadAction\",\"target\":[\"https:\\\/\\\/fjala.info\\\/2009-2015\\\/sali-berisha-dhe-lulezim-basha-nuk-mund-ti-shpetoje-gjykimit-per-21-janarin\\\/\"]}]},{\"@type\":\"ImageObject\",\"inLanguage\":\"sq-AL\",\"@id\":\"https:\\\/\\\/fjala.info\\\/2009-2015\\\/sali-berisha-dhe-lulezim-basha-nuk-mund-ti-shpetoje-gjykimit-per-21-janarin\\\/#primaryimage\",\"url\":\"http:\\\/\\\/www.shkoder.net\\\/2012\\\/aleks_nika_homazh.jpg\",\"contentUrl\":\"http:\\\/\\\/www.shkoder.net\\\/2012\\\/aleks_nika_homazh.jpg\"},{\"@type\":\"BreadcrumbList\",\"@id\":\"https:\\\/\\\/fjala.info\\\/2009-2015\\\/sali-berisha-dhe-lulezim-basha-nuk-mund-ti-shpetoje-gjykimit-per-21-janarin\\\/#breadcrumb\",\"itemListElement\":[{\"@type\":\"ListItem\",\"position\":1,\"name\":\"Home\",\"item\":\"https:\\\/\\\/fjala.info\\\/2009-2015\\\/\"},{\"@type\":\"ListItem\",\"position\":2,\"name\":\"\u201cSali Berisha dhe Lulezim Basha nuk mund t\u2019i shp\u00ebtoj\u00eb gjykimit p\u00ebr 21 janarin\u201d\"}]},{\"@type\":\"WebSite\",\"@id\":\"https:\\\/\\\/fjala.info\\\/2009-2015\\\/#website\",\"url\":\"https:\\\/\\\/fjala.info\\\/2009-2015\\\/\",\"name\":\"FjALA e LIR\u00cb - Arkivi\",\"description\":\"Arkivi 2009-2015\",\"publisher\":{\"@id\":\"https:\\\/\\\/fjala.info\\\/2009-2015\\\/#organization\"},\"potentialAction\":[{\"@type\":\"SearchAction\",\"target\":{\"@type\":\"EntryPoint\",\"urlTemplate\":\"https:\\\/\\\/fjala.info\\\/2009-2015\\\/?s={search_term_string}\"},\"query-input\":{\"@type\":\"PropertyValueSpecification\",\"valueRequired\":true,\"valueName\":\"search_term_string\"}}],\"inLanguage\":\"sq-AL\"},{\"@type\":\"Organization\",\"@id\":\"https:\\\/\\\/fjala.info\\\/2009-2015\\\/#organization\",\"name\":\"FjALA e LIR\u00cb - Arkivi\",\"url\":\"https:\\\/\\\/fjala.info\\\/2009-2015\\\/\",\"logo\":{\"@type\":\"ImageObject\",\"inLanguage\":\"sq-AL\",\"@id\":\"https:\\\/\\\/fjala.info\\\/2009-2015\\\/#\\\/schema\\\/logo\\\/image\\\/\",\"url\":\"\",\"contentUrl\":\"\",\"caption\":\"FjALA e LIR\u00cb - Arkivi\"},\"image\":{\"@id\":\"https:\\\/\\\/fjala.info\\\/2009-2015\\\/#\\\/schema\\\/logo\\\/image\\\/\"}},{\"@type\":\"Person\",\"@id\":\"https:\\\/\\\/fjala.info\\\/2009-2015\\\/#\\\/schema\\\/person\\\/3aa1163ef05469c496fc94e77611ada2\",\"name\":\"admin\",\"image\":{\"@type\":\"ImageObject\",\"inLanguage\":\"sq-AL\",\"@id\":\"https:\\\/\\\/fjala.info\\\/2009-2015\\\/wp-content\\\/uploads\\\/2012\\\/02\\\/arben_cokaj-120x150.jpg\",\"url\":\"https:\\\/\\\/fjala.info\\\/2009-2015\\\/wp-content\\\/uploads\\\/2012\\\/02\\\/arben_cokaj-120x150.jpg\",\"contentUrl\":\"https:\\\/\\\/fjala.info\\\/2009-2015\\\/wp-content\\\/uploads\\\/2012\\\/02\\\/arben_cokaj-120x150.jpg\",\"caption\":\"admin\"},\"description\":\"Admin, Fjala e Lir\u00eb\",\"sameAs\":[\"https:\\\/\\\/fjala.info\\\/\"],\"url\":\"https:\\\/\\\/fjala.info\\\/2009-2015\\\/author\\\/admin\\\/\"}]}<\/script>\n<!-- \/ Yoast SEO plugin. -->","yoast_head_json":{"title":"\u201cSali Berisha dhe Lulezim Basha nuk mund t\u2019i shp\u00ebtoj\u00eb gjykimit p\u00ebr 21 janarin\u201d - FjALA e LIR\u00cb - Arkivi","robots":{"index":"index","follow":"follow","max-snippet":"max-snippet:-1","max-image-preview":"max-image-preview:large","max-video-preview":"max-video-preview:-1"},"canonical":"https:\/\/fjala.info\/2009-2015\/sali-berisha-dhe-lulezim-basha-nuk-mund-ti-shpetoje-gjykimit-per-21-janarin\/","og_locale":"sq_AL","og_type":"article","og_title":"\u201cSali Berisha dhe Lulezim Basha nuk mund t\u2019i shp\u00ebtoj\u00eb gjykimit p\u00ebr 21 janarin\u201d - FjALA e LIR\u00cb - Arkivi","og_description":"Nga Mark Nika, 4 Shkurt 2012 *Avokat N\u00eb v\u00ebmendje t\u00eb: Presidentit t\u00eb Republik\u00ebs, zotit Bamir Topi Prokurores s\u00eb P\u00ebrgjithshme, zonj\u00ebs Ina Rama Ambasadorit t\u00eb SHBA-s\u00eb, zotit Aleksand\u00ebr Arvizu Ambasadorit t\u00eb BE-s\u00eb, zotit Ettore Sekui Pak dit\u00eb pas p\u00ebrvjetorit t\u00eb par\u00eb t\u00eb masakr\u00ebs s\u00eb 21 janarit 2011 u njoh\u00ebm edhe ne, familjar\u00ebt e Aleks Nik\u00ebs, me [&hellip;]","og_url":"https:\/\/fjala.info\/2009-2015\/sali-berisha-dhe-lulezim-basha-nuk-mund-ti-shpetoje-gjykimit-per-21-janarin\/","og_site_name":"FjALA e LIR\u00cb - Arkivi","article_published_time":"2012-02-05T11:07:36+00:00","og_image":[{"url":"http:\/\/www.shkoder.net\/2012\/aleks_nika_homazh.jpg","type":"","width":"","height":""}],"author":"admin","twitter_card":"summary_large_image","twitter_misc":{"Written by":"admin","Est. reading time":"7 minutes"},"schema":{"@context":"https:\/\/schema.org","@graph":[{"@type":"Article","@id":"https:\/\/fjala.info\/2009-2015\/sali-berisha-dhe-lulezim-basha-nuk-mund-ti-shpetoje-gjykimit-per-21-janarin\/#article","isPartOf":{"@id":"https:\/\/fjala.info\/2009-2015\/sali-berisha-dhe-lulezim-basha-nuk-mund-ti-shpetoje-gjykimit-per-21-janarin\/"},"author":{"name":"admin","@id":"https:\/\/fjala.info\/2009-2015\/#\/schema\/person\/3aa1163ef05469c496fc94e77611ada2"},"headline":"\u201cSali Berisha dhe Lulezim Basha nuk mund t\u2019i shp\u00ebtoj\u00eb gjykimit p\u00ebr 21 janarin\u201d","datePublished":"2012-02-05T11:07:36+00:00","mainEntityOfPage":{"@id":"https:\/\/fjala.info\/2009-2015\/sali-berisha-dhe-lulezim-basha-nuk-mund-ti-shpetoje-gjykimit-per-21-janarin\/"},"wordCount":1374,"commentCount":0,"publisher":{"@id":"https:\/\/fjala.info\/2009-2015\/#organization"},"image":{"@id":"https:\/\/fjala.info\/2009-2015\/sali-berisha-dhe-lulezim-basha-nuk-mund-ti-shpetoje-gjykimit-per-21-janarin\/#primaryimage"},"thumbnailUrl":"http:\/\/www.shkoder.net\/2012\/aleks_nika_homazh.jpg","articleSection":["Artikuj"],"inLanguage":"sq-AL","potentialAction":[{"@type":"CommentAction","name":"Comment","target":["https:\/\/fjala.info\/2009-2015\/sali-berisha-dhe-lulezim-basha-nuk-mund-ti-shpetoje-gjykimit-per-21-janarin\/#respond"]}]},{"@type":"WebPage","@id":"https:\/\/fjala.info\/2009-2015\/sali-berisha-dhe-lulezim-basha-nuk-mund-ti-shpetoje-gjykimit-per-21-janarin\/","url":"https:\/\/fjala.info\/2009-2015\/sali-berisha-dhe-lulezim-basha-nuk-mund-ti-shpetoje-gjykimit-per-21-janarin\/","name":"\u201cSali Berisha dhe Lulezim Basha nuk mund t\u2019i shp\u00ebtoj\u00eb gjykimit p\u00ebr 21 janarin\u201d - FjALA e LIR\u00cb - Arkivi","isPartOf":{"@id":"https:\/\/fjala.info\/2009-2015\/#website"},"primaryImageOfPage":{"@id":"https:\/\/fjala.info\/2009-2015\/sali-berisha-dhe-lulezim-basha-nuk-mund-ti-shpetoje-gjykimit-per-21-janarin\/#primaryimage"},"image":{"@id":"https:\/\/fjala.info\/2009-2015\/sali-berisha-dhe-lulezim-basha-nuk-mund-ti-shpetoje-gjykimit-per-21-janarin\/#primaryimage"},"thumbnailUrl":"http:\/\/www.shkoder.net\/2012\/aleks_nika_homazh.jpg","datePublished":"2012-02-05T11:07:36+00:00","breadcrumb":{"@id":"https:\/\/fjala.info\/2009-2015\/sali-berisha-dhe-lulezim-basha-nuk-mund-ti-shpetoje-gjykimit-per-21-janarin\/#breadcrumb"},"inLanguage":"sq-AL","potentialAction":[{"@type":"ReadAction","target":["https:\/\/fjala.info\/2009-2015\/sali-berisha-dhe-lulezim-basha-nuk-mund-ti-shpetoje-gjykimit-per-21-janarin\/"]}]},{"@type":"ImageObject","inLanguage":"sq-AL","@id":"https:\/\/fjala.info\/2009-2015\/sali-berisha-dhe-lulezim-basha-nuk-mund-ti-shpetoje-gjykimit-per-21-janarin\/#primaryimage","url":"http:\/\/www.shkoder.net\/2012\/aleks_nika_homazh.jpg","contentUrl":"http:\/\/www.shkoder.net\/2012\/aleks_nika_homazh.jpg"},{"@type":"BreadcrumbList","@id":"https:\/\/fjala.info\/2009-2015\/sali-berisha-dhe-lulezim-basha-nuk-mund-ti-shpetoje-gjykimit-per-21-janarin\/#breadcrumb","itemListElement":[{"@type":"ListItem","position":1,"name":"Home","item":"https:\/\/fjala.info\/2009-2015\/"},{"@type":"ListItem","position":2,"name":"\u201cSali Berisha dhe Lulezim Basha nuk mund t\u2019i shp\u00ebtoj\u00eb gjykimit p\u00ebr 21 janarin\u201d"}]},{"@type":"WebSite","@id":"https:\/\/fjala.info\/2009-2015\/#website","url":"https:\/\/fjala.info\/2009-2015\/","name":"FjALA e LIR\u00cb - Arkivi","description":"Arkivi 2009-2015","publisher":{"@id":"https:\/\/fjala.info\/2009-2015\/#organization"},"potentialAction":[{"@type":"SearchAction","target":{"@type":"EntryPoint","urlTemplate":"https:\/\/fjala.info\/2009-2015\/?s={search_term_string}"},"query-input":{"@type":"PropertyValueSpecification","valueRequired":true,"valueName":"search_term_string"}}],"inLanguage":"sq-AL"},{"@type":"Organization","@id":"https:\/\/fjala.info\/2009-2015\/#organization","name":"FjALA e LIR\u00cb - Arkivi","url":"https:\/\/fjala.info\/2009-2015\/","logo":{"@type":"ImageObject","inLanguage":"sq-AL","@id":"https:\/\/fjala.info\/2009-2015\/#\/schema\/logo\/image\/","url":"","contentUrl":"","caption":"FjALA e LIR\u00cb - Arkivi"},"image":{"@id":"https:\/\/fjala.info\/2009-2015\/#\/schema\/logo\/image\/"}},{"@type":"Person","@id":"https:\/\/fjala.info\/2009-2015\/#\/schema\/person\/3aa1163ef05469c496fc94e77611ada2","name":"admin","image":{"@type":"ImageObject","inLanguage":"sq-AL","@id":"https:\/\/fjala.info\/2009-2015\/wp-content\/uploads\/2012\/02\/arben_cokaj-120x150.jpg","url":"https:\/\/fjala.info\/2009-2015\/wp-content\/uploads\/2012\/02\/arben_cokaj-120x150.jpg","contentUrl":"https:\/\/fjala.info\/2009-2015\/wp-content\/uploads\/2012\/02\/arben_cokaj-120x150.jpg","caption":"admin"},"description":"Admin, Fjala e Lir\u00eb","sameAs":["https:\/\/fjala.info\/"],"url":"https:\/\/fjala.info\/2009-2015\/author\/admin\/"}]}},"_links":{"self":[{"href":"https:\/\/fjala.info\/2009-2015\/wp-json\/wp\/v2\/posts\/11667","targetHints":{"allow":["GET"]}}],"collection":[{"href":"https:\/\/fjala.info\/2009-2015\/wp-json\/wp\/v2\/posts"}],"about":[{"href":"https:\/\/fjala.info\/2009-2015\/wp-json\/wp\/v2\/types\/post"}],"author":[{"embeddable":true,"href":"https:\/\/fjala.info\/2009-2015\/wp-json\/wp\/v2\/users\/1"}],"replies":[{"embeddable":true,"href":"https:\/\/fjala.info\/2009-2015\/wp-json\/wp\/v2\/comments?post=11667"}],"version-history":[{"count":0,"href":"https:\/\/fjala.info\/2009-2015\/wp-json\/wp\/v2\/posts\/11667\/revisions"}],"wp:attachment":[{"href":"https:\/\/fjala.info\/2009-2015\/wp-json\/wp\/v2\/media?parent=11667"}],"wp:term":[{"taxonomy":"category","embeddable":true,"href":"https:\/\/fjala.info\/2009-2015\/wp-json\/wp\/v2\/categories?post=11667"},{"taxonomy":"post_tag","embeddable":true,"href":"https:\/\/fjala.info\/2009-2015\/wp-json\/wp\/v2\/tags?post=11667"}],"curies":[{"name":"wp","href":"https:\/\/api.w.org\/{rel}","templated":true}]}}