{"id":11666,"date":"2012-02-04T20:16:39","date_gmt":"2012-02-04T19:16:39","guid":{"rendered":"http:\/\/fjala.shkoder.net\/?p=1577"},"modified":"2012-02-04T20:16:39","modified_gmt":"2012-02-04T19:16:39","slug":"takimi-me-ambasadoren-fiona-mcllwham","status":"publish","type":"post","link":"https:\/\/fjala.info\/2009-2015\/takimi-me-ambasadoren-fiona-mcllwham\/","title":{"rendered":"Takimi me Ambasadoren Fiona Mcllwham"},"content":{"rendered":"<p><img decoding=\"async\" class=\"alignleft size-thumbnail wp-image-7236\" title=\"Fiona Mcllwham\" src=\"http:\/\/www.shkoder.net\/2012\/fiona_mcllwham.jpg\" alt=\"\" width=\"300\" \/> <strong>Arjan Th. Kall\u00e7o<\/strong><\/p>\n<p>Po b\u00ebhen t\u00eb zakonshme takimet q\u00eb p\u00ebrfaq\u00ebsuesit diplomatik\u00eb t\u00eb vendeve t\u00eb Europ\u00ebs t\u00eb akredituar n\u00eb Tiran\u00eb, zhvillojn\u00eb n\u00eb rrethe t\u00eb ndryshme t\u00eb vendit. \u00cbsht\u00eb m\u00ebse normale q\u00eb v\u00ebmendja e tyre t\u00eb p\u00ebrq\u00ebndrohet jo vet\u00ebm n\u00eb kryeqytet, por edhe n\u00eb skajet e ndryshme t\u00eb t\u00eb gjith\u00eb Shqip\u00ebris\u00eb, pasi k\u00ebshtu do t\u00eb njihen m\u00eb nga af\u00ebr me problemet dhe arritjet q\u00eb ka b\u00ebr\u00eb secili. Ndoshta njohja mund t\u00eb jet\u00eb relative, por t\u00eb pakt\u00ebn t\u00eb shohin realitetin me syt\u00eb e tyre dhe jo t\u00eb propagand\u00ebs s\u00eb disa mediave t\u00eb cilat i zbukurojn\u00eb apo err\u00ebsojn\u00eb sipas interesit t\u00eb pushtetit, cilido qoft\u00eb ai.<\/p>\n<p>M\u00eb tej akoma, \u00ebsht\u00eb k\u00ebnaq\u00ebsi t\u2019i takosh, pasi k\u00ebshtu nuk ndihesh i detyruar q\u00eb t\u00eb d\u00ebgjosh dhe t\u00eb marr\u00ebsh vesh se \u00e7far\u00eb mendojn\u00eb diplomacit\u00eb e huaja rreth Shqip\u00ebris\u00eb, zhvillimeve m\u00eb t\u00eb fundit dhe cilat jan\u00eb perspektivat e afrimit me Europ\u00ebn, pasi hyrja mendoj se \u00ebsht\u00eb tep\u00ebr larg. Biseda mori nj\u00eb drejtim tep\u00ebr t\u00eb hapur me pyetje dhe me shk\u00ebmbime mendimesh midis auditorit, Ambasadores Fiona, nuk besoj se do t\u00eb jet\u00eb problem q\u00eb ta quajm\u00eb me em\u00ebr pa shum\u00eb fjal\u00eb t\u00eb tep\u00ebrta, dhe p\u00ebrfaq\u00ebsuesve t\u00eb shoqat\u00ebs shqiptare EMA. Ambasadorja m\u00eb shum\u00eb se nj\u00eb rezyme t\u00eb ngarjeve t\u00eb fundit q\u00eb lidhen me Shqip\u00ebrin\u00eb dhe sesi e analizoi Europa vitin e kaluar, e shtroi problemin shum\u00eb thjesht me disa pyetje rreth t\u00eb cilave mblidhej e gjith\u00eb filozofia e rrug\u00ebs son\u00eb drejt Europ\u00ebs.<\/p>\n<p>Disa nga k\u00ebto pyetje si, A keni besim tek reformat? A keni besim tek drejt\u00ebsia? A duhet t\u00eb sundoj\u00eb ligji? etj. jan\u00eb pasqyrim edhe i vizit\u00ebs m\u00eb t\u00eb fundit t\u00eb kryeprokurorit anglez n\u00eb Tiran\u00eb. Ndoshta gjuha shkon ku dhemb dh\u00ebmbi dhe problemi i drejt\u00ebsis\u00eb, mendoj se i ka dhembur jo pak zonj\u00ebs n\u00eb fjal\u00eb, meq\u00eb viti q\u00eb kaloi duhet konsideruar si nj\u00eb nga vitet m\u00eb t\u00eb err\u00ebta t\u00eb pas \u201997. Por i ka dhembur edhe p\u00ebr faktin q\u00eb p\u00ebrfaq\u00ebsuesit m\u00eb t\u00eb lart\u00eb t\u00eb shtetit, sigurisht kur nuk e meritojn\u00eb kritik\u00ebn, u etiketuan si kriminel\u00eb, pu\u00e7ist\u00eb, fjal\u00eb q\u00eb sikur e kishim harruar nga e kaluara, apo me nj\u00eb fjalor tep\u00ebr banal, duke l\u00ebn\u00eb nj\u00eb shije t\u00eb hidhur edhe tek shqiptar\u00ebt q\u00eb nuk ndajn\u00eb asnj\u00eb gj\u00eb t\u00eb p\u00ebrbashk\u00ebt me k\u00ebt\u00eb lloj politike, dhune verbale, fjalori etj.<\/p>\n<p>N\u00ebse ishin t\u00eb till\u00eb, at\u00ebher\u00eb p\u00ebrse u vendos\u00ebn n\u00eb krye t\u00eb institucioneve m\u00eb t\u00eb larta t\u00eb shtetit? A u analizua gjer\u00eb e gjat\u00eb integriteti i tyre i gjithansh\u00ebm, fjal\u00eb q\u00eb Ambasadorja u detyrua ta p\u00ebrdorte shum\u00eb her\u00eb, moral dhe shoq\u00ebror? N\u00ebse nuk \u00ebsht\u00eb b\u00ebr\u00eb nj\u00eb gj\u00eb e till\u00eb, at\u00ebhere duhet t\u00eb mendojm\u00eb se edhe p\u00ebrgjedhja e tyre u anashkalua, pasi p\u00ebrfaq\u00ebsonte interesat e nj\u00eb klani t\u00eb caktuar, deri n\u00eb momentin q\u00eb ishin pro p\u00ebrzgjedh\u00ebsve. Por nuk besoj se do t\u00eb ket\u00eb q\u00ebn\u00eb k\u00ebshtu, pasi detyrat m\u00eb t\u00eb larta e shtetit, u p\u00ebrzgjodh\u00ebn me konsultime dhe ndoshta sugjerime edhe nga faktori nd\u00ebrkomb\u00ebtar.<\/p>\n<p>Pra, mbetet q\u00eb integriteti nuk ishte themeli i atyre q\u00eb i p\u00ebrzgjodh\u00ebn, pasi nuk ka sesi t\u00eb mos revoltohesh kur fjalori i kalon p\u00ebrmasat e cip\u00ebs dhe nd\u00ebrgjegjes kolektive. Mesa duket k\u00ebt\u00eb lloj fjalori dhe k\u00ebt\u00eb lloj dhune e kan\u00eb patur n\u00eb qend\u00ebr t\u00eb v\u00ebmendjes q\u00eb para marrjes s\u00eb pushtetit, pasi me t\u00eb nj\u00ebjt\u00ebn gjuh\u00eb dhe mendje flasin edhe pushtetar\u00ebt mediok\u00ebr t\u00eb rretheve. M\u00eb e bukur akoma kur marrin poza t\u00eb njer\u00ebzve q\u00eb i din\u00eb t\u00eb gjitha, jan\u00eb ekspert\u00eb p\u00ebr t\u00eb gjitha dhe d\u00ebgjoni, o njer\u00ebz, d\u00ebgjoni, t\u00eb b\u00ebjn\u00eb edhe leksione sesi duhet t\u00eb sillesh n\u00eb shoq\u00ebri dhe sesi duhet t\u00eb veprosh n\u00eb zanatin t\u00ebnd.<\/p>\n<p>Ja, pra, kjo \u00ebsht\u00eb fytyra e v\u00ebrtet\u00eb e nj\u00eb shteti absurd q\u00eb kur i em\u00ebron n\u00eb detyra jan\u00eb engj\u00ebj dhe m\u00eb pas kur nuk u shkojn\u00eb pas avazeve, papritur shnd\u00ebrrohen n\u00eb djaj. E nuk ka sesi diplomat\u00ebt e huaj t\u00eb mos shqet\u00ebsohen me k\u00ebt\u00eb lloj demokracie alla shqiptar\u00e7e, sesi t\u00eb mos tallen me Shqip\u00ebrin\u00eb dhe shqiptar\u00ebt. M\u00ebse e drejt\u00eb, pasi edhe gati 90 vjet m\u00eb par\u00eb, shpresoj q\u00eb shpejt ta b\u00ebj gati artikullin, e nj\u00ebjta sken\u00eb dhe e nj\u00ebjta loj\u00eb luhej me shqiptar\u00ebt kur p\u00ebrpiqeshin q\u00eb t\u2019u gjenin nj\u00eb mbret q\u00eb ta qeveriste, pasi vet\u00eb shqiptar\u00ebt nuk qen\u00eb t\u00eb zot\u00ebt. Dhe historia na flet se kur ndeshen dy desh\u00eb do fitoj\u00eb nj\u00ebri dhe tjetri ose ka marr\u00eb rrug\u00ebt e syrgjynit n\u00eb dhe t\u00eb larg\u00ebt, ose i humb nami dhe nishani. Mjafton ta shohim m\u00eb t\u00eb detajuar historin\u00eb ton\u00eb dhe do t\u00eb shohim se n\u00eb p\u00ebrpjekjet p\u00ebr pushtet, i munduri e braktisur vendin n\u00eb shumic\u00ebn e rasteve.<\/p>\n<p>Por po i kthehem takimit me zonj\u00ebn Fiona, pasi n\u00eb pyetjen time k\u00ebrkoja pak spirale drite lidhur me statusin e kandidatit, satus q\u00eb tek ne po na serviret tshm\u00eb i marr\u00eb. Pyetjes sime se a i ka standartet Shqip\u00ebria n\u00eb syt\u00eb e Bashkimit Europian, zonja Fiona iu p\u00ebrgjigj se i takon Europ\u00ebs dhe institucioneve t\u00eb saja q\u00eb t\u00eb gjykoj\u00eb p\u00ebr standartet. Nuk ka dyshim se theksi vihet tek bashk\u00ebpunimi politik i forcave n\u00eb Shqip\u00ebri, bashk\u00ebpunim q\u00eb vazhdon t\u00eb mungoj\u00eb. Edhe reformat n\u00eb drejt\u00ebsi dhe zbatimi i ligjit po tregojn\u00eb se standartet jan\u00eb larg dhe sfida m\u00eb e madhe p\u00ebr Shqip\u00ebrin\u00eb \u00ebsht\u00eb zbatimi i ligjeve.<\/p>\n<p>K\u00ebshilli i Europ\u00ebs ka v\u00ebn\u00eb para Shqip\u00ebris\u00eb 12 prioritete dhe 6 prej tyre jan\u00eb ende larg k\u00ebrkesave t\u00eb vet\u00eb institucioneve europiane. Nj\u00eb problem tjet\u00ebr \u00ebsht\u00eb korrupsioni q\u00eb e ka kapur fort shtetin shqiptar dhe q\u00eb nuk e lejon q\u00eb t\u00eb dal\u00eb nga bataku i tij. N\u00eb sondazhet e kryera nga B.E-ja mesa duket faktet e korrupsionit jan\u00eb tep\u00ebr kok\u00ebforta, prandaj edhe u rr\u00ebzua k\u00ebrkesa e par\u00eb. Kriteret jan\u00eb p\u00ebr t\u00eb gjitha vendet q\u00eb duan t\u00eb an\u00ebtar\u00ebsohen dhe k\u00ebto q\u00eb n\u00eb faz\u00ebn e par\u00eb, e mbylli p\u00ebrgjigjen e vet Ambasadorja.<\/p>\n<p>Nga k\u00ebto mendime dhe ide, mund t\u00eb arsyetojm\u00eb dhe reflektojm\u00eb gjat\u00eb dhe p\u00ebrs\u00ebri dopio gjashta mbetet n\u00eb dor\u00ebn e shqiptar\u00ebve. E th\u00ebn\u00eb m\u00eb shkurt se n\u00ebse nuk do t\u00eb plot\u00ebsohen t\u00eb gjitha kriteret e v\u00ebna nga Europa, statusi i kandidatit do t\u00eb jet\u00eb ende nj\u00eb \u00ebnd\u00ebrr e ndaluar p\u00ebr ne. Le t\u00eb presim edhe afatin e skadimit t\u00eb realizimit t\u00eb kritereve dhe do t\u00eb shohim n\u00ebse do t\u00eb jemi kandidat\u00eb p\u00ebr t\u00eb hyr\u00eb n\u00eb Europ\u00eb apo do t\u00eb ngelemi p\u00ebrs\u00ebri n\u00eb klas\u00eb (do t\u00eb ngelen politikan\u00ebt dhe jo qytetar\u00ebt, gj\u00eb q\u00eb do t\u00eb d\u00ebshmoj\u00eb d\u00ebshtimin e radh\u00ebs p\u00ebr ta).<\/p>\n","protected":false},"excerpt":{"rendered":"<p>Arjan Th. Kall\u00e7o Po b\u00ebhen t\u00eb zakonshme takimet q\u00eb p\u00ebrfaq\u00ebsuesit diplomatik\u00eb t\u00eb vendeve t\u00eb Europ\u00ebs t\u00eb akredituar n\u00eb Tiran\u00eb, zhvillojn\u00eb n\u00eb rrethe t\u00eb ndryshme t\u00eb vendit. \u00cbsht\u00eb m\u00ebse normale q\u00eb v\u00ebmendja e tyre t\u00eb p\u00ebrq\u00ebndrohet jo vet\u00ebm n\u00eb kryeqytet, por edhe n\u00eb skajet e ndryshme t\u00eb t\u00eb gjith\u00eb Shqip\u00ebris\u00eb, pasi k\u00ebshtu do t\u00eb njihen m\u00eb [&hellip;]<\/p>\n","protected":false},"author":1,"featured_media":0,"comment_status":"open","ping_status":"closed","sticky":false,"template":"","format":"standard","meta":{"footnotes":""},"categories":[2],"tags":[],"class_list":{"0":"post-11666","1":"post","2":"type-post","3":"status-publish","4":"format-standard","6":"category-artikuj"},"yoast_head":"<!-- This site is optimized with the Yoast SEO plugin v27.4 - https:\/\/yoast.com\/product\/yoast-seo-wordpress\/ -->\n<title>Takimi me Ambasadoren Fiona Mcllwham - FjALA e LIR\u00cb - Arkivi<\/title>\n<meta name=\"robots\" content=\"index, follow, max-snippet:-1, max-image-preview:large, max-video-preview:-1\" \/>\n<link rel=\"canonical\" href=\"https:\/\/fjala.info\/2009-2015\/takimi-me-ambasadoren-fiona-mcllwham\/\" \/>\n<meta property=\"og:locale\" content=\"sq_AL\" \/>\n<meta property=\"og:type\" content=\"article\" \/>\n<meta property=\"og:title\" content=\"Takimi me Ambasadoren Fiona Mcllwham - FjALA e LIR\u00cb - Arkivi\" \/>\n<meta property=\"og:description\" content=\"Arjan Th. Kall\u00e7o Po b\u00ebhen t\u00eb zakonshme takimet q\u00eb p\u00ebrfaq\u00ebsuesit diplomatik\u00eb t\u00eb vendeve t\u00eb Europ\u00ebs t\u00eb akredituar n\u00eb Tiran\u00eb, zhvillojn\u00eb n\u00eb rrethe t\u00eb ndryshme t\u00eb vendit. \u00cbsht\u00eb m\u00ebse normale q\u00eb v\u00ebmendja e tyre t\u00eb p\u00ebrq\u00ebndrohet jo vet\u00ebm n\u00eb kryeqytet, por edhe n\u00eb skajet e ndryshme t\u00eb t\u00eb gjith\u00eb Shqip\u00ebris\u00eb, pasi k\u00ebshtu do t\u00eb njihen m\u00eb [&hellip;]\" \/>\n<meta property=\"og:url\" content=\"https:\/\/fjala.info\/2009-2015\/takimi-me-ambasadoren-fiona-mcllwham\/\" \/>\n<meta property=\"og:site_name\" content=\"FjALA e LIR\u00cb - Arkivi\" \/>\n<meta property=\"article:published_time\" content=\"2012-02-04T19:16:39+00:00\" \/>\n<meta property=\"og:image\" content=\"http:\/\/www.shkoder.net\/2012\/fiona_mcllwham.jpg\" \/>\n<meta name=\"author\" content=\"admin\" \/>\n<meta name=\"twitter:card\" content=\"summary_large_image\" \/>\n<meta name=\"twitter:label1\" content=\"Written by\" \/>\n\t<meta name=\"twitter:data1\" content=\"admin\" \/>\n\t<meta name=\"twitter:label2\" content=\"Est. reading time\" \/>\n\t<meta name=\"twitter:data2\" content=\"6 minutes\" \/>\n<script type=\"application\/ld+json\" class=\"yoast-schema-graph\">{\"@context\":\"https:\\\/\\\/schema.org\",\"@graph\":[{\"@type\":\"Article\",\"@id\":\"https:\\\/\\\/fjala.info\\\/2009-2015\\\/takimi-me-ambasadoren-fiona-mcllwham\\\/#article\",\"isPartOf\":{\"@id\":\"https:\\\/\\\/fjala.info\\\/2009-2015\\\/takimi-me-ambasadoren-fiona-mcllwham\\\/\"},\"author\":{\"name\":\"admin\",\"@id\":\"https:\\\/\\\/fjala.info\\\/2009-2015\\\/#\\\/schema\\\/person\\\/3aa1163ef05469c496fc94e77611ada2\"},\"headline\":\"Takimi me Ambasadoren Fiona Mcllwham\",\"datePublished\":\"2012-02-04T19:16:39+00:00\",\"mainEntityOfPage\":{\"@id\":\"https:\\\/\\\/fjala.info\\\/2009-2015\\\/takimi-me-ambasadoren-fiona-mcllwham\\\/\"},\"wordCount\":1190,\"commentCount\":0,\"publisher\":{\"@id\":\"https:\\\/\\\/fjala.info\\\/2009-2015\\\/#organization\"},\"image\":{\"@id\":\"https:\\\/\\\/fjala.info\\\/2009-2015\\\/takimi-me-ambasadoren-fiona-mcllwham\\\/#primaryimage\"},\"thumbnailUrl\":\"http:\\\/\\\/www.shkoder.net\\\/2012\\\/fiona_mcllwham.jpg\",\"articleSection\":[\"Artikuj\"],\"inLanguage\":\"sq-AL\",\"potentialAction\":[{\"@type\":\"CommentAction\",\"name\":\"Comment\",\"target\":[\"https:\\\/\\\/fjala.info\\\/2009-2015\\\/takimi-me-ambasadoren-fiona-mcllwham\\\/#respond\"]}]},{\"@type\":\"WebPage\",\"@id\":\"https:\\\/\\\/fjala.info\\\/2009-2015\\\/takimi-me-ambasadoren-fiona-mcllwham\\\/\",\"url\":\"https:\\\/\\\/fjala.info\\\/2009-2015\\\/takimi-me-ambasadoren-fiona-mcllwham\\\/\",\"name\":\"Takimi me Ambasadoren Fiona Mcllwham - FjALA e LIR\u00cb - Arkivi\",\"isPartOf\":{\"@id\":\"https:\\\/\\\/fjala.info\\\/2009-2015\\\/#website\"},\"primaryImageOfPage\":{\"@id\":\"https:\\\/\\\/fjala.info\\\/2009-2015\\\/takimi-me-ambasadoren-fiona-mcllwham\\\/#primaryimage\"},\"image\":{\"@id\":\"https:\\\/\\\/fjala.info\\\/2009-2015\\\/takimi-me-ambasadoren-fiona-mcllwham\\\/#primaryimage\"},\"thumbnailUrl\":\"http:\\\/\\\/www.shkoder.net\\\/2012\\\/fiona_mcllwham.jpg\",\"datePublished\":\"2012-02-04T19:16:39+00:00\",\"breadcrumb\":{\"@id\":\"https:\\\/\\\/fjala.info\\\/2009-2015\\\/takimi-me-ambasadoren-fiona-mcllwham\\\/#breadcrumb\"},\"inLanguage\":\"sq-AL\",\"potentialAction\":[{\"@type\":\"ReadAction\",\"target\":[\"https:\\\/\\\/fjala.info\\\/2009-2015\\\/takimi-me-ambasadoren-fiona-mcllwham\\\/\"]}]},{\"@type\":\"ImageObject\",\"inLanguage\":\"sq-AL\",\"@id\":\"https:\\\/\\\/fjala.info\\\/2009-2015\\\/takimi-me-ambasadoren-fiona-mcllwham\\\/#primaryimage\",\"url\":\"http:\\\/\\\/www.shkoder.net\\\/2012\\\/fiona_mcllwham.jpg\",\"contentUrl\":\"http:\\\/\\\/www.shkoder.net\\\/2012\\\/fiona_mcllwham.jpg\"},{\"@type\":\"BreadcrumbList\",\"@id\":\"https:\\\/\\\/fjala.info\\\/2009-2015\\\/takimi-me-ambasadoren-fiona-mcllwham\\\/#breadcrumb\",\"itemListElement\":[{\"@type\":\"ListItem\",\"position\":1,\"name\":\"Home\",\"item\":\"https:\\\/\\\/fjala.info\\\/2009-2015\\\/\"},{\"@type\":\"ListItem\",\"position\":2,\"name\":\"Takimi me Ambasadoren Fiona Mcllwham\"}]},{\"@type\":\"WebSite\",\"@id\":\"https:\\\/\\\/fjala.info\\\/2009-2015\\\/#website\",\"url\":\"https:\\\/\\\/fjala.info\\\/2009-2015\\\/\",\"name\":\"FjALA e LIR\u00cb - Arkivi\",\"description\":\"Arkivi 2009-2015\",\"publisher\":{\"@id\":\"https:\\\/\\\/fjala.info\\\/2009-2015\\\/#organization\"},\"potentialAction\":[{\"@type\":\"SearchAction\",\"target\":{\"@type\":\"EntryPoint\",\"urlTemplate\":\"https:\\\/\\\/fjala.info\\\/2009-2015\\\/?s={search_term_string}\"},\"query-input\":{\"@type\":\"PropertyValueSpecification\",\"valueRequired\":true,\"valueName\":\"search_term_string\"}}],\"inLanguage\":\"sq-AL\"},{\"@type\":\"Organization\",\"@id\":\"https:\\\/\\\/fjala.info\\\/2009-2015\\\/#organization\",\"name\":\"FjALA e LIR\u00cb - Arkivi\",\"url\":\"https:\\\/\\\/fjala.info\\\/2009-2015\\\/\",\"logo\":{\"@type\":\"ImageObject\",\"inLanguage\":\"sq-AL\",\"@id\":\"https:\\\/\\\/fjala.info\\\/2009-2015\\\/#\\\/schema\\\/logo\\\/image\\\/\",\"url\":\"\",\"contentUrl\":\"\",\"caption\":\"FjALA e LIR\u00cb - Arkivi\"},\"image\":{\"@id\":\"https:\\\/\\\/fjala.info\\\/2009-2015\\\/#\\\/schema\\\/logo\\\/image\\\/\"}},{\"@type\":\"Person\",\"@id\":\"https:\\\/\\\/fjala.info\\\/2009-2015\\\/#\\\/schema\\\/person\\\/3aa1163ef05469c496fc94e77611ada2\",\"name\":\"admin\",\"image\":{\"@type\":\"ImageObject\",\"inLanguage\":\"sq-AL\",\"@id\":\"https:\\\/\\\/fjala.info\\\/2009-2015\\\/wp-content\\\/uploads\\\/2012\\\/02\\\/arben_cokaj-120x150.jpg\",\"url\":\"https:\\\/\\\/fjala.info\\\/2009-2015\\\/wp-content\\\/uploads\\\/2012\\\/02\\\/arben_cokaj-120x150.jpg\",\"contentUrl\":\"https:\\\/\\\/fjala.info\\\/2009-2015\\\/wp-content\\\/uploads\\\/2012\\\/02\\\/arben_cokaj-120x150.jpg\",\"caption\":\"admin\"},\"description\":\"Admin, Fjala e Lir\u00eb\",\"sameAs\":[\"https:\\\/\\\/fjala.info\\\/\"],\"url\":\"https:\\\/\\\/fjala.info\\\/2009-2015\\\/author\\\/admin\\\/\"}]}<\/script>\n<!-- \/ Yoast SEO plugin. -->","yoast_head_json":{"title":"Takimi me Ambasadoren Fiona Mcllwham - FjALA e LIR\u00cb - Arkivi","robots":{"index":"index","follow":"follow","max-snippet":"max-snippet:-1","max-image-preview":"max-image-preview:large","max-video-preview":"max-video-preview:-1"},"canonical":"https:\/\/fjala.info\/2009-2015\/takimi-me-ambasadoren-fiona-mcllwham\/","og_locale":"sq_AL","og_type":"article","og_title":"Takimi me Ambasadoren Fiona Mcllwham - FjALA e LIR\u00cb - Arkivi","og_description":"Arjan Th. Kall\u00e7o Po b\u00ebhen t\u00eb zakonshme takimet q\u00eb p\u00ebrfaq\u00ebsuesit diplomatik\u00eb t\u00eb vendeve t\u00eb Europ\u00ebs t\u00eb akredituar n\u00eb Tiran\u00eb, zhvillojn\u00eb n\u00eb rrethe t\u00eb ndryshme t\u00eb vendit. \u00cbsht\u00eb m\u00ebse normale q\u00eb v\u00ebmendja e tyre t\u00eb p\u00ebrq\u00ebndrohet jo vet\u00ebm n\u00eb kryeqytet, por edhe n\u00eb skajet e ndryshme t\u00eb t\u00eb gjith\u00eb Shqip\u00ebris\u00eb, pasi k\u00ebshtu do t\u00eb njihen m\u00eb [&hellip;]","og_url":"https:\/\/fjala.info\/2009-2015\/takimi-me-ambasadoren-fiona-mcllwham\/","og_site_name":"FjALA e LIR\u00cb - Arkivi","article_published_time":"2012-02-04T19:16:39+00:00","og_image":[{"url":"http:\/\/www.shkoder.net\/2012\/fiona_mcllwham.jpg","type":"","width":"","height":""}],"author":"admin","twitter_card":"summary_large_image","twitter_misc":{"Written by":"admin","Est. reading time":"6 minutes"},"schema":{"@context":"https:\/\/schema.org","@graph":[{"@type":"Article","@id":"https:\/\/fjala.info\/2009-2015\/takimi-me-ambasadoren-fiona-mcllwham\/#article","isPartOf":{"@id":"https:\/\/fjala.info\/2009-2015\/takimi-me-ambasadoren-fiona-mcllwham\/"},"author":{"name":"admin","@id":"https:\/\/fjala.info\/2009-2015\/#\/schema\/person\/3aa1163ef05469c496fc94e77611ada2"},"headline":"Takimi me Ambasadoren Fiona Mcllwham","datePublished":"2012-02-04T19:16:39+00:00","mainEntityOfPage":{"@id":"https:\/\/fjala.info\/2009-2015\/takimi-me-ambasadoren-fiona-mcllwham\/"},"wordCount":1190,"commentCount":0,"publisher":{"@id":"https:\/\/fjala.info\/2009-2015\/#organization"},"image":{"@id":"https:\/\/fjala.info\/2009-2015\/takimi-me-ambasadoren-fiona-mcllwham\/#primaryimage"},"thumbnailUrl":"http:\/\/www.shkoder.net\/2012\/fiona_mcllwham.jpg","articleSection":["Artikuj"],"inLanguage":"sq-AL","potentialAction":[{"@type":"CommentAction","name":"Comment","target":["https:\/\/fjala.info\/2009-2015\/takimi-me-ambasadoren-fiona-mcllwham\/#respond"]}]},{"@type":"WebPage","@id":"https:\/\/fjala.info\/2009-2015\/takimi-me-ambasadoren-fiona-mcllwham\/","url":"https:\/\/fjala.info\/2009-2015\/takimi-me-ambasadoren-fiona-mcllwham\/","name":"Takimi me Ambasadoren Fiona Mcllwham - FjALA e LIR\u00cb - Arkivi","isPartOf":{"@id":"https:\/\/fjala.info\/2009-2015\/#website"},"primaryImageOfPage":{"@id":"https:\/\/fjala.info\/2009-2015\/takimi-me-ambasadoren-fiona-mcllwham\/#primaryimage"},"image":{"@id":"https:\/\/fjala.info\/2009-2015\/takimi-me-ambasadoren-fiona-mcllwham\/#primaryimage"},"thumbnailUrl":"http:\/\/www.shkoder.net\/2012\/fiona_mcllwham.jpg","datePublished":"2012-02-04T19:16:39+00:00","breadcrumb":{"@id":"https:\/\/fjala.info\/2009-2015\/takimi-me-ambasadoren-fiona-mcllwham\/#breadcrumb"},"inLanguage":"sq-AL","potentialAction":[{"@type":"ReadAction","target":["https:\/\/fjala.info\/2009-2015\/takimi-me-ambasadoren-fiona-mcllwham\/"]}]},{"@type":"ImageObject","inLanguage":"sq-AL","@id":"https:\/\/fjala.info\/2009-2015\/takimi-me-ambasadoren-fiona-mcllwham\/#primaryimage","url":"http:\/\/www.shkoder.net\/2012\/fiona_mcllwham.jpg","contentUrl":"http:\/\/www.shkoder.net\/2012\/fiona_mcllwham.jpg"},{"@type":"BreadcrumbList","@id":"https:\/\/fjala.info\/2009-2015\/takimi-me-ambasadoren-fiona-mcllwham\/#breadcrumb","itemListElement":[{"@type":"ListItem","position":1,"name":"Home","item":"https:\/\/fjala.info\/2009-2015\/"},{"@type":"ListItem","position":2,"name":"Takimi me Ambasadoren Fiona Mcllwham"}]},{"@type":"WebSite","@id":"https:\/\/fjala.info\/2009-2015\/#website","url":"https:\/\/fjala.info\/2009-2015\/","name":"FjALA e LIR\u00cb - Arkivi","description":"Arkivi 2009-2015","publisher":{"@id":"https:\/\/fjala.info\/2009-2015\/#organization"},"potentialAction":[{"@type":"SearchAction","target":{"@type":"EntryPoint","urlTemplate":"https:\/\/fjala.info\/2009-2015\/?s={search_term_string}"},"query-input":{"@type":"PropertyValueSpecification","valueRequired":true,"valueName":"search_term_string"}}],"inLanguage":"sq-AL"},{"@type":"Organization","@id":"https:\/\/fjala.info\/2009-2015\/#organization","name":"FjALA e LIR\u00cb - Arkivi","url":"https:\/\/fjala.info\/2009-2015\/","logo":{"@type":"ImageObject","inLanguage":"sq-AL","@id":"https:\/\/fjala.info\/2009-2015\/#\/schema\/logo\/image\/","url":"","contentUrl":"","caption":"FjALA e LIR\u00cb - Arkivi"},"image":{"@id":"https:\/\/fjala.info\/2009-2015\/#\/schema\/logo\/image\/"}},{"@type":"Person","@id":"https:\/\/fjala.info\/2009-2015\/#\/schema\/person\/3aa1163ef05469c496fc94e77611ada2","name":"admin","image":{"@type":"ImageObject","inLanguage":"sq-AL","@id":"https:\/\/fjala.info\/2009-2015\/wp-content\/uploads\/2012\/02\/arben_cokaj-120x150.jpg","url":"https:\/\/fjala.info\/2009-2015\/wp-content\/uploads\/2012\/02\/arben_cokaj-120x150.jpg","contentUrl":"https:\/\/fjala.info\/2009-2015\/wp-content\/uploads\/2012\/02\/arben_cokaj-120x150.jpg","caption":"admin"},"description":"Admin, Fjala e Lir\u00eb","sameAs":["https:\/\/fjala.info\/"],"url":"https:\/\/fjala.info\/2009-2015\/author\/admin\/"}]}},"_links":{"self":[{"href":"https:\/\/fjala.info\/2009-2015\/wp-json\/wp\/v2\/posts\/11666","targetHints":{"allow":["GET"]}}],"collection":[{"href":"https:\/\/fjala.info\/2009-2015\/wp-json\/wp\/v2\/posts"}],"about":[{"href":"https:\/\/fjala.info\/2009-2015\/wp-json\/wp\/v2\/types\/post"}],"author":[{"embeddable":true,"href":"https:\/\/fjala.info\/2009-2015\/wp-json\/wp\/v2\/users\/1"}],"replies":[{"embeddable":true,"href":"https:\/\/fjala.info\/2009-2015\/wp-json\/wp\/v2\/comments?post=11666"}],"version-history":[{"count":0,"href":"https:\/\/fjala.info\/2009-2015\/wp-json\/wp\/v2\/posts\/11666\/revisions"}],"wp:attachment":[{"href":"https:\/\/fjala.info\/2009-2015\/wp-json\/wp\/v2\/media?parent=11666"}],"wp:term":[{"taxonomy":"category","embeddable":true,"href":"https:\/\/fjala.info\/2009-2015\/wp-json\/wp\/v2\/categories?post=11666"},{"taxonomy":"post_tag","embeddable":true,"href":"https:\/\/fjala.info\/2009-2015\/wp-json\/wp\/v2\/tags?post=11666"}],"curies":[{"name":"wp","href":"https:\/\/api.w.org\/{rel}","templated":true}]}}