{"id":11665,"date":"2012-02-04T22:10:03","date_gmt":"2012-02-04T21:10:03","guid":{"rendered":"http:\/\/fjala.shkoder.net\/?p=1575"},"modified":"2012-02-04T22:10:03","modified_gmt":"2012-02-04T21:10:03","slug":"si-ne-fushate","status":"publish","type":"post","link":"https:\/\/fjala.info\/2009-2015\/si-ne-fushate\/","title":{"rendered":"Si n\u00eb fushat\u00eb!"},"content":{"rendered":"<p><img decoding=\"async\" class=\"alignright size-thumbnail wp-image-7236\" title=\"Mero Baze\" src=\"http:\/\/www.shkoder.net\/images\/fjala\/mero_baze1.jpg\" alt=\"\" width=\"150\" \/> Nga <strong>Mero Baze<\/strong>, <em>4 Shkurt 2012<\/em><\/p>\n<p>E mbani mend fushat\u00ebn e 8 majit? Po u kujtoj disa detaje. Ilir Meta nuk doli asnj\u00eb dit\u00eb me Sali Berish\u00ebn n\u00eb krah se \u201ci prishte pun\u00eb\u201d ajo puna e videos. Sh\u00ebtiste i vet\u00ebm n\u00ebp\u00ebr Shqip\u00ebri, nd\u00ebrsa t\u00eb rinjt\u00eb e tij mb\u00ebshtesnin Lul\u00ebzim Bash\u00ebn n\u00eb Tiran\u00eb. Sapo zgjedhjet mbaruan, u b\u00ebn\u00eb s\u00ebrish bashk\u00eb. Nj\u00eb dhe u angazhuan kund\u00ebr institucionit t\u00eb prokuroris\u00eb n\u00eb Tiran\u00eb, duke e quajtur at\u00eb institucion kriminal.<\/p>\n<p>E mbani mend Lul\u00ebzim Bash\u00ebn? Ai tha se ishte nj\u00eb kandidat jo-politik, q\u00eb do punonte p\u00ebr qytetin, dhe q\u00eb ishte kund\u00ebr gjuh\u00ebs denigruese t\u00eb partis\u00eb s\u00eb tij ndaj kund\u00ebrshtar\u00ebve. Sapo mbaruan zgjedhjet dhe procesi i gjat\u00eb i vjedhjes s\u00eb mandatit, Lul\u00ebzim Basha aprovoi prishjen e piramid\u00ebs, p\u00ebr t\u00eb cil\u00ebn gjoja u shpreh kund\u00ebr, b\u00ebri nj\u00eb spastrim t\u00eb pashembullt politik n\u00eb Bashki dhe e ktheu at\u00eb n\u00eb nj\u00eb biznes t\u00eb sh\u00ebmtuar familjar, ku ligjin nga m\u00ebngjesi n\u00eb dark\u00eb e b\u00ebn familja e tij.<\/p>\n<p>E mbani mend Sali Berish\u00ebn? Nuk e linin t\u00eb afrohej n\u00eb Tiran\u00eb \u201cse prishte pun\u00eb\u201d si njeri jopopullor dhe alergjik p\u00ebr qytetar\u00ebt e Tiran\u00ebs. Sillej v\u00ebrdall\u00eb n\u00ebp\u00ebr Shqip\u00ebri dhe humbi \u00e7do qytet t\u00eb madh t\u00eb k\u00ebtij vendi. Pas zgjedhjeve, si\u00e7 e keni d\u00ebgjuar n\u00eb \u00e7do mbledhje qeverie, flet se si po qeveris Tiran\u00ebn, \u00e7far\u00eb po b\u00ebn me taksat, \u00e7far\u00eb po b\u00ebn Lul\u00ebzim Basha me popullin, \u00e7far\u00eb po b\u00ebn me Sheshin Sk\u00ebnderbej, \u00e7far\u00eb do b\u00ebj\u00eb me planin rregullues, etj.<\/p>\n<p>Teatri i tyre n\u00eb zgjedhje nuk \u00ebsht\u00eb se g\u00ebnjeu ndok\u00ebnd, por makineria gjigante e medies pro pushtetit u p\u00ebrpoq ta nguliste at\u00eb n\u00eb mendje t\u00eb qytetar\u00ebve si nj\u00eb \u201cfushat\u00eb ndryshe\u201d, ku e r\u00ebnd\u00ebsishme nuk ishte \u00e7far\u00eb besonin qytetar\u00ebt, por \u00e7far\u00eb thoshin aktor\u00ebt e saj.<\/p>\n<p>Tani po i afrohemi s\u00ebrish nj\u00eb situate t\u00eb till\u00eb. Uashingtoni p\u00ebr her\u00eb t\u00eb par\u00eb po flet qart\u00eb se Shqip\u00ebria po d\u00ebrgon er\u00ebra t\u00eb ftohta atje dhe se duket qartazi se prishja ka nisur. Fajtori \u00ebsht\u00eb Sali Berisha. Lul\u00ebzim Basha, i nisur me urgjenc\u00eb n\u00eb nj\u00eb seminar n\u00eb SHBA, po b\u00ebn gjeste shum\u00eb me teatrale se sa n\u00eb fushat\u00eb. <\/p>\n<p>I ka hyr\u00eb me dhun\u00eb si vizitor kryebashkiakut t\u00eb Uashingtonit n\u00eb zyr\u00eb, dhe nga pamjet filmike \u00ebsht\u00eb gati nj\u00eb vizit\u00eb fyese, q\u00eb ai nuk ngurron ta paraqes\u00eb si vizit\u00eb. Pastaj ka takuar dy kongresmen\u00eb demokrat\u00eb, Hasting dhe Engell. I pari, Hasting, \u00ebsht\u00eb nj\u00eb demokrat i akuzuar p\u00ebr korrupsion dhe ryshfete, i cili ka nj\u00eb histori t\u00eb padenj\u00eb si kongresmen dhe ka krijuar precedent negativ me m\u00ebnyr\u00ebn si i ka shp\u00ebtuar ligjit.<\/p>\n<p>Engell \u00ebsht\u00eb nj\u00eb kongresmen demokrat i pjes\u00ebs s\u00eb New York-ut ku ka m\u00eb shum\u00eb shqiptar\u00eb, shum\u00eb i lidhur me Shqip\u00ebrin\u00eb, dhe n\u00eb fund t\u00eb karrier\u00ebs s\u00eb tij krejt pa r\u00ebnd\u00ebsi p\u00ebr Kongresin, dhe \u201cgjuajt\u00ebs\u201d i ndonj\u00eb dreke dhe darke shqiptar\u00ebsh, qoft\u00eb dhe me pak honorare. Shum\u00eb emigrant\u00eb shqiptar\u00eb e kan\u00eb m\u00eb t\u00eb leht\u00eb se Lul\u00ebzim Basha p\u00ebr ta takuar. Por ky njeri nuk ndalet. Meq\u00eb mesazhi q\u00eb ka marr\u00eb n\u00eb Washington kund\u00ebr Berish\u00ebs \u00ebsht\u00eb i fort\u00eb dhe i ashp\u00ebr, dhe meq\u00eb e ka ndjer\u00eb izolimin deri n\u00eb palc\u00eb, tani po shtyn dit\u00ebt si turist n\u00eb SHBA me q\u00ebllim q\u00eb t\u00eb krijoj\u00eb iden\u00eb se ka shpres\u00eb pas Berish\u00ebs.<\/p>\n<p>Nuk di se kujt amerikani po p\u00ebrpiqet t\u2019i mbush\u00eb mendjen se ka profil t\u00eb ndrysh\u00ebm nga Berisha, duke i quajtur demonstruesit e vrar\u00eb \u2018t\u00eb pafajsh\u00ebm\u2019 apo duke mbajtur q\u00ebndrim m\u00eb t\u00eb moderuar ndaj prokurores, pasi ata e njohin m\u00eb mir\u00eb se kushdo tjet\u00ebr \u00e7far\u00eb ka b\u00ebr\u00eb m\u00eb 21 Janar, ku ka qen\u00eb dhe \u00e7far\u00eb vendimesh ka marr\u00eb. T\u00eb gjith\u00eb e dim\u00eb se faktet p\u00ebr vrasje dhe serveri erdhi i ringjallur nga Washington-i. Udh\u00ebtimi i tij, me shpres\u00eb se do krijoj\u00eb nj\u00eb iluzion se po mbush boshll\u00ebkun q\u00eb krijon alergjia amerikane ndaj Berish\u00ebs, \u00ebsht\u00eb i d\u00ebshtuar pasi askush atje nuk \u00ebsht\u00eb i shqet\u00ebsuar p\u00ebr karrier\u00ebn e Bash\u00ebs, por p\u00ebr ndaljen e rr\u00ebnimit t\u00eb Shqip\u00ebris\u00eb.<\/p>\n<p>Ilir Meta po ashtu ka filluar t\u00eb l\u00ebviz\u00eb. Jo si\u00e7 l\u00ebvizte m\u00eb 8 maj i vet\u00ebm rrug\u00ebve t\u00eb Shqip\u00ebris\u00eb, por tashm\u00eb i vet\u00ebm rrotull grop\u00ebs q\u00eb ka hapur Berisha. Dje n\u00eb nj\u00eb intervist\u00eb ka th\u00ebn\u00eb se \u00ebsht\u00eb kund\u00ebr sulmeve ndaj kryeprokurores dhe se gjith\u00eb institucionet duhen respektuar. Nj\u00eb qasje kjo e ndryshme nga sulmet e p\u00ebrditshme t\u00eb Berish\u00ebs ndaj Ina Ram\u00ebs, Bamir Topit, etj. Por dhe ai nuk e mban dot seriozitetin. Pak rreshta m\u00eb posht\u00eb e quan kryeprokuroren g\u00ebnjeshtare p\u00ebr rastin e vet, por k\u00ebt\u00eb e quan personale dhe jo institucionale. Ideja \u00ebsht\u00eb q\u00eb t\u00eb krijoj\u00eb dhe ai nj\u00eb imazh t\u00eb ndrysh\u00ebm nga Berisha me q\u00ebllim q\u00eb t\u00eb mos duket se po fundosen t\u00eb gjith\u00eb bashk\u00eb me t\u00eb.<\/p>\n<p>Dhe vet\u00eb Berisha nuk mbetet mbrapa. Meq\u00eb nuk e fton askush askund si \u201cburr\u00eb shteti\u201d, gjen dhe ai si Lul\u00ebzim Basha ndonj\u00eb ftes\u00eb seminari apo konference dhe ik\u00ebn. Aty ka shanse p\u00ebr m\u00eb shum\u00eb fotografi me burra shteti dhe udh\u00ebheq\u00ebs politik\u00eb. Di\u00e7ka mund t\u00eb g\u00ebnjej\u00eb dhe ai k\u00ebtu kur kthehet, me iden\u00eb se nuk \u00ebsht\u00eb e v\u00ebrtet\u00eb q\u00eb po e izolojn\u00eb.<\/p>\n<p>T\u00eb tre po p\u00ebrpiqen t\u00eb sillen sikur jan\u00eb n\u00eb fushat\u00eb, sikur dik\u00eb duan t\u00eb g\u00ebnjejn\u00eb sa t\u00eb hedhin lumin, sikur dikush u k\u00ebrkon doemos t\u00eb japin ndonj\u00eb prov\u00eb fallco dhe gjith\u00e7ka rregullohet. \u00cbsht\u00eb nj\u00eb p\u00ebrpjekje e sh\u00ebmtuar dhe drit\u00ebshkurt\u00ebr ndaj atyre q\u00eb nuk i g\u00ebnjen dot. 12 kushtet e Bashkimit Evropian nuk bazohen n\u00eb deklarata, por n\u00eb akte konkrete. Shteti ligjor \u00ebsht\u00eb rr\u00ebzuar dje p\u00ebrtok\u00eb s\u00ebrish duke ril\u00ebn\u00eb n\u00eb sht\u00ebpi nj\u00eb gardist q\u00eb ka vrar\u00eb, duke l\u00ebn\u00eb t\u00eb lir\u00eb nj\u00eb ish- z\u00ebvend\u00ebskryeminist\u00ebr q\u00eb ka vjedhur dhe duke l\u00ebn\u00eb ende pa pyetur nj\u00eb kryeminist\u00ebr dhe Minist\u00ebr t\u00eb Brendsh\u00ebm q\u00eb kan\u00eb urdh\u00ebruar vrasjet.<\/p>\n<p>Presidenti dhe kryeprokurorja jan\u00eb \u00e7do dit\u00eb t\u00eb akuzuarit e m\u00ebdhenj n\u00eb faqet e para t\u00eb gazetave t\u00eb tyre dhe n\u00eb veprime institucionale t\u00eb pushtetit. Kjo ka zem\u00ebruar Per\u00ebndimin, por dhe shqiptar\u00ebt. Nuk di pse lodhen kaq shum\u00eb tani t\u00eb rishp\u00ebrndahen p\u00ebr tu bashkuar m\u00eb pas. Nuk ka m\u00eb nj\u00eb dat\u00eb q\u00eb ata duhet ta kalojn\u00eb duke na g\u00ebnjyer ne dhe Evrop\u00ebn. Nuk ka m\u00eb nj\u00eb shans t\u00eb dyt\u00eb q\u00eb ata t\u00eb grabisin ftes\u00ebn p\u00ebr n\u00eb BE si mandatin e Tiran\u00ebs. Nuk ka m\u00eb nevoj\u00eb t\u00eb b\u00ebhen qesharak\u00eb sikur nuk jan\u00eb t\u00eb nj\u00ebjt\u00ebt, edhe pse jan\u00eb Nj\u00eb. Nuk \u00ebsht\u00eb fushat\u00eb, nuk kan\u00eb pun\u00eb vet\u00ebm me shqiptar\u00eb.<\/p>\n","protected":false},"excerpt":{"rendered":"<p>Nga Mero Baze, 4 Shkurt 2012 E mbani mend fushat\u00ebn e 8 majit? Po u kujtoj disa detaje. Ilir Meta nuk doli asnj\u00eb dit\u00eb me Sali Berish\u00ebn n\u00eb krah se \u201ci prishte pun\u00eb\u201d ajo puna e videos. Sh\u00ebtiste i vet\u00ebm n\u00ebp\u00ebr Shqip\u00ebri, nd\u00ebrsa t\u00eb rinjt\u00eb e tij mb\u00ebshtesnin Lul\u00ebzim Bash\u00ebn n\u00eb Tiran\u00eb. Sapo zgjedhjet mbaruan, [&hellip;]<\/p>\n","protected":false},"author":1,"featured_media":0,"comment_status":"open","ping_status":"closed","sticky":false,"template":"","format":"standard","meta":{"footnotes":""},"categories":[2],"tags":[],"class_list":{"0":"post-11665","1":"post","2":"type-post","3":"status-publish","4":"format-standard","6":"category-artikuj"},"yoast_head":"<!-- This site is optimized with the Yoast SEO plugin v27.4 - https:\/\/yoast.com\/product\/yoast-seo-wordpress\/ -->\n<title>Si n\u00eb fushat\u00eb! - FjALA e LIR\u00cb - Arkivi<\/title>\n<meta name=\"robots\" content=\"index, follow, max-snippet:-1, max-image-preview:large, max-video-preview:-1\" \/>\n<link rel=\"canonical\" href=\"https:\/\/fjala.info\/2009-2015\/si-ne-fushate\/\" \/>\n<meta property=\"og:locale\" content=\"sq_AL\" \/>\n<meta property=\"og:type\" content=\"article\" \/>\n<meta property=\"og:title\" content=\"Si n\u00eb fushat\u00eb! - FjALA e LIR\u00cb - Arkivi\" \/>\n<meta property=\"og:description\" content=\"Nga Mero Baze, 4 Shkurt 2012 E mbani mend fushat\u00ebn e 8 majit? Po u kujtoj disa detaje. Ilir Meta nuk doli asnj\u00eb dit\u00eb me Sali Berish\u00ebn n\u00eb krah se \u201ci prishte pun\u00eb\u201d ajo puna e videos. Sh\u00ebtiste i vet\u00ebm n\u00ebp\u00ebr Shqip\u00ebri, nd\u00ebrsa t\u00eb rinjt\u00eb e tij mb\u00ebshtesnin Lul\u00ebzim Bash\u00ebn n\u00eb Tiran\u00eb. Sapo zgjedhjet mbaruan, [&hellip;]\" \/>\n<meta property=\"og:url\" content=\"https:\/\/fjala.info\/2009-2015\/si-ne-fushate\/\" \/>\n<meta property=\"og:site_name\" content=\"FjALA e LIR\u00cb - Arkivi\" \/>\n<meta property=\"article:published_time\" content=\"2012-02-04T21:10:03+00:00\" \/>\n<meta property=\"og:image\" content=\"http:\/\/www.shkoder.net\/images\/fjala\/mero_baze1.jpg\" \/>\n<meta name=\"author\" content=\"admin\" \/>\n<meta name=\"twitter:card\" content=\"summary_large_image\" \/>\n<meta name=\"twitter:label1\" content=\"Written by\" \/>\n\t<meta name=\"twitter:data1\" content=\"admin\" \/>\n\t<meta name=\"twitter:label2\" content=\"Est. reading time\" \/>\n\t<meta name=\"twitter:data2\" content=\"6 minutes\" \/>\n<script type=\"application\/ld+json\" class=\"yoast-schema-graph\">{\"@context\":\"https:\\\/\\\/schema.org\",\"@graph\":[{\"@type\":\"Article\",\"@id\":\"https:\\\/\\\/fjala.info\\\/2009-2015\\\/si-ne-fushate\\\/#article\",\"isPartOf\":{\"@id\":\"https:\\\/\\\/fjala.info\\\/2009-2015\\\/si-ne-fushate\\\/\"},\"author\":{\"name\":\"admin\",\"@id\":\"https:\\\/\\\/fjala.info\\\/2009-2015\\\/#\\\/schema\\\/person\\\/3aa1163ef05469c496fc94e77611ada2\"},\"headline\":\"Si n\u00eb fushat\u00eb!\",\"datePublished\":\"2012-02-04T21:10:03+00:00\",\"mainEntityOfPage\":{\"@id\":\"https:\\\/\\\/fjala.info\\\/2009-2015\\\/si-ne-fushate\\\/\"},\"wordCount\":1176,\"commentCount\":0,\"publisher\":{\"@id\":\"https:\\\/\\\/fjala.info\\\/2009-2015\\\/#organization\"},\"image\":{\"@id\":\"https:\\\/\\\/fjala.info\\\/2009-2015\\\/si-ne-fushate\\\/#primaryimage\"},\"thumbnailUrl\":\"http:\\\/\\\/www.shkoder.net\\\/images\\\/fjala\\\/mero_baze1.jpg\",\"articleSection\":[\"Artikuj\"],\"inLanguage\":\"sq-AL\",\"potentialAction\":[{\"@type\":\"CommentAction\",\"name\":\"Comment\",\"target\":[\"https:\\\/\\\/fjala.info\\\/2009-2015\\\/si-ne-fushate\\\/#respond\"]}]},{\"@type\":\"WebPage\",\"@id\":\"https:\\\/\\\/fjala.info\\\/2009-2015\\\/si-ne-fushate\\\/\",\"url\":\"https:\\\/\\\/fjala.info\\\/2009-2015\\\/si-ne-fushate\\\/\",\"name\":\"Si n\u00eb fushat\u00eb! - FjALA e LIR\u00cb - Arkivi\",\"isPartOf\":{\"@id\":\"https:\\\/\\\/fjala.info\\\/2009-2015\\\/#website\"},\"primaryImageOfPage\":{\"@id\":\"https:\\\/\\\/fjala.info\\\/2009-2015\\\/si-ne-fushate\\\/#primaryimage\"},\"image\":{\"@id\":\"https:\\\/\\\/fjala.info\\\/2009-2015\\\/si-ne-fushate\\\/#primaryimage\"},\"thumbnailUrl\":\"http:\\\/\\\/www.shkoder.net\\\/images\\\/fjala\\\/mero_baze1.jpg\",\"datePublished\":\"2012-02-04T21:10:03+00:00\",\"breadcrumb\":{\"@id\":\"https:\\\/\\\/fjala.info\\\/2009-2015\\\/si-ne-fushate\\\/#breadcrumb\"},\"inLanguage\":\"sq-AL\",\"potentialAction\":[{\"@type\":\"ReadAction\",\"target\":[\"https:\\\/\\\/fjala.info\\\/2009-2015\\\/si-ne-fushate\\\/\"]}]},{\"@type\":\"ImageObject\",\"inLanguage\":\"sq-AL\",\"@id\":\"https:\\\/\\\/fjala.info\\\/2009-2015\\\/si-ne-fushate\\\/#primaryimage\",\"url\":\"http:\\\/\\\/www.shkoder.net\\\/images\\\/fjala\\\/mero_baze1.jpg\",\"contentUrl\":\"http:\\\/\\\/www.shkoder.net\\\/images\\\/fjala\\\/mero_baze1.jpg\"},{\"@type\":\"BreadcrumbList\",\"@id\":\"https:\\\/\\\/fjala.info\\\/2009-2015\\\/si-ne-fushate\\\/#breadcrumb\",\"itemListElement\":[{\"@type\":\"ListItem\",\"position\":1,\"name\":\"Home\",\"item\":\"https:\\\/\\\/fjala.info\\\/2009-2015\\\/\"},{\"@type\":\"ListItem\",\"position\":2,\"name\":\"Si n\u00eb fushat\u00eb!\"}]},{\"@type\":\"WebSite\",\"@id\":\"https:\\\/\\\/fjala.info\\\/2009-2015\\\/#website\",\"url\":\"https:\\\/\\\/fjala.info\\\/2009-2015\\\/\",\"name\":\"FjALA e LIR\u00cb - Arkivi\",\"description\":\"Arkivi 2009-2015\",\"publisher\":{\"@id\":\"https:\\\/\\\/fjala.info\\\/2009-2015\\\/#organization\"},\"potentialAction\":[{\"@type\":\"SearchAction\",\"target\":{\"@type\":\"EntryPoint\",\"urlTemplate\":\"https:\\\/\\\/fjala.info\\\/2009-2015\\\/?s={search_term_string}\"},\"query-input\":{\"@type\":\"PropertyValueSpecification\",\"valueRequired\":true,\"valueName\":\"search_term_string\"}}],\"inLanguage\":\"sq-AL\"},{\"@type\":\"Organization\",\"@id\":\"https:\\\/\\\/fjala.info\\\/2009-2015\\\/#organization\",\"name\":\"FjALA e LIR\u00cb - Arkivi\",\"url\":\"https:\\\/\\\/fjala.info\\\/2009-2015\\\/\",\"logo\":{\"@type\":\"ImageObject\",\"inLanguage\":\"sq-AL\",\"@id\":\"https:\\\/\\\/fjala.info\\\/2009-2015\\\/#\\\/schema\\\/logo\\\/image\\\/\",\"url\":\"\",\"contentUrl\":\"\",\"caption\":\"FjALA e LIR\u00cb - Arkivi\"},\"image\":{\"@id\":\"https:\\\/\\\/fjala.info\\\/2009-2015\\\/#\\\/schema\\\/logo\\\/image\\\/\"}},{\"@type\":\"Person\",\"@id\":\"https:\\\/\\\/fjala.info\\\/2009-2015\\\/#\\\/schema\\\/person\\\/3aa1163ef05469c496fc94e77611ada2\",\"name\":\"admin\",\"image\":{\"@type\":\"ImageObject\",\"inLanguage\":\"sq-AL\",\"@id\":\"https:\\\/\\\/fjala.info\\\/2009-2015\\\/wp-content\\\/uploads\\\/2012\\\/02\\\/arben_cokaj-120x150.jpg\",\"url\":\"https:\\\/\\\/fjala.info\\\/2009-2015\\\/wp-content\\\/uploads\\\/2012\\\/02\\\/arben_cokaj-120x150.jpg\",\"contentUrl\":\"https:\\\/\\\/fjala.info\\\/2009-2015\\\/wp-content\\\/uploads\\\/2012\\\/02\\\/arben_cokaj-120x150.jpg\",\"caption\":\"admin\"},\"description\":\"Admin, Fjala e Lir\u00eb\",\"sameAs\":[\"https:\\\/\\\/fjala.info\\\/\"],\"url\":\"https:\\\/\\\/fjala.info\\\/2009-2015\\\/author\\\/admin\\\/\"}]}<\/script>\n<!-- \/ Yoast SEO plugin. -->","yoast_head_json":{"title":"Si n\u00eb fushat\u00eb! - FjALA e LIR\u00cb - Arkivi","robots":{"index":"index","follow":"follow","max-snippet":"max-snippet:-1","max-image-preview":"max-image-preview:large","max-video-preview":"max-video-preview:-1"},"canonical":"https:\/\/fjala.info\/2009-2015\/si-ne-fushate\/","og_locale":"sq_AL","og_type":"article","og_title":"Si n\u00eb fushat\u00eb! - FjALA e LIR\u00cb - Arkivi","og_description":"Nga Mero Baze, 4 Shkurt 2012 E mbani mend fushat\u00ebn e 8 majit? Po u kujtoj disa detaje. Ilir Meta nuk doli asnj\u00eb dit\u00eb me Sali Berish\u00ebn n\u00eb krah se \u201ci prishte pun\u00eb\u201d ajo puna e videos. Sh\u00ebtiste i vet\u00ebm n\u00ebp\u00ebr Shqip\u00ebri, nd\u00ebrsa t\u00eb rinjt\u00eb e tij mb\u00ebshtesnin Lul\u00ebzim Bash\u00ebn n\u00eb Tiran\u00eb. Sapo zgjedhjet mbaruan, [&hellip;]","og_url":"https:\/\/fjala.info\/2009-2015\/si-ne-fushate\/","og_site_name":"FjALA e LIR\u00cb - Arkivi","article_published_time":"2012-02-04T21:10:03+00:00","og_image":[{"url":"http:\/\/www.shkoder.net\/images\/fjala\/mero_baze1.jpg","type":"","width":"","height":""}],"author":"admin","twitter_card":"summary_large_image","twitter_misc":{"Written by":"admin","Est. reading time":"6 minutes"},"schema":{"@context":"https:\/\/schema.org","@graph":[{"@type":"Article","@id":"https:\/\/fjala.info\/2009-2015\/si-ne-fushate\/#article","isPartOf":{"@id":"https:\/\/fjala.info\/2009-2015\/si-ne-fushate\/"},"author":{"name":"admin","@id":"https:\/\/fjala.info\/2009-2015\/#\/schema\/person\/3aa1163ef05469c496fc94e77611ada2"},"headline":"Si n\u00eb fushat\u00eb!","datePublished":"2012-02-04T21:10:03+00:00","mainEntityOfPage":{"@id":"https:\/\/fjala.info\/2009-2015\/si-ne-fushate\/"},"wordCount":1176,"commentCount":0,"publisher":{"@id":"https:\/\/fjala.info\/2009-2015\/#organization"},"image":{"@id":"https:\/\/fjala.info\/2009-2015\/si-ne-fushate\/#primaryimage"},"thumbnailUrl":"http:\/\/www.shkoder.net\/images\/fjala\/mero_baze1.jpg","articleSection":["Artikuj"],"inLanguage":"sq-AL","potentialAction":[{"@type":"CommentAction","name":"Comment","target":["https:\/\/fjala.info\/2009-2015\/si-ne-fushate\/#respond"]}]},{"@type":"WebPage","@id":"https:\/\/fjala.info\/2009-2015\/si-ne-fushate\/","url":"https:\/\/fjala.info\/2009-2015\/si-ne-fushate\/","name":"Si n\u00eb fushat\u00eb! - FjALA e LIR\u00cb - Arkivi","isPartOf":{"@id":"https:\/\/fjala.info\/2009-2015\/#website"},"primaryImageOfPage":{"@id":"https:\/\/fjala.info\/2009-2015\/si-ne-fushate\/#primaryimage"},"image":{"@id":"https:\/\/fjala.info\/2009-2015\/si-ne-fushate\/#primaryimage"},"thumbnailUrl":"http:\/\/www.shkoder.net\/images\/fjala\/mero_baze1.jpg","datePublished":"2012-02-04T21:10:03+00:00","breadcrumb":{"@id":"https:\/\/fjala.info\/2009-2015\/si-ne-fushate\/#breadcrumb"},"inLanguage":"sq-AL","potentialAction":[{"@type":"ReadAction","target":["https:\/\/fjala.info\/2009-2015\/si-ne-fushate\/"]}]},{"@type":"ImageObject","inLanguage":"sq-AL","@id":"https:\/\/fjala.info\/2009-2015\/si-ne-fushate\/#primaryimage","url":"http:\/\/www.shkoder.net\/images\/fjala\/mero_baze1.jpg","contentUrl":"http:\/\/www.shkoder.net\/images\/fjala\/mero_baze1.jpg"},{"@type":"BreadcrumbList","@id":"https:\/\/fjala.info\/2009-2015\/si-ne-fushate\/#breadcrumb","itemListElement":[{"@type":"ListItem","position":1,"name":"Home","item":"https:\/\/fjala.info\/2009-2015\/"},{"@type":"ListItem","position":2,"name":"Si n\u00eb fushat\u00eb!"}]},{"@type":"WebSite","@id":"https:\/\/fjala.info\/2009-2015\/#website","url":"https:\/\/fjala.info\/2009-2015\/","name":"FjALA e LIR\u00cb - Arkivi","description":"Arkivi 2009-2015","publisher":{"@id":"https:\/\/fjala.info\/2009-2015\/#organization"},"potentialAction":[{"@type":"SearchAction","target":{"@type":"EntryPoint","urlTemplate":"https:\/\/fjala.info\/2009-2015\/?s={search_term_string}"},"query-input":{"@type":"PropertyValueSpecification","valueRequired":true,"valueName":"search_term_string"}}],"inLanguage":"sq-AL"},{"@type":"Organization","@id":"https:\/\/fjala.info\/2009-2015\/#organization","name":"FjALA e LIR\u00cb - Arkivi","url":"https:\/\/fjala.info\/2009-2015\/","logo":{"@type":"ImageObject","inLanguage":"sq-AL","@id":"https:\/\/fjala.info\/2009-2015\/#\/schema\/logo\/image\/","url":"","contentUrl":"","caption":"FjALA e LIR\u00cb - Arkivi"},"image":{"@id":"https:\/\/fjala.info\/2009-2015\/#\/schema\/logo\/image\/"}},{"@type":"Person","@id":"https:\/\/fjala.info\/2009-2015\/#\/schema\/person\/3aa1163ef05469c496fc94e77611ada2","name":"admin","image":{"@type":"ImageObject","inLanguage":"sq-AL","@id":"https:\/\/fjala.info\/2009-2015\/wp-content\/uploads\/2012\/02\/arben_cokaj-120x150.jpg","url":"https:\/\/fjala.info\/2009-2015\/wp-content\/uploads\/2012\/02\/arben_cokaj-120x150.jpg","contentUrl":"https:\/\/fjala.info\/2009-2015\/wp-content\/uploads\/2012\/02\/arben_cokaj-120x150.jpg","caption":"admin"},"description":"Admin, Fjala e Lir\u00eb","sameAs":["https:\/\/fjala.info\/"],"url":"https:\/\/fjala.info\/2009-2015\/author\/admin\/"}]}},"_links":{"self":[{"href":"https:\/\/fjala.info\/2009-2015\/wp-json\/wp\/v2\/posts\/11665","targetHints":{"allow":["GET"]}}],"collection":[{"href":"https:\/\/fjala.info\/2009-2015\/wp-json\/wp\/v2\/posts"}],"about":[{"href":"https:\/\/fjala.info\/2009-2015\/wp-json\/wp\/v2\/types\/post"}],"author":[{"embeddable":true,"href":"https:\/\/fjala.info\/2009-2015\/wp-json\/wp\/v2\/users\/1"}],"replies":[{"embeddable":true,"href":"https:\/\/fjala.info\/2009-2015\/wp-json\/wp\/v2\/comments?post=11665"}],"version-history":[{"count":0,"href":"https:\/\/fjala.info\/2009-2015\/wp-json\/wp\/v2\/posts\/11665\/revisions"}],"wp:attachment":[{"href":"https:\/\/fjala.info\/2009-2015\/wp-json\/wp\/v2\/media?parent=11665"}],"wp:term":[{"taxonomy":"category","embeddable":true,"href":"https:\/\/fjala.info\/2009-2015\/wp-json\/wp\/v2\/categories?post=11665"},{"taxonomy":"post_tag","embeddable":true,"href":"https:\/\/fjala.info\/2009-2015\/wp-json\/wp\/v2\/tags?post=11665"}],"curies":[{"name":"wp","href":"https:\/\/api.w.org\/{rel}","templated":true}]}}