{"id":11664,"date":"2012-02-03T20:40:18","date_gmt":"2012-02-03T19:40:18","guid":{"rendered":"http:\/\/fjala.shkoder.net\/?p=1562"},"modified":"2012-02-03T20:40:18","modified_gmt":"2012-02-03T19:40:18","slug":"eshte-berisha-qe-ngjit-yllin-basha-jo-basha-qe-ul-yllin-berisha","status":"publish","type":"post","link":"https:\/\/fjala.info\/2009-2015\/eshte-berisha-qe-ngjit-yllin-basha-jo-basha-qe-ul-yllin-berisha\/","title":{"rendered":"\u00cbsht\u00eb Berisha q\u00eb ngjit \u201cyllin Basha\u201d, jo Basha q\u00eb ul \u201cyllin Berisha\u201d"},"content":{"rendered":"<p><img decoding=\"async\" class=\"alignleft size-thumbnail wp-image-7236\" title=\"Berisha - Basha\" src=\"http:\/\/www.shkoder.net\/images\/fjala\/2011\/berisha_basha.jpg\" alt=\"\" width=\"300\" \/> <strong>Migena Aleksi<\/strong><\/p>\n<p>Ambasadori Arvizu e quajti Lulzim Bash\u00ebn nj\u00eb \u201cyll n\u00eb ngjitje\u201d. Thuajse nj\u00ebkoh\u00ebsisht, vet\u00eb Basha \u2013 ish-ministri i Brendsh\u00ebm i 21 janarit \u2013 nga studio e \u201cZ\u00ebrit t\u00eb Amerik\u00ebs\u201d, foli p\u00ebr \u201c4 t\u00eb pafajshmit e 21 janarit\u201d, (!) \u2013 nj\u00eb mesazh model p\u00ebr idiotik\u00ebn \u201c\u00e7\u2019m\u00eb duhet mua, \u00e7far\u00eb kam b\u00ebr\u00eb un\u00eb\u201d.<\/p>\n<p>M. Nano n\u00eb blogun e tij habitet me at\u00eb q\u00eb ai e quan \u201cshp\u00ebrthim t\u00eb Bash\u00ebs\u201d dhe shkruan se Basha po aludon se \u201cme Berish\u00ebn nuk kam t\u00eb b\u00ebj\u201d, ose \u201cBerisha n\u00eb pun\u00eb t\u00eb vet, un\u00eb n\u00eb timen\u201d.<\/p>\n<p>Kolegu i tij n\u00eb blog, E. Zaloshnja shkon edhe m\u00eb tej, i kumton publikut se \u201camerikan\u00ebt e dhan\u00eb mesazhin, Berisha ik liroji rrug\u00ebn Bash\u00ebs\u201d.<\/p>\n<p>M. Baze, pena m\u00eb e fort\u00eb e opozit\u00ebs, flet p\u00ebr Bash\u00ebn lajm\u00ebs, d.m.th., \u201camerikan\u00ebt kan\u00eb vendosur t\u2019i japin mesazhe pak\u00ebnaq\u00ebsie Berish\u00ebs, n\u00ebp\u00ebrmjet Bash\u00ebs\u201d, \u2013 thot\u00eb Baze.<\/p>\n<p>Nano e Zaloshnja, tregohen naiv\u00eb ndoshta edhe p\u00ebr hir t\u00eb natyr\u00ebs fast t\u00eb blogut ku shkruajn\u00eb. K\u00ebrkoj ndjes\u00eb n\u00ebse i kam keqkuptuar, por padashur amplifikojn\u00eb pik\u00ebrisht iden\u00eb e rreme q\u00eb Berisha, Basha dhe lobuesit e tyre d\u00ebshirojn\u00eb t\u00eb amplifikojn\u00eb. Kurse kolegu i nderuar Baze, e kripton disi m\u00eb tep\u00ebr nga \u00e7\u2019\u00ebsht\u00eb e nevojshme situat\u00ebn. SHBA-t\u00eb nuk kan\u00eb nevoj\u00eb t\u00eb p\u00ebrdorin Bash\u00ebn p\u00ebr t\u2019i dh\u00ebn\u00eb mesazhe kaq t\u00eb fshehura Berish\u00ebs. Thjesht nuk \u00ebsht\u00eb e nevojshme. Ka m\u00ebnyra t\u00eb tjera shum\u00eb m\u00eb komode p\u00ebr t\u2019i dh\u00ebn\u00eb k\u00ebto mesazhe n\u00ebse d\u00ebshirojn\u00eb t\u2019i japin.<\/p>\n<p>Nuk \u00ebsht\u00eb Basha ai q\u00eb po ia ul Berish\u00ebs yllin. Nuk ka si t\u00eb jet\u00eb edhe i till\u00eb edhe ish-minist\u00ebr i 21 janarit, i Durr\u00ebs-Kuk\u00ebs, i Paktit Detar etj., nj\u00ebkoh\u00ebsisht. As nuk \u00ebsht\u00eb \u201ci p\u00ebrzgjedhuri\u201d p\u00ebr t\u2019i ulur ndonj\u00eb gj\u00eb Berish\u00ebs, sepse n\u00eb fakt \u00ebsht\u00eb i \u201cp\u00ebrzgjedhuri\u201d i vet\u00eb Berish\u00ebs. \u00cbsht\u00eb Berisha q\u00eb e ka k\u00ebrkuar faz\u00ebn e re t\u00eb \u201cngjitjes s\u00eb yllit Basha\u201d. Edhe intervista me fytyr\u00eb t\u00eb ngrir\u00eb geishe n\u00eb \u201cVOA\u201d, q\u00eb i b\u00ebn p\u00ebrshtypje Mustafait, \u00ebsht\u00eb e miratuar fjal\u00eb m\u00eb fjal\u00eb nga Berisha. Ve\u00e7se Berisha, ka shum\u00eb arsye q\u00eb lan\u00e7imin e nivelit t\u00eb ri t\u00eb ngjitjes s\u00eb yllit t\u00eb mos e b\u00ebj vet\u00eb.<\/p>\n<p>Arsyet mund t\u00eb lidhen me nevoj\u00ebn q\u00eb publiku t\u00eb besoj \u201cnd\u00ebshkimin\u201d e tij politik, mund t\u00eb lidhen me kreditet e tij t\u00eb shkat\u00ebrruara publike dhe\/ose me situat\u00ebn n\u00eb PD; mund t\u00eb lidhen me t\u00eb gjitha k\u00ebto bashk\u00eb, po \u00e7\u2019r\u00ebnd\u00ebsi ka fundja. Se ku do t\u00eb arrij\u00eb neveria e hipokrizis\u00eb k\u00ebsaj here, le ta shohim, por hiqeni nga mendja se Berisha nuk \u00ebsht\u00eb shkrimtar dhe bashk\u00ebshkrimtar i novel\u00ebs me yje, p\u00ebrfshir\u00eb kapitullin ku lan\u00e7imin e nivelit t\u00eb ardhsh\u00ebm t\u00eb yllit e kan\u00eb marr\u00eb p\u00ebrsip\u00ebr t\u00eb tjer\u00eb.<\/p>\n<p>E qart\u00eb \u00ebsht\u00eb q\u00eb si me t\u00eb vjetrin Berish\u00eb t\u00eb ri, si me t\u00eb riun Bash\u00eb t\u00eb vjet\u00ebr, planet jan\u00eb q\u00eb mazhoranca e sotme t\u2019ia marr\u00eb edhe 2013-n opozit\u00ebs s\u00eb mekur e t\u00eb kompleksuar q\u00eb vazhdon t\u00eb mos doj\u00eb e t\u00eb mos dij\u00eb t\u00eb kuptoj\u00eb q\u00eb kush k\u00ebrkon pak, nuk merr asgj\u00eb. Perndryshe nderkombetaret nuk kishin pse ndihmonin nje rotacion brenda PD-se, nese do preferonin nje rotacion PD-PS.<\/p>\n","protected":false},"excerpt":{"rendered":"<p>Migena Aleksi Ambasadori Arvizu e quajti Lulzim Bash\u00ebn nj\u00eb \u201cyll n\u00eb ngjitje\u201d. Thuajse nj\u00ebkoh\u00ebsisht, vet\u00eb Basha \u2013 ish-ministri i Brendsh\u00ebm i 21 janarit \u2013 nga studio e \u201cZ\u00ebrit t\u00eb Amerik\u00ebs\u201d, foli p\u00ebr \u201c4 t\u00eb pafajshmit e 21 janarit\u201d, (!) \u2013 nj\u00eb mesazh model p\u00ebr idiotik\u00ebn \u201c\u00e7\u2019m\u00eb duhet mua, \u00e7far\u00eb kam b\u00ebr\u00eb un\u00eb\u201d. M. Nano n\u00eb [&hellip;]<\/p>\n","protected":false},"author":1,"featured_media":0,"comment_status":"open","ping_status":"closed","sticky":false,"template":"","format":"standard","meta":{"footnotes":""},"categories":[2],"tags":[],"class_list":{"0":"post-11664","1":"post","2":"type-post","3":"status-publish","4":"format-standard","6":"category-artikuj"},"yoast_head":"<!-- This site is optimized with the Yoast SEO plugin v27.4 - https:\/\/yoast.com\/product\/yoast-seo-wordpress\/ -->\n<title>\u00cbsht\u00eb Berisha q\u00eb ngjit \u201cyllin Basha\u201d, jo Basha q\u00eb ul \u201cyllin Berisha\u201d - FjALA e LIR\u00cb - Arkivi<\/title>\n<meta name=\"robots\" content=\"index, follow, max-snippet:-1, max-image-preview:large, max-video-preview:-1\" \/>\n<link rel=\"canonical\" href=\"https:\/\/fjala.info\/2009-2015\/eshte-berisha-qe-ngjit-yllin-basha-jo-basha-qe-ul-yllin-berisha\/\" \/>\n<meta property=\"og:locale\" content=\"sq_AL\" \/>\n<meta property=\"og:type\" content=\"article\" \/>\n<meta property=\"og:title\" content=\"\u00cbsht\u00eb Berisha q\u00eb ngjit \u201cyllin Basha\u201d, jo Basha q\u00eb ul \u201cyllin Berisha\u201d - FjALA e LIR\u00cb - Arkivi\" \/>\n<meta property=\"og:description\" content=\"Migena Aleksi Ambasadori Arvizu e quajti Lulzim Bash\u00ebn nj\u00eb \u201cyll n\u00eb ngjitje\u201d. Thuajse nj\u00ebkoh\u00ebsisht, vet\u00eb Basha \u2013 ish-ministri i Brendsh\u00ebm i 21 janarit \u2013 nga studio e \u201cZ\u00ebrit t\u00eb Amerik\u00ebs\u201d, foli p\u00ebr \u201c4 t\u00eb pafajshmit e 21 janarit\u201d, (!) \u2013 nj\u00eb mesazh model p\u00ebr idiotik\u00ebn \u201c\u00e7\u2019m\u00eb duhet mua, \u00e7far\u00eb kam b\u00ebr\u00eb un\u00eb\u201d. M. Nano n\u00eb [&hellip;]\" \/>\n<meta property=\"og:url\" content=\"https:\/\/fjala.info\/2009-2015\/eshte-berisha-qe-ngjit-yllin-basha-jo-basha-qe-ul-yllin-berisha\/\" \/>\n<meta property=\"og:site_name\" content=\"FjALA e LIR\u00cb - Arkivi\" \/>\n<meta property=\"article:published_time\" content=\"2012-02-03T19:40:18+00:00\" \/>\n<meta property=\"og:image\" content=\"http:\/\/www.shkoder.net\/images\/fjala\/2011\/berisha_basha.jpg\" \/>\n<meta name=\"author\" content=\"admin\" \/>\n<meta name=\"twitter:card\" content=\"summary_large_image\" \/>\n<meta name=\"twitter:label1\" content=\"Written by\" \/>\n\t<meta name=\"twitter:data1\" content=\"admin\" \/>\n\t<meta name=\"twitter:label2\" content=\"Est. reading time\" \/>\n\t<meta name=\"twitter:data2\" content=\"3 minutes\" \/>\n<script type=\"application\/ld+json\" class=\"yoast-schema-graph\">{\"@context\":\"https:\\\/\\\/schema.org\",\"@graph\":[{\"@type\":\"Article\",\"@id\":\"https:\\\/\\\/fjala.info\\\/2009-2015\\\/eshte-berisha-qe-ngjit-yllin-basha-jo-basha-qe-ul-yllin-berisha\\\/#article\",\"isPartOf\":{\"@id\":\"https:\\\/\\\/fjala.info\\\/2009-2015\\\/eshte-berisha-qe-ngjit-yllin-basha-jo-basha-qe-ul-yllin-berisha\\\/\"},\"author\":{\"name\":\"admin\",\"@id\":\"https:\\\/\\\/fjala.info\\\/2009-2015\\\/#\\\/schema\\\/person\\\/3aa1163ef05469c496fc94e77611ada2\"},\"headline\":\"\u00cbsht\u00eb Berisha q\u00eb ngjit \u201cyllin Basha\u201d, jo Basha q\u00eb ul \u201cyllin Berisha\u201d\",\"datePublished\":\"2012-02-03T19:40:18+00:00\",\"mainEntityOfPage\":{\"@id\":\"https:\\\/\\\/fjala.info\\\/2009-2015\\\/eshte-berisha-qe-ngjit-yllin-basha-jo-basha-qe-ul-yllin-berisha\\\/\"},\"wordCount\":584,\"commentCount\":0,\"publisher\":{\"@id\":\"https:\\\/\\\/fjala.info\\\/2009-2015\\\/#organization\"},\"image\":{\"@id\":\"https:\\\/\\\/fjala.info\\\/2009-2015\\\/eshte-berisha-qe-ngjit-yllin-basha-jo-basha-qe-ul-yllin-berisha\\\/#primaryimage\"},\"thumbnailUrl\":\"http:\\\/\\\/www.shkoder.net\\\/images\\\/fjala\\\/2011\\\/berisha_basha.jpg\",\"articleSection\":[\"Artikuj\"],\"inLanguage\":\"sq-AL\",\"potentialAction\":[{\"@type\":\"CommentAction\",\"name\":\"Comment\",\"target\":[\"https:\\\/\\\/fjala.info\\\/2009-2015\\\/eshte-berisha-qe-ngjit-yllin-basha-jo-basha-qe-ul-yllin-berisha\\\/#respond\"]}]},{\"@type\":\"WebPage\",\"@id\":\"https:\\\/\\\/fjala.info\\\/2009-2015\\\/eshte-berisha-qe-ngjit-yllin-basha-jo-basha-qe-ul-yllin-berisha\\\/\",\"url\":\"https:\\\/\\\/fjala.info\\\/2009-2015\\\/eshte-berisha-qe-ngjit-yllin-basha-jo-basha-qe-ul-yllin-berisha\\\/\",\"name\":\"\u00cbsht\u00eb Berisha q\u00eb ngjit \u201cyllin Basha\u201d, jo Basha q\u00eb ul \u201cyllin Berisha\u201d - FjALA e LIR\u00cb - Arkivi\",\"isPartOf\":{\"@id\":\"https:\\\/\\\/fjala.info\\\/2009-2015\\\/#website\"},\"primaryImageOfPage\":{\"@id\":\"https:\\\/\\\/fjala.info\\\/2009-2015\\\/eshte-berisha-qe-ngjit-yllin-basha-jo-basha-qe-ul-yllin-berisha\\\/#primaryimage\"},\"image\":{\"@id\":\"https:\\\/\\\/fjala.info\\\/2009-2015\\\/eshte-berisha-qe-ngjit-yllin-basha-jo-basha-qe-ul-yllin-berisha\\\/#primaryimage\"},\"thumbnailUrl\":\"http:\\\/\\\/www.shkoder.net\\\/images\\\/fjala\\\/2011\\\/berisha_basha.jpg\",\"datePublished\":\"2012-02-03T19:40:18+00:00\",\"breadcrumb\":{\"@id\":\"https:\\\/\\\/fjala.info\\\/2009-2015\\\/eshte-berisha-qe-ngjit-yllin-basha-jo-basha-qe-ul-yllin-berisha\\\/#breadcrumb\"},\"inLanguage\":\"sq-AL\",\"potentialAction\":[{\"@type\":\"ReadAction\",\"target\":[\"https:\\\/\\\/fjala.info\\\/2009-2015\\\/eshte-berisha-qe-ngjit-yllin-basha-jo-basha-qe-ul-yllin-berisha\\\/\"]}]},{\"@type\":\"ImageObject\",\"inLanguage\":\"sq-AL\",\"@id\":\"https:\\\/\\\/fjala.info\\\/2009-2015\\\/eshte-berisha-qe-ngjit-yllin-basha-jo-basha-qe-ul-yllin-berisha\\\/#primaryimage\",\"url\":\"http:\\\/\\\/www.shkoder.net\\\/images\\\/fjala\\\/2011\\\/berisha_basha.jpg\",\"contentUrl\":\"http:\\\/\\\/www.shkoder.net\\\/images\\\/fjala\\\/2011\\\/berisha_basha.jpg\"},{\"@type\":\"BreadcrumbList\",\"@id\":\"https:\\\/\\\/fjala.info\\\/2009-2015\\\/eshte-berisha-qe-ngjit-yllin-basha-jo-basha-qe-ul-yllin-berisha\\\/#breadcrumb\",\"itemListElement\":[{\"@type\":\"ListItem\",\"position\":1,\"name\":\"Home\",\"item\":\"https:\\\/\\\/fjala.info\\\/2009-2015\\\/\"},{\"@type\":\"ListItem\",\"position\":2,\"name\":\"\u00cbsht\u00eb Berisha q\u00eb ngjit \u201cyllin Basha\u201d, jo Basha q\u00eb ul \u201cyllin Berisha\u201d\"}]},{\"@type\":\"WebSite\",\"@id\":\"https:\\\/\\\/fjala.info\\\/2009-2015\\\/#website\",\"url\":\"https:\\\/\\\/fjala.info\\\/2009-2015\\\/\",\"name\":\"FjALA e LIR\u00cb - Arkivi\",\"description\":\"Arkivi 2009-2015\",\"publisher\":{\"@id\":\"https:\\\/\\\/fjala.info\\\/2009-2015\\\/#organization\"},\"potentialAction\":[{\"@type\":\"SearchAction\",\"target\":{\"@type\":\"EntryPoint\",\"urlTemplate\":\"https:\\\/\\\/fjala.info\\\/2009-2015\\\/?s={search_term_string}\"},\"query-input\":{\"@type\":\"PropertyValueSpecification\",\"valueRequired\":true,\"valueName\":\"search_term_string\"}}],\"inLanguage\":\"sq-AL\"},{\"@type\":\"Organization\",\"@id\":\"https:\\\/\\\/fjala.info\\\/2009-2015\\\/#organization\",\"name\":\"FjALA e LIR\u00cb - Arkivi\",\"url\":\"https:\\\/\\\/fjala.info\\\/2009-2015\\\/\",\"logo\":{\"@type\":\"ImageObject\",\"inLanguage\":\"sq-AL\",\"@id\":\"https:\\\/\\\/fjala.info\\\/2009-2015\\\/#\\\/schema\\\/logo\\\/image\\\/\",\"url\":\"\",\"contentUrl\":\"\",\"caption\":\"FjALA e LIR\u00cb - Arkivi\"},\"image\":{\"@id\":\"https:\\\/\\\/fjala.info\\\/2009-2015\\\/#\\\/schema\\\/logo\\\/image\\\/\"}},{\"@type\":\"Person\",\"@id\":\"https:\\\/\\\/fjala.info\\\/2009-2015\\\/#\\\/schema\\\/person\\\/3aa1163ef05469c496fc94e77611ada2\",\"name\":\"admin\",\"image\":{\"@type\":\"ImageObject\",\"inLanguage\":\"sq-AL\",\"@id\":\"https:\\\/\\\/fjala.info\\\/2009-2015\\\/wp-content\\\/uploads\\\/2012\\\/02\\\/arben_cokaj-120x150.jpg\",\"url\":\"https:\\\/\\\/fjala.info\\\/2009-2015\\\/wp-content\\\/uploads\\\/2012\\\/02\\\/arben_cokaj-120x150.jpg\",\"contentUrl\":\"https:\\\/\\\/fjala.info\\\/2009-2015\\\/wp-content\\\/uploads\\\/2012\\\/02\\\/arben_cokaj-120x150.jpg\",\"caption\":\"admin\"},\"description\":\"Admin, Fjala e Lir\u00eb\",\"sameAs\":[\"https:\\\/\\\/fjala.info\\\/\"],\"url\":\"https:\\\/\\\/fjala.info\\\/2009-2015\\\/author\\\/admin\\\/\"}]}<\/script>\n<!-- \/ Yoast SEO plugin. -->","yoast_head_json":{"title":"\u00cbsht\u00eb Berisha q\u00eb ngjit \u201cyllin Basha\u201d, jo Basha q\u00eb ul \u201cyllin Berisha\u201d - FjALA e LIR\u00cb - Arkivi","robots":{"index":"index","follow":"follow","max-snippet":"max-snippet:-1","max-image-preview":"max-image-preview:large","max-video-preview":"max-video-preview:-1"},"canonical":"https:\/\/fjala.info\/2009-2015\/eshte-berisha-qe-ngjit-yllin-basha-jo-basha-qe-ul-yllin-berisha\/","og_locale":"sq_AL","og_type":"article","og_title":"\u00cbsht\u00eb Berisha q\u00eb ngjit \u201cyllin Basha\u201d, jo Basha q\u00eb ul \u201cyllin Berisha\u201d - FjALA e LIR\u00cb - Arkivi","og_description":"Migena Aleksi Ambasadori Arvizu e quajti Lulzim Bash\u00ebn nj\u00eb \u201cyll n\u00eb ngjitje\u201d. Thuajse nj\u00ebkoh\u00ebsisht, vet\u00eb Basha \u2013 ish-ministri i Brendsh\u00ebm i 21 janarit \u2013 nga studio e \u201cZ\u00ebrit t\u00eb Amerik\u00ebs\u201d, foli p\u00ebr \u201c4 t\u00eb pafajshmit e 21 janarit\u201d, (!) \u2013 nj\u00eb mesazh model p\u00ebr idiotik\u00ebn \u201c\u00e7\u2019m\u00eb duhet mua, \u00e7far\u00eb kam b\u00ebr\u00eb un\u00eb\u201d. M. Nano n\u00eb [&hellip;]","og_url":"https:\/\/fjala.info\/2009-2015\/eshte-berisha-qe-ngjit-yllin-basha-jo-basha-qe-ul-yllin-berisha\/","og_site_name":"FjALA e LIR\u00cb - Arkivi","article_published_time":"2012-02-03T19:40:18+00:00","og_image":[{"url":"http:\/\/www.shkoder.net\/images\/fjala\/2011\/berisha_basha.jpg","type":"","width":"","height":""}],"author":"admin","twitter_card":"summary_large_image","twitter_misc":{"Written by":"admin","Est. reading time":"3 minutes"},"schema":{"@context":"https:\/\/schema.org","@graph":[{"@type":"Article","@id":"https:\/\/fjala.info\/2009-2015\/eshte-berisha-qe-ngjit-yllin-basha-jo-basha-qe-ul-yllin-berisha\/#article","isPartOf":{"@id":"https:\/\/fjala.info\/2009-2015\/eshte-berisha-qe-ngjit-yllin-basha-jo-basha-qe-ul-yllin-berisha\/"},"author":{"name":"admin","@id":"https:\/\/fjala.info\/2009-2015\/#\/schema\/person\/3aa1163ef05469c496fc94e77611ada2"},"headline":"\u00cbsht\u00eb Berisha q\u00eb ngjit \u201cyllin Basha\u201d, jo Basha q\u00eb ul \u201cyllin Berisha\u201d","datePublished":"2012-02-03T19:40:18+00:00","mainEntityOfPage":{"@id":"https:\/\/fjala.info\/2009-2015\/eshte-berisha-qe-ngjit-yllin-basha-jo-basha-qe-ul-yllin-berisha\/"},"wordCount":584,"commentCount":0,"publisher":{"@id":"https:\/\/fjala.info\/2009-2015\/#organization"},"image":{"@id":"https:\/\/fjala.info\/2009-2015\/eshte-berisha-qe-ngjit-yllin-basha-jo-basha-qe-ul-yllin-berisha\/#primaryimage"},"thumbnailUrl":"http:\/\/www.shkoder.net\/images\/fjala\/2011\/berisha_basha.jpg","articleSection":["Artikuj"],"inLanguage":"sq-AL","potentialAction":[{"@type":"CommentAction","name":"Comment","target":["https:\/\/fjala.info\/2009-2015\/eshte-berisha-qe-ngjit-yllin-basha-jo-basha-qe-ul-yllin-berisha\/#respond"]}]},{"@type":"WebPage","@id":"https:\/\/fjala.info\/2009-2015\/eshte-berisha-qe-ngjit-yllin-basha-jo-basha-qe-ul-yllin-berisha\/","url":"https:\/\/fjala.info\/2009-2015\/eshte-berisha-qe-ngjit-yllin-basha-jo-basha-qe-ul-yllin-berisha\/","name":"\u00cbsht\u00eb Berisha q\u00eb ngjit \u201cyllin Basha\u201d, jo Basha q\u00eb ul \u201cyllin Berisha\u201d - FjALA e LIR\u00cb - Arkivi","isPartOf":{"@id":"https:\/\/fjala.info\/2009-2015\/#website"},"primaryImageOfPage":{"@id":"https:\/\/fjala.info\/2009-2015\/eshte-berisha-qe-ngjit-yllin-basha-jo-basha-qe-ul-yllin-berisha\/#primaryimage"},"image":{"@id":"https:\/\/fjala.info\/2009-2015\/eshte-berisha-qe-ngjit-yllin-basha-jo-basha-qe-ul-yllin-berisha\/#primaryimage"},"thumbnailUrl":"http:\/\/www.shkoder.net\/images\/fjala\/2011\/berisha_basha.jpg","datePublished":"2012-02-03T19:40:18+00:00","breadcrumb":{"@id":"https:\/\/fjala.info\/2009-2015\/eshte-berisha-qe-ngjit-yllin-basha-jo-basha-qe-ul-yllin-berisha\/#breadcrumb"},"inLanguage":"sq-AL","potentialAction":[{"@type":"ReadAction","target":["https:\/\/fjala.info\/2009-2015\/eshte-berisha-qe-ngjit-yllin-basha-jo-basha-qe-ul-yllin-berisha\/"]}]},{"@type":"ImageObject","inLanguage":"sq-AL","@id":"https:\/\/fjala.info\/2009-2015\/eshte-berisha-qe-ngjit-yllin-basha-jo-basha-qe-ul-yllin-berisha\/#primaryimage","url":"http:\/\/www.shkoder.net\/images\/fjala\/2011\/berisha_basha.jpg","contentUrl":"http:\/\/www.shkoder.net\/images\/fjala\/2011\/berisha_basha.jpg"},{"@type":"BreadcrumbList","@id":"https:\/\/fjala.info\/2009-2015\/eshte-berisha-qe-ngjit-yllin-basha-jo-basha-qe-ul-yllin-berisha\/#breadcrumb","itemListElement":[{"@type":"ListItem","position":1,"name":"Home","item":"https:\/\/fjala.info\/2009-2015\/"},{"@type":"ListItem","position":2,"name":"\u00cbsht\u00eb Berisha q\u00eb ngjit \u201cyllin Basha\u201d, jo Basha q\u00eb ul \u201cyllin Berisha\u201d"}]},{"@type":"WebSite","@id":"https:\/\/fjala.info\/2009-2015\/#website","url":"https:\/\/fjala.info\/2009-2015\/","name":"FjALA e LIR\u00cb - Arkivi","description":"Arkivi 2009-2015","publisher":{"@id":"https:\/\/fjala.info\/2009-2015\/#organization"},"potentialAction":[{"@type":"SearchAction","target":{"@type":"EntryPoint","urlTemplate":"https:\/\/fjala.info\/2009-2015\/?s={search_term_string}"},"query-input":{"@type":"PropertyValueSpecification","valueRequired":true,"valueName":"search_term_string"}}],"inLanguage":"sq-AL"},{"@type":"Organization","@id":"https:\/\/fjala.info\/2009-2015\/#organization","name":"FjALA e LIR\u00cb - Arkivi","url":"https:\/\/fjala.info\/2009-2015\/","logo":{"@type":"ImageObject","inLanguage":"sq-AL","@id":"https:\/\/fjala.info\/2009-2015\/#\/schema\/logo\/image\/","url":"","contentUrl":"","caption":"FjALA e LIR\u00cb - Arkivi"},"image":{"@id":"https:\/\/fjala.info\/2009-2015\/#\/schema\/logo\/image\/"}},{"@type":"Person","@id":"https:\/\/fjala.info\/2009-2015\/#\/schema\/person\/3aa1163ef05469c496fc94e77611ada2","name":"admin","image":{"@type":"ImageObject","inLanguage":"sq-AL","@id":"https:\/\/fjala.info\/2009-2015\/wp-content\/uploads\/2012\/02\/arben_cokaj-120x150.jpg","url":"https:\/\/fjala.info\/2009-2015\/wp-content\/uploads\/2012\/02\/arben_cokaj-120x150.jpg","contentUrl":"https:\/\/fjala.info\/2009-2015\/wp-content\/uploads\/2012\/02\/arben_cokaj-120x150.jpg","caption":"admin"},"description":"Admin, Fjala e Lir\u00eb","sameAs":["https:\/\/fjala.info\/"],"url":"https:\/\/fjala.info\/2009-2015\/author\/admin\/"}]}},"_links":{"self":[{"href":"https:\/\/fjala.info\/2009-2015\/wp-json\/wp\/v2\/posts\/11664","targetHints":{"allow":["GET"]}}],"collection":[{"href":"https:\/\/fjala.info\/2009-2015\/wp-json\/wp\/v2\/posts"}],"about":[{"href":"https:\/\/fjala.info\/2009-2015\/wp-json\/wp\/v2\/types\/post"}],"author":[{"embeddable":true,"href":"https:\/\/fjala.info\/2009-2015\/wp-json\/wp\/v2\/users\/1"}],"replies":[{"embeddable":true,"href":"https:\/\/fjala.info\/2009-2015\/wp-json\/wp\/v2\/comments?post=11664"}],"version-history":[{"count":0,"href":"https:\/\/fjala.info\/2009-2015\/wp-json\/wp\/v2\/posts\/11664\/revisions"}],"wp:attachment":[{"href":"https:\/\/fjala.info\/2009-2015\/wp-json\/wp\/v2\/media?parent=11664"}],"wp:term":[{"taxonomy":"category","embeddable":true,"href":"https:\/\/fjala.info\/2009-2015\/wp-json\/wp\/v2\/categories?post=11664"},{"taxonomy":"post_tag","embeddable":true,"href":"https:\/\/fjala.info\/2009-2015\/wp-json\/wp\/v2\/tags?post=11664"}],"curies":[{"name":"wp","href":"https:\/\/api.w.org\/{rel}","templated":true}]}}