{"id":11663,"date":"2012-02-02T12:01:39","date_gmt":"2012-02-02T11:01:39","guid":{"rendered":"http:\/\/fjala.shkoder.net\/?p=1554"},"modified":"2012-02-02T12:01:39","modified_gmt":"2012-02-02T11:01:39","slug":"nje-tjeter-lajm-ne-intervisten-e-ambasadorit-arvizu-ne-abc-news","status":"publish","type":"post","link":"https:\/\/fjala.info\/2009-2015\/nje-tjeter-lajm-ne-intervisten-e-ambasadorit-arvizu-ne-abc-news\/","title":{"rendered":"Nj\u00eb tjet\u00ebr lajm n\u00eb intervist\u00ebn e Ambasadorit Arvizu n\u00eb ABC News"},"content":{"rendered":"<p><img decoding=\"async\" class=\"alignleft size-thumbnail wp-image-7236\" title=\"Basha - Arvizu\" src=\"http:\/\/www.shkoder.net\/2012\/basha_arvizu.jpg\" alt=\"\" width=\"300\" \/> Nga <strong>Eduard Zaloshnja<\/strong>, <em>2 Shkurt 2012<\/em><\/p>\n<p>N\u00eb nj\u00eb sh\u00ebnim t\u00eb m\u00ebparsh\u00ebm, njoftuam se Ambasadori Arvizu ka dh\u00ebn\u00eb p\u00ebr Sonila Me\u00e7on e televizionit ABC News nj\u00eb intervist\u00eb, n\u00eb t\u00eb cil\u00ebn gjen rast p\u00ebr her\u00eb t\u00eb n-t\u00eb t\u00eb marr\u00eb n\u00eb mbrojtje hetimin e pavarur t\u00eb ngjarjes s\u00eb 21 janarit \u2014 dhe kryeprokuroren. Si kryelajm t\u00eb intervist\u00ebs, ve\u00e7uam th\u00ebnien e theksuar dy her\u00eb t\u00eb Ambasadorit Arvizu se n\u00ebse shkohet n\u00eb k\u00ebrc\u00ebnime dhe kanosje t\u00eb kryeprokurores, tejkalohet kufiri, dhe kjo p\u00ebrb\u00ebn problem p\u00ebr SHBA-t\u00eb.<\/p>\n<p>Kjo bomb\u00eb e ambasadorit amerikan vjen pas deklarat\u00ebs s\u00eb fort\u00eb t\u00eb Bob Hand-it n\u00eb Z\u00ebrin e Amerik\u00ebs se, t\u00eb ngresh akuza p\u00ebr grusht shteti apo t\u00eb k\u00ebrc\u00ebnosh se do t\u00eb ndjek\u00ebsh ligj\u00ebrisht zyrtar\u00ebt pasi t\u00eb jen\u00eb larguar nga posti, nuk b\u00ebn tjet\u00ebr ve\u00e7se krijon m\u00eb tep\u00ebr mosbesim n\u00eb aft\u00ebsin\u00eb si Kryeminist\u00ebr p\u00ebr t\u00eb drejtuar Shqip\u00ebrin\u00eb ( <a href=\"http:\/\/www.respublica.al\/artikuj\/2012\/1\/26\/sa-peshe-kane-fjalet-e-bob-hand-it-rreth-aftesise-se-berishes-per-te-drejtuar\">http:\/\/www.respublica.al\/artikuj\/2012\/1\/26\/sa-peshe-kane-fjalet-e-bob-hand-it-rreth-aftesise-se-berishes-per-te-drejtuar<\/a> ).<\/p>\n<p>T\u00eb marra s\u00eb bashku, deklaratat e m\u00ebsip\u00ebrme tregojn\u00eb se kemi t\u00eb b\u00ebjm\u00eb me nj\u00eb thyerje t\u00eb madhe mes Berish\u00ebs e SHBA-ve.<\/p>\n<p>Nd\u00ebrkoh\u00eb, n\u00eb intervist\u00ebn e ambasadorit Arvizu kishte edhe nj\u00eb lajm tjet\u00ebr, jo fare t\u00eb palidhur me kryelajmin e m\u00ebsip\u00ebrm. Kur u pyet p\u00ebr Lulzim Bash\u00ebn, ai tha q\u00eb mendonte se \u00ebsht\u00eb e drejt\u00eb t\u00eb thuhet se \u00ebsht\u00eb nj\u00eb yll n\u00eb ngjitje. \u201c\u00cbsht\u00eb 30 e ca vje\u00e7 dhe \u00ebsht\u00eb kryetar i Bashkis\u00eb s\u00eb Tiran\u00ebs. Mendoj se \u00ebsht\u00eb e r\u00ebnd\u00ebsishme t\u00eb ket\u00eb gjak t\u00eb ri, freski, n\u00eb politik\u00ebn shqitare,\u201d- tha ai p\u00ebr Bash\u00ebn. M\u00eb tej, Ambasadori Arvizu theksoi se politikan\u00ebt mbi 60 vje\u00e7 duhet ta kuptojn\u00eb se \u00ebsht\u00eb mir\u00eb t\u2019u japin mund\u00ebsi politikan\u00ebve t\u00eb rinj ta provojn\u00eb veten.<\/p>\n<p>P\u00ebrkthimi nga diplomatikisht n\u00eb shqip: Berisha, hapja krahun Bash\u00ebs!<\/p>\n<p>*<em>respublica.al<\/em><\/p>\n<p><a href=\"http:\/\/respublica.al\/artikuj\/2012\/2\/1\/nje-tjeter-lajm-ne-intervisten-e-ambasadorit-arvizu-ne-abc-news\">http:\/\/respublica.al\/artikuj\/2012\/2\/1\/nje-tjeter-lajm-ne-intervisten-e-ambasadorit-arvizu-ne-abc-news<\/a><\/p>\n","protected":false},"excerpt":{"rendered":"<p>Nga Eduard Zaloshnja, 2 Shkurt 2012 N\u00eb nj\u00eb sh\u00ebnim t\u00eb m\u00ebparsh\u00ebm, njoftuam se Ambasadori Arvizu ka dh\u00ebn\u00eb p\u00ebr Sonila Me\u00e7on e televizionit ABC News nj\u00eb intervist\u00eb, n\u00eb t\u00eb cil\u00ebn gjen rast p\u00ebr her\u00eb t\u00eb n-t\u00eb t\u00eb marr\u00eb n\u00eb mbrojtje hetimin e pavarur t\u00eb ngjarjes s\u00eb 21 janarit \u2014 dhe kryeprokuroren. Si kryelajm t\u00eb intervist\u00ebs, ve\u00e7uam [&hellip;]<\/p>\n","protected":false},"author":1,"featured_media":0,"comment_status":"open","ping_status":"closed","sticky":false,"template":"","format":"standard","meta":{"footnotes":""},"categories":[2],"tags":[],"class_list":{"0":"post-11663","1":"post","2":"type-post","3":"status-publish","4":"format-standard","6":"category-artikuj"},"yoast_head":"<!-- This site is optimized with the Yoast SEO plugin v27.4 - https:\/\/yoast.com\/product\/yoast-seo-wordpress\/ -->\n<title>Nj\u00eb tjet\u00ebr lajm n\u00eb intervist\u00ebn e Ambasadorit Arvizu n\u00eb ABC News - FjALA e LIR\u00cb - Arkivi<\/title>\n<meta name=\"robots\" content=\"index, follow, max-snippet:-1, max-image-preview:large, max-video-preview:-1\" \/>\n<link rel=\"canonical\" href=\"https:\/\/fjala.info\/2009-2015\/nje-tjeter-lajm-ne-intervisten-e-ambasadorit-arvizu-ne-abc-news\/\" \/>\n<meta property=\"og:locale\" content=\"sq_AL\" \/>\n<meta property=\"og:type\" content=\"article\" \/>\n<meta property=\"og:title\" content=\"Nj\u00eb tjet\u00ebr lajm n\u00eb intervist\u00ebn e Ambasadorit Arvizu n\u00eb ABC News - FjALA e LIR\u00cb - Arkivi\" \/>\n<meta property=\"og:description\" content=\"Nga Eduard Zaloshnja, 2 Shkurt 2012 N\u00eb nj\u00eb sh\u00ebnim t\u00eb m\u00ebparsh\u00ebm, njoftuam se Ambasadori Arvizu ka dh\u00ebn\u00eb p\u00ebr Sonila Me\u00e7on e televizionit ABC News nj\u00eb intervist\u00eb, n\u00eb t\u00eb cil\u00ebn gjen rast p\u00ebr her\u00eb t\u00eb n-t\u00eb t\u00eb marr\u00eb n\u00eb mbrojtje hetimin e pavarur t\u00eb ngjarjes s\u00eb 21 janarit \u2014 dhe kryeprokuroren. Si kryelajm t\u00eb intervist\u00ebs, ve\u00e7uam [&hellip;]\" \/>\n<meta property=\"og:url\" content=\"https:\/\/fjala.info\/2009-2015\/nje-tjeter-lajm-ne-intervisten-e-ambasadorit-arvizu-ne-abc-news\/\" \/>\n<meta property=\"og:site_name\" content=\"FjALA e LIR\u00cb - Arkivi\" \/>\n<meta property=\"article:published_time\" content=\"2012-02-02T11:01:39+00:00\" \/>\n<meta property=\"og:image\" content=\"http:\/\/www.shkoder.net\/2012\/basha_arvizu.jpg\" \/>\n<meta name=\"author\" content=\"admin\" \/>\n<meta name=\"twitter:card\" content=\"summary_large_image\" \/>\n<meta name=\"twitter:label1\" content=\"Written by\" \/>\n\t<meta name=\"twitter:data1\" content=\"admin\" \/>\n\t<meta name=\"twitter:label2\" content=\"Est. reading time\" \/>\n\t<meta name=\"twitter:data2\" content=\"2 minutes\" \/>\n<script type=\"application\/ld+json\" class=\"yoast-schema-graph\">{\"@context\":\"https:\\\/\\\/schema.org\",\"@graph\":[{\"@type\":\"Article\",\"@id\":\"https:\\\/\\\/fjala.info\\\/2009-2015\\\/nje-tjeter-lajm-ne-intervisten-e-ambasadorit-arvizu-ne-abc-news\\\/#article\",\"isPartOf\":{\"@id\":\"https:\\\/\\\/fjala.info\\\/2009-2015\\\/nje-tjeter-lajm-ne-intervisten-e-ambasadorit-arvizu-ne-abc-news\\\/\"},\"author\":{\"name\":\"admin\",\"@id\":\"https:\\\/\\\/fjala.info\\\/2009-2015\\\/#\\\/schema\\\/person\\\/3aa1163ef05469c496fc94e77611ada2\"},\"headline\":\"Nj\u00eb tjet\u00ebr lajm n\u00eb intervist\u00ebn e Ambasadorit Arvizu n\u00eb ABC News\",\"datePublished\":\"2012-02-02T11:01:39+00:00\",\"mainEntityOfPage\":{\"@id\":\"https:\\\/\\\/fjala.info\\\/2009-2015\\\/nje-tjeter-lajm-ne-intervisten-e-ambasadorit-arvizu-ne-abc-news\\\/\"},\"wordCount\":339,\"commentCount\":0,\"publisher\":{\"@id\":\"https:\\\/\\\/fjala.info\\\/2009-2015\\\/#organization\"},\"image\":{\"@id\":\"https:\\\/\\\/fjala.info\\\/2009-2015\\\/nje-tjeter-lajm-ne-intervisten-e-ambasadorit-arvizu-ne-abc-news\\\/#primaryimage\"},\"thumbnailUrl\":\"http:\\\/\\\/www.shkoder.net\\\/2012\\\/basha_arvizu.jpg\",\"articleSection\":[\"Artikuj\"],\"inLanguage\":\"sq-AL\",\"potentialAction\":[{\"@type\":\"CommentAction\",\"name\":\"Comment\",\"target\":[\"https:\\\/\\\/fjala.info\\\/2009-2015\\\/nje-tjeter-lajm-ne-intervisten-e-ambasadorit-arvizu-ne-abc-news\\\/#respond\"]}]},{\"@type\":\"WebPage\",\"@id\":\"https:\\\/\\\/fjala.info\\\/2009-2015\\\/nje-tjeter-lajm-ne-intervisten-e-ambasadorit-arvizu-ne-abc-news\\\/\",\"url\":\"https:\\\/\\\/fjala.info\\\/2009-2015\\\/nje-tjeter-lajm-ne-intervisten-e-ambasadorit-arvizu-ne-abc-news\\\/\",\"name\":\"Nj\u00eb tjet\u00ebr lajm n\u00eb intervist\u00ebn e Ambasadorit Arvizu n\u00eb ABC News - FjALA e LIR\u00cb - Arkivi\",\"isPartOf\":{\"@id\":\"https:\\\/\\\/fjala.info\\\/2009-2015\\\/#website\"},\"primaryImageOfPage\":{\"@id\":\"https:\\\/\\\/fjala.info\\\/2009-2015\\\/nje-tjeter-lajm-ne-intervisten-e-ambasadorit-arvizu-ne-abc-news\\\/#primaryimage\"},\"image\":{\"@id\":\"https:\\\/\\\/fjala.info\\\/2009-2015\\\/nje-tjeter-lajm-ne-intervisten-e-ambasadorit-arvizu-ne-abc-news\\\/#primaryimage\"},\"thumbnailUrl\":\"http:\\\/\\\/www.shkoder.net\\\/2012\\\/basha_arvizu.jpg\",\"datePublished\":\"2012-02-02T11:01:39+00:00\",\"breadcrumb\":{\"@id\":\"https:\\\/\\\/fjala.info\\\/2009-2015\\\/nje-tjeter-lajm-ne-intervisten-e-ambasadorit-arvizu-ne-abc-news\\\/#breadcrumb\"},\"inLanguage\":\"sq-AL\",\"potentialAction\":[{\"@type\":\"ReadAction\",\"target\":[\"https:\\\/\\\/fjala.info\\\/2009-2015\\\/nje-tjeter-lajm-ne-intervisten-e-ambasadorit-arvizu-ne-abc-news\\\/\"]}]},{\"@type\":\"ImageObject\",\"inLanguage\":\"sq-AL\",\"@id\":\"https:\\\/\\\/fjala.info\\\/2009-2015\\\/nje-tjeter-lajm-ne-intervisten-e-ambasadorit-arvizu-ne-abc-news\\\/#primaryimage\",\"url\":\"http:\\\/\\\/www.shkoder.net\\\/2012\\\/basha_arvizu.jpg\",\"contentUrl\":\"http:\\\/\\\/www.shkoder.net\\\/2012\\\/basha_arvizu.jpg\"},{\"@type\":\"BreadcrumbList\",\"@id\":\"https:\\\/\\\/fjala.info\\\/2009-2015\\\/nje-tjeter-lajm-ne-intervisten-e-ambasadorit-arvizu-ne-abc-news\\\/#breadcrumb\",\"itemListElement\":[{\"@type\":\"ListItem\",\"position\":1,\"name\":\"Home\",\"item\":\"https:\\\/\\\/fjala.info\\\/2009-2015\\\/\"},{\"@type\":\"ListItem\",\"position\":2,\"name\":\"Nj\u00eb tjet\u00ebr lajm n\u00eb intervist\u00ebn e Ambasadorit Arvizu n\u00eb ABC News\"}]},{\"@type\":\"WebSite\",\"@id\":\"https:\\\/\\\/fjala.info\\\/2009-2015\\\/#website\",\"url\":\"https:\\\/\\\/fjala.info\\\/2009-2015\\\/\",\"name\":\"FjALA e LIR\u00cb - Arkivi\",\"description\":\"Arkivi 2009-2015\",\"publisher\":{\"@id\":\"https:\\\/\\\/fjala.info\\\/2009-2015\\\/#organization\"},\"potentialAction\":[{\"@type\":\"SearchAction\",\"target\":{\"@type\":\"EntryPoint\",\"urlTemplate\":\"https:\\\/\\\/fjala.info\\\/2009-2015\\\/?s={search_term_string}\"},\"query-input\":{\"@type\":\"PropertyValueSpecification\",\"valueRequired\":true,\"valueName\":\"search_term_string\"}}],\"inLanguage\":\"sq-AL\"},{\"@type\":\"Organization\",\"@id\":\"https:\\\/\\\/fjala.info\\\/2009-2015\\\/#organization\",\"name\":\"FjALA e LIR\u00cb - Arkivi\",\"url\":\"https:\\\/\\\/fjala.info\\\/2009-2015\\\/\",\"logo\":{\"@type\":\"ImageObject\",\"inLanguage\":\"sq-AL\",\"@id\":\"https:\\\/\\\/fjala.info\\\/2009-2015\\\/#\\\/schema\\\/logo\\\/image\\\/\",\"url\":\"\",\"contentUrl\":\"\",\"caption\":\"FjALA e LIR\u00cb - Arkivi\"},\"image\":{\"@id\":\"https:\\\/\\\/fjala.info\\\/2009-2015\\\/#\\\/schema\\\/logo\\\/image\\\/\"}},{\"@type\":\"Person\",\"@id\":\"https:\\\/\\\/fjala.info\\\/2009-2015\\\/#\\\/schema\\\/person\\\/3aa1163ef05469c496fc94e77611ada2\",\"name\":\"admin\",\"image\":{\"@type\":\"ImageObject\",\"inLanguage\":\"sq-AL\",\"@id\":\"https:\\\/\\\/fjala.info\\\/2009-2015\\\/wp-content\\\/uploads\\\/2012\\\/02\\\/arben_cokaj-120x150.jpg\",\"url\":\"https:\\\/\\\/fjala.info\\\/2009-2015\\\/wp-content\\\/uploads\\\/2012\\\/02\\\/arben_cokaj-120x150.jpg\",\"contentUrl\":\"https:\\\/\\\/fjala.info\\\/2009-2015\\\/wp-content\\\/uploads\\\/2012\\\/02\\\/arben_cokaj-120x150.jpg\",\"caption\":\"admin\"},\"description\":\"Admin, Fjala e Lir\u00eb\",\"sameAs\":[\"https:\\\/\\\/fjala.info\\\/\"],\"url\":\"https:\\\/\\\/fjala.info\\\/2009-2015\\\/author\\\/admin\\\/\"}]}<\/script>\n<!-- \/ Yoast SEO plugin. -->","yoast_head_json":{"title":"Nj\u00eb tjet\u00ebr lajm n\u00eb intervist\u00ebn e Ambasadorit Arvizu n\u00eb ABC News - FjALA e LIR\u00cb - Arkivi","robots":{"index":"index","follow":"follow","max-snippet":"max-snippet:-1","max-image-preview":"max-image-preview:large","max-video-preview":"max-video-preview:-1"},"canonical":"https:\/\/fjala.info\/2009-2015\/nje-tjeter-lajm-ne-intervisten-e-ambasadorit-arvizu-ne-abc-news\/","og_locale":"sq_AL","og_type":"article","og_title":"Nj\u00eb tjet\u00ebr lajm n\u00eb intervist\u00ebn e Ambasadorit Arvizu n\u00eb ABC News - FjALA e LIR\u00cb - Arkivi","og_description":"Nga Eduard Zaloshnja, 2 Shkurt 2012 N\u00eb nj\u00eb sh\u00ebnim t\u00eb m\u00ebparsh\u00ebm, njoftuam se Ambasadori Arvizu ka dh\u00ebn\u00eb p\u00ebr Sonila Me\u00e7on e televizionit ABC News nj\u00eb intervist\u00eb, n\u00eb t\u00eb cil\u00ebn gjen rast p\u00ebr her\u00eb t\u00eb n-t\u00eb t\u00eb marr\u00eb n\u00eb mbrojtje hetimin e pavarur t\u00eb ngjarjes s\u00eb 21 janarit \u2014 dhe kryeprokuroren. Si kryelajm t\u00eb intervist\u00ebs, ve\u00e7uam [&hellip;]","og_url":"https:\/\/fjala.info\/2009-2015\/nje-tjeter-lajm-ne-intervisten-e-ambasadorit-arvizu-ne-abc-news\/","og_site_name":"FjALA e LIR\u00cb - Arkivi","article_published_time":"2012-02-02T11:01:39+00:00","og_image":[{"url":"http:\/\/www.shkoder.net\/2012\/basha_arvizu.jpg","type":"","width":"","height":""}],"author":"admin","twitter_card":"summary_large_image","twitter_misc":{"Written by":"admin","Est. reading time":"2 minutes"},"schema":{"@context":"https:\/\/schema.org","@graph":[{"@type":"Article","@id":"https:\/\/fjala.info\/2009-2015\/nje-tjeter-lajm-ne-intervisten-e-ambasadorit-arvizu-ne-abc-news\/#article","isPartOf":{"@id":"https:\/\/fjala.info\/2009-2015\/nje-tjeter-lajm-ne-intervisten-e-ambasadorit-arvizu-ne-abc-news\/"},"author":{"name":"admin","@id":"https:\/\/fjala.info\/2009-2015\/#\/schema\/person\/3aa1163ef05469c496fc94e77611ada2"},"headline":"Nj\u00eb tjet\u00ebr lajm n\u00eb intervist\u00ebn e Ambasadorit Arvizu n\u00eb ABC News","datePublished":"2012-02-02T11:01:39+00:00","mainEntityOfPage":{"@id":"https:\/\/fjala.info\/2009-2015\/nje-tjeter-lajm-ne-intervisten-e-ambasadorit-arvizu-ne-abc-news\/"},"wordCount":339,"commentCount":0,"publisher":{"@id":"https:\/\/fjala.info\/2009-2015\/#organization"},"image":{"@id":"https:\/\/fjala.info\/2009-2015\/nje-tjeter-lajm-ne-intervisten-e-ambasadorit-arvizu-ne-abc-news\/#primaryimage"},"thumbnailUrl":"http:\/\/www.shkoder.net\/2012\/basha_arvizu.jpg","articleSection":["Artikuj"],"inLanguage":"sq-AL","potentialAction":[{"@type":"CommentAction","name":"Comment","target":["https:\/\/fjala.info\/2009-2015\/nje-tjeter-lajm-ne-intervisten-e-ambasadorit-arvizu-ne-abc-news\/#respond"]}]},{"@type":"WebPage","@id":"https:\/\/fjala.info\/2009-2015\/nje-tjeter-lajm-ne-intervisten-e-ambasadorit-arvizu-ne-abc-news\/","url":"https:\/\/fjala.info\/2009-2015\/nje-tjeter-lajm-ne-intervisten-e-ambasadorit-arvizu-ne-abc-news\/","name":"Nj\u00eb tjet\u00ebr lajm n\u00eb intervist\u00ebn e Ambasadorit Arvizu n\u00eb ABC News - FjALA e LIR\u00cb - Arkivi","isPartOf":{"@id":"https:\/\/fjala.info\/2009-2015\/#website"},"primaryImageOfPage":{"@id":"https:\/\/fjala.info\/2009-2015\/nje-tjeter-lajm-ne-intervisten-e-ambasadorit-arvizu-ne-abc-news\/#primaryimage"},"image":{"@id":"https:\/\/fjala.info\/2009-2015\/nje-tjeter-lajm-ne-intervisten-e-ambasadorit-arvizu-ne-abc-news\/#primaryimage"},"thumbnailUrl":"http:\/\/www.shkoder.net\/2012\/basha_arvizu.jpg","datePublished":"2012-02-02T11:01:39+00:00","breadcrumb":{"@id":"https:\/\/fjala.info\/2009-2015\/nje-tjeter-lajm-ne-intervisten-e-ambasadorit-arvizu-ne-abc-news\/#breadcrumb"},"inLanguage":"sq-AL","potentialAction":[{"@type":"ReadAction","target":["https:\/\/fjala.info\/2009-2015\/nje-tjeter-lajm-ne-intervisten-e-ambasadorit-arvizu-ne-abc-news\/"]}]},{"@type":"ImageObject","inLanguage":"sq-AL","@id":"https:\/\/fjala.info\/2009-2015\/nje-tjeter-lajm-ne-intervisten-e-ambasadorit-arvizu-ne-abc-news\/#primaryimage","url":"http:\/\/www.shkoder.net\/2012\/basha_arvizu.jpg","contentUrl":"http:\/\/www.shkoder.net\/2012\/basha_arvizu.jpg"},{"@type":"BreadcrumbList","@id":"https:\/\/fjala.info\/2009-2015\/nje-tjeter-lajm-ne-intervisten-e-ambasadorit-arvizu-ne-abc-news\/#breadcrumb","itemListElement":[{"@type":"ListItem","position":1,"name":"Home","item":"https:\/\/fjala.info\/2009-2015\/"},{"@type":"ListItem","position":2,"name":"Nj\u00eb tjet\u00ebr lajm n\u00eb intervist\u00ebn e Ambasadorit Arvizu n\u00eb ABC News"}]},{"@type":"WebSite","@id":"https:\/\/fjala.info\/2009-2015\/#website","url":"https:\/\/fjala.info\/2009-2015\/","name":"FjALA e LIR\u00cb - Arkivi","description":"Arkivi 2009-2015","publisher":{"@id":"https:\/\/fjala.info\/2009-2015\/#organization"},"potentialAction":[{"@type":"SearchAction","target":{"@type":"EntryPoint","urlTemplate":"https:\/\/fjala.info\/2009-2015\/?s={search_term_string}"},"query-input":{"@type":"PropertyValueSpecification","valueRequired":true,"valueName":"search_term_string"}}],"inLanguage":"sq-AL"},{"@type":"Organization","@id":"https:\/\/fjala.info\/2009-2015\/#organization","name":"FjALA e LIR\u00cb - Arkivi","url":"https:\/\/fjala.info\/2009-2015\/","logo":{"@type":"ImageObject","inLanguage":"sq-AL","@id":"https:\/\/fjala.info\/2009-2015\/#\/schema\/logo\/image\/","url":"","contentUrl":"","caption":"FjALA e LIR\u00cb - Arkivi"},"image":{"@id":"https:\/\/fjala.info\/2009-2015\/#\/schema\/logo\/image\/"}},{"@type":"Person","@id":"https:\/\/fjala.info\/2009-2015\/#\/schema\/person\/3aa1163ef05469c496fc94e77611ada2","name":"admin","image":{"@type":"ImageObject","inLanguage":"sq-AL","@id":"https:\/\/fjala.info\/2009-2015\/wp-content\/uploads\/2012\/02\/arben_cokaj-120x150.jpg","url":"https:\/\/fjala.info\/2009-2015\/wp-content\/uploads\/2012\/02\/arben_cokaj-120x150.jpg","contentUrl":"https:\/\/fjala.info\/2009-2015\/wp-content\/uploads\/2012\/02\/arben_cokaj-120x150.jpg","caption":"admin"},"description":"Admin, Fjala e Lir\u00eb","sameAs":["https:\/\/fjala.info\/"],"url":"https:\/\/fjala.info\/2009-2015\/author\/admin\/"}]}},"_links":{"self":[{"href":"https:\/\/fjala.info\/2009-2015\/wp-json\/wp\/v2\/posts\/11663","targetHints":{"allow":["GET"]}}],"collection":[{"href":"https:\/\/fjala.info\/2009-2015\/wp-json\/wp\/v2\/posts"}],"about":[{"href":"https:\/\/fjala.info\/2009-2015\/wp-json\/wp\/v2\/types\/post"}],"author":[{"embeddable":true,"href":"https:\/\/fjala.info\/2009-2015\/wp-json\/wp\/v2\/users\/1"}],"replies":[{"embeddable":true,"href":"https:\/\/fjala.info\/2009-2015\/wp-json\/wp\/v2\/comments?post=11663"}],"version-history":[{"count":0,"href":"https:\/\/fjala.info\/2009-2015\/wp-json\/wp\/v2\/posts\/11663\/revisions"}],"wp:attachment":[{"href":"https:\/\/fjala.info\/2009-2015\/wp-json\/wp\/v2\/media?parent=11663"}],"wp:term":[{"taxonomy":"category","embeddable":true,"href":"https:\/\/fjala.info\/2009-2015\/wp-json\/wp\/v2\/categories?post=11663"},{"taxonomy":"post_tag","embeddable":true,"href":"https:\/\/fjala.info\/2009-2015\/wp-json\/wp\/v2\/tags?post=11663"}],"curies":[{"name":"wp","href":"https:\/\/api.w.org\/{rel}","templated":true}]}}