{"id":11660,"date":"2012-02-02T11:12:36","date_gmt":"2012-02-02T10:12:36","guid":{"rendered":"http:\/\/fjala.shkoder.net\/?p=1540"},"modified":"2012-02-02T11:12:36","modified_gmt":"2012-02-02T10:12:36","slug":"tom-doshi-mesila-doda-tha-se-i-vrava-une-njerezit-me-21-janar-berisha-do-pergjigjesh-per-cdo-te-zeze","status":"publish","type":"post","link":"https:\/\/fjala.info\/2009-2015\/tom-doshi-mesila-doda-tha-se-i-vrava-une-njerezit-me-21-janar-berisha-do-pergjigjesh-per-cdo-te-zeze\/","title":{"rendered":"Tom Doshi: Mesila Doda tha se i vrava un\u00eb njer\u00ebzit m\u00eb 21 janar. Berisha, do p\u00ebrgjigjesh p\u00ebr \u00e7do t\u00eb zez\u00eb!"},"content":{"rendered":"<p><img decoding=\"async\" class=\"alignright size-thumbnail wp-image-7236\" title=\"Tom Doshi\" src=\"http:\/\/www.shkoder.net\/2012\/tom_doshi.jpg\" alt=\"\" width=\"300\" \/> <strong>TemA<\/strong>, <em>2 Shkurt 2012<\/em><\/p>\n<p>Kjo \u00ebsht\u00eb fjala e deputetit socialist, Tom Doshi, mbajtur n\u00eb Kuvend pas k\u00ebrkes\u00ebs s\u00eb prokuroris\u00eb p\u00ebr heqjen e imunitetit p\u00ebr tu hetuar p\u00ebr organizimin e protest\u00ebs s\u00eb 21 janarit.<\/p>\n<p>Ju k\u00ebrkoj t\u00eb votoni si un\u00eb, jo sepse jam fajtor, por sepse dua t\u00eb kontribuoj p\u00ebr zbardhjen e krimit t\u00eb 21 janarit.<\/p>\n<p>Kam qen\u00eb aktiv n\u00eb organizimin e protest\u00ebs si \u00e7do deputet i PS.<\/p>\n<p>M\u00eb 21 janar jemi nisur nga Stacioni i Trenit. N\u00eb Bulevard protestuesit ec\u00ebn me shpejt se ne. Kur arrit\u00ebm tek kordonat e policis\u00eb pash\u00eb njer\u00ebz t\u00eb gjakosur. N\u00eb k\u00ebt\u00eb moment pash\u00eb protestues q\u00eb po gjuanin me \u00e7adra dhe polic\u00eb q\u00eb godisnin me shkopa goma. N\u00eb k\u00ebt\u00eb moment erdh\u00ebn makinat uj\u00ebhedh\u00ebse. Nd\u00ebrsa po ndihmoja njer\u00ebzit, m\u00eb plasi tek k\u00ebmb\u00ebt nj\u00eb granat\u00eb lotsjell\u00ebse. M\u00eb pas edhe nj\u00eb tjet\u00ebr. Pata v\u00ebshtir\u00ebsi n\u00eb frym\u00ebmarrje. Shkova pak n\u00eb lulishte dhe e mora veten. Kur u ktheva, policia kishte ikur krejt.<\/p>\n<p>Nj\u00eb polic nga brenda hapi dyert dhe m\u00eb pas erdhi nj\u00eb makin\u00eb q\u00eb goditi der\u00ebn. Kur turma po shp\u00ebrndahej, d\u00ebgjuam krisma. Pas pak minutash Gjok Jaku m\u00eb tha se kan\u00eb vrar\u00eb Aleksin prej Lezh\u00ebs. U nisa me nj\u00eb taksi drejt Spitalit Ushtarak. Aty mor\u00ebm vesh kush ishin t\u00eb vrar\u00ebt. N\u00eb k\u00ebt\u00eb koh\u00eb m\u00eb than\u00eb se ka dal\u00eb Mesila Doda n\u00eb televizor e ka th\u00ebn\u00eb se vrasjen e ka b\u00ebr\u00eb Tom Doshi me nipin e vet. E ke th\u00ebn\u00eb apo jo, se je m\u00ebsu me var\u00eb njer\u00ebz tek palma jote.<\/p>\n<p>Pyeta p\u00ebr Aleksin dhe i k\u00ebrkova doktorit skanerin e tij sepse nuk kisha besim tek doktor\u00ebt. Pastaj pash\u00eb kryeministrin q\u00eb tha se vrasjet jan\u00eb b\u00ebr\u00eb nga af\u00ebr. N\u00eb k\u00ebt\u00eb koh\u00eb kan\u00eb dal\u00eb pamjet e News 24. Pas k\u00ebtyre pamjeve nuk doli m\u00eb kush nga PD p\u00ebr t\u00eb th\u00ebn\u00eb se vrasjet jan\u00eb b\u00ebr\u00eb mes nj\u00ebri- tjetrit.<\/p>\n<p>Do jem bashk\u00eb n\u00eb \u00e7do protest\u00eb me qytetar\u00ebt derisa krimineli Sali Berisha t\u00eb largohet nga kryeministria.<\/p>\n<p>N\u00eb asnj\u00eb moment nuk kam nxitur dhun\u00eb, askush nuk erdhi p\u00ebr dhun\u00eb. Ata kishin vet\u00ebm \u00e7adra, parulla dhe mllef p\u00ebr qeverin\u00eb e Sali Berish\u00ebs. Po t\u00eb mos i kishte sulmuar policia me gaz, nuk do kishin gjuajtur me gur\u00eb. Berisha m\u00eb ka th\u00ebn\u00eb se do b\u00ebhesha Minist\u00ebr i Brendsh\u00ebm. Nuk dua t\u00eb b\u00ebhem kurr\u00eb minist\u00ebr. Berisha ka shkruar vet\u00eb shum\u00eb artikuj kund\u00ebr meje. Ka torturuar njer\u00ebz p\u00ebr t\u00eb nxjerr\u00eb akuz\u00eb kund\u00ebr meje. Mesila tha se vrava un\u00eb m\u00eb 21 janar, Olldashi tha se solla makin\u00ebn me kallashnikov\u00eb.<\/p>\n<p>Po pse e ka inatin kaq shum\u00eb me mua Berisha? Sepse e kam mundur dy her\u00eb n\u00eb zon\u00ebn e Shkodr\u00ebs, sepse sot PD pavar\u00ebsisht vjedhjeve aty ka vet\u00ebm nj\u00eb deputet m\u00eb shum\u00eb. Ky \u00ebsht\u00eb inati m\u00eb i madh q\u00eb ka Berisha me mua. Kam paguar d\u00ebmin e madh nga gjobat q\u00eb m\u00eb ka prer\u00eb Sali Berisha. Vet\u00ebm nj\u00eb burracak si Berisha p\u00ebrdor k\u00ebto metoda. Por un\u00eb i druhem vet\u00ebm Zotit. Sali Berish\u00ebn e njoh p\u00ebr frikacakun m\u00eb t\u00eb madh q\u00eb ka Shqip\u00ebria. Vet\u00ebm nj\u00eb frikacak \u00ebsht\u00eb i pabes\u00eb, dhe vet\u00ebm nj\u00eb i pabes\u00eb vret qytetar\u00ebt e vet.<\/p>\n<p>Sali Berisha e ka fajin p\u00ebr pushk\u00ebt q\u00eb u qit\u00ebn m\u00eb 21 janar, edhe p\u00ebr ndryshimin e tytave. Ai duhet t\u00eb hetohet i pari. Por ai burr\u00eb nuk \u00ebsht\u00eb. Dhe un\u00eb i them publikisht sot se do p\u00ebrgjigjet p\u00ebr t\u00eb gjith\u00eb t\u00eb zezat q\u00eb i ka b\u00ebr\u00eb popullit!<\/p>\n","protected":false},"excerpt":{"rendered":"<p>TemA, 2 Shkurt 2012 Kjo \u00ebsht\u00eb fjala e deputetit socialist, Tom Doshi, mbajtur n\u00eb Kuvend pas k\u00ebrkes\u00ebs s\u00eb prokuroris\u00eb p\u00ebr heqjen e imunitetit p\u00ebr tu hetuar p\u00ebr organizimin e protest\u00ebs s\u00eb 21 janarit. Ju k\u00ebrkoj t\u00eb votoni si un\u00eb, jo sepse jam fajtor, por sepse dua t\u00eb kontribuoj p\u00ebr zbardhjen e krimit t\u00eb 21 janarit. [&hellip;]<\/p>\n","protected":false},"author":1,"featured_media":0,"comment_status":"open","ping_status":"closed","sticky":false,"template":"","format":"standard","meta":{"footnotes":""},"categories":[2,5],"tags":[],"class_list":{"0":"post-11660","1":"post","2":"type-post","3":"status-publish","4":"format-standard","6":"category-artikuj","7":"category-lajme"},"yoast_head":"<!-- This site is optimized with the Yoast SEO plugin v27.4 - https:\/\/yoast.com\/product\/yoast-seo-wordpress\/ -->\n<title>Tom Doshi: Mesila Doda tha se i vrava un\u00eb njer\u00ebzit m\u00eb 21 janar. Berisha, do p\u00ebrgjigjesh p\u00ebr \u00e7do t\u00eb zez\u00eb! - FjALA e LIR\u00cb - Arkivi<\/title>\n<meta name=\"robots\" content=\"index, follow, max-snippet:-1, max-image-preview:large, max-video-preview:-1\" \/>\n<link rel=\"canonical\" href=\"https:\/\/fjala.info\/2009-2015\/tom-doshi-mesila-doda-tha-se-i-vrava-une-njerezit-me-21-janar-berisha-do-pergjigjesh-per-cdo-te-zeze\/\" \/>\n<meta property=\"og:locale\" content=\"sq_AL\" \/>\n<meta property=\"og:type\" content=\"article\" \/>\n<meta property=\"og:title\" content=\"Tom Doshi: Mesila Doda tha se i vrava un\u00eb njer\u00ebzit m\u00eb 21 janar. Berisha, do p\u00ebrgjigjesh p\u00ebr \u00e7do t\u00eb zez\u00eb! - FjALA e LIR\u00cb - Arkivi\" \/>\n<meta property=\"og:description\" content=\"TemA, 2 Shkurt 2012 Kjo \u00ebsht\u00eb fjala e deputetit socialist, Tom Doshi, mbajtur n\u00eb Kuvend pas k\u00ebrkes\u00ebs s\u00eb prokuroris\u00eb p\u00ebr heqjen e imunitetit p\u00ebr tu hetuar p\u00ebr organizimin e protest\u00ebs s\u00eb 21 janarit. Ju k\u00ebrkoj t\u00eb votoni si un\u00eb, jo sepse jam fajtor, por sepse dua t\u00eb kontribuoj p\u00ebr zbardhjen e krimit t\u00eb 21 janarit. [&hellip;]\" \/>\n<meta property=\"og:url\" content=\"https:\/\/fjala.info\/2009-2015\/tom-doshi-mesila-doda-tha-se-i-vrava-une-njerezit-me-21-janar-berisha-do-pergjigjesh-per-cdo-te-zeze\/\" \/>\n<meta property=\"og:site_name\" content=\"FjALA e LIR\u00cb - Arkivi\" \/>\n<meta property=\"article:published_time\" content=\"2012-02-02T10:12:36+00:00\" \/>\n<meta property=\"og:image\" content=\"http:\/\/www.shkoder.net\/2012\/tom_doshi.jpg\" \/>\n<meta name=\"author\" content=\"admin\" \/>\n<meta name=\"twitter:card\" content=\"summary_large_image\" \/>\n<meta name=\"twitter:label1\" content=\"Written by\" \/>\n\t<meta name=\"twitter:data1\" content=\"admin\" \/>\n\t<meta name=\"twitter:label2\" content=\"Est. reading time\" \/>\n\t<meta name=\"twitter:data2\" content=\"3 minutes\" \/>\n<script type=\"application\/ld+json\" class=\"yoast-schema-graph\">{\"@context\":\"https:\\\/\\\/schema.org\",\"@graph\":[{\"@type\":\"Article\",\"@id\":\"https:\\\/\\\/fjala.info\\\/2009-2015\\\/tom-doshi-mesila-doda-tha-se-i-vrava-une-njerezit-me-21-janar-berisha-do-pergjigjesh-per-cdo-te-zeze\\\/#article\",\"isPartOf\":{\"@id\":\"https:\\\/\\\/fjala.info\\\/2009-2015\\\/tom-doshi-mesila-doda-tha-se-i-vrava-une-njerezit-me-21-janar-berisha-do-pergjigjesh-per-cdo-te-zeze\\\/\"},\"author\":{\"name\":\"admin\",\"@id\":\"https:\\\/\\\/fjala.info\\\/2009-2015\\\/#\\\/schema\\\/person\\\/3aa1163ef05469c496fc94e77611ada2\"},\"headline\":\"Tom Doshi: Mesila Doda tha se i vrava un\u00eb njer\u00ebzit m\u00eb 21 janar. Berisha, do p\u00ebrgjigjesh p\u00ebr \u00e7do t\u00eb zez\u00eb!\",\"datePublished\":\"2012-02-02T10:12:36+00:00\",\"mainEntityOfPage\":{\"@id\":\"https:\\\/\\\/fjala.info\\\/2009-2015\\\/tom-doshi-mesila-doda-tha-se-i-vrava-une-njerezit-me-21-janar-berisha-do-pergjigjesh-per-cdo-te-zeze\\\/\"},\"wordCount\":645,\"commentCount\":0,\"publisher\":{\"@id\":\"https:\\\/\\\/fjala.info\\\/2009-2015\\\/#organization\"},\"image\":{\"@id\":\"https:\\\/\\\/fjala.info\\\/2009-2015\\\/tom-doshi-mesila-doda-tha-se-i-vrava-une-njerezit-me-21-janar-berisha-do-pergjigjesh-per-cdo-te-zeze\\\/#primaryimage\"},\"thumbnailUrl\":\"http:\\\/\\\/www.shkoder.net\\\/2012\\\/tom_doshi.jpg\",\"articleSection\":[\"Artikuj\",\"Lajme\"],\"inLanguage\":\"sq-AL\",\"potentialAction\":[{\"@type\":\"CommentAction\",\"name\":\"Comment\",\"target\":[\"https:\\\/\\\/fjala.info\\\/2009-2015\\\/tom-doshi-mesila-doda-tha-se-i-vrava-une-njerezit-me-21-janar-berisha-do-pergjigjesh-per-cdo-te-zeze\\\/#respond\"]}]},{\"@type\":\"WebPage\",\"@id\":\"https:\\\/\\\/fjala.info\\\/2009-2015\\\/tom-doshi-mesila-doda-tha-se-i-vrava-une-njerezit-me-21-janar-berisha-do-pergjigjesh-per-cdo-te-zeze\\\/\",\"url\":\"https:\\\/\\\/fjala.info\\\/2009-2015\\\/tom-doshi-mesila-doda-tha-se-i-vrava-une-njerezit-me-21-janar-berisha-do-pergjigjesh-per-cdo-te-zeze\\\/\",\"name\":\"Tom Doshi: Mesila Doda tha se i vrava un\u00eb njer\u00ebzit m\u00eb 21 janar. Berisha, do p\u00ebrgjigjesh p\u00ebr \u00e7do t\u00eb zez\u00eb! - FjALA e LIR\u00cb - Arkivi\",\"isPartOf\":{\"@id\":\"https:\\\/\\\/fjala.info\\\/2009-2015\\\/#website\"},\"primaryImageOfPage\":{\"@id\":\"https:\\\/\\\/fjala.info\\\/2009-2015\\\/tom-doshi-mesila-doda-tha-se-i-vrava-une-njerezit-me-21-janar-berisha-do-pergjigjesh-per-cdo-te-zeze\\\/#primaryimage\"},\"image\":{\"@id\":\"https:\\\/\\\/fjala.info\\\/2009-2015\\\/tom-doshi-mesila-doda-tha-se-i-vrava-une-njerezit-me-21-janar-berisha-do-pergjigjesh-per-cdo-te-zeze\\\/#primaryimage\"},\"thumbnailUrl\":\"http:\\\/\\\/www.shkoder.net\\\/2012\\\/tom_doshi.jpg\",\"datePublished\":\"2012-02-02T10:12:36+00:00\",\"breadcrumb\":{\"@id\":\"https:\\\/\\\/fjala.info\\\/2009-2015\\\/tom-doshi-mesila-doda-tha-se-i-vrava-une-njerezit-me-21-janar-berisha-do-pergjigjesh-per-cdo-te-zeze\\\/#breadcrumb\"},\"inLanguage\":\"sq-AL\",\"potentialAction\":[{\"@type\":\"ReadAction\",\"target\":[\"https:\\\/\\\/fjala.info\\\/2009-2015\\\/tom-doshi-mesila-doda-tha-se-i-vrava-une-njerezit-me-21-janar-berisha-do-pergjigjesh-per-cdo-te-zeze\\\/\"]}]},{\"@type\":\"ImageObject\",\"inLanguage\":\"sq-AL\",\"@id\":\"https:\\\/\\\/fjala.info\\\/2009-2015\\\/tom-doshi-mesila-doda-tha-se-i-vrava-une-njerezit-me-21-janar-berisha-do-pergjigjesh-per-cdo-te-zeze\\\/#primaryimage\",\"url\":\"http:\\\/\\\/www.shkoder.net\\\/2012\\\/tom_doshi.jpg\",\"contentUrl\":\"http:\\\/\\\/www.shkoder.net\\\/2012\\\/tom_doshi.jpg\"},{\"@type\":\"BreadcrumbList\",\"@id\":\"https:\\\/\\\/fjala.info\\\/2009-2015\\\/tom-doshi-mesila-doda-tha-se-i-vrava-une-njerezit-me-21-janar-berisha-do-pergjigjesh-per-cdo-te-zeze\\\/#breadcrumb\",\"itemListElement\":[{\"@type\":\"ListItem\",\"position\":1,\"name\":\"Home\",\"item\":\"https:\\\/\\\/fjala.info\\\/2009-2015\\\/\"},{\"@type\":\"ListItem\",\"position\":2,\"name\":\"Tom Doshi: Mesila Doda tha se i vrava un\u00eb njer\u00ebzit m\u00eb 21 janar. Berisha, do p\u00ebrgjigjesh p\u00ebr \u00e7do t\u00eb zez\u00eb!\"}]},{\"@type\":\"WebSite\",\"@id\":\"https:\\\/\\\/fjala.info\\\/2009-2015\\\/#website\",\"url\":\"https:\\\/\\\/fjala.info\\\/2009-2015\\\/\",\"name\":\"FjALA e LIR\u00cb - Arkivi\",\"description\":\"Arkivi 2009-2015\",\"publisher\":{\"@id\":\"https:\\\/\\\/fjala.info\\\/2009-2015\\\/#organization\"},\"potentialAction\":[{\"@type\":\"SearchAction\",\"target\":{\"@type\":\"EntryPoint\",\"urlTemplate\":\"https:\\\/\\\/fjala.info\\\/2009-2015\\\/?s={search_term_string}\"},\"query-input\":{\"@type\":\"PropertyValueSpecification\",\"valueRequired\":true,\"valueName\":\"search_term_string\"}}],\"inLanguage\":\"sq-AL\"},{\"@type\":\"Organization\",\"@id\":\"https:\\\/\\\/fjala.info\\\/2009-2015\\\/#organization\",\"name\":\"FjALA e LIR\u00cb - Arkivi\",\"url\":\"https:\\\/\\\/fjala.info\\\/2009-2015\\\/\",\"logo\":{\"@type\":\"ImageObject\",\"inLanguage\":\"sq-AL\",\"@id\":\"https:\\\/\\\/fjala.info\\\/2009-2015\\\/#\\\/schema\\\/logo\\\/image\\\/\",\"url\":\"\",\"contentUrl\":\"\",\"caption\":\"FjALA e LIR\u00cb - Arkivi\"},\"image\":{\"@id\":\"https:\\\/\\\/fjala.info\\\/2009-2015\\\/#\\\/schema\\\/logo\\\/image\\\/\"}},{\"@type\":\"Person\",\"@id\":\"https:\\\/\\\/fjala.info\\\/2009-2015\\\/#\\\/schema\\\/person\\\/3aa1163ef05469c496fc94e77611ada2\",\"name\":\"admin\",\"image\":{\"@type\":\"ImageObject\",\"inLanguage\":\"sq-AL\",\"@id\":\"https:\\\/\\\/fjala.info\\\/2009-2015\\\/wp-content\\\/uploads\\\/2012\\\/02\\\/arben_cokaj-120x150.jpg\",\"url\":\"https:\\\/\\\/fjala.info\\\/2009-2015\\\/wp-content\\\/uploads\\\/2012\\\/02\\\/arben_cokaj-120x150.jpg\",\"contentUrl\":\"https:\\\/\\\/fjala.info\\\/2009-2015\\\/wp-content\\\/uploads\\\/2012\\\/02\\\/arben_cokaj-120x150.jpg\",\"caption\":\"admin\"},\"description\":\"Admin, Fjala e Lir\u00eb\",\"sameAs\":[\"https:\\\/\\\/fjala.info\\\/\"],\"url\":\"https:\\\/\\\/fjala.info\\\/2009-2015\\\/author\\\/admin\\\/\"}]}<\/script>\n<!-- \/ Yoast SEO plugin. -->","yoast_head_json":{"title":"Tom Doshi: Mesila Doda tha se i vrava un\u00eb njer\u00ebzit m\u00eb 21 janar. Berisha, do p\u00ebrgjigjesh p\u00ebr \u00e7do t\u00eb zez\u00eb! - FjALA e LIR\u00cb - Arkivi","robots":{"index":"index","follow":"follow","max-snippet":"max-snippet:-1","max-image-preview":"max-image-preview:large","max-video-preview":"max-video-preview:-1"},"canonical":"https:\/\/fjala.info\/2009-2015\/tom-doshi-mesila-doda-tha-se-i-vrava-une-njerezit-me-21-janar-berisha-do-pergjigjesh-per-cdo-te-zeze\/","og_locale":"sq_AL","og_type":"article","og_title":"Tom Doshi: Mesila Doda tha se i vrava un\u00eb njer\u00ebzit m\u00eb 21 janar. Berisha, do p\u00ebrgjigjesh p\u00ebr \u00e7do t\u00eb zez\u00eb! - FjALA e LIR\u00cb - Arkivi","og_description":"TemA, 2 Shkurt 2012 Kjo \u00ebsht\u00eb fjala e deputetit socialist, Tom Doshi, mbajtur n\u00eb Kuvend pas k\u00ebrkes\u00ebs s\u00eb prokuroris\u00eb p\u00ebr heqjen e imunitetit p\u00ebr tu hetuar p\u00ebr organizimin e protest\u00ebs s\u00eb 21 janarit. Ju k\u00ebrkoj t\u00eb votoni si un\u00eb, jo sepse jam fajtor, por sepse dua t\u00eb kontribuoj p\u00ebr zbardhjen e krimit t\u00eb 21 janarit. [&hellip;]","og_url":"https:\/\/fjala.info\/2009-2015\/tom-doshi-mesila-doda-tha-se-i-vrava-une-njerezit-me-21-janar-berisha-do-pergjigjesh-per-cdo-te-zeze\/","og_site_name":"FjALA e LIR\u00cb - Arkivi","article_published_time":"2012-02-02T10:12:36+00:00","og_image":[{"url":"http:\/\/www.shkoder.net\/2012\/tom_doshi.jpg","type":"","width":"","height":""}],"author":"admin","twitter_card":"summary_large_image","twitter_misc":{"Written by":"admin","Est. reading time":"3 minutes"},"schema":{"@context":"https:\/\/schema.org","@graph":[{"@type":"Article","@id":"https:\/\/fjala.info\/2009-2015\/tom-doshi-mesila-doda-tha-se-i-vrava-une-njerezit-me-21-janar-berisha-do-pergjigjesh-per-cdo-te-zeze\/#article","isPartOf":{"@id":"https:\/\/fjala.info\/2009-2015\/tom-doshi-mesila-doda-tha-se-i-vrava-une-njerezit-me-21-janar-berisha-do-pergjigjesh-per-cdo-te-zeze\/"},"author":{"name":"admin","@id":"https:\/\/fjala.info\/2009-2015\/#\/schema\/person\/3aa1163ef05469c496fc94e77611ada2"},"headline":"Tom Doshi: Mesila Doda tha se i vrava un\u00eb njer\u00ebzit m\u00eb 21 janar. Berisha, do p\u00ebrgjigjesh p\u00ebr \u00e7do t\u00eb zez\u00eb!","datePublished":"2012-02-02T10:12:36+00:00","mainEntityOfPage":{"@id":"https:\/\/fjala.info\/2009-2015\/tom-doshi-mesila-doda-tha-se-i-vrava-une-njerezit-me-21-janar-berisha-do-pergjigjesh-per-cdo-te-zeze\/"},"wordCount":645,"commentCount":0,"publisher":{"@id":"https:\/\/fjala.info\/2009-2015\/#organization"},"image":{"@id":"https:\/\/fjala.info\/2009-2015\/tom-doshi-mesila-doda-tha-se-i-vrava-une-njerezit-me-21-janar-berisha-do-pergjigjesh-per-cdo-te-zeze\/#primaryimage"},"thumbnailUrl":"http:\/\/www.shkoder.net\/2012\/tom_doshi.jpg","articleSection":["Artikuj","Lajme"],"inLanguage":"sq-AL","potentialAction":[{"@type":"CommentAction","name":"Comment","target":["https:\/\/fjala.info\/2009-2015\/tom-doshi-mesila-doda-tha-se-i-vrava-une-njerezit-me-21-janar-berisha-do-pergjigjesh-per-cdo-te-zeze\/#respond"]}]},{"@type":"WebPage","@id":"https:\/\/fjala.info\/2009-2015\/tom-doshi-mesila-doda-tha-se-i-vrava-une-njerezit-me-21-janar-berisha-do-pergjigjesh-per-cdo-te-zeze\/","url":"https:\/\/fjala.info\/2009-2015\/tom-doshi-mesila-doda-tha-se-i-vrava-une-njerezit-me-21-janar-berisha-do-pergjigjesh-per-cdo-te-zeze\/","name":"Tom Doshi: Mesila Doda tha se i vrava un\u00eb njer\u00ebzit m\u00eb 21 janar. Berisha, do p\u00ebrgjigjesh p\u00ebr \u00e7do t\u00eb zez\u00eb! - FjALA e LIR\u00cb - Arkivi","isPartOf":{"@id":"https:\/\/fjala.info\/2009-2015\/#website"},"primaryImageOfPage":{"@id":"https:\/\/fjala.info\/2009-2015\/tom-doshi-mesila-doda-tha-se-i-vrava-une-njerezit-me-21-janar-berisha-do-pergjigjesh-per-cdo-te-zeze\/#primaryimage"},"image":{"@id":"https:\/\/fjala.info\/2009-2015\/tom-doshi-mesila-doda-tha-se-i-vrava-une-njerezit-me-21-janar-berisha-do-pergjigjesh-per-cdo-te-zeze\/#primaryimage"},"thumbnailUrl":"http:\/\/www.shkoder.net\/2012\/tom_doshi.jpg","datePublished":"2012-02-02T10:12:36+00:00","breadcrumb":{"@id":"https:\/\/fjala.info\/2009-2015\/tom-doshi-mesila-doda-tha-se-i-vrava-une-njerezit-me-21-janar-berisha-do-pergjigjesh-per-cdo-te-zeze\/#breadcrumb"},"inLanguage":"sq-AL","potentialAction":[{"@type":"ReadAction","target":["https:\/\/fjala.info\/2009-2015\/tom-doshi-mesila-doda-tha-se-i-vrava-une-njerezit-me-21-janar-berisha-do-pergjigjesh-per-cdo-te-zeze\/"]}]},{"@type":"ImageObject","inLanguage":"sq-AL","@id":"https:\/\/fjala.info\/2009-2015\/tom-doshi-mesila-doda-tha-se-i-vrava-une-njerezit-me-21-janar-berisha-do-pergjigjesh-per-cdo-te-zeze\/#primaryimage","url":"http:\/\/www.shkoder.net\/2012\/tom_doshi.jpg","contentUrl":"http:\/\/www.shkoder.net\/2012\/tom_doshi.jpg"},{"@type":"BreadcrumbList","@id":"https:\/\/fjala.info\/2009-2015\/tom-doshi-mesila-doda-tha-se-i-vrava-une-njerezit-me-21-janar-berisha-do-pergjigjesh-per-cdo-te-zeze\/#breadcrumb","itemListElement":[{"@type":"ListItem","position":1,"name":"Home","item":"https:\/\/fjala.info\/2009-2015\/"},{"@type":"ListItem","position":2,"name":"Tom Doshi: Mesila Doda tha se i vrava un\u00eb njer\u00ebzit m\u00eb 21 janar. Berisha, do p\u00ebrgjigjesh p\u00ebr \u00e7do t\u00eb zez\u00eb!"}]},{"@type":"WebSite","@id":"https:\/\/fjala.info\/2009-2015\/#website","url":"https:\/\/fjala.info\/2009-2015\/","name":"FjALA e LIR\u00cb - Arkivi","description":"Arkivi 2009-2015","publisher":{"@id":"https:\/\/fjala.info\/2009-2015\/#organization"},"potentialAction":[{"@type":"SearchAction","target":{"@type":"EntryPoint","urlTemplate":"https:\/\/fjala.info\/2009-2015\/?s={search_term_string}"},"query-input":{"@type":"PropertyValueSpecification","valueRequired":true,"valueName":"search_term_string"}}],"inLanguage":"sq-AL"},{"@type":"Organization","@id":"https:\/\/fjala.info\/2009-2015\/#organization","name":"FjALA e LIR\u00cb - Arkivi","url":"https:\/\/fjala.info\/2009-2015\/","logo":{"@type":"ImageObject","inLanguage":"sq-AL","@id":"https:\/\/fjala.info\/2009-2015\/#\/schema\/logo\/image\/","url":"","contentUrl":"","caption":"FjALA e LIR\u00cb - Arkivi"},"image":{"@id":"https:\/\/fjala.info\/2009-2015\/#\/schema\/logo\/image\/"}},{"@type":"Person","@id":"https:\/\/fjala.info\/2009-2015\/#\/schema\/person\/3aa1163ef05469c496fc94e77611ada2","name":"admin","image":{"@type":"ImageObject","inLanguage":"sq-AL","@id":"https:\/\/fjala.info\/2009-2015\/wp-content\/uploads\/2012\/02\/arben_cokaj-120x150.jpg","url":"https:\/\/fjala.info\/2009-2015\/wp-content\/uploads\/2012\/02\/arben_cokaj-120x150.jpg","contentUrl":"https:\/\/fjala.info\/2009-2015\/wp-content\/uploads\/2012\/02\/arben_cokaj-120x150.jpg","caption":"admin"},"description":"Admin, Fjala e Lir\u00eb","sameAs":["https:\/\/fjala.info\/"],"url":"https:\/\/fjala.info\/2009-2015\/author\/admin\/"}]}},"_links":{"self":[{"href":"https:\/\/fjala.info\/2009-2015\/wp-json\/wp\/v2\/posts\/11660","targetHints":{"allow":["GET"]}}],"collection":[{"href":"https:\/\/fjala.info\/2009-2015\/wp-json\/wp\/v2\/posts"}],"about":[{"href":"https:\/\/fjala.info\/2009-2015\/wp-json\/wp\/v2\/types\/post"}],"author":[{"embeddable":true,"href":"https:\/\/fjala.info\/2009-2015\/wp-json\/wp\/v2\/users\/1"}],"replies":[{"embeddable":true,"href":"https:\/\/fjala.info\/2009-2015\/wp-json\/wp\/v2\/comments?post=11660"}],"version-history":[{"count":0,"href":"https:\/\/fjala.info\/2009-2015\/wp-json\/wp\/v2\/posts\/11660\/revisions"}],"wp:attachment":[{"href":"https:\/\/fjala.info\/2009-2015\/wp-json\/wp\/v2\/media?parent=11660"}],"wp:term":[{"taxonomy":"category","embeddable":true,"href":"https:\/\/fjala.info\/2009-2015\/wp-json\/wp\/v2\/categories?post=11660"},{"taxonomy":"post_tag","embeddable":true,"href":"https:\/\/fjala.info\/2009-2015\/wp-json\/wp\/v2\/tags?post=11660"}],"curies":[{"name":"wp","href":"https:\/\/api.w.org\/{rel}","templated":true}]}}