{"id":11656,"date":"2012-01-30T09:44:48","date_gmt":"2012-01-30T08:44:48","guid":{"rendered":"http:\/\/fjala.shkoder.net\/?p=1499"},"modified":"2012-01-30T09:44:48","modified_gmt":"2012-01-30T08:44:48","slug":"duan-nje-rini-te-re-ne-moshe-por-te-mplakur-ne-ide","status":"publish","type":"post","link":"https:\/\/fjala.info\/2009-2015\/duan-nje-rini-te-re-ne-moshe-por-te-mplakur-ne-ide\/","title":{"rendered":"Duan nj\u00eb rini t\u00eb re n\u00eb mosh\u00eb, por t\u00eb mplakur n\u00eb ide\u2026"},"content":{"rendered":"<p><img decoding=\"async\" class=\"alignright size-thumbnail wp-image-7236\" title=\"Afrim Krasniqi\" src=\"http:\/\/www.shkoder.net\/images\/fjala\/afrim_krasniqi.jpg\" alt=\"\" width=\"150\" \/> <em><strong>Nj\u00eb vend pa rini<\/strong><\/em><\/p>\n<p>Nga <strong>AFRIM KRASNIQI<\/strong><\/p>\n<p>Shqip\u00ebria \u00ebsht\u00eb nj\u00eb nga vendet me numrin m\u00eb t\u00eb ri t\u00eb popullsis\u00eb. Nj\u00eb aset me vlera t\u00eb ve\u00e7anta p\u00ebr nj\u00eb vend q\u00eb k\u00ebrkon t\u00eb fitoj\u00eb me shpejt\u00ebsi koh\u00ebn e humbur, p\u00ebrmes zhvillimit t\u00eb shpejt\u00eb me rezultate konkrete.<br \/>\n20-vje\u00e7ar\u00ebt e vitit \u201890, tashm\u00eb jan\u00eb prind\u00ebr me f\u00ebmij\u00eb, t\u00eb lindurit m\u00eb 1990 jan\u00eb votues dhe n\u00eb prag t\u00eb diplomimit universitar.<\/p>\n<p>Ndryshe nga brezat m\u00eb t\u00eb vjet\u00ebr, ata kan\u00eb pasur fat t\u00eb lindin n\u00eb nj\u00eb sistem t\u00eb ri, kan\u00eb shijuar lirin\u00eb dhe hap\u00ebsir\u00ebn pakufi, por bashk\u00eb me to, jan\u00eb rritur me t\u00eb gjitha brengat e tranzicionit. Ata po rriten n\u00eb nj\u00eb bot\u00eb gjithnj\u00eb e m\u00eb teknologjike, para ekranit t\u00eb TV, kompjuterit apo telefonave modern\u00eb, t\u00eb bombarduar me informacione t\u00eb shum\u00ebllojshme dhe oferta t\u00eb ndryshme p\u00ebr jet\u00ebn. Kushdo q\u00eb ka d\u00ebshir\u00eb t\u00eb shkoj\u00eb n\u00eb shkoll\u00eb, t\u00eb studioj\u00eb n\u00eb universitet, t\u00eb l\u00ebviz\u00eb lirsh\u00ebm \u2013 mund ta b\u00ebj\u00eb k\u00ebt\u00eb pa sforcime t\u00eb m\u00ebdha.<\/p>\n<p>Pra, formalisht rinia n\u00eb Shqip\u00ebri ka gjith\u00e7ka q\u00eb nuk e kishte brezi i m\u00ebparsh\u00ebm. A mjafton kjo? Natyrisht q\u00eb jo.<\/p>\n<p>Rinia shqiptare meriton t\u00eb matet jo me rinin\u00eb e mohuar t\u00eb sistemit komunist, por me bashk\u00ebmoshatar\u00ebt e tyre europian\u00eb. N\u00ebse e b\u00ebjm\u00eb k\u00ebt\u00eb krahasim, ka pak arsye t\u00eb jemi entuziast\u00eb. Brezi i ri e humbi shansin t\u00eb lind\u00eb n\u00eb nj\u00eb vend v\u00ebrtet demokratik, t\u00eb rritet n\u00eb nj\u00eb mjedis konkurrues mbi vlera e standarde demokratike, t\u00eb m\u00ebsoj\u00eb n\u00eb nj\u00eb sistem arsimor cil\u00ebsor e konkurrues, apo t\u00eb integrohet n\u00eb nj\u00eb shoq\u00ebri q\u00eb bazohet n\u00eb aft\u00ebsin\u00eb, respektin dhe p\u00ebrgjegjshm\u00ebrin\u00eb.<\/p>\n<p>20-vje\u00e7ar\u00ebt e sot\u00ebm lind\u00ebn kur lindi pluralizmi, ata po mbarojn\u00eb universitetin nd\u00ebrkoh\u00eb q\u00eb sistemi politik e partiak ka mbetur aty ku ishte 20 vjet m\u00eb par\u00eb: tek dy persona, tek dy parti, tek dy stile e mentalitete t\u00eb nj\u00ebjta, tek dy pal\u00eb q\u00eb me rotacion vjedhin vota, e bashk\u00eb me to, vjedhin pushtet p\u00ebr t\u00eb grabitur pasurin\u00eb publike.<\/p>\n<p>Politika shqiptare krenohet sot se ka shum\u00eb t\u00eb rinj mb\u00ebshtet\u00ebs n\u00eb mitingje apo FB. N\u00eb fakt ky \u00ebsht\u00eb nj\u00eb lajm i keq p\u00ebr Shqip\u00ebrin\u00eb. Modelet e vjetra politike q\u00eb mbahen n\u00eb k\u00ebmb\u00eb p\u00ebr shkak t\u00eb sistemit t\u00eb kalbur korruptiv e duan rinin\u00eb jo p\u00ebr idet\u00eb e vizionin e tyre, por p\u00ebr t\u00eb ushqyer manikerin\u00eb e pushtetit personal, p\u00ebr imazh, p\u00ebr dekor dhe bashk\u00ebfaj\u00ebsi elektorale. Ata nuk e duan rinin\u00eb p\u00ebr ide, nuk lejojn\u00eb konkurrimin e lir\u00eb n\u00eb vet\u00eb partit\u00eb politike, nuk pranojn\u00eb kritik\u00ebn publike dhe as l\u00ebvizje qytetare.<\/p>\n<p>Ata duan at\u00eb rini q\u00eb duartroket pa menduar, ata t\u00eb cil\u00ebt n\u00eb fakt jan\u00eb p\u00ebrgjegj\u00ebs p\u00ebr d\u00ebshtimin e aspiratave t\u00eb tyre, q\u00eb futet n\u00eb resht pa guxuar t\u00eb jet\u00eb e lir\u00eb, q\u00eb \u00ebsht\u00eb e gatshme t\u00eb zgjedh\u00eb rrug\u00ebn m\u00eb t\u00eb shkurt\u00ebr p\u00ebr privilegjet e pushtetit, \u2013 pra nj\u00eb rini t\u00eb re n\u00eb mosh\u00eb por t\u00eb mplakur n\u00eb ide, nj\u00eb rini q\u00eb nuk ka asgj\u00eb rinore ve\u00e7 dit\u00eblindjes, nj\u00eb rini t\u00eb gatshme t\u00eb sakrifikohet p\u00ebr t\u00eb mbajtur n\u00eb k\u00ebmb\u00eb modelin 20-vje\u00e7ar t\u00eb lider\u00ebve q\u00eb erdh\u00ebn duke na premtuar demokraci e sh\u00ebrbim, dhe po vegjetojn\u00eb duke praktikuar p\u00ebr\u00e7arje, konflikt, abuzim me pushtetin e sundim mbi qytetar\u00ebt.<\/p>\n<p>Kjo nuk \u00ebsht\u00eb rinia q\u00eb ky vend ka nevoj\u00eb, kjo nuk \u00ebsht\u00eb rinia q\u00eb familjet tona kan\u00eb nevoj\u00eb, kjo nuk \u00ebsht\u00eb rinia q\u00eb garanton nj\u00eb t\u00eb ardhme ndryshe p\u00ebr veten dhe shoq\u00ebrin\u00eb.<\/p>\n<p>Ndaj Shqip\u00ebria \u201cn\u00eb mosh\u00ebn e internetit\u201d ka nj\u00eb keqkuptim t\u00eb madh n\u00eb raport me rinin\u00eb, dhe vet\u00eb rinia ka nj\u00eb keqkuptim t\u00eb madh me pjes\u00ebn tjet\u00ebr t\u00eb shoq\u00ebris\u00eb. N\u00eb nj\u00eb shoq\u00ebri n\u00eb tranzicion nuk jan\u00eb dit\u00eblindjet q\u00eb b\u00ebjn\u00eb diferenc\u00ebn; jan\u00eb vizioni p\u00ebr vendin e t\u00eb ardhmen, aft\u00ebsia p\u00ebr t\u00eb par\u00eb tej interesit t\u00eb momentit dhe p\u00ebr t\u00eb refuzuar t\u00eb keqen ngado q\u00eb vjen ajo, \u2013 kriteri q\u00eb dallon dhe identifikon brezat e grupet shoq\u00ebrore nga nj\u00ebri-tjetri. Dhe k\u00ebt\u00eb, fatkeq\u00ebsisht, ende nuk e ka brezi i sot\u00ebm i ri, \u2013 nj\u00eb rezultat zhg\u00ebnjyes tranzicioni dhe nj\u00eb shpjegim m\u00eb shum\u00eb pse gj\u00ebrat tona pozitive po ecin kaq ngadal\u00eb dhe me kosto kaq t\u00eb lart\u00eb!<\/p>\n","protected":false},"excerpt":{"rendered":"<p>Nj\u00eb vend pa rini Nga AFRIM KRASNIQI Shqip\u00ebria \u00ebsht\u00eb nj\u00eb nga vendet me numrin m\u00eb t\u00eb ri t\u00eb popullsis\u00eb. Nj\u00eb aset me vlera t\u00eb ve\u00e7anta p\u00ebr nj\u00eb vend q\u00eb k\u00ebrkon t\u00eb fitoj\u00eb me shpejt\u00ebsi koh\u00ebn e humbur, p\u00ebrmes zhvillimit t\u00eb shpejt\u00eb me rezultate konkrete. 20-vje\u00e7ar\u00ebt e vitit \u201890, tashm\u00eb jan\u00eb prind\u00ebr me f\u00ebmij\u00eb, t\u00eb lindurit [&hellip;]<\/p>\n","protected":false},"author":1,"featured_media":0,"comment_status":"open","ping_status":"closed","sticky":false,"template":"","format":"standard","meta":{"footnotes":""},"categories":[2],"tags":[],"class_list":{"0":"post-11656","1":"post","2":"type-post","3":"status-publish","4":"format-standard","6":"category-artikuj"},"yoast_head":"<!-- This site is optimized with the Yoast SEO plugin v27.4 - https:\/\/yoast.com\/product\/yoast-seo-wordpress\/ -->\n<title>Duan nj\u00eb rini t\u00eb re n\u00eb mosh\u00eb, por t\u00eb mplakur n\u00eb ide\u2026 - FjALA e LIR\u00cb - Arkivi<\/title>\n<meta name=\"robots\" content=\"index, follow, max-snippet:-1, max-image-preview:large, max-video-preview:-1\" \/>\n<link rel=\"canonical\" href=\"https:\/\/fjala.info\/2009-2015\/duan-nje-rini-te-re-ne-moshe-por-te-mplakur-ne-ide\/\" \/>\n<meta property=\"og:locale\" content=\"sq_AL\" \/>\n<meta property=\"og:type\" content=\"article\" \/>\n<meta property=\"og:title\" content=\"Duan nj\u00eb rini t\u00eb re n\u00eb mosh\u00eb, por t\u00eb mplakur n\u00eb ide\u2026 - FjALA e LIR\u00cb - Arkivi\" \/>\n<meta property=\"og:description\" content=\"Nj\u00eb vend pa rini Nga AFRIM KRASNIQI Shqip\u00ebria \u00ebsht\u00eb nj\u00eb nga vendet me numrin m\u00eb t\u00eb ri t\u00eb popullsis\u00eb. Nj\u00eb aset me vlera t\u00eb ve\u00e7anta p\u00ebr nj\u00eb vend q\u00eb k\u00ebrkon t\u00eb fitoj\u00eb me shpejt\u00ebsi koh\u00ebn e humbur, p\u00ebrmes zhvillimit t\u00eb shpejt\u00eb me rezultate konkrete. 20-vje\u00e7ar\u00ebt e vitit \u201890, tashm\u00eb jan\u00eb prind\u00ebr me f\u00ebmij\u00eb, t\u00eb lindurit [&hellip;]\" \/>\n<meta property=\"og:url\" content=\"https:\/\/fjala.info\/2009-2015\/duan-nje-rini-te-re-ne-moshe-por-te-mplakur-ne-ide\/\" \/>\n<meta property=\"og:site_name\" content=\"FjALA e LIR\u00cb - Arkivi\" \/>\n<meta property=\"article:published_time\" content=\"2012-01-30T08:44:48+00:00\" \/>\n<meta property=\"og:image\" content=\"http:\/\/www.shkoder.net\/images\/fjala\/afrim_krasniqi.jpg\" \/>\n<meta name=\"author\" content=\"admin\" \/>\n<meta name=\"twitter:card\" content=\"summary_large_image\" \/>\n<meta name=\"twitter:label1\" content=\"Written by\" \/>\n\t<meta name=\"twitter:data1\" content=\"admin\" \/>\n\t<meta name=\"twitter:label2\" content=\"Est. reading time\" \/>\n\t<meta name=\"twitter:data2\" content=\"4 minutes\" \/>\n<script type=\"application\/ld+json\" class=\"yoast-schema-graph\">{\"@context\":\"https:\\\/\\\/schema.org\",\"@graph\":[{\"@type\":\"Article\",\"@id\":\"https:\\\/\\\/fjala.info\\\/2009-2015\\\/duan-nje-rini-te-re-ne-moshe-por-te-mplakur-ne-ide\\\/#article\",\"isPartOf\":{\"@id\":\"https:\\\/\\\/fjala.info\\\/2009-2015\\\/duan-nje-rini-te-re-ne-moshe-por-te-mplakur-ne-ide\\\/\"},\"author\":{\"name\":\"admin\",\"@id\":\"https:\\\/\\\/fjala.info\\\/2009-2015\\\/#\\\/schema\\\/person\\\/3aa1163ef05469c496fc94e77611ada2\"},\"headline\":\"Duan nj\u00eb rini t\u00eb re n\u00eb mosh\u00eb, por t\u00eb mplakur n\u00eb ide\u2026\",\"datePublished\":\"2012-01-30T08:44:48+00:00\",\"mainEntityOfPage\":{\"@id\":\"https:\\\/\\\/fjala.info\\\/2009-2015\\\/duan-nje-rini-te-re-ne-moshe-por-te-mplakur-ne-ide\\\/\"},\"wordCount\":750,\"commentCount\":0,\"publisher\":{\"@id\":\"https:\\\/\\\/fjala.info\\\/2009-2015\\\/#organization\"},\"image\":{\"@id\":\"https:\\\/\\\/fjala.info\\\/2009-2015\\\/duan-nje-rini-te-re-ne-moshe-por-te-mplakur-ne-ide\\\/#primaryimage\"},\"thumbnailUrl\":\"http:\\\/\\\/www.shkoder.net\\\/images\\\/fjala\\\/afrim_krasniqi.jpg\",\"articleSection\":[\"Artikuj\"],\"inLanguage\":\"sq-AL\",\"potentialAction\":[{\"@type\":\"CommentAction\",\"name\":\"Comment\",\"target\":[\"https:\\\/\\\/fjala.info\\\/2009-2015\\\/duan-nje-rini-te-re-ne-moshe-por-te-mplakur-ne-ide\\\/#respond\"]}]},{\"@type\":\"WebPage\",\"@id\":\"https:\\\/\\\/fjala.info\\\/2009-2015\\\/duan-nje-rini-te-re-ne-moshe-por-te-mplakur-ne-ide\\\/\",\"url\":\"https:\\\/\\\/fjala.info\\\/2009-2015\\\/duan-nje-rini-te-re-ne-moshe-por-te-mplakur-ne-ide\\\/\",\"name\":\"Duan nj\u00eb rini t\u00eb re n\u00eb mosh\u00eb, por t\u00eb mplakur n\u00eb ide\u2026 - FjALA e LIR\u00cb - Arkivi\",\"isPartOf\":{\"@id\":\"https:\\\/\\\/fjala.info\\\/2009-2015\\\/#website\"},\"primaryImageOfPage\":{\"@id\":\"https:\\\/\\\/fjala.info\\\/2009-2015\\\/duan-nje-rini-te-re-ne-moshe-por-te-mplakur-ne-ide\\\/#primaryimage\"},\"image\":{\"@id\":\"https:\\\/\\\/fjala.info\\\/2009-2015\\\/duan-nje-rini-te-re-ne-moshe-por-te-mplakur-ne-ide\\\/#primaryimage\"},\"thumbnailUrl\":\"http:\\\/\\\/www.shkoder.net\\\/images\\\/fjala\\\/afrim_krasniqi.jpg\",\"datePublished\":\"2012-01-30T08:44:48+00:00\",\"breadcrumb\":{\"@id\":\"https:\\\/\\\/fjala.info\\\/2009-2015\\\/duan-nje-rini-te-re-ne-moshe-por-te-mplakur-ne-ide\\\/#breadcrumb\"},\"inLanguage\":\"sq-AL\",\"potentialAction\":[{\"@type\":\"ReadAction\",\"target\":[\"https:\\\/\\\/fjala.info\\\/2009-2015\\\/duan-nje-rini-te-re-ne-moshe-por-te-mplakur-ne-ide\\\/\"]}]},{\"@type\":\"ImageObject\",\"inLanguage\":\"sq-AL\",\"@id\":\"https:\\\/\\\/fjala.info\\\/2009-2015\\\/duan-nje-rini-te-re-ne-moshe-por-te-mplakur-ne-ide\\\/#primaryimage\",\"url\":\"http:\\\/\\\/www.shkoder.net\\\/images\\\/fjala\\\/afrim_krasniqi.jpg\",\"contentUrl\":\"http:\\\/\\\/www.shkoder.net\\\/images\\\/fjala\\\/afrim_krasniqi.jpg\"},{\"@type\":\"BreadcrumbList\",\"@id\":\"https:\\\/\\\/fjala.info\\\/2009-2015\\\/duan-nje-rini-te-re-ne-moshe-por-te-mplakur-ne-ide\\\/#breadcrumb\",\"itemListElement\":[{\"@type\":\"ListItem\",\"position\":1,\"name\":\"Home\",\"item\":\"https:\\\/\\\/fjala.info\\\/2009-2015\\\/\"},{\"@type\":\"ListItem\",\"position\":2,\"name\":\"Duan nj\u00eb rini t\u00eb re n\u00eb mosh\u00eb, por t\u00eb mplakur n\u00eb ide\u2026\"}]},{\"@type\":\"WebSite\",\"@id\":\"https:\\\/\\\/fjala.info\\\/2009-2015\\\/#website\",\"url\":\"https:\\\/\\\/fjala.info\\\/2009-2015\\\/\",\"name\":\"FjALA e LIR\u00cb - Arkivi\",\"description\":\"Arkivi 2009-2015\",\"publisher\":{\"@id\":\"https:\\\/\\\/fjala.info\\\/2009-2015\\\/#organization\"},\"potentialAction\":[{\"@type\":\"SearchAction\",\"target\":{\"@type\":\"EntryPoint\",\"urlTemplate\":\"https:\\\/\\\/fjala.info\\\/2009-2015\\\/?s={search_term_string}\"},\"query-input\":{\"@type\":\"PropertyValueSpecification\",\"valueRequired\":true,\"valueName\":\"search_term_string\"}}],\"inLanguage\":\"sq-AL\"},{\"@type\":\"Organization\",\"@id\":\"https:\\\/\\\/fjala.info\\\/2009-2015\\\/#organization\",\"name\":\"FjALA e LIR\u00cb - Arkivi\",\"url\":\"https:\\\/\\\/fjala.info\\\/2009-2015\\\/\",\"logo\":{\"@type\":\"ImageObject\",\"inLanguage\":\"sq-AL\",\"@id\":\"https:\\\/\\\/fjala.info\\\/2009-2015\\\/#\\\/schema\\\/logo\\\/image\\\/\",\"url\":\"\",\"contentUrl\":\"\",\"caption\":\"FjALA e LIR\u00cb - Arkivi\"},\"image\":{\"@id\":\"https:\\\/\\\/fjala.info\\\/2009-2015\\\/#\\\/schema\\\/logo\\\/image\\\/\"}},{\"@type\":\"Person\",\"@id\":\"https:\\\/\\\/fjala.info\\\/2009-2015\\\/#\\\/schema\\\/person\\\/3aa1163ef05469c496fc94e77611ada2\",\"name\":\"admin\",\"image\":{\"@type\":\"ImageObject\",\"inLanguage\":\"sq-AL\",\"@id\":\"https:\\\/\\\/fjala.info\\\/2009-2015\\\/wp-content\\\/uploads\\\/2012\\\/02\\\/arben_cokaj-120x150.jpg\",\"url\":\"https:\\\/\\\/fjala.info\\\/2009-2015\\\/wp-content\\\/uploads\\\/2012\\\/02\\\/arben_cokaj-120x150.jpg\",\"contentUrl\":\"https:\\\/\\\/fjala.info\\\/2009-2015\\\/wp-content\\\/uploads\\\/2012\\\/02\\\/arben_cokaj-120x150.jpg\",\"caption\":\"admin\"},\"description\":\"Admin, Fjala e Lir\u00eb\",\"sameAs\":[\"https:\\\/\\\/fjala.info\\\/\"],\"url\":\"https:\\\/\\\/fjala.info\\\/2009-2015\\\/author\\\/admin\\\/\"}]}<\/script>\n<!-- \/ Yoast SEO plugin. -->","yoast_head_json":{"title":"Duan nj\u00eb rini t\u00eb re n\u00eb mosh\u00eb, por t\u00eb mplakur n\u00eb ide\u2026 - FjALA e LIR\u00cb - Arkivi","robots":{"index":"index","follow":"follow","max-snippet":"max-snippet:-1","max-image-preview":"max-image-preview:large","max-video-preview":"max-video-preview:-1"},"canonical":"https:\/\/fjala.info\/2009-2015\/duan-nje-rini-te-re-ne-moshe-por-te-mplakur-ne-ide\/","og_locale":"sq_AL","og_type":"article","og_title":"Duan nj\u00eb rini t\u00eb re n\u00eb mosh\u00eb, por t\u00eb mplakur n\u00eb ide\u2026 - FjALA e LIR\u00cb - Arkivi","og_description":"Nj\u00eb vend pa rini Nga AFRIM KRASNIQI Shqip\u00ebria \u00ebsht\u00eb nj\u00eb nga vendet me numrin m\u00eb t\u00eb ri t\u00eb popullsis\u00eb. Nj\u00eb aset me vlera t\u00eb ve\u00e7anta p\u00ebr nj\u00eb vend q\u00eb k\u00ebrkon t\u00eb fitoj\u00eb me shpejt\u00ebsi koh\u00ebn e humbur, p\u00ebrmes zhvillimit t\u00eb shpejt\u00eb me rezultate konkrete. 20-vje\u00e7ar\u00ebt e vitit \u201890, tashm\u00eb jan\u00eb prind\u00ebr me f\u00ebmij\u00eb, t\u00eb lindurit [&hellip;]","og_url":"https:\/\/fjala.info\/2009-2015\/duan-nje-rini-te-re-ne-moshe-por-te-mplakur-ne-ide\/","og_site_name":"FjALA e LIR\u00cb - Arkivi","article_published_time":"2012-01-30T08:44:48+00:00","og_image":[{"url":"http:\/\/www.shkoder.net\/images\/fjala\/afrim_krasniqi.jpg","type":"","width":"","height":""}],"author":"admin","twitter_card":"summary_large_image","twitter_misc":{"Written by":"admin","Est. reading time":"4 minutes"},"schema":{"@context":"https:\/\/schema.org","@graph":[{"@type":"Article","@id":"https:\/\/fjala.info\/2009-2015\/duan-nje-rini-te-re-ne-moshe-por-te-mplakur-ne-ide\/#article","isPartOf":{"@id":"https:\/\/fjala.info\/2009-2015\/duan-nje-rini-te-re-ne-moshe-por-te-mplakur-ne-ide\/"},"author":{"name":"admin","@id":"https:\/\/fjala.info\/2009-2015\/#\/schema\/person\/3aa1163ef05469c496fc94e77611ada2"},"headline":"Duan nj\u00eb rini t\u00eb re n\u00eb mosh\u00eb, por t\u00eb mplakur n\u00eb ide\u2026","datePublished":"2012-01-30T08:44:48+00:00","mainEntityOfPage":{"@id":"https:\/\/fjala.info\/2009-2015\/duan-nje-rini-te-re-ne-moshe-por-te-mplakur-ne-ide\/"},"wordCount":750,"commentCount":0,"publisher":{"@id":"https:\/\/fjala.info\/2009-2015\/#organization"},"image":{"@id":"https:\/\/fjala.info\/2009-2015\/duan-nje-rini-te-re-ne-moshe-por-te-mplakur-ne-ide\/#primaryimage"},"thumbnailUrl":"http:\/\/www.shkoder.net\/images\/fjala\/afrim_krasniqi.jpg","articleSection":["Artikuj"],"inLanguage":"sq-AL","potentialAction":[{"@type":"CommentAction","name":"Comment","target":["https:\/\/fjala.info\/2009-2015\/duan-nje-rini-te-re-ne-moshe-por-te-mplakur-ne-ide\/#respond"]}]},{"@type":"WebPage","@id":"https:\/\/fjala.info\/2009-2015\/duan-nje-rini-te-re-ne-moshe-por-te-mplakur-ne-ide\/","url":"https:\/\/fjala.info\/2009-2015\/duan-nje-rini-te-re-ne-moshe-por-te-mplakur-ne-ide\/","name":"Duan nj\u00eb rini t\u00eb re n\u00eb mosh\u00eb, por t\u00eb mplakur n\u00eb ide\u2026 - FjALA e LIR\u00cb - Arkivi","isPartOf":{"@id":"https:\/\/fjala.info\/2009-2015\/#website"},"primaryImageOfPage":{"@id":"https:\/\/fjala.info\/2009-2015\/duan-nje-rini-te-re-ne-moshe-por-te-mplakur-ne-ide\/#primaryimage"},"image":{"@id":"https:\/\/fjala.info\/2009-2015\/duan-nje-rini-te-re-ne-moshe-por-te-mplakur-ne-ide\/#primaryimage"},"thumbnailUrl":"http:\/\/www.shkoder.net\/images\/fjala\/afrim_krasniqi.jpg","datePublished":"2012-01-30T08:44:48+00:00","breadcrumb":{"@id":"https:\/\/fjala.info\/2009-2015\/duan-nje-rini-te-re-ne-moshe-por-te-mplakur-ne-ide\/#breadcrumb"},"inLanguage":"sq-AL","potentialAction":[{"@type":"ReadAction","target":["https:\/\/fjala.info\/2009-2015\/duan-nje-rini-te-re-ne-moshe-por-te-mplakur-ne-ide\/"]}]},{"@type":"ImageObject","inLanguage":"sq-AL","@id":"https:\/\/fjala.info\/2009-2015\/duan-nje-rini-te-re-ne-moshe-por-te-mplakur-ne-ide\/#primaryimage","url":"http:\/\/www.shkoder.net\/images\/fjala\/afrim_krasniqi.jpg","contentUrl":"http:\/\/www.shkoder.net\/images\/fjala\/afrim_krasniqi.jpg"},{"@type":"BreadcrumbList","@id":"https:\/\/fjala.info\/2009-2015\/duan-nje-rini-te-re-ne-moshe-por-te-mplakur-ne-ide\/#breadcrumb","itemListElement":[{"@type":"ListItem","position":1,"name":"Home","item":"https:\/\/fjala.info\/2009-2015\/"},{"@type":"ListItem","position":2,"name":"Duan nj\u00eb rini t\u00eb re n\u00eb mosh\u00eb, por t\u00eb mplakur n\u00eb ide\u2026"}]},{"@type":"WebSite","@id":"https:\/\/fjala.info\/2009-2015\/#website","url":"https:\/\/fjala.info\/2009-2015\/","name":"FjALA e LIR\u00cb - Arkivi","description":"Arkivi 2009-2015","publisher":{"@id":"https:\/\/fjala.info\/2009-2015\/#organization"},"potentialAction":[{"@type":"SearchAction","target":{"@type":"EntryPoint","urlTemplate":"https:\/\/fjala.info\/2009-2015\/?s={search_term_string}"},"query-input":{"@type":"PropertyValueSpecification","valueRequired":true,"valueName":"search_term_string"}}],"inLanguage":"sq-AL"},{"@type":"Organization","@id":"https:\/\/fjala.info\/2009-2015\/#organization","name":"FjALA e LIR\u00cb - Arkivi","url":"https:\/\/fjala.info\/2009-2015\/","logo":{"@type":"ImageObject","inLanguage":"sq-AL","@id":"https:\/\/fjala.info\/2009-2015\/#\/schema\/logo\/image\/","url":"","contentUrl":"","caption":"FjALA e LIR\u00cb - Arkivi"},"image":{"@id":"https:\/\/fjala.info\/2009-2015\/#\/schema\/logo\/image\/"}},{"@type":"Person","@id":"https:\/\/fjala.info\/2009-2015\/#\/schema\/person\/3aa1163ef05469c496fc94e77611ada2","name":"admin","image":{"@type":"ImageObject","inLanguage":"sq-AL","@id":"https:\/\/fjala.info\/2009-2015\/wp-content\/uploads\/2012\/02\/arben_cokaj-120x150.jpg","url":"https:\/\/fjala.info\/2009-2015\/wp-content\/uploads\/2012\/02\/arben_cokaj-120x150.jpg","contentUrl":"https:\/\/fjala.info\/2009-2015\/wp-content\/uploads\/2012\/02\/arben_cokaj-120x150.jpg","caption":"admin"},"description":"Admin, Fjala e Lir\u00eb","sameAs":["https:\/\/fjala.info\/"],"url":"https:\/\/fjala.info\/2009-2015\/author\/admin\/"}]}},"_links":{"self":[{"href":"https:\/\/fjala.info\/2009-2015\/wp-json\/wp\/v2\/posts\/11656","targetHints":{"allow":["GET"]}}],"collection":[{"href":"https:\/\/fjala.info\/2009-2015\/wp-json\/wp\/v2\/posts"}],"about":[{"href":"https:\/\/fjala.info\/2009-2015\/wp-json\/wp\/v2\/types\/post"}],"author":[{"embeddable":true,"href":"https:\/\/fjala.info\/2009-2015\/wp-json\/wp\/v2\/users\/1"}],"replies":[{"embeddable":true,"href":"https:\/\/fjala.info\/2009-2015\/wp-json\/wp\/v2\/comments?post=11656"}],"version-history":[{"count":0,"href":"https:\/\/fjala.info\/2009-2015\/wp-json\/wp\/v2\/posts\/11656\/revisions"}],"wp:attachment":[{"href":"https:\/\/fjala.info\/2009-2015\/wp-json\/wp\/v2\/media?parent=11656"}],"wp:term":[{"taxonomy":"category","embeddable":true,"href":"https:\/\/fjala.info\/2009-2015\/wp-json\/wp\/v2\/categories?post=11656"},{"taxonomy":"post_tag","embeddable":true,"href":"https:\/\/fjala.info\/2009-2015\/wp-json\/wp\/v2\/tags?post=11656"}],"curies":[{"name":"wp","href":"https:\/\/api.w.org\/{rel}","templated":true}]}}