{"id":11655,"date":"2012-01-30T08:34:00","date_gmt":"2012-01-30T07:34:00","guid":{"rendered":"http:\/\/fjala.shkoder.net\/?p=1496"},"modified":"2012-01-30T08:34:00","modified_gmt":"2012-01-30T07:34:00","slug":"histori-me-daimler-benz","status":"publish","type":"post","link":"https:\/\/fjala.info\/2009-2015\/histori-me-daimler-benz\/","title":{"rendered":"Histori me Daimler-Benz"},"content":{"rendered":"<p><img decoding=\"async\" class=\"alignleft size-thumbnail wp-image-7236\" title=\"Enver Robelli\" src=\"http:\/\/www.shkoder.net\/images\/fjala\/enver_robelli.jpg\" alt=\"\" width=\"150\" \/> <em><strong>Polici gjerman i EULEX-it, vetura e vjedhur dhe e parkuar n\u00eb trotuarin e Prishtin\u00ebs dhe imazhi i Kosov\u00ebs n\u00eb Allg\u00e4u<\/strong><\/em><\/p>\n<p><strong>Enver Robelli<\/strong>, <em>30 Janar 2012<\/em><\/p>\n<p>Q\u00eb nga n\u00ebntori 2011 n\u00eb Kosov\u00eb, n\u00eb kuad\u00ebr t\u00eb EULEX-it, punon komisari kryesor i Inspektoratit Policor nga Dega e Hetimeve n\u00eb Lindau, qytet gjerman n\u00eb kufi me Zvicr\u00ebn dhe Austrin\u00eb. Nj\u00eb dit\u00eb dhjetori k\u00ebtij polici n\u00eb nj\u00eb trotuar t\u00eb Prishtin\u00ebs i ra n\u00eb sy kjo vetur\u00eb: Daimler-Benz CLS 350 CDI, me targa t\u00eb Gjermanis\u00eb. Polici k\u00ebrkoi nga koleg\u00ebt n\u00eb Lindau t\u00eb provojn\u00eb v\u00ebrtet\u00ebsin\u00eb e targave. Verifikimi tregoi se targat ishin t\u00eb l\u00ebshuara p\u00ebr nj\u00eb moto\u00e7iklet\u00eb t\u00eb mark\u00ebs Honda. Edhe vula n\u00eb targa ishte e falsifikuar. Pasoi nj\u00eb lajm\u00ebrim n\u00eb EULEX-Security-Center, n\u00eb qendr\u00ebn e siguris\u00eb t\u00eb EULEX-it.<\/p>\n<p>Pas pak nj\u00eb shqiptar 35-vje\u00e7ar u kthye te vetura \u201ce tij\u201d, te Daimler-Benz CLS 350 CDI, me gjas\u00eb d\u00ebshironte t\u00eb b\u00ebnte nj\u00eb xhiro n\u00ebp\u00ebr Prishtin\u00eb apo t\u00eb kthehej n\u00eb sht\u00ebpi, n\u00ebse ka qen\u00eb me banim jasht\u00eb kryeqytetit. Pas k\u00ebrkes\u00ebs s\u00eb policis\u00eb (nd\u00ebrkoh\u00eb kolegut gjerman iu kishin bashkangjitur edhe polic\u00ebt kosovar\u00eb) shoferi prezantoi nj\u00eb librez\u00eb gjermane t\u00eb vetur\u00ebs. Ishte e falsifikuar!<\/p>\n<p>Nj\u00eb shikim n\u00ebn kapakun e motorit, verifikimi i numrit t\u00eb shasis\u00eb (numrit identifikues t\u00eb vetur\u00ebs) dhe nj\u00eb telefonat\u00eb me policin\u00eb n\u00eb Lindau treguan se Daimler-Benz CLS 350 CDI, me vler\u00eb prej 80 mij\u00eb euro, ishte regjistruar n\u00eb shkurt 2011 n\u00eb Hamburg dhe disa jav\u00eb m\u00eb von\u00eb ishte vjedhur po n\u00eb Hamburg p\u00ebr t\u00eb p\u00ebrfunduar n\u00eb Kosov\u00eb! Daimler-Benzi i parkuar n\u00eb trotuarin e Prishtin\u00ebs u konfiskua, shoferi u shoq\u00ebrua n\u00eb stacionin e Policis\u00eb s\u00eb Kosov\u00ebs, hetimet vazhdojn\u00eb. Komisari me emrin Uwe Konh\u00e4user ka treguar se edhe paraardh\u00ebsi i tij n\u00eb Prishtin\u00eb Dietmar Hochrein gjat\u00eb pun\u00ebs s\u00eb tij po ashtu kishte arritur t\u00eb konfiskoj\u00eb nj\u00eb vetur\u00eb t\u00eb shtrenjt\u00eb dhe me regjistrim t\u00eb falsifikuar.<\/p>\n<p>Ky rast p\u00ebrshkruhej t\u00eb m\u00ebrkur\u00ebn, m\u00eb 25 janar, n\u00eb nj\u00eb portal interneti t\u00eb trev\u00ebs Allg\u00e4u n\u00eb Gjermani. Ky delikt flet p\u00ebr shum\u00eb gj\u00ebra:<\/p>\n<p><strong>1<\/strong>.<br \/>\nNj\u00eb polici gjerman n\u00eb Prishtin\u00eb i bie n\u00eb sy nj\u00eb vetur\u00eb, k\u00ebrkon verifikimin e regjistrimit dhe e zbulon se \u00ebsht\u00eb e vjedhur. Policia e Kosov\u00ebs, e cila \u00ebsht\u00eb edhe m\u00eb shum\u00eb e pranishme n\u00eb rrug\u00ebt e vendit se polic\u00ebt e EULEX-it, k\u00ebt\u00eb vetur\u00eb nuk e ka par\u00eb ose s\u2019ka dashur ta shoh\u00eb.<\/p>\n<p><strong>2<\/strong>.<br \/>\nKjo vetur\u00eb e vjedhur \u00ebsht\u00eb shembull i imazhit t\u00eb keq t\u00eb Kosov\u00ebs. K\u00ebt\u00eb imazh s\u2019e ndreqin as milionat dh\u00ebn\u00eb kot s\u00eb koti agjencis\u00eb Saatchi &amp; Saatchi. Ky tenderi p\u00ebr imazh ka qen\u00eb nd\u00ebr ato vjedhjet q\u00eb i b\u00ebhen miletit para syve dhe askush nuk hetohet. P\u00ebrkundrazi: pla\u00e7kit\u00ebsit zg\u00ebrdhihen dhe n\u00eb prapasken\u00eb ndajn\u00eb pazarin n\u00eb stilin e mafioz\u00ebve. Natyrisht copa m\u00eb e madhe e tort\u00ebs i takon \u201ck\u00ebshilltar\u00ebve t\u00eb jasht\u00ebm\u201d, ata, fundja, me do balona t\u00eb l\u00ebshuar n\u00eb ajrin e ndotur t\u00eb Kosov\u00ebs e p\u00ebrsos\u00ebn imazhin.<\/p>\n<p><strong>3<\/strong>.<br \/>\nDaimler-Benzi i vjedhur tregon se Kosova \u00ebsht\u00eb larg plot\u00ebsimit t\u00eb standardeve t\u00eb siguris\u00eb. Ky \u00ebsht\u00eb perceptimi per\u00ebndimor. Perceptimi i njer\u00ebzve t\u00eb zakonsh\u00ebm, atyre q\u00eb e kan\u00eb fuqin\u00eb e vot\u00ebs dhe p\u00ebr t\u00eb cil\u00ebt kan\u00eb respekt politikan\u00ebt per\u00ebndimor\u00eb. Politikan\u00ebt e Kosov\u00ebs takohen zakonisht me zyrtar\u00eb per\u00ebndimor\u00eb, mendimet e t\u00eb cil\u00ebve nuk jan\u00eb reprezentative. Jo pak prej tyre llomotitin ca gjepura diplomatike p\u00ebr integrimet evropiane e rajonale dhe ndjekin agjend\u00ebn e tyre minimale, e cila nuk synon zgjidhjen e problemeve, ta z\u00ebm\u00eb, mes Kosov\u00ebs dhe Serbis\u00eb, por vet\u00ebm kamuflimin e tyre.<\/p>\n<p>Diplomati i Bashkimit Evropian, Robert Cooper, n\u00eb rolin e leht\u00ebsuesit t\u00eb muhabetit mes Stefanoviqit dhe Tahirit s\u00eb fundi ishte tallur para gazetar\u00ebve t\u00eb Kosov\u00ebs duke th\u00ebn\u00eb se marr\u00ebveshjet gojore me Serbin\u00eb mund t\u2019i ndihmojn\u00eb Kosov\u00ebs t\u00eb eksportoj\u00eb lule. \u2013 Imazhi i Kosov\u00ebs v\u00ebrehet kur bisedoni me njer\u00ebz t\u00eb r\u00ebndomt\u00eb n\u00eb Evrop\u00ebn per\u00ebndimore. Kosova nuk nd\u00ebrlidhet me pizza dhe pasta, por vet\u00ebm me pisll\u00ebqe, p\u00ebr t\u00eb p\u00ebrdorur k\u00ebtu nj\u00eb fjal\u00eb shum\u00eb t\u00eb but\u00eb. N\u00eb k\u00ebt\u00eb kuad\u00ebr hyn frika e njer\u00ebzve n\u00eb Evrop\u00eb se vetura mund t\u00eb t\u00eb vidhet para der\u00ebs. Kjo frik\u00eb nuk ka t\u00eb b\u00ebj\u00eb vet\u00ebm me shqiptar\u00eb. Para disa vitesh nj\u00eb band\u00eb serbe kishte vjedhur dhjet\u00ebra moto\u00e7ikleta n\u00eb Zvic\u00ebr dhe i kishte \u00e7uar n\u00eb Serbi p\u00ebr shitje.<\/p>\n<p>Nj\u00eb diplomat zviceran fliste me tone lavd\u00ebruese p\u00ebr pun\u00ebn e policis\u00eb serbe, e cila, sipas tij, kishte bashk\u00ebpunuar ngusht\u00eb n\u00eb zbulimin e vjedh\u00ebsve. \u201cMe policin\u00eb e Kosov\u00ebs duhet t\u00eb nd\u00ebrtojm\u00eb ende raporte mir\u00ebbesimi\u201d, thoshte ai. Serbia ka arritur q\u00eb me ish-z\u00ebdh\u00ebn\u00ebsin e Millosheviqit n\u00eb postin e ministrit t\u00eb brendsh\u00ebm t\u00eb krijoj\u00eb imazh m\u00eb t\u00eb mir\u00eb se Kosova, se policia e Kosov\u00ebs, t\u00eb cil\u00ebs i vidhen shum\u00eb kilogram\u00eb drog\u00eb n\u00eb dhom\u00ebn e d\u00ebshmive dhe askush deri m\u00eb sot nuk ka dh\u00ebn\u00eb p\u00ebrgjegj\u00ebsi p\u00ebr k\u00ebt\u00eb ngjarje, askush nuk \u00ebsht\u00eb arrestuar. K\u00ebtu arrijm\u00eb te standardi i paplot\u00ebsuar i siguris\u00eb.<\/p>\n<p><strong>4<\/strong>.<br \/>\nPo ashtu vetura e vjedhur na shpjegon pse vendet e Schengenit ngurrojn\u00eb t\u00eb heqin vizat p\u00ebr qytetar\u00ebt e Kosov\u00ebs. Argumenti q\u00eb d\u00ebgjohet shpesh nga pala kosovare \u00ebsht\u00eb: kriminel\u00ebt arrijn\u00eb n\u00eb Evrop\u00eb edhe pa viza! E sakt\u00eb, por ideja p\u00ebr heqjen e vizave e shton frik\u00ebn se mund t\u00eb vijn\u00eb edhe m\u00eb shum\u00eb vjedh\u00ebs, jo vet\u00ebm t\u00eb veturave. Ky \u00ebsht\u00eb disponimi i njer\u00ebzve n\u00eb Allg\u00e4u dhe n\u00eb treva t\u00eb tjera n\u00eb Evrop\u00eb. Ata e lexojn\u00eb gazet\u00ebn lokale, prej saj m\u00ebsojn\u00eb se si nj\u00eb gjermani n\u00eb Hamburg i \u00ebsht\u00eb vjedhur vetura, e cila \u00ebsht\u00eb gjetur n\u00eb Kosov\u00eb \u2013 jo nga policia vendore, por fal\u00eb vigjilenc\u00ebs s\u00eb nj\u00eb polici nd\u00ebrkomb\u00ebtar, n\u00eb k\u00ebt\u00eb rast gjerman.<\/p>\n<p><strong>5<\/strong>.<br \/>\nPolitika n\u00eb Kosov\u00eb ushqen shpresa se vizat do t\u00eb hiqen sivjet. \u201cBrenda vitit (2012)\u201d, u tha k\u00ebto dit\u00eb. Nj\u00eb mike e Kosov\u00ebs para pak dit\u00ebsh n\u00eb telefon thoshte: \u201cMir\u00eb q\u00eb filloi ky debati p\u00ebr vizat, por do t\u00eb jet\u00eb nj\u00eb debat i gjat\u00eb, dy deri trevje\u00e7ar\u201d. Kujt t\u2019i besojm\u00eb? Po t\u00eb ishte Kosova shtet normal qytetari me qejf do t\u2019i besonte politikan\u00ebve t\u00eb vendit t\u00eb vet, pasi \u2013 nisur nga premisa se jan\u00eb zgjedhur me vota t\u00eb pastra \u2013 ata jan\u00eb k\u00ebtu p\u00ebr t\u00eb punuar p\u00ebr interesat e shoq\u00ebris\u00eb. Meq\u00eb jan\u00eb zgjedhur me vota t\u00eb vjedhura rrjedhimisht ne e kemi v\u00ebshtir\u00eb t\u2019u besojm\u00eb k\u00ebtyre t\u00eb tan\u00ebve dhe duhet t\u2019i besojm\u00eb m\u00eb shum\u00eb nj\u00eb politikaneje q\u00eb punon n\u00eb Bruksel dhe Strassburg dhe e cila \u00ebsht\u00eb zgjedhur me vota t\u00eb pastra t\u00eb vendit t\u00eb saj \u2013 dhe nuk e g\u00ebnjen as popullin e vet, por as neve, sepse \u00ebsht\u00eb e p\u00ebrgjegjshme.<\/p>\n<p><strong>6<\/strong>.<br \/>\nQ\u00eb nga viti 1999 mij\u00ebra polic\u00eb e ushtar\u00eb t\u00eb vendeve evropiane kan\u00eb sh\u00ebrbyer n\u00eb Kosov\u00eb. Jan\u00eb kthyer n\u00eb atdhe me mendime, p\u00ebrshtypje, p\u00ebrvoja \u2013 t\u00eb mira e t\u00eb k\u00ebqija. \u00cbsht\u00eb n\u00eb natyr\u00ebn e njeriut q\u00eb m\u00eb shum\u00eb t\u2019i tregoj\u00eb t\u00eb k\u00ebqijat q\u00eb i ka p\u00ebrjetuar gjat\u00eb nj\u00eb udh\u00ebtimi apo q\u00ebndrimi n\u00eb vende t\u00eb huaja se sa an\u00ebt e bukura. E bukura konsiderohet si di\u00e7ka private, si di\u00e7ka q\u00eb nuk ndahet me shum\u00eb njer\u00ebz. T\u00eb keqen, aq m\u00eb tep\u00ebr kur je polic a ushtar, e ndan me rrethin t\u00ebnd. \u00cbsht\u00eb af\u00ebrmendsh\u00ebm q\u00eb edhe polic\u00ebt gjerman\u00eb q\u00eb ashtu pahiri, duke ecur rrug\u00ebve t\u00eb Prishtin\u00ebs, zbulojn\u00eb vetura t\u00eb vjedhura, kur t\u00eb kthehen n\u00eb atdhe, madje n\u00eb poste t\u00eb r\u00ebnd\u00ebsishme t\u00eb siguris\u00eb, p\u00ebr Kosov\u00ebn zor se do t\u00eb gjejn\u00eb fjal\u00eb t\u00eb mira.<\/p>\n<p><strong>7<\/strong>.<br \/>\nTash disa fjal\u00eb p\u00ebr Daimler-Benz CLS 350 CDI: Revista e specializuar gjermane \u201cAutobild\u201d e p\u00ebrshkruan k\u00ebt\u00eb vetur\u00eb si muskulore, me pamje monumentale, me teneqe q\u00eb bie n\u00eb sy me hijeshin\u00eb e saj, n\u00eb brendi me plastik\u00eb t\u00eb shtrenjt\u00eb, sip\u00ebrfaqe t\u00eb shndritshme metalike dhe listela t\u00eb bukura druri, me nj\u00eb fjal\u00eb n\u00eb k\u00ebt\u00eb vetur\u00eb dominon atmosfera elegante. P\u00ebr shofer\u00ebt shqiptar\u00eb me r\u00ebnd\u00ebsi: vetura me 6 cilindra i ka 265 kuaj fuqi, p\u00ebr 6.3 sekonda mb\u00ebrrin shpejt\u00ebsin\u00eb 100 n\u00eb or\u00eb, motori me naft\u00eb harxhon 7.4 litra n\u00eb 100 kilometra.<\/p>\n<p><strong>8<\/strong>.<br \/>\nN\u00eb stilin \u201cdi\u00e7ka p\u00ebr Mitrovic\u00ebn, a?\u201d njer\u00ebzit n\u00eb Kosov\u00eb mund t\u00eb pyesin tash dhe s\u00ebrish: kur do t\u00eb hiqen vizat? Sigurisht jo derisa regjimi aktual rren\u00ebn e ka deviz\u00eb t\u00eb komunikimit me publikun. Dhe derisa regjimi me qytetar\u00ebt, votuesit, shoq\u00ebrin\u00eb, quajeni si t\u00eb doni, komunikon p\u00ebrmes llupash\u00ebve dhe dallkauk\u00ebve, t\u00eb cil\u00ebt n\u00eb cockpit-in e pushtetit nuk i solli vota, por gjunj\u00ebt, gatishm\u00ebria p\u00ebr t\u00eb sh\u00ebrbyer me (sh)krime dhe bat\u00ebrdisur \u00e7do debat publik.<\/p>\n","protected":false},"excerpt":{"rendered":"<p>Polici gjerman i EULEX-it, vetura e vjedhur dhe e parkuar n\u00eb trotuarin e Prishtin\u00ebs dhe imazhi i Kosov\u00ebs n\u00eb Allg\u00e4u Enver Robelli, 30 Janar 2012 Q\u00eb nga n\u00ebntori 2011 n\u00eb Kosov\u00eb, n\u00eb kuad\u00ebr t\u00eb EULEX-it, punon komisari kryesor i Inspektoratit Policor nga Dega e Hetimeve n\u00eb Lindau, qytet gjerman n\u00eb kufi me Zvicr\u00ebn dhe Austrin\u00eb. [&hellip;]<\/p>\n","protected":false},"author":1,"featured_media":0,"comment_status":"open","ping_status":"closed","sticky":false,"template":"","format":"standard","meta":{"footnotes":""},"categories":[2],"tags":[],"class_list":{"0":"post-11655","1":"post","2":"type-post","3":"status-publish","4":"format-standard","6":"category-artikuj"},"yoast_head":"<!-- This site is optimized with the Yoast SEO plugin v27.4 - https:\/\/yoast.com\/product\/yoast-seo-wordpress\/ -->\n<title>Histori me Daimler-Benz - FjALA e LIR\u00cb - Arkivi<\/title>\n<meta name=\"robots\" content=\"index, follow, max-snippet:-1, max-image-preview:large, max-video-preview:-1\" \/>\n<link rel=\"canonical\" href=\"https:\/\/fjala.info\/2009-2015\/histori-me-daimler-benz\/\" \/>\n<meta property=\"og:locale\" content=\"sq_AL\" \/>\n<meta property=\"og:type\" content=\"article\" \/>\n<meta property=\"og:title\" content=\"Histori me Daimler-Benz - FjALA e LIR\u00cb - Arkivi\" \/>\n<meta property=\"og:description\" content=\"Polici gjerman i EULEX-it, vetura e vjedhur dhe e parkuar n\u00eb trotuarin e Prishtin\u00ebs dhe imazhi i Kosov\u00ebs n\u00eb Allg\u00e4u Enver Robelli, 30 Janar 2012 Q\u00eb nga n\u00ebntori 2011 n\u00eb Kosov\u00eb, n\u00eb kuad\u00ebr t\u00eb EULEX-it, punon komisari kryesor i Inspektoratit Policor nga Dega e Hetimeve n\u00eb Lindau, qytet gjerman n\u00eb kufi me Zvicr\u00ebn dhe Austrin\u00eb. [&hellip;]\" \/>\n<meta property=\"og:url\" content=\"https:\/\/fjala.info\/2009-2015\/histori-me-daimler-benz\/\" \/>\n<meta property=\"og:site_name\" content=\"FjALA e LIR\u00cb - Arkivi\" \/>\n<meta property=\"article:published_time\" content=\"2012-01-30T07:34:00+00:00\" \/>\n<meta property=\"og:image\" content=\"http:\/\/www.shkoder.net\/images\/fjala\/enver_robelli.jpg\" \/>\n<meta name=\"author\" content=\"admin\" \/>\n<meta name=\"twitter:card\" content=\"summary_large_image\" \/>\n<meta name=\"twitter:label1\" content=\"Written by\" \/>\n\t<meta name=\"twitter:data1\" content=\"admin\" \/>\n\t<meta name=\"twitter:label2\" content=\"Est. reading time\" \/>\n\t<meta name=\"twitter:data2\" content=\"8 minutes\" \/>\n<script type=\"application\/ld+json\" class=\"yoast-schema-graph\">{\"@context\":\"https:\\\/\\\/schema.org\",\"@graph\":[{\"@type\":\"Article\",\"@id\":\"https:\\\/\\\/fjala.info\\\/2009-2015\\\/histori-me-daimler-benz\\\/#article\",\"isPartOf\":{\"@id\":\"https:\\\/\\\/fjala.info\\\/2009-2015\\\/histori-me-daimler-benz\\\/\"},\"author\":{\"name\":\"admin\",\"@id\":\"https:\\\/\\\/fjala.info\\\/2009-2015\\\/#\\\/schema\\\/person\\\/3aa1163ef05469c496fc94e77611ada2\"},\"headline\":\"Histori me Daimler-Benz\",\"datePublished\":\"2012-01-30T07:34:00+00:00\",\"mainEntityOfPage\":{\"@id\":\"https:\\\/\\\/fjala.info\\\/2009-2015\\\/histori-me-daimler-benz\\\/\"},\"wordCount\":1516,\"commentCount\":0,\"publisher\":{\"@id\":\"https:\\\/\\\/fjala.info\\\/2009-2015\\\/#organization\"},\"image\":{\"@id\":\"https:\\\/\\\/fjala.info\\\/2009-2015\\\/histori-me-daimler-benz\\\/#primaryimage\"},\"thumbnailUrl\":\"http:\\\/\\\/www.shkoder.net\\\/images\\\/fjala\\\/enver_robelli.jpg\",\"articleSection\":[\"Artikuj\"],\"inLanguage\":\"sq-AL\",\"potentialAction\":[{\"@type\":\"CommentAction\",\"name\":\"Comment\",\"target\":[\"https:\\\/\\\/fjala.info\\\/2009-2015\\\/histori-me-daimler-benz\\\/#respond\"]}]},{\"@type\":\"WebPage\",\"@id\":\"https:\\\/\\\/fjala.info\\\/2009-2015\\\/histori-me-daimler-benz\\\/\",\"url\":\"https:\\\/\\\/fjala.info\\\/2009-2015\\\/histori-me-daimler-benz\\\/\",\"name\":\"Histori me Daimler-Benz - FjALA e LIR\u00cb - Arkivi\",\"isPartOf\":{\"@id\":\"https:\\\/\\\/fjala.info\\\/2009-2015\\\/#website\"},\"primaryImageOfPage\":{\"@id\":\"https:\\\/\\\/fjala.info\\\/2009-2015\\\/histori-me-daimler-benz\\\/#primaryimage\"},\"image\":{\"@id\":\"https:\\\/\\\/fjala.info\\\/2009-2015\\\/histori-me-daimler-benz\\\/#primaryimage\"},\"thumbnailUrl\":\"http:\\\/\\\/www.shkoder.net\\\/images\\\/fjala\\\/enver_robelli.jpg\",\"datePublished\":\"2012-01-30T07:34:00+00:00\",\"breadcrumb\":{\"@id\":\"https:\\\/\\\/fjala.info\\\/2009-2015\\\/histori-me-daimler-benz\\\/#breadcrumb\"},\"inLanguage\":\"sq-AL\",\"potentialAction\":[{\"@type\":\"ReadAction\",\"target\":[\"https:\\\/\\\/fjala.info\\\/2009-2015\\\/histori-me-daimler-benz\\\/\"]}]},{\"@type\":\"ImageObject\",\"inLanguage\":\"sq-AL\",\"@id\":\"https:\\\/\\\/fjala.info\\\/2009-2015\\\/histori-me-daimler-benz\\\/#primaryimage\",\"url\":\"http:\\\/\\\/www.shkoder.net\\\/images\\\/fjala\\\/enver_robelli.jpg\",\"contentUrl\":\"http:\\\/\\\/www.shkoder.net\\\/images\\\/fjala\\\/enver_robelli.jpg\"},{\"@type\":\"BreadcrumbList\",\"@id\":\"https:\\\/\\\/fjala.info\\\/2009-2015\\\/histori-me-daimler-benz\\\/#breadcrumb\",\"itemListElement\":[{\"@type\":\"ListItem\",\"position\":1,\"name\":\"Home\",\"item\":\"https:\\\/\\\/fjala.info\\\/2009-2015\\\/\"},{\"@type\":\"ListItem\",\"position\":2,\"name\":\"Histori me Daimler-Benz\"}]},{\"@type\":\"WebSite\",\"@id\":\"https:\\\/\\\/fjala.info\\\/2009-2015\\\/#website\",\"url\":\"https:\\\/\\\/fjala.info\\\/2009-2015\\\/\",\"name\":\"FjALA e LIR\u00cb - Arkivi\",\"description\":\"Arkivi 2009-2015\",\"publisher\":{\"@id\":\"https:\\\/\\\/fjala.info\\\/2009-2015\\\/#organization\"},\"potentialAction\":[{\"@type\":\"SearchAction\",\"target\":{\"@type\":\"EntryPoint\",\"urlTemplate\":\"https:\\\/\\\/fjala.info\\\/2009-2015\\\/?s={search_term_string}\"},\"query-input\":{\"@type\":\"PropertyValueSpecification\",\"valueRequired\":true,\"valueName\":\"search_term_string\"}}],\"inLanguage\":\"sq-AL\"},{\"@type\":\"Organization\",\"@id\":\"https:\\\/\\\/fjala.info\\\/2009-2015\\\/#organization\",\"name\":\"FjALA e LIR\u00cb - Arkivi\",\"url\":\"https:\\\/\\\/fjala.info\\\/2009-2015\\\/\",\"logo\":{\"@type\":\"ImageObject\",\"inLanguage\":\"sq-AL\",\"@id\":\"https:\\\/\\\/fjala.info\\\/2009-2015\\\/#\\\/schema\\\/logo\\\/image\\\/\",\"url\":\"\",\"contentUrl\":\"\",\"caption\":\"FjALA e LIR\u00cb - Arkivi\"},\"image\":{\"@id\":\"https:\\\/\\\/fjala.info\\\/2009-2015\\\/#\\\/schema\\\/logo\\\/image\\\/\"}},{\"@type\":\"Person\",\"@id\":\"https:\\\/\\\/fjala.info\\\/2009-2015\\\/#\\\/schema\\\/person\\\/3aa1163ef05469c496fc94e77611ada2\",\"name\":\"admin\",\"image\":{\"@type\":\"ImageObject\",\"inLanguage\":\"sq-AL\",\"@id\":\"https:\\\/\\\/fjala.info\\\/2009-2015\\\/wp-content\\\/uploads\\\/2012\\\/02\\\/arben_cokaj-120x150.jpg\",\"url\":\"https:\\\/\\\/fjala.info\\\/2009-2015\\\/wp-content\\\/uploads\\\/2012\\\/02\\\/arben_cokaj-120x150.jpg\",\"contentUrl\":\"https:\\\/\\\/fjala.info\\\/2009-2015\\\/wp-content\\\/uploads\\\/2012\\\/02\\\/arben_cokaj-120x150.jpg\",\"caption\":\"admin\"},\"description\":\"Admin, Fjala e Lir\u00eb\",\"sameAs\":[\"https:\\\/\\\/fjala.info\\\/\"],\"url\":\"https:\\\/\\\/fjala.info\\\/2009-2015\\\/author\\\/admin\\\/\"}]}<\/script>\n<!-- \/ Yoast SEO plugin. -->","yoast_head_json":{"title":"Histori me Daimler-Benz - FjALA e LIR\u00cb - Arkivi","robots":{"index":"index","follow":"follow","max-snippet":"max-snippet:-1","max-image-preview":"max-image-preview:large","max-video-preview":"max-video-preview:-1"},"canonical":"https:\/\/fjala.info\/2009-2015\/histori-me-daimler-benz\/","og_locale":"sq_AL","og_type":"article","og_title":"Histori me Daimler-Benz - FjALA e LIR\u00cb - Arkivi","og_description":"Polici gjerman i EULEX-it, vetura e vjedhur dhe e parkuar n\u00eb trotuarin e Prishtin\u00ebs dhe imazhi i Kosov\u00ebs n\u00eb Allg\u00e4u Enver Robelli, 30 Janar 2012 Q\u00eb nga n\u00ebntori 2011 n\u00eb Kosov\u00eb, n\u00eb kuad\u00ebr t\u00eb EULEX-it, punon komisari kryesor i Inspektoratit Policor nga Dega e Hetimeve n\u00eb Lindau, qytet gjerman n\u00eb kufi me Zvicr\u00ebn dhe Austrin\u00eb. [&hellip;]","og_url":"https:\/\/fjala.info\/2009-2015\/histori-me-daimler-benz\/","og_site_name":"FjALA e LIR\u00cb - Arkivi","article_published_time":"2012-01-30T07:34:00+00:00","og_image":[{"url":"http:\/\/www.shkoder.net\/images\/fjala\/enver_robelli.jpg","type":"","width":"","height":""}],"author":"admin","twitter_card":"summary_large_image","twitter_misc":{"Written by":"admin","Est. reading time":"8 minutes"},"schema":{"@context":"https:\/\/schema.org","@graph":[{"@type":"Article","@id":"https:\/\/fjala.info\/2009-2015\/histori-me-daimler-benz\/#article","isPartOf":{"@id":"https:\/\/fjala.info\/2009-2015\/histori-me-daimler-benz\/"},"author":{"name":"admin","@id":"https:\/\/fjala.info\/2009-2015\/#\/schema\/person\/3aa1163ef05469c496fc94e77611ada2"},"headline":"Histori me Daimler-Benz","datePublished":"2012-01-30T07:34:00+00:00","mainEntityOfPage":{"@id":"https:\/\/fjala.info\/2009-2015\/histori-me-daimler-benz\/"},"wordCount":1516,"commentCount":0,"publisher":{"@id":"https:\/\/fjala.info\/2009-2015\/#organization"},"image":{"@id":"https:\/\/fjala.info\/2009-2015\/histori-me-daimler-benz\/#primaryimage"},"thumbnailUrl":"http:\/\/www.shkoder.net\/images\/fjala\/enver_robelli.jpg","articleSection":["Artikuj"],"inLanguage":"sq-AL","potentialAction":[{"@type":"CommentAction","name":"Comment","target":["https:\/\/fjala.info\/2009-2015\/histori-me-daimler-benz\/#respond"]}]},{"@type":"WebPage","@id":"https:\/\/fjala.info\/2009-2015\/histori-me-daimler-benz\/","url":"https:\/\/fjala.info\/2009-2015\/histori-me-daimler-benz\/","name":"Histori me Daimler-Benz - FjALA e LIR\u00cb - Arkivi","isPartOf":{"@id":"https:\/\/fjala.info\/2009-2015\/#website"},"primaryImageOfPage":{"@id":"https:\/\/fjala.info\/2009-2015\/histori-me-daimler-benz\/#primaryimage"},"image":{"@id":"https:\/\/fjala.info\/2009-2015\/histori-me-daimler-benz\/#primaryimage"},"thumbnailUrl":"http:\/\/www.shkoder.net\/images\/fjala\/enver_robelli.jpg","datePublished":"2012-01-30T07:34:00+00:00","breadcrumb":{"@id":"https:\/\/fjala.info\/2009-2015\/histori-me-daimler-benz\/#breadcrumb"},"inLanguage":"sq-AL","potentialAction":[{"@type":"ReadAction","target":["https:\/\/fjala.info\/2009-2015\/histori-me-daimler-benz\/"]}]},{"@type":"ImageObject","inLanguage":"sq-AL","@id":"https:\/\/fjala.info\/2009-2015\/histori-me-daimler-benz\/#primaryimage","url":"http:\/\/www.shkoder.net\/images\/fjala\/enver_robelli.jpg","contentUrl":"http:\/\/www.shkoder.net\/images\/fjala\/enver_robelli.jpg"},{"@type":"BreadcrumbList","@id":"https:\/\/fjala.info\/2009-2015\/histori-me-daimler-benz\/#breadcrumb","itemListElement":[{"@type":"ListItem","position":1,"name":"Home","item":"https:\/\/fjala.info\/2009-2015\/"},{"@type":"ListItem","position":2,"name":"Histori me Daimler-Benz"}]},{"@type":"WebSite","@id":"https:\/\/fjala.info\/2009-2015\/#website","url":"https:\/\/fjala.info\/2009-2015\/","name":"FjALA e LIR\u00cb - Arkivi","description":"Arkivi 2009-2015","publisher":{"@id":"https:\/\/fjala.info\/2009-2015\/#organization"},"potentialAction":[{"@type":"SearchAction","target":{"@type":"EntryPoint","urlTemplate":"https:\/\/fjala.info\/2009-2015\/?s={search_term_string}"},"query-input":{"@type":"PropertyValueSpecification","valueRequired":true,"valueName":"search_term_string"}}],"inLanguage":"sq-AL"},{"@type":"Organization","@id":"https:\/\/fjala.info\/2009-2015\/#organization","name":"FjALA e LIR\u00cb - Arkivi","url":"https:\/\/fjala.info\/2009-2015\/","logo":{"@type":"ImageObject","inLanguage":"sq-AL","@id":"https:\/\/fjala.info\/2009-2015\/#\/schema\/logo\/image\/","url":"","contentUrl":"","caption":"FjALA e LIR\u00cb - Arkivi"},"image":{"@id":"https:\/\/fjala.info\/2009-2015\/#\/schema\/logo\/image\/"}},{"@type":"Person","@id":"https:\/\/fjala.info\/2009-2015\/#\/schema\/person\/3aa1163ef05469c496fc94e77611ada2","name":"admin","image":{"@type":"ImageObject","inLanguage":"sq-AL","@id":"https:\/\/fjala.info\/2009-2015\/wp-content\/uploads\/2012\/02\/arben_cokaj-120x150.jpg","url":"https:\/\/fjala.info\/2009-2015\/wp-content\/uploads\/2012\/02\/arben_cokaj-120x150.jpg","contentUrl":"https:\/\/fjala.info\/2009-2015\/wp-content\/uploads\/2012\/02\/arben_cokaj-120x150.jpg","caption":"admin"},"description":"Admin, Fjala e Lir\u00eb","sameAs":["https:\/\/fjala.info\/"],"url":"https:\/\/fjala.info\/2009-2015\/author\/admin\/"}]}},"_links":{"self":[{"href":"https:\/\/fjala.info\/2009-2015\/wp-json\/wp\/v2\/posts\/11655","targetHints":{"allow":["GET"]}}],"collection":[{"href":"https:\/\/fjala.info\/2009-2015\/wp-json\/wp\/v2\/posts"}],"about":[{"href":"https:\/\/fjala.info\/2009-2015\/wp-json\/wp\/v2\/types\/post"}],"author":[{"embeddable":true,"href":"https:\/\/fjala.info\/2009-2015\/wp-json\/wp\/v2\/users\/1"}],"replies":[{"embeddable":true,"href":"https:\/\/fjala.info\/2009-2015\/wp-json\/wp\/v2\/comments?post=11655"}],"version-history":[{"count":0,"href":"https:\/\/fjala.info\/2009-2015\/wp-json\/wp\/v2\/posts\/11655\/revisions"}],"wp:attachment":[{"href":"https:\/\/fjala.info\/2009-2015\/wp-json\/wp\/v2\/media?parent=11655"}],"wp:term":[{"taxonomy":"category","embeddable":true,"href":"https:\/\/fjala.info\/2009-2015\/wp-json\/wp\/v2\/categories?post=11655"},{"taxonomy":"post_tag","embeddable":true,"href":"https:\/\/fjala.info\/2009-2015\/wp-json\/wp\/v2\/tags?post=11655"}],"curies":[{"name":"wp","href":"https:\/\/api.w.org\/{rel}","templated":true}]}}