{"id":11654,"date":"2012-01-29T08:49:00","date_gmt":"2012-01-29T07:49:00","guid":{"rendered":"http:\/\/fjala.shkoder.net\/?p=1482"},"modified":"2012-01-29T08:49:00","modified_gmt":"2012-01-29T07:49:00","slug":"21-janar-2011-i-gjashti-qe-mungonte-artes-dybeli-eshte-nje-mrekulli-qe-jam-gjalle","status":"publish","type":"post","link":"https:\/\/fjala.info\/2009-2015\/21-janar-2011-i-gjashti-qe-mungonte-artes-dybeli-eshte-nje-mrekulli-qe-jam-gjalle\/","title":{"rendered":"21 janar 2011 &#8211; \u2018I gjashti q\u00eb mungonte\u2019, Artes Dybeli: \u00cbsht\u00eb nj\u00eb mrekulli q\u00eb jam gjall\u00eb"},"content":{"rendered":"<p><img decoding=\"async\" class=\"alignright size-thumbnail wp-image-7236\" title=\"Artes Dybeli\" src=\"http:\/\/www.shkoder.net\/2012\/artes_dybeli.jpg\" alt=\"\" width=\"300\" \/> Bisedoi: <strong>Lindita \u00c7ela<\/strong><\/p>\n<p>\u00cbsht\u00eb mrekulli q\u00eb sot jeton. \u00cbsht\u00eb nj\u00eb djal\u00eb i thajm\u00eb e me sy q\u00eb rr\u00ebfejn\u00eb nj\u00eb d\u00ebshir\u00eb t\u00eb pafundme jete. Sidomos tashm\u00eb q\u00eb vdekjen e ka par\u00eb me sy. P\u00ebr muaj t\u00eb t\u00ebr\u00eb ka qen\u00eb n\u00eb agoni t\u00eb plot\u00eb mes jet\u00ebs dhe vdekjes. Plumbat e marr\u00eb n\u00eb trup, nj\u00ebri prej t\u00eb cil\u00ebve i ka tejshpuar fytin, b\u00ebn q\u00eb mjek\u00ebt fillimisht t\u2019i hiqnin \u00e7do shpres\u00eb jete. Por fal\u00eb kurimit n\u00eb nj\u00eb klinik\u00eb gjermane, 24 vje\u00e7ari Artes Dybeli sot \u00ebsht\u00eb gjall\u00eb. T\u00eb thot\u00eb se ka rilindur s\u00ebrisht m\u00eb 21 janar, dit\u00ebn q\u00eb u q\u00eblluar p\u00ebr t\u2019u vrar\u00eb. N\u00eb nj\u00eb intervist\u00eb p\u00ebr \u201cShekullin\u201d 24 vje\u00e7ari rr\u00ebfen se si \u00ebsht\u00eb q\u00eblluar m\u00eb 21 janar p\u00ebrball\u00eb kryeministris\u00eb dhe arsyet se p\u00ebrse d\u00ebshmia e tij mungon n\u00eb dosjen e prokuroris\u00eb.<\/p>\n<p><strong>Z. Artes, ju jeni nd\u00ebr t\u00eb plagosurit e protest\u00ebs s\u00eb 21 janarit t\u00eb zhvilluar para kryeministris\u00eb. P\u00ebrse d\u00ebshmia juaj mungon n\u00eb dosjen e prokuroris\u00eb p\u00ebr k\u00ebt\u00eb ngjarje?<\/strong><\/p>\n<p>\u00cbsht\u00eb e v\u00ebrtet\u00eb q\u00eb un\u00eb deri m\u00eb tani nuk kam d\u00ebshmuar \u00e7far\u00eb kam p\u00ebsuar dhe ka ndodhur at\u00eb dit\u00eb. Por besoj se kjo ka ardhur se menj\u00ebher\u00eb pas ngjarjes p\u00ebr arsye sh\u00ebndet\u00ebsore un\u00eb u largova nga Shqip\u00ebria. K\u00ebtu mjek\u00ebt nuk po i jepnin familjes sime garanci p\u00ebr jet\u00ebn dhe familja ime gjykoi se ishte e r\u00ebnd\u00ebsishme q\u00eb un\u00eb t\u00eb trajtohesha n\u00eb nj\u00eb klinik\u00eb jasht\u00eb vendit. M\u00eb 25 shkurt t\u00eb 2011 jan\u00eb nisur p\u00ebr n\u00eb Gjermani, ku jam shtruar n\u00eb klinik\u00ebn \u201cUniclinic\u201d n\u00eb qytetinKiel. Aty kam q\u00ebndruar mbi 10 dit\u00eb n\u00eb urgjenc\u00eb dhe m\u00eb pas i jam n\u00ebnshtruar fizioterapis\u00eb dhe psikoterapis\u00eb p\u00ebr m\u00eb shum\u00eb se dy muaj. Jam kthyer n\u00eb Shqip\u00ebri m\u00eb 26 gusht, e deri m\u00eb tani un\u00eb nuk jam thirrur p\u00ebr t\u00eb d\u00ebshmuar p\u00ebr at\u00eb \u00e7far\u00eb kam par\u00eb dhe ka ndodhur at\u00eb dit\u00eb.<\/p>\n<p><strong>N\u00ebse do t\u2019ju th\u00ebrrasin do t\u00eb shkoni?<\/strong><\/p>\n<p>Sigurisht. Tani q\u00eb jam s\u00ebrisht n\u00eb jet\u00eb e vetmja m\u00ebnyr\u00eb shp\u00ebrblimi ndaj zotit a fatit \u00ebsht\u00eb q\u00eb un\u00eb t\u00eb rr\u00ebfej \u00e7far\u00eb pash\u00eb at\u00eb dit\u00eb dhe se si u q\u00ebllua ndaj meje.<\/p>\n<p><strong>\u00c7far\u00eb ndodhi at\u00eb dit\u00eb, \u00e7far\u00eb mbani mend?<\/strong><\/p>\n<p>Nuk do e harroj kurr\u00eb at\u00eb dit\u00eb. Pasi lash\u00eb pun\u00ebn n\u00eb or\u00ebn 15 e 30 minuta kam marr\u00eb rrug\u00ebn nga Universiteti i Tiran\u00ebs n\u00eb drejtim t\u00eb Kryeministris\u00eb. Besoj se rreth or\u00ebs 15 e 40 minuta jam gjendur p\u00ebrball\u00eb Piramid\u00ebs. Aty gjendeshin disa shok\u00eb t\u00eb mi dhe jam bashkuar me to. N\u00eb momentin q\u00eb un\u00eb kam mb\u00ebrritur aty situata p\u00ebrball\u00eb kryeministris\u00eb ishte e acaruar. Mes hapsir\u00ebs s\u00eb kryeministris\u00eb n\u00eb an\u00ebn e sip\u00ebrme t\u00eb saj u rreshtuan nj\u00eb tog\u00eb ushtar\u00ebsh. N\u00eb ato momente kan\u00eb filluar t\u00eb sht\u00ebnat e para. Pok\u00ebshtu filluan t\u00eb digjeshin makina dhe njer\u00ebzit q\u00eb ishin aty filluan t\u00eb shp\u00ebndaheshin.<\/p>\n<p><strong>Ju vazhduat t\u00eb q\u00ebndronit aty?<\/strong><\/p>\n<p>Jo. Duke qen\u00eb se plumbat nga krahu i sip\u00ebr i kryeministris\u00eb po shtoheshin dhe situata sa vinte e b\u00ebhej m\u00eb e rrezikshme s\u00ebbashku me shok\u00ebt e mi l\u00ebviz\u00ebm. Ishte nj\u00eb stend\u00eb me makina t\u00eb gazetar\u00ebve aty af\u00ebr dhe aty menduam se ishte vendi m\u00eb i sigurt. Besonim se ndaj gazetarve nuk do t\u00eb q\u00ebllonte ndokush, k\u00ebshtu shpresonim.<\/p>\n<p><strong>Aty u q\u00eblluat?\u2026<\/strong><\/p>\n<p>Sinqerisht kam besuar dhe po thoshim me shok\u00ebt se do jen\u00eb plumba manov\u00ebr. Por nuk ishte k\u00ebshtu\u2026<\/p>\n<p><strong>E mbani m\u00ebnd momentin kur ju kan\u00eb q\u00eblluar?<\/strong><\/p>\n<p>Po. Fillimisht kam ndjer\u00eb goditje dhe nj\u00eb therrje n\u00eb trup. P\u00ebr momentin nuk kam humbur ndjenjat dhe kam thirrur shokun tim t\u00eb m\u00eb ndihmonte nd\u00ebrkoh\u00eb q\u00eb krahu i djatht\u00eb po m\u00eb mpihej dhe nga fyti po m\u00eb dilte gjak. Kam ecur pak dhe ka qen\u00eb nj\u00eb djal\u00eb q\u00eb m\u00eb \u00ebsht\u00eb afruar t\u00eb m\u00eb ndihmoj\u00eb pasi un\u00eb po p\u00ebrhumbesha. M\u00eb kan\u00eb futur fillimisht n\u00eb nj\u00eb makin\u00eb t\u00eb nj\u00eb televizioni por n\u00eb at\u00eb situat\u00eb kritike q\u00eb u krijua nuk po gjendeshin \u00e7el\u00ebsat. M\u00eb kan\u00eb marr\u00eb n\u00eb krah\u00eb dhe m\u00eb kan\u00eb \u00e7uar n\u00eb af\u00ebrsi t\u00eb kryq\u00ebzimit te Ura e Lan\u00ebs e aty m\u00eb kan\u00eb \u00e7uar n\u00eb spital me nj\u00eb makin\u00eb t\u00eb policis\u00eb bashkiake.<\/p>\n<p><strong>Ku ju kan\u00eb marr\u00eb plumbat?<\/strong><\/p>\n<p>Duke iu referuar kartel\u00ebs mjek\u00ebsore plumbi i par\u00eb ka hyr\u00eb posht\u00eb mjekr\u00ebs dhe ka tejshpuar fytin. Mjek\u00ebt m\u00eb than\u00eb q\u00eb plumbi ka kaluar vet\u00ebm p\u00ebr 1 milimet\u00ebr larg arteries kryesore, kordave t\u00eb z\u00ebrit, d\u00ebgjimit si dhe nazofagut. Nd\u00ebrsa plumbin e dyt\u00eb e kam marr pak sekonda m\u00eb von\u00eb n\u00eb shpatull\u00ebn e djatht\u00eb dhe ai ka qen\u00eb tejshpues.<\/p>\n<p><strong>Nga cili drejtim vinin plumbat?<\/strong><\/p>\n<p>Nga pjesa e brendshme e Kryeministris\u00eb. Jua thash\u00eb un\u00eb jam q\u00eblluar sapo nj\u00eb makin\u00eb i \u00ebsht\u00eb afruar der\u00ebs s\u00eb jashtme t\u00eb k\u00ebtij institucioni dhe n\u00eb at\u00eb moment po shikoja se si nj\u00eb tog\u00eb ushtarak\u00ebsh po vendoseshin n\u00eb rrjesht duke q\u00eblluar n\u00eb drejtimin ton\u00eb.<\/p>\n<p><strong>Ju keni q\u00eblluar mbi policin\u00eb?<\/strong><\/p>\n<p>Un\u00eb? As kam q\u00eblluar mbi policin\u00eb as nuk kam kapur qoft\u00eb edhe nj\u00eb gur me dor\u00eb.<\/p>\n<p><strong>Sa dit\u00eb q\u00ebndruat n\u00eb spitalin ushtarak?<\/strong><\/p>\n<p>5 dit\u00eb. Por megjith\u00ebse iu n\u00ebnshtrova nd\u00ebrhyrjes kirurgjikale nuk po m\u00eb pushonte hemorragjia. Kisha shum\u00eb problem me krahun dhe frym\u00ebmarrjen. Familja ime vendosi q\u00eb fillimisht t\u00eb shkoja n\u00eb Spitalin Amerikan por gj\u00ebndja ime sa vinte e r\u00ebndohej ndaj me shpenzimet tona kam shkuar n\u00eb Gjermani ku p\u00ebr rreth dy muaj i jam n\u00ebnshtruar ekzaminimeve dhe trajtimit mjek\u00ebsor. Sot jam mir\u00eb. Ndihem me shum\u00eb fat q\u00eb jam gjall\u00eb.<\/p>\n<p><strong>Sot a keni frik\u00eb p\u00ebr at\u00eb q\u00eb keni par\u00eb dhe keni p\u00ebsuar?<\/strong><\/p>\n<p>T\u00eb them t\u00eb drejt\u00ebn tani po. Fillimisht q\u00ebllimi im dhe i familjes sime \u00ebsht\u00eb t\u00eb shp\u00ebtoja nga ajo ngjarje pa asnj\u00eb pasoj\u00eb. Por tani q\u00eb emri im \u00ebsht\u00eb p\u00ebrmendur si d\u00ebshmitar i k\u00ebsaj ngjarje, sigurisht nuk ndihem i qet\u00eb. Nuk di \u00e7\u2019t\u00eb them. Deri m\u00eb tani askush nuk e dinte \u00e7\u2019kisha p\u00ebsuar dhe n\u00ebse ekzistoja.<\/p>\n","protected":false},"excerpt":{"rendered":"<p>Bisedoi: Lindita \u00c7ela \u00cbsht\u00eb mrekulli q\u00eb sot jeton. \u00cbsht\u00eb nj\u00eb djal\u00eb i thajm\u00eb e me sy q\u00eb rr\u00ebfejn\u00eb nj\u00eb d\u00ebshir\u00eb t\u00eb pafundme jete. Sidomos tashm\u00eb q\u00eb vdekjen e ka par\u00eb me sy. P\u00ebr muaj t\u00eb t\u00ebr\u00eb ka qen\u00eb n\u00eb agoni t\u00eb plot\u00eb mes jet\u00ebs dhe vdekjes. Plumbat e marr\u00eb n\u00eb trup, nj\u00ebri prej t\u00eb cil\u00ebve [&hellip;]<\/p>\n","protected":false},"author":1,"featured_media":0,"comment_status":"open","ping_status":"closed","sticky":false,"template":"","format":"standard","meta":{"footnotes":""},"categories":[4],"tags":[],"class_list":{"0":"post-11654","1":"post","2":"type-post","3":"status-publish","4":"format-standard","6":"category-intervista"},"yoast_head":"<!-- This site is optimized with the Yoast SEO plugin v27.4 - https:\/\/yoast.com\/product\/yoast-seo-wordpress\/ -->\n<title>21 janar 2011 - \u2018I gjashti q\u00eb mungonte\u2019, Artes Dybeli: \u00cbsht\u00eb nj\u00eb mrekulli q\u00eb jam gjall\u00eb - FjALA e LIR\u00cb - Arkivi<\/title>\n<meta name=\"robots\" content=\"index, follow, max-snippet:-1, max-image-preview:large, max-video-preview:-1\" \/>\n<link rel=\"canonical\" href=\"https:\/\/fjala.info\/2009-2015\/21-janar-2011-i-gjashti-qe-mungonte-artes-dybeli-eshte-nje-mrekulli-qe-jam-gjalle\/\" \/>\n<meta property=\"og:locale\" content=\"sq_AL\" \/>\n<meta property=\"og:type\" content=\"article\" \/>\n<meta property=\"og:title\" content=\"21 janar 2011 - \u2018I gjashti q\u00eb mungonte\u2019, Artes Dybeli: \u00cbsht\u00eb nj\u00eb mrekulli q\u00eb jam gjall\u00eb - FjALA e LIR\u00cb - Arkivi\" \/>\n<meta property=\"og:description\" content=\"Bisedoi: Lindita \u00c7ela \u00cbsht\u00eb mrekulli q\u00eb sot jeton. \u00cbsht\u00eb nj\u00eb djal\u00eb i thajm\u00eb e me sy q\u00eb rr\u00ebfejn\u00eb nj\u00eb d\u00ebshir\u00eb t\u00eb pafundme jete. Sidomos tashm\u00eb q\u00eb vdekjen e ka par\u00eb me sy. P\u00ebr muaj t\u00eb t\u00ebr\u00eb ka qen\u00eb n\u00eb agoni t\u00eb plot\u00eb mes jet\u00ebs dhe vdekjes. Plumbat e marr\u00eb n\u00eb trup, nj\u00ebri prej t\u00eb cil\u00ebve [&hellip;]\" \/>\n<meta property=\"og:url\" content=\"https:\/\/fjala.info\/2009-2015\/21-janar-2011-i-gjashti-qe-mungonte-artes-dybeli-eshte-nje-mrekulli-qe-jam-gjalle\/\" \/>\n<meta property=\"og:site_name\" content=\"FjALA e LIR\u00cb - Arkivi\" \/>\n<meta property=\"article:published_time\" content=\"2012-01-29T07:49:00+00:00\" \/>\n<meta property=\"og:image\" content=\"http:\/\/www.shkoder.net\/2012\/artes_dybeli.jpg\" \/>\n<meta name=\"author\" content=\"admin\" \/>\n<meta name=\"twitter:card\" content=\"summary_large_image\" \/>\n<meta name=\"twitter:label1\" content=\"Written by\" \/>\n\t<meta name=\"twitter:data1\" content=\"admin\" \/>\n\t<meta name=\"twitter:label2\" content=\"Est. reading time\" \/>\n\t<meta name=\"twitter:data2\" content=\"5 minutes\" \/>\n<script type=\"application\/ld+json\" class=\"yoast-schema-graph\">{\"@context\":\"https:\\\/\\\/schema.org\",\"@graph\":[{\"@type\":\"Article\",\"@id\":\"https:\\\/\\\/fjala.info\\\/2009-2015\\\/21-janar-2011-i-gjashti-qe-mungonte-artes-dybeli-eshte-nje-mrekulli-qe-jam-gjalle\\\/#article\",\"isPartOf\":{\"@id\":\"https:\\\/\\\/fjala.info\\\/2009-2015\\\/21-janar-2011-i-gjashti-qe-mungonte-artes-dybeli-eshte-nje-mrekulli-qe-jam-gjalle\\\/\"},\"author\":{\"name\":\"admin\",\"@id\":\"https:\\\/\\\/fjala.info\\\/2009-2015\\\/#\\\/schema\\\/person\\\/3aa1163ef05469c496fc94e77611ada2\"},\"headline\":\"21 janar 2011 &#8211; \u2018I gjashti q\u00eb mungonte\u2019, Artes Dybeli: \u00cbsht\u00eb nj\u00eb mrekulli q\u00eb jam gjall\u00eb\",\"datePublished\":\"2012-01-29T07:49:00+00:00\",\"mainEntityOfPage\":{\"@id\":\"https:\\\/\\\/fjala.info\\\/2009-2015\\\/21-janar-2011-i-gjashti-qe-mungonte-artes-dybeli-eshte-nje-mrekulli-qe-jam-gjalle\\\/\"},\"wordCount\":1042,\"commentCount\":0,\"publisher\":{\"@id\":\"https:\\\/\\\/fjala.info\\\/2009-2015\\\/#organization\"},\"image\":{\"@id\":\"https:\\\/\\\/fjala.info\\\/2009-2015\\\/21-janar-2011-i-gjashti-qe-mungonte-artes-dybeli-eshte-nje-mrekulli-qe-jam-gjalle\\\/#primaryimage\"},\"thumbnailUrl\":\"http:\\\/\\\/www.shkoder.net\\\/2012\\\/artes_dybeli.jpg\",\"articleSection\":[\"Intervista\"],\"inLanguage\":\"sq-AL\",\"potentialAction\":[{\"@type\":\"CommentAction\",\"name\":\"Comment\",\"target\":[\"https:\\\/\\\/fjala.info\\\/2009-2015\\\/21-janar-2011-i-gjashti-qe-mungonte-artes-dybeli-eshte-nje-mrekulli-qe-jam-gjalle\\\/#respond\"]}]},{\"@type\":\"WebPage\",\"@id\":\"https:\\\/\\\/fjala.info\\\/2009-2015\\\/21-janar-2011-i-gjashti-qe-mungonte-artes-dybeli-eshte-nje-mrekulli-qe-jam-gjalle\\\/\",\"url\":\"https:\\\/\\\/fjala.info\\\/2009-2015\\\/21-janar-2011-i-gjashti-qe-mungonte-artes-dybeli-eshte-nje-mrekulli-qe-jam-gjalle\\\/\",\"name\":\"21 janar 2011 - \u2018I gjashti q\u00eb mungonte\u2019, Artes Dybeli: \u00cbsht\u00eb nj\u00eb mrekulli q\u00eb jam gjall\u00eb - FjALA e LIR\u00cb - Arkivi\",\"isPartOf\":{\"@id\":\"https:\\\/\\\/fjala.info\\\/2009-2015\\\/#website\"},\"primaryImageOfPage\":{\"@id\":\"https:\\\/\\\/fjala.info\\\/2009-2015\\\/21-janar-2011-i-gjashti-qe-mungonte-artes-dybeli-eshte-nje-mrekulli-qe-jam-gjalle\\\/#primaryimage\"},\"image\":{\"@id\":\"https:\\\/\\\/fjala.info\\\/2009-2015\\\/21-janar-2011-i-gjashti-qe-mungonte-artes-dybeli-eshte-nje-mrekulli-qe-jam-gjalle\\\/#primaryimage\"},\"thumbnailUrl\":\"http:\\\/\\\/www.shkoder.net\\\/2012\\\/artes_dybeli.jpg\",\"datePublished\":\"2012-01-29T07:49:00+00:00\",\"breadcrumb\":{\"@id\":\"https:\\\/\\\/fjala.info\\\/2009-2015\\\/21-janar-2011-i-gjashti-qe-mungonte-artes-dybeli-eshte-nje-mrekulli-qe-jam-gjalle\\\/#breadcrumb\"},\"inLanguage\":\"sq-AL\",\"potentialAction\":[{\"@type\":\"ReadAction\",\"target\":[\"https:\\\/\\\/fjala.info\\\/2009-2015\\\/21-janar-2011-i-gjashti-qe-mungonte-artes-dybeli-eshte-nje-mrekulli-qe-jam-gjalle\\\/\"]}]},{\"@type\":\"ImageObject\",\"inLanguage\":\"sq-AL\",\"@id\":\"https:\\\/\\\/fjala.info\\\/2009-2015\\\/21-janar-2011-i-gjashti-qe-mungonte-artes-dybeli-eshte-nje-mrekulli-qe-jam-gjalle\\\/#primaryimage\",\"url\":\"http:\\\/\\\/www.shkoder.net\\\/2012\\\/artes_dybeli.jpg\",\"contentUrl\":\"http:\\\/\\\/www.shkoder.net\\\/2012\\\/artes_dybeli.jpg\"},{\"@type\":\"BreadcrumbList\",\"@id\":\"https:\\\/\\\/fjala.info\\\/2009-2015\\\/21-janar-2011-i-gjashti-qe-mungonte-artes-dybeli-eshte-nje-mrekulli-qe-jam-gjalle\\\/#breadcrumb\",\"itemListElement\":[{\"@type\":\"ListItem\",\"position\":1,\"name\":\"Home\",\"item\":\"https:\\\/\\\/fjala.info\\\/2009-2015\\\/\"},{\"@type\":\"ListItem\",\"position\":2,\"name\":\"21 janar 2011 &#8211; \u2018I gjashti q\u00eb mungonte\u2019, Artes Dybeli: \u00cbsht\u00eb nj\u00eb mrekulli q\u00eb jam gjall\u00eb\"}]},{\"@type\":\"WebSite\",\"@id\":\"https:\\\/\\\/fjala.info\\\/2009-2015\\\/#website\",\"url\":\"https:\\\/\\\/fjala.info\\\/2009-2015\\\/\",\"name\":\"FjALA e LIR\u00cb - Arkivi\",\"description\":\"Arkivi 2009-2015\",\"publisher\":{\"@id\":\"https:\\\/\\\/fjala.info\\\/2009-2015\\\/#organization\"},\"potentialAction\":[{\"@type\":\"SearchAction\",\"target\":{\"@type\":\"EntryPoint\",\"urlTemplate\":\"https:\\\/\\\/fjala.info\\\/2009-2015\\\/?s={search_term_string}\"},\"query-input\":{\"@type\":\"PropertyValueSpecification\",\"valueRequired\":true,\"valueName\":\"search_term_string\"}}],\"inLanguage\":\"sq-AL\"},{\"@type\":\"Organization\",\"@id\":\"https:\\\/\\\/fjala.info\\\/2009-2015\\\/#organization\",\"name\":\"FjALA e LIR\u00cb - Arkivi\",\"url\":\"https:\\\/\\\/fjala.info\\\/2009-2015\\\/\",\"logo\":{\"@type\":\"ImageObject\",\"inLanguage\":\"sq-AL\",\"@id\":\"https:\\\/\\\/fjala.info\\\/2009-2015\\\/#\\\/schema\\\/logo\\\/image\\\/\",\"url\":\"\",\"contentUrl\":\"\",\"caption\":\"FjALA e LIR\u00cb - Arkivi\"},\"image\":{\"@id\":\"https:\\\/\\\/fjala.info\\\/2009-2015\\\/#\\\/schema\\\/logo\\\/image\\\/\"}},{\"@type\":\"Person\",\"@id\":\"https:\\\/\\\/fjala.info\\\/2009-2015\\\/#\\\/schema\\\/person\\\/3aa1163ef05469c496fc94e77611ada2\",\"name\":\"admin\",\"image\":{\"@type\":\"ImageObject\",\"inLanguage\":\"sq-AL\",\"@id\":\"https:\\\/\\\/fjala.info\\\/2009-2015\\\/wp-content\\\/uploads\\\/2012\\\/02\\\/arben_cokaj-120x150.jpg\",\"url\":\"https:\\\/\\\/fjala.info\\\/2009-2015\\\/wp-content\\\/uploads\\\/2012\\\/02\\\/arben_cokaj-120x150.jpg\",\"contentUrl\":\"https:\\\/\\\/fjala.info\\\/2009-2015\\\/wp-content\\\/uploads\\\/2012\\\/02\\\/arben_cokaj-120x150.jpg\",\"caption\":\"admin\"},\"description\":\"Admin, Fjala e Lir\u00eb\",\"sameAs\":[\"https:\\\/\\\/fjala.info\\\/\"],\"url\":\"https:\\\/\\\/fjala.info\\\/2009-2015\\\/author\\\/admin\\\/\"}]}<\/script>\n<!-- \/ Yoast SEO plugin. -->","yoast_head_json":{"title":"21 janar 2011 - \u2018I gjashti q\u00eb mungonte\u2019, Artes Dybeli: \u00cbsht\u00eb nj\u00eb mrekulli q\u00eb jam gjall\u00eb - FjALA e LIR\u00cb - Arkivi","robots":{"index":"index","follow":"follow","max-snippet":"max-snippet:-1","max-image-preview":"max-image-preview:large","max-video-preview":"max-video-preview:-1"},"canonical":"https:\/\/fjala.info\/2009-2015\/21-janar-2011-i-gjashti-qe-mungonte-artes-dybeli-eshte-nje-mrekulli-qe-jam-gjalle\/","og_locale":"sq_AL","og_type":"article","og_title":"21 janar 2011 - \u2018I gjashti q\u00eb mungonte\u2019, Artes Dybeli: \u00cbsht\u00eb nj\u00eb mrekulli q\u00eb jam gjall\u00eb - FjALA e LIR\u00cb - Arkivi","og_description":"Bisedoi: Lindita \u00c7ela \u00cbsht\u00eb mrekulli q\u00eb sot jeton. \u00cbsht\u00eb nj\u00eb djal\u00eb i thajm\u00eb e me sy q\u00eb rr\u00ebfejn\u00eb nj\u00eb d\u00ebshir\u00eb t\u00eb pafundme jete. Sidomos tashm\u00eb q\u00eb vdekjen e ka par\u00eb me sy. P\u00ebr muaj t\u00eb t\u00ebr\u00eb ka qen\u00eb n\u00eb agoni t\u00eb plot\u00eb mes jet\u00ebs dhe vdekjes. Plumbat e marr\u00eb n\u00eb trup, nj\u00ebri prej t\u00eb cil\u00ebve [&hellip;]","og_url":"https:\/\/fjala.info\/2009-2015\/21-janar-2011-i-gjashti-qe-mungonte-artes-dybeli-eshte-nje-mrekulli-qe-jam-gjalle\/","og_site_name":"FjALA e LIR\u00cb - Arkivi","article_published_time":"2012-01-29T07:49:00+00:00","og_image":[{"url":"http:\/\/www.shkoder.net\/2012\/artes_dybeli.jpg","type":"","width":"","height":""}],"author":"admin","twitter_card":"summary_large_image","twitter_misc":{"Written by":"admin","Est. reading time":"5 minutes"},"schema":{"@context":"https:\/\/schema.org","@graph":[{"@type":"Article","@id":"https:\/\/fjala.info\/2009-2015\/21-janar-2011-i-gjashti-qe-mungonte-artes-dybeli-eshte-nje-mrekulli-qe-jam-gjalle\/#article","isPartOf":{"@id":"https:\/\/fjala.info\/2009-2015\/21-janar-2011-i-gjashti-qe-mungonte-artes-dybeli-eshte-nje-mrekulli-qe-jam-gjalle\/"},"author":{"name":"admin","@id":"https:\/\/fjala.info\/2009-2015\/#\/schema\/person\/3aa1163ef05469c496fc94e77611ada2"},"headline":"21 janar 2011 &#8211; \u2018I gjashti q\u00eb mungonte\u2019, Artes Dybeli: \u00cbsht\u00eb nj\u00eb mrekulli q\u00eb jam gjall\u00eb","datePublished":"2012-01-29T07:49:00+00:00","mainEntityOfPage":{"@id":"https:\/\/fjala.info\/2009-2015\/21-janar-2011-i-gjashti-qe-mungonte-artes-dybeli-eshte-nje-mrekulli-qe-jam-gjalle\/"},"wordCount":1042,"commentCount":0,"publisher":{"@id":"https:\/\/fjala.info\/2009-2015\/#organization"},"image":{"@id":"https:\/\/fjala.info\/2009-2015\/21-janar-2011-i-gjashti-qe-mungonte-artes-dybeli-eshte-nje-mrekulli-qe-jam-gjalle\/#primaryimage"},"thumbnailUrl":"http:\/\/www.shkoder.net\/2012\/artes_dybeli.jpg","articleSection":["Intervista"],"inLanguage":"sq-AL","potentialAction":[{"@type":"CommentAction","name":"Comment","target":["https:\/\/fjala.info\/2009-2015\/21-janar-2011-i-gjashti-qe-mungonte-artes-dybeli-eshte-nje-mrekulli-qe-jam-gjalle\/#respond"]}]},{"@type":"WebPage","@id":"https:\/\/fjala.info\/2009-2015\/21-janar-2011-i-gjashti-qe-mungonte-artes-dybeli-eshte-nje-mrekulli-qe-jam-gjalle\/","url":"https:\/\/fjala.info\/2009-2015\/21-janar-2011-i-gjashti-qe-mungonte-artes-dybeli-eshte-nje-mrekulli-qe-jam-gjalle\/","name":"21 janar 2011 - \u2018I gjashti q\u00eb mungonte\u2019, Artes Dybeli: \u00cbsht\u00eb nj\u00eb mrekulli q\u00eb jam gjall\u00eb - FjALA e LIR\u00cb - Arkivi","isPartOf":{"@id":"https:\/\/fjala.info\/2009-2015\/#website"},"primaryImageOfPage":{"@id":"https:\/\/fjala.info\/2009-2015\/21-janar-2011-i-gjashti-qe-mungonte-artes-dybeli-eshte-nje-mrekulli-qe-jam-gjalle\/#primaryimage"},"image":{"@id":"https:\/\/fjala.info\/2009-2015\/21-janar-2011-i-gjashti-qe-mungonte-artes-dybeli-eshte-nje-mrekulli-qe-jam-gjalle\/#primaryimage"},"thumbnailUrl":"http:\/\/www.shkoder.net\/2012\/artes_dybeli.jpg","datePublished":"2012-01-29T07:49:00+00:00","breadcrumb":{"@id":"https:\/\/fjala.info\/2009-2015\/21-janar-2011-i-gjashti-qe-mungonte-artes-dybeli-eshte-nje-mrekulli-qe-jam-gjalle\/#breadcrumb"},"inLanguage":"sq-AL","potentialAction":[{"@type":"ReadAction","target":["https:\/\/fjala.info\/2009-2015\/21-janar-2011-i-gjashti-qe-mungonte-artes-dybeli-eshte-nje-mrekulli-qe-jam-gjalle\/"]}]},{"@type":"ImageObject","inLanguage":"sq-AL","@id":"https:\/\/fjala.info\/2009-2015\/21-janar-2011-i-gjashti-qe-mungonte-artes-dybeli-eshte-nje-mrekulli-qe-jam-gjalle\/#primaryimage","url":"http:\/\/www.shkoder.net\/2012\/artes_dybeli.jpg","contentUrl":"http:\/\/www.shkoder.net\/2012\/artes_dybeli.jpg"},{"@type":"BreadcrumbList","@id":"https:\/\/fjala.info\/2009-2015\/21-janar-2011-i-gjashti-qe-mungonte-artes-dybeli-eshte-nje-mrekulli-qe-jam-gjalle\/#breadcrumb","itemListElement":[{"@type":"ListItem","position":1,"name":"Home","item":"https:\/\/fjala.info\/2009-2015\/"},{"@type":"ListItem","position":2,"name":"21 janar 2011 &#8211; \u2018I gjashti q\u00eb mungonte\u2019, Artes Dybeli: \u00cbsht\u00eb nj\u00eb mrekulli q\u00eb jam gjall\u00eb"}]},{"@type":"WebSite","@id":"https:\/\/fjala.info\/2009-2015\/#website","url":"https:\/\/fjala.info\/2009-2015\/","name":"FjALA e LIR\u00cb - Arkivi","description":"Arkivi 2009-2015","publisher":{"@id":"https:\/\/fjala.info\/2009-2015\/#organization"},"potentialAction":[{"@type":"SearchAction","target":{"@type":"EntryPoint","urlTemplate":"https:\/\/fjala.info\/2009-2015\/?s={search_term_string}"},"query-input":{"@type":"PropertyValueSpecification","valueRequired":true,"valueName":"search_term_string"}}],"inLanguage":"sq-AL"},{"@type":"Organization","@id":"https:\/\/fjala.info\/2009-2015\/#organization","name":"FjALA e LIR\u00cb - Arkivi","url":"https:\/\/fjala.info\/2009-2015\/","logo":{"@type":"ImageObject","inLanguage":"sq-AL","@id":"https:\/\/fjala.info\/2009-2015\/#\/schema\/logo\/image\/","url":"","contentUrl":"","caption":"FjALA e LIR\u00cb - Arkivi"},"image":{"@id":"https:\/\/fjala.info\/2009-2015\/#\/schema\/logo\/image\/"}},{"@type":"Person","@id":"https:\/\/fjala.info\/2009-2015\/#\/schema\/person\/3aa1163ef05469c496fc94e77611ada2","name":"admin","image":{"@type":"ImageObject","inLanguage":"sq-AL","@id":"https:\/\/fjala.info\/2009-2015\/wp-content\/uploads\/2012\/02\/arben_cokaj-120x150.jpg","url":"https:\/\/fjala.info\/2009-2015\/wp-content\/uploads\/2012\/02\/arben_cokaj-120x150.jpg","contentUrl":"https:\/\/fjala.info\/2009-2015\/wp-content\/uploads\/2012\/02\/arben_cokaj-120x150.jpg","caption":"admin"},"description":"Admin, Fjala e Lir\u00eb","sameAs":["https:\/\/fjala.info\/"],"url":"https:\/\/fjala.info\/2009-2015\/author\/admin\/"}]}},"_links":{"self":[{"href":"https:\/\/fjala.info\/2009-2015\/wp-json\/wp\/v2\/posts\/11654","targetHints":{"allow":["GET"]}}],"collection":[{"href":"https:\/\/fjala.info\/2009-2015\/wp-json\/wp\/v2\/posts"}],"about":[{"href":"https:\/\/fjala.info\/2009-2015\/wp-json\/wp\/v2\/types\/post"}],"author":[{"embeddable":true,"href":"https:\/\/fjala.info\/2009-2015\/wp-json\/wp\/v2\/users\/1"}],"replies":[{"embeddable":true,"href":"https:\/\/fjala.info\/2009-2015\/wp-json\/wp\/v2\/comments?post=11654"}],"version-history":[{"count":0,"href":"https:\/\/fjala.info\/2009-2015\/wp-json\/wp\/v2\/posts\/11654\/revisions"}],"wp:attachment":[{"href":"https:\/\/fjala.info\/2009-2015\/wp-json\/wp\/v2\/media?parent=11654"}],"wp:term":[{"taxonomy":"category","embeddable":true,"href":"https:\/\/fjala.info\/2009-2015\/wp-json\/wp\/v2\/categories?post=11654"},{"taxonomy":"post_tag","embeddable":true,"href":"https:\/\/fjala.info\/2009-2015\/wp-json\/wp\/v2\/tags?post=11654"}],"curies":[{"name":"wp","href":"https:\/\/api.w.org\/{rel}","templated":true}]}}