{"id":11653,"date":"2012-01-29T08:42:57","date_gmt":"2012-01-29T07:42:57","guid":{"rendered":"http:\/\/fjala.shkoder.net\/?p=1480"},"modified":"2012-01-29T08:42:57","modified_gmt":"2012-01-29T07:42:57","slug":"uuuuun-ju-garantoj-jue","status":"publish","type":"post","link":"https:\/\/fjala.info\/2009-2015\/uuuuun-ju-garantoj-jue\/","title":{"rendered":"Uuuuun ju garantoj jue!"},"content":{"rendered":"<p><img decoding=\"async\" class=\"alignright size-thumbnail wp-image-7236\" title=\"Koloreto Cukali\" src=\"http:\/\/www.shkoder.net\/images\/fjala\/koloreto_cukali.jpg\" alt=\"\" width=\"150\" \/> <strong>Koloreto Cukali<\/strong><\/p>\n<p>Kur ka qen\u00eb hera e fundit q\u00eb keni bler\u00eb nj\u00eb produkt duke gjykuar (kryesisht) mbi garancin\u00eb e tij? Kur ka qen\u00eb hera e fundit q\u00eb jeni nisur p\u00ebr pushime t\u00eb garantuar nga ata q\u00eb kan\u00eb qen\u00eb m\u00eb par\u00eb, dhe jeni kthyer t\u00eb bindur q\u00eb garancia e sugjeruesit ia vlente? Kur ka qen\u00eb hera e fundit q\u00eb keni votuar realisht t\u00eb bindur mbi garancit\u00eb e nj\u00eb programi t\u00eb nj\u00eb kandidati? Ka shum\u00eb mund\u00ebsi q\u00eb p\u00ebrgjigjia p\u00ebr k\u00ebto e p\u00ebr shum\u00eb pyetje t\u00eb ngjashme t\u00eb jet\u00eb: \u201ckurr\u00eb\u201d.<\/p>\n<p>Di\u00e7ka na pengon p\u00ebr t\u2019i bazuar zgjedhjet tona mbi garancit\u00eb mbi jet\u00ebn, zhvillimin, pron\u00ebn, pasurin\u00eb dhe integritetin. Gj\u00ebja m\u00eb pa garanci n\u00eb k\u00ebt\u00eb vend \u00ebsht\u00eb fjala e tjetrit.<\/p>\n<p>\u00cbsht\u00eb nj\u00eb koh\u00eb e p\u00ebrkohshme. Kemi frigorifer\u00eb, por asgj\u00eb nuk rron deri nes\u00ebr.<\/p>\n<p><strong>Vendi i garancis\u00eb \u201cnon grata\u201d<\/strong><\/p>\n<p>Kam nj\u00eb makin\u00eb elektrike p\u00ebr mjekr\u00ebn, t\u00eb bler\u00eb n\u00eb vitin 1999 pa asnj\u00eb lloj garancie. Burri q\u00eb ma shiti n\u00eb tregun elektrik mund dhe t\u00eb m\u00ebkishdh\u00ebn\u00eb garanci, por, t\u00eb dy ishin t\u00eb qart\u00eb q\u00eb e vetmja garanci reale ishte ajo e t\u00eb peshuarit me sy. Un\u00eb peshova burrin q\u00eb ma shiste, produktin, koston, dhe e bleva.Pot\u00eb kthehesha t\u00eb nesermen, burri mund t\u00eb mos ishte m\u00eb aty, mund t\u00eb mos m\u00eb mbante mend, mund t\u00eb mos m\u00eb p\u00ebrfillte. Ose, makina, mund t\u00eb mos prishej. N\u00eb fakt kam b\u00ebr\u00eb nj\u00eb blerje t\u00eb mir\u00eb. Makina punon akoma. N\u00eb k\u00ebt\u00eb form\u00eb funksionojm\u00eb gjithmon\u00eb, prej sa mbaj mend. Gj\u00ebja me garancin\u00eb m\u00eb jet\u00ebgjat\u00eb n\u00eb k\u00ebt\u00eb vend \u00ebsht\u00eb nj\u00eb dyshek. 10 vjet.<\/p>\n<p>Televizor\u00ebt shiten n\u00eb dyqane prestigjioze me garanci 3 mujore; diplomat tona n\u00eb vend t\u00eb dat\u00ebs s\u00eb skadenc\u00ebs kan\u00eb nj\u00eb \u201cHa-Ha-Ha\u201d t\u00eb sigluar posht\u00eb; po hyre n\u00eb der\u00eb t\u00eb spitalit as Zoti nuk mban m\u00eb garanci p\u00ebr ty; polici t\u00eb sugjeron miq\u00ebsisht q\u00eb ta zgjidh\u00ebsh \u2018me nj\u00ebri-tjetrin\u2019 p\u00ebrplasjen e makin\u00ebs sepse ai dhe ti, e dini q\u00eb d\u00ebmin e asaj makine t\u00eb siguruar nuk ke p\u00ebr ta marr\u00eb t\u00eb plot\u00eb; ai q\u00eb ta merr vot\u00ebn ta merr n\u00eb form\u00eb tribale e jo mbi nj\u00eb program, nuk ka pse t\u00eb t\u00eb jap\u00eb llogari p\u00ebr 4 vjet, e vetmja gj\u00eb q\u00eb mund t\u00eb t\u00eb garantoj\u00eb \u00ebsht\u00eb q\u00eb t\u00eb marr\u00eb \u201clek\u00ebt e veta\u201d nga posti i ri; ballkoni yt me \u2018pamje nga deti\u2019 mund t\u00eb ket\u00eb shum\u00eb shpejt nj\u00eb pamje nga banja e komshiut t\u00eb pallatit t\u00eb ri; krenaria e prindit nuk \u00ebsht\u00eb m\u00eb \u201cf\u00ebmija im nuk pi duhan e alkool\u201d, por \u201cishalla f\u00ebmija im nuk merr drog\u00eb\u201d; gjysma e martesave zgjidhen brenda vitit; e vetmja gj\u00eb q\u00eb ka garanci \u00ebsht\u00eb kredia, edhe pse libori \u00ebsht\u00eb i pabes\u00eb; miqt\u00eb t\u00eb shesin, shefat t\u00eb shesin, grat\u00eb t\u00eb shesin, vart\u00ebsit t\u00eb shesin. Madje, edhe shok\u00ebt e v\u00ebllaz\u00ebris\u00eb kriminale kan\u00eb filluar t\u00eb t\u00eb shesin.<\/p>\n<p>Un\u00eb besoj se kjo \u00ebsht\u00eb pjes\u00eb e mbrapshtis\u00eb. Kjo \u00ebsht\u00eb nj\u00eb kontrat\u00eb sociale e p\u00ebrdhunuar mu n\u00eb thelbin e vet: garancia e ekzistenc\u00ebs s\u00eb individit k\u00ebtu, n\u00eb k\u00ebt\u00eb vend, me k\u00ebt\u00eb shtet.<\/p>\n<p><strong>P\u00ebrtej nj\u00eb kontrat\u00eb sociale<\/strong><\/p>\n<p>M\u00eb josh m\u00eb shum\u00eb marr\u00ebdh\u00ebnia jon\u00eb individuale e sociale me \u2018garancin\u00eb\u2019 sesa termi kontrat\u00eb sociale. Ajo q\u00eb un\u00eb po e quaj \u2018garanci\u2019 m\u00eb shkon p\u00ebrtej nj\u00eb vullneti t\u00eb p\u00ebrgjithsh\u00ebm t\u00eb popullit.<\/p>\n<p>Ne kemi nevoj\u00eb jo vet\u00ebm p\u00ebr garanci t\u00eb mosprekjes s\u00eb kushtetut\u00ebs, garanci t\u00eb zbatimit t\u00eb ligjit, garanci t\u00eb mbrojtjes s\u00eb jet\u00ebs e t\u00eb territorit komb\u00ebtar.<\/p>\n<p>Ne kemi nevoj\u00eb dhe p\u00ebr garancira shum\u00eb t\u00eb imta: kemi nevoj\u00eb p\u00ebr garancin\u00eb q\u00eb f\u00ebmij\u00ebt t\u00eb luajn\u00eb para pallatit pa u shtypur me makin\u00eb, pa u goditur e abuzuar; kemi nevoj\u00eb q\u00eb asfalti t\u00eb ket\u00eb jet\u00eb t\u00eb gjat\u00eb e mos t\u00eb ket\u00eb nevoj\u00eb p\u00ebr riparim pas 5 vitesh; kemi nevoj\u00eb q\u00eb t\u00eb jemi kreativ\u00eb e jo t\u00eb rrasemi n\u00eb administrat\u00eb nga frika e papun\u00ebsis\u00eb; kemi nevoj\u00eb q\u00eb t\u00eb provojm\u00eb sa vlejm\u00eb n\u00eb konkurrenc\u00eb t\u00eb drejtp\u00ebrdrejt\u00eb, e jo t\u00eb futemi n\u00eb konkurse q\u00eb i kan\u00eb fituar paraprakisht t\u00eb tjer\u00ebt.<\/p>\n<p>Ne kemi nevoj\u00eb p\u00ebr vizionar\u00eb e jo p\u00ebr burra shteti. Ne kemi nevoj\u00eb p\u00ebr filozof\u00eb e jo p\u00ebr ambasador\u00eb. Ne kemi nevoj\u00eb p\u00ebr nj\u00eb shoq\u00ebri t\u00eb hapur e jo p\u00ebr nj\u00eb shoqat\u00eb ministrash laca. Kemi nevoj\u00eb q\u00eb politikat shtet\u00ebrore t\u00eb zgjasin t\u00eb pakt\u00ebn dy breza e jo vet\u00ebm 4 vjet.<\/p>\n<p>Ne kemi nevoj\u00eb p\u00ebr futjen e garancis\u00eb si koncept i kontrat\u00ebs sociale, i ligjshm\u00ebris\u00eb, por, m\u00eb tep\u00ebr si koncept shpirt\u00ebror e njer\u00ebzor n\u00eb marr\u00ebdh\u00ebnie me nj\u00ebri-tjetrin. Kemi nevoj\u00eb q\u00eb kur i themi \u201cpo\u201d dikujt, ajo \u201cpo\u201d-ja jon\u00eb t\u00eb ket\u00eb vler\u00eb.<\/p>\n<p><strong>Z\u00ebvend\u00ebsimi i garancis\u00eb<\/strong><\/p>\n<p>Kur ka qen\u00eb hera e fundit q\u00eb i keni besuar fjal\u00ebs q\u00eb ju ka dh\u00ebn\u00eb dikush? Jetojm\u00eb n\u00eb nj\u00eb vend ku \u00e7do gj\u00eb \u00ebsht\u00eb e pasigurt, vendi i pun\u00ebs, diploma, miqt\u00eb, dashuria, qet\u00ebsia, apartamenti, madje edhe jeta. T\u00eb pasigurta jan\u00eb edhe allishverishet.Deldikush q\u00eb ofron nj\u00eb pazar dhe m\u00eb t\u00eb ndyr\u00eb se i yti.<\/p>\n<p>Integriteti personal ka koh\u00eb q\u00eb nuk \u00ebsht\u00eb m\u00eb garanci n\u00eb marr\u00ebdh\u00ebnie personale, kontraktuale, politike e sociale. I vetmi inxheksion q\u00eb fusim n\u00eb to \u00ebsht\u00eb paraja. Me para, i b\u00ebjm\u00eb \u2018upgrade\u2019 t\u00eb t\u00ebra k\u00ebtyre garancive t\u00eb p\u00ebrkoh\u00ebshme e pa dat\u00eb skadimi.<\/p>\n<p>Paraja i mban njer\u00ebzit t\u00eb lidhur ende rreth nesh. Por, meq\u00eb paraja \u00ebsht\u00eb gjithmon\u00eb relative \u2013 gjithmon\u00eb do t\u00eb jet\u00eb dikush me m\u00eb shum\u00eb lek\u00eb se sa ti, ose befas ti i humbet t\u00eb gjitha \u2013 shpesh e vetmja garanci q\u00eb mbetet \u00ebsht\u00eb forca.<\/p>\n<p>Prandaj dhuna z\u00ebvend\u00ebson marr\u00ebdh\u00ebniet ekonomike n\u00eb vend t\u00eb kontratave, marrjen e votave n\u00eb vend t\u00eb besimit, e sh\u00ebrben si garant n\u00eb marrjen e respektit, t\u00eb femrave, e t\u00eb borxheve.<\/p>\n<p>Rikthimi te garancia \u00ebsht\u00eb i v\u00ebshtir\u00eb, gati i pamundur. Rikthimi te garancit\u00eb do t\u00eb thot\u00eb rikthim te integriteti i individ\u00ebve q\u00eb drejtojn\u00eb shtetin, median, kompanit\u00eb, parat\u00eb, institucionet e institutet, drejt\u00ebsin\u00eb. Qesharake, apo jo? \u00cbsht\u00eb si t\u00eb besosh p\u00ebrrall\u00ebn e prostitut\u00ebs q\u00eb zgjedh q\u00eb t\u00eb b\u00ebhet n\u00ebn\u00eb model, e hajdutit q\u00eb vendos t\u00eb jetoj\u00eb me djers\u00ebn e ballit, e vras\u00ebsit q\u00eb dor\u00ebzohet vet\u00eb n\u00eb burg dhe k\u00ebrkon ti jepet d\u00ebnim i p\u00ebrjetsh\u00ebm. Madje, kam m\u00eb shum\u00eb besim te prostituta e hajduti. Presioni shoq\u00ebror mund ta b\u00ebj\u00eb nj\u00eb prostitut\u00eb ta l\u00ebr\u00eb at\u00eb m\u00ebnyr\u00eb jetese. Ajo \u00e7far\u00eb mungon sot \u00ebsht\u00eb presioni shoq\u00ebror ndaj kalb\u00ebzimit t\u00eb politik\u00ebs e shoq\u00ebris\u00eb. N\u00ebse kjo \u00ebsht\u00eb e pamundur, pse duhet q\u00eb un\u00eb t\u00eb k\u00ebrkoj qiqra n\u00eb hell?<\/p>\n<p><strong>Shteti i mosgrancive<\/strong><\/p>\n<p>Standarti i garancis\u00eb son\u00eb komb\u00ebtare \u00ebsht\u00eb akoma ai i Ali Pash\u00ebs q\u00eb, si\u00e7 thuhet, kur berberi i vet i b\u00ebri nj\u00eb shaka t\u00eb tipit \u201cun\u00eb jam i vetmi q\u00eb mund t\u00eb ta v\u00eb briskun n\u00eb qaf\u00eb\u201d Aliu e vrau m\u00eb pas. \u201cP\u00ebrderisa e mendoi, s\u2019kam garanci q\u00eb nuk e b\u00ebn\u201d.<\/p>\n<p>I rritur n\u00eb nj\u00eb vend ku p\u00ebrgjith\u00ebsisht ekziston diktatura e pakic\u00ebs, qoft\u00eb n\u00eb form\u00eb komuniste e qoft\u00eb n\u00eb form\u00eb korporatash, un\u00eb do t\u00eb isha i lumtur me nj\u00eb diktatur\u00eb t\u00eb shumic\u00ebs. N\u00ebse shumica do vendoste q\u00eb garancia n\u00eb t\u00eb t\u00ebra marr\u00ebdh\u00ebniet NUK NA DUHET, un\u00eb jam gati t\u00eb bindem.<\/p>\n<p>Por realiteti flet me gjuh\u00eb tjet\u00ebr. Vet\u00eb ata q\u00eb e kan\u00eb instaluar, promovuar e ngritur n\u00eb sistem shtetin e mosgarancive, jan\u00eb ata q\u00eb po p\u00ebrp\u00ebliten sot p\u00ebr pak garanci.<\/p>\n<p>Ngjan se nuk jan\u00eb dhe aq pak ata q\u00eb kan\u00eb mbetur peng i munges\u00ebs s\u00eb garancis\u00eb. E din\u00eb q\u00eb po t\u00eb largohen nga politika mund ta han\u00eb. Burgun, shpron\u00ebsimin, lin\u00e7imin publik e privat. E vetmja rrug\u00eb \u00ebsht\u00eb q\u00eb t\u00eb rrin\u00eb k\u00ebtu, t\u00eb d\u00ebnuar t\u00eb jetojn\u00eb e punojn\u00eb mes llumit ton\u00eb. mund t\u00eb kishin qen\u00eb n\u00ebBahamasduke jetuar mes rehatis\u00eb p\u00ebrjet\u00eb. Por s\u2019munden. Nuk kan\u00eb garanci. Ata q\u00eb kan\u00eb vjedhur, pla\u00e7kitur e rrjepur pron\u00ebn publike e private, shtetin e n\u00ebnshtetin, sot, po p\u00ebrp\u00ebliten p\u00ebr t\u00eb marr\u00eb nj\u00eb garanci t\u00eb p\u00ebrjet\u00ebshme q\u00eb pronat e pasurit\u00eb t\u00eb mos u merren, q\u00eb mos t\u00eb p\u00ebrfundojn\u00eb burgjeve. \u00cbsht\u00eb nj\u00eb luft\u00eb e mundimshme, e p\u00ebrditshme, nj\u00eb dhun\u00eb q\u00eb \u00e7on n\u00eb nj\u00eb dhun\u00eb tjet\u00ebr. Sistemi q\u00eb kan\u00eb ngritur, i ka marr\u00eb peng.<\/p>\n<p><strong>E v\u00ebrteta nuk ka nevoj\u00eb p\u00ebr garanci<\/strong><\/p>\n<p>Ajo q\u00eb kam mundur t\u00eb v\u00eb re \u00ebsht\u00eb q\u00eb garancit\u00eb kan\u00eb efekt domino, shembin nj\u00ebra tjetr\u00ebn. Vjen nj\u00eb \u00e7ast kur dhe liria nuk \u00ebsht\u00eb e garantuar. Ne, kemi arritur tashm\u00eb n\u00eb at\u00eb pik\u00eb.<\/p>\n<p>Duhet gjetur nj\u00eb pik\u00eb rifillimi. Dominoja e par\u00eb e sigurt q\u00eb duhet ringritur n\u00eb k\u00ebmb\u00eb. Pataj, nj\u00eb nga nj\u00eb, t\u00eb tjerat. Personalisht, mendoj q\u00eb e para duhet t\u00eb jet\u00eb e v\u00ebrteta. Ne duhet t\u00eb rikrijojm\u00eb garanci p\u00ebr t\u00eb v\u00ebrtet\u00ebn. Un\u00eb besoj se sistemi i dhun\u00ebs q\u00eb z\u00ebvend\u00ebson at\u00eb t\u00eb garancis\u00eb ngrihet gj\u00ebr\u00ebsisht mbi manipulimin e t\u00eb v\u00ebrtet\u00ebs. Shum\u00eb para, jan\u00eb futur n\u00eb sistem. Shum\u00eb media jan\u00eb p\u00ebrfshir\u00eb. Shum\u00eb njer\u00ebz po kontribuojn\u00eb. Koh\u00ebt orwelliane jan\u00eb rikthyer. Asnj\u00eb garanci p\u00ebr liri nuk ka n\u00eb nj\u00eb popull q\u00eb g\u00ebnjehet me raketake.<\/p>\n<p>K\u00ebrkohet nj\u00eb popull q\u00eb ushtron presion shoq\u00ebror mbi individ\u00ebt e institucionet. Ku do ta gjejm\u00eb k\u00ebt\u00eb popull?Poja, n\u00eb Kroaci. Ose mund ta sjellim me \u00e7mim m\u00eb t\u00eb lir\u00eb ngaNigeria.<\/p>\n","protected":false},"excerpt":{"rendered":"<p>Koloreto Cukali Kur ka qen\u00eb hera e fundit q\u00eb keni bler\u00eb nj\u00eb produkt duke gjykuar (kryesisht) mbi garancin\u00eb e tij? Kur ka qen\u00eb hera e fundit q\u00eb jeni nisur p\u00ebr pushime t\u00eb garantuar nga ata q\u00eb kan\u00eb qen\u00eb m\u00eb par\u00eb, dhe jeni kthyer t\u00eb bindur q\u00eb garancia e sugjeruesit ia vlente? Kur ka qen\u00eb hera [&hellip;]<\/p>\n","protected":false},"author":1,"featured_media":0,"comment_status":"open","ping_status":"closed","sticky":false,"template":"","format":"standard","meta":{"footnotes":""},"categories":[2],"tags":[],"class_list":{"0":"post-11653","1":"post","2":"type-post","3":"status-publish","4":"format-standard","6":"category-artikuj"},"yoast_head":"<!-- This site is optimized with the Yoast SEO plugin v27.4 - https:\/\/yoast.com\/product\/yoast-seo-wordpress\/ -->\n<title>Uuuuun ju garantoj jue! - FjALA e LIR\u00cb - Arkivi<\/title>\n<meta name=\"robots\" content=\"index, follow, max-snippet:-1, max-image-preview:large, max-video-preview:-1\" \/>\n<link rel=\"canonical\" href=\"https:\/\/fjala.info\/2009-2015\/uuuuun-ju-garantoj-jue\/\" \/>\n<meta property=\"og:locale\" content=\"sq_AL\" \/>\n<meta property=\"og:type\" content=\"article\" \/>\n<meta property=\"og:title\" content=\"Uuuuun ju garantoj jue! - FjALA e LIR\u00cb - Arkivi\" \/>\n<meta property=\"og:description\" content=\"Koloreto Cukali Kur ka qen\u00eb hera e fundit q\u00eb keni bler\u00eb nj\u00eb produkt duke gjykuar (kryesisht) mbi garancin\u00eb e tij? Kur ka qen\u00eb hera e fundit q\u00eb jeni nisur p\u00ebr pushime t\u00eb garantuar nga ata q\u00eb kan\u00eb qen\u00eb m\u00eb par\u00eb, dhe jeni kthyer t\u00eb bindur q\u00eb garancia e sugjeruesit ia vlente? Kur ka qen\u00eb hera [&hellip;]\" \/>\n<meta property=\"og:url\" content=\"https:\/\/fjala.info\/2009-2015\/uuuuun-ju-garantoj-jue\/\" \/>\n<meta property=\"og:site_name\" content=\"FjALA e LIR\u00cb - Arkivi\" \/>\n<meta property=\"article:published_time\" content=\"2012-01-29T07:42:57+00:00\" \/>\n<meta property=\"og:image\" content=\"http:\/\/www.shkoder.net\/images\/fjala\/koloreto_cukali.jpg\" \/>\n<meta name=\"author\" content=\"admin\" \/>\n<meta name=\"twitter:card\" content=\"summary_large_image\" \/>\n<meta name=\"twitter:label1\" content=\"Written by\" \/>\n\t<meta name=\"twitter:data1\" content=\"admin\" \/>\n\t<meta name=\"twitter:label2\" content=\"Est. reading time\" \/>\n\t<meta name=\"twitter:data2\" content=\"8 minutes\" \/>\n<script type=\"application\/ld+json\" class=\"yoast-schema-graph\">{\"@context\":\"https:\\\/\\\/schema.org\",\"@graph\":[{\"@type\":\"Article\",\"@id\":\"https:\\\/\\\/fjala.info\\\/2009-2015\\\/uuuuun-ju-garantoj-jue\\\/#article\",\"isPartOf\":{\"@id\":\"https:\\\/\\\/fjala.info\\\/2009-2015\\\/uuuuun-ju-garantoj-jue\\\/\"},\"author\":{\"name\":\"admin\",\"@id\":\"https:\\\/\\\/fjala.info\\\/2009-2015\\\/#\\\/schema\\\/person\\\/3aa1163ef05469c496fc94e77611ada2\"},\"headline\":\"Uuuuun ju garantoj jue!\",\"datePublished\":\"2012-01-29T07:42:57+00:00\",\"mainEntityOfPage\":{\"@id\":\"https:\\\/\\\/fjala.info\\\/2009-2015\\\/uuuuun-ju-garantoj-jue\\\/\"},\"wordCount\":1610,\"commentCount\":0,\"publisher\":{\"@id\":\"https:\\\/\\\/fjala.info\\\/2009-2015\\\/#organization\"},\"image\":{\"@id\":\"https:\\\/\\\/fjala.info\\\/2009-2015\\\/uuuuun-ju-garantoj-jue\\\/#primaryimage\"},\"thumbnailUrl\":\"http:\\\/\\\/www.shkoder.net\\\/images\\\/fjala\\\/koloreto_cukali.jpg\",\"articleSection\":[\"Artikuj\"],\"inLanguage\":\"sq-AL\",\"potentialAction\":[{\"@type\":\"CommentAction\",\"name\":\"Comment\",\"target\":[\"https:\\\/\\\/fjala.info\\\/2009-2015\\\/uuuuun-ju-garantoj-jue\\\/#respond\"]}]},{\"@type\":\"WebPage\",\"@id\":\"https:\\\/\\\/fjala.info\\\/2009-2015\\\/uuuuun-ju-garantoj-jue\\\/\",\"url\":\"https:\\\/\\\/fjala.info\\\/2009-2015\\\/uuuuun-ju-garantoj-jue\\\/\",\"name\":\"Uuuuun ju garantoj jue! - FjALA e LIR\u00cb - Arkivi\",\"isPartOf\":{\"@id\":\"https:\\\/\\\/fjala.info\\\/2009-2015\\\/#website\"},\"primaryImageOfPage\":{\"@id\":\"https:\\\/\\\/fjala.info\\\/2009-2015\\\/uuuuun-ju-garantoj-jue\\\/#primaryimage\"},\"image\":{\"@id\":\"https:\\\/\\\/fjala.info\\\/2009-2015\\\/uuuuun-ju-garantoj-jue\\\/#primaryimage\"},\"thumbnailUrl\":\"http:\\\/\\\/www.shkoder.net\\\/images\\\/fjala\\\/koloreto_cukali.jpg\",\"datePublished\":\"2012-01-29T07:42:57+00:00\",\"breadcrumb\":{\"@id\":\"https:\\\/\\\/fjala.info\\\/2009-2015\\\/uuuuun-ju-garantoj-jue\\\/#breadcrumb\"},\"inLanguage\":\"sq-AL\",\"potentialAction\":[{\"@type\":\"ReadAction\",\"target\":[\"https:\\\/\\\/fjala.info\\\/2009-2015\\\/uuuuun-ju-garantoj-jue\\\/\"]}]},{\"@type\":\"ImageObject\",\"inLanguage\":\"sq-AL\",\"@id\":\"https:\\\/\\\/fjala.info\\\/2009-2015\\\/uuuuun-ju-garantoj-jue\\\/#primaryimage\",\"url\":\"http:\\\/\\\/www.shkoder.net\\\/images\\\/fjala\\\/koloreto_cukali.jpg\",\"contentUrl\":\"http:\\\/\\\/www.shkoder.net\\\/images\\\/fjala\\\/koloreto_cukali.jpg\"},{\"@type\":\"BreadcrumbList\",\"@id\":\"https:\\\/\\\/fjala.info\\\/2009-2015\\\/uuuuun-ju-garantoj-jue\\\/#breadcrumb\",\"itemListElement\":[{\"@type\":\"ListItem\",\"position\":1,\"name\":\"Home\",\"item\":\"https:\\\/\\\/fjala.info\\\/2009-2015\\\/\"},{\"@type\":\"ListItem\",\"position\":2,\"name\":\"Uuuuun ju garantoj jue!\"}]},{\"@type\":\"WebSite\",\"@id\":\"https:\\\/\\\/fjala.info\\\/2009-2015\\\/#website\",\"url\":\"https:\\\/\\\/fjala.info\\\/2009-2015\\\/\",\"name\":\"FjALA e LIR\u00cb - Arkivi\",\"description\":\"Arkivi 2009-2015\",\"publisher\":{\"@id\":\"https:\\\/\\\/fjala.info\\\/2009-2015\\\/#organization\"},\"potentialAction\":[{\"@type\":\"SearchAction\",\"target\":{\"@type\":\"EntryPoint\",\"urlTemplate\":\"https:\\\/\\\/fjala.info\\\/2009-2015\\\/?s={search_term_string}\"},\"query-input\":{\"@type\":\"PropertyValueSpecification\",\"valueRequired\":true,\"valueName\":\"search_term_string\"}}],\"inLanguage\":\"sq-AL\"},{\"@type\":\"Organization\",\"@id\":\"https:\\\/\\\/fjala.info\\\/2009-2015\\\/#organization\",\"name\":\"FjALA e LIR\u00cb - Arkivi\",\"url\":\"https:\\\/\\\/fjala.info\\\/2009-2015\\\/\",\"logo\":{\"@type\":\"ImageObject\",\"inLanguage\":\"sq-AL\",\"@id\":\"https:\\\/\\\/fjala.info\\\/2009-2015\\\/#\\\/schema\\\/logo\\\/image\\\/\",\"url\":\"\",\"contentUrl\":\"\",\"caption\":\"FjALA e LIR\u00cb - Arkivi\"},\"image\":{\"@id\":\"https:\\\/\\\/fjala.info\\\/2009-2015\\\/#\\\/schema\\\/logo\\\/image\\\/\"}},{\"@type\":\"Person\",\"@id\":\"https:\\\/\\\/fjala.info\\\/2009-2015\\\/#\\\/schema\\\/person\\\/3aa1163ef05469c496fc94e77611ada2\",\"name\":\"admin\",\"image\":{\"@type\":\"ImageObject\",\"inLanguage\":\"sq-AL\",\"@id\":\"https:\\\/\\\/fjala.info\\\/2009-2015\\\/wp-content\\\/uploads\\\/2012\\\/02\\\/arben_cokaj-120x150.jpg\",\"url\":\"https:\\\/\\\/fjala.info\\\/2009-2015\\\/wp-content\\\/uploads\\\/2012\\\/02\\\/arben_cokaj-120x150.jpg\",\"contentUrl\":\"https:\\\/\\\/fjala.info\\\/2009-2015\\\/wp-content\\\/uploads\\\/2012\\\/02\\\/arben_cokaj-120x150.jpg\",\"caption\":\"admin\"},\"description\":\"Admin, Fjala e Lir\u00eb\",\"sameAs\":[\"https:\\\/\\\/fjala.info\\\/\"],\"url\":\"https:\\\/\\\/fjala.info\\\/2009-2015\\\/author\\\/admin\\\/\"}]}<\/script>\n<!-- \/ Yoast SEO plugin. -->","yoast_head_json":{"title":"Uuuuun ju garantoj jue! - FjALA e LIR\u00cb - Arkivi","robots":{"index":"index","follow":"follow","max-snippet":"max-snippet:-1","max-image-preview":"max-image-preview:large","max-video-preview":"max-video-preview:-1"},"canonical":"https:\/\/fjala.info\/2009-2015\/uuuuun-ju-garantoj-jue\/","og_locale":"sq_AL","og_type":"article","og_title":"Uuuuun ju garantoj jue! - FjALA e LIR\u00cb - Arkivi","og_description":"Koloreto Cukali Kur ka qen\u00eb hera e fundit q\u00eb keni bler\u00eb nj\u00eb produkt duke gjykuar (kryesisht) mbi garancin\u00eb e tij? Kur ka qen\u00eb hera e fundit q\u00eb jeni nisur p\u00ebr pushime t\u00eb garantuar nga ata q\u00eb kan\u00eb qen\u00eb m\u00eb par\u00eb, dhe jeni kthyer t\u00eb bindur q\u00eb garancia e sugjeruesit ia vlente? Kur ka qen\u00eb hera [&hellip;]","og_url":"https:\/\/fjala.info\/2009-2015\/uuuuun-ju-garantoj-jue\/","og_site_name":"FjALA e LIR\u00cb - Arkivi","article_published_time":"2012-01-29T07:42:57+00:00","og_image":[{"url":"http:\/\/www.shkoder.net\/images\/fjala\/koloreto_cukali.jpg","type":"","width":"","height":""}],"author":"admin","twitter_card":"summary_large_image","twitter_misc":{"Written by":"admin","Est. reading time":"8 minutes"},"schema":{"@context":"https:\/\/schema.org","@graph":[{"@type":"Article","@id":"https:\/\/fjala.info\/2009-2015\/uuuuun-ju-garantoj-jue\/#article","isPartOf":{"@id":"https:\/\/fjala.info\/2009-2015\/uuuuun-ju-garantoj-jue\/"},"author":{"name":"admin","@id":"https:\/\/fjala.info\/2009-2015\/#\/schema\/person\/3aa1163ef05469c496fc94e77611ada2"},"headline":"Uuuuun ju garantoj jue!","datePublished":"2012-01-29T07:42:57+00:00","mainEntityOfPage":{"@id":"https:\/\/fjala.info\/2009-2015\/uuuuun-ju-garantoj-jue\/"},"wordCount":1610,"commentCount":0,"publisher":{"@id":"https:\/\/fjala.info\/2009-2015\/#organization"},"image":{"@id":"https:\/\/fjala.info\/2009-2015\/uuuuun-ju-garantoj-jue\/#primaryimage"},"thumbnailUrl":"http:\/\/www.shkoder.net\/images\/fjala\/koloreto_cukali.jpg","articleSection":["Artikuj"],"inLanguage":"sq-AL","potentialAction":[{"@type":"CommentAction","name":"Comment","target":["https:\/\/fjala.info\/2009-2015\/uuuuun-ju-garantoj-jue\/#respond"]}]},{"@type":"WebPage","@id":"https:\/\/fjala.info\/2009-2015\/uuuuun-ju-garantoj-jue\/","url":"https:\/\/fjala.info\/2009-2015\/uuuuun-ju-garantoj-jue\/","name":"Uuuuun ju garantoj jue! - FjALA e LIR\u00cb - Arkivi","isPartOf":{"@id":"https:\/\/fjala.info\/2009-2015\/#website"},"primaryImageOfPage":{"@id":"https:\/\/fjala.info\/2009-2015\/uuuuun-ju-garantoj-jue\/#primaryimage"},"image":{"@id":"https:\/\/fjala.info\/2009-2015\/uuuuun-ju-garantoj-jue\/#primaryimage"},"thumbnailUrl":"http:\/\/www.shkoder.net\/images\/fjala\/koloreto_cukali.jpg","datePublished":"2012-01-29T07:42:57+00:00","breadcrumb":{"@id":"https:\/\/fjala.info\/2009-2015\/uuuuun-ju-garantoj-jue\/#breadcrumb"},"inLanguage":"sq-AL","potentialAction":[{"@type":"ReadAction","target":["https:\/\/fjala.info\/2009-2015\/uuuuun-ju-garantoj-jue\/"]}]},{"@type":"ImageObject","inLanguage":"sq-AL","@id":"https:\/\/fjala.info\/2009-2015\/uuuuun-ju-garantoj-jue\/#primaryimage","url":"http:\/\/www.shkoder.net\/images\/fjala\/koloreto_cukali.jpg","contentUrl":"http:\/\/www.shkoder.net\/images\/fjala\/koloreto_cukali.jpg"},{"@type":"BreadcrumbList","@id":"https:\/\/fjala.info\/2009-2015\/uuuuun-ju-garantoj-jue\/#breadcrumb","itemListElement":[{"@type":"ListItem","position":1,"name":"Home","item":"https:\/\/fjala.info\/2009-2015\/"},{"@type":"ListItem","position":2,"name":"Uuuuun ju garantoj jue!"}]},{"@type":"WebSite","@id":"https:\/\/fjala.info\/2009-2015\/#website","url":"https:\/\/fjala.info\/2009-2015\/","name":"FjALA e LIR\u00cb - Arkivi","description":"Arkivi 2009-2015","publisher":{"@id":"https:\/\/fjala.info\/2009-2015\/#organization"},"potentialAction":[{"@type":"SearchAction","target":{"@type":"EntryPoint","urlTemplate":"https:\/\/fjala.info\/2009-2015\/?s={search_term_string}"},"query-input":{"@type":"PropertyValueSpecification","valueRequired":true,"valueName":"search_term_string"}}],"inLanguage":"sq-AL"},{"@type":"Organization","@id":"https:\/\/fjala.info\/2009-2015\/#organization","name":"FjALA e LIR\u00cb - Arkivi","url":"https:\/\/fjala.info\/2009-2015\/","logo":{"@type":"ImageObject","inLanguage":"sq-AL","@id":"https:\/\/fjala.info\/2009-2015\/#\/schema\/logo\/image\/","url":"","contentUrl":"","caption":"FjALA e LIR\u00cb - Arkivi"},"image":{"@id":"https:\/\/fjala.info\/2009-2015\/#\/schema\/logo\/image\/"}},{"@type":"Person","@id":"https:\/\/fjala.info\/2009-2015\/#\/schema\/person\/3aa1163ef05469c496fc94e77611ada2","name":"admin","image":{"@type":"ImageObject","inLanguage":"sq-AL","@id":"https:\/\/fjala.info\/2009-2015\/wp-content\/uploads\/2012\/02\/arben_cokaj-120x150.jpg","url":"https:\/\/fjala.info\/2009-2015\/wp-content\/uploads\/2012\/02\/arben_cokaj-120x150.jpg","contentUrl":"https:\/\/fjala.info\/2009-2015\/wp-content\/uploads\/2012\/02\/arben_cokaj-120x150.jpg","caption":"admin"},"description":"Admin, Fjala e Lir\u00eb","sameAs":["https:\/\/fjala.info\/"],"url":"https:\/\/fjala.info\/2009-2015\/author\/admin\/"}]}},"_links":{"self":[{"href":"https:\/\/fjala.info\/2009-2015\/wp-json\/wp\/v2\/posts\/11653","targetHints":{"allow":["GET"]}}],"collection":[{"href":"https:\/\/fjala.info\/2009-2015\/wp-json\/wp\/v2\/posts"}],"about":[{"href":"https:\/\/fjala.info\/2009-2015\/wp-json\/wp\/v2\/types\/post"}],"author":[{"embeddable":true,"href":"https:\/\/fjala.info\/2009-2015\/wp-json\/wp\/v2\/users\/1"}],"replies":[{"embeddable":true,"href":"https:\/\/fjala.info\/2009-2015\/wp-json\/wp\/v2\/comments?post=11653"}],"version-history":[{"count":0,"href":"https:\/\/fjala.info\/2009-2015\/wp-json\/wp\/v2\/posts\/11653\/revisions"}],"wp:attachment":[{"href":"https:\/\/fjala.info\/2009-2015\/wp-json\/wp\/v2\/media?parent=11653"}],"wp:term":[{"taxonomy":"category","embeddable":true,"href":"https:\/\/fjala.info\/2009-2015\/wp-json\/wp\/v2\/categories?post=11653"},{"taxonomy":"post_tag","embeddable":true,"href":"https:\/\/fjala.info\/2009-2015\/wp-json\/wp\/v2\/tags?post=11653"}],"curies":[{"name":"wp","href":"https:\/\/api.w.org\/{rel}","templated":true}]}}