{"id":11652,"date":"2012-01-29T08:40:27","date_gmt":"2012-01-29T07:40:27","guid":{"rendered":"http:\/\/fjala.shkoder.net\/?p=1478"},"modified":"2012-01-29T08:40:27","modified_gmt":"2012-01-29T07:40:27","slug":"ina-berisha-nje-maxhordom-ne-mes","status":"publish","type":"post","link":"https:\/\/fjala.info\/2009-2015\/ina-berisha-nje-maxhordom-ne-mes\/","title":{"rendered":"Ina-Berisha, nj\u00eb maxhordom n\u00eb mes"},"content":{"rendered":"<p><img decoding=\"async\" class=\"alignleft size-thumbnail wp-image-7236\" title=\"Ilir Yzeiri\" src=\"http:\/\/www.shkoder.net\/images\/fjala\/ilir_yzeiri.jpg\" alt=\"\" width=\"150\" \/> <strong>Ilir Yzeiri<\/strong><\/p>\n<p>Dit\u00ebn e enjte n\u00eb mbr\u00ebmje, Prokurorja e P\u00ebrgjithshme e Republik\u00ebs ishte ftuar n\u00eb emisionin \u201cOpinion\u201d t\u00eb TV Klan dhe iu p\u00ebrgjigj p\u00ebrreth dy or\u00eb pyetjeve q\u00eb b\u00ebnte\u2026 Berisha me goj\u00ebn e gazetarit ose t\u00eb maxhordomit t\u00eb tij mediatik. T\u00eb kuptohemi, termi maxhordom p\u00ebrdoret n\u00eb manualet e tipologjis\u00eb gazetareske p\u00ebr t\u00eb shenjuar gazetarin q\u00eb sh\u00ebrben me pyetje t\u00eb porositura pal\u00ebt e ftuara n\u00eb nj\u00eb sallon q\u00eb ngjan si nj\u00eb pritje me t\u00eb ftuar politik\u00eb. N\u00eb k\u00ebto sallone roli i maxhordomit \u00ebsht\u00eb i r\u00ebnd\u00ebsish\u00ebm. Me koh\u00eb k\u00ebta maxhordom\u00eb rekrutohen p\u00ebrgjith\u00ebsisht nga pushteti i radh\u00ebs dhe shk\u00eblqimi i tyre merr nj\u00eb nur t\u00eb ve\u00e7ant\u00eb kur ata vihen n\u00eb sh\u00ebrbim t\u00eb tij.<\/p>\n<p>Besoj t\u00eb gjith\u00eb e mbajn\u00eb mend se n\u00eb k\u00ebta vjet, gazetari n\u00eb fjal\u00eb ka sh\u00ebrbyer si maxhordom mediatik n\u00eb sallonin e Nanos kur ishte kryeminist\u00ebr, n\u00eb t\u00eb Met\u00ebs, n\u00eb t\u00eb Nanos prap\u00eb dhe tani n\u00eb t\u00eb Berish\u00ebs. Pa e kuptuar as ai vet\u00eb, kur e pyesin p\u00ebr lidhjet e tij me pushtetmbajt\u00ebsin e radh\u00ebs thot\u00eb se \u201ce ka mik\u201d. K\u00ebshtu tha edhe p\u00ebr Berish\u00ebn. K\u00ebshtu ka th\u00ebn\u00eb p\u00ebr Met\u00ebn, Nanon, Ram\u00ebn dikur. Pas pak koh\u00ebsh ai do t\u00eb na rishfaqet si mik i Edi Ram\u00ebs dhe ne duhet ta besojm\u00eb kur ai t\u00eb thot\u00eb se me Edi Ram\u00ebn jemi miq t\u00eb vjet\u00ebr.<\/p>\n<p>Dit\u00ebn e enjte ne pam\u00eb t\u00eb gjith\u00eb me z\u00eb dhe figur\u00eb q\u00eb p\u00ebrball\u00eb Ina Ram\u00ebs nuk ishte gazetari, por vet\u00eb Sali Berisha i nd\u00ebrkryer dhe gjith\u00eb llumi i sharlatan\u00ebve q\u00eb shfaqeshin me rradh\u00eb n\u00eb ekran p\u00ebrmes aparatit celular t\u00eb gazetarit maxhordom. SMS-t\u00eb dukeshin si ato nuskat q\u00eb kan\u00eb brenda t\u00eb mb\u00ebshtjella thonj t\u00eb prer\u00eb apo lesh t\u00eb pakrehur. Duhej me patjet\u00ebr q\u00eb Ina Rama t\u00eb \u201cvihej me shpatulla p\u00ebr muri\u201d, p\u00ebr ta b\u00ebr\u00eb me hije, p\u00ebr ta diskredituar apo p\u00ebr ta plandosur p\u00ebrdhe.<\/p>\n<p>Mir\u00ebpo, \u00e7\u2019ndodhi? Ndodhi q\u00eb Prokurorja e Republik\u00ebs i b\u00ebri nj\u00eb sh\u00ebrbim t\u00eb madh Republik\u00ebs. Ne pam\u00eb at\u00eb nat\u00eb nj\u00eb grua zonj\u00eb q\u00eb nuk u impresionua asnj\u00eb \u00e7ast nga pyetjet provokuese, e jo profesionale. Pas pyetjeve prej hetuesi komunist t\u00eb koh\u00ebs s\u00eb Hoxh\u00ebs q\u00eb gazetari maxhordom e njeh mire nga botimet, vinin p\u00ebrgjigjet e nj\u00eb juristeje me profil t\u00eb lart\u00eb q\u00eb fliste me data e me referenca ligjore.<\/p>\n<p>P\u00ebr asnj\u00eb \u00e7ast t\u00eb vet\u00ebm ajo nuk e humbi kontrollin, madje gjente rast edhe t\u00eb b\u00ebnte humor dhe ta ironizonte gazetarin e sikletosur. N\u00eb bised\u00ebn me Ina Ram\u00ebn kishte shum\u00eb episode q\u00eb tregonin dy bot\u00eb; nga nj\u00ebra an\u00eb bot\u00ebn e ligjit dhe n\u00eb an\u00eb tjet\u00ebr bota e err\u00ebt e krimit e atyre q\u00eb jan\u00eb shpallur prej opinionit publik si p\u00ebrgjegj\u00ebs p\u00ebr vrasje, vjedhje, dhe zvet\u00ebnim moral t\u00eb Shqip\u00ebris\u00eb. N\u00eb at\u00eb bised\u00eb pati shum\u00eb \u00e7aste t\u00eb p\u00ebshtira, por nj\u00eb qe mbi t\u00eb gjith\u00eb: maxhordomi e pyet zonj\u00ebn Rama se a do t\u00eb jap\u00ebsh dor\u00ebheqjen ti (?!) Jo, i thot\u00eb ajo.<\/p>\n<p>Po jo se flitet \u2013 ngulmon ky \u2013 se ti do t\u00eb jap\u00ebsh dor\u00ebheqjen p\u00ebrpara se t\u00eb t\u00eb mbaroj\u00eb mandati n\u00eb m\u00ebnyr\u00eb q\u00eb Presidenti Topi t\u00eb zgjedh\u00eb nj\u00eb prokuror apo prokurore tjet\u00ebr. As q\u00eb m\u00eb ka shkuar kurr\u00eb nd\u00ebrmend, \u2013 p\u00ebrgjigjet Ina Rama, \u2013 do t\u00eb jem deri dit\u00ebn e fundit n\u00eb detyr\u00eb. Natyrisht gazetari ka t\u00eb drejt\u00eb q\u00eb ta pyes\u00eb si dhe p\u00ebr \u00e7far\u00eb t\u00eb doj\u00eb t\u00eb ftuarin e vet, por n\u00eb k\u00ebta rast kjo nuk \u00ebsht\u00eb pyetje prej gazetari, kjo \u00ebsht\u00eb nj\u00eb nga ato insinuatat q\u00eb v\u00ebrtiten vet\u00ebm n\u00eb kok\u00ebn e Sali Berish\u00ebs dhe sh\u00ebrbejn\u00eb vet\u00ebm p\u00ebr t\u00eb k\u00ebndellur vet\u00ebdijen e tij t\u00eb s\u00ebmur\u00eb.<\/p>\n<p>Mesaduket mb\u00ebshtetja q\u00eb nd\u00ebrkomb\u00ebtar\u00ebt po i japin Ina Ram\u00ebs nuk \u00ebsht\u00eb e rastit. Kryeprokurorja dit\u00ebn e enjte n\u00eb dark\u00eb na dha nga pak shpres\u00eb t\u00eb gjith\u00ebve se n\u00eb k\u00ebt\u00eb vend mund t\u00eb rivendoset LIGJI.<\/p>\n","protected":false},"excerpt":{"rendered":"<p>Ilir Yzeiri Dit\u00ebn e enjte n\u00eb mbr\u00ebmje, Prokurorja e P\u00ebrgjithshme e Republik\u00ebs ishte ftuar n\u00eb emisionin \u201cOpinion\u201d t\u00eb TV Klan dhe iu p\u00ebrgjigj p\u00ebrreth dy or\u00eb pyetjeve q\u00eb b\u00ebnte\u2026 Berisha me goj\u00ebn e gazetarit ose t\u00eb maxhordomit t\u00eb tij mediatik. T\u00eb kuptohemi, termi maxhordom p\u00ebrdoret n\u00eb manualet e tipologjis\u00eb gazetareske p\u00ebr t\u00eb shenjuar gazetarin q\u00eb [&hellip;]<\/p>\n","protected":false},"author":1,"featured_media":0,"comment_status":"open","ping_status":"closed","sticky":false,"template":"","format":"standard","meta":{"footnotes":""},"categories":[2],"tags":[],"class_list":{"0":"post-11652","1":"post","2":"type-post","3":"status-publish","4":"format-standard","6":"category-artikuj"},"yoast_head":"<!-- This site is optimized with the Yoast SEO plugin v27.4 - https:\/\/yoast.com\/product\/yoast-seo-wordpress\/ -->\n<title>Ina-Berisha, nj\u00eb maxhordom n\u00eb mes - FjALA e LIR\u00cb - Arkivi<\/title>\n<meta name=\"robots\" content=\"index, follow, max-snippet:-1, max-image-preview:large, max-video-preview:-1\" \/>\n<link rel=\"canonical\" href=\"https:\/\/fjala.info\/2009-2015\/ina-berisha-nje-maxhordom-ne-mes\/\" \/>\n<meta property=\"og:locale\" content=\"sq_AL\" \/>\n<meta property=\"og:type\" content=\"article\" \/>\n<meta property=\"og:title\" content=\"Ina-Berisha, nj\u00eb maxhordom n\u00eb mes - FjALA e LIR\u00cb - Arkivi\" \/>\n<meta property=\"og:description\" content=\"Ilir Yzeiri Dit\u00ebn e enjte n\u00eb mbr\u00ebmje, Prokurorja e P\u00ebrgjithshme e Republik\u00ebs ishte ftuar n\u00eb emisionin \u201cOpinion\u201d t\u00eb TV Klan dhe iu p\u00ebrgjigj p\u00ebrreth dy or\u00eb pyetjeve q\u00eb b\u00ebnte\u2026 Berisha me goj\u00ebn e gazetarit ose t\u00eb maxhordomit t\u00eb tij mediatik. T\u00eb kuptohemi, termi maxhordom p\u00ebrdoret n\u00eb manualet e tipologjis\u00eb gazetareske p\u00ebr t\u00eb shenjuar gazetarin q\u00eb [&hellip;]\" \/>\n<meta property=\"og:url\" content=\"https:\/\/fjala.info\/2009-2015\/ina-berisha-nje-maxhordom-ne-mes\/\" \/>\n<meta property=\"og:site_name\" content=\"FjALA e LIR\u00cb - Arkivi\" \/>\n<meta property=\"article:published_time\" content=\"2012-01-29T07:40:27+00:00\" \/>\n<meta property=\"og:image\" content=\"http:\/\/www.shkoder.net\/images\/fjala\/ilir_yzeiri.jpg\" \/>\n<meta name=\"author\" content=\"admin\" \/>\n<meta name=\"twitter:card\" content=\"summary_large_image\" \/>\n<meta name=\"twitter:label1\" content=\"Written by\" \/>\n\t<meta name=\"twitter:data1\" content=\"admin\" \/>\n\t<meta name=\"twitter:label2\" content=\"Est. reading time\" \/>\n\t<meta name=\"twitter:data2\" content=\"4 minutes\" \/>\n<script type=\"application\/ld+json\" class=\"yoast-schema-graph\">{\"@context\":\"https:\\\/\\\/schema.org\",\"@graph\":[{\"@type\":\"Article\",\"@id\":\"https:\\\/\\\/fjala.info\\\/2009-2015\\\/ina-berisha-nje-maxhordom-ne-mes\\\/#article\",\"isPartOf\":{\"@id\":\"https:\\\/\\\/fjala.info\\\/2009-2015\\\/ina-berisha-nje-maxhordom-ne-mes\\\/\"},\"author\":{\"name\":\"admin\",\"@id\":\"https:\\\/\\\/fjala.info\\\/2009-2015\\\/#\\\/schema\\\/person\\\/3aa1163ef05469c496fc94e77611ada2\"},\"headline\":\"Ina-Berisha, nj\u00eb maxhordom n\u00eb mes\",\"datePublished\":\"2012-01-29T07:40:27+00:00\",\"mainEntityOfPage\":{\"@id\":\"https:\\\/\\\/fjala.info\\\/2009-2015\\\/ina-berisha-nje-maxhordom-ne-mes\\\/\"},\"wordCount\":712,\"commentCount\":0,\"publisher\":{\"@id\":\"https:\\\/\\\/fjala.info\\\/2009-2015\\\/#organization\"},\"image\":{\"@id\":\"https:\\\/\\\/fjala.info\\\/2009-2015\\\/ina-berisha-nje-maxhordom-ne-mes\\\/#primaryimage\"},\"thumbnailUrl\":\"http:\\\/\\\/www.shkoder.net\\\/images\\\/fjala\\\/ilir_yzeiri.jpg\",\"articleSection\":[\"Artikuj\"],\"inLanguage\":\"sq-AL\",\"potentialAction\":[{\"@type\":\"CommentAction\",\"name\":\"Comment\",\"target\":[\"https:\\\/\\\/fjala.info\\\/2009-2015\\\/ina-berisha-nje-maxhordom-ne-mes\\\/#respond\"]}]},{\"@type\":\"WebPage\",\"@id\":\"https:\\\/\\\/fjala.info\\\/2009-2015\\\/ina-berisha-nje-maxhordom-ne-mes\\\/\",\"url\":\"https:\\\/\\\/fjala.info\\\/2009-2015\\\/ina-berisha-nje-maxhordom-ne-mes\\\/\",\"name\":\"Ina-Berisha, nj\u00eb maxhordom n\u00eb mes - FjALA e LIR\u00cb - Arkivi\",\"isPartOf\":{\"@id\":\"https:\\\/\\\/fjala.info\\\/2009-2015\\\/#website\"},\"primaryImageOfPage\":{\"@id\":\"https:\\\/\\\/fjala.info\\\/2009-2015\\\/ina-berisha-nje-maxhordom-ne-mes\\\/#primaryimage\"},\"image\":{\"@id\":\"https:\\\/\\\/fjala.info\\\/2009-2015\\\/ina-berisha-nje-maxhordom-ne-mes\\\/#primaryimage\"},\"thumbnailUrl\":\"http:\\\/\\\/www.shkoder.net\\\/images\\\/fjala\\\/ilir_yzeiri.jpg\",\"datePublished\":\"2012-01-29T07:40:27+00:00\",\"breadcrumb\":{\"@id\":\"https:\\\/\\\/fjala.info\\\/2009-2015\\\/ina-berisha-nje-maxhordom-ne-mes\\\/#breadcrumb\"},\"inLanguage\":\"sq-AL\",\"potentialAction\":[{\"@type\":\"ReadAction\",\"target\":[\"https:\\\/\\\/fjala.info\\\/2009-2015\\\/ina-berisha-nje-maxhordom-ne-mes\\\/\"]}]},{\"@type\":\"ImageObject\",\"inLanguage\":\"sq-AL\",\"@id\":\"https:\\\/\\\/fjala.info\\\/2009-2015\\\/ina-berisha-nje-maxhordom-ne-mes\\\/#primaryimage\",\"url\":\"http:\\\/\\\/www.shkoder.net\\\/images\\\/fjala\\\/ilir_yzeiri.jpg\",\"contentUrl\":\"http:\\\/\\\/www.shkoder.net\\\/images\\\/fjala\\\/ilir_yzeiri.jpg\"},{\"@type\":\"BreadcrumbList\",\"@id\":\"https:\\\/\\\/fjala.info\\\/2009-2015\\\/ina-berisha-nje-maxhordom-ne-mes\\\/#breadcrumb\",\"itemListElement\":[{\"@type\":\"ListItem\",\"position\":1,\"name\":\"Home\",\"item\":\"https:\\\/\\\/fjala.info\\\/2009-2015\\\/\"},{\"@type\":\"ListItem\",\"position\":2,\"name\":\"Ina-Berisha, nj\u00eb maxhordom n\u00eb mes\"}]},{\"@type\":\"WebSite\",\"@id\":\"https:\\\/\\\/fjala.info\\\/2009-2015\\\/#website\",\"url\":\"https:\\\/\\\/fjala.info\\\/2009-2015\\\/\",\"name\":\"FjALA e LIR\u00cb - Arkivi\",\"description\":\"Arkivi 2009-2015\",\"publisher\":{\"@id\":\"https:\\\/\\\/fjala.info\\\/2009-2015\\\/#organization\"},\"potentialAction\":[{\"@type\":\"SearchAction\",\"target\":{\"@type\":\"EntryPoint\",\"urlTemplate\":\"https:\\\/\\\/fjala.info\\\/2009-2015\\\/?s={search_term_string}\"},\"query-input\":{\"@type\":\"PropertyValueSpecification\",\"valueRequired\":true,\"valueName\":\"search_term_string\"}}],\"inLanguage\":\"sq-AL\"},{\"@type\":\"Organization\",\"@id\":\"https:\\\/\\\/fjala.info\\\/2009-2015\\\/#organization\",\"name\":\"FjALA e LIR\u00cb - Arkivi\",\"url\":\"https:\\\/\\\/fjala.info\\\/2009-2015\\\/\",\"logo\":{\"@type\":\"ImageObject\",\"inLanguage\":\"sq-AL\",\"@id\":\"https:\\\/\\\/fjala.info\\\/2009-2015\\\/#\\\/schema\\\/logo\\\/image\\\/\",\"url\":\"\",\"contentUrl\":\"\",\"caption\":\"FjALA e LIR\u00cb - Arkivi\"},\"image\":{\"@id\":\"https:\\\/\\\/fjala.info\\\/2009-2015\\\/#\\\/schema\\\/logo\\\/image\\\/\"}},{\"@type\":\"Person\",\"@id\":\"https:\\\/\\\/fjala.info\\\/2009-2015\\\/#\\\/schema\\\/person\\\/3aa1163ef05469c496fc94e77611ada2\",\"name\":\"admin\",\"image\":{\"@type\":\"ImageObject\",\"inLanguage\":\"sq-AL\",\"@id\":\"https:\\\/\\\/fjala.info\\\/2009-2015\\\/wp-content\\\/uploads\\\/2012\\\/02\\\/arben_cokaj-120x150.jpg\",\"url\":\"https:\\\/\\\/fjala.info\\\/2009-2015\\\/wp-content\\\/uploads\\\/2012\\\/02\\\/arben_cokaj-120x150.jpg\",\"contentUrl\":\"https:\\\/\\\/fjala.info\\\/2009-2015\\\/wp-content\\\/uploads\\\/2012\\\/02\\\/arben_cokaj-120x150.jpg\",\"caption\":\"admin\"},\"description\":\"Admin, Fjala e Lir\u00eb\",\"sameAs\":[\"https:\\\/\\\/fjala.info\\\/\"],\"url\":\"https:\\\/\\\/fjala.info\\\/2009-2015\\\/author\\\/admin\\\/\"}]}<\/script>\n<!-- \/ Yoast SEO plugin. -->","yoast_head_json":{"title":"Ina-Berisha, nj\u00eb maxhordom n\u00eb mes - FjALA e LIR\u00cb - Arkivi","robots":{"index":"index","follow":"follow","max-snippet":"max-snippet:-1","max-image-preview":"max-image-preview:large","max-video-preview":"max-video-preview:-1"},"canonical":"https:\/\/fjala.info\/2009-2015\/ina-berisha-nje-maxhordom-ne-mes\/","og_locale":"sq_AL","og_type":"article","og_title":"Ina-Berisha, nj\u00eb maxhordom n\u00eb mes - FjALA e LIR\u00cb - Arkivi","og_description":"Ilir Yzeiri Dit\u00ebn e enjte n\u00eb mbr\u00ebmje, Prokurorja e P\u00ebrgjithshme e Republik\u00ebs ishte ftuar n\u00eb emisionin \u201cOpinion\u201d t\u00eb TV Klan dhe iu p\u00ebrgjigj p\u00ebrreth dy or\u00eb pyetjeve q\u00eb b\u00ebnte\u2026 Berisha me goj\u00ebn e gazetarit ose t\u00eb maxhordomit t\u00eb tij mediatik. T\u00eb kuptohemi, termi maxhordom p\u00ebrdoret n\u00eb manualet e tipologjis\u00eb gazetareske p\u00ebr t\u00eb shenjuar gazetarin q\u00eb [&hellip;]","og_url":"https:\/\/fjala.info\/2009-2015\/ina-berisha-nje-maxhordom-ne-mes\/","og_site_name":"FjALA e LIR\u00cb - Arkivi","article_published_time":"2012-01-29T07:40:27+00:00","og_image":[{"url":"http:\/\/www.shkoder.net\/images\/fjala\/ilir_yzeiri.jpg","type":"","width":"","height":""}],"author":"admin","twitter_card":"summary_large_image","twitter_misc":{"Written by":"admin","Est. reading time":"4 minutes"},"schema":{"@context":"https:\/\/schema.org","@graph":[{"@type":"Article","@id":"https:\/\/fjala.info\/2009-2015\/ina-berisha-nje-maxhordom-ne-mes\/#article","isPartOf":{"@id":"https:\/\/fjala.info\/2009-2015\/ina-berisha-nje-maxhordom-ne-mes\/"},"author":{"name":"admin","@id":"https:\/\/fjala.info\/2009-2015\/#\/schema\/person\/3aa1163ef05469c496fc94e77611ada2"},"headline":"Ina-Berisha, nj\u00eb maxhordom n\u00eb mes","datePublished":"2012-01-29T07:40:27+00:00","mainEntityOfPage":{"@id":"https:\/\/fjala.info\/2009-2015\/ina-berisha-nje-maxhordom-ne-mes\/"},"wordCount":712,"commentCount":0,"publisher":{"@id":"https:\/\/fjala.info\/2009-2015\/#organization"},"image":{"@id":"https:\/\/fjala.info\/2009-2015\/ina-berisha-nje-maxhordom-ne-mes\/#primaryimage"},"thumbnailUrl":"http:\/\/www.shkoder.net\/images\/fjala\/ilir_yzeiri.jpg","articleSection":["Artikuj"],"inLanguage":"sq-AL","potentialAction":[{"@type":"CommentAction","name":"Comment","target":["https:\/\/fjala.info\/2009-2015\/ina-berisha-nje-maxhordom-ne-mes\/#respond"]}]},{"@type":"WebPage","@id":"https:\/\/fjala.info\/2009-2015\/ina-berisha-nje-maxhordom-ne-mes\/","url":"https:\/\/fjala.info\/2009-2015\/ina-berisha-nje-maxhordom-ne-mes\/","name":"Ina-Berisha, nj\u00eb maxhordom n\u00eb mes - FjALA e LIR\u00cb - Arkivi","isPartOf":{"@id":"https:\/\/fjala.info\/2009-2015\/#website"},"primaryImageOfPage":{"@id":"https:\/\/fjala.info\/2009-2015\/ina-berisha-nje-maxhordom-ne-mes\/#primaryimage"},"image":{"@id":"https:\/\/fjala.info\/2009-2015\/ina-berisha-nje-maxhordom-ne-mes\/#primaryimage"},"thumbnailUrl":"http:\/\/www.shkoder.net\/images\/fjala\/ilir_yzeiri.jpg","datePublished":"2012-01-29T07:40:27+00:00","breadcrumb":{"@id":"https:\/\/fjala.info\/2009-2015\/ina-berisha-nje-maxhordom-ne-mes\/#breadcrumb"},"inLanguage":"sq-AL","potentialAction":[{"@type":"ReadAction","target":["https:\/\/fjala.info\/2009-2015\/ina-berisha-nje-maxhordom-ne-mes\/"]}]},{"@type":"ImageObject","inLanguage":"sq-AL","@id":"https:\/\/fjala.info\/2009-2015\/ina-berisha-nje-maxhordom-ne-mes\/#primaryimage","url":"http:\/\/www.shkoder.net\/images\/fjala\/ilir_yzeiri.jpg","contentUrl":"http:\/\/www.shkoder.net\/images\/fjala\/ilir_yzeiri.jpg"},{"@type":"BreadcrumbList","@id":"https:\/\/fjala.info\/2009-2015\/ina-berisha-nje-maxhordom-ne-mes\/#breadcrumb","itemListElement":[{"@type":"ListItem","position":1,"name":"Home","item":"https:\/\/fjala.info\/2009-2015\/"},{"@type":"ListItem","position":2,"name":"Ina-Berisha, nj\u00eb maxhordom n\u00eb mes"}]},{"@type":"WebSite","@id":"https:\/\/fjala.info\/2009-2015\/#website","url":"https:\/\/fjala.info\/2009-2015\/","name":"FjALA e LIR\u00cb - Arkivi","description":"Arkivi 2009-2015","publisher":{"@id":"https:\/\/fjala.info\/2009-2015\/#organization"},"potentialAction":[{"@type":"SearchAction","target":{"@type":"EntryPoint","urlTemplate":"https:\/\/fjala.info\/2009-2015\/?s={search_term_string}"},"query-input":{"@type":"PropertyValueSpecification","valueRequired":true,"valueName":"search_term_string"}}],"inLanguage":"sq-AL"},{"@type":"Organization","@id":"https:\/\/fjala.info\/2009-2015\/#organization","name":"FjALA e LIR\u00cb - Arkivi","url":"https:\/\/fjala.info\/2009-2015\/","logo":{"@type":"ImageObject","inLanguage":"sq-AL","@id":"https:\/\/fjala.info\/2009-2015\/#\/schema\/logo\/image\/","url":"","contentUrl":"","caption":"FjALA e LIR\u00cb - Arkivi"},"image":{"@id":"https:\/\/fjala.info\/2009-2015\/#\/schema\/logo\/image\/"}},{"@type":"Person","@id":"https:\/\/fjala.info\/2009-2015\/#\/schema\/person\/3aa1163ef05469c496fc94e77611ada2","name":"admin","image":{"@type":"ImageObject","inLanguage":"sq-AL","@id":"https:\/\/fjala.info\/2009-2015\/wp-content\/uploads\/2012\/02\/arben_cokaj-120x150.jpg","url":"https:\/\/fjala.info\/2009-2015\/wp-content\/uploads\/2012\/02\/arben_cokaj-120x150.jpg","contentUrl":"https:\/\/fjala.info\/2009-2015\/wp-content\/uploads\/2012\/02\/arben_cokaj-120x150.jpg","caption":"admin"},"description":"Admin, Fjala e Lir\u00eb","sameAs":["https:\/\/fjala.info\/"],"url":"https:\/\/fjala.info\/2009-2015\/author\/admin\/"}]}},"_links":{"self":[{"href":"https:\/\/fjala.info\/2009-2015\/wp-json\/wp\/v2\/posts\/11652","targetHints":{"allow":["GET"]}}],"collection":[{"href":"https:\/\/fjala.info\/2009-2015\/wp-json\/wp\/v2\/posts"}],"about":[{"href":"https:\/\/fjala.info\/2009-2015\/wp-json\/wp\/v2\/types\/post"}],"author":[{"embeddable":true,"href":"https:\/\/fjala.info\/2009-2015\/wp-json\/wp\/v2\/users\/1"}],"replies":[{"embeddable":true,"href":"https:\/\/fjala.info\/2009-2015\/wp-json\/wp\/v2\/comments?post=11652"}],"version-history":[{"count":0,"href":"https:\/\/fjala.info\/2009-2015\/wp-json\/wp\/v2\/posts\/11652\/revisions"}],"wp:attachment":[{"href":"https:\/\/fjala.info\/2009-2015\/wp-json\/wp\/v2\/media?parent=11652"}],"wp:term":[{"taxonomy":"category","embeddable":true,"href":"https:\/\/fjala.info\/2009-2015\/wp-json\/wp\/v2\/categories?post=11652"},{"taxonomy":"post_tag","embeddable":true,"href":"https:\/\/fjala.info\/2009-2015\/wp-json\/wp\/v2\/tags?post=11652"}],"curies":[{"name":"wp","href":"https:\/\/api.w.org\/{rel}","templated":true}]}}