{"id":11650,"date":"2012-01-28T23:25:30","date_gmt":"2012-01-28T22:25:30","guid":{"rendered":"http:\/\/fjala.shkoder.net\/?p=1464"},"modified":"2012-01-28T23:25:30","modified_gmt":"2012-01-28T22:25:30","slug":"rama-ne-presheve-berisha-e-ka-patriotizmin-maske-per-tregti-dhe-pazare-me-fqinjet","status":"publish","type":"post","link":"https:\/\/fjala.info\/2009-2015\/rama-ne-presheve-berisha-e-ka-patriotizmin-maske-per-tregti-dhe-pazare-me-fqinjet\/","title":{"rendered":"Rama n\u00eb Preshev\u00eb: Berisha e ka patriotizmin mask\u00eb p\u00ebr tregti dhe pazare me fqinj\u00ebt"},"content":{"rendered":"<p><strong>TemA Online<\/strong>, <em>28 Janar 2012<\/em><br \/>\n<img decoding=\"async\" class=\"alignleft size-thumbnail wp-image-7236\" title=\"Edi Rama n\u00eb Preshev\u00eb\" src=\"http:\/\/www.shkoder.net\/2012\/rama_presheve.jpg\" alt=\"\" width=\"300\" \/> <em>Edi Rama n\u00eb Preshev\u00eb<\/em><\/p>\n<p>Edi Rama, i cili gjendet sot n\u00eb Preshev\u00eb, iu \u00ebsht\u00eb p\u00ebrgjigjur pyetjeve t\u00eb pjes\u00ebmarr\u00ebsve n\u00eb takim rreth figur\u00ebs s\u00eb Berish\u00ebs brenda dhe jasht\u00eb Shqip\u00ebris\u00eb. Duke kujtuar historin\u00eb e Berish\u00ebs me regjimin e Miloshevi\u00e7it, raportet me fqinjin jugor dhe q\u00ebndrimet e tij gjat\u00eb kriz\u00ebs s\u00eb Kosov\u00ebs, Rama e ka p\u00ebrkufizuar \u201cpatriotizmin\u201d e tij si nj\u00eb mask\u00eb p\u00ebr t\u00eb mbuluar pazaret q\u00eb b\u00ebn p\u00ebr pushtet.<\/p>\n<p>\u201cNe 20 vjet histori t\u00eb tranzicionit shqiptar dhe qeverisjes demokratike n\u00eb Shqip\u00ebri, Sali Berisha kur ishte president hapi rrug\u00ebn e kontraband\u00ebs s\u00eb naft\u00ebs me Beogradin n\u00eb koh\u00ebn kur Milloshevi\u00e7i dhe regjimi i tij ishin n\u00ebn embargo si regjim i papranuesh\u00ebm.<\/p>\n<p>Nd\u00ebrkoh\u00eb n\u00eb vitin e daljes n\u00eb drit\u00eb t\u00eb Ushtris\u00eb \u00c7lirimtare t\u00eb Kosov\u00ebs, nd\u00ebrkoh\u00eb q\u00eb qeverit\u00eb socialiste e mb\u00ebshtetnin pa rezerva, Berisha e goditi publikisht me t\u00eb nj\u00ebjt\u00ebn akuz\u00eb q\u00eb e godiste Beogradi. Po ashtu kur qeveria socialiste e mb\u00ebshteti Rambujen\u00eb si pik\u00ebnisje t\u00eb shpalljes s\u00eb Kosov\u00ebs republike sovrane dhe e pavarur, Berisha i b\u00ebri thirrje publike lider\u00ebve kosovare t\u00eb mos e firmosnin at\u00eb marr\u00ebveshje.<\/p>\n<p>Akoma me tej, pavar\u00ebsisht r\u00ebnd\u00ebsis\u00eb strategjike t\u00eb rrug\u00ebs Durr\u00ebs- Kuk\u00ebs, Berisha e ktheu k\u00ebt\u00eb projekt n\u00eb afer\u00ebn m\u00eb t\u00eb madhe korruptive t\u00eb k\u00ebtij shekulli. Dhe se fundi, Berisha tentoi t\u2019i falte Greqis\u00eb 300 km2 det, dhe ishte fal\u00eb k\u00ebmb\u00ebnguljes s\u00eb socialist\u00ebve q\u00eb marr\u00ebveshja e n\u00ebnshkruar nga Berisha u shpall antikushtetuese nga Gjykata Kushtetuese e Shqip\u00ebris\u00eb.\u201d<\/p>\n","protected":false},"excerpt":{"rendered":"<p>TemA Online, 28 Janar 2012 Edi Rama n\u00eb Preshev\u00eb Edi Rama, i cili gjendet sot n\u00eb Preshev\u00eb, iu \u00ebsht\u00eb p\u00ebrgjigjur pyetjeve t\u00eb pjes\u00ebmarr\u00ebsve n\u00eb takim rreth figur\u00ebs s\u00eb Berish\u00ebs brenda dhe jasht\u00eb Shqip\u00ebris\u00eb. Duke kujtuar historin\u00eb e Berish\u00ebs me regjimin e Miloshevi\u00e7it, raportet me fqinjin jugor dhe q\u00ebndrimet e tij gjat\u00eb kriz\u00ebs s\u00eb Kosov\u00ebs, Rama [&hellip;]<\/p>\n","protected":false},"author":1,"featured_media":0,"comment_status":"open","ping_status":"closed","sticky":false,"template":"","format":"standard","meta":{"footnotes":""},"categories":[2,5],"tags":[],"class_list":{"0":"post-11650","1":"post","2":"type-post","3":"status-publish","4":"format-standard","6":"category-artikuj","7":"category-lajme"},"yoast_head":"<!-- This site is optimized with the Yoast SEO plugin v27.4 - https:\/\/yoast.com\/product\/yoast-seo-wordpress\/ -->\n<title>Rama n\u00eb Preshev\u00eb: Berisha e ka patriotizmin mask\u00eb p\u00ebr tregti dhe pazare me fqinj\u00ebt - FjALA e LIR\u00cb - Arkivi<\/title>\n<meta name=\"robots\" content=\"index, follow, max-snippet:-1, max-image-preview:large, max-video-preview:-1\" \/>\n<link rel=\"canonical\" href=\"https:\/\/fjala.info\/2009-2015\/rama-ne-presheve-berisha-e-ka-patriotizmin-maske-per-tregti-dhe-pazare-me-fqinjet\/\" \/>\n<meta property=\"og:locale\" content=\"sq_AL\" \/>\n<meta property=\"og:type\" content=\"article\" \/>\n<meta property=\"og:title\" content=\"Rama n\u00eb Preshev\u00eb: Berisha e ka patriotizmin mask\u00eb p\u00ebr tregti dhe pazare me fqinj\u00ebt - FjALA e LIR\u00cb - Arkivi\" \/>\n<meta property=\"og:description\" content=\"TemA Online, 28 Janar 2012 Edi Rama n\u00eb Preshev\u00eb Edi Rama, i cili gjendet sot n\u00eb Preshev\u00eb, iu \u00ebsht\u00eb p\u00ebrgjigjur pyetjeve t\u00eb pjes\u00ebmarr\u00ebsve n\u00eb takim rreth figur\u00ebs s\u00eb Berish\u00ebs brenda dhe jasht\u00eb Shqip\u00ebris\u00eb. Duke kujtuar historin\u00eb e Berish\u00ebs me regjimin e Miloshevi\u00e7it, raportet me fqinjin jugor dhe q\u00ebndrimet e tij gjat\u00eb kriz\u00ebs s\u00eb Kosov\u00ebs, Rama [&hellip;]\" \/>\n<meta property=\"og:url\" content=\"https:\/\/fjala.info\/2009-2015\/rama-ne-presheve-berisha-e-ka-patriotizmin-maske-per-tregti-dhe-pazare-me-fqinjet\/\" \/>\n<meta property=\"og:site_name\" content=\"FjALA e LIR\u00cb - Arkivi\" \/>\n<meta property=\"article:published_time\" content=\"2012-01-28T22:25:30+00:00\" \/>\n<meta property=\"og:image\" content=\"http:\/\/www.shkoder.net\/2012\/rama_presheve.jpg\" \/>\n<meta name=\"author\" content=\"admin\" \/>\n<meta name=\"twitter:card\" content=\"summary_large_image\" \/>\n<meta name=\"twitter:label1\" content=\"Written by\" \/>\n\t<meta name=\"twitter:data1\" content=\"admin\" \/>\n\t<meta name=\"twitter:label2\" content=\"Est. reading time\" \/>\n\t<meta name=\"twitter:data2\" content=\"1 minute\" \/>\n<script type=\"application\/ld+json\" class=\"yoast-schema-graph\">{\"@context\":\"https:\\\/\\\/schema.org\",\"@graph\":[{\"@type\":\"Article\",\"@id\":\"https:\\\/\\\/fjala.info\\\/2009-2015\\\/rama-ne-presheve-berisha-e-ka-patriotizmin-maske-per-tregti-dhe-pazare-me-fqinjet\\\/#article\",\"isPartOf\":{\"@id\":\"https:\\\/\\\/fjala.info\\\/2009-2015\\\/rama-ne-presheve-berisha-e-ka-patriotizmin-maske-per-tregti-dhe-pazare-me-fqinjet\\\/\"},\"author\":{\"name\":\"admin\",\"@id\":\"https:\\\/\\\/fjala.info\\\/2009-2015\\\/#\\\/schema\\\/person\\\/3aa1163ef05469c496fc94e77611ada2\"},\"headline\":\"Rama n\u00eb Preshev\u00eb: Berisha e ka patriotizmin mask\u00eb p\u00ebr tregti dhe pazare me fqinj\u00ebt\",\"datePublished\":\"2012-01-28T22:25:30+00:00\",\"mainEntityOfPage\":{\"@id\":\"https:\\\/\\\/fjala.info\\\/2009-2015\\\/rama-ne-presheve-berisha-e-ka-patriotizmin-maske-per-tregti-dhe-pazare-me-fqinjet\\\/\"},\"wordCount\":294,\"commentCount\":0,\"publisher\":{\"@id\":\"https:\\\/\\\/fjala.info\\\/2009-2015\\\/#organization\"},\"image\":{\"@id\":\"https:\\\/\\\/fjala.info\\\/2009-2015\\\/rama-ne-presheve-berisha-e-ka-patriotizmin-maske-per-tregti-dhe-pazare-me-fqinjet\\\/#primaryimage\"},\"thumbnailUrl\":\"http:\\\/\\\/www.shkoder.net\\\/2012\\\/rama_presheve.jpg\",\"articleSection\":[\"Artikuj\",\"Lajme\"],\"inLanguage\":\"sq-AL\",\"potentialAction\":[{\"@type\":\"CommentAction\",\"name\":\"Comment\",\"target\":[\"https:\\\/\\\/fjala.info\\\/2009-2015\\\/rama-ne-presheve-berisha-e-ka-patriotizmin-maske-per-tregti-dhe-pazare-me-fqinjet\\\/#respond\"]}]},{\"@type\":\"WebPage\",\"@id\":\"https:\\\/\\\/fjala.info\\\/2009-2015\\\/rama-ne-presheve-berisha-e-ka-patriotizmin-maske-per-tregti-dhe-pazare-me-fqinjet\\\/\",\"url\":\"https:\\\/\\\/fjala.info\\\/2009-2015\\\/rama-ne-presheve-berisha-e-ka-patriotizmin-maske-per-tregti-dhe-pazare-me-fqinjet\\\/\",\"name\":\"Rama n\u00eb Preshev\u00eb: Berisha e ka patriotizmin mask\u00eb p\u00ebr tregti dhe pazare me fqinj\u00ebt - FjALA e LIR\u00cb - Arkivi\",\"isPartOf\":{\"@id\":\"https:\\\/\\\/fjala.info\\\/2009-2015\\\/#website\"},\"primaryImageOfPage\":{\"@id\":\"https:\\\/\\\/fjala.info\\\/2009-2015\\\/rama-ne-presheve-berisha-e-ka-patriotizmin-maske-per-tregti-dhe-pazare-me-fqinjet\\\/#primaryimage\"},\"image\":{\"@id\":\"https:\\\/\\\/fjala.info\\\/2009-2015\\\/rama-ne-presheve-berisha-e-ka-patriotizmin-maske-per-tregti-dhe-pazare-me-fqinjet\\\/#primaryimage\"},\"thumbnailUrl\":\"http:\\\/\\\/www.shkoder.net\\\/2012\\\/rama_presheve.jpg\",\"datePublished\":\"2012-01-28T22:25:30+00:00\",\"breadcrumb\":{\"@id\":\"https:\\\/\\\/fjala.info\\\/2009-2015\\\/rama-ne-presheve-berisha-e-ka-patriotizmin-maske-per-tregti-dhe-pazare-me-fqinjet\\\/#breadcrumb\"},\"inLanguage\":\"sq-AL\",\"potentialAction\":[{\"@type\":\"ReadAction\",\"target\":[\"https:\\\/\\\/fjala.info\\\/2009-2015\\\/rama-ne-presheve-berisha-e-ka-patriotizmin-maske-per-tregti-dhe-pazare-me-fqinjet\\\/\"]}]},{\"@type\":\"ImageObject\",\"inLanguage\":\"sq-AL\",\"@id\":\"https:\\\/\\\/fjala.info\\\/2009-2015\\\/rama-ne-presheve-berisha-e-ka-patriotizmin-maske-per-tregti-dhe-pazare-me-fqinjet\\\/#primaryimage\",\"url\":\"http:\\\/\\\/www.shkoder.net\\\/2012\\\/rama_presheve.jpg\",\"contentUrl\":\"http:\\\/\\\/www.shkoder.net\\\/2012\\\/rama_presheve.jpg\"},{\"@type\":\"BreadcrumbList\",\"@id\":\"https:\\\/\\\/fjala.info\\\/2009-2015\\\/rama-ne-presheve-berisha-e-ka-patriotizmin-maske-per-tregti-dhe-pazare-me-fqinjet\\\/#breadcrumb\",\"itemListElement\":[{\"@type\":\"ListItem\",\"position\":1,\"name\":\"Home\",\"item\":\"https:\\\/\\\/fjala.info\\\/2009-2015\\\/\"},{\"@type\":\"ListItem\",\"position\":2,\"name\":\"Rama n\u00eb Preshev\u00eb: Berisha e ka patriotizmin mask\u00eb p\u00ebr tregti dhe pazare me fqinj\u00ebt\"}]},{\"@type\":\"WebSite\",\"@id\":\"https:\\\/\\\/fjala.info\\\/2009-2015\\\/#website\",\"url\":\"https:\\\/\\\/fjala.info\\\/2009-2015\\\/\",\"name\":\"FjALA e LIR\u00cb - Arkivi\",\"description\":\"Arkivi 2009-2015\",\"publisher\":{\"@id\":\"https:\\\/\\\/fjala.info\\\/2009-2015\\\/#organization\"},\"potentialAction\":[{\"@type\":\"SearchAction\",\"target\":{\"@type\":\"EntryPoint\",\"urlTemplate\":\"https:\\\/\\\/fjala.info\\\/2009-2015\\\/?s={search_term_string}\"},\"query-input\":{\"@type\":\"PropertyValueSpecification\",\"valueRequired\":true,\"valueName\":\"search_term_string\"}}],\"inLanguage\":\"sq-AL\"},{\"@type\":\"Organization\",\"@id\":\"https:\\\/\\\/fjala.info\\\/2009-2015\\\/#organization\",\"name\":\"FjALA e LIR\u00cb - Arkivi\",\"url\":\"https:\\\/\\\/fjala.info\\\/2009-2015\\\/\",\"logo\":{\"@type\":\"ImageObject\",\"inLanguage\":\"sq-AL\",\"@id\":\"https:\\\/\\\/fjala.info\\\/2009-2015\\\/#\\\/schema\\\/logo\\\/image\\\/\",\"url\":\"\",\"contentUrl\":\"\",\"caption\":\"FjALA e LIR\u00cb - Arkivi\"},\"image\":{\"@id\":\"https:\\\/\\\/fjala.info\\\/2009-2015\\\/#\\\/schema\\\/logo\\\/image\\\/\"}},{\"@type\":\"Person\",\"@id\":\"https:\\\/\\\/fjala.info\\\/2009-2015\\\/#\\\/schema\\\/person\\\/3aa1163ef05469c496fc94e77611ada2\",\"name\":\"admin\",\"image\":{\"@type\":\"ImageObject\",\"inLanguage\":\"sq-AL\",\"@id\":\"https:\\\/\\\/fjala.info\\\/2009-2015\\\/wp-content\\\/uploads\\\/2012\\\/02\\\/arben_cokaj-120x150.jpg\",\"url\":\"https:\\\/\\\/fjala.info\\\/2009-2015\\\/wp-content\\\/uploads\\\/2012\\\/02\\\/arben_cokaj-120x150.jpg\",\"contentUrl\":\"https:\\\/\\\/fjala.info\\\/2009-2015\\\/wp-content\\\/uploads\\\/2012\\\/02\\\/arben_cokaj-120x150.jpg\",\"caption\":\"admin\"},\"description\":\"Admin, Fjala e Lir\u00eb\",\"sameAs\":[\"https:\\\/\\\/fjala.info\\\/\"],\"url\":\"https:\\\/\\\/fjala.info\\\/2009-2015\\\/author\\\/admin\\\/\"}]}<\/script>\n<!-- \/ Yoast SEO plugin. -->","yoast_head_json":{"title":"Rama n\u00eb Preshev\u00eb: Berisha e ka patriotizmin mask\u00eb p\u00ebr tregti dhe pazare me fqinj\u00ebt - FjALA e LIR\u00cb - Arkivi","robots":{"index":"index","follow":"follow","max-snippet":"max-snippet:-1","max-image-preview":"max-image-preview:large","max-video-preview":"max-video-preview:-1"},"canonical":"https:\/\/fjala.info\/2009-2015\/rama-ne-presheve-berisha-e-ka-patriotizmin-maske-per-tregti-dhe-pazare-me-fqinjet\/","og_locale":"sq_AL","og_type":"article","og_title":"Rama n\u00eb Preshev\u00eb: Berisha e ka patriotizmin mask\u00eb p\u00ebr tregti dhe pazare me fqinj\u00ebt - FjALA e LIR\u00cb - Arkivi","og_description":"TemA Online, 28 Janar 2012 Edi Rama n\u00eb Preshev\u00eb Edi Rama, i cili gjendet sot n\u00eb Preshev\u00eb, iu \u00ebsht\u00eb p\u00ebrgjigjur pyetjeve t\u00eb pjes\u00ebmarr\u00ebsve n\u00eb takim rreth figur\u00ebs s\u00eb Berish\u00ebs brenda dhe jasht\u00eb Shqip\u00ebris\u00eb. Duke kujtuar historin\u00eb e Berish\u00ebs me regjimin e Miloshevi\u00e7it, raportet me fqinjin jugor dhe q\u00ebndrimet e tij gjat\u00eb kriz\u00ebs s\u00eb Kosov\u00ebs, Rama [&hellip;]","og_url":"https:\/\/fjala.info\/2009-2015\/rama-ne-presheve-berisha-e-ka-patriotizmin-maske-per-tregti-dhe-pazare-me-fqinjet\/","og_site_name":"FjALA e LIR\u00cb - Arkivi","article_published_time":"2012-01-28T22:25:30+00:00","og_image":[{"url":"http:\/\/www.shkoder.net\/2012\/rama_presheve.jpg","type":"","width":"","height":""}],"author":"admin","twitter_card":"summary_large_image","twitter_misc":{"Written by":"admin","Est. reading time":"1 minute"},"schema":{"@context":"https:\/\/schema.org","@graph":[{"@type":"Article","@id":"https:\/\/fjala.info\/2009-2015\/rama-ne-presheve-berisha-e-ka-patriotizmin-maske-per-tregti-dhe-pazare-me-fqinjet\/#article","isPartOf":{"@id":"https:\/\/fjala.info\/2009-2015\/rama-ne-presheve-berisha-e-ka-patriotizmin-maske-per-tregti-dhe-pazare-me-fqinjet\/"},"author":{"name":"admin","@id":"https:\/\/fjala.info\/2009-2015\/#\/schema\/person\/3aa1163ef05469c496fc94e77611ada2"},"headline":"Rama n\u00eb Preshev\u00eb: Berisha e ka patriotizmin mask\u00eb p\u00ebr tregti dhe pazare me fqinj\u00ebt","datePublished":"2012-01-28T22:25:30+00:00","mainEntityOfPage":{"@id":"https:\/\/fjala.info\/2009-2015\/rama-ne-presheve-berisha-e-ka-patriotizmin-maske-per-tregti-dhe-pazare-me-fqinjet\/"},"wordCount":294,"commentCount":0,"publisher":{"@id":"https:\/\/fjala.info\/2009-2015\/#organization"},"image":{"@id":"https:\/\/fjala.info\/2009-2015\/rama-ne-presheve-berisha-e-ka-patriotizmin-maske-per-tregti-dhe-pazare-me-fqinjet\/#primaryimage"},"thumbnailUrl":"http:\/\/www.shkoder.net\/2012\/rama_presheve.jpg","articleSection":["Artikuj","Lajme"],"inLanguage":"sq-AL","potentialAction":[{"@type":"CommentAction","name":"Comment","target":["https:\/\/fjala.info\/2009-2015\/rama-ne-presheve-berisha-e-ka-patriotizmin-maske-per-tregti-dhe-pazare-me-fqinjet\/#respond"]}]},{"@type":"WebPage","@id":"https:\/\/fjala.info\/2009-2015\/rama-ne-presheve-berisha-e-ka-patriotizmin-maske-per-tregti-dhe-pazare-me-fqinjet\/","url":"https:\/\/fjala.info\/2009-2015\/rama-ne-presheve-berisha-e-ka-patriotizmin-maske-per-tregti-dhe-pazare-me-fqinjet\/","name":"Rama n\u00eb Preshev\u00eb: Berisha e ka patriotizmin mask\u00eb p\u00ebr tregti dhe pazare me fqinj\u00ebt - FjALA e LIR\u00cb - Arkivi","isPartOf":{"@id":"https:\/\/fjala.info\/2009-2015\/#website"},"primaryImageOfPage":{"@id":"https:\/\/fjala.info\/2009-2015\/rama-ne-presheve-berisha-e-ka-patriotizmin-maske-per-tregti-dhe-pazare-me-fqinjet\/#primaryimage"},"image":{"@id":"https:\/\/fjala.info\/2009-2015\/rama-ne-presheve-berisha-e-ka-patriotizmin-maske-per-tregti-dhe-pazare-me-fqinjet\/#primaryimage"},"thumbnailUrl":"http:\/\/www.shkoder.net\/2012\/rama_presheve.jpg","datePublished":"2012-01-28T22:25:30+00:00","breadcrumb":{"@id":"https:\/\/fjala.info\/2009-2015\/rama-ne-presheve-berisha-e-ka-patriotizmin-maske-per-tregti-dhe-pazare-me-fqinjet\/#breadcrumb"},"inLanguage":"sq-AL","potentialAction":[{"@type":"ReadAction","target":["https:\/\/fjala.info\/2009-2015\/rama-ne-presheve-berisha-e-ka-patriotizmin-maske-per-tregti-dhe-pazare-me-fqinjet\/"]}]},{"@type":"ImageObject","inLanguage":"sq-AL","@id":"https:\/\/fjala.info\/2009-2015\/rama-ne-presheve-berisha-e-ka-patriotizmin-maske-per-tregti-dhe-pazare-me-fqinjet\/#primaryimage","url":"http:\/\/www.shkoder.net\/2012\/rama_presheve.jpg","contentUrl":"http:\/\/www.shkoder.net\/2012\/rama_presheve.jpg"},{"@type":"BreadcrumbList","@id":"https:\/\/fjala.info\/2009-2015\/rama-ne-presheve-berisha-e-ka-patriotizmin-maske-per-tregti-dhe-pazare-me-fqinjet\/#breadcrumb","itemListElement":[{"@type":"ListItem","position":1,"name":"Home","item":"https:\/\/fjala.info\/2009-2015\/"},{"@type":"ListItem","position":2,"name":"Rama n\u00eb Preshev\u00eb: Berisha e ka patriotizmin mask\u00eb p\u00ebr tregti dhe pazare me fqinj\u00ebt"}]},{"@type":"WebSite","@id":"https:\/\/fjala.info\/2009-2015\/#website","url":"https:\/\/fjala.info\/2009-2015\/","name":"FjALA e LIR\u00cb - Arkivi","description":"Arkivi 2009-2015","publisher":{"@id":"https:\/\/fjala.info\/2009-2015\/#organization"},"potentialAction":[{"@type":"SearchAction","target":{"@type":"EntryPoint","urlTemplate":"https:\/\/fjala.info\/2009-2015\/?s={search_term_string}"},"query-input":{"@type":"PropertyValueSpecification","valueRequired":true,"valueName":"search_term_string"}}],"inLanguage":"sq-AL"},{"@type":"Organization","@id":"https:\/\/fjala.info\/2009-2015\/#organization","name":"FjALA e LIR\u00cb - Arkivi","url":"https:\/\/fjala.info\/2009-2015\/","logo":{"@type":"ImageObject","inLanguage":"sq-AL","@id":"https:\/\/fjala.info\/2009-2015\/#\/schema\/logo\/image\/","url":"","contentUrl":"","caption":"FjALA e LIR\u00cb - Arkivi"},"image":{"@id":"https:\/\/fjala.info\/2009-2015\/#\/schema\/logo\/image\/"}},{"@type":"Person","@id":"https:\/\/fjala.info\/2009-2015\/#\/schema\/person\/3aa1163ef05469c496fc94e77611ada2","name":"admin","image":{"@type":"ImageObject","inLanguage":"sq-AL","@id":"https:\/\/fjala.info\/2009-2015\/wp-content\/uploads\/2012\/02\/arben_cokaj-120x150.jpg","url":"https:\/\/fjala.info\/2009-2015\/wp-content\/uploads\/2012\/02\/arben_cokaj-120x150.jpg","contentUrl":"https:\/\/fjala.info\/2009-2015\/wp-content\/uploads\/2012\/02\/arben_cokaj-120x150.jpg","caption":"admin"},"description":"Admin, Fjala e Lir\u00eb","sameAs":["https:\/\/fjala.info\/"],"url":"https:\/\/fjala.info\/2009-2015\/author\/admin\/"}]}},"_links":{"self":[{"href":"https:\/\/fjala.info\/2009-2015\/wp-json\/wp\/v2\/posts\/11650","targetHints":{"allow":["GET"]}}],"collection":[{"href":"https:\/\/fjala.info\/2009-2015\/wp-json\/wp\/v2\/posts"}],"about":[{"href":"https:\/\/fjala.info\/2009-2015\/wp-json\/wp\/v2\/types\/post"}],"author":[{"embeddable":true,"href":"https:\/\/fjala.info\/2009-2015\/wp-json\/wp\/v2\/users\/1"}],"replies":[{"embeddable":true,"href":"https:\/\/fjala.info\/2009-2015\/wp-json\/wp\/v2\/comments?post=11650"}],"version-history":[{"count":0,"href":"https:\/\/fjala.info\/2009-2015\/wp-json\/wp\/v2\/posts\/11650\/revisions"}],"wp:attachment":[{"href":"https:\/\/fjala.info\/2009-2015\/wp-json\/wp\/v2\/media?parent=11650"}],"wp:term":[{"taxonomy":"category","embeddable":true,"href":"https:\/\/fjala.info\/2009-2015\/wp-json\/wp\/v2\/categories?post=11650"},{"taxonomy":"post_tag","embeddable":true,"href":"https:\/\/fjala.info\/2009-2015\/wp-json\/wp\/v2\/tags?post=11650"}],"curies":[{"name":"wp","href":"https:\/\/api.w.org\/{rel}","templated":true}]}}