{"id":11649,"date":"2012-01-28T23:22:05","date_gmt":"2012-01-28T22:22:05","guid":{"rendered":"http:\/\/fjala.shkoder.net\/?p=1462"},"modified":"2012-01-28T23:22:05","modified_gmt":"2012-01-28T22:22:05","slug":"nje-vajze-e-thjeshte-rrafi-me-shpulla-fevzon","status":"publish","type":"post","link":"https:\/\/fjala.info\/2009-2015\/nje-vajze-e-thjeshte-rrafi-me-shpulla-fevzon\/","title":{"rendered":"Nj\u00eb vajz\u00eb e thjesht\u00eb rrafi me shpulla Fevzon"},"content":{"rendered":"<p><img decoding=\"async\" class=\"alignleft size-thumbnail wp-image-7236\" title=\"Ina Rama - Fevziu\" src=\"http:\/\/www.shkoder.net\/2012\/ina_rama_fevziu.jpg\" alt=\"\" width=\"300\" \/> Nga <strong>Hervin \u00c7uli<\/strong>, <em>Regjisor<\/em>, <em>28 Janar 2012<\/em><\/p>\n<p>Kur je f\u00ebmij\u00eb, si gjith\u00eb t\u00eb tjer\u00ebt provon shijen natyrale t\u00eb p\u00ebrleshjes me bashk\u00ebmoshatar\u00ebt. N\u00eb p\u00ebrgjith\u00ebsi fituesi thot\u00eb: \u201ce mbyta me grushta filanin\u201d. Humb\u00ebsi, me shenjat e rrahjes n\u00eb trup a n\u00eb fytyre, kur u ankohet prind\u00ebrve apo dikujt tjet\u00ebr thot\u00eb: \u201cme gjuajti me grushta filani\u201d. Ve\u00e7 k\u00ebtij rasti klasik, ku ka nj\u00eb p\u00ebrballje me dy sfidues, ka dhe nj\u00eb forme tjet\u00ebr p\u00ebrleshje q\u00eb humb\u00ebsi n\u00eb asnj\u00eb m\u00ebnyr\u00eb nuk do ta p\u00ebrmende, e p\u00ebrgjith\u00ebsisht p\u00ebrpiqet ta harroj\u00eb. <\/p>\n<p>Ai nuk flet sepse shenjat jan\u00eb t\u00eb brendshme, jan\u00eb shenja posht\u00ebruese qe nxisin lot, qe te skuqin nga turpi dhe pafuqia p\u00ebr tu hakmarr\u00eb. Ky rast rr\u00ebfehet zakonisht nga fituesi pa sfidant me k\u00ebto fjale: \u201cI futa nja dy shpulla filanit se e grrici shume\u201d. Nuk e di pse me erdhi n\u00eb mendje f\u00ebmij\u00ebria t\u00eb enjten n\u00eb dark\u00eb, pasi ndoqa nj\u00eb interviste n\u00eb televizionin KLAN.<\/p>\n<p>K\u00ebt\u00eb t\u00eb enjte n\u00eb darke v\u00ebmendja e publikut ishte p\u00ebrqendruar tek emisioni \u201cOpinion\u201d ku p\u00ebr her\u00eb t\u00eb pare pyetjeve t\u00eb gazetarit t\u00eb famsh\u00ebm Blendi Fevziu do t\u2019i p\u00ebrgjigjej e shum\u00ebp\u00ebrfolura Ina Rama, Prokurore e P\u00ebrgjithshme e shtetit shqiptar. Kurioziteti ishte shume i madh p\u00ebr t\u00eb pare se si do p\u00ebrballej kjo vajz\u00eb e re, shum\u00eb e p\u00ebrfolur,  me akuzat qe Bajlozi Berish\u00eb kish b\u00ebr\u00eb p\u00ebr \u00e7do dit\u00eb kund\u00ebr saj. Edhe pse nuk ka njeri (p\u00ebrfshir\u00eb dhe p\u00ebrkrah\u00ebsit e tij) q\u00eb s\u2019ka kuptuar se Berisha destabilizon n\u00ebp\u00ebrmjet spekulimit, me teorin\u00eb \u2018shpif, shpif se di\u00e7ka do ngelet\u2019, \u201cmbrojtja\u201d e Prokurores s\u00eb Shtetit ishte me shume r\u00ebnd\u00ebsi p\u00ebr opinionin publik. <\/p>\n<p>Zonja Ina Rama prej nj\u00eb viti ishte etiketuar nga kampi demokrat si \u201cpu\u00e7iste\u201d, \u201clavire bulevardi, \u201cbashk\u00ebpun\u00ebtore e Edi Ram\u00ebs\u201d, \u201casgj\u00ebsuese provash\u201d, \u201ctendencioze ndaj opozit\u00ebs\u201d, \u201ce kapur nga krimi\u201d e shum\u00eb e shum\u00eb gj\u00ebra t\u00eb tjera. Asnj\u00ebher\u00eb Prokuroria nuk kishte qene NJE ZE n\u00eb k\u00ebto koh\u00eb t\u00eb turbullta, edhe pse ishte p\u00ebrfolur pafund\u00ebsisht nga Kryeministri si nj\u00eb institucion totalisht i p\u00ebrfshir\u00eb n\u00eb t\u00eb ashtuquajturin \u201cPu\u00e7\u201d kund\u00ebr tij. <\/p>\n<p>Ndaj p\u00ebrgjigjet e Ina Ram\u00ebs, p\u00ebr her\u00eb t\u00eb par\u00eb p\u00ebrpara kamerave, me nj\u00eb gazetar te deklaruar hapur si mbrojt\u00ebs fanatik i pushtetit, zgjonin nj\u00eb v\u00ebmendje t\u00eb madhe. Sfida publike p\u00ebr Ina Ram\u00ebn, e pa m\u00ebsuar me kontaktin e drejtp\u00ebrdrejt\u00eb me njer\u00ebzit, me cinizmin e analist\u00ebve, me presionin e politik\u00ebs, n\u00eb pamje t\u00eb par\u00eb dukej shume delikate. Nj\u00eb fakt tjet\u00ebr qe ia v\u00ebshtir\u00ebsonte prezantimin publik Prokurores p\u00ebrb\u00ebnte dhe fakti se intervista do t\u00eb b\u00ebhej nga Blendi Fevziu ne televizionin Klan, nj\u00eb televizion qart\u00ebsisht ne vathen e qeverise. <\/p>\n<p>At\u00eb dite ne k\u00ebt\u00eb televizion, tek emisioni \u201cTakimi i Pasdites\u201d, Blendi sapo i kish rr\u00ebfyer Rudina Magjistarit nga nj\u00eb k\u00ebnd i sht\u00ebpis\u00eb s\u00eb tij, se sa shume lexonte dhe se \u00e7far\u00eb shijesh kishte n\u00eb let\u00ebrsi. Madje nj\u00eb shprehje e Fevzos q\u00eb s\u2019m\u00eb shqitet nga mendja ishte:  \u201c\u2026un\u00eb nuk i rilexoj librat, me p\u00ebrjashtim t\u00eb Ismail Kadarese p\u00ebr t\u00eb kuptuar ne koh\u00eb raportin tim me te shkruarin\u2026\u201d. Po at\u00eb dit\u00eb n\u00eb po t\u00eb nj\u00ebjtin televizion (dhe pse me stamp\u00ebn ABC), me kapi syri nje kronike qe p\u00ebrshkruante nj\u00eb skene nga Gjirokastra, ku po digjej libri \u2018Enver Hoxha\u2019 i Fevziut nga komunist\u00ebt fanatike. <\/p>\n<p>Sesi i kishte kapur kamera n\u00eb flagranc\u00eb autor\u00ebt e k\u00ebtij krimi makab\u00ebr, zjarrv\u00ebn\u00ebsit e nj\u00eb vepre me vlera t\u00eb m\u00ebdha p\u00ebr kombin, vet\u00ebm Fevziu e di! Nejse, t\u00eb dy shembujt i mora p\u00ebr t\u00eb th\u00ebn\u00eb se p\u00ebrballe kujt Vigani do rr\u00ebfehej Ina e shkrete. Por, pasi d\u00ebgjova me shum\u00eb v\u00ebmendje intervist\u00ebn kuptova se edhe nj\u00eb vajze e thjeshte, normale, e men\u00e7ur, duke vepruar profesionalisht dhe duke u shprehur vet\u00ebm me fakte dhe logjike racionale p\u00ebrball\u00eb gazetarit t\u00eb famsh\u00ebm qeveritar, mund t\u00eb rr\u00ebzoj\u00eb nj\u00eb perandori t\u00eb t\u00ebr\u00eb. Vura re se pa e pasur fare n\u00eb mendje, zonja Silvia Konti (Berisha e ka th\u00ebn\u00eb), e rrahu me shpulla p\u00ebr dy or\u00eb Fevzon e shkret\u00eb. <\/p>\n<p>Madje, shuplakat qe Ina i p\u00ebrdori me shume thjesht\u00ebsi dhe delikatese, her\u00eb-her\u00eb duke u tallur me elegance, n\u00eb thelb ishin p\u00ebrgjigjet e saj n\u00eb mbrojtje t\u00eb Shtetit t\u00eb s\u00eb Drejtes, p\u00ebrball\u00eb presionit t\u00eb pafund t\u00eb Saliut. Nuk e di n\u00ebse Fevziu ra ne kurthin q\u00eb i ngriti vetvetes nga lig\u00ebsia per te mbrojtur qorrazi pushtetin apo nga budallall\u00ebku!  Mendimi im personal \u00ebsht\u00eb se jan\u00eb t\u00eb dyja bashke. Nj\u00eb gj\u00eb nuk do t\u2019i harrohet kurr\u00eb k\u00ebtij sharlatani t\u00eb gazetaris\u00eb: Prokurorja Ina Rama e rrafi me shpulla pik\u00ebrisht aty, n\u00eb televizionin e tij KLAN.<\/p>\n<p>T\u00eb b\u00ebnte p\u00ebrshtypje gjat\u00eb intervist\u00ebs nje p\u00ebrmbysje e \u00e7uditshme e pozicioneve. N\u00eb fillim Fevzo me nj\u00eb siguri p\u00ebr tu patur zili merrte ne pyetje Prokuroren, nd\u00ebrsa ne fund Ina Rama merrte ne pyetje Doktorin, q\u00eb p\u00ebrfaq\u00ebsohej nga Blend Ziu. Po ku dinte i shkreti Fevzo t\u00eb mbronte gjith \u00e7\u2019kish fantazuar Saliu, p\u00ebrball\u00eb nj\u00eb profesionisteje t\u00eb ndershme. Ndaj Prokurorja iu p\u00ebrgjigj qart\u00eb t\u00eb gjitha pyetjeve t\u00eb gazetarit t\u00eb famsh\u00ebm, nd\u00ebrsa ky i fundit u hutua keqas e nuk nxirrte dot fjale nga goja. Aq r\u00ebnd\u00eb u ndje Fevzo gjat\u00eb fundit t\u00eb emisionit sa tamam si ai f\u00ebmija t\u00ebr\u00eb inat, i mpir\u00eb n\u00eb portret nga logjika e hekurt e zonj\u00ebs, pothuajse me lot ne sy, filloi t\u00eb b\u00ebhej arrogant. <\/p>\n<p>Me siguri ne mendje i kalonte fjala e dh\u00ebn\u00eb n\u00eb zyr\u00ebn e kryeministrit, duke u fryr\u00eb si k\u00ebndes p\u00ebrpara t\u00eb gjith\u00ebve se tani q\u00eb ajo i erdhi n\u00eb emision ja tregonte ai qejfin. Fatkeq\u00ebsisht p\u00ebr gazetarin e famsh\u00ebm, Prokurorja rrezoi me fakte gjith\u00eb g\u00ebnjeshtrat e fabrikuara nga Saliu dhe t\u00eb riprodhuara shume keq me pyetje nga Fevziu. Ina Rama nuk la vend p\u00ebr dyshim q\u00eb nga fillimi deri n\u00eb fund t\u00eb emisionit. Ajo frenoi \u00e7\u2019do p\u00ebrpjekje diabolike t\u00eb Fevzos p\u00ebr ta futur n\u00eb kurth. E degjeneroi Fevzon deri n\u00eb at\u00eb pik\u00eb, sa t\u00eb vetmet pyetje q\u00eb artikuloi n\u00eb pjes\u00ebn e dyte t\u00eb emisionit ishin ose thashetheme gatuar tavolinave t\u00eb Klanit ose sms q\u00eb i d\u00ebrgoheshin pareshtur p\u00ebr ta mbrojtur prej shuplakave t\u00eb nj\u00ebpasnj\u00ebshme. <\/p>\n<p>Do te ngelet gjate n\u00eb mendje p\u00ebrgjigja brilante e Prokurores p\u00ebrkund\u00ebr pyetjes skandaloze t\u00eb gazetarit t\u00eb famsh\u00ebm: \u201c\u00ebsht\u00eb e v\u00ebrtet\u00eb se disa prokurore nen var\u00ebsin\u00eb tuaj kan\u00eb th\u00ebn\u00eb se tani do t\u2019i b\u00ebjm\u00eb zbor Kryeministrit?\u201d, ajo i p\u00ebrgjigjet: \u201c\u2026 n\u00eb pun\u00eb, por edhe n\u00eb jet\u00eb, un\u00eb nuk merrem me ai tha keshtu, ky tha ashtu, por jam m\u00ebsuar t\u00eb konfrontohem me faktet dhe ngjarjen\u201d. Kjo shuplake q\u00eb e skuqi Fevzon duhet t\u00eb turp\u00ebroj\u00eb t\u00eb gjith\u00eb politiken e mbrapsht\u00eb shqiptare, q\u00eb e nd\u00ebrton gjith\u00e7ka mbi trillet dhe mekanizmin e p\u00ebrbaltjes, p\u00ebr t\u00eb krijuar p\u00ebrshtypjen si thote Saviano se te gjith\u00eb jan\u00eb njelloj, t\u00eb gjith\u00eb jan\u00eb n\u00eb llum, dhe zgjidhje nuk ka. <\/p>\n<p>E kur duhet te funksionoje mekanizmi i balt\u00ebs Doktori si usta ka Fevzon dhe televizionin e turpsh\u00ebm Klan, q\u00eb nuk p\u00ebrtojn\u00eb t\u00eb grricen me t\u00eb v\u00ebrtet\u00ebn. Ndaj gazetari i famsh\u00ebm nuk shp\u00ebtoi dot prej gricjes fatale, beri nj\u00eb pyetje q\u00eb n\u00eb Itali gazetaret ia b\u00ebnin r\u00ebndom Xhovani Falkones: \u201c\u2026a keni frike nga k\u00ebrc\u00ebnimet e Kryeministrit (a ke frike nga Mafia-Falkones)\u2026?\u201d. Ina Rama shum\u00eb natyrsh\u00ebm p\u00ebrgjigjet: \u201c\u2026n\u00eb jet\u00ebn time llogarite i b\u00ebj vet\u00ebm me ligjin, e p\u00ebr aq koh\u00eb sa nuk e kam shkelur at\u00eb, rrjedhimisht nuk kam pse t\u00eb kem frik\u00eb\u201d. Kjo gaf\u00eb e Fevzos qe nxjerr zbuluar Doktorin v\u00ebshtir\u00eb t\u00eb kalohet pa ndonj\u00eb stuhi shuplakash nga ky i fundit, edhe pse n\u00eb thelb ishte e vetmja pyetje qe i referohej t\u00eb v\u00ebrtet\u00ebs.<\/p>\n<p>Mendoj se kjo interviste historike, s\u00eb bashku me disa komente personale, i drejtohet atyre q\u00eb duan t\u00eb kuptojn\u00eb se qorrsokaku ku na ka futur Sali Berisha me gjith\u00eb Fevzot e tij \u00ebsht\u00eb rruga e rr\u00ebnimit shpirt\u00ebror dhe material t\u00eb k\u00ebtij vendi. E vetmja alternative p\u00ebr ATA \u00ebsht\u00eb spekulimi dhe presioni i p\u00ebrditsh\u00ebm, vet\u00ebm e vet\u00ebm p\u00ebr t\u00eb mos humbur pushtetin. Ky njeri me emrin Sali Berisha, nuk \u00ebsht\u00eb i rreziksh\u00ebm thjeshte individualisht, por shum\u00eb me tep\u00ebr. <\/p>\n<p>Kultura qe po na imponon AI me gjith\u00eb Fevzirat q\u00eb e rrethojn\u00eb \u00ebsht\u00eb kriminale. Sali Berisha na thot\u00eb t\u00eb gjith\u00ebve se edhe po vrave edhe po vodhe edhe po mashtrove \u00ebsht\u00eb nj\u00eb gj\u00eb normale, mjafton t\u00eb besh pjese ne vathen e pushtetit, ama po guxove t\u00eb thuash t\u00eb v\u00ebrtet\u00ebn e po guxove t\u00eb nd\u00ebrtosh Standarde t\u00eb Shtetit te s\u00eb Drejt\u00ebs duke u kruajtur me NE, at\u00ebher\u00eb do ta p\u00ebsosh. <\/p>\n<p>Por Doktori, Fevziu dhe lakenjt\u00eb qe e rrethojn\u00eb, harrojn\u00eb se dita e gjykimit \u00ebsht\u00eb pran\u00eb p\u00ebr m\u00ebkatar\u00ebt. Gjykimit nga drejt\u00ebsia mund t\u2019i shp\u00ebtosh si burracak qe fshihesh pas pushtetit, por gjykimit  moral kurr\u00eb. Ai t\u00eb ndjek nga pas si hije e nuk e shmang dot. K\u00ebt\u00eb mund t\u00eb ta demonstroje dhe nj\u00eb vajz\u00eb e thjeshte, e men\u00e7ur dhe profesioniste, duke t\u00eb rrahur keqas me shpulla, pasi je grricur pa fund me t\u00eb v\u00ebrtet\u00ebn, pik\u00ebrisht n\u00eb kull\u00ebn tende me emrin KLAN.<\/p>\n","protected":false},"excerpt":{"rendered":"<p>Nga Hervin \u00c7uli, Regjisor, 28 Janar 2012 Kur je f\u00ebmij\u00eb, si gjith\u00eb t\u00eb tjer\u00ebt provon shijen natyrale t\u00eb p\u00ebrleshjes me bashk\u00ebmoshatar\u00ebt. N\u00eb p\u00ebrgjith\u00ebsi fituesi thot\u00eb: \u201ce mbyta me grushta filanin\u201d. Humb\u00ebsi, me shenjat e rrahjes n\u00eb trup a n\u00eb fytyre, kur u ankohet prind\u00ebrve apo dikujt tjet\u00ebr thot\u00eb: \u201cme gjuajti me grushta filani\u201d. Ve\u00e7 k\u00ebtij [&hellip;]<\/p>\n","protected":false},"author":1,"featured_media":0,"comment_status":"open","ping_status":"closed","sticky":false,"template":"","format":"standard","meta":{"footnotes":""},"categories":[2],"tags":[],"class_list":{"0":"post-11649","1":"post","2":"type-post","3":"status-publish","4":"format-standard","6":"category-artikuj"},"yoast_head":"<!-- This site is optimized with the Yoast SEO plugin v27.4 - https:\/\/yoast.com\/product\/yoast-seo-wordpress\/ -->\n<title>Nj\u00eb vajz\u00eb e thjesht\u00eb rrafi me shpulla Fevzon - FjALA e LIR\u00cb - Arkivi<\/title>\n<meta name=\"robots\" content=\"index, follow, max-snippet:-1, max-image-preview:large, max-video-preview:-1\" \/>\n<link rel=\"canonical\" href=\"https:\/\/fjala.info\/2009-2015\/nje-vajze-e-thjeshte-rrafi-me-shpulla-fevzon\/\" \/>\n<meta property=\"og:locale\" content=\"sq_AL\" \/>\n<meta property=\"og:type\" content=\"article\" \/>\n<meta property=\"og:title\" content=\"Nj\u00eb vajz\u00eb e thjesht\u00eb rrafi me shpulla Fevzon - FjALA e LIR\u00cb - Arkivi\" \/>\n<meta property=\"og:description\" content=\"Nga Hervin \u00c7uli, Regjisor, 28 Janar 2012 Kur je f\u00ebmij\u00eb, si gjith\u00eb t\u00eb tjer\u00ebt provon shijen natyrale t\u00eb p\u00ebrleshjes me bashk\u00ebmoshatar\u00ebt. N\u00eb p\u00ebrgjith\u00ebsi fituesi thot\u00eb: \u201ce mbyta me grushta filanin\u201d. Humb\u00ebsi, me shenjat e rrahjes n\u00eb trup a n\u00eb fytyre, kur u ankohet prind\u00ebrve apo dikujt tjet\u00ebr thot\u00eb: \u201cme gjuajti me grushta filani\u201d. Ve\u00e7 k\u00ebtij [&hellip;]\" \/>\n<meta property=\"og:url\" content=\"https:\/\/fjala.info\/2009-2015\/nje-vajze-e-thjeshte-rrafi-me-shpulla-fevzon\/\" \/>\n<meta property=\"og:site_name\" content=\"FjALA e LIR\u00cb - Arkivi\" \/>\n<meta property=\"article:published_time\" content=\"2012-01-28T22:22:05+00:00\" \/>\n<meta property=\"og:image\" content=\"http:\/\/www.shkoder.net\/2012\/ina_rama_fevziu.jpg\" \/>\n<meta name=\"author\" content=\"admin\" \/>\n<meta name=\"twitter:card\" content=\"summary_large_image\" \/>\n<meta name=\"twitter:label1\" content=\"Written by\" \/>\n\t<meta name=\"twitter:data1\" content=\"admin\" \/>\n\t<meta name=\"twitter:label2\" content=\"Est. reading time\" \/>\n\t<meta name=\"twitter:data2\" content=\"8 minutes\" \/>\n<script type=\"application\/ld+json\" class=\"yoast-schema-graph\">{\"@context\":\"https:\\\/\\\/schema.org\",\"@graph\":[{\"@type\":\"Article\",\"@id\":\"https:\\\/\\\/fjala.info\\\/2009-2015\\\/nje-vajze-e-thjeshte-rrafi-me-shpulla-fevzon\\\/#article\",\"isPartOf\":{\"@id\":\"https:\\\/\\\/fjala.info\\\/2009-2015\\\/nje-vajze-e-thjeshte-rrafi-me-shpulla-fevzon\\\/\"},\"author\":{\"name\":\"admin\",\"@id\":\"https:\\\/\\\/fjala.info\\\/2009-2015\\\/#\\\/schema\\\/person\\\/3aa1163ef05469c496fc94e77611ada2\"},\"headline\":\"Nj\u00eb vajz\u00eb e thjesht\u00eb rrafi me shpulla Fevzon\",\"datePublished\":\"2012-01-28T22:22:05+00:00\",\"mainEntityOfPage\":{\"@id\":\"https:\\\/\\\/fjala.info\\\/2009-2015\\\/nje-vajze-e-thjeshte-rrafi-me-shpulla-fevzon\\\/\"},\"wordCount\":1648,\"commentCount\":0,\"publisher\":{\"@id\":\"https:\\\/\\\/fjala.info\\\/2009-2015\\\/#organization\"},\"image\":{\"@id\":\"https:\\\/\\\/fjala.info\\\/2009-2015\\\/nje-vajze-e-thjeshte-rrafi-me-shpulla-fevzon\\\/#primaryimage\"},\"thumbnailUrl\":\"http:\\\/\\\/www.shkoder.net\\\/2012\\\/ina_rama_fevziu.jpg\",\"articleSection\":[\"Artikuj\"],\"inLanguage\":\"sq-AL\",\"potentialAction\":[{\"@type\":\"CommentAction\",\"name\":\"Comment\",\"target\":[\"https:\\\/\\\/fjala.info\\\/2009-2015\\\/nje-vajze-e-thjeshte-rrafi-me-shpulla-fevzon\\\/#respond\"]}]},{\"@type\":\"WebPage\",\"@id\":\"https:\\\/\\\/fjala.info\\\/2009-2015\\\/nje-vajze-e-thjeshte-rrafi-me-shpulla-fevzon\\\/\",\"url\":\"https:\\\/\\\/fjala.info\\\/2009-2015\\\/nje-vajze-e-thjeshte-rrafi-me-shpulla-fevzon\\\/\",\"name\":\"Nj\u00eb vajz\u00eb e thjesht\u00eb rrafi me shpulla Fevzon - FjALA e LIR\u00cb - Arkivi\",\"isPartOf\":{\"@id\":\"https:\\\/\\\/fjala.info\\\/2009-2015\\\/#website\"},\"primaryImageOfPage\":{\"@id\":\"https:\\\/\\\/fjala.info\\\/2009-2015\\\/nje-vajze-e-thjeshte-rrafi-me-shpulla-fevzon\\\/#primaryimage\"},\"image\":{\"@id\":\"https:\\\/\\\/fjala.info\\\/2009-2015\\\/nje-vajze-e-thjeshte-rrafi-me-shpulla-fevzon\\\/#primaryimage\"},\"thumbnailUrl\":\"http:\\\/\\\/www.shkoder.net\\\/2012\\\/ina_rama_fevziu.jpg\",\"datePublished\":\"2012-01-28T22:22:05+00:00\",\"breadcrumb\":{\"@id\":\"https:\\\/\\\/fjala.info\\\/2009-2015\\\/nje-vajze-e-thjeshte-rrafi-me-shpulla-fevzon\\\/#breadcrumb\"},\"inLanguage\":\"sq-AL\",\"potentialAction\":[{\"@type\":\"ReadAction\",\"target\":[\"https:\\\/\\\/fjala.info\\\/2009-2015\\\/nje-vajze-e-thjeshte-rrafi-me-shpulla-fevzon\\\/\"]}]},{\"@type\":\"ImageObject\",\"inLanguage\":\"sq-AL\",\"@id\":\"https:\\\/\\\/fjala.info\\\/2009-2015\\\/nje-vajze-e-thjeshte-rrafi-me-shpulla-fevzon\\\/#primaryimage\",\"url\":\"http:\\\/\\\/www.shkoder.net\\\/2012\\\/ina_rama_fevziu.jpg\",\"contentUrl\":\"http:\\\/\\\/www.shkoder.net\\\/2012\\\/ina_rama_fevziu.jpg\"},{\"@type\":\"BreadcrumbList\",\"@id\":\"https:\\\/\\\/fjala.info\\\/2009-2015\\\/nje-vajze-e-thjeshte-rrafi-me-shpulla-fevzon\\\/#breadcrumb\",\"itemListElement\":[{\"@type\":\"ListItem\",\"position\":1,\"name\":\"Home\",\"item\":\"https:\\\/\\\/fjala.info\\\/2009-2015\\\/\"},{\"@type\":\"ListItem\",\"position\":2,\"name\":\"Nj\u00eb vajz\u00eb e thjesht\u00eb rrafi me shpulla Fevzon\"}]},{\"@type\":\"WebSite\",\"@id\":\"https:\\\/\\\/fjala.info\\\/2009-2015\\\/#website\",\"url\":\"https:\\\/\\\/fjala.info\\\/2009-2015\\\/\",\"name\":\"FjALA e LIR\u00cb - Arkivi\",\"description\":\"Arkivi 2009-2015\",\"publisher\":{\"@id\":\"https:\\\/\\\/fjala.info\\\/2009-2015\\\/#organization\"},\"potentialAction\":[{\"@type\":\"SearchAction\",\"target\":{\"@type\":\"EntryPoint\",\"urlTemplate\":\"https:\\\/\\\/fjala.info\\\/2009-2015\\\/?s={search_term_string}\"},\"query-input\":{\"@type\":\"PropertyValueSpecification\",\"valueRequired\":true,\"valueName\":\"search_term_string\"}}],\"inLanguage\":\"sq-AL\"},{\"@type\":\"Organization\",\"@id\":\"https:\\\/\\\/fjala.info\\\/2009-2015\\\/#organization\",\"name\":\"FjALA e LIR\u00cb - Arkivi\",\"url\":\"https:\\\/\\\/fjala.info\\\/2009-2015\\\/\",\"logo\":{\"@type\":\"ImageObject\",\"inLanguage\":\"sq-AL\",\"@id\":\"https:\\\/\\\/fjala.info\\\/2009-2015\\\/#\\\/schema\\\/logo\\\/image\\\/\",\"url\":\"\",\"contentUrl\":\"\",\"caption\":\"FjALA e LIR\u00cb - Arkivi\"},\"image\":{\"@id\":\"https:\\\/\\\/fjala.info\\\/2009-2015\\\/#\\\/schema\\\/logo\\\/image\\\/\"}},{\"@type\":\"Person\",\"@id\":\"https:\\\/\\\/fjala.info\\\/2009-2015\\\/#\\\/schema\\\/person\\\/3aa1163ef05469c496fc94e77611ada2\",\"name\":\"admin\",\"image\":{\"@type\":\"ImageObject\",\"inLanguage\":\"sq-AL\",\"@id\":\"https:\\\/\\\/fjala.info\\\/2009-2015\\\/wp-content\\\/uploads\\\/2012\\\/02\\\/arben_cokaj-120x150.jpg\",\"url\":\"https:\\\/\\\/fjala.info\\\/2009-2015\\\/wp-content\\\/uploads\\\/2012\\\/02\\\/arben_cokaj-120x150.jpg\",\"contentUrl\":\"https:\\\/\\\/fjala.info\\\/2009-2015\\\/wp-content\\\/uploads\\\/2012\\\/02\\\/arben_cokaj-120x150.jpg\",\"caption\":\"admin\"},\"description\":\"Admin, Fjala e Lir\u00eb\",\"sameAs\":[\"https:\\\/\\\/fjala.info\\\/\"],\"url\":\"https:\\\/\\\/fjala.info\\\/2009-2015\\\/author\\\/admin\\\/\"}]}<\/script>\n<!-- \/ Yoast SEO plugin. -->","yoast_head_json":{"title":"Nj\u00eb vajz\u00eb e thjesht\u00eb rrafi me shpulla Fevzon - FjALA e LIR\u00cb - Arkivi","robots":{"index":"index","follow":"follow","max-snippet":"max-snippet:-1","max-image-preview":"max-image-preview:large","max-video-preview":"max-video-preview:-1"},"canonical":"https:\/\/fjala.info\/2009-2015\/nje-vajze-e-thjeshte-rrafi-me-shpulla-fevzon\/","og_locale":"sq_AL","og_type":"article","og_title":"Nj\u00eb vajz\u00eb e thjesht\u00eb rrafi me shpulla Fevzon - FjALA e LIR\u00cb - Arkivi","og_description":"Nga Hervin \u00c7uli, Regjisor, 28 Janar 2012 Kur je f\u00ebmij\u00eb, si gjith\u00eb t\u00eb tjer\u00ebt provon shijen natyrale t\u00eb p\u00ebrleshjes me bashk\u00ebmoshatar\u00ebt. N\u00eb p\u00ebrgjith\u00ebsi fituesi thot\u00eb: \u201ce mbyta me grushta filanin\u201d. Humb\u00ebsi, me shenjat e rrahjes n\u00eb trup a n\u00eb fytyre, kur u ankohet prind\u00ebrve apo dikujt tjet\u00ebr thot\u00eb: \u201cme gjuajti me grushta filani\u201d. Ve\u00e7 k\u00ebtij [&hellip;]","og_url":"https:\/\/fjala.info\/2009-2015\/nje-vajze-e-thjeshte-rrafi-me-shpulla-fevzon\/","og_site_name":"FjALA e LIR\u00cb - Arkivi","article_published_time":"2012-01-28T22:22:05+00:00","og_image":[{"url":"http:\/\/www.shkoder.net\/2012\/ina_rama_fevziu.jpg","type":"","width":"","height":""}],"author":"admin","twitter_card":"summary_large_image","twitter_misc":{"Written by":"admin","Est. reading time":"8 minutes"},"schema":{"@context":"https:\/\/schema.org","@graph":[{"@type":"Article","@id":"https:\/\/fjala.info\/2009-2015\/nje-vajze-e-thjeshte-rrafi-me-shpulla-fevzon\/#article","isPartOf":{"@id":"https:\/\/fjala.info\/2009-2015\/nje-vajze-e-thjeshte-rrafi-me-shpulla-fevzon\/"},"author":{"name":"admin","@id":"https:\/\/fjala.info\/2009-2015\/#\/schema\/person\/3aa1163ef05469c496fc94e77611ada2"},"headline":"Nj\u00eb vajz\u00eb e thjesht\u00eb rrafi me shpulla Fevzon","datePublished":"2012-01-28T22:22:05+00:00","mainEntityOfPage":{"@id":"https:\/\/fjala.info\/2009-2015\/nje-vajze-e-thjeshte-rrafi-me-shpulla-fevzon\/"},"wordCount":1648,"commentCount":0,"publisher":{"@id":"https:\/\/fjala.info\/2009-2015\/#organization"},"image":{"@id":"https:\/\/fjala.info\/2009-2015\/nje-vajze-e-thjeshte-rrafi-me-shpulla-fevzon\/#primaryimage"},"thumbnailUrl":"http:\/\/www.shkoder.net\/2012\/ina_rama_fevziu.jpg","articleSection":["Artikuj"],"inLanguage":"sq-AL","potentialAction":[{"@type":"CommentAction","name":"Comment","target":["https:\/\/fjala.info\/2009-2015\/nje-vajze-e-thjeshte-rrafi-me-shpulla-fevzon\/#respond"]}]},{"@type":"WebPage","@id":"https:\/\/fjala.info\/2009-2015\/nje-vajze-e-thjeshte-rrafi-me-shpulla-fevzon\/","url":"https:\/\/fjala.info\/2009-2015\/nje-vajze-e-thjeshte-rrafi-me-shpulla-fevzon\/","name":"Nj\u00eb vajz\u00eb e thjesht\u00eb rrafi me shpulla Fevzon - FjALA e LIR\u00cb - Arkivi","isPartOf":{"@id":"https:\/\/fjala.info\/2009-2015\/#website"},"primaryImageOfPage":{"@id":"https:\/\/fjala.info\/2009-2015\/nje-vajze-e-thjeshte-rrafi-me-shpulla-fevzon\/#primaryimage"},"image":{"@id":"https:\/\/fjala.info\/2009-2015\/nje-vajze-e-thjeshte-rrafi-me-shpulla-fevzon\/#primaryimage"},"thumbnailUrl":"http:\/\/www.shkoder.net\/2012\/ina_rama_fevziu.jpg","datePublished":"2012-01-28T22:22:05+00:00","breadcrumb":{"@id":"https:\/\/fjala.info\/2009-2015\/nje-vajze-e-thjeshte-rrafi-me-shpulla-fevzon\/#breadcrumb"},"inLanguage":"sq-AL","potentialAction":[{"@type":"ReadAction","target":["https:\/\/fjala.info\/2009-2015\/nje-vajze-e-thjeshte-rrafi-me-shpulla-fevzon\/"]}]},{"@type":"ImageObject","inLanguage":"sq-AL","@id":"https:\/\/fjala.info\/2009-2015\/nje-vajze-e-thjeshte-rrafi-me-shpulla-fevzon\/#primaryimage","url":"http:\/\/www.shkoder.net\/2012\/ina_rama_fevziu.jpg","contentUrl":"http:\/\/www.shkoder.net\/2012\/ina_rama_fevziu.jpg"},{"@type":"BreadcrumbList","@id":"https:\/\/fjala.info\/2009-2015\/nje-vajze-e-thjeshte-rrafi-me-shpulla-fevzon\/#breadcrumb","itemListElement":[{"@type":"ListItem","position":1,"name":"Home","item":"https:\/\/fjala.info\/2009-2015\/"},{"@type":"ListItem","position":2,"name":"Nj\u00eb vajz\u00eb e thjesht\u00eb rrafi me shpulla Fevzon"}]},{"@type":"WebSite","@id":"https:\/\/fjala.info\/2009-2015\/#website","url":"https:\/\/fjala.info\/2009-2015\/","name":"FjALA e LIR\u00cb - Arkivi","description":"Arkivi 2009-2015","publisher":{"@id":"https:\/\/fjala.info\/2009-2015\/#organization"},"potentialAction":[{"@type":"SearchAction","target":{"@type":"EntryPoint","urlTemplate":"https:\/\/fjala.info\/2009-2015\/?s={search_term_string}"},"query-input":{"@type":"PropertyValueSpecification","valueRequired":true,"valueName":"search_term_string"}}],"inLanguage":"sq-AL"},{"@type":"Organization","@id":"https:\/\/fjala.info\/2009-2015\/#organization","name":"FjALA e LIR\u00cb - Arkivi","url":"https:\/\/fjala.info\/2009-2015\/","logo":{"@type":"ImageObject","inLanguage":"sq-AL","@id":"https:\/\/fjala.info\/2009-2015\/#\/schema\/logo\/image\/","url":"","contentUrl":"","caption":"FjALA e LIR\u00cb - Arkivi"},"image":{"@id":"https:\/\/fjala.info\/2009-2015\/#\/schema\/logo\/image\/"}},{"@type":"Person","@id":"https:\/\/fjala.info\/2009-2015\/#\/schema\/person\/3aa1163ef05469c496fc94e77611ada2","name":"admin","image":{"@type":"ImageObject","inLanguage":"sq-AL","@id":"https:\/\/fjala.info\/2009-2015\/wp-content\/uploads\/2012\/02\/arben_cokaj-120x150.jpg","url":"https:\/\/fjala.info\/2009-2015\/wp-content\/uploads\/2012\/02\/arben_cokaj-120x150.jpg","contentUrl":"https:\/\/fjala.info\/2009-2015\/wp-content\/uploads\/2012\/02\/arben_cokaj-120x150.jpg","caption":"admin"},"description":"Admin, Fjala e Lir\u00eb","sameAs":["https:\/\/fjala.info\/"],"url":"https:\/\/fjala.info\/2009-2015\/author\/admin\/"}]}},"_links":{"self":[{"href":"https:\/\/fjala.info\/2009-2015\/wp-json\/wp\/v2\/posts\/11649","targetHints":{"allow":["GET"]}}],"collection":[{"href":"https:\/\/fjala.info\/2009-2015\/wp-json\/wp\/v2\/posts"}],"about":[{"href":"https:\/\/fjala.info\/2009-2015\/wp-json\/wp\/v2\/types\/post"}],"author":[{"embeddable":true,"href":"https:\/\/fjala.info\/2009-2015\/wp-json\/wp\/v2\/users\/1"}],"replies":[{"embeddable":true,"href":"https:\/\/fjala.info\/2009-2015\/wp-json\/wp\/v2\/comments?post=11649"}],"version-history":[{"count":0,"href":"https:\/\/fjala.info\/2009-2015\/wp-json\/wp\/v2\/posts\/11649\/revisions"}],"wp:attachment":[{"href":"https:\/\/fjala.info\/2009-2015\/wp-json\/wp\/v2\/media?parent=11649"}],"wp:term":[{"taxonomy":"category","embeddable":true,"href":"https:\/\/fjala.info\/2009-2015\/wp-json\/wp\/v2\/categories?post=11649"},{"taxonomy":"post_tag","embeddable":true,"href":"https:\/\/fjala.info\/2009-2015\/wp-json\/wp\/v2\/tags?post=11649"}],"curies":[{"name":"wp","href":"https:\/\/api.w.org\/{rel}","templated":true}]}}