{"id":11647,"date":"2012-01-28T10:29:00","date_gmt":"2012-01-28T09:29:00","guid":{"rendered":"http:\/\/fjala.shkoder.net\/?p=1453"},"modified":"2012-01-28T10:29:00","modified_gmt":"2012-01-28T09:29:00","slug":"leter-per-ndrean","status":"publish","type":"post","link":"https:\/\/fjala.info\/2009-2015\/leter-per-ndrean\/","title":{"rendered":"Let\u00ebr p\u00ebr Ndrean!"},"content":{"rendered":"<p><img decoding=\"async\" class=\"alignright size-thumbnail wp-image-7236\" title=\"Fatos Mahmutaj\" src=\"http:\/\/www.shkoder.net\/2012\/fatos_mahmutaj.jpg\" alt=\"\" width=\"150\" \/> Nga <strong>Fatos Mahmutaj<\/strong>, <em>28 Janar 2012<\/em><\/p>\n<p>Do doja shum\u00eb ta nisja k\u00ebt\u00eb let\u00ebr me: \u201cI nderuar zoti Ndrea Prendi\u201d, \u201cZoti Prendi\u201d, \u201cI nderuar Zot\u00ebri\u201d, etj, por me th\u00ebn\u00eb t\u00eb drejt\u00ebn nuk po m\u00eb ngjiste asnj\u00eb klishe e till\u00eb. Ndaj po t\u00eb drejtohem thjesht: O Ndrea Prendi!<\/p>\n<p>Un\u00eb quhem Fatos Mahmutaj, dhe aktualisht jetoj n\u00eb Bruksel. Po e marr mundimin t\u00eb t\u00eb shkruaj nga k\u00ebtej, se mendoj q\u00eb un\u00eb dhe ti, kemi nj\u00eb t\u00eb p\u00ebrbashk\u00ebt t\u00eb madhe dhe disa m\u00eb t\u00eb vogla nga ai 21 janari i mallkuar, i vjet\u00ebm. Mendova t\u00eb ta nisja me post\u00eb k\u00ebt\u00eb por nuk t\u00eb gjeta dot nj\u00eb adres\u00eb, dhe po k\u00ebshtu kisha frik\u00eb edhe nga vonesat, ndaj po ta d\u00ebrgoj k\u00ebshtu.<\/p>\n<p>Q\u00eb t\u00eb mos hallaktemi or Ndre, po hyj n\u00eb tem\u00eb duke t\u00eb sqaruar, se ajo e p\u00ebrbashk\u00ebta e madhe p\u00ebr neve, \u00ebsht\u00eb fakti se t\u00eb dy jemi viktima t\u00eb 21 janarit. Mua ma fut\u00ebn me plumb, ty me grushta e shkelma; un\u00eb p\u00ebrfundova me dor\u00eb t\u00eb cop\u00ebtuar, ti me sy t\u00eb nxir\u00eb. P\u00ebr dreq ata q\u00eb na masakruan, ishin t\u00eb s\u00eb nj\u00ebjt\u00ebs skuad\u00ebr. Gjith\u00ebsesi or Ndre, se harrova t\u00eb t\u00eb them m\u00eb sip\u00ebr, ne kemi edhe disa t\u00eb kund\u00ebrta. <\/p>\n<p>Menj\u00ebher\u00eb ty t\u00eb shkon mendja te Gjeografia: Po t\u00eb marrim Tiran\u00ebn (qyteti q\u00eb e ndam\u00eb bashk\u00eb p\u00ebr disa vite) pik\u00eb orientimi, Mallakastra ime n\u00eb Jug dhe Mirdita jote n\u00eb Veri, jan\u00eb diametralisht t\u00eb kund\u00ebrta, por jan\u00eb dy zona q\u00eb njihen p\u00ebr fisnik\u00ebri dhe virtyte t\u00eb larta. Por, ja, po t\u00eb sqaroj se nuk ka t\u00eb b\u00ebj\u00eb fare me l\u00ebnd\u00ebn e Gjeografis\u00eb por me Edukat\u00ebn Morale dhe Politike, si\u00e7 i kemi th\u00ebn\u00eb dikur un\u00eb dhe ti Edukat\u00ebs Qytetare. Po t\u2019i num\u00ebroj t\u00eb gjitha, ve\u00e7 ki durim.<\/p>\n<p>Pasi na e fut\u00ebn, un\u00eb vendosa t\u00eb mos rrija goj\u00ebky\u00e7ur, se nuk e mbaja dot at\u00eb q\u00eb m\u00eb b\u00ebn\u00eb pa i pasur askujt borxh n\u00eb k\u00ebt\u00eb jet\u00eb. Kurse ti, ndryshe nga un\u00eb, q\u00ebndrove i heshtur, duke l\u00ebn\u00eb shefin t\u00ebnd t\u00eb fliste me l\u00ebvdata dhe t\u00eb ngrinte n\u00eb qiell. Madje, m\u00eb kujtohet mir\u00eb, kur ai t\u00eb hoqi syzet e diellit para gjith\u00eb shqiptar\u00ebve dhe tregoi syrin tend, q\u00eb n\u00eb fakt ta kishte nxir\u00eb vet\u00eb nj\u00eb dit\u00eb m\u00eb par\u00eb, nd\u00ebrsa akuzoi sipas imagjinat\u00ebs s\u00eb vet halu\u00e7inante ata kok\u00ebpalar\u00ebt, q\u00eb nuk arrit\u00ebn dot t\u00eb kalonin kangjellat e kryeministris\u00eb.<\/p>\n<p>Pas k\u00ebsaj or Ndre, rrug\u00ebt tona vazhduan, n\u00eb baz\u00eb t\u00eb teoris\u00eb s\u00eb Beng \u2013 Beng-ut. Un\u00eb kalova detin dhe mb\u00ebrrita n\u00eb Belgjik\u00eb ku iu lypa k\u00ebtyre njer\u00ebzve k\u00ebtu streh\u00eb, ushqim dhe kurim p\u00ebr dor\u00ebn. Kurse ty t&#8217;u dha streh\u00eb af\u00ebr t\u00eb <em>madhit<\/em>, t&#8217;u dha shansi t\u00eb t\u00eb mjekonte ai q\u00eb t\u00eb rrahu dhe pate gjithashtu rastin t\u00eb haje n\u00eb sofr\u00ebn e tij. Un\u00eb or Ndre e lash familjen n\u00eb Tiran\u00eb, duke iu lutur Zotit p\u00ebr ta dhe nxitova t\u00eb shp\u00ebtoja kok\u00ebn, kurse p\u00ebr t\u00ebnden u angazhua vet\u00eb <em>Zeusi<\/em>.<\/p>\n<p>Njer\u00ebzit e mi, ashtu sikurse dhe mua, i ruajti Zoti nd\u00ebrsa t\u00eb tuve iu dha garanci vet\u00eb <em>Zeusi<\/em>, n\u00eb shp\u00ebrblim t\u00eb heshtjes, g\u00ebnjeshtr\u00ebs dhe bindjes t\u00ebnde. Edhe di\u00e7ka t\u00eb fundit n\u00eb k\u00ebt\u00eb linj\u00eb t\u00eb mendimit. Njer\u00ebzit e mi u rikthyen n\u00eb fshatin e lindjes dhe tashm\u00eb ndodhen n\u00eb kufijt\u00eb e mbijetes\u00ebs, nd\u00ebrsa tut\u00eb i shp\u00ebrbleu <em>Zeusi <\/em>nga ajo q\u00eb u kishte grabitur skllev\u00ebrve. (Pjes\u00eb e vler\u00ebsimit besoj se ishte edhe fuoristrada e vjedhur k\u00ebtej nga Europa Porsche q\u00eb t&#8217;u dhurua).<\/p>\n<p>Por gjith\u00ebsesi ore Ndre, besoj se kjo jeta ime \u00ebsht\u00eb m\u00eb e fisme se ajo jotja. N\u00eb k\u00ebmbim t\u00eb dhuratave, ti pranove t\u00eb fshihje t\u00eb v\u00ebrtet\u00ebn, n\u00eb radh\u00eb t\u00eb par\u00eb at\u00eb q\u00eb t\u00eb p\u00ebrkiste ty dhe pastaj at\u00eb q\u00eb iu mori jet\u00ebn kat\u00ebr kok\u00ebpalar\u00ebve-ino\u00e7ent\u00eb. Un\u00eb nuk dua t\u00eb besoj se e ke b\u00ebr\u00eb nga frika. Mendoj se e ke b\u00ebr\u00eb p\u00ebr familjen. Un\u00eb kur ika i pyeta dy prind\u00ebrit e mi t\u00eb moshuar dhe bashk\u00eb me ta diskutova pasojat negative q\u00eb mund t\u00eb kishin. Dhe e di \u00e7far\u00eb m\u00eb tha im at\u00eb? At\u00eb q\u00eb m\u00eb kishte th\u00ebn\u00eb gjithmon\u00eb: \u201cSado t\u00eb jesh i uritur mos ha kalb\u00ebsir\u00eb!\u201d, nd\u00ebrsa ime m\u00eb, shtoi pak me but\u00ebsi (k\u00ebshtu e kan\u00eb grat\u00eb): \u201cMos ha kalb\u00ebsir\u00eb, h\u00eb t\u00eb keqen, se t\u00eb b\u00ebn reaksion me qum\u00ebshtin q\u00eb t\u00eb kam dh\u00ebn\u00eb!\u201d.<\/p>\n<p>K\u00ebshtu o Ndre, un\u00eb u p\u00ebrpoqa t\u00eb mos haja kalb\u00ebsir\u00eb dhe mendoj se kjo ishte arsyeja pse i Madhi Zot m\u00eb nxori n\u00eb selamet, k\u00ebshtu themi ne. Nuk e di se \u00e7far\u00eb \u00ebsht\u00eb b\u00ebr\u00eb me syrin t\u00ebnd t\u00eb nxir\u00eb. Dikush m\u00eb tha q\u00eb vula e zez\u00eb t\u00eb ishte zhvendosur nj\u00eb \u00e7ik\u00eb m\u00eb lart dhe t\u00eb \u00ebsht\u00eb stampuar n\u00eb ball\u00eb. (Nuk e di sa e v\u00ebrtet\u00eb \u00ebsht\u00eb kjo, por burimi i k\u00ebtij lajmi, m\u00eb tha se puna e damk\u00ebs, kishte dal\u00eb n\u00eb ekspertiz\u00ebn e 21 janarit q\u00eb kan\u00eb b\u00ebr\u00eb ata t\u00eb FBI-s\u00eb).<\/p>\n<p>Si\u00e7 e sheh, un\u00eb shkoj nga shkoj dhe p\u00ebrfundoj t\u00eb Zoti. Po t\u00eb sqaroj se jam besimtar dhe sipas fes\u00eb time e adhuroj t\u00eb Madhin. Pasioni me ka shtyr\u00eb t\u00eb lexoj q\u00eb f\u00ebmij\u00eb Bibl\u00ebn dhe Kur\u2019anin, dhe p\u00ebr nj\u00eb koh\u00eb t\u00eb gjat\u00eb, derisa t\u2019i kuptoja disi m\u00eb mir\u00eb dy librat hyjnor\u00eb, m\u00eb mbeti n\u00eb mendje vet\u00ebm fjala: \u201cE v\u00ebrteta\u201d. Vet\u00ebm p\u00ebr t\u00eb flitej nga fillimi deri n\u00eb fund. Aq shum\u00eb flitej p\u00ebr k\u00ebt\u00eb fjal\u00eb, saq\u00eb mendova se shqip\u00ebruesi i ka r\u00ebn\u00eb shkurt me metod\u00ebn copy-paste.<\/p>\n<p>Tani me th\u00ebn\u00eb t\u00eb drejt\u00ebn ore Ndre, nuk \u00ebsht\u00eb se kam b\u00ebr\u00eb ndonj\u00eb jet\u00eb shenjtori, pasi prej mishi e kockash jam edhe un\u00eb, por ndryshe nga ti, kur kam b\u00ebr\u00eb gabim kam k\u00ebrkuar ndjes\u00eb me fisnik\u00ebri dhe jam mb\u00ebshtetur t\u00ebrsisht nga e v\u00ebrteta. K\u00ebt\u00eb e kam b\u00ebr\u00eb duke besuar se her\u00ebt apo von\u00eb ore Ndre, t\u00eb gjith\u00eb ne do vdesim. N\u00eb Bib\u00ebl edhe Kur\u2019an, un\u00eb kam m\u00ebsuar se toga e zez\u00eb nuk do jet\u00eb \u00c7imi, as akuzatori nuk do jet\u00eb Genci.<\/p>\n<p>Por t\u00eb siguroj se gjykat\u00ebsi do jet\u00eb vet\u00eb i Madhi, nd\u00ebrsa prokurori do jen\u00eb shqisat dhe gjymtyr\u00ebt tona q\u00eb do d\u00ebshmojn\u00eb kund\u00ebr nesh. Ahh se desh harrova dosjet. Aty do jen\u00eb t\u00eb stivosura t\u00eb gjitha. Nga e majta ato negative dhe nga e djathta pozitivet. Ekspertiza, po ashtu do jet\u00eb e kopsitur mir\u00eb. Nuk t\u00eb imagjinoj dot ore Ndre, sesi do ta argumentosh mbrojtjen t\u00ebnde at\u00ebher\u00eb! Nejse mos u tremb, as mos m\u00eb akuzo se po t\u00eb nxis p\u00ebr rrug\u00eb t\u00eb keqe, pasi po t\u00eb tregoj se ka nj\u00eb marifet, me t\u00eb cilin mund t\u2019ia hedh\u00ebsh. Mjafton q\u00eb t\u00eb mos ket\u00eb par\u00eb Zoti kur ke b\u00ebr\u00eb m\u00ebkatin; mos t\u00eb kesh vepruar ndaj nj\u00eb krijese t\u00eb Zotit; si dhe, ajo q\u00eb ke b\u00ebr\u00eb, t\u00eb mos jet\u00eb p\u00ebrfshir\u00eb si vep\u00ebr penale n\u00eb Kodin Penal t\u00eb t\u00eb Madhit.<\/p>\n<p>Tani ta l\u00ebm\u00eb Zotin n\u00eb pun\u00eb t\u00eb vet dhe t\u00eb merremi me muhabetin ton\u00eb. Aty te 21 janari e kam un\u00eb. Ka ca dit\u00eb q\u00eb p\u00ebrpiqem t\u00eb imagjinoj sesi nj\u00eb ushtarak karriere dhe burr\u00eb mal\u00ebsie si ti, \u00ebsht\u00eb rrahur me grushta e shkelma, \u00ebsht\u00eb fyer, shar\u00eb dhe k\u00ebrc\u00ebnuar, nd\u00ebrsa ka ruajtur gjakftoht\u00ebsin\u00eb, p\u00ebr m\u00eb tep\u00ebr me pistolet\u00eb n\u00eb brez. I bie t\u00eb kesh pasur nerva \u00e7eliku ose t\u00eb t\u00eb ket\u00eb r\u00ebn\u00eb t\u00eb fik\u00ebt nga frika. K\u00ebt\u00eb nuk e besoj ore Ndre, ndaj m\u00eb duket m\u00eb shum\u00eb e pranueshme se katilat t\u00eb ken\u00eb \u00e7armatosur m\u00eb par\u00eb dhe pastaj kan\u00eb \u201cbiseduar\u201d me ty n\u00eb m\u00ebnyr\u00eb demokratike dhe me \u201cargumente bind\u00ebse\u201d. Por edhe k\u00ebtu di\u00e7ka nuk m\u00eb p\u00eblqen pasi pu\u00e7ist\u00ebt m\u00eb t\u00eb fundit, ata amerikan\u00ebt e FBI-s\u00eb, se \u00e7\u2019kan\u00eb hapur llafe, me demek, pistoleta jote u b\u00eb shkak q\u00eb t\u00eb hapeshin dy varre n\u00eb sht\u00ebpin\u00eb e Faik Myrtajt.<\/p>\n<p>Ndrea, dikur, kur isha fatos (prej v\u00ebrteti), dhe m\u00eb pas pioner, kam m\u00ebsuar n\u00eb shkoll\u00eb se mal\u00ebsori \u00ebsht\u00eb nga ata, q\u00eb, p\u00ebr t\u00eb v\u00ebrtet\u00ebn jep gjithmon\u00eb bes\u00ebn dhe mban fjal\u00ebn. Shpeshher\u00eb mendoj ore Ndre se ti i ke pun\u00ebt n\u00eb rregull me gjykat\u00ebn aty. Po k\u00ebshtu edhe me prokurorin\u00eb. Po nuk e di sesi je me gjumin. A e b\u00ebn t\u00eb qet\u00eb? At\u00eb Faik Myrtajn ma kan\u00eb treguar burr\u00eb shum\u00eb t\u00eb urt\u00eb. Po k\u00ebshtu edhe djalin e tij Bardhylin. Por m\u00eb kan\u00eb th\u00ebn\u00eb gjithashtu se ata nuk i mbante vendi kur e drejta u n\u00ebp\u00ebrk\u00ebmbej.<\/p>\n<p>Andej nga Fieri tashm\u00eb qarkullon fjala se shpirt\u00ebrat e Myrtajve, at e bir, kan\u00eb dal\u00eb nga varri dhe po bredhin n\u00eb k\u00ebrkim t\u00eb t\u00eb v\u00ebrtet\u00ebs. Nuk di \u00e7far\u00eb t\u00eb t\u00eb them, n\u00ebse t\u00eb kan\u00eb ardhur ndonj\u00ebher\u00eb t\u00eb t\u00eb pyesin se si \u00ebsht\u00eb puna e tyre. M\u00eb thuaj nj\u00eb \u00e7ik\u00eb: U ke dh\u00ebn\u00eb p\u00ebrgjigje vet\u00eb apo i ke orientuar tek Zeusi? Ndrea, un\u00eb p\u00ebrshembull i kam shum\u00eb frik\u00eb shpirt\u00ebrat, aq m\u00eb tep\u00ebr kur mund t\u2019iu kem hyr\u00eb hakut. Ndaj t\u00eb sygjeroj se mir\u00eb do ishte t\u2019i sqaroje para se t\u00eb vij\u00eb koha kur, un\u00eb dhe ti, t\u2019iu bashkohemi atyre.<\/p>\n<p>Mendo ore Ndre n\u00ebse un\u00eb do veproja si ty. Do fshihja t\u00eb v\u00ebrtet\u00ebn dhe pasi t\u00eb sh\u00ebrohesha do kthehesha n\u00eb pun\u00ebn time si gazetar. Ndoshta do m\u00eb ngrihej edhe rroga. T\u00eb imagjinojm\u00eb pak: Mileti po qahet se nj\u00eb zyrtar rruga\u00e7 u bie m\u00eb qaf\u00eb, dhe un\u00eb me mikrofon dhe kamera n\u00eb dor\u00eb, n\u00eb p\u00ebrmbushje t\u00eb detyr\u00ebs time, shkoj tek ai p\u00ebr t\u2019i \u201cshkulur dh\u00ebmb\u00ebt\u201d. Sa m\u00eb sheh, ai ma pret shkurt: Po ik ore \u00e7un, se ti je nga ata legena q\u00eb fshehe plumbin t\u00ebnd. Nuk t\u00eb vjen turp kur vjen dhe m\u00eb tregon mua moralin e ndershm\u00ebrin\u00eb! Ndre t\u00eb lutem m\u00eb shpjego se \u00e7far\u00eb duhet t\u2019i them un\u00eb k\u00ebtij personi!? Meq\u00eb ra llafi, k\u00ebto koh\u00ebt e fundit kur i ke b\u00ebrtitur ndonj\u00eb vart\u00ebsi q\u00eb nuk b\u00ebn pun\u00ebn mir\u00eb, a t\u00eb ka th\u00ebn\u00eb: Qepe se ta nxiva edhe syrin tjet\u00ebr!<\/p>\n<p>Kam pasur shum\u00eb besim tek ti or Ndre, se je nj\u00eb burr\u00eb mal\u00ebsie, i rritur me Kanun dhe i shkolluar me Kushtetut\u00ebn e k\u00ebtij vendi. I p\u00ebrket nj\u00eb zone p\u00ebr t\u00eb cil\u00ebn ne shqiptar\u00ebt e themi me krenari q\u00eb edhe turqit 500 vjet me radh\u00eb nuk mund\u00ebn ta pushtonin kurr\u00eb. Por nuk jam i sigurt\u00eb, n\u00ebse mirditor\u00ebt fisnik\u00eb, sipas tradit\u00ebs, tani do ta nxjerrin kafen sip\u00ebr apo posht\u00eb gjurit.<\/p>\n<p>E r\u00ebnd\u00eb ajo q\u00eb t\u00eb b\u00ebn. T\u00eb pren\u00eb n\u00eb bes\u00eb kur t\u00eb \u00e7armatos\u00ebn. Vazhduan me dashakeq\u00ebsi kur vran\u00eb njer\u00ebz me arm\u00ebn t\u00ebnde. Dhe ia vun\u00eb vul\u00ebn maskarall\u00ebkut kur t\u00eb faturuan vrasjet dhe m\u00eb pas t\u00eb detyruan t\u00eb hesht\u00ebsh. Nj\u00eb mirditor fisnik nuk q\u00ebllon kurr\u00eb mbi njer\u00ebz t\u00eb paarmatosur. Besoj se edhe ti nuk e ke b\u00ebr\u00eb. Por ja ta ngec\u00ebn dhe t\u00eb detyruan t\u00eb hesht\u00ebsh.<\/p>\n<p>T\u00eb lodha pak o Ndre n\u00eb k\u00ebto q\u00eb t\u00eb thash\u00eb, por po t\u00eb them edhe di\u00e7ka t\u00eb fundit: N\u00cbSE PLUMBIN NDAJ MEJE E KE SHKREPUR TI, PO DEKLAROJ PUBLIKISHT SE TA KAM FALUR. Madje do vij n\u00eb gjykat\u00eb enkas p\u00ebr t\u00eb deklaruar k\u00ebt\u00eb. Dhe e di pse? Sepse me \u00e7\u2019t\u00eb kam njohur deri tani nuk ia vlen t\u00eb merresh me ty. Por nuk e di n\u00ebse do t\u00eb t\u00eb fal\u00eb Mirdita turpin q\u00eb iu ke l\u00ebn\u00eb.<\/p>\n","protected":false},"excerpt":{"rendered":"<p>Nga Fatos Mahmutaj, 28 Janar 2012 Do doja shum\u00eb ta nisja k\u00ebt\u00eb let\u00ebr me: \u201cI nderuar zoti Ndrea Prendi\u201d, \u201cZoti Prendi\u201d, \u201cI nderuar Zot\u00ebri\u201d, etj, por me th\u00ebn\u00eb t\u00eb drejt\u00ebn nuk po m\u00eb ngjiste asnj\u00eb klishe e till\u00eb. Ndaj po t\u00eb drejtohem thjesht: O Ndrea Prendi! Un\u00eb quhem Fatos Mahmutaj, dhe aktualisht jetoj n\u00eb Bruksel. [&hellip;]<\/p>\n","protected":false},"author":1,"featured_media":0,"comment_status":"open","ping_status":"closed","sticky":false,"template":"","format":"standard","meta":{"footnotes":""},"categories":[2],"tags":[],"class_list":{"0":"post-11647","1":"post","2":"type-post","3":"status-publish","4":"format-standard","6":"category-artikuj"},"yoast_head":"<!-- This site is optimized with the Yoast SEO plugin v27.4 - https:\/\/yoast.com\/product\/yoast-seo-wordpress\/ -->\n<title>Let\u00ebr p\u00ebr Ndrean! - FjALA e LIR\u00cb - Arkivi<\/title>\n<meta name=\"robots\" content=\"index, follow, max-snippet:-1, max-image-preview:large, max-video-preview:-1\" \/>\n<link rel=\"canonical\" href=\"https:\/\/fjala.info\/2009-2015\/leter-per-ndrean\/\" \/>\n<meta property=\"og:locale\" content=\"sq_AL\" \/>\n<meta property=\"og:type\" content=\"article\" \/>\n<meta property=\"og:title\" content=\"Let\u00ebr p\u00ebr Ndrean! - FjALA e LIR\u00cb - Arkivi\" \/>\n<meta property=\"og:description\" content=\"Nga Fatos Mahmutaj, 28 Janar 2012 Do doja shum\u00eb ta nisja k\u00ebt\u00eb let\u00ebr me: \u201cI nderuar zoti Ndrea Prendi\u201d, \u201cZoti Prendi\u201d, \u201cI nderuar Zot\u00ebri\u201d, etj, por me th\u00ebn\u00eb t\u00eb drejt\u00ebn nuk po m\u00eb ngjiste asnj\u00eb klishe e till\u00eb. Ndaj po t\u00eb drejtohem thjesht: O Ndrea Prendi! Un\u00eb quhem Fatos Mahmutaj, dhe aktualisht jetoj n\u00eb Bruksel. [&hellip;]\" \/>\n<meta property=\"og:url\" content=\"https:\/\/fjala.info\/2009-2015\/leter-per-ndrean\/\" \/>\n<meta property=\"og:site_name\" content=\"FjALA e LIR\u00cb - Arkivi\" \/>\n<meta property=\"article:published_time\" content=\"2012-01-28T09:29:00+00:00\" \/>\n<meta property=\"og:image\" content=\"http:\/\/www.shkoder.net\/2012\/fatos_mahmutaj.jpg\" \/>\n<meta name=\"author\" content=\"admin\" \/>\n<meta name=\"twitter:card\" content=\"summary_large_image\" \/>\n<meta name=\"twitter:label1\" content=\"Written by\" \/>\n\t<meta name=\"twitter:data1\" content=\"admin\" \/>\n\t<meta name=\"twitter:label2\" content=\"Est. reading time\" \/>\n\t<meta name=\"twitter:data2\" content=\"10 minutes\" \/>\n<script type=\"application\/ld+json\" class=\"yoast-schema-graph\">{\"@context\":\"https:\\\/\\\/schema.org\",\"@graph\":[{\"@type\":\"Article\",\"@id\":\"https:\\\/\\\/fjala.info\\\/2009-2015\\\/leter-per-ndrean\\\/#article\",\"isPartOf\":{\"@id\":\"https:\\\/\\\/fjala.info\\\/2009-2015\\\/leter-per-ndrean\\\/\"},\"author\":{\"name\":\"admin\",\"@id\":\"https:\\\/\\\/fjala.info\\\/2009-2015\\\/#\\\/schema\\\/person\\\/3aa1163ef05469c496fc94e77611ada2\"},\"headline\":\"Let\u00ebr p\u00ebr Ndrean!\",\"datePublished\":\"2012-01-28T09:29:00+00:00\",\"mainEntityOfPage\":{\"@id\":\"https:\\\/\\\/fjala.info\\\/2009-2015\\\/leter-per-ndrean\\\/\"},\"wordCount\":2030,\"commentCount\":0,\"publisher\":{\"@id\":\"https:\\\/\\\/fjala.info\\\/2009-2015\\\/#organization\"},\"image\":{\"@id\":\"https:\\\/\\\/fjala.info\\\/2009-2015\\\/leter-per-ndrean\\\/#primaryimage\"},\"thumbnailUrl\":\"http:\\\/\\\/www.shkoder.net\\\/2012\\\/fatos_mahmutaj.jpg\",\"articleSection\":[\"Artikuj\"],\"inLanguage\":\"sq-AL\",\"potentialAction\":[{\"@type\":\"CommentAction\",\"name\":\"Comment\",\"target\":[\"https:\\\/\\\/fjala.info\\\/2009-2015\\\/leter-per-ndrean\\\/#respond\"]}]},{\"@type\":\"WebPage\",\"@id\":\"https:\\\/\\\/fjala.info\\\/2009-2015\\\/leter-per-ndrean\\\/\",\"url\":\"https:\\\/\\\/fjala.info\\\/2009-2015\\\/leter-per-ndrean\\\/\",\"name\":\"Let\u00ebr p\u00ebr Ndrean! - FjALA e LIR\u00cb - Arkivi\",\"isPartOf\":{\"@id\":\"https:\\\/\\\/fjala.info\\\/2009-2015\\\/#website\"},\"primaryImageOfPage\":{\"@id\":\"https:\\\/\\\/fjala.info\\\/2009-2015\\\/leter-per-ndrean\\\/#primaryimage\"},\"image\":{\"@id\":\"https:\\\/\\\/fjala.info\\\/2009-2015\\\/leter-per-ndrean\\\/#primaryimage\"},\"thumbnailUrl\":\"http:\\\/\\\/www.shkoder.net\\\/2012\\\/fatos_mahmutaj.jpg\",\"datePublished\":\"2012-01-28T09:29:00+00:00\",\"breadcrumb\":{\"@id\":\"https:\\\/\\\/fjala.info\\\/2009-2015\\\/leter-per-ndrean\\\/#breadcrumb\"},\"inLanguage\":\"sq-AL\",\"potentialAction\":[{\"@type\":\"ReadAction\",\"target\":[\"https:\\\/\\\/fjala.info\\\/2009-2015\\\/leter-per-ndrean\\\/\"]}]},{\"@type\":\"ImageObject\",\"inLanguage\":\"sq-AL\",\"@id\":\"https:\\\/\\\/fjala.info\\\/2009-2015\\\/leter-per-ndrean\\\/#primaryimage\",\"url\":\"http:\\\/\\\/www.shkoder.net\\\/2012\\\/fatos_mahmutaj.jpg\",\"contentUrl\":\"http:\\\/\\\/www.shkoder.net\\\/2012\\\/fatos_mahmutaj.jpg\"},{\"@type\":\"BreadcrumbList\",\"@id\":\"https:\\\/\\\/fjala.info\\\/2009-2015\\\/leter-per-ndrean\\\/#breadcrumb\",\"itemListElement\":[{\"@type\":\"ListItem\",\"position\":1,\"name\":\"Home\",\"item\":\"https:\\\/\\\/fjala.info\\\/2009-2015\\\/\"},{\"@type\":\"ListItem\",\"position\":2,\"name\":\"Let\u00ebr p\u00ebr Ndrean!\"}]},{\"@type\":\"WebSite\",\"@id\":\"https:\\\/\\\/fjala.info\\\/2009-2015\\\/#website\",\"url\":\"https:\\\/\\\/fjala.info\\\/2009-2015\\\/\",\"name\":\"FjALA e LIR\u00cb - Arkivi\",\"description\":\"Arkivi 2009-2015\",\"publisher\":{\"@id\":\"https:\\\/\\\/fjala.info\\\/2009-2015\\\/#organization\"},\"potentialAction\":[{\"@type\":\"SearchAction\",\"target\":{\"@type\":\"EntryPoint\",\"urlTemplate\":\"https:\\\/\\\/fjala.info\\\/2009-2015\\\/?s={search_term_string}\"},\"query-input\":{\"@type\":\"PropertyValueSpecification\",\"valueRequired\":true,\"valueName\":\"search_term_string\"}}],\"inLanguage\":\"sq-AL\"},{\"@type\":\"Organization\",\"@id\":\"https:\\\/\\\/fjala.info\\\/2009-2015\\\/#organization\",\"name\":\"FjALA e LIR\u00cb - Arkivi\",\"url\":\"https:\\\/\\\/fjala.info\\\/2009-2015\\\/\",\"logo\":{\"@type\":\"ImageObject\",\"inLanguage\":\"sq-AL\",\"@id\":\"https:\\\/\\\/fjala.info\\\/2009-2015\\\/#\\\/schema\\\/logo\\\/image\\\/\",\"url\":\"\",\"contentUrl\":\"\",\"caption\":\"FjALA e LIR\u00cb - Arkivi\"},\"image\":{\"@id\":\"https:\\\/\\\/fjala.info\\\/2009-2015\\\/#\\\/schema\\\/logo\\\/image\\\/\"}},{\"@type\":\"Person\",\"@id\":\"https:\\\/\\\/fjala.info\\\/2009-2015\\\/#\\\/schema\\\/person\\\/3aa1163ef05469c496fc94e77611ada2\",\"name\":\"admin\",\"image\":{\"@type\":\"ImageObject\",\"inLanguage\":\"sq-AL\",\"@id\":\"https:\\\/\\\/fjala.info\\\/2009-2015\\\/wp-content\\\/uploads\\\/2012\\\/02\\\/arben_cokaj-120x150.jpg\",\"url\":\"https:\\\/\\\/fjala.info\\\/2009-2015\\\/wp-content\\\/uploads\\\/2012\\\/02\\\/arben_cokaj-120x150.jpg\",\"contentUrl\":\"https:\\\/\\\/fjala.info\\\/2009-2015\\\/wp-content\\\/uploads\\\/2012\\\/02\\\/arben_cokaj-120x150.jpg\",\"caption\":\"admin\"},\"description\":\"Admin, Fjala e Lir\u00eb\",\"sameAs\":[\"https:\\\/\\\/fjala.info\\\/\"],\"url\":\"https:\\\/\\\/fjala.info\\\/2009-2015\\\/author\\\/admin\\\/\"}]}<\/script>\n<!-- \/ Yoast SEO plugin. -->","yoast_head_json":{"title":"Let\u00ebr p\u00ebr Ndrean! - FjALA e LIR\u00cb - Arkivi","robots":{"index":"index","follow":"follow","max-snippet":"max-snippet:-1","max-image-preview":"max-image-preview:large","max-video-preview":"max-video-preview:-1"},"canonical":"https:\/\/fjala.info\/2009-2015\/leter-per-ndrean\/","og_locale":"sq_AL","og_type":"article","og_title":"Let\u00ebr p\u00ebr Ndrean! - FjALA e LIR\u00cb - Arkivi","og_description":"Nga Fatos Mahmutaj, 28 Janar 2012 Do doja shum\u00eb ta nisja k\u00ebt\u00eb let\u00ebr me: \u201cI nderuar zoti Ndrea Prendi\u201d, \u201cZoti Prendi\u201d, \u201cI nderuar Zot\u00ebri\u201d, etj, por me th\u00ebn\u00eb t\u00eb drejt\u00ebn nuk po m\u00eb ngjiste asnj\u00eb klishe e till\u00eb. Ndaj po t\u00eb drejtohem thjesht: O Ndrea Prendi! Un\u00eb quhem Fatos Mahmutaj, dhe aktualisht jetoj n\u00eb Bruksel. [&hellip;]","og_url":"https:\/\/fjala.info\/2009-2015\/leter-per-ndrean\/","og_site_name":"FjALA e LIR\u00cb - Arkivi","article_published_time":"2012-01-28T09:29:00+00:00","og_image":[{"url":"http:\/\/www.shkoder.net\/2012\/fatos_mahmutaj.jpg","type":"","width":"","height":""}],"author":"admin","twitter_card":"summary_large_image","twitter_misc":{"Written by":"admin","Est. reading time":"10 minutes"},"schema":{"@context":"https:\/\/schema.org","@graph":[{"@type":"Article","@id":"https:\/\/fjala.info\/2009-2015\/leter-per-ndrean\/#article","isPartOf":{"@id":"https:\/\/fjala.info\/2009-2015\/leter-per-ndrean\/"},"author":{"name":"admin","@id":"https:\/\/fjala.info\/2009-2015\/#\/schema\/person\/3aa1163ef05469c496fc94e77611ada2"},"headline":"Let\u00ebr p\u00ebr Ndrean!","datePublished":"2012-01-28T09:29:00+00:00","mainEntityOfPage":{"@id":"https:\/\/fjala.info\/2009-2015\/leter-per-ndrean\/"},"wordCount":2030,"commentCount":0,"publisher":{"@id":"https:\/\/fjala.info\/2009-2015\/#organization"},"image":{"@id":"https:\/\/fjala.info\/2009-2015\/leter-per-ndrean\/#primaryimage"},"thumbnailUrl":"http:\/\/www.shkoder.net\/2012\/fatos_mahmutaj.jpg","articleSection":["Artikuj"],"inLanguage":"sq-AL","potentialAction":[{"@type":"CommentAction","name":"Comment","target":["https:\/\/fjala.info\/2009-2015\/leter-per-ndrean\/#respond"]}]},{"@type":"WebPage","@id":"https:\/\/fjala.info\/2009-2015\/leter-per-ndrean\/","url":"https:\/\/fjala.info\/2009-2015\/leter-per-ndrean\/","name":"Let\u00ebr p\u00ebr Ndrean! - FjALA e LIR\u00cb - Arkivi","isPartOf":{"@id":"https:\/\/fjala.info\/2009-2015\/#website"},"primaryImageOfPage":{"@id":"https:\/\/fjala.info\/2009-2015\/leter-per-ndrean\/#primaryimage"},"image":{"@id":"https:\/\/fjala.info\/2009-2015\/leter-per-ndrean\/#primaryimage"},"thumbnailUrl":"http:\/\/www.shkoder.net\/2012\/fatos_mahmutaj.jpg","datePublished":"2012-01-28T09:29:00+00:00","breadcrumb":{"@id":"https:\/\/fjala.info\/2009-2015\/leter-per-ndrean\/#breadcrumb"},"inLanguage":"sq-AL","potentialAction":[{"@type":"ReadAction","target":["https:\/\/fjala.info\/2009-2015\/leter-per-ndrean\/"]}]},{"@type":"ImageObject","inLanguage":"sq-AL","@id":"https:\/\/fjala.info\/2009-2015\/leter-per-ndrean\/#primaryimage","url":"http:\/\/www.shkoder.net\/2012\/fatos_mahmutaj.jpg","contentUrl":"http:\/\/www.shkoder.net\/2012\/fatos_mahmutaj.jpg"},{"@type":"BreadcrumbList","@id":"https:\/\/fjala.info\/2009-2015\/leter-per-ndrean\/#breadcrumb","itemListElement":[{"@type":"ListItem","position":1,"name":"Home","item":"https:\/\/fjala.info\/2009-2015\/"},{"@type":"ListItem","position":2,"name":"Let\u00ebr p\u00ebr Ndrean!"}]},{"@type":"WebSite","@id":"https:\/\/fjala.info\/2009-2015\/#website","url":"https:\/\/fjala.info\/2009-2015\/","name":"FjALA e LIR\u00cb - Arkivi","description":"Arkivi 2009-2015","publisher":{"@id":"https:\/\/fjala.info\/2009-2015\/#organization"},"potentialAction":[{"@type":"SearchAction","target":{"@type":"EntryPoint","urlTemplate":"https:\/\/fjala.info\/2009-2015\/?s={search_term_string}"},"query-input":{"@type":"PropertyValueSpecification","valueRequired":true,"valueName":"search_term_string"}}],"inLanguage":"sq-AL"},{"@type":"Organization","@id":"https:\/\/fjala.info\/2009-2015\/#organization","name":"FjALA e LIR\u00cb - Arkivi","url":"https:\/\/fjala.info\/2009-2015\/","logo":{"@type":"ImageObject","inLanguage":"sq-AL","@id":"https:\/\/fjala.info\/2009-2015\/#\/schema\/logo\/image\/","url":"","contentUrl":"","caption":"FjALA e LIR\u00cb - Arkivi"},"image":{"@id":"https:\/\/fjala.info\/2009-2015\/#\/schema\/logo\/image\/"}},{"@type":"Person","@id":"https:\/\/fjala.info\/2009-2015\/#\/schema\/person\/3aa1163ef05469c496fc94e77611ada2","name":"admin","image":{"@type":"ImageObject","inLanguage":"sq-AL","@id":"https:\/\/fjala.info\/2009-2015\/wp-content\/uploads\/2012\/02\/arben_cokaj-120x150.jpg","url":"https:\/\/fjala.info\/2009-2015\/wp-content\/uploads\/2012\/02\/arben_cokaj-120x150.jpg","contentUrl":"https:\/\/fjala.info\/2009-2015\/wp-content\/uploads\/2012\/02\/arben_cokaj-120x150.jpg","caption":"admin"},"description":"Admin, Fjala e Lir\u00eb","sameAs":["https:\/\/fjala.info\/"],"url":"https:\/\/fjala.info\/2009-2015\/author\/admin\/"}]}},"_links":{"self":[{"href":"https:\/\/fjala.info\/2009-2015\/wp-json\/wp\/v2\/posts\/11647","targetHints":{"allow":["GET"]}}],"collection":[{"href":"https:\/\/fjala.info\/2009-2015\/wp-json\/wp\/v2\/posts"}],"about":[{"href":"https:\/\/fjala.info\/2009-2015\/wp-json\/wp\/v2\/types\/post"}],"author":[{"embeddable":true,"href":"https:\/\/fjala.info\/2009-2015\/wp-json\/wp\/v2\/users\/1"}],"replies":[{"embeddable":true,"href":"https:\/\/fjala.info\/2009-2015\/wp-json\/wp\/v2\/comments?post=11647"}],"version-history":[{"count":0,"href":"https:\/\/fjala.info\/2009-2015\/wp-json\/wp\/v2\/posts\/11647\/revisions"}],"wp:attachment":[{"href":"https:\/\/fjala.info\/2009-2015\/wp-json\/wp\/v2\/media?parent=11647"}],"wp:term":[{"taxonomy":"category","embeddable":true,"href":"https:\/\/fjala.info\/2009-2015\/wp-json\/wp\/v2\/categories?post=11647"},{"taxonomy":"post_tag","embeddable":true,"href":"https:\/\/fjala.info\/2009-2015\/wp-json\/wp\/v2\/tags?post=11647"}],"curies":[{"name":"wp","href":"https:\/\/api.w.org\/{rel}","templated":true}]}}