{"id":11644,"date":"2012-01-27T22:24:26","date_gmt":"2012-01-27T21:24:26","guid":{"rendered":"http:\/\/fjala.shkoder.net\/?p=1436"},"modified":"2012-01-27T22:24:26","modified_gmt":"2012-01-27T21:24:26","slug":"bregu-do-sugjerime-per-integrimin-ne-be-ti-dorezohet-drejtesise-urdheruesi-i-vrasjeve-te-21-janarit","status":"publish","type":"post","link":"https:\/\/fjala.info\/2009-2015\/bregu-do-sugjerime-per-integrimin-ne-be-ti-dorezohet-drejtesise-urdheruesi-i-vrasjeve-te-21-janarit\/","title":{"rendered":"Bregu do sugjerime p\u00ebr integrimin n\u00eb BE? T\u2019i dor\u00ebzohet drejt\u00ebsis\u00eb urdh\u00ebruesi i vrasjeve t\u00eb 21 janarit!"},"content":{"rendered":"<p><img decoding=\"async\" class=\"alignright size-thumbnail wp-image-7236\" title=\"Integrimi\" src=\"http:\/\/www.shkoder.net\/2012\/integrimi_mbulim.jpg\" alt=\"\" width=\"300\" \/> <strong>ResPublica.al<\/strong>, <em>27 janar 2012<\/em><\/p>\n<p>Plot\u00ebsimi i prioriteteve t\u00eb vendosura nga Komisioni Europian dhe finalizimi i planit t\u00eb veprimit q\u00eb ka qeveria shqiptare p\u00ebr integrimin ka mbledhur n\u00eb Ministrin\u00eb e Integrimit nj\u00eb grup organizatash jo qeveritare, q\u00eb merren me c\u00ebshtjet e integrimit.<\/p>\n<p>Majlinda Bregu, Ministre e Integrimit, n\u00eb fjal\u00ebn e saj i ka b\u00ebr\u00eb nj\u00eb p\u00ebrmbledhje zhvillimeve t\u00eb deritanishme t\u00eb proceseve integruese. \u201cNe presim q\u00eb t\u00eb mos kemi m\u00eb pengesa [nga opozita]. E r\u00ebnd\u00ebsishme \u00ebsht\u00eb q\u00eb ligje t\u00eb tjera me 3\/5 t\u00eb miratohen, sikurse dhe hapa t\u00eb tjer\u00eb\u201d, ka th\u00ebn\u00eb Bregu gjat\u00eb tryez\u00ebs. Sipas saj v\u00ebrejtjet, sugjerimet dhe propozimet q\u00eb do t\u00eb vijn\u00eb nga shoq\u00ebria civile do t\u00eb sh\u00ebrbejn\u00eb q\u00eb ky proces t\u00eb jet\u00eb sa m\u00eb i plot\u00eb duke u p\u00ebrfshir\u00eb n\u00eb planin e veprimit.<\/p>\n<p>Fatkeq\u00ebsisht, n\u00eb tryez\u00eb nuk merrte pjes\u00eb p\u00ebrfaq\u00ebsuesi i ndonj\u00eb organizate kroate. Ai do t\u00eb kishte b\u00ebr\u00eb nj\u00eb sugjerim t\u00eb thjesht\u00eb: T\u2019i dor\u00ebzohet drejt\u00ebsis\u00eb urdh\u00ebruesi i vrasjeve t\u00eb 21 janarit! Kroacia p\u00ebrparoi ndjesh\u00ebm n\u00eb procesin e integrimit europian pasi Ivo Sanader dha dor\u00ebheqjen nga posti i kryeministrit dhe m\u00eb pas u d\u00ebnua me burg p\u00ebr korrupsion\u2026<\/p>\n<p>E. Zaloshnja<\/p>\n","protected":false},"excerpt":{"rendered":"<p>ResPublica.al, 27 janar 2012 Plot\u00ebsimi i prioriteteve t\u00eb vendosura nga Komisioni Europian dhe finalizimi i planit t\u00eb veprimit q\u00eb ka qeveria shqiptare p\u00ebr integrimin ka mbledhur n\u00eb Ministrin\u00eb e Integrimit nj\u00eb grup organizatash jo qeveritare, q\u00eb merren me c\u00ebshtjet e integrimit. Majlinda Bregu, Ministre e Integrimit, n\u00eb fjal\u00ebn e saj i ka b\u00ebr\u00eb nj\u00eb p\u00ebrmbledhje [&hellip;]<\/p>\n","protected":false},"author":1,"featured_media":0,"comment_status":"open","ping_status":"closed","sticky":false,"template":"","format":"standard","meta":{"footnotes":""},"categories":[5],"tags":[],"class_list":{"0":"post-11644","1":"post","2":"type-post","3":"status-publish","4":"format-standard","6":"category-lajme"},"yoast_head":"<!-- This site is optimized with the Yoast SEO plugin v27.4 - https:\/\/yoast.com\/product\/yoast-seo-wordpress\/ -->\n<title>Bregu do sugjerime p\u00ebr integrimin n\u00eb BE? T\u2019i dor\u00ebzohet drejt\u00ebsis\u00eb urdh\u00ebruesi i vrasjeve t\u00eb 21 janarit! - FjALA e LIR\u00cb - Arkivi<\/title>\n<meta name=\"robots\" content=\"index, follow, max-snippet:-1, max-image-preview:large, max-video-preview:-1\" \/>\n<link rel=\"canonical\" href=\"https:\/\/fjala.info\/2009-2015\/bregu-do-sugjerime-per-integrimin-ne-be-ti-dorezohet-drejtesise-urdheruesi-i-vrasjeve-te-21-janarit\/\" \/>\n<meta property=\"og:locale\" content=\"sq_AL\" \/>\n<meta property=\"og:type\" content=\"article\" \/>\n<meta property=\"og:title\" content=\"Bregu do sugjerime p\u00ebr integrimin n\u00eb BE? T\u2019i dor\u00ebzohet drejt\u00ebsis\u00eb urdh\u00ebruesi i vrasjeve t\u00eb 21 janarit! - FjALA e LIR\u00cb - Arkivi\" \/>\n<meta property=\"og:description\" content=\"ResPublica.al, 27 janar 2012 Plot\u00ebsimi i prioriteteve t\u00eb vendosura nga Komisioni Europian dhe finalizimi i planit t\u00eb veprimit q\u00eb ka qeveria shqiptare p\u00ebr integrimin ka mbledhur n\u00eb Ministrin\u00eb e Integrimit nj\u00eb grup organizatash jo qeveritare, q\u00eb merren me c\u00ebshtjet e integrimit. Majlinda Bregu, Ministre e Integrimit, n\u00eb fjal\u00ebn e saj i ka b\u00ebr\u00eb nj\u00eb p\u00ebrmbledhje [&hellip;]\" \/>\n<meta property=\"og:url\" content=\"https:\/\/fjala.info\/2009-2015\/bregu-do-sugjerime-per-integrimin-ne-be-ti-dorezohet-drejtesise-urdheruesi-i-vrasjeve-te-21-janarit\/\" \/>\n<meta property=\"og:site_name\" content=\"FjALA e LIR\u00cb - Arkivi\" \/>\n<meta property=\"article:published_time\" content=\"2012-01-27T21:24:26+00:00\" \/>\n<meta property=\"og:image\" content=\"http:\/\/www.shkoder.net\/2012\/integrimi_mbulim.jpg\" \/>\n<meta name=\"author\" content=\"admin\" \/>\n<meta name=\"twitter:card\" content=\"summary_large_image\" \/>\n<meta name=\"twitter:label1\" content=\"Written by\" \/>\n\t<meta name=\"twitter:data1\" content=\"admin\" \/>\n\t<meta name=\"twitter:label2\" content=\"Est. reading time\" \/>\n\t<meta name=\"twitter:data2\" content=\"1 minute\" \/>\n<script type=\"application\/ld+json\" class=\"yoast-schema-graph\">{\"@context\":\"https:\\\/\\\/schema.org\",\"@graph\":[{\"@type\":\"Article\",\"@id\":\"https:\\\/\\\/fjala.info\\\/2009-2015\\\/bregu-do-sugjerime-per-integrimin-ne-be-ti-dorezohet-drejtesise-urdheruesi-i-vrasjeve-te-21-janarit\\\/#article\",\"isPartOf\":{\"@id\":\"https:\\\/\\\/fjala.info\\\/2009-2015\\\/bregu-do-sugjerime-per-integrimin-ne-be-ti-dorezohet-drejtesise-urdheruesi-i-vrasjeve-te-21-janarit\\\/\"},\"author\":{\"name\":\"admin\",\"@id\":\"https:\\\/\\\/fjala.info\\\/2009-2015\\\/#\\\/schema\\\/person\\\/3aa1163ef05469c496fc94e77611ada2\"},\"headline\":\"Bregu do sugjerime p\u00ebr integrimin n\u00eb BE? T\u2019i dor\u00ebzohet drejt\u00ebsis\u00eb urdh\u00ebruesi i vrasjeve t\u00eb 21 janarit!\",\"datePublished\":\"2012-01-27T21:24:26+00:00\",\"mainEntityOfPage\":{\"@id\":\"https:\\\/\\\/fjala.info\\\/2009-2015\\\/bregu-do-sugjerime-per-integrimin-ne-be-ti-dorezohet-drejtesise-urdheruesi-i-vrasjeve-te-21-janarit\\\/\"},\"wordCount\":225,\"commentCount\":0,\"publisher\":{\"@id\":\"https:\\\/\\\/fjala.info\\\/2009-2015\\\/#organization\"},\"image\":{\"@id\":\"https:\\\/\\\/fjala.info\\\/2009-2015\\\/bregu-do-sugjerime-per-integrimin-ne-be-ti-dorezohet-drejtesise-urdheruesi-i-vrasjeve-te-21-janarit\\\/#primaryimage\"},\"thumbnailUrl\":\"http:\\\/\\\/www.shkoder.net\\\/2012\\\/integrimi_mbulim.jpg\",\"articleSection\":[\"Lajme\"],\"inLanguage\":\"sq-AL\",\"potentialAction\":[{\"@type\":\"CommentAction\",\"name\":\"Comment\",\"target\":[\"https:\\\/\\\/fjala.info\\\/2009-2015\\\/bregu-do-sugjerime-per-integrimin-ne-be-ti-dorezohet-drejtesise-urdheruesi-i-vrasjeve-te-21-janarit\\\/#respond\"]}]},{\"@type\":\"WebPage\",\"@id\":\"https:\\\/\\\/fjala.info\\\/2009-2015\\\/bregu-do-sugjerime-per-integrimin-ne-be-ti-dorezohet-drejtesise-urdheruesi-i-vrasjeve-te-21-janarit\\\/\",\"url\":\"https:\\\/\\\/fjala.info\\\/2009-2015\\\/bregu-do-sugjerime-per-integrimin-ne-be-ti-dorezohet-drejtesise-urdheruesi-i-vrasjeve-te-21-janarit\\\/\",\"name\":\"Bregu do sugjerime p\u00ebr integrimin n\u00eb BE? T\u2019i dor\u00ebzohet drejt\u00ebsis\u00eb urdh\u00ebruesi i vrasjeve t\u00eb 21 janarit! - FjALA e LIR\u00cb - Arkivi\",\"isPartOf\":{\"@id\":\"https:\\\/\\\/fjala.info\\\/2009-2015\\\/#website\"},\"primaryImageOfPage\":{\"@id\":\"https:\\\/\\\/fjala.info\\\/2009-2015\\\/bregu-do-sugjerime-per-integrimin-ne-be-ti-dorezohet-drejtesise-urdheruesi-i-vrasjeve-te-21-janarit\\\/#primaryimage\"},\"image\":{\"@id\":\"https:\\\/\\\/fjala.info\\\/2009-2015\\\/bregu-do-sugjerime-per-integrimin-ne-be-ti-dorezohet-drejtesise-urdheruesi-i-vrasjeve-te-21-janarit\\\/#primaryimage\"},\"thumbnailUrl\":\"http:\\\/\\\/www.shkoder.net\\\/2012\\\/integrimi_mbulim.jpg\",\"datePublished\":\"2012-01-27T21:24:26+00:00\",\"breadcrumb\":{\"@id\":\"https:\\\/\\\/fjala.info\\\/2009-2015\\\/bregu-do-sugjerime-per-integrimin-ne-be-ti-dorezohet-drejtesise-urdheruesi-i-vrasjeve-te-21-janarit\\\/#breadcrumb\"},\"inLanguage\":\"sq-AL\",\"potentialAction\":[{\"@type\":\"ReadAction\",\"target\":[\"https:\\\/\\\/fjala.info\\\/2009-2015\\\/bregu-do-sugjerime-per-integrimin-ne-be-ti-dorezohet-drejtesise-urdheruesi-i-vrasjeve-te-21-janarit\\\/\"]}]},{\"@type\":\"ImageObject\",\"inLanguage\":\"sq-AL\",\"@id\":\"https:\\\/\\\/fjala.info\\\/2009-2015\\\/bregu-do-sugjerime-per-integrimin-ne-be-ti-dorezohet-drejtesise-urdheruesi-i-vrasjeve-te-21-janarit\\\/#primaryimage\",\"url\":\"http:\\\/\\\/www.shkoder.net\\\/2012\\\/integrimi_mbulim.jpg\",\"contentUrl\":\"http:\\\/\\\/www.shkoder.net\\\/2012\\\/integrimi_mbulim.jpg\"},{\"@type\":\"BreadcrumbList\",\"@id\":\"https:\\\/\\\/fjala.info\\\/2009-2015\\\/bregu-do-sugjerime-per-integrimin-ne-be-ti-dorezohet-drejtesise-urdheruesi-i-vrasjeve-te-21-janarit\\\/#breadcrumb\",\"itemListElement\":[{\"@type\":\"ListItem\",\"position\":1,\"name\":\"Home\",\"item\":\"https:\\\/\\\/fjala.info\\\/2009-2015\\\/\"},{\"@type\":\"ListItem\",\"position\":2,\"name\":\"Bregu do sugjerime p\u00ebr integrimin n\u00eb BE? T\u2019i dor\u00ebzohet drejt\u00ebsis\u00eb urdh\u00ebruesi i vrasjeve t\u00eb 21 janarit!\"}]},{\"@type\":\"WebSite\",\"@id\":\"https:\\\/\\\/fjala.info\\\/2009-2015\\\/#website\",\"url\":\"https:\\\/\\\/fjala.info\\\/2009-2015\\\/\",\"name\":\"FjALA e LIR\u00cb - Arkivi\",\"description\":\"Arkivi 2009-2015\",\"publisher\":{\"@id\":\"https:\\\/\\\/fjala.info\\\/2009-2015\\\/#organization\"},\"potentialAction\":[{\"@type\":\"SearchAction\",\"target\":{\"@type\":\"EntryPoint\",\"urlTemplate\":\"https:\\\/\\\/fjala.info\\\/2009-2015\\\/?s={search_term_string}\"},\"query-input\":{\"@type\":\"PropertyValueSpecification\",\"valueRequired\":true,\"valueName\":\"search_term_string\"}}],\"inLanguage\":\"sq-AL\"},{\"@type\":\"Organization\",\"@id\":\"https:\\\/\\\/fjala.info\\\/2009-2015\\\/#organization\",\"name\":\"FjALA e LIR\u00cb - Arkivi\",\"url\":\"https:\\\/\\\/fjala.info\\\/2009-2015\\\/\",\"logo\":{\"@type\":\"ImageObject\",\"inLanguage\":\"sq-AL\",\"@id\":\"https:\\\/\\\/fjala.info\\\/2009-2015\\\/#\\\/schema\\\/logo\\\/image\\\/\",\"url\":\"\",\"contentUrl\":\"\",\"caption\":\"FjALA e LIR\u00cb - Arkivi\"},\"image\":{\"@id\":\"https:\\\/\\\/fjala.info\\\/2009-2015\\\/#\\\/schema\\\/logo\\\/image\\\/\"}},{\"@type\":\"Person\",\"@id\":\"https:\\\/\\\/fjala.info\\\/2009-2015\\\/#\\\/schema\\\/person\\\/3aa1163ef05469c496fc94e77611ada2\",\"name\":\"admin\",\"image\":{\"@type\":\"ImageObject\",\"inLanguage\":\"sq-AL\",\"@id\":\"https:\\\/\\\/fjala.info\\\/2009-2015\\\/wp-content\\\/uploads\\\/2012\\\/02\\\/arben_cokaj-120x150.jpg\",\"url\":\"https:\\\/\\\/fjala.info\\\/2009-2015\\\/wp-content\\\/uploads\\\/2012\\\/02\\\/arben_cokaj-120x150.jpg\",\"contentUrl\":\"https:\\\/\\\/fjala.info\\\/2009-2015\\\/wp-content\\\/uploads\\\/2012\\\/02\\\/arben_cokaj-120x150.jpg\",\"caption\":\"admin\"},\"description\":\"Admin, Fjala e Lir\u00eb\",\"sameAs\":[\"https:\\\/\\\/fjala.info\\\/\"],\"url\":\"https:\\\/\\\/fjala.info\\\/2009-2015\\\/author\\\/admin\\\/\"}]}<\/script>\n<!-- \/ Yoast SEO plugin. -->","yoast_head_json":{"title":"Bregu do sugjerime p\u00ebr integrimin n\u00eb BE? T\u2019i dor\u00ebzohet drejt\u00ebsis\u00eb urdh\u00ebruesi i vrasjeve t\u00eb 21 janarit! - FjALA e LIR\u00cb - Arkivi","robots":{"index":"index","follow":"follow","max-snippet":"max-snippet:-1","max-image-preview":"max-image-preview:large","max-video-preview":"max-video-preview:-1"},"canonical":"https:\/\/fjala.info\/2009-2015\/bregu-do-sugjerime-per-integrimin-ne-be-ti-dorezohet-drejtesise-urdheruesi-i-vrasjeve-te-21-janarit\/","og_locale":"sq_AL","og_type":"article","og_title":"Bregu do sugjerime p\u00ebr integrimin n\u00eb BE? T\u2019i dor\u00ebzohet drejt\u00ebsis\u00eb urdh\u00ebruesi i vrasjeve t\u00eb 21 janarit! - FjALA e LIR\u00cb - Arkivi","og_description":"ResPublica.al, 27 janar 2012 Plot\u00ebsimi i prioriteteve t\u00eb vendosura nga Komisioni Europian dhe finalizimi i planit t\u00eb veprimit q\u00eb ka qeveria shqiptare p\u00ebr integrimin ka mbledhur n\u00eb Ministrin\u00eb e Integrimit nj\u00eb grup organizatash jo qeveritare, q\u00eb merren me c\u00ebshtjet e integrimit. Majlinda Bregu, Ministre e Integrimit, n\u00eb fjal\u00ebn e saj i ka b\u00ebr\u00eb nj\u00eb p\u00ebrmbledhje [&hellip;]","og_url":"https:\/\/fjala.info\/2009-2015\/bregu-do-sugjerime-per-integrimin-ne-be-ti-dorezohet-drejtesise-urdheruesi-i-vrasjeve-te-21-janarit\/","og_site_name":"FjALA e LIR\u00cb - Arkivi","article_published_time":"2012-01-27T21:24:26+00:00","og_image":[{"url":"http:\/\/www.shkoder.net\/2012\/integrimi_mbulim.jpg","type":"","width":"","height":""}],"author":"admin","twitter_card":"summary_large_image","twitter_misc":{"Written by":"admin","Est. reading time":"1 minute"},"schema":{"@context":"https:\/\/schema.org","@graph":[{"@type":"Article","@id":"https:\/\/fjala.info\/2009-2015\/bregu-do-sugjerime-per-integrimin-ne-be-ti-dorezohet-drejtesise-urdheruesi-i-vrasjeve-te-21-janarit\/#article","isPartOf":{"@id":"https:\/\/fjala.info\/2009-2015\/bregu-do-sugjerime-per-integrimin-ne-be-ti-dorezohet-drejtesise-urdheruesi-i-vrasjeve-te-21-janarit\/"},"author":{"name":"admin","@id":"https:\/\/fjala.info\/2009-2015\/#\/schema\/person\/3aa1163ef05469c496fc94e77611ada2"},"headline":"Bregu do sugjerime p\u00ebr integrimin n\u00eb BE? T\u2019i dor\u00ebzohet drejt\u00ebsis\u00eb urdh\u00ebruesi i vrasjeve t\u00eb 21 janarit!","datePublished":"2012-01-27T21:24:26+00:00","mainEntityOfPage":{"@id":"https:\/\/fjala.info\/2009-2015\/bregu-do-sugjerime-per-integrimin-ne-be-ti-dorezohet-drejtesise-urdheruesi-i-vrasjeve-te-21-janarit\/"},"wordCount":225,"commentCount":0,"publisher":{"@id":"https:\/\/fjala.info\/2009-2015\/#organization"},"image":{"@id":"https:\/\/fjala.info\/2009-2015\/bregu-do-sugjerime-per-integrimin-ne-be-ti-dorezohet-drejtesise-urdheruesi-i-vrasjeve-te-21-janarit\/#primaryimage"},"thumbnailUrl":"http:\/\/www.shkoder.net\/2012\/integrimi_mbulim.jpg","articleSection":["Lajme"],"inLanguage":"sq-AL","potentialAction":[{"@type":"CommentAction","name":"Comment","target":["https:\/\/fjala.info\/2009-2015\/bregu-do-sugjerime-per-integrimin-ne-be-ti-dorezohet-drejtesise-urdheruesi-i-vrasjeve-te-21-janarit\/#respond"]}]},{"@type":"WebPage","@id":"https:\/\/fjala.info\/2009-2015\/bregu-do-sugjerime-per-integrimin-ne-be-ti-dorezohet-drejtesise-urdheruesi-i-vrasjeve-te-21-janarit\/","url":"https:\/\/fjala.info\/2009-2015\/bregu-do-sugjerime-per-integrimin-ne-be-ti-dorezohet-drejtesise-urdheruesi-i-vrasjeve-te-21-janarit\/","name":"Bregu do sugjerime p\u00ebr integrimin n\u00eb BE? T\u2019i dor\u00ebzohet drejt\u00ebsis\u00eb urdh\u00ebruesi i vrasjeve t\u00eb 21 janarit! - FjALA e LIR\u00cb - Arkivi","isPartOf":{"@id":"https:\/\/fjala.info\/2009-2015\/#website"},"primaryImageOfPage":{"@id":"https:\/\/fjala.info\/2009-2015\/bregu-do-sugjerime-per-integrimin-ne-be-ti-dorezohet-drejtesise-urdheruesi-i-vrasjeve-te-21-janarit\/#primaryimage"},"image":{"@id":"https:\/\/fjala.info\/2009-2015\/bregu-do-sugjerime-per-integrimin-ne-be-ti-dorezohet-drejtesise-urdheruesi-i-vrasjeve-te-21-janarit\/#primaryimage"},"thumbnailUrl":"http:\/\/www.shkoder.net\/2012\/integrimi_mbulim.jpg","datePublished":"2012-01-27T21:24:26+00:00","breadcrumb":{"@id":"https:\/\/fjala.info\/2009-2015\/bregu-do-sugjerime-per-integrimin-ne-be-ti-dorezohet-drejtesise-urdheruesi-i-vrasjeve-te-21-janarit\/#breadcrumb"},"inLanguage":"sq-AL","potentialAction":[{"@type":"ReadAction","target":["https:\/\/fjala.info\/2009-2015\/bregu-do-sugjerime-per-integrimin-ne-be-ti-dorezohet-drejtesise-urdheruesi-i-vrasjeve-te-21-janarit\/"]}]},{"@type":"ImageObject","inLanguage":"sq-AL","@id":"https:\/\/fjala.info\/2009-2015\/bregu-do-sugjerime-per-integrimin-ne-be-ti-dorezohet-drejtesise-urdheruesi-i-vrasjeve-te-21-janarit\/#primaryimage","url":"http:\/\/www.shkoder.net\/2012\/integrimi_mbulim.jpg","contentUrl":"http:\/\/www.shkoder.net\/2012\/integrimi_mbulim.jpg"},{"@type":"BreadcrumbList","@id":"https:\/\/fjala.info\/2009-2015\/bregu-do-sugjerime-per-integrimin-ne-be-ti-dorezohet-drejtesise-urdheruesi-i-vrasjeve-te-21-janarit\/#breadcrumb","itemListElement":[{"@type":"ListItem","position":1,"name":"Home","item":"https:\/\/fjala.info\/2009-2015\/"},{"@type":"ListItem","position":2,"name":"Bregu do sugjerime p\u00ebr integrimin n\u00eb BE? T\u2019i dor\u00ebzohet drejt\u00ebsis\u00eb urdh\u00ebruesi i vrasjeve t\u00eb 21 janarit!"}]},{"@type":"WebSite","@id":"https:\/\/fjala.info\/2009-2015\/#website","url":"https:\/\/fjala.info\/2009-2015\/","name":"FjALA e LIR\u00cb - Arkivi","description":"Arkivi 2009-2015","publisher":{"@id":"https:\/\/fjala.info\/2009-2015\/#organization"},"potentialAction":[{"@type":"SearchAction","target":{"@type":"EntryPoint","urlTemplate":"https:\/\/fjala.info\/2009-2015\/?s={search_term_string}"},"query-input":{"@type":"PropertyValueSpecification","valueRequired":true,"valueName":"search_term_string"}}],"inLanguage":"sq-AL"},{"@type":"Organization","@id":"https:\/\/fjala.info\/2009-2015\/#organization","name":"FjALA e LIR\u00cb - Arkivi","url":"https:\/\/fjala.info\/2009-2015\/","logo":{"@type":"ImageObject","inLanguage":"sq-AL","@id":"https:\/\/fjala.info\/2009-2015\/#\/schema\/logo\/image\/","url":"","contentUrl":"","caption":"FjALA e LIR\u00cb - Arkivi"},"image":{"@id":"https:\/\/fjala.info\/2009-2015\/#\/schema\/logo\/image\/"}},{"@type":"Person","@id":"https:\/\/fjala.info\/2009-2015\/#\/schema\/person\/3aa1163ef05469c496fc94e77611ada2","name":"admin","image":{"@type":"ImageObject","inLanguage":"sq-AL","@id":"https:\/\/fjala.info\/2009-2015\/wp-content\/uploads\/2012\/02\/arben_cokaj-120x150.jpg","url":"https:\/\/fjala.info\/2009-2015\/wp-content\/uploads\/2012\/02\/arben_cokaj-120x150.jpg","contentUrl":"https:\/\/fjala.info\/2009-2015\/wp-content\/uploads\/2012\/02\/arben_cokaj-120x150.jpg","caption":"admin"},"description":"Admin, Fjala e Lir\u00eb","sameAs":["https:\/\/fjala.info\/"],"url":"https:\/\/fjala.info\/2009-2015\/author\/admin\/"}]}},"_links":{"self":[{"href":"https:\/\/fjala.info\/2009-2015\/wp-json\/wp\/v2\/posts\/11644","targetHints":{"allow":["GET"]}}],"collection":[{"href":"https:\/\/fjala.info\/2009-2015\/wp-json\/wp\/v2\/posts"}],"about":[{"href":"https:\/\/fjala.info\/2009-2015\/wp-json\/wp\/v2\/types\/post"}],"author":[{"embeddable":true,"href":"https:\/\/fjala.info\/2009-2015\/wp-json\/wp\/v2\/users\/1"}],"replies":[{"embeddable":true,"href":"https:\/\/fjala.info\/2009-2015\/wp-json\/wp\/v2\/comments?post=11644"}],"version-history":[{"count":0,"href":"https:\/\/fjala.info\/2009-2015\/wp-json\/wp\/v2\/posts\/11644\/revisions"}],"wp:attachment":[{"href":"https:\/\/fjala.info\/2009-2015\/wp-json\/wp\/v2\/media?parent=11644"}],"wp:term":[{"taxonomy":"category","embeddable":true,"href":"https:\/\/fjala.info\/2009-2015\/wp-json\/wp\/v2\/categories?post=11644"},{"taxonomy":"post_tag","embeddable":true,"href":"https:\/\/fjala.info\/2009-2015\/wp-json\/wp\/v2\/tags?post=11644"}],"curies":[{"name":"wp","href":"https:\/\/api.w.org\/{rel}","templated":true}]}}