{"id":11643,"date":"2012-01-27T22:18:51","date_gmt":"2012-01-27T21:18:51","guid":{"rendered":"http:\/\/fjala.shkoder.net\/?p=1430"},"modified":"2012-01-27T22:18:51","modified_gmt":"2012-01-27T21:18:51","slug":"fotografia-e-faik-konices","status":"publish","type":"post","link":"https:\/\/fjala.info\/2009-2015\/fotografia-e-faik-konices\/","title":{"rendered":"FOTOGRAFIA E FAIK KONIC\u00cbS"},"content":{"rendered":"<p><img decoding=\"async\" class=\"alignright size-thumbnail wp-image-7236\" title=\"Kolec Traboini\" src=\"http:\/\/www.shkoder.net\/images\/fjala\/kolec_traboini.jpg\" alt=\"\" width=\"150\" \/> <strong><em>Kalon tre her\u00eb oqeanin<br \/>\nGjys\u00ebm shekulli fshehur n\u00eb s\u00ebnduk\u00ebt e familjes Pani<\/em><\/strong><\/p>\n<p>Nga <strong>KOLEC TRABOINI<\/strong><\/p>\n<p>Miku im Sotir Pani nga Dardha q\u00eb tash jeton n\u00eb Boston, bir e nip i patriot\u00ebve t\u00eb m\u00ebdhenj Vasil e Josif Pani, m\u00eb tregoi disa gazeta t\u00eb vjetra \u201eDielli\u201c si dhe disa botime doracake t\u00eb gjyshit t\u00eb tij. N\u00eb mes tyre ai ruante si relike tep\u00ebr t\u00eb \u00e7muara dy fotografi t\u00eb Faik Konic\u00ebs. N\u00eb nj\u00ebr\u00ebn nga ato ishte gjyshi i tij Josif Pani me shqiptarin e madh Konica dal\u00eb n\u00eb Boston. Nd\u00ebrsa fotografia tjet\u00ebr ishe nj\u00eb befasi p\u00ebr mua. Kisha par\u00eb foto t\u00eb Konic\u00ebs, nd\u00ebr t\u00eb cilat edhe nj\u00eb me veshje komb\u00ebtare, por kjo ishte ndryshe. B\u00ebr\u00eb n\u00eb nj\u00eb studio t\u00eb Vashingtonit ajo kishte posht\u00eb saj edhe sh\u00ebnimin origjinal t\u00eb Faik Konic\u00ebs.<br \/>\nPor edhe historia e k\u00ebtyre fotografive \u00ebsht\u00eb tep\u00ebr impresionante.<\/p>\n<p style=\"text-align: center;\"><img decoding=\"async\" class=\"aligncenter size-thumbnail wp-image-7236\" title=\"Faik Konica\" src=\"http:\/\/www.shkoder.net\/2012\/faik_konica.jpg\" alt=\"\" width=\"450\" \/><em>Fotografia e rrall\u00eb e Faik Konic\u00ebs me autograf nga ai p\u00ebr Vasil Panin.<\/em><\/p>\n<p>Ishin t\u00eb ruajtura me kujdes n\u00ebp\u00ebr vite prej hall\u00ebs s\u00eb Sotirit, Fana Raci. N\u00eb nj\u00ebr\u00ebn prej fotove t\u00eb shumta ishte gjyshi i tij Josif Pani me Faik Konic\u00ebn n\u00eb vitin 1910, i pari ishte kryetar i shoq\u00ebris\u00eb \u201cBesa-Bes\u00eb\u201d nd\u00ebrsa i dyti editor i gazet\u00ebs \u201cDielli\u201d.<\/p>\n<p>N\u00eb fotografin\u00eb tjet\u00ebr t\u00eb vitit 1920 kishin dal\u00eb pran\u00eb e pran\u00eb baba e bir, Josif e Vasil Pani n\u00eb Boston. Por kishte edhe materiale t\u00eb tjera t\u00eb ruajtura n\u00eb s\u00ebndukun e vjet\u00ebr t\u00eb familjes. Ve\u00e7 gazet\u00ebs \u201cDielli\u201d ishin ruajtur dhe revistat e gjyshit Josif, i cili t\u00ebr\u00eb jet\u00ebn e kaloi me letra dhe e vetmja pasuri q\u00eb u la trash\u00ebgimtar\u00ebve qen\u00eb shkrimet dhe emri i tij si atdhetar i kulluar. P\u00ebr k\u00ebt\u00eb, kur Hil\u00eb Mosi, asokohe prefekt i Kor\u00e7\u00ebs, vinte n\u00eb Dardh\u00eb, t\u00eb parin njeri q\u00eb takonte ishte Josif Pani, kthyer nga m\u00ebrgimi n\u00eb vitin 1922.<\/p>\n<p>Madje pushimet verore Hil\u00eb Mosi i b\u00ebnte familjarisht n\u00eb sht\u00ebpin\u00eb e Josifit n\u00eb Dardh\u00eb. Hil\u00eb Mosi i pati ndihmuar t\u00eb b\u00ebhej rruga automobilistike Kor\u00e7\u00eb \u2013 Dardh\u00eb.<\/p>\n<p>Sotir Pani ruan dy fotografi t\u00eb asaj kohe; nj\u00ebra tregon drek\u00ebn e fest\u00ebs, ku Hil\u00eb Mosi ndodhej pran\u00eb Josif Panit, e nj\u00eb fotografi tjet\u00ebr e Hil\u00eb Mosit n\u00eb zyr\u00eb, kur ishte em\u00ebruar minist\u00ebr i arsimit, me sh\u00ebnimin \u201cMikut tim z. Josif Pani, p\u00ebr kujtim. Hil\u00eb Mosi, Tiran\u00eb 9 qershor 1931\u201d.<\/p>\n<p>N\u00eb vitin 1925 babai i mikut tim Sotir, Vasil Pani ishte zgjedhur sekretar i Federat\u00ebs Panshqiptare \u201cVatra\u201d, nd\u00ebrsa nga viti 1929 n\u00eb kuvendin e 18-t\u00eb u zgjodh kryetar i Federat\u00ebs, detyr\u00eb q\u00eb e kreu p\u00ebr 12 vjet.<\/p>\n<p>N\u00eb ato vite restoranti i tij ishte kthyer n\u00eb nj\u00eb qend\u00ebr ku mblidheshin shqiptar\u00ebt.<br \/>\nAi ishte mik me Faik Konic\u00ebn e Fan Nolin. N\u00eb fotografit\u00eb e koh\u00ebs Vasil Pani ndodhet n\u00eb krah t\u00eb Faik Konic\u00ebs, nd\u00ebrsa n\u00eb fundin e nj\u00eb fotografie t\u00eb Faikut, shkruhet ky autograf: \u201cMikut t\u00eb dashur z.Vasil Pani. P\u00ebr kujtim Faik Konitza. N\u00eb Vashington m\u00eb 16 Maj 1937\u201d.<\/p>\n<p>Kjo fotografi q\u00ebndron pran\u00eb nj\u00eb telegrami ngush\u00ebllimi q\u00eb Vasil Pani kish marr\u00eb me 22 maj 1934 nga Faik Konica, kur u hap lajmi i hidhur i vdekjes s\u00eb Josif Panit n\u00eb Dardh\u00eb t\u00eb Kor\u00e7\u00ebs. \u201cM\u00ebsova me hidh\u00ebrim t\u00eb madh vdekjen e atit tuaj t\u00eb dashur Josif Pani. \u201cIsh nj\u00eb shqiptar me karakter t\u00eb sh\u00ebndosh\u00eb, nj\u00eb nacionalist me ndjenja t\u00eb kthjellta, nj\u00eb bashk\u00ebpun\u00ebtor i imi i vjet\u00ebr dhe nj\u00eb mik i patundur\u201d.<br \/>\nVler\u00ebsimi i lart\u00eb i atdhetarit t\u00eb madh Faik Konica ishte v\u00ebrtet i merituesh\u00ebm.<\/p>\n<p>Josif Pani, gjyshi i Sotirit, ka qen\u00eb nd\u00ebr m\u00ebrgimtar\u00ebt e par\u00eb dhe nd\u00ebr t\u00eb par\u00ebt veprimtar\u00eb e themelues t\u00eb shoq\u00ebrive shqiptare n\u00eb m\u00ebrgim. Kryetar i shoqat\u00ebs \u201cBesa-Bes\u00eb\u201d q\u00eb n\u00eb vitin 1906. Bashk\u00eb me Sotir Pecin kan\u00eb qen\u00eb krijuesit e par\u00eb t\u00eb shtypit shqiptar n\u00eb Amerik\u00eb. Ka shkruar n\u00eb gazet\u00ebn \u201cKombi\u201d e m\u00eb pas ka krijuar gazetat e veta si botues e editor; \u201cSazani\u201d e \u201cDrejt\u00ebsia\u201d, si dhe revist\u00ebn \u201cAdriatiku dhe lufta europiane\u201d. Si gazetar e politikan Josif Pani, njihet si propoganduesi i par\u00eb i ideve t\u00eb social-demokracis\u00eb nd\u00ebr shqiptar\u00eb dhe p\u00ebrhap\u00ebs i zjarrt\u00eb i mendimit se p\u00ebrparimi i kombit vjen nga arsimimi i popullit.<\/p>\n<p>At Fan Noli n\u00eb vitin 1948 do t\u00eb shprehej: \u201c Vasil Pani ka qen\u00eb t\u00ebr\u00eb jet\u00ebn nga t\u00eb par\u00ebt n\u00eb fush\u00ebn patriotike. Patriotizmin, Vasili e trash\u00ebgoj nga i ati, i ndjeri Josif Pani. K\u00ebt\u00eb trash\u00ebgim Vasili e vazhdoi deri sa dha shpirt.\u201d.<\/p>\n<p>Familja e Vasil Panit ndodhej n\u00eb Dardhe. Kishte l\u00ebn\u00eb dy f\u00ebmij\u00eb t\u00eb vegj\u00ebl, Sotirin e Dhoksin\u00eb. Dikush u kujdes q\u00eb gj\u00ebrat vetjake t\u00eb t\u00eb ndjerit Vasil Pani t`i sillte n\u00eb Shqip\u00ebri.<br \/>\nU ruajt\u00ebn n\u00eb vite n\u00eb nj\u00eb s\u00ebnduk t\u00eb vjet\u00ebr t\u00eb motr\u00ebs s\u00eb Vasil Panit, Fana Raci.<\/p>\n<p style=\"text-align: center;\">* * *<\/p>\n<p>Vite t\u00eb shkuara, kur hall\u00eb Fana nuk jetonte m\u00eb e Sotir Pani po gatitej t\u00eb merrte udh\u00ebn matan\u00eb oqeanit, ashtu si\u00e7 e kishim marr\u00eb nj\u00eb shekull m\u00eb par\u00eb gjyshi Josif e m\u00eb pas babai i Sotirit, Vasil Josif Pani, bashkfshatar\u00ebt e tij nga Dardha, shok\u00ebt e miqt\u00eb u mblodh\u00ebn ta p\u00ebrcillnin dhe dikush i l\u00ebshoi nj\u00eb z\u00eb: \u201cPse po na l\u00eb e po ik\u00ebn, o Sotir Pani\u201d. E Sotiri me t\u00eb qeshur por edhe i menduar u tha: \u201cPo iki se kam mall, dua t\u00eb shoh varrin e babait q\u00eb p\u00ebr her\u00eb t\u00eb fundit e kam par\u00eb kur isha 4 vje\u00e7.\u201d<\/p>\n<p>E shok\u00ebt e miqt\u00eb e kuptuan se \u00e7far\u00eb ziente n\u00eb shpirtin e dardharit t\u00eb tyre Sotir Pani. Nuk ishte nj\u00eb ikje si t\u00eb gjitha ikjet e tjera pas t\u00eb cilave marrosej njer\u00ebzia e p\u00ebrv\u00ebluar nga skamja. Ishte tjet\u00ebr, shum\u00eb m\u00eb e fuqishme se sa d\u00ebshira p\u00ebr nj\u00eb jet\u00eb m\u00eb t\u00eb mir\u00eb. Ishte pjesa e jet\u00ebs s\u00eb tij e munguar q\u00eb prej viteve t\u00eb hershme t\u00eb f\u00ebmij\u00ebris\u00eb.<\/p>\n<p>E k\u00ebshtu, kur Sotir Pani mori udh\u00ebn e p\u00ebrtej oqeanit, fotografit\u00eb e Faik Konic\u00ebs, si relike t\u00eb \u00e7muara familiare, u gjend\u00ebn s\u00ebrish n\u00eb Boston.<\/p>\n<p>Kur p\u00ebrgatita librin tim me es\u00e8 \u201cBukuri shkodrane\u201d ku ndodhej dhe shkrimi \u201cNj\u00eb muze atje n\u00eb Dardh\u00eb\u201d, miku im n\u00eb Boston Sotir Pani m\u00eb dha t\u00eb drejt\u00ebn t\u00eb botoj n\u00eb at\u00eb lib\u00ebr dy fotot e rralla e t\u00eb panjohura m\u00eb par\u00eb t\u00eb Faik Konic\u00ebs.<\/p>\n<p>Pas gjys\u00ebm shekulli ndalimi dhe si e kaluan oqeanin tre her\u00eb, fotografit\u00eb e Konic\u00ebs m\u00eb s\u00eb fundi botoheshin p\u00ebr her\u00eb t\u00eb par\u00eb p\u00ebr publikun shqiptar.<\/p>\n<p style=\"text-align: center;\"><img decoding=\"async\" class=\"aligncenter size-thumbnail wp-image-7236\" title=\"Faik Konica e Josif Pani\" src=\"http:\/\/www.shkoder.net\/2012\/faik_konica_josif_pani_1910.jpg\" alt=\"\" width=\"450\" \/><strong>Faik Konica<\/strong> dhe <strong>Josif Pani<\/strong> m\u00eb 1910<\/p>\n<p><a href=\"http:\/\/traboini-ese.blogspot.com\/\">http:\/\/traboini-ese.blogspot.com\/<\/a><\/p>\n","protected":false},"excerpt":{"rendered":"<p>Kalon tre her\u00eb oqeanin Gjys\u00ebm shekulli fshehur n\u00eb s\u00ebnduk\u00ebt e familjes Pani Nga KOLEC TRABOINI Miku im Sotir Pani nga Dardha q\u00eb tash jeton n\u00eb Boston, bir e nip i patriot\u00ebve t\u00eb m\u00ebdhenj Vasil e Josif Pani, m\u00eb tregoi disa gazeta t\u00eb vjetra \u201eDielli\u201c si dhe disa botime doracake t\u00eb gjyshit t\u00eb tij. N\u00eb mes [&hellip;]<\/p>\n","protected":false},"author":1,"featured_media":0,"comment_status":"open","ping_status":"closed","sticky":false,"template":"","format":"standard","meta":{"footnotes":""},"categories":[2],"tags":[],"class_list":{"0":"post-11643","1":"post","2":"type-post","3":"status-publish","4":"format-standard","6":"category-artikuj"},"yoast_head":"<!-- This site is optimized with the Yoast SEO plugin v27.4 - https:\/\/yoast.com\/product\/yoast-seo-wordpress\/ -->\n<title>FOTOGRAFIA E FAIK KONIC\u00cbS - FjALA e LIR\u00cb - Arkivi<\/title>\n<meta name=\"robots\" content=\"index, follow, max-snippet:-1, max-image-preview:large, max-video-preview:-1\" \/>\n<link rel=\"canonical\" href=\"https:\/\/fjala.info\/2009-2015\/fotografia-e-faik-konices\/\" \/>\n<meta property=\"og:locale\" content=\"sq_AL\" \/>\n<meta property=\"og:type\" content=\"article\" \/>\n<meta property=\"og:title\" content=\"FOTOGRAFIA E FAIK KONIC\u00cbS - FjALA e LIR\u00cb - Arkivi\" \/>\n<meta property=\"og:description\" content=\"Kalon tre her\u00eb oqeanin Gjys\u00ebm shekulli fshehur n\u00eb s\u00ebnduk\u00ebt e familjes Pani Nga KOLEC TRABOINI Miku im Sotir Pani nga Dardha q\u00eb tash jeton n\u00eb Boston, bir e nip i patriot\u00ebve t\u00eb m\u00ebdhenj Vasil e Josif Pani, m\u00eb tregoi disa gazeta t\u00eb vjetra \u201eDielli\u201c si dhe disa botime doracake t\u00eb gjyshit t\u00eb tij. N\u00eb mes [&hellip;]\" \/>\n<meta property=\"og:url\" content=\"https:\/\/fjala.info\/2009-2015\/fotografia-e-faik-konices\/\" \/>\n<meta property=\"og:site_name\" content=\"FjALA e LIR\u00cb - Arkivi\" \/>\n<meta property=\"article:published_time\" content=\"2012-01-27T21:18:51+00:00\" \/>\n<meta property=\"og:image\" content=\"http:\/\/www.shkoder.net\/images\/fjala\/kolec_traboini.jpg\" \/>\n<meta name=\"author\" content=\"admin\" \/>\n<meta name=\"twitter:card\" content=\"summary_large_image\" \/>\n<meta name=\"twitter:label1\" content=\"Written by\" \/>\n\t<meta name=\"twitter:data1\" content=\"admin\" \/>\n\t<meta name=\"twitter:label2\" content=\"Est. reading time\" \/>\n\t<meta name=\"twitter:data2\" content=\"6 minutes\" \/>\n<script type=\"application\/ld+json\" class=\"yoast-schema-graph\">{\"@context\":\"https:\\\/\\\/schema.org\",\"@graph\":[{\"@type\":\"Article\",\"@id\":\"https:\\\/\\\/fjala.info\\\/2009-2015\\\/fotografia-e-faik-konices\\\/#article\",\"isPartOf\":{\"@id\":\"https:\\\/\\\/fjala.info\\\/2009-2015\\\/fotografia-e-faik-konices\\\/\"},\"author\":{\"name\":\"admin\",\"@id\":\"https:\\\/\\\/fjala.info\\\/2009-2015\\\/#\\\/schema\\\/person\\\/3aa1163ef05469c496fc94e77611ada2\"},\"headline\":\"FOTOGRAFIA E FAIK KONIC\u00cbS\",\"datePublished\":\"2012-01-27T21:18:51+00:00\",\"mainEntityOfPage\":{\"@id\":\"https:\\\/\\\/fjala.info\\\/2009-2015\\\/fotografia-e-faik-konices\\\/\"},\"wordCount\":1141,\"commentCount\":0,\"publisher\":{\"@id\":\"https:\\\/\\\/fjala.info\\\/2009-2015\\\/#organization\"},\"image\":{\"@id\":\"https:\\\/\\\/fjala.info\\\/2009-2015\\\/fotografia-e-faik-konices\\\/#primaryimage\"},\"thumbnailUrl\":\"http:\\\/\\\/www.shkoder.net\\\/images\\\/fjala\\\/kolec_traboini.jpg\",\"articleSection\":[\"Artikuj\"],\"inLanguage\":\"sq-AL\",\"potentialAction\":[{\"@type\":\"CommentAction\",\"name\":\"Comment\",\"target\":[\"https:\\\/\\\/fjala.info\\\/2009-2015\\\/fotografia-e-faik-konices\\\/#respond\"]}]},{\"@type\":\"WebPage\",\"@id\":\"https:\\\/\\\/fjala.info\\\/2009-2015\\\/fotografia-e-faik-konices\\\/\",\"url\":\"https:\\\/\\\/fjala.info\\\/2009-2015\\\/fotografia-e-faik-konices\\\/\",\"name\":\"FOTOGRAFIA E FAIK KONIC\u00cbS - FjALA e LIR\u00cb - Arkivi\",\"isPartOf\":{\"@id\":\"https:\\\/\\\/fjala.info\\\/2009-2015\\\/#website\"},\"primaryImageOfPage\":{\"@id\":\"https:\\\/\\\/fjala.info\\\/2009-2015\\\/fotografia-e-faik-konices\\\/#primaryimage\"},\"image\":{\"@id\":\"https:\\\/\\\/fjala.info\\\/2009-2015\\\/fotografia-e-faik-konices\\\/#primaryimage\"},\"thumbnailUrl\":\"http:\\\/\\\/www.shkoder.net\\\/images\\\/fjala\\\/kolec_traboini.jpg\",\"datePublished\":\"2012-01-27T21:18:51+00:00\",\"breadcrumb\":{\"@id\":\"https:\\\/\\\/fjala.info\\\/2009-2015\\\/fotografia-e-faik-konices\\\/#breadcrumb\"},\"inLanguage\":\"sq-AL\",\"potentialAction\":[{\"@type\":\"ReadAction\",\"target\":[\"https:\\\/\\\/fjala.info\\\/2009-2015\\\/fotografia-e-faik-konices\\\/\"]}]},{\"@type\":\"ImageObject\",\"inLanguage\":\"sq-AL\",\"@id\":\"https:\\\/\\\/fjala.info\\\/2009-2015\\\/fotografia-e-faik-konices\\\/#primaryimage\",\"url\":\"http:\\\/\\\/www.shkoder.net\\\/images\\\/fjala\\\/kolec_traboini.jpg\",\"contentUrl\":\"http:\\\/\\\/www.shkoder.net\\\/images\\\/fjala\\\/kolec_traboini.jpg\"},{\"@type\":\"BreadcrumbList\",\"@id\":\"https:\\\/\\\/fjala.info\\\/2009-2015\\\/fotografia-e-faik-konices\\\/#breadcrumb\",\"itemListElement\":[{\"@type\":\"ListItem\",\"position\":1,\"name\":\"Home\",\"item\":\"https:\\\/\\\/fjala.info\\\/2009-2015\\\/\"},{\"@type\":\"ListItem\",\"position\":2,\"name\":\"FOTOGRAFIA E FAIK KONIC\u00cbS\"}]},{\"@type\":\"WebSite\",\"@id\":\"https:\\\/\\\/fjala.info\\\/2009-2015\\\/#website\",\"url\":\"https:\\\/\\\/fjala.info\\\/2009-2015\\\/\",\"name\":\"FjALA e LIR\u00cb - Arkivi\",\"description\":\"Arkivi 2009-2015\",\"publisher\":{\"@id\":\"https:\\\/\\\/fjala.info\\\/2009-2015\\\/#organization\"},\"potentialAction\":[{\"@type\":\"SearchAction\",\"target\":{\"@type\":\"EntryPoint\",\"urlTemplate\":\"https:\\\/\\\/fjala.info\\\/2009-2015\\\/?s={search_term_string}\"},\"query-input\":{\"@type\":\"PropertyValueSpecification\",\"valueRequired\":true,\"valueName\":\"search_term_string\"}}],\"inLanguage\":\"sq-AL\"},{\"@type\":\"Organization\",\"@id\":\"https:\\\/\\\/fjala.info\\\/2009-2015\\\/#organization\",\"name\":\"FjALA e LIR\u00cb - Arkivi\",\"url\":\"https:\\\/\\\/fjala.info\\\/2009-2015\\\/\",\"logo\":{\"@type\":\"ImageObject\",\"inLanguage\":\"sq-AL\",\"@id\":\"https:\\\/\\\/fjala.info\\\/2009-2015\\\/#\\\/schema\\\/logo\\\/image\\\/\",\"url\":\"\",\"contentUrl\":\"\",\"caption\":\"FjALA e LIR\u00cb - Arkivi\"},\"image\":{\"@id\":\"https:\\\/\\\/fjala.info\\\/2009-2015\\\/#\\\/schema\\\/logo\\\/image\\\/\"}},{\"@type\":\"Person\",\"@id\":\"https:\\\/\\\/fjala.info\\\/2009-2015\\\/#\\\/schema\\\/person\\\/3aa1163ef05469c496fc94e77611ada2\",\"name\":\"admin\",\"image\":{\"@type\":\"ImageObject\",\"inLanguage\":\"sq-AL\",\"@id\":\"https:\\\/\\\/fjala.info\\\/2009-2015\\\/wp-content\\\/uploads\\\/2012\\\/02\\\/arben_cokaj-120x150.jpg\",\"url\":\"https:\\\/\\\/fjala.info\\\/2009-2015\\\/wp-content\\\/uploads\\\/2012\\\/02\\\/arben_cokaj-120x150.jpg\",\"contentUrl\":\"https:\\\/\\\/fjala.info\\\/2009-2015\\\/wp-content\\\/uploads\\\/2012\\\/02\\\/arben_cokaj-120x150.jpg\",\"caption\":\"admin\"},\"description\":\"Admin, Fjala e Lir\u00eb\",\"sameAs\":[\"https:\\\/\\\/fjala.info\\\/\"],\"url\":\"https:\\\/\\\/fjala.info\\\/2009-2015\\\/author\\\/admin\\\/\"}]}<\/script>\n<!-- \/ Yoast SEO plugin. -->","yoast_head_json":{"title":"FOTOGRAFIA E FAIK KONIC\u00cbS - FjALA e LIR\u00cb - Arkivi","robots":{"index":"index","follow":"follow","max-snippet":"max-snippet:-1","max-image-preview":"max-image-preview:large","max-video-preview":"max-video-preview:-1"},"canonical":"https:\/\/fjala.info\/2009-2015\/fotografia-e-faik-konices\/","og_locale":"sq_AL","og_type":"article","og_title":"FOTOGRAFIA E FAIK KONIC\u00cbS - FjALA e LIR\u00cb - Arkivi","og_description":"Kalon tre her\u00eb oqeanin Gjys\u00ebm shekulli fshehur n\u00eb s\u00ebnduk\u00ebt e familjes Pani Nga KOLEC TRABOINI Miku im Sotir Pani nga Dardha q\u00eb tash jeton n\u00eb Boston, bir e nip i patriot\u00ebve t\u00eb m\u00ebdhenj Vasil e Josif Pani, m\u00eb tregoi disa gazeta t\u00eb vjetra \u201eDielli\u201c si dhe disa botime doracake t\u00eb gjyshit t\u00eb tij. N\u00eb mes [&hellip;]","og_url":"https:\/\/fjala.info\/2009-2015\/fotografia-e-faik-konices\/","og_site_name":"FjALA e LIR\u00cb - Arkivi","article_published_time":"2012-01-27T21:18:51+00:00","og_image":[{"url":"http:\/\/www.shkoder.net\/images\/fjala\/kolec_traboini.jpg","type":"","width":"","height":""}],"author":"admin","twitter_card":"summary_large_image","twitter_misc":{"Written by":"admin","Est. reading time":"6 minutes"},"schema":{"@context":"https:\/\/schema.org","@graph":[{"@type":"Article","@id":"https:\/\/fjala.info\/2009-2015\/fotografia-e-faik-konices\/#article","isPartOf":{"@id":"https:\/\/fjala.info\/2009-2015\/fotografia-e-faik-konices\/"},"author":{"name":"admin","@id":"https:\/\/fjala.info\/2009-2015\/#\/schema\/person\/3aa1163ef05469c496fc94e77611ada2"},"headline":"FOTOGRAFIA E FAIK KONIC\u00cbS","datePublished":"2012-01-27T21:18:51+00:00","mainEntityOfPage":{"@id":"https:\/\/fjala.info\/2009-2015\/fotografia-e-faik-konices\/"},"wordCount":1141,"commentCount":0,"publisher":{"@id":"https:\/\/fjala.info\/2009-2015\/#organization"},"image":{"@id":"https:\/\/fjala.info\/2009-2015\/fotografia-e-faik-konices\/#primaryimage"},"thumbnailUrl":"http:\/\/www.shkoder.net\/images\/fjala\/kolec_traboini.jpg","articleSection":["Artikuj"],"inLanguage":"sq-AL","potentialAction":[{"@type":"CommentAction","name":"Comment","target":["https:\/\/fjala.info\/2009-2015\/fotografia-e-faik-konices\/#respond"]}]},{"@type":"WebPage","@id":"https:\/\/fjala.info\/2009-2015\/fotografia-e-faik-konices\/","url":"https:\/\/fjala.info\/2009-2015\/fotografia-e-faik-konices\/","name":"FOTOGRAFIA E FAIK KONIC\u00cbS - FjALA e LIR\u00cb - Arkivi","isPartOf":{"@id":"https:\/\/fjala.info\/2009-2015\/#website"},"primaryImageOfPage":{"@id":"https:\/\/fjala.info\/2009-2015\/fotografia-e-faik-konices\/#primaryimage"},"image":{"@id":"https:\/\/fjala.info\/2009-2015\/fotografia-e-faik-konices\/#primaryimage"},"thumbnailUrl":"http:\/\/www.shkoder.net\/images\/fjala\/kolec_traboini.jpg","datePublished":"2012-01-27T21:18:51+00:00","breadcrumb":{"@id":"https:\/\/fjala.info\/2009-2015\/fotografia-e-faik-konices\/#breadcrumb"},"inLanguage":"sq-AL","potentialAction":[{"@type":"ReadAction","target":["https:\/\/fjala.info\/2009-2015\/fotografia-e-faik-konices\/"]}]},{"@type":"ImageObject","inLanguage":"sq-AL","@id":"https:\/\/fjala.info\/2009-2015\/fotografia-e-faik-konices\/#primaryimage","url":"http:\/\/www.shkoder.net\/images\/fjala\/kolec_traboini.jpg","contentUrl":"http:\/\/www.shkoder.net\/images\/fjala\/kolec_traboini.jpg"},{"@type":"BreadcrumbList","@id":"https:\/\/fjala.info\/2009-2015\/fotografia-e-faik-konices\/#breadcrumb","itemListElement":[{"@type":"ListItem","position":1,"name":"Home","item":"https:\/\/fjala.info\/2009-2015\/"},{"@type":"ListItem","position":2,"name":"FOTOGRAFIA E FAIK KONIC\u00cbS"}]},{"@type":"WebSite","@id":"https:\/\/fjala.info\/2009-2015\/#website","url":"https:\/\/fjala.info\/2009-2015\/","name":"FjALA e LIR\u00cb - Arkivi","description":"Arkivi 2009-2015","publisher":{"@id":"https:\/\/fjala.info\/2009-2015\/#organization"},"potentialAction":[{"@type":"SearchAction","target":{"@type":"EntryPoint","urlTemplate":"https:\/\/fjala.info\/2009-2015\/?s={search_term_string}"},"query-input":{"@type":"PropertyValueSpecification","valueRequired":true,"valueName":"search_term_string"}}],"inLanguage":"sq-AL"},{"@type":"Organization","@id":"https:\/\/fjala.info\/2009-2015\/#organization","name":"FjALA e LIR\u00cb - Arkivi","url":"https:\/\/fjala.info\/2009-2015\/","logo":{"@type":"ImageObject","inLanguage":"sq-AL","@id":"https:\/\/fjala.info\/2009-2015\/#\/schema\/logo\/image\/","url":"","contentUrl":"","caption":"FjALA e LIR\u00cb - Arkivi"},"image":{"@id":"https:\/\/fjala.info\/2009-2015\/#\/schema\/logo\/image\/"}},{"@type":"Person","@id":"https:\/\/fjala.info\/2009-2015\/#\/schema\/person\/3aa1163ef05469c496fc94e77611ada2","name":"admin","image":{"@type":"ImageObject","inLanguage":"sq-AL","@id":"https:\/\/fjala.info\/2009-2015\/wp-content\/uploads\/2012\/02\/arben_cokaj-120x150.jpg","url":"https:\/\/fjala.info\/2009-2015\/wp-content\/uploads\/2012\/02\/arben_cokaj-120x150.jpg","contentUrl":"https:\/\/fjala.info\/2009-2015\/wp-content\/uploads\/2012\/02\/arben_cokaj-120x150.jpg","caption":"admin"},"description":"Admin, Fjala e Lir\u00eb","sameAs":["https:\/\/fjala.info\/"],"url":"https:\/\/fjala.info\/2009-2015\/author\/admin\/"}]}},"_links":{"self":[{"href":"https:\/\/fjala.info\/2009-2015\/wp-json\/wp\/v2\/posts\/11643","targetHints":{"allow":["GET"]}}],"collection":[{"href":"https:\/\/fjala.info\/2009-2015\/wp-json\/wp\/v2\/posts"}],"about":[{"href":"https:\/\/fjala.info\/2009-2015\/wp-json\/wp\/v2\/types\/post"}],"author":[{"embeddable":true,"href":"https:\/\/fjala.info\/2009-2015\/wp-json\/wp\/v2\/users\/1"}],"replies":[{"embeddable":true,"href":"https:\/\/fjala.info\/2009-2015\/wp-json\/wp\/v2\/comments?post=11643"}],"version-history":[{"count":0,"href":"https:\/\/fjala.info\/2009-2015\/wp-json\/wp\/v2\/posts\/11643\/revisions"}],"wp:attachment":[{"href":"https:\/\/fjala.info\/2009-2015\/wp-json\/wp\/v2\/media?parent=11643"}],"wp:term":[{"taxonomy":"category","embeddable":true,"href":"https:\/\/fjala.info\/2009-2015\/wp-json\/wp\/v2\/categories?post=11643"},{"taxonomy":"post_tag","embeddable":true,"href":"https:\/\/fjala.info\/2009-2015\/wp-json\/wp\/v2\/tags?post=11643"}],"curies":[{"name":"wp","href":"https:\/\/api.w.org\/{rel}","templated":true}]}}