{"id":11642,"date":"2012-01-27T22:12:09","date_gmt":"2012-01-27T21:12:09","guid":{"rendered":"http:\/\/fjala.shkoder.net\/?p=1428"},"modified":"2012-01-27T22:12:09","modified_gmt":"2012-01-27T21:12:09","slug":"kjo-dite-e-gjithe-per-te-kujtuar","status":"publish","type":"post","link":"https:\/\/fjala.info\/2009-2015\/kjo-dite-e-gjithe-per-te-kujtuar\/","title":{"rendered":"KJO DIT\u00cb E GJITH\u00cb P\u00cbR T\u00cb KUJTUAR"},"content":{"rendered":"<p><strong>Visar ZHITI<\/strong>:<\/p>\n<p><img decoding=\"async\" class=\"aligncenter size-thumbnail wp-image-7236\" title=\"Auschwitz - fotografoi Paul Tedeschini\" src=\"http:\/\/www.shkoder.net\/2012\/auschwitz_fotografoi_paul_tedeschini.jpg\" alt=\"\" width=\"450\" \/><\/p>\n<p><strong>KJO DIT\u00cb E GJITH\u00cb P\u00cbR T\u00cb KUJTUAR<\/strong><\/p>\n<p><img decoding=\"async\" class=\"aligncenter size-thumbnail wp-image-7236\" title=\"Auschwitz - fotografoi Paul Tedeschini\" src=\"http:\/\/www.shkoder.net\/2012\/auschwitz_fotografoi_paul_tedeschini1.jpg\" alt=\"\" width=\"450\" \/><\/p>\n<p>\u2013 <em>27 Janari<\/em> \u2013 (<em>P\u00ebrkujtimi i Holokaustit<\/em>)<\/p>\n<blockquote><p>Kjo dit\u00eb e gjith\u00eb p\u00ebr t\u00eb kujtuar\u2026<br \/>\nDhe nuk \u00ebsht\u00eb loj\u00eb, megjith\u00ebse lodrat mbet\u00ebn vet\u00ebm,<br \/>\nt\u00eb trishtura, pa f\u00ebmij\u00ebt, t\u00eb shkelura, t\u00eb thyera<br \/>\ndhe nj\u00eb e qar\u00eb n\u00ebp\u00ebr er\u00eb, pa goj\u00eb<br \/>\ne lot\u00ebt pa sy,<br \/>\np\u00ebrzier me shiun q\u00eb nuk binte, por rrinte pezull si ankthi.<br \/>\nBorsalina t\u00eb flakura m\u00eb tej si urt\u00ebsia e pleqve, t\u00eb \u00e7ara<br \/>\ndhe heshtje e zez\u00eb dhe qen k\u00ebmb\u00ebthyer,<br \/>\ngjysma macesh, copra pasqyrash,<br \/>\nflatra zogjsh, \u00ebndrrash e librash\u2026<br \/>\nN\u00eb rrug\u00ebn e zbraz\u00ebt nj\u00eb k\u00ebpuc\u00eb e hedhur gruaje,<br \/>\ne kuqe si gjaku, si zemra\u2026 Ku po e \u00e7ojn\u00eb jet\u00ebn?<br \/>\nShpejt, shpejt, shpejt, ec, l\u00ebviz!<br \/>\nJu \u2013 andej harrimit,<br \/>\nk\u00ebtej harrimit \u2013 ju.<br \/>\nShtyhuni! T\u00eb nisen makinat? Ku? Ku? N\u00ebp\u00ebr nat\u00eb.<br \/>\nN\u00eb cil\u00ebn nat\u00eb, n\u00eb at\u00eb q\u00eb s\u2019ka yje,<br \/>\npor tela me gj\u00ebmba. N\u00eb nat\u00ebn e fundit,<br \/>\nku nuk zbardh m\u00eb\u2026<br \/>\nJu \u2013 andej harrimit,<br \/>\nK\u00ebtej harrimit \u2013 ju. N\u00eb mes ndarja<br \/>\nsi nj\u00eb e \u00e7ar\u00eb fatale e bot\u00ebs.<br \/>\nRreshti i gjat\u00eb, shum\u00eb i gjat\u00eb, gjysma n\u00eb t\u00eb dikurshmen dhe gjysma n\u00eb t\u00eb ardhmen dhe<br \/>\nnuk mjafton nj\u00eb dit\u00eb p\u00ebr t\u00eb kujtuar\u2026<br \/>\nNj\u00eb lamtumir\u00eb q\u00eb s\u2019mbaron kurr\u00eb l\u00ebkundet gjithmon\u00eb si dor\u00eb e k\u00ebputur, ja, u shnd\u00ebrrua n\u00eb kock\u00eb, n\u00eb mermer.<br \/>\nK\u00ebpuc\u00eb t\u00eb kalbura, q\u00eb ecin vet\u00eb pa k\u00ebmb\u00eb. Mos jan\u00eb k\u00ebpuc\u00ebt e misterit, t\u00eb padurimit,<br \/>\nt\u00eb frik\u00ebs s\u00eb shnd\u00ebrruar n\u00eb guxim? Ja, dalin<br \/>\nnga rrethimi, posht\u00eb telave me gj\u00ebmba,<br \/>\nku po shkoni, mij\u00ebra k\u00ebpuc\u00eb, se si jeni,<br \/>\nsi ul\u00ebrimat, nuk ju nx\u00eb dot asnj\u00eb kujtes\u00eb,<br \/>\nPirgje leckash t\u00eb gjalla, por krimi \u00ebsht\u00eb m\u00eb i madh, ohu-u, sa i madh! Dhe sa t\u00eb vegj\u00ebl jan\u00eb<br \/>\nata q\u00eb e kryen, m\u00eb pak se nj\u00ebra nga k\u00ebpuc\u00ebt, se guri\u00e7ka<br \/>\nbrenda tyre\u2026<br \/>\nTymi i kobsh\u00ebm i kufomave e shton koll\u00ebn mbyt\u00ebse kudo, te t\u00eb gjitha rrug\u00ebt e dyert. Kolliten shkall\u00ebt, dritaret, heshtja,<br \/>\nautomatiku i zi, kujtesa, pem\u00ebt, librat, pendesa\u2026 Dhe ai sapun makab\u00ebr<br \/>\nsi mund t\u2019i laj\u00eb duart e historis\u00eb?<br \/>\nTi shikon unazat<br \/>\ne mij\u00ebra gishtrinjve t\u00eb prer\u00eb, derdhen vezullimet tani si ai shiu i ngrir\u00eb q\u00eb nuk binte\u2026 Po ora, ku \u00ebsht\u00eb ora e njeriut, vajti von\u00eb p\u00ebr n\u00eb takimin q\u00eb s\u2019do t\u00eb mb\u00ebrrihet dot asnj\u00ebher\u00eb.<br \/>\nK\u00ebrk\u00ebllijn\u00eb skeletet, \u00e7ohen nga balta e vdekjes dhe k\u00ebrkojn\u00eb mishin q\u00eb ua zhvat\u00ebn, duan pyllin e djegur t\u00eb flok\u00ebve. Drit\u00ebn e syve. Kujtes\u00ebn. Pa kujtes\u00eb bota \u00ebsht\u00eb vet\u00ebm nj\u00eb kafk\u00eb.<br \/>\nPse heshtin fjal\u00ebt, po kalben<br \/>\nbashk\u00eb me buz\u00ebt e koh\u00ebs, puthja e mortjes mbulon brigjet dhe miliarda k\u00ebpuc\u00eb bosh ecin mbrapsht drejt harres\u00ebs, fundosen n\u00eb gropat ku kan\u00eb hedhur t\u00eb gjalla ngjarjet e zbathura.<br \/>\nSkeletet e jet\u00ebs ul\u00ebrijn\u00eb p\u00ebr at\u00eb pjes\u00eb jete t\u00eb pakryer m\u00eb fort se sirenat ngjeth\u00ebse t\u00eb atyre trenave t\u00eb eg\u00ebr q\u00eb s\u2019ndalnin gj\u00ebkundi, ve\u00e7se n\u00eb stacionin e fundit t\u00eb vdekjes. Por ka prap\u00eb stacione, pa epidemi, ai i nd\u00ebrgjegjeve<br \/>\ns\u00eb popujve, stacion tjet\u00ebr i fantazmave\u2026 ja, erdh\u00ebn nga prapa diellit. Stacioni i tmerrsh\u00ebm<br \/>\ni kujtes\u00ebs.<br \/>\nS\u2019ka m\u00eb rreshta, as rregull,<br \/>\nturma ngjarjesh, m\u00ebkatesh,<br \/>\ngj\u00ebmojn\u00eb hapat e shurdh\u00ebta t\u00eb akuzave, se \u00e7\u2019l\u00ebviz posht\u00eb dheut, hapen gropat vet\u00eb jam dhe un\u00eb ndan\u00eb tyre, shpirt, s\u2019kam koh\u00eb t\u00eb ringjallem, v\u00ebrtitem n\u00eb vorbulla gjyqesh, jo n\u00eb at\u00eb t\u00eb fundit, k\u00ebrkoj pallton time t\u00eb shqyer, e \u00e7\u2019i duhet m\u00eb shum\u00eb nj\u00eb fantazme,<br \/>\npor e ka veshur vras\u00ebsi im, jo se ka m\u00eb ftoht\u00eb, por ai ka p\u00ebrvet\u00ebsuar dhe fatin tim\u2026<br \/>\nE ku mjafton nj\u00eb dit\u00eb p\u00ebr t\u00eb kujtuar, nuk i nx\u00eb dot t\u00eb gjitha, aq m\u00eb pak nj\u00eb jet\u00eb. As harresa<br \/>\nnuk mjafton, s\u2019mundet, nuk i p\u00ebrpin dot t\u00eb gjitha, nuk mjafon as vdekja.<br \/>\n\u00c7\u2019po shkrin k\u00ebshtu, \u00e7asti? Pika t\u00eb nxehta kohe,<br \/>\npikon kujtesa prej dylli e qiririt q\u00eb ndeza tani<br \/>\ndhe flak\u00ebza, duke mos gjetur mbrojtje mes qerpik\u00ebve,<br \/>\nm\u00ebrgon n\u00ebp\u00ebr yjet e larg\u00ebt.\n<\/p><\/blockquote>\n<p><em>Rom\u00eb, 27. 01. 2010<\/em><\/p>\n<p><img decoding=\"async\" class=\"aligncenter size-thumbnail wp-image-7236\" title=\"Auschwitz - fotografoi Paul Tedeschini\" src=\"http:\/\/www.shkoder.net\/2012\/auschwitz_fotografoi_paul_tedeschini2.jpg\" alt=\"\" width=\"450\" \/><\/p>\n<p><strong>Visar ZHITI<\/strong>, <em>RD, 27 janar 2012 <\/em><\/p>\n<p><img decoding=\"async\" class=\"aligncenter size-thumbnail wp-image-7236\" title=\"Auschwitz - fotografoi Paul Tedeschini\" src=\"http:\/\/www.shkoder.net\/2012\/auschwitz_fotografoi_paul_tedeschini3.jpg\" alt=\"\" width=\"450\" \/><\/p>\n<p>Ripublikue n\u00eb: <a href=\"http:\/\/kosova.albemigrant.com\/?p=3519\">http:\/\/kosova.albemigrant.com\/?p=3519<\/a><\/p>\n","protected":false},"excerpt":{"rendered":"<p>Visar ZHITI: KJO DIT\u00cb E GJITH\u00cb P\u00cbR T\u00cb KUJTUAR \u2013 27 Janari \u2013 (P\u00ebrkujtimi i Holokaustit) Kjo dit\u00eb e gjith\u00eb p\u00ebr t\u00eb kujtuar\u2026 Dhe nuk \u00ebsht\u00eb loj\u00eb, megjith\u00ebse lodrat mbet\u00ebn vet\u00ebm, t\u00eb trishtura, pa f\u00ebmij\u00ebt, t\u00eb shkelura, t\u00eb thyera dhe nj\u00eb e qar\u00eb n\u00ebp\u00ebr er\u00eb, pa goj\u00eb e lot\u00ebt pa sy, p\u00ebrzier me shiun q\u00eb [&hellip;]<\/p>\n","protected":false},"author":1,"featured_media":0,"comment_status":"open","ping_status":"closed","sticky":false,"template":"","format":"standard","meta":{"footnotes":""},"categories":[7,9],"tags":[],"class_list":{"0":"post-11642","1":"post","2":"type-post","3":"status-publish","4":"format-standard","6":"category-letersi","7":"category-poezi"},"yoast_head":"<!-- This site is optimized with the Yoast SEO plugin v27.4 - https:\/\/yoast.com\/product\/yoast-seo-wordpress\/ -->\n<title>KJO DIT\u00cb E GJITH\u00cb P\u00cbR T\u00cb KUJTUAR - FjALA e LIR\u00cb - Arkivi<\/title>\n<meta name=\"robots\" content=\"index, follow, max-snippet:-1, max-image-preview:large, max-video-preview:-1\" \/>\n<link rel=\"canonical\" href=\"https:\/\/fjala.info\/2009-2015\/kjo-dite-e-gjithe-per-te-kujtuar\/\" \/>\n<meta property=\"og:locale\" content=\"sq_AL\" \/>\n<meta property=\"og:type\" content=\"article\" \/>\n<meta property=\"og:title\" content=\"KJO DIT\u00cb E GJITH\u00cb P\u00cbR T\u00cb KUJTUAR - FjALA e LIR\u00cb - Arkivi\" \/>\n<meta property=\"og:description\" content=\"Visar ZHITI: KJO DIT\u00cb E GJITH\u00cb P\u00cbR T\u00cb KUJTUAR \u2013 27 Janari \u2013 (P\u00ebrkujtimi i Holokaustit) Kjo dit\u00eb e gjith\u00eb p\u00ebr t\u00eb kujtuar\u2026 Dhe nuk \u00ebsht\u00eb loj\u00eb, megjith\u00ebse lodrat mbet\u00ebn vet\u00ebm, t\u00eb trishtura, pa f\u00ebmij\u00ebt, t\u00eb shkelura, t\u00eb thyera dhe nj\u00eb e qar\u00eb n\u00ebp\u00ebr er\u00eb, pa goj\u00eb e lot\u00ebt pa sy, p\u00ebrzier me shiun q\u00eb [&hellip;]\" \/>\n<meta property=\"og:url\" content=\"https:\/\/fjala.info\/2009-2015\/kjo-dite-e-gjithe-per-te-kujtuar\/\" \/>\n<meta property=\"og:site_name\" content=\"FjALA e LIR\u00cb - Arkivi\" \/>\n<meta property=\"article:published_time\" content=\"2012-01-27T21:12:09+00:00\" \/>\n<meta property=\"og:image\" content=\"http:\/\/www.shkoder.net\/2012\/auschwitz_fotografoi_paul_tedeschini.jpg\" \/>\n<meta name=\"author\" content=\"admin\" \/>\n<meta name=\"twitter:card\" content=\"summary_large_image\" \/>\n<meta name=\"twitter:label1\" content=\"Written by\" \/>\n\t<meta name=\"twitter:data1\" content=\"admin\" \/>\n\t<meta name=\"twitter:label2\" content=\"Est. reading time\" \/>\n\t<meta name=\"twitter:data2\" content=\"4 minutes\" \/>\n<script type=\"application\/ld+json\" class=\"yoast-schema-graph\">{\"@context\":\"https:\\\/\\\/schema.org\",\"@graph\":[{\"@type\":\"Article\",\"@id\":\"https:\\\/\\\/fjala.info\\\/2009-2015\\\/kjo-dite-e-gjithe-per-te-kujtuar\\\/#article\",\"isPartOf\":{\"@id\":\"https:\\\/\\\/fjala.info\\\/2009-2015\\\/kjo-dite-e-gjithe-per-te-kujtuar\\\/\"},\"author\":{\"name\":\"admin\",\"@id\":\"https:\\\/\\\/fjala.info\\\/2009-2015\\\/#\\\/schema\\\/person\\\/3aa1163ef05469c496fc94e77611ada2\"},\"headline\":\"KJO DIT\u00cb E GJITH\u00cb P\u00cbR T\u00cb KUJTUAR\",\"datePublished\":\"2012-01-27T21:12:09+00:00\",\"mainEntityOfPage\":{\"@id\":\"https:\\\/\\\/fjala.info\\\/2009-2015\\\/kjo-dite-e-gjithe-per-te-kujtuar\\\/\"},\"wordCount\":737,\"commentCount\":0,\"publisher\":{\"@id\":\"https:\\\/\\\/fjala.info\\\/2009-2015\\\/#organization\"},\"image\":{\"@id\":\"https:\\\/\\\/fjala.info\\\/2009-2015\\\/kjo-dite-e-gjithe-per-te-kujtuar\\\/#primaryimage\"},\"thumbnailUrl\":\"http:\\\/\\\/www.shkoder.net\\\/2012\\\/auschwitz_fotografoi_paul_tedeschini.jpg\",\"articleSection\":[\"Let\u00ebrsi\",\"Poezi\"],\"inLanguage\":\"sq-AL\",\"potentialAction\":[{\"@type\":\"CommentAction\",\"name\":\"Comment\",\"target\":[\"https:\\\/\\\/fjala.info\\\/2009-2015\\\/kjo-dite-e-gjithe-per-te-kujtuar\\\/#respond\"]}]},{\"@type\":\"WebPage\",\"@id\":\"https:\\\/\\\/fjala.info\\\/2009-2015\\\/kjo-dite-e-gjithe-per-te-kujtuar\\\/\",\"url\":\"https:\\\/\\\/fjala.info\\\/2009-2015\\\/kjo-dite-e-gjithe-per-te-kujtuar\\\/\",\"name\":\"KJO DIT\u00cb E GJITH\u00cb P\u00cbR T\u00cb KUJTUAR - FjALA e LIR\u00cb - Arkivi\",\"isPartOf\":{\"@id\":\"https:\\\/\\\/fjala.info\\\/2009-2015\\\/#website\"},\"primaryImageOfPage\":{\"@id\":\"https:\\\/\\\/fjala.info\\\/2009-2015\\\/kjo-dite-e-gjithe-per-te-kujtuar\\\/#primaryimage\"},\"image\":{\"@id\":\"https:\\\/\\\/fjala.info\\\/2009-2015\\\/kjo-dite-e-gjithe-per-te-kujtuar\\\/#primaryimage\"},\"thumbnailUrl\":\"http:\\\/\\\/www.shkoder.net\\\/2012\\\/auschwitz_fotografoi_paul_tedeschini.jpg\",\"datePublished\":\"2012-01-27T21:12:09+00:00\",\"breadcrumb\":{\"@id\":\"https:\\\/\\\/fjala.info\\\/2009-2015\\\/kjo-dite-e-gjithe-per-te-kujtuar\\\/#breadcrumb\"},\"inLanguage\":\"sq-AL\",\"potentialAction\":[{\"@type\":\"ReadAction\",\"target\":[\"https:\\\/\\\/fjala.info\\\/2009-2015\\\/kjo-dite-e-gjithe-per-te-kujtuar\\\/\"]}]},{\"@type\":\"ImageObject\",\"inLanguage\":\"sq-AL\",\"@id\":\"https:\\\/\\\/fjala.info\\\/2009-2015\\\/kjo-dite-e-gjithe-per-te-kujtuar\\\/#primaryimage\",\"url\":\"http:\\\/\\\/www.shkoder.net\\\/2012\\\/auschwitz_fotografoi_paul_tedeschini.jpg\",\"contentUrl\":\"http:\\\/\\\/www.shkoder.net\\\/2012\\\/auschwitz_fotografoi_paul_tedeschini.jpg\"},{\"@type\":\"BreadcrumbList\",\"@id\":\"https:\\\/\\\/fjala.info\\\/2009-2015\\\/kjo-dite-e-gjithe-per-te-kujtuar\\\/#breadcrumb\",\"itemListElement\":[{\"@type\":\"ListItem\",\"position\":1,\"name\":\"Home\",\"item\":\"https:\\\/\\\/fjala.info\\\/2009-2015\\\/\"},{\"@type\":\"ListItem\",\"position\":2,\"name\":\"KJO DIT\u00cb E GJITH\u00cb P\u00cbR T\u00cb KUJTUAR\"}]},{\"@type\":\"WebSite\",\"@id\":\"https:\\\/\\\/fjala.info\\\/2009-2015\\\/#website\",\"url\":\"https:\\\/\\\/fjala.info\\\/2009-2015\\\/\",\"name\":\"FjALA e LIR\u00cb - Arkivi\",\"description\":\"Arkivi 2009-2015\",\"publisher\":{\"@id\":\"https:\\\/\\\/fjala.info\\\/2009-2015\\\/#organization\"},\"potentialAction\":[{\"@type\":\"SearchAction\",\"target\":{\"@type\":\"EntryPoint\",\"urlTemplate\":\"https:\\\/\\\/fjala.info\\\/2009-2015\\\/?s={search_term_string}\"},\"query-input\":{\"@type\":\"PropertyValueSpecification\",\"valueRequired\":true,\"valueName\":\"search_term_string\"}}],\"inLanguage\":\"sq-AL\"},{\"@type\":\"Organization\",\"@id\":\"https:\\\/\\\/fjala.info\\\/2009-2015\\\/#organization\",\"name\":\"FjALA e LIR\u00cb - Arkivi\",\"url\":\"https:\\\/\\\/fjala.info\\\/2009-2015\\\/\",\"logo\":{\"@type\":\"ImageObject\",\"inLanguage\":\"sq-AL\",\"@id\":\"https:\\\/\\\/fjala.info\\\/2009-2015\\\/#\\\/schema\\\/logo\\\/image\\\/\",\"url\":\"\",\"contentUrl\":\"\",\"caption\":\"FjALA e LIR\u00cb - Arkivi\"},\"image\":{\"@id\":\"https:\\\/\\\/fjala.info\\\/2009-2015\\\/#\\\/schema\\\/logo\\\/image\\\/\"}},{\"@type\":\"Person\",\"@id\":\"https:\\\/\\\/fjala.info\\\/2009-2015\\\/#\\\/schema\\\/person\\\/3aa1163ef05469c496fc94e77611ada2\",\"name\":\"admin\",\"image\":{\"@type\":\"ImageObject\",\"inLanguage\":\"sq-AL\",\"@id\":\"https:\\\/\\\/fjala.info\\\/2009-2015\\\/wp-content\\\/uploads\\\/2012\\\/02\\\/arben_cokaj-120x150.jpg\",\"url\":\"https:\\\/\\\/fjala.info\\\/2009-2015\\\/wp-content\\\/uploads\\\/2012\\\/02\\\/arben_cokaj-120x150.jpg\",\"contentUrl\":\"https:\\\/\\\/fjala.info\\\/2009-2015\\\/wp-content\\\/uploads\\\/2012\\\/02\\\/arben_cokaj-120x150.jpg\",\"caption\":\"admin\"},\"description\":\"Admin, Fjala e Lir\u00eb\",\"sameAs\":[\"https:\\\/\\\/fjala.info\\\/\"],\"url\":\"https:\\\/\\\/fjala.info\\\/2009-2015\\\/author\\\/admin\\\/\"}]}<\/script>\n<!-- \/ Yoast SEO plugin. -->","yoast_head_json":{"title":"KJO DIT\u00cb E GJITH\u00cb P\u00cbR T\u00cb KUJTUAR - FjALA e LIR\u00cb - Arkivi","robots":{"index":"index","follow":"follow","max-snippet":"max-snippet:-1","max-image-preview":"max-image-preview:large","max-video-preview":"max-video-preview:-1"},"canonical":"https:\/\/fjala.info\/2009-2015\/kjo-dite-e-gjithe-per-te-kujtuar\/","og_locale":"sq_AL","og_type":"article","og_title":"KJO DIT\u00cb E GJITH\u00cb P\u00cbR T\u00cb KUJTUAR - FjALA e LIR\u00cb - Arkivi","og_description":"Visar ZHITI: KJO DIT\u00cb E GJITH\u00cb P\u00cbR T\u00cb KUJTUAR \u2013 27 Janari \u2013 (P\u00ebrkujtimi i Holokaustit) Kjo dit\u00eb e gjith\u00eb p\u00ebr t\u00eb kujtuar\u2026 Dhe nuk \u00ebsht\u00eb loj\u00eb, megjith\u00ebse lodrat mbet\u00ebn vet\u00ebm, t\u00eb trishtura, pa f\u00ebmij\u00ebt, t\u00eb shkelura, t\u00eb thyera dhe nj\u00eb e qar\u00eb n\u00ebp\u00ebr er\u00eb, pa goj\u00eb e lot\u00ebt pa sy, p\u00ebrzier me shiun q\u00eb [&hellip;]","og_url":"https:\/\/fjala.info\/2009-2015\/kjo-dite-e-gjithe-per-te-kujtuar\/","og_site_name":"FjALA e LIR\u00cb - Arkivi","article_published_time":"2012-01-27T21:12:09+00:00","og_image":[{"url":"http:\/\/www.shkoder.net\/2012\/auschwitz_fotografoi_paul_tedeschini.jpg","type":"","width":"","height":""}],"author":"admin","twitter_card":"summary_large_image","twitter_misc":{"Written by":"admin","Est. reading time":"4 minutes"},"schema":{"@context":"https:\/\/schema.org","@graph":[{"@type":"Article","@id":"https:\/\/fjala.info\/2009-2015\/kjo-dite-e-gjithe-per-te-kujtuar\/#article","isPartOf":{"@id":"https:\/\/fjala.info\/2009-2015\/kjo-dite-e-gjithe-per-te-kujtuar\/"},"author":{"name":"admin","@id":"https:\/\/fjala.info\/2009-2015\/#\/schema\/person\/3aa1163ef05469c496fc94e77611ada2"},"headline":"KJO DIT\u00cb E GJITH\u00cb P\u00cbR T\u00cb KUJTUAR","datePublished":"2012-01-27T21:12:09+00:00","mainEntityOfPage":{"@id":"https:\/\/fjala.info\/2009-2015\/kjo-dite-e-gjithe-per-te-kujtuar\/"},"wordCount":737,"commentCount":0,"publisher":{"@id":"https:\/\/fjala.info\/2009-2015\/#organization"},"image":{"@id":"https:\/\/fjala.info\/2009-2015\/kjo-dite-e-gjithe-per-te-kujtuar\/#primaryimage"},"thumbnailUrl":"http:\/\/www.shkoder.net\/2012\/auschwitz_fotografoi_paul_tedeschini.jpg","articleSection":["Let\u00ebrsi","Poezi"],"inLanguage":"sq-AL","potentialAction":[{"@type":"CommentAction","name":"Comment","target":["https:\/\/fjala.info\/2009-2015\/kjo-dite-e-gjithe-per-te-kujtuar\/#respond"]}]},{"@type":"WebPage","@id":"https:\/\/fjala.info\/2009-2015\/kjo-dite-e-gjithe-per-te-kujtuar\/","url":"https:\/\/fjala.info\/2009-2015\/kjo-dite-e-gjithe-per-te-kujtuar\/","name":"KJO DIT\u00cb E GJITH\u00cb P\u00cbR T\u00cb KUJTUAR - FjALA e LIR\u00cb - Arkivi","isPartOf":{"@id":"https:\/\/fjala.info\/2009-2015\/#website"},"primaryImageOfPage":{"@id":"https:\/\/fjala.info\/2009-2015\/kjo-dite-e-gjithe-per-te-kujtuar\/#primaryimage"},"image":{"@id":"https:\/\/fjala.info\/2009-2015\/kjo-dite-e-gjithe-per-te-kujtuar\/#primaryimage"},"thumbnailUrl":"http:\/\/www.shkoder.net\/2012\/auschwitz_fotografoi_paul_tedeschini.jpg","datePublished":"2012-01-27T21:12:09+00:00","breadcrumb":{"@id":"https:\/\/fjala.info\/2009-2015\/kjo-dite-e-gjithe-per-te-kujtuar\/#breadcrumb"},"inLanguage":"sq-AL","potentialAction":[{"@type":"ReadAction","target":["https:\/\/fjala.info\/2009-2015\/kjo-dite-e-gjithe-per-te-kujtuar\/"]}]},{"@type":"ImageObject","inLanguage":"sq-AL","@id":"https:\/\/fjala.info\/2009-2015\/kjo-dite-e-gjithe-per-te-kujtuar\/#primaryimage","url":"http:\/\/www.shkoder.net\/2012\/auschwitz_fotografoi_paul_tedeschini.jpg","contentUrl":"http:\/\/www.shkoder.net\/2012\/auschwitz_fotografoi_paul_tedeschini.jpg"},{"@type":"BreadcrumbList","@id":"https:\/\/fjala.info\/2009-2015\/kjo-dite-e-gjithe-per-te-kujtuar\/#breadcrumb","itemListElement":[{"@type":"ListItem","position":1,"name":"Home","item":"https:\/\/fjala.info\/2009-2015\/"},{"@type":"ListItem","position":2,"name":"KJO DIT\u00cb E GJITH\u00cb P\u00cbR T\u00cb KUJTUAR"}]},{"@type":"WebSite","@id":"https:\/\/fjala.info\/2009-2015\/#website","url":"https:\/\/fjala.info\/2009-2015\/","name":"FjALA e LIR\u00cb - Arkivi","description":"Arkivi 2009-2015","publisher":{"@id":"https:\/\/fjala.info\/2009-2015\/#organization"},"potentialAction":[{"@type":"SearchAction","target":{"@type":"EntryPoint","urlTemplate":"https:\/\/fjala.info\/2009-2015\/?s={search_term_string}"},"query-input":{"@type":"PropertyValueSpecification","valueRequired":true,"valueName":"search_term_string"}}],"inLanguage":"sq-AL"},{"@type":"Organization","@id":"https:\/\/fjala.info\/2009-2015\/#organization","name":"FjALA e LIR\u00cb - Arkivi","url":"https:\/\/fjala.info\/2009-2015\/","logo":{"@type":"ImageObject","inLanguage":"sq-AL","@id":"https:\/\/fjala.info\/2009-2015\/#\/schema\/logo\/image\/","url":"","contentUrl":"","caption":"FjALA e LIR\u00cb - Arkivi"},"image":{"@id":"https:\/\/fjala.info\/2009-2015\/#\/schema\/logo\/image\/"}},{"@type":"Person","@id":"https:\/\/fjala.info\/2009-2015\/#\/schema\/person\/3aa1163ef05469c496fc94e77611ada2","name":"admin","image":{"@type":"ImageObject","inLanguage":"sq-AL","@id":"https:\/\/fjala.info\/2009-2015\/wp-content\/uploads\/2012\/02\/arben_cokaj-120x150.jpg","url":"https:\/\/fjala.info\/2009-2015\/wp-content\/uploads\/2012\/02\/arben_cokaj-120x150.jpg","contentUrl":"https:\/\/fjala.info\/2009-2015\/wp-content\/uploads\/2012\/02\/arben_cokaj-120x150.jpg","caption":"admin"},"description":"Admin, Fjala e Lir\u00eb","sameAs":["https:\/\/fjala.info\/"],"url":"https:\/\/fjala.info\/2009-2015\/author\/admin\/"}]}},"_links":{"self":[{"href":"https:\/\/fjala.info\/2009-2015\/wp-json\/wp\/v2\/posts\/11642","targetHints":{"allow":["GET"]}}],"collection":[{"href":"https:\/\/fjala.info\/2009-2015\/wp-json\/wp\/v2\/posts"}],"about":[{"href":"https:\/\/fjala.info\/2009-2015\/wp-json\/wp\/v2\/types\/post"}],"author":[{"embeddable":true,"href":"https:\/\/fjala.info\/2009-2015\/wp-json\/wp\/v2\/users\/1"}],"replies":[{"embeddable":true,"href":"https:\/\/fjala.info\/2009-2015\/wp-json\/wp\/v2\/comments?post=11642"}],"version-history":[{"count":0,"href":"https:\/\/fjala.info\/2009-2015\/wp-json\/wp\/v2\/posts\/11642\/revisions"}],"wp:attachment":[{"href":"https:\/\/fjala.info\/2009-2015\/wp-json\/wp\/v2\/media?parent=11642"}],"wp:term":[{"taxonomy":"category","embeddable":true,"href":"https:\/\/fjala.info\/2009-2015\/wp-json\/wp\/v2\/categories?post=11642"},{"taxonomy":"post_tag","embeddable":true,"href":"https:\/\/fjala.info\/2009-2015\/wp-json\/wp\/v2\/tags?post=11642"}],"curies":[{"name":"wp","href":"https:\/\/api.w.org\/{rel}","templated":true}]}}