{"id":11641,"date":"2012-01-27T22:03:53","date_gmt":"2012-01-27T21:03:53","guid":{"rendered":"http:\/\/fjala.shkoder.net\/?p=1426"},"modified":"2012-01-27T22:03:53","modified_gmt":"2012-01-27T21:03:53","slug":"nje-grua-perballe-grave-te-regjimit","status":"publish","type":"post","link":"https:\/\/fjala.info\/2009-2015\/nje-grua-perballe-grave-te-regjimit\/","title":{"rendered":"Nj\u00eb grua p\u00ebrball\u00eb Grave t\u00eb Regjimit!"},"content":{"rendered":"<p><img decoding=\"async\" class=\"alignright size-thumbnail wp-image-7236\" title=\"Mero Baze\" src=\"http:\/\/www.shkoder.net\/images\/fjala\/mero_baze1.jpg\" alt=\"\" width=\"150\" \/> Nga <strong>Mero Baze<\/strong>, <em>27 Janar 2012<\/em><\/p>\n<p>Kryeprokurorja e brisht\u00eb me nj\u00eb look shum\u00eb fem\u00ebror, n\u00eb t\u00eb v\u00ebrtet\u00eb ia doli t\u00eb posht\u00ebronte regjimin, i cili ka qen\u00eb t\u00ebr\u00ebsisht arrogant, brutal dhe posht\u00ebrues ndaj nj\u00eb femre si ajo. E qart\u00eb, e vendosur, logjike, sidomos logjike p\u00ebrball\u00eb Fevziut, dhe e pafrik\u00ebsuar nga askush, ajo ka b\u00ebr\u00eb q\u00eb Shqip\u00ebria t\u00eb gdhihej m\u00eb e qet\u00eb dhe me m\u00eb shum\u00eb shpres\u00eb. Ka shum\u00eb debate online dhe live n\u00ebp\u00ebr tavolina p\u00ebr suksesin e saj n\u00eb \u2018Opinion\u2019. Por mbi t\u00eb gjitha ka nj\u00eb debat krejt t\u00eb ve\u00e7ant\u00eb q\u00eb vjen n\u00eb form\u00ebn e nj\u00eb lajmi t\u00eb g\u00ebzuar: Sot kemi v\u00ebrtet nj\u00eb grua q\u00eb p\u00ebrfaq\u00ebson dhe grat\u00eb dinjitoze, dhe shtetin ligjor.<\/p>\n<p>\u00cbsht\u00eb e pashmangshme, por krahasimi i par\u00eb q\u00eb qindra mij\u00ebra komentues online i b\u00ebjn\u00eb portretit t\u00eb Ina Ram\u00ebs, \u00ebsht\u00eb krahasimi i saj me Jozefina Topallin, e cila pretendon t\u00eb b\u00ebhet Presidente, apo skarco t\u00eb tjera t\u00eb PD-s\u00eb, t\u00eb cilat kan\u00eb vendosur t\u2019i hyjn\u00eb karrier\u00ebs n\u00eb politik\u00eb si prokurore q\u00eb ekzekutojn\u00eb pa gjyq, her\u00eb duke u matur nj\u00eb plumb ballit e her\u00eb duke i k\u00ebrc\u00ebnuar se do t\u2019i varin tek palma e Kryeministris\u00eb. Pra, \u00ebsht\u00eb i pashmangsh\u00ebm krahasimi i saj me Grat\u00eb e Berish\u00ebs, apo Grat\u00eb e Regjimit.<\/p>\n<p>Diferenca e par\u00eb mes tyre \u00ebsht\u00eb njer\u00ebzore. Shikoni Ina Ram\u00ebn kur flet dhe shikoni Grat\u00eb e Berish\u00ebs. Ina \u00ebsht\u00eb normale, ka emocione, ndonj\u00eb her\u00eb i dridhet fleta n\u00eb dor\u00eb, skuqet, \u00ebsht\u00eb e v\u00ebmendshme dhe mbi t\u00eb gjitha t\u00eb k\u00ebrkon ndjes\u00eb dhe kur i duhet t\u00eb citoj\u00eb gj\u00ebra t\u00eb pak\u00ebndshme. Shikoni Grat\u00eb e Berish\u00ebs. T\u00eb hak\u00ebrryera, histerike, nervoze, mashkullore, depresive dhe mbi t\u00eb gjitha me fjalor t\u00eb fort\u00ebsh, si t\u00eb ishin n\u00eb politik\u00eb p\u00ebr t\u00eb z\u00ebvend\u00ebsuar burra t\u00eb eg\u00ebr dhe jo si pjes\u00eb e natyrshme e bot\u00ebs fem\u00ebrore.<\/p>\n<p>Kurr\u00eb nuk k\u00ebrkojn\u00eb ndjes\u00eb, kurr\u00eb nuk skuqen, kurr\u00eb nuk mendohen dy her\u00eb kur flasin. Kur je p\u00ebrball\u00eb tyre ke nevoj\u00eb p\u00ebr facoleta nga ciklat e p\u00ebshtymave q\u00eb t\u00eb l\u00ebshojn\u00eb n\u00eb fytyr\u00eb nga humbja e kontrollit mbi veten. Kjo ndodh se ato nuk t\u00eb kan\u00eb p\u00ebrball\u00eb ty. Ato kan\u00eb p\u00ebrball\u00eb tyre imazhin e ATIJ q\u00eb i shikon nga zyra dhe n\u00eb mendjen e tyre t\u00eb varf\u00ebr, ato mendojn\u00eb se ai i do ato si veten, t\u00eb egra, mashkullore, nervoze, hak\u00ebrruese, k\u00ebrc\u00ebnuese, mashtruese, deprimuese, \u2026p\u00ebr arsyen e vetme se nuk i do p\u00ebr femra.<\/p>\n<p>Diferenca e dyt\u00eb \u00ebsht\u00eb logjike. Ina fliste at\u00eb q\u00eb mendonte dhe at\u00eb q\u00eb dinte. Kishte aq siguri n\u00eb ato, sa ishte gati t\u2019i mbronte me \u00e7do kusht me qet\u00ebsi dhe logjik\u00eb. Ishte pik\u00ebrisht logjika q\u00eb ajo p\u00ebrdorte, e cila i hoqi nga duart emisionin Fevziut dhe e ktheu at\u00eb nga nj\u00eb i parap\u00ebrgatitur p\u00ebr t\u00eb qen\u00eb \u201cprokuror special\u201d i saj, n\u00eb nj\u00eb t\u00eb \u201carrestuar\u201d t\u00eb saj. Arriti nj\u00eb moment q\u00eb Fevziu nuk kuptonte m\u00eb as pyetjet q\u00eb i d\u00ebrgonte Berisha dhe as p\u00ebrgjigjet q\u00eb i jepte Ina Rama, duke u shfaqur para publikut n\u00eb t\u00eb v\u00ebrtet\u00eb si\u00e7 \u00ebsht\u00eb, si nj\u00eb njeri q\u00eb nuk arrin t\u00eb kuptoj\u00eb pyetjet q\u00eb lexon dhe nuk arrin t\u00eb d\u00ebgjoj\u00eb p\u00ebrgjigjet q\u00eb i japin.<\/p>\n<p>Shikoni skena t\u00eb ngjashme me Grat\u00eb e Berish\u00ebs tek Fevziu. Mendoni Topallin kur k\u00ebrc\u00ebnon burrat n\u00eb studio se meritojn\u00eb plumbin ballit, apo Mesil\u00ebn kur ul\u00ebret se do t\u00eb var\u00eb tek Palma e kryeministris\u00eb\u2026 P\u00ebrfytyroni \u00e7far\u00eb argumenti final kan\u00eb Grat\u00eb e Berish\u00ebs dhe \u00e7far\u00eb argumentesh kishte Ina Rama kur zb\u00ebrthente akuzat e regjimit ndaj saj dhe Prokuroris\u00eb. Diferenca nuk \u00ebsht\u00eb vet\u00ebm kulturore, por mbi t\u00eb gjitha nga shkolla e ndryshme politike ku jan\u00eb p\u00ebrfshir\u00eb Grat\u00eb e Berish\u00ebs p\u00ebrball\u00eb shtetit ligjor.<\/p>\n<p>Shikoni sa logjike duket nj\u00eb fem\u00ebr kur e l\u00eb t\u00eb thot\u00eb at\u00eb q\u00eb mendon dhe sa e shp\u00eblar\u00eb dhe zorr\u00ebndjell\u00ebse deri n\u00eb fyt duket kur k\u00ebmb\u00ebngul t\u00eb thot\u00eb at\u00eb q\u00eb mendon Berisha. Shikoni nj\u00eb kryeprokurore, q\u00eb n\u00eb \u00e7do moment e ka t\u00eb drejt\u00eb ligjore t\u2019i hedh\u00eb prangat dikujt sa njer\u00ebzore \u00ebsht\u00eb me klient\u00ebt e saj, dhe shikoni klient\u00ebt e saj q\u00eb duan t\u00eb b\u00ebjn\u00eb prokuroren se sa t\u00eb frustruar jan\u00eb p\u00ebr t\u2019i zgjidhur pun\u00ebt me nd\u00ebshkime ekstreme.<\/p>\n<p>Por kryediferenca mes saj dhe Grave t\u00eb Berish\u00ebs \u00ebsht\u00eb respekti i saj p\u00ebr veten dhe profesionin e saj. Edhe pse \u00ebsht\u00eb n\u00eb krye t\u00eb hetimit shqiptar, ajo ka qet\u00ebsin\u00eb e duhur p\u00ebr t\u00eb th\u00ebn\u00eb se do t\u00eb largohet pas pak m\u00eb shum\u00eb se nj\u00eb viti nga kjo detyr\u00eb, dhe do t\u2019i rikthehet profesionit t\u00eb saj si gjyqtare. Nuk emocionohet nga askush q\u00eb e k\u00ebrc\u00ebnon se do ta l\u00ebn\u00eb pa pun\u00eb apo do ta hetojn\u00eb. Shikoni Grat\u00eb e Berish\u00ebs, t\u00eb cilat po i ndave nga Berisha ngelen realisht pa pun\u00eb dhe pa zanat.<\/p>\n<p>Shikoni me sa ngulm Jozefina Topalli b\u00ebhet qesharake duke u sjell\u00eb si presidente e ardhshme apo si kryetare e ardhshme e PD-s\u00eb! At\u00eb vend mund t\u00eb mos e fitoj\u00eb kurr\u00eb, por ajo \u00ebsht\u00eb gati t\u00eb ngrej\u00eb pluhur \u00e7do \u00e7ast vet\u00ebm q\u00eb ta p\u00ebrfytyrojn\u00eb si t\u00eb till\u00eb. Shikoni Grat\u00eb e tjera t\u00eb Berish\u00ebs si imitojn\u00eb at\u00eb, duke t\u00eb krijuar iden\u00eb se n\u00ebse nuk marrin ndonj\u00eb post tjet\u00ebr apo n\u00ebse lihen jasht\u00eb liste pas p\u00ebrfundimit t\u00eb mandatit, do jet\u00eb fundi i bot\u00ebs.<\/p>\n<p>Kjo diferenc\u00eb e fort\u00eb \u00ebsht\u00eb n\u00eb t\u00eb v\u00ebrtet\u00eb diferenca mes njeriut t\u00eb aft\u00eb dhe njer\u00ebzve t\u00eb paaft\u00eb, diferenca mes grave q\u00eb jan\u00eb thirrur p\u00ebr t\u00eb sh\u00ebrbyer dhe nj\u00eb gruaje q\u00eb p\u00ebrballet me qet\u00ebsi me nj\u00eb regjim, jo se e k\u00ebrkon vet\u00eb, por se ai i z\u00eb rrug\u00ebn si \u00e7do njeriu q\u00eb p\u00ebrpiqet t\u00eb ndjek\u00eb profesionin e tij n\u00eb k\u00ebt\u00eb vend. Diferenca mes Ina Ram\u00ebs dhe Grave t\u00eb Berish\u00ebs \u00ebsht\u00eb n\u00eb fund t\u00eb fundit diferenca mes grave t\u00eb lira dhe dinjitoze dhe grave skllave, tutori i t\u00eb cilave nuk u k\u00ebrkon seks, por sh\u00ebrbime posht\u00ebruese publike, q\u00eb i largojn\u00eb ato nga bota e femrave dhe grave dinjitoze t\u00eb k\u00ebtij vendi.<\/p>\n<p>Diferenca mes Ina Ram\u00ebs dhe Grave t\u00eb Regjimit \u00ebsht\u00eb se e para tremb regjimin duke buz\u00ebqeshur dhe duke u skuqur pak\u00ebz nga paturp\u00ebsia e tij, nd\u00ebrsa grat\u00eb e regjimit trembin qytetar\u00ebt nga paturp\u00ebsia dhe eg\u00ebrsia e tyre mashkullore n\u00eb mendje dhe fytyr\u00eb. Dhe n\u00ebse doni t\u00eb kuptoni \u00e7\u2019fat t\u00eb zi apo t\u00eb bardh\u00eb do t\u00eb ket\u00eb ky vend, shikoni \u00e7\u2019fat do ken\u00eb Grat\u00eb e Berish\u00ebs dhe \u00e7\u2019fat do t\u00eb ket\u00eb Ina Rama. Mos ardht\u00eb dita t\u00eb themi \u201cPa\u00e7 fatin e Grave t\u00eb Berish\u00ebs!\u201d.<\/p>\n","protected":false},"excerpt":{"rendered":"<p>Nga Mero Baze, 27 Janar 2012 Kryeprokurorja e brisht\u00eb me nj\u00eb look shum\u00eb fem\u00ebror, n\u00eb t\u00eb v\u00ebrtet\u00eb ia doli t\u00eb posht\u00ebronte regjimin, i cili ka qen\u00eb t\u00ebr\u00ebsisht arrogant, brutal dhe posht\u00ebrues ndaj nj\u00eb femre si ajo. E qart\u00eb, e vendosur, logjike, sidomos logjike p\u00ebrball\u00eb Fevziut, dhe e pafrik\u00ebsuar nga askush, ajo ka b\u00ebr\u00eb q\u00eb Shqip\u00ebria [&hellip;]<\/p>\n","protected":false},"author":1,"featured_media":0,"comment_status":"open","ping_status":"closed","sticky":false,"template":"","format":"standard","meta":{"footnotes":""},"categories":[2],"tags":[],"class_list":{"0":"post-11641","1":"post","2":"type-post","3":"status-publish","4":"format-standard","6":"category-artikuj"},"yoast_head":"<!-- This site is optimized with the Yoast SEO plugin v27.4 - https:\/\/yoast.com\/product\/yoast-seo-wordpress\/ -->\n<title>Nj\u00eb grua p\u00ebrball\u00eb Grave t\u00eb Regjimit! - FjALA e LIR\u00cb - Arkivi<\/title>\n<meta name=\"robots\" content=\"index, follow, max-snippet:-1, max-image-preview:large, max-video-preview:-1\" \/>\n<link rel=\"canonical\" href=\"https:\/\/fjala.info\/2009-2015\/nje-grua-perballe-grave-te-regjimit\/\" \/>\n<meta property=\"og:locale\" content=\"sq_AL\" \/>\n<meta property=\"og:type\" content=\"article\" \/>\n<meta property=\"og:title\" content=\"Nj\u00eb grua p\u00ebrball\u00eb Grave t\u00eb Regjimit! - FjALA e LIR\u00cb - Arkivi\" \/>\n<meta property=\"og:description\" content=\"Nga Mero Baze, 27 Janar 2012 Kryeprokurorja e brisht\u00eb me nj\u00eb look shum\u00eb fem\u00ebror, n\u00eb t\u00eb v\u00ebrtet\u00eb ia doli t\u00eb posht\u00ebronte regjimin, i cili ka qen\u00eb t\u00ebr\u00ebsisht arrogant, brutal dhe posht\u00ebrues ndaj nj\u00eb femre si ajo. E qart\u00eb, e vendosur, logjike, sidomos logjike p\u00ebrball\u00eb Fevziut, dhe e pafrik\u00ebsuar nga askush, ajo ka b\u00ebr\u00eb q\u00eb Shqip\u00ebria [&hellip;]\" \/>\n<meta property=\"og:url\" content=\"https:\/\/fjala.info\/2009-2015\/nje-grua-perballe-grave-te-regjimit\/\" \/>\n<meta property=\"og:site_name\" content=\"FjALA e LIR\u00cb - Arkivi\" \/>\n<meta property=\"article:published_time\" content=\"2012-01-27T21:03:53+00:00\" \/>\n<meta property=\"og:image\" content=\"http:\/\/www.shkoder.net\/images\/fjala\/mero_baze1.jpg\" \/>\n<meta name=\"author\" content=\"admin\" \/>\n<meta name=\"twitter:card\" content=\"summary_large_image\" \/>\n<meta name=\"twitter:label1\" content=\"Written by\" \/>\n\t<meta name=\"twitter:data1\" content=\"admin\" \/>\n\t<meta name=\"twitter:label2\" content=\"Est. reading time\" \/>\n\t<meta name=\"twitter:data2\" content=\"6 minutes\" \/>\n<script type=\"application\/ld+json\" class=\"yoast-schema-graph\">{\"@context\":\"https:\\\/\\\/schema.org\",\"@graph\":[{\"@type\":\"Article\",\"@id\":\"https:\\\/\\\/fjala.info\\\/2009-2015\\\/nje-grua-perballe-grave-te-regjimit\\\/#article\",\"isPartOf\":{\"@id\":\"https:\\\/\\\/fjala.info\\\/2009-2015\\\/nje-grua-perballe-grave-te-regjimit\\\/\"},\"author\":{\"name\":\"admin\",\"@id\":\"https:\\\/\\\/fjala.info\\\/2009-2015\\\/#\\\/schema\\\/person\\\/3aa1163ef05469c496fc94e77611ada2\"},\"headline\":\"Nj\u00eb grua p\u00ebrball\u00eb Grave t\u00eb Regjimit!\",\"datePublished\":\"2012-01-27T21:03:53+00:00\",\"mainEntityOfPage\":{\"@id\":\"https:\\\/\\\/fjala.info\\\/2009-2015\\\/nje-grua-perballe-grave-te-regjimit\\\/\"},\"wordCount\":1163,\"commentCount\":0,\"publisher\":{\"@id\":\"https:\\\/\\\/fjala.info\\\/2009-2015\\\/#organization\"},\"image\":{\"@id\":\"https:\\\/\\\/fjala.info\\\/2009-2015\\\/nje-grua-perballe-grave-te-regjimit\\\/#primaryimage\"},\"thumbnailUrl\":\"http:\\\/\\\/www.shkoder.net\\\/images\\\/fjala\\\/mero_baze1.jpg\",\"articleSection\":[\"Artikuj\"],\"inLanguage\":\"sq-AL\",\"potentialAction\":[{\"@type\":\"CommentAction\",\"name\":\"Comment\",\"target\":[\"https:\\\/\\\/fjala.info\\\/2009-2015\\\/nje-grua-perballe-grave-te-regjimit\\\/#respond\"]}]},{\"@type\":\"WebPage\",\"@id\":\"https:\\\/\\\/fjala.info\\\/2009-2015\\\/nje-grua-perballe-grave-te-regjimit\\\/\",\"url\":\"https:\\\/\\\/fjala.info\\\/2009-2015\\\/nje-grua-perballe-grave-te-regjimit\\\/\",\"name\":\"Nj\u00eb grua p\u00ebrball\u00eb Grave t\u00eb Regjimit! - FjALA e LIR\u00cb - Arkivi\",\"isPartOf\":{\"@id\":\"https:\\\/\\\/fjala.info\\\/2009-2015\\\/#website\"},\"primaryImageOfPage\":{\"@id\":\"https:\\\/\\\/fjala.info\\\/2009-2015\\\/nje-grua-perballe-grave-te-regjimit\\\/#primaryimage\"},\"image\":{\"@id\":\"https:\\\/\\\/fjala.info\\\/2009-2015\\\/nje-grua-perballe-grave-te-regjimit\\\/#primaryimage\"},\"thumbnailUrl\":\"http:\\\/\\\/www.shkoder.net\\\/images\\\/fjala\\\/mero_baze1.jpg\",\"datePublished\":\"2012-01-27T21:03:53+00:00\",\"breadcrumb\":{\"@id\":\"https:\\\/\\\/fjala.info\\\/2009-2015\\\/nje-grua-perballe-grave-te-regjimit\\\/#breadcrumb\"},\"inLanguage\":\"sq-AL\",\"potentialAction\":[{\"@type\":\"ReadAction\",\"target\":[\"https:\\\/\\\/fjala.info\\\/2009-2015\\\/nje-grua-perballe-grave-te-regjimit\\\/\"]}]},{\"@type\":\"ImageObject\",\"inLanguage\":\"sq-AL\",\"@id\":\"https:\\\/\\\/fjala.info\\\/2009-2015\\\/nje-grua-perballe-grave-te-regjimit\\\/#primaryimage\",\"url\":\"http:\\\/\\\/www.shkoder.net\\\/images\\\/fjala\\\/mero_baze1.jpg\",\"contentUrl\":\"http:\\\/\\\/www.shkoder.net\\\/images\\\/fjala\\\/mero_baze1.jpg\"},{\"@type\":\"BreadcrumbList\",\"@id\":\"https:\\\/\\\/fjala.info\\\/2009-2015\\\/nje-grua-perballe-grave-te-regjimit\\\/#breadcrumb\",\"itemListElement\":[{\"@type\":\"ListItem\",\"position\":1,\"name\":\"Home\",\"item\":\"https:\\\/\\\/fjala.info\\\/2009-2015\\\/\"},{\"@type\":\"ListItem\",\"position\":2,\"name\":\"Nj\u00eb grua p\u00ebrball\u00eb Grave t\u00eb Regjimit!\"}]},{\"@type\":\"WebSite\",\"@id\":\"https:\\\/\\\/fjala.info\\\/2009-2015\\\/#website\",\"url\":\"https:\\\/\\\/fjala.info\\\/2009-2015\\\/\",\"name\":\"FjALA e LIR\u00cb - Arkivi\",\"description\":\"Arkivi 2009-2015\",\"publisher\":{\"@id\":\"https:\\\/\\\/fjala.info\\\/2009-2015\\\/#organization\"},\"potentialAction\":[{\"@type\":\"SearchAction\",\"target\":{\"@type\":\"EntryPoint\",\"urlTemplate\":\"https:\\\/\\\/fjala.info\\\/2009-2015\\\/?s={search_term_string}\"},\"query-input\":{\"@type\":\"PropertyValueSpecification\",\"valueRequired\":true,\"valueName\":\"search_term_string\"}}],\"inLanguage\":\"sq-AL\"},{\"@type\":\"Organization\",\"@id\":\"https:\\\/\\\/fjala.info\\\/2009-2015\\\/#organization\",\"name\":\"FjALA e LIR\u00cb - Arkivi\",\"url\":\"https:\\\/\\\/fjala.info\\\/2009-2015\\\/\",\"logo\":{\"@type\":\"ImageObject\",\"inLanguage\":\"sq-AL\",\"@id\":\"https:\\\/\\\/fjala.info\\\/2009-2015\\\/#\\\/schema\\\/logo\\\/image\\\/\",\"url\":\"\",\"contentUrl\":\"\",\"caption\":\"FjALA e LIR\u00cb - Arkivi\"},\"image\":{\"@id\":\"https:\\\/\\\/fjala.info\\\/2009-2015\\\/#\\\/schema\\\/logo\\\/image\\\/\"}},{\"@type\":\"Person\",\"@id\":\"https:\\\/\\\/fjala.info\\\/2009-2015\\\/#\\\/schema\\\/person\\\/3aa1163ef05469c496fc94e77611ada2\",\"name\":\"admin\",\"image\":{\"@type\":\"ImageObject\",\"inLanguage\":\"sq-AL\",\"@id\":\"https:\\\/\\\/fjala.info\\\/2009-2015\\\/wp-content\\\/uploads\\\/2012\\\/02\\\/arben_cokaj-120x150.jpg\",\"url\":\"https:\\\/\\\/fjala.info\\\/2009-2015\\\/wp-content\\\/uploads\\\/2012\\\/02\\\/arben_cokaj-120x150.jpg\",\"contentUrl\":\"https:\\\/\\\/fjala.info\\\/2009-2015\\\/wp-content\\\/uploads\\\/2012\\\/02\\\/arben_cokaj-120x150.jpg\",\"caption\":\"admin\"},\"description\":\"Admin, Fjala e Lir\u00eb\",\"sameAs\":[\"https:\\\/\\\/fjala.info\\\/\"],\"url\":\"https:\\\/\\\/fjala.info\\\/2009-2015\\\/author\\\/admin\\\/\"}]}<\/script>\n<!-- \/ Yoast SEO plugin. -->","yoast_head_json":{"title":"Nj\u00eb grua p\u00ebrball\u00eb Grave t\u00eb Regjimit! - FjALA e LIR\u00cb - Arkivi","robots":{"index":"index","follow":"follow","max-snippet":"max-snippet:-1","max-image-preview":"max-image-preview:large","max-video-preview":"max-video-preview:-1"},"canonical":"https:\/\/fjala.info\/2009-2015\/nje-grua-perballe-grave-te-regjimit\/","og_locale":"sq_AL","og_type":"article","og_title":"Nj\u00eb grua p\u00ebrball\u00eb Grave t\u00eb Regjimit! - FjALA e LIR\u00cb - Arkivi","og_description":"Nga Mero Baze, 27 Janar 2012 Kryeprokurorja e brisht\u00eb me nj\u00eb look shum\u00eb fem\u00ebror, n\u00eb t\u00eb v\u00ebrtet\u00eb ia doli t\u00eb posht\u00ebronte regjimin, i cili ka qen\u00eb t\u00ebr\u00ebsisht arrogant, brutal dhe posht\u00ebrues ndaj nj\u00eb femre si ajo. E qart\u00eb, e vendosur, logjike, sidomos logjike p\u00ebrball\u00eb Fevziut, dhe e pafrik\u00ebsuar nga askush, ajo ka b\u00ebr\u00eb q\u00eb Shqip\u00ebria [&hellip;]","og_url":"https:\/\/fjala.info\/2009-2015\/nje-grua-perballe-grave-te-regjimit\/","og_site_name":"FjALA e LIR\u00cb - Arkivi","article_published_time":"2012-01-27T21:03:53+00:00","og_image":[{"url":"http:\/\/www.shkoder.net\/images\/fjala\/mero_baze1.jpg","type":"","width":"","height":""}],"author":"admin","twitter_card":"summary_large_image","twitter_misc":{"Written by":"admin","Est. reading time":"6 minutes"},"schema":{"@context":"https:\/\/schema.org","@graph":[{"@type":"Article","@id":"https:\/\/fjala.info\/2009-2015\/nje-grua-perballe-grave-te-regjimit\/#article","isPartOf":{"@id":"https:\/\/fjala.info\/2009-2015\/nje-grua-perballe-grave-te-regjimit\/"},"author":{"name":"admin","@id":"https:\/\/fjala.info\/2009-2015\/#\/schema\/person\/3aa1163ef05469c496fc94e77611ada2"},"headline":"Nj\u00eb grua p\u00ebrball\u00eb Grave t\u00eb Regjimit!","datePublished":"2012-01-27T21:03:53+00:00","mainEntityOfPage":{"@id":"https:\/\/fjala.info\/2009-2015\/nje-grua-perballe-grave-te-regjimit\/"},"wordCount":1163,"commentCount":0,"publisher":{"@id":"https:\/\/fjala.info\/2009-2015\/#organization"},"image":{"@id":"https:\/\/fjala.info\/2009-2015\/nje-grua-perballe-grave-te-regjimit\/#primaryimage"},"thumbnailUrl":"http:\/\/www.shkoder.net\/images\/fjala\/mero_baze1.jpg","articleSection":["Artikuj"],"inLanguage":"sq-AL","potentialAction":[{"@type":"CommentAction","name":"Comment","target":["https:\/\/fjala.info\/2009-2015\/nje-grua-perballe-grave-te-regjimit\/#respond"]}]},{"@type":"WebPage","@id":"https:\/\/fjala.info\/2009-2015\/nje-grua-perballe-grave-te-regjimit\/","url":"https:\/\/fjala.info\/2009-2015\/nje-grua-perballe-grave-te-regjimit\/","name":"Nj\u00eb grua p\u00ebrball\u00eb Grave t\u00eb Regjimit! - FjALA e LIR\u00cb - Arkivi","isPartOf":{"@id":"https:\/\/fjala.info\/2009-2015\/#website"},"primaryImageOfPage":{"@id":"https:\/\/fjala.info\/2009-2015\/nje-grua-perballe-grave-te-regjimit\/#primaryimage"},"image":{"@id":"https:\/\/fjala.info\/2009-2015\/nje-grua-perballe-grave-te-regjimit\/#primaryimage"},"thumbnailUrl":"http:\/\/www.shkoder.net\/images\/fjala\/mero_baze1.jpg","datePublished":"2012-01-27T21:03:53+00:00","breadcrumb":{"@id":"https:\/\/fjala.info\/2009-2015\/nje-grua-perballe-grave-te-regjimit\/#breadcrumb"},"inLanguage":"sq-AL","potentialAction":[{"@type":"ReadAction","target":["https:\/\/fjala.info\/2009-2015\/nje-grua-perballe-grave-te-regjimit\/"]}]},{"@type":"ImageObject","inLanguage":"sq-AL","@id":"https:\/\/fjala.info\/2009-2015\/nje-grua-perballe-grave-te-regjimit\/#primaryimage","url":"http:\/\/www.shkoder.net\/images\/fjala\/mero_baze1.jpg","contentUrl":"http:\/\/www.shkoder.net\/images\/fjala\/mero_baze1.jpg"},{"@type":"BreadcrumbList","@id":"https:\/\/fjala.info\/2009-2015\/nje-grua-perballe-grave-te-regjimit\/#breadcrumb","itemListElement":[{"@type":"ListItem","position":1,"name":"Home","item":"https:\/\/fjala.info\/2009-2015\/"},{"@type":"ListItem","position":2,"name":"Nj\u00eb grua p\u00ebrball\u00eb Grave t\u00eb Regjimit!"}]},{"@type":"WebSite","@id":"https:\/\/fjala.info\/2009-2015\/#website","url":"https:\/\/fjala.info\/2009-2015\/","name":"FjALA e LIR\u00cb - Arkivi","description":"Arkivi 2009-2015","publisher":{"@id":"https:\/\/fjala.info\/2009-2015\/#organization"},"potentialAction":[{"@type":"SearchAction","target":{"@type":"EntryPoint","urlTemplate":"https:\/\/fjala.info\/2009-2015\/?s={search_term_string}"},"query-input":{"@type":"PropertyValueSpecification","valueRequired":true,"valueName":"search_term_string"}}],"inLanguage":"sq-AL"},{"@type":"Organization","@id":"https:\/\/fjala.info\/2009-2015\/#organization","name":"FjALA e LIR\u00cb - Arkivi","url":"https:\/\/fjala.info\/2009-2015\/","logo":{"@type":"ImageObject","inLanguage":"sq-AL","@id":"https:\/\/fjala.info\/2009-2015\/#\/schema\/logo\/image\/","url":"","contentUrl":"","caption":"FjALA e LIR\u00cb - Arkivi"},"image":{"@id":"https:\/\/fjala.info\/2009-2015\/#\/schema\/logo\/image\/"}},{"@type":"Person","@id":"https:\/\/fjala.info\/2009-2015\/#\/schema\/person\/3aa1163ef05469c496fc94e77611ada2","name":"admin","image":{"@type":"ImageObject","inLanguage":"sq-AL","@id":"https:\/\/fjala.info\/2009-2015\/wp-content\/uploads\/2012\/02\/arben_cokaj-120x150.jpg","url":"https:\/\/fjala.info\/2009-2015\/wp-content\/uploads\/2012\/02\/arben_cokaj-120x150.jpg","contentUrl":"https:\/\/fjala.info\/2009-2015\/wp-content\/uploads\/2012\/02\/arben_cokaj-120x150.jpg","caption":"admin"},"description":"Admin, Fjala e Lir\u00eb","sameAs":["https:\/\/fjala.info\/"],"url":"https:\/\/fjala.info\/2009-2015\/author\/admin\/"}]}},"_links":{"self":[{"href":"https:\/\/fjala.info\/2009-2015\/wp-json\/wp\/v2\/posts\/11641","targetHints":{"allow":["GET"]}}],"collection":[{"href":"https:\/\/fjala.info\/2009-2015\/wp-json\/wp\/v2\/posts"}],"about":[{"href":"https:\/\/fjala.info\/2009-2015\/wp-json\/wp\/v2\/types\/post"}],"author":[{"embeddable":true,"href":"https:\/\/fjala.info\/2009-2015\/wp-json\/wp\/v2\/users\/1"}],"replies":[{"embeddable":true,"href":"https:\/\/fjala.info\/2009-2015\/wp-json\/wp\/v2\/comments?post=11641"}],"version-history":[{"count":0,"href":"https:\/\/fjala.info\/2009-2015\/wp-json\/wp\/v2\/posts\/11641\/revisions"}],"wp:attachment":[{"href":"https:\/\/fjala.info\/2009-2015\/wp-json\/wp\/v2\/media?parent=11641"}],"wp:term":[{"taxonomy":"category","embeddable":true,"href":"https:\/\/fjala.info\/2009-2015\/wp-json\/wp\/v2\/categories?post=11641"},{"taxonomy":"post_tag","embeddable":true,"href":"https:\/\/fjala.info\/2009-2015\/wp-json\/wp\/v2\/tags?post=11641"}],"curies":[{"name":"wp","href":"https:\/\/api.w.org\/{rel}","templated":true}]}}