{"id":11640,"date":"2012-01-27T21:33:13","date_gmt":"2012-01-27T20:33:13","guid":{"rendered":"http:\/\/fjala.shkoder.net\/?p=1419"},"modified":"2012-01-27T21:33:13","modified_gmt":"2012-01-27T20:33:13","slug":"ambasadori-danez-puna-e-prokurorise-per-21-janarin-profesionale-duhet-transparence-ne-gjykim","status":"publish","type":"post","link":"https:\/\/fjala.info\/2009-2015\/ambasadori-danez-puna-e-prokurorise-per-21-janarin-profesionale-duhet-transparence-ne-gjykim\/","title":{"rendered":"Ambasadori danez: Puna e prokuroris\u00eb p\u00ebr 21 janarin, profesionale. Duhet transparenc\u00eb n\u00eb gjykim"},"content":{"rendered":"<p><img decoding=\"async\" class=\"alignright size-thumbnail wp-image-7236\" title=\"Jensen - Rama\" src=\"http:\/\/www.shkoder.net\/2012\/jensen_rama.jpg\" alt=\"\" width=\"300\" \/> <strong>TemA Online<\/strong>, <em>27 Janar 2012<\/em><\/p>\n<p>Ambasadori i Danimark\u00ebs n\u00eb Tiran\u00eb, Karsten Jensen, vendi i t\u00eb cilit ka kreun e radh\u00ebs s\u00eb Presidenc\u00ebs s\u00eb BE-s\u00eb, ka k\u00ebrkuar hetim t\u00eb plot\u00eb dhe t\u00eb gjithansh\u00ebm t\u00eb 21 janarit. N\u00eb nj\u00eb takim me prokuroren e P\u00ebrgjithshme Ina Rama, ambasadori Jensen ka theksuar se duhet transparenc\u00eb dhe efektivitet n\u00eb gjykim.<\/p>\n<p>Mbi k\u00ebt\u00eb baz\u00eb, ambasadori shprehu mb\u00ebshtetjen e tij p\u00ebr prokurorin\u00eb shqiptare dhe pun\u00ebn profesionale t\u00eb kryer prej saj p\u00ebr 21 janarin dhe m\u00eb gjer\u00eb, si dhe vler\u00ebsoi bashk\u00ebpunimin midis instutucioneve t\u00eb akuz\u00ebs t\u00eb dy vendeve.<\/p>\n<p>N\u00eb takim u diskutua r\u00ebnd\u00ebsia se secili institucion duhet dhe e ka p\u00ebr detyr\u00eb t\u00eb punoj\u00eb n\u00eb m\u00ebnyr\u00eb t\u00eb pavarur, bazuar n\u00eb ligj dhe jasht\u00eb \u00e7do nd\u00ebrhyrjeje, p\u00ebr t\u00eb garantuar shtetin e s\u00eb drejt\u00ebs.<\/p>\n<p>Gjithashtu n\u00eb takim u vler\u00ebsua performanca e prokuroris\u00eb shqiptare si nj\u00eb nga hallkat e r\u00ebnd\u00ebsishme n\u00eb ruajtjen dhe zbatimin e ligjit.<\/p>\n<p>N\u00eb takim gjithashtu u ra dakort se mb\u00ebshtetja tek ligji, zbatimi me rigorozitet i tij dhe shmangia e \u00e7do ndikimi ekstraligjor nga organet e drejt\u00ebsis\u00eb \u00ebsht\u00eb nj\u00eb nga kushtet themeltar\u00eb t\u00eb funksionimit t\u00eb shtetit t\u00eb s\u00eb drejt\u00ebs dhe t\u00eb demokracis\u00eb n\u00eb vend.<\/p>\n<p>\/ora-news<\/p>\n","protected":false},"excerpt":{"rendered":"<p>TemA Online, 27 Janar 2012 Ambasadori i Danimark\u00ebs n\u00eb Tiran\u00eb, Karsten Jensen, vendi i t\u00eb cilit ka kreun e radh\u00ebs s\u00eb Presidenc\u00ebs s\u00eb BE-s\u00eb, ka k\u00ebrkuar hetim t\u00eb plot\u00eb dhe t\u00eb gjithansh\u00ebm t\u00eb 21 janarit. N\u00eb nj\u00eb takim me prokuroren e P\u00ebrgjithshme Ina Rama, ambasadori Jensen ka theksuar se duhet transparenc\u00eb dhe efektivitet n\u00eb gjykim. [&hellip;]<\/p>\n","protected":false},"author":1,"featured_media":0,"comment_status":"open","ping_status":"closed","sticky":false,"template":"","format":"standard","meta":{"footnotes":""},"categories":[2],"tags":[],"class_list":{"0":"post-11640","1":"post","2":"type-post","3":"status-publish","4":"format-standard","6":"category-artikuj"},"yoast_head":"<!-- This site is optimized with the Yoast SEO plugin v27.4 - https:\/\/yoast.com\/product\/yoast-seo-wordpress\/ -->\n<title>Ambasadori danez: Puna e prokuroris\u00eb p\u00ebr 21 janarin, profesionale. Duhet transparenc\u00eb n\u00eb gjykim - FjALA e LIR\u00cb - Arkivi<\/title>\n<meta name=\"robots\" content=\"index, follow, max-snippet:-1, max-image-preview:large, max-video-preview:-1\" \/>\n<link rel=\"canonical\" href=\"https:\/\/fjala.info\/2009-2015\/ambasadori-danez-puna-e-prokurorise-per-21-janarin-profesionale-duhet-transparence-ne-gjykim\/\" \/>\n<meta property=\"og:locale\" content=\"sq_AL\" \/>\n<meta property=\"og:type\" content=\"article\" \/>\n<meta property=\"og:title\" content=\"Ambasadori danez: Puna e prokuroris\u00eb p\u00ebr 21 janarin, profesionale. Duhet transparenc\u00eb n\u00eb gjykim - FjALA e LIR\u00cb - Arkivi\" \/>\n<meta property=\"og:description\" content=\"TemA Online, 27 Janar 2012 Ambasadori i Danimark\u00ebs n\u00eb Tiran\u00eb, Karsten Jensen, vendi i t\u00eb cilit ka kreun e radh\u00ebs s\u00eb Presidenc\u00ebs s\u00eb BE-s\u00eb, ka k\u00ebrkuar hetim t\u00eb plot\u00eb dhe t\u00eb gjithansh\u00ebm t\u00eb 21 janarit. N\u00eb nj\u00eb takim me prokuroren e P\u00ebrgjithshme Ina Rama, ambasadori Jensen ka theksuar se duhet transparenc\u00eb dhe efektivitet n\u00eb gjykim. [&hellip;]\" \/>\n<meta property=\"og:url\" content=\"https:\/\/fjala.info\/2009-2015\/ambasadori-danez-puna-e-prokurorise-per-21-janarin-profesionale-duhet-transparence-ne-gjykim\/\" \/>\n<meta property=\"og:site_name\" content=\"FjALA e LIR\u00cb - Arkivi\" \/>\n<meta property=\"article:published_time\" content=\"2012-01-27T20:33:13+00:00\" \/>\n<meta property=\"og:image\" content=\"http:\/\/www.shkoder.net\/2012\/jensen_rama.jpg\" \/>\n<meta name=\"author\" content=\"admin\" \/>\n<meta name=\"twitter:card\" content=\"summary_large_image\" \/>\n<meta name=\"twitter:label1\" content=\"Written by\" \/>\n\t<meta name=\"twitter:data1\" content=\"admin\" \/>\n\t<meta name=\"twitter:label2\" content=\"Est. reading time\" \/>\n\t<meta name=\"twitter:data2\" content=\"1 minute\" \/>\n<script type=\"application\/ld+json\" class=\"yoast-schema-graph\">{\"@context\":\"https:\\\/\\\/schema.org\",\"@graph\":[{\"@type\":\"Article\",\"@id\":\"https:\\\/\\\/fjala.info\\\/2009-2015\\\/ambasadori-danez-puna-e-prokurorise-per-21-janarin-profesionale-duhet-transparence-ne-gjykim\\\/#article\",\"isPartOf\":{\"@id\":\"https:\\\/\\\/fjala.info\\\/2009-2015\\\/ambasadori-danez-puna-e-prokurorise-per-21-janarin-profesionale-duhet-transparence-ne-gjykim\\\/\"},\"author\":{\"name\":\"admin\",\"@id\":\"https:\\\/\\\/fjala.info\\\/2009-2015\\\/#\\\/schema\\\/person\\\/3aa1163ef05469c496fc94e77611ada2\"},\"headline\":\"Ambasadori danez: Puna e prokuroris\u00eb p\u00ebr 21 janarin, profesionale. Duhet transparenc\u00eb n\u00eb gjykim\",\"datePublished\":\"2012-01-27T20:33:13+00:00\",\"mainEntityOfPage\":{\"@id\":\"https:\\\/\\\/fjala.info\\\/2009-2015\\\/ambasadori-danez-puna-e-prokurorise-per-21-janarin-profesionale-duhet-transparence-ne-gjykim\\\/\"},\"wordCount\":224,\"commentCount\":0,\"publisher\":{\"@id\":\"https:\\\/\\\/fjala.info\\\/2009-2015\\\/#organization\"},\"image\":{\"@id\":\"https:\\\/\\\/fjala.info\\\/2009-2015\\\/ambasadori-danez-puna-e-prokurorise-per-21-janarin-profesionale-duhet-transparence-ne-gjykim\\\/#primaryimage\"},\"thumbnailUrl\":\"http:\\\/\\\/www.shkoder.net\\\/2012\\\/jensen_rama.jpg\",\"articleSection\":[\"Artikuj\"],\"inLanguage\":\"sq-AL\",\"potentialAction\":[{\"@type\":\"CommentAction\",\"name\":\"Comment\",\"target\":[\"https:\\\/\\\/fjala.info\\\/2009-2015\\\/ambasadori-danez-puna-e-prokurorise-per-21-janarin-profesionale-duhet-transparence-ne-gjykim\\\/#respond\"]}]},{\"@type\":\"WebPage\",\"@id\":\"https:\\\/\\\/fjala.info\\\/2009-2015\\\/ambasadori-danez-puna-e-prokurorise-per-21-janarin-profesionale-duhet-transparence-ne-gjykim\\\/\",\"url\":\"https:\\\/\\\/fjala.info\\\/2009-2015\\\/ambasadori-danez-puna-e-prokurorise-per-21-janarin-profesionale-duhet-transparence-ne-gjykim\\\/\",\"name\":\"Ambasadori danez: Puna e prokuroris\u00eb p\u00ebr 21 janarin, profesionale. Duhet transparenc\u00eb n\u00eb gjykim - FjALA e LIR\u00cb - Arkivi\",\"isPartOf\":{\"@id\":\"https:\\\/\\\/fjala.info\\\/2009-2015\\\/#website\"},\"primaryImageOfPage\":{\"@id\":\"https:\\\/\\\/fjala.info\\\/2009-2015\\\/ambasadori-danez-puna-e-prokurorise-per-21-janarin-profesionale-duhet-transparence-ne-gjykim\\\/#primaryimage\"},\"image\":{\"@id\":\"https:\\\/\\\/fjala.info\\\/2009-2015\\\/ambasadori-danez-puna-e-prokurorise-per-21-janarin-profesionale-duhet-transparence-ne-gjykim\\\/#primaryimage\"},\"thumbnailUrl\":\"http:\\\/\\\/www.shkoder.net\\\/2012\\\/jensen_rama.jpg\",\"datePublished\":\"2012-01-27T20:33:13+00:00\",\"breadcrumb\":{\"@id\":\"https:\\\/\\\/fjala.info\\\/2009-2015\\\/ambasadori-danez-puna-e-prokurorise-per-21-janarin-profesionale-duhet-transparence-ne-gjykim\\\/#breadcrumb\"},\"inLanguage\":\"sq-AL\",\"potentialAction\":[{\"@type\":\"ReadAction\",\"target\":[\"https:\\\/\\\/fjala.info\\\/2009-2015\\\/ambasadori-danez-puna-e-prokurorise-per-21-janarin-profesionale-duhet-transparence-ne-gjykim\\\/\"]}]},{\"@type\":\"ImageObject\",\"inLanguage\":\"sq-AL\",\"@id\":\"https:\\\/\\\/fjala.info\\\/2009-2015\\\/ambasadori-danez-puna-e-prokurorise-per-21-janarin-profesionale-duhet-transparence-ne-gjykim\\\/#primaryimage\",\"url\":\"http:\\\/\\\/www.shkoder.net\\\/2012\\\/jensen_rama.jpg\",\"contentUrl\":\"http:\\\/\\\/www.shkoder.net\\\/2012\\\/jensen_rama.jpg\"},{\"@type\":\"BreadcrumbList\",\"@id\":\"https:\\\/\\\/fjala.info\\\/2009-2015\\\/ambasadori-danez-puna-e-prokurorise-per-21-janarin-profesionale-duhet-transparence-ne-gjykim\\\/#breadcrumb\",\"itemListElement\":[{\"@type\":\"ListItem\",\"position\":1,\"name\":\"Home\",\"item\":\"https:\\\/\\\/fjala.info\\\/2009-2015\\\/\"},{\"@type\":\"ListItem\",\"position\":2,\"name\":\"Ambasadori danez: Puna e prokuroris\u00eb p\u00ebr 21 janarin, profesionale. Duhet transparenc\u00eb n\u00eb gjykim\"}]},{\"@type\":\"WebSite\",\"@id\":\"https:\\\/\\\/fjala.info\\\/2009-2015\\\/#website\",\"url\":\"https:\\\/\\\/fjala.info\\\/2009-2015\\\/\",\"name\":\"FjALA e LIR\u00cb - Arkivi\",\"description\":\"Arkivi 2009-2015\",\"publisher\":{\"@id\":\"https:\\\/\\\/fjala.info\\\/2009-2015\\\/#organization\"},\"potentialAction\":[{\"@type\":\"SearchAction\",\"target\":{\"@type\":\"EntryPoint\",\"urlTemplate\":\"https:\\\/\\\/fjala.info\\\/2009-2015\\\/?s={search_term_string}\"},\"query-input\":{\"@type\":\"PropertyValueSpecification\",\"valueRequired\":true,\"valueName\":\"search_term_string\"}}],\"inLanguage\":\"sq-AL\"},{\"@type\":\"Organization\",\"@id\":\"https:\\\/\\\/fjala.info\\\/2009-2015\\\/#organization\",\"name\":\"FjALA e LIR\u00cb - Arkivi\",\"url\":\"https:\\\/\\\/fjala.info\\\/2009-2015\\\/\",\"logo\":{\"@type\":\"ImageObject\",\"inLanguage\":\"sq-AL\",\"@id\":\"https:\\\/\\\/fjala.info\\\/2009-2015\\\/#\\\/schema\\\/logo\\\/image\\\/\",\"url\":\"\",\"contentUrl\":\"\",\"caption\":\"FjALA e LIR\u00cb - Arkivi\"},\"image\":{\"@id\":\"https:\\\/\\\/fjala.info\\\/2009-2015\\\/#\\\/schema\\\/logo\\\/image\\\/\"}},{\"@type\":\"Person\",\"@id\":\"https:\\\/\\\/fjala.info\\\/2009-2015\\\/#\\\/schema\\\/person\\\/3aa1163ef05469c496fc94e77611ada2\",\"name\":\"admin\",\"image\":{\"@type\":\"ImageObject\",\"inLanguage\":\"sq-AL\",\"@id\":\"https:\\\/\\\/fjala.info\\\/2009-2015\\\/wp-content\\\/uploads\\\/2012\\\/02\\\/arben_cokaj-120x150.jpg\",\"url\":\"https:\\\/\\\/fjala.info\\\/2009-2015\\\/wp-content\\\/uploads\\\/2012\\\/02\\\/arben_cokaj-120x150.jpg\",\"contentUrl\":\"https:\\\/\\\/fjala.info\\\/2009-2015\\\/wp-content\\\/uploads\\\/2012\\\/02\\\/arben_cokaj-120x150.jpg\",\"caption\":\"admin\"},\"description\":\"Admin, Fjala e Lir\u00eb\",\"sameAs\":[\"https:\\\/\\\/fjala.info\\\/\"],\"url\":\"https:\\\/\\\/fjala.info\\\/2009-2015\\\/author\\\/admin\\\/\"}]}<\/script>\n<!-- \/ Yoast SEO plugin. -->","yoast_head_json":{"title":"Ambasadori danez: Puna e prokuroris\u00eb p\u00ebr 21 janarin, profesionale. Duhet transparenc\u00eb n\u00eb gjykim - FjALA e LIR\u00cb - Arkivi","robots":{"index":"index","follow":"follow","max-snippet":"max-snippet:-1","max-image-preview":"max-image-preview:large","max-video-preview":"max-video-preview:-1"},"canonical":"https:\/\/fjala.info\/2009-2015\/ambasadori-danez-puna-e-prokurorise-per-21-janarin-profesionale-duhet-transparence-ne-gjykim\/","og_locale":"sq_AL","og_type":"article","og_title":"Ambasadori danez: Puna e prokuroris\u00eb p\u00ebr 21 janarin, profesionale. Duhet transparenc\u00eb n\u00eb gjykim - FjALA e LIR\u00cb - Arkivi","og_description":"TemA Online, 27 Janar 2012 Ambasadori i Danimark\u00ebs n\u00eb Tiran\u00eb, Karsten Jensen, vendi i t\u00eb cilit ka kreun e radh\u00ebs s\u00eb Presidenc\u00ebs s\u00eb BE-s\u00eb, ka k\u00ebrkuar hetim t\u00eb plot\u00eb dhe t\u00eb gjithansh\u00ebm t\u00eb 21 janarit. N\u00eb nj\u00eb takim me prokuroren e P\u00ebrgjithshme Ina Rama, ambasadori Jensen ka theksuar se duhet transparenc\u00eb dhe efektivitet n\u00eb gjykim. [&hellip;]","og_url":"https:\/\/fjala.info\/2009-2015\/ambasadori-danez-puna-e-prokurorise-per-21-janarin-profesionale-duhet-transparence-ne-gjykim\/","og_site_name":"FjALA e LIR\u00cb - Arkivi","article_published_time":"2012-01-27T20:33:13+00:00","og_image":[{"url":"http:\/\/www.shkoder.net\/2012\/jensen_rama.jpg","type":"","width":"","height":""}],"author":"admin","twitter_card":"summary_large_image","twitter_misc":{"Written by":"admin","Est. reading time":"1 minute"},"schema":{"@context":"https:\/\/schema.org","@graph":[{"@type":"Article","@id":"https:\/\/fjala.info\/2009-2015\/ambasadori-danez-puna-e-prokurorise-per-21-janarin-profesionale-duhet-transparence-ne-gjykim\/#article","isPartOf":{"@id":"https:\/\/fjala.info\/2009-2015\/ambasadori-danez-puna-e-prokurorise-per-21-janarin-profesionale-duhet-transparence-ne-gjykim\/"},"author":{"name":"admin","@id":"https:\/\/fjala.info\/2009-2015\/#\/schema\/person\/3aa1163ef05469c496fc94e77611ada2"},"headline":"Ambasadori danez: Puna e prokuroris\u00eb p\u00ebr 21 janarin, profesionale. Duhet transparenc\u00eb n\u00eb gjykim","datePublished":"2012-01-27T20:33:13+00:00","mainEntityOfPage":{"@id":"https:\/\/fjala.info\/2009-2015\/ambasadori-danez-puna-e-prokurorise-per-21-janarin-profesionale-duhet-transparence-ne-gjykim\/"},"wordCount":224,"commentCount":0,"publisher":{"@id":"https:\/\/fjala.info\/2009-2015\/#organization"},"image":{"@id":"https:\/\/fjala.info\/2009-2015\/ambasadori-danez-puna-e-prokurorise-per-21-janarin-profesionale-duhet-transparence-ne-gjykim\/#primaryimage"},"thumbnailUrl":"http:\/\/www.shkoder.net\/2012\/jensen_rama.jpg","articleSection":["Artikuj"],"inLanguage":"sq-AL","potentialAction":[{"@type":"CommentAction","name":"Comment","target":["https:\/\/fjala.info\/2009-2015\/ambasadori-danez-puna-e-prokurorise-per-21-janarin-profesionale-duhet-transparence-ne-gjykim\/#respond"]}]},{"@type":"WebPage","@id":"https:\/\/fjala.info\/2009-2015\/ambasadori-danez-puna-e-prokurorise-per-21-janarin-profesionale-duhet-transparence-ne-gjykim\/","url":"https:\/\/fjala.info\/2009-2015\/ambasadori-danez-puna-e-prokurorise-per-21-janarin-profesionale-duhet-transparence-ne-gjykim\/","name":"Ambasadori danez: Puna e prokuroris\u00eb p\u00ebr 21 janarin, profesionale. Duhet transparenc\u00eb n\u00eb gjykim - FjALA e LIR\u00cb - Arkivi","isPartOf":{"@id":"https:\/\/fjala.info\/2009-2015\/#website"},"primaryImageOfPage":{"@id":"https:\/\/fjala.info\/2009-2015\/ambasadori-danez-puna-e-prokurorise-per-21-janarin-profesionale-duhet-transparence-ne-gjykim\/#primaryimage"},"image":{"@id":"https:\/\/fjala.info\/2009-2015\/ambasadori-danez-puna-e-prokurorise-per-21-janarin-profesionale-duhet-transparence-ne-gjykim\/#primaryimage"},"thumbnailUrl":"http:\/\/www.shkoder.net\/2012\/jensen_rama.jpg","datePublished":"2012-01-27T20:33:13+00:00","breadcrumb":{"@id":"https:\/\/fjala.info\/2009-2015\/ambasadori-danez-puna-e-prokurorise-per-21-janarin-profesionale-duhet-transparence-ne-gjykim\/#breadcrumb"},"inLanguage":"sq-AL","potentialAction":[{"@type":"ReadAction","target":["https:\/\/fjala.info\/2009-2015\/ambasadori-danez-puna-e-prokurorise-per-21-janarin-profesionale-duhet-transparence-ne-gjykim\/"]}]},{"@type":"ImageObject","inLanguage":"sq-AL","@id":"https:\/\/fjala.info\/2009-2015\/ambasadori-danez-puna-e-prokurorise-per-21-janarin-profesionale-duhet-transparence-ne-gjykim\/#primaryimage","url":"http:\/\/www.shkoder.net\/2012\/jensen_rama.jpg","contentUrl":"http:\/\/www.shkoder.net\/2012\/jensen_rama.jpg"},{"@type":"BreadcrumbList","@id":"https:\/\/fjala.info\/2009-2015\/ambasadori-danez-puna-e-prokurorise-per-21-janarin-profesionale-duhet-transparence-ne-gjykim\/#breadcrumb","itemListElement":[{"@type":"ListItem","position":1,"name":"Home","item":"https:\/\/fjala.info\/2009-2015\/"},{"@type":"ListItem","position":2,"name":"Ambasadori danez: Puna e prokuroris\u00eb p\u00ebr 21 janarin, profesionale. Duhet transparenc\u00eb n\u00eb gjykim"}]},{"@type":"WebSite","@id":"https:\/\/fjala.info\/2009-2015\/#website","url":"https:\/\/fjala.info\/2009-2015\/","name":"FjALA e LIR\u00cb - Arkivi","description":"Arkivi 2009-2015","publisher":{"@id":"https:\/\/fjala.info\/2009-2015\/#organization"},"potentialAction":[{"@type":"SearchAction","target":{"@type":"EntryPoint","urlTemplate":"https:\/\/fjala.info\/2009-2015\/?s={search_term_string}"},"query-input":{"@type":"PropertyValueSpecification","valueRequired":true,"valueName":"search_term_string"}}],"inLanguage":"sq-AL"},{"@type":"Organization","@id":"https:\/\/fjala.info\/2009-2015\/#organization","name":"FjALA e LIR\u00cb - Arkivi","url":"https:\/\/fjala.info\/2009-2015\/","logo":{"@type":"ImageObject","inLanguage":"sq-AL","@id":"https:\/\/fjala.info\/2009-2015\/#\/schema\/logo\/image\/","url":"","contentUrl":"","caption":"FjALA e LIR\u00cb - Arkivi"},"image":{"@id":"https:\/\/fjala.info\/2009-2015\/#\/schema\/logo\/image\/"}},{"@type":"Person","@id":"https:\/\/fjala.info\/2009-2015\/#\/schema\/person\/3aa1163ef05469c496fc94e77611ada2","name":"admin","image":{"@type":"ImageObject","inLanguage":"sq-AL","@id":"https:\/\/fjala.info\/2009-2015\/wp-content\/uploads\/2012\/02\/arben_cokaj-120x150.jpg","url":"https:\/\/fjala.info\/2009-2015\/wp-content\/uploads\/2012\/02\/arben_cokaj-120x150.jpg","contentUrl":"https:\/\/fjala.info\/2009-2015\/wp-content\/uploads\/2012\/02\/arben_cokaj-120x150.jpg","caption":"admin"},"description":"Admin, Fjala e Lir\u00eb","sameAs":["https:\/\/fjala.info\/"],"url":"https:\/\/fjala.info\/2009-2015\/author\/admin\/"}]}},"_links":{"self":[{"href":"https:\/\/fjala.info\/2009-2015\/wp-json\/wp\/v2\/posts\/11640","targetHints":{"allow":["GET"]}}],"collection":[{"href":"https:\/\/fjala.info\/2009-2015\/wp-json\/wp\/v2\/posts"}],"about":[{"href":"https:\/\/fjala.info\/2009-2015\/wp-json\/wp\/v2\/types\/post"}],"author":[{"embeddable":true,"href":"https:\/\/fjala.info\/2009-2015\/wp-json\/wp\/v2\/users\/1"}],"replies":[{"embeddable":true,"href":"https:\/\/fjala.info\/2009-2015\/wp-json\/wp\/v2\/comments?post=11640"}],"version-history":[{"count":0,"href":"https:\/\/fjala.info\/2009-2015\/wp-json\/wp\/v2\/posts\/11640\/revisions"}],"wp:attachment":[{"href":"https:\/\/fjala.info\/2009-2015\/wp-json\/wp\/v2\/media?parent=11640"}],"wp:term":[{"taxonomy":"category","embeddable":true,"href":"https:\/\/fjala.info\/2009-2015\/wp-json\/wp\/v2\/categories?post=11640"},{"taxonomy":"post_tag","embeddable":true,"href":"https:\/\/fjala.info\/2009-2015\/wp-json\/wp\/v2\/tags?post=11640"}],"curies":[{"name":"wp","href":"https:\/\/api.w.org\/{rel}","templated":true}]}}