{"id":11639,"date":"2012-01-27T21:28:24","date_gmt":"2012-01-27T20:28:24","guid":{"rendered":"http:\/\/fjala.shkoder.net\/?p=1415"},"modified":"2012-01-27T21:28:24","modified_gmt":"2012-01-27T20:28:24","slug":"mallkimi-i-greqise","status":"publish","type":"post","link":"https:\/\/fjala.info\/2009-2015\/mallkimi-i-greqise\/","title":{"rendered":"Mallkimi i Greqis\u00eb"},"content":{"rendered":"<p><img decoding=\"async\" class=\"alignright size-thumbnail wp-image-7236\" title=\"Mallkimi grek\" src=\"http:\/\/www.shkoder.net\/2012\/mallkimi_grek.jpg\" alt=\"\" width=\"300\" \/> <strong>TemA<\/strong>, <em>27 Janar 2012<\/em><\/p>\n<p>\u201cKriza n\u00eb Greqi nuk di t\u00eb p\u00ebrfundoj\u00eb kurr\u00eb: pak p\u00ebrpara samitit t\u00eb BE, situata dramatike n\u00eb Greqi ka acaruar ndjesh\u00ebm qeverin\u00eb gjermane. Kancelarja dhe FDP n\u00eb koalicion me t\u00eb, nuk duan t\u2019ia din\u00eb m\u00eb p\u00ebr ndihma t\u00eb m\u00ebtejshme p\u00ebr Greqin\u00eb &#8211; por a do e mbajn\u00eb ata dot nj\u00eb linj\u00eb kaq t\u00eb ashp\u00ebr?\u201d.<\/p>\n<p>K\u00ebshtu nis shkrimin e saj e p\u00ebrjavshmja gjermane \u2018Der Spiegel\u2019.<\/p>\n<p>Sipas saj, kur t\u00eb h\u00ebn\u00ebn n\u00eb Bruksel t\u00eb mblidhen shefat e shteteve dhe qeverive evropiane, n\u00eb axhend\u00eb nuk do jet\u00eb Greqia. T\u00eb pakt\u00ebn jo zyrtarisht. Komisioni Europian ka njoftuar se Greqia ka nevoj\u00eb p\u00ebr m\u00eb shum\u00eb para. S\u00ebrish. Di\u00e7ka e till\u00eb ka t\u00ebrbuar Berlinin. Merkel duket e prer\u00eb: Greqia nuk do marr\u00eb m\u00eb para. \u201c\u00cbsht\u00eb si nj\u00eb mallkim, kriza n\u00eb Greqi nuk di t\u00eb marr\u00eb kurr\u00eb fund,\u201d &#8211; shkruan Der Spiegel.<\/p>\n<p>Por nd\u00ebrsa shum\u00eb gjerman\u00eb jan\u00eb t\u00eb k\u00ebnaqur q\u00eb parat\u00eb e tyre nuk do shkojn\u00eb n\u00eb Greqi, problemi \u00ebsht\u00eb se si do dilet nga kjo situat\u00eb. \u00cbsht\u00eb kollaj t\u00eb k\u00ebrkosh nga lider\u00ebt e Athin\u00ebs t\u00eb b\u00ebjn\u00eb gj\u00ebrat mir\u00eb, por ata nuk po ia dalin dot. Aq m\u00eb tep\u00ebr q\u00eb \u2018arka e shp\u00ebtimit\u2019, prej nga po dalin parat\u00eb p\u00ebr vendet n\u00eb kriz\u00eb, nuk po rezulton efikase. Edhe vet\u00eb FMN e thot\u00eb se masat e shumta monetare p\u00ebr shp\u00ebtimin e eurozon\u00ebs mund t\u00eb p\u00ebrkeq\u00ebsojn\u00eb situat\u00ebn.<\/p>\n<p>Duhen reforma m\u00eb t\u00eb qarta p\u00ebr t\u00eb ulur papun\u00ebsin\u00eb, p\u00ebr t\u00eb nxitur biznesin e vog\u00ebl. N\u00ebse do d\u00ebrgojm\u00eb para, ato duhet t\u00eb shkojn\u00eb p\u00ebr rritje ekonomike dhe p\u00ebr krijim t\u00eb vendeve t\u00eb pun\u00ebs. Megjithat\u00eb di\u00e7ka \u00ebsht\u00eb e sigurt, n\u00eb Bruksel do flitet t\u00eb h\u00ebn\u00ebn shum\u00eb p\u00ebr Athin\u00ebn. Ve\u00e7se Merkel ka di\u00e7ka bezdi: nuk do t\u00eb flas\u00eb m\u00eb publikisht p\u00ebr k\u00ebt\u00eb \u00e7\u00ebshtje. E ka lodhur.<\/p>\n","protected":false},"excerpt":{"rendered":"<p>TemA, 27 Janar 2012 \u201cKriza n\u00eb Greqi nuk di t\u00eb p\u00ebrfundoj\u00eb kurr\u00eb: pak p\u00ebrpara samitit t\u00eb BE, situata dramatike n\u00eb Greqi ka acaruar ndjesh\u00ebm qeverin\u00eb gjermane. Kancelarja dhe FDP n\u00eb koalicion me t\u00eb, nuk duan t\u2019ia din\u00eb m\u00eb p\u00ebr ndihma t\u00eb m\u00ebtejshme p\u00ebr Greqin\u00eb &#8211; por a do e mbajn\u00eb ata dot nj\u00eb linj\u00eb kaq [&hellip;]<\/p>\n","protected":false},"author":1,"featured_media":0,"comment_status":"open","ping_status":"closed","sticky":false,"template":"","format":"standard","meta":{"footnotes":""},"categories":[2],"tags":[],"class_list":{"0":"post-11639","1":"post","2":"type-post","3":"status-publish","4":"format-standard","6":"category-artikuj"},"yoast_head":"<!-- This site is optimized with the Yoast SEO plugin v27.4 - https:\/\/yoast.com\/product\/yoast-seo-wordpress\/ -->\n<title>Mallkimi i Greqis\u00eb - FjALA e LIR\u00cb - Arkivi<\/title>\n<meta name=\"robots\" content=\"index, follow, max-snippet:-1, max-image-preview:large, max-video-preview:-1\" \/>\n<link rel=\"canonical\" href=\"https:\/\/fjala.info\/2009-2015\/mallkimi-i-greqise\/\" \/>\n<meta property=\"og:locale\" content=\"sq_AL\" \/>\n<meta property=\"og:type\" content=\"article\" \/>\n<meta property=\"og:title\" content=\"Mallkimi i Greqis\u00eb - FjALA e LIR\u00cb - Arkivi\" \/>\n<meta property=\"og:description\" content=\"TemA, 27 Janar 2012 \u201cKriza n\u00eb Greqi nuk di t\u00eb p\u00ebrfundoj\u00eb kurr\u00eb: pak p\u00ebrpara samitit t\u00eb BE, situata dramatike n\u00eb Greqi ka acaruar ndjesh\u00ebm qeverin\u00eb gjermane. Kancelarja dhe FDP n\u00eb koalicion me t\u00eb, nuk duan t\u2019ia din\u00eb m\u00eb p\u00ebr ndihma t\u00eb m\u00ebtejshme p\u00ebr Greqin\u00eb &#8211; por a do e mbajn\u00eb ata dot nj\u00eb linj\u00eb kaq [&hellip;]\" \/>\n<meta property=\"og:url\" content=\"https:\/\/fjala.info\/2009-2015\/mallkimi-i-greqise\/\" \/>\n<meta property=\"og:site_name\" content=\"FjALA e LIR\u00cb - Arkivi\" \/>\n<meta property=\"article:published_time\" content=\"2012-01-27T20:28:24+00:00\" \/>\n<meta property=\"og:image\" content=\"http:\/\/www.shkoder.net\/2012\/mallkimi_grek.jpg\" \/>\n<meta name=\"author\" content=\"admin\" \/>\n<meta name=\"twitter:card\" content=\"summary_large_image\" \/>\n<meta name=\"twitter:label1\" content=\"Written by\" \/>\n\t<meta name=\"twitter:data1\" content=\"admin\" \/>\n\t<meta name=\"twitter:label2\" content=\"Est. reading time\" \/>\n\t<meta name=\"twitter:data2\" content=\"2 minutes\" \/>\n<script type=\"application\/ld+json\" class=\"yoast-schema-graph\">{\"@context\":\"https:\\\/\\\/schema.org\",\"@graph\":[{\"@type\":\"Article\",\"@id\":\"https:\\\/\\\/fjala.info\\\/2009-2015\\\/mallkimi-i-greqise\\\/#article\",\"isPartOf\":{\"@id\":\"https:\\\/\\\/fjala.info\\\/2009-2015\\\/mallkimi-i-greqise\\\/\"},\"author\":{\"name\":\"admin\",\"@id\":\"https:\\\/\\\/fjala.info\\\/2009-2015\\\/#\\\/schema\\\/person\\\/3aa1163ef05469c496fc94e77611ada2\"},\"headline\":\"Mallkimi i Greqis\u00eb\",\"datePublished\":\"2012-01-27T20:28:24+00:00\",\"mainEntityOfPage\":{\"@id\":\"https:\\\/\\\/fjala.info\\\/2009-2015\\\/mallkimi-i-greqise\\\/\"},\"wordCount\":336,\"commentCount\":0,\"publisher\":{\"@id\":\"https:\\\/\\\/fjala.info\\\/2009-2015\\\/#organization\"},\"image\":{\"@id\":\"https:\\\/\\\/fjala.info\\\/2009-2015\\\/mallkimi-i-greqise\\\/#primaryimage\"},\"thumbnailUrl\":\"http:\\\/\\\/www.shkoder.net\\\/2012\\\/mallkimi_grek.jpg\",\"articleSection\":[\"Artikuj\"],\"inLanguage\":\"sq-AL\",\"potentialAction\":[{\"@type\":\"CommentAction\",\"name\":\"Comment\",\"target\":[\"https:\\\/\\\/fjala.info\\\/2009-2015\\\/mallkimi-i-greqise\\\/#respond\"]}]},{\"@type\":\"WebPage\",\"@id\":\"https:\\\/\\\/fjala.info\\\/2009-2015\\\/mallkimi-i-greqise\\\/\",\"url\":\"https:\\\/\\\/fjala.info\\\/2009-2015\\\/mallkimi-i-greqise\\\/\",\"name\":\"Mallkimi i Greqis\u00eb - FjALA e LIR\u00cb - Arkivi\",\"isPartOf\":{\"@id\":\"https:\\\/\\\/fjala.info\\\/2009-2015\\\/#website\"},\"primaryImageOfPage\":{\"@id\":\"https:\\\/\\\/fjala.info\\\/2009-2015\\\/mallkimi-i-greqise\\\/#primaryimage\"},\"image\":{\"@id\":\"https:\\\/\\\/fjala.info\\\/2009-2015\\\/mallkimi-i-greqise\\\/#primaryimage\"},\"thumbnailUrl\":\"http:\\\/\\\/www.shkoder.net\\\/2012\\\/mallkimi_grek.jpg\",\"datePublished\":\"2012-01-27T20:28:24+00:00\",\"breadcrumb\":{\"@id\":\"https:\\\/\\\/fjala.info\\\/2009-2015\\\/mallkimi-i-greqise\\\/#breadcrumb\"},\"inLanguage\":\"sq-AL\",\"potentialAction\":[{\"@type\":\"ReadAction\",\"target\":[\"https:\\\/\\\/fjala.info\\\/2009-2015\\\/mallkimi-i-greqise\\\/\"]}]},{\"@type\":\"ImageObject\",\"inLanguage\":\"sq-AL\",\"@id\":\"https:\\\/\\\/fjala.info\\\/2009-2015\\\/mallkimi-i-greqise\\\/#primaryimage\",\"url\":\"http:\\\/\\\/www.shkoder.net\\\/2012\\\/mallkimi_grek.jpg\",\"contentUrl\":\"http:\\\/\\\/www.shkoder.net\\\/2012\\\/mallkimi_grek.jpg\"},{\"@type\":\"BreadcrumbList\",\"@id\":\"https:\\\/\\\/fjala.info\\\/2009-2015\\\/mallkimi-i-greqise\\\/#breadcrumb\",\"itemListElement\":[{\"@type\":\"ListItem\",\"position\":1,\"name\":\"Home\",\"item\":\"https:\\\/\\\/fjala.info\\\/2009-2015\\\/\"},{\"@type\":\"ListItem\",\"position\":2,\"name\":\"Mallkimi i Greqis\u00eb\"}]},{\"@type\":\"WebSite\",\"@id\":\"https:\\\/\\\/fjala.info\\\/2009-2015\\\/#website\",\"url\":\"https:\\\/\\\/fjala.info\\\/2009-2015\\\/\",\"name\":\"FjALA e LIR\u00cb - Arkivi\",\"description\":\"Arkivi 2009-2015\",\"publisher\":{\"@id\":\"https:\\\/\\\/fjala.info\\\/2009-2015\\\/#organization\"},\"potentialAction\":[{\"@type\":\"SearchAction\",\"target\":{\"@type\":\"EntryPoint\",\"urlTemplate\":\"https:\\\/\\\/fjala.info\\\/2009-2015\\\/?s={search_term_string}\"},\"query-input\":{\"@type\":\"PropertyValueSpecification\",\"valueRequired\":true,\"valueName\":\"search_term_string\"}}],\"inLanguage\":\"sq-AL\"},{\"@type\":\"Organization\",\"@id\":\"https:\\\/\\\/fjala.info\\\/2009-2015\\\/#organization\",\"name\":\"FjALA e LIR\u00cb - Arkivi\",\"url\":\"https:\\\/\\\/fjala.info\\\/2009-2015\\\/\",\"logo\":{\"@type\":\"ImageObject\",\"inLanguage\":\"sq-AL\",\"@id\":\"https:\\\/\\\/fjala.info\\\/2009-2015\\\/#\\\/schema\\\/logo\\\/image\\\/\",\"url\":\"\",\"contentUrl\":\"\",\"caption\":\"FjALA e LIR\u00cb - Arkivi\"},\"image\":{\"@id\":\"https:\\\/\\\/fjala.info\\\/2009-2015\\\/#\\\/schema\\\/logo\\\/image\\\/\"}},{\"@type\":\"Person\",\"@id\":\"https:\\\/\\\/fjala.info\\\/2009-2015\\\/#\\\/schema\\\/person\\\/3aa1163ef05469c496fc94e77611ada2\",\"name\":\"admin\",\"image\":{\"@type\":\"ImageObject\",\"inLanguage\":\"sq-AL\",\"@id\":\"https:\\\/\\\/fjala.info\\\/2009-2015\\\/wp-content\\\/uploads\\\/2012\\\/02\\\/arben_cokaj-120x150.jpg\",\"url\":\"https:\\\/\\\/fjala.info\\\/2009-2015\\\/wp-content\\\/uploads\\\/2012\\\/02\\\/arben_cokaj-120x150.jpg\",\"contentUrl\":\"https:\\\/\\\/fjala.info\\\/2009-2015\\\/wp-content\\\/uploads\\\/2012\\\/02\\\/arben_cokaj-120x150.jpg\",\"caption\":\"admin\"},\"description\":\"Admin, Fjala e Lir\u00eb\",\"sameAs\":[\"https:\\\/\\\/fjala.info\\\/\"],\"url\":\"https:\\\/\\\/fjala.info\\\/2009-2015\\\/author\\\/admin\\\/\"}]}<\/script>\n<!-- \/ Yoast SEO plugin. -->","yoast_head_json":{"title":"Mallkimi i Greqis\u00eb - FjALA e LIR\u00cb - Arkivi","robots":{"index":"index","follow":"follow","max-snippet":"max-snippet:-1","max-image-preview":"max-image-preview:large","max-video-preview":"max-video-preview:-1"},"canonical":"https:\/\/fjala.info\/2009-2015\/mallkimi-i-greqise\/","og_locale":"sq_AL","og_type":"article","og_title":"Mallkimi i Greqis\u00eb - FjALA e LIR\u00cb - Arkivi","og_description":"TemA, 27 Janar 2012 \u201cKriza n\u00eb Greqi nuk di t\u00eb p\u00ebrfundoj\u00eb kurr\u00eb: pak p\u00ebrpara samitit t\u00eb BE, situata dramatike n\u00eb Greqi ka acaruar ndjesh\u00ebm qeverin\u00eb gjermane. Kancelarja dhe FDP n\u00eb koalicion me t\u00eb, nuk duan t\u2019ia din\u00eb m\u00eb p\u00ebr ndihma t\u00eb m\u00ebtejshme p\u00ebr Greqin\u00eb &#8211; por a do e mbajn\u00eb ata dot nj\u00eb linj\u00eb kaq [&hellip;]","og_url":"https:\/\/fjala.info\/2009-2015\/mallkimi-i-greqise\/","og_site_name":"FjALA e LIR\u00cb - Arkivi","article_published_time":"2012-01-27T20:28:24+00:00","og_image":[{"url":"http:\/\/www.shkoder.net\/2012\/mallkimi_grek.jpg","type":"","width":"","height":""}],"author":"admin","twitter_card":"summary_large_image","twitter_misc":{"Written by":"admin","Est. reading time":"2 minutes"},"schema":{"@context":"https:\/\/schema.org","@graph":[{"@type":"Article","@id":"https:\/\/fjala.info\/2009-2015\/mallkimi-i-greqise\/#article","isPartOf":{"@id":"https:\/\/fjala.info\/2009-2015\/mallkimi-i-greqise\/"},"author":{"name":"admin","@id":"https:\/\/fjala.info\/2009-2015\/#\/schema\/person\/3aa1163ef05469c496fc94e77611ada2"},"headline":"Mallkimi i Greqis\u00eb","datePublished":"2012-01-27T20:28:24+00:00","mainEntityOfPage":{"@id":"https:\/\/fjala.info\/2009-2015\/mallkimi-i-greqise\/"},"wordCount":336,"commentCount":0,"publisher":{"@id":"https:\/\/fjala.info\/2009-2015\/#organization"},"image":{"@id":"https:\/\/fjala.info\/2009-2015\/mallkimi-i-greqise\/#primaryimage"},"thumbnailUrl":"http:\/\/www.shkoder.net\/2012\/mallkimi_grek.jpg","articleSection":["Artikuj"],"inLanguage":"sq-AL","potentialAction":[{"@type":"CommentAction","name":"Comment","target":["https:\/\/fjala.info\/2009-2015\/mallkimi-i-greqise\/#respond"]}]},{"@type":"WebPage","@id":"https:\/\/fjala.info\/2009-2015\/mallkimi-i-greqise\/","url":"https:\/\/fjala.info\/2009-2015\/mallkimi-i-greqise\/","name":"Mallkimi i Greqis\u00eb - FjALA e LIR\u00cb - Arkivi","isPartOf":{"@id":"https:\/\/fjala.info\/2009-2015\/#website"},"primaryImageOfPage":{"@id":"https:\/\/fjala.info\/2009-2015\/mallkimi-i-greqise\/#primaryimage"},"image":{"@id":"https:\/\/fjala.info\/2009-2015\/mallkimi-i-greqise\/#primaryimage"},"thumbnailUrl":"http:\/\/www.shkoder.net\/2012\/mallkimi_grek.jpg","datePublished":"2012-01-27T20:28:24+00:00","breadcrumb":{"@id":"https:\/\/fjala.info\/2009-2015\/mallkimi-i-greqise\/#breadcrumb"},"inLanguage":"sq-AL","potentialAction":[{"@type":"ReadAction","target":["https:\/\/fjala.info\/2009-2015\/mallkimi-i-greqise\/"]}]},{"@type":"ImageObject","inLanguage":"sq-AL","@id":"https:\/\/fjala.info\/2009-2015\/mallkimi-i-greqise\/#primaryimage","url":"http:\/\/www.shkoder.net\/2012\/mallkimi_grek.jpg","contentUrl":"http:\/\/www.shkoder.net\/2012\/mallkimi_grek.jpg"},{"@type":"BreadcrumbList","@id":"https:\/\/fjala.info\/2009-2015\/mallkimi-i-greqise\/#breadcrumb","itemListElement":[{"@type":"ListItem","position":1,"name":"Home","item":"https:\/\/fjala.info\/2009-2015\/"},{"@type":"ListItem","position":2,"name":"Mallkimi i Greqis\u00eb"}]},{"@type":"WebSite","@id":"https:\/\/fjala.info\/2009-2015\/#website","url":"https:\/\/fjala.info\/2009-2015\/","name":"FjALA e LIR\u00cb - Arkivi","description":"Arkivi 2009-2015","publisher":{"@id":"https:\/\/fjala.info\/2009-2015\/#organization"},"potentialAction":[{"@type":"SearchAction","target":{"@type":"EntryPoint","urlTemplate":"https:\/\/fjala.info\/2009-2015\/?s={search_term_string}"},"query-input":{"@type":"PropertyValueSpecification","valueRequired":true,"valueName":"search_term_string"}}],"inLanguage":"sq-AL"},{"@type":"Organization","@id":"https:\/\/fjala.info\/2009-2015\/#organization","name":"FjALA e LIR\u00cb - Arkivi","url":"https:\/\/fjala.info\/2009-2015\/","logo":{"@type":"ImageObject","inLanguage":"sq-AL","@id":"https:\/\/fjala.info\/2009-2015\/#\/schema\/logo\/image\/","url":"","contentUrl":"","caption":"FjALA e LIR\u00cb - Arkivi"},"image":{"@id":"https:\/\/fjala.info\/2009-2015\/#\/schema\/logo\/image\/"}},{"@type":"Person","@id":"https:\/\/fjala.info\/2009-2015\/#\/schema\/person\/3aa1163ef05469c496fc94e77611ada2","name":"admin","image":{"@type":"ImageObject","inLanguage":"sq-AL","@id":"https:\/\/fjala.info\/2009-2015\/wp-content\/uploads\/2012\/02\/arben_cokaj-120x150.jpg","url":"https:\/\/fjala.info\/2009-2015\/wp-content\/uploads\/2012\/02\/arben_cokaj-120x150.jpg","contentUrl":"https:\/\/fjala.info\/2009-2015\/wp-content\/uploads\/2012\/02\/arben_cokaj-120x150.jpg","caption":"admin"},"description":"Admin, Fjala e Lir\u00eb","sameAs":["https:\/\/fjala.info\/"],"url":"https:\/\/fjala.info\/2009-2015\/author\/admin\/"}]}},"_links":{"self":[{"href":"https:\/\/fjala.info\/2009-2015\/wp-json\/wp\/v2\/posts\/11639","targetHints":{"allow":["GET"]}}],"collection":[{"href":"https:\/\/fjala.info\/2009-2015\/wp-json\/wp\/v2\/posts"}],"about":[{"href":"https:\/\/fjala.info\/2009-2015\/wp-json\/wp\/v2\/types\/post"}],"author":[{"embeddable":true,"href":"https:\/\/fjala.info\/2009-2015\/wp-json\/wp\/v2\/users\/1"}],"replies":[{"embeddable":true,"href":"https:\/\/fjala.info\/2009-2015\/wp-json\/wp\/v2\/comments?post=11639"}],"version-history":[{"count":0,"href":"https:\/\/fjala.info\/2009-2015\/wp-json\/wp\/v2\/posts\/11639\/revisions"}],"wp:attachment":[{"href":"https:\/\/fjala.info\/2009-2015\/wp-json\/wp\/v2\/media?parent=11639"}],"wp:term":[{"taxonomy":"category","embeddable":true,"href":"https:\/\/fjala.info\/2009-2015\/wp-json\/wp\/v2\/categories?post=11639"},{"taxonomy":"post_tag","embeddable":true,"href":"https:\/\/fjala.info\/2009-2015\/wp-json\/wp\/v2\/tags?post=11639"}],"curies":[{"name":"wp","href":"https:\/\/api.w.org\/{rel}","templated":true}]}}