{"id":11638,"date":"2012-01-27T21:23:31","date_gmt":"2012-01-27T20:23:31","guid":{"rendered":"http:\/\/fjala.shkoder.net\/?p=1413"},"modified":"2012-01-27T21:23:31","modified_gmt":"2012-01-27T20:23:31","slug":"shkarkimi-i-spahiut-kusht-i-athines","status":"publish","type":"post","link":"https:\/\/fjala.info\/2009-2015\/shkarkimi-i-spahiut-kusht-i-athines\/","title":{"rendered":"Shkarkimi i Spahiut, kusht i Athin\u00ebs?"},"content":{"rendered":"<p><img decoding=\"async\" class=\"alignleft size-thumbnail wp-image-7236\" title=\"Kreshnik Spahiu\" src=\"http:\/\/www.shkoder.net\/2012\/kreshnik_spahiu.jpg\" alt=\"\" width=\"300\" \/> Shkruan: <strong>Faik Krasniqi<\/strong>, <em>Prishtin\u00eb<\/em><\/p>\n<p>Dje Sali Berisha ka bashkuar votat me grekun Vangjel Dule p\u00ebr shkarkimin e Kreshnik Spahiut. Prej nj\u00eb viti Ministri i jasht\u00ebm grek por edhe diplomat t\u00eb tjer\u00eb kan\u00eb akuzuar Aleanc\u00ebn Kuq e Zi dhe Kreshnik Spahiun p\u00ebr rritje t\u00eb frym\u00ebs nacionaliste n\u00eb Shqip\u00ebri dhe i kan\u00eb k\u00ebrkuar qeveris\u00eb Berisha t\u00eb distancohet nga kjo l\u00ebvizje.<\/p>\n<p>K\u00ebrkesa e Athin\u00ebs pasoi thirrjet e shumta publike t\u00eb kryetarit t\u00eb PBDNJ-s\u00eb grekut Vangjel Dule, p\u00ebr shkarkimin e Spahiut nga Presidenti ose Parlamenti. Brisha e ka zgjedhur aleatin i cili i garanton pushtetin mes kuq e zinjve dhe Greqise duke u paguar harac dhe plotsuar kushtet e Athines.<\/p>\n<p>Dihet se Kreshnik Spahiu ka qen\u00eb nism\u00ebtari dhe figura qendrore q\u00eb gjeneroi L\u00ebvizjen Aleanca Kuq e Zi, si kund\u00ebrpesh\u00eb ndaj realizimit t\u00eb shpejt\u00eb dhe pa kushte t\u00eb t\u00eb gjitha pretendimeve q\u00eb Greqia ka patur historikisht ndaj Shqip\u00ebris\u00eb. Qartazi shkarkimi i Kreshnik Spahiut \u00ebsht\u00eb testi dhe kushti i rradh\u00ebs q\u00eb ka kapur kryeministrin e Shqiperise Sali Berisha me direktiva t\u00eb drejt\u00ebp\u00ebrdrejta nga Athina zyrtare. Kujtoj k\u00ebtu q\u00eb jo m\u00eb larg se para nj\u00eb viti mbar\u00eb shqiptar\u00ebt e pan\u00eb shum\u00eb mir\u00eb q\u00eb p\u00ebr t\u00eb marr\u00eb nj\u00eb vot\u00eb t\u00eb vetme p\u00ebr liberalizimin e vizave, deti u fal, varret u shqyen dhe komb\u00ebsia shqiptare u shit n\u00eb burs\u00eb.<\/p>\n<p>\u00c7far\u00eb do t\u2019a pengonte Sali Berish\u00ebn t\u00eb shiste Kreshnik Spahiun p\u00ebrs\u00ebri me kusht t\u00eb Athin\u00ebs? Asgj\u00eb mendoj dhe besoj un\u00eb, dhe n\u00eb parlament ne pam\u00eb pik\u00ebrisht pazaret e qeveris\u00eb shqiptare me Athinen zyrtare. N\u00eb parlament shkarkimi i Kreshnik Spahiut u propozua nga 33 deputet\u00eb t\u00eb mazhorac\u00ebs (PD), e cila \u00ebsht\u00eb n\u00eb koalicion me LSI, por n\u00eb votim opozita (PS) nuk votoi n\u00eb ngritjen e komisionit hetimor, por llogarit\u00eb nuk dalin. Mungon deri tani n\u00eb k\u00ebto rradh\u00eb partia Bashkimi p\u00ebr t\u00eb Drejtat e Njeriut,( i th\u00ebn\u00e7in) e mikut m\u00eb t\u00eb ngusht\u00eb t\u00eb Athin\u00ebs, Vangjel Dule.<\/p>\n<p>Vota pro e Vangjel Dules n\u00eb procesin e shkarkimit t\u00eb Kreshnik Spahiut \u00ebsht\u00eb mesazhi m\u00eb i qart\u00eb dhe definitiv q\u00eb v\u00ebrteton se Athina tashm\u00eb i ka shtrir\u00eb rr\u00ebnj\u00ebt shum\u00eb thell\u00eb n\u00eb Shqip\u00ebri. Aq thell\u00eb sa detyroi Vangjel Dulen t\u00eb dal\u00eb jasht\u00eb vij\u00ebs politike t\u00eb opozit\u00ebs q\u00eb \u00ebsht\u00eb n\u00eb koalicion, t\u00eb b\u00ebj\u00eb koalicion me Berish\u00ebn n\u00eb parlament vet\u00ebm p\u00ebr t\u00eb dal\u00eb kund\u00ebr Kreshnik Spahiut, dhe luajtur rolin e aktrimit dhe posht\u00ebrimit t\u00eb rradh\u00ebs p\u00ebrpara Athin\u00ebs q\u00eb tashm\u00eb ka tejkaluar \u00e7do kufi dhe ligje, madje dhe at\u00eb t\u00eb luft\u00ebs q\u00eb e mban n\u00eb fuqi vet\u00ebm me Shqip\u00ebrin\u00eb. M\u00eb duhet t\u00eb kujtoj k\u00ebtu deklaratat publike t\u00eb zyrtar\u00ebve grek t\u00eb b\u00ebra nga Tirana apo Athina.<\/p>\n<p>\u201cDo t\u00eb b\u00ebjm\u00eb thirrje publike kund\u00ebr censusit n\u00ebse ai zhvillohet pa u shkarkuar n\u00ebnkryetari i KLD-s\u00eb Kreshnik Spahiu\u201d (thirrje e b\u00ebr\u00eb n\u00eb Tiran\u00eb sinkron me Athin\u00ebn nga Vangjel Dule, kreu i PDBNJ) \u2013 mjafton kaq p\u00ebr t\u00eb besuar pa par\u00eb fakte me sy e pa d\u00ebgjuar asgj\u00eb me vesh\u00eb se situata aktuale ku ndodhet Kreshnik Spahiu nuk \u00ebsht\u00eb asgj\u00eb m\u00eb shum\u00eb se sa nj\u00eb tjet\u00ebr faqe e zez\u00eb n\u00eb historin\u00eb e Shqip\u00ebris\u00eb e cila q\u00ebndron e gjunj\u00ebzuar n\u00eb m\u00ebnyr\u00eb informale p\u00ebrpara \u00e7do kushti t\u00eb Athin\u00ebs zyrtare.<\/p>\n<p>T\u00eb mbrosh interesat e kombit t\u00ebnd, pa fyer ndonj\u00eb komb tjet\u00ebr, nuk \u00ebsht\u00eb nacionaliz\u00ebm por patriotiz\u00ebm, dhe k\u00ebt\u00eb gj\u00eb po e b\u00ebn Kreshnik Spahiu duke mbrojtur interesat e Shqip\u00ebris\u00eb dhe kombit shqiptar. Ajo q\u00eb po b\u00ebjne grek\u00ebt kund\u00ebr Shqip\u00ebris\u00eb, \u00ebsht\u00eb fyerje e r\u00ebnd\u00eb e dinjitetit komb\u00ebtar dhe nd\u00ebrhyrje n\u00eb pun\u00ebt e brendshme. Dhe si gjithmon\u00eb nd\u00ebrhyrja n\u00eb pun\u00ebt e brendshme t\u00eb nj\u00eb shteti tjet\u00ebr nuk ka problem. Ah harrova ne jemi nj\u00eb shtet pasi qeverisemi nga Athina zyrtare<\/p>\n<p>Si mundet q\u00eb nj\u00eb komb, i cili e mban veten si \u201cdjep i qytet\u00ebrimit\u201d t\u00eb ket\u00eb kaq shum\u00eb urrejtje p\u00ebr fqinj\u00ebt e tij. As nuk na kan\u00eb dashur dhe as nuk kan\u00eb p\u00ebr t\u00eb na dashur ndonj\u00ebher\u00eb.<\/p>\n<p>Eh politikan\u00eb plehra \u00e7do i b\u00ebni m\u00eb k\u00ebtij vendi ? T\u2019a shkarkoni p\u00ebr hir t\u00eb interesave t\u00eb Greqis\u00eb njeriun q\u00eb po i mbron pik\u00ebrisht interesat nga ky shtet fqinj grabitqar, \u00ebsht\u00eb turpi dhe tradh\u00ebtia m\u00eb e madhe politikan\u00eb t\u00eb \u201dnderuar\u201d shqiptar q\u00eb jeni futur t\u00eb gjith\u00eb n\u00ebn sqetull\u00ebn e Greqis\u00eb dhe Serbis\u00eb.<\/p>\n<p>Bashk\u00ebpatriot shqiptar, Kreshniku ka mbetur si nj\u00eb luan i vog\u00ebl n\u00eb mes t\u00eb nj\u00eb tufe hienash , sado t\u00eb nxjerri \u201ddh\u00ebmb\u00ebt\u201d p\u00ebrs\u00ebri i ka p\u00ebrball\u00eb hienat Greko-Serbe, Pollo, Berisha, Dule, Bollano, Meta e t\u00eb gjith\u00eb t\u00eb tjer\u00ebt me rradh\u00eb . Prandaj duhet t\u00eb gjith\u00eb ta p\u00ebrkrahim n\u00eb k\u00ebto momente Kreshnik Spahiun nga sulmet e qeveris\u00eb greke dhe nga sh\u00ebrb\u00ebtor\u00ebt e tyre shqiptar t\u00eb qeveris\u00eb shqiptare( ku shteti grek e ka b\u00ebr\u00eb qeverin\u00eb shqiptare sikur t\u00eb ishte e vetja), dhe t\u2019i themi qeveris\u00eb shqiptare dhe greke se Kreshniku nuk \u00ebsht\u00eb vet\u00ebm, por pas tij jan\u00eb mbi 10 milion shqiptar.<\/p>\n","protected":false},"excerpt":{"rendered":"<p>Shkruan: Faik Krasniqi, Prishtin\u00eb Dje Sali Berisha ka bashkuar votat me grekun Vangjel Dule p\u00ebr shkarkimin e Kreshnik Spahiut. Prej nj\u00eb viti Ministri i jasht\u00ebm grek por edhe diplomat t\u00eb tjer\u00eb kan\u00eb akuzuar Aleanc\u00ebn Kuq e Zi dhe Kreshnik Spahiun p\u00ebr rritje t\u00eb frym\u00ebs nacionaliste n\u00eb Shqip\u00ebri dhe i kan\u00eb k\u00ebrkuar qeveris\u00eb Berisha t\u00eb distancohet [&hellip;]<\/p>\n","protected":false},"author":1,"featured_media":0,"comment_status":"open","ping_status":"closed","sticky":false,"template":"","format":"standard","meta":{"footnotes":""},"categories":[2],"tags":[],"class_list":{"0":"post-11638","1":"post","2":"type-post","3":"status-publish","4":"format-standard","6":"category-artikuj"},"yoast_head":"<!-- This site is optimized with the Yoast SEO plugin v27.4 - https:\/\/yoast.com\/product\/yoast-seo-wordpress\/ -->\n<title>Shkarkimi i Spahiut, kusht i Athin\u00ebs? - FjALA e LIR\u00cb - Arkivi<\/title>\n<meta name=\"robots\" content=\"index, follow, max-snippet:-1, max-image-preview:large, max-video-preview:-1\" \/>\n<link rel=\"canonical\" href=\"https:\/\/fjala.info\/2009-2015\/shkarkimi-i-spahiut-kusht-i-athines\/\" \/>\n<meta property=\"og:locale\" content=\"sq_AL\" \/>\n<meta property=\"og:type\" content=\"article\" \/>\n<meta property=\"og:title\" content=\"Shkarkimi i Spahiut, kusht i Athin\u00ebs? - FjALA e LIR\u00cb - Arkivi\" \/>\n<meta property=\"og:description\" content=\"Shkruan: Faik Krasniqi, Prishtin\u00eb Dje Sali Berisha ka bashkuar votat me grekun Vangjel Dule p\u00ebr shkarkimin e Kreshnik Spahiut. Prej nj\u00eb viti Ministri i jasht\u00ebm grek por edhe diplomat t\u00eb tjer\u00eb kan\u00eb akuzuar Aleanc\u00ebn Kuq e Zi dhe Kreshnik Spahiun p\u00ebr rritje t\u00eb frym\u00ebs nacionaliste n\u00eb Shqip\u00ebri dhe i kan\u00eb k\u00ebrkuar qeveris\u00eb Berisha t\u00eb distancohet [&hellip;]\" \/>\n<meta property=\"og:url\" content=\"https:\/\/fjala.info\/2009-2015\/shkarkimi-i-spahiut-kusht-i-athines\/\" \/>\n<meta property=\"og:site_name\" content=\"FjALA e LIR\u00cb - Arkivi\" \/>\n<meta property=\"article:published_time\" content=\"2012-01-27T20:23:31+00:00\" \/>\n<meta property=\"og:image\" content=\"http:\/\/www.shkoder.net\/2012\/kreshnik_spahiu.jpg\" \/>\n<meta name=\"author\" content=\"admin\" \/>\n<meta name=\"twitter:card\" content=\"summary_large_image\" \/>\n<meta name=\"twitter:label1\" content=\"Written by\" \/>\n\t<meta name=\"twitter:data1\" content=\"admin\" \/>\n\t<meta name=\"twitter:label2\" content=\"Est. reading time\" \/>\n\t<meta name=\"twitter:data2\" content=\"4 minutes\" \/>\n<script type=\"application\/ld+json\" class=\"yoast-schema-graph\">{\"@context\":\"https:\\\/\\\/schema.org\",\"@graph\":[{\"@type\":\"Article\",\"@id\":\"https:\\\/\\\/fjala.info\\\/2009-2015\\\/shkarkimi-i-spahiut-kusht-i-athines\\\/#article\",\"isPartOf\":{\"@id\":\"https:\\\/\\\/fjala.info\\\/2009-2015\\\/shkarkimi-i-spahiut-kusht-i-athines\\\/\"},\"author\":{\"name\":\"admin\",\"@id\":\"https:\\\/\\\/fjala.info\\\/2009-2015\\\/#\\\/schema\\\/person\\\/3aa1163ef05469c496fc94e77611ada2\"},\"headline\":\"Shkarkimi i Spahiut, kusht i Athin\u00ebs?\",\"datePublished\":\"2012-01-27T20:23:31+00:00\",\"mainEntityOfPage\":{\"@id\":\"https:\\\/\\\/fjala.info\\\/2009-2015\\\/shkarkimi-i-spahiut-kusht-i-athines\\\/\"},\"wordCount\":885,\"commentCount\":0,\"publisher\":{\"@id\":\"https:\\\/\\\/fjala.info\\\/2009-2015\\\/#organization\"},\"image\":{\"@id\":\"https:\\\/\\\/fjala.info\\\/2009-2015\\\/shkarkimi-i-spahiut-kusht-i-athines\\\/#primaryimage\"},\"thumbnailUrl\":\"http:\\\/\\\/www.shkoder.net\\\/2012\\\/kreshnik_spahiu.jpg\",\"articleSection\":[\"Artikuj\"],\"inLanguage\":\"sq-AL\",\"potentialAction\":[{\"@type\":\"CommentAction\",\"name\":\"Comment\",\"target\":[\"https:\\\/\\\/fjala.info\\\/2009-2015\\\/shkarkimi-i-spahiut-kusht-i-athines\\\/#respond\"]}]},{\"@type\":\"WebPage\",\"@id\":\"https:\\\/\\\/fjala.info\\\/2009-2015\\\/shkarkimi-i-spahiut-kusht-i-athines\\\/\",\"url\":\"https:\\\/\\\/fjala.info\\\/2009-2015\\\/shkarkimi-i-spahiut-kusht-i-athines\\\/\",\"name\":\"Shkarkimi i Spahiut, kusht i Athin\u00ebs? - FjALA e LIR\u00cb - Arkivi\",\"isPartOf\":{\"@id\":\"https:\\\/\\\/fjala.info\\\/2009-2015\\\/#website\"},\"primaryImageOfPage\":{\"@id\":\"https:\\\/\\\/fjala.info\\\/2009-2015\\\/shkarkimi-i-spahiut-kusht-i-athines\\\/#primaryimage\"},\"image\":{\"@id\":\"https:\\\/\\\/fjala.info\\\/2009-2015\\\/shkarkimi-i-spahiut-kusht-i-athines\\\/#primaryimage\"},\"thumbnailUrl\":\"http:\\\/\\\/www.shkoder.net\\\/2012\\\/kreshnik_spahiu.jpg\",\"datePublished\":\"2012-01-27T20:23:31+00:00\",\"breadcrumb\":{\"@id\":\"https:\\\/\\\/fjala.info\\\/2009-2015\\\/shkarkimi-i-spahiut-kusht-i-athines\\\/#breadcrumb\"},\"inLanguage\":\"sq-AL\",\"potentialAction\":[{\"@type\":\"ReadAction\",\"target\":[\"https:\\\/\\\/fjala.info\\\/2009-2015\\\/shkarkimi-i-spahiut-kusht-i-athines\\\/\"]}]},{\"@type\":\"ImageObject\",\"inLanguage\":\"sq-AL\",\"@id\":\"https:\\\/\\\/fjala.info\\\/2009-2015\\\/shkarkimi-i-spahiut-kusht-i-athines\\\/#primaryimage\",\"url\":\"http:\\\/\\\/www.shkoder.net\\\/2012\\\/kreshnik_spahiu.jpg\",\"contentUrl\":\"http:\\\/\\\/www.shkoder.net\\\/2012\\\/kreshnik_spahiu.jpg\"},{\"@type\":\"BreadcrumbList\",\"@id\":\"https:\\\/\\\/fjala.info\\\/2009-2015\\\/shkarkimi-i-spahiut-kusht-i-athines\\\/#breadcrumb\",\"itemListElement\":[{\"@type\":\"ListItem\",\"position\":1,\"name\":\"Home\",\"item\":\"https:\\\/\\\/fjala.info\\\/2009-2015\\\/\"},{\"@type\":\"ListItem\",\"position\":2,\"name\":\"Shkarkimi i Spahiut, kusht i Athin\u00ebs?\"}]},{\"@type\":\"WebSite\",\"@id\":\"https:\\\/\\\/fjala.info\\\/2009-2015\\\/#website\",\"url\":\"https:\\\/\\\/fjala.info\\\/2009-2015\\\/\",\"name\":\"FjALA e LIR\u00cb - Arkivi\",\"description\":\"Arkivi 2009-2015\",\"publisher\":{\"@id\":\"https:\\\/\\\/fjala.info\\\/2009-2015\\\/#organization\"},\"potentialAction\":[{\"@type\":\"SearchAction\",\"target\":{\"@type\":\"EntryPoint\",\"urlTemplate\":\"https:\\\/\\\/fjala.info\\\/2009-2015\\\/?s={search_term_string}\"},\"query-input\":{\"@type\":\"PropertyValueSpecification\",\"valueRequired\":true,\"valueName\":\"search_term_string\"}}],\"inLanguage\":\"sq-AL\"},{\"@type\":\"Organization\",\"@id\":\"https:\\\/\\\/fjala.info\\\/2009-2015\\\/#organization\",\"name\":\"FjALA e LIR\u00cb - Arkivi\",\"url\":\"https:\\\/\\\/fjala.info\\\/2009-2015\\\/\",\"logo\":{\"@type\":\"ImageObject\",\"inLanguage\":\"sq-AL\",\"@id\":\"https:\\\/\\\/fjala.info\\\/2009-2015\\\/#\\\/schema\\\/logo\\\/image\\\/\",\"url\":\"\",\"contentUrl\":\"\",\"caption\":\"FjALA e LIR\u00cb - Arkivi\"},\"image\":{\"@id\":\"https:\\\/\\\/fjala.info\\\/2009-2015\\\/#\\\/schema\\\/logo\\\/image\\\/\"}},{\"@type\":\"Person\",\"@id\":\"https:\\\/\\\/fjala.info\\\/2009-2015\\\/#\\\/schema\\\/person\\\/3aa1163ef05469c496fc94e77611ada2\",\"name\":\"admin\",\"image\":{\"@type\":\"ImageObject\",\"inLanguage\":\"sq-AL\",\"@id\":\"https:\\\/\\\/fjala.info\\\/2009-2015\\\/wp-content\\\/uploads\\\/2012\\\/02\\\/arben_cokaj-120x150.jpg\",\"url\":\"https:\\\/\\\/fjala.info\\\/2009-2015\\\/wp-content\\\/uploads\\\/2012\\\/02\\\/arben_cokaj-120x150.jpg\",\"contentUrl\":\"https:\\\/\\\/fjala.info\\\/2009-2015\\\/wp-content\\\/uploads\\\/2012\\\/02\\\/arben_cokaj-120x150.jpg\",\"caption\":\"admin\"},\"description\":\"Admin, Fjala e Lir\u00eb\",\"sameAs\":[\"https:\\\/\\\/fjala.info\\\/\"],\"url\":\"https:\\\/\\\/fjala.info\\\/2009-2015\\\/author\\\/admin\\\/\"}]}<\/script>\n<!-- \/ Yoast SEO plugin. -->","yoast_head_json":{"title":"Shkarkimi i Spahiut, kusht i Athin\u00ebs? - FjALA e LIR\u00cb - Arkivi","robots":{"index":"index","follow":"follow","max-snippet":"max-snippet:-1","max-image-preview":"max-image-preview:large","max-video-preview":"max-video-preview:-1"},"canonical":"https:\/\/fjala.info\/2009-2015\/shkarkimi-i-spahiut-kusht-i-athines\/","og_locale":"sq_AL","og_type":"article","og_title":"Shkarkimi i Spahiut, kusht i Athin\u00ebs? - FjALA e LIR\u00cb - Arkivi","og_description":"Shkruan: Faik Krasniqi, Prishtin\u00eb Dje Sali Berisha ka bashkuar votat me grekun Vangjel Dule p\u00ebr shkarkimin e Kreshnik Spahiut. Prej nj\u00eb viti Ministri i jasht\u00ebm grek por edhe diplomat t\u00eb tjer\u00eb kan\u00eb akuzuar Aleanc\u00ebn Kuq e Zi dhe Kreshnik Spahiun p\u00ebr rritje t\u00eb frym\u00ebs nacionaliste n\u00eb Shqip\u00ebri dhe i kan\u00eb k\u00ebrkuar qeveris\u00eb Berisha t\u00eb distancohet [&hellip;]","og_url":"https:\/\/fjala.info\/2009-2015\/shkarkimi-i-spahiut-kusht-i-athines\/","og_site_name":"FjALA e LIR\u00cb - Arkivi","article_published_time":"2012-01-27T20:23:31+00:00","og_image":[{"url":"http:\/\/www.shkoder.net\/2012\/kreshnik_spahiu.jpg","type":"","width":"","height":""}],"author":"admin","twitter_card":"summary_large_image","twitter_misc":{"Written by":"admin","Est. reading time":"4 minutes"},"schema":{"@context":"https:\/\/schema.org","@graph":[{"@type":"Article","@id":"https:\/\/fjala.info\/2009-2015\/shkarkimi-i-spahiut-kusht-i-athines\/#article","isPartOf":{"@id":"https:\/\/fjala.info\/2009-2015\/shkarkimi-i-spahiut-kusht-i-athines\/"},"author":{"name":"admin","@id":"https:\/\/fjala.info\/2009-2015\/#\/schema\/person\/3aa1163ef05469c496fc94e77611ada2"},"headline":"Shkarkimi i Spahiut, kusht i Athin\u00ebs?","datePublished":"2012-01-27T20:23:31+00:00","mainEntityOfPage":{"@id":"https:\/\/fjala.info\/2009-2015\/shkarkimi-i-spahiut-kusht-i-athines\/"},"wordCount":885,"commentCount":0,"publisher":{"@id":"https:\/\/fjala.info\/2009-2015\/#organization"},"image":{"@id":"https:\/\/fjala.info\/2009-2015\/shkarkimi-i-spahiut-kusht-i-athines\/#primaryimage"},"thumbnailUrl":"http:\/\/www.shkoder.net\/2012\/kreshnik_spahiu.jpg","articleSection":["Artikuj"],"inLanguage":"sq-AL","potentialAction":[{"@type":"CommentAction","name":"Comment","target":["https:\/\/fjala.info\/2009-2015\/shkarkimi-i-spahiut-kusht-i-athines\/#respond"]}]},{"@type":"WebPage","@id":"https:\/\/fjala.info\/2009-2015\/shkarkimi-i-spahiut-kusht-i-athines\/","url":"https:\/\/fjala.info\/2009-2015\/shkarkimi-i-spahiut-kusht-i-athines\/","name":"Shkarkimi i Spahiut, kusht i Athin\u00ebs? - FjALA e LIR\u00cb - Arkivi","isPartOf":{"@id":"https:\/\/fjala.info\/2009-2015\/#website"},"primaryImageOfPage":{"@id":"https:\/\/fjala.info\/2009-2015\/shkarkimi-i-spahiut-kusht-i-athines\/#primaryimage"},"image":{"@id":"https:\/\/fjala.info\/2009-2015\/shkarkimi-i-spahiut-kusht-i-athines\/#primaryimage"},"thumbnailUrl":"http:\/\/www.shkoder.net\/2012\/kreshnik_spahiu.jpg","datePublished":"2012-01-27T20:23:31+00:00","breadcrumb":{"@id":"https:\/\/fjala.info\/2009-2015\/shkarkimi-i-spahiut-kusht-i-athines\/#breadcrumb"},"inLanguage":"sq-AL","potentialAction":[{"@type":"ReadAction","target":["https:\/\/fjala.info\/2009-2015\/shkarkimi-i-spahiut-kusht-i-athines\/"]}]},{"@type":"ImageObject","inLanguage":"sq-AL","@id":"https:\/\/fjala.info\/2009-2015\/shkarkimi-i-spahiut-kusht-i-athines\/#primaryimage","url":"http:\/\/www.shkoder.net\/2012\/kreshnik_spahiu.jpg","contentUrl":"http:\/\/www.shkoder.net\/2012\/kreshnik_spahiu.jpg"},{"@type":"BreadcrumbList","@id":"https:\/\/fjala.info\/2009-2015\/shkarkimi-i-spahiut-kusht-i-athines\/#breadcrumb","itemListElement":[{"@type":"ListItem","position":1,"name":"Home","item":"https:\/\/fjala.info\/2009-2015\/"},{"@type":"ListItem","position":2,"name":"Shkarkimi i Spahiut, kusht i Athin\u00ebs?"}]},{"@type":"WebSite","@id":"https:\/\/fjala.info\/2009-2015\/#website","url":"https:\/\/fjala.info\/2009-2015\/","name":"FjALA e LIR\u00cb - Arkivi","description":"Arkivi 2009-2015","publisher":{"@id":"https:\/\/fjala.info\/2009-2015\/#organization"},"potentialAction":[{"@type":"SearchAction","target":{"@type":"EntryPoint","urlTemplate":"https:\/\/fjala.info\/2009-2015\/?s={search_term_string}"},"query-input":{"@type":"PropertyValueSpecification","valueRequired":true,"valueName":"search_term_string"}}],"inLanguage":"sq-AL"},{"@type":"Organization","@id":"https:\/\/fjala.info\/2009-2015\/#organization","name":"FjALA e LIR\u00cb - Arkivi","url":"https:\/\/fjala.info\/2009-2015\/","logo":{"@type":"ImageObject","inLanguage":"sq-AL","@id":"https:\/\/fjala.info\/2009-2015\/#\/schema\/logo\/image\/","url":"","contentUrl":"","caption":"FjALA e LIR\u00cb - Arkivi"},"image":{"@id":"https:\/\/fjala.info\/2009-2015\/#\/schema\/logo\/image\/"}},{"@type":"Person","@id":"https:\/\/fjala.info\/2009-2015\/#\/schema\/person\/3aa1163ef05469c496fc94e77611ada2","name":"admin","image":{"@type":"ImageObject","inLanguage":"sq-AL","@id":"https:\/\/fjala.info\/2009-2015\/wp-content\/uploads\/2012\/02\/arben_cokaj-120x150.jpg","url":"https:\/\/fjala.info\/2009-2015\/wp-content\/uploads\/2012\/02\/arben_cokaj-120x150.jpg","contentUrl":"https:\/\/fjala.info\/2009-2015\/wp-content\/uploads\/2012\/02\/arben_cokaj-120x150.jpg","caption":"admin"},"description":"Admin, Fjala e Lir\u00eb","sameAs":["https:\/\/fjala.info\/"],"url":"https:\/\/fjala.info\/2009-2015\/author\/admin\/"}]}},"_links":{"self":[{"href":"https:\/\/fjala.info\/2009-2015\/wp-json\/wp\/v2\/posts\/11638","targetHints":{"allow":["GET"]}}],"collection":[{"href":"https:\/\/fjala.info\/2009-2015\/wp-json\/wp\/v2\/posts"}],"about":[{"href":"https:\/\/fjala.info\/2009-2015\/wp-json\/wp\/v2\/types\/post"}],"author":[{"embeddable":true,"href":"https:\/\/fjala.info\/2009-2015\/wp-json\/wp\/v2\/users\/1"}],"replies":[{"embeddable":true,"href":"https:\/\/fjala.info\/2009-2015\/wp-json\/wp\/v2\/comments?post=11638"}],"version-history":[{"count":0,"href":"https:\/\/fjala.info\/2009-2015\/wp-json\/wp\/v2\/posts\/11638\/revisions"}],"wp:attachment":[{"href":"https:\/\/fjala.info\/2009-2015\/wp-json\/wp\/v2\/media?parent=11638"}],"wp:term":[{"taxonomy":"category","embeddable":true,"href":"https:\/\/fjala.info\/2009-2015\/wp-json\/wp\/v2\/categories?post=11638"},{"taxonomy":"post_tag","embeddable":true,"href":"https:\/\/fjala.info\/2009-2015\/wp-json\/wp\/v2\/tags?post=11638"}],"curies":[{"name":"wp","href":"https:\/\/api.w.org\/{rel}","templated":true}]}}