{"id":11637,"date":"2012-01-27T05:23:36","date_gmt":"2012-01-27T04:23:36","guid":{"rendered":"http:\/\/fjala.shkoder.net\/?p=1408"},"modified":"2012-01-27T05:23:36","modified_gmt":"2012-01-27T04:23:36","slug":"demokracia-ne-rrezik","status":"publish","type":"post","link":"https:\/\/fjala.info\/2009-2015\/demokracia-ne-rrezik\/","title":{"rendered":"Demokracia n\u00eb rrezik!"},"content":{"rendered":"<p><strong>Dr. Mandeta Minxhozi<\/strong>, <em>26.01.2012<\/em><\/p>\n<p>N\u00eb nj\u00eb demokraci nuk duhet t\u00eb ndodh\u00eb q\u00eb nj\u00eb lideri t\u2019i jepet aq shum\u00eb pushtet p\u00ebr nj\u00eb koh\u00eb aq t\u00eb gjat\u00eb sa t\u00eb b\u00ebhet i gjith\u00ebfuqish\u00ebm dhe t\u2019i ket\u00eb t\u00eb gjitha pushtetet, por duhet t\u00eb ushtrohet parimi i demokracis\u00eb \u201ccheck and balance\u201d (kontroll dhe ekuilib\u00ebr). Po ashtu, as nj\u00eb institucion i vet\u00ebm nuk duhet t\u00eb ket\u00eb t\u00eb gjitha pushtetet. N\u00eb nj\u00eb demokraci t\u00eb v\u00ebrtet\u00eb nuk ndodh q\u00eb pushtetet t\u2019i ushtroj\u00eb as nj\u00eb njeri i vet\u00ebm dhe as nj\u00eb institucion i vet\u00ebm. Roli i shoq\u00ebris\u00eb civile, i medias do t\u00eb ishte shum\u00eb i vyer n\u00eb k\u00ebt\u00eb kontekst p\u00ebr t\u00eb v\u00ebzhguar hap pas hapi dhe p\u00ebr t\u00eb mos lejuar kultin e individit.<\/p>\n<p>Por k\u00ebt\u00eb kontribut mund ta jap\u00eb ajo pjes\u00eb e shoq\u00ebris\u00eb civile dhe e medias q\u00eb \u00ebsht\u00eb e \u201cpakapur\u201d nga parat\u00eb e pushtetit dhe jo nj\u00eb shoq\u00ebri civile, OJF apo media q\u00eb ja mbush kontot pushteti mbi baza korruptive, kleringu apo si trafik influence, dhe po i nj\u00ebjti pushtet b\u00ebn gjoja sikur ua kontrollon transparencat financiare. N\u00ebse pushteti p\u00ebrqendrohet n\u00eb nj\u00eb person apo b\u00ebhet fakt kulti i individit, kjo \u00ebsht\u00eb shenj\u00eb ose karakteristik\u00eb e diktaturave dhe me t\u00eb drejt\u00eb edhe trojka nd\u00ebrkomb\u00ebtare \u00ebsht\u00eb e shqet\u00ebsuar p\u00ebr standardet e demokracis\u00eb n\u00eb Shqip\u00ebri.<\/p>\n<p><strong>Kur lideri politik b\u00ebhet sadist<\/strong><\/p>\n<p>Kur nj\u00eb lider rri gjat\u00eb n\u00eb pushtet dhe i jepet aq shum\u00eb pushtet, krijon nj\u00eb var\u00ebsi shum\u00eb t\u00eb fort\u00eb nga paraja. Kur kjo ndjesi makut\u00ebrie ndaj paras\u00eb e mbisundon arsyen, at\u00ebher\u00eb ky tip lideri me vullnetin e tij t\u00eb lir\u00eb jo vet\u00ebm q\u00eb nuk e ka dot moralin q\u00eb t\u00eb t\u00ebrhiqet nga pushteti dhe t\u00eb pranoj\u00eb q\u00eb ka udh\u00ebhequr sipas s\u00eb keqes dhe jo s\u00eb mir\u00ebs, se ka b\u00ebr\u00eb m\u00eb tep\u00ebr vepra t\u00eb k\u00ebqija p\u00ebr popullin e tij sesa t\u00eb mira, por madje ky tip lideri mund t\u00eb b\u00ebhet edhe m\u00eb agresiv n\u00eb luft\u00ebn p\u00ebr t\u00eb mos dor\u00ebzuar pushtetin e tij, aq sa t\u00eb shfaq\u00eb edhe prirje sadiste forma t\u00eb s\u00eb cil\u00ebs jan\u00eb; d\u00ebshira p\u00ebr t\u00eb pasur nj\u00eb pushtet absolut dhe t\u00eb pakufizuar me q\u00ebllim q\u00eb t\u2019i b\u00ebj\u00eb t\u00eb tjer\u00ebt instrumente t\u00eb varura prej tij; d\u00ebshira q\u00eb konsiston n\u00eb impulsin p\u00ebr t\u2019i p\u00ebrdorur dhe p\u00ebr t\u2019i shkat\u00ebrruar instrumentet e tij pasi i ka p\u00ebrdorur; d\u00ebshira p\u00ebr t\u2019i b\u00ebr\u00eb instrumentet e tij t\u00eb vuajn\u00eb dhe p\u00ebr t\u2019i par\u00eb duke vuajtur. Lideri sadist i \u201cdashuron\u201d ata mbi t\u00eb cil\u00ebt ndjen se ushtron nj\u00eb pushtet dhe n\u00eb t\u00eb v\u00ebrtet\u00eb ky i \u201cdashuron\u201d sepse i sundon. Ai mund t\u2019u jap\u00eb instrumenteve t\u00eb tij gjith\u00e7ka, p\u00ebrve\u00e7 t\u00eb drejt\u00ebs p\u00ebr t\u00eb qen\u00eb i lir\u00eb dhe i pavarur.<\/p>\n<p><strong>Politikat e PD mes t\u00eb res\u00eb dhe s\u00eb vjetr\u00ebs<\/strong><\/p>\n<p>N\u00eb politik\u00ebn e PD, nj\u00eb pjes\u00eb e burimeve t\u00eb reja si ato t\u00eb KOP-it u promovuan nga e vjetra n\u00eb PD, madje nuk u ndje sherri mes t\u00eb res\u00eb dhe s\u00eb vjetr\u00ebs. Kjo u duk n\u00eb faktin q\u00eb k\u00ebto burime t\u00eb reja u promovuan n\u00eb poste t\u00eb larta, deri n\u00eb qeveris\u00ebse. P\u00ebrfshirja e burimeve t\u00eb reja n\u00eb PD nuk solli fraksione aq t\u00eb forta n\u00eb PD sa ta p\u00ebr\u00e7anin dhe ta \u00e7onin deri n\u00eb humbje t\u00eb pushtetit (p\u00ebrve\u00e7se ndonj\u00eb i larguar tek tuk). N\u00ebse mund t\u00eb thuhet se sherret n\u00eb PD ekzistojn\u00eb, por nuk b\u00ebhen publike p\u00ebrs\u00ebri k\u00ebtu kemi t\u00eb b\u00ebjm\u00eb me nj\u00eb strategji t\u00eb ruajtjes s\u00eb kontrollit dhe menaxhimit t\u00eb burimeve njer\u00ebzore n\u00eb PD, ku jo \u00e7dokush mund t\u00eb dal\u00eb sipas qejfit n\u00eb publik me kritika ndaj kryetarit, por t\u00eb shfaqen si nj\u00eb e t\u00ebr\u00eb para popullit, dhe jo t\u00eb p\u00ebr\u00e7ar\u00eb. Kjo strategji e liderit t\u00eb PD minimalisht nuk i ka sjell\u00eb PD rrjedhje votash. Sigurisht q\u00eb duket se lideri i PD \u00ebsht\u00eb b\u00ebr\u00eb \u201cmjesht\u00ebr\u201d n\u00eb ndarjen e pushteteve brenda llojit dhe jasht\u00eb ku t\u00eb duket se e ka p\u00ebrqafuar mir\u00eb teorin\u00eb e sociologut Weber p\u00ebr pushtetin se, \u201cpushteti \u00ebsht\u00eb nj\u00eb raport forcash, aleancash, madje aleancash t\u00eb ndyra\u201d. Dhe k\u00ebshtu mbyll ciklin lideri i PD pa l\u00ebn\u00eb vend p\u00ebr komente publike.<\/p>\n<p><strong>Politikat e PS mes t\u00eb res\u00eb dhe t\u00eb vjetr\u00ebs<\/strong><\/p>\n<p>N\u00eb PS nj\u00eb pjes\u00eb e burimeve t\u00eb vjetra ka qen\u00eb e trash\u00ebgueshme nga nj\u00eb parti m\u00eb e vjet\u00ebr, ajo e Partis\u00eb s\u00eb Pun\u00ebs dhe duke trash\u00ebguar pasurira dhe duke qen\u00eb t\u00eb p\u00ebrk\u00ebdhelur nga pushteti qendror dhe privilegjet ekonomike nj\u00eb pjes\u00eb e burimeve t\u00eb vjetra n\u00eb PS e kan\u00eb pasur m\u00eb t\u00eb v\u00ebshtir\u00eb t\u00eb p\u00ebrfshijn\u00eb n\u00eb pushtet t\u00eb rinjt\u00eb. Kjo p\u00ebrb\u00ebn nj\u00eb nd\u00ebr arsyet, por jo t\u00eb vetmen, pse e vjetra me t\u00eb ren\u00eb nuk po nd\u00ebrtojn\u00eb dot nj\u00eb ekuilib\u00ebr vlerash n\u00eb PS. Nga ana tjet\u00ebr, disa nga burimet e reja q\u00eb u promovuan si deputet\u00eb n\u00eb PS nuk fituan dot vot\u00ebbesimin e m\u00eb t\u00eb vjet\u00ebrve, pasi disa prej tyre nuk e kishin krijuar profilin e tyre publik, duke mos qen\u00eb t\u00eb njohur n\u00eb fushat e tyre. Kjo krijoi divergjenca mes t\u00eb res\u00eb dhe t\u00eb vjetr\u00ebs.<\/p>\n<p>Edhe fakti q\u00eb burimet e reja q\u00eb u fut\u00ebn n\u00eb listat e deputet\u00ebve t\u00eb PS nga kryetari direkt dhe q\u00eb nuk u testuan me vot\u00eb direkt nga populli (t\u00eb pakt\u00ebn nj\u00eb her\u00eb), krijoi mosbesim tek t\u00eb vjetrit n\u00eb PS (shum\u00eb prej t\u00eb cil\u00ebve kishin kaluar n\u00eb sit\u00ebn e vot\u00ebs popullore), i pan\u00eb me skepticiz\u00ebm prurjet e reja n\u00eb list\u00ebn e deputet\u00ebve t\u00eb PS. Shum\u00eb menduan se disa t\u00eb rinj mb\u00ebrrit\u00ebn n\u00eb lista kryesish dhe deputet\u00ebsh jo mbi baz\u00eb meritokracie, por njohjesh personale etj., etj.<\/p>\n<p>K\u00ebto diversitete n\u00eb PS, d\u00ebmin m\u00eb t\u00eb madh ja b\u00ebn\u00eb elektoratit t\u00eb majt\u00eb q\u00eb mbeti n\u00eb opozit\u00eb, dhe jo atyre an\u00ebtar\u00ebve t\u00eb PS q\u00eb han\u00eb kokat e nj\u00ebri-tjetrit p\u00ebr pushtet. Mungesa e idealit tek disa burime t\u00eb reja n\u00eb PS (ashtu si\u00e7 pritnin apo do t\u00eb donin m\u00eb t\u00eb vjetrit), ka b\u00ebr\u00eb q\u00eb m\u00eb t\u00eb vjetrit t\u00eb mendojn\u00eb se i jan\u00eb afruar PS vet\u00ebm p\u00ebr t\u00eb p\u00ebrfituar materialisht nga pushteti politik. N\u00eb fakt, lideri \u00ebsht\u00eb ai q\u00eb b\u00ebn menaxhimin e burimeve njer\u00ebzore n\u00eb parti dhe ruajtjen e ekuilibrave mes vlerave t\u00eb s\u00eb res\u00eb dhe t\u00eb s\u00eb vjetr\u00ebs dhe mund t\u2019i referohemi metod\u00ebs s\u00eb filozofit Dekart, q\u00eb shprehej se sht\u00ebpia e re nd\u00ebrtohet mbi themele t\u00eb forta t\u00eb s\u00eb vjetr\u00ebs, po k\u00ebto themele duhet t\u00eb jen\u00eb t\u00eb padyshimta si t\u00eb forta dhe t\u00eb sigurta si t\u00eb tilla.<\/p>\n<p>Nga ana tjet\u00ebr, nj\u00eb pjes\u00eb e s\u00eb vjetr\u00ebs n\u00eb PS ka tradhtuar identitetin politik t\u00eb majt\u00eb, duke kaluar djathtas si politik\u00eb ose duke trumbetuar politika t\u00eb djathta, duke krijuar grupazhe gjoja n\u00eb em\u00ebr t\u00eb liris\u00eb s\u00eb mendimit, por n\u00eb fakt kjo luft\u00eb pushon sapo personit i ofrohet nj\u00eb post n\u00eb kryesi dhe t\u00eb futet n\u00eb list\u00ebn p\u00ebr deputet dhe kaq e ka lufta p\u00ebr nj\u00eb mendim ndryshe.<\/p>\n<p>N\u00ebse k\u00ebto luft\u00ebra, dikushi n\u00eb PS do t\u2019i b\u00ebnte v\u00ebrtet n\u00eb em\u00ebr t\u00eb parimit t\u00eb liris\u00eb dhe jo p\u00ebr p\u00ebrfitim personal, at\u00ebher\u00eb do t\u00eb kishte tjet\u00ebr sjellje politike; ose ky\/kjo do t\u00eb largohej nga ajo vij\u00eb forc\u00eb politike q\u00eb ky\/kjo aderon n\u00ebse nuk bie m\u00eb dakord me vij\u00ebn politike t\u00eb partis\u00eb, ose n\u00ebse do t\u00eb q\u00ebndroj\u00eb n\u00eb parti n\u00eb em\u00ebr t\u00eb moralit nuk do t\u00eb pranonte asnj\u00eb post n\u00eb k\u00ebt\u00eb parti me vij\u00ebn e s\u00eb cil\u00ebs nuk bie dakord (as n\u00eb kryesi, as deputet) etj., etj., dhe do t\u00eb b\u00ebnte oponenca vazhdim\u00ebsisht pa u p\u00ebrfshir\u00eb n\u00eb poste drejtuese t\u00eb partis\u00eb. Politika duhet t\u00eb p\u00ebrmbaj\u00eb moralin. Duhet t\u00eb udh\u00ebheq\u00eb ai lider t\u00eb cilit arsyeja i dominon mbi makut\u00ebrit\u00eb p\u00ebr para dhe pushtet, dhe nj\u00eb lider normal n\u00eb nj\u00eb moment duhet t\u00eb ndalet para epshit p\u00ebr pushtet dhe para dhe t\u00eb analizoj\u00eb vetveten p\u00ebr b\u00ebmat q\u00eb ka b\u00ebr\u00eb, duke menaxhuar k\u00ebshtu vetveten dhe duke i th\u00ebn\u00eb vetvetes: \u201dmjaft\u201d, \u201dboll\u201d.<\/p>\n<p><strong>T\u00eb rinj jo me doza ksenocentrizmi, delirizmi dhe servilizmi<\/strong><\/p>\n<p>T\u00eb rinjt\u00eb sjellin energji t\u00eb reja dhe frym\u00eb t\u00eb re n\u00eb jet\u00ebn demokratike, por jo ata t\u00eb rinj q\u00eb mbivler\u00ebsojn\u00eb kulturat e huaja mbi at\u00eb t\u00eb tyren mbi at\u00eb shqiptare. Kombit i duhen ata t\u00eb rinj q\u00eb jan\u00eb t\u00eb gatsh\u00ebm t\u00eb sakrifikojn\u00eb p\u00ebr idealin komb\u00ebtar dhe t\u00eb b\u00ebjn\u00eb aksione politike n\u00eb vend n\u00eb dobi t\u00eb kombit dhe demokracis\u00eb p\u00ebr ta \u00e7uar at\u00eb drejt progresit. Kombit nuk i duhet ndonj\u00eb i ri q\u00eb ju mburret t\u00eb rinjve n\u00eb Shqip\u00ebri se studion jasht\u00eb vendit apo q\u00eb n\u00eb shkrimin e par\u00eb n\u00eb jet\u00ebn e vet nuk jep zgjidhje p\u00ebr ndonj\u00eb problem, por i b\u00ebn serviliz\u00ebm dhe avokati t\u00eb dob\u00ebt ndonj\u00eb p\u00ebrfaq\u00ebsuesi t\u00eb mendimit ndryshe, por q\u00eb tani nuk duket t\u00eb ket\u00eb m\u00eb mendim ndryshe, pasi ka pranuar post n\u00eb kryesi t\u00eb PS dhe \u00ebsht\u00eb b\u00ebr\u00eb i nj\u00eb mendimi me kryetarin, duke e zhg\u00ebnjyer edhe ndonj\u00eb t\u00eb ri dhe duke i shkuar d\u00ebm dhe avokatia.<\/p>\n<p>T\u00eb rinjt\u00eb q\u00eb studiojn\u00eb jasht\u00eb duhet t\u00eb m\u00ebsojn\u00eb nga demokracit\u00eb per\u00ebndimore dhe jo t\u00eb b\u00ebhen \u201ckamikaz\u00eb\u201d t\u00eb politikan\u00ebve, qoft\u00eb t\u00eb mendimit ndryshe apo t\u00eb nj\u00ebjt\u00eb dhe aq m\u00eb keq q\u00eb n\u00eb shkrimet e tyre t\u00eb para t\u00eb p\u00ebrdorin gjuh\u00eb me doza ksenocentrizmi apo delirizmi p\u00ebr shqiptar\u00ebt sikur t\u00eb mos ishin vet\u00eb shqiptar\u00eb me fraza t\u00eb tilla: \u201dse shqiptar\u00ebt&#8230;\u201d, \u201cse atje n\u00eb Shqip\u00ebri&#8230;\u201d etj., etj. P\u00ebr t\u00eb verifikuar n\u00ebse dikush \u00ebsht\u00eb i pavarur apo i varur politikisht, kjo \u00ebsht\u00eb leht\u00ebsisht e verifikueshme sot me zhvillimin e teknologjis\u00eb s\u00eb informacionit, duke u publikuar listat partiake, komunikimet n\u00ebp\u00ebr rrjete sociale etj., etj.<\/p>\n<p><strong>T\u00eb rinjt\u00eb e FRESSH, ogur i mir\u00eb i s\u00eb res\u00eb n\u00eb PS<\/strong><\/p>\n<p>FRESSH \u00ebsht\u00eb nj\u00eb burim i mir\u00eb q\u00eb duhet motivuar, mir\u00eborganizuar, pasi t\u00eb rinjt\u00eb m\u00eb energjit\u00eb e tyre dhe frym\u00ebn e tyre p\u00ebrb\u00ebjn\u00eb nj\u00eb thesar, q\u00eb po t\u00eb dish t\u2019i drejtosh dhe organizosh, b\u00ebn aksione politike efikase.<\/p>\n<p>T\u00eb rinjt\u00eb si ata q\u00eb studiojn\u00eb jasht\u00eb vendit (si\u00e7 kemi studiuar shum\u00eb nga ne dhe q\u00eb jemi rikthyer n\u00eb vendin ton\u00eb p\u00ebr t\u2019i sh\u00ebrbyer vendit p\u00ebrball\u00eb gjith\u00eb problematikave), edhe ata q\u00eb studiojn\u00eb brenda vendit me energjit\u00eb e tyre pozitive p\u00ebrb\u00ebjn\u00eb burime shum\u00eb t\u00eb mira p\u00ebr t\u2019i sh\u00ebrbyer idealit komb\u00ebtar dhe demokracis\u00eb. Burime t\u00eb tilla duket se jan\u00eb grumbulluar mjaft n\u00eb radh\u00ebt e FRESSH dhe riaktivizimi i FRESSH \u00ebsht\u00eb nj\u00eb sinjal pozitiv p\u00ebr elektoratin e majt\u00eb n\u00ebse do t\u00eb riorganizohet dhe mir\u00ebmenaxhohet p\u00ebrmes motivimit.<\/p>\n<p>Kjo struktur\u00eb mund t\u00eb b\u00ebhet m\u00eb efikase n\u00ebse ndiqet nj\u00eb model i ngjash\u00ebm model-tip i organizat\u00ebs \u201cVet\u00ebvendosja\u201d. Kjo do t\u00eb konkurronte denj\u00ebsisht dhe rivalizonte strukturat rinore t\u00eb PD, LSI etj., dhe do t\u00eb ishte nj\u00eb burim i madh votash n\u00eb dobi t\u00eb PS. T\u00eb rinjt\u00eb q\u00eb kan\u00eb ideale nuk lodhen p\u00ebr aksione politike, jan\u00eb t\u00eb ndersh\u00ebm me identitetin politik, sepse zakonisht ndjekin orientim politik familjar, dhe ky \u00ebsht\u00eb tregues q\u00eb t\u00eb rinjt\u00eb e familjeve t\u00eb majta q\u00eb kan\u00eb edhe nj\u00eb ideal komb\u00ebtar mund t\u00eb p\u00ebrb\u00ebjn\u00eb nj\u00eb burim m\u00eb t\u00eb sigurt p\u00ebr t\u2019u mobilizuar dhe duke pasur shpresa m\u00eb t\u00eb sigurta se nuk tradhtojn\u00eb identitetin politik.<\/p>\n","protected":false},"excerpt":{"rendered":"<p>Dr. Mandeta Minxhozi, 26.01.2012 N\u00eb nj\u00eb demokraci nuk duhet t\u00eb ndodh\u00eb q\u00eb nj\u00eb lideri t\u2019i jepet aq shum\u00eb pushtet p\u00ebr nj\u00eb koh\u00eb aq t\u00eb gjat\u00eb sa t\u00eb b\u00ebhet i gjith\u00ebfuqish\u00ebm dhe t\u2019i ket\u00eb t\u00eb gjitha pushtetet, por duhet t\u00eb ushtrohet parimi i demokracis\u00eb \u201ccheck and balance\u201d (kontroll dhe ekuilib\u00ebr). Po ashtu, as nj\u00eb institucion i [&hellip;]<\/p>\n","protected":false},"author":1,"featured_media":0,"comment_status":"open","ping_status":"closed","sticky":false,"template":"","format":"standard","meta":{"footnotes":""},"categories":[2],"tags":[],"class_list":{"0":"post-11637","1":"post","2":"type-post","3":"status-publish","4":"format-standard","6":"category-artikuj"},"yoast_head":"<!-- This site is optimized with the Yoast SEO plugin v27.4 - https:\/\/yoast.com\/product\/yoast-seo-wordpress\/ -->\n<title>Demokracia n\u00eb rrezik! - FjALA e LIR\u00cb - Arkivi<\/title>\n<meta name=\"robots\" content=\"index, follow, max-snippet:-1, max-image-preview:large, max-video-preview:-1\" \/>\n<link rel=\"canonical\" href=\"https:\/\/fjala.info\/2009-2015\/demokracia-ne-rrezik\/\" \/>\n<meta property=\"og:locale\" content=\"sq_AL\" \/>\n<meta property=\"og:type\" content=\"article\" \/>\n<meta property=\"og:title\" content=\"Demokracia n\u00eb rrezik! - FjALA e LIR\u00cb - Arkivi\" \/>\n<meta property=\"og:description\" content=\"Dr. Mandeta Minxhozi, 26.01.2012 N\u00eb nj\u00eb demokraci nuk duhet t\u00eb ndodh\u00eb q\u00eb nj\u00eb lideri t\u2019i jepet aq shum\u00eb pushtet p\u00ebr nj\u00eb koh\u00eb aq t\u00eb gjat\u00eb sa t\u00eb b\u00ebhet i gjith\u00ebfuqish\u00ebm dhe t\u2019i ket\u00eb t\u00eb gjitha pushtetet, por duhet t\u00eb ushtrohet parimi i demokracis\u00eb \u201ccheck and balance\u201d (kontroll dhe ekuilib\u00ebr). Po ashtu, as nj\u00eb institucion i [&hellip;]\" \/>\n<meta property=\"og:url\" content=\"https:\/\/fjala.info\/2009-2015\/demokracia-ne-rrezik\/\" \/>\n<meta property=\"og:site_name\" content=\"FjALA e LIR\u00cb - Arkivi\" \/>\n<meta property=\"article:published_time\" content=\"2012-01-27T04:23:36+00:00\" \/>\n<meta name=\"author\" content=\"admin\" \/>\n<meta name=\"twitter:card\" content=\"summary_large_image\" \/>\n<meta name=\"twitter:label1\" content=\"Written by\" \/>\n\t<meta name=\"twitter:data1\" content=\"admin\" \/>\n\t<meta name=\"twitter:label2\" content=\"Est. reading time\" \/>\n\t<meta name=\"twitter:data2\" content=\"10 minutes\" \/>\n<script type=\"application\/ld+json\" class=\"yoast-schema-graph\">{\"@context\":\"https:\\\/\\\/schema.org\",\"@graph\":[{\"@type\":\"Article\",\"@id\":\"https:\\\/\\\/fjala.info\\\/2009-2015\\\/demokracia-ne-rrezik\\\/#article\",\"isPartOf\":{\"@id\":\"https:\\\/\\\/fjala.info\\\/2009-2015\\\/demokracia-ne-rrezik\\\/\"},\"author\":{\"name\":\"admin\",\"@id\":\"https:\\\/\\\/fjala.info\\\/2009-2015\\\/#\\\/schema\\\/person\\\/3aa1163ef05469c496fc94e77611ada2\"},\"headline\":\"Demokracia n\u00eb rrezik!\",\"datePublished\":\"2012-01-27T04:23:36+00:00\",\"mainEntityOfPage\":{\"@id\":\"https:\\\/\\\/fjala.info\\\/2009-2015\\\/demokracia-ne-rrezik\\\/\"},\"wordCount\":1984,\"commentCount\":0,\"publisher\":{\"@id\":\"https:\\\/\\\/fjala.info\\\/2009-2015\\\/#organization\"},\"articleSection\":[\"Artikuj\"],\"inLanguage\":\"sq-AL\",\"potentialAction\":[{\"@type\":\"CommentAction\",\"name\":\"Comment\",\"target\":[\"https:\\\/\\\/fjala.info\\\/2009-2015\\\/demokracia-ne-rrezik\\\/#respond\"]}]},{\"@type\":\"WebPage\",\"@id\":\"https:\\\/\\\/fjala.info\\\/2009-2015\\\/demokracia-ne-rrezik\\\/\",\"url\":\"https:\\\/\\\/fjala.info\\\/2009-2015\\\/demokracia-ne-rrezik\\\/\",\"name\":\"Demokracia n\u00eb rrezik! - FjALA e LIR\u00cb - Arkivi\",\"isPartOf\":{\"@id\":\"https:\\\/\\\/fjala.info\\\/2009-2015\\\/#website\"},\"datePublished\":\"2012-01-27T04:23:36+00:00\",\"breadcrumb\":{\"@id\":\"https:\\\/\\\/fjala.info\\\/2009-2015\\\/demokracia-ne-rrezik\\\/#breadcrumb\"},\"inLanguage\":\"sq-AL\",\"potentialAction\":[{\"@type\":\"ReadAction\",\"target\":[\"https:\\\/\\\/fjala.info\\\/2009-2015\\\/demokracia-ne-rrezik\\\/\"]}]},{\"@type\":\"BreadcrumbList\",\"@id\":\"https:\\\/\\\/fjala.info\\\/2009-2015\\\/demokracia-ne-rrezik\\\/#breadcrumb\",\"itemListElement\":[{\"@type\":\"ListItem\",\"position\":1,\"name\":\"Home\",\"item\":\"https:\\\/\\\/fjala.info\\\/2009-2015\\\/\"},{\"@type\":\"ListItem\",\"position\":2,\"name\":\"Demokracia n\u00eb rrezik!\"}]},{\"@type\":\"WebSite\",\"@id\":\"https:\\\/\\\/fjala.info\\\/2009-2015\\\/#website\",\"url\":\"https:\\\/\\\/fjala.info\\\/2009-2015\\\/\",\"name\":\"FjALA e LIR\u00cb - Arkivi\",\"description\":\"Arkivi 2009-2015\",\"publisher\":{\"@id\":\"https:\\\/\\\/fjala.info\\\/2009-2015\\\/#organization\"},\"potentialAction\":[{\"@type\":\"SearchAction\",\"target\":{\"@type\":\"EntryPoint\",\"urlTemplate\":\"https:\\\/\\\/fjala.info\\\/2009-2015\\\/?s={search_term_string}\"},\"query-input\":{\"@type\":\"PropertyValueSpecification\",\"valueRequired\":true,\"valueName\":\"search_term_string\"}}],\"inLanguage\":\"sq-AL\"},{\"@type\":\"Organization\",\"@id\":\"https:\\\/\\\/fjala.info\\\/2009-2015\\\/#organization\",\"name\":\"FjALA e LIR\u00cb - Arkivi\",\"url\":\"https:\\\/\\\/fjala.info\\\/2009-2015\\\/\",\"logo\":{\"@type\":\"ImageObject\",\"inLanguage\":\"sq-AL\",\"@id\":\"https:\\\/\\\/fjala.info\\\/2009-2015\\\/#\\\/schema\\\/logo\\\/image\\\/\",\"url\":\"\",\"contentUrl\":\"\",\"caption\":\"FjALA e LIR\u00cb - Arkivi\"},\"image\":{\"@id\":\"https:\\\/\\\/fjala.info\\\/2009-2015\\\/#\\\/schema\\\/logo\\\/image\\\/\"}},{\"@type\":\"Person\",\"@id\":\"https:\\\/\\\/fjala.info\\\/2009-2015\\\/#\\\/schema\\\/person\\\/3aa1163ef05469c496fc94e77611ada2\",\"name\":\"admin\",\"image\":{\"@type\":\"ImageObject\",\"inLanguage\":\"sq-AL\",\"@id\":\"https:\\\/\\\/fjala.info\\\/2009-2015\\\/wp-content\\\/uploads\\\/2012\\\/02\\\/arben_cokaj-120x150.jpg\",\"url\":\"https:\\\/\\\/fjala.info\\\/2009-2015\\\/wp-content\\\/uploads\\\/2012\\\/02\\\/arben_cokaj-120x150.jpg\",\"contentUrl\":\"https:\\\/\\\/fjala.info\\\/2009-2015\\\/wp-content\\\/uploads\\\/2012\\\/02\\\/arben_cokaj-120x150.jpg\",\"caption\":\"admin\"},\"description\":\"Admin, Fjala e Lir\u00eb\",\"sameAs\":[\"https:\\\/\\\/fjala.info\\\/\"],\"url\":\"https:\\\/\\\/fjala.info\\\/2009-2015\\\/author\\\/admin\\\/\"}]}<\/script>\n<!-- \/ Yoast SEO plugin. -->","yoast_head_json":{"title":"Demokracia n\u00eb rrezik! - FjALA e LIR\u00cb - Arkivi","robots":{"index":"index","follow":"follow","max-snippet":"max-snippet:-1","max-image-preview":"max-image-preview:large","max-video-preview":"max-video-preview:-1"},"canonical":"https:\/\/fjala.info\/2009-2015\/demokracia-ne-rrezik\/","og_locale":"sq_AL","og_type":"article","og_title":"Demokracia n\u00eb rrezik! - FjALA e LIR\u00cb - Arkivi","og_description":"Dr. Mandeta Minxhozi, 26.01.2012 N\u00eb nj\u00eb demokraci nuk duhet t\u00eb ndodh\u00eb q\u00eb nj\u00eb lideri t\u2019i jepet aq shum\u00eb pushtet p\u00ebr nj\u00eb koh\u00eb aq t\u00eb gjat\u00eb sa t\u00eb b\u00ebhet i gjith\u00ebfuqish\u00ebm dhe t\u2019i ket\u00eb t\u00eb gjitha pushtetet, por duhet t\u00eb ushtrohet parimi i demokracis\u00eb \u201ccheck and balance\u201d (kontroll dhe ekuilib\u00ebr). Po ashtu, as nj\u00eb institucion i [&hellip;]","og_url":"https:\/\/fjala.info\/2009-2015\/demokracia-ne-rrezik\/","og_site_name":"FjALA e LIR\u00cb - Arkivi","article_published_time":"2012-01-27T04:23:36+00:00","author":"admin","twitter_card":"summary_large_image","twitter_misc":{"Written by":"admin","Est. reading time":"10 minutes"},"schema":{"@context":"https:\/\/schema.org","@graph":[{"@type":"Article","@id":"https:\/\/fjala.info\/2009-2015\/demokracia-ne-rrezik\/#article","isPartOf":{"@id":"https:\/\/fjala.info\/2009-2015\/demokracia-ne-rrezik\/"},"author":{"name":"admin","@id":"https:\/\/fjala.info\/2009-2015\/#\/schema\/person\/3aa1163ef05469c496fc94e77611ada2"},"headline":"Demokracia n\u00eb rrezik!","datePublished":"2012-01-27T04:23:36+00:00","mainEntityOfPage":{"@id":"https:\/\/fjala.info\/2009-2015\/demokracia-ne-rrezik\/"},"wordCount":1984,"commentCount":0,"publisher":{"@id":"https:\/\/fjala.info\/2009-2015\/#organization"},"articleSection":["Artikuj"],"inLanguage":"sq-AL","potentialAction":[{"@type":"CommentAction","name":"Comment","target":["https:\/\/fjala.info\/2009-2015\/demokracia-ne-rrezik\/#respond"]}]},{"@type":"WebPage","@id":"https:\/\/fjala.info\/2009-2015\/demokracia-ne-rrezik\/","url":"https:\/\/fjala.info\/2009-2015\/demokracia-ne-rrezik\/","name":"Demokracia n\u00eb rrezik! - FjALA e LIR\u00cb - Arkivi","isPartOf":{"@id":"https:\/\/fjala.info\/2009-2015\/#website"},"datePublished":"2012-01-27T04:23:36+00:00","breadcrumb":{"@id":"https:\/\/fjala.info\/2009-2015\/demokracia-ne-rrezik\/#breadcrumb"},"inLanguage":"sq-AL","potentialAction":[{"@type":"ReadAction","target":["https:\/\/fjala.info\/2009-2015\/demokracia-ne-rrezik\/"]}]},{"@type":"BreadcrumbList","@id":"https:\/\/fjala.info\/2009-2015\/demokracia-ne-rrezik\/#breadcrumb","itemListElement":[{"@type":"ListItem","position":1,"name":"Home","item":"https:\/\/fjala.info\/2009-2015\/"},{"@type":"ListItem","position":2,"name":"Demokracia n\u00eb rrezik!"}]},{"@type":"WebSite","@id":"https:\/\/fjala.info\/2009-2015\/#website","url":"https:\/\/fjala.info\/2009-2015\/","name":"FjALA e LIR\u00cb - Arkivi","description":"Arkivi 2009-2015","publisher":{"@id":"https:\/\/fjala.info\/2009-2015\/#organization"},"potentialAction":[{"@type":"SearchAction","target":{"@type":"EntryPoint","urlTemplate":"https:\/\/fjala.info\/2009-2015\/?s={search_term_string}"},"query-input":{"@type":"PropertyValueSpecification","valueRequired":true,"valueName":"search_term_string"}}],"inLanguage":"sq-AL"},{"@type":"Organization","@id":"https:\/\/fjala.info\/2009-2015\/#organization","name":"FjALA e LIR\u00cb - Arkivi","url":"https:\/\/fjala.info\/2009-2015\/","logo":{"@type":"ImageObject","inLanguage":"sq-AL","@id":"https:\/\/fjala.info\/2009-2015\/#\/schema\/logo\/image\/","url":"","contentUrl":"","caption":"FjALA e LIR\u00cb - Arkivi"},"image":{"@id":"https:\/\/fjala.info\/2009-2015\/#\/schema\/logo\/image\/"}},{"@type":"Person","@id":"https:\/\/fjala.info\/2009-2015\/#\/schema\/person\/3aa1163ef05469c496fc94e77611ada2","name":"admin","image":{"@type":"ImageObject","inLanguage":"sq-AL","@id":"https:\/\/fjala.info\/2009-2015\/wp-content\/uploads\/2012\/02\/arben_cokaj-120x150.jpg","url":"https:\/\/fjala.info\/2009-2015\/wp-content\/uploads\/2012\/02\/arben_cokaj-120x150.jpg","contentUrl":"https:\/\/fjala.info\/2009-2015\/wp-content\/uploads\/2012\/02\/arben_cokaj-120x150.jpg","caption":"admin"},"description":"Admin, Fjala e Lir\u00eb","sameAs":["https:\/\/fjala.info\/"],"url":"https:\/\/fjala.info\/2009-2015\/author\/admin\/"}]}},"_links":{"self":[{"href":"https:\/\/fjala.info\/2009-2015\/wp-json\/wp\/v2\/posts\/11637","targetHints":{"allow":["GET"]}}],"collection":[{"href":"https:\/\/fjala.info\/2009-2015\/wp-json\/wp\/v2\/posts"}],"about":[{"href":"https:\/\/fjala.info\/2009-2015\/wp-json\/wp\/v2\/types\/post"}],"author":[{"embeddable":true,"href":"https:\/\/fjala.info\/2009-2015\/wp-json\/wp\/v2\/users\/1"}],"replies":[{"embeddable":true,"href":"https:\/\/fjala.info\/2009-2015\/wp-json\/wp\/v2\/comments?post=11637"}],"version-history":[{"count":0,"href":"https:\/\/fjala.info\/2009-2015\/wp-json\/wp\/v2\/posts\/11637\/revisions"}],"wp:attachment":[{"href":"https:\/\/fjala.info\/2009-2015\/wp-json\/wp\/v2\/media?parent=11637"}],"wp:term":[{"taxonomy":"category","embeddable":true,"href":"https:\/\/fjala.info\/2009-2015\/wp-json\/wp\/v2\/categories?post=11637"},{"taxonomy":"post_tag","embeddable":true,"href":"https:\/\/fjala.info\/2009-2015\/wp-json\/wp\/v2\/tags?post=11637"}],"curies":[{"name":"wp","href":"https:\/\/api.w.org\/{rel}","templated":true}]}}