{"id":11636,"date":"2012-01-27T06:21:35","date_gmt":"2012-01-27T05:21:35","guid":{"rendered":"http:\/\/fjala.shkoder.net\/?p=1404"},"modified":"2012-01-27T06:21:35","modified_gmt":"2012-01-27T05:21:35","slug":"be-kunder-neodiktaturave","status":"publish","type":"post","link":"https:\/\/fjala.info\/2009-2015\/be-kunder-neodiktaturave\/","title":{"rendered":"BE kund\u00ebr neodiktaturave"},"content":{"rendered":"<p><img decoding=\"async\" class=\"alignleft size-thumbnail wp-image-7236\" title=\"Arben Malaj\" src=\"http:\/\/www.shkoder.net\/images\/fjala\/2010\/arben_malaj.jpg\" alt=\"\" width=\"200\" \/> <strong>Arben Malaj<\/strong>, <em>26.01.2012<\/em><\/p>\n<p>Shpesh diskutohet p\u00ebr p\u00ebrfitimet q\u00eb vendet ish-komuniste do t\u00eb kishin nga integrimi europian, shum\u00eb fokusohen te p\u00ebrfitimet financiare. Por, pas ngjarjeve me Hungarin\u00eb, m\u00eb shum\u00eb duhet t\u00eb diskutojm\u00eb p\u00ebr p\u00ebrfitimet nga plot\u00ebsimi, respektimi i kritereve t\u00eb an\u00ebtar\u00ebsimit n\u00eb BE.<\/p>\n<p>Jo rrall\u00eb Europa e Bashkuar \u00ebsht\u00eb p\u00ebrfshir\u00eb nga debatet apo krizat, ajo ka raste d\u00ebshtimi, t\u00eb cilat kan\u00eb penguar thellimin e integrimit ose kan\u00eb vonuar zgjerimin e saj. Vitet e fundit, kriza ekonomike dhe sidomos kriza e euros, ka rritur optimizmin e euroskeptik\u00ebve. Lidershipi politik, komuniteti i biznesit dhe opinioni publik jo vet\u00ebm brenda BE-s\u00eb, jan\u00eb t\u00eb ndar\u00eb kur flitet p\u00ebr thellimin e integrimit europian deri n\u00eb nivelin e integrimit politik, n\u00eb at\u00eb q\u00eb edhe \u00c7ur\u00e7illi q\u00eb n\u00eb 1946-n do ta mb\u00ebshteste, krijimin e Shteteve t\u00eb Bashkuara t\u00eb Europ\u00ebs.<\/p>\n<p>N\u00eb kulmin e kriz\u00ebs europiane ekonomike, nd\u00ebrsa kalon momentin m\u00eb t\u00eb v\u00ebshtir\u00eb t\u00eb arritjes s\u00eb kompromisit p\u00ebr reformat me synim ruajtjen e euros, duket se projekti i BE-s\u00eb p\u00ebr promovimin e vlerave m\u00eb t\u00eb qen\u00ebsishme t\u00eb demokracis\u00eb po jep nj\u00eb shembull t\u00eb qart\u00eb t\u00eb forc\u00ebs dhe dobishm\u00ebris\u00eb n\u00eb konsolidimin e demokracis\u00eb n\u00eb vendet ish-komuniste. Rasti konkret \u00ebsht\u00eb debati deri n\u00eb ballafaqimin ligjor n\u00eb Gjykat\u00ebn e t\u00eb Drejt\u00ebs Europiane midis Hungaris\u00eb dhe Bashkimit Europian.<\/p>\n<p>Partia e Kryeministrit Viktor Orban dhe koalicioni i tij fitoi nj\u00eb shumic\u00eb t\u00eb cil\u00ebsuar votash q\u00eb i jepnin \u201clegjitimitetin\u201d p\u00ebr t\u00eb b\u00ebr\u00eb ndryshime deri edhe kushtetuese. Kjo shumic\u00eb euforike shum\u00eb shpejt u keqp\u00ebrdor p\u00ebr t\u00eb p\u00ebrqendruar pushtetin n\u00eb dor\u00eb t\u00eb Kryeministrit, p\u00ebr t\u00eb dob\u00ebsuar dhe kontrolluar pushtetet e tjera duke rikthyer riskun e p\u00ebrs\u00ebritur t\u00eb mend\u00ebsive dhe modeleve autoritariste n\u00eb ish-vendet komuniste.<\/p>\n<p>Shqet\u00ebsimet kryesore t\u00eb BE-s\u00eb ndaj qeveris\u00eb s\u00eb Kryeministrit Orban jan\u00eb: s\u00eb pari, moscenimi i pavar\u00ebsis\u00eb s\u00eb Bank\u00ebs Qendrore, n\u00eb m\u00ebnyr\u00eb q\u00eb qeveria t\u00eb mos keqp\u00ebrdor\u00eb financat e vendit p\u00ebr mbijetes\u00ebn politike; s\u00eb dyti, ndarja dhe kontrolli i pushteteve, raporti midis qeveris\u00eb dhe gjyq\u00ebsorit, pasi Kryeministri k\u00ebrkon t\u00eb spastroj\u00eb gjyq\u00ebsorin duke aplikuar nxjerrje masive n\u00eb pension t\u00eb parakohsh\u00ebm t\u00eb gjyqtar\u00ebve; s\u00eb treti, ligji i medias, kontrolli absolut mbi t\u00eb dhe ngritja e institucioneve penalizuese ndaj mediave kund\u00ebrshtare; dhe s\u00eb kat\u00ebrti, mbrojtja e t\u00eb dh\u00ebnave personale t\u00eb qytetar\u00ebve, pasi qeveria k\u00ebrkon t\u00eb rris\u00eb aksesin e saj n\u00eb t\u00eb dh\u00ebnat personale t\u00eb tyre.<\/p>\n<p>K\u00ebto jan\u00eb n\u00eb thelb shqet\u00ebsime t\u00eb vet\u00eb qytetar\u00ebve hungarez\u00eb. Kjo v\u00ebrtetohet qart\u00eb nga testimet publike. Kryeministri ka humbur ndjesh\u00ebm mb\u00ebshtetjen e publikut. Ai sot nuk konsiderohet zgjidhja e problemeve, por burimi i tyre. N\u00eb k\u00ebt\u00eb k\u00ebndv\u00ebshtrim, shumica e fituar p\u00ebr t\u00eb qeverisur vendin, nuk mund t\u00eb sh\u00ebrbej\u00eb m\u00eb si argument p\u00ebr t\u00eb justifikuar keqp\u00ebrdorimin e tij.<\/p>\n<p>\u00cbsht\u00eb e v\u00ebrtet\u00eb q\u00eb Orban me shumic\u00ebn \u201clegjitime\u201d t\u00eb fituar mund t\u2019i mund\u00eb me karton\u00eb, vet\u00ebm p\u00ebrkoh\u00ebsisht, t\u00eb gjitha partit\u00eb e tjera politike, mund t\u00eb ndryshoj\u00eb Kushtetut\u00ebn, mund t\u00eb ndryshoj\u00eb ligjet me shumic\u00eb t\u00eb cil\u00ebsuar, mund t\u00eb vendos\u00eb n\u00ebn kontroll Bank\u00ebn Qendrore, mund t\u00eb flak\u00eb nga puna mij\u00ebra gjyqtar\u00eb, mund t\u00eb nd\u00ebrtoj\u00eb sistemin m\u00eb represiv ndaj medias s\u00eb pavarur dhe mund t\u00eb kontrolloj\u00eb deri n\u00eb detaje jet\u00ebn e \u00e7do kund\u00ebrshtari t\u00eb tij politik.<\/p>\n<p>Aktualisht edhe reagimi publik n\u00eb Hungari i opozit\u00ebs apo i opinionit publik \u00ebsht\u00eb i dob\u00ebt. Instrumentet kushtetuese p\u00ebr ta ndalur Kryeministrin Orban n\u00eb nd\u00ebrmarrjen e k\u00ebtyre veprimeve jan\u00eb aktualisht t\u00eb pamundura. Shqet\u00ebsimi b\u00ebhet m\u00eb i madh po t\u00eb kemi parasysh se n\u00eb t\u00eb ardhmen arritja e shumicave t\u00eb tilla parlamentare \u00ebsht\u00eb e v\u00ebshtir\u00eb.<\/p>\n<p>Pik\u00ebrisht k\u00ebtu merr vler\u00eb r\u00ebnd\u00ebsia jetike e projektit t\u00eb BE-s\u00eb p\u00ebr t\u00eb promovuar dhe konsoliduar standardet m\u00eb t\u00eb mira t\u00eb demokracis\u00eb n\u00eb vendet e saj an\u00ebtare dhe n\u00eb ato q\u00eb synojn\u00eb t\u2019i bashkohen. Vet\u00ebm BE-ja mund ta ndaloj\u00eb qeverin\u00eb hungareze t\u00eb mos vazhdoj\u00eb t\u00eb p\u00ebrkeq\u00ebsoj\u00eb at\u00eb q\u00eb \u00ebsht\u00eb duke b\u00ebr\u00eb keq krahasuar me standardet e saj t\u00eb qart\u00ebsuara n\u00eb kriteret e Mastrihtit. \u00cbsht\u00eb BE-ja e cila po i k\u00ebrkon Orbanit t\u00eb rishikoj\u00eb ligjet q\u00eb cenojn\u00eb ndarjen dhe balanc\u00ebn e pushteteve, ligjet q\u00eb dob\u00ebsojn\u00eb institucionet dhe rrisin arbitraritetin e qeveris\u00eb mbi institucionet e r\u00ebnd\u00ebsishme kushtetuese.<\/p>\n<p>Edhe pse n\u00eb drejtimin e BE-se jan\u00eb n\u00eb shumic\u00eb p\u00ebrfaq\u00ebsues t\u00eb s\u00eb djatht\u00ebs, ata jan\u00eb qart\u00ebsisht kategorik\u00eb kund\u00ebr politikave t\u00eb Orbanit. Nj\u00eb vler\u00eb pozitive e shtuar e BE-s\u00eb \u00ebsht\u00eb fakti se n\u00eb gjykimin e \u00e7\u00ebshtjeve dhe q\u00ebndrimeve politike t\u00eb saj, ajo vepron jo n\u00eb raport me p\u00ebrfaq\u00ebsimet e anuara partiake, por n\u00eb raport me standardet dhe kriteret e Mastrihtit. BE-ja, n\u00eb rastin e Hungaris\u00eb, fitoi edhe mb\u00ebshtetjen e FMN-s\u00eb, e cila, k\u00ebrkes\u00ebs s\u00eb qeveris\u00eb hungareze p\u00ebr nj\u00eb paket\u00eb ndihme p\u00ebr kriz\u00ebn e saj ekonomike, ve\u00e7 k\u00ebrkesave strikte p\u00ebr reformat ekonomike, i shtoi edhe nj\u00eb kriter politik. Kreu i FMN-s\u00eb, znj. Legard, theksoi se Hungaria duhet t\u00eb respektoj\u00eb shqet\u00ebsimet e BE-s\u00eb, p\u00ebrpara se t\u00eb shpresoj\u00eb t\u00eb marr\u00eb ndonj\u00eb ndihm\u00eb financiare nga FMN-ja.(\/\/www.imf.org\/external\/np\/sec\/pr\/2012\/pr1207.htm) Ky koordinim, harmonizim dhe unifikim q\u00ebndrimesh midis institucioneve nd\u00ebrkomb\u00ebtare, rrit efikasitetin e masave t\u00eb tyre ndaj qeverive q\u00eb rrezikojn\u00eb zhvillimet demokratike n\u00eb vendet e tyre.<\/p>\n<p>Ja pse n\u00eb disa raste gj\u00ebja e par\u00eb q\u00eb b\u00ebjn\u00eb disa kryeministra \u00ebsht\u00eb reduktimi n\u00eb minimum i bashk\u00ebpunimit me k\u00ebto institucione. K\u00ebta politikan\u00eb \u201cp\u00ebrkoh\u00ebsisht\u201d t\u00eb gjith\u00ebpushtetsh\u00ebm i tremben \u00e7do kufizimi t\u00eb pushtetit t\u00eb tyre. Duke cenuar themelet e shtetit t\u00eb s\u00eb drejt\u00ebs p\u00ebr t\u00eb nd\u00ebrtuar \u201cmbret\u00ebrit\u00eb e tyre autoritare\u201d, k\u00ebta politikan\u00eb k\u00ebrc\u00ebnojn\u00eb t\u00eb ardhmen e vendeve t\u00eb tyre.<\/p>\n<p>Ja pse duhet ta analizojm\u00eb me kujdes rastin e Hungaris\u00eb. Jo thjesht se kemi qen\u00eb vende ish-komuniste, por sepse rrezikohemi n\u00eb m\u00ebnyr\u00eb t\u00eb p\u00ebrs\u00ebritur nga t\u00eb nj\u00ebjtat s\u00ebmundje t\u00eb lidershipit politik. Rasti i Hungaris\u00eb tregon se sa leht\u00eb mund t\u00eb keqp\u00ebrdoren \u201cshumicat e cil\u00ebsuara\u201d p\u00ebr t\u00eb cenuar cil\u00ebsin\u00eb e standardeve t\u00eb demokracis\u00eb, aq m\u00eb tep\u00ebr n\u00eb vendet tona me institucione t\u00eb dob\u00ebta.<\/p>\n<p>Momentet e krizave ekonomike p\u00ebrb\u00ebjn\u00eb nj\u00eb risk q\u00eb mentalitete populiste dhe nacionaliste t\u00eb marrin p\u00ebrkoh\u00ebsisht edhe mb\u00ebshtetjen popullore, por n\u00eb \u00e7do rast kjo mb\u00ebshtetje u jepet bazuar te shpresa p\u00ebr t\u2019i nxjerr\u00eb nga kriza dhe jo p\u00ebr t\u00eb prodhuar kriza.<\/p>\n<p>Rreziqet e udh\u00ebheq\u00ebsve autoritarist\u00eb, populist\u00eb dhe nacionalist\u00eb q\u00eb p\u00ebrfitojn\u00eb nga krizat p\u00ebr t\u00eb rritur pushtetin absolut n\u00eb duart e tyre, do t\u00eb jen\u00eb n\u00eb rritje p\u00ebr aq koh\u00eb sa sfidat sociale, papun\u00ebsia, thellimi i pabarazis\u00eb dhe varf\u00ebria nuk do t\u00eb gjejn\u00eb zgjidhje optimale t\u00eb q\u00ebndrueshme.<\/p>\n<p>Q\u00ebndrimi konkret i BE-s\u00eb ndaj Kryeministrit hungarez Orban, n\u00eb mbrojtje t\u00eb demokracis\u00eb dhe p\u00ebr t\u00eb mos lejuar p\u00ebrkeq\u00ebsimin e ndarjes, balanc\u00ebs dhe kontrollit t\u00eb pushteteve, duhet t\u00eb na qart\u00ebsoj\u00eb edhe ne pse integrimi n\u00eb BE \u00ebsht\u00eb kaq jetik p\u00ebr vendet tona dhe \u00e7far\u00eb realisht p\u00ebrfitojm\u00eb kur jemi pjes\u00eb e saj. Ne duhet t\u00eb bindemi se BE-ja mund t\u00eb jet\u00eb garanti jon\u00eb n\u00eb sfidat p\u00ebr t\u00eb ardhmen, ndaj duhet t\u00eb mos pengohemi dhe vonohemi n\u00eb integrimin e vendit ton\u00eb.<\/p>\n","protected":false},"excerpt":{"rendered":"<p>Arben Malaj, 26.01.2012 Shpesh diskutohet p\u00ebr p\u00ebrfitimet q\u00eb vendet ish-komuniste do t\u00eb kishin nga integrimi europian, shum\u00eb fokusohen te p\u00ebrfitimet financiare. Por, pas ngjarjeve me Hungarin\u00eb, m\u00eb shum\u00eb duhet t\u00eb diskutojm\u00eb p\u00ebr p\u00ebrfitimet nga plot\u00ebsimi, respektimi i kritereve t\u00eb an\u00ebtar\u00ebsimit n\u00eb BE. Jo rrall\u00eb Europa e Bashkuar \u00ebsht\u00eb p\u00ebrfshir\u00eb nga debatet apo krizat, ajo ka [&hellip;]<\/p>\n","protected":false},"author":1,"featured_media":0,"comment_status":"open","ping_status":"closed","sticky":false,"template":"","format":"standard","meta":{"footnotes":""},"categories":[2],"tags":[],"class_list":{"0":"post-11636","1":"post","2":"type-post","3":"status-publish","4":"format-standard","6":"category-artikuj"},"yoast_head":"<!-- This site is optimized with the Yoast SEO plugin v27.4 - https:\/\/yoast.com\/product\/yoast-seo-wordpress\/ -->\n<title>BE kund\u00ebr neodiktaturave - FjALA e LIR\u00cb - Arkivi<\/title>\n<meta name=\"robots\" content=\"index, follow, max-snippet:-1, max-image-preview:large, max-video-preview:-1\" \/>\n<link rel=\"canonical\" href=\"https:\/\/fjala.info\/2009-2015\/be-kunder-neodiktaturave\/\" \/>\n<meta property=\"og:locale\" content=\"sq_AL\" \/>\n<meta property=\"og:type\" content=\"article\" \/>\n<meta property=\"og:title\" content=\"BE kund\u00ebr neodiktaturave - FjALA e LIR\u00cb - Arkivi\" \/>\n<meta property=\"og:description\" content=\"Arben Malaj, 26.01.2012 Shpesh diskutohet p\u00ebr p\u00ebrfitimet q\u00eb vendet ish-komuniste do t\u00eb kishin nga integrimi europian, shum\u00eb fokusohen te p\u00ebrfitimet financiare. Por, pas ngjarjeve me Hungarin\u00eb, m\u00eb shum\u00eb duhet t\u00eb diskutojm\u00eb p\u00ebr p\u00ebrfitimet nga plot\u00ebsimi, respektimi i kritereve t\u00eb an\u00ebtar\u00ebsimit n\u00eb BE. Jo rrall\u00eb Europa e Bashkuar \u00ebsht\u00eb p\u00ebrfshir\u00eb nga debatet apo krizat, ajo ka [&hellip;]\" \/>\n<meta property=\"og:url\" content=\"https:\/\/fjala.info\/2009-2015\/be-kunder-neodiktaturave\/\" \/>\n<meta property=\"og:site_name\" content=\"FjALA e LIR\u00cb - Arkivi\" \/>\n<meta property=\"article:published_time\" content=\"2012-01-27T05:21:35+00:00\" \/>\n<meta property=\"og:image\" content=\"http:\/\/www.shkoder.net\/images\/fjala\/2010\/arben_malaj.jpg\" \/>\n<meta name=\"author\" content=\"admin\" \/>\n<meta name=\"twitter:card\" content=\"summary_large_image\" \/>\n<meta name=\"twitter:label1\" content=\"Written by\" \/>\n\t<meta name=\"twitter:data1\" content=\"admin\" \/>\n\t<meta name=\"twitter:label2\" content=\"Est. reading time\" \/>\n\t<meta name=\"twitter:data2\" content=\"6 minutes\" \/>\n<script type=\"application\/ld+json\" class=\"yoast-schema-graph\">{\"@context\":\"https:\\\/\\\/schema.org\",\"@graph\":[{\"@type\":\"Article\",\"@id\":\"https:\\\/\\\/fjala.info\\\/2009-2015\\\/be-kunder-neodiktaturave\\\/#article\",\"isPartOf\":{\"@id\":\"https:\\\/\\\/fjala.info\\\/2009-2015\\\/be-kunder-neodiktaturave\\\/\"},\"author\":{\"name\":\"admin\",\"@id\":\"https:\\\/\\\/fjala.info\\\/2009-2015\\\/#\\\/schema\\\/person\\\/3aa1163ef05469c496fc94e77611ada2\"},\"headline\":\"BE kund\u00ebr neodiktaturave\",\"datePublished\":\"2012-01-27T05:21:35+00:00\",\"mainEntityOfPage\":{\"@id\":\"https:\\\/\\\/fjala.info\\\/2009-2015\\\/be-kunder-neodiktaturave\\\/\"},\"wordCount\":1264,\"commentCount\":0,\"publisher\":{\"@id\":\"https:\\\/\\\/fjala.info\\\/2009-2015\\\/#organization\"},\"image\":{\"@id\":\"https:\\\/\\\/fjala.info\\\/2009-2015\\\/be-kunder-neodiktaturave\\\/#primaryimage\"},\"thumbnailUrl\":\"http:\\\/\\\/www.shkoder.net\\\/images\\\/fjala\\\/2010\\\/arben_malaj.jpg\",\"articleSection\":[\"Artikuj\"],\"inLanguage\":\"sq-AL\",\"potentialAction\":[{\"@type\":\"CommentAction\",\"name\":\"Comment\",\"target\":[\"https:\\\/\\\/fjala.info\\\/2009-2015\\\/be-kunder-neodiktaturave\\\/#respond\"]}]},{\"@type\":\"WebPage\",\"@id\":\"https:\\\/\\\/fjala.info\\\/2009-2015\\\/be-kunder-neodiktaturave\\\/\",\"url\":\"https:\\\/\\\/fjala.info\\\/2009-2015\\\/be-kunder-neodiktaturave\\\/\",\"name\":\"BE kund\u00ebr neodiktaturave - FjALA e LIR\u00cb - Arkivi\",\"isPartOf\":{\"@id\":\"https:\\\/\\\/fjala.info\\\/2009-2015\\\/#website\"},\"primaryImageOfPage\":{\"@id\":\"https:\\\/\\\/fjala.info\\\/2009-2015\\\/be-kunder-neodiktaturave\\\/#primaryimage\"},\"image\":{\"@id\":\"https:\\\/\\\/fjala.info\\\/2009-2015\\\/be-kunder-neodiktaturave\\\/#primaryimage\"},\"thumbnailUrl\":\"http:\\\/\\\/www.shkoder.net\\\/images\\\/fjala\\\/2010\\\/arben_malaj.jpg\",\"datePublished\":\"2012-01-27T05:21:35+00:00\",\"breadcrumb\":{\"@id\":\"https:\\\/\\\/fjala.info\\\/2009-2015\\\/be-kunder-neodiktaturave\\\/#breadcrumb\"},\"inLanguage\":\"sq-AL\",\"potentialAction\":[{\"@type\":\"ReadAction\",\"target\":[\"https:\\\/\\\/fjala.info\\\/2009-2015\\\/be-kunder-neodiktaturave\\\/\"]}]},{\"@type\":\"ImageObject\",\"inLanguage\":\"sq-AL\",\"@id\":\"https:\\\/\\\/fjala.info\\\/2009-2015\\\/be-kunder-neodiktaturave\\\/#primaryimage\",\"url\":\"http:\\\/\\\/www.shkoder.net\\\/images\\\/fjala\\\/2010\\\/arben_malaj.jpg\",\"contentUrl\":\"http:\\\/\\\/www.shkoder.net\\\/images\\\/fjala\\\/2010\\\/arben_malaj.jpg\"},{\"@type\":\"BreadcrumbList\",\"@id\":\"https:\\\/\\\/fjala.info\\\/2009-2015\\\/be-kunder-neodiktaturave\\\/#breadcrumb\",\"itemListElement\":[{\"@type\":\"ListItem\",\"position\":1,\"name\":\"Home\",\"item\":\"https:\\\/\\\/fjala.info\\\/2009-2015\\\/\"},{\"@type\":\"ListItem\",\"position\":2,\"name\":\"BE kund\u00ebr neodiktaturave\"}]},{\"@type\":\"WebSite\",\"@id\":\"https:\\\/\\\/fjala.info\\\/2009-2015\\\/#website\",\"url\":\"https:\\\/\\\/fjala.info\\\/2009-2015\\\/\",\"name\":\"FjALA e LIR\u00cb - Arkivi\",\"description\":\"Arkivi 2009-2015\",\"publisher\":{\"@id\":\"https:\\\/\\\/fjala.info\\\/2009-2015\\\/#organization\"},\"potentialAction\":[{\"@type\":\"SearchAction\",\"target\":{\"@type\":\"EntryPoint\",\"urlTemplate\":\"https:\\\/\\\/fjala.info\\\/2009-2015\\\/?s={search_term_string}\"},\"query-input\":{\"@type\":\"PropertyValueSpecification\",\"valueRequired\":true,\"valueName\":\"search_term_string\"}}],\"inLanguage\":\"sq-AL\"},{\"@type\":\"Organization\",\"@id\":\"https:\\\/\\\/fjala.info\\\/2009-2015\\\/#organization\",\"name\":\"FjALA e LIR\u00cb - Arkivi\",\"url\":\"https:\\\/\\\/fjala.info\\\/2009-2015\\\/\",\"logo\":{\"@type\":\"ImageObject\",\"inLanguage\":\"sq-AL\",\"@id\":\"https:\\\/\\\/fjala.info\\\/2009-2015\\\/#\\\/schema\\\/logo\\\/image\\\/\",\"url\":\"\",\"contentUrl\":\"\",\"caption\":\"FjALA e LIR\u00cb - Arkivi\"},\"image\":{\"@id\":\"https:\\\/\\\/fjala.info\\\/2009-2015\\\/#\\\/schema\\\/logo\\\/image\\\/\"}},{\"@type\":\"Person\",\"@id\":\"https:\\\/\\\/fjala.info\\\/2009-2015\\\/#\\\/schema\\\/person\\\/3aa1163ef05469c496fc94e77611ada2\",\"name\":\"admin\",\"image\":{\"@type\":\"ImageObject\",\"inLanguage\":\"sq-AL\",\"@id\":\"https:\\\/\\\/fjala.info\\\/2009-2015\\\/wp-content\\\/uploads\\\/2012\\\/02\\\/arben_cokaj-120x150.jpg\",\"url\":\"https:\\\/\\\/fjala.info\\\/2009-2015\\\/wp-content\\\/uploads\\\/2012\\\/02\\\/arben_cokaj-120x150.jpg\",\"contentUrl\":\"https:\\\/\\\/fjala.info\\\/2009-2015\\\/wp-content\\\/uploads\\\/2012\\\/02\\\/arben_cokaj-120x150.jpg\",\"caption\":\"admin\"},\"description\":\"Admin, Fjala e Lir\u00eb\",\"sameAs\":[\"https:\\\/\\\/fjala.info\\\/\"],\"url\":\"https:\\\/\\\/fjala.info\\\/2009-2015\\\/author\\\/admin\\\/\"}]}<\/script>\n<!-- \/ Yoast SEO plugin. -->","yoast_head_json":{"title":"BE kund\u00ebr neodiktaturave - FjALA e LIR\u00cb - Arkivi","robots":{"index":"index","follow":"follow","max-snippet":"max-snippet:-1","max-image-preview":"max-image-preview:large","max-video-preview":"max-video-preview:-1"},"canonical":"https:\/\/fjala.info\/2009-2015\/be-kunder-neodiktaturave\/","og_locale":"sq_AL","og_type":"article","og_title":"BE kund\u00ebr neodiktaturave - FjALA e LIR\u00cb - Arkivi","og_description":"Arben Malaj, 26.01.2012 Shpesh diskutohet p\u00ebr p\u00ebrfitimet q\u00eb vendet ish-komuniste do t\u00eb kishin nga integrimi europian, shum\u00eb fokusohen te p\u00ebrfitimet financiare. Por, pas ngjarjeve me Hungarin\u00eb, m\u00eb shum\u00eb duhet t\u00eb diskutojm\u00eb p\u00ebr p\u00ebrfitimet nga plot\u00ebsimi, respektimi i kritereve t\u00eb an\u00ebtar\u00ebsimit n\u00eb BE. Jo rrall\u00eb Europa e Bashkuar \u00ebsht\u00eb p\u00ebrfshir\u00eb nga debatet apo krizat, ajo ka [&hellip;]","og_url":"https:\/\/fjala.info\/2009-2015\/be-kunder-neodiktaturave\/","og_site_name":"FjALA e LIR\u00cb - Arkivi","article_published_time":"2012-01-27T05:21:35+00:00","og_image":[{"url":"http:\/\/www.shkoder.net\/images\/fjala\/2010\/arben_malaj.jpg","type":"","width":"","height":""}],"author":"admin","twitter_card":"summary_large_image","twitter_misc":{"Written by":"admin","Est. reading time":"6 minutes"},"schema":{"@context":"https:\/\/schema.org","@graph":[{"@type":"Article","@id":"https:\/\/fjala.info\/2009-2015\/be-kunder-neodiktaturave\/#article","isPartOf":{"@id":"https:\/\/fjala.info\/2009-2015\/be-kunder-neodiktaturave\/"},"author":{"name":"admin","@id":"https:\/\/fjala.info\/2009-2015\/#\/schema\/person\/3aa1163ef05469c496fc94e77611ada2"},"headline":"BE kund\u00ebr neodiktaturave","datePublished":"2012-01-27T05:21:35+00:00","mainEntityOfPage":{"@id":"https:\/\/fjala.info\/2009-2015\/be-kunder-neodiktaturave\/"},"wordCount":1264,"commentCount":0,"publisher":{"@id":"https:\/\/fjala.info\/2009-2015\/#organization"},"image":{"@id":"https:\/\/fjala.info\/2009-2015\/be-kunder-neodiktaturave\/#primaryimage"},"thumbnailUrl":"http:\/\/www.shkoder.net\/images\/fjala\/2010\/arben_malaj.jpg","articleSection":["Artikuj"],"inLanguage":"sq-AL","potentialAction":[{"@type":"CommentAction","name":"Comment","target":["https:\/\/fjala.info\/2009-2015\/be-kunder-neodiktaturave\/#respond"]}]},{"@type":"WebPage","@id":"https:\/\/fjala.info\/2009-2015\/be-kunder-neodiktaturave\/","url":"https:\/\/fjala.info\/2009-2015\/be-kunder-neodiktaturave\/","name":"BE kund\u00ebr neodiktaturave - FjALA e LIR\u00cb - Arkivi","isPartOf":{"@id":"https:\/\/fjala.info\/2009-2015\/#website"},"primaryImageOfPage":{"@id":"https:\/\/fjala.info\/2009-2015\/be-kunder-neodiktaturave\/#primaryimage"},"image":{"@id":"https:\/\/fjala.info\/2009-2015\/be-kunder-neodiktaturave\/#primaryimage"},"thumbnailUrl":"http:\/\/www.shkoder.net\/images\/fjala\/2010\/arben_malaj.jpg","datePublished":"2012-01-27T05:21:35+00:00","breadcrumb":{"@id":"https:\/\/fjala.info\/2009-2015\/be-kunder-neodiktaturave\/#breadcrumb"},"inLanguage":"sq-AL","potentialAction":[{"@type":"ReadAction","target":["https:\/\/fjala.info\/2009-2015\/be-kunder-neodiktaturave\/"]}]},{"@type":"ImageObject","inLanguage":"sq-AL","@id":"https:\/\/fjala.info\/2009-2015\/be-kunder-neodiktaturave\/#primaryimage","url":"http:\/\/www.shkoder.net\/images\/fjala\/2010\/arben_malaj.jpg","contentUrl":"http:\/\/www.shkoder.net\/images\/fjala\/2010\/arben_malaj.jpg"},{"@type":"BreadcrumbList","@id":"https:\/\/fjala.info\/2009-2015\/be-kunder-neodiktaturave\/#breadcrumb","itemListElement":[{"@type":"ListItem","position":1,"name":"Home","item":"https:\/\/fjala.info\/2009-2015\/"},{"@type":"ListItem","position":2,"name":"BE kund\u00ebr neodiktaturave"}]},{"@type":"WebSite","@id":"https:\/\/fjala.info\/2009-2015\/#website","url":"https:\/\/fjala.info\/2009-2015\/","name":"FjALA e LIR\u00cb - Arkivi","description":"Arkivi 2009-2015","publisher":{"@id":"https:\/\/fjala.info\/2009-2015\/#organization"},"potentialAction":[{"@type":"SearchAction","target":{"@type":"EntryPoint","urlTemplate":"https:\/\/fjala.info\/2009-2015\/?s={search_term_string}"},"query-input":{"@type":"PropertyValueSpecification","valueRequired":true,"valueName":"search_term_string"}}],"inLanguage":"sq-AL"},{"@type":"Organization","@id":"https:\/\/fjala.info\/2009-2015\/#organization","name":"FjALA e LIR\u00cb - Arkivi","url":"https:\/\/fjala.info\/2009-2015\/","logo":{"@type":"ImageObject","inLanguage":"sq-AL","@id":"https:\/\/fjala.info\/2009-2015\/#\/schema\/logo\/image\/","url":"","contentUrl":"","caption":"FjALA e LIR\u00cb - Arkivi"},"image":{"@id":"https:\/\/fjala.info\/2009-2015\/#\/schema\/logo\/image\/"}},{"@type":"Person","@id":"https:\/\/fjala.info\/2009-2015\/#\/schema\/person\/3aa1163ef05469c496fc94e77611ada2","name":"admin","image":{"@type":"ImageObject","inLanguage":"sq-AL","@id":"https:\/\/fjala.info\/2009-2015\/wp-content\/uploads\/2012\/02\/arben_cokaj-120x150.jpg","url":"https:\/\/fjala.info\/2009-2015\/wp-content\/uploads\/2012\/02\/arben_cokaj-120x150.jpg","contentUrl":"https:\/\/fjala.info\/2009-2015\/wp-content\/uploads\/2012\/02\/arben_cokaj-120x150.jpg","caption":"admin"},"description":"Admin, Fjala e Lir\u00eb","sameAs":["https:\/\/fjala.info\/"],"url":"https:\/\/fjala.info\/2009-2015\/author\/admin\/"}]}},"_links":{"self":[{"href":"https:\/\/fjala.info\/2009-2015\/wp-json\/wp\/v2\/posts\/11636","targetHints":{"allow":["GET"]}}],"collection":[{"href":"https:\/\/fjala.info\/2009-2015\/wp-json\/wp\/v2\/posts"}],"about":[{"href":"https:\/\/fjala.info\/2009-2015\/wp-json\/wp\/v2\/types\/post"}],"author":[{"embeddable":true,"href":"https:\/\/fjala.info\/2009-2015\/wp-json\/wp\/v2\/users\/1"}],"replies":[{"embeddable":true,"href":"https:\/\/fjala.info\/2009-2015\/wp-json\/wp\/v2\/comments?post=11636"}],"version-history":[{"count":0,"href":"https:\/\/fjala.info\/2009-2015\/wp-json\/wp\/v2\/posts\/11636\/revisions"}],"wp:attachment":[{"href":"https:\/\/fjala.info\/2009-2015\/wp-json\/wp\/v2\/media?parent=11636"}],"wp:term":[{"taxonomy":"category","embeddable":true,"href":"https:\/\/fjala.info\/2009-2015\/wp-json\/wp\/v2\/categories?post=11636"},{"taxonomy":"post_tag","embeddable":true,"href":"https:\/\/fjala.info\/2009-2015\/wp-json\/wp\/v2\/tags?post=11636"}],"curies":[{"name":"wp","href":"https:\/\/api.w.org\/{rel}","templated":true}]}}