{"id":11635,"date":"2012-01-27T10:36:39","date_gmt":"2012-01-27T09:36:39","guid":{"rendered":"http:\/\/fjala.shkoder.net\/?p=1387"},"modified":"2012-01-27T10:36:39","modified_gmt":"2012-01-27T09:36:39","slug":"zoti-berisha-ke-te-drejte-te-heshtesh","status":"publish","type":"post","link":"https:\/\/fjala.info\/2009-2015\/zoti-berisha-ke-te-drejte-te-heshtesh\/","title":{"rendered":"Zoti Berisha! Ke t\u00eb drejt\u00eb t\u00eb hesht\u00ebsh\u2026!"},"content":{"rendered":"<p><img decoding=\"async\" class=\"alignright size-thumbnail wp-image-7236\" title=\"Mero Baze\" src=\"http:\/\/www.shkoder.net\/images\/fjala\/mero_baze1.jpg\" alt=\"\" width=\"150\" \/> Nga <strong>Mero Baze<\/strong>, <em>26 Janar 2012<\/em><\/p>\n<p>T\u00eb gjith\u00ebve na vjen n\u00eb mendje skena klasike kur polic\u00ebt amerikan\u00eb arrestojn\u00eb ndonj\u00eb kriminel n\u00eb vendngjarje, dhe nd\u00ebrsa i shtr\u00ebngojn\u00eb prangat, i thon\u00eb me shum\u00eb seriozitet formul\u00ebn juridike \u201c\u2026 ke t\u00eb drejt\u00eb t\u00eb hesht\u00ebsh, p\u00ebrndryshe \u00e7do deklarat\u00eb do t\u00eb p\u00ebrdoret n\u00eb dit\u00ebn e gjykimit\u201d. \u00cbsht\u00eb nj\u00eb shans q\u00eb drejt\u00ebsia ua jep kryesisht personave t\u00eb kapur n\u00eb flagranc\u00eb, t\u00eb cil\u00ebt kan\u00eb nevoj\u00eb t\u00eb riartikulojn\u00eb q\u00ebndrimin e tyre p\u00ebr at\u00eb q\u00eb akuzohen.<\/p>\n<p>Sali Berish\u00ebs i ka ndodhur nj\u00eb problem me t\u00eb drejt\u00ebn e tij p\u00ebr t\u00eb heshtur. Ai e ka shtyr\u00eb p\u00ebr gati nj\u00eb vit momentin kur dikush duhet t\u2019i thoshte q\u00eb t\u00eb pushonte s\u00eb foluri p\u00ebr 21 Janarin. I vendosur t\u00eb prodhonte publikisht jo vet\u00ebm nj\u00eb skenar imagjinar, por dhe detaje ilustruese p\u00ebr t\u00eb, ai n\u00eb t\u00eb v\u00ebrtet\u00eb e ka shp\u00ebrdoruar t\u00eb drejt\u00ebn e tij p\u00ebr t\u00eb heshtur. Nga ato \u00e7far\u00eb ka th\u00ebn\u00eb ai deri m\u00eb sot p\u00ebr 21 Janarin, ne kemi nj\u00eb arsye t\u00eb fort\u00eb q\u00eb ta nd\u00ebshkojm\u00eb k\u00ebt\u00eb njeri, jo vet\u00ebm p\u00ebr at\u00eb q\u00eb ka b\u00ebr\u00eb m\u00eb 21 Janar, por dhe p\u00ebr at\u00eb q\u00eb ka tentuar t\u00eb b\u00ebj\u00eb pas 21 Janarit. M\u00eb 21 Janar ai ka vrar\u00eb kat\u00ebr qytetar\u00eb. Vart\u00ebsi i tij direkt, komandanti i Gard\u00ebs ka q\u00eblluar mbi trupin e tyre dhe m\u00eb pas n\u00eb m\u00ebnyr\u00ebn m\u00eb t\u00eb sh\u00ebmtuar n\u00eb bot\u00eb ka tentuar jo vet\u00ebm t\u00eb fsheh\u00eb krimin, por dhe vet\u00eb autor\u00ebsin\u00eb e tij, duke nd\u00ebrruar tyt\u00ebn e pistolet\u00ebs me nj\u00eb punonj\u00ebs t\u00eb administrat\u00ebs q\u00eb nuk ka qen\u00eb fare aty m\u00eb 21 Janar.<\/p>\n<p>Deri n\u00eb or\u00ebn 24:00 t\u00eb dat\u00ebs 21 Janar, Berisha foli p\u00ebr vrasje t\u00eb kryera nga opozita me \u00e7adra pistolet\u00eb, me qitje nga af\u00ebr, dhe me thika me maja helmuese. M\u00eb 22 janar, pasi i ra skenari A i vrasjeve nga opozita, foli p\u00ebr nevoj\u00ebn e vrasjeve n\u00eb nj\u00eb grusht shteti dhe prej asaj dite po vret dita- dit\u00ebs nj\u00eb nga nj\u00eb gjith\u00eb institucionet e shtetit shqiptar. N\u00ebse m\u00eb 21 Janar vrau kat\u00ebr qytetar\u00eb, nj\u00eb vit pas 21 Janarit ka vrar\u00eb kat\u00ebr pushtetet e tjera n\u00eb Shqip\u00ebri, at\u00eb t\u00eb presidentit, gjyq\u00ebsorit, parlamentit dhe medies. Ai ka dh\u00ebn\u00eb versione nga m\u00eb halu\u00e7inantet p\u00ebr bashk\u00ebpunimin e gjith\u00eb pushteteve kund\u00ebr tij, p\u00ebr bashk\u00ebpunim me faktorin nd\u00ebrkomb\u00ebtar dhe m\u00eb tej akoma p\u00ebr nj\u00eb nd\u00ebshkim t\u00eb tyre sapo ai t\u2019i marr\u00eb n\u00ebn kontroll gjith\u00eb pushtetet.<\/p>\n<p>Kjo fjalia e fundit duket se i ka b\u00ebr\u00eb gj\u00ebm\u00ebn m\u00eb shum\u00eb se gjith\u00eb bro\u00e7kullat e tjera q\u00eb ka th\u00ebn\u00eb. Duke e konsideruar njeri t\u00eb paq\u00ebndruesh\u00ebm emocionalisht, dhe me probleme t\u00eb forta me t\u00eb v\u00ebrtet\u00ebn, per\u00ebndimor\u00ebt duket se kan\u00eb injoruar fushat\u00ebn e tij nj\u00eb vje\u00e7are kund\u00ebr institucioneve dhe retorik\u00ebn e prodhuar prej tij p\u00ebr grusht shteti. Thjesht jan\u00eb mjaftuar t\u00eb thon\u00eb se nuk kishim ndonj\u00eb grusht shteti dhe se duhet hetuar 21 Janari. Por fakti q\u00eb FBI hyri n\u00eb mes, mblodhi provat dhe i ekspertoi ato, u kthye n\u00eb nj\u00eb gj\u00ebm\u00eb. Ekspertiza e FBI provoi vrasjet e kryera nga njeriu m\u00eb i af\u00ebrt i Berish\u00ebs n\u00eb pushtet.<\/p>\n<p>Ambasadori Arvizu foli dhe p\u00ebr nj\u00eb urdh\u00ebrues q\u00eb duhet t\u00eb ishte mbi komandantin e Gard\u00ebs. Kjo e \u00e7ekuilibroi t\u00ebr\u00ebsisht kryeministrin dhe e detyroi q\u00eb p\u00ebrve\u00e7se t\u00eb ringjallte pu\u00e7in e shtetit q\u00eb kishte disa muaj q\u00eb e kishte harruar, t\u00eb guxonte t\u00eb shkonte dhe m\u00eb tej, duke folur p\u00ebr nj\u00eb president t\u00eb ri t\u00eb vetin, p\u00ebr nj\u00eb kryeprokuror t\u00eb ri t\u00eb vetin dhe q\u00eb objektiv kryesor do t\u00eb kishin d\u00ebnimin e kryeprokurores aktuale dhe v\u00ebrtetimin e \u201cpu\u00e7it\u201d t\u00eb shtetit. Mbi t\u00eb gjitha ai po p\u00ebrpiqet t\u00eb p\u00ebrfshij\u00eb dhe zotin Arvizu n\u00eb pjes\u00ebn B t\u00eb grushtit t\u00eb shtetit, duke e akuzuar se po b\u00ebhet pjes\u00eb e loj\u00ebs p\u00ebr zgjedhje t\u00eb parakohshme, si\u00e7 k\u00ebrkojn\u00eb \u201cpu\u00e7ist\u00ebt\u201d.<\/p>\n<p>Prej dit\u00ebs q\u00eb prokuroria ka k\u00ebrkuar burg p\u00ebr komandantin e Gard\u00ebs, Berisha nuk ka folur m\u00eb publikisht p\u00ebr 21 Janarin. Intervistat e dh\u00ebna prej tij n\u00eb media jan\u00eb t\u00eb regjistruara paraprakisht dhe ai po p\u00ebrpiqet t\u00eb flas\u00eb n\u00eb m\u00ebnyr\u00eb t\u00eb kontrolluar p\u00ebr planin e tij t\u00eb ardhsh\u00ebm. Kjo po rrit ndjesh\u00ebm tensionin n\u00eb Uashington dhe Bruksel, pasi po p\u00ebrballen publikisht me nj\u00eb premtim p\u00ebr t\u2019i dh\u00ebn\u00eb fund shtetit ligjor n\u00eb Shqip\u00ebri dhe p\u00ebr t\u2019i hapur rrug\u00eb shkarjes s\u00eb Shqip\u00ebris\u00eb n\u00eb vorbull\u00ebn e nj\u00eb pushteti arbitrar. Sali Berisha praktikisht ka hedhur posht\u00eb ekspertiz\u00ebn e FBI, ka hedhur posht\u00eb hetimin e saj profesional, ka hedhur posht\u00eb angazhimin e tij formal para Brukselit p\u00ebr bashk\u00ebpunim me institucione t\u00eb shtetit shqiptar n\u00eb kuadrin e p\u00ebrpjekjeve p\u00ebr t\u00eb marr\u00eb ftes\u00eb p\u00ebr vend kandidat p\u00ebr an\u00ebtar n\u00eb BE\u2026 dhe mbi t\u00eb gjitha ka hedhur posht\u00eb shansin p\u00ebr t\u00eb heshtur, pasi para tij u shfaq dosja e FBI.<\/p>\n<p>Sa her\u00eb ata shfaqen para nj\u00eb personi t\u00eb kapur n\u00eb flagranc\u00eb, e p\u00ebrs\u00ebrisin formul\u00ebn \u201c\u2026ke t\u00eb drejt\u00eb t\u00eb hesht\u00ebsh pasi kjo mund t\u00eb t\u00eb p\u00ebrdoret dit\u00ebn e gjykimit\u2026\u201d. Sali Berisha duket se nuk do ta p\u00ebrdor\u00eb k\u00ebt\u00eb shans p\u00ebr arsyen e thjesht\u00eb se ai nuk beson se do t\u00eb ket\u00eb nj\u00eb dit\u00eb q\u00eb ai do t\u00eb gjykohet. Dhe ka rinisur pun\u00ebn q\u00eb n\u00eb k\u00ebt\u00eb vend t\u00eb jet\u00eb vet\u00eb kryeminist\u00ebr, vet\u00eb president, vet\u00eb kryeprokuror, vet\u00eb kryegjykat\u00ebs, vet\u00eb kryetar i KQZ. \u00cbsht\u00eb e vetmja m\u00ebnyr\u00eb t\u00eb mos gjykohet. Dhe e vetmja m\u00ebnyr\u00eb q\u00eb t\u00eb nd\u00ebshkohet.<\/p>\n","protected":false},"excerpt":{"rendered":"<p>Nga Mero Baze, 26 Janar 2012 T\u00eb gjith\u00ebve na vjen n\u00eb mendje skena klasike kur polic\u00ebt amerikan\u00eb arrestojn\u00eb ndonj\u00eb kriminel n\u00eb vendngjarje, dhe nd\u00ebrsa i shtr\u00ebngojn\u00eb prangat, i thon\u00eb me shum\u00eb seriozitet formul\u00ebn juridike \u201c\u2026 ke t\u00eb drejt\u00eb t\u00eb hesht\u00ebsh, p\u00ebrndryshe \u00e7do deklarat\u00eb do t\u00eb p\u00ebrdoret n\u00eb dit\u00ebn e gjykimit\u201d. \u00cbsht\u00eb nj\u00eb shans q\u00eb drejt\u00ebsia [&hellip;]<\/p>\n","protected":false},"author":1,"featured_media":0,"comment_status":"open","ping_status":"closed","sticky":false,"template":"","format":"standard","meta":{"footnotes":""},"categories":[2],"tags":[],"class_list":{"0":"post-11635","1":"post","2":"type-post","3":"status-publish","4":"format-standard","6":"category-artikuj"},"yoast_head":"<!-- This site is optimized with the Yoast SEO plugin v27.4 - https:\/\/yoast.com\/product\/yoast-seo-wordpress\/ -->\n<title>Zoti Berisha! Ke t\u00eb drejt\u00eb t\u00eb hesht\u00ebsh\u2026! - FjALA e LIR\u00cb - Arkivi<\/title>\n<meta name=\"robots\" content=\"index, follow, max-snippet:-1, max-image-preview:large, max-video-preview:-1\" \/>\n<link rel=\"canonical\" href=\"https:\/\/fjala.info\/2009-2015\/zoti-berisha-ke-te-drejte-te-heshtesh\/\" \/>\n<meta property=\"og:locale\" content=\"sq_AL\" \/>\n<meta property=\"og:type\" content=\"article\" \/>\n<meta property=\"og:title\" content=\"Zoti Berisha! Ke t\u00eb drejt\u00eb t\u00eb hesht\u00ebsh\u2026! - FjALA e LIR\u00cb - Arkivi\" \/>\n<meta property=\"og:description\" content=\"Nga Mero Baze, 26 Janar 2012 T\u00eb gjith\u00ebve na vjen n\u00eb mendje skena klasike kur polic\u00ebt amerikan\u00eb arrestojn\u00eb ndonj\u00eb kriminel n\u00eb vendngjarje, dhe nd\u00ebrsa i shtr\u00ebngojn\u00eb prangat, i thon\u00eb me shum\u00eb seriozitet formul\u00ebn juridike \u201c\u2026 ke t\u00eb drejt\u00eb t\u00eb hesht\u00ebsh, p\u00ebrndryshe \u00e7do deklarat\u00eb do t\u00eb p\u00ebrdoret n\u00eb dit\u00ebn e gjykimit\u201d. \u00cbsht\u00eb nj\u00eb shans q\u00eb drejt\u00ebsia [&hellip;]\" \/>\n<meta property=\"og:url\" content=\"https:\/\/fjala.info\/2009-2015\/zoti-berisha-ke-te-drejte-te-heshtesh\/\" \/>\n<meta property=\"og:site_name\" content=\"FjALA e LIR\u00cb - Arkivi\" \/>\n<meta property=\"article:published_time\" content=\"2012-01-27T09:36:39+00:00\" \/>\n<meta property=\"og:image\" content=\"http:\/\/www.shkoder.net\/images\/fjala\/mero_baze1.jpg\" \/>\n<meta name=\"author\" content=\"admin\" \/>\n<meta name=\"twitter:card\" content=\"summary_large_image\" \/>\n<meta name=\"twitter:label1\" content=\"Written by\" \/>\n\t<meta name=\"twitter:data1\" content=\"admin\" \/>\n\t<meta name=\"twitter:label2\" content=\"Est. reading time\" \/>\n\t<meta name=\"twitter:data2\" content=\"5 minutes\" \/>\n<script type=\"application\/ld+json\" class=\"yoast-schema-graph\">{\"@context\":\"https:\\\/\\\/schema.org\",\"@graph\":[{\"@type\":\"Article\",\"@id\":\"https:\\\/\\\/fjala.info\\\/2009-2015\\\/zoti-berisha-ke-te-drejte-te-heshtesh\\\/#article\",\"isPartOf\":{\"@id\":\"https:\\\/\\\/fjala.info\\\/2009-2015\\\/zoti-berisha-ke-te-drejte-te-heshtesh\\\/\"},\"author\":{\"name\":\"admin\",\"@id\":\"https:\\\/\\\/fjala.info\\\/2009-2015\\\/#\\\/schema\\\/person\\\/3aa1163ef05469c496fc94e77611ada2\"},\"headline\":\"Zoti Berisha! Ke t\u00eb drejt\u00eb t\u00eb hesht\u00ebsh\u2026!\",\"datePublished\":\"2012-01-27T09:36:39+00:00\",\"mainEntityOfPage\":{\"@id\":\"https:\\\/\\\/fjala.info\\\/2009-2015\\\/zoti-berisha-ke-te-drejte-te-heshtesh\\\/\"},\"wordCount\":994,\"commentCount\":0,\"publisher\":{\"@id\":\"https:\\\/\\\/fjala.info\\\/2009-2015\\\/#organization\"},\"image\":{\"@id\":\"https:\\\/\\\/fjala.info\\\/2009-2015\\\/zoti-berisha-ke-te-drejte-te-heshtesh\\\/#primaryimage\"},\"thumbnailUrl\":\"http:\\\/\\\/www.shkoder.net\\\/images\\\/fjala\\\/mero_baze1.jpg\",\"articleSection\":[\"Artikuj\"],\"inLanguage\":\"sq-AL\",\"potentialAction\":[{\"@type\":\"CommentAction\",\"name\":\"Comment\",\"target\":[\"https:\\\/\\\/fjala.info\\\/2009-2015\\\/zoti-berisha-ke-te-drejte-te-heshtesh\\\/#respond\"]}]},{\"@type\":\"WebPage\",\"@id\":\"https:\\\/\\\/fjala.info\\\/2009-2015\\\/zoti-berisha-ke-te-drejte-te-heshtesh\\\/\",\"url\":\"https:\\\/\\\/fjala.info\\\/2009-2015\\\/zoti-berisha-ke-te-drejte-te-heshtesh\\\/\",\"name\":\"Zoti Berisha! Ke t\u00eb drejt\u00eb t\u00eb hesht\u00ebsh\u2026! - FjALA e LIR\u00cb - Arkivi\",\"isPartOf\":{\"@id\":\"https:\\\/\\\/fjala.info\\\/2009-2015\\\/#website\"},\"primaryImageOfPage\":{\"@id\":\"https:\\\/\\\/fjala.info\\\/2009-2015\\\/zoti-berisha-ke-te-drejte-te-heshtesh\\\/#primaryimage\"},\"image\":{\"@id\":\"https:\\\/\\\/fjala.info\\\/2009-2015\\\/zoti-berisha-ke-te-drejte-te-heshtesh\\\/#primaryimage\"},\"thumbnailUrl\":\"http:\\\/\\\/www.shkoder.net\\\/images\\\/fjala\\\/mero_baze1.jpg\",\"datePublished\":\"2012-01-27T09:36:39+00:00\",\"breadcrumb\":{\"@id\":\"https:\\\/\\\/fjala.info\\\/2009-2015\\\/zoti-berisha-ke-te-drejte-te-heshtesh\\\/#breadcrumb\"},\"inLanguage\":\"sq-AL\",\"potentialAction\":[{\"@type\":\"ReadAction\",\"target\":[\"https:\\\/\\\/fjala.info\\\/2009-2015\\\/zoti-berisha-ke-te-drejte-te-heshtesh\\\/\"]}]},{\"@type\":\"ImageObject\",\"inLanguage\":\"sq-AL\",\"@id\":\"https:\\\/\\\/fjala.info\\\/2009-2015\\\/zoti-berisha-ke-te-drejte-te-heshtesh\\\/#primaryimage\",\"url\":\"http:\\\/\\\/www.shkoder.net\\\/images\\\/fjala\\\/mero_baze1.jpg\",\"contentUrl\":\"http:\\\/\\\/www.shkoder.net\\\/images\\\/fjala\\\/mero_baze1.jpg\"},{\"@type\":\"BreadcrumbList\",\"@id\":\"https:\\\/\\\/fjala.info\\\/2009-2015\\\/zoti-berisha-ke-te-drejte-te-heshtesh\\\/#breadcrumb\",\"itemListElement\":[{\"@type\":\"ListItem\",\"position\":1,\"name\":\"Home\",\"item\":\"https:\\\/\\\/fjala.info\\\/2009-2015\\\/\"},{\"@type\":\"ListItem\",\"position\":2,\"name\":\"Zoti Berisha! Ke t\u00eb drejt\u00eb t\u00eb hesht\u00ebsh\u2026!\"}]},{\"@type\":\"WebSite\",\"@id\":\"https:\\\/\\\/fjala.info\\\/2009-2015\\\/#website\",\"url\":\"https:\\\/\\\/fjala.info\\\/2009-2015\\\/\",\"name\":\"FjALA e LIR\u00cb - Arkivi\",\"description\":\"Arkivi 2009-2015\",\"publisher\":{\"@id\":\"https:\\\/\\\/fjala.info\\\/2009-2015\\\/#organization\"},\"potentialAction\":[{\"@type\":\"SearchAction\",\"target\":{\"@type\":\"EntryPoint\",\"urlTemplate\":\"https:\\\/\\\/fjala.info\\\/2009-2015\\\/?s={search_term_string}\"},\"query-input\":{\"@type\":\"PropertyValueSpecification\",\"valueRequired\":true,\"valueName\":\"search_term_string\"}}],\"inLanguage\":\"sq-AL\"},{\"@type\":\"Organization\",\"@id\":\"https:\\\/\\\/fjala.info\\\/2009-2015\\\/#organization\",\"name\":\"FjALA e LIR\u00cb - Arkivi\",\"url\":\"https:\\\/\\\/fjala.info\\\/2009-2015\\\/\",\"logo\":{\"@type\":\"ImageObject\",\"inLanguage\":\"sq-AL\",\"@id\":\"https:\\\/\\\/fjala.info\\\/2009-2015\\\/#\\\/schema\\\/logo\\\/image\\\/\",\"url\":\"\",\"contentUrl\":\"\",\"caption\":\"FjALA e LIR\u00cb - Arkivi\"},\"image\":{\"@id\":\"https:\\\/\\\/fjala.info\\\/2009-2015\\\/#\\\/schema\\\/logo\\\/image\\\/\"}},{\"@type\":\"Person\",\"@id\":\"https:\\\/\\\/fjala.info\\\/2009-2015\\\/#\\\/schema\\\/person\\\/3aa1163ef05469c496fc94e77611ada2\",\"name\":\"admin\",\"image\":{\"@type\":\"ImageObject\",\"inLanguage\":\"sq-AL\",\"@id\":\"https:\\\/\\\/fjala.info\\\/2009-2015\\\/wp-content\\\/uploads\\\/2012\\\/02\\\/arben_cokaj-120x150.jpg\",\"url\":\"https:\\\/\\\/fjala.info\\\/2009-2015\\\/wp-content\\\/uploads\\\/2012\\\/02\\\/arben_cokaj-120x150.jpg\",\"contentUrl\":\"https:\\\/\\\/fjala.info\\\/2009-2015\\\/wp-content\\\/uploads\\\/2012\\\/02\\\/arben_cokaj-120x150.jpg\",\"caption\":\"admin\"},\"description\":\"Admin, Fjala e Lir\u00eb\",\"sameAs\":[\"https:\\\/\\\/fjala.info\\\/\"],\"url\":\"https:\\\/\\\/fjala.info\\\/2009-2015\\\/author\\\/admin\\\/\"}]}<\/script>\n<!-- \/ Yoast SEO plugin. -->","yoast_head_json":{"title":"Zoti Berisha! Ke t\u00eb drejt\u00eb t\u00eb hesht\u00ebsh\u2026! - FjALA e LIR\u00cb - Arkivi","robots":{"index":"index","follow":"follow","max-snippet":"max-snippet:-1","max-image-preview":"max-image-preview:large","max-video-preview":"max-video-preview:-1"},"canonical":"https:\/\/fjala.info\/2009-2015\/zoti-berisha-ke-te-drejte-te-heshtesh\/","og_locale":"sq_AL","og_type":"article","og_title":"Zoti Berisha! Ke t\u00eb drejt\u00eb t\u00eb hesht\u00ebsh\u2026! - FjALA e LIR\u00cb - Arkivi","og_description":"Nga Mero Baze, 26 Janar 2012 T\u00eb gjith\u00ebve na vjen n\u00eb mendje skena klasike kur polic\u00ebt amerikan\u00eb arrestojn\u00eb ndonj\u00eb kriminel n\u00eb vendngjarje, dhe nd\u00ebrsa i shtr\u00ebngojn\u00eb prangat, i thon\u00eb me shum\u00eb seriozitet formul\u00ebn juridike \u201c\u2026 ke t\u00eb drejt\u00eb t\u00eb hesht\u00ebsh, p\u00ebrndryshe \u00e7do deklarat\u00eb do t\u00eb p\u00ebrdoret n\u00eb dit\u00ebn e gjykimit\u201d. \u00cbsht\u00eb nj\u00eb shans q\u00eb drejt\u00ebsia [&hellip;]","og_url":"https:\/\/fjala.info\/2009-2015\/zoti-berisha-ke-te-drejte-te-heshtesh\/","og_site_name":"FjALA e LIR\u00cb - Arkivi","article_published_time":"2012-01-27T09:36:39+00:00","og_image":[{"url":"http:\/\/www.shkoder.net\/images\/fjala\/mero_baze1.jpg","type":"","width":"","height":""}],"author":"admin","twitter_card":"summary_large_image","twitter_misc":{"Written by":"admin","Est. reading time":"5 minutes"},"schema":{"@context":"https:\/\/schema.org","@graph":[{"@type":"Article","@id":"https:\/\/fjala.info\/2009-2015\/zoti-berisha-ke-te-drejte-te-heshtesh\/#article","isPartOf":{"@id":"https:\/\/fjala.info\/2009-2015\/zoti-berisha-ke-te-drejte-te-heshtesh\/"},"author":{"name":"admin","@id":"https:\/\/fjala.info\/2009-2015\/#\/schema\/person\/3aa1163ef05469c496fc94e77611ada2"},"headline":"Zoti Berisha! Ke t\u00eb drejt\u00eb t\u00eb hesht\u00ebsh\u2026!","datePublished":"2012-01-27T09:36:39+00:00","mainEntityOfPage":{"@id":"https:\/\/fjala.info\/2009-2015\/zoti-berisha-ke-te-drejte-te-heshtesh\/"},"wordCount":994,"commentCount":0,"publisher":{"@id":"https:\/\/fjala.info\/2009-2015\/#organization"},"image":{"@id":"https:\/\/fjala.info\/2009-2015\/zoti-berisha-ke-te-drejte-te-heshtesh\/#primaryimage"},"thumbnailUrl":"http:\/\/www.shkoder.net\/images\/fjala\/mero_baze1.jpg","articleSection":["Artikuj"],"inLanguage":"sq-AL","potentialAction":[{"@type":"CommentAction","name":"Comment","target":["https:\/\/fjala.info\/2009-2015\/zoti-berisha-ke-te-drejte-te-heshtesh\/#respond"]}]},{"@type":"WebPage","@id":"https:\/\/fjala.info\/2009-2015\/zoti-berisha-ke-te-drejte-te-heshtesh\/","url":"https:\/\/fjala.info\/2009-2015\/zoti-berisha-ke-te-drejte-te-heshtesh\/","name":"Zoti Berisha! Ke t\u00eb drejt\u00eb t\u00eb hesht\u00ebsh\u2026! - FjALA e LIR\u00cb - Arkivi","isPartOf":{"@id":"https:\/\/fjala.info\/2009-2015\/#website"},"primaryImageOfPage":{"@id":"https:\/\/fjala.info\/2009-2015\/zoti-berisha-ke-te-drejte-te-heshtesh\/#primaryimage"},"image":{"@id":"https:\/\/fjala.info\/2009-2015\/zoti-berisha-ke-te-drejte-te-heshtesh\/#primaryimage"},"thumbnailUrl":"http:\/\/www.shkoder.net\/images\/fjala\/mero_baze1.jpg","datePublished":"2012-01-27T09:36:39+00:00","breadcrumb":{"@id":"https:\/\/fjala.info\/2009-2015\/zoti-berisha-ke-te-drejte-te-heshtesh\/#breadcrumb"},"inLanguage":"sq-AL","potentialAction":[{"@type":"ReadAction","target":["https:\/\/fjala.info\/2009-2015\/zoti-berisha-ke-te-drejte-te-heshtesh\/"]}]},{"@type":"ImageObject","inLanguage":"sq-AL","@id":"https:\/\/fjala.info\/2009-2015\/zoti-berisha-ke-te-drejte-te-heshtesh\/#primaryimage","url":"http:\/\/www.shkoder.net\/images\/fjala\/mero_baze1.jpg","contentUrl":"http:\/\/www.shkoder.net\/images\/fjala\/mero_baze1.jpg"},{"@type":"BreadcrumbList","@id":"https:\/\/fjala.info\/2009-2015\/zoti-berisha-ke-te-drejte-te-heshtesh\/#breadcrumb","itemListElement":[{"@type":"ListItem","position":1,"name":"Home","item":"https:\/\/fjala.info\/2009-2015\/"},{"@type":"ListItem","position":2,"name":"Zoti Berisha! Ke t\u00eb drejt\u00eb t\u00eb hesht\u00ebsh\u2026!"}]},{"@type":"WebSite","@id":"https:\/\/fjala.info\/2009-2015\/#website","url":"https:\/\/fjala.info\/2009-2015\/","name":"FjALA e LIR\u00cb - Arkivi","description":"Arkivi 2009-2015","publisher":{"@id":"https:\/\/fjala.info\/2009-2015\/#organization"},"potentialAction":[{"@type":"SearchAction","target":{"@type":"EntryPoint","urlTemplate":"https:\/\/fjala.info\/2009-2015\/?s={search_term_string}"},"query-input":{"@type":"PropertyValueSpecification","valueRequired":true,"valueName":"search_term_string"}}],"inLanguage":"sq-AL"},{"@type":"Organization","@id":"https:\/\/fjala.info\/2009-2015\/#organization","name":"FjALA e LIR\u00cb - Arkivi","url":"https:\/\/fjala.info\/2009-2015\/","logo":{"@type":"ImageObject","inLanguage":"sq-AL","@id":"https:\/\/fjala.info\/2009-2015\/#\/schema\/logo\/image\/","url":"","contentUrl":"","caption":"FjALA e LIR\u00cb - Arkivi"},"image":{"@id":"https:\/\/fjala.info\/2009-2015\/#\/schema\/logo\/image\/"}},{"@type":"Person","@id":"https:\/\/fjala.info\/2009-2015\/#\/schema\/person\/3aa1163ef05469c496fc94e77611ada2","name":"admin","image":{"@type":"ImageObject","inLanguage":"sq-AL","@id":"https:\/\/fjala.info\/2009-2015\/wp-content\/uploads\/2012\/02\/arben_cokaj-120x150.jpg","url":"https:\/\/fjala.info\/2009-2015\/wp-content\/uploads\/2012\/02\/arben_cokaj-120x150.jpg","contentUrl":"https:\/\/fjala.info\/2009-2015\/wp-content\/uploads\/2012\/02\/arben_cokaj-120x150.jpg","caption":"admin"},"description":"Admin, Fjala e Lir\u00eb","sameAs":["https:\/\/fjala.info\/"],"url":"https:\/\/fjala.info\/2009-2015\/author\/admin\/"}]}},"_links":{"self":[{"href":"https:\/\/fjala.info\/2009-2015\/wp-json\/wp\/v2\/posts\/11635","targetHints":{"allow":["GET"]}}],"collection":[{"href":"https:\/\/fjala.info\/2009-2015\/wp-json\/wp\/v2\/posts"}],"about":[{"href":"https:\/\/fjala.info\/2009-2015\/wp-json\/wp\/v2\/types\/post"}],"author":[{"embeddable":true,"href":"https:\/\/fjala.info\/2009-2015\/wp-json\/wp\/v2\/users\/1"}],"replies":[{"embeddable":true,"href":"https:\/\/fjala.info\/2009-2015\/wp-json\/wp\/v2\/comments?post=11635"}],"version-history":[{"count":0,"href":"https:\/\/fjala.info\/2009-2015\/wp-json\/wp\/v2\/posts\/11635\/revisions"}],"wp:attachment":[{"href":"https:\/\/fjala.info\/2009-2015\/wp-json\/wp\/v2\/media?parent=11635"}],"wp:term":[{"taxonomy":"category","embeddable":true,"href":"https:\/\/fjala.info\/2009-2015\/wp-json\/wp\/v2\/categories?post=11635"},{"taxonomy":"post_tag","embeddable":true,"href":"https:\/\/fjala.info\/2009-2015\/wp-json\/wp\/v2\/tags?post=11635"}],"curies":[{"name":"wp","href":"https:\/\/api.w.org\/{rel}","templated":true}]}}