{"id":11634,"date":"2012-01-26T23:19:42","date_gmt":"2012-01-26T22:19:42","guid":{"rendered":"http:\/\/fjala.shkoder.net\/?p=1381"},"modified":"2012-01-26T23:19:42","modified_gmt":"2012-01-26T22:19:42","slug":"dora-e-mbrapshte-dhe-dora-publike","status":"publish","type":"post","link":"https:\/\/fjala.info\/2009-2015\/dora-e-mbrapshte-dhe-dora-publike\/","title":{"rendered":"Dora e mbrapsht\u00eb dhe dora publike"},"content":{"rendered":"<p><img decoding=\"async\" class=\"alignright size-thumbnail wp-image-7236\" title=\"Monument Kulture\" src=\"http:\/\/www.shkoder.net\/2012\/monument_kulture.jpg\" alt=\"\" width=\"300\" \/> Nga <strong>Ardian Klosi<\/strong>, <em>26 janar 2012<\/em><\/p>\n<p>N\u00eb qoft\u00eb se e kini v\u00ebn\u00eb re, shumica e argumentimeve q\u00eb p\u00ebrdoret te ne kur \u00ebsht\u00eb fjala p\u00ebr t\u00eb b\u00ebr\u00eb nj\u00eb ndryshim n\u00eb shoq\u00ebri a shtet, ose p\u00ebr ta kund\u00ebrshtuar k\u00ebt\u00eb ndryshim, n\u00eb em\u00ebr t\u00eb nj\u00eb reforme ose t\u00eb nj\u00eb kund\u00ebrreforme, fillon me \u201ebota\u201c ose \u201ebota e qytet\u00ebruar\u201c ose edhe m\u00eb e zgjeruar \u201ebota e qytet\u00ebruar ku duam t\u00eb hyjm\u00eb\u201c dhe pastaj tregohet se si vepron kjo bot\u00eb, me t\u00eb cil\u00ebn zakonisht n\u00ebnkuptohet Europa Per\u00ebndimore apo ShBA. Argumentuesi n\u00eb k\u00ebt\u00eb rast e p\u00ebrfytyron veten si p\u00ebrfaq\u00ebsues t\u00eb k\u00ebtij qytet\u00ebrimi, ende larg pjes\u00ebs d\u00ebrrmuese t\u00eb shoq\u00ebris\u00eb shqiptare, kurse pal\u00ebn q\u00eb po e m\u00ebson, t\u00eb prapambetur, t\u00eb paqytet\u00ebruar, jasht\u00eb asaj bote ideale.<\/p>\n<p>Pik\u00ebrisht k\u00ebshtu fillon edhe nj\u00eb intervist\u00eb e dit\u00ebve t\u00eb fundit n\u00eb Gazet\u00ebn Shqiptare e drejtorit t\u00eb Institutit t\u00eb Monumenteve t\u00eb Kultur\u00ebs, z. Apollon Ba\u00e7e. Intervista shtron dhe mbron iden\u00eb q\u00eb \u00ebsht\u00eb p\u00ebrs\u00ebri, me \u00e7\u2019duket, si shum\u00eb her\u00eb t\u00eb tjera, projekt i mbrapsht\u00eb i lindur n\u00eb mendjen e kryeministrit t\u00eb tij dhe nj\u00eb grushti njer\u00ebzish, q\u00eb monumentet kulturore t\u00eb Shqip\u00ebris\u00eb t\u00eb privatizohen, t\u2019i jepen p\u00ebr p\u00ebrdorim privatit me afate shum\u00ebvje\u00e7are, q\u00eb shkojn\u00eb deri 89 vjet.<\/p>\n<p>\u201eN\u00eb t\u00eb gjitha vendet e bot\u00ebs \u2013 thot\u00eb z. Ba\u00e7e &#8211; nuk \u00ebsht\u00eb shteti ai q\u00eb b\u00ebn investimet m\u00eb t\u00eb m\u00ebdha sepse k\u00ebto b\u00ebhen me donacione e investime nga privat\u00ebt. Ne nuk mund t\u2019i p\u00ebrballojme nevojat q\u00eb kan\u00eb monumentet tona\u201c etj. Ja, k\u00ebshtu e nis argumentimin e tij njeriu t\u00eb cilit shoq\u00ebria dhe shteti yn\u00eb i ka besuar nj\u00eb detyr\u00eb sa t\u00eb v\u00ebshtir\u00eb aq edhe fisnike: t\u00eb mbroj\u00eb fytyr\u00ebn dhe sh\u00ebndetin e asaj pak gj\u00ebje q\u00eb na ka mbetur p\u00ebr t\u2019u krenuar: trash\u00ebgimis\u00eb son\u00eb kulturore. Mir\u00ebpo pik\u00ebrisht ky njeri e fillon me nj\u00eb g\u00ebnjesht\u00ebr, me nj\u00eb silogjiz\u00ebm e nj\u00eb mashtrim, q\u00eb ai e shp\u00ebrndan n\u00eb eter me bindjen se opinioni do ta marr\u00eb p\u00ebr t\u00eb v\u00ebrtet\u00eb, meq\u00eb n\u00eb k\u00ebt\u00eb rast \u201ebot\u00ebn\u201c po e citon dhe merr si argument nj\u00eb funksionar i lart\u00eb me tituj si dr. prof. etj.<\/p>\n<p>Silogjizmi q\u00ebndron n\u00eb faktin q\u00eb investime t\u00eb m\u00ebdha n\u00eb nj\u00eb monument kulture v\u00ebrtet q\u00eb shpesh mund t\u00eb b\u00ebhen me fonde private ose pjes\u00ebrisht private, por kjo s\u2019ka t\u00eb thot\u00eb gj\u00eb p\u00ebr pron\u00ebsin\u00eb e k\u00ebtyre monumenteve, e cila mbetet shtet\u00ebrore ose m\u00eb sakt\u00eb publike. Dhe k\u00ebtu \u00ebsht\u00eb thelbi i mashtrimit: p\u00ebrmes k\u00ebsaj interviste z. Ba\u00e7e p\u00ebrpiqet t\u00eb na bind\u00eb p\u00ebrse shteti yn\u00eb duhet t\u00eb heq\u00eb dor\u00eb nga administrimi i monumenteve t\u00eb kultur\u00ebs dhe t\u2019i nxjerr\u00eb ato n\u00eb ankand (si do t\u00eb zgjidhen privat\u00ebt? pyet gazetarja \u2013 Do t\u00eb ket\u00eb nj\u00eb ankand p\u00ebr k\u00ebt\u00eb pun\u00eb, p\u00ebrgjigjet z. Ba\u00e7e, q\u00eb pak m\u00eb lart na ka njoftuar se \u201ekemi b\u00ebr\u00eb nj\u00eb list\u00eb munumentesh (kush jan\u00eb \u201ekemi\u201c, ai dhe z. Ceka? apo ai dhe z. Ceka dhe z.Berisha?), t\u00eb cil\u00ebn do ta diskutojm\u00eb me ministrin Bum\u00e7i\u201c).<\/p>\n<p>E njohim aq bot\u00ebn, edhe pse mund t\u00eb ngjajm\u00eb ende vend i humbur n\u00eb skaj t\u00eb perandoris\u00eb krra-krra, sa ta dim\u00eb q\u00eb, bie fjala n\u00eb Gjermani a Austri, mbrojt\u00ebs i \u00e7do monumenti, n\u00eb fshatin m\u00eb t\u00eb vog\u00ebl a n\u00eb qytetin m\u00eb t\u00eb madh \u00ebsht\u00eb dora publike. Die oeffentliche Hand, z. Ba\u00e7e, meq\u00eb e mbani veten edhe me kultur\u00eb gjermanike, duhet ta njihni k\u00ebt\u00eb togfjal\u00ebsh. Kjo dor\u00eb publike v\u00ebrtet e lejon nj\u00eb kafene a nj\u00eb restorant t\u00eb vog\u00ebl an\u00eb nj\u00eb k\u00ebshtjelle, sepse fundja njer\u00ebzit q\u00eb jan\u00eb lodhur derisa jan\u00eb ngjitur gjer atje, nj\u00eb kafe e meritojn\u00eb; kjo dor\u00eb publike e lejon v\u00ebrtet edhe nj\u00eb dyqanxhi n\u00eb hyrje (apo dalje) t\u00eb monumentit q\u00eb t\u00eb shes\u00eb aty suvenire nga monumenti, por pron\u00ebsin\u00eb nuk ia kalon as kafexhiut as dyqanxhiut. Sepse monumenti \u00ebsht\u00eb padiskutuarsh\u00ebm administrim i komun\u00ebs, bashkis\u00eb, qytetit, shtetit.<\/p>\n<p>S\u2019ka analfabet e s\u2019ka f\u00ebmij\u00eb n\u00eb k\u00ebt\u00eb bot\u00eb (n\u00eb at\u00eb dhe n\u00eb k\u00ebt\u00eb ton\u00ebn) q\u00eb t\u00eb mos e njoh\u00eb sentenc\u00ebn e p\u00ebrhershme, por dhe t\u00eb p\u00ebrjetshme t\u00eb njer\u00ebzimit: \u201eMonument kulture, mbrohet nga shteti\u201c. Sado i varf\u00ebr, sado ngordhalaq nj\u00eb shtet, sikurse yni, ky kumtim \u00ebsht\u00eb gati-gati i shenjt\u00eb, ai b\u00ebn q\u00eb nj\u00eb x-monument kulture t\u00eb ruhet vetiu nga njer\u00ebzit edhe kur aty nuk ka as dhe nj\u00eb rojtar. Sa her\u00eb na ka ndodhur t\u00eb \u00e7uditemi se si ngrihen thuajse pa zot mure mij\u00ebravje\u00e7are n\u00eb Shqip\u00ebri, pa u d\u00ebmtuar nga askush. Sepse \u00e7do njeri ka vetiu respekt p\u00ebr kujtes\u00ebn e tij kolektive, si\u00e7 ka dhe frik\u00eb (gjerman\u00ebt e kan\u00eb n\u00eb nj\u00eb fjal\u00eb t\u00eb vetme frik\u00eb-respekt: Ehrfurcht) ndaj shtetit t\u00eb tij.<\/p>\n<p>N\u00eb vazhdim t\u00eb argumentimit t\u00eb tij demagogjik, z. Ba\u00e7e sjell shembullin e Pompeit: \u201enuk \u00ebsht\u00eb nj\u00eb gj\u00eb q\u00eb e shpik\u00ebm ne pasi po t\u00eb shkosh n\u00eb Pompei gjen edhe nje bar-kafe\u201c. Isha vjet n\u00eb ver\u00eb n\u00eb Pompei dhe krahas mrekullive t\u00eb mir\u00ebmbajtura, nuk mund mos t\u00eb t\u00eb kapte trishtimi kur shihje skela t\u00eb ngritura prej vitesh, n\u00eb punime restauruese q\u00eb nuk merrnin fund, ose afreske t\u00eb zbuluara, q\u00eb mund t\u00eb prekeshin me dor\u00eb (disa madje ishin dhe zhgarravitur, si te ne n\u00eb Voskopoj\u00eb). UNESCO prej vitesh \u00ebsht\u00eb mjaft e shqet\u00ebsuar p\u00ebr administrimin e Pompeit; si\u00e7 e shpjegon bindsh\u00ebm z. Artan Shkreli n\u00eb nj\u00eb shkrim t\u00eb k\u00ebtyre dit\u00ebve, n\u00eb kund\u00ebrshtim t\u00eb gja-argumentave Ba\u00e7e: \u201epas dhjet\u00eb vjet\u00ebve eksperimentim, qeveria italiane u kthye p\u00ebrs\u00ebri mbrapsht me dekretin Rutelli t\u00eb vitit 2007-\u00ebs\u201d, dmth. praktikisht prap\u00eb te shtet\u00ebzimi i administrimit.<\/p>\n<p>T\u00eb ngat\u00ebrrosh nevoj\u00ebn p\u00ebr nj\u00eb kafe bashk\u00ebngjitur monumentit me mir\u00ebmbajtjen e monumentit, q\u00eb duhet t\u00eb jet\u00eb medoemos detyr\u00eb publike, do t\u00eb thot\u00eb t\u00eb dor\u00ebzosh edhe k\u00ebshtjell\u00ebn e fundit t\u00eb vet\u00ebdijes t\u00ebnde si shtet. Dhe kjo ndodh mu n\u00eb 100-vjetorin e pavar\u00ebsis\u00eb, sikur k\u00ebrkon t\u00eb n\u00ebnshkruaj\u00eb mospavar\u00ebsin\u00eb reale t\u00eb ndonj\u00eb shteti n\u00eb k\u00ebto an\u00eb.<\/p>\n<p>P\u00ebrfytyroni sikur t\u00eb realizohet v\u00ebrtet vizioni Berisha-Ba\u00e7e-Ceka: k\u00ebshtjellat e Ali pash\u00ebs, si ajo bie fjala n\u00eb Porto Palermo, merren n\u00eb menaxhim nga kompani celulare. N\u00eb hyrje t\u00eb tyre vajza me minifund q\u00eb t\u00eb l\u00ebn\u00eb n\u00eb dor\u00eb prospekte p\u00ebr tarifat e fundit t\u00eb nj\u00eb bote \u201eplot k\u00ebshtjella\u201c; kati p\u00ebrdhes \u00ebsht\u00eb kthyer n\u00eb qilar-tavern\u00eb, dhomat e katit t\u00eb sip\u00ebrm jan\u00eb dhoma fjetjeje VIP ose nj\u00eb suit\u00eb e vetme, atje ku dikur ngrihej flamuri i gjysm\u00ebh\u00ebn\u00ebs ose ai shqiptar, sot nj\u00eb anten\u00eb simbolike telefonie tregon zotin e v\u00ebrtet\u00eb t\u00eb objektit.<\/p>\n<p>Kam par\u00eb me syt\u00eb e mi \u00e7\u2019ndodh me monumentet e natyr\u00ebs n\u00eb Shqip\u00ebri, kam filmuar, kam fotografuar se si shp\u00ebrthen nj\u00eb shtet i obsesionuar pas nd\u00ebrtimit t\u00eb rrug\u00ebve, n\u00eb em\u00ebr t\u00eb Rrug\u00ebs s\u00eb Arbrit, faqet e kanionit te shkalla e Tujanit dhe l\u00eb t\u00eb rrokullisen pa asnj\u00eb t\u00eb keq mollok\u00ebt e shk\u00ebmbenjve brenda n\u00eb lum\u00eb; kam par\u00eb se si \u00e7el gurore n\u00eb pikat m\u00eb t\u00eb bukura (ku lind dielli, te Qafa e Prisk\u00ebs? aty po e hapim nj\u00eb gurore), kam par\u00eb si lejon restorant an\u00eb Syrit t\u00eb Kalt\u00ebr p\u00ebr t\u00eb lundruar brenda uj\u00ebrave t\u00eb kthjellta bidona e kana\u00e7e sa t\u00eb duash, por q\u00eb t\u00eb zbathet deri n\u00eb k\u00ebt\u00eb pik\u00eb sa t\u00eb nxjerr\u00eb n\u00eb ankand edhe Rozaf\u00ebn, Apollonin\u00eb, Butrintin, kjo t\u00eb shkakton nj\u00eb ah nga fundi i shpirtit dhe ndonj\u00eb brit\u00ebm t\u00eb llojit: \u201esi mund ta quanim ne tradhtar mbretin Zog q\u00eb u fali jugosllav\u00ebve Sh\u00ebn Naumin? Po ai e paska shp\u00ebtuar at\u00eb manastir me nam, a thua se parashikoi \u00e7\u2019tak\u00ebm drejtuesish do merrnin n\u00eb dor\u00eb fatet e kujtes\u00ebs kolektive shqiptare!\u201c<\/p>\n<p>Kam frik\u00eb se po shkojm\u00eb drejt nj\u00eb 100-vjetori p\u00ebrher\u00eb e m\u00eb t\u00eb zymt\u00eb, p\u00ebrher\u00eb e m\u00eb mosbesues ndaj nj\u00eb pavar\u00ebsie q\u00eb n\u00eb t\u00eb v\u00ebrtet\u00eb s\u2019\u00ebsht\u00eb.<\/p>\n","protected":false},"excerpt":{"rendered":"<p>Nga Ardian Klosi, 26 janar 2012 N\u00eb qoft\u00eb se e kini v\u00ebn\u00eb re, shumica e argumentimeve q\u00eb p\u00ebrdoret te ne kur \u00ebsht\u00eb fjala p\u00ebr t\u00eb b\u00ebr\u00eb nj\u00eb ndryshim n\u00eb shoq\u00ebri a shtet, ose p\u00ebr ta kund\u00ebrshtuar k\u00ebt\u00eb ndryshim, n\u00eb em\u00ebr t\u00eb nj\u00eb reforme ose t\u00eb nj\u00eb kund\u00ebrreforme, fillon me \u201ebota\u201c ose \u201ebota e qytet\u00ebruar\u201c ose [&hellip;]<\/p>\n","protected":false},"author":1,"featured_media":0,"comment_status":"open","ping_status":"closed","sticky":false,"template":"","format":"standard","meta":{"footnotes":""},"categories":[2],"tags":[],"class_list":{"0":"post-11634","1":"post","2":"type-post","3":"status-publish","4":"format-standard","6":"category-artikuj"},"yoast_head":"<!-- This site is optimized with the Yoast SEO plugin v27.4 - https:\/\/yoast.com\/product\/yoast-seo-wordpress\/ -->\n<title>Dora e mbrapsht\u00eb dhe dora publike - FjALA e LIR\u00cb - Arkivi<\/title>\n<meta name=\"robots\" content=\"index, follow, max-snippet:-1, max-image-preview:large, max-video-preview:-1\" \/>\n<link rel=\"canonical\" href=\"https:\/\/fjala.info\/2009-2015\/dora-e-mbrapshte-dhe-dora-publike\/\" \/>\n<meta property=\"og:locale\" content=\"sq_AL\" \/>\n<meta property=\"og:type\" content=\"article\" \/>\n<meta property=\"og:title\" content=\"Dora e mbrapsht\u00eb dhe dora publike - FjALA e LIR\u00cb - Arkivi\" \/>\n<meta property=\"og:description\" content=\"Nga Ardian Klosi, 26 janar 2012 N\u00eb qoft\u00eb se e kini v\u00ebn\u00eb re, shumica e argumentimeve q\u00eb p\u00ebrdoret te ne kur \u00ebsht\u00eb fjala p\u00ebr t\u00eb b\u00ebr\u00eb nj\u00eb ndryshim n\u00eb shoq\u00ebri a shtet, ose p\u00ebr ta kund\u00ebrshtuar k\u00ebt\u00eb ndryshim, n\u00eb em\u00ebr t\u00eb nj\u00eb reforme ose t\u00eb nj\u00eb kund\u00ebrreforme, fillon me \u201ebota\u201c ose \u201ebota e qytet\u00ebruar\u201c ose [&hellip;]\" \/>\n<meta property=\"og:url\" content=\"https:\/\/fjala.info\/2009-2015\/dora-e-mbrapshte-dhe-dora-publike\/\" \/>\n<meta property=\"og:site_name\" content=\"FjALA e LIR\u00cb - Arkivi\" \/>\n<meta property=\"article:published_time\" content=\"2012-01-26T22:19:42+00:00\" \/>\n<meta property=\"og:image\" content=\"http:\/\/www.shkoder.net\/2012\/monument_kulture.jpg\" \/>\n<meta name=\"author\" content=\"admin\" \/>\n<meta name=\"twitter:card\" content=\"summary_large_image\" \/>\n<meta name=\"twitter:label1\" content=\"Written by\" \/>\n\t<meta name=\"twitter:data1\" content=\"admin\" \/>\n\t<meta name=\"twitter:label2\" content=\"Est. reading time\" \/>\n\t<meta name=\"twitter:data2\" content=\"7 minutes\" \/>\n<script type=\"application\/ld+json\" class=\"yoast-schema-graph\">{\"@context\":\"https:\\\/\\\/schema.org\",\"@graph\":[{\"@type\":\"Article\",\"@id\":\"https:\\\/\\\/fjala.info\\\/2009-2015\\\/dora-e-mbrapshte-dhe-dora-publike\\\/#article\",\"isPartOf\":{\"@id\":\"https:\\\/\\\/fjala.info\\\/2009-2015\\\/dora-e-mbrapshte-dhe-dora-publike\\\/\"},\"author\":{\"name\":\"admin\",\"@id\":\"https:\\\/\\\/fjala.info\\\/2009-2015\\\/#\\\/schema\\\/person\\\/3aa1163ef05469c496fc94e77611ada2\"},\"headline\":\"Dora e mbrapsht\u00eb dhe dora publike\",\"datePublished\":\"2012-01-26T22:19:42+00:00\",\"mainEntityOfPage\":{\"@id\":\"https:\\\/\\\/fjala.info\\\/2009-2015\\\/dora-e-mbrapshte-dhe-dora-publike\\\/\"},\"wordCount\":1388,\"commentCount\":0,\"publisher\":{\"@id\":\"https:\\\/\\\/fjala.info\\\/2009-2015\\\/#organization\"},\"image\":{\"@id\":\"https:\\\/\\\/fjala.info\\\/2009-2015\\\/dora-e-mbrapshte-dhe-dora-publike\\\/#primaryimage\"},\"thumbnailUrl\":\"http:\\\/\\\/www.shkoder.net\\\/2012\\\/monument_kulture.jpg\",\"articleSection\":[\"Artikuj\"],\"inLanguage\":\"sq-AL\",\"potentialAction\":[{\"@type\":\"CommentAction\",\"name\":\"Comment\",\"target\":[\"https:\\\/\\\/fjala.info\\\/2009-2015\\\/dora-e-mbrapshte-dhe-dora-publike\\\/#respond\"]}]},{\"@type\":\"WebPage\",\"@id\":\"https:\\\/\\\/fjala.info\\\/2009-2015\\\/dora-e-mbrapshte-dhe-dora-publike\\\/\",\"url\":\"https:\\\/\\\/fjala.info\\\/2009-2015\\\/dora-e-mbrapshte-dhe-dora-publike\\\/\",\"name\":\"Dora e mbrapsht\u00eb dhe dora publike - FjALA e LIR\u00cb - Arkivi\",\"isPartOf\":{\"@id\":\"https:\\\/\\\/fjala.info\\\/2009-2015\\\/#website\"},\"primaryImageOfPage\":{\"@id\":\"https:\\\/\\\/fjala.info\\\/2009-2015\\\/dora-e-mbrapshte-dhe-dora-publike\\\/#primaryimage\"},\"image\":{\"@id\":\"https:\\\/\\\/fjala.info\\\/2009-2015\\\/dora-e-mbrapshte-dhe-dora-publike\\\/#primaryimage\"},\"thumbnailUrl\":\"http:\\\/\\\/www.shkoder.net\\\/2012\\\/monument_kulture.jpg\",\"datePublished\":\"2012-01-26T22:19:42+00:00\",\"breadcrumb\":{\"@id\":\"https:\\\/\\\/fjala.info\\\/2009-2015\\\/dora-e-mbrapshte-dhe-dora-publike\\\/#breadcrumb\"},\"inLanguage\":\"sq-AL\",\"potentialAction\":[{\"@type\":\"ReadAction\",\"target\":[\"https:\\\/\\\/fjala.info\\\/2009-2015\\\/dora-e-mbrapshte-dhe-dora-publike\\\/\"]}]},{\"@type\":\"ImageObject\",\"inLanguage\":\"sq-AL\",\"@id\":\"https:\\\/\\\/fjala.info\\\/2009-2015\\\/dora-e-mbrapshte-dhe-dora-publike\\\/#primaryimage\",\"url\":\"http:\\\/\\\/www.shkoder.net\\\/2012\\\/monument_kulture.jpg\",\"contentUrl\":\"http:\\\/\\\/www.shkoder.net\\\/2012\\\/monument_kulture.jpg\"},{\"@type\":\"BreadcrumbList\",\"@id\":\"https:\\\/\\\/fjala.info\\\/2009-2015\\\/dora-e-mbrapshte-dhe-dora-publike\\\/#breadcrumb\",\"itemListElement\":[{\"@type\":\"ListItem\",\"position\":1,\"name\":\"Home\",\"item\":\"https:\\\/\\\/fjala.info\\\/2009-2015\\\/\"},{\"@type\":\"ListItem\",\"position\":2,\"name\":\"Dora e mbrapsht\u00eb dhe dora publike\"}]},{\"@type\":\"WebSite\",\"@id\":\"https:\\\/\\\/fjala.info\\\/2009-2015\\\/#website\",\"url\":\"https:\\\/\\\/fjala.info\\\/2009-2015\\\/\",\"name\":\"FjALA e LIR\u00cb - Arkivi\",\"description\":\"Arkivi 2009-2015\",\"publisher\":{\"@id\":\"https:\\\/\\\/fjala.info\\\/2009-2015\\\/#organization\"},\"potentialAction\":[{\"@type\":\"SearchAction\",\"target\":{\"@type\":\"EntryPoint\",\"urlTemplate\":\"https:\\\/\\\/fjala.info\\\/2009-2015\\\/?s={search_term_string}\"},\"query-input\":{\"@type\":\"PropertyValueSpecification\",\"valueRequired\":true,\"valueName\":\"search_term_string\"}}],\"inLanguage\":\"sq-AL\"},{\"@type\":\"Organization\",\"@id\":\"https:\\\/\\\/fjala.info\\\/2009-2015\\\/#organization\",\"name\":\"FjALA e LIR\u00cb - Arkivi\",\"url\":\"https:\\\/\\\/fjala.info\\\/2009-2015\\\/\",\"logo\":{\"@type\":\"ImageObject\",\"inLanguage\":\"sq-AL\",\"@id\":\"https:\\\/\\\/fjala.info\\\/2009-2015\\\/#\\\/schema\\\/logo\\\/image\\\/\",\"url\":\"\",\"contentUrl\":\"\",\"caption\":\"FjALA e LIR\u00cb - Arkivi\"},\"image\":{\"@id\":\"https:\\\/\\\/fjala.info\\\/2009-2015\\\/#\\\/schema\\\/logo\\\/image\\\/\"}},{\"@type\":\"Person\",\"@id\":\"https:\\\/\\\/fjala.info\\\/2009-2015\\\/#\\\/schema\\\/person\\\/3aa1163ef05469c496fc94e77611ada2\",\"name\":\"admin\",\"image\":{\"@type\":\"ImageObject\",\"inLanguage\":\"sq-AL\",\"@id\":\"https:\\\/\\\/fjala.info\\\/2009-2015\\\/wp-content\\\/uploads\\\/2012\\\/02\\\/arben_cokaj-120x150.jpg\",\"url\":\"https:\\\/\\\/fjala.info\\\/2009-2015\\\/wp-content\\\/uploads\\\/2012\\\/02\\\/arben_cokaj-120x150.jpg\",\"contentUrl\":\"https:\\\/\\\/fjala.info\\\/2009-2015\\\/wp-content\\\/uploads\\\/2012\\\/02\\\/arben_cokaj-120x150.jpg\",\"caption\":\"admin\"},\"description\":\"Admin, Fjala e Lir\u00eb\",\"sameAs\":[\"https:\\\/\\\/fjala.info\\\/\"],\"url\":\"https:\\\/\\\/fjala.info\\\/2009-2015\\\/author\\\/admin\\\/\"}]}<\/script>\n<!-- \/ Yoast SEO plugin. -->","yoast_head_json":{"title":"Dora e mbrapsht\u00eb dhe dora publike - FjALA e LIR\u00cb - Arkivi","robots":{"index":"index","follow":"follow","max-snippet":"max-snippet:-1","max-image-preview":"max-image-preview:large","max-video-preview":"max-video-preview:-1"},"canonical":"https:\/\/fjala.info\/2009-2015\/dora-e-mbrapshte-dhe-dora-publike\/","og_locale":"sq_AL","og_type":"article","og_title":"Dora e mbrapsht\u00eb dhe dora publike - FjALA e LIR\u00cb - Arkivi","og_description":"Nga Ardian Klosi, 26 janar 2012 N\u00eb qoft\u00eb se e kini v\u00ebn\u00eb re, shumica e argumentimeve q\u00eb p\u00ebrdoret te ne kur \u00ebsht\u00eb fjala p\u00ebr t\u00eb b\u00ebr\u00eb nj\u00eb ndryshim n\u00eb shoq\u00ebri a shtet, ose p\u00ebr ta kund\u00ebrshtuar k\u00ebt\u00eb ndryshim, n\u00eb em\u00ebr t\u00eb nj\u00eb reforme ose t\u00eb nj\u00eb kund\u00ebrreforme, fillon me \u201ebota\u201c ose \u201ebota e qytet\u00ebruar\u201c ose [&hellip;]","og_url":"https:\/\/fjala.info\/2009-2015\/dora-e-mbrapshte-dhe-dora-publike\/","og_site_name":"FjALA e LIR\u00cb - Arkivi","article_published_time":"2012-01-26T22:19:42+00:00","og_image":[{"url":"http:\/\/www.shkoder.net\/2012\/monument_kulture.jpg","type":"","width":"","height":""}],"author":"admin","twitter_card":"summary_large_image","twitter_misc":{"Written by":"admin","Est. reading time":"7 minutes"},"schema":{"@context":"https:\/\/schema.org","@graph":[{"@type":"Article","@id":"https:\/\/fjala.info\/2009-2015\/dora-e-mbrapshte-dhe-dora-publike\/#article","isPartOf":{"@id":"https:\/\/fjala.info\/2009-2015\/dora-e-mbrapshte-dhe-dora-publike\/"},"author":{"name":"admin","@id":"https:\/\/fjala.info\/2009-2015\/#\/schema\/person\/3aa1163ef05469c496fc94e77611ada2"},"headline":"Dora e mbrapsht\u00eb dhe dora publike","datePublished":"2012-01-26T22:19:42+00:00","mainEntityOfPage":{"@id":"https:\/\/fjala.info\/2009-2015\/dora-e-mbrapshte-dhe-dora-publike\/"},"wordCount":1388,"commentCount":0,"publisher":{"@id":"https:\/\/fjala.info\/2009-2015\/#organization"},"image":{"@id":"https:\/\/fjala.info\/2009-2015\/dora-e-mbrapshte-dhe-dora-publike\/#primaryimage"},"thumbnailUrl":"http:\/\/www.shkoder.net\/2012\/monument_kulture.jpg","articleSection":["Artikuj"],"inLanguage":"sq-AL","potentialAction":[{"@type":"CommentAction","name":"Comment","target":["https:\/\/fjala.info\/2009-2015\/dora-e-mbrapshte-dhe-dora-publike\/#respond"]}]},{"@type":"WebPage","@id":"https:\/\/fjala.info\/2009-2015\/dora-e-mbrapshte-dhe-dora-publike\/","url":"https:\/\/fjala.info\/2009-2015\/dora-e-mbrapshte-dhe-dora-publike\/","name":"Dora e mbrapsht\u00eb dhe dora publike - FjALA e LIR\u00cb - Arkivi","isPartOf":{"@id":"https:\/\/fjala.info\/2009-2015\/#website"},"primaryImageOfPage":{"@id":"https:\/\/fjala.info\/2009-2015\/dora-e-mbrapshte-dhe-dora-publike\/#primaryimage"},"image":{"@id":"https:\/\/fjala.info\/2009-2015\/dora-e-mbrapshte-dhe-dora-publike\/#primaryimage"},"thumbnailUrl":"http:\/\/www.shkoder.net\/2012\/monument_kulture.jpg","datePublished":"2012-01-26T22:19:42+00:00","breadcrumb":{"@id":"https:\/\/fjala.info\/2009-2015\/dora-e-mbrapshte-dhe-dora-publike\/#breadcrumb"},"inLanguage":"sq-AL","potentialAction":[{"@type":"ReadAction","target":["https:\/\/fjala.info\/2009-2015\/dora-e-mbrapshte-dhe-dora-publike\/"]}]},{"@type":"ImageObject","inLanguage":"sq-AL","@id":"https:\/\/fjala.info\/2009-2015\/dora-e-mbrapshte-dhe-dora-publike\/#primaryimage","url":"http:\/\/www.shkoder.net\/2012\/monument_kulture.jpg","contentUrl":"http:\/\/www.shkoder.net\/2012\/monument_kulture.jpg"},{"@type":"BreadcrumbList","@id":"https:\/\/fjala.info\/2009-2015\/dora-e-mbrapshte-dhe-dora-publike\/#breadcrumb","itemListElement":[{"@type":"ListItem","position":1,"name":"Home","item":"https:\/\/fjala.info\/2009-2015\/"},{"@type":"ListItem","position":2,"name":"Dora e mbrapsht\u00eb dhe dora publike"}]},{"@type":"WebSite","@id":"https:\/\/fjala.info\/2009-2015\/#website","url":"https:\/\/fjala.info\/2009-2015\/","name":"FjALA e LIR\u00cb - Arkivi","description":"Arkivi 2009-2015","publisher":{"@id":"https:\/\/fjala.info\/2009-2015\/#organization"},"potentialAction":[{"@type":"SearchAction","target":{"@type":"EntryPoint","urlTemplate":"https:\/\/fjala.info\/2009-2015\/?s={search_term_string}"},"query-input":{"@type":"PropertyValueSpecification","valueRequired":true,"valueName":"search_term_string"}}],"inLanguage":"sq-AL"},{"@type":"Organization","@id":"https:\/\/fjala.info\/2009-2015\/#organization","name":"FjALA e LIR\u00cb - Arkivi","url":"https:\/\/fjala.info\/2009-2015\/","logo":{"@type":"ImageObject","inLanguage":"sq-AL","@id":"https:\/\/fjala.info\/2009-2015\/#\/schema\/logo\/image\/","url":"","contentUrl":"","caption":"FjALA e LIR\u00cb - Arkivi"},"image":{"@id":"https:\/\/fjala.info\/2009-2015\/#\/schema\/logo\/image\/"}},{"@type":"Person","@id":"https:\/\/fjala.info\/2009-2015\/#\/schema\/person\/3aa1163ef05469c496fc94e77611ada2","name":"admin","image":{"@type":"ImageObject","inLanguage":"sq-AL","@id":"https:\/\/fjala.info\/2009-2015\/wp-content\/uploads\/2012\/02\/arben_cokaj-120x150.jpg","url":"https:\/\/fjala.info\/2009-2015\/wp-content\/uploads\/2012\/02\/arben_cokaj-120x150.jpg","contentUrl":"https:\/\/fjala.info\/2009-2015\/wp-content\/uploads\/2012\/02\/arben_cokaj-120x150.jpg","caption":"admin"},"description":"Admin, Fjala e Lir\u00eb","sameAs":["https:\/\/fjala.info\/"],"url":"https:\/\/fjala.info\/2009-2015\/author\/admin\/"}]}},"_links":{"self":[{"href":"https:\/\/fjala.info\/2009-2015\/wp-json\/wp\/v2\/posts\/11634","targetHints":{"allow":["GET"]}}],"collection":[{"href":"https:\/\/fjala.info\/2009-2015\/wp-json\/wp\/v2\/posts"}],"about":[{"href":"https:\/\/fjala.info\/2009-2015\/wp-json\/wp\/v2\/types\/post"}],"author":[{"embeddable":true,"href":"https:\/\/fjala.info\/2009-2015\/wp-json\/wp\/v2\/users\/1"}],"replies":[{"embeddable":true,"href":"https:\/\/fjala.info\/2009-2015\/wp-json\/wp\/v2\/comments?post=11634"}],"version-history":[{"count":0,"href":"https:\/\/fjala.info\/2009-2015\/wp-json\/wp\/v2\/posts\/11634\/revisions"}],"wp:attachment":[{"href":"https:\/\/fjala.info\/2009-2015\/wp-json\/wp\/v2\/media?parent=11634"}],"wp:term":[{"taxonomy":"category","embeddable":true,"href":"https:\/\/fjala.info\/2009-2015\/wp-json\/wp\/v2\/categories?post=11634"},{"taxonomy":"post_tag","embeddable":true,"href":"https:\/\/fjala.info\/2009-2015\/wp-json\/wp\/v2\/tags?post=11634"}],"curies":[{"name":"wp","href":"https:\/\/api.w.org\/{rel}","templated":true}]}}