{"id":11615,"date":"2012-01-20T11:12:06","date_gmt":"2012-01-20T10:12:06","guid":{"rendered":"http:\/\/fjala.shkoder.net\/?p=1263"},"modified":"2012-01-20T11:12:06","modified_gmt":"2012-01-20T10:12:06","slug":"ja-si-berisha-do-autokratizem-e-jo-demokraci","status":"publish","type":"post","link":"https:\/\/fjala.info\/2009-2015\/ja-si-berisha-do-autokratizem-e-jo-demokraci\/","title":{"rendered":"JA SI BERISHA DO AUTOKRATIZ\u00cbM E JO DEMOKRACI"},"content":{"rendered":"<p><img decoding=\"async\" class=\"alignleft size-thumbnail wp-image-7236\" title=\"Andrea Stefani\" src=\"http:\/\/www.shkoder.net\/images\/fjala\/andrea_stefani.jpg\" alt=\"\" width=\"150\" \/> <strong>Andrea Stefani<\/strong>, <em>19.01.2012<\/em><\/p>\n<p>Aksionet politike t\u00eb shumic\u00ebs n\u00eb pushtet po nxjerrin gjithnj\u00eb e m\u00eb n\u00eb pah gjakimin autokratik t\u00eb Kryeministrit Sali Berisha n\u00eb kurriz t\u00eb projektit t\u00eb demokracis\u00eb liberale n\u00eb Shqip\u00ebri dhe integrimit t\u00eb saj me Europ\u00ebn. P\u00ebrve\u00e7 presioneve mbi prokurorin\u00eb dhe p\u00ebrdorimit t\u00eb gjyq\u00ebsorit p\u00ebr t\u00eb mbrojtur aleat\u00eb t\u00eb korruptuar, brir\u00ebt prej autokrati t\u00eb Berish\u00ebs jan\u00eb shfaqur s\u00eb fundi edhe n\u00eb ambicien p\u00ebr t\u00eb zgjedhur, n\u00eb t\u00eb ardhmen e af\u00ebrt, n\u00eb postin e Presidentit t\u00eb Republik\u00ebs nj\u00eb nga delfin\u00ebt e tij politik\u00eb.<\/p>\n<p>Nj\u00eb ambicie q\u00eb jo vet\u00ebm \u00ebsht\u00eb kritikuar me koh\u00eb nga segmente t\u00eb medias vendase dhe opozit\u00ebs, po ka ngjallur shqet\u00ebsimin edhe t\u00eb p\u00ebrfaq\u00ebsuesve t\u00eb komunitetit diplomatik nd\u00ebrkomb\u00ebtar. Nj\u00eb nga k\u00ebto figura ishte, s\u00eb fundi, Xhon Uidhers, ish-ambasadori amerikan n\u00eb Tiran\u00eb, q\u00eb n\u00eb nj\u00eb intervist\u00eb dh\u00ebn\u00eb \u201cZ\u00ebrit t\u00eb Amerik\u00ebs\u201d, i ka treguar Berish\u00ebs se cili \u00ebsht\u00eb nj\u00eb q\u00ebndrim v\u00ebrtet prej demokrati n\u00eb k\u00ebt\u00eb \u00e7\u00ebshtje q\u00eb pritet t\u00eb b\u00ebhet qendra e debatit politik n\u00eb muajt n\u00eb vijim.<\/p>\n<p>* * *<\/p>\n<p>Ish-ambasadori Uidhers i \u00ebsht\u00eb bashkuar, n\u00eb thelb, q\u00ebndrimit t\u00eb shum\u00eb diplomat\u00ebve per\u00ebndimor\u00eb n\u00eb Tiran\u00eb q\u00eb kan\u00eb sugjeruar zgjedhjen e nj\u00eb presidenti me konsensus, t\u00eb nj\u00eb presidenti q\u00eb t\u00eb q\u00ebndroj\u00eb mbi pal\u00ebt. Sugjerime q\u00eb kan\u00eb ndeshur kund\u00ebrshtimin e vendosur t\u00eb Kryeministrit dhe t\u00eb shpur\u00ebs s\u00eb tij. Jo m\u00eb larg se dy dit\u00eb m\u00eb par\u00eb, n\u00eb nj\u00eb takim me grupin parlamentar t\u00eb PD, Berisha ritheksoi se mazhoranca \u201cka potenciale t\u00eb m\u00ebdha njer\u00ebzore p\u00ebr t\u2019i dh\u00ebn\u00eb vendit nj\u00eb personalitet, nj\u00eb president me integritet t\u00eb lart\u00eb q\u00eb t\u00eb p\u00ebrmbush\u00eb detyrimet e tij\u201d.<\/p>\n<p>Nj\u00eb q\u00ebndrim q\u00eb \u00ebsht\u00eb i kritikuesh\u00ebm nga shum\u00eb pik\u00ebpamje. Frazat \u201cpotenciale t\u00eb m\u00ebdha\u201d, \u201cpersonalitet\u201d, \u201cme integritet t\u00eb lart\u00eb\u201d nuk thon\u00eb asgj\u00eb dhe jan\u00eb thjesht vler\u00ebsime subjektive t\u00eb Berish\u00ebs p\u00ebr njer\u00ebzit e tij. Por kryesore, p\u00ebr mir\u00ebfunksionimin e demokracis\u00eb, mbetet \u00e7\u00ebshtja q\u00eb Presidenti i Republik\u00ebs t\u00eb mos dal\u00eb nga shumica, p\u00ebrjashtuar rasteve kur nj\u00eb person pranohet nga pakica kur ajo shfaqet e bindur se nj\u00eb kandidatur\u00eb e till\u00eb ka potenciale sublimuese p\u00ebr t\u00eb mos u b\u00ebr\u00eb zbatues ekskluziv i vullnetit t\u00eb shumic\u00ebs. Sepse demokracia k\u00ebrkon ndarje pushtetesh dhe nj\u00eb President i dal\u00eb prej shumic\u00ebs, maksimalizon shanset e kapjes nga shumica t\u00eb t\u00eb gjitha pushteteve. Por Berisha \u00ebsht\u00eb autokrat n\u00eb mend\u00ebsi dhe prandaj \u00ebsht\u00eb kund\u00ebr nj\u00eb qeverisjeje demokratike, me pushtete t\u00eb ndara e t\u00eb kufizuara. Ai lakmon q\u00eb pushteti i tij t\u00eb jet\u00eb pa kufi dhe pa fund.<\/p>\n<p>Si bolshevik\u00ebt dikur q\u00eb th\u00ebrrisnin \u201cgjith\u00eb pushtetin sovjet\u00ebve\u201d, Berisha th\u00ebrret: Gjith\u00eb pushtetin PD! Prandaj, duke iu kund\u00ebrv\u00ebn\u00eb sugjerimit t\u00eb ambasador\u00ebve Arvizu, Sequi, Wollfarth, Jensen, Mcllwham u p\u00ebrpoq t\u00eb b\u00ebj\u00eb nj\u00eb sofiz\u00ebm me gjoja \u201crespektimin\u201d e Kushtetut\u00ebs. \u00cbsht\u00eb e nj\u00ebjta taktik\u00eb e p\u00ebrdorur koh\u00eb m\u00eb par\u00eb p\u00ebr t\u00eb penguar transparenc\u00ebn e zgjedhjeve t\u00eb vitit 2009. N\u00eb m\u00ebnyr\u00eb krejt t\u00eb pasinqert\u00eb, Berisha deklaroi se e respekton si askush mendimin ndryshe t\u00eb ambasador\u00ebve p\u00ebr nj\u00eb president konsensual, por nuk ka se \u00e7\u2019t\u2019i b\u00ebj\u00eb Kushtetut\u00ebs, e cila duhet zbatuar \u201cpik\u00eb p\u00ebr pik\u00eb\u201d. Nj\u00eb tjet\u00ebr sofiz\u00ebm q\u00eb b\u00ebn t\u2019i dalin brir\u00ebt e autokratit mbi kok\u00eb.<\/p>\n<p>* * *<\/p>\n<p>Sofiz\u00ebm q\u00eb ia kritikon edhe ish-ambasadori Uidhers n\u00eb nj\u00eb intervist\u00eb t\u00eb transmetuar dje n\u00eb stacionin \u201cZ\u00ebri i Amerik\u00ebs\u201d. Sipas Uidhers, \u00e7\u00ebshtja e zgjedhjes s\u00eb Presidentit t\u00eb Republik\u00ebs do t\u00eb tregoj\u00eb qart\u00eb n\u00ebse lider\u00ebt politik\u00eb jan\u00eb t\u00eb angazhuar realisht p\u00ebr demokracin\u00eb apo jo. Duke pasur parasysh se, me ndryshimet e b\u00ebra n\u00eb Kushtetut\u00eb n\u00eb prill 2008, Presidenti mund t\u00eb zgjidhet edhe vet\u00ebm me votat e shumic\u00ebs, Uidhers deklaroi se nj\u00eb lider q\u00eb ka v\u00ebrtet n\u00eb shpirt demokracin\u00eb \u201cnuk do t\u00eb fshihet pas an\u00ebs ligjore, por do t\u00eb ishte i pari q\u00eb t\u00eb dilte e t\u00eb thoshte se n\u00eb nj\u00eb koh\u00eb kur Bashkimi Europian dhe miqt\u00eb tan\u00eb amerikan\u00eb jan\u00eb aq t\u00eb shqet\u00ebsuar p\u00ebr dasit\u00eb e thella politike, un\u00eb do t\u00eb jem i pari q\u00eb t\u00eb k\u00ebmb\u00ebngul p\u00ebr nj\u00eb president konsensual\u201d.<\/p>\n<p>Kjo, sipas Uidhers, do t\u00eb ishte nj\u00eb udh\u00ebheqje me t\u00eb v\u00ebrtet\u00eb demokratike. Dhe na duket se ka plot\u00ebsisht t\u00eb drejt\u00eb. Nj\u00eb lider demokrat \u00ebsht\u00eb ai q\u00eb k\u00ebrkon kufizimin e pushtetit t\u00eb tij me an\u00eb pushtetesh t\u00eb tjera q\u00eb nuk varen prej tij. N\u00eb k\u00ebt\u00eb rast, nj\u00eb lider i v\u00ebrtet\u00eb demokrat do t\u00eb k\u00ebrkonte q\u00eb kandidatura e Presidentit t\u00eb mos ishte e tija, t\u00eb mos dilte nga shumica. Por Berisha \u00ebsht\u00eb nga ata lider\u00eb shqiptar\u00eb t\u00eb cil\u00ebve, sikund\u00ebr tha edhe Uidhers, \u201cdemokracia nuk i shkon p\u00ebr shtat\u201d.<\/p>\n<p>Ndaj nj\u00eb \u201csakrifikim\u201d i till\u00eb i shansit p\u00ebr kapjen e postit t\u00eb Presidentit i duket absurde Berish\u00ebs dhe lakenjve t\u00eb oborrit t\u00eb tij q\u00eb po pasurohen nga autokratizmi dhe korrupsioni q\u00eb gjeneron ai. T\u00eb ken\u00eb mund\u00ebsi ta zgjedhin Presidentin me 71 votat e tyre dhe t\u00eb mos e b\u00ebjn\u00eb nj\u00eb gj\u00eb t\u00eb till\u00eb? Kjo u duket e fundbot\u00ebshme k\u00ebtyre dallkauk\u00ebve autokrat\u00eb! Madje, k\u00ebt\u00eb zem\u00ebrgjer\u00ebsi politike q\u00eb buron nga nj\u00eb mend\u00ebsi lirie dhe bindjeje te demokracia, e quajn\u00eb edhe shkelje t\u00eb Kushtetut\u00ebs. Pik\u00ebrisht nj\u00eb gj\u00eb t\u00eb till\u00eb ka parasysh Berisha kur n\u00ebnvizon, koh\u00eb pa koh\u00eb, me fodull\u00ebk e karshill\u00ebk edhe ndaj sugjerimeve q\u00eb vijn\u00eb nga bota per\u00ebndimore, se do t\u00eb zbatoj\u00eb Kushtetut\u00ebn \u201cpik\u00eb p\u00ebr pik\u00eb\u201d.<\/p>\n<p>N\u00eb fakt, duke e zbatuar k\u00ebshtu Berisha dhe shumica e tij, n\u00eb thelb, nuk do ta zbatonin por do ta dhunonin frym\u00ebn e Kushtetut\u00ebs \u201cpik\u00eb p\u00ebr pik\u00eb\u201d. Edhe pse do t\u00eb maskonin autokratizmin e tyre me 2\/5 e nj\u00eb neni t\u00eb saj, q\u00eb ata vet\u00eb e kan\u00eb deformuar m\u00eb 21 prill 2008. Do t\u00eb dhunojn\u00eb frym\u00ebn e Kushtetut\u00ebs dhe t\u00eb demokracis\u00eb, q\u00eb \u00ebsht\u00eb ndarja e pushteteve, duke u maskuar me ca germa t\u00eb nj\u00eb neni t\u00eb Kushtetut\u00ebs. Por duket se nuk do t\u2019u ec\u00eb k\u00ebt\u00eb her\u00eb. Tashm\u00eb ka mjaft sensibilitete t\u00eb rritura q\u00eb e ndiejn\u00eb se kapja e postit t\u00eb Presidentit nga berishist\u00ebt do t\u00eb sillte konsolidimin e autokratizmit dhe d\u00ebshtimin e projektit t\u00eb demokracis\u00eb n\u00eb Shqip\u00ebri. Dhe besojm\u00eb se k\u00ebt\u00eb SHBA-ja dhe Europa nuk mund ta pranojn\u00eb. Duket se koh\u00eb t\u00eb v\u00ebshtira po afrojn\u00eb p\u00ebr autokratizmin.<\/p>\n","protected":false},"excerpt":{"rendered":"<p>Andrea Stefani, 19.01.2012 Aksionet politike t\u00eb shumic\u00ebs n\u00eb pushtet po nxjerrin gjithnj\u00eb e m\u00eb n\u00eb pah gjakimin autokratik t\u00eb Kryeministrit Sali Berisha n\u00eb kurriz t\u00eb projektit t\u00eb demokracis\u00eb liberale n\u00eb Shqip\u00ebri dhe integrimit t\u00eb saj me Europ\u00ebn. P\u00ebrve\u00e7 presioneve mbi prokurorin\u00eb dhe p\u00ebrdorimit t\u00eb gjyq\u00ebsorit p\u00ebr t\u00eb mbrojtur aleat\u00eb t\u00eb korruptuar, brir\u00ebt prej autokrati t\u00eb [&hellip;]<\/p>\n","protected":false},"author":1,"featured_media":0,"comment_status":"open","ping_status":"closed","sticky":false,"template":"","format":"standard","meta":{"footnotes":""},"categories":[2],"tags":[],"class_list":{"0":"post-11615","1":"post","2":"type-post","3":"status-publish","4":"format-standard","6":"category-artikuj"},"yoast_head":"<!-- This site is optimized with the Yoast SEO plugin v27.4 - https:\/\/yoast.com\/product\/yoast-seo-wordpress\/ -->\n<title>JA SI BERISHA DO AUTOKRATIZ\u00cbM E JO DEMOKRACI - FjALA e LIR\u00cb - Arkivi<\/title>\n<meta name=\"robots\" content=\"index, follow, max-snippet:-1, max-image-preview:large, max-video-preview:-1\" \/>\n<link rel=\"canonical\" href=\"https:\/\/fjala.info\/2009-2015\/ja-si-berisha-do-autokratizem-e-jo-demokraci\/\" \/>\n<meta property=\"og:locale\" content=\"sq_AL\" \/>\n<meta property=\"og:type\" content=\"article\" \/>\n<meta property=\"og:title\" content=\"JA SI BERISHA DO AUTOKRATIZ\u00cbM E JO DEMOKRACI - FjALA e LIR\u00cb - Arkivi\" \/>\n<meta property=\"og:description\" content=\"Andrea Stefani, 19.01.2012 Aksionet politike t\u00eb shumic\u00ebs n\u00eb pushtet po nxjerrin gjithnj\u00eb e m\u00eb n\u00eb pah gjakimin autokratik t\u00eb Kryeministrit Sali Berisha n\u00eb kurriz t\u00eb projektit t\u00eb demokracis\u00eb liberale n\u00eb Shqip\u00ebri dhe integrimit t\u00eb saj me Europ\u00ebn. P\u00ebrve\u00e7 presioneve mbi prokurorin\u00eb dhe p\u00ebrdorimit t\u00eb gjyq\u00ebsorit p\u00ebr t\u00eb mbrojtur aleat\u00eb t\u00eb korruptuar, brir\u00ebt prej autokrati t\u00eb [&hellip;]\" \/>\n<meta property=\"og:url\" content=\"https:\/\/fjala.info\/2009-2015\/ja-si-berisha-do-autokratizem-e-jo-demokraci\/\" \/>\n<meta property=\"og:site_name\" content=\"FjALA e LIR\u00cb - Arkivi\" \/>\n<meta property=\"article:published_time\" content=\"2012-01-20T10:12:06+00:00\" \/>\n<meta property=\"og:image\" content=\"http:\/\/www.shkoder.net\/images\/fjala\/andrea_stefani.jpg\" \/>\n<meta name=\"author\" content=\"admin\" \/>\n<meta name=\"twitter:card\" content=\"summary_large_image\" \/>\n<meta name=\"twitter:label1\" content=\"Written by\" \/>\n\t<meta name=\"twitter:data1\" content=\"admin\" \/>\n\t<meta name=\"twitter:label2\" content=\"Est. reading time\" \/>\n\t<meta name=\"twitter:data2\" content=\"5 minutes\" \/>\n<script type=\"application\/ld+json\" class=\"yoast-schema-graph\">{\"@context\":\"https:\\\/\\\/schema.org\",\"@graph\":[{\"@type\":\"Article\",\"@id\":\"https:\\\/\\\/fjala.info\\\/2009-2015\\\/ja-si-berisha-do-autokratizem-e-jo-demokraci\\\/#article\",\"isPartOf\":{\"@id\":\"https:\\\/\\\/fjala.info\\\/2009-2015\\\/ja-si-berisha-do-autokratizem-e-jo-demokraci\\\/\"},\"author\":{\"name\":\"admin\",\"@id\":\"https:\\\/\\\/fjala.info\\\/2009-2015\\\/#\\\/schema\\\/person\\\/3aa1163ef05469c496fc94e77611ada2\"},\"headline\":\"JA SI BERISHA DO AUTOKRATIZ\u00cbM E JO DEMOKRACI\",\"datePublished\":\"2012-01-20T10:12:06+00:00\",\"mainEntityOfPage\":{\"@id\":\"https:\\\/\\\/fjala.info\\\/2009-2015\\\/ja-si-berisha-do-autokratizem-e-jo-demokraci\\\/\"},\"wordCount\":1098,\"commentCount\":0,\"publisher\":{\"@id\":\"https:\\\/\\\/fjala.info\\\/2009-2015\\\/#organization\"},\"image\":{\"@id\":\"https:\\\/\\\/fjala.info\\\/2009-2015\\\/ja-si-berisha-do-autokratizem-e-jo-demokraci\\\/#primaryimage\"},\"thumbnailUrl\":\"http:\\\/\\\/www.shkoder.net\\\/images\\\/fjala\\\/andrea_stefani.jpg\",\"articleSection\":[\"Artikuj\"],\"inLanguage\":\"sq-AL\",\"potentialAction\":[{\"@type\":\"CommentAction\",\"name\":\"Comment\",\"target\":[\"https:\\\/\\\/fjala.info\\\/2009-2015\\\/ja-si-berisha-do-autokratizem-e-jo-demokraci\\\/#respond\"]}]},{\"@type\":\"WebPage\",\"@id\":\"https:\\\/\\\/fjala.info\\\/2009-2015\\\/ja-si-berisha-do-autokratizem-e-jo-demokraci\\\/\",\"url\":\"https:\\\/\\\/fjala.info\\\/2009-2015\\\/ja-si-berisha-do-autokratizem-e-jo-demokraci\\\/\",\"name\":\"JA SI BERISHA DO AUTOKRATIZ\u00cbM E JO DEMOKRACI - FjALA e LIR\u00cb - Arkivi\",\"isPartOf\":{\"@id\":\"https:\\\/\\\/fjala.info\\\/2009-2015\\\/#website\"},\"primaryImageOfPage\":{\"@id\":\"https:\\\/\\\/fjala.info\\\/2009-2015\\\/ja-si-berisha-do-autokratizem-e-jo-demokraci\\\/#primaryimage\"},\"image\":{\"@id\":\"https:\\\/\\\/fjala.info\\\/2009-2015\\\/ja-si-berisha-do-autokratizem-e-jo-demokraci\\\/#primaryimage\"},\"thumbnailUrl\":\"http:\\\/\\\/www.shkoder.net\\\/images\\\/fjala\\\/andrea_stefani.jpg\",\"datePublished\":\"2012-01-20T10:12:06+00:00\",\"breadcrumb\":{\"@id\":\"https:\\\/\\\/fjala.info\\\/2009-2015\\\/ja-si-berisha-do-autokratizem-e-jo-demokraci\\\/#breadcrumb\"},\"inLanguage\":\"sq-AL\",\"potentialAction\":[{\"@type\":\"ReadAction\",\"target\":[\"https:\\\/\\\/fjala.info\\\/2009-2015\\\/ja-si-berisha-do-autokratizem-e-jo-demokraci\\\/\"]}]},{\"@type\":\"ImageObject\",\"inLanguage\":\"sq-AL\",\"@id\":\"https:\\\/\\\/fjala.info\\\/2009-2015\\\/ja-si-berisha-do-autokratizem-e-jo-demokraci\\\/#primaryimage\",\"url\":\"http:\\\/\\\/www.shkoder.net\\\/images\\\/fjala\\\/andrea_stefani.jpg\",\"contentUrl\":\"http:\\\/\\\/www.shkoder.net\\\/images\\\/fjala\\\/andrea_stefani.jpg\"},{\"@type\":\"BreadcrumbList\",\"@id\":\"https:\\\/\\\/fjala.info\\\/2009-2015\\\/ja-si-berisha-do-autokratizem-e-jo-demokraci\\\/#breadcrumb\",\"itemListElement\":[{\"@type\":\"ListItem\",\"position\":1,\"name\":\"Home\",\"item\":\"https:\\\/\\\/fjala.info\\\/2009-2015\\\/\"},{\"@type\":\"ListItem\",\"position\":2,\"name\":\"JA SI BERISHA DO AUTOKRATIZ\u00cbM E JO DEMOKRACI\"}]},{\"@type\":\"WebSite\",\"@id\":\"https:\\\/\\\/fjala.info\\\/2009-2015\\\/#website\",\"url\":\"https:\\\/\\\/fjala.info\\\/2009-2015\\\/\",\"name\":\"FjALA e LIR\u00cb - Arkivi\",\"description\":\"Arkivi 2009-2015\",\"publisher\":{\"@id\":\"https:\\\/\\\/fjala.info\\\/2009-2015\\\/#organization\"},\"potentialAction\":[{\"@type\":\"SearchAction\",\"target\":{\"@type\":\"EntryPoint\",\"urlTemplate\":\"https:\\\/\\\/fjala.info\\\/2009-2015\\\/?s={search_term_string}\"},\"query-input\":{\"@type\":\"PropertyValueSpecification\",\"valueRequired\":true,\"valueName\":\"search_term_string\"}}],\"inLanguage\":\"sq-AL\"},{\"@type\":\"Organization\",\"@id\":\"https:\\\/\\\/fjala.info\\\/2009-2015\\\/#organization\",\"name\":\"FjALA e LIR\u00cb - Arkivi\",\"url\":\"https:\\\/\\\/fjala.info\\\/2009-2015\\\/\",\"logo\":{\"@type\":\"ImageObject\",\"inLanguage\":\"sq-AL\",\"@id\":\"https:\\\/\\\/fjala.info\\\/2009-2015\\\/#\\\/schema\\\/logo\\\/image\\\/\",\"url\":\"\",\"contentUrl\":\"\",\"caption\":\"FjALA e LIR\u00cb - Arkivi\"},\"image\":{\"@id\":\"https:\\\/\\\/fjala.info\\\/2009-2015\\\/#\\\/schema\\\/logo\\\/image\\\/\"}},{\"@type\":\"Person\",\"@id\":\"https:\\\/\\\/fjala.info\\\/2009-2015\\\/#\\\/schema\\\/person\\\/3aa1163ef05469c496fc94e77611ada2\",\"name\":\"admin\",\"image\":{\"@type\":\"ImageObject\",\"inLanguage\":\"sq-AL\",\"@id\":\"https:\\\/\\\/fjala.info\\\/2009-2015\\\/wp-content\\\/uploads\\\/2012\\\/02\\\/arben_cokaj-120x150.jpg\",\"url\":\"https:\\\/\\\/fjala.info\\\/2009-2015\\\/wp-content\\\/uploads\\\/2012\\\/02\\\/arben_cokaj-120x150.jpg\",\"contentUrl\":\"https:\\\/\\\/fjala.info\\\/2009-2015\\\/wp-content\\\/uploads\\\/2012\\\/02\\\/arben_cokaj-120x150.jpg\",\"caption\":\"admin\"},\"description\":\"Admin, Fjala e Lir\u00eb\",\"sameAs\":[\"https:\\\/\\\/fjala.info\\\/\"],\"url\":\"https:\\\/\\\/fjala.info\\\/2009-2015\\\/author\\\/admin\\\/\"}]}<\/script>\n<!-- \/ Yoast SEO plugin. -->","yoast_head_json":{"title":"JA SI BERISHA DO AUTOKRATIZ\u00cbM E JO DEMOKRACI - FjALA e LIR\u00cb - Arkivi","robots":{"index":"index","follow":"follow","max-snippet":"max-snippet:-1","max-image-preview":"max-image-preview:large","max-video-preview":"max-video-preview:-1"},"canonical":"https:\/\/fjala.info\/2009-2015\/ja-si-berisha-do-autokratizem-e-jo-demokraci\/","og_locale":"sq_AL","og_type":"article","og_title":"JA SI BERISHA DO AUTOKRATIZ\u00cbM E JO DEMOKRACI - FjALA e LIR\u00cb - Arkivi","og_description":"Andrea Stefani, 19.01.2012 Aksionet politike t\u00eb shumic\u00ebs n\u00eb pushtet po nxjerrin gjithnj\u00eb e m\u00eb n\u00eb pah gjakimin autokratik t\u00eb Kryeministrit Sali Berisha n\u00eb kurriz t\u00eb projektit t\u00eb demokracis\u00eb liberale n\u00eb Shqip\u00ebri dhe integrimit t\u00eb saj me Europ\u00ebn. P\u00ebrve\u00e7 presioneve mbi prokurorin\u00eb dhe p\u00ebrdorimit t\u00eb gjyq\u00ebsorit p\u00ebr t\u00eb mbrojtur aleat\u00eb t\u00eb korruptuar, brir\u00ebt prej autokrati t\u00eb [&hellip;]","og_url":"https:\/\/fjala.info\/2009-2015\/ja-si-berisha-do-autokratizem-e-jo-demokraci\/","og_site_name":"FjALA e LIR\u00cb - Arkivi","article_published_time":"2012-01-20T10:12:06+00:00","og_image":[{"url":"http:\/\/www.shkoder.net\/images\/fjala\/andrea_stefani.jpg","type":"","width":"","height":""}],"author":"admin","twitter_card":"summary_large_image","twitter_misc":{"Written by":"admin","Est. reading time":"5 minutes"},"schema":{"@context":"https:\/\/schema.org","@graph":[{"@type":"Article","@id":"https:\/\/fjala.info\/2009-2015\/ja-si-berisha-do-autokratizem-e-jo-demokraci\/#article","isPartOf":{"@id":"https:\/\/fjala.info\/2009-2015\/ja-si-berisha-do-autokratizem-e-jo-demokraci\/"},"author":{"name":"admin","@id":"https:\/\/fjala.info\/2009-2015\/#\/schema\/person\/3aa1163ef05469c496fc94e77611ada2"},"headline":"JA SI BERISHA DO AUTOKRATIZ\u00cbM E JO DEMOKRACI","datePublished":"2012-01-20T10:12:06+00:00","mainEntityOfPage":{"@id":"https:\/\/fjala.info\/2009-2015\/ja-si-berisha-do-autokratizem-e-jo-demokraci\/"},"wordCount":1098,"commentCount":0,"publisher":{"@id":"https:\/\/fjala.info\/2009-2015\/#organization"},"image":{"@id":"https:\/\/fjala.info\/2009-2015\/ja-si-berisha-do-autokratizem-e-jo-demokraci\/#primaryimage"},"thumbnailUrl":"http:\/\/www.shkoder.net\/images\/fjala\/andrea_stefani.jpg","articleSection":["Artikuj"],"inLanguage":"sq-AL","potentialAction":[{"@type":"CommentAction","name":"Comment","target":["https:\/\/fjala.info\/2009-2015\/ja-si-berisha-do-autokratizem-e-jo-demokraci\/#respond"]}]},{"@type":"WebPage","@id":"https:\/\/fjala.info\/2009-2015\/ja-si-berisha-do-autokratizem-e-jo-demokraci\/","url":"https:\/\/fjala.info\/2009-2015\/ja-si-berisha-do-autokratizem-e-jo-demokraci\/","name":"JA SI BERISHA DO AUTOKRATIZ\u00cbM E JO DEMOKRACI - FjALA e LIR\u00cb - Arkivi","isPartOf":{"@id":"https:\/\/fjala.info\/2009-2015\/#website"},"primaryImageOfPage":{"@id":"https:\/\/fjala.info\/2009-2015\/ja-si-berisha-do-autokratizem-e-jo-demokraci\/#primaryimage"},"image":{"@id":"https:\/\/fjala.info\/2009-2015\/ja-si-berisha-do-autokratizem-e-jo-demokraci\/#primaryimage"},"thumbnailUrl":"http:\/\/www.shkoder.net\/images\/fjala\/andrea_stefani.jpg","datePublished":"2012-01-20T10:12:06+00:00","breadcrumb":{"@id":"https:\/\/fjala.info\/2009-2015\/ja-si-berisha-do-autokratizem-e-jo-demokraci\/#breadcrumb"},"inLanguage":"sq-AL","potentialAction":[{"@type":"ReadAction","target":["https:\/\/fjala.info\/2009-2015\/ja-si-berisha-do-autokratizem-e-jo-demokraci\/"]}]},{"@type":"ImageObject","inLanguage":"sq-AL","@id":"https:\/\/fjala.info\/2009-2015\/ja-si-berisha-do-autokratizem-e-jo-demokraci\/#primaryimage","url":"http:\/\/www.shkoder.net\/images\/fjala\/andrea_stefani.jpg","contentUrl":"http:\/\/www.shkoder.net\/images\/fjala\/andrea_stefani.jpg"},{"@type":"BreadcrumbList","@id":"https:\/\/fjala.info\/2009-2015\/ja-si-berisha-do-autokratizem-e-jo-demokraci\/#breadcrumb","itemListElement":[{"@type":"ListItem","position":1,"name":"Home","item":"https:\/\/fjala.info\/2009-2015\/"},{"@type":"ListItem","position":2,"name":"JA SI BERISHA DO AUTOKRATIZ\u00cbM E JO DEMOKRACI"}]},{"@type":"WebSite","@id":"https:\/\/fjala.info\/2009-2015\/#website","url":"https:\/\/fjala.info\/2009-2015\/","name":"FjALA e LIR\u00cb - Arkivi","description":"Arkivi 2009-2015","publisher":{"@id":"https:\/\/fjala.info\/2009-2015\/#organization"},"potentialAction":[{"@type":"SearchAction","target":{"@type":"EntryPoint","urlTemplate":"https:\/\/fjala.info\/2009-2015\/?s={search_term_string}"},"query-input":{"@type":"PropertyValueSpecification","valueRequired":true,"valueName":"search_term_string"}}],"inLanguage":"sq-AL"},{"@type":"Organization","@id":"https:\/\/fjala.info\/2009-2015\/#organization","name":"FjALA e LIR\u00cb - Arkivi","url":"https:\/\/fjala.info\/2009-2015\/","logo":{"@type":"ImageObject","inLanguage":"sq-AL","@id":"https:\/\/fjala.info\/2009-2015\/#\/schema\/logo\/image\/","url":"","contentUrl":"","caption":"FjALA e LIR\u00cb - Arkivi"},"image":{"@id":"https:\/\/fjala.info\/2009-2015\/#\/schema\/logo\/image\/"}},{"@type":"Person","@id":"https:\/\/fjala.info\/2009-2015\/#\/schema\/person\/3aa1163ef05469c496fc94e77611ada2","name":"admin","image":{"@type":"ImageObject","inLanguage":"sq-AL","@id":"https:\/\/fjala.info\/2009-2015\/wp-content\/uploads\/2012\/02\/arben_cokaj-120x150.jpg","url":"https:\/\/fjala.info\/2009-2015\/wp-content\/uploads\/2012\/02\/arben_cokaj-120x150.jpg","contentUrl":"https:\/\/fjala.info\/2009-2015\/wp-content\/uploads\/2012\/02\/arben_cokaj-120x150.jpg","caption":"admin"},"description":"Admin, Fjala e Lir\u00eb","sameAs":["https:\/\/fjala.info\/"],"url":"https:\/\/fjala.info\/2009-2015\/author\/admin\/"}]}},"_links":{"self":[{"href":"https:\/\/fjala.info\/2009-2015\/wp-json\/wp\/v2\/posts\/11615","targetHints":{"allow":["GET"]}}],"collection":[{"href":"https:\/\/fjala.info\/2009-2015\/wp-json\/wp\/v2\/posts"}],"about":[{"href":"https:\/\/fjala.info\/2009-2015\/wp-json\/wp\/v2\/types\/post"}],"author":[{"embeddable":true,"href":"https:\/\/fjala.info\/2009-2015\/wp-json\/wp\/v2\/users\/1"}],"replies":[{"embeddable":true,"href":"https:\/\/fjala.info\/2009-2015\/wp-json\/wp\/v2\/comments?post=11615"}],"version-history":[{"count":0,"href":"https:\/\/fjala.info\/2009-2015\/wp-json\/wp\/v2\/posts\/11615\/revisions"}],"wp:attachment":[{"href":"https:\/\/fjala.info\/2009-2015\/wp-json\/wp\/v2\/media?parent=11615"}],"wp:term":[{"taxonomy":"category","embeddable":true,"href":"https:\/\/fjala.info\/2009-2015\/wp-json\/wp\/v2\/categories?post=11615"},{"taxonomy":"post_tag","embeddable":true,"href":"https:\/\/fjala.info\/2009-2015\/wp-json\/wp\/v2\/tags?post=11615"}],"curies":[{"name":"wp","href":"https:\/\/api.w.org\/{rel}","templated":true}]}}