{"id":11614,"date":"2012-01-19T22:32:09","date_gmt":"2012-01-19T21:32:09","guid":{"rendered":"http:\/\/fjala.shkoder.net\/?p=1253"},"modified":"2012-01-19T22:32:09","modified_gmt":"2012-01-19T21:32:09","slug":"eshte-qendrim-i-ri-nderkombetar-kunder-berishes","status":"publish","type":"post","link":"https:\/\/fjala.info\/2009-2015\/eshte-qendrim-i-ri-nderkombetar-kunder-berishes\/","title":{"rendered":"\u00cbsht\u00eb q\u00ebndrim i ri nd\u00ebrkomb\u00ebtar kund\u00ebr Berish\u00ebs!"},"content":{"rendered":"<p><img decoding=\"async\" class=\"alignright size-thumbnail wp-image-7236\" title=\"Mero Baze\" src=\"http:\/\/www.shkoder.net\/images\/fjala\/mero_baze1.jpg\" alt=\"\" width=\"150\" \/> Nga <strong>Mero Baze<\/strong>, <em>19 Janar 2012<\/em><\/p>\n<p>Gjithkush e ka v\u00ebrejtur se dita dit\u00ebs gjuha e faktorit nd\u00ebrkomb\u00ebtar, ku p\u00ebrfshihen ambasador\u00eb, zyrtar\u00eb t\u00eb lart\u00eb t\u00eb diplomacis\u00eb dhe udh\u00ebheq\u00ebs per\u00ebndimor\u00eb, po trashet kur p\u00ebrmendet Berisha. Java q\u00eb shkoi b\u00ebri diferenc\u00eb t\u00eb qart\u00eb. Fokusimi i ambasador\u00ebve m\u00eb t\u00eb r\u00ebnd\u00ebsish\u00ebm t\u00eb Per\u00ebndimit, biles dhe atyre q\u00eb jan\u00eb shum\u00eb luajal\u00eb me Berish\u00ebn tek nevoja p\u00ebr president konsensual, ishte goditja e par\u00eb. K\u00ebt\u00eb deklarat\u00eb e p\u00ebrs\u00ebrit\u00ebn thuajse gjith\u00eb ambasador\u00ebt e r\u00ebnd\u00ebsish\u00ebm t\u00eb Per\u00ebndimit. Berisha heshti dhe nuk b\u00ebri asnj\u00eb koment p\u00ebr deklaratat e tyre.<\/p>\n<p>Vala e dyt\u00eb u lidh me 21 Janarin. Nj\u00eb vit pas vrasjeve tragjike n\u00eb bulevard, ambasador\u00ebt e Per\u00ebndimit fol\u00ebn krejt ndryshe nga nj\u00eb vit m\u00eb par\u00eb p\u00ebr ngjarjen. Tre ambasador\u00ebt kryesor\u00eb t\u00eb Per\u00ebndimit, ai i SHBA, BE dhe OSBE, shkuan n\u00eb Prokurori p\u00ebr t\u00eb mb\u00ebshtetur hetimet dhe duke folur p\u00ebr \u201cdhun\u00ebn e pakuptimt\u00eb\u201d t\u00eb ushtruar m\u00eb 21 Janar, nj\u00eb gjuh\u00eb kjo shum\u00eb e mesatarizuar nga gjuha pro Berish\u00ebs, q\u00eb p\u00ebrdor\u00ebn disa prej tyre nj\u00eb vit m\u00eb par\u00eb.<\/p>\n<p>Po ashtu fokusimi tek hetimi dhe zbardhja e vrasjeve, tani q\u00eb pa d\u00ebnuar kan\u00eb ngelur vet\u00ebm vras\u00ebsit, \u00ebsht\u00eb po ashtu element i r\u00ebnd\u00ebsish\u00ebm. M\u00eb e qarta prej tyre, q\u00eb bie gjithmon\u00eb n\u00eb sy p\u00ebr q\u00ebndrime simpatike dhe t\u00eb pavarura, \u00ebsht\u00eb ambasadorja britanike, e cila e ilustronte sot q\u00ebndrimin e saj dhe me nj\u00eb fakt nga drejt\u00ebsia britanike, ku dy oficer\u00eb po d\u00ebnohen pas 19 vitesh p\u00ebr nj\u00eb krim t\u00eb b\u00ebr\u00eb p\u00ebr motive raciste, 19 vjet m\u00eb par\u00eb. Mesazhi i saj shkon p\u00ebr vras\u00ebsit e 21 Janarit, duke u treguar se do ta ken\u00eb t\u00eb v\u00ebshtir\u00eb t\u2019i shp\u00ebtojn\u00eb drejt\u00ebsis\u00eb gjith\u00eb jet\u00ebn.<\/p>\n<p>Stefan Fyle nga Brukseli lajm\u00ebroi nj\u00eb dit\u00eb pas mbylljes s\u00eb turpshme t\u00eb gjyqit t\u00eb Ilir Met\u00ebs se po mbajn\u00eb sh\u00ebnim at\u00eb q\u00eb po ndodh n\u00eb Shqip\u00ebri\u2026<\/p>\n<p>Nj\u00eb shp\u00ebrthim i shum\u00ebpritur erdhi nga studioja e radios shtet\u00ebrore amerikane n\u00eb Uashington, ku <strong>Xhon Uidhers<\/strong> d\u00ebshmoi se ishte vigjilent, duke ndjekur \u00e7far\u00eb po b\u00ebhej n\u00eb Shqip\u00ebri pas ikjes s\u00eb tij. I qart\u00eb, i kulturuar, i drejtp\u00ebrdrejt\u00eb dhe thelb\u00ebsor p\u00ebr at\u00eb \u00e7far\u00eb po ndodh me demokracin\u00eb n\u00eb Shqip\u00ebri, ai e quajti kryeministrin t\u00eb padenj\u00eb, nj\u00eb udh\u00ebheqje q\u00eb nuk p\u00ebrfaq\u00ebson popullin shqiptar, q\u00eb po e \u00e7on vendin drejt modeleve lindore dhe q\u00eb vret shpres\u00ebn tek qytetar\u00ebt e thjesht\u00eb.<\/p>\n<p>Pas tij u shfaq organizata m\u00eb prestigjioze e klasifikimit t\u00eb standardit t\u00eb lirive dhe demokracis\u00eb n\u00eb bot\u00eb, <strong>Freedom House<\/strong>. Ajo jo vet\u00ebm q\u00eb ka zbritur Shqip\u00ebrin\u00eb nga lista e vendeve pjes\u00ebrisht t\u00eb lira, por nxori po tek Z\u00ebri i Amerik\u00ebs nj\u00eb zyrtar t\u00eb lart\u00eb t\u00eb saj, q\u00eb shpjegoi se kjo vjen p\u00ebr shkak t\u00eb vrasjeve t\u00eb 21 Janarit dhe mosd\u00ebnimit t\u00eb korrupsionit.<\/p>\n<p>Ambasadori Arvizu po ashtu u shfaq n\u00eb Top Story me ndryshe se m\u00eb par\u00eb, m\u00eb surprizues dhe m\u00eb konkurrent se her\u00eb tjet\u00ebr me Xhon Uidhers. Premtoi se ka detyruar Berish\u00ebn t\u2019i b\u00ebj\u00eb gjyqin e 21 Janarit. I ka shkuar n\u00eb zyr\u00eb dhe i ka k\u00ebrkuar garanci se qeveria do pranoj\u00eb p\u00ebrfundimet e FBI. Ua k\u00ebrkoi k\u00ebt\u00eb dhe gjykatave. Dhe kur ua k\u00ebrkoi, kishte parasysh se qeveria jon\u00eb, Berisha dhe gjykatat kan\u00eb hedhur posht\u00eb nj\u00eb ekspertiz\u00eb amerikane p\u00ebr nj\u00eb akt t\u00eb past\u00ebr hajdut\u00ebrie qeveritare. Ambasadori tha se tani e tutje Berisha do pranoj\u00eb gjykimin ton\u00eb p\u00ebr at\u00eb q\u00eb ka b\u00ebr\u00eb m\u00eb 21 Janar. Kjo nuk \u00ebsht\u00eb pak.<\/p>\n<p>Pyetja q\u00eb shtrohet tani nga shum\u00eb qytetar\u00eb shqiptar\u00eb, t\u00eb cil\u00ebt kan\u00eb filluar ta p\u00ebrtypin skepticizmin q\u00eb kan\u00eb ndaj Per\u00ebndimit dhe braktisjes s\u00eb Shqip\u00ebris\u00eb n\u00eb fatin e autokrat\u00ebve t\u00eb saj lokal, \u00ebsht\u00eb se a kemi t\u00eb b\u00ebjm\u00eb me nj\u00eb q\u00ebndrim t\u00eb ri t\u00eb Per\u00ebndimit ndaj Berish\u00ebs, apo jan\u00eb deklarata t\u00eb rastit?<\/p>\n<p>Po. \u00cbsht\u00eb nj\u00eb q\u00ebndrim i ri i Per\u00ebndimit. P\u00ebrve\u00e7se Berisha u dha m\u00eb shum\u00eb shembuj se sa kishin nevoj\u00eb q\u00eb po e keqp\u00ebrdorte mb\u00ebshtetjen per\u00ebndimore, ai gjat\u00eb vitit q\u00eb shkoi, vrau kat\u00ebr qytetar\u00eb q\u00eb protestonin, vodhi publikisht nj\u00eb mandat dhe fali publikisht nj\u00eb hajdut t\u00eb r\u00ebnd\u00ebsish\u00ebm t\u00eb pushtetit. <strong><em>Pra, ai vrau shtetin ligjor, zgjedhjet e lira dhe u b\u00eb pal\u00eb me mafien dhe krimin e organizuar. Jo se m\u00eb par\u00eb nuk ishte, por tashm\u00eb ka kaluar n\u00eb faz\u00ebn q\u00eb nuk \u00ebsht\u00eb i lir\u00eb as t\u00eb fshihet. Kur vrasin e duan n\u00eb krye, kur vjedhin mandate e duan n\u00eb ball\u00eb, kur vjedhin e duan partner\u2026 Nuk \u00ebsht\u00eb i lir\u00eb t\u00eb q\u00ebndroj\u00eb m\u00eb larg tyre.<\/em><\/strong><\/p>\n<p>Dhe pik\u00ebrisht p\u00ebr k\u00ebt\u00eb, viti 2012 \u00ebsht\u00eb viti q\u00eb ai tenton t\u2019i marr\u00eb t\u00eb gjitha pushtetet n\u00eb funksion t\u00eb k\u00ebtij mjedisi t\u00eb ndotur ku mbret\u00ebron. Ai po tenton t\u00eb marr\u00eb formalisht presidentin, KLD, kryeprokuroren dhe pastaj jo vet\u00ebm q\u00eb nuk ka kush ta hetoj\u00eb dhe gjykoj\u00eb, por as kush t\u00eb ngrej\u00eb m\u00eb z\u00ebrin kund\u00ebr tij. Karshill\u00ebku q\u00eb ai po i b\u00ebn Per\u00ebndimit k\u00ebto dit\u00eb, \u00ebsht\u00eb gj\u00ebja m\u00eb e mir\u00eb e mundshme q\u00eb fuqizon fushat\u00ebn nd\u00ebrkomb\u00ebtare kund\u00ebr tij. Ka hyr\u00eb n\u00eb spiralen e luft\u00ebs me ta dhe nuk do ta ket\u00eb t\u00eb leht\u00eb t\u00eb t\u00ebrhiqet.<\/p>\n<p><em><strong>Jo se nuk ka d\u00ebshir\u00eb t\u00eb t\u00ebrhiqet, por nuk \u00ebsht\u00eb i lir\u00eb ta b\u00ebj\u00eb at\u00eb<\/strong><\/em>. P\u00ebr t\u00eb mbuluar vrasjet e 21 Janarit, si\u00e7 shihet i \u00ebsht\u00eb dashur t\u00eb shes\u00eb vras\u00ebsit tek viktimat. Nuk ia ka dal\u00eb. P\u00ebr t\u00eb mbuluar korrupsionin e Ilir Met\u00ebs, i \u00ebsht\u00eb dashur t\u00eb b\u00ebj\u00eb p\u00ebrgjime banale nga policia e tij <em>sekrete<\/em>, q\u00eb t\u00eb banalizoj\u00eb r\u00ebnd\u00ebsin\u00eb e video-skandalit t\u00eb Ilir Met\u00ebs. Nuk ia del dot. P\u00ebr t\u00eb mbuluar skandalin e vjedhjes s\u00eb votave m\u00eb 8 Maj, premton si Presidenti Saleh i Jemenit se do t\u00eb ik\u00eb nga politika po humbi me vota\u2026<\/p>\n<p>Por asgj\u00eb nga k\u00ebto nuk e b\u00ebn dot. Nuk l\u00eb dot vet\u00ebm ata q\u00eb kan\u00eb pla\u00e7kitur vendin, q\u00eb kan\u00eb vrar\u00eb, dhe q\u00eb kan\u00eb deformuar pushtetin n\u00eb k\u00ebt\u00eb vend. Ndaj do t\u00eb jet\u00eb i detyruar t\u00eb b\u00ebj\u00eb \u00e7far\u00eb \u00ebsht\u00eb e mundur t\u00eb q\u00ebndroj\u00eb, duke i marr\u00eb t\u00eb gjith\u00eb me vete deri n\u00eb p\u00ebrplasjen finale me Per\u00ebndimin dhe shqiptar\u00ebt. Nuk di t\u00eb ik\u00eb ndryshe. Si\u00e7 nuk diti t\u00eb qeveris\u00eb ndryshe.<\/p>\n","protected":false},"excerpt":{"rendered":"<p>Nga Mero Baze, 19 Janar 2012 Gjithkush e ka v\u00ebrejtur se dita dit\u00ebs gjuha e faktorit nd\u00ebrkomb\u00ebtar, ku p\u00ebrfshihen ambasador\u00eb, zyrtar\u00eb t\u00eb lart\u00eb t\u00eb diplomacis\u00eb dhe udh\u00ebheq\u00ebs per\u00ebndimor\u00eb, po trashet kur p\u00ebrmendet Berisha. Java q\u00eb shkoi b\u00ebri diferenc\u00eb t\u00eb qart\u00eb. Fokusimi i ambasador\u00ebve m\u00eb t\u00eb r\u00ebnd\u00ebsish\u00ebm t\u00eb Per\u00ebndimit, biles dhe atyre q\u00eb jan\u00eb shum\u00eb luajal\u00eb [&hellip;]<\/p>\n","protected":false},"author":1,"featured_media":0,"comment_status":"open","ping_status":"closed","sticky":false,"template":"","format":"standard","meta":{"footnotes":""},"categories":[2],"tags":[],"class_list":{"0":"post-11614","1":"post","2":"type-post","3":"status-publish","4":"format-standard","6":"category-artikuj"},"yoast_head":"<!-- This site is optimized with the Yoast SEO plugin v27.4 - https:\/\/yoast.com\/product\/yoast-seo-wordpress\/ -->\n<title>\u00cbsht\u00eb q\u00ebndrim i ri nd\u00ebrkomb\u00ebtar kund\u00ebr Berish\u00ebs! - FjALA e LIR\u00cb - Arkivi<\/title>\n<meta name=\"robots\" content=\"index, follow, max-snippet:-1, max-image-preview:large, max-video-preview:-1\" \/>\n<link rel=\"canonical\" href=\"https:\/\/fjala.info\/2009-2015\/eshte-qendrim-i-ri-nderkombetar-kunder-berishes\/\" \/>\n<meta property=\"og:locale\" content=\"sq_AL\" \/>\n<meta property=\"og:type\" content=\"article\" \/>\n<meta property=\"og:title\" content=\"\u00cbsht\u00eb q\u00ebndrim i ri nd\u00ebrkomb\u00ebtar kund\u00ebr Berish\u00ebs! - FjALA e LIR\u00cb - Arkivi\" \/>\n<meta property=\"og:description\" content=\"Nga Mero Baze, 19 Janar 2012 Gjithkush e ka v\u00ebrejtur se dita dit\u00ebs gjuha e faktorit nd\u00ebrkomb\u00ebtar, ku p\u00ebrfshihen ambasador\u00eb, zyrtar\u00eb t\u00eb lart\u00eb t\u00eb diplomacis\u00eb dhe udh\u00ebheq\u00ebs per\u00ebndimor\u00eb, po trashet kur p\u00ebrmendet Berisha. Java q\u00eb shkoi b\u00ebri diferenc\u00eb t\u00eb qart\u00eb. Fokusimi i ambasador\u00ebve m\u00eb t\u00eb r\u00ebnd\u00ebsish\u00ebm t\u00eb Per\u00ebndimit, biles dhe atyre q\u00eb jan\u00eb shum\u00eb luajal\u00eb [&hellip;]\" \/>\n<meta property=\"og:url\" content=\"https:\/\/fjala.info\/2009-2015\/eshte-qendrim-i-ri-nderkombetar-kunder-berishes\/\" \/>\n<meta property=\"og:site_name\" content=\"FjALA e LIR\u00cb - Arkivi\" \/>\n<meta property=\"article:published_time\" content=\"2012-01-19T21:32:09+00:00\" \/>\n<meta property=\"og:image\" content=\"http:\/\/www.shkoder.net\/images\/fjala\/mero_baze1.jpg\" \/>\n<meta name=\"author\" content=\"admin\" \/>\n<meta name=\"twitter:card\" content=\"summary_large_image\" \/>\n<meta name=\"twitter:label1\" content=\"Written by\" \/>\n\t<meta name=\"twitter:data1\" content=\"admin\" \/>\n\t<meta name=\"twitter:label2\" content=\"Est. reading time\" \/>\n\t<meta name=\"twitter:data2\" content=\"6 minutes\" \/>\n<script type=\"application\/ld+json\" class=\"yoast-schema-graph\">{\"@context\":\"https:\\\/\\\/schema.org\",\"@graph\":[{\"@type\":\"Article\",\"@id\":\"https:\\\/\\\/fjala.info\\\/2009-2015\\\/eshte-qendrim-i-ri-nderkombetar-kunder-berishes\\\/#article\",\"isPartOf\":{\"@id\":\"https:\\\/\\\/fjala.info\\\/2009-2015\\\/eshte-qendrim-i-ri-nderkombetar-kunder-berishes\\\/\"},\"author\":{\"name\":\"admin\",\"@id\":\"https:\\\/\\\/fjala.info\\\/2009-2015\\\/#\\\/schema\\\/person\\\/3aa1163ef05469c496fc94e77611ada2\"},\"headline\":\"\u00cbsht\u00eb q\u00ebndrim i ri nd\u00ebrkomb\u00ebtar kund\u00ebr Berish\u00ebs!\",\"datePublished\":\"2012-01-19T21:32:09+00:00\",\"mainEntityOfPage\":{\"@id\":\"https:\\\/\\\/fjala.info\\\/2009-2015\\\/eshte-qendrim-i-ri-nderkombetar-kunder-berishes\\\/\"},\"wordCount\":1122,\"commentCount\":1,\"publisher\":{\"@id\":\"https:\\\/\\\/fjala.info\\\/2009-2015\\\/#organization\"},\"image\":{\"@id\":\"https:\\\/\\\/fjala.info\\\/2009-2015\\\/eshte-qendrim-i-ri-nderkombetar-kunder-berishes\\\/#primaryimage\"},\"thumbnailUrl\":\"http:\\\/\\\/www.shkoder.net\\\/images\\\/fjala\\\/mero_baze1.jpg\",\"articleSection\":[\"Artikuj\"],\"inLanguage\":\"sq-AL\",\"potentialAction\":[{\"@type\":\"CommentAction\",\"name\":\"Comment\",\"target\":[\"https:\\\/\\\/fjala.info\\\/2009-2015\\\/eshte-qendrim-i-ri-nderkombetar-kunder-berishes\\\/#respond\"]}]},{\"@type\":\"WebPage\",\"@id\":\"https:\\\/\\\/fjala.info\\\/2009-2015\\\/eshte-qendrim-i-ri-nderkombetar-kunder-berishes\\\/\",\"url\":\"https:\\\/\\\/fjala.info\\\/2009-2015\\\/eshte-qendrim-i-ri-nderkombetar-kunder-berishes\\\/\",\"name\":\"\u00cbsht\u00eb q\u00ebndrim i ri nd\u00ebrkomb\u00ebtar kund\u00ebr Berish\u00ebs! - FjALA e LIR\u00cb - Arkivi\",\"isPartOf\":{\"@id\":\"https:\\\/\\\/fjala.info\\\/2009-2015\\\/#website\"},\"primaryImageOfPage\":{\"@id\":\"https:\\\/\\\/fjala.info\\\/2009-2015\\\/eshte-qendrim-i-ri-nderkombetar-kunder-berishes\\\/#primaryimage\"},\"image\":{\"@id\":\"https:\\\/\\\/fjala.info\\\/2009-2015\\\/eshte-qendrim-i-ri-nderkombetar-kunder-berishes\\\/#primaryimage\"},\"thumbnailUrl\":\"http:\\\/\\\/www.shkoder.net\\\/images\\\/fjala\\\/mero_baze1.jpg\",\"datePublished\":\"2012-01-19T21:32:09+00:00\",\"breadcrumb\":{\"@id\":\"https:\\\/\\\/fjala.info\\\/2009-2015\\\/eshte-qendrim-i-ri-nderkombetar-kunder-berishes\\\/#breadcrumb\"},\"inLanguage\":\"sq-AL\",\"potentialAction\":[{\"@type\":\"ReadAction\",\"target\":[\"https:\\\/\\\/fjala.info\\\/2009-2015\\\/eshte-qendrim-i-ri-nderkombetar-kunder-berishes\\\/\"]}]},{\"@type\":\"ImageObject\",\"inLanguage\":\"sq-AL\",\"@id\":\"https:\\\/\\\/fjala.info\\\/2009-2015\\\/eshte-qendrim-i-ri-nderkombetar-kunder-berishes\\\/#primaryimage\",\"url\":\"http:\\\/\\\/www.shkoder.net\\\/images\\\/fjala\\\/mero_baze1.jpg\",\"contentUrl\":\"http:\\\/\\\/www.shkoder.net\\\/images\\\/fjala\\\/mero_baze1.jpg\"},{\"@type\":\"BreadcrumbList\",\"@id\":\"https:\\\/\\\/fjala.info\\\/2009-2015\\\/eshte-qendrim-i-ri-nderkombetar-kunder-berishes\\\/#breadcrumb\",\"itemListElement\":[{\"@type\":\"ListItem\",\"position\":1,\"name\":\"Home\",\"item\":\"https:\\\/\\\/fjala.info\\\/2009-2015\\\/\"},{\"@type\":\"ListItem\",\"position\":2,\"name\":\"\u00cbsht\u00eb q\u00ebndrim i ri nd\u00ebrkomb\u00ebtar kund\u00ebr Berish\u00ebs!\"}]},{\"@type\":\"WebSite\",\"@id\":\"https:\\\/\\\/fjala.info\\\/2009-2015\\\/#website\",\"url\":\"https:\\\/\\\/fjala.info\\\/2009-2015\\\/\",\"name\":\"FjALA e LIR\u00cb - Arkivi\",\"description\":\"Arkivi 2009-2015\",\"publisher\":{\"@id\":\"https:\\\/\\\/fjala.info\\\/2009-2015\\\/#organization\"},\"potentialAction\":[{\"@type\":\"SearchAction\",\"target\":{\"@type\":\"EntryPoint\",\"urlTemplate\":\"https:\\\/\\\/fjala.info\\\/2009-2015\\\/?s={search_term_string}\"},\"query-input\":{\"@type\":\"PropertyValueSpecification\",\"valueRequired\":true,\"valueName\":\"search_term_string\"}}],\"inLanguage\":\"sq-AL\"},{\"@type\":\"Organization\",\"@id\":\"https:\\\/\\\/fjala.info\\\/2009-2015\\\/#organization\",\"name\":\"FjALA e LIR\u00cb - Arkivi\",\"url\":\"https:\\\/\\\/fjala.info\\\/2009-2015\\\/\",\"logo\":{\"@type\":\"ImageObject\",\"inLanguage\":\"sq-AL\",\"@id\":\"https:\\\/\\\/fjala.info\\\/2009-2015\\\/#\\\/schema\\\/logo\\\/image\\\/\",\"url\":\"\",\"contentUrl\":\"\",\"caption\":\"FjALA e LIR\u00cb - Arkivi\"},\"image\":{\"@id\":\"https:\\\/\\\/fjala.info\\\/2009-2015\\\/#\\\/schema\\\/logo\\\/image\\\/\"}},{\"@type\":\"Person\",\"@id\":\"https:\\\/\\\/fjala.info\\\/2009-2015\\\/#\\\/schema\\\/person\\\/3aa1163ef05469c496fc94e77611ada2\",\"name\":\"admin\",\"image\":{\"@type\":\"ImageObject\",\"inLanguage\":\"sq-AL\",\"@id\":\"https:\\\/\\\/fjala.info\\\/2009-2015\\\/wp-content\\\/uploads\\\/2012\\\/02\\\/arben_cokaj-120x150.jpg\",\"url\":\"https:\\\/\\\/fjala.info\\\/2009-2015\\\/wp-content\\\/uploads\\\/2012\\\/02\\\/arben_cokaj-120x150.jpg\",\"contentUrl\":\"https:\\\/\\\/fjala.info\\\/2009-2015\\\/wp-content\\\/uploads\\\/2012\\\/02\\\/arben_cokaj-120x150.jpg\",\"caption\":\"admin\"},\"description\":\"Admin, Fjala e Lir\u00eb\",\"sameAs\":[\"https:\\\/\\\/fjala.info\\\/\"],\"url\":\"https:\\\/\\\/fjala.info\\\/2009-2015\\\/author\\\/admin\\\/\"}]}<\/script>\n<!-- \/ Yoast SEO plugin. -->","yoast_head_json":{"title":"\u00cbsht\u00eb q\u00ebndrim i ri nd\u00ebrkomb\u00ebtar kund\u00ebr Berish\u00ebs! - FjALA e LIR\u00cb - Arkivi","robots":{"index":"index","follow":"follow","max-snippet":"max-snippet:-1","max-image-preview":"max-image-preview:large","max-video-preview":"max-video-preview:-1"},"canonical":"https:\/\/fjala.info\/2009-2015\/eshte-qendrim-i-ri-nderkombetar-kunder-berishes\/","og_locale":"sq_AL","og_type":"article","og_title":"\u00cbsht\u00eb q\u00ebndrim i ri nd\u00ebrkomb\u00ebtar kund\u00ebr Berish\u00ebs! - FjALA e LIR\u00cb - Arkivi","og_description":"Nga Mero Baze, 19 Janar 2012 Gjithkush e ka v\u00ebrejtur se dita dit\u00ebs gjuha e faktorit nd\u00ebrkomb\u00ebtar, ku p\u00ebrfshihen ambasador\u00eb, zyrtar\u00eb t\u00eb lart\u00eb t\u00eb diplomacis\u00eb dhe udh\u00ebheq\u00ebs per\u00ebndimor\u00eb, po trashet kur p\u00ebrmendet Berisha. Java q\u00eb shkoi b\u00ebri diferenc\u00eb t\u00eb qart\u00eb. Fokusimi i ambasador\u00ebve m\u00eb t\u00eb r\u00ebnd\u00ebsish\u00ebm t\u00eb Per\u00ebndimit, biles dhe atyre q\u00eb jan\u00eb shum\u00eb luajal\u00eb [&hellip;]","og_url":"https:\/\/fjala.info\/2009-2015\/eshte-qendrim-i-ri-nderkombetar-kunder-berishes\/","og_site_name":"FjALA e LIR\u00cb - Arkivi","article_published_time":"2012-01-19T21:32:09+00:00","og_image":[{"url":"http:\/\/www.shkoder.net\/images\/fjala\/mero_baze1.jpg","type":"","width":"","height":""}],"author":"admin","twitter_card":"summary_large_image","twitter_misc":{"Written by":"admin","Est. reading time":"6 minutes"},"schema":{"@context":"https:\/\/schema.org","@graph":[{"@type":"Article","@id":"https:\/\/fjala.info\/2009-2015\/eshte-qendrim-i-ri-nderkombetar-kunder-berishes\/#article","isPartOf":{"@id":"https:\/\/fjala.info\/2009-2015\/eshte-qendrim-i-ri-nderkombetar-kunder-berishes\/"},"author":{"name":"admin","@id":"https:\/\/fjala.info\/2009-2015\/#\/schema\/person\/3aa1163ef05469c496fc94e77611ada2"},"headline":"\u00cbsht\u00eb q\u00ebndrim i ri nd\u00ebrkomb\u00ebtar kund\u00ebr Berish\u00ebs!","datePublished":"2012-01-19T21:32:09+00:00","mainEntityOfPage":{"@id":"https:\/\/fjala.info\/2009-2015\/eshte-qendrim-i-ri-nderkombetar-kunder-berishes\/"},"wordCount":1122,"commentCount":1,"publisher":{"@id":"https:\/\/fjala.info\/2009-2015\/#organization"},"image":{"@id":"https:\/\/fjala.info\/2009-2015\/eshte-qendrim-i-ri-nderkombetar-kunder-berishes\/#primaryimage"},"thumbnailUrl":"http:\/\/www.shkoder.net\/images\/fjala\/mero_baze1.jpg","articleSection":["Artikuj"],"inLanguage":"sq-AL","potentialAction":[{"@type":"CommentAction","name":"Comment","target":["https:\/\/fjala.info\/2009-2015\/eshte-qendrim-i-ri-nderkombetar-kunder-berishes\/#respond"]}]},{"@type":"WebPage","@id":"https:\/\/fjala.info\/2009-2015\/eshte-qendrim-i-ri-nderkombetar-kunder-berishes\/","url":"https:\/\/fjala.info\/2009-2015\/eshte-qendrim-i-ri-nderkombetar-kunder-berishes\/","name":"\u00cbsht\u00eb q\u00ebndrim i ri nd\u00ebrkomb\u00ebtar kund\u00ebr Berish\u00ebs! - FjALA e LIR\u00cb - Arkivi","isPartOf":{"@id":"https:\/\/fjala.info\/2009-2015\/#website"},"primaryImageOfPage":{"@id":"https:\/\/fjala.info\/2009-2015\/eshte-qendrim-i-ri-nderkombetar-kunder-berishes\/#primaryimage"},"image":{"@id":"https:\/\/fjala.info\/2009-2015\/eshte-qendrim-i-ri-nderkombetar-kunder-berishes\/#primaryimage"},"thumbnailUrl":"http:\/\/www.shkoder.net\/images\/fjala\/mero_baze1.jpg","datePublished":"2012-01-19T21:32:09+00:00","breadcrumb":{"@id":"https:\/\/fjala.info\/2009-2015\/eshte-qendrim-i-ri-nderkombetar-kunder-berishes\/#breadcrumb"},"inLanguage":"sq-AL","potentialAction":[{"@type":"ReadAction","target":["https:\/\/fjala.info\/2009-2015\/eshte-qendrim-i-ri-nderkombetar-kunder-berishes\/"]}]},{"@type":"ImageObject","inLanguage":"sq-AL","@id":"https:\/\/fjala.info\/2009-2015\/eshte-qendrim-i-ri-nderkombetar-kunder-berishes\/#primaryimage","url":"http:\/\/www.shkoder.net\/images\/fjala\/mero_baze1.jpg","contentUrl":"http:\/\/www.shkoder.net\/images\/fjala\/mero_baze1.jpg"},{"@type":"BreadcrumbList","@id":"https:\/\/fjala.info\/2009-2015\/eshte-qendrim-i-ri-nderkombetar-kunder-berishes\/#breadcrumb","itemListElement":[{"@type":"ListItem","position":1,"name":"Home","item":"https:\/\/fjala.info\/2009-2015\/"},{"@type":"ListItem","position":2,"name":"\u00cbsht\u00eb q\u00ebndrim i ri nd\u00ebrkomb\u00ebtar kund\u00ebr Berish\u00ebs!"}]},{"@type":"WebSite","@id":"https:\/\/fjala.info\/2009-2015\/#website","url":"https:\/\/fjala.info\/2009-2015\/","name":"FjALA e LIR\u00cb - Arkivi","description":"Arkivi 2009-2015","publisher":{"@id":"https:\/\/fjala.info\/2009-2015\/#organization"},"potentialAction":[{"@type":"SearchAction","target":{"@type":"EntryPoint","urlTemplate":"https:\/\/fjala.info\/2009-2015\/?s={search_term_string}"},"query-input":{"@type":"PropertyValueSpecification","valueRequired":true,"valueName":"search_term_string"}}],"inLanguage":"sq-AL"},{"@type":"Organization","@id":"https:\/\/fjala.info\/2009-2015\/#organization","name":"FjALA e LIR\u00cb - Arkivi","url":"https:\/\/fjala.info\/2009-2015\/","logo":{"@type":"ImageObject","inLanguage":"sq-AL","@id":"https:\/\/fjala.info\/2009-2015\/#\/schema\/logo\/image\/","url":"","contentUrl":"","caption":"FjALA e LIR\u00cb - Arkivi"},"image":{"@id":"https:\/\/fjala.info\/2009-2015\/#\/schema\/logo\/image\/"}},{"@type":"Person","@id":"https:\/\/fjala.info\/2009-2015\/#\/schema\/person\/3aa1163ef05469c496fc94e77611ada2","name":"admin","image":{"@type":"ImageObject","inLanguage":"sq-AL","@id":"https:\/\/fjala.info\/2009-2015\/wp-content\/uploads\/2012\/02\/arben_cokaj-120x150.jpg","url":"https:\/\/fjala.info\/2009-2015\/wp-content\/uploads\/2012\/02\/arben_cokaj-120x150.jpg","contentUrl":"https:\/\/fjala.info\/2009-2015\/wp-content\/uploads\/2012\/02\/arben_cokaj-120x150.jpg","caption":"admin"},"description":"Admin, Fjala e Lir\u00eb","sameAs":["https:\/\/fjala.info\/"],"url":"https:\/\/fjala.info\/2009-2015\/author\/admin\/"}]}},"_links":{"self":[{"href":"https:\/\/fjala.info\/2009-2015\/wp-json\/wp\/v2\/posts\/11614","targetHints":{"allow":["GET"]}}],"collection":[{"href":"https:\/\/fjala.info\/2009-2015\/wp-json\/wp\/v2\/posts"}],"about":[{"href":"https:\/\/fjala.info\/2009-2015\/wp-json\/wp\/v2\/types\/post"}],"author":[{"embeddable":true,"href":"https:\/\/fjala.info\/2009-2015\/wp-json\/wp\/v2\/users\/1"}],"replies":[{"embeddable":true,"href":"https:\/\/fjala.info\/2009-2015\/wp-json\/wp\/v2\/comments?post=11614"}],"version-history":[{"count":0,"href":"https:\/\/fjala.info\/2009-2015\/wp-json\/wp\/v2\/posts\/11614\/revisions"}],"wp:attachment":[{"href":"https:\/\/fjala.info\/2009-2015\/wp-json\/wp\/v2\/media?parent=11614"}],"wp:term":[{"taxonomy":"category","embeddable":true,"href":"https:\/\/fjala.info\/2009-2015\/wp-json\/wp\/v2\/categories?post=11614"},{"taxonomy":"post_tag","embeddable":true,"href":"https:\/\/fjala.info\/2009-2015\/wp-json\/wp\/v2\/tags?post=11614"}],"curies":[{"name":"wp","href":"https:\/\/api.w.org\/{rel}","templated":true}]}}