{"id":11613,"date":"2012-01-19T22:15:22","date_gmt":"2012-01-19T21:15:22","guid":{"rendered":"http:\/\/fjala.shkoder.net\/?p=1246"},"modified":"2012-01-19T22:15:22","modified_gmt":"2012-01-19T21:15:22","slug":"gazetari-mahmutaj-sali-berisha-urdheroi-vrasjet-e-21-janarit","status":"publish","type":"post","link":"https:\/\/fjala.info\/2009-2015\/gazetari-mahmutaj-sali-berisha-urdheroi-vrasjet-e-21-janarit\/","title":{"rendered":"Gazetari Mahmutaj: Sali Berisha urdh\u00ebroi vrasjet e 21 janarit"},"content":{"rendered":"<p><img decoding=\"async\" class=\"alignleft size-thumbnail wp-image-7236\" title=\"Vrasjet me 21 janar 2011\" src=\"http:\/\/www.shkoder.net\/2012\/vrasjet_21jan11.jpg\" alt=\"\" width=\"300\" \/> <strong>TemA Online<\/strong>, <em>19 Janar 2012<\/em><\/p>\n<p>Pasojat tragjike q\u00eb 21 janari i vitit t\u00eb shkuar la nuk ishin vet\u00ebm kat\u00ebr viktimat por dhe shum\u00eb t\u00eb tjer\u00eb t\u00eb cil\u00ebt u rrah\u00ebn nga policia apo dhe u plagos\u00ebn nga plumbat e Gard\u00ebs Republikane. Nj\u00eb prej tyre \u00ebsht\u00eb dhe gazetari Fatos Mahmutaj, i cili p\u00ebrve\u00e7 se mori nj\u00eb plumb n\u00eb dor\u00eb gjat\u00eb raportimit n\u00eb televizionin ABC News iu desh q\u00eb t\u00eb vuante dhe k\u00ebrc\u00ebnimet pushtetit p\u00ebr t\u00eb mbyllur goj\u00ebn p\u00ebr ngjarjen q\u00eb p\u00ebr pak i mori jet\u00ebn.<\/p>\n<p>Me rastin e nj\u00eb vjetorit t\u00eb k\u00ebsaj ngjarja, gazetari Mahmutaj flet p\u00ebr agjencin\u00eb \u201cAMA-NEWS\u201d duke th\u00ebn\u00eb se ka humbur besimin te drejt\u00ebsia dhe n\u00eb Shqip\u00ebri do t\u00eb kthehet vet\u00ebm pasi nga pushteti t\u00eb ket\u00eb ikur Sali Berisha dhe shpura e tij. Ai aktualisht ndodhet n\u00eb Belgjik\u00eb dhe vuan ende k\u00ebrc\u00ebnimet e regjimit t\u00eb Tiran\u00ebs. Gazetari \u00ebsht\u00eb i qart\u00eb se vrasja e kat\u00ebr protestuesve dhe plagosja e tij kan\u00eb ardhur nga garda republikane me urdh\u00ebr t\u00eb Lul\u00ebzim Bash\u00ebs dhe Sali Berish\u00ebs.<\/p>\n<p><strong>Jemi nj\u00eb vit nga ngjarja tragjike e 21 janarit 2011, mund t\u00eb na b\u00ebni nj\u00eb p\u00ebrshkrim t\u00eb asaj dite ku mbet\u00ebn t\u00eb vrar\u00eb kat\u00ebr protestues dhe ju u plagos\u00ebt?<\/strong><\/p>\n<p>21 janari 2011 padyshim q\u00eb do t\u00eb mbetet dita q\u00eb m\u00eb solli d\u00ebmet m\u00eb t\u00eb m\u00ebdha n\u00eb jet\u00eb. \u00cbsht\u00eb nj\u00eb dit\u00eb e zez\u00eb p\u00ebr mua, dhe p\u00ebr m\u00eb tep\u00ebr pasojat negative t\u00eb saj po m\u00eb ndjekin nga pas. I lutem t\u00eb Madhit Zot q\u00eb t\u00eb shp\u00ebtoj nga kjo, por sicc duken gj\u00ebrat edhe m\u00eb pas, do vazhdojn\u00eb n\u00eb t\u00eb nj\u00ebjt\u00ebn rrjedh\u00eb. At\u00eb dit\u00eb ndodhesha n\u00eb pun\u00eb, nj\u00eblloj si dit\u00ebt e tjera. Po zhvilloheshin protestat e opozit\u00ebs dhe kisha zgjedhur vendin m\u00eb t\u00eb pafavorsh\u00ebm p\u00ebr raportim.<\/p>\n<p>Ndodhesha sip\u00ebr nj\u00eb platforme t\u00eb vendosur nga gazetar\u00ebt e Top Channel, por q\u00eb ishte \u00abpushtuar\u00bb nga disa qytetar\u00eb q\u00eb thjesht po v\u00ebzhgonin protest\u00ebn. P\u00ebr fatin e keq t\u00eb timin dhe t\u00eb ndjerit Hekuran Deda, \u00abGarda Revolucionare\u00bb e nisi qitjen nga neve. Mua me kapi plumbi n\u00eb dor\u00eb teksa po raportoja direkt n\u00eb televizion, nd\u00ebrsa plumbi i radh\u00ebs kapi n\u00eb kok\u00eb t\u00eb ndjerin Hekuran Deda duke i shkaktuar vdekjen. Pamje makabre dhe tmerri, ishin ato momente t\u00eb cilat nuk i shlyej dot nga kujtesa.<\/p>\n<p><strong>Ku ndodheni aktualisht dhe me \u00e7far\u00eb jeni duke u marr\u00eb?<\/strong><br \/>\nPrej nj\u00eb viti ndodhem n\u00eb Belgjik\u00eb, si azilant politik. Aktualisht po m\u00ebsoj dy gjuh\u00ebt kryesore t\u00eb k\u00ebtij vendi, frengjisht dhe flamisht, nd\u00ebrsa ndoshta m\u00eb von\u00eb do m\u00eb duhet edhe gjermanishtja. Jetoj n\u00eb nj\u00eb banes\u00eb n\u00eb nj\u00ebr\u00ebn nga lagjet kryesore t\u00eb Brukselit.<\/p>\n<p><strong>Ju at\u00eb koh\u00eb publikisht deklaruat se q\u00eblloi garda republikane drejtimin tuaj, ku mbett\u00eb i plagosur n\u00eb dor\u00eb dhe humbi jet\u00ebn protestuesi Hekuran Deda, vijoni t\u00eb keni t\u00eb nj\u00ebjtin q\u00ebndrim?<\/strong><br \/>\nSigurisht q\u00eb i q\u00ebndroj k\u00ebtij mendimi. Nuk kam pasur dhe nuk kam asnj\u00eb mendim ndryshe. Vras\u00ebsi jon\u00eb \u00ebsht\u00eb Sali Berisha dhe Lulzim Basha. P\u00ebr mua nuk ka r\u00ebnd\u00ebsi se kush e t\u00ebrhoqi k\u00ebmb\u00ebz\u00ebn, ndonj\u00eb nga gjasht\u00eb t\u00eb akuzuarit apo dikush tjet\u00ebr nga garda. Urdhri p\u00ebr t\u00eb q\u00eblluar mbi neve ishte direkt i Berish\u00ebs, transmetuar gardist\u00ebve n\u00ebp\u00ebrmjet syrit t\u00eb nxir\u00eb t\u00eb Ndrea Prendit nga badigardi i kryeministrit.<\/p>\n<p><strong>Ju u p\u00ebrball\u00ebt me rrezikun e humbjes s\u00eb jet\u00ebs kur vet\u00ebm rast\u00ebsia ju shp\u00ebtoi, cili ishte reagimi i epror\u00ebve tuaj?<\/strong><br \/>\nEpror\u00ebt! Ehh, fillimisht fsheh\u00ebn lajmin e plagosjes time. Pastaj u munduan t\u00eb ndryshonin d\u00ebshmin\u00eb time. Sedra m\u00eb detyroi t\u00eb jepja dor\u00ebheqjen nga \u00abTV Turpi\u00bb.<\/p>\n<p><strong>A mor\u00ebt nj\u00eb d\u00ebmshp\u00ebrblim p\u00ebr d\u00ebmtimin q\u00eb pat\u00ebt n\u00eb pun\u00eb?<\/strong><br \/>\nNuk m\u00eb paguan asgj\u00eb ve\u00e7 rrog\u00ebs deri dit\u00ebn kur kisha punuar. Nuk m\u00eb paguan edhe nj\u00eb muaj raport q\u00eb m\u00eb dhan\u00eb n\u00eb spital. Por edhe un\u00eb nuk u k\u00ebrkova t\u00eb m\u00eb paguanin. Nuk doja asgj\u00eb prej atyre. Madje edhe rrog\u00ebn ma paguan n\u00eb bank\u00eb se p\u00ebrndryshe do ua refuzoja. Le ta mbanin si kujtim prej meje.<\/p>\n<p><strong>Ju gjat\u00eb k\u00ebsaj periudhe jeni shprehur se keni pasur k\u00ebrc\u00ebnime si personalisht por dhe familjar\u00eb tuaj, si \u00ebsht\u00eb e v\u00ebrteta e k\u00ebtyre k\u00ebrc\u00ebnimeve, nga ju kan\u00eb ardhur?<\/strong><br \/>\nFillimisht, nj\u00eb jav\u00eb pas 21 janarit u k\u00ebrc\u00ebnova nga nj\u00eb polic, i cili i p\u00ebrket struktur\u00eb q\u00eb i b\u00ebjn\u00eb fresk familjes Berisha. U detyrova t\u00eb ikja me mendimin se do mbetesha i qet\u00eb. Por nuk ndodhi nj\u00eb gj\u00eb e till\u00eb. M\u00eb 20 shtator 2011 nj\u00eb tjet\u00ebr polic i t\u00eb nj\u00ebjt\u00ebs struktur\u00eb, q\u00eblloi 6 her\u00eb me pistolete tim v\u00eblla. Ve\u00e7 Zoti e shp\u00ebtoi. Kjo u b\u00eb shkak q\u00eb familja ime t\u00eb rikthehej n\u00eb fshatin e origjin\u00ebs n\u00eb Mallakast\u00ebr.<\/p>\n<p><strong>Si e shikoni situat\u00ebn n\u00eb t\u00eb cil\u00ebn ndodhet sot Shqip\u00ebria?<\/strong><br \/>\nKu th\u00ebrret qameti. Nj\u00eb vend q\u00eb n\u00ebp\u00ebrk\u00ebmbet nga nj\u00eb njeri i vet\u00ebm dhe klanet e tij. Pa pik\u00eb turpi n\u00eb mes t\u00eb dit\u00ebs ai g\u00ebnjen, tallet, dhe ofendon gjith\u00eb shqiptar\u00ebt. M\u00eb tep\u00ebr se kaq gjendja nuk ka ku t\u00eb shkoj\u00eb.<\/p>\n<p><strong>A do te ktheheni ndonj\u00ebher\u00eb ne Shqip\u00ebri dhe kur? N\u00ebse jo, p\u00ebrse ?<\/strong><br \/>\nN\u00eb Shqip\u00ebri do t\u00eb kthehem menj\u00ebher\u00eb dit\u00ebn kur Berisha dhe klanet e tij t\u00eb mos jen\u00eb n\u00eb pushtet.<\/p>\n<p><strong>\u00c7mendoni p\u00ebr koleg\u00ebt tuaj gazetar\u00eb aktualisht n\u00eb mediat e ndryshme. Si ju duket realiteti mediatik, a p\u00ebrkon me situat\u00ebn, a ka ndryshuar dhe \u00e7far\u00eb duhet b\u00ebr\u00eb?<\/strong><br \/>\nMedia shqiptare aktualisht ndodhet n\u00ebn presion t\u00eb madh. Qeveria Berisha me t\u00eb gjitha m\u00ebnyrat vazhdon t\u00eb masakroj\u00eb t\u00eb gjitha mediat q\u00eb nuk i b\u00ebjn\u00eb fresk atij dhe familjes s\u00eb tij. Gazetar\u00ebt sot n\u00eb Shqip\u00ebri posht\u00ebrohen, hiqen nga puna, nuk u paguhen rrogat, u b\u00ebhet presion i hapur apo indirekt, dhunohen apo si n\u00eb rastin tim u futet edhe ndonj\u00eb plumb. Kjo \u00ebsht\u00eb fytyra e v\u00ebrtet\u00eb e Berish\u00ebs ndaj medias, nd\u00ebrsa ky kryeminist\u00ebr pala\u00e7o deklaron se mb\u00ebshtet lirin\u00eb e medias. Natyrisht duke b\u00ebr\u00eb njehsim nd\u00ebrmjet gaztor\u00ebve t\u00eb medias me gazetar\u00ebt.<\/p>\n","protected":false},"excerpt":{"rendered":"<p>TemA Online, 19 Janar 2012 Pasojat tragjike q\u00eb 21 janari i vitit t\u00eb shkuar la nuk ishin vet\u00ebm kat\u00ebr viktimat por dhe shum\u00eb t\u00eb tjer\u00eb t\u00eb cil\u00ebt u rrah\u00ebn nga policia apo dhe u plagos\u00ebn nga plumbat e Gard\u00ebs Republikane. Nj\u00eb prej tyre \u00ebsht\u00eb dhe gazetari Fatos Mahmutaj, i cili p\u00ebrve\u00e7 se mori nj\u00eb plumb [&hellip;]<\/p>\n","protected":false},"author":1,"featured_media":0,"comment_status":"open","ping_status":"closed","sticky":false,"template":"","format":"standard","meta":{"footnotes":""},"categories":[2],"tags":[],"class_list":{"0":"post-11613","1":"post","2":"type-post","3":"status-publish","4":"format-standard","6":"category-artikuj"},"yoast_head":"<!-- This site is optimized with the Yoast SEO plugin v27.4 - https:\/\/yoast.com\/product\/yoast-seo-wordpress\/ -->\n<title>Gazetari Mahmutaj: Sali Berisha urdh\u00ebroi vrasjet e 21 janarit - FjALA e LIR\u00cb - Arkivi<\/title>\n<meta name=\"robots\" content=\"index, follow, max-snippet:-1, max-image-preview:large, max-video-preview:-1\" \/>\n<link rel=\"canonical\" href=\"https:\/\/fjala.info\/2009-2015\/gazetari-mahmutaj-sali-berisha-urdheroi-vrasjet-e-21-janarit\/\" \/>\n<meta property=\"og:locale\" content=\"sq_AL\" \/>\n<meta property=\"og:type\" content=\"article\" \/>\n<meta property=\"og:title\" content=\"Gazetari Mahmutaj: Sali Berisha urdh\u00ebroi vrasjet e 21 janarit - FjALA e LIR\u00cb - Arkivi\" \/>\n<meta property=\"og:description\" content=\"TemA Online, 19 Janar 2012 Pasojat tragjike q\u00eb 21 janari i vitit t\u00eb shkuar la nuk ishin vet\u00ebm kat\u00ebr viktimat por dhe shum\u00eb t\u00eb tjer\u00eb t\u00eb cil\u00ebt u rrah\u00ebn nga policia apo dhe u plagos\u00ebn nga plumbat e Gard\u00ebs Republikane. Nj\u00eb prej tyre \u00ebsht\u00eb dhe gazetari Fatos Mahmutaj, i cili p\u00ebrve\u00e7 se mori nj\u00eb plumb [&hellip;]\" \/>\n<meta property=\"og:url\" content=\"https:\/\/fjala.info\/2009-2015\/gazetari-mahmutaj-sali-berisha-urdheroi-vrasjet-e-21-janarit\/\" \/>\n<meta property=\"og:site_name\" content=\"FjALA e LIR\u00cb - Arkivi\" \/>\n<meta property=\"article:published_time\" content=\"2012-01-19T21:15:22+00:00\" \/>\n<meta property=\"og:image\" content=\"http:\/\/www.shkoder.net\/2012\/vrasjet_21jan11.jpg\" \/>\n<meta name=\"author\" content=\"admin\" \/>\n<meta name=\"twitter:card\" content=\"summary_large_image\" \/>\n<meta name=\"twitter:label1\" content=\"Written by\" \/>\n\t<meta name=\"twitter:data1\" content=\"admin\" \/>\n\t<meta name=\"twitter:label2\" content=\"Est. reading time\" \/>\n\t<meta name=\"twitter:data2\" content=\"5 minutes\" \/>\n<script type=\"application\/ld+json\" class=\"yoast-schema-graph\">{\"@context\":\"https:\\\/\\\/schema.org\",\"@graph\":[{\"@type\":\"Article\",\"@id\":\"https:\\\/\\\/fjala.info\\\/2009-2015\\\/gazetari-mahmutaj-sali-berisha-urdheroi-vrasjet-e-21-janarit\\\/#article\",\"isPartOf\":{\"@id\":\"https:\\\/\\\/fjala.info\\\/2009-2015\\\/gazetari-mahmutaj-sali-berisha-urdheroi-vrasjet-e-21-janarit\\\/\"},\"author\":{\"name\":\"admin\",\"@id\":\"https:\\\/\\\/fjala.info\\\/2009-2015\\\/#\\\/schema\\\/person\\\/3aa1163ef05469c496fc94e77611ada2\"},\"headline\":\"Gazetari Mahmutaj: Sali Berisha urdh\u00ebroi vrasjet e 21 janarit\",\"datePublished\":\"2012-01-19T21:15:22+00:00\",\"mainEntityOfPage\":{\"@id\":\"https:\\\/\\\/fjala.info\\\/2009-2015\\\/gazetari-mahmutaj-sali-berisha-urdheroi-vrasjet-e-21-janarit\\\/\"},\"wordCount\":1076,\"commentCount\":0,\"publisher\":{\"@id\":\"https:\\\/\\\/fjala.info\\\/2009-2015\\\/#organization\"},\"image\":{\"@id\":\"https:\\\/\\\/fjala.info\\\/2009-2015\\\/gazetari-mahmutaj-sali-berisha-urdheroi-vrasjet-e-21-janarit\\\/#primaryimage\"},\"thumbnailUrl\":\"http:\\\/\\\/www.shkoder.net\\\/2012\\\/vrasjet_21jan11.jpg\",\"articleSection\":[\"Artikuj\"],\"inLanguage\":\"sq-AL\",\"potentialAction\":[{\"@type\":\"CommentAction\",\"name\":\"Comment\",\"target\":[\"https:\\\/\\\/fjala.info\\\/2009-2015\\\/gazetari-mahmutaj-sali-berisha-urdheroi-vrasjet-e-21-janarit\\\/#respond\"]}]},{\"@type\":\"WebPage\",\"@id\":\"https:\\\/\\\/fjala.info\\\/2009-2015\\\/gazetari-mahmutaj-sali-berisha-urdheroi-vrasjet-e-21-janarit\\\/\",\"url\":\"https:\\\/\\\/fjala.info\\\/2009-2015\\\/gazetari-mahmutaj-sali-berisha-urdheroi-vrasjet-e-21-janarit\\\/\",\"name\":\"Gazetari Mahmutaj: Sali Berisha urdh\u00ebroi vrasjet e 21 janarit - FjALA e LIR\u00cb - Arkivi\",\"isPartOf\":{\"@id\":\"https:\\\/\\\/fjala.info\\\/2009-2015\\\/#website\"},\"primaryImageOfPage\":{\"@id\":\"https:\\\/\\\/fjala.info\\\/2009-2015\\\/gazetari-mahmutaj-sali-berisha-urdheroi-vrasjet-e-21-janarit\\\/#primaryimage\"},\"image\":{\"@id\":\"https:\\\/\\\/fjala.info\\\/2009-2015\\\/gazetari-mahmutaj-sali-berisha-urdheroi-vrasjet-e-21-janarit\\\/#primaryimage\"},\"thumbnailUrl\":\"http:\\\/\\\/www.shkoder.net\\\/2012\\\/vrasjet_21jan11.jpg\",\"datePublished\":\"2012-01-19T21:15:22+00:00\",\"breadcrumb\":{\"@id\":\"https:\\\/\\\/fjala.info\\\/2009-2015\\\/gazetari-mahmutaj-sali-berisha-urdheroi-vrasjet-e-21-janarit\\\/#breadcrumb\"},\"inLanguage\":\"sq-AL\",\"potentialAction\":[{\"@type\":\"ReadAction\",\"target\":[\"https:\\\/\\\/fjala.info\\\/2009-2015\\\/gazetari-mahmutaj-sali-berisha-urdheroi-vrasjet-e-21-janarit\\\/\"]}]},{\"@type\":\"ImageObject\",\"inLanguage\":\"sq-AL\",\"@id\":\"https:\\\/\\\/fjala.info\\\/2009-2015\\\/gazetari-mahmutaj-sali-berisha-urdheroi-vrasjet-e-21-janarit\\\/#primaryimage\",\"url\":\"http:\\\/\\\/www.shkoder.net\\\/2012\\\/vrasjet_21jan11.jpg\",\"contentUrl\":\"http:\\\/\\\/www.shkoder.net\\\/2012\\\/vrasjet_21jan11.jpg\"},{\"@type\":\"BreadcrumbList\",\"@id\":\"https:\\\/\\\/fjala.info\\\/2009-2015\\\/gazetari-mahmutaj-sali-berisha-urdheroi-vrasjet-e-21-janarit\\\/#breadcrumb\",\"itemListElement\":[{\"@type\":\"ListItem\",\"position\":1,\"name\":\"Home\",\"item\":\"https:\\\/\\\/fjala.info\\\/2009-2015\\\/\"},{\"@type\":\"ListItem\",\"position\":2,\"name\":\"Gazetari Mahmutaj: Sali Berisha urdh\u00ebroi vrasjet e 21 janarit\"}]},{\"@type\":\"WebSite\",\"@id\":\"https:\\\/\\\/fjala.info\\\/2009-2015\\\/#website\",\"url\":\"https:\\\/\\\/fjala.info\\\/2009-2015\\\/\",\"name\":\"FjALA e LIR\u00cb - Arkivi\",\"description\":\"Arkivi 2009-2015\",\"publisher\":{\"@id\":\"https:\\\/\\\/fjala.info\\\/2009-2015\\\/#organization\"},\"potentialAction\":[{\"@type\":\"SearchAction\",\"target\":{\"@type\":\"EntryPoint\",\"urlTemplate\":\"https:\\\/\\\/fjala.info\\\/2009-2015\\\/?s={search_term_string}\"},\"query-input\":{\"@type\":\"PropertyValueSpecification\",\"valueRequired\":true,\"valueName\":\"search_term_string\"}}],\"inLanguage\":\"sq-AL\"},{\"@type\":\"Organization\",\"@id\":\"https:\\\/\\\/fjala.info\\\/2009-2015\\\/#organization\",\"name\":\"FjALA e LIR\u00cb - Arkivi\",\"url\":\"https:\\\/\\\/fjala.info\\\/2009-2015\\\/\",\"logo\":{\"@type\":\"ImageObject\",\"inLanguage\":\"sq-AL\",\"@id\":\"https:\\\/\\\/fjala.info\\\/2009-2015\\\/#\\\/schema\\\/logo\\\/image\\\/\",\"url\":\"\",\"contentUrl\":\"\",\"caption\":\"FjALA e LIR\u00cb - Arkivi\"},\"image\":{\"@id\":\"https:\\\/\\\/fjala.info\\\/2009-2015\\\/#\\\/schema\\\/logo\\\/image\\\/\"}},{\"@type\":\"Person\",\"@id\":\"https:\\\/\\\/fjala.info\\\/2009-2015\\\/#\\\/schema\\\/person\\\/3aa1163ef05469c496fc94e77611ada2\",\"name\":\"admin\",\"image\":{\"@type\":\"ImageObject\",\"inLanguage\":\"sq-AL\",\"@id\":\"https:\\\/\\\/fjala.info\\\/2009-2015\\\/wp-content\\\/uploads\\\/2012\\\/02\\\/arben_cokaj-120x150.jpg\",\"url\":\"https:\\\/\\\/fjala.info\\\/2009-2015\\\/wp-content\\\/uploads\\\/2012\\\/02\\\/arben_cokaj-120x150.jpg\",\"contentUrl\":\"https:\\\/\\\/fjala.info\\\/2009-2015\\\/wp-content\\\/uploads\\\/2012\\\/02\\\/arben_cokaj-120x150.jpg\",\"caption\":\"admin\"},\"description\":\"Admin, Fjala e Lir\u00eb\",\"sameAs\":[\"https:\\\/\\\/fjala.info\\\/\"],\"url\":\"https:\\\/\\\/fjala.info\\\/2009-2015\\\/author\\\/admin\\\/\"}]}<\/script>\n<!-- \/ Yoast SEO plugin. -->","yoast_head_json":{"title":"Gazetari Mahmutaj: Sali Berisha urdh\u00ebroi vrasjet e 21 janarit - FjALA e LIR\u00cb - Arkivi","robots":{"index":"index","follow":"follow","max-snippet":"max-snippet:-1","max-image-preview":"max-image-preview:large","max-video-preview":"max-video-preview:-1"},"canonical":"https:\/\/fjala.info\/2009-2015\/gazetari-mahmutaj-sali-berisha-urdheroi-vrasjet-e-21-janarit\/","og_locale":"sq_AL","og_type":"article","og_title":"Gazetari Mahmutaj: Sali Berisha urdh\u00ebroi vrasjet e 21 janarit - FjALA e LIR\u00cb - Arkivi","og_description":"TemA Online, 19 Janar 2012 Pasojat tragjike q\u00eb 21 janari i vitit t\u00eb shkuar la nuk ishin vet\u00ebm kat\u00ebr viktimat por dhe shum\u00eb t\u00eb tjer\u00eb t\u00eb cil\u00ebt u rrah\u00ebn nga policia apo dhe u plagos\u00ebn nga plumbat e Gard\u00ebs Republikane. Nj\u00eb prej tyre \u00ebsht\u00eb dhe gazetari Fatos Mahmutaj, i cili p\u00ebrve\u00e7 se mori nj\u00eb plumb [&hellip;]","og_url":"https:\/\/fjala.info\/2009-2015\/gazetari-mahmutaj-sali-berisha-urdheroi-vrasjet-e-21-janarit\/","og_site_name":"FjALA e LIR\u00cb - Arkivi","article_published_time":"2012-01-19T21:15:22+00:00","og_image":[{"url":"http:\/\/www.shkoder.net\/2012\/vrasjet_21jan11.jpg","type":"","width":"","height":""}],"author":"admin","twitter_card":"summary_large_image","twitter_misc":{"Written by":"admin","Est. reading time":"5 minutes"},"schema":{"@context":"https:\/\/schema.org","@graph":[{"@type":"Article","@id":"https:\/\/fjala.info\/2009-2015\/gazetari-mahmutaj-sali-berisha-urdheroi-vrasjet-e-21-janarit\/#article","isPartOf":{"@id":"https:\/\/fjala.info\/2009-2015\/gazetari-mahmutaj-sali-berisha-urdheroi-vrasjet-e-21-janarit\/"},"author":{"name":"admin","@id":"https:\/\/fjala.info\/2009-2015\/#\/schema\/person\/3aa1163ef05469c496fc94e77611ada2"},"headline":"Gazetari Mahmutaj: Sali Berisha urdh\u00ebroi vrasjet e 21 janarit","datePublished":"2012-01-19T21:15:22+00:00","mainEntityOfPage":{"@id":"https:\/\/fjala.info\/2009-2015\/gazetari-mahmutaj-sali-berisha-urdheroi-vrasjet-e-21-janarit\/"},"wordCount":1076,"commentCount":0,"publisher":{"@id":"https:\/\/fjala.info\/2009-2015\/#organization"},"image":{"@id":"https:\/\/fjala.info\/2009-2015\/gazetari-mahmutaj-sali-berisha-urdheroi-vrasjet-e-21-janarit\/#primaryimage"},"thumbnailUrl":"http:\/\/www.shkoder.net\/2012\/vrasjet_21jan11.jpg","articleSection":["Artikuj"],"inLanguage":"sq-AL","potentialAction":[{"@type":"CommentAction","name":"Comment","target":["https:\/\/fjala.info\/2009-2015\/gazetari-mahmutaj-sali-berisha-urdheroi-vrasjet-e-21-janarit\/#respond"]}]},{"@type":"WebPage","@id":"https:\/\/fjala.info\/2009-2015\/gazetari-mahmutaj-sali-berisha-urdheroi-vrasjet-e-21-janarit\/","url":"https:\/\/fjala.info\/2009-2015\/gazetari-mahmutaj-sali-berisha-urdheroi-vrasjet-e-21-janarit\/","name":"Gazetari Mahmutaj: Sali Berisha urdh\u00ebroi vrasjet e 21 janarit - FjALA e LIR\u00cb - Arkivi","isPartOf":{"@id":"https:\/\/fjala.info\/2009-2015\/#website"},"primaryImageOfPage":{"@id":"https:\/\/fjala.info\/2009-2015\/gazetari-mahmutaj-sali-berisha-urdheroi-vrasjet-e-21-janarit\/#primaryimage"},"image":{"@id":"https:\/\/fjala.info\/2009-2015\/gazetari-mahmutaj-sali-berisha-urdheroi-vrasjet-e-21-janarit\/#primaryimage"},"thumbnailUrl":"http:\/\/www.shkoder.net\/2012\/vrasjet_21jan11.jpg","datePublished":"2012-01-19T21:15:22+00:00","breadcrumb":{"@id":"https:\/\/fjala.info\/2009-2015\/gazetari-mahmutaj-sali-berisha-urdheroi-vrasjet-e-21-janarit\/#breadcrumb"},"inLanguage":"sq-AL","potentialAction":[{"@type":"ReadAction","target":["https:\/\/fjala.info\/2009-2015\/gazetari-mahmutaj-sali-berisha-urdheroi-vrasjet-e-21-janarit\/"]}]},{"@type":"ImageObject","inLanguage":"sq-AL","@id":"https:\/\/fjala.info\/2009-2015\/gazetari-mahmutaj-sali-berisha-urdheroi-vrasjet-e-21-janarit\/#primaryimage","url":"http:\/\/www.shkoder.net\/2012\/vrasjet_21jan11.jpg","contentUrl":"http:\/\/www.shkoder.net\/2012\/vrasjet_21jan11.jpg"},{"@type":"BreadcrumbList","@id":"https:\/\/fjala.info\/2009-2015\/gazetari-mahmutaj-sali-berisha-urdheroi-vrasjet-e-21-janarit\/#breadcrumb","itemListElement":[{"@type":"ListItem","position":1,"name":"Home","item":"https:\/\/fjala.info\/2009-2015\/"},{"@type":"ListItem","position":2,"name":"Gazetari Mahmutaj: Sali Berisha urdh\u00ebroi vrasjet e 21 janarit"}]},{"@type":"WebSite","@id":"https:\/\/fjala.info\/2009-2015\/#website","url":"https:\/\/fjala.info\/2009-2015\/","name":"FjALA e LIR\u00cb - Arkivi","description":"Arkivi 2009-2015","publisher":{"@id":"https:\/\/fjala.info\/2009-2015\/#organization"},"potentialAction":[{"@type":"SearchAction","target":{"@type":"EntryPoint","urlTemplate":"https:\/\/fjala.info\/2009-2015\/?s={search_term_string}"},"query-input":{"@type":"PropertyValueSpecification","valueRequired":true,"valueName":"search_term_string"}}],"inLanguage":"sq-AL"},{"@type":"Organization","@id":"https:\/\/fjala.info\/2009-2015\/#organization","name":"FjALA e LIR\u00cb - Arkivi","url":"https:\/\/fjala.info\/2009-2015\/","logo":{"@type":"ImageObject","inLanguage":"sq-AL","@id":"https:\/\/fjala.info\/2009-2015\/#\/schema\/logo\/image\/","url":"","contentUrl":"","caption":"FjALA e LIR\u00cb - Arkivi"},"image":{"@id":"https:\/\/fjala.info\/2009-2015\/#\/schema\/logo\/image\/"}},{"@type":"Person","@id":"https:\/\/fjala.info\/2009-2015\/#\/schema\/person\/3aa1163ef05469c496fc94e77611ada2","name":"admin","image":{"@type":"ImageObject","inLanguage":"sq-AL","@id":"https:\/\/fjala.info\/2009-2015\/wp-content\/uploads\/2012\/02\/arben_cokaj-120x150.jpg","url":"https:\/\/fjala.info\/2009-2015\/wp-content\/uploads\/2012\/02\/arben_cokaj-120x150.jpg","contentUrl":"https:\/\/fjala.info\/2009-2015\/wp-content\/uploads\/2012\/02\/arben_cokaj-120x150.jpg","caption":"admin"},"description":"Admin, Fjala e Lir\u00eb","sameAs":["https:\/\/fjala.info\/"],"url":"https:\/\/fjala.info\/2009-2015\/author\/admin\/"}]}},"_links":{"self":[{"href":"https:\/\/fjala.info\/2009-2015\/wp-json\/wp\/v2\/posts\/11613","targetHints":{"allow":["GET"]}}],"collection":[{"href":"https:\/\/fjala.info\/2009-2015\/wp-json\/wp\/v2\/posts"}],"about":[{"href":"https:\/\/fjala.info\/2009-2015\/wp-json\/wp\/v2\/types\/post"}],"author":[{"embeddable":true,"href":"https:\/\/fjala.info\/2009-2015\/wp-json\/wp\/v2\/users\/1"}],"replies":[{"embeddable":true,"href":"https:\/\/fjala.info\/2009-2015\/wp-json\/wp\/v2\/comments?post=11613"}],"version-history":[{"count":0,"href":"https:\/\/fjala.info\/2009-2015\/wp-json\/wp\/v2\/posts\/11613\/revisions"}],"wp:attachment":[{"href":"https:\/\/fjala.info\/2009-2015\/wp-json\/wp\/v2\/media?parent=11613"}],"wp:term":[{"taxonomy":"category","embeddable":true,"href":"https:\/\/fjala.info\/2009-2015\/wp-json\/wp\/v2\/categories?post=11613"},{"taxonomy":"post_tag","embeddable":true,"href":"https:\/\/fjala.info\/2009-2015\/wp-json\/wp\/v2\/tags?post=11613"}],"curies":[{"name":"wp","href":"https:\/\/api.w.org\/{rel}","templated":true}]}}