{"id":11612,"date":"2012-01-19T05:46:34","date_gmt":"2012-01-19T04:46:34","guid":{"rendered":"http:\/\/fjala.shkoder.net\/?p=1220"},"modified":"2012-01-19T05:46:34","modified_gmt":"2012-01-19T04:46:34","slug":"demi-u-be","status":"publish","type":"post","link":"https:\/\/fjala.info\/2009-2015\/demi-u-be\/","title":{"rendered":"D\u00ebmi u b\u00eb"},"content":{"rendered":"<p><img decoding=\"async\" class=\"alignright size-thumbnail wp-image-7236\" title=\"Sk\u00ebnder Minxhozi\" src=\"http:\/\/www.shkoder.net\/images\/fjala\/skender_minxhozi.jpg\" alt=\"\" width=\"150\" \/> <strong>Sk\u00ebnder Minxhozi<\/strong>, <em>18.01.2012<\/em><\/p>\n<p>Pardje kishte fest\u00eb n\u00eb LSI. Normale, p\u00ebr t\u00eb gjith\u00eb ata (p\u00ebrfshir\u00eb t\u00eb interesuarin m\u00eb t\u00eb par\u00eb, kryetarin e partis\u00eb Ilir Meta), q\u00eb besuan dhe besojn\u00eb se me vul\u00ebn e Gjykat\u00ebs s\u00eb Lart\u00eb mori fund saga nj\u00ebvje\u00e7are e skandalit t\u00eb bujsh\u00ebm t\u00eb videop\u00ebrgjimit Meta-Prifti. Normale gjithashtu q\u00eb vet\u00eb Ilir Meta dhe bashk\u00ebpun\u00ebtor\u00ebt e tij m\u00eb t\u00eb af\u00ebrt, t\u00eb investohen q\u00eb kjo ngjarje e r\u00ebnd\u00eb t\u00eb mbetet pas shpine dhe q\u00eb gjithsecili t\u2019i kthehet normalitetit. Por a mund t\u00eb ndodh\u00eb v\u00ebrtet k\u00ebshtu?<\/p>\n<p>Q\u00eb t\u00eb analizohet vendimi i Gjykat\u00ebs s\u00eb Lart\u00eb, n\u00eb prizmin e pasojave politike dhe t\u00eb helmeve personale q\u00eb kan\u00eb mbetur pas, duhet pritur edhe ca. Jan\u00eb ende t\u00eb shumt\u00eb elementet e panjohura t\u00eb k\u00ebsaj p\u00ebrplasjeje, e cila, po t\u00eb d\u00ebgjosh pal\u00ebn tjet\u00ebr, Dritan Priftin, ende s\u2019\u00ebsht\u00eb mbyllur. Duke nisur nga vet\u00eb Prifti me k\u00ebrc\u00ebnimet e tij, por duke mos harruar linj\u00ebn q\u00eb do t\u00eb ndjek\u00eb opozita, mediat dhe komponent\u00ebt e tjer\u00eb t\u00eb shoq\u00ebris\u00eb, mbetet t\u00eb shihet se cila do t\u00eb jet\u00eb pesha e mbetur e k\u00ebtij skandali q\u00eb tronditi nj\u00eb vit m\u00eb par\u00eb qeverin\u00eb Berisha dhe q\u00eb sot, vijon t\u00eb p\u00ebrb\u00ebj\u00eb nj\u00eb pesh\u00eb t\u00eb r\u00ebnd\u00eb p\u00ebr t\u00eb gjith\u00eb mazhoranc\u00ebn.<\/p>\n<p>Skandali Meta-Prifti ka qen\u00eb p\u00ebr nj\u00eb vit nj\u00eb konflikt i mbushur me akuza, hedhje dorashkash dhe k\u00ebrc\u00ebnime publike p\u00ebr karta t\u00eb fshehura n\u00ebn m\u00ebng\u00eb. Edhe pas vendimit t\u00eb pardjesh\u00ebm t\u00eb gjykat\u00ebs vazhdon t\u00eb jet\u00eb i till\u00eb. Nj\u00eb sherr ekstrem ish-miqsh dhe koleg\u00ebsh, i cili ka sh\u00ebnjuar jo vet\u00ebm fatin e dy personave t\u00eb p\u00ebrfshir\u00eb n\u00eb t\u00eb, por shum\u00eb m\u00eb tep\u00ebr se kaq. I par\u00eb k\u00ebshtu, konflikti mes kreut t\u00eb LSI dhe ish-zv.kryetarit t\u00eb partis\u00eb p\u00ebrb\u00ebn simbolik\u00ebn e mandatit t\u00eb trazuar q\u00eb kjo forc\u00eb politike ka p\u00ebrjetuar, qyshse vendosi t\u00eb bashkoj\u00eb votat anti-Berisha, me vet\u00eb Sali Berish\u00ebn. Duket pik\u00ebrisht aty, te ky start i denatyruar dhe aspak korrekt nga ana politike, zanafilla e k\u00ebsaj krize t\u00eb brendshme t\u00eb LSI-s\u00eb.<\/p>\n<p>Ku p\u00ebrtej p\u00ebrplasjes Meta-Prifti, kemi par\u00eb edhe sesi zyrtar\u00eb t\u00eb tjer\u00eb t\u00eb lart\u00eb t\u00eb s\u00eb nj\u00ebjt\u00ebs sht\u00ebpi politike, n\u00eb qeveri dhe Parlament, jan\u00eb akuzuar ashp\u00ebr p\u00ebr korrupsion mes tyre. Apo ku ka qen\u00eb gjithmon\u00eb prezente hija dhe dyshimi q\u00eb opinioni publik ka hedhur (ndoshta edhe me ndihm\u00ebn e shtys\u00ebn tin\u00ebzare t\u00eb PD-s\u00eb), rreth past\u00ebrtis\u00eb s\u00eb p\u00ebrfaq\u00ebsuesve t\u00eb k\u00ebsaj partie n\u00eb administrat\u00ebn shtet\u00ebrore. Mjafton t\u00eb kujtohen arrestimet e fundit selektive, thuajse ekskluzivisht ndaj zyrtar\u00ebve t\u00eb ardhur nga radh\u00ebt e LSI-s\u00eb.<\/p>\n<p>Me kalimin e koh\u00ebs kjo parti, e cila hyri n\u00eb qeverisjen e vendit n\u00eb vitin 2009, me kauz\u00ebn e padeklaruar \u201cduhet mbajtur partia\u201d, mori mbi vete kosto jo t\u00eb pakta dhe nj\u00eb nam jo t\u00eb mir\u00eb. Muajt q\u00eb kaluan vet\u00ebm sa e p\u00ebrforcuan p\u00ebrshtypjen e par\u00eb, se ky koalicion kishte qen\u00eb, ve\u00e7 t\u00eb tjerave, edhe nj\u00eb afer\u00eb e madhe financiare. Na e thon\u00eb k\u00ebt\u00eb m\u00eb s\u00eb pari akuzuesi kryesor, Dritan Prifti, por edhe n\u00ebnkryetari i Kuvendit, Vangjel Tavo. Dy \u201cd\u00ebshmitar\u00eb\u201d q\u00eb v\u00ebshtir\u00eb se mund t\u00eb thuhet se nuk kan\u00eb informacion \u201ct\u00eb dor\u00ebs s\u00eb par\u00eb\u201d, kur flitet p\u00ebr partin\u00eb ku b\u00ebnin apo ku b\u00ebjn\u00eb pjes\u00eb. Natyrsh\u00ebm, skandali Meta-Prifti ve\u00e7se e fuqizoi k\u00ebt\u00eb ndjesi q\u00eb rrethonte performanc\u00ebn e k\u00ebsaj force politike n\u00eb kabinetin shum\u00eb t\u00eb p\u00ebrfolur t\u00eb Sali Berish\u00ebs.<\/p>\n<p>Por ka edhe nj\u00eb aspekt tjet\u00ebr problematik kjo ngjarje, e cila sapo mori mbi vete nj\u00eb verdikt gjykate. M\u00eb t\u00eb gjer\u00eb se vet\u00eb LSI-ja dhe se fati politik i kreut t\u00eb saj. N\u00ebse Ilir Meta vendos t\u00eb rikthehet n\u00eb qeveri, \u00e7ka ka shum\u00eb mund\u00ebsi t\u00eb ndodh\u00eb n\u00eb jav\u00ebt e ardhshme, lista e figurave politike me hije t\u00eb r\u00ebnda dyshimi p\u00ebr t\u00eb shkuar\u00ebn dhe t\u00eb tashmen e tyre, zgjatet me nj\u00eb em\u00ebr t\u00eb ri. Natyrisht kreu i LSI-s\u00eb do ta p\u00ebrdor\u00eb fort kart\u00ebn e ndryshimit q\u00eb ka procedura e tij gjyq\u00ebsore, e cila shkoi deri n\u00eb fund. Pra, duke konsumuar procesin gjyq\u00ebsor dhe duke marr\u00eb pafaj\u00ebsin\u00eb. Ashtu si\u00e7 nuk pat\u00ebn guximin t\u00eb b\u00ebjn\u00eb ministrat e djesh\u00ebm dhe t\u00eb sot\u00ebm, t\u00eb cil\u00ebt u fsheh\u00ebn pas imunitetit dhe afateve kohore t\u00eb hetimit.<\/p>\n<p>Gjithsesi ky \u00ebsht\u00eb nj\u00eb arsyetim q\u00eb v\u00ebshtir\u00eb se do ta kompensoj\u00eb humorin e prishur t\u00eb t\u00eb gjith\u00eb atyre njer\u00ebzve q\u00eb vazhdojn\u00eb t\u00eb pretendojn\u00eb se \u201ckan\u00eb par\u00eb dhe d\u00ebgjuar me vesh\u00ebt e tyre\u201d. Nj\u00eb trup gjykues u bind. Tani \u00e7\u00ebshtja \u00ebsht\u00eb t\u00eb bindet opinioni publik. Ndoshta kjo pjes\u00eb e dyt\u00eb, \u00ebsht\u00eb edhe m\u00eb e v\u00ebshtira n\u00eb k\u00ebt\u00eb histori, ku drejt\u00ebsia ka ndjekur edhe nj\u00eb her\u00eb vullnetin, fatin dhe kapri\u00e7iot e politik\u00ebs. I par\u00eb k\u00ebshtu, duket se tashm\u00eb nj\u00eb pjes\u00eb e d\u00ebmit \u00ebsht\u00eb b\u00ebr\u00eb dhe \u00ebsht\u00eb e pakthyeshme. Mbetet t\u00eb shihet n\u00eb cilat p\u00ebrmasa dhe me cil\u00ebn fatur\u00eb kostosh.<\/p>\n","protected":false},"excerpt":{"rendered":"<p>Sk\u00ebnder Minxhozi, 18.01.2012 Pardje kishte fest\u00eb n\u00eb LSI. Normale, p\u00ebr t\u00eb gjith\u00eb ata (p\u00ebrfshir\u00eb t\u00eb interesuarin m\u00eb t\u00eb par\u00eb, kryetarin e partis\u00eb Ilir Meta), q\u00eb besuan dhe besojn\u00eb se me vul\u00ebn e Gjykat\u00ebs s\u00eb Lart\u00eb mori fund saga nj\u00ebvje\u00e7are e skandalit t\u00eb bujsh\u00ebm t\u00eb videop\u00ebrgjimit Meta-Prifti. Normale gjithashtu q\u00eb vet\u00eb Ilir Meta dhe bashk\u00ebpun\u00ebtor\u00ebt e [&hellip;]<\/p>\n","protected":false},"author":1,"featured_media":0,"comment_status":"open","ping_status":"closed","sticky":false,"template":"","format":"standard","meta":{"footnotes":""},"categories":[2],"tags":[],"class_list":{"0":"post-11612","1":"post","2":"type-post","3":"status-publish","4":"format-standard","6":"category-artikuj"},"yoast_head":"<!-- This site is optimized with the Yoast SEO plugin v27.4 - https:\/\/yoast.com\/product\/yoast-seo-wordpress\/ -->\n<title>D\u00ebmi u b\u00eb - FjALA e LIR\u00cb - Arkivi<\/title>\n<meta name=\"robots\" content=\"index, follow, max-snippet:-1, max-image-preview:large, max-video-preview:-1\" \/>\n<link rel=\"canonical\" href=\"https:\/\/fjala.info\/2009-2015\/demi-u-be\/\" \/>\n<meta property=\"og:locale\" content=\"sq_AL\" \/>\n<meta property=\"og:type\" content=\"article\" \/>\n<meta property=\"og:title\" content=\"D\u00ebmi u b\u00eb - FjALA e LIR\u00cb - Arkivi\" \/>\n<meta property=\"og:description\" content=\"Sk\u00ebnder Minxhozi, 18.01.2012 Pardje kishte fest\u00eb n\u00eb LSI. Normale, p\u00ebr t\u00eb gjith\u00eb ata (p\u00ebrfshir\u00eb t\u00eb interesuarin m\u00eb t\u00eb par\u00eb, kryetarin e partis\u00eb Ilir Meta), q\u00eb besuan dhe besojn\u00eb se me vul\u00ebn e Gjykat\u00ebs s\u00eb Lart\u00eb mori fund saga nj\u00ebvje\u00e7are e skandalit t\u00eb bujsh\u00ebm t\u00eb videop\u00ebrgjimit Meta-Prifti. Normale gjithashtu q\u00eb vet\u00eb Ilir Meta dhe bashk\u00ebpun\u00ebtor\u00ebt e [&hellip;]\" \/>\n<meta property=\"og:url\" content=\"https:\/\/fjala.info\/2009-2015\/demi-u-be\/\" \/>\n<meta property=\"og:site_name\" content=\"FjALA e LIR\u00cb - Arkivi\" \/>\n<meta property=\"article:published_time\" content=\"2012-01-19T04:46:34+00:00\" \/>\n<meta property=\"og:image\" content=\"http:\/\/www.shkoder.net\/images\/fjala\/skender_minxhozi.jpg\" \/>\n<meta name=\"author\" content=\"admin\" \/>\n<meta name=\"twitter:card\" content=\"summary_large_image\" \/>\n<meta name=\"twitter:label1\" content=\"Written by\" \/>\n\t<meta name=\"twitter:data1\" content=\"admin\" \/>\n\t<meta name=\"twitter:label2\" content=\"Est. reading time\" \/>\n\t<meta name=\"twitter:data2\" content=\"4 minutes\" \/>\n<script type=\"application\/ld+json\" class=\"yoast-schema-graph\">{\"@context\":\"https:\\\/\\\/schema.org\",\"@graph\":[{\"@type\":\"Article\",\"@id\":\"https:\\\/\\\/fjala.info\\\/2009-2015\\\/demi-u-be\\\/#article\",\"isPartOf\":{\"@id\":\"https:\\\/\\\/fjala.info\\\/2009-2015\\\/demi-u-be\\\/\"},\"author\":{\"name\":\"admin\",\"@id\":\"https:\\\/\\\/fjala.info\\\/2009-2015\\\/#\\\/schema\\\/person\\\/3aa1163ef05469c496fc94e77611ada2\"},\"headline\":\"D\u00ebmi u b\u00eb\",\"datePublished\":\"2012-01-19T04:46:34+00:00\",\"mainEntityOfPage\":{\"@id\":\"https:\\\/\\\/fjala.info\\\/2009-2015\\\/demi-u-be\\\/\"},\"wordCount\":872,\"commentCount\":0,\"publisher\":{\"@id\":\"https:\\\/\\\/fjala.info\\\/2009-2015\\\/#organization\"},\"image\":{\"@id\":\"https:\\\/\\\/fjala.info\\\/2009-2015\\\/demi-u-be\\\/#primaryimage\"},\"thumbnailUrl\":\"http:\\\/\\\/www.shkoder.net\\\/images\\\/fjala\\\/skender_minxhozi.jpg\",\"articleSection\":[\"Artikuj\"],\"inLanguage\":\"sq-AL\",\"potentialAction\":[{\"@type\":\"CommentAction\",\"name\":\"Comment\",\"target\":[\"https:\\\/\\\/fjala.info\\\/2009-2015\\\/demi-u-be\\\/#respond\"]}]},{\"@type\":\"WebPage\",\"@id\":\"https:\\\/\\\/fjala.info\\\/2009-2015\\\/demi-u-be\\\/\",\"url\":\"https:\\\/\\\/fjala.info\\\/2009-2015\\\/demi-u-be\\\/\",\"name\":\"D\u00ebmi u b\u00eb - FjALA e LIR\u00cb - Arkivi\",\"isPartOf\":{\"@id\":\"https:\\\/\\\/fjala.info\\\/2009-2015\\\/#website\"},\"primaryImageOfPage\":{\"@id\":\"https:\\\/\\\/fjala.info\\\/2009-2015\\\/demi-u-be\\\/#primaryimage\"},\"image\":{\"@id\":\"https:\\\/\\\/fjala.info\\\/2009-2015\\\/demi-u-be\\\/#primaryimage\"},\"thumbnailUrl\":\"http:\\\/\\\/www.shkoder.net\\\/images\\\/fjala\\\/skender_minxhozi.jpg\",\"datePublished\":\"2012-01-19T04:46:34+00:00\",\"breadcrumb\":{\"@id\":\"https:\\\/\\\/fjala.info\\\/2009-2015\\\/demi-u-be\\\/#breadcrumb\"},\"inLanguage\":\"sq-AL\",\"potentialAction\":[{\"@type\":\"ReadAction\",\"target\":[\"https:\\\/\\\/fjala.info\\\/2009-2015\\\/demi-u-be\\\/\"]}]},{\"@type\":\"ImageObject\",\"inLanguage\":\"sq-AL\",\"@id\":\"https:\\\/\\\/fjala.info\\\/2009-2015\\\/demi-u-be\\\/#primaryimage\",\"url\":\"http:\\\/\\\/www.shkoder.net\\\/images\\\/fjala\\\/skender_minxhozi.jpg\",\"contentUrl\":\"http:\\\/\\\/www.shkoder.net\\\/images\\\/fjala\\\/skender_minxhozi.jpg\"},{\"@type\":\"BreadcrumbList\",\"@id\":\"https:\\\/\\\/fjala.info\\\/2009-2015\\\/demi-u-be\\\/#breadcrumb\",\"itemListElement\":[{\"@type\":\"ListItem\",\"position\":1,\"name\":\"Home\",\"item\":\"https:\\\/\\\/fjala.info\\\/2009-2015\\\/\"},{\"@type\":\"ListItem\",\"position\":2,\"name\":\"D\u00ebmi u b\u00eb\"}]},{\"@type\":\"WebSite\",\"@id\":\"https:\\\/\\\/fjala.info\\\/2009-2015\\\/#website\",\"url\":\"https:\\\/\\\/fjala.info\\\/2009-2015\\\/\",\"name\":\"FjALA e LIR\u00cb - Arkivi\",\"description\":\"Arkivi 2009-2015\",\"publisher\":{\"@id\":\"https:\\\/\\\/fjala.info\\\/2009-2015\\\/#organization\"},\"potentialAction\":[{\"@type\":\"SearchAction\",\"target\":{\"@type\":\"EntryPoint\",\"urlTemplate\":\"https:\\\/\\\/fjala.info\\\/2009-2015\\\/?s={search_term_string}\"},\"query-input\":{\"@type\":\"PropertyValueSpecification\",\"valueRequired\":true,\"valueName\":\"search_term_string\"}}],\"inLanguage\":\"sq-AL\"},{\"@type\":\"Organization\",\"@id\":\"https:\\\/\\\/fjala.info\\\/2009-2015\\\/#organization\",\"name\":\"FjALA e LIR\u00cb - Arkivi\",\"url\":\"https:\\\/\\\/fjala.info\\\/2009-2015\\\/\",\"logo\":{\"@type\":\"ImageObject\",\"inLanguage\":\"sq-AL\",\"@id\":\"https:\\\/\\\/fjala.info\\\/2009-2015\\\/#\\\/schema\\\/logo\\\/image\\\/\",\"url\":\"\",\"contentUrl\":\"\",\"caption\":\"FjALA e LIR\u00cb - Arkivi\"},\"image\":{\"@id\":\"https:\\\/\\\/fjala.info\\\/2009-2015\\\/#\\\/schema\\\/logo\\\/image\\\/\"}},{\"@type\":\"Person\",\"@id\":\"https:\\\/\\\/fjala.info\\\/2009-2015\\\/#\\\/schema\\\/person\\\/3aa1163ef05469c496fc94e77611ada2\",\"name\":\"admin\",\"image\":{\"@type\":\"ImageObject\",\"inLanguage\":\"sq-AL\",\"@id\":\"https:\\\/\\\/fjala.info\\\/2009-2015\\\/wp-content\\\/uploads\\\/2012\\\/02\\\/arben_cokaj-120x150.jpg\",\"url\":\"https:\\\/\\\/fjala.info\\\/2009-2015\\\/wp-content\\\/uploads\\\/2012\\\/02\\\/arben_cokaj-120x150.jpg\",\"contentUrl\":\"https:\\\/\\\/fjala.info\\\/2009-2015\\\/wp-content\\\/uploads\\\/2012\\\/02\\\/arben_cokaj-120x150.jpg\",\"caption\":\"admin\"},\"description\":\"Admin, Fjala e Lir\u00eb\",\"sameAs\":[\"https:\\\/\\\/fjala.info\\\/\"],\"url\":\"https:\\\/\\\/fjala.info\\\/2009-2015\\\/author\\\/admin\\\/\"}]}<\/script>\n<!-- \/ Yoast SEO plugin. -->","yoast_head_json":{"title":"D\u00ebmi u b\u00eb - FjALA e LIR\u00cb - Arkivi","robots":{"index":"index","follow":"follow","max-snippet":"max-snippet:-1","max-image-preview":"max-image-preview:large","max-video-preview":"max-video-preview:-1"},"canonical":"https:\/\/fjala.info\/2009-2015\/demi-u-be\/","og_locale":"sq_AL","og_type":"article","og_title":"D\u00ebmi u b\u00eb - FjALA e LIR\u00cb - Arkivi","og_description":"Sk\u00ebnder Minxhozi, 18.01.2012 Pardje kishte fest\u00eb n\u00eb LSI. Normale, p\u00ebr t\u00eb gjith\u00eb ata (p\u00ebrfshir\u00eb t\u00eb interesuarin m\u00eb t\u00eb par\u00eb, kryetarin e partis\u00eb Ilir Meta), q\u00eb besuan dhe besojn\u00eb se me vul\u00ebn e Gjykat\u00ebs s\u00eb Lart\u00eb mori fund saga nj\u00ebvje\u00e7are e skandalit t\u00eb bujsh\u00ebm t\u00eb videop\u00ebrgjimit Meta-Prifti. Normale gjithashtu q\u00eb vet\u00eb Ilir Meta dhe bashk\u00ebpun\u00ebtor\u00ebt e [&hellip;]","og_url":"https:\/\/fjala.info\/2009-2015\/demi-u-be\/","og_site_name":"FjALA e LIR\u00cb - Arkivi","article_published_time":"2012-01-19T04:46:34+00:00","og_image":[{"url":"http:\/\/www.shkoder.net\/images\/fjala\/skender_minxhozi.jpg","type":"","width":"","height":""}],"author":"admin","twitter_card":"summary_large_image","twitter_misc":{"Written by":"admin","Est. reading time":"4 minutes"},"schema":{"@context":"https:\/\/schema.org","@graph":[{"@type":"Article","@id":"https:\/\/fjala.info\/2009-2015\/demi-u-be\/#article","isPartOf":{"@id":"https:\/\/fjala.info\/2009-2015\/demi-u-be\/"},"author":{"name":"admin","@id":"https:\/\/fjala.info\/2009-2015\/#\/schema\/person\/3aa1163ef05469c496fc94e77611ada2"},"headline":"D\u00ebmi u b\u00eb","datePublished":"2012-01-19T04:46:34+00:00","mainEntityOfPage":{"@id":"https:\/\/fjala.info\/2009-2015\/demi-u-be\/"},"wordCount":872,"commentCount":0,"publisher":{"@id":"https:\/\/fjala.info\/2009-2015\/#organization"},"image":{"@id":"https:\/\/fjala.info\/2009-2015\/demi-u-be\/#primaryimage"},"thumbnailUrl":"http:\/\/www.shkoder.net\/images\/fjala\/skender_minxhozi.jpg","articleSection":["Artikuj"],"inLanguage":"sq-AL","potentialAction":[{"@type":"CommentAction","name":"Comment","target":["https:\/\/fjala.info\/2009-2015\/demi-u-be\/#respond"]}]},{"@type":"WebPage","@id":"https:\/\/fjala.info\/2009-2015\/demi-u-be\/","url":"https:\/\/fjala.info\/2009-2015\/demi-u-be\/","name":"D\u00ebmi u b\u00eb - FjALA e LIR\u00cb - Arkivi","isPartOf":{"@id":"https:\/\/fjala.info\/2009-2015\/#website"},"primaryImageOfPage":{"@id":"https:\/\/fjala.info\/2009-2015\/demi-u-be\/#primaryimage"},"image":{"@id":"https:\/\/fjala.info\/2009-2015\/demi-u-be\/#primaryimage"},"thumbnailUrl":"http:\/\/www.shkoder.net\/images\/fjala\/skender_minxhozi.jpg","datePublished":"2012-01-19T04:46:34+00:00","breadcrumb":{"@id":"https:\/\/fjala.info\/2009-2015\/demi-u-be\/#breadcrumb"},"inLanguage":"sq-AL","potentialAction":[{"@type":"ReadAction","target":["https:\/\/fjala.info\/2009-2015\/demi-u-be\/"]}]},{"@type":"ImageObject","inLanguage":"sq-AL","@id":"https:\/\/fjala.info\/2009-2015\/demi-u-be\/#primaryimage","url":"http:\/\/www.shkoder.net\/images\/fjala\/skender_minxhozi.jpg","contentUrl":"http:\/\/www.shkoder.net\/images\/fjala\/skender_minxhozi.jpg"},{"@type":"BreadcrumbList","@id":"https:\/\/fjala.info\/2009-2015\/demi-u-be\/#breadcrumb","itemListElement":[{"@type":"ListItem","position":1,"name":"Home","item":"https:\/\/fjala.info\/2009-2015\/"},{"@type":"ListItem","position":2,"name":"D\u00ebmi u b\u00eb"}]},{"@type":"WebSite","@id":"https:\/\/fjala.info\/2009-2015\/#website","url":"https:\/\/fjala.info\/2009-2015\/","name":"FjALA e LIR\u00cb - Arkivi","description":"Arkivi 2009-2015","publisher":{"@id":"https:\/\/fjala.info\/2009-2015\/#organization"},"potentialAction":[{"@type":"SearchAction","target":{"@type":"EntryPoint","urlTemplate":"https:\/\/fjala.info\/2009-2015\/?s={search_term_string}"},"query-input":{"@type":"PropertyValueSpecification","valueRequired":true,"valueName":"search_term_string"}}],"inLanguage":"sq-AL"},{"@type":"Organization","@id":"https:\/\/fjala.info\/2009-2015\/#organization","name":"FjALA e LIR\u00cb - Arkivi","url":"https:\/\/fjala.info\/2009-2015\/","logo":{"@type":"ImageObject","inLanguage":"sq-AL","@id":"https:\/\/fjala.info\/2009-2015\/#\/schema\/logo\/image\/","url":"","contentUrl":"","caption":"FjALA e LIR\u00cb - Arkivi"},"image":{"@id":"https:\/\/fjala.info\/2009-2015\/#\/schema\/logo\/image\/"}},{"@type":"Person","@id":"https:\/\/fjala.info\/2009-2015\/#\/schema\/person\/3aa1163ef05469c496fc94e77611ada2","name":"admin","image":{"@type":"ImageObject","inLanguage":"sq-AL","@id":"https:\/\/fjala.info\/2009-2015\/wp-content\/uploads\/2012\/02\/arben_cokaj-120x150.jpg","url":"https:\/\/fjala.info\/2009-2015\/wp-content\/uploads\/2012\/02\/arben_cokaj-120x150.jpg","contentUrl":"https:\/\/fjala.info\/2009-2015\/wp-content\/uploads\/2012\/02\/arben_cokaj-120x150.jpg","caption":"admin"},"description":"Admin, Fjala e Lir\u00eb","sameAs":["https:\/\/fjala.info\/"],"url":"https:\/\/fjala.info\/2009-2015\/author\/admin\/"}]}},"_links":{"self":[{"href":"https:\/\/fjala.info\/2009-2015\/wp-json\/wp\/v2\/posts\/11612","targetHints":{"allow":["GET"]}}],"collection":[{"href":"https:\/\/fjala.info\/2009-2015\/wp-json\/wp\/v2\/posts"}],"about":[{"href":"https:\/\/fjala.info\/2009-2015\/wp-json\/wp\/v2\/types\/post"}],"author":[{"embeddable":true,"href":"https:\/\/fjala.info\/2009-2015\/wp-json\/wp\/v2\/users\/1"}],"replies":[{"embeddable":true,"href":"https:\/\/fjala.info\/2009-2015\/wp-json\/wp\/v2\/comments?post=11612"}],"version-history":[{"count":0,"href":"https:\/\/fjala.info\/2009-2015\/wp-json\/wp\/v2\/posts\/11612\/revisions"}],"wp:attachment":[{"href":"https:\/\/fjala.info\/2009-2015\/wp-json\/wp\/v2\/media?parent=11612"}],"wp:term":[{"taxonomy":"category","embeddable":true,"href":"https:\/\/fjala.info\/2009-2015\/wp-json\/wp\/v2\/categories?post=11612"},{"taxonomy":"post_tag","embeddable":true,"href":"https:\/\/fjala.info\/2009-2015\/wp-json\/wp\/v2\/tags?post=11612"}],"curies":[{"name":"wp","href":"https:\/\/api.w.org\/{rel}","templated":true}]}}