{"id":11610,"date":"2012-01-19T08:54:53","date_gmt":"2012-01-19T07:54:53","guid":{"rendered":"http:\/\/fjala.shkoder.net\/?p=1211"},"modified":"2012-01-19T08:54:53","modified_gmt":"2012-01-19T07:54:53","slug":"pervjetore-te-pergjakshem-dhe-vrases-ne-liri","status":"publish","type":"post","link":"https:\/\/fjala.info\/2009-2015\/pervjetore-te-pergjakshem-dhe-vrases-ne-liri\/","title":{"rendered":"P\u00ebrvjetor\u00eb t\u00eb p\u00ebrgjaksh\u00ebm dhe vras\u00ebs n\u00eb liri"},"content":{"rendered":"<p><img decoding=\"async\" class=\"alignleft size-thumbnail wp-image-7236\" title=\"Enver Robelli\" src=\"http:\/\/www.shkoder.net\/images\/fjala\/enver_robelli.jpg\" alt=\"\" width=\"150\" \/> Pse autoritetet e Kosov\u00ebs nuk k\u00ebrkojn\u00eb nga Gjermania rifillimin e hetimeve p\u00ebr atentatin kund\u00ebr v\u00ebllez\u00ebrve G\u00ebrvalla dhe Kadri Zek\u00ebs m\u00eb 17 janar 1982? 30 vjetori i sulmit vdekjeprur\u00ebs kund\u00ebr tyre \u00ebsht\u00eb ndoshta momenti i fundit. Sot po ashtu b\u00ebhen 10 vjet nga vrasja e deputetit t\u00eb Kuvendit t\u00eb Kosov\u00ebs, Smajl Hajdaraj. As vras\u00ebsit e tij nuk jan\u00eb arrestuar ende. Nj\u00eb shoq\u00ebri q\u00eb hesht p\u00ebrball\u00eb krimit sigurisht nuk duhet t\u00eb pres ardhm\u00ebri t\u00eb mir\u00eb<\/p>\n<p><strong>Enver Robelli<\/strong>, <em>18 Janar 2012<\/em><\/p>\n<p><strong>18 janar 1982<\/strong><\/p>\n<p>Rreth radios s\u00eb re, nj\u00eb mark\u00eb e njohur holandeze, q\u00eb sapo ishte sjell\u00eb nga Zvicra, bashk\u00eb me disa kaseta me \u201ck\u00ebng\u00eb t\u00eb ndaluara\u201d, at\u00eb nat\u00eb dimri ishin mbledhur nja nj\u00ebzet burra. P\u00ebr shkak t\u00eb shqis\u00ebs s\u00eb dob\u00ebsuar t\u00eb d\u00ebgjimit m\u00eb t\u00eb moshuarit rrinin ulur fare pran\u00eb radios. N\u00eb k\u00ebt\u00eb ambient t\u00eb pranishmit mor\u00ebn lajmin se m\u00eb 17 janar af\u00ebr Stuttgartit ishin q\u00eblluar p\u00ebr vdekje Jusuf G\u00ebrvalla, Bardhosh G\u00ebrvalla dhe Kadri Zeka. K\u00ebt\u00eb t\u00eb fundit, Kadri Zek\u00ebn, shumica e burrave, sidomos ata m\u00eb t\u00eb rinjt\u00eb, e njihnin personalisht, disa kishin ndjekur me t\u00eb m\u00ebsimet e para n\u00eb shkoll\u00ebn tet\u00ebvje\u00e7are n\u00eb fshatin D. P\u00ebr Jusuf G\u00ebrvall\u00ebn kishin d\u00ebgjuar.<\/p>\n<p><strong>25 janar 1982<\/strong><\/p>\n<p>Dikush nga familja n\u00eb Frankfurt tregoi, me nj\u00ebqind aludime, se revista \u201cDer Spiegel\u201d kishte shkruar p\u00ebr atentatin. Titulli: \u201cGjith\u00e7ka duket si ekzekutim\u201d. Dhe, n\u00eb fillim t\u00eb tekstit, q\u00eb sot mund t\u00eb nxirret nga arkivi, ky p\u00ebrshkrim: \u201cVetura BMW 316, me ngjyr\u00eb t\u00eb gjelb\u00ebr, doli prej garazhit nga prapa. Shoferi nuk deshi ta kthente vetur\u00ebn n\u00eb bor\u00eb dhe eci prapa nja 40 metra deri te nj\u00eb udh\u00ebkryq. Kur vetura p\u00ebr pak u ndal n\u00ebn nj\u00eb llamb\u00eb t\u00eb ndri\u00e7imit rrugor, prej nj\u00eb kantieri doli nj\u00eb burr\u00eb n\u00eb an\u00ebn e djatht\u00eb dhe nga nj\u00eb larg\u00ebsi prej rreth tri metrash shtiu n\u00eb brendi t\u00eb vetur\u00ebs. Po ashtu nj\u00eb burr\u00eb tjet\u00ebr hapi zjarr, pastaj q\u00ebndroi krahas automjetit, q\u00eb p\u00ebrmes xhamave t\u00eb thyer an\u00ebsor t\u00eb bindet mbi efektin e t\u00eb sht\u00ebnave.<\/p>\n<p>Fqinj\u00ebt e trembur nga zhurma e plumbave i pan\u00eb dy burrat duke u arratisur. Ishte e frikshme ajo q\u00eb pan\u00eb banor\u00ebt e rrug\u00ebs \u2018Habichth\u00f6he\u2019 n\u00eb komun\u00ebn Untergruppenbach af\u00ebr Heilbronn-it, nat\u00ebn nga e diela n\u00eb t\u00eb h\u00ebn\u00ebn, para nj\u00eb jave: vetura me kat\u00ebr cilindra punonte ende, shoferi ende e kishte k\u00ebmb\u00ebn n\u00eb pedalin e gazit. Pastaj ai me gjas\u00eb kishte l\u00ebshuar friksionin dhe kishte vdekur. Vetura eci vet\u00eb n\u00eb gjysm\u00ebhark, mor an\u00ebn majtas dhe u p\u00ebrplas kund\u00ebr der\u00ebs s\u00eb mbyllur t\u00eb nj\u00eb garazhi. Rrotat u fut\u00ebn thell\u00eb n\u00eb bor\u00eb, motori u fik, qet\u00ebsia ra\u201d.<\/p>\n<p>N\u00eb vazhdim t\u00eb tekstit \u201cDer Spiegel\u201d i quan vrasjet n\u00eb Untergruppenbach \u201cmasak\u00ebr\u201d. Revista supozonte se pas atentatit q\u00ebndronin sh\u00ebrbimet sekrete jugosllave, p\u00ebrmendte \u2013 n\u00eb kontekst t\u00eb gjer\u00eb t\u00eb krimit \u2013 edhe nj\u00eb shqiptar nga F., i cili s\u00eb pari kishte punuar n\u00eb Konsullat\u00ebn e p\u00ebrgjithshme t\u00eb Jugosllavis\u00eb n\u00eb Hamburg, pastaj n\u00eb Frankfurt. Me kalimin e viteve do t\u00eb p\u00ebrmenden edhe emra t\u00eb tjer\u00eb t\u00eb zyrtar\u00ebve t\u00eb SDB (Sh\u00ebrbimi i Sigurimit Shtet\u00ebror t\u00eb Jugosllavis\u00eb), por edhe t\u00eb shqiptar\u00ebve.<\/p>\n<p><strong>17 janar 2012<\/strong><\/p>\n<p>Sot me siguri t\u00eb thirrur e t\u00eb pathirrur do ta kujtojn\u00eb Jusuf G\u00ebrvall\u00ebn, v\u00ebllan\u00eb e tij Bardhoshin dhe Kadri Zek\u00ebn. Do t\u00eb thuhen fjal\u00eb t\u00eb men\u00e7ura, por edhe bro\u00e7kulla q\u00eb jemi m\u00ebsuar t\u2019i d\u00ebgjojm\u00eb, sepse jan\u00eb b\u00ebr\u00eb rutin\u00eb e m\u00ebrzitshme n\u00eb \u00e7do p\u00ebrvjetor. Do t\u00eb flitet e g\u00ebnjehet se si t\u00eb gjitha idealet e tyre jan\u00eb realizuar, duke shtremb\u00ebruar realitetin e duke vizatuar parajsa t\u00eb paqena. Do t\u00eb flasin p\u00ebr vepr\u00ebn e Jusuf G\u00ebrvall\u00ebs edhe ata q\u00eb nuk kan\u00eb lexuar nj\u00eb rresht nga vepra e tij. Sa p\u00ebr sy e faqe v\u00ebllez\u00ebrit G\u00ebrvalla dhe Kadri Zeka ndoshta do t\u00eb p\u00ebrkujtohen edhe nga ata pushtetar\u00eb q\u00eb lirin\u00eb e shnd\u00ebrruan n\u00eb biznes, pushtetin n\u00eb mund\u00ebsi pasurimi, fuqin\u00eb shtet\u00ebrore n\u00eb rast p\u00ebr t\u00eb luftuar e denoncuar z\u00ebrat kritik\u00eb.<\/p>\n<p>Edhe sivjet zor se do t\u00eb flitet p\u00ebr nj\u00eb tem\u00eb, e cila heshtet prej vitesh: kush q\u00ebndron prapa vrasjeve n\u00eb Untergruppenbach, kush jan\u00eb urdh\u00ebrdh\u00ebn\u00ebsit e kush ekzekutor\u00ebt, \u00e7far\u00eb roli luante sh\u00ebrbimi sekret jugosllav dhe \u00e7far\u00eb funksioni mund t\u00eb ken\u00eb pasur shqiptar\u00ebt? U takon edhe shok\u00ebve t\u00eb Jusuf G\u00ebrvall\u00ebs (n\u00ebse ka pasur ndonj\u00eb shok t\u00eb sinqert\u00eb, q\u00eb sot mund t\u00eb ket\u00eb ndikim n\u00eb politik\u00eb n\u00eb Kosov\u00eb) t\u00eb angazhohen, t\u00eb k\u00ebrkojn\u00eb ndri\u00e7imin e rrethanave t\u00eb vrasjes. I takon, pse jo, edhe autoriteteve t\u00eb Kosov\u00ebs t\u00eb k\u00ebrkojn\u00eb nga shteti gjerman rifillimin e hetimeve, q\u00eb kjo dosje e krimit t\u00eb mos mbyllet e harrohet.<\/p>\n<p>Mes viteve 1970 dhe 1989 n\u00eb Gjermani jan\u00eb vrar\u00eb 22 kroat\u00eb, kryesisht kund\u00ebrshtar\u00eb t\u00eb regjimit t\u00eb Titos. Ata q\u00eb kan\u00eb mbijetuar po k\u00ebrkojn\u00eb nga drejt\u00ebsia gjermane hetime t\u00eb reja p\u00ebr krimet e kryera. Nj\u00eb kroat p\u00ebrmes avokatit t\u00eb tij po k\u00ebrkon q\u00eb qeveria gjermane postum t\u2019ia marr\u00eb Titos urdhrin m\u00eb t\u00eb lart\u00eb t\u00eb shtetit gjerman. N\u00eb vitin 2008 nj\u00eb gjykat\u00eb n\u00eb Mynih d\u00ebnoi me burg t\u00eb p\u00ebrjetsh\u00ebm Josip Perkoviqin, i cili mes viteve 1979-1986 kishte qen\u00eb p\u00ebrgjegj\u00ebs p\u00ebr luftimin e \u201cemigracionit armiq\u00ebsor\u201d n\u00eb kuad\u00ebr t\u00eb sh\u00ebrbimit sekret t\u00eb Republik\u00ebs Socialiste t\u00eb Kroacis\u00eb, e cila ishte pjes\u00eb e Jugosllavis\u00eb.<\/p>\n<p>Perkoviq u gjet fajtor p\u00ebr p\u00ebrgatitjen e vrasjes s\u00eb Stjepan Durekoviqit n\u00eb Wolfsratshausen t\u00eb Bavaris\u00eb n\u00eb vitin 1983. Durekoviq kishte qen\u00eb menaxher i kompanis\u00eb shtet\u00ebrore t\u00eb naft\u00ebs INA. Pas arratisjes n\u00eb Gjermani ai ishte k\u00ebrc\u00ebnuar se do t\u00eb publikonte t\u00eb dh\u00ebna p\u00ebr korrupsion brenda elit\u00ebs komuniste. Josip Perkoviq ndodhet n\u00eb arrati dhe k\u00ebrkohet nga policia gjermane.<\/p>\n<p>N\u00eb vitet 90-t\u00eb Perkoviq i kishte sh\u00ebrbyer regjimit t\u00eb Franjo Tugjmanit n\u00eb disa funksione. I biri i Perkoviqit, Sasha, ka qen\u00eb k\u00ebshilltar p\u00ebr siguri i ish-presidentit Stjepan Mesiq dhe vazhdon t\u00eb mbaj\u00eb pozit\u00ebn e nj\u00ebjt\u00eb n\u00ebn presidentin aktual Ivo Josipoviq. N\u00eb vendimin e saj prej 118 faqeve gjykata e Mynihut jo vet\u00ebm q\u00eb rekonstruoi p\u00ebrgatitjen e atentatit n\u00eb Wolfsratshausen, por arriti edhe n\u00eb p\u00ebrfundimin kuptimplot\u00eb juridik se derisa Tito ishte gjall\u00eb, \u201cvet\u00ebm ai i merrte vendimet p\u00ebrkat\u00ebse\u201d (p\u00ebr vrasje). Po ashtu, sipas gjykat\u00ebs, skuadrat vrastare merrnin p\u00eblqimin drejtp\u00ebrdrejt nga Titoja dhe zinxhiri komandues kalonte nga pushtetmbajt\u00ebsi (Tito), n\u00ebp\u00ebr parti deri te sh\u00ebrbimi sekret i Kroacis\u00eb socialiste.<\/p>\n<p><strong>16 janar 2012<\/strong><\/p>\n<p>N\u00eb numrin e djesh\u00ebm t\u00eb revist\u00ebs gjermane \u201cFocus\u201d nj\u00eb z\u00eb prominent angazhohet q\u00eb Titos dhe diktatorit rumun Nikolai \u00c7aushesku t\u2019u merret urdhri m\u00eb i lart\u00eb gjerman. Herta M\u00fcller, autore e famshme gjermane e lindur n\u00eb Rumani, laureate e Nobelit p\u00ebr Let\u00ebrsi, me vite e survejuar dhe terrorizuar nga sh\u00ebrbimi sekret rumun, mb\u00ebshtet k\u00ebrkes\u00ebn e familjeve: \u201cUn\u00eb i kuptoj shum\u00eb mir\u00eb k\u00ebto familje, t\u00eb cilat kan\u00eb humbur bashk\u00ebshortin, baban\u00eb ose birin e tyre. E p\u00ebrkrah shprehimisht k\u00ebrkes\u00ebn e tyre. Anulimi i urdhrit do t\u00eb ishte nj\u00eb korrigjim i r\u00ebnd\u00ebsish\u00ebm dhe nj\u00eb shenj\u00eb e qart\u00eb p\u00ebr dh\u00ebnien e urdhrit n\u00eb t\u00eb ardhmen.<\/p>\n<p>Sepse ende ka shum\u00eb diktator\u00eb, t\u00eb cil\u00ebt do t\u00eb vizitojn\u00eb Gjermanin\u00eb\u201d. Donika G\u00ebrvalla, e bija e Jusuf G\u00ebrvall\u00ebs, po n\u00eb \u201cFocus\u201d thot\u00eb: \u201cVrasja me porosi e babait tim ka qen\u00eb e mundshme nga shkaku se ai, p\u00ebrkund\u00ebr lutjeve p\u00ebr mbrojtje nga nj\u00eb atentat, nuk mori ndihm\u00eb nga autoritetet gjermane. Fakti q\u00eb p\u00ebrfaq\u00ebsuesi m\u00eb i r\u00ebnd\u00ebsish\u00ebm i k\u00ebtij sistemi t\u00eb represionit, tortur\u00ebs dhe vrasjes, gjenerali Tito, mori urdhrin (gjerman, v.j.) \u00ebsht\u00eb nj\u00eb turp moral\u201d.<\/p>\n<p><strong>17 janar 2002<\/strong><\/p>\n<p>At\u00eb nat\u00eb Smajl Hajdaraj, sipas raporteve t\u00eb m\u00ebvonshme mediale, ishte nisur drejt banes\u00ebs s\u00eb tij n\u00eb Pej\u00eb, kur u vra n\u00eb hyrje t\u00eb saj nga doras deri m\u00eb sot t\u00eb panjohur dhe ende t\u00eb lir\u00eb. Zyrtarisht nuk ka ende asnj\u00eb rezultat relevant t\u00eb hetimeve. Hajdaraj ishte nj\u00eb figur\u00eb me autoritet n\u00eb rajonin e Rugov\u00ebs dhe n\u00eb Pej\u00eb: komandant i Ushtris\u00eb \u00c7lirimtare t\u00eb Kosov\u00ebs n\u00eb Zon\u00ebn e Rugov\u00ebs, aktivist shum\u00ebvje\u00e7ar i Lidhjes Demokratike t\u00eb Kosov\u00ebs, deputet i k\u00ebsaj partie n\u00eb legjislatur\u00ebn e par\u00eb t\u00eb Kuvendit t\u00eb Kosov\u00ebs.<\/p>\n<p>Sot mbushen 10 vjet nga vrasja e Smajl Hajdarajt. Me gjas\u00eb at\u00ebbot\u00eb n\u00eb list\u00ebn p\u00ebr likuidim gjendej edhe nj\u00eb bashk\u00ebluft\u00ebtar i Hajdarajt. Ai, sipas d\u00ebshmis\u00eb s\u00eb tij, ishte paralajm\u00ebruar se do t\u00eb vritej p\u00ebr shkak se po jepte kontribut n\u00eb \u201cvend t\u00eb gabuar\u201d (n\u00eb LDK). Ky njeri \u2013 pasi kishte luftuar p\u00ebr \u00e7lirimin e Kosov\u00ebs \u2013 u detyrua t\u00eb kthehet n\u00eb nj\u00eb shtet per\u00ebndimor p\u00ebr t\u00eb shp\u00ebtuar kok\u00ebn dhe p\u00ebr t\u2019i siguruar qet\u00ebsin\u00eb e duhur familjes. Ky ishte shp\u00ebrblimi q\u00eb mori nga Kosova e lir\u00eb.<\/p>\n<p>Derisa n\u00eb Kosov\u00eb heshtet p\u00ebr raste t\u00eb tilla, derisa pushteti nuk shfaq asnj\u00eb interes p\u00ebrve\u00e7 retorik\u00ebs p\u00ebr t\u00eb spastruar vendin nga krimi, shoq\u00ebria e Kosov\u00ebs nuk do t\u00eb jet\u00eb e aft\u00eb t\u00eb nd\u00ebrtoj\u00eb nj\u00eb shtet funksional. Nj\u00eb shoq\u00ebri q\u00eb pajtohet me krimin ose hesht sigurisht nuk duhet t\u00eb pres ardhm\u00ebri t\u00eb mir\u00eb. Deklaratat e at\u00ebhershme t\u00eb zyrtar\u00ebve nd\u00ebrkomb\u00ebtar\u00eb p\u00ebr vrasjen e Smajl Hajdarajt sot lexohen si premtime t\u00eb kota p\u00ebr gjetjen e vras\u00ebsve. Nj\u00eb dit\u00eb pas krimit, m\u00eb 18 janar 2002, \u201cZ\u00ebri i Amerik\u00ebs\u201d solli k\u00ebt\u00eb lajm: \u201cZyrtar\u00eb nd\u00ebrkomb\u00ebtar\u00eb d\u00ebnuan vrasjen e nj\u00eb deputeti shqiptar n\u00eb Kosov\u00eb.<\/p>\n<p>Zyrtari i lart\u00eb i Kombeve t\u00eb Bashkuara n\u00eb Kosov\u00eb, Charles Brayshaw, thot\u00eb se kjo organizat\u00eb do t\u00eb b\u00ebj\u00eb maksimumin q\u00eb t\u00eb gjej\u00eb vras\u00ebsit dhe t\u00eb p\u00ebrcaktoj\u00eb arsyet e vrasjes s\u00eb Smajl Hajdarajt. Persona t\u00eb armatosur i zun\u00eb prit\u00eb viktim\u00ebs t\u00eb enjten, pran\u00eb sht\u00ebpis\u00eb s\u00eb tij n\u00eb qytetin per\u00ebndimor t\u00eb Pej\u00ebs. Zoti Hajdaraj p\u00ebrfaq\u00ebsonte partin\u00eb e moderuar kosovare, Lidhja Demokratike e Kosov\u00ebs, n\u00eb kuvendin e sapozgjedhur t\u00eb Kosov\u00ebs. Shefi i zyr\u00ebs amerikane n\u00eb Kosov\u00eb, John Menzies, vler\u00ebsoi zotin Hajdaraj p\u00ebr besnik\u00ebrin\u00eb e tij ndaj Kosov\u00ebs dhe p\u00ebrkushtimin e tij ndaj demokracis\u00eb.<\/p>\n<p>Zoti Menzies tha se nuk \u00ebsht\u00eb p\u00ebrcaktuar ende n\u00ebse vrasja ishte nj\u00eb veprim terrorist i nd\u00ebrmarr\u00eb p\u00ebr t\u00eb arritur q\u00ebllime politike. Pavar\u00ebsisht nga kjo, zoti Menzies tha se ka ardhur koha q\u00eb t\u00eb gjitha partit\u00eb dhe grupet politike n\u00eb Kosov\u00eb t\u00eb b\u00ebjn\u00eb nj\u00eb q\u00ebndres\u00eb t\u00eb fort\u00eb, sipas fjal\u00ebve t\u00eb tij ndaj \u2018k\u00ebrc\u00ebnimit, dhun\u00ebs dhe terrorit politik\u2019. Edhe udh\u00ebheq\u00ebsi i Lidhjes Demokratike t\u00eb Kosov\u00ebs, Ibrahim Rugova, e d\u00ebnoi vrasjen. Ai akuzoi p\u00ebr vrasjen njer\u00ebzit q\u00eb jan\u00eb kund\u00ebr zhvillimit t\u00eb institucioneve n\u00eb Kosov\u00eb\u201d. \u00c7far\u00eb pasoi pas k\u00ebsaj ngjarjeje, pas k\u00ebtij atentati \u2013 ishte heshtje oficiele! Dhe disa p\u00ebrkujtime rutinore, sa p\u00ebr sy e faqe, thirrje t\u00eb zbehta p\u00ebr gjetjen e vras\u00ebsve, t\u00eb cil\u00ebt ndoshta jetojn\u00eb mu n\u00eb mesin e shoq\u00ebris\u00eb kosovare.<\/p>\n","protected":false},"excerpt":{"rendered":"<p>Pse autoritetet e Kosov\u00ebs nuk k\u00ebrkojn\u00eb nga Gjermania rifillimin e hetimeve p\u00ebr atentatin kund\u00ebr v\u00ebllez\u00ebrve G\u00ebrvalla dhe Kadri Zek\u00ebs m\u00eb 17 janar 1982? 30 vjetori i sulmit vdekjeprur\u00ebs kund\u00ebr tyre \u00ebsht\u00eb ndoshta momenti i fundit. Sot po ashtu b\u00ebhen 10 vjet nga vrasja e deputetit t\u00eb Kuvendit t\u00eb Kosov\u00ebs, Smajl Hajdaraj. As vras\u00ebsit e tij [&hellip;]<\/p>\n","protected":false},"author":1,"featured_media":0,"comment_status":"open","ping_status":"closed","sticky":false,"template":"","format":"standard","meta":{"footnotes":""},"categories":[2],"tags":[],"class_list":{"0":"post-11610","1":"post","2":"type-post","3":"status-publish","4":"format-standard","6":"category-artikuj"},"yoast_head":"<!-- This site is optimized with the Yoast SEO plugin v27.4 - https:\/\/yoast.com\/product\/yoast-seo-wordpress\/ -->\n<title>P\u00ebrvjetor\u00eb t\u00eb p\u00ebrgjaksh\u00ebm dhe vras\u00ebs n\u00eb liri - FjALA e LIR\u00cb - Arkivi<\/title>\n<meta name=\"robots\" content=\"index, follow, max-snippet:-1, max-image-preview:large, max-video-preview:-1\" \/>\n<link rel=\"canonical\" href=\"https:\/\/fjala.info\/2009-2015\/pervjetore-te-pergjakshem-dhe-vrases-ne-liri\/\" \/>\n<meta property=\"og:locale\" content=\"sq_AL\" \/>\n<meta property=\"og:type\" content=\"article\" \/>\n<meta property=\"og:title\" content=\"P\u00ebrvjetor\u00eb t\u00eb p\u00ebrgjaksh\u00ebm dhe vras\u00ebs n\u00eb liri - FjALA e LIR\u00cb - Arkivi\" \/>\n<meta property=\"og:description\" content=\"Pse autoritetet e Kosov\u00ebs nuk k\u00ebrkojn\u00eb nga Gjermania rifillimin e hetimeve p\u00ebr atentatin kund\u00ebr v\u00ebllez\u00ebrve G\u00ebrvalla dhe Kadri Zek\u00ebs m\u00eb 17 janar 1982? 30 vjetori i sulmit vdekjeprur\u00ebs kund\u00ebr tyre \u00ebsht\u00eb ndoshta momenti i fundit. Sot po ashtu b\u00ebhen 10 vjet nga vrasja e deputetit t\u00eb Kuvendit t\u00eb Kosov\u00ebs, Smajl Hajdaraj. As vras\u00ebsit e tij [&hellip;]\" \/>\n<meta property=\"og:url\" content=\"https:\/\/fjala.info\/2009-2015\/pervjetore-te-pergjakshem-dhe-vrases-ne-liri\/\" \/>\n<meta property=\"og:site_name\" content=\"FjALA e LIR\u00cb - Arkivi\" \/>\n<meta property=\"article:published_time\" content=\"2012-01-19T07:54:53+00:00\" \/>\n<meta property=\"og:image\" content=\"http:\/\/www.shkoder.net\/images\/fjala\/enver_robelli.jpg\" \/>\n<meta name=\"author\" content=\"admin\" \/>\n<meta name=\"twitter:card\" content=\"summary_large_image\" \/>\n<meta name=\"twitter:label1\" content=\"Written by\" \/>\n\t<meta name=\"twitter:data1\" content=\"admin\" \/>\n\t<meta name=\"twitter:label2\" content=\"Est. reading time\" \/>\n\t<meta name=\"twitter:data2\" content=\"10 minutes\" \/>\n<script type=\"application\/ld+json\" class=\"yoast-schema-graph\">{\"@context\":\"https:\\\/\\\/schema.org\",\"@graph\":[{\"@type\":\"Article\",\"@id\":\"https:\\\/\\\/fjala.info\\\/2009-2015\\\/pervjetore-te-pergjakshem-dhe-vrases-ne-liri\\\/#article\",\"isPartOf\":{\"@id\":\"https:\\\/\\\/fjala.info\\\/2009-2015\\\/pervjetore-te-pergjakshem-dhe-vrases-ne-liri\\\/\"},\"author\":{\"name\":\"admin\",\"@id\":\"https:\\\/\\\/fjala.info\\\/2009-2015\\\/#\\\/schema\\\/person\\\/3aa1163ef05469c496fc94e77611ada2\"},\"headline\":\"P\u00ebrvjetor\u00eb t\u00eb p\u00ebrgjaksh\u00ebm dhe vras\u00ebs n\u00eb liri\",\"datePublished\":\"2012-01-19T07:54:53+00:00\",\"mainEntityOfPage\":{\"@id\":\"https:\\\/\\\/fjala.info\\\/2009-2015\\\/pervjetore-te-pergjakshem-dhe-vrases-ne-liri\\\/\"},\"wordCount\":1917,\"commentCount\":0,\"publisher\":{\"@id\":\"https:\\\/\\\/fjala.info\\\/2009-2015\\\/#organization\"},\"image\":{\"@id\":\"https:\\\/\\\/fjala.info\\\/2009-2015\\\/pervjetore-te-pergjakshem-dhe-vrases-ne-liri\\\/#primaryimage\"},\"thumbnailUrl\":\"http:\\\/\\\/www.shkoder.net\\\/images\\\/fjala\\\/enver_robelli.jpg\",\"articleSection\":[\"Artikuj\"],\"inLanguage\":\"sq-AL\",\"potentialAction\":[{\"@type\":\"CommentAction\",\"name\":\"Comment\",\"target\":[\"https:\\\/\\\/fjala.info\\\/2009-2015\\\/pervjetore-te-pergjakshem-dhe-vrases-ne-liri\\\/#respond\"]}]},{\"@type\":\"WebPage\",\"@id\":\"https:\\\/\\\/fjala.info\\\/2009-2015\\\/pervjetore-te-pergjakshem-dhe-vrases-ne-liri\\\/\",\"url\":\"https:\\\/\\\/fjala.info\\\/2009-2015\\\/pervjetore-te-pergjakshem-dhe-vrases-ne-liri\\\/\",\"name\":\"P\u00ebrvjetor\u00eb t\u00eb p\u00ebrgjaksh\u00ebm dhe vras\u00ebs n\u00eb liri - FjALA e LIR\u00cb - Arkivi\",\"isPartOf\":{\"@id\":\"https:\\\/\\\/fjala.info\\\/2009-2015\\\/#website\"},\"primaryImageOfPage\":{\"@id\":\"https:\\\/\\\/fjala.info\\\/2009-2015\\\/pervjetore-te-pergjakshem-dhe-vrases-ne-liri\\\/#primaryimage\"},\"image\":{\"@id\":\"https:\\\/\\\/fjala.info\\\/2009-2015\\\/pervjetore-te-pergjakshem-dhe-vrases-ne-liri\\\/#primaryimage\"},\"thumbnailUrl\":\"http:\\\/\\\/www.shkoder.net\\\/images\\\/fjala\\\/enver_robelli.jpg\",\"datePublished\":\"2012-01-19T07:54:53+00:00\",\"breadcrumb\":{\"@id\":\"https:\\\/\\\/fjala.info\\\/2009-2015\\\/pervjetore-te-pergjakshem-dhe-vrases-ne-liri\\\/#breadcrumb\"},\"inLanguage\":\"sq-AL\",\"potentialAction\":[{\"@type\":\"ReadAction\",\"target\":[\"https:\\\/\\\/fjala.info\\\/2009-2015\\\/pervjetore-te-pergjakshem-dhe-vrases-ne-liri\\\/\"]}]},{\"@type\":\"ImageObject\",\"inLanguage\":\"sq-AL\",\"@id\":\"https:\\\/\\\/fjala.info\\\/2009-2015\\\/pervjetore-te-pergjakshem-dhe-vrases-ne-liri\\\/#primaryimage\",\"url\":\"http:\\\/\\\/www.shkoder.net\\\/images\\\/fjala\\\/enver_robelli.jpg\",\"contentUrl\":\"http:\\\/\\\/www.shkoder.net\\\/images\\\/fjala\\\/enver_robelli.jpg\"},{\"@type\":\"BreadcrumbList\",\"@id\":\"https:\\\/\\\/fjala.info\\\/2009-2015\\\/pervjetore-te-pergjakshem-dhe-vrases-ne-liri\\\/#breadcrumb\",\"itemListElement\":[{\"@type\":\"ListItem\",\"position\":1,\"name\":\"Home\",\"item\":\"https:\\\/\\\/fjala.info\\\/2009-2015\\\/\"},{\"@type\":\"ListItem\",\"position\":2,\"name\":\"P\u00ebrvjetor\u00eb t\u00eb p\u00ebrgjaksh\u00ebm dhe vras\u00ebs n\u00eb liri\"}]},{\"@type\":\"WebSite\",\"@id\":\"https:\\\/\\\/fjala.info\\\/2009-2015\\\/#website\",\"url\":\"https:\\\/\\\/fjala.info\\\/2009-2015\\\/\",\"name\":\"FjALA e LIR\u00cb - Arkivi\",\"description\":\"Arkivi 2009-2015\",\"publisher\":{\"@id\":\"https:\\\/\\\/fjala.info\\\/2009-2015\\\/#organization\"},\"potentialAction\":[{\"@type\":\"SearchAction\",\"target\":{\"@type\":\"EntryPoint\",\"urlTemplate\":\"https:\\\/\\\/fjala.info\\\/2009-2015\\\/?s={search_term_string}\"},\"query-input\":{\"@type\":\"PropertyValueSpecification\",\"valueRequired\":true,\"valueName\":\"search_term_string\"}}],\"inLanguage\":\"sq-AL\"},{\"@type\":\"Organization\",\"@id\":\"https:\\\/\\\/fjala.info\\\/2009-2015\\\/#organization\",\"name\":\"FjALA e LIR\u00cb - Arkivi\",\"url\":\"https:\\\/\\\/fjala.info\\\/2009-2015\\\/\",\"logo\":{\"@type\":\"ImageObject\",\"inLanguage\":\"sq-AL\",\"@id\":\"https:\\\/\\\/fjala.info\\\/2009-2015\\\/#\\\/schema\\\/logo\\\/image\\\/\",\"url\":\"\",\"contentUrl\":\"\",\"caption\":\"FjALA e LIR\u00cb - Arkivi\"},\"image\":{\"@id\":\"https:\\\/\\\/fjala.info\\\/2009-2015\\\/#\\\/schema\\\/logo\\\/image\\\/\"}},{\"@type\":\"Person\",\"@id\":\"https:\\\/\\\/fjala.info\\\/2009-2015\\\/#\\\/schema\\\/person\\\/3aa1163ef05469c496fc94e77611ada2\",\"name\":\"admin\",\"image\":{\"@type\":\"ImageObject\",\"inLanguage\":\"sq-AL\",\"@id\":\"https:\\\/\\\/fjala.info\\\/2009-2015\\\/wp-content\\\/uploads\\\/2012\\\/02\\\/arben_cokaj-120x150.jpg\",\"url\":\"https:\\\/\\\/fjala.info\\\/2009-2015\\\/wp-content\\\/uploads\\\/2012\\\/02\\\/arben_cokaj-120x150.jpg\",\"contentUrl\":\"https:\\\/\\\/fjala.info\\\/2009-2015\\\/wp-content\\\/uploads\\\/2012\\\/02\\\/arben_cokaj-120x150.jpg\",\"caption\":\"admin\"},\"description\":\"Admin, Fjala e Lir\u00eb\",\"sameAs\":[\"https:\\\/\\\/fjala.info\\\/\"],\"url\":\"https:\\\/\\\/fjala.info\\\/2009-2015\\\/author\\\/admin\\\/\"}]}<\/script>\n<!-- \/ Yoast SEO plugin. -->","yoast_head_json":{"title":"P\u00ebrvjetor\u00eb t\u00eb p\u00ebrgjaksh\u00ebm dhe vras\u00ebs n\u00eb liri - FjALA e LIR\u00cb - Arkivi","robots":{"index":"index","follow":"follow","max-snippet":"max-snippet:-1","max-image-preview":"max-image-preview:large","max-video-preview":"max-video-preview:-1"},"canonical":"https:\/\/fjala.info\/2009-2015\/pervjetore-te-pergjakshem-dhe-vrases-ne-liri\/","og_locale":"sq_AL","og_type":"article","og_title":"P\u00ebrvjetor\u00eb t\u00eb p\u00ebrgjaksh\u00ebm dhe vras\u00ebs n\u00eb liri - FjALA e LIR\u00cb - Arkivi","og_description":"Pse autoritetet e Kosov\u00ebs nuk k\u00ebrkojn\u00eb nga Gjermania rifillimin e hetimeve p\u00ebr atentatin kund\u00ebr v\u00ebllez\u00ebrve G\u00ebrvalla dhe Kadri Zek\u00ebs m\u00eb 17 janar 1982? 30 vjetori i sulmit vdekjeprur\u00ebs kund\u00ebr tyre \u00ebsht\u00eb ndoshta momenti i fundit. Sot po ashtu b\u00ebhen 10 vjet nga vrasja e deputetit t\u00eb Kuvendit t\u00eb Kosov\u00ebs, Smajl Hajdaraj. As vras\u00ebsit e tij [&hellip;]","og_url":"https:\/\/fjala.info\/2009-2015\/pervjetore-te-pergjakshem-dhe-vrases-ne-liri\/","og_site_name":"FjALA e LIR\u00cb - Arkivi","article_published_time":"2012-01-19T07:54:53+00:00","og_image":[{"url":"http:\/\/www.shkoder.net\/images\/fjala\/enver_robelli.jpg","type":"","width":"","height":""}],"author":"admin","twitter_card":"summary_large_image","twitter_misc":{"Written by":"admin","Est. reading time":"10 minutes"},"schema":{"@context":"https:\/\/schema.org","@graph":[{"@type":"Article","@id":"https:\/\/fjala.info\/2009-2015\/pervjetore-te-pergjakshem-dhe-vrases-ne-liri\/#article","isPartOf":{"@id":"https:\/\/fjala.info\/2009-2015\/pervjetore-te-pergjakshem-dhe-vrases-ne-liri\/"},"author":{"name":"admin","@id":"https:\/\/fjala.info\/2009-2015\/#\/schema\/person\/3aa1163ef05469c496fc94e77611ada2"},"headline":"P\u00ebrvjetor\u00eb t\u00eb p\u00ebrgjaksh\u00ebm dhe vras\u00ebs n\u00eb liri","datePublished":"2012-01-19T07:54:53+00:00","mainEntityOfPage":{"@id":"https:\/\/fjala.info\/2009-2015\/pervjetore-te-pergjakshem-dhe-vrases-ne-liri\/"},"wordCount":1917,"commentCount":0,"publisher":{"@id":"https:\/\/fjala.info\/2009-2015\/#organization"},"image":{"@id":"https:\/\/fjala.info\/2009-2015\/pervjetore-te-pergjakshem-dhe-vrases-ne-liri\/#primaryimage"},"thumbnailUrl":"http:\/\/www.shkoder.net\/images\/fjala\/enver_robelli.jpg","articleSection":["Artikuj"],"inLanguage":"sq-AL","potentialAction":[{"@type":"CommentAction","name":"Comment","target":["https:\/\/fjala.info\/2009-2015\/pervjetore-te-pergjakshem-dhe-vrases-ne-liri\/#respond"]}]},{"@type":"WebPage","@id":"https:\/\/fjala.info\/2009-2015\/pervjetore-te-pergjakshem-dhe-vrases-ne-liri\/","url":"https:\/\/fjala.info\/2009-2015\/pervjetore-te-pergjakshem-dhe-vrases-ne-liri\/","name":"P\u00ebrvjetor\u00eb t\u00eb p\u00ebrgjaksh\u00ebm dhe vras\u00ebs n\u00eb liri - FjALA e LIR\u00cb - Arkivi","isPartOf":{"@id":"https:\/\/fjala.info\/2009-2015\/#website"},"primaryImageOfPage":{"@id":"https:\/\/fjala.info\/2009-2015\/pervjetore-te-pergjakshem-dhe-vrases-ne-liri\/#primaryimage"},"image":{"@id":"https:\/\/fjala.info\/2009-2015\/pervjetore-te-pergjakshem-dhe-vrases-ne-liri\/#primaryimage"},"thumbnailUrl":"http:\/\/www.shkoder.net\/images\/fjala\/enver_robelli.jpg","datePublished":"2012-01-19T07:54:53+00:00","breadcrumb":{"@id":"https:\/\/fjala.info\/2009-2015\/pervjetore-te-pergjakshem-dhe-vrases-ne-liri\/#breadcrumb"},"inLanguage":"sq-AL","potentialAction":[{"@type":"ReadAction","target":["https:\/\/fjala.info\/2009-2015\/pervjetore-te-pergjakshem-dhe-vrases-ne-liri\/"]}]},{"@type":"ImageObject","inLanguage":"sq-AL","@id":"https:\/\/fjala.info\/2009-2015\/pervjetore-te-pergjakshem-dhe-vrases-ne-liri\/#primaryimage","url":"http:\/\/www.shkoder.net\/images\/fjala\/enver_robelli.jpg","contentUrl":"http:\/\/www.shkoder.net\/images\/fjala\/enver_robelli.jpg"},{"@type":"BreadcrumbList","@id":"https:\/\/fjala.info\/2009-2015\/pervjetore-te-pergjakshem-dhe-vrases-ne-liri\/#breadcrumb","itemListElement":[{"@type":"ListItem","position":1,"name":"Home","item":"https:\/\/fjala.info\/2009-2015\/"},{"@type":"ListItem","position":2,"name":"P\u00ebrvjetor\u00eb t\u00eb p\u00ebrgjaksh\u00ebm dhe vras\u00ebs n\u00eb liri"}]},{"@type":"WebSite","@id":"https:\/\/fjala.info\/2009-2015\/#website","url":"https:\/\/fjala.info\/2009-2015\/","name":"FjALA e LIR\u00cb - Arkivi","description":"Arkivi 2009-2015","publisher":{"@id":"https:\/\/fjala.info\/2009-2015\/#organization"},"potentialAction":[{"@type":"SearchAction","target":{"@type":"EntryPoint","urlTemplate":"https:\/\/fjala.info\/2009-2015\/?s={search_term_string}"},"query-input":{"@type":"PropertyValueSpecification","valueRequired":true,"valueName":"search_term_string"}}],"inLanguage":"sq-AL"},{"@type":"Organization","@id":"https:\/\/fjala.info\/2009-2015\/#organization","name":"FjALA e LIR\u00cb - Arkivi","url":"https:\/\/fjala.info\/2009-2015\/","logo":{"@type":"ImageObject","inLanguage":"sq-AL","@id":"https:\/\/fjala.info\/2009-2015\/#\/schema\/logo\/image\/","url":"","contentUrl":"","caption":"FjALA e LIR\u00cb - Arkivi"},"image":{"@id":"https:\/\/fjala.info\/2009-2015\/#\/schema\/logo\/image\/"}},{"@type":"Person","@id":"https:\/\/fjala.info\/2009-2015\/#\/schema\/person\/3aa1163ef05469c496fc94e77611ada2","name":"admin","image":{"@type":"ImageObject","inLanguage":"sq-AL","@id":"https:\/\/fjala.info\/2009-2015\/wp-content\/uploads\/2012\/02\/arben_cokaj-120x150.jpg","url":"https:\/\/fjala.info\/2009-2015\/wp-content\/uploads\/2012\/02\/arben_cokaj-120x150.jpg","contentUrl":"https:\/\/fjala.info\/2009-2015\/wp-content\/uploads\/2012\/02\/arben_cokaj-120x150.jpg","caption":"admin"},"description":"Admin, Fjala e Lir\u00eb","sameAs":["https:\/\/fjala.info\/"],"url":"https:\/\/fjala.info\/2009-2015\/author\/admin\/"}]}},"_links":{"self":[{"href":"https:\/\/fjala.info\/2009-2015\/wp-json\/wp\/v2\/posts\/11610","targetHints":{"allow":["GET"]}}],"collection":[{"href":"https:\/\/fjala.info\/2009-2015\/wp-json\/wp\/v2\/posts"}],"about":[{"href":"https:\/\/fjala.info\/2009-2015\/wp-json\/wp\/v2\/types\/post"}],"author":[{"embeddable":true,"href":"https:\/\/fjala.info\/2009-2015\/wp-json\/wp\/v2\/users\/1"}],"replies":[{"embeddable":true,"href":"https:\/\/fjala.info\/2009-2015\/wp-json\/wp\/v2\/comments?post=11610"}],"version-history":[{"count":0,"href":"https:\/\/fjala.info\/2009-2015\/wp-json\/wp\/v2\/posts\/11610\/revisions"}],"wp:attachment":[{"href":"https:\/\/fjala.info\/2009-2015\/wp-json\/wp\/v2\/media?parent=11610"}],"wp:term":[{"taxonomy":"category","embeddable":true,"href":"https:\/\/fjala.info\/2009-2015\/wp-json\/wp\/v2\/categories?post=11610"},{"taxonomy":"post_tag","embeddable":true,"href":"https:\/\/fjala.info\/2009-2015\/wp-json\/wp\/v2\/tags?post=11610"}],"curies":[{"name":"wp","href":"https:\/\/api.w.org\/{rel}","templated":true}]}}