{"id":11608,"date":"2012-01-19T04:35:05","date_gmt":"2012-01-19T03:35:05","guid":{"rendered":"http:\/\/fjala.shkoder.net\/?p=1202"},"modified":"2012-01-19T04:35:05","modified_gmt":"2012-01-19T03:35:05","slug":"daniel-gazulli-fondamentalizem-i-paster-gjuhesor","status":"publish","type":"post","link":"https:\/\/fjala.info\/2009-2015\/daniel-gazulli-fondamentalizem-i-paster-gjuhesor\/","title":{"rendered":"Daniel G\u00e0zulli: Fondamentaliz\u00ebm i past\u00ebr gjuh\u00ebsor"},"content":{"rendered":"<p><img decoding=\"async\" class=\"alignright size-thumbnail wp-image-7236\" title=\"Daniel G\u00e0zulli\" src=\"http:\/\/www.shkoder.net\/2012\/daniel_gazulli.jpg\" alt=\"\" width=\"200\" \/> <strong>DANIEL GAZULLI<\/strong>: <em>Tashma Shqipnia, si u mbush me bunker\u00eb, po mbushet p\u00ebrdit\u00eb e ma shum\u00eb me Dr. e Prof.<\/em><\/p>\n<p>Ajo q\u00eb e karakterizon k\u00ebte kategori nuk asht mendja e ndritun, por arroganca kund\u00ebr secilit q\u00eb mund t\u00eb ket\u00eb mendim t\u00eb ndrysh\u00ebm prej tyne.<br \/>\nShembulli ma i fundit asht nj\u00eb intervist\u00eb e dhan\u00eb nga Zonja Kristina Jorgaqi, gjuh\u00ebtare, pedagoge e land\u00ebs s\u00eb Sociolingiustik\u00ebs dhe Planifikimit Gjuh\u00ebsor n\u00eb Universitetin e Tiran\u00ebs. (Gazeta Shqiptare on line dat\u00eb 16.01.2012).<br \/>\nQ\u00eb zonja titullshum\u00eb t\u00eb mbroj\u00eb standardin e shqipes, asht e drejta e saj, bile edhe detyra e saj, n\u00ebse e ban k\u00ebte n\u00ebp\u00ebrmjet argumentimeve shkencore.<br \/>\nMir\u00ebpo, gjat\u00eb intervist\u00ebs, ndeshesh n\u00eb t\u00eb pav\u00ebrteta t\u00eb hapta, mjaft t\u00eb v\u00ebrtetoj\u00eb tezen e saj se standardi nuk ka nevoj\u00eb p\u00ebr rishikim, ashtu sikund\u00ebr, simbas saj, nuk asht prek\u00eb standardi as n\u00eb gjuh\u00ebt moderne asnj\u00ebher\u00eb.<br \/>\nVet\u00ebm n\u00eb 15 vjet\u00ebt e fundit ka pas\u00eb disa reforma gjuh\u00ebsore edhe n\u00eb gjuh\u00ebt ma t\u00eb zhvillueme, nd\u00ebr ta gjermanishtja, q\u00eb reforma e fundit gjuh\u00ebsore e preku n\u00eb vitin 1998. Por jo, simbas zonj\u00ebs standardi yn\u00eb nuk ka nevoj\u00eb as t\u00eb p\u00ebrmir\u00ebsohet, as t\u00eb plot\u00ebsohet, sepse ai asht i dhan\u00eb nj\u00eb her\u00eb e mir\u00eb, si Bibla. Dogm\u00eb ma t\u00eb past\u00ebr nuk mund t\u00eb gjesh.<br \/>\nPor edhe n\u00eb tema t\u00eb ve\u00e7anta zonja nuk asht kursye t\u00eb mashtroj\u00eb, mjaft t\u00eb mbroj\u00eb tez\u00ebn e vet.<br \/>\nJa disa fragmente:<br \/>\n\u201cThuhet se nga fjalori i shqipes standarde \u00ebsht\u00eb l\u00ebn\u00eb jasht\u00eb pjesa m\u00eb e madhe e pasuris\u00eb leksikore t\u00eb geg\u00ebrishtes. Sa e v\u00ebrtet\u00eb \u00ebsht\u00eb kjo?<br \/>\nSi studiuese, e them me p\u00ebrgjegj\u00ebsi t\u00eb plot\u00eb q\u00eb ky \u00ebsht\u00eb nj\u00eb trillim, i sajuar, n\u00eb rastin m\u00eb t\u00eb mir\u00eb, prej padijes. Nga tosk\u00ebrishtja, shqipja standarde v\u00ebrtet \u201cka huajtur\u201d struktur\u00ebn fonetike dhe gramatikore, por leksiku i standardit \u00ebsht\u00eb \u201ctrash\u00ebgimi\u201d prej t\u00eb dyja dialekteve.\u201d<br \/>\nT\u00eb g\u00ebnjesh dit\u00ebn p\u00ebr diell, kur n\u00eb fjalor jan\u00eb fut\u00eb edhe turqizma, por jo fjal\u00eb shqip vet\u00ebm pse ishin gegnisht, k\u00ebsaj i thon\u00eb kalimi i \u00e7do caku n\u00eb shtjellimin e nj\u00eb teme.<br \/>\nP\u00ebr t\u00eb mos lodh\u00eb lexuesin, po i kujtoj zonj\u00ebs se do t\u00eb kishte mjaftue t\u00eb merreshin nga fjalori n\u00eb fjalor fjal\u00eb si:<br \/>\nakulltar\/-e, anx:\u00eb\/-a, ballot:\u00eb\/-a, b\u00ebrgajn:\u00eb\/-a, birth-i (pse kemi turqishten \u00e7iban), brezh\u00ebl\/-a (kancer\/i), brig\/-u, cangull, me cok\u00eb, deh!, me u dej\u00eb, ding, me u djerg\u00eb, k\u00ebrcal\u00eb, me llok\u00eb, mang\u00ebn\/-a, miellc:\u00eb\/-a, me miklue (p\u00ebrk\u00ebdhel\u00eb), me p\u00ebrdah\u00eb, pllojc\u00eb, porrc\/-i (apendisit\/i), e deri tek neologjizma aq e bukur q\u00eb ndeshim te proverbat e mbledhuna prej Frang Bardhit: i p\u00ebrmiellt\u00eb. Por ata nuk u moren, se ishin serbisht, m\u00eb falni, desha t\u00eb them gegnisht.<br \/>\nPra, ma mir\u00eb turqishtja \u201c\u00e7iban\u201d, se sa gegnishtja \u201cbirth\u201d, sepse \u201cbirth\u201d nuk e paska tosknishtja; ma mir\u00eb turqishtja \u201cabrash\u201d, se sa shqipja \u201ci p\u00ebrmiellt\u00eb\u201d, se nuk e ka tosknishtja.<br \/>\n\u201cU la jasht\u00eb shqipes standarde edhe trajta paskajore e foljeve. A \u00ebsht\u00eb d\u00ebmtuar standardi prej k\u00ebsaj?<br \/>\nStruktura gramatikore e standardit, si\u00e7 e thash\u00eb, \u00ebsht\u00eb ajo e tosk\u00ebrishtes, kurse paskajorja \u00ebsht\u00eb tipar i geg\u00ebrishtes. P\u00ebr k\u00ebt\u00eb arsye ajo mbeti jasht\u00eb shqipes standarde. Nd\u00ebrkoh\u00eb, funksionet e saj n\u00eb standard i kryen m\u00ebnyra lidhore. Mbase keni d\u00ebgjuar t\u00eb flitet p\u00ebr rifutjen e paskajores n\u00eb standard. Dua t\u00eb sqaroj q\u00eb \u00ebsht\u00eb nj\u00eb k\u00ebrkes\u00eb, e cila nuk vjen \u201cnga posht\u00eb\u201d, pra, nga p\u00ebrdoruesit e gjuh\u00ebs, pasi k\u00ebta nuk e ndjejn\u00eb nevoj\u00ebn e p\u00ebrdorimit t\u00eb paskajores. Rifutja e paskajores \u00ebsht\u00eb nj\u00eb k\u00ebrkes\u00eb \u201cnga lart\u201d, me q\u00ebllim q\u00eb t\u00eb rehabilitohet ky tipar thelb\u00ebsor i geg\u00ebrishtes. Harrohet q\u00eb nd\u00ebrhyrjet n\u00eb gjuh\u00eb b\u00ebhen duke respektuar prirjet e natyrshme t\u00eb saj, jo duke i shkuar atyre ndesh. \u201c<br \/>\nGjendemi n\u00eb kufijt\u00eb e t\u00eb pabesueshmes. T\u00eb thot\u00eb nj\u00eb gjuh\u00ebtare se paskajoren e zevend\u00ebsueka lidhorja, asht t\u00eb vesh duert n\u00eb krye. Lidhorja ka vendin dhe p\u00ebrdorimin e vet, kurse paskajorja, zonj\u00eb e mir\u00eb (jo dhe aq), asht trajt\u00eb e shqipes, jo e gegnishtes.<br \/>\nSe k\u00ebrkesa p\u00ebr rip\u00ebrfshimjen e paskajores n\u00eb standard qenka \u201cnga lart\u201d e jo nga 2\/3 e popullsis\u00eb shqipfol\u00ebse, edhe ky asht nj\u00eb mastrim i madh.<br \/>\n\u201cAma p\u00ebr \u201czhb\u00ebrje\u201d t\u00eb nj\u00eb standardi t\u00eb ngritur mbi nj\u00eb dialekt me synimin p\u00ebr t\u00eb krijuar nj\u00eb standard t\u00eb ri mbi baz\u00ebn e nj\u00eb dialekti tjet\u00ebr, k\u00ebt\u00eb vet\u00ebm n\u00eb Shqip\u00ebri ta z\u00ebn\u00eb vesh\u00ebt. \u201c<br \/>\nZonj\u00eb e mir\u00eb,<br \/>\nT\u00eb p\u00ebrmir\u00ebsosh e t\u00eb pasunosh standartin n\u00eb tema v\u00ebrtet\u00eb t\u00eb vlerta p\u00ebr shqipen, jo p\u00ebr hat\u00ebr t\u00eb gegnisghtes, si\u00e7 jan\u00eb:<br \/>\n1) Pasunimin e gjuh\u00ebs shqipe me t\u00eb gjitha trajtat e saj fonetike e morfologjike ma p\u00ebrfaq\u00ebsuese e shpreh\u00ebse, q\u00eb t\u00eb lejojn\u00eb zhvillimin e paprem\u00eb t\u00eb saj, jo ta fosilizojn\u00eb si po ndodh\u00eb me fam\u00ebkeqen gjuh\u00eb standarde;<br \/>\n2) P\u00ebrfshimja e trajtave themel t\u00eb shqipes n\u00eb gjuh\u00ebn e nj\u00ebsueme, si jan\u00eb paskajorja e pjesorja e shkurt\u00eb;<br \/>\n3) Rishikimi i rregullave t\u00eb shum\u00ebsit t\u00eb emnave e t\u00eb mbiemnave;<br \/>\n4) Rishikimi i \u201c\u00eb\u201d-s\u00eb s\u00eb shurdh\u00ebt n\u00eb trup t\u00eb fjal\u00ebs n\u00eb raport me zanoren \u201ca\u201d;<br \/>\n5) P\u00ebrjashtimi nga normat e drejt\u00ebshkrimit i fjal\u00ebve me theks fundor n\u00ebn ndikimin e osmanishtes si; bab\u00e0, joq\u00eb: bab\u00eb; par\u00e0, joq\u00eb: pare; kaf\u00e9, joq\u00eb: kafe etj.<br \/>\nnuk do t\u00eb thot\u00eb \u201czhb\u00ebrje\u201d, po \u201cb\u00ebrje\u201d, pse nuk po k\u00ebrkohet asgja ma shum\u00eb se sa thuhej n\u00eb Rezolut\u00eb t\u00eb Kongresit: \u201cKongresi porosit q\u00eb, duke marr\u00eb parasysh ndryshimet q\u00eb p\u00ebson gjuha letrare gjat\u00eb zhvillimit t\u00eb saj, si edhe \u00e7\u00ebshtjet e reja q\u00eb nxierr praktika gjuh\u00ebsore, Rregullave t\u00eb drejtshkrimit t\u2019u b\u00ebhen, n\u00eb t\u00eb ardhmen, kur t\u00eb jet\u00eb e nevojshme, p\u00ebrmir\u00ebsimet dhe plot\u00ebsimet e duhura\u201c.<br \/>\n\u201cSipas jush, standardi nuk ka nevoj\u00eb p\u00ebr nd\u00ebrhyrje a ndryshime?<br \/>\nE thash\u00eb qart\u00eb, m\u00eb duket, q\u00eb standardi nuk ka pse ta ndryshoj\u00eb baz\u00ebn e tij dialektore, jo q\u00eb nuk ka nevoj\u00eb p\u00ebr nd\u00ebrhyrje e p\u00ebrmir\u00ebsime. Vet\u00ebm gjuh\u00ebt e vdekura, si latinishtja, greqishtja e vjet\u00ebr, jan\u00eb standardizuar nj\u00eb her\u00eb e p\u00ebrgjithmon\u00eb. Standardi pa dyshim q\u00eb ka nevoj\u00eb t\u2019i zgjeroj\u00eb e t\u2019i pasuroj\u00eb resurset, sidomos ato leksikore, por edhe t\u2019i p\u00ebrdor\u00eb e t\u2019i shfryt\u00ebzoj\u00eb me sa m\u00eb shum\u00eb efikasitet ato ekzistueset. \u201c<br \/>\nFalemnderit p\u00ebr l\u00ebshimin, p\u00ebr bujarin\u00eb tuej, q\u00eb do t\u00eb na lejoni \u201ct\u00eb zgj\u00ebrojm\u00eb resurset, sidomso ato leksikore\u201d.<br \/>\nSe mund t\u00eb arrihet edhe deri aty: t\u2019i marrim fjal\u00ebt nga greqishtja, turqishtja apo serbishja, por jo nga gegnishtja; po zonja tregohet bujare dhe i l\u00eb shteg t\u00eb hapun edhe leksikut geg\u00eb.<br \/>\nK\u00ebtij i thon\u00eb, zonj\u00eb e mir\u00eb, fondamentaliz\u00ebm gjuh\u00ebsor.<br \/>\nKu e ka baz\u00ebn dogma juej?<br \/>\nNuk asht v\u00ebshtir\u00eb t\u00eb kuptohet, aq sa nuk ia vlen ta lodhim lexusin.<\/p>\n","protected":false},"excerpt":{"rendered":"<p>DANIEL GAZULLI: Tashma Shqipnia, si u mbush me bunker\u00eb, po mbushet p\u00ebrdit\u00eb e ma shum\u00eb me Dr. e Prof. Ajo q\u00eb e karakterizon k\u00ebte kategori nuk asht mendja e ndritun, por arroganca kund\u00ebr secilit q\u00eb mund t\u00eb ket\u00eb mendim t\u00eb ndrysh\u00ebm prej tyne. Shembulli ma i fundit asht nj\u00eb intervist\u00eb e dhan\u00eb nga Zonja Kristina [&hellip;]<\/p>\n","protected":false},"author":1,"featured_media":0,"comment_status":"open","ping_status":"closed","sticky":false,"template":"","format":"standard","meta":{"footnotes":""},"categories":[2],"tags":[],"class_list":{"0":"post-11608","1":"post","2":"type-post","3":"status-publish","4":"format-standard","6":"category-artikuj"},"yoast_head":"<!-- This site is optimized with the Yoast SEO plugin v27.4 - https:\/\/yoast.com\/product\/yoast-seo-wordpress\/ -->\n<title>Daniel G\u00e0zulli: Fondamentaliz\u00ebm i past\u00ebr gjuh\u00ebsor - FjALA e LIR\u00cb - Arkivi<\/title>\n<meta name=\"robots\" content=\"index, follow, max-snippet:-1, max-image-preview:large, max-video-preview:-1\" \/>\n<link rel=\"canonical\" href=\"https:\/\/fjala.info\/2009-2015\/daniel-gazulli-fondamentalizem-i-paster-gjuhesor\/\" \/>\n<meta property=\"og:locale\" content=\"sq_AL\" \/>\n<meta property=\"og:type\" content=\"article\" \/>\n<meta property=\"og:title\" content=\"Daniel G\u00e0zulli: Fondamentaliz\u00ebm i past\u00ebr gjuh\u00ebsor - FjALA e LIR\u00cb - Arkivi\" \/>\n<meta property=\"og:description\" content=\"DANIEL GAZULLI: Tashma Shqipnia, si u mbush me bunker\u00eb, po mbushet p\u00ebrdit\u00eb e ma shum\u00eb me Dr. e Prof. Ajo q\u00eb e karakterizon k\u00ebte kategori nuk asht mendja e ndritun, por arroganca kund\u00ebr secilit q\u00eb mund t\u00eb ket\u00eb mendim t\u00eb ndrysh\u00ebm prej tyne. Shembulli ma i fundit asht nj\u00eb intervist\u00eb e dhan\u00eb nga Zonja Kristina [&hellip;]\" \/>\n<meta property=\"og:url\" content=\"https:\/\/fjala.info\/2009-2015\/daniel-gazulli-fondamentalizem-i-paster-gjuhesor\/\" \/>\n<meta property=\"og:site_name\" content=\"FjALA e LIR\u00cb - Arkivi\" \/>\n<meta property=\"article:published_time\" content=\"2012-01-19T03:35:05+00:00\" \/>\n<meta property=\"og:image\" content=\"http:\/\/www.shkoder.net\/2012\/daniel_gazulli.jpg\" \/>\n<meta name=\"author\" content=\"admin\" \/>\n<meta name=\"twitter:card\" content=\"summary_large_image\" \/>\n<meta name=\"twitter:label1\" content=\"Written by\" \/>\n\t<meta name=\"twitter:data1\" content=\"admin\" \/>\n\t<meta name=\"twitter:label2\" content=\"Est. reading time\" \/>\n\t<meta name=\"twitter:data2\" content=\"6 minutes\" \/>\n<script type=\"application\/ld+json\" class=\"yoast-schema-graph\">{\"@context\":\"https:\\\/\\\/schema.org\",\"@graph\":[{\"@type\":\"Article\",\"@id\":\"https:\\\/\\\/fjala.info\\\/2009-2015\\\/daniel-gazulli-fondamentalizem-i-paster-gjuhesor\\\/#article\",\"isPartOf\":{\"@id\":\"https:\\\/\\\/fjala.info\\\/2009-2015\\\/daniel-gazulli-fondamentalizem-i-paster-gjuhesor\\\/\"},\"author\":{\"name\":\"admin\",\"@id\":\"https:\\\/\\\/fjala.info\\\/2009-2015\\\/#\\\/schema\\\/person\\\/3aa1163ef05469c496fc94e77611ada2\"},\"headline\":\"Daniel G\u00e0zulli: Fondamentaliz\u00ebm i past\u00ebr gjuh\u00ebsor\",\"datePublished\":\"2012-01-19T03:35:05+00:00\",\"mainEntityOfPage\":{\"@id\":\"https:\\\/\\\/fjala.info\\\/2009-2015\\\/daniel-gazulli-fondamentalizem-i-paster-gjuhesor\\\/\"},\"wordCount\":1182,\"commentCount\":1,\"publisher\":{\"@id\":\"https:\\\/\\\/fjala.info\\\/2009-2015\\\/#organization\"},\"image\":{\"@id\":\"https:\\\/\\\/fjala.info\\\/2009-2015\\\/daniel-gazulli-fondamentalizem-i-paster-gjuhesor\\\/#primaryimage\"},\"thumbnailUrl\":\"http:\\\/\\\/www.shkoder.net\\\/2012\\\/daniel_gazulli.jpg\",\"articleSection\":[\"Artikuj\"],\"inLanguage\":\"sq-AL\",\"potentialAction\":[{\"@type\":\"CommentAction\",\"name\":\"Comment\",\"target\":[\"https:\\\/\\\/fjala.info\\\/2009-2015\\\/daniel-gazulli-fondamentalizem-i-paster-gjuhesor\\\/#respond\"]}]},{\"@type\":\"WebPage\",\"@id\":\"https:\\\/\\\/fjala.info\\\/2009-2015\\\/daniel-gazulli-fondamentalizem-i-paster-gjuhesor\\\/\",\"url\":\"https:\\\/\\\/fjala.info\\\/2009-2015\\\/daniel-gazulli-fondamentalizem-i-paster-gjuhesor\\\/\",\"name\":\"Daniel G\u00e0zulli: Fondamentaliz\u00ebm i past\u00ebr gjuh\u00ebsor - FjALA e LIR\u00cb - Arkivi\",\"isPartOf\":{\"@id\":\"https:\\\/\\\/fjala.info\\\/2009-2015\\\/#website\"},\"primaryImageOfPage\":{\"@id\":\"https:\\\/\\\/fjala.info\\\/2009-2015\\\/daniel-gazulli-fondamentalizem-i-paster-gjuhesor\\\/#primaryimage\"},\"image\":{\"@id\":\"https:\\\/\\\/fjala.info\\\/2009-2015\\\/daniel-gazulli-fondamentalizem-i-paster-gjuhesor\\\/#primaryimage\"},\"thumbnailUrl\":\"http:\\\/\\\/www.shkoder.net\\\/2012\\\/daniel_gazulli.jpg\",\"datePublished\":\"2012-01-19T03:35:05+00:00\",\"breadcrumb\":{\"@id\":\"https:\\\/\\\/fjala.info\\\/2009-2015\\\/daniel-gazulli-fondamentalizem-i-paster-gjuhesor\\\/#breadcrumb\"},\"inLanguage\":\"sq-AL\",\"potentialAction\":[{\"@type\":\"ReadAction\",\"target\":[\"https:\\\/\\\/fjala.info\\\/2009-2015\\\/daniel-gazulli-fondamentalizem-i-paster-gjuhesor\\\/\"]}]},{\"@type\":\"ImageObject\",\"inLanguage\":\"sq-AL\",\"@id\":\"https:\\\/\\\/fjala.info\\\/2009-2015\\\/daniel-gazulli-fondamentalizem-i-paster-gjuhesor\\\/#primaryimage\",\"url\":\"http:\\\/\\\/www.shkoder.net\\\/2012\\\/daniel_gazulli.jpg\",\"contentUrl\":\"http:\\\/\\\/www.shkoder.net\\\/2012\\\/daniel_gazulli.jpg\"},{\"@type\":\"BreadcrumbList\",\"@id\":\"https:\\\/\\\/fjala.info\\\/2009-2015\\\/daniel-gazulli-fondamentalizem-i-paster-gjuhesor\\\/#breadcrumb\",\"itemListElement\":[{\"@type\":\"ListItem\",\"position\":1,\"name\":\"Home\",\"item\":\"https:\\\/\\\/fjala.info\\\/2009-2015\\\/\"},{\"@type\":\"ListItem\",\"position\":2,\"name\":\"Daniel G\u00e0zulli: Fondamentaliz\u00ebm i past\u00ebr gjuh\u00ebsor\"}]},{\"@type\":\"WebSite\",\"@id\":\"https:\\\/\\\/fjala.info\\\/2009-2015\\\/#website\",\"url\":\"https:\\\/\\\/fjala.info\\\/2009-2015\\\/\",\"name\":\"FjALA e LIR\u00cb - Arkivi\",\"description\":\"Arkivi 2009-2015\",\"publisher\":{\"@id\":\"https:\\\/\\\/fjala.info\\\/2009-2015\\\/#organization\"},\"potentialAction\":[{\"@type\":\"SearchAction\",\"target\":{\"@type\":\"EntryPoint\",\"urlTemplate\":\"https:\\\/\\\/fjala.info\\\/2009-2015\\\/?s={search_term_string}\"},\"query-input\":{\"@type\":\"PropertyValueSpecification\",\"valueRequired\":true,\"valueName\":\"search_term_string\"}}],\"inLanguage\":\"sq-AL\"},{\"@type\":\"Organization\",\"@id\":\"https:\\\/\\\/fjala.info\\\/2009-2015\\\/#organization\",\"name\":\"FjALA e LIR\u00cb - Arkivi\",\"url\":\"https:\\\/\\\/fjala.info\\\/2009-2015\\\/\",\"logo\":{\"@type\":\"ImageObject\",\"inLanguage\":\"sq-AL\",\"@id\":\"https:\\\/\\\/fjala.info\\\/2009-2015\\\/#\\\/schema\\\/logo\\\/image\\\/\",\"url\":\"\",\"contentUrl\":\"\",\"caption\":\"FjALA e LIR\u00cb - Arkivi\"},\"image\":{\"@id\":\"https:\\\/\\\/fjala.info\\\/2009-2015\\\/#\\\/schema\\\/logo\\\/image\\\/\"}},{\"@type\":\"Person\",\"@id\":\"https:\\\/\\\/fjala.info\\\/2009-2015\\\/#\\\/schema\\\/person\\\/3aa1163ef05469c496fc94e77611ada2\",\"name\":\"admin\",\"image\":{\"@type\":\"ImageObject\",\"inLanguage\":\"sq-AL\",\"@id\":\"https:\\\/\\\/fjala.info\\\/2009-2015\\\/wp-content\\\/uploads\\\/2012\\\/02\\\/arben_cokaj-120x150.jpg\",\"url\":\"https:\\\/\\\/fjala.info\\\/2009-2015\\\/wp-content\\\/uploads\\\/2012\\\/02\\\/arben_cokaj-120x150.jpg\",\"contentUrl\":\"https:\\\/\\\/fjala.info\\\/2009-2015\\\/wp-content\\\/uploads\\\/2012\\\/02\\\/arben_cokaj-120x150.jpg\",\"caption\":\"admin\"},\"description\":\"Admin, Fjala e Lir\u00eb\",\"sameAs\":[\"https:\\\/\\\/fjala.info\\\/\"],\"url\":\"https:\\\/\\\/fjala.info\\\/2009-2015\\\/author\\\/admin\\\/\"}]}<\/script>\n<!-- \/ Yoast SEO plugin. -->","yoast_head_json":{"title":"Daniel G\u00e0zulli: Fondamentaliz\u00ebm i past\u00ebr gjuh\u00ebsor - FjALA e LIR\u00cb - Arkivi","robots":{"index":"index","follow":"follow","max-snippet":"max-snippet:-1","max-image-preview":"max-image-preview:large","max-video-preview":"max-video-preview:-1"},"canonical":"https:\/\/fjala.info\/2009-2015\/daniel-gazulli-fondamentalizem-i-paster-gjuhesor\/","og_locale":"sq_AL","og_type":"article","og_title":"Daniel G\u00e0zulli: Fondamentaliz\u00ebm i past\u00ebr gjuh\u00ebsor - FjALA e LIR\u00cb - Arkivi","og_description":"DANIEL GAZULLI: Tashma Shqipnia, si u mbush me bunker\u00eb, po mbushet p\u00ebrdit\u00eb e ma shum\u00eb me Dr. e Prof. Ajo q\u00eb e karakterizon k\u00ebte kategori nuk asht mendja e ndritun, por arroganca kund\u00ebr secilit q\u00eb mund t\u00eb ket\u00eb mendim t\u00eb ndrysh\u00ebm prej tyne. Shembulli ma i fundit asht nj\u00eb intervist\u00eb e dhan\u00eb nga Zonja Kristina [&hellip;]","og_url":"https:\/\/fjala.info\/2009-2015\/daniel-gazulli-fondamentalizem-i-paster-gjuhesor\/","og_site_name":"FjALA e LIR\u00cb - Arkivi","article_published_time":"2012-01-19T03:35:05+00:00","og_image":[{"url":"http:\/\/www.shkoder.net\/2012\/daniel_gazulli.jpg","type":"","width":"","height":""}],"author":"admin","twitter_card":"summary_large_image","twitter_misc":{"Written by":"admin","Est. reading time":"6 minutes"},"schema":{"@context":"https:\/\/schema.org","@graph":[{"@type":"Article","@id":"https:\/\/fjala.info\/2009-2015\/daniel-gazulli-fondamentalizem-i-paster-gjuhesor\/#article","isPartOf":{"@id":"https:\/\/fjala.info\/2009-2015\/daniel-gazulli-fondamentalizem-i-paster-gjuhesor\/"},"author":{"name":"admin","@id":"https:\/\/fjala.info\/2009-2015\/#\/schema\/person\/3aa1163ef05469c496fc94e77611ada2"},"headline":"Daniel G\u00e0zulli: Fondamentaliz\u00ebm i past\u00ebr gjuh\u00ebsor","datePublished":"2012-01-19T03:35:05+00:00","mainEntityOfPage":{"@id":"https:\/\/fjala.info\/2009-2015\/daniel-gazulli-fondamentalizem-i-paster-gjuhesor\/"},"wordCount":1182,"commentCount":1,"publisher":{"@id":"https:\/\/fjala.info\/2009-2015\/#organization"},"image":{"@id":"https:\/\/fjala.info\/2009-2015\/daniel-gazulli-fondamentalizem-i-paster-gjuhesor\/#primaryimage"},"thumbnailUrl":"http:\/\/www.shkoder.net\/2012\/daniel_gazulli.jpg","articleSection":["Artikuj"],"inLanguage":"sq-AL","potentialAction":[{"@type":"CommentAction","name":"Comment","target":["https:\/\/fjala.info\/2009-2015\/daniel-gazulli-fondamentalizem-i-paster-gjuhesor\/#respond"]}]},{"@type":"WebPage","@id":"https:\/\/fjala.info\/2009-2015\/daniel-gazulli-fondamentalizem-i-paster-gjuhesor\/","url":"https:\/\/fjala.info\/2009-2015\/daniel-gazulli-fondamentalizem-i-paster-gjuhesor\/","name":"Daniel G\u00e0zulli: Fondamentaliz\u00ebm i past\u00ebr gjuh\u00ebsor - FjALA e LIR\u00cb - Arkivi","isPartOf":{"@id":"https:\/\/fjala.info\/2009-2015\/#website"},"primaryImageOfPage":{"@id":"https:\/\/fjala.info\/2009-2015\/daniel-gazulli-fondamentalizem-i-paster-gjuhesor\/#primaryimage"},"image":{"@id":"https:\/\/fjala.info\/2009-2015\/daniel-gazulli-fondamentalizem-i-paster-gjuhesor\/#primaryimage"},"thumbnailUrl":"http:\/\/www.shkoder.net\/2012\/daniel_gazulli.jpg","datePublished":"2012-01-19T03:35:05+00:00","breadcrumb":{"@id":"https:\/\/fjala.info\/2009-2015\/daniel-gazulli-fondamentalizem-i-paster-gjuhesor\/#breadcrumb"},"inLanguage":"sq-AL","potentialAction":[{"@type":"ReadAction","target":["https:\/\/fjala.info\/2009-2015\/daniel-gazulli-fondamentalizem-i-paster-gjuhesor\/"]}]},{"@type":"ImageObject","inLanguage":"sq-AL","@id":"https:\/\/fjala.info\/2009-2015\/daniel-gazulli-fondamentalizem-i-paster-gjuhesor\/#primaryimage","url":"http:\/\/www.shkoder.net\/2012\/daniel_gazulli.jpg","contentUrl":"http:\/\/www.shkoder.net\/2012\/daniel_gazulli.jpg"},{"@type":"BreadcrumbList","@id":"https:\/\/fjala.info\/2009-2015\/daniel-gazulli-fondamentalizem-i-paster-gjuhesor\/#breadcrumb","itemListElement":[{"@type":"ListItem","position":1,"name":"Home","item":"https:\/\/fjala.info\/2009-2015\/"},{"@type":"ListItem","position":2,"name":"Daniel G\u00e0zulli: Fondamentaliz\u00ebm i past\u00ebr gjuh\u00ebsor"}]},{"@type":"WebSite","@id":"https:\/\/fjala.info\/2009-2015\/#website","url":"https:\/\/fjala.info\/2009-2015\/","name":"FjALA e LIR\u00cb - Arkivi","description":"Arkivi 2009-2015","publisher":{"@id":"https:\/\/fjala.info\/2009-2015\/#organization"},"potentialAction":[{"@type":"SearchAction","target":{"@type":"EntryPoint","urlTemplate":"https:\/\/fjala.info\/2009-2015\/?s={search_term_string}"},"query-input":{"@type":"PropertyValueSpecification","valueRequired":true,"valueName":"search_term_string"}}],"inLanguage":"sq-AL"},{"@type":"Organization","@id":"https:\/\/fjala.info\/2009-2015\/#organization","name":"FjALA e LIR\u00cb - Arkivi","url":"https:\/\/fjala.info\/2009-2015\/","logo":{"@type":"ImageObject","inLanguage":"sq-AL","@id":"https:\/\/fjala.info\/2009-2015\/#\/schema\/logo\/image\/","url":"","contentUrl":"","caption":"FjALA e LIR\u00cb - Arkivi"},"image":{"@id":"https:\/\/fjala.info\/2009-2015\/#\/schema\/logo\/image\/"}},{"@type":"Person","@id":"https:\/\/fjala.info\/2009-2015\/#\/schema\/person\/3aa1163ef05469c496fc94e77611ada2","name":"admin","image":{"@type":"ImageObject","inLanguage":"sq-AL","@id":"https:\/\/fjala.info\/2009-2015\/wp-content\/uploads\/2012\/02\/arben_cokaj-120x150.jpg","url":"https:\/\/fjala.info\/2009-2015\/wp-content\/uploads\/2012\/02\/arben_cokaj-120x150.jpg","contentUrl":"https:\/\/fjala.info\/2009-2015\/wp-content\/uploads\/2012\/02\/arben_cokaj-120x150.jpg","caption":"admin"},"description":"Admin, Fjala e Lir\u00eb","sameAs":["https:\/\/fjala.info\/"],"url":"https:\/\/fjala.info\/2009-2015\/author\/admin\/"}]}},"_links":{"self":[{"href":"https:\/\/fjala.info\/2009-2015\/wp-json\/wp\/v2\/posts\/11608","targetHints":{"allow":["GET"]}}],"collection":[{"href":"https:\/\/fjala.info\/2009-2015\/wp-json\/wp\/v2\/posts"}],"about":[{"href":"https:\/\/fjala.info\/2009-2015\/wp-json\/wp\/v2\/types\/post"}],"author":[{"embeddable":true,"href":"https:\/\/fjala.info\/2009-2015\/wp-json\/wp\/v2\/users\/1"}],"replies":[{"embeddable":true,"href":"https:\/\/fjala.info\/2009-2015\/wp-json\/wp\/v2\/comments?post=11608"}],"version-history":[{"count":0,"href":"https:\/\/fjala.info\/2009-2015\/wp-json\/wp\/v2\/posts\/11608\/revisions"}],"wp:attachment":[{"href":"https:\/\/fjala.info\/2009-2015\/wp-json\/wp\/v2\/media?parent=11608"}],"wp:term":[{"taxonomy":"category","embeddable":true,"href":"https:\/\/fjala.info\/2009-2015\/wp-json\/wp\/v2\/categories?post=11608"},{"taxonomy":"post_tag","embeddable":true,"href":"https:\/\/fjala.info\/2009-2015\/wp-json\/wp\/v2\/tags?post=11608"}],"curies":[{"name":"wp","href":"https:\/\/api.w.org\/{rel}","templated":true}]}}