{"id":11607,"date":"2012-01-19T04:31:45","date_gmt":"2012-01-19T03:31:45","guid":{"rendered":"http:\/\/fjala.shkoder.net\/?p=1199"},"modified":"2012-01-19T04:31:45","modified_gmt":"2012-01-19T03:31:45","slug":"ftese-per-kuvendin-mbi-jeta-arbereshe","status":"publish","type":"post","link":"https:\/\/fjala.info\/2009-2015\/ftese-per-kuvendin-mbi-jeta-arbereshe\/","title":{"rendered":"FTESE PER KUVENDIN MBI \u201cJeta Arb\u00ebreshe\u201d"},"content":{"rendered":"<p><strong>Prof. Agostino Giordano <\/strong><\/p>\n<p>\u201cShoqata Kulturore Jeta Arb\u00ebreshe\u201d e Pur\u00e7illit, p\u00ebr t\u00eb festuar Dhjet\u00eb Vjet\u00ebt e rivist\u00ebs s\u00eb saj \u201cJeta Arb\u00ebreshe\u201d, organizon nj\u00eb Kuvend Internacional:<\/p>\n<p><strong>ARB\u00cbRISHTJA, GJUHA JON\u00cb<\/strong><\/p>\n<p><img decoding=\"async\" class=\"aligncenter size-thumbnail wp-image-7236\" title=\"Jeta Arbereshe\" src=\"http:\/\/www.shkoder.net\/2012\/jeta_arbereshe.jpg\" alt=\"\" width=\"450\" \/><\/p>\n<p>\u00e7\u00eb do t\u00eb mbahet te Instituti Shkollor \u201cErnest Koliqi\u201d i Frasnit\u00ebs, t\u00eb shtun\u00eb 28 janar 2012, te hera 9,30.<\/p>\n<p>Hap\u00ebn Kuvendin: kryetari i Frasnit\u00ebs, arkitekt Francesco Pellicano.<\/p>\n<p>Mban fjal\u00ebn e hyrjes dhe drejton Kuvendin: prof. Agostino Giordano, drejtor i \u201cJet\u00ebs Arb\u00ebreshe\u201d;<br \/>\nJap\u00ebn nj\u00eb t\u00eb falur: senatori i Republik\u00ebs on. Basilio Giordano; Ambasadori Shqiptar n\u00eb Ital\u00ec, dr.Llesh Kola; asesori rrexhonal i Pakicavet Kulturore, on. Mario Caligiuri; drejtorja e Institutit \u201cErnest Koliqi\u201d t\u00eb Frasnit\u00ebs, prof.sha Francesca Camodeca;<\/p>\n<p>Mbaj\u00ebn fjalim: prof. I.C.Fortino, ka Universiteti \u201cL\u2019Orientale\u201d i Napolit; prof. Imri Badallaj, ka Universiteti i Prishtin\u00ebs; dr.sha Rrezarta Dra\u00e7ini, ka Universiteti i Shkodr\u00ebs; dr.Pierfranco Bruni, ka Ministeri i t\u00eb Miravet Kulturore; dr.sha Merita Hysa, ka Universiteti i Shkodr\u00ebs; protopapas Emanuele Giordano, leksikograf, muzikolog; prof. Bardh Rugova, ka Universiteti i Prishtin\u00ebs; protopapas Antonio Bellusci, etnolog, drejtor i \u201cLidhjes\u201d.<\/p>\n<p>Gjat\u00eb Kuvendit, grupi folk i Frasnit\u00ebs \u201cT\u00eb Bijt\u00eb e Shqiponjes\u201d k\u00ebndon dica k\u00ebnka arb\u00ebreshe.<br \/>\nEdhe Korrispondent\u00ebt e Jet\u00ebs Arb\u00ebreshe mund t\u2019i thon\u00eb dy fjal\u00eb, po tek e Folmja e katundit t\u00eb tyre.<\/p>\n","protected":false},"excerpt":{"rendered":"<p>Prof. Agostino Giordano \u201cShoqata Kulturore Jeta Arb\u00ebreshe\u201d e Pur\u00e7illit, p\u00ebr t\u00eb festuar Dhjet\u00eb Vjet\u00ebt e rivist\u00ebs s\u00eb saj \u201cJeta Arb\u00ebreshe\u201d, organizon nj\u00eb Kuvend Internacional: ARB\u00cbRISHTJA, GJUHA JON\u00cb \u00e7\u00eb do t\u00eb mbahet te Instituti Shkollor \u201cErnest Koliqi\u201d i Frasnit\u00ebs, t\u00eb shtun\u00eb 28 janar 2012, te hera 9,30. Hap\u00ebn Kuvendin: kryetari i Frasnit\u00ebs, arkitekt Francesco Pellicano. Mban [&hellip;]<\/p>\n","protected":false},"author":1,"featured_media":0,"comment_status":"open","ping_status":"closed","sticky":false,"template":"","format":"standard","meta":{"footnotes":""},"categories":[2,5],"tags":[],"class_list":{"0":"post-11607","1":"post","2":"type-post","3":"status-publish","4":"format-standard","6":"category-artikuj","7":"category-lajme"},"yoast_head":"<!-- This site is optimized with the Yoast SEO plugin v27.4 - https:\/\/yoast.com\/product\/yoast-seo-wordpress\/ -->\n<title>FTESE PER KUVENDIN MBI \u201cJeta Arb\u00ebreshe\u201d - FjALA e LIR\u00cb - Arkivi<\/title>\n<meta name=\"robots\" content=\"index, follow, max-snippet:-1, max-image-preview:large, max-video-preview:-1\" \/>\n<link rel=\"canonical\" href=\"https:\/\/fjala.info\/2009-2015\/ftese-per-kuvendin-mbi-jeta-arbereshe\/\" \/>\n<meta property=\"og:locale\" content=\"sq_AL\" \/>\n<meta property=\"og:type\" content=\"article\" \/>\n<meta property=\"og:title\" content=\"FTESE PER KUVENDIN MBI \u201cJeta Arb\u00ebreshe\u201d - FjALA e LIR\u00cb - Arkivi\" \/>\n<meta property=\"og:description\" content=\"Prof. Agostino Giordano \u201cShoqata Kulturore Jeta Arb\u00ebreshe\u201d e Pur\u00e7illit, p\u00ebr t\u00eb festuar Dhjet\u00eb Vjet\u00ebt e rivist\u00ebs s\u00eb saj \u201cJeta Arb\u00ebreshe\u201d, organizon nj\u00eb Kuvend Internacional: ARB\u00cbRISHTJA, GJUHA JON\u00cb \u00e7\u00eb do t\u00eb mbahet te Instituti Shkollor \u201cErnest Koliqi\u201d i Frasnit\u00ebs, t\u00eb shtun\u00eb 28 janar 2012, te hera 9,30. Hap\u00ebn Kuvendin: kryetari i Frasnit\u00ebs, arkitekt Francesco Pellicano. Mban [&hellip;]\" \/>\n<meta property=\"og:url\" content=\"https:\/\/fjala.info\/2009-2015\/ftese-per-kuvendin-mbi-jeta-arbereshe\/\" \/>\n<meta property=\"og:site_name\" content=\"FjALA e LIR\u00cb - Arkivi\" \/>\n<meta property=\"article:published_time\" content=\"2012-01-19T03:31:45+00:00\" \/>\n<meta property=\"og:image\" content=\"http:\/\/www.shkoder.net\/2012\/jeta_arbereshe.jpg\" \/>\n<meta name=\"author\" content=\"admin\" \/>\n<meta name=\"twitter:card\" content=\"summary_large_image\" \/>\n<meta name=\"twitter:label1\" content=\"Written by\" \/>\n\t<meta name=\"twitter:data1\" content=\"admin\" \/>\n\t<meta name=\"twitter:label2\" content=\"Est. reading time\" \/>\n\t<meta name=\"twitter:data2\" content=\"1 minute\" \/>\n<script type=\"application\/ld+json\" class=\"yoast-schema-graph\">{\"@context\":\"https:\\\/\\\/schema.org\",\"@graph\":[{\"@type\":\"Article\",\"@id\":\"https:\\\/\\\/fjala.info\\\/2009-2015\\\/ftese-per-kuvendin-mbi-jeta-arbereshe\\\/#article\",\"isPartOf\":{\"@id\":\"https:\\\/\\\/fjala.info\\\/2009-2015\\\/ftese-per-kuvendin-mbi-jeta-arbereshe\\\/\"},\"author\":{\"name\":\"admin\",\"@id\":\"https:\\\/\\\/fjala.info\\\/2009-2015\\\/#\\\/schema\\\/person\\\/3aa1163ef05469c496fc94e77611ada2\"},\"headline\":\"FTESE PER KUVENDIN MBI \u201cJeta Arb\u00ebreshe\u201d\",\"datePublished\":\"2012-01-19T03:31:45+00:00\",\"mainEntityOfPage\":{\"@id\":\"https:\\\/\\\/fjala.info\\\/2009-2015\\\/ftese-per-kuvendin-mbi-jeta-arbereshe\\\/\"},\"wordCount\":232,\"commentCount\":0,\"publisher\":{\"@id\":\"https:\\\/\\\/fjala.info\\\/2009-2015\\\/#organization\"},\"image\":{\"@id\":\"https:\\\/\\\/fjala.info\\\/2009-2015\\\/ftese-per-kuvendin-mbi-jeta-arbereshe\\\/#primaryimage\"},\"thumbnailUrl\":\"http:\\\/\\\/www.shkoder.net\\\/2012\\\/jeta_arbereshe.jpg\",\"articleSection\":[\"Artikuj\",\"Lajme\"],\"inLanguage\":\"sq-AL\",\"potentialAction\":[{\"@type\":\"CommentAction\",\"name\":\"Comment\",\"target\":[\"https:\\\/\\\/fjala.info\\\/2009-2015\\\/ftese-per-kuvendin-mbi-jeta-arbereshe\\\/#respond\"]}]},{\"@type\":\"WebPage\",\"@id\":\"https:\\\/\\\/fjala.info\\\/2009-2015\\\/ftese-per-kuvendin-mbi-jeta-arbereshe\\\/\",\"url\":\"https:\\\/\\\/fjala.info\\\/2009-2015\\\/ftese-per-kuvendin-mbi-jeta-arbereshe\\\/\",\"name\":\"FTESE PER KUVENDIN MBI \u201cJeta Arb\u00ebreshe\u201d - FjALA e LIR\u00cb - Arkivi\",\"isPartOf\":{\"@id\":\"https:\\\/\\\/fjala.info\\\/2009-2015\\\/#website\"},\"primaryImageOfPage\":{\"@id\":\"https:\\\/\\\/fjala.info\\\/2009-2015\\\/ftese-per-kuvendin-mbi-jeta-arbereshe\\\/#primaryimage\"},\"image\":{\"@id\":\"https:\\\/\\\/fjala.info\\\/2009-2015\\\/ftese-per-kuvendin-mbi-jeta-arbereshe\\\/#primaryimage\"},\"thumbnailUrl\":\"http:\\\/\\\/www.shkoder.net\\\/2012\\\/jeta_arbereshe.jpg\",\"datePublished\":\"2012-01-19T03:31:45+00:00\",\"breadcrumb\":{\"@id\":\"https:\\\/\\\/fjala.info\\\/2009-2015\\\/ftese-per-kuvendin-mbi-jeta-arbereshe\\\/#breadcrumb\"},\"inLanguage\":\"sq-AL\",\"potentialAction\":[{\"@type\":\"ReadAction\",\"target\":[\"https:\\\/\\\/fjala.info\\\/2009-2015\\\/ftese-per-kuvendin-mbi-jeta-arbereshe\\\/\"]}]},{\"@type\":\"ImageObject\",\"inLanguage\":\"sq-AL\",\"@id\":\"https:\\\/\\\/fjala.info\\\/2009-2015\\\/ftese-per-kuvendin-mbi-jeta-arbereshe\\\/#primaryimage\",\"url\":\"http:\\\/\\\/www.shkoder.net\\\/2012\\\/jeta_arbereshe.jpg\",\"contentUrl\":\"http:\\\/\\\/www.shkoder.net\\\/2012\\\/jeta_arbereshe.jpg\"},{\"@type\":\"BreadcrumbList\",\"@id\":\"https:\\\/\\\/fjala.info\\\/2009-2015\\\/ftese-per-kuvendin-mbi-jeta-arbereshe\\\/#breadcrumb\",\"itemListElement\":[{\"@type\":\"ListItem\",\"position\":1,\"name\":\"Home\",\"item\":\"https:\\\/\\\/fjala.info\\\/2009-2015\\\/\"},{\"@type\":\"ListItem\",\"position\":2,\"name\":\"FTESE PER KUVENDIN MBI \u201cJeta Arb\u00ebreshe\u201d\"}]},{\"@type\":\"WebSite\",\"@id\":\"https:\\\/\\\/fjala.info\\\/2009-2015\\\/#website\",\"url\":\"https:\\\/\\\/fjala.info\\\/2009-2015\\\/\",\"name\":\"FjALA e LIR\u00cb - Arkivi\",\"description\":\"Arkivi 2009-2015\",\"publisher\":{\"@id\":\"https:\\\/\\\/fjala.info\\\/2009-2015\\\/#organization\"},\"potentialAction\":[{\"@type\":\"SearchAction\",\"target\":{\"@type\":\"EntryPoint\",\"urlTemplate\":\"https:\\\/\\\/fjala.info\\\/2009-2015\\\/?s={search_term_string}\"},\"query-input\":{\"@type\":\"PropertyValueSpecification\",\"valueRequired\":true,\"valueName\":\"search_term_string\"}}],\"inLanguage\":\"sq-AL\"},{\"@type\":\"Organization\",\"@id\":\"https:\\\/\\\/fjala.info\\\/2009-2015\\\/#organization\",\"name\":\"FjALA e LIR\u00cb - Arkivi\",\"url\":\"https:\\\/\\\/fjala.info\\\/2009-2015\\\/\",\"logo\":{\"@type\":\"ImageObject\",\"inLanguage\":\"sq-AL\",\"@id\":\"https:\\\/\\\/fjala.info\\\/2009-2015\\\/#\\\/schema\\\/logo\\\/image\\\/\",\"url\":\"\",\"contentUrl\":\"\",\"caption\":\"FjALA e LIR\u00cb - Arkivi\"},\"image\":{\"@id\":\"https:\\\/\\\/fjala.info\\\/2009-2015\\\/#\\\/schema\\\/logo\\\/image\\\/\"}},{\"@type\":\"Person\",\"@id\":\"https:\\\/\\\/fjala.info\\\/2009-2015\\\/#\\\/schema\\\/person\\\/3aa1163ef05469c496fc94e77611ada2\",\"name\":\"admin\",\"image\":{\"@type\":\"ImageObject\",\"inLanguage\":\"sq-AL\",\"@id\":\"https:\\\/\\\/fjala.info\\\/2009-2015\\\/wp-content\\\/uploads\\\/2012\\\/02\\\/arben_cokaj-120x150.jpg\",\"url\":\"https:\\\/\\\/fjala.info\\\/2009-2015\\\/wp-content\\\/uploads\\\/2012\\\/02\\\/arben_cokaj-120x150.jpg\",\"contentUrl\":\"https:\\\/\\\/fjala.info\\\/2009-2015\\\/wp-content\\\/uploads\\\/2012\\\/02\\\/arben_cokaj-120x150.jpg\",\"caption\":\"admin\"},\"description\":\"Admin, Fjala e Lir\u00eb\",\"sameAs\":[\"https:\\\/\\\/fjala.info\\\/\"],\"url\":\"https:\\\/\\\/fjala.info\\\/2009-2015\\\/author\\\/admin\\\/\"}]}<\/script>\n<!-- \/ Yoast SEO plugin. -->","yoast_head_json":{"title":"FTESE PER KUVENDIN MBI \u201cJeta Arb\u00ebreshe\u201d - FjALA e LIR\u00cb - Arkivi","robots":{"index":"index","follow":"follow","max-snippet":"max-snippet:-1","max-image-preview":"max-image-preview:large","max-video-preview":"max-video-preview:-1"},"canonical":"https:\/\/fjala.info\/2009-2015\/ftese-per-kuvendin-mbi-jeta-arbereshe\/","og_locale":"sq_AL","og_type":"article","og_title":"FTESE PER KUVENDIN MBI \u201cJeta Arb\u00ebreshe\u201d - FjALA e LIR\u00cb - Arkivi","og_description":"Prof. Agostino Giordano \u201cShoqata Kulturore Jeta Arb\u00ebreshe\u201d e Pur\u00e7illit, p\u00ebr t\u00eb festuar Dhjet\u00eb Vjet\u00ebt e rivist\u00ebs s\u00eb saj \u201cJeta Arb\u00ebreshe\u201d, organizon nj\u00eb Kuvend Internacional: ARB\u00cbRISHTJA, GJUHA JON\u00cb \u00e7\u00eb do t\u00eb mbahet te Instituti Shkollor \u201cErnest Koliqi\u201d i Frasnit\u00ebs, t\u00eb shtun\u00eb 28 janar 2012, te hera 9,30. Hap\u00ebn Kuvendin: kryetari i Frasnit\u00ebs, arkitekt Francesco Pellicano. Mban [&hellip;]","og_url":"https:\/\/fjala.info\/2009-2015\/ftese-per-kuvendin-mbi-jeta-arbereshe\/","og_site_name":"FjALA e LIR\u00cb - Arkivi","article_published_time":"2012-01-19T03:31:45+00:00","og_image":[{"url":"http:\/\/www.shkoder.net\/2012\/jeta_arbereshe.jpg","type":"","width":"","height":""}],"author":"admin","twitter_card":"summary_large_image","twitter_misc":{"Written by":"admin","Est. reading time":"1 minute"},"schema":{"@context":"https:\/\/schema.org","@graph":[{"@type":"Article","@id":"https:\/\/fjala.info\/2009-2015\/ftese-per-kuvendin-mbi-jeta-arbereshe\/#article","isPartOf":{"@id":"https:\/\/fjala.info\/2009-2015\/ftese-per-kuvendin-mbi-jeta-arbereshe\/"},"author":{"name":"admin","@id":"https:\/\/fjala.info\/2009-2015\/#\/schema\/person\/3aa1163ef05469c496fc94e77611ada2"},"headline":"FTESE PER KUVENDIN MBI \u201cJeta Arb\u00ebreshe\u201d","datePublished":"2012-01-19T03:31:45+00:00","mainEntityOfPage":{"@id":"https:\/\/fjala.info\/2009-2015\/ftese-per-kuvendin-mbi-jeta-arbereshe\/"},"wordCount":232,"commentCount":0,"publisher":{"@id":"https:\/\/fjala.info\/2009-2015\/#organization"},"image":{"@id":"https:\/\/fjala.info\/2009-2015\/ftese-per-kuvendin-mbi-jeta-arbereshe\/#primaryimage"},"thumbnailUrl":"http:\/\/www.shkoder.net\/2012\/jeta_arbereshe.jpg","articleSection":["Artikuj","Lajme"],"inLanguage":"sq-AL","potentialAction":[{"@type":"CommentAction","name":"Comment","target":["https:\/\/fjala.info\/2009-2015\/ftese-per-kuvendin-mbi-jeta-arbereshe\/#respond"]}]},{"@type":"WebPage","@id":"https:\/\/fjala.info\/2009-2015\/ftese-per-kuvendin-mbi-jeta-arbereshe\/","url":"https:\/\/fjala.info\/2009-2015\/ftese-per-kuvendin-mbi-jeta-arbereshe\/","name":"FTESE PER KUVENDIN MBI \u201cJeta Arb\u00ebreshe\u201d - FjALA e LIR\u00cb - Arkivi","isPartOf":{"@id":"https:\/\/fjala.info\/2009-2015\/#website"},"primaryImageOfPage":{"@id":"https:\/\/fjala.info\/2009-2015\/ftese-per-kuvendin-mbi-jeta-arbereshe\/#primaryimage"},"image":{"@id":"https:\/\/fjala.info\/2009-2015\/ftese-per-kuvendin-mbi-jeta-arbereshe\/#primaryimage"},"thumbnailUrl":"http:\/\/www.shkoder.net\/2012\/jeta_arbereshe.jpg","datePublished":"2012-01-19T03:31:45+00:00","breadcrumb":{"@id":"https:\/\/fjala.info\/2009-2015\/ftese-per-kuvendin-mbi-jeta-arbereshe\/#breadcrumb"},"inLanguage":"sq-AL","potentialAction":[{"@type":"ReadAction","target":["https:\/\/fjala.info\/2009-2015\/ftese-per-kuvendin-mbi-jeta-arbereshe\/"]}]},{"@type":"ImageObject","inLanguage":"sq-AL","@id":"https:\/\/fjala.info\/2009-2015\/ftese-per-kuvendin-mbi-jeta-arbereshe\/#primaryimage","url":"http:\/\/www.shkoder.net\/2012\/jeta_arbereshe.jpg","contentUrl":"http:\/\/www.shkoder.net\/2012\/jeta_arbereshe.jpg"},{"@type":"BreadcrumbList","@id":"https:\/\/fjala.info\/2009-2015\/ftese-per-kuvendin-mbi-jeta-arbereshe\/#breadcrumb","itemListElement":[{"@type":"ListItem","position":1,"name":"Home","item":"https:\/\/fjala.info\/2009-2015\/"},{"@type":"ListItem","position":2,"name":"FTESE PER KUVENDIN MBI \u201cJeta Arb\u00ebreshe\u201d"}]},{"@type":"WebSite","@id":"https:\/\/fjala.info\/2009-2015\/#website","url":"https:\/\/fjala.info\/2009-2015\/","name":"FjALA e LIR\u00cb - Arkivi","description":"Arkivi 2009-2015","publisher":{"@id":"https:\/\/fjala.info\/2009-2015\/#organization"},"potentialAction":[{"@type":"SearchAction","target":{"@type":"EntryPoint","urlTemplate":"https:\/\/fjala.info\/2009-2015\/?s={search_term_string}"},"query-input":{"@type":"PropertyValueSpecification","valueRequired":true,"valueName":"search_term_string"}}],"inLanguage":"sq-AL"},{"@type":"Organization","@id":"https:\/\/fjala.info\/2009-2015\/#organization","name":"FjALA e LIR\u00cb - Arkivi","url":"https:\/\/fjala.info\/2009-2015\/","logo":{"@type":"ImageObject","inLanguage":"sq-AL","@id":"https:\/\/fjala.info\/2009-2015\/#\/schema\/logo\/image\/","url":"","contentUrl":"","caption":"FjALA e LIR\u00cb - Arkivi"},"image":{"@id":"https:\/\/fjala.info\/2009-2015\/#\/schema\/logo\/image\/"}},{"@type":"Person","@id":"https:\/\/fjala.info\/2009-2015\/#\/schema\/person\/3aa1163ef05469c496fc94e77611ada2","name":"admin","image":{"@type":"ImageObject","inLanguage":"sq-AL","@id":"https:\/\/fjala.info\/2009-2015\/wp-content\/uploads\/2012\/02\/arben_cokaj-120x150.jpg","url":"https:\/\/fjala.info\/2009-2015\/wp-content\/uploads\/2012\/02\/arben_cokaj-120x150.jpg","contentUrl":"https:\/\/fjala.info\/2009-2015\/wp-content\/uploads\/2012\/02\/arben_cokaj-120x150.jpg","caption":"admin"},"description":"Admin, Fjala e Lir\u00eb","sameAs":["https:\/\/fjala.info\/"],"url":"https:\/\/fjala.info\/2009-2015\/author\/admin\/"}]}},"_links":{"self":[{"href":"https:\/\/fjala.info\/2009-2015\/wp-json\/wp\/v2\/posts\/11607","targetHints":{"allow":["GET"]}}],"collection":[{"href":"https:\/\/fjala.info\/2009-2015\/wp-json\/wp\/v2\/posts"}],"about":[{"href":"https:\/\/fjala.info\/2009-2015\/wp-json\/wp\/v2\/types\/post"}],"author":[{"embeddable":true,"href":"https:\/\/fjala.info\/2009-2015\/wp-json\/wp\/v2\/users\/1"}],"replies":[{"embeddable":true,"href":"https:\/\/fjala.info\/2009-2015\/wp-json\/wp\/v2\/comments?post=11607"}],"version-history":[{"count":0,"href":"https:\/\/fjala.info\/2009-2015\/wp-json\/wp\/v2\/posts\/11607\/revisions"}],"wp:attachment":[{"href":"https:\/\/fjala.info\/2009-2015\/wp-json\/wp\/v2\/media?parent=11607"}],"wp:term":[{"taxonomy":"category","embeddable":true,"href":"https:\/\/fjala.info\/2009-2015\/wp-json\/wp\/v2\/categories?post=11607"},{"taxonomy":"post_tag","embeddable":true,"href":"https:\/\/fjala.info\/2009-2015\/wp-json\/wp\/v2\/tags?post=11607"}],"curies":[{"name":"wp","href":"https:\/\/api.w.org\/{rel}","templated":true}]}}