{"id":11606,"date":"2012-01-19T04:10:39","date_gmt":"2012-01-19T03:10:39","guid":{"rendered":"http:\/\/fjala.shkoder.net\/?p=1195"},"modified":"2012-01-19T04:10:39","modified_gmt":"2012-01-19T03:10:39","slug":"ambasadoret-arvizu-sekui-dhe-uollfarth-kerkojne-venien-e-berishes-dhe-bashes-ne-banken-e-te-akuzuarve","status":"publish","type":"post","link":"https:\/\/fjala.info\/2009-2015\/ambasadoret-arvizu-sekui-dhe-uollfarth-kerkojne-venien-e-berishes-dhe-bashes-ne-banken-e-te-akuzuarve\/","title":{"rendered":"Ambasador\u00ebt Arvizu, Sekui dhe Uollfarth k\u00ebrkojn\u00eb v\u00ebnien e Berish\u00ebs dhe Bash\u00ebs n\u00eb bank\u00ebn e t\u00eb akuzuarve"},"content":{"rendered":"<p><img decoding=\"async\" class=\"alignleft size-thumbnail wp-image-7236\" title=\"Ambasador\u00ebt Arvizu, Sequi dhe Wolfarth\" src=\"http:\/\/www.shkoder.net\/images\/fjala\/2011\/ambasadoret.jpg\" alt=\"\" width=\"300\" \/> <strong>Adriatik Do\u00e7i<\/strong>, <em>Gazeta Sot<\/em><\/p>\n<p>Personat p\u00ebrgjegj\u00ebs p\u00ebr vrasjet e 21 Janarit, p\u00ebrkat\u00ebsisht Sali Berisha dhe Lulzim Basha, dit\u00ebt e fundit, jan\u00eb n\u00ebn nj\u00eb trysni t\u00eb madhe nga nd\u00ebrkomb\u00ebtar\u00ebt p\u00ebr t\u2019u p\u00ebrballur me drejt\u00ebsin\u00eb. Kryeministri Berisha dhe ish-ministri i Brendsh\u00ebm, Lulzim Basha, si urdh\u00ebruesit kryesor\u00eb t\u00eb veprimeve t\u00eb Gard\u00ebs s\u00eb Republik\u00ebs, mbajn\u00eb mbi vete p\u00ebrgjegj\u00ebsin\u00eb e krimeve t\u00eb 21 janarit. Ata e kan\u00eb pohuar vet\u00eb, se kan\u00eb drejtuar operacionin e 21 Janarit, i cili u mori jet\u00ebn kat\u00ebr qytetar\u00ebve t\u00eb pafajsh\u00ebm.<\/p>\n<p>Manovra mafioze p\u00ebr sabotuar hetimet dhe fshehja e provave t\u00eb krimit, ishin dy elemente t\u00eb tjera q\u00eb implikojn\u00eb Bash\u00ebn dhe Berish\u00ebn n\u00eb masak\u00ebr. N\u00eb k\u00ebt\u00eb kuad\u00ebr, shtetet m\u00eb t\u00eb fuqishme t\u00eb planetit po inkurajojn\u00eb drejt\u00ebsin\u00eb q\u00eb t\u00eb ver\u00eb n\u00eb bangon e t\u00eb akuzuarve fajtor\u00ebt e v\u00ebrtet\u00eb, duke treguar gishtin mbi k\u00ebta dy persona.<\/p>\n<p>Duket se durimi i nd\u00ebrkomb\u00ebtar\u00ebve u sos dhe tani fillon faza e nd\u00ebshkimeve, n\u00ebp\u00ebrmjet procedurave ligjore.Shtetet e Bashkuara t\u00eb Amerik\u00ebs, Bashkimi Evropian dhe OSBE k\u00ebrkojn\u00eb d\u00ebnimin e vras\u00ebsve t\u00eb protestuesve n\u00eb masakr\u00ebn e 21 Janarit, si kusht p\u00ebr integrimin n\u00eb BE dhe si prov\u00eb p\u00ebr funksionimin e shtetit ligjor n\u00eb Shqip\u00ebri. Nj\u00eb dit\u00eb pas deklaratave trondit\u00ebse t\u00eb Uidhers, ku konfirmoi r\u00ebnien e drejt\u00ebsis\u00eb n\u00eb Shqip\u00ebri, ka ardhur nj\u00eb tjet\u00ebr mesazh i fort\u00eb nga p\u00ebrfaq\u00ebsia diplomatike m\u00eb e fuqishme n\u00eb vendin ton\u00eb. N\u00eb kuad\u00ebr t\u00eb 1-vjetorit t\u00eb 21 Janarit, ambasadori amerikan n\u00eb Tiran\u00eb, Aleksand\u00ebr Arvizu, ambasadori i OSBE, Eugen Uollfarth dhe ai i BE, Etore Sekui, kan\u00eb dal\u00eb m\u00eb nj\u00eb deklarat\u00eb t\u00eb p\u00ebrbashk\u00ebt, ku i b\u00ebjn\u00eb thirrje pushtetit t\u00eb mos pengoj\u00eb Prokurorin\u00eb n\u00eb zbardhjen e ngjarjes tragjike.<\/p>\n<p>Reagimi vjen n\u00eb nj\u00eb koh\u00eb kur Kryeministria ka fshir\u00eb pamjet e demonstrat\u00ebs nga serveri, p\u00ebr t\u00eb sabotuar hetimet e organit t\u00eb akuz\u00ebs. Ambasador\u00ebt kujtojn\u00eb faktin se n\u00eb at\u00eb dit\u00eb tragjike, kat\u00ebr protestues u vran\u00eb dhe dhjet\u00ebra t\u00eb tjer\u00eb, p\u00ebrfshir\u00eb protestues, kalimtar\u00eb dhe oficer\u00eb policie, u l\u00ebnduan. P\u00ebr ambasador\u00ebt e huaj, \u00ebsht\u00eb e nevojshme q\u00eb t\u00eb hidhet drit\u00eb e plot\u00eb mbi ngjarjet e 21 Janarit n\u00ebp\u00ebrmjet nj\u00eb procedure gjyq\u00ebsore t\u00eb besueshme, p\u00ebrfshir\u00eb nj\u00eb hetim gjith\u00ebp\u00ebrfshir\u00ebs, t\u00eb pavarur dhe t\u00eb lir\u00eb nga ndikimet partiake. \u201c21 Janari 2011 ishte nj\u00eb dit\u00eb e dhimbshme n\u00eb historin\u00eb e af\u00ebrt t\u00eb Shqip\u00ebris\u00eb me demonstrata t\u00eb dhunshme n\u00eb kryeqytetin shqiptar. N\u00eb at\u00eb dit\u00eb tragjike, kat\u00ebr protestues u vran\u00eb dhe dhjet\u00ebra t\u00eb tjer\u00eb, p\u00ebrfshir\u00eb protestues, kalimtar\u00eb dhe oficer\u00eb policie, u l\u00ebnduan.<\/p>\n<p>S\u00ebrish, duam t\u00eb shprehim ngush\u00ebllimet tona p\u00ebr familjar\u00ebt e viktimave t\u00eb k\u00ebsaj dhune t\u00eb pakuptimt\u00eb dhe t\u00eb pafalshme. \u00cbsht\u00eb e nevojshme q\u00eb t\u00eb hidhet drit\u00eb e plot\u00eb mbi ngjarjet e 21 janarit n\u00ebp\u00ebrmjet nj\u00eb procedure gjyq\u00ebsore t\u00eb besueshme, p\u00ebrfshir\u00eb nj\u00eb hetim gjith\u00ebp\u00ebrfshir\u00ebs, t\u00eb pavarur dhe t\u00eb lir\u00eb nga ndikimet partiake. Me t\u00eb drejt\u00eb, populli shqiptar pret q\u00eb t\u00eb jepet drejt\u00ebsi. N\u00eb k\u00ebt\u00eb kontekst, ne besojm\u00eb q\u00eb Zyra e Prokuroris\u00eb s\u00eb P\u00ebrgjithshme t\u00eb Shqip\u00ebris\u00eb \u00ebsht\u00eb institucioni i duhur p\u00ebr ta kryer k\u00ebt\u00eb hetim dhe ai institucion ka besimin dhe mb\u00ebshtetjen ton\u00eb t\u00eb plot\u00eb\u201d, thuhet n\u00eb deklarat\u00ebn e ambasador\u00ebve.<\/p>\n<p><strong>Shteti ligjor <\/strong><\/p>\n<p>P\u00ebrfaq\u00ebsia e huaj diplomatike n\u00eb Tiran\u00eb i kujton politik\u00ebs shqiptare se funksionimi i shtetit ligjor \u00ebsht\u00eb kusht i domosdosh\u00ebm p\u00ebr integrimin e vendit n\u00eb Bashkimin Evropian. Ata kan\u00eb theksuar se ceremonia p\u00ebrkujtimore p\u00ebr 21 Janarin duhet t\u00eb sh\u00ebrbej\u00eb p\u00ebr t\u00eb gjith\u00eb qytetar\u00ebt shqiptar\u00eb q\u00eb t\u00eb shohin drejt s\u00eb ardhmes.<\/p>\n<p>\u201cSigurimi i respektit p\u00ebr shtetin ligjor \u00ebsht\u00eb nj\u00eb element thelb\u00ebsor i shoq\u00ebrive demokratike dhe nj\u00eb parakusht p\u00ebr p\u00ebrparimin drejt integrimit n\u00eb BE. Kjo \u00ebsht\u00eb gjithashtu pjes\u00eb e aspiratave t\u00eb popullit shqiptar. 21 Janari 2012 duhet t\u00eb jet\u00eb m\u00eb tep\u00ebr se nj\u00eb dit\u00eb p\u00ebrkujtimore. Duhet t\u00eb jet\u00eb gjithashtu nj\u00eb rast p\u00ebr t\u00eb gjith\u00eb qytetar\u00ebt shqiptar\u00eb q\u00eb t\u00eb shohin drejt s\u00eb ardhmes dhe p\u00ebr forcat politike q\u00eb t\u00eb forcojn\u00eb dialogun e tyre politik, bashk\u00ebpunimin mbi integrimin n\u00eb BE dhe procesin e reformave\u201d, shprehen ambasador\u00ebt.<\/p>\n<p><strong>Familjar\u00ebt e viktimave<\/strong><\/p>\n<p>N\u00eb vigjilje t\u00eb 1-vjetorit t\u00eb ngjarjes s\u00eb rend\u00eb t\u00eb 21 Janarit, familjar\u00ebt e kat\u00ebr viktimave iu drejtuan me nj\u00eb let\u00ebr ambasadorit t\u00eb SHBA n\u00eb Tiran\u00eb, Aleksand\u00ebr Arvizu. Duke shprehur mir\u00ebnjohjen p\u00ebr SHBA n\u00eb ndihm\u00ebn e dh\u00ebn\u00eb prokuroris\u00eb n\u00eb zbardhjen e k\u00ebsaj ngjarje, familjar\u00ebt e kat\u00ebr viktimave t\u00eb 21 Janarit ii lut\u00ebn ambasadorit Arvizu p\u00ebr nxitjen dhe vijimin e mb\u00ebshtetjes s\u00eb organit t\u00eb akuz\u00ebs p\u00ebr t\u00eb shkuar drejt gjykimit t\u00eb fajtor\u00ebve.<\/p>\n<p>Familjar\u00ebt e kat\u00ebr viktimave t\u00eb 21 Janarit, theksojn\u00eb n\u00eb letr\u00ebn e tyre, se p\u00ebr t\u00eb zbardhur vras\u00ebsit nuk ka nevoj\u00eb p\u00ebr ndonj\u00eb hetim t\u00eb st\u00ebrholluar, pasi Garda e qeveris\u00eb ekzekutoi protestuesit e pafajsh\u00ebm. \u201cFilmimet e t\u00eb gjitha mediave televizive t\u00eb pranishme n\u00eb bulevard me 21 Janar kan\u00eb treguar se arm\u00ebt e zjarrit nga Garda e Republik\u00ebs u p\u00ebrdor\u00ebn kur demonstrata po shp\u00ebrndahej. Nuk ka patur dhe nuk ka nevoj\u00eb p\u00ebr asnj\u00eb hetim t\u00eb st\u00ebrholluar p\u00ebr t\u00eb provuar se me 21 Janar 2011 forcat e komanduara nga kryeministri Sali Berisha nuk shp\u00ebtuan asnj\u00eb jet\u00eb por mor\u00ebn jet\u00eb&#8221;, thuhet n\u00eb let\u00ebr.<\/p>\n<p><strong>Ambasadorja britanike: Hetim t\u00eb paansh\u00ebm t\u00eb 21 Janarit<\/strong><\/p>\n<p>Ambasadorja britanike n\u00eb Tiran\u00eb ka k\u00ebrkuar zbardhjen e masakr\u00ebs s\u00eb 21 Janarit. Gjat\u00eb nj\u00eb takimi me kryesocialistin Rama, Fiona McIl\u00ebham ka k\u00ebrkuar hetimin e 21 Janarit. \u201cKryetari i Partis\u00eb Socialiste Edi Rama priti n\u00eb takim ambasadoren e Britanis\u00eb s\u00eb Madhe Fiona McIl\u00ebham. N\u00eb vijim t\u00eb interesimit t\u00eb ambasadores McIl\u00ebham, zoti Rama informoi p\u00ebr p\u00ebrpjekjet dhe sfidat me t\u00eb cilat ndeshet Partia Socialiste p\u00ebr realizimin n\u00eb koh\u00eb dhe me cil\u00ebsi t\u00eb reform\u00ebs zgjedhore, parlamentare dhe t\u00eb sistemit t\u00eb drejt\u00ebsis\u00eb n\u00eb p\u00ebrgjith\u00ebsi dhe fal\u00ebnderoi p\u00ebr v\u00ebmendjen dhe ndihm\u00ebn konkrete t\u00eb Britanis\u00eb s\u00eb Madhe n\u00eb k\u00ebt\u00eb drejtim.<\/p>\n<p>Bashk\u00ebbiseduesit ndan\u00eb t\u00eb nj\u00ebjtin mendim lidhur me r\u00ebnd\u00ebsin\u00eb e funksionimit t\u00eb sistemit t\u00eb drejt\u00ebsis\u00eb n\u00eb nj\u00eb shtet ligjor dhe domosdoshm\u00ebrin\u00eb e hetimit t\u00eb paansh\u00ebm t\u00eb ngjarjes tragjike t\u00eb 21 janarit t\u00eb vitit t\u00eb kaluar\u201d, thuhet n\u00eb njoftimin e PS. Rama p\u00ebrs\u00ebriti angazhimin e Partis\u00eb Socialiste p\u00ebr kryerjen e reformave t\u00eb duhura p\u00ebr marrjen e statusit t\u00eb vendit kandidat p\u00ebr n\u00eb BE.<\/p>\n<p><strong>PS mb\u00ebshtet reagimin e ambasador\u00ebve<\/strong><\/p>\n<p>Partia Socialiste ka p\u00ebrsh\u00ebndetur dje reagimin e tre ambasador\u00ebve, t\u00eb cil\u00ebt k\u00ebrkuan zbardhjen e masakr\u00ebs s\u00eb 21 Janarit. Deputeti i PS, Erion Bra\u00e7e theksoi se tani k\u00ebrkesa p\u00ebr dor\u00ebzimin e vras\u00ebsve \u00ebsht\u00eb m\u00eb e fort\u00eb. \u201cTre ambasador\u00eb, ai i BE-, i OSBE dhe i SHBA n\u00eb deklarat\u00ebn p\u00ebr 21 Janarin than\u00eb: Mb\u00ebshtetje t\u00eb fort\u00eb p\u00ebr nj\u00eb hetim t\u00eb plot\u00eb. Mb\u00ebshtetje t\u00eb fort\u00eb Prokuroris\u00eb s\u00eb Republik\u00ebs si autoriteti q\u00eb duhet t\u00eb kryej\u00eb k\u00ebt\u00eb hetim t\u00eb plot\u00eb. Jemi pran\u00eb dhe i shprehim dashurin\u00eb ton\u00eb familjeve t\u00eb kat\u00ebr t\u00eb vrar\u00ebve m\u00eb 21 janar.<\/p>\n<p>Faleminderit t\u00eb tre ambasador\u00ebve. Tani, k\u00ebrkesa p\u00ebr nd\u00ebshkim t\u00eb vras\u00ebsve \u00ebsht\u00eb edhe m\u00eb e fort\u00eb. K\u00ebrkesa dhe mb\u00ebshtetja e ambasador\u00ebve erdhi menj\u00ebher\u00eb pas publikimit t\u00eb nj\u00eb d\u00ebshmie t\u00eb r\u00ebnd\u00eb p\u00ebr njohjen dhe implikimin e vras\u00ebsit t\u00eb Hekuran Ded\u00ebs, prej kryeministrit Berisha dhe nj\u00eb oficeri t\u00eb Gard\u00ebs s\u00eb Republik\u00ebs. K\u00ebrkesa dhe mb\u00ebshtetja e ambasador\u00ebve erdhi menj\u00ebher\u00eb pas heshtjes s\u00eb autoriteteve zyrtare dhe opozit\u00ebs rreth k\u00ebtij fakti\u201d, tha Bra\u00e7e.<\/p>\n<p><strong>Bra\u00e7e: Topi t\u00eb th\u00ebrras\u00eb Ina Ram\u00ebn p\u00ebr 21 Janarin <\/strong><\/p>\n<p>Partia Socialiste nuk heq dor\u00eb nga k\u00ebrkesa p\u00ebr zbardhjen e 21 Janarit. Me afrimin e 1-vjetorit, e gjith\u00eb v\u00ebmendja e opozit\u00ebs \u00ebsht\u00eb fokusuar tek ajo ngjarje. \u201cN\u00eb nj\u00eb shtet serioz, ligjor e t\u00eb s\u00eb drejt\u00ebs, pas d\u00ebshmis\u00eb s\u00eb v\u00ebllait t\u00eb t\u00eb vrarit n\u00eb 21 Janar, Hekuran Ded\u00ebs, mbi dijenin\u00eb e nj\u00eb oficeri t\u00eb Gard\u00ebs s\u00eb Republik\u00ebs p\u00ebr vras\u00ebsin, madje dijenin\u00eb e kryeministrit Berisha mbi vras\u00ebsin dhe, p\u00ebrpjekjen e tij p\u00ebr ta futur \u00e7\u00ebshtjen n\u00eb nj\u00eb spirale gjaku: Presidenti i Republik\u00ebs duhet t\u00eb kishte thirrur kryeprokuroren, p\u00ebr t\u2019i k\u00ebrkuar p\u00ebrfshirjen n\u00eb hetim t\u00eb k\u00ebtij fakti t\u00eb r\u00ebnd\u00eb.<\/p>\n<p>Kryeministri duhet t\u00eb kishte thirrur kryeprokuroren p\u00ebr t\u2019i k\u00ebrkuar hetimin dhe sqarimin deri n\u00eb detaje t\u00eb p\u00ebrfshirjes s\u00eb tij n\u00eb k\u00ebt\u00eb \u00e7\u00ebshtje t\u00eb r\u00ebnd\u00eb. Opozita, mbi t\u00eb gjitha opozita e vrar\u00eb, duhej t\u2019i kishte k\u00ebrkuar Presidentit t\u00eb Republik\u00ebs, Kryeministrit dhe Prokurorit t\u00eb Republik\u00ebs, hetimin urgjent t\u00eb k\u00ebsaj d\u00ebshmie shum\u00eb t\u00eb r\u00ebnd\u00eb\u201d, theksoi Bra\u00e7e.<\/p>\n","protected":false},"excerpt":{"rendered":"<p>Adriatik Do\u00e7i, Gazeta Sot Personat p\u00ebrgjegj\u00ebs p\u00ebr vrasjet e 21 Janarit, p\u00ebrkat\u00ebsisht Sali Berisha dhe Lulzim Basha, dit\u00ebt e fundit, jan\u00eb n\u00ebn nj\u00eb trysni t\u00eb madhe nga nd\u00ebrkomb\u00ebtar\u00ebt p\u00ebr t\u2019u p\u00ebrballur me drejt\u00ebsin\u00eb. Kryeministri Berisha dhe ish-ministri i Brendsh\u00ebm, Lulzim Basha, si urdh\u00ebruesit kryesor\u00eb t\u00eb veprimeve t\u00eb Gard\u00ebs s\u00eb Republik\u00ebs, mbajn\u00eb mbi vete p\u00ebrgjegj\u00ebsin\u00eb e [&hellip;]<\/p>\n","protected":false},"author":1,"featured_media":0,"comment_status":"open","ping_status":"closed","sticky":false,"template":"","format":"standard","meta":{"footnotes":""},"categories":[2],"tags":[],"class_list":{"0":"post-11606","1":"post","2":"type-post","3":"status-publish","4":"format-standard","6":"category-artikuj"},"yoast_head":"<!-- This site is optimized with the Yoast SEO plugin v27.4 - https:\/\/yoast.com\/product\/yoast-seo-wordpress\/ -->\n<title>Ambasador\u00ebt Arvizu, Sekui dhe Uollfarth k\u00ebrkojn\u00eb v\u00ebnien e Berish\u00ebs dhe Bash\u00ebs n\u00eb bank\u00ebn e t\u00eb akuzuarve - FjALA e LIR\u00cb - Arkivi<\/title>\n<meta name=\"robots\" content=\"index, follow, max-snippet:-1, max-image-preview:large, max-video-preview:-1\" \/>\n<link rel=\"canonical\" href=\"https:\/\/fjala.info\/2009-2015\/ambasadoret-arvizu-sekui-dhe-uollfarth-kerkojne-venien-e-berishes-dhe-bashes-ne-banken-e-te-akuzuarve\/\" \/>\n<meta property=\"og:locale\" content=\"sq_AL\" \/>\n<meta property=\"og:type\" content=\"article\" \/>\n<meta property=\"og:title\" content=\"Ambasador\u00ebt Arvizu, Sekui dhe Uollfarth k\u00ebrkojn\u00eb v\u00ebnien e Berish\u00ebs dhe Bash\u00ebs n\u00eb bank\u00ebn e t\u00eb akuzuarve - FjALA e LIR\u00cb - Arkivi\" \/>\n<meta property=\"og:description\" content=\"Adriatik Do\u00e7i, Gazeta Sot Personat p\u00ebrgjegj\u00ebs p\u00ebr vrasjet e 21 Janarit, p\u00ebrkat\u00ebsisht Sali Berisha dhe Lulzim Basha, dit\u00ebt e fundit, jan\u00eb n\u00ebn nj\u00eb trysni t\u00eb madhe nga nd\u00ebrkomb\u00ebtar\u00ebt p\u00ebr t\u2019u p\u00ebrballur me drejt\u00ebsin\u00eb. Kryeministri Berisha dhe ish-ministri i Brendsh\u00ebm, Lulzim Basha, si urdh\u00ebruesit kryesor\u00eb t\u00eb veprimeve t\u00eb Gard\u00ebs s\u00eb Republik\u00ebs, mbajn\u00eb mbi vete p\u00ebrgjegj\u00ebsin\u00eb e [&hellip;]\" \/>\n<meta property=\"og:url\" content=\"https:\/\/fjala.info\/2009-2015\/ambasadoret-arvizu-sekui-dhe-uollfarth-kerkojne-venien-e-berishes-dhe-bashes-ne-banken-e-te-akuzuarve\/\" \/>\n<meta property=\"og:site_name\" content=\"FjALA e LIR\u00cb - Arkivi\" \/>\n<meta property=\"article:published_time\" content=\"2012-01-19T03:10:39+00:00\" \/>\n<meta property=\"og:image\" content=\"http:\/\/www.shkoder.net\/images\/fjala\/2011\/ambasadoret.jpg\" \/>\n<meta name=\"author\" content=\"admin\" \/>\n<meta name=\"twitter:card\" content=\"summary_large_image\" \/>\n<meta name=\"twitter:label1\" content=\"Written by\" \/>\n\t<meta name=\"twitter:data1\" content=\"admin\" \/>\n\t<meta name=\"twitter:label2\" content=\"Est. reading time\" \/>\n\t<meta name=\"twitter:data2\" content=\"8 minutes\" \/>\n<script type=\"application\/ld+json\" class=\"yoast-schema-graph\">{\"@context\":\"https:\\\/\\\/schema.org\",\"@graph\":[{\"@type\":\"Article\",\"@id\":\"https:\\\/\\\/fjala.info\\\/2009-2015\\\/ambasadoret-arvizu-sekui-dhe-uollfarth-kerkojne-venien-e-berishes-dhe-bashes-ne-banken-e-te-akuzuarve\\\/#article\",\"isPartOf\":{\"@id\":\"https:\\\/\\\/fjala.info\\\/2009-2015\\\/ambasadoret-arvizu-sekui-dhe-uollfarth-kerkojne-venien-e-berishes-dhe-bashes-ne-banken-e-te-akuzuarve\\\/\"},\"author\":{\"name\":\"admin\",\"@id\":\"https:\\\/\\\/fjala.info\\\/2009-2015\\\/#\\\/schema\\\/person\\\/3aa1163ef05469c496fc94e77611ada2\"},\"headline\":\"Ambasador\u00ebt Arvizu, Sekui dhe Uollfarth k\u00ebrkojn\u00eb v\u00ebnien e Berish\u00ebs dhe Bash\u00ebs n\u00eb bank\u00ebn e t\u00eb akuzuarve\",\"datePublished\":\"2012-01-19T03:10:39+00:00\",\"mainEntityOfPage\":{\"@id\":\"https:\\\/\\\/fjala.info\\\/2009-2015\\\/ambasadoret-arvizu-sekui-dhe-uollfarth-kerkojne-venien-e-berishes-dhe-bashes-ne-banken-e-te-akuzuarve\\\/\"},\"wordCount\":1543,\"commentCount\":0,\"publisher\":{\"@id\":\"https:\\\/\\\/fjala.info\\\/2009-2015\\\/#organization\"},\"image\":{\"@id\":\"https:\\\/\\\/fjala.info\\\/2009-2015\\\/ambasadoret-arvizu-sekui-dhe-uollfarth-kerkojne-venien-e-berishes-dhe-bashes-ne-banken-e-te-akuzuarve\\\/#primaryimage\"},\"thumbnailUrl\":\"http:\\\/\\\/www.shkoder.net\\\/images\\\/fjala\\\/2011\\\/ambasadoret.jpg\",\"articleSection\":[\"Artikuj\"],\"inLanguage\":\"sq-AL\",\"potentialAction\":[{\"@type\":\"CommentAction\",\"name\":\"Comment\",\"target\":[\"https:\\\/\\\/fjala.info\\\/2009-2015\\\/ambasadoret-arvizu-sekui-dhe-uollfarth-kerkojne-venien-e-berishes-dhe-bashes-ne-banken-e-te-akuzuarve\\\/#respond\"]}]},{\"@type\":\"WebPage\",\"@id\":\"https:\\\/\\\/fjala.info\\\/2009-2015\\\/ambasadoret-arvizu-sekui-dhe-uollfarth-kerkojne-venien-e-berishes-dhe-bashes-ne-banken-e-te-akuzuarve\\\/\",\"url\":\"https:\\\/\\\/fjala.info\\\/2009-2015\\\/ambasadoret-arvizu-sekui-dhe-uollfarth-kerkojne-venien-e-berishes-dhe-bashes-ne-banken-e-te-akuzuarve\\\/\",\"name\":\"Ambasador\u00ebt Arvizu, Sekui dhe Uollfarth k\u00ebrkojn\u00eb v\u00ebnien e Berish\u00ebs dhe Bash\u00ebs n\u00eb bank\u00ebn e t\u00eb akuzuarve - FjALA e LIR\u00cb - Arkivi\",\"isPartOf\":{\"@id\":\"https:\\\/\\\/fjala.info\\\/2009-2015\\\/#website\"},\"primaryImageOfPage\":{\"@id\":\"https:\\\/\\\/fjala.info\\\/2009-2015\\\/ambasadoret-arvizu-sekui-dhe-uollfarth-kerkojne-venien-e-berishes-dhe-bashes-ne-banken-e-te-akuzuarve\\\/#primaryimage\"},\"image\":{\"@id\":\"https:\\\/\\\/fjala.info\\\/2009-2015\\\/ambasadoret-arvizu-sekui-dhe-uollfarth-kerkojne-venien-e-berishes-dhe-bashes-ne-banken-e-te-akuzuarve\\\/#primaryimage\"},\"thumbnailUrl\":\"http:\\\/\\\/www.shkoder.net\\\/images\\\/fjala\\\/2011\\\/ambasadoret.jpg\",\"datePublished\":\"2012-01-19T03:10:39+00:00\",\"breadcrumb\":{\"@id\":\"https:\\\/\\\/fjala.info\\\/2009-2015\\\/ambasadoret-arvizu-sekui-dhe-uollfarth-kerkojne-venien-e-berishes-dhe-bashes-ne-banken-e-te-akuzuarve\\\/#breadcrumb\"},\"inLanguage\":\"sq-AL\",\"potentialAction\":[{\"@type\":\"ReadAction\",\"target\":[\"https:\\\/\\\/fjala.info\\\/2009-2015\\\/ambasadoret-arvizu-sekui-dhe-uollfarth-kerkojne-venien-e-berishes-dhe-bashes-ne-banken-e-te-akuzuarve\\\/\"]}]},{\"@type\":\"ImageObject\",\"inLanguage\":\"sq-AL\",\"@id\":\"https:\\\/\\\/fjala.info\\\/2009-2015\\\/ambasadoret-arvizu-sekui-dhe-uollfarth-kerkojne-venien-e-berishes-dhe-bashes-ne-banken-e-te-akuzuarve\\\/#primaryimage\",\"url\":\"http:\\\/\\\/www.shkoder.net\\\/images\\\/fjala\\\/2011\\\/ambasadoret.jpg\",\"contentUrl\":\"http:\\\/\\\/www.shkoder.net\\\/images\\\/fjala\\\/2011\\\/ambasadoret.jpg\"},{\"@type\":\"BreadcrumbList\",\"@id\":\"https:\\\/\\\/fjala.info\\\/2009-2015\\\/ambasadoret-arvizu-sekui-dhe-uollfarth-kerkojne-venien-e-berishes-dhe-bashes-ne-banken-e-te-akuzuarve\\\/#breadcrumb\",\"itemListElement\":[{\"@type\":\"ListItem\",\"position\":1,\"name\":\"Home\",\"item\":\"https:\\\/\\\/fjala.info\\\/2009-2015\\\/\"},{\"@type\":\"ListItem\",\"position\":2,\"name\":\"Ambasador\u00ebt Arvizu, Sekui dhe Uollfarth k\u00ebrkojn\u00eb v\u00ebnien e Berish\u00ebs dhe Bash\u00ebs n\u00eb bank\u00ebn e t\u00eb akuzuarve\"}]},{\"@type\":\"WebSite\",\"@id\":\"https:\\\/\\\/fjala.info\\\/2009-2015\\\/#website\",\"url\":\"https:\\\/\\\/fjala.info\\\/2009-2015\\\/\",\"name\":\"FjALA e LIR\u00cb - Arkivi\",\"description\":\"Arkivi 2009-2015\",\"publisher\":{\"@id\":\"https:\\\/\\\/fjala.info\\\/2009-2015\\\/#organization\"},\"potentialAction\":[{\"@type\":\"SearchAction\",\"target\":{\"@type\":\"EntryPoint\",\"urlTemplate\":\"https:\\\/\\\/fjala.info\\\/2009-2015\\\/?s={search_term_string}\"},\"query-input\":{\"@type\":\"PropertyValueSpecification\",\"valueRequired\":true,\"valueName\":\"search_term_string\"}}],\"inLanguage\":\"sq-AL\"},{\"@type\":\"Organization\",\"@id\":\"https:\\\/\\\/fjala.info\\\/2009-2015\\\/#organization\",\"name\":\"FjALA e LIR\u00cb - Arkivi\",\"url\":\"https:\\\/\\\/fjala.info\\\/2009-2015\\\/\",\"logo\":{\"@type\":\"ImageObject\",\"inLanguage\":\"sq-AL\",\"@id\":\"https:\\\/\\\/fjala.info\\\/2009-2015\\\/#\\\/schema\\\/logo\\\/image\\\/\",\"url\":\"\",\"contentUrl\":\"\",\"caption\":\"FjALA e LIR\u00cb - Arkivi\"},\"image\":{\"@id\":\"https:\\\/\\\/fjala.info\\\/2009-2015\\\/#\\\/schema\\\/logo\\\/image\\\/\"}},{\"@type\":\"Person\",\"@id\":\"https:\\\/\\\/fjala.info\\\/2009-2015\\\/#\\\/schema\\\/person\\\/3aa1163ef05469c496fc94e77611ada2\",\"name\":\"admin\",\"image\":{\"@type\":\"ImageObject\",\"inLanguage\":\"sq-AL\",\"@id\":\"https:\\\/\\\/fjala.info\\\/2009-2015\\\/wp-content\\\/uploads\\\/2012\\\/02\\\/arben_cokaj-120x150.jpg\",\"url\":\"https:\\\/\\\/fjala.info\\\/2009-2015\\\/wp-content\\\/uploads\\\/2012\\\/02\\\/arben_cokaj-120x150.jpg\",\"contentUrl\":\"https:\\\/\\\/fjala.info\\\/2009-2015\\\/wp-content\\\/uploads\\\/2012\\\/02\\\/arben_cokaj-120x150.jpg\",\"caption\":\"admin\"},\"description\":\"Admin, Fjala e Lir\u00eb\",\"sameAs\":[\"https:\\\/\\\/fjala.info\\\/\"],\"url\":\"https:\\\/\\\/fjala.info\\\/2009-2015\\\/author\\\/admin\\\/\"}]}<\/script>\n<!-- \/ Yoast SEO plugin. -->","yoast_head_json":{"title":"Ambasador\u00ebt Arvizu, Sekui dhe Uollfarth k\u00ebrkojn\u00eb v\u00ebnien e Berish\u00ebs dhe Bash\u00ebs n\u00eb bank\u00ebn e t\u00eb akuzuarve - FjALA e LIR\u00cb - Arkivi","robots":{"index":"index","follow":"follow","max-snippet":"max-snippet:-1","max-image-preview":"max-image-preview:large","max-video-preview":"max-video-preview:-1"},"canonical":"https:\/\/fjala.info\/2009-2015\/ambasadoret-arvizu-sekui-dhe-uollfarth-kerkojne-venien-e-berishes-dhe-bashes-ne-banken-e-te-akuzuarve\/","og_locale":"sq_AL","og_type":"article","og_title":"Ambasador\u00ebt Arvizu, Sekui dhe Uollfarth k\u00ebrkojn\u00eb v\u00ebnien e Berish\u00ebs dhe Bash\u00ebs n\u00eb bank\u00ebn e t\u00eb akuzuarve - FjALA e LIR\u00cb - Arkivi","og_description":"Adriatik Do\u00e7i, Gazeta Sot Personat p\u00ebrgjegj\u00ebs p\u00ebr vrasjet e 21 Janarit, p\u00ebrkat\u00ebsisht Sali Berisha dhe Lulzim Basha, dit\u00ebt e fundit, jan\u00eb n\u00ebn nj\u00eb trysni t\u00eb madhe nga nd\u00ebrkomb\u00ebtar\u00ebt p\u00ebr t\u2019u p\u00ebrballur me drejt\u00ebsin\u00eb. Kryeministri Berisha dhe ish-ministri i Brendsh\u00ebm, Lulzim Basha, si urdh\u00ebruesit kryesor\u00eb t\u00eb veprimeve t\u00eb Gard\u00ebs s\u00eb Republik\u00ebs, mbajn\u00eb mbi vete p\u00ebrgjegj\u00ebsin\u00eb e [&hellip;]","og_url":"https:\/\/fjala.info\/2009-2015\/ambasadoret-arvizu-sekui-dhe-uollfarth-kerkojne-venien-e-berishes-dhe-bashes-ne-banken-e-te-akuzuarve\/","og_site_name":"FjALA e LIR\u00cb - Arkivi","article_published_time":"2012-01-19T03:10:39+00:00","og_image":[{"url":"http:\/\/www.shkoder.net\/images\/fjala\/2011\/ambasadoret.jpg","type":"","width":"","height":""}],"author":"admin","twitter_card":"summary_large_image","twitter_misc":{"Written by":"admin","Est. reading time":"8 minutes"},"schema":{"@context":"https:\/\/schema.org","@graph":[{"@type":"Article","@id":"https:\/\/fjala.info\/2009-2015\/ambasadoret-arvizu-sekui-dhe-uollfarth-kerkojne-venien-e-berishes-dhe-bashes-ne-banken-e-te-akuzuarve\/#article","isPartOf":{"@id":"https:\/\/fjala.info\/2009-2015\/ambasadoret-arvizu-sekui-dhe-uollfarth-kerkojne-venien-e-berishes-dhe-bashes-ne-banken-e-te-akuzuarve\/"},"author":{"name":"admin","@id":"https:\/\/fjala.info\/2009-2015\/#\/schema\/person\/3aa1163ef05469c496fc94e77611ada2"},"headline":"Ambasador\u00ebt Arvizu, Sekui dhe Uollfarth k\u00ebrkojn\u00eb v\u00ebnien e Berish\u00ebs dhe Bash\u00ebs n\u00eb bank\u00ebn e t\u00eb akuzuarve","datePublished":"2012-01-19T03:10:39+00:00","mainEntityOfPage":{"@id":"https:\/\/fjala.info\/2009-2015\/ambasadoret-arvizu-sekui-dhe-uollfarth-kerkojne-venien-e-berishes-dhe-bashes-ne-banken-e-te-akuzuarve\/"},"wordCount":1543,"commentCount":0,"publisher":{"@id":"https:\/\/fjala.info\/2009-2015\/#organization"},"image":{"@id":"https:\/\/fjala.info\/2009-2015\/ambasadoret-arvizu-sekui-dhe-uollfarth-kerkojne-venien-e-berishes-dhe-bashes-ne-banken-e-te-akuzuarve\/#primaryimage"},"thumbnailUrl":"http:\/\/www.shkoder.net\/images\/fjala\/2011\/ambasadoret.jpg","articleSection":["Artikuj"],"inLanguage":"sq-AL","potentialAction":[{"@type":"CommentAction","name":"Comment","target":["https:\/\/fjala.info\/2009-2015\/ambasadoret-arvizu-sekui-dhe-uollfarth-kerkojne-venien-e-berishes-dhe-bashes-ne-banken-e-te-akuzuarve\/#respond"]}]},{"@type":"WebPage","@id":"https:\/\/fjala.info\/2009-2015\/ambasadoret-arvizu-sekui-dhe-uollfarth-kerkojne-venien-e-berishes-dhe-bashes-ne-banken-e-te-akuzuarve\/","url":"https:\/\/fjala.info\/2009-2015\/ambasadoret-arvizu-sekui-dhe-uollfarth-kerkojne-venien-e-berishes-dhe-bashes-ne-banken-e-te-akuzuarve\/","name":"Ambasador\u00ebt Arvizu, Sekui dhe Uollfarth k\u00ebrkojn\u00eb v\u00ebnien e Berish\u00ebs dhe Bash\u00ebs n\u00eb bank\u00ebn e t\u00eb akuzuarve - FjALA e LIR\u00cb - Arkivi","isPartOf":{"@id":"https:\/\/fjala.info\/2009-2015\/#website"},"primaryImageOfPage":{"@id":"https:\/\/fjala.info\/2009-2015\/ambasadoret-arvizu-sekui-dhe-uollfarth-kerkojne-venien-e-berishes-dhe-bashes-ne-banken-e-te-akuzuarve\/#primaryimage"},"image":{"@id":"https:\/\/fjala.info\/2009-2015\/ambasadoret-arvizu-sekui-dhe-uollfarth-kerkojne-venien-e-berishes-dhe-bashes-ne-banken-e-te-akuzuarve\/#primaryimage"},"thumbnailUrl":"http:\/\/www.shkoder.net\/images\/fjala\/2011\/ambasadoret.jpg","datePublished":"2012-01-19T03:10:39+00:00","breadcrumb":{"@id":"https:\/\/fjala.info\/2009-2015\/ambasadoret-arvizu-sekui-dhe-uollfarth-kerkojne-venien-e-berishes-dhe-bashes-ne-banken-e-te-akuzuarve\/#breadcrumb"},"inLanguage":"sq-AL","potentialAction":[{"@type":"ReadAction","target":["https:\/\/fjala.info\/2009-2015\/ambasadoret-arvizu-sekui-dhe-uollfarth-kerkojne-venien-e-berishes-dhe-bashes-ne-banken-e-te-akuzuarve\/"]}]},{"@type":"ImageObject","inLanguage":"sq-AL","@id":"https:\/\/fjala.info\/2009-2015\/ambasadoret-arvizu-sekui-dhe-uollfarth-kerkojne-venien-e-berishes-dhe-bashes-ne-banken-e-te-akuzuarve\/#primaryimage","url":"http:\/\/www.shkoder.net\/images\/fjala\/2011\/ambasadoret.jpg","contentUrl":"http:\/\/www.shkoder.net\/images\/fjala\/2011\/ambasadoret.jpg"},{"@type":"BreadcrumbList","@id":"https:\/\/fjala.info\/2009-2015\/ambasadoret-arvizu-sekui-dhe-uollfarth-kerkojne-venien-e-berishes-dhe-bashes-ne-banken-e-te-akuzuarve\/#breadcrumb","itemListElement":[{"@type":"ListItem","position":1,"name":"Home","item":"https:\/\/fjala.info\/2009-2015\/"},{"@type":"ListItem","position":2,"name":"Ambasador\u00ebt Arvizu, Sekui dhe Uollfarth k\u00ebrkojn\u00eb v\u00ebnien e Berish\u00ebs dhe Bash\u00ebs n\u00eb bank\u00ebn e t\u00eb akuzuarve"}]},{"@type":"WebSite","@id":"https:\/\/fjala.info\/2009-2015\/#website","url":"https:\/\/fjala.info\/2009-2015\/","name":"FjALA e LIR\u00cb - Arkivi","description":"Arkivi 2009-2015","publisher":{"@id":"https:\/\/fjala.info\/2009-2015\/#organization"},"potentialAction":[{"@type":"SearchAction","target":{"@type":"EntryPoint","urlTemplate":"https:\/\/fjala.info\/2009-2015\/?s={search_term_string}"},"query-input":{"@type":"PropertyValueSpecification","valueRequired":true,"valueName":"search_term_string"}}],"inLanguage":"sq-AL"},{"@type":"Organization","@id":"https:\/\/fjala.info\/2009-2015\/#organization","name":"FjALA e LIR\u00cb - Arkivi","url":"https:\/\/fjala.info\/2009-2015\/","logo":{"@type":"ImageObject","inLanguage":"sq-AL","@id":"https:\/\/fjala.info\/2009-2015\/#\/schema\/logo\/image\/","url":"","contentUrl":"","caption":"FjALA e LIR\u00cb - Arkivi"},"image":{"@id":"https:\/\/fjala.info\/2009-2015\/#\/schema\/logo\/image\/"}},{"@type":"Person","@id":"https:\/\/fjala.info\/2009-2015\/#\/schema\/person\/3aa1163ef05469c496fc94e77611ada2","name":"admin","image":{"@type":"ImageObject","inLanguage":"sq-AL","@id":"https:\/\/fjala.info\/2009-2015\/wp-content\/uploads\/2012\/02\/arben_cokaj-120x150.jpg","url":"https:\/\/fjala.info\/2009-2015\/wp-content\/uploads\/2012\/02\/arben_cokaj-120x150.jpg","contentUrl":"https:\/\/fjala.info\/2009-2015\/wp-content\/uploads\/2012\/02\/arben_cokaj-120x150.jpg","caption":"admin"},"description":"Admin, Fjala e Lir\u00eb","sameAs":["https:\/\/fjala.info\/"],"url":"https:\/\/fjala.info\/2009-2015\/author\/admin\/"}]}},"_links":{"self":[{"href":"https:\/\/fjala.info\/2009-2015\/wp-json\/wp\/v2\/posts\/11606","targetHints":{"allow":["GET"]}}],"collection":[{"href":"https:\/\/fjala.info\/2009-2015\/wp-json\/wp\/v2\/posts"}],"about":[{"href":"https:\/\/fjala.info\/2009-2015\/wp-json\/wp\/v2\/types\/post"}],"author":[{"embeddable":true,"href":"https:\/\/fjala.info\/2009-2015\/wp-json\/wp\/v2\/users\/1"}],"replies":[{"embeddable":true,"href":"https:\/\/fjala.info\/2009-2015\/wp-json\/wp\/v2\/comments?post=11606"}],"version-history":[{"count":0,"href":"https:\/\/fjala.info\/2009-2015\/wp-json\/wp\/v2\/posts\/11606\/revisions"}],"wp:attachment":[{"href":"https:\/\/fjala.info\/2009-2015\/wp-json\/wp\/v2\/media?parent=11606"}],"wp:term":[{"taxonomy":"category","embeddable":true,"href":"https:\/\/fjala.info\/2009-2015\/wp-json\/wp\/v2\/categories?post=11606"},{"taxonomy":"post_tag","embeddable":true,"href":"https:\/\/fjala.info\/2009-2015\/wp-json\/wp\/v2\/tags?post=11606"}],"curies":[{"name":"wp","href":"https:\/\/api.w.org\/{rel}","templated":true}]}}