{"id":11589,"date":"2012-01-11T22:43:08","date_gmt":"2012-01-11T21:43:08","guid":{"rendered":"http:\/\/fjala.shkoder.net\/?p=1075"},"modified":"2012-01-11T22:43:08","modified_gmt":"2012-01-11T21:43:08","slug":"faleminderit-kryeminister","status":"publish","type":"post","link":"https:\/\/fjala.info\/2009-2015\/faleminderit-kryeminister\/","title":{"rendered":"Faleminderit Kryeminist\u00ebr"},"content":{"rendered":"<p><img decoding=\"async\" class=\"alignright size-thumbnail wp-image-7236\" title=\"Fatos Mahmutaj\" src=\"http:\/\/www.shkoder.net\/2012\/fatos_mahmutaj.jpg\" alt=\"\" width=\"150\" \/> <strong>Fatos Mahmutaj<\/strong><\/p>\n<p>I nderuar Kryeminist\u00ebr i vendit tim. As vet\u00eb nuk e kuptoj sesi ndodhi, por kjo deklarata Juaj e fundit p\u00ebr \u201cinformatizimin e plot\u00eb t\u00eb fermer\u00ebve shqiptar\u00eb\u201d m\u00eb ka ngaz\u00ebllyer jasht\u00eb mase dhe p\u00ebr k\u00ebt\u00eb m\u00eb duhet t\u00eb t\u00eb fal\u00ebnderoj nga shpirti. Po pat\u00ebt durim po Ju shkruaj me pak rreshta m\u00eb posht\u00eb gjith\u00eb arsyet q\u00eb m\u00eb kan\u00eb sjell\u00eb k\u00ebt\u00eb gjendje, m\u00eb t\u00eb lumtur\u00ebn n\u00eb nj\u00eb vit t\u00eb plot\u00eb.<\/p>\n<p>\u2026gjith\u00e7ka e imja nisi t\u00eb rrokullisej keq e m\u00eb keq pas plumbit q\u00eb mora m\u00eb 21 janarin e vitit t\u00eb kaluar teksa ndodhesha n\u00eb bulevardin D\u00ebshmor\u00ebt e Kombit duke b\u00ebr\u00eb pun\u00ebn time si pu\u00e7ist. Po, po, pu\u00e7ist dhe pik\u00eb. Edhe pse nuk kisha at\u00eb dit\u00eb \u00e7ad\u00ebr pistolet\u00eb, apo thik\u00eb me helm, s\u00ebrish pu\u00e7ist mbetem. Fundoja \u00e7\u2019m\u00eb duhej mua t\u2019iu tregoja shqiptar\u00ebve, aq m\u00eb tep\u00ebr n\u00eb televizionin Tuaj, q\u00eb Garda Juaj, po q\u00ebllonte mbi njer\u00ebzit!? Ta l\u00ebm\u00eb k\u00ebt\u00eb tem\u00eb, pasi ajo pun\u00eb dihet mir\u00eb, se \u00e7far\u00eb ishte 21 janari me t\u00eb v\u00ebrtet\u00eb. Pu\u00e7 dhe pik\u00eb. Un\u00eb, ashtu si Juve, nuk e besoj prokurorin\u00eb.<\/p>\n<p>Q\u00eb t\u00eb dalim n\u00eb tem\u00eb i nderuar Kryeminist\u00ebr, m\u00eb duhet t\u00eb t\u00eb tregoj edhe di\u00e7ka t\u00eb vog\u00ebl. Pas ikjes time jasht\u00eb vendit, nj\u00eb polic, p\u00ebr t\u00eb cilin goj\u00ebt e liga thon\u00eb se i b\u00ebn fresk Familjes Tuaj, provoi pistolet\u00ebn drejt tim v\u00ebllai. Po si prov\u00eb q\u00eb ishte, doli shum\u00eb keq, pasi v\u00ebllain tim nuk e kapi asnj\u00eb plumb, nga 6 q\u00eb i adresoi qit\u00ebsi. Kjo u b\u00eb shkak q\u00eb im v\u00eblla t\u00eb linte shkoll\u00ebn, dhe familja ime banes\u00ebn n\u00eb Tiran\u00eb dhe t\u00eb ngujohej n\u00eb fshatin e origjin\u00ebs. Po do ti q\u00eb u doli m\u00eb mir\u00eb kjo pun\u00eb\u2026<\/p>\n<p>Me t\u00eb shkuar n\u00eb fshat im at\u00eb iu rikthye me qejf profesionit t\u00eb vet. (Nj\u00eb cop\u00eb agronom-pensionist \u00ebsht\u00eb). Jo sipas mendimit t\u00eb tij, por sipas porosis\u00eb Tuaj, nisi t\u00eb mbjell\u00eb ullinj edhe ato pak sip\u00ebrfaqe q\u00eb nuk kishte mbjell\u00eb m\u00eb par\u00eb. Por edhe ai duke qen\u00eb pak pu\u00e7ist, (un\u00eb nuk ka mund\u00ebsi t\u00eb jem ndryshe: B\u00ebm baba t\u00eb t\u00eb ngjaj), refuzoi t\u00eb blinte fidan\u00eb n\u00eb pikat e shitjes t\u00eb biznesmen\u00ebve, p\u00ebr t\u00eb cil\u00ebt thuhet se q\u00ebndrojn\u00eb pran\u00eb njer\u00ebzve t\u00eb pushtetit.<\/p>\n<p>Kot m\u00eb kot, im at\u00eb nxorri justifikimin se ato fidan\u00eb ishin t\u00eb pap\u00ebrshtatsh\u00ebm dhe OMGJ. Po k\u00ebshtu ai nuk pranoi t\u2019i mbillte n\u00eb m\u00ebnyr\u00ebn e propozuar nga Juve, por n\u00eb nj\u00eb distanc\u00eb m\u00eb t\u00eb larg\u00ebt, pasi beson ende n\u00eb dogma t\u00eb vjetra, t\u00eb dala boje, t\u00eb tipit: Ulliri \u00ebsht\u00eb bim\u00eb shekullore dhe ka nevoj\u00eb p\u00ebr hap\u00ebsir\u00eb. Mos ia v\u00ebr re, i ka mbetur ora n\u00eb koh\u00ebn e Enverit, kur ka b\u00ebr\u00eb shkoll\u00ebn. Edhe arroret, im at\u00eb i ka mbjell\u00eb prej koh\u00ebsh, kurse nga lajthit\u00eb ka ca alergji se nuk i b\u00ebn vendi andej nga fshati im. K\u00ebshtu thot\u00eb im at\u00eb.<\/p>\n<p>Gjithsesi, i dashur Kryeminist\u00ebr, se u hallakata nj\u00eb\u00e7ik\u00eb m\u00eb sip\u00ebr. Im v\u00eblla, i cili prej disa muajsh sillej kot m\u00eb kot n\u00ebp\u00ebr fshat, si\u00e7 duket, nga dje e ka gjetur veten tamam. Aty n\u00eb Tiran\u00eb, ai, krahas pun\u00ebs q\u00eb b\u00ebnte p\u00ebr t\u00eb fituar noj pare xhepi, (nuk duhet besuar kur flitet se punonte q\u00eb t\u00eb mbante frym\u00ebn gjall\u00eb), b\u00ebnte edhe nj\u00eb cop\u00eb shkoll\u00eb p\u00ebr Inxhinieri Elektronike. Kur u kthye n\u00eb fshat, bashk\u00ebfshatar\u00ebt e paragjykuan, duke i th\u00ebn\u00eb atij, apo p\u00ebshp\u00ebrisnin me nj\u00ebri-tjetrin, se ajo lloj shkolle nuk i duhej askujt n\u00eb katundin ton\u00eb, ku ve\u00e7 tjerash ka drita vet\u00ebm dy or\u00eb n\u00eb jav\u00eb.<\/p>\n<p>Por ja i nderuar. Le t\u00eb plasin tani t\u00eb gjith\u00eb fshatar\u00ebt e posht\u00ebr. Bam le t\u2019ia b\u00ebjn\u00eb. Nuk m\u00eb b\u00ebhet von\u00eb fare. Ata i punojn\u00eb ende tokat me krah\u00eb, q\u00e8 apo gomer\u00eb, dhe ve\u00e7 tim v\u00ebllai n\u00eb at\u00eb fshat nuk e kupton askush \u00e7do me th\u00ebn\u00eb bujq\u00ebsi online. Tani katunar\u00ebt vdesin t\u00eb shohin nj\u00eb\u00e7ik\u00eb kompjuter me sy. Mir\u00eb ua ke b\u00ebr\u00eb q\u00eb u jep pensione sa gjysm\u00eb thesi miell n\u00eb muaj. Mir\u00eb ua ke b\u00ebr\u00eb q\u00eb invalid\u00ebve u ke prer\u00eb ndihm\u00ebn ekonomike. Mir\u00eb ua ke b\u00ebr\u00eb q\u00eb nuk e ndihmon aspak komun\u00ebn time. Ashtu m\u00eb t\u00eb lumt\u00eb, q\u00eb t\u00eb mos ken\u00eb buk\u00eb t\u00eb han\u00eb. Jo, po \u2026 duan edhe kompjutera ata.<\/p>\n<p>\u2026Tani edhe im v\u00eblla, me th\u00ebn\u00eb t\u00eb drejt\u00ebn, nuk ka para ta blej\u00eb nj\u00eb lap-top tipi i fundit, apo qoft\u00eb edhe nj\u00eb kompjuter t\u00eb thjesht\u00eb, por t\u00eb pakt\u00ebn televizor ka, dhe prej atje informohet rregullisht, (sa her\u00eb q\u00eb ka drita), mbi deklaratat Tuaja Htc. Asnj\u00ebri prej bashk\u00ebfshatar\u00ebve t\u00eb mi nuk t\u00eb kishte kuptuar dje. Mir\u00eb b\u00ebn q\u00eb u kthen ndonj\u00eb t\u00eb ri t\u00eb shkolluar n\u00eb fshat.<\/p>\n<p>Deri tani, t\u00eb gjith\u00ebve f\u00ebmij\u00ebt u kan\u00eb ikur nga sht\u00ebpia gjasme p\u00ebr shkoll\u00eb, dhe jo vet\u00ebm q\u00eb nuk jan\u00eb kthyer m\u00eb pas, por hapin edhe llafe se gjoja fshati nuk b\u00ebhet m\u00eb. H\u00eb, po tani \u00e7\u2019do thon\u00eb!? Bashk\u00ebfshatar\u00ebt e mi, justifikojn\u00eb injoranc\u00ebn e tyre se gjasme nuk u del hesapi t\u00eb ken\u00eb teknologjin\u00eb e fjal\u00ebs s\u00eb fundit t\u00eb elektronik\u00ebs pasi mezi ngopin barkun me buk\u00eb. Kot ia fusin. Mos iu beso. Edhe un\u00eb vet\u00eb, q\u00eb i njoh mir\u00eb nga sot nuk do i besoj m\u00eb.<\/p>\n<p>Fundoja, tani iu \u00ebsht\u00eb ulur koka katundar\u00ebve t\u00eb posht\u00ebr q\u00eb e paragjykuan shkoll\u00ebn e tim v\u00ebllai. Ja pra q\u00eb i duhet Inxhinieria Elektronike edhe n\u00eb fshat. Oooo sa mir\u00eb. Familja ime (sapo t\u00eb ket\u00eb para p\u00ebr t\u00eb bler\u00eb nj\u00eb kompjuter) do menaxhoj\u00eb bujq\u00ebsin\u00eb nj\u00eblloj si Farmville. Edhe k\u00ebtej nga Belgjika ku jam un\u00eb tani nuk ndodh k\u00ebshtu. Do vij t\u00eb kthehem aty n\u00eb parajs\u00ebn t\u00ebnde t\u00eb merrem me bujq\u00ebsi. Ohhh sa m\u00eb b\u00ebhet qejfi! T\u00eb paskam akuzuar m\u00eb kot p\u00ebr persekutimin tim dhe t\u00eb familjes time. M\u00eb ndje.<\/p>\n<p>* <em>Bruksel m\u00eb 11 janar 2012 \/ Autori \u00ebsht\u00eb nj\u00eb nga gazetar\u00ebt e plagosur nga plumbat e Gard\u00ebs s\u00eb Republik\u00ebs n\u00eb 21 janar. \u00cbsht\u00eb larguar nga Shqip\u00ebria<\/em><\/p>\n","protected":false},"excerpt":{"rendered":"<p>Fatos Mahmutaj I nderuar Kryeminist\u00ebr i vendit tim. As vet\u00eb nuk e kuptoj sesi ndodhi, por kjo deklarata Juaj e fundit p\u00ebr \u201cinformatizimin e plot\u00eb t\u00eb fermer\u00ebve shqiptar\u00eb\u201d m\u00eb ka ngaz\u00ebllyer jasht\u00eb mase dhe p\u00ebr k\u00ebt\u00eb m\u00eb duhet t\u00eb t\u00eb fal\u00ebnderoj nga shpirti. Po pat\u00ebt durim po Ju shkruaj me pak rreshta m\u00eb posht\u00eb gjith\u00eb [&hellip;]<\/p>\n","protected":false},"author":1,"featured_media":0,"comment_status":"open","ping_status":"closed","sticky":false,"template":"","format":"standard","meta":{"footnotes":""},"categories":[2],"tags":[],"class_list":{"0":"post-11589","1":"post","2":"type-post","3":"status-publish","4":"format-standard","6":"category-artikuj"},"yoast_head":"<!-- This site is optimized with the Yoast SEO plugin v27.4 - https:\/\/yoast.com\/product\/yoast-seo-wordpress\/ -->\n<title>Faleminderit Kryeminist\u00ebr - FjALA e LIR\u00cb - Arkivi<\/title>\n<meta name=\"robots\" content=\"index, follow, max-snippet:-1, max-image-preview:large, max-video-preview:-1\" \/>\n<link rel=\"canonical\" href=\"https:\/\/fjala.info\/2009-2015\/faleminderit-kryeminister\/\" \/>\n<meta property=\"og:locale\" content=\"sq_AL\" \/>\n<meta property=\"og:type\" content=\"article\" \/>\n<meta property=\"og:title\" content=\"Faleminderit Kryeminist\u00ebr - FjALA e LIR\u00cb - Arkivi\" \/>\n<meta property=\"og:description\" content=\"Fatos Mahmutaj I nderuar Kryeminist\u00ebr i vendit tim. As vet\u00eb nuk e kuptoj sesi ndodhi, por kjo deklarata Juaj e fundit p\u00ebr \u201cinformatizimin e plot\u00eb t\u00eb fermer\u00ebve shqiptar\u00eb\u201d m\u00eb ka ngaz\u00ebllyer jasht\u00eb mase dhe p\u00ebr k\u00ebt\u00eb m\u00eb duhet t\u00eb t\u00eb fal\u00ebnderoj nga shpirti. Po pat\u00ebt durim po Ju shkruaj me pak rreshta m\u00eb posht\u00eb gjith\u00eb [&hellip;]\" \/>\n<meta property=\"og:url\" content=\"https:\/\/fjala.info\/2009-2015\/faleminderit-kryeminister\/\" \/>\n<meta property=\"og:site_name\" content=\"FjALA e LIR\u00cb - Arkivi\" \/>\n<meta property=\"article:published_time\" content=\"2012-01-11T21:43:08+00:00\" \/>\n<meta property=\"og:image\" content=\"http:\/\/www.shkoder.net\/2012\/fatos_mahmutaj.jpg\" \/>\n<meta name=\"author\" content=\"admin\" \/>\n<meta name=\"twitter:card\" content=\"summary_large_image\" \/>\n<meta name=\"twitter:label1\" content=\"Written by\" \/>\n\t<meta name=\"twitter:data1\" content=\"admin\" \/>\n\t<meta name=\"twitter:label2\" content=\"Est. reading time\" \/>\n\t<meta name=\"twitter:data2\" content=\"5 minutes\" \/>\n<script type=\"application\/ld+json\" class=\"yoast-schema-graph\">{\"@context\":\"https:\\\/\\\/schema.org\",\"@graph\":[{\"@type\":\"Article\",\"@id\":\"https:\\\/\\\/fjala.info\\\/2009-2015\\\/faleminderit-kryeminister\\\/#article\",\"isPartOf\":{\"@id\":\"https:\\\/\\\/fjala.info\\\/2009-2015\\\/faleminderit-kryeminister\\\/\"},\"author\":{\"name\":\"admin\",\"@id\":\"https:\\\/\\\/fjala.info\\\/2009-2015\\\/#\\\/schema\\\/person\\\/3aa1163ef05469c496fc94e77611ada2\"},\"headline\":\"Faleminderit Kryeminist\u00ebr\",\"datePublished\":\"2012-01-11T21:43:08+00:00\",\"mainEntityOfPage\":{\"@id\":\"https:\\\/\\\/fjala.info\\\/2009-2015\\\/faleminderit-kryeminister\\\/\"},\"wordCount\":1063,\"commentCount\":0,\"publisher\":{\"@id\":\"https:\\\/\\\/fjala.info\\\/2009-2015\\\/#organization\"},\"image\":{\"@id\":\"https:\\\/\\\/fjala.info\\\/2009-2015\\\/faleminderit-kryeminister\\\/#primaryimage\"},\"thumbnailUrl\":\"http:\\\/\\\/www.shkoder.net\\\/2012\\\/fatos_mahmutaj.jpg\",\"articleSection\":[\"Artikuj\"],\"inLanguage\":\"sq-AL\",\"potentialAction\":[{\"@type\":\"CommentAction\",\"name\":\"Comment\",\"target\":[\"https:\\\/\\\/fjala.info\\\/2009-2015\\\/faleminderit-kryeminister\\\/#respond\"]}]},{\"@type\":\"WebPage\",\"@id\":\"https:\\\/\\\/fjala.info\\\/2009-2015\\\/faleminderit-kryeminister\\\/\",\"url\":\"https:\\\/\\\/fjala.info\\\/2009-2015\\\/faleminderit-kryeminister\\\/\",\"name\":\"Faleminderit Kryeminist\u00ebr - FjALA e LIR\u00cb - Arkivi\",\"isPartOf\":{\"@id\":\"https:\\\/\\\/fjala.info\\\/2009-2015\\\/#website\"},\"primaryImageOfPage\":{\"@id\":\"https:\\\/\\\/fjala.info\\\/2009-2015\\\/faleminderit-kryeminister\\\/#primaryimage\"},\"image\":{\"@id\":\"https:\\\/\\\/fjala.info\\\/2009-2015\\\/faleminderit-kryeminister\\\/#primaryimage\"},\"thumbnailUrl\":\"http:\\\/\\\/www.shkoder.net\\\/2012\\\/fatos_mahmutaj.jpg\",\"datePublished\":\"2012-01-11T21:43:08+00:00\",\"breadcrumb\":{\"@id\":\"https:\\\/\\\/fjala.info\\\/2009-2015\\\/faleminderit-kryeminister\\\/#breadcrumb\"},\"inLanguage\":\"sq-AL\",\"potentialAction\":[{\"@type\":\"ReadAction\",\"target\":[\"https:\\\/\\\/fjala.info\\\/2009-2015\\\/faleminderit-kryeminister\\\/\"]}]},{\"@type\":\"ImageObject\",\"inLanguage\":\"sq-AL\",\"@id\":\"https:\\\/\\\/fjala.info\\\/2009-2015\\\/faleminderit-kryeminister\\\/#primaryimage\",\"url\":\"http:\\\/\\\/www.shkoder.net\\\/2012\\\/fatos_mahmutaj.jpg\",\"contentUrl\":\"http:\\\/\\\/www.shkoder.net\\\/2012\\\/fatos_mahmutaj.jpg\"},{\"@type\":\"BreadcrumbList\",\"@id\":\"https:\\\/\\\/fjala.info\\\/2009-2015\\\/faleminderit-kryeminister\\\/#breadcrumb\",\"itemListElement\":[{\"@type\":\"ListItem\",\"position\":1,\"name\":\"Home\",\"item\":\"https:\\\/\\\/fjala.info\\\/2009-2015\\\/\"},{\"@type\":\"ListItem\",\"position\":2,\"name\":\"Faleminderit Kryeminist\u00ebr\"}]},{\"@type\":\"WebSite\",\"@id\":\"https:\\\/\\\/fjala.info\\\/2009-2015\\\/#website\",\"url\":\"https:\\\/\\\/fjala.info\\\/2009-2015\\\/\",\"name\":\"FjALA e LIR\u00cb - Arkivi\",\"description\":\"Arkivi 2009-2015\",\"publisher\":{\"@id\":\"https:\\\/\\\/fjala.info\\\/2009-2015\\\/#organization\"},\"potentialAction\":[{\"@type\":\"SearchAction\",\"target\":{\"@type\":\"EntryPoint\",\"urlTemplate\":\"https:\\\/\\\/fjala.info\\\/2009-2015\\\/?s={search_term_string}\"},\"query-input\":{\"@type\":\"PropertyValueSpecification\",\"valueRequired\":true,\"valueName\":\"search_term_string\"}}],\"inLanguage\":\"sq-AL\"},{\"@type\":\"Organization\",\"@id\":\"https:\\\/\\\/fjala.info\\\/2009-2015\\\/#organization\",\"name\":\"FjALA e LIR\u00cb - Arkivi\",\"url\":\"https:\\\/\\\/fjala.info\\\/2009-2015\\\/\",\"logo\":{\"@type\":\"ImageObject\",\"inLanguage\":\"sq-AL\",\"@id\":\"https:\\\/\\\/fjala.info\\\/2009-2015\\\/#\\\/schema\\\/logo\\\/image\\\/\",\"url\":\"\",\"contentUrl\":\"\",\"caption\":\"FjALA e LIR\u00cb - Arkivi\"},\"image\":{\"@id\":\"https:\\\/\\\/fjala.info\\\/2009-2015\\\/#\\\/schema\\\/logo\\\/image\\\/\"}},{\"@type\":\"Person\",\"@id\":\"https:\\\/\\\/fjala.info\\\/2009-2015\\\/#\\\/schema\\\/person\\\/3aa1163ef05469c496fc94e77611ada2\",\"name\":\"admin\",\"image\":{\"@type\":\"ImageObject\",\"inLanguage\":\"sq-AL\",\"@id\":\"https:\\\/\\\/fjala.info\\\/2009-2015\\\/wp-content\\\/uploads\\\/2012\\\/02\\\/arben_cokaj-120x150.jpg\",\"url\":\"https:\\\/\\\/fjala.info\\\/2009-2015\\\/wp-content\\\/uploads\\\/2012\\\/02\\\/arben_cokaj-120x150.jpg\",\"contentUrl\":\"https:\\\/\\\/fjala.info\\\/2009-2015\\\/wp-content\\\/uploads\\\/2012\\\/02\\\/arben_cokaj-120x150.jpg\",\"caption\":\"admin\"},\"description\":\"Admin, Fjala e Lir\u00eb\",\"sameAs\":[\"https:\\\/\\\/fjala.info\\\/\"],\"url\":\"https:\\\/\\\/fjala.info\\\/2009-2015\\\/author\\\/admin\\\/\"}]}<\/script>\n<!-- \/ Yoast SEO plugin. -->","yoast_head_json":{"title":"Faleminderit Kryeminist\u00ebr - FjALA e LIR\u00cb - Arkivi","robots":{"index":"index","follow":"follow","max-snippet":"max-snippet:-1","max-image-preview":"max-image-preview:large","max-video-preview":"max-video-preview:-1"},"canonical":"https:\/\/fjala.info\/2009-2015\/faleminderit-kryeminister\/","og_locale":"sq_AL","og_type":"article","og_title":"Faleminderit Kryeminist\u00ebr - FjALA e LIR\u00cb - Arkivi","og_description":"Fatos Mahmutaj I nderuar Kryeminist\u00ebr i vendit tim. As vet\u00eb nuk e kuptoj sesi ndodhi, por kjo deklarata Juaj e fundit p\u00ebr \u201cinformatizimin e plot\u00eb t\u00eb fermer\u00ebve shqiptar\u00eb\u201d m\u00eb ka ngaz\u00ebllyer jasht\u00eb mase dhe p\u00ebr k\u00ebt\u00eb m\u00eb duhet t\u00eb t\u00eb fal\u00ebnderoj nga shpirti. Po pat\u00ebt durim po Ju shkruaj me pak rreshta m\u00eb posht\u00eb gjith\u00eb [&hellip;]","og_url":"https:\/\/fjala.info\/2009-2015\/faleminderit-kryeminister\/","og_site_name":"FjALA e LIR\u00cb - Arkivi","article_published_time":"2012-01-11T21:43:08+00:00","og_image":[{"url":"http:\/\/www.shkoder.net\/2012\/fatos_mahmutaj.jpg","type":"","width":"","height":""}],"author":"admin","twitter_card":"summary_large_image","twitter_misc":{"Written by":"admin","Est. reading time":"5 minutes"},"schema":{"@context":"https:\/\/schema.org","@graph":[{"@type":"Article","@id":"https:\/\/fjala.info\/2009-2015\/faleminderit-kryeminister\/#article","isPartOf":{"@id":"https:\/\/fjala.info\/2009-2015\/faleminderit-kryeminister\/"},"author":{"name":"admin","@id":"https:\/\/fjala.info\/2009-2015\/#\/schema\/person\/3aa1163ef05469c496fc94e77611ada2"},"headline":"Faleminderit Kryeminist\u00ebr","datePublished":"2012-01-11T21:43:08+00:00","mainEntityOfPage":{"@id":"https:\/\/fjala.info\/2009-2015\/faleminderit-kryeminister\/"},"wordCount":1063,"commentCount":0,"publisher":{"@id":"https:\/\/fjala.info\/2009-2015\/#organization"},"image":{"@id":"https:\/\/fjala.info\/2009-2015\/faleminderit-kryeminister\/#primaryimage"},"thumbnailUrl":"http:\/\/www.shkoder.net\/2012\/fatos_mahmutaj.jpg","articleSection":["Artikuj"],"inLanguage":"sq-AL","potentialAction":[{"@type":"CommentAction","name":"Comment","target":["https:\/\/fjala.info\/2009-2015\/faleminderit-kryeminister\/#respond"]}]},{"@type":"WebPage","@id":"https:\/\/fjala.info\/2009-2015\/faleminderit-kryeminister\/","url":"https:\/\/fjala.info\/2009-2015\/faleminderit-kryeminister\/","name":"Faleminderit Kryeminist\u00ebr - FjALA e LIR\u00cb - Arkivi","isPartOf":{"@id":"https:\/\/fjala.info\/2009-2015\/#website"},"primaryImageOfPage":{"@id":"https:\/\/fjala.info\/2009-2015\/faleminderit-kryeminister\/#primaryimage"},"image":{"@id":"https:\/\/fjala.info\/2009-2015\/faleminderit-kryeminister\/#primaryimage"},"thumbnailUrl":"http:\/\/www.shkoder.net\/2012\/fatos_mahmutaj.jpg","datePublished":"2012-01-11T21:43:08+00:00","breadcrumb":{"@id":"https:\/\/fjala.info\/2009-2015\/faleminderit-kryeminister\/#breadcrumb"},"inLanguage":"sq-AL","potentialAction":[{"@type":"ReadAction","target":["https:\/\/fjala.info\/2009-2015\/faleminderit-kryeminister\/"]}]},{"@type":"ImageObject","inLanguage":"sq-AL","@id":"https:\/\/fjala.info\/2009-2015\/faleminderit-kryeminister\/#primaryimage","url":"http:\/\/www.shkoder.net\/2012\/fatos_mahmutaj.jpg","contentUrl":"http:\/\/www.shkoder.net\/2012\/fatos_mahmutaj.jpg"},{"@type":"BreadcrumbList","@id":"https:\/\/fjala.info\/2009-2015\/faleminderit-kryeminister\/#breadcrumb","itemListElement":[{"@type":"ListItem","position":1,"name":"Home","item":"https:\/\/fjala.info\/2009-2015\/"},{"@type":"ListItem","position":2,"name":"Faleminderit Kryeminist\u00ebr"}]},{"@type":"WebSite","@id":"https:\/\/fjala.info\/2009-2015\/#website","url":"https:\/\/fjala.info\/2009-2015\/","name":"FjALA e LIR\u00cb - Arkivi","description":"Arkivi 2009-2015","publisher":{"@id":"https:\/\/fjala.info\/2009-2015\/#organization"},"potentialAction":[{"@type":"SearchAction","target":{"@type":"EntryPoint","urlTemplate":"https:\/\/fjala.info\/2009-2015\/?s={search_term_string}"},"query-input":{"@type":"PropertyValueSpecification","valueRequired":true,"valueName":"search_term_string"}}],"inLanguage":"sq-AL"},{"@type":"Organization","@id":"https:\/\/fjala.info\/2009-2015\/#organization","name":"FjALA e LIR\u00cb - Arkivi","url":"https:\/\/fjala.info\/2009-2015\/","logo":{"@type":"ImageObject","inLanguage":"sq-AL","@id":"https:\/\/fjala.info\/2009-2015\/#\/schema\/logo\/image\/","url":"","contentUrl":"","caption":"FjALA e LIR\u00cb - Arkivi"},"image":{"@id":"https:\/\/fjala.info\/2009-2015\/#\/schema\/logo\/image\/"}},{"@type":"Person","@id":"https:\/\/fjala.info\/2009-2015\/#\/schema\/person\/3aa1163ef05469c496fc94e77611ada2","name":"admin","image":{"@type":"ImageObject","inLanguage":"sq-AL","@id":"https:\/\/fjala.info\/2009-2015\/wp-content\/uploads\/2012\/02\/arben_cokaj-120x150.jpg","url":"https:\/\/fjala.info\/2009-2015\/wp-content\/uploads\/2012\/02\/arben_cokaj-120x150.jpg","contentUrl":"https:\/\/fjala.info\/2009-2015\/wp-content\/uploads\/2012\/02\/arben_cokaj-120x150.jpg","caption":"admin"},"description":"Admin, Fjala e Lir\u00eb","sameAs":["https:\/\/fjala.info\/"],"url":"https:\/\/fjala.info\/2009-2015\/author\/admin\/"}]}},"_links":{"self":[{"href":"https:\/\/fjala.info\/2009-2015\/wp-json\/wp\/v2\/posts\/11589","targetHints":{"allow":["GET"]}}],"collection":[{"href":"https:\/\/fjala.info\/2009-2015\/wp-json\/wp\/v2\/posts"}],"about":[{"href":"https:\/\/fjala.info\/2009-2015\/wp-json\/wp\/v2\/types\/post"}],"author":[{"embeddable":true,"href":"https:\/\/fjala.info\/2009-2015\/wp-json\/wp\/v2\/users\/1"}],"replies":[{"embeddable":true,"href":"https:\/\/fjala.info\/2009-2015\/wp-json\/wp\/v2\/comments?post=11589"}],"version-history":[{"count":0,"href":"https:\/\/fjala.info\/2009-2015\/wp-json\/wp\/v2\/posts\/11589\/revisions"}],"wp:attachment":[{"href":"https:\/\/fjala.info\/2009-2015\/wp-json\/wp\/v2\/media?parent=11589"}],"wp:term":[{"taxonomy":"category","embeddable":true,"href":"https:\/\/fjala.info\/2009-2015\/wp-json\/wp\/v2\/categories?post=11589"},{"taxonomy":"post_tag","embeddable":true,"href":"https:\/\/fjala.info\/2009-2015\/wp-json\/wp\/v2\/tags?post=11589"}],"curies":[{"name":"wp","href":"https:\/\/api.w.org\/{rel}","templated":true}]}}