{"id":11588,"date":"2012-01-11T09:50:32","date_gmt":"2012-01-11T08:50:32","guid":{"rendered":"http:\/\/fjala.shkoder.net\/?p=1072"},"modified":"2012-01-11T09:50:32","modified_gmt":"2012-01-11T08:50:32","slug":"ambasadori-jensen-diplomati-qe-flet-hapur-per-te-vertetat-e-hidhura","status":"publish","type":"post","link":"https:\/\/fjala.info\/2009-2015\/ambasadori-jensen-diplomati-qe-flet-hapur-per-te-vertetat-e-hidhura\/","title":{"rendered":"AMBASADORI JENSEN, DIPLOMATI Q\u00cb FLET HAPUR P\u00cbR T\u00cb V\u00cbRTETAT E HIDHURA"},"content":{"rendered":"<p><img decoding=\"async\" class=\"alignleft size-thumbnail wp-image-7236\" title=\"Andrea Stefani\" src=\"http:\/\/www.shkoder.net\/images\/fjala\/andrea_stefani.jpg\" alt=\"\" width=\"150\" \/> <strong>Andrea Stefani<\/strong>, <em>10.01.2012<\/em><\/p>\n<p>Nj\u00eb intervist\u00eb e Karsten Ankjaer Jensen, ambasadorit t\u00eb Danimark\u00ebs n\u00eb Tiran\u00eb, ka shkaktuar, si rrall\u00eb ndonj\u00eb prononcim i ndonj\u00eb diplomati europian, tronditje dhe debat n\u00eb opinion, media dhe n\u00eb politik\u00ebn shqiptare. Cili \u00ebsht\u00eb shkaku i k\u00ebtij reagimi ndryshe? Mendojm\u00eb se distancimi i Jensen nga tradita diplomatike p\u00ebr t\u00eb folur me nj\u00eb gjuh\u00eb t\u00eb amullt p\u00ebr zhvillimet politike pa i dh\u00ebn\u00eb gjithkujt at\u00eb q\u00eb meriton p\u00ebr d\u00ebshtimet e Shqip\u00ebris\u00eb.<\/p>\n<p>Nj\u00eb gjuh\u00eb dhe nj\u00eb \u201cdiplomaci\u201d q\u00eb n\u00eb vend se t\u00eb ndihmoj\u00eb n\u00eb denoncimin dhe kurimin e s\u00eb keqes, kryesisht n\u00eb pushtet, ka sh\u00ebrbyer p\u00ebr kamuflimin e saj n\u00ebn p\u00ebrgjegj\u00ebsin\u00eb e shp\u00ebrndar\u00eb nj\u00eblloj tek e gjith\u00eb \u201cklasa politike\u201d dhe, n\u00eb fakt, tek askush. Ve\u00e7oria thelb\u00ebsore e diplomacis\u00eb ndryshe t\u00eb Jensen, vendi i t\u00eb cilit ka radh\u00ebn e presidenc\u00ebs t\u00eb BE, duhet k\u00ebrkuar te t\u00eb th\u00ebnurit hapur e t\u00eb v\u00ebrtetave q\u00eb po e mundojn\u00eb prej dy dekadash Shqip\u00ebrin\u00eb.<\/p>\n<p>Dhe q\u00eb p\u00ebr fat t\u00eb keq, diplomacia vet\u00ebm se i ka maskuar. Nj\u00eb dallim q\u00eb duket se nuk \u00ebsht\u00eb thjesht \u00e7\u00ebshtje stili, por i koshienc\u00ebs se vet\u00ebm duke folur hapur, diplomacia europiane mund ta ndihmoj\u00eb Shqip\u00ebrin\u00eb t\u00eb dal\u00eb nga bataku ku ka ngecur, batak q\u00eb rrezikon seriozisht projektin e integrimit t\u00eb saj me Europ\u00ebn. Vet\u00eb Jensen e thot\u00eb q\u00eb n\u00eb krye t\u00eb her\u00ebs: \u201cE ndjeva se t\u00eb flas\u00ebsh hapur \u00ebsht\u00eb e r\u00ebnd\u00ebsishme p\u00ebr t\u00eb ndihmuar politik\u00ebn t\u00eb kthehet n\u00eb rrug\u00ebn e duhur\u201d.<\/p>\n<p>* * *<\/p>\n<p>Ca dit\u00eb m\u00eb par\u00eb kam shprehur n\u00eb nj\u00eb artikull zhg\u00ebnjimin tim lidhur me standardet e dyfishta t\u00eb zbatuara nga \u201cnd\u00ebrkomb\u00ebtar\u00ebt\u201d n\u00eb vende si Shqip\u00ebria dhe Hungaria. Nd\u00ebrsa zhvillimet politike n\u00eb Hungari po ndiqen me shqet\u00ebsim dhe Kryeministrit hungarez Orban po i kritikohet gjakimi autokratik p\u00ebr kapjen e t\u00eb gjitha pushteteve, p\u00ebr cenimin e pavar\u00ebsis\u00eb s\u00eb gjyq\u00ebsorit dhe t\u00eb medias, n\u00eb Tiran\u00eb ka vite q\u00eb ndodh krejt ndryshe.<\/p>\n<p>Edhe pse kan\u00eb ndodhur gj\u00ebra t\u00eb p\u00ebrbindshme, edhe pse n\u00eb em\u00ebr t\u00eb pushtetit jan\u00eb manipuluar rezultate zgjedhore, edhe pse n\u00eb em\u00ebr t\u00eb nj\u00eb pushteti t\u00eb korruptuar jan\u00eb vrar\u00eb njer\u00ebz dhe \u00ebsht\u00eb tentuar t\u00eb kriminalizohet pa faj opozita politike, edhe pse Kryeministri i vendit b\u00ebhet gati t\u00eb fus\u00eb n\u00eb dor\u00eb institucionet e fundit si presidenca, prokuroria apo SHISH q\u00eb ende kan\u00eb mbetur jasht\u00eb zot\u00ebrimeve t\u00eb tij prej despoti, mjaft diplomat\u00eb europian\u00eb kan\u00eb vazhduar t\u00eb shprehen n\u00eb publik p\u00ebr nj\u00eb demokraci \u201cfunksionuese\u201d, \u201cq\u00eb p\u00ebrparon\u201d. Por kur pun\u00ebt e demokracis\u00eb qenkan kaq mir\u00eb p\u00ebrse nuk e fitoi dot Shqip\u00ebria statusin e kandidatit? Apo mos vall\u00eb duhet t\u00eb besojm\u00eb g\u00ebnjeshtrat e propagand\u00ebs vulgare t\u00eb Kryeministrit q\u00eb shpall se fajtore p\u00ebr d\u00ebshtimin qenka opozita? P\u00ebrgjith\u00ebsisht prononcimet e diplomacis\u00eb europiane n\u00eb Tiran\u00eb p\u00ebr zhvillimet politike m\u00eb t\u00eb fundit kan\u00eb qen\u00eb larg s\u00eb v\u00ebrtet\u00ebs madje kund\u00ebrth\u00ebn\u00ebse edhe me vet\u00eb raport-progresin e BE q\u00eb s\u2019kualifikoi Shqip\u00ebrin\u00eb.<\/p>\n<p>Gj\u00eb q\u00eb n\u00eb fakt, po e korrigjon tani ambasadori Jensen me nj\u00eb intervist\u00eb q\u00eb jep shpres\u00eb se ndoshta diplomacia europiane k\u00ebtej e tutje do t\u00eb nis\u00eb t\u00eb flas\u00eb ndryshe duke hequr dor\u00eb nga gjuha e magjistricave t\u00eb Makbethit dhe duke v\u00ebn\u00eb gishtin n\u00eb plag\u00ebt e tranzicionit shqiptar. Gj\u00eb q\u00eb n\u00eb fakt \u00ebsht\u00eb detyra themelore e nj\u00eb diplomacie per\u00ebndimore q\u00eb ka p\u00ebr mision t\u00eb ndihmoj\u00eb shqiptar\u00ebt t\u00eb europianizohen dhe t\u00eb kuror\u00ebzojn\u00eb me sukses tranzicionin e integrimit t\u00eb tyre me Europ\u00ebn. Por deri n\u00eb k\u00ebt\u00eb moment q\u00eb po flasim, diplomacia europiane mbetet e dyzuar n\u00eb q\u00ebndrimin e saj. Dhe tashm\u00eb nuk ka dallim vet\u00ebm mes q\u00ebndrimit t\u00eb nd\u00ebrkomb\u00ebtar\u00ebve nga Budapesti n\u00eb Tiran\u00eb, por edhe vet\u00eb brenda n\u00eb Tiran\u00eb ka dy q\u00ebndrime.<\/p>\n<p>* * *<\/p>\n<p>N\u00eb vet\u00ebm mund t\u00eb hamend\u00ebsojm\u00eb se cilat jan\u00eb shkaqet apo interesat q\u00eb disa diplomat\u00eb europian\u00eb n\u00eb Tiran\u00eb k\u00ebmb\u00ebngulin t\u00eb mos i shohin devijancat autokratike t\u00eb pushtetit, r\u00ebnien e institucioneve n\u00ebn presionet dhe thundr\u00ebn e tij, pafuqin\u00eb e gjyq\u00ebsorit p\u00ebr t\u00eb goditur krimin pik\u00ebrisht se mbrohet nga pushteti, dhunimin e t\u00eb drejtave t\u00eb njeriut me p\u00ebrjashtimet politike nga pun\u00ebrat, shp\u00ebrfilljen e s\u00eb drejt\u00ebs s\u00eb pron\u00ebs, kapjen gjithnj\u00eb e m\u00eb t\u00eb gjer\u00eb nga pushteti t\u00eb medias edhe me an\u00eb t\u00eb medias. Por nd\u00ebrkaq jemi t\u00eb sigurt mbi shkakun se p\u00ebrse nj\u00eb ambasador danez b\u00ebn t\u00eb kund\u00ebrt\u00ebn duke ngritur alarmin p\u00ebr k\u00ebto metastaza q\u00eb rrezikojn\u00eb humbjen e shansit t\u00eb integrimit t\u00eb Shqip\u00ebris\u00eb me Europ\u00ebn.<\/p>\n<p>N\u00eb themel t\u00eb pasionit t\u00eb k\u00ebsaj diplomacie p\u00ebr t\u00eb kritikuar t\u00eb keqen \u00ebsht\u00eb d\u00ebshira e mir\u00eb p\u00ebr t\u00eb sh\u00ebruar politik\u00ebn shqiptare, p\u00ebr t\u00eb shp\u00ebtuar shansin shqiptar t\u00eb integrimit n\u00eb \u00e7astet e humnerimit t\u00eb pakthyesh\u00ebm, \u00ebsht\u00eb dedikimi humanist i nj\u00eb europiani p\u00ebr lirin\u00eb e nj\u00eb vendi, edhe pse ai nuk \u00ebsht\u00eb vendi i tij. Intervista e ambasadorit Jensen b\u00ebhet k\u00ebshtu nj\u00eb nd\u00ebr dokumentet m\u00eb t\u00eb r\u00ebnd\u00ebsishme t\u00eb tranzicionit. P\u00ebr nga impakti q\u00eb do t\u00eb ket\u00eb n\u00eb jet\u00ebn politike ajo p\u00ebrqaset me letr\u00ebn e hapur q\u00eb u drejtoi shqiptar\u00ebve, muaj m\u00eb par\u00eb, ish-ambasadori amerikan Withers.<\/p>\n<p>Nj\u00eb let\u00ebr ku misioni i nj\u00eb diplomacie n\u00eb mb\u00ebshtetje t\u00eb nj\u00eb vendi q\u00eb rreket t\u00eb dal\u00eb nga kurthet e autokratizmit, jepej n\u00eb k\u00ebto pak rreshta: \u201cN\u00ebse zgjedhjet jan\u00eb t\u00eb dyshimta, ne e themi k\u00ebt\u00eb. N\u00ebse autoritetet qeveritare k\u00ebrc\u00ebnojn\u00eb pavar\u00ebsin\u00eb e institucioneve demokratike t\u00eb vendit dhe mediat, ne e themi k\u00ebt\u00eb. N\u00ebse besnik\u00ebria partiake pengon qeverisjen e vendit: n\u00ebse korrupsioni i kudogjendur minon zhvillimin e mir\u00ebfillt\u00eb ekonomik t\u00eb vendit; n\u00ebse p\u00ebrpar\u00ebsia e udh\u00ebheq\u00ebsve \u00ebsht\u00eb t\u00eb rendin me k\u00ebmb\u00ebngulje drejt pushtetit, n\u00eb vend q\u00eb t\u00eb rendin p\u00ebr t\u2019i sh\u00ebrbyer popullit, ne e themi k\u00ebt\u00eb. Dhe n\u00ebse parimet universale t\u00eb demokracis\u00eb lihen m\u00ebnjan\u00eb dhe demokracia b\u00ebn prapa, ne e themi k\u00ebt\u00eb dhe do t\u00eb vazhdojm\u00eb ta themi derisa t\u00eb filloj\u00eb p\u00ebrparimi i v\u00ebrtet\u00eb\u201d.<\/p>\n<p>Asgj\u00eb nuk ka ndryshuar p\u00ebr mir\u00eb nga koha q\u00eb Withers i shkroi k\u00ebto t\u00eb v\u00ebrteta t\u00eb hidhura. Zgjedhjet e vjedhura, institucionet e p\u00ebrdhunuara, korrupsioni g\u00ebrryes, gjykata q\u00eb mbrojn\u00eb t\u00eb korruptuarit e pushtetit, etja p\u00ebr pushtet pa fund e politikan\u00ebve si Berisha, jan\u00eb po ato. Prandaj demokracia po rr\u00ebshqet praptazi. Prandaj edhe ambasadori danez Jensen i denoncon k\u00ebto t\u00eb k\u00ebqija lirivras\u00ebse duke inauguruar nj\u00eb diplomaci q\u00eb e k\u00ebrkon realizmin jo te mosdh\u00ebnia, por te th\u00ebnia e t\u00eb v\u00ebrtetave sado t\u00eb hidhura t\u00eb jen\u00eb ato. P\u00ebrpara se t\u00eb jet\u00eb shum\u00eb von\u00eb.<\/p>\n","protected":false},"excerpt":{"rendered":"<p>Andrea Stefani, 10.01.2012 Nj\u00eb intervist\u00eb e Karsten Ankjaer Jensen, ambasadorit t\u00eb Danimark\u00ebs n\u00eb Tiran\u00eb, ka shkaktuar, si rrall\u00eb ndonj\u00eb prononcim i ndonj\u00eb diplomati europian, tronditje dhe debat n\u00eb opinion, media dhe n\u00eb politik\u00ebn shqiptare. Cili \u00ebsht\u00eb shkaku i k\u00ebtij reagimi ndryshe? Mendojm\u00eb se distancimi i Jensen nga tradita diplomatike p\u00ebr t\u00eb folur me nj\u00eb gjuh\u00eb [&hellip;]<\/p>\n","protected":false},"author":1,"featured_media":0,"comment_status":"open","ping_status":"closed","sticky":false,"template":"","format":"standard","meta":{"footnotes":""},"categories":[2],"tags":[],"class_list":{"0":"post-11588","1":"post","2":"type-post","3":"status-publish","4":"format-standard","6":"category-artikuj"},"yoast_head":"<!-- This site is optimized with the Yoast SEO plugin v27.4 - https:\/\/yoast.com\/product\/yoast-seo-wordpress\/ -->\n<title>AMBASADORI JENSEN, DIPLOMATI Q\u00cb FLET HAPUR P\u00cbR T\u00cb V\u00cbRTETAT E HIDHURA - FjALA e LIR\u00cb - Arkivi<\/title>\n<meta name=\"robots\" content=\"index, follow, max-snippet:-1, max-image-preview:large, max-video-preview:-1\" \/>\n<link rel=\"canonical\" href=\"https:\/\/fjala.info\/2009-2015\/ambasadori-jensen-diplomati-qe-flet-hapur-per-te-vertetat-e-hidhura\/\" \/>\n<meta property=\"og:locale\" content=\"sq_AL\" \/>\n<meta property=\"og:type\" content=\"article\" \/>\n<meta property=\"og:title\" content=\"AMBASADORI JENSEN, DIPLOMATI Q\u00cb FLET HAPUR P\u00cbR T\u00cb V\u00cbRTETAT E HIDHURA - FjALA e LIR\u00cb - Arkivi\" \/>\n<meta property=\"og:description\" content=\"Andrea Stefani, 10.01.2012 Nj\u00eb intervist\u00eb e Karsten Ankjaer Jensen, ambasadorit t\u00eb Danimark\u00ebs n\u00eb Tiran\u00eb, ka shkaktuar, si rrall\u00eb ndonj\u00eb prononcim i ndonj\u00eb diplomati europian, tronditje dhe debat n\u00eb opinion, media dhe n\u00eb politik\u00ebn shqiptare. Cili \u00ebsht\u00eb shkaku i k\u00ebtij reagimi ndryshe? Mendojm\u00eb se distancimi i Jensen nga tradita diplomatike p\u00ebr t\u00eb folur me nj\u00eb gjuh\u00eb [&hellip;]\" \/>\n<meta property=\"og:url\" content=\"https:\/\/fjala.info\/2009-2015\/ambasadori-jensen-diplomati-qe-flet-hapur-per-te-vertetat-e-hidhura\/\" \/>\n<meta property=\"og:site_name\" content=\"FjALA e LIR\u00cb - Arkivi\" \/>\n<meta property=\"article:published_time\" content=\"2012-01-11T08:50:32+00:00\" \/>\n<meta property=\"og:image\" content=\"http:\/\/www.shkoder.net\/images\/fjala\/andrea_stefani.jpg\" \/>\n<meta name=\"author\" content=\"admin\" \/>\n<meta name=\"twitter:card\" content=\"summary_large_image\" \/>\n<meta name=\"twitter:label1\" content=\"Written by\" \/>\n\t<meta name=\"twitter:data1\" content=\"admin\" \/>\n\t<meta name=\"twitter:label2\" content=\"Est. reading time\" \/>\n\t<meta name=\"twitter:data2\" content=\"6 minutes\" \/>\n<script type=\"application\/ld+json\" class=\"yoast-schema-graph\">{\"@context\":\"https:\\\/\\\/schema.org\",\"@graph\":[{\"@type\":\"Article\",\"@id\":\"https:\\\/\\\/fjala.info\\\/2009-2015\\\/ambasadori-jensen-diplomati-qe-flet-hapur-per-te-vertetat-e-hidhura\\\/#article\",\"isPartOf\":{\"@id\":\"https:\\\/\\\/fjala.info\\\/2009-2015\\\/ambasadori-jensen-diplomati-qe-flet-hapur-per-te-vertetat-e-hidhura\\\/\"},\"author\":{\"name\":\"admin\",\"@id\":\"https:\\\/\\\/fjala.info\\\/2009-2015\\\/#\\\/schema\\\/person\\\/3aa1163ef05469c496fc94e77611ada2\"},\"headline\":\"AMBASADORI JENSEN, DIPLOMATI Q\u00cb FLET HAPUR P\u00cbR T\u00cb V\u00cbRTETAT E HIDHURA\",\"datePublished\":\"2012-01-11T08:50:32+00:00\",\"mainEntityOfPage\":{\"@id\":\"https:\\\/\\\/fjala.info\\\/2009-2015\\\/ambasadori-jensen-diplomati-qe-flet-hapur-per-te-vertetat-e-hidhura\\\/\"},\"wordCount\":1169,\"commentCount\":0,\"publisher\":{\"@id\":\"https:\\\/\\\/fjala.info\\\/2009-2015\\\/#organization\"},\"image\":{\"@id\":\"https:\\\/\\\/fjala.info\\\/2009-2015\\\/ambasadori-jensen-diplomati-qe-flet-hapur-per-te-vertetat-e-hidhura\\\/#primaryimage\"},\"thumbnailUrl\":\"http:\\\/\\\/www.shkoder.net\\\/images\\\/fjala\\\/andrea_stefani.jpg\",\"articleSection\":[\"Artikuj\"],\"inLanguage\":\"sq-AL\",\"potentialAction\":[{\"@type\":\"CommentAction\",\"name\":\"Comment\",\"target\":[\"https:\\\/\\\/fjala.info\\\/2009-2015\\\/ambasadori-jensen-diplomati-qe-flet-hapur-per-te-vertetat-e-hidhura\\\/#respond\"]}]},{\"@type\":\"WebPage\",\"@id\":\"https:\\\/\\\/fjala.info\\\/2009-2015\\\/ambasadori-jensen-diplomati-qe-flet-hapur-per-te-vertetat-e-hidhura\\\/\",\"url\":\"https:\\\/\\\/fjala.info\\\/2009-2015\\\/ambasadori-jensen-diplomati-qe-flet-hapur-per-te-vertetat-e-hidhura\\\/\",\"name\":\"AMBASADORI JENSEN, DIPLOMATI Q\u00cb FLET HAPUR P\u00cbR T\u00cb V\u00cbRTETAT E HIDHURA - FjALA e LIR\u00cb - Arkivi\",\"isPartOf\":{\"@id\":\"https:\\\/\\\/fjala.info\\\/2009-2015\\\/#website\"},\"primaryImageOfPage\":{\"@id\":\"https:\\\/\\\/fjala.info\\\/2009-2015\\\/ambasadori-jensen-diplomati-qe-flet-hapur-per-te-vertetat-e-hidhura\\\/#primaryimage\"},\"image\":{\"@id\":\"https:\\\/\\\/fjala.info\\\/2009-2015\\\/ambasadori-jensen-diplomati-qe-flet-hapur-per-te-vertetat-e-hidhura\\\/#primaryimage\"},\"thumbnailUrl\":\"http:\\\/\\\/www.shkoder.net\\\/images\\\/fjala\\\/andrea_stefani.jpg\",\"datePublished\":\"2012-01-11T08:50:32+00:00\",\"breadcrumb\":{\"@id\":\"https:\\\/\\\/fjala.info\\\/2009-2015\\\/ambasadori-jensen-diplomati-qe-flet-hapur-per-te-vertetat-e-hidhura\\\/#breadcrumb\"},\"inLanguage\":\"sq-AL\",\"potentialAction\":[{\"@type\":\"ReadAction\",\"target\":[\"https:\\\/\\\/fjala.info\\\/2009-2015\\\/ambasadori-jensen-diplomati-qe-flet-hapur-per-te-vertetat-e-hidhura\\\/\"]}]},{\"@type\":\"ImageObject\",\"inLanguage\":\"sq-AL\",\"@id\":\"https:\\\/\\\/fjala.info\\\/2009-2015\\\/ambasadori-jensen-diplomati-qe-flet-hapur-per-te-vertetat-e-hidhura\\\/#primaryimage\",\"url\":\"http:\\\/\\\/www.shkoder.net\\\/images\\\/fjala\\\/andrea_stefani.jpg\",\"contentUrl\":\"http:\\\/\\\/www.shkoder.net\\\/images\\\/fjala\\\/andrea_stefani.jpg\"},{\"@type\":\"BreadcrumbList\",\"@id\":\"https:\\\/\\\/fjala.info\\\/2009-2015\\\/ambasadori-jensen-diplomati-qe-flet-hapur-per-te-vertetat-e-hidhura\\\/#breadcrumb\",\"itemListElement\":[{\"@type\":\"ListItem\",\"position\":1,\"name\":\"Home\",\"item\":\"https:\\\/\\\/fjala.info\\\/2009-2015\\\/\"},{\"@type\":\"ListItem\",\"position\":2,\"name\":\"AMBASADORI JENSEN, DIPLOMATI Q\u00cb FLET HAPUR P\u00cbR T\u00cb V\u00cbRTETAT E HIDHURA\"}]},{\"@type\":\"WebSite\",\"@id\":\"https:\\\/\\\/fjala.info\\\/2009-2015\\\/#website\",\"url\":\"https:\\\/\\\/fjala.info\\\/2009-2015\\\/\",\"name\":\"FjALA e LIR\u00cb - Arkivi\",\"description\":\"Arkivi 2009-2015\",\"publisher\":{\"@id\":\"https:\\\/\\\/fjala.info\\\/2009-2015\\\/#organization\"},\"potentialAction\":[{\"@type\":\"SearchAction\",\"target\":{\"@type\":\"EntryPoint\",\"urlTemplate\":\"https:\\\/\\\/fjala.info\\\/2009-2015\\\/?s={search_term_string}\"},\"query-input\":{\"@type\":\"PropertyValueSpecification\",\"valueRequired\":true,\"valueName\":\"search_term_string\"}}],\"inLanguage\":\"sq-AL\"},{\"@type\":\"Organization\",\"@id\":\"https:\\\/\\\/fjala.info\\\/2009-2015\\\/#organization\",\"name\":\"FjALA e LIR\u00cb - Arkivi\",\"url\":\"https:\\\/\\\/fjala.info\\\/2009-2015\\\/\",\"logo\":{\"@type\":\"ImageObject\",\"inLanguage\":\"sq-AL\",\"@id\":\"https:\\\/\\\/fjala.info\\\/2009-2015\\\/#\\\/schema\\\/logo\\\/image\\\/\",\"url\":\"\",\"contentUrl\":\"\",\"caption\":\"FjALA e LIR\u00cb - Arkivi\"},\"image\":{\"@id\":\"https:\\\/\\\/fjala.info\\\/2009-2015\\\/#\\\/schema\\\/logo\\\/image\\\/\"}},{\"@type\":\"Person\",\"@id\":\"https:\\\/\\\/fjala.info\\\/2009-2015\\\/#\\\/schema\\\/person\\\/3aa1163ef05469c496fc94e77611ada2\",\"name\":\"admin\",\"image\":{\"@type\":\"ImageObject\",\"inLanguage\":\"sq-AL\",\"@id\":\"https:\\\/\\\/fjala.info\\\/2009-2015\\\/wp-content\\\/uploads\\\/2012\\\/02\\\/arben_cokaj-120x150.jpg\",\"url\":\"https:\\\/\\\/fjala.info\\\/2009-2015\\\/wp-content\\\/uploads\\\/2012\\\/02\\\/arben_cokaj-120x150.jpg\",\"contentUrl\":\"https:\\\/\\\/fjala.info\\\/2009-2015\\\/wp-content\\\/uploads\\\/2012\\\/02\\\/arben_cokaj-120x150.jpg\",\"caption\":\"admin\"},\"description\":\"Admin, Fjala e Lir\u00eb\",\"sameAs\":[\"https:\\\/\\\/fjala.info\\\/\"],\"url\":\"https:\\\/\\\/fjala.info\\\/2009-2015\\\/author\\\/admin\\\/\"}]}<\/script>\n<!-- \/ Yoast SEO plugin. -->","yoast_head_json":{"title":"AMBASADORI JENSEN, DIPLOMATI Q\u00cb FLET HAPUR P\u00cbR T\u00cb V\u00cbRTETAT E HIDHURA - FjALA e LIR\u00cb - Arkivi","robots":{"index":"index","follow":"follow","max-snippet":"max-snippet:-1","max-image-preview":"max-image-preview:large","max-video-preview":"max-video-preview:-1"},"canonical":"https:\/\/fjala.info\/2009-2015\/ambasadori-jensen-diplomati-qe-flet-hapur-per-te-vertetat-e-hidhura\/","og_locale":"sq_AL","og_type":"article","og_title":"AMBASADORI JENSEN, DIPLOMATI Q\u00cb FLET HAPUR P\u00cbR T\u00cb V\u00cbRTETAT E HIDHURA - FjALA e LIR\u00cb - Arkivi","og_description":"Andrea Stefani, 10.01.2012 Nj\u00eb intervist\u00eb e Karsten Ankjaer Jensen, ambasadorit t\u00eb Danimark\u00ebs n\u00eb Tiran\u00eb, ka shkaktuar, si rrall\u00eb ndonj\u00eb prononcim i ndonj\u00eb diplomati europian, tronditje dhe debat n\u00eb opinion, media dhe n\u00eb politik\u00ebn shqiptare. Cili \u00ebsht\u00eb shkaku i k\u00ebtij reagimi ndryshe? Mendojm\u00eb se distancimi i Jensen nga tradita diplomatike p\u00ebr t\u00eb folur me nj\u00eb gjuh\u00eb [&hellip;]","og_url":"https:\/\/fjala.info\/2009-2015\/ambasadori-jensen-diplomati-qe-flet-hapur-per-te-vertetat-e-hidhura\/","og_site_name":"FjALA e LIR\u00cb - Arkivi","article_published_time":"2012-01-11T08:50:32+00:00","og_image":[{"url":"http:\/\/www.shkoder.net\/images\/fjala\/andrea_stefani.jpg","type":"","width":"","height":""}],"author":"admin","twitter_card":"summary_large_image","twitter_misc":{"Written by":"admin","Est. reading time":"6 minutes"},"schema":{"@context":"https:\/\/schema.org","@graph":[{"@type":"Article","@id":"https:\/\/fjala.info\/2009-2015\/ambasadori-jensen-diplomati-qe-flet-hapur-per-te-vertetat-e-hidhura\/#article","isPartOf":{"@id":"https:\/\/fjala.info\/2009-2015\/ambasadori-jensen-diplomati-qe-flet-hapur-per-te-vertetat-e-hidhura\/"},"author":{"name":"admin","@id":"https:\/\/fjala.info\/2009-2015\/#\/schema\/person\/3aa1163ef05469c496fc94e77611ada2"},"headline":"AMBASADORI JENSEN, DIPLOMATI Q\u00cb FLET HAPUR P\u00cbR T\u00cb V\u00cbRTETAT E HIDHURA","datePublished":"2012-01-11T08:50:32+00:00","mainEntityOfPage":{"@id":"https:\/\/fjala.info\/2009-2015\/ambasadori-jensen-diplomati-qe-flet-hapur-per-te-vertetat-e-hidhura\/"},"wordCount":1169,"commentCount":0,"publisher":{"@id":"https:\/\/fjala.info\/2009-2015\/#organization"},"image":{"@id":"https:\/\/fjala.info\/2009-2015\/ambasadori-jensen-diplomati-qe-flet-hapur-per-te-vertetat-e-hidhura\/#primaryimage"},"thumbnailUrl":"http:\/\/www.shkoder.net\/images\/fjala\/andrea_stefani.jpg","articleSection":["Artikuj"],"inLanguage":"sq-AL","potentialAction":[{"@type":"CommentAction","name":"Comment","target":["https:\/\/fjala.info\/2009-2015\/ambasadori-jensen-diplomati-qe-flet-hapur-per-te-vertetat-e-hidhura\/#respond"]}]},{"@type":"WebPage","@id":"https:\/\/fjala.info\/2009-2015\/ambasadori-jensen-diplomati-qe-flet-hapur-per-te-vertetat-e-hidhura\/","url":"https:\/\/fjala.info\/2009-2015\/ambasadori-jensen-diplomati-qe-flet-hapur-per-te-vertetat-e-hidhura\/","name":"AMBASADORI JENSEN, DIPLOMATI Q\u00cb FLET HAPUR P\u00cbR T\u00cb V\u00cbRTETAT E HIDHURA - FjALA e LIR\u00cb - Arkivi","isPartOf":{"@id":"https:\/\/fjala.info\/2009-2015\/#website"},"primaryImageOfPage":{"@id":"https:\/\/fjala.info\/2009-2015\/ambasadori-jensen-diplomati-qe-flet-hapur-per-te-vertetat-e-hidhura\/#primaryimage"},"image":{"@id":"https:\/\/fjala.info\/2009-2015\/ambasadori-jensen-diplomati-qe-flet-hapur-per-te-vertetat-e-hidhura\/#primaryimage"},"thumbnailUrl":"http:\/\/www.shkoder.net\/images\/fjala\/andrea_stefani.jpg","datePublished":"2012-01-11T08:50:32+00:00","breadcrumb":{"@id":"https:\/\/fjala.info\/2009-2015\/ambasadori-jensen-diplomati-qe-flet-hapur-per-te-vertetat-e-hidhura\/#breadcrumb"},"inLanguage":"sq-AL","potentialAction":[{"@type":"ReadAction","target":["https:\/\/fjala.info\/2009-2015\/ambasadori-jensen-diplomati-qe-flet-hapur-per-te-vertetat-e-hidhura\/"]}]},{"@type":"ImageObject","inLanguage":"sq-AL","@id":"https:\/\/fjala.info\/2009-2015\/ambasadori-jensen-diplomati-qe-flet-hapur-per-te-vertetat-e-hidhura\/#primaryimage","url":"http:\/\/www.shkoder.net\/images\/fjala\/andrea_stefani.jpg","contentUrl":"http:\/\/www.shkoder.net\/images\/fjala\/andrea_stefani.jpg"},{"@type":"BreadcrumbList","@id":"https:\/\/fjala.info\/2009-2015\/ambasadori-jensen-diplomati-qe-flet-hapur-per-te-vertetat-e-hidhura\/#breadcrumb","itemListElement":[{"@type":"ListItem","position":1,"name":"Home","item":"https:\/\/fjala.info\/2009-2015\/"},{"@type":"ListItem","position":2,"name":"AMBASADORI JENSEN, DIPLOMATI Q\u00cb FLET HAPUR P\u00cbR T\u00cb V\u00cbRTETAT E HIDHURA"}]},{"@type":"WebSite","@id":"https:\/\/fjala.info\/2009-2015\/#website","url":"https:\/\/fjala.info\/2009-2015\/","name":"FjALA e LIR\u00cb - Arkivi","description":"Arkivi 2009-2015","publisher":{"@id":"https:\/\/fjala.info\/2009-2015\/#organization"},"potentialAction":[{"@type":"SearchAction","target":{"@type":"EntryPoint","urlTemplate":"https:\/\/fjala.info\/2009-2015\/?s={search_term_string}"},"query-input":{"@type":"PropertyValueSpecification","valueRequired":true,"valueName":"search_term_string"}}],"inLanguage":"sq-AL"},{"@type":"Organization","@id":"https:\/\/fjala.info\/2009-2015\/#organization","name":"FjALA e LIR\u00cb - Arkivi","url":"https:\/\/fjala.info\/2009-2015\/","logo":{"@type":"ImageObject","inLanguage":"sq-AL","@id":"https:\/\/fjala.info\/2009-2015\/#\/schema\/logo\/image\/","url":"","contentUrl":"","caption":"FjALA e LIR\u00cb - Arkivi"},"image":{"@id":"https:\/\/fjala.info\/2009-2015\/#\/schema\/logo\/image\/"}},{"@type":"Person","@id":"https:\/\/fjala.info\/2009-2015\/#\/schema\/person\/3aa1163ef05469c496fc94e77611ada2","name":"admin","image":{"@type":"ImageObject","inLanguage":"sq-AL","@id":"https:\/\/fjala.info\/2009-2015\/wp-content\/uploads\/2012\/02\/arben_cokaj-120x150.jpg","url":"https:\/\/fjala.info\/2009-2015\/wp-content\/uploads\/2012\/02\/arben_cokaj-120x150.jpg","contentUrl":"https:\/\/fjala.info\/2009-2015\/wp-content\/uploads\/2012\/02\/arben_cokaj-120x150.jpg","caption":"admin"},"description":"Admin, Fjala e Lir\u00eb","sameAs":["https:\/\/fjala.info\/"],"url":"https:\/\/fjala.info\/2009-2015\/author\/admin\/"}]}},"_links":{"self":[{"href":"https:\/\/fjala.info\/2009-2015\/wp-json\/wp\/v2\/posts\/11588","targetHints":{"allow":["GET"]}}],"collection":[{"href":"https:\/\/fjala.info\/2009-2015\/wp-json\/wp\/v2\/posts"}],"about":[{"href":"https:\/\/fjala.info\/2009-2015\/wp-json\/wp\/v2\/types\/post"}],"author":[{"embeddable":true,"href":"https:\/\/fjala.info\/2009-2015\/wp-json\/wp\/v2\/users\/1"}],"replies":[{"embeddable":true,"href":"https:\/\/fjala.info\/2009-2015\/wp-json\/wp\/v2\/comments?post=11588"}],"version-history":[{"count":0,"href":"https:\/\/fjala.info\/2009-2015\/wp-json\/wp\/v2\/posts\/11588\/revisions"}],"wp:attachment":[{"href":"https:\/\/fjala.info\/2009-2015\/wp-json\/wp\/v2\/media?parent=11588"}],"wp:term":[{"taxonomy":"category","embeddable":true,"href":"https:\/\/fjala.info\/2009-2015\/wp-json\/wp\/v2\/categories?post=11588"},{"taxonomy":"post_tag","embeddable":true,"href":"https:\/\/fjala.info\/2009-2015\/wp-json\/wp\/v2\/tags?post=11588"}],"curies":[{"name":"wp","href":"https:\/\/api.w.org\/{rel}","templated":true}]}}