{"id":11586,"date":"2012-01-11T09:39:15","date_gmt":"2012-01-11T08:39:15","guid":{"rendered":"http:\/\/fjala.shkoder.net\/?p=1066"},"modified":"2012-01-11T09:39:15","modified_gmt":"2012-01-11T08:39:15","slug":"rama-dhe-profili-i-tij-ne-twitter","status":"publish","type":"post","link":"https:\/\/fjala.info\/2009-2015\/rama-dhe-profili-i-tij-ne-twitter\/","title":{"rendered":"Rama dhe profili i tij n\u00eb Twitter"},"content":{"rendered":"<p><img decoding=\"async\" class=\"alignright size-thumbnail wp-image-7236\" title=\"Edi Rama - twitter\" src=\"http:\/\/www.shkoder.net\/2012\/edi_rama_twitter.jpg\" alt=\"\" width=\"300\" \/> Nga <strong>Florenc Stafa<\/strong>, <em>10 janar 2012<\/em><\/p>\n<p>Rupert Murdoch i b\u00ebri nj\u00eb dhurat\u00eb vetes nj\u00eb dit\u00eb par\u00eb nd\u00ebrrimit t\u00eb viteve \u2013 u an\u00ebtar\u00ebsua n\u00eb Twitter. T\u00eb gjith\u00eb nis\u00ebn t\u00eb ngrinin pik\u00ebpyetje se p\u00ebrse e b\u00ebri nj\u00eb gj\u00eb t\u00eb till\u00eb manjati i mediave. Krahas k\u00ebsaj v\u00ebzhguan dhe nga af\u00ebr profilin e tij p\u00ebr t\u00eb kuptuar di\u00e7ka m\u00eb shum\u00eb.<\/p>\n<p>N\u00eb Shqip\u00ebri personazhi m\u00eb i famsh\u00ebm q\u00eb poston n\u00eb Twitter \u00ebsht\u00eb kryetari i opozit\u00ebs, Edi Rama. Por \u00e7udit\u00ebrisht deri tani askush nuk \u00ebsht\u00eb marr\u00eb me at\u00eb q\u00eb tregon profili i tij, por vet\u00ebm me postimet \u2013 t\u00eb cilat p\u00ebr hir t\u00eb v\u00ebrtet\u00ebs n\u00eb shumic\u00ebn e rasteve kan\u00eb qen\u00eb kund\u00ebrp\u00ebrgjigje ndaj deklaratave t\u00eb Berish\u00ebs.<\/p>\n<p>Murdoch gaboi q\u00eb n\u00eb dit\u00ebn e par\u00eb, pasi kishte b\u00ebr\u00eb follow (ndjek) nj\u00eb profil t\u00eb rrem\u00eb t\u00eb Larry Page. Po Rama? Ai deri tani (10 dhjetor) ndjek 29 profile. Mes tyre \u00ebsht\u00eb presidenti i SHBA-s\u00eb Barak Obama si dhe kandidat\u00ebt e Partis\u00eb Republikane p\u00ebr gar\u00ebn presidenciale si Rick Parry, Mitt Romney dhe Newt Gingrich. Pra ka l\u00ebn\u00eb jasht\u00eb dy kandidat\u00ebt e tjer\u00eb Santorum dhe Paul.<\/p>\n<p>Interesant jan\u00eb edhe ndjekjet e tij sa i takon bot\u00ebs s\u00eb futbollit. Ndjek ekipin e Realit t\u00eb Madridit, Mancester Sitit dhe Mancester Junajtid. P\u00ebr \u00e7udit asnj\u00eb ekip italian dhe dy ekipe angleze q\u00eb v\u00ebshtir\u00eb t\u00eb besohet se mund t\u2019i ket\u00eb t\u00eb dyja p\u00ebrzem\u00ebr.<\/p>\n<p>Sa i takon bot\u00ebs mediatike ndjek Pegyy Noonan, kolumniste e gazet\u00ebs Wall Street Journal, CNNbrn p\u00ebr lajmin e fundit, Piers Morgan q\u00eb \u00ebsht\u00eb pasuesi i t\u00eb madhit Lari King, editorialistin e mir\u00ebnjohur Fareed Zakaria, Ariana Huffington-in q\u00eb drejton grupin mediatik me t\u00eb nj\u00ebjtin em\u00ebr, Christiane Amanpour z\u00ebvend\u00ebsuesja e Oprah Winfery, po ashtu ndjek faqen e revist\u00ebs The Ekonomist, gazetat italiane La Gazzeta dello Sport dhe La Repupblika.<\/p>\n<p>E gjitha kjo ishte p\u00ebr t\u00eb treguar se nga 29 profile q\u00eb Rama ndjek n\u00eb Twitter, vet\u00ebm nj\u00ebri \u00ebsht\u00eb shqiptar. Ai \u00ebsht\u00eb Pandeli Majko. Rama madje nuk ndjek as profilin zyrtar t\u00eb Partis\u00eb Socialiste, nd\u00ebrsa kjo e fundit edhe pse \u00ebsht\u00eb profil partie (pra nuk duhet t\u00eb ndiqte asnj\u00ebrin \u2013 pasi vet\u00ebm jep, nuk merr) ajo ndjek profilin e Edit.<\/p>\n<p>Nga grupi parlamentar i PS-s\u00eb ka me dhjetra q\u00eb kan\u00eb nj\u00eb profil n\u00eb Twitter, por asnj\u00ebri prej tyre nuk ndiqet nga Rama. Erjon Bra\u00e7e, nj\u00eb prej deputet\u00ebve m\u00eb aktiv\u00eb n\u00eb rrjetet sociale (kryesisht Facebook), duket se ia ka marr\u00eb hakun Ram\u00ebs, se edhe ai nuk e ndjek k\u00ebt\u00eb t\u00eb fundit. Saimir Tahiri, Ram\u00ebn jo e jo, p\u00ebr asnj\u00eb njeri fare. Ed Shalsi sigurisht q\u00eb e b\u00ebn nj\u00eb gj\u00eb t\u00eb till\u00eb; dhe p\u00ebr Erjon Veliajn besoj se nuk keni dyshim q\u00eb e b\u00ebn nj\u00eb gj\u00eb t\u00eb till\u00eb.<\/p>\n<p>Nj\u00eb gj\u00eb tjet\u00ebr &#8211; q\u00eb Rama ndoshta e b\u00ebn me kast &#8211; \u00ebsht\u00eb se postimet e Twitterit nuk i nd\u00ebrlidh q\u00eb ato t\u00eb shfaqen edhe tek faqja e tij n\u00eb Facebook. N\u00eb Twitter ai ka vet\u00ebm pak m\u00eb shum\u00eb se 13 mij\u00eb ndjek\u00ebs, nd\u00ebrsa n\u00eb Facebook ka mbi 136 mij\u00eb persona.<\/p>\n<p>Suksesi m\u00eb i madh i Ram\u00ebs n\u00eb Twitter \u00ebsht\u00eb se m\u00eb n\u00eb fund po shmang keqinterpretimet q\u00eb ai pretendon se i b\u00ebhen n\u00eb media, por ama televizionet i ka marr\u00eb malli p\u00ebr k\u00ebt\u00eb njeri, sepse mbet\u00ebn duke transmetuar statuset n\u00eb Twitter dhe editorialet.<\/p>\n","protected":false},"excerpt":{"rendered":"<p>Nga Florenc Stafa, 10 janar 2012 Rupert Murdoch i b\u00ebri nj\u00eb dhurat\u00eb vetes nj\u00eb dit\u00eb par\u00eb nd\u00ebrrimit t\u00eb viteve \u2013 u an\u00ebtar\u00ebsua n\u00eb Twitter. T\u00eb gjith\u00eb nis\u00ebn t\u00eb ngrinin pik\u00ebpyetje se p\u00ebrse e b\u00ebri nj\u00eb gj\u00eb t\u00eb till\u00eb manjati i mediave. Krahas k\u00ebsaj v\u00ebzhguan dhe nga af\u00ebr profilin e tij p\u00ebr t\u00eb kuptuar di\u00e7ka m\u00eb [&hellip;]<\/p>\n","protected":false},"author":1,"featured_media":0,"comment_status":"open","ping_status":"closed","sticky":false,"template":"","format":"standard","meta":{"footnotes":""},"categories":[2],"tags":[],"class_list":{"0":"post-11586","1":"post","2":"type-post","3":"status-publish","4":"format-standard","6":"category-artikuj"},"yoast_head":"<!-- This site is optimized with the Yoast SEO plugin v27.4 - https:\/\/yoast.com\/product\/yoast-seo-wordpress\/ -->\n<title>Rama dhe profili i tij n\u00eb Twitter - FjALA e LIR\u00cb - Arkivi<\/title>\n<meta name=\"robots\" content=\"index, follow, max-snippet:-1, max-image-preview:large, max-video-preview:-1\" \/>\n<link rel=\"canonical\" href=\"https:\/\/fjala.info\/2009-2015\/rama-dhe-profili-i-tij-ne-twitter\/\" \/>\n<meta property=\"og:locale\" content=\"sq_AL\" \/>\n<meta property=\"og:type\" content=\"article\" \/>\n<meta property=\"og:title\" content=\"Rama dhe profili i tij n\u00eb Twitter - FjALA e LIR\u00cb - Arkivi\" \/>\n<meta property=\"og:description\" content=\"Nga Florenc Stafa, 10 janar 2012 Rupert Murdoch i b\u00ebri nj\u00eb dhurat\u00eb vetes nj\u00eb dit\u00eb par\u00eb nd\u00ebrrimit t\u00eb viteve \u2013 u an\u00ebtar\u00ebsua n\u00eb Twitter. T\u00eb gjith\u00eb nis\u00ebn t\u00eb ngrinin pik\u00ebpyetje se p\u00ebrse e b\u00ebri nj\u00eb gj\u00eb t\u00eb till\u00eb manjati i mediave. Krahas k\u00ebsaj v\u00ebzhguan dhe nga af\u00ebr profilin e tij p\u00ebr t\u00eb kuptuar di\u00e7ka m\u00eb [&hellip;]\" \/>\n<meta property=\"og:url\" content=\"https:\/\/fjala.info\/2009-2015\/rama-dhe-profili-i-tij-ne-twitter\/\" \/>\n<meta property=\"og:site_name\" content=\"FjALA e LIR\u00cb - Arkivi\" \/>\n<meta property=\"article:published_time\" content=\"2012-01-11T08:39:15+00:00\" \/>\n<meta property=\"og:image\" content=\"http:\/\/www.shkoder.net\/2012\/edi_rama_twitter.jpg\" \/>\n<meta name=\"author\" content=\"admin\" \/>\n<meta name=\"twitter:card\" content=\"summary_large_image\" \/>\n<meta name=\"twitter:label1\" content=\"Written by\" \/>\n\t<meta name=\"twitter:data1\" content=\"admin\" \/>\n\t<meta name=\"twitter:label2\" content=\"Est. reading time\" \/>\n\t<meta name=\"twitter:data2\" content=\"3 minutes\" \/>\n<script type=\"application\/ld+json\" class=\"yoast-schema-graph\">{\"@context\":\"https:\\\/\\\/schema.org\",\"@graph\":[{\"@type\":\"Article\",\"@id\":\"https:\\\/\\\/fjala.info\\\/2009-2015\\\/rama-dhe-profili-i-tij-ne-twitter\\\/#article\",\"isPartOf\":{\"@id\":\"https:\\\/\\\/fjala.info\\\/2009-2015\\\/rama-dhe-profili-i-tij-ne-twitter\\\/\"},\"author\":{\"name\":\"admin\",\"@id\":\"https:\\\/\\\/fjala.info\\\/2009-2015\\\/#\\\/schema\\\/person\\\/3aa1163ef05469c496fc94e77611ada2\"},\"headline\":\"Rama dhe profili i tij n\u00eb Twitter\",\"datePublished\":\"2012-01-11T08:39:15+00:00\",\"mainEntityOfPage\":{\"@id\":\"https:\\\/\\\/fjala.info\\\/2009-2015\\\/rama-dhe-profili-i-tij-ne-twitter\\\/\"},\"wordCount\":595,\"commentCount\":0,\"publisher\":{\"@id\":\"https:\\\/\\\/fjala.info\\\/2009-2015\\\/#organization\"},\"image\":{\"@id\":\"https:\\\/\\\/fjala.info\\\/2009-2015\\\/rama-dhe-profili-i-tij-ne-twitter\\\/#primaryimage\"},\"thumbnailUrl\":\"http:\\\/\\\/www.shkoder.net\\\/2012\\\/edi_rama_twitter.jpg\",\"articleSection\":[\"Artikuj\"],\"inLanguage\":\"sq-AL\",\"potentialAction\":[{\"@type\":\"CommentAction\",\"name\":\"Comment\",\"target\":[\"https:\\\/\\\/fjala.info\\\/2009-2015\\\/rama-dhe-profili-i-tij-ne-twitter\\\/#respond\"]}]},{\"@type\":\"WebPage\",\"@id\":\"https:\\\/\\\/fjala.info\\\/2009-2015\\\/rama-dhe-profili-i-tij-ne-twitter\\\/\",\"url\":\"https:\\\/\\\/fjala.info\\\/2009-2015\\\/rama-dhe-profili-i-tij-ne-twitter\\\/\",\"name\":\"Rama dhe profili i tij n\u00eb Twitter - FjALA e LIR\u00cb - Arkivi\",\"isPartOf\":{\"@id\":\"https:\\\/\\\/fjala.info\\\/2009-2015\\\/#website\"},\"primaryImageOfPage\":{\"@id\":\"https:\\\/\\\/fjala.info\\\/2009-2015\\\/rama-dhe-profili-i-tij-ne-twitter\\\/#primaryimage\"},\"image\":{\"@id\":\"https:\\\/\\\/fjala.info\\\/2009-2015\\\/rama-dhe-profili-i-tij-ne-twitter\\\/#primaryimage\"},\"thumbnailUrl\":\"http:\\\/\\\/www.shkoder.net\\\/2012\\\/edi_rama_twitter.jpg\",\"datePublished\":\"2012-01-11T08:39:15+00:00\",\"breadcrumb\":{\"@id\":\"https:\\\/\\\/fjala.info\\\/2009-2015\\\/rama-dhe-profili-i-tij-ne-twitter\\\/#breadcrumb\"},\"inLanguage\":\"sq-AL\",\"potentialAction\":[{\"@type\":\"ReadAction\",\"target\":[\"https:\\\/\\\/fjala.info\\\/2009-2015\\\/rama-dhe-profili-i-tij-ne-twitter\\\/\"]}]},{\"@type\":\"ImageObject\",\"inLanguage\":\"sq-AL\",\"@id\":\"https:\\\/\\\/fjala.info\\\/2009-2015\\\/rama-dhe-profili-i-tij-ne-twitter\\\/#primaryimage\",\"url\":\"http:\\\/\\\/www.shkoder.net\\\/2012\\\/edi_rama_twitter.jpg\",\"contentUrl\":\"http:\\\/\\\/www.shkoder.net\\\/2012\\\/edi_rama_twitter.jpg\"},{\"@type\":\"BreadcrumbList\",\"@id\":\"https:\\\/\\\/fjala.info\\\/2009-2015\\\/rama-dhe-profili-i-tij-ne-twitter\\\/#breadcrumb\",\"itemListElement\":[{\"@type\":\"ListItem\",\"position\":1,\"name\":\"Home\",\"item\":\"https:\\\/\\\/fjala.info\\\/2009-2015\\\/\"},{\"@type\":\"ListItem\",\"position\":2,\"name\":\"Rama dhe profili i tij n\u00eb Twitter\"}]},{\"@type\":\"WebSite\",\"@id\":\"https:\\\/\\\/fjala.info\\\/2009-2015\\\/#website\",\"url\":\"https:\\\/\\\/fjala.info\\\/2009-2015\\\/\",\"name\":\"FjALA e LIR\u00cb - Arkivi\",\"description\":\"Arkivi 2009-2015\",\"publisher\":{\"@id\":\"https:\\\/\\\/fjala.info\\\/2009-2015\\\/#organization\"},\"potentialAction\":[{\"@type\":\"SearchAction\",\"target\":{\"@type\":\"EntryPoint\",\"urlTemplate\":\"https:\\\/\\\/fjala.info\\\/2009-2015\\\/?s={search_term_string}\"},\"query-input\":{\"@type\":\"PropertyValueSpecification\",\"valueRequired\":true,\"valueName\":\"search_term_string\"}}],\"inLanguage\":\"sq-AL\"},{\"@type\":\"Organization\",\"@id\":\"https:\\\/\\\/fjala.info\\\/2009-2015\\\/#organization\",\"name\":\"FjALA e LIR\u00cb - Arkivi\",\"url\":\"https:\\\/\\\/fjala.info\\\/2009-2015\\\/\",\"logo\":{\"@type\":\"ImageObject\",\"inLanguage\":\"sq-AL\",\"@id\":\"https:\\\/\\\/fjala.info\\\/2009-2015\\\/#\\\/schema\\\/logo\\\/image\\\/\",\"url\":\"\",\"contentUrl\":\"\",\"caption\":\"FjALA e LIR\u00cb - Arkivi\"},\"image\":{\"@id\":\"https:\\\/\\\/fjala.info\\\/2009-2015\\\/#\\\/schema\\\/logo\\\/image\\\/\"}},{\"@type\":\"Person\",\"@id\":\"https:\\\/\\\/fjala.info\\\/2009-2015\\\/#\\\/schema\\\/person\\\/3aa1163ef05469c496fc94e77611ada2\",\"name\":\"admin\",\"image\":{\"@type\":\"ImageObject\",\"inLanguage\":\"sq-AL\",\"@id\":\"https:\\\/\\\/fjala.info\\\/2009-2015\\\/wp-content\\\/uploads\\\/2012\\\/02\\\/arben_cokaj-120x150.jpg\",\"url\":\"https:\\\/\\\/fjala.info\\\/2009-2015\\\/wp-content\\\/uploads\\\/2012\\\/02\\\/arben_cokaj-120x150.jpg\",\"contentUrl\":\"https:\\\/\\\/fjala.info\\\/2009-2015\\\/wp-content\\\/uploads\\\/2012\\\/02\\\/arben_cokaj-120x150.jpg\",\"caption\":\"admin\"},\"description\":\"Admin, Fjala e Lir\u00eb\",\"sameAs\":[\"https:\\\/\\\/fjala.info\\\/\"],\"url\":\"https:\\\/\\\/fjala.info\\\/2009-2015\\\/author\\\/admin\\\/\"}]}<\/script>\n<!-- \/ Yoast SEO plugin. -->","yoast_head_json":{"title":"Rama dhe profili i tij n\u00eb Twitter - FjALA e LIR\u00cb - Arkivi","robots":{"index":"index","follow":"follow","max-snippet":"max-snippet:-1","max-image-preview":"max-image-preview:large","max-video-preview":"max-video-preview:-1"},"canonical":"https:\/\/fjala.info\/2009-2015\/rama-dhe-profili-i-tij-ne-twitter\/","og_locale":"sq_AL","og_type":"article","og_title":"Rama dhe profili i tij n\u00eb Twitter - FjALA e LIR\u00cb - Arkivi","og_description":"Nga Florenc Stafa, 10 janar 2012 Rupert Murdoch i b\u00ebri nj\u00eb dhurat\u00eb vetes nj\u00eb dit\u00eb par\u00eb nd\u00ebrrimit t\u00eb viteve \u2013 u an\u00ebtar\u00ebsua n\u00eb Twitter. T\u00eb gjith\u00eb nis\u00ebn t\u00eb ngrinin pik\u00ebpyetje se p\u00ebrse e b\u00ebri nj\u00eb gj\u00eb t\u00eb till\u00eb manjati i mediave. Krahas k\u00ebsaj v\u00ebzhguan dhe nga af\u00ebr profilin e tij p\u00ebr t\u00eb kuptuar di\u00e7ka m\u00eb [&hellip;]","og_url":"https:\/\/fjala.info\/2009-2015\/rama-dhe-profili-i-tij-ne-twitter\/","og_site_name":"FjALA e LIR\u00cb - Arkivi","article_published_time":"2012-01-11T08:39:15+00:00","og_image":[{"url":"http:\/\/www.shkoder.net\/2012\/edi_rama_twitter.jpg","type":"","width":"","height":""}],"author":"admin","twitter_card":"summary_large_image","twitter_misc":{"Written by":"admin","Est. reading time":"3 minutes"},"schema":{"@context":"https:\/\/schema.org","@graph":[{"@type":"Article","@id":"https:\/\/fjala.info\/2009-2015\/rama-dhe-profili-i-tij-ne-twitter\/#article","isPartOf":{"@id":"https:\/\/fjala.info\/2009-2015\/rama-dhe-profili-i-tij-ne-twitter\/"},"author":{"name":"admin","@id":"https:\/\/fjala.info\/2009-2015\/#\/schema\/person\/3aa1163ef05469c496fc94e77611ada2"},"headline":"Rama dhe profili i tij n\u00eb Twitter","datePublished":"2012-01-11T08:39:15+00:00","mainEntityOfPage":{"@id":"https:\/\/fjala.info\/2009-2015\/rama-dhe-profili-i-tij-ne-twitter\/"},"wordCount":595,"commentCount":0,"publisher":{"@id":"https:\/\/fjala.info\/2009-2015\/#organization"},"image":{"@id":"https:\/\/fjala.info\/2009-2015\/rama-dhe-profili-i-tij-ne-twitter\/#primaryimage"},"thumbnailUrl":"http:\/\/www.shkoder.net\/2012\/edi_rama_twitter.jpg","articleSection":["Artikuj"],"inLanguage":"sq-AL","potentialAction":[{"@type":"CommentAction","name":"Comment","target":["https:\/\/fjala.info\/2009-2015\/rama-dhe-profili-i-tij-ne-twitter\/#respond"]}]},{"@type":"WebPage","@id":"https:\/\/fjala.info\/2009-2015\/rama-dhe-profili-i-tij-ne-twitter\/","url":"https:\/\/fjala.info\/2009-2015\/rama-dhe-profili-i-tij-ne-twitter\/","name":"Rama dhe profili i tij n\u00eb Twitter - FjALA e LIR\u00cb - Arkivi","isPartOf":{"@id":"https:\/\/fjala.info\/2009-2015\/#website"},"primaryImageOfPage":{"@id":"https:\/\/fjala.info\/2009-2015\/rama-dhe-profili-i-tij-ne-twitter\/#primaryimage"},"image":{"@id":"https:\/\/fjala.info\/2009-2015\/rama-dhe-profili-i-tij-ne-twitter\/#primaryimage"},"thumbnailUrl":"http:\/\/www.shkoder.net\/2012\/edi_rama_twitter.jpg","datePublished":"2012-01-11T08:39:15+00:00","breadcrumb":{"@id":"https:\/\/fjala.info\/2009-2015\/rama-dhe-profili-i-tij-ne-twitter\/#breadcrumb"},"inLanguage":"sq-AL","potentialAction":[{"@type":"ReadAction","target":["https:\/\/fjala.info\/2009-2015\/rama-dhe-profili-i-tij-ne-twitter\/"]}]},{"@type":"ImageObject","inLanguage":"sq-AL","@id":"https:\/\/fjala.info\/2009-2015\/rama-dhe-profili-i-tij-ne-twitter\/#primaryimage","url":"http:\/\/www.shkoder.net\/2012\/edi_rama_twitter.jpg","contentUrl":"http:\/\/www.shkoder.net\/2012\/edi_rama_twitter.jpg"},{"@type":"BreadcrumbList","@id":"https:\/\/fjala.info\/2009-2015\/rama-dhe-profili-i-tij-ne-twitter\/#breadcrumb","itemListElement":[{"@type":"ListItem","position":1,"name":"Home","item":"https:\/\/fjala.info\/2009-2015\/"},{"@type":"ListItem","position":2,"name":"Rama dhe profili i tij n\u00eb Twitter"}]},{"@type":"WebSite","@id":"https:\/\/fjala.info\/2009-2015\/#website","url":"https:\/\/fjala.info\/2009-2015\/","name":"FjALA e LIR\u00cb - Arkivi","description":"Arkivi 2009-2015","publisher":{"@id":"https:\/\/fjala.info\/2009-2015\/#organization"},"potentialAction":[{"@type":"SearchAction","target":{"@type":"EntryPoint","urlTemplate":"https:\/\/fjala.info\/2009-2015\/?s={search_term_string}"},"query-input":{"@type":"PropertyValueSpecification","valueRequired":true,"valueName":"search_term_string"}}],"inLanguage":"sq-AL"},{"@type":"Organization","@id":"https:\/\/fjala.info\/2009-2015\/#organization","name":"FjALA e LIR\u00cb - Arkivi","url":"https:\/\/fjala.info\/2009-2015\/","logo":{"@type":"ImageObject","inLanguage":"sq-AL","@id":"https:\/\/fjala.info\/2009-2015\/#\/schema\/logo\/image\/","url":"","contentUrl":"","caption":"FjALA e LIR\u00cb - Arkivi"},"image":{"@id":"https:\/\/fjala.info\/2009-2015\/#\/schema\/logo\/image\/"}},{"@type":"Person","@id":"https:\/\/fjala.info\/2009-2015\/#\/schema\/person\/3aa1163ef05469c496fc94e77611ada2","name":"admin","image":{"@type":"ImageObject","inLanguage":"sq-AL","@id":"https:\/\/fjala.info\/2009-2015\/wp-content\/uploads\/2012\/02\/arben_cokaj-120x150.jpg","url":"https:\/\/fjala.info\/2009-2015\/wp-content\/uploads\/2012\/02\/arben_cokaj-120x150.jpg","contentUrl":"https:\/\/fjala.info\/2009-2015\/wp-content\/uploads\/2012\/02\/arben_cokaj-120x150.jpg","caption":"admin"},"description":"Admin, Fjala e Lir\u00eb","sameAs":["https:\/\/fjala.info\/"],"url":"https:\/\/fjala.info\/2009-2015\/author\/admin\/"}]}},"_links":{"self":[{"href":"https:\/\/fjala.info\/2009-2015\/wp-json\/wp\/v2\/posts\/11586","targetHints":{"allow":["GET"]}}],"collection":[{"href":"https:\/\/fjala.info\/2009-2015\/wp-json\/wp\/v2\/posts"}],"about":[{"href":"https:\/\/fjala.info\/2009-2015\/wp-json\/wp\/v2\/types\/post"}],"author":[{"embeddable":true,"href":"https:\/\/fjala.info\/2009-2015\/wp-json\/wp\/v2\/users\/1"}],"replies":[{"embeddable":true,"href":"https:\/\/fjala.info\/2009-2015\/wp-json\/wp\/v2\/comments?post=11586"}],"version-history":[{"count":0,"href":"https:\/\/fjala.info\/2009-2015\/wp-json\/wp\/v2\/posts\/11586\/revisions"}],"wp:attachment":[{"href":"https:\/\/fjala.info\/2009-2015\/wp-json\/wp\/v2\/media?parent=11586"}],"wp:term":[{"taxonomy":"category","embeddable":true,"href":"https:\/\/fjala.info\/2009-2015\/wp-json\/wp\/v2\/categories?post=11586"},{"taxonomy":"post_tag","embeddable":true,"href":"https:\/\/fjala.info\/2009-2015\/wp-json\/wp\/v2\/tags?post=11586"}],"curies":[{"name":"wp","href":"https:\/\/api.w.org\/{rel}","templated":true}]}}