{"id":11585,"date":"2012-01-09T09:02:03","date_gmt":"2012-01-09T08:02:03","guid":{"rendered":"http:\/\/fjala.shkoder.net\/?p=1055"},"modified":"2012-01-09T09:02:03","modified_gmt":"2012-01-09T08:02:03","slug":"a-ka-fuqi-perendimi-te-ndale-berishen","status":"publish","type":"post","link":"https:\/\/fjala.info\/2009-2015\/a-ka-fuqi-perendimi-te-ndale-berishen\/","title":{"rendered":"A ka fuqi Per\u00ebndimi t\u00eb ndal\u00eb Berish\u00ebn?"},"content":{"rendered":"<p><img decoding=\"async\" class=\"alignright size-thumbnail wp-image-7236\" title=\"Mero Baze\" src=\"http:\/\/www.shkoder.net\/images\/fjala\/mero_baze1.jpg\" alt=\"\" width=\"150\" \/> Nga <strong>Mero Baze<\/strong>, <em>9 Janar 2012<\/em><\/p>\n<p>Ka dy debate mbi rrug\u00ebn e zgjedhjes s\u00eb presidentit. I pari ka t\u00eb b\u00ebj\u00eb me nevoj\u00ebn e nj\u00eb presidenti t\u00eb zgjedhur me konsensus, dhe i dyti me pamund\u00ebsin\u00eb kushtetuese p\u00ebr tu \u00e7elur votimi pa opozit\u00ebn n\u00eb sall\u00eb. Debatin e par\u00eb, at\u00eb t\u00eb nevoj\u00ebs p\u00ebr nj\u00eb president konsensual, e ka artikuluar i pari kryetari i opozit\u00ebs dhe duket se po mb\u00ebshtetet dhe nga faktori nd\u00ebrkomb\u00ebtar. <\/p>\n<p>Ambasadori i OSBE, Wollfarth, i cili nuk para flet gj\u00ebra q\u00eb nuk i p\u00eblqejn\u00eb qeveris\u00eb, ka artikuluar nevoj\u00ebn p\u00ebr nj\u00eb president konsensual gjat\u00eb takimit me Avokatin e Popullit. Debati i dyt\u00eb, ai i pamund\u00ebsis\u00eb s\u00eb \u00e7eljes s\u00eb votimit p\u00ebr presidentin pa prezenc\u00ebn e 84 deputet\u00ebve n\u00eb sall\u00eb, po mb\u00ebshtetet si legjitim nga ekspert\u00ebt m\u00eb t\u00eb njohur n\u00eb vend t\u00eb Kushtetut\u00ebs, p\u00ebrfshi dhe ish- kryetarin e Gjykat\u00ebs Kushtetuese t\u00eb Shqip\u00ebris\u00eb.<\/p>\n<p>T\u00eb dyja debatet kund\u00ebrshtohen nga Berisha, i cili flet p\u00ebr nj\u00eb president t\u00eb PD-s\u00eb dhe t\u00eb zgjedhur me 71 vota, duke injoruar Kushtetut\u00ebn, opozit\u00ebn dhe faktorin nd\u00ebrkomb\u00ebtar.<\/p>\n<p>N\u00eb k\u00ebto kushte shihet qart\u00eb se kryeministri Berisha po hyn n\u00eb spiralen e konfliktit me Per\u00ebndimin p\u00ebr t\u00eb ardhmen e institucioneve n\u00eb Shqip\u00ebri, vet\u00ebm gjasht\u00eb muaj larg \u00ebndrr\u00ebs p\u00ebr t\u2019i pasur gjith\u00eb pushtetet n\u00eb dor\u00ebn e tij. Pas marrjes s\u00eb presidentit, ai do t\u00eb zgjedh\u00eb kryeprokurorin e ri, nd\u00ebrkoh\u00eb q\u00eb gjykatat shqiptare mezi presin t\u00eb parakalojn\u00eb para tij n\u00eb revist\u00eb nderi me q\u00ebndrimin \u201cgati tu\u201d.<\/p>\n<p><strong>A \u00ebsht\u00eb n\u00eb koh\u00eb Per\u00ebndimi ta ndal\u00eb k\u00ebt\u00eb konflikt?<\/strong><\/p>\n<p>\u00cbsht\u00eb von\u00eb dhe me kosto t\u00eb lart\u00eb. Mekanizmi i vet\u00ebm politik q\u00eb ka n\u00eb dor\u00eb Per\u00ebndimi n\u00eb k\u00ebto momente \u00ebsht\u00eb t\u00eb kusht\u00ebzoj\u00eb marrjen e ftes\u00ebs s\u00eb Shqip\u00ebris\u00eb p\u00ebr n\u00eb BE me presidentin konsensual ose t\u00eb zgjedhur sipas Kushtetut\u00ebs, por jo sipas asaj \u201cKushtetut\u00ebs\u201d q\u00eb lexon Berisha. N\u00eb kushtet kur opozita ka plot\u00ebsuar detyrimet e veta ndaj BE, dhe ambasadori danez q\u00eb ka kreun e Presidenc\u00ebs Evropiane e tha qart\u00eb se bojkoti i opozit\u00ebs nuk e ka penguar integrimin, Per\u00ebndimi duhet t\u00eb fokusohet qartazi dhe pa ekuivok n\u00eb nj\u00eb fjali t\u00eb vetme: \u2018N\u00ebse Berisha merr Presidentin pa konsensus, ai shpallet fajtor p\u00ebr l\u00ebnien e Shqip\u00ebris\u00eb jasht\u00eb dyerve t\u00eb Bashkimit Evropian\u2019. <\/p>\n<p>Kjo nuk \u00ebsht\u00eb se e shqet\u00ebson Berish\u00ebn, por mund t\u00eb shqet\u00ebsoj\u00eb dhe t\u00eb zgjoj\u00eb nga gjumi pak m\u00eb shum\u00eb shqiptar\u00ebt n\u00eb vitin elektoral q\u00eb pason zgjedhjen e presidentit. Mekanizma t\u00eb tjer\u00eb politik\u00eb q\u00eb t\u00eb ndikojn\u00eb mbi Berish\u00ebn nuk ka m\u00eb. Ky \u00ebsht\u00eb i vetmi mekaniz\u00ebm q\u00eb ka n\u00eb dor\u00eb Per\u00ebndimi dhe q\u00eb lidh t\u00eb ardhmen per\u00ebndimore t\u00eb Shqip\u00ebris\u00eb me konfliktin e Berish\u00ebs me Per\u00ebndimin.<\/p>\n<p>N\u00eb nj\u00eb situat\u00eb shum\u00eb m\u00eb pak t\u00eb favorshme n\u00eb vitin 2001, edhe pse socialist\u00ebt i kishin votat p\u00ebr nj\u00eb shumic\u00eb presidenciale, Per\u00ebndimi kusht\u00ebzoi zgjedhjen e nj\u00eb presidenti konsensual, p\u00ebr t\u00eb ndalur kandidimin e Fatos Nanos p\u00ebr president. Kusht\u00ebzimi ishte informal, duke ua b\u00ebr\u00eb t\u00eb qart\u00eb n\u00eb tavolina se Per\u00ebndimi do stoponte mb\u00ebshtetjen ndaj Shqip\u00ebris\u00eb n\u00eb rast se nuk merrej parasysh k\u00ebrkesa. Edhe pse Shqip\u00ebria nuk ishte n\u00eb k\u00ebt\u00eb faz\u00eb delikate q\u00eb \u00ebsht\u00eb p\u00ebr hapin vendimtar drejt Bashkimit Evropian, at\u00ebher\u00eb socialist\u00ebt n\u00eb pushtet e pranuan k\u00ebshill\u00ebn e Per\u00ebndimit dhe u ul\u00ebn me Berish\u00ebn p\u00ebr t\u00eb zgjedhur nj\u00eb president konsensual, q\u00eb ishte Alfred Moisiu. <\/p>\n<p>Edhe pse socialist\u00ebt kishin vota p\u00ebr t\u00eb qeverisur, Per\u00ebndimi e konsideroi shumic\u00ebn presidenciale t\u00eb socialist\u00ebve si jolegjitime, dhe k\u00ebrkoi t\u00eb zgjerohej baza e mb\u00ebshtetjes. Berisha po p\u00ebrballet me nj\u00eb situat\u00eb shum\u00eb m\u00eb t\u00eb v\u00ebshtir\u00eb. Ai nuk e ka as numerikisht shumic\u00ebn presidenciale si parti. Aleati i tij politik dhe numerik, Ilir Meta, \u00ebsht\u00eb n\u00eb ndjekje penale dhe k\u00ebrkohet t\u00eb burgoset nga prokuroria p\u00ebr korrupsion.<\/p>\n<p>K\u00ebshtu, mekanizmin e vet\u00ebm politik q\u00eb ka Per\u00ebndimi, pra marrjen e ftes\u00ebs n\u00eb qershor, duhet ta lidh\u00eb me dy \u00e7\u00ebshtje q\u00eb prekin thelbin e nj\u00eb shteti ligjor me standarde per\u00ebndimore n\u00eb Shqip\u00ebri, q\u00ebndrimin e drejt\u00ebsis\u00eb ndaj Ilir Met\u00ebs dhe q\u00ebndrimin ndaj 21 Janarit.<\/p>\n<p>Nj\u00eb arrestim i tij do t\u00eb trondiste bazat e koalicionit, kurse nj\u00eb vendim i paturpsh\u00ebm i Gjykat\u00ebs s\u00eb Lart\u00eb p\u00ebr ta l\u00ebn\u00eb t\u00eb lir\u00eb, do t\u00eb trondiste baz\u00ebn e institucioneve t\u00eb drejt\u00ebsis\u00eb n\u00eb Shqip\u00ebri duke humbur shpres\u00ebn p\u00ebrfundimisht tek drejt\u00ebsia. N\u00eb t\u00eb dy rastet, nj\u00eb Presidenc\u00eb e Berish\u00ebs do t\u2019i p\u00ebrkeq\u00ebsonte k\u00ebto gj\u00ebra, si qeverisjen, ashtu dhe drejt\u00ebsin\u00eb, pasi do t\u00eb forconte k\u00ebt\u00eb frym\u00eb dhe Per\u00ebndimi do ta konsideronte t\u00eb papranueshme. <\/p>\n<p>N\u00ebse i referohemi pozitivisht rastit t\u00eb Kroacis\u00eb, arrestimi i ish- kryeministrit i dha shtys\u00eb procesit t\u00eb an\u00ebtar\u00ebsimit n\u00eb BE, jo formalisht, por si nj\u00eb proces bind\u00ebs ligjor n\u00eb favor t\u00eb shtetit t\u00eb s\u00eb drejt\u00ebs. P\u00ebr Ilir Met\u00ebn ka nj\u00eb perceptim popullor q\u00eb tejkalon nj\u00eb Juri Komb\u00ebtare, p\u00ebr faktin se \u00ebsht\u00eb faktor dhe nj\u00eb pretenc\u00eb prokurorie profesionale. L\u00ebnia e lir\u00eb e tij n\u00ebn presionin e milionave t\u00eb pushtetit, do t\u00eb ishte nj\u00eb d\u00ebnim i madh p\u00ebr Shqip\u00ebrin\u00eb.<\/p>\n<p>Nj\u00eb mekaniz\u00ebm tjet\u00ebr q\u00eb Per\u00ebndimi mund t\u00eb p\u00ebrdor\u00eb p\u00ebr t\u00eb kusht\u00ebzuar Berish\u00ebn \u00ebsht\u00eb hetimi i 21 Janarit. Shtetet e Bashkuara t\u00eb Amerik\u00ebs, t\u00eb cilat zyrtarisht kan\u00eb konfirmuar fshirjen e serverit t\u00eb kryeministris\u00eb m\u00eb 21 janar dhe kopjimin e atij serveri para fshirjes, s\u00eb bashku me aleat\u00ebt evropian\u00eb duhet t\u00eb dalin n\u00eb krah politikisht prokuroris\u00eb shqiptare p\u00ebr t\u00eb k\u00ebrkuar hetimin e Sali Berish\u00ebs dhe arrestimin e Sekretarit t\u00eb P\u00ebrgjithsh\u00ebm t\u00eb Kryeministris\u00eb q\u00eb ka b\u00ebr\u00eb k\u00ebt\u00eb akt t\u00eb vet\u00ebdijsh\u00ebm kriminal. <\/p>\n<p>K\u00ebsaj akuze i duhen bashkuar kund\u00ebrshtimet e kryeministrit p\u00ebr t\u00eb dor\u00ebzuar gardist\u00ebt e dyshuar p\u00ebr vrasje. Ky akt \u00ebsht\u00eb vendimtar, jo p\u00ebr t\u00eb b\u00ebr\u00eb pazar me Berish\u00ebn p\u00ebr Presidentin, por p\u00ebr t\u2019i dal\u00eb t\u00eb keqes p\u00ebrpara qershorit, kur presidenca dhe prokuroria do t\u00eb jen\u00eb mekanizma t\u00eb Berish\u00ebs dhe ky krim politik do varroset s\u00eb paku p\u00ebr 5 vjet, duke e inkriminuar dhe m\u00eb shum\u00eb Sali Berish\u00ebn. <\/p>\n<p>K\u00ebmb\u00ebngulja tek arrestimi i zyrtar\u00ebve t\u00eb lart\u00eb t\u00eb Kryeministris\u00eb dhe futja e Sali Berish\u00ebs n\u00ebn hetim p\u00ebr zhdukje t\u00eb q\u00ebllimshme t\u00eb provave t\u00eb nj\u00eb krimi politik, n\u00eb rrethanat aktuale nuk mund t\u00eb b\u00ebhet pa mb\u00ebshtetje t\u00eb qart\u00eb t\u00eb Per\u00ebndimit dhe pa nj\u00eb gjuh\u00eb t\u00eb qart\u00eb, nj\u00ebkuptim\u00ebshe, q\u00eb k\u00ebrkon akte konkrete urgjente drejt gjykimit t\u00eb vras\u00ebsve t\u00eb 21 Janarit. Nj\u00eb Sali Berish\u00eb me \u00e7\u00ebshtje penale t\u00eb hapur, \u00ebsht\u00eb garanci m\u00eb e madhe p\u00ebr zbardhjen e k\u00ebtij krimi politik se sa nj\u00eb Sali Berish\u00eb president. <\/p>\n<p>Zbardhja e krimit politik t\u00eb 21 Janarit, dhe dalja para gjykat\u00ebs e vras\u00ebsve fizik\u00eb dhe urdh\u00ebruesve t\u00eb tyre, e l\u00eb Berish\u00ebn jasht\u00eb presidenc\u00ebs. Per\u00ebndimi ka pak shanse, p\u00ebr t\u00eb mos th\u00ebn\u00eb asnj\u00eb shans t\u00eb detyroj\u00eb Berish\u00ebn t\u00eb jet\u00eb konstruktiv, n\u00ebse nuk p\u00ebrdor drejt\u00ebsin\u00eb p\u00ebr t\u00eb nxjerr\u00eb n\u00eb shesh fytyr\u00ebn e krimit politik dhe korrupsionit n\u00eb Shqip\u00ebri. Kjo duhet b\u00ebr\u00eb tani, k\u00ebt\u00eb jav\u00eb, k\u00ebt\u00eb muaj, k\u00ebto koh\u00eb kur Berisha ende nuk ka marr\u00eb n\u00eb dor\u00eb gjith\u00eb shtetin. N\u00ebse vonojn\u00eb, do tu shkoj\u00eb m\u00eb shtrenjt\u00eb. S\u00eb paku m\u00eb shtrenjt\u00eb se fatura e forcave nd\u00ebrkomb\u00ebtare n\u00eb vitin 1997.<\/p>\n","protected":false},"excerpt":{"rendered":"<p>Nga Mero Baze, 9 Janar 2012 Ka dy debate mbi rrug\u00ebn e zgjedhjes s\u00eb presidentit. I pari ka t\u00eb b\u00ebj\u00eb me nevoj\u00ebn e nj\u00eb presidenti t\u00eb zgjedhur me konsensus, dhe i dyti me pamund\u00ebsin\u00eb kushtetuese p\u00ebr tu \u00e7elur votimi pa opozit\u00ebn n\u00eb sall\u00eb. Debatin e par\u00eb, at\u00eb t\u00eb nevoj\u00ebs p\u00ebr nj\u00eb president konsensual, e ka [&hellip;]<\/p>\n","protected":false},"author":1,"featured_media":0,"comment_status":"open","ping_status":"closed","sticky":false,"template":"","format":"standard","meta":{"footnotes":""},"categories":[2],"tags":[],"class_list":{"0":"post-11585","1":"post","2":"type-post","3":"status-publish","4":"format-standard","6":"category-artikuj"},"yoast_head":"<!-- This site is optimized with the Yoast SEO plugin v27.4 - https:\/\/yoast.com\/product\/yoast-seo-wordpress\/ -->\n<title>A ka fuqi Per\u00ebndimi t\u00eb ndal\u00eb Berish\u00ebn? - FjALA e LIR\u00cb - Arkivi<\/title>\n<meta name=\"robots\" content=\"index, follow, max-snippet:-1, max-image-preview:large, max-video-preview:-1\" \/>\n<link rel=\"canonical\" href=\"https:\/\/fjala.info\/2009-2015\/a-ka-fuqi-perendimi-te-ndale-berishen\/\" \/>\n<meta property=\"og:locale\" content=\"sq_AL\" \/>\n<meta property=\"og:type\" content=\"article\" \/>\n<meta property=\"og:title\" content=\"A ka fuqi Per\u00ebndimi t\u00eb ndal\u00eb Berish\u00ebn? - FjALA e LIR\u00cb - Arkivi\" \/>\n<meta property=\"og:description\" content=\"Nga Mero Baze, 9 Janar 2012 Ka dy debate mbi rrug\u00ebn e zgjedhjes s\u00eb presidentit. I pari ka t\u00eb b\u00ebj\u00eb me nevoj\u00ebn e nj\u00eb presidenti t\u00eb zgjedhur me konsensus, dhe i dyti me pamund\u00ebsin\u00eb kushtetuese p\u00ebr tu \u00e7elur votimi pa opozit\u00ebn n\u00eb sall\u00eb. Debatin e par\u00eb, at\u00eb t\u00eb nevoj\u00ebs p\u00ebr nj\u00eb president konsensual, e ka [&hellip;]\" \/>\n<meta property=\"og:url\" content=\"https:\/\/fjala.info\/2009-2015\/a-ka-fuqi-perendimi-te-ndale-berishen\/\" \/>\n<meta property=\"og:site_name\" content=\"FjALA e LIR\u00cb - Arkivi\" \/>\n<meta property=\"article:published_time\" content=\"2012-01-09T08:02:03+00:00\" \/>\n<meta property=\"og:image\" content=\"http:\/\/www.shkoder.net\/images\/fjala\/mero_baze1.jpg\" \/>\n<meta name=\"author\" content=\"admin\" \/>\n<meta name=\"twitter:card\" content=\"summary_large_image\" \/>\n<meta name=\"twitter:label1\" content=\"Written by\" \/>\n\t<meta name=\"twitter:data1\" content=\"admin\" \/>\n\t<meta name=\"twitter:label2\" content=\"Est. reading time\" \/>\n\t<meta name=\"twitter:data2\" content=\"7 minutes\" \/>\n<script type=\"application\/ld+json\" class=\"yoast-schema-graph\">{\"@context\":\"https:\\\/\\\/schema.org\",\"@graph\":[{\"@type\":\"Article\",\"@id\":\"https:\\\/\\\/fjala.info\\\/2009-2015\\\/a-ka-fuqi-perendimi-te-ndale-berishen\\\/#article\",\"isPartOf\":{\"@id\":\"https:\\\/\\\/fjala.info\\\/2009-2015\\\/a-ka-fuqi-perendimi-te-ndale-berishen\\\/\"},\"author\":{\"name\":\"admin\",\"@id\":\"https:\\\/\\\/fjala.info\\\/2009-2015\\\/#\\\/schema\\\/person\\\/3aa1163ef05469c496fc94e77611ada2\"},\"headline\":\"A ka fuqi Per\u00ebndimi t\u00eb ndal\u00eb Berish\u00ebn?\",\"datePublished\":\"2012-01-09T08:02:03+00:00\",\"mainEntityOfPage\":{\"@id\":\"https:\\\/\\\/fjala.info\\\/2009-2015\\\/a-ka-fuqi-perendimi-te-ndale-berishen\\\/\"},\"wordCount\":1311,\"commentCount\":1,\"publisher\":{\"@id\":\"https:\\\/\\\/fjala.info\\\/2009-2015\\\/#organization\"},\"image\":{\"@id\":\"https:\\\/\\\/fjala.info\\\/2009-2015\\\/a-ka-fuqi-perendimi-te-ndale-berishen\\\/#primaryimage\"},\"thumbnailUrl\":\"http:\\\/\\\/www.shkoder.net\\\/images\\\/fjala\\\/mero_baze1.jpg\",\"articleSection\":[\"Artikuj\"],\"inLanguage\":\"sq-AL\",\"potentialAction\":[{\"@type\":\"CommentAction\",\"name\":\"Comment\",\"target\":[\"https:\\\/\\\/fjala.info\\\/2009-2015\\\/a-ka-fuqi-perendimi-te-ndale-berishen\\\/#respond\"]}]},{\"@type\":\"WebPage\",\"@id\":\"https:\\\/\\\/fjala.info\\\/2009-2015\\\/a-ka-fuqi-perendimi-te-ndale-berishen\\\/\",\"url\":\"https:\\\/\\\/fjala.info\\\/2009-2015\\\/a-ka-fuqi-perendimi-te-ndale-berishen\\\/\",\"name\":\"A ka fuqi Per\u00ebndimi t\u00eb ndal\u00eb Berish\u00ebn? - FjALA e LIR\u00cb - Arkivi\",\"isPartOf\":{\"@id\":\"https:\\\/\\\/fjala.info\\\/2009-2015\\\/#website\"},\"primaryImageOfPage\":{\"@id\":\"https:\\\/\\\/fjala.info\\\/2009-2015\\\/a-ka-fuqi-perendimi-te-ndale-berishen\\\/#primaryimage\"},\"image\":{\"@id\":\"https:\\\/\\\/fjala.info\\\/2009-2015\\\/a-ka-fuqi-perendimi-te-ndale-berishen\\\/#primaryimage\"},\"thumbnailUrl\":\"http:\\\/\\\/www.shkoder.net\\\/images\\\/fjala\\\/mero_baze1.jpg\",\"datePublished\":\"2012-01-09T08:02:03+00:00\",\"breadcrumb\":{\"@id\":\"https:\\\/\\\/fjala.info\\\/2009-2015\\\/a-ka-fuqi-perendimi-te-ndale-berishen\\\/#breadcrumb\"},\"inLanguage\":\"sq-AL\",\"potentialAction\":[{\"@type\":\"ReadAction\",\"target\":[\"https:\\\/\\\/fjala.info\\\/2009-2015\\\/a-ka-fuqi-perendimi-te-ndale-berishen\\\/\"]}]},{\"@type\":\"ImageObject\",\"inLanguage\":\"sq-AL\",\"@id\":\"https:\\\/\\\/fjala.info\\\/2009-2015\\\/a-ka-fuqi-perendimi-te-ndale-berishen\\\/#primaryimage\",\"url\":\"http:\\\/\\\/www.shkoder.net\\\/images\\\/fjala\\\/mero_baze1.jpg\",\"contentUrl\":\"http:\\\/\\\/www.shkoder.net\\\/images\\\/fjala\\\/mero_baze1.jpg\"},{\"@type\":\"BreadcrumbList\",\"@id\":\"https:\\\/\\\/fjala.info\\\/2009-2015\\\/a-ka-fuqi-perendimi-te-ndale-berishen\\\/#breadcrumb\",\"itemListElement\":[{\"@type\":\"ListItem\",\"position\":1,\"name\":\"Home\",\"item\":\"https:\\\/\\\/fjala.info\\\/2009-2015\\\/\"},{\"@type\":\"ListItem\",\"position\":2,\"name\":\"A ka fuqi Per\u00ebndimi t\u00eb ndal\u00eb Berish\u00ebn?\"}]},{\"@type\":\"WebSite\",\"@id\":\"https:\\\/\\\/fjala.info\\\/2009-2015\\\/#website\",\"url\":\"https:\\\/\\\/fjala.info\\\/2009-2015\\\/\",\"name\":\"FjALA e LIR\u00cb - Arkivi\",\"description\":\"Arkivi 2009-2015\",\"publisher\":{\"@id\":\"https:\\\/\\\/fjala.info\\\/2009-2015\\\/#organization\"},\"potentialAction\":[{\"@type\":\"SearchAction\",\"target\":{\"@type\":\"EntryPoint\",\"urlTemplate\":\"https:\\\/\\\/fjala.info\\\/2009-2015\\\/?s={search_term_string}\"},\"query-input\":{\"@type\":\"PropertyValueSpecification\",\"valueRequired\":true,\"valueName\":\"search_term_string\"}}],\"inLanguage\":\"sq-AL\"},{\"@type\":\"Organization\",\"@id\":\"https:\\\/\\\/fjala.info\\\/2009-2015\\\/#organization\",\"name\":\"FjALA e LIR\u00cb - Arkivi\",\"url\":\"https:\\\/\\\/fjala.info\\\/2009-2015\\\/\",\"logo\":{\"@type\":\"ImageObject\",\"inLanguage\":\"sq-AL\",\"@id\":\"https:\\\/\\\/fjala.info\\\/2009-2015\\\/#\\\/schema\\\/logo\\\/image\\\/\",\"url\":\"\",\"contentUrl\":\"\",\"caption\":\"FjALA e LIR\u00cb - Arkivi\"},\"image\":{\"@id\":\"https:\\\/\\\/fjala.info\\\/2009-2015\\\/#\\\/schema\\\/logo\\\/image\\\/\"}},{\"@type\":\"Person\",\"@id\":\"https:\\\/\\\/fjala.info\\\/2009-2015\\\/#\\\/schema\\\/person\\\/3aa1163ef05469c496fc94e77611ada2\",\"name\":\"admin\",\"image\":{\"@type\":\"ImageObject\",\"inLanguage\":\"sq-AL\",\"@id\":\"https:\\\/\\\/fjala.info\\\/2009-2015\\\/wp-content\\\/uploads\\\/2012\\\/02\\\/arben_cokaj-120x150.jpg\",\"url\":\"https:\\\/\\\/fjala.info\\\/2009-2015\\\/wp-content\\\/uploads\\\/2012\\\/02\\\/arben_cokaj-120x150.jpg\",\"contentUrl\":\"https:\\\/\\\/fjala.info\\\/2009-2015\\\/wp-content\\\/uploads\\\/2012\\\/02\\\/arben_cokaj-120x150.jpg\",\"caption\":\"admin\"},\"description\":\"Admin, Fjala e Lir\u00eb\",\"sameAs\":[\"https:\\\/\\\/fjala.info\\\/\"],\"url\":\"https:\\\/\\\/fjala.info\\\/2009-2015\\\/author\\\/admin\\\/\"}]}<\/script>\n<!-- \/ Yoast SEO plugin. -->","yoast_head_json":{"title":"A ka fuqi Per\u00ebndimi t\u00eb ndal\u00eb Berish\u00ebn? - FjALA e LIR\u00cb - Arkivi","robots":{"index":"index","follow":"follow","max-snippet":"max-snippet:-1","max-image-preview":"max-image-preview:large","max-video-preview":"max-video-preview:-1"},"canonical":"https:\/\/fjala.info\/2009-2015\/a-ka-fuqi-perendimi-te-ndale-berishen\/","og_locale":"sq_AL","og_type":"article","og_title":"A ka fuqi Per\u00ebndimi t\u00eb ndal\u00eb Berish\u00ebn? - FjALA e LIR\u00cb - Arkivi","og_description":"Nga Mero Baze, 9 Janar 2012 Ka dy debate mbi rrug\u00ebn e zgjedhjes s\u00eb presidentit. I pari ka t\u00eb b\u00ebj\u00eb me nevoj\u00ebn e nj\u00eb presidenti t\u00eb zgjedhur me konsensus, dhe i dyti me pamund\u00ebsin\u00eb kushtetuese p\u00ebr tu \u00e7elur votimi pa opozit\u00ebn n\u00eb sall\u00eb. Debatin e par\u00eb, at\u00eb t\u00eb nevoj\u00ebs p\u00ebr nj\u00eb president konsensual, e ka [&hellip;]","og_url":"https:\/\/fjala.info\/2009-2015\/a-ka-fuqi-perendimi-te-ndale-berishen\/","og_site_name":"FjALA e LIR\u00cb - Arkivi","article_published_time":"2012-01-09T08:02:03+00:00","og_image":[{"url":"http:\/\/www.shkoder.net\/images\/fjala\/mero_baze1.jpg","type":"","width":"","height":""}],"author":"admin","twitter_card":"summary_large_image","twitter_misc":{"Written by":"admin","Est. reading time":"7 minutes"},"schema":{"@context":"https:\/\/schema.org","@graph":[{"@type":"Article","@id":"https:\/\/fjala.info\/2009-2015\/a-ka-fuqi-perendimi-te-ndale-berishen\/#article","isPartOf":{"@id":"https:\/\/fjala.info\/2009-2015\/a-ka-fuqi-perendimi-te-ndale-berishen\/"},"author":{"name":"admin","@id":"https:\/\/fjala.info\/2009-2015\/#\/schema\/person\/3aa1163ef05469c496fc94e77611ada2"},"headline":"A ka fuqi Per\u00ebndimi t\u00eb ndal\u00eb Berish\u00ebn?","datePublished":"2012-01-09T08:02:03+00:00","mainEntityOfPage":{"@id":"https:\/\/fjala.info\/2009-2015\/a-ka-fuqi-perendimi-te-ndale-berishen\/"},"wordCount":1311,"commentCount":1,"publisher":{"@id":"https:\/\/fjala.info\/2009-2015\/#organization"},"image":{"@id":"https:\/\/fjala.info\/2009-2015\/a-ka-fuqi-perendimi-te-ndale-berishen\/#primaryimage"},"thumbnailUrl":"http:\/\/www.shkoder.net\/images\/fjala\/mero_baze1.jpg","articleSection":["Artikuj"],"inLanguage":"sq-AL","potentialAction":[{"@type":"CommentAction","name":"Comment","target":["https:\/\/fjala.info\/2009-2015\/a-ka-fuqi-perendimi-te-ndale-berishen\/#respond"]}]},{"@type":"WebPage","@id":"https:\/\/fjala.info\/2009-2015\/a-ka-fuqi-perendimi-te-ndale-berishen\/","url":"https:\/\/fjala.info\/2009-2015\/a-ka-fuqi-perendimi-te-ndale-berishen\/","name":"A ka fuqi Per\u00ebndimi t\u00eb ndal\u00eb Berish\u00ebn? - FjALA e LIR\u00cb - Arkivi","isPartOf":{"@id":"https:\/\/fjala.info\/2009-2015\/#website"},"primaryImageOfPage":{"@id":"https:\/\/fjala.info\/2009-2015\/a-ka-fuqi-perendimi-te-ndale-berishen\/#primaryimage"},"image":{"@id":"https:\/\/fjala.info\/2009-2015\/a-ka-fuqi-perendimi-te-ndale-berishen\/#primaryimage"},"thumbnailUrl":"http:\/\/www.shkoder.net\/images\/fjala\/mero_baze1.jpg","datePublished":"2012-01-09T08:02:03+00:00","breadcrumb":{"@id":"https:\/\/fjala.info\/2009-2015\/a-ka-fuqi-perendimi-te-ndale-berishen\/#breadcrumb"},"inLanguage":"sq-AL","potentialAction":[{"@type":"ReadAction","target":["https:\/\/fjala.info\/2009-2015\/a-ka-fuqi-perendimi-te-ndale-berishen\/"]}]},{"@type":"ImageObject","inLanguage":"sq-AL","@id":"https:\/\/fjala.info\/2009-2015\/a-ka-fuqi-perendimi-te-ndale-berishen\/#primaryimage","url":"http:\/\/www.shkoder.net\/images\/fjala\/mero_baze1.jpg","contentUrl":"http:\/\/www.shkoder.net\/images\/fjala\/mero_baze1.jpg"},{"@type":"BreadcrumbList","@id":"https:\/\/fjala.info\/2009-2015\/a-ka-fuqi-perendimi-te-ndale-berishen\/#breadcrumb","itemListElement":[{"@type":"ListItem","position":1,"name":"Home","item":"https:\/\/fjala.info\/2009-2015\/"},{"@type":"ListItem","position":2,"name":"A ka fuqi Per\u00ebndimi t\u00eb ndal\u00eb Berish\u00ebn?"}]},{"@type":"WebSite","@id":"https:\/\/fjala.info\/2009-2015\/#website","url":"https:\/\/fjala.info\/2009-2015\/","name":"FjALA e LIR\u00cb - Arkivi","description":"Arkivi 2009-2015","publisher":{"@id":"https:\/\/fjala.info\/2009-2015\/#organization"},"potentialAction":[{"@type":"SearchAction","target":{"@type":"EntryPoint","urlTemplate":"https:\/\/fjala.info\/2009-2015\/?s={search_term_string}"},"query-input":{"@type":"PropertyValueSpecification","valueRequired":true,"valueName":"search_term_string"}}],"inLanguage":"sq-AL"},{"@type":"Organization","@id":"https:\/\/fjala.info\/2009-2015\/#organization","name":"FjALA e LIR\u00cb - Arkivi","url":"https:\/\/fjala.info\/2009-2015\/","logo":{"@type":"ImageObject","inLanguage":"sq-AL","@id":"https:\/\/fjala.info\/2009-2015\/#\/schema\/logo\/image\/","url":"","contentUrl":"","caption":"FjALA e LIR\u00cb - Arkivi"},"image":{"@id":"https:\/\/fjala.info\/2009-2015\/#\/schema\/logo\/image\/"}},{"@type":"Person","@id":"https:\/\/fjala.info\/2009-2015\/#\/schema\/person\/3aa1163ef05469c496fc94e77611ada2","name":"admin","image":{"@type":"ImageObject","inLanguage":"sq-AL","@id":"https:\/\/fjala.info\/2009-2015\/wp-content\/uploads\/2012\/02\/arben_cokaj-120x150.jpg","url":"https:\/\/fjala.info\/2009-2015\/wp-content\/uploads\/2012\/02\/arben_cokaj-120x150.jpg","contentUrl":"https:\/\/fjala.info\/2009-2015\/wp-content\/uploads\/2012\/02\/arben_cokaj-120x150.jpg","caption":"admin"},"description":"Admin, Fjala e Lir\u00eb","sameAs":["https:\/\/fjala.info\/"],"url":"https:\/\/fjala.info\/2009-2015\/author\/admin\/"}]}},"_links":{"self":[{"href":"https:\/\/fjala.info\/2009-2015\/wp-json\/wp\/v2\/posts\/11585","targetHints":{"allow":["GET"]}}],"collection":[{"href":"https:\/\/fjala.info\/2009-2015\/wp-json\/wp\/v2\/posts"}],"about":[{"href":"https:\/\/fjala.info\/2009-2015\/wp-json\/wp\/v2\/types\/post"}],"author":[{"embeddable":true,"href":"https:\/\/fjala.info\/2009-2015\/wp-json\/wp\/v2\/users\/1"}],"replies":[{"embeddable":true,"href":"https:\/\/fjala.info\/2009-2015\/wp-json\/wp\/v2\/comments?post=11585"}],"version-history":[{"count":0,"href":"https:\/\/fjala.info\/2009-2015\/wp-json\/wp\/v2\/posts\/11585\/revisions"}],"wp:attachment":[{"href":"https:\/\/fjala.info\/2009-2015\/wp-json\/wp\/v2\/media?parent=11585"}],"wp:term":[{"taxonomy":"category","embeddable":true,"href":"https:\/\/fjala.info\/2009-2015\/wp-json\/wp\/v2\/categories?post=11585"},{"taxonomy":"post_tag","embeddable":true,"href":"https:\/\/fjala.info\/2009-2015\/wp-json\/wp\/v2\/tags?post=11585"}],"curies":[{"name":"wp","href":"https:\/\/api.w.org\/{rel}","templated":true}]}}